{"id":10034,"date":"2021-10-27T20:13:00","date_gmt":"2021-10-27T18:13:00","guid":{"rendered":"https:\/\/www.istitutogalanteoliva.it\/magazine\/?p=10034"},"modified":"2021-11-23T17:40:15","modified_gmt":"2021-11-23T16:40:15","slug":"il-ponentino-periodico-del-ponente-genovese-n1","status":"publish","type":"post","link":"https:\/\/www.istitutogalanteoliva.it\/magazine\/2021\/10\/27\/il-ponentino-periodico-del-ponente-genovese-n1\/","title":{"rendered":"il PONENTINO &#8211; N\u00b01"},"content":{"rendered":"\n<div class=\"wp-block-file\"><a href=\"https:\/\/www.istitutogalanteoliva.it\/magazine\/wp-content\/uploads\/2021\/10\/Il-Ponentino-Numero-1-28-10-2021.pdf\">Apri PDF- IL Ponentino-Numero-1-28-10-2021<\/a><a href=\"https:\/\/www.istitutogalanteoliva.it\/magazine\/wp-content\/uploads\/2021\/10\/Il-Ponentino-Numero-1-28-10-2021.pdf\" class=\"wp-block-file__button\" download>Salva PDF<\/a><\/div>\n\n\n\n<h4 class=\"wp-block-heading\"><strong><span class=\"has-inline-color has-vivid-cyan-blue-color\">In questo numero:<\/span><\/strong><\/h4>\n\n\n\n<h3 class=\"wp-block-heading\"><a rel=\"noreferrer noopener\" href=\"https:\/\/www.istitutogalanteoliva.it\/magazine\/2021\/10\/27\/il-ponentino-periodico-del-ponente-genovese-n1\/2\/\" target=\"_blank\"><span class=\"has-inline-color has-vivid-cyan-blue-color\">Pag.2-Un inserto dedicato al Ponente Genovese: il perch\u00e9 di una scelta editoriale<\/span><\/a><br><\/h3>\n\n\n\n<p>Di: <strong><em>Mimmo Oliva<\/em><\/strong>.<sub> Direttore editoriale<\/sub> <br>     <strong><em>Antonello Rivano<\/em><\/strong>. <sub>Caporedazione\/coordinatore nazionale<\/sub><br><br><br><\/p>\n\n\n\n<h3 class=\"wp-block-heading\"><a rel=\"noreferrer noopener\" href=\"https:\/\/www.istitutogalanteoliva.it\/magazine\/2021\/10\/27\/il-ponentino-periodico-del-ponente-genovese-n1\/3\/\" target=\"_blank\"><span class=\"has-inline-color has-vivid-cyan-blue-color\">Pag.3-<strong>Tra&nbsp;arte&nbsp;e&nbsp;vino&nbsp;all\u2019 enoteca&nbsp;Ricci&nbsp;di&nbsp;Pegli<\/strong><\/span><\/a><\/h3>\n\n\n\n<p><strong>di <em>Massimo Bramante<\/em><\/strong><br>Nell&#8217;antica enoteca, il 22 e il 29 ottobre, in esposizione le opere di Ugo Nespolo; tra una bottiglia di Barolo, un Montepulciano d\u2019Abruzzo e  un bicchiere di Blanc de blancs di Villa Sandi.<\/p>\n\n\n\n<h3 class=\"wp-block-heading\"><a rel=\"noreferrer noopener\" href=\"https:\/\/www.istitutogalanteoliva.it\/magazine\/2021\/10\/27\/il-ponentino-periodico-del-ponente-genovese-n1\/4\/\" target=\"_blank\"><span class=\"has-inline-color has-vivid-cyan-blue-color\">Pag.4-Pegli, intitolati al partigiano Luigi Perotti i giardini adiacenti alla scuola Mario Emanuelli<\/span><\/a><\/h3>\n\n\n\n<p>La cerimonia di intitolazione si \u00e8 tenuta marted\u00ec 26 ottobre <br><\/p>\n\n\n\n<h3 class=\"wp-block-heading\"><a rel=\"noreferrer noopener\" href=\"https:\/\/www.istitutogalanteoliva.it\/magazine\/2021\/10\/27\/il-ponentino-periodico-del-ponente-genovese-n1\/5\/\" target=\"_blank\"><span class=\"has-inline-color has-vivid-cyan-blue-color\">Pag.5-Voltri, presentazione del libro \u201c<em>Diario Dal Lager<\/em>\u201d di Natale Giampaolo<\/span><\/a><\/h3>\n\n\n\n<p>Il giorno 3 novembre alle ore 17.00 presso il Teatro del Ponente a Voltri, con il patrocinio del Municipio VII Ponente sar\u00e0 presentato il libro di&nbsp;<strong>Natale Giampaolo<\/strong>&nbsp;\u201c<em><strong>Diario dal Lager-un operaio genovese a Mauthasen e Desdra 1944-1945<\/strong><\/em>\u201d (Pent\u00e0gora edizioni)<\/p>\n\n\n\n<h3 class=\"wp-block-heading\"><a rel=\"noreferrer noopener\" href=\"https:\/\/www.istitutogalanteoliva.it\/magazine\/2021\/10\/27\/il-ponentino-periodico-del-ponente-genovese-n1\/6\/\" target=\"_blank\"><span class=\"has-inline-color has-vivid-cyan-blue-color\">Pag.6-Video:Carloforte. Consegna ufficiale del Cristo Processionale interamente realizzato in Liguria<\/span><\/a><\/h3>\n\n\n\n<p>Sabato 9 Settembre, a Carloforte, da parte di una delegazione del Ponente Genovese, \u00e8 stato ufficialmente consegnato il Cristo Processionale interamente realizzato in Liguria con il determinante contributo dell\u2019<strong>Arciconfraternita dei SS.Nazario e Celso di Multedo.<\/strong> Il Video del momento della consegna<\/p>\n\n\n\n<h3 class=\"wp-block-heading\"><a rel=\"noreferrer noopener\" href=\"https:\/\/www.istitutogalanteoliva.it\/magazine\/2021\/10\/27\/il-ponentino-periodico-del-ponente-genovese-n1\/7\/\/\" target=\"_blank\"><span class=\"has-inline-color has-vivid-cyan-blue-color\">Pag.7-Librando- rubrica di libri e autori: &#8220;<em>La forma della felicit\u00e0<\/em>&#8220;<br>romanzo di Antonello Rivano <\/span><\/a><\/h3>\n\n\n\n<p><strong>Recensione di <em>Anna Maria Noia<\/em><\/strong><br>Dal 1790 ai giorni nostri. La storia, parallela, di due famiglie divise dal destino. Un naufragio e un delitto daranno vita a un cerchio che solo molti anni dopo si potr\u00e0 chiudere. Una linea sottile traccia il confine tra sogno e realt\u00e0, un filo invisibile che lega due terre: Carloforte e Pegli<\/p>\n\n\n\n<h3 class=\"wp-block-heading\"><a rel=\"noreferrer noopener\" href=\"https:\/\/www.istitutogalanteoliva.it\/magazine\/2021\/10\/27\/il-ponentino-periodico-del-ponente-genovese-n1\/8\/\" target=\"_blank\"><span class=\"has-inline-color has-vivid-cyan-blue-color\">Pag.8-L&#8217;angolo della poesia<br><em>Pegi<\/em> (Silvio Opisso)<\/span><\/a><\/h3>\n\n\n\n<p>Rubrica di Poesie e poeti<\/p>\n\n\n\n<h3 class=\"wp-block-heading\"><a rel=\"noreferrer noopener\" href=\"https:\/\/www.istitutogalanteoliva.it\/magazine\/2021\/10\/27\/il-ponentino-periodico-del-ponente-genovese-n1\/9\/\" target=\"_blank\"><span class=\"has-inline-color has-vivid-cyan-blue-color\">Pag.<\/span><\/a><a rel=\"noreferrer noopener\" href=\"https:\/\/www.istitutogalanteoliva.it\/magazine\/2021\/10\/27\/il-ponentino-periodico-del-ponente-genovese-n1\/9\/\" target=\"_blank\"><span class=\"has-inline-color has-vivid-cyan-blue-color\">9<\/span><\/a><a rel=\"noreferrer noopener\" href=\"https:\/\/www.istitutogalanteoliva.it\/magazine\/2021\/10\/27\/il-ponentino-periodico-del-ponente-genovese-n1\/9\/\" target=\"_blank\"><span class=\"has-inline-color has-vivid-cyan-blue-color\">-Il Ponente in foto.<br> <em>Album fotografico del Ponente Genovese<\/em> (1)<\/span><\/a><\/h3>\n\n\n\n<p>Foto del Ponente inviate dai lettori <br><\/p>\n\n\n\n<p><a href=\"Iscriviti alla Pagina FB https:\/\/www.facebook.com\/Ilponentino\">Iscriviti alla Pagina FB https:\/\/www.facebook.com\/Ilponentino<\/a><\/p>\n\n\n\n<p><br><\/p>\n\n\n\n<!--nextpage-->\n\n\n\n<h5 class=\"has-text-align-center wp-block-heading\"><a rel=\"noreferrer noopener\" href=\"https:\/\/www.istitutogalanteoliva.it\/magazine\/2021\/10\/27\/il-ponentino-periodico-del-ponente-genovese-n1\/\" target=\"_blank\"><span class=\"has-inline-color has-vivid-red-color\">Torna al sommario<\/span><\/a><\/h5>\n\n\n\n<div class=\"wp-block-file\"><a href=\"https:\/\/www.istitutogalanteoliva.it\/magazine\/wp-content\/uploads\/2021\/10\/Il-Ponentino-Numero-1-28-10-2021.pdf\"> Apri PDF- IL Ponentino-Numero-1-28-10-2021<\/a><a href=\"https:\/\/www.istitutogalanteoliva.it\/magazine\/wp-content\/uploads\/2021\/10\/Il-Ponentino-Numero-1-28-10-2021.pdf\" class=\"wp-block-file__button\" download>Salva PDF<\/a><\/div>\n\n\n\n<h2 class=\"wp-block-heading\"><span class=\"has-inline-color has-vivid-cyan-blue-color\">Un inserto dedicato al Ponente Genovese: il perch\u00e9 di una scelta editoriale<\/span><\/h2>\n\n\n\n<figure class=\"wp-block-image size-large is-resized\"><img loading=\"lazy\" decoding=\"async\" src=\"https:\/\/www.istitutogalanteoliva.it\/magazine\/wp-content\/uploads\/2021\/10\/tris.jpg\" alt=\"\" class=\"wp-image-10136\" width=\"480\" height=\"285\" srcset=\"https:\/\/www.istitutogalanteoliva.it\/magazine\/wp-content\/uploads\/2021\/10\/tris.jpg 640w, https:\/\/www.istitutogalanteoliva.it\/magazine\/wp-content\/uploads\/2021\/10\/tris-300x178.jpg 300w\" sizes=\"auto, (max-width: 480px) 100vw, 480px\" \/><\/figure>\n\n\n\n<p class=\"has-drop-cap\"> <br><strong>di <em>Mimmo Oliva <\/em>e <em>Antonello Rivano<\/em><\/strong><br>Per rispondere al perch\u00e9 un magazine online nazionale, di notizie e approfondimenti, come il nostro abbia scelto di pubblicare, al suo interno, un inserto periodico di informazione locale basterebbe ricordare le finalit\u00e0 stesse di Polis SA Magazine. Una informazione libera, puntata a valorizzare la cultura e l\u2019associazionismo, con un occhio puntato sul sociale e l\u2019attualit\u00e0, senza mai mettere in secondo piano le \u201cpersone\u201d. Tutto questo con i piedi fermi sui territori nei quali siamo presenti, con redazioni locali o semplicemente con dei collaboratori. <\/p>\n\n\n\n<p>E\u2019 con queste prerogative che quando Redazione Liguria  ha proposto la realizzazione di un inserto periodico locale dedicato al Ponente Genovese non poteva che trovarci d\u2019accordo e disponibili. La scelta di ricordare, nel nome e negli intenti, una storica testata per lunghi anni presente sul territorio, \u00e8 stata spontanea e doverosa. <\/p>\n\n\n\n<p>Questa \u00e8 per noi una nuova sfida sulla scia di quelle scelte editoriali che ci contraddistinguono, nel nome di una divulgazione culturale e di una informazione libere da vincoli, se non quelli dettati dall&#8217;etica professionale e dal rispetto per il lettore. Come direzione editoriale e redazionale auguriamo &#8220;Buona e lunga Vita&#8221; al nuovo nato e ci impegnammo per il suo proseguo e sviluppo.<br><img loading=\"lazy\" decoding=\"async\" width=\"100\" height=\"95\" class=\"wp-image-10137\" style=\"width: 100px;\" src=\"https:\/\/www.istitutogalanteoliva.it\/magazine\/wp-content\/uploads\/2021\/10\/Senza-titolo-1-8.jpg\" alt=\"\"><strong> <em>Mimmo Oliva<\/em><\/strong>-Direttore Editoriale<\/p>\n\n\n\n<p class=\"has-drop-cap\"><strong> <\/strong><br><img loading=\"lazy\" decoding=\"async\" width=\"100\" height=\"100\" class=\"wp-image-10138\" style=\"width: 100px;\" src=\"https:\/\/www.istitutogalanteoliva.it\/magazine\/wp-content\/uploads\/2021\/10\/Antonello-Rivano-.jpg\" alt=\"\" srcset=\"https:\/\/www.istitutogalanteoliva.it\/magazine\/wp-content\/uploads\/2021\/10\/Antonello-Rivano-.jpg 289w, https:\/\/www.istitutogalanteoliva.it\/magazine\/wp-content\/uploads\/2021\/10\/Antonello-Rivano--150x150.jpg 150w\" sizes=\"auto, (max-width: 100px) 100vw, 100px\" \/><strong>  <em>Antonello Rivano<\/em><\/strong>-Direttore di Redazione<\/p>\n\n\n\n<p><a href=\"Iscriviti alla Pagina FB https:\/\/www.facebook.com\/Ilponentino\">Iscriviti alla Pagina FB https:\/\/www.facebook.com\/Ilponentino<\/a><\/p>\n\n\n\n<p><a rel=\"noreferrer noopener\" href=\"https:\/\/www.istitutogalanteoliva.it\/magazine\/2021\/10\/27\/il-ponentino-periodico-del-ponente-genovese-n1\/\" target=\"_blank\">Torna al sommario<\/a><\/p>\n\n\n\n<p><\/p>\n\n\n\n<p><sup>\u00a9Polis SA Magazine- Redazione Liguria<\/sup><\/p>\n\n\n\n<!--nextpage-->\n\n\n\n<p class=\"has-text-align-center\"><a rel=\"noreferrer noopener\" href=\"https:\/\/www.istitutogalanteoliva.it\/magazine\/2021\/10\/27\/il-ponentino-periodico-del-ponente-genovese-n1\/\" target=\"_blank\"><span class=\"has-inline-color has-vivid-red-color\">Torna al sommario<\/span><\/a>  <\/p>\n\n\n\n<div class=\"wp-block-file\"><a href=\"https:\/\/www.istitutogalanteoliva.it\/magazine\/wp-content\/uploads\/2021\/10\/Il-Ponentino-Numero-1-28-10-2021.pdf\">Apri PDF- IL Ponentino-Numero-1-28-10-2021<\/a><a href=\"https:\/\/www.istitutogalanteoliva.it\/magazine\/wp-content\/uploads\/2021\/10\/Il-Ponentino-Numero-1-28-10-2021.pdf\" class=\"wp-block-file__button\" download>Salva PDF<\/a><\/div>\n\n\n\n<h2 class=\"wp-block-heading\"><strong><strong><span class=\"has-inline-color has-vivid-cyan-blue-color\">Tra&nbsp;arte&nbsp;e&nbsp;vino all\u2019 enoteca&nbsp; Ricci&nbsp; di&nbsp; Pegli<\/span><\/strong><\/strong><\/h2>\n\n\n\n<figure class=\"wp-block-image size-large is-resized\"><img loading=\"lazy\" decoding=\"async\" src=\"https:\/\/www.istitutogalanteoliva.it\/magazine\/wp-content\/uploads\/2021\/10\/WhatsApp-Image-2021-10-26-at-17.53.31-1-1-1024x768.jpeg\" alt=\"\" class=\"wp-image-10069\" width=\"512\" height=\"384\" srcset=\"https:\/\/www.istitutogalanteoliva.it\/magazine\/wp-content\/uploads\/2021\/10\/WhatsApp-Image-2021-10-26-at-17.53.31-1-1-1024x768.jpeg 1024w, https:\/\/www.istitutogalanteoliva.it\/magazine\/wp-content\/uploads\/2021\/10\/WhatsApp-Image-2021-10-26-at-17.53.31-1-1-300x225.jpeg 300w, https:\/\/www.istitutogalanteoliva.it\/magazine\/wp-content\/uploads\/2021\/10\/WhatsApp-Image-2021-10-26-at-17.53.31-1-1-768x576.jpeg 768w, https:\/\/www.istitutogalanteoliva.it\/magazine\/wp-content\/uploads\/2021\/10\/WhatsApp-Image-2021-10-26-at-17.53.31-1-1-1536x1153.jpeg 1536w, https:\/\/www.istitutogalanteoliva.it\/magazine\/wp-content\/uploads\/2021\/10\/WhatsApp-Image-2021-10-26-at-17.53.31-1-1.jpeg 1599w\" sizes=\"auto, (max-width: 512px) 100vw, 512px\" \/><\/figure>\n\n\n\n<p><strong>di <em>Massimo Bramante <\/em><\/strong><\/p>\n\n\n\n<p class=\"has-drop-cap\">Le infinite potenzialit\u00e0 di un buon bicchiere ( e non pi\u00f9 ! ) di vino.&nbsp; \u201c<em>Che c\u2019\u00e8 di pi\u00f9 onestamente lecito e di pi\u00f9 salutare di quel piccolo sfogo, moderato, di giovialit\u00e0 e di spensieratezza, in mezzo agli amici, dopo molti giorni di lavoro e di cure ?&nbsp; La nostra percezione \u00e8 cos\u00ec lucida, la parola cos\u00ec facile, la voce cos\u00ec ricca&#8230;la vita cos\u00ec piena a un tempo e cos\u00ec leggera ! \u201c. <\/em>Queste le pregnanti parole di <strong>Edmondo De Amicis<\/strong>, pronunciate nel corso di una dotta conferenza tenuta a Torino la sera del 15 aprile 1880 ( e che verr\u00e0 in seguito pubblicata con l\u2019aureo titolo \u201c<strong><em>Gli effetti psicologici del vino\u201d<\/em><\/strong>).<\/p>\n\n\n\n<p>&nbsp;&nbsp;&nbsp;Stesse avvolgenti sensazioni, stessa cordiale <em>giovialit\u00e0 <\/em>e <em>spensieratezza <\/em>si avvertivano entrando, la sera del <strong>22 e 29 ottobre<\/strong>,&nbsp; <strong>nell\u2019enoteca antica di Mino Ricci<\/strong>,&nbsp; vinaio in Genova Pegli.<\/p>\n\n\n\n<p>&nbsp;&nbsp;&nbsp;&nbsp;&nbsp;&nbsp;&nbsp;&nbsp;&nbsp;&nbsp;&nbsp; Mino Ricci \u00e8 un ottantaseienne ironico e saggio, cultore tanto dell\u2019arte quanto del vino, che ama raccogliere periodicamente attorno a s\u00e9 e alla sua storica bottega sia vecchi amici che illustri sconosciuti per offrire con un sorriso festoso freschi novellini, amaroni della valpolicella, bianchi sauvignon e cos\u00ec via.&nbsp; Il tutto sapientemente circondato, di volta in volta,&nbsp; da opere di grandi artisti moderni ( ieri Marco Lodola ed Enrico Baj)&nbsp; oggi Ugo Nespolo.<\/p>\n\n\n\n<p>&nbsp;&nbsp;&nbsp;&nbsp;&nbsp;&nbsp;&nbsp;&nbsp;&nbsp;&nbsp;&nbsp; Nel corso della festosa serata \u2013 anche in tempi oscuri quali quelli che oggi viviamo \u2013 i commenti su opere e quadri esposti si accompagnano alla degustazione meditata di un buon bicchiere.&nbsp; Si respira \u2013 se cos\u00ec possiamo dire \u2013 la stessa aria che emana dall\u2019 arcinoto <strong><em>Ballo al&nbsp; Moulin de la Galette<\/em><\/strong>di Pierre <strong>Auguste Renoir<\/strong> o dal meno conosciuto ma altrettanto meraviglioso<em> <strong>Le d\u00e9geuner des canotiers<\/strong> :<\/em>&nbsp; bicchieri sparsi sui tavolini, volti sorridenti, leggerezza, spontaneit\u00e0, cultura. Grande interesse, nell\u2019enoteca del Ricci, per le illuminanti parole del critico d\u2019arte <strong>Luciano Caprile <\/strong>\u2013 del Ricci amico da lungo tempo \u2013 che ragguaglia, con raffinata precisione, sulle opere del Nespolo in esposizione; tra una bottiglia di Barolo, un Montepulciano d\u2019Abruzzo, un bicchiere di Blanc de blancs di Villa Sandi.<\/p>\n\n\n\n<figure class=\"wp-block-image size-large is-resized\"><img loading=\"lazy\" decoding=\"async\" src=\"https:\/\/www.istitutogalanteoliva.it\/magazine\/wp-content\/uploads\/2021\/10\/WhatsApp-Image-2021-10-26-at-17.53.31-2-1024x768.jpeg\" alt=\"\" class=\"wp-image-10070\" width=\"512\" height=\"384\" srcset=\"https:\/\/www.istitutogalanteoliva.it\/magazine\/wp-content\/uploads\/2021\/10\/WhatsApp-Image-2021-10-26-at-17.53.31-2-1024x768.jpeg 1024w, https:\/\/www.istitutogalanteoliva.it\/magazine\/wp-content\/uploads\/2021\/10\/WhatsApp-Image-2021-10-26-at-17.53.31-2-300x225.jpeg 300w, https:\/\/www.istitutogalanteoliva.it\/magazine\/wp-content\/uploads\/2021\/10\/WhatsApp-Image-2021-10-26-at-17.53.31-2-768x576.jpeg 768w, https:\/\/www.istitutogalanteoliva.it\/magazine\/wp-content\/uploads\/2021\/10\/WhatsApp-Image-2021-10-26-at-17.53.31-2-1536x1153.jpeg 1536w, https:\/\/www.istitutogalanteoliva.it\/magazine\/wp-content\/uploads\/2021\/10\/WhatsApp-Image-2021-10-26-at-17.53.31-2.jpeg 1599w\" sizes=\"auto, (max-width: 512px) 100vw, 512px\" \/><\/figure>\n\n\n\n<p>&nbsp;&nbsp;&nbsp;&nbsp;&nbsp;&nbsp;&nbsp;&nbsp;&nbsp;&nbsp;&nbsp; A Luciano Caprile abbiamo chiesto lumi su questa originale ed affollata iniziativa in quel di Pegli e &#8211; in special modo \u2013 chiarimenti sulla figura di un grande Maestro dell\u2019arte moderna quale <strong>Ugo Nespolo <\/strong>(gi\u00e0 coautore di un ricco catalogo a corredo di una mostra dedicata al Maestro piemontese, a Villa Croce, nel 1986)&nbsp; : <em>poliedrico intellettuale (pittore, scrittore, autore di cartoni animati,&nbsp; arguto regista) che voleva appunto \u2013 fin dagli anni Settanta (in sodalizio con Enrico Baj e i seguaci della sua \u201cPatafisica\u201d)&nbsp; \u201c portare \u2013 sono sue&nbsp; stesse parole \u2013 l\u2019arte nella vita \u201c.&nbsp; E portare l\u2019arte nella vita \u2013 per Nespolo significava anche aprirsi al nuovo, mai ripiegarsi su se stessi, erigere<\/em> <em>steccati, barriere fisiche e culturali, bens\u00ec immergersi coraggiosamente tanto nella semplicit\u00e0 del quotidiano quanto nei complessi meandri delle scienze (nel 2018 una sua personale dal titolo <strong>Numbers<\/strong> sar\u00e0 accompagnata da un catalogo che vedr\u00e0 il contributo del noto matematico Piergiorgio Odifreddi).<\/em><\/p>\n\n\n\n<p><br>Riguardo all\u2019articolata opera del maestro, Caprile ha poi &nbsp;proseguito:<\/p>\n\n\n\n<p>&nbsp;&nbsp;&nbsp;&nbsp;&nbsp;&nbsp;&nbsp;&nbsp;&nbsp;&nbsp;&nbsp;<br>\u201c<em>Ugo Nespolo \u00e8 un artista da sempre ribelle alle consuetudini e alle convenienze e il titolo di quella ormai lontana antologica, ospitata a Villa Croce e intitolata \u2018La bella insofferenza\u2019, ne \u00e8 un significativo esempio. Infatti le sue prime prove degli anni Sessanta, maturate nel clima di quell\u2019 \u2018arte povera\u2019 promossa da Germano Celant nel capoluogo piemontese, ben presto troveranno un felice e autonomo sbocco in un universo ricco di colori e di ironia. Egli si avvarr\u00e0 di certe dinamiche futuriste ( sar\u00e0 Fortunato Depero uno dei suoi punti di riferimento ), di certe scomposizioni e ricomposizioni cubiste, di allusioni dadaiste, di profondi rispecchiamenti patafisici e di pi\u00f9 recenti manipolazioni pop per&nbsp; interrogare, stravolgere e reinventare ogni volta certe immagini del nostro tempo. Le sue sono verit\u00e0 da scoprire sotto la patina gioiosa di un messaggio che va a colpire immediatamente l\u2019attenzione dell\u2019osservatore prima di tendere la trappola a una successiva percezione. Sotto tale ottica vanno intese le serie di opere dedicate ai \u2018numeri\u2019, alle \u2018note musicali\u2019 e alle combinazioni di tali elementi con l\u2019aggiunta di ulteriori dettagli o di particolari sottolineature narrative. Un particolare rilievo assumono i \u2018Musei\u2019 dove vengono indagati e reinterpretati alcuni capolavori del passato pi\u00f9 o meno lontano. Un paio di questi esempi sono in mostra presso l\u2019enoteca di Mino Ricci fino al 29 ottobre. Ma Nespolo non si \u00e8 mai limitato alla sola pittura. Fin dagli anni Sessanta ha prodotto film d\u2019artista che sono stati proiettati nei pi\u00f9 importanti musei del mondo, dal Centre Pompidou di Parigi al Reina Sofia di Madrid, al Museum of Art di Philadelphia, alla Tate Modern di Londra. Questi film hanno chiamato in causa artisti del calibro di Lucio Fontana, Enrico Baj, Michelangelo Pistoletto, Alighiero Boetti e letterati come Allen Ginsberg ed Edoardo Sanguineti che hanno recitato se stessi o si sono calati in storie ricamate su di loro dallo stesso Nespolo. E le mostre in spazi prestigiosi sono andate di pari passo coinvolgendo per esempio con rassegne personali il Palazzo Reale di Milano, il Museo Nacional de Bellas di Buenos Aires e, a partire dal Duemila, il Palazzo Reale di Napoli, il Museo d\u2019Arte Moderna di Mosca, il Museo Nazionale di Pechino, il Museo Poldi Pezzoli di Milano, il Museo Nazionale delle Belle Arti dell\u2019Avana, la Galleria d\u2019Arte Moderna di Torino e, per chiudere il cerchio, ancora il Palazzo Reale di Milano. Nespolo \u00e8 sempre in movimento mentale e fisico nel palazzo che accoglie lo studio e l\u2019abitazione immersi in un clima di distillato ordine che sembrerebbe vanificare il senso libero e giocoso dei suoi quadri. Invece ne sottolinea quell\u2019intimo significato che si diceva. E a ulteriore riprova va riferita un\u2019ulteriore attivit\u00e0 che lo sta coinvolgendo sempre di pi\u00f9, quella di saggista che si esprime non solo sulle pagine culturali del \u2018Foglio\u2019&nbsp; ma anche attraverso pubblicazioni di libri. Il pi\u00f9 recente, edito da Einaudi, si intitola \u2018 Per non morire d\u2019arte \u2019 e va a toccare, tra gli altri. i temi scottanti del mercato. Questo \u00e8 dunque Ugo Nespolo che misura il suo tempo e anche il nostro con una baldanza e una lucidit\u00e0 intellettuale che non tiene conto dell\u2019anagrafe<\/em>\u201d.<\/p>\n\n\n\n<p><strong><em>Massimo Bramante <\/em><\/strong><\/p>\n\n\n\n<p><a rel=\"noreferrer noopener\" href=\"https:\/\/www.istitutogalanteoliva.it\/magazine\/2021\/10\/27\/il-ponentino-periodico-del-ponente-genovese-n1\/\" target=\"_blank\">Torna al sommario<\/a><\/p>\n\n\n\n<p><a href=\"Iscriviti alla Pagina FB https:\/\/www.facebook.com\/Ilponentino\">Iscriviti alla Pagina FB https:\/\/www.facebook.com\/Ilponentino<\/a><\/p>\n\n\n\n<p><sup>\u00a9Polis SA Magazine- Redazione Liguria<\/sup><\/p>\n\n\n\n<!--nextpage-->\n\n\n\n<div class=\"wp-block-file\"><a href=\"https:\/\/www.istitutogalanteoliva.it\/magazine\/wp-content\/uploads\/2021\/10\/Il-Ponentino-Numero-1-28-10-2021.pdf\">Apri PDF- IL Ponentino-Numero-1-28-10-2021<\/a><a href=\"https:\/\/www.istitutogalanteoliva.it\/magazine\/wp-content\/uploads\/2021\/10\/Il-Ponentino-Numero-1-28-10-2021.pdf\" class=\"wp-block-file__button\" download>Salva PDF<\/a><\/div>\n\n\n\n<p class=\"has-text-align-center\"><a rel=\"noreferrer noopener\" href=\"https:\/\/www.istitutogalanteoliva.it\/magazine\/2021\/10\/27\/il-ponentino-periodico-del-ponente-genovese-n1\/\" target=\"_blank\"><span class=\"has-inline-color has-vivid-red-color\">Torna al sommario<\/span><\/a><\/p>\n\n\n\n<h2 class=\"wp-block-heading\"><span class=\"has-inline-color has-vivid-cyan-blue-color\">Pegli, intitolati al partigiano Luigi Perotti i giardini adiacenti alla scuola  Mario Emanuelli<\/span><\/h2>\n\n\n\n<figure class=\"wp-block-image size-large\"><img loading=\"lazy\" decoding=\"async\" width=\"462\" height=\"260\" src=\"https:\/\/www.istitutogalanteoliva.it\/magazine\/wp-content\/uploads\/2021\/10\/91091.jpg\" alt=\"\" class=\"wp-image-10080\" srcset=\"https:\/\/www.istitutogalanteoliva.it\/magazine\/wp-content\/uploads\/2021\/10\/91091.jpg 462w, https:\/\/www.istitutogalanteoliva.it\/magazine\/wp-content\/uploads\/2021\/10\/91091-300x169.jpg 300w\" sizes=\"auto, (max-width: 462px) 100vw, 462px\" \/><figcaption>foto &#8220;La voce di Genova&#8221;<\/figcaption><\/figure>\n\n\n\n<p><br>Pegli, marted\u00ec  26 ottobre si \u00e8 tenuta la cerimonia di intitolazione al partigiano <strong>Luigi Perotti (1926-1945)<\/strong> dei giardini accanto alla scuola primaria <strong>Mario Emanuelli<\/strong>, nell\u2019area dell\u2019<strong>ex ospedale Martinez.<\/strong><\/p>\n\n\n\n<p>Presenti autorit\u00e0 istituzionali  come  il consigliere comunale <strong>Vittorio Ottonello<\/strong>, su delega del sindaco di Genova Marco Bucci, il presidente del Municipio VII <strong>Ponente Claudio Chiarotti<\/strong>.<\/p>\n\n\n\n<p><br>Tra gli altri il presidente del circolo Anpi \u201cMario e Nicol\u00f2 Dagnino\u201d di Pegli, Simone Solari e Carla Perotti, sorella del partigiano Luigi Perotti.<br><\/p>\n\n\n\n<p>hanno assistito alla cerimonia di inaugurazione anche alunni della scuola dedicata a Mario Emanuelli. I ragazzi hanno partecipato cantando l&#8217;inno di mameli e recitando poesie. <\/p>\n\n\n\n<p><\/p>\n\n\n\n<p><strong>Chi era Luigi Perotti<\/strong><\/p>\n\n\n\n<p>Nato a Pegli il 18 luglio 1926, Luigi Perotti lavorava all\u2019Ansaldo di Sestri Ponente come addetto alla sala tracciato del cantiere. Il 17 aprile 1945, cercando di sfuggire alle Brigate Nere che minacciavano di fare irruzione nella sua casa di via Piandilucco, si fer\u00ec alla pancia con lo spunzone di ferro di un cancello su cui era scivolato, dopo avere scavalcato il muro che portava nei giardini dei palazzi di via Opisso. Rifugiatosi in Val Varenna insieme ad altri due partigiani, le ferite riportate durante la fuga gli provocarono febbre e forti dolori al ventre, ma per motivi di sicurezza gli fu impossibile scendere a valle per farsi curare. Solo con la Liberazione fu trasportato all\u2019ospedale di Sampierdarena, dove mor\u00ec il 3 maggio 1945.<\/p>\n\n\n\n<p><a rel=\"noreferrer noopener\" href=\"https:\/\/www.istitutogalanteoliva.it\/magazine\/2021\/10\/27\/il-ponentino-periodico-del-ponente-genovese-n1\/\" target=\"_blank\">Torna al sommario<\/a><\/p>\n\n\n\n<p><a href=\"Iscriviti alla Pagina FB https:\/\/www.facebook.com\/Ilponentino\">Iscriviti alla Pagina FB https:\/\/www.facebook.com\/Ilponentino<\/a><\/p>\n\n\n\n<p><sup>\u00a9Polis SA Magazine- Redazione Liguria<\/sup><\/p>\n\n\n\n<!--nextpage-->\n\n\n\n<div class=\"wp-block-file\"><a href=\"https:\/\/www.istitutogalanteoliva.it\/magazine\/wp-content\/uploads\/2021\/10\/Il-Ponentino-Numero-1-28-10-2021.pdf\">Apri PDF- IL Ponentino-Numero-1-28-10-20211<\/a><a href=\"https:\/\/www.istitutogalanteoliva.it\/magazine\/wp-content\/uploads\/2021\/10\/Il-Ponentino-Numero-1-28-10-2021.pdf\" class=\"wp-block-file__button\" download>Salva PDF<\/a><\/div>\n\n\n\n<p class=\"has-text-align-center\"><a href=\"https:\/\/www.istitutogalanteoliva.it\/magazine\/2021\/10\/27\/il-ponentino-periodico-del-ponente-genovese-n1\/\" target=\"_blank\" rel=\"noreferrer noopener\"><span class=\"has-inline-color has-vivid-red-color\">Torna al sommario<\/span><\/a><\/p>\n\n\n\n<h2 class=\"wp-block-heading\"><span class=\"has-inline-color has-vivid-cyan-blue-color\">Voltri, presentazione del libro &#8220;Diario Dal Lager&#8221; di Natale Giampaolo<\/span><\/h2>\n\n\n\n<figure class=\"wp-block-image size-large is-resized\"><img loading=\"lazy\" decoding=\"async\" src=\"https:\/\/www.istitutogalanteoliva.it\/magazine\/wp-content\/uploads\/2021\/10\/248362089_892784661610689_844311344805860546_n-724x1024.jpg\" alt=\"\" class=\"wp-image-10081\" width=\"362\" height=\"512\" srcset=\"https:\/\/www.istitutogalanteoliva.it\/magazine\/wp-content\/uploads\/2021\/10\/248362089_892784661610689_844311344805860546_n-724x1024.jpg 724w, https:\/\/www.istitutogalanteoliva.it\/magazine\/wp-content\/uploads\/2021\/10\/248362089_892784661610689_844311344805860546_n-212x300.jpg 212w, https:\/\/www.istitutogalanteoliva.it\/magazine\/wp-content\/uploads\/2021\/10\/248362089_892784661610689_844311344805860546_n-768x1086.jpg 768w, https:\/\/www.istitutogalanteoliva.it\/magazine\/wp-content\/uploads\/2021\/10\/248362089_892784661610689_844311344805860546_n-1086x1536.jpg 1086w, https:\/\/www.istitutogalanteoliva.it\/magazine\/wp-content\/uploads\/2021\/10\/248362089_892784661610689_844311344805860546_n-1024x1448.jpg 1024w, https:\/\/www.istitutogalanteoliva.it\/magazine\/wp-content\/uploads\/2021\/10\/248362089_892784661610689_844311344805860546_n.jpg 1448w\" sizes=\"auto, (max-width: 362px) 100vw, 362px\" \/><\/figure>\n\n\n\n<p>Il giorno 3 novembre alle ore 17.00 presso il Teatro del Ponente a Voltri, con il patrocinio del Municipio VII Ponente sar\u00e0 presentato il libro di <strong>Natale Giampaolo<\/strong> &#8220;<em><strong>Diario dal Lager-un operaio genovese a Mauthasen e Desdra 1944-1945<\/strong><\/em>&#8221; (Pent\u00e0gora edizioni)<br>Interverranno <strong>Silvia Brocato<\/strong>, assessore del Municipio VII Ponente, <strong>Anna Dagnino <\/strong>gi\u00e0 assessore della provincia e del comune di Genova, <strong>Maurizio Mantero<\/strong> presidente dell&#8217;ANPI di Voltri, <strong>Corrad<\/strong>o e <strong>Paolo<\/strong> <strong>Giampaolo<\/strong> curatori del libro e figli dell&#8217;autore. <br>L&#8217;evento sar\u00e0 presentato dall&#8217;attore <strong>Pietro Musso<\/strong> che legger\u00e0 anche  alcuni brani del libro.<\/p>\n\n\n\n<h4 class=\"wp-block-heading\">Il libro<\/h4>\n\n\n\n<p>16 giugno 1944, prime ore del pomeriggio: le fabbriche del ponente genovese vengono circondate dalle milizie della RSI e dalle truppe tedesche. Centinaia di lavoratori (1480 per la prefettura) vengono radunati, selezionati, caricati sui treni e deportati in Germania, prima tappa Mauthausen, da dove saranno smistati in altre localit\u00e0 tra stabilimenti e campi di lavoro.<\/p>\n\n\n\n<p>Inizia cos\u00ec una delle pagine pi\u00f9 drammatiche della storia operaia sotto l\u2019Italia occupata, raccontata da Natale Giampaolo nel diario tenuto durante gli ultimi mesi di prigionia prima della Liberazione.<\/p>\n\n\n\n<p>Il rastrellamento, l\u2019arrivo a Mauthausen, le condizioni di vita dei lavoratori italiani deportati, il bombardamento di Dresda.<\/p>\n\n\n\n<p><a rel=\"noreferrer noopener\" href=\"https:\/\/www.istitutogalanteoliva.it\/magazine\/2021\/10\/27\/il-ponentino-periodico-del-ponente-genovese-n1\/\" target=\"_blank\">Torna al sommario<\/a><\/p>\n\n\n\n<p><a href=\"Iscriviti alla Pagina FB https:\/\/www.facebook.com\/Ilponentino\">Iscriviti alla Pagina FB https:\/\/www.facebook.com\/Ilponentino<\/a><\/p>\n\n\n\n<p><sup>\u00a9Polis SA Magazine- Redazione Liguria<\/sup><\/p>\n\n\n\n<!--nextpage-->\n\n\n\n<div class=\"wp-block-file\"><a href=\"https:\/\/www.istitutogalanteoliva.it\/magazine\/wp-content\/uploads\/2021\/10\/Il-Ponentino-Numero-1-28-10-2021.pdf\">Apri PDF- IL Ponentino-Numero-1-28-10-2021<\/a><a href=\"https:\/\/www.istitutogalanteoliva.it\/magazine\/wp-content\/uploads\/2021\/10\/Il-Ponentino-Numero-1-28-10-2021.pdf\" class=\"wp-block-file__button\" download>Salva PDF<\/a><\/div>\n\n\n\n<p class=\"has-text-align-center\"><a href=\"https:\/\/www.istitutogalanteoliva.it\/magazine\/2021\/10\/27\/il-ponentino-periodico-del-ponente-genovese-n1\/\" target=\"_blank\" rel=\"noreferrer noopener\"><span class=\"has-inline-color has-vivid-red-color\">Torna al sommario<\/span><\/a><\/p>\n\n\n\n<h4 class=\"wp-block-heading\">Video<\/h4>\n\n\n\n<h2 class=\"wp-block-heading\"><br>Carloforte. Consegna ufficiale del Cristo Processionale realizzato in Liguria <\/h2>\n\n\n\n<figure class=\"wp-block-image size-large is-resized\"><img loading=\"lazy\" decoding=\"async\" src=\"https:\/\/www.istitutogalanteoliva.it\/magazine\/wp-content\/uploads\/2021\/10\/cri.jpg\" alt=\"\" class=\"wp-image-10120\" width=\"640\" height=\"380\" srcset=\"https:\/\/www.istitutogalanteoliva.it\/magazine\/wp-content\/uploads\/2021\/10\/cri.jpg 640w, https:\/\/www.istitutogalanteoliva.it\/magazine\/wp-content\/uploads\/2021\/10\/cri-300x178.jpg 300w\" sizes=\"auto, (max-width: 640px) 100vw, 640px\" \/><figcaption>Confratelli liguri e carlofortini con il Cristo processionale di Carloforte detto &#8220;Il Tabarchino&#8221;<\/figcaption><\/figure>\n\n\n\n<p>Sabato 9 Settembre, a Carloforte, \u00e8 stato ufficialmente consegnato il Cristo Processionale interamente realizzato in Liguria con il determinante contributo dell&#8217;<strong>Arciconfraternita dei SS.Nazario e Celso di Multedo.<\/strong><\/p>\n\n\n\n<p><br>Nel video il momento della consegna da parte del priore dell&#8217;arciconfraternita di Multedo, <strong>Emanuele Montaldo<\/strong>, ai cristezzandi carlofortini. La cerimonia \u00e8 avvenuta di fronte alla chiesetta della Madonna dello Schiavo che custodisce il simulacro mariano da sempre simbolo della storia tabarchina.<\/p>\n\n\n\n<figure class=\"wp-block-embed-youtube wp-block-embed is-type-video is-provider-youtube wp-embed-aspect-16-9 wp-has-aspect-ratio\"><div class=\"wp-block-embed__wrapper\">\n<iframe loading=\"lazy\" title=\"Carloforte: la consegna ufficiale del Cristo processionale realizzato in Liguria\" width=\"640\" height=\"360\" src=\"https:\/\/www.youtube.com\/embed\/Ke4ndXCAQx8?feature=oembed\" frameborder=\"0\" allow=\"accelerometer; autoplay; clipboard-write; encrypted-media; gyroscope; picture-in-picture; web-share\" referrerpolicy=\"strict-origin-when-cross-origin\" allowfullscreen><\/iframe>\n<\/div><\/figure>\n\n\n\n<p><strong>Nei prossimi numeri de &#8220;IL PONENTINO&#8221; tutti i dettagli del &#8220;Cristo Processionale di Carloforte&#8221;, dalla nascita del progetto alla sua realizzazione.<\/strong><\/p>\n\n\n\n<p> <a rel=\"noreferrer noopener\" href=\"https:\/\/www.istitutogalanteoliva.it\/magazine\/2021\/10\/27\/il-ponentino-periodico-del-ponente-genovese-n1\/\" target=\"_blank\">Torna al sommario<\/a><\/p>\n\n\n\n<p><a href=\"Iscriviti alla Pagina FB https:\/\/www.facebook.com\/Ilponentino\">Iscriviti alla Pagina FB https:\/\/www.facebook.com\/Ilponentino<\/a><\/p>\n\n\n\n<p><sup> \u00a9Polis SA Magazine- Redazione Liguria<\/sup><br><\/p>\n\n\n\n<!--nextpage-->\n\n\n\n<div class=\"wp-block-file\"><a href=\"https:\/\/www.istitutogalanteoliva.it\/magazine\/wp-content\/uploads\/2021\/10\/Il-Ponentino-Numero-1-28-10-2021.pdf\">Apri PDF- IL Ponentino-Numero-1-28-10-2021<\/a><a href=\"https:\/\/www.istitutogalanteoliva.it\/magazine\/wp-content\/uploads\/2021\/10\/Il-Ponentino-Numero-1-28-10-2021.pdf\" class=\"wp-block-file__button\" download>Salva PDF<\/a><\/div>\n\n\n\n<p class=\"has-text-align-center\"><a href=\"https:\/\/www.istitutogalanteoliva.it\/magazine\/2021\/10\/27\/il-ponentino-periodico-del-ponente-genovese-n1\/\" target=\"_blank\" rel=\"noreferrer noopener\"><span class=\"has-inline-color has-vivid-red-color\">Torna al sommario<\/span><\/a><\/p>\n\n\n\n<h4 class=\"wp-block-heading\"><span class=\"has-inline-color has-vivid-cyan-blue-color\">Librando- rubrica di libri e autori<\/span><\/h4>\n\n\n\n<h3 class=\"wp-block-heading\"><br><br><span class=\"has-inline-color has-vivid-cyan-blue-color\">&#8220;La forma della felicit\u00e0&#8221;<\/span><br><span class=\"has-inline-color has-vivid-cyan-blue-color\"> romanzo di Antonello Rivano <\/span><br><span class=\"has-inline-color has-vivid-cyan-blue-color\">(ilmiolibro 2018)<\/span><\/h3>\n\n\n\n<figure class=\"wp-block-image size-large is-resized\"><img loading=\"lazy\" decoding=\"async\" src=\"https:\/\/www.istitutogalanteoliva.it\/magazine\/wp-content\/uploads\/2021\/10\/Antonello-Rivano-La-forma-della-felicita\u0300-1024x608-1.jpg\" alt=\"\" class=\"wp-image-10084\" width=\"640\" height=\"380\" srcset=\"https:\/\/www.istitutogalanteoliva.it\/magazine\/wp-content\/uploads\/2021\/10\/Antonello-Rivano-La-forma-della-felicita\u0300-1024x608-1.jpg 1024w, https:\/\/www.istitutogalanteoliva.it\/magazine\/wp-content\/uploads\/2021\/10\/Antonello-Rivano-La-forma-della-felicita\u0300-1024x608-1-300x178.jpg 300w, https:\/\/www.istitutogalanteoliva.it\/magazine\/wp-content\/uploads\/2021\/10\/Antonello-Rivano-La-forma-della-felicita\u0300-1024x608-1-768x456.jpg 768w\" sizes=\"auto, (max-width: 640px) 100vw, 640px\" \/><\/figure>\n\n\n\n<p class=\"has-drop-cap\">Dal 1790 ai giorni nostri. La storia, parallela, di due famiglie divise dal destino. Un naufragio e un delitto daranno vita a un cerchio che solo molti anni dopo si potr\u00e0 chiudere. Una linea sottile traccia il confine tra sogno e realt\u00e0, un filo invisibile che lega due terre: Carloforte e Pegli.<\/p>\n\n\n\n<p><strong>Un libro ironico, fresco, nostalgico e volto alla preservazione delle nostre zone \u2013 con un\u2019attenzione alla linguistica (dialettale e non) e strizzando l\u2019occhio all\u2019etnografia; all\u2019antropologia dei luoghi.&nbsp;Si tratta de \u201cLa forma della felicit\u00e0\u201d, autore il blogger, narratore, poeta e giornalista (direttore di redazione  di \u201cPolis Sa Magazine\u201d) Antonello Rivano.<\/strong><\/p>\n\n\n\n<p>Un grande appassionato dello scibile umano; della geografia delle zone in cui vive; della cultura ligure (Pegli) e di quella sarda&nbsp;<em>(\u201ctabarchina\u201d),<\/em>&nbsp;relativa all\u2019amatissima cittadina di&nbsp;<strong>Carloforte.<\/strong><\/p>\n\n\n\n<p><em>Un\u2019enclave ligure in piena Sardegna.<\/em>&nbsp;Dove si mescolano&nbsp;<strong>culture diverse<\/strong>&nbsp;ma poetiche e antichissime; dove si vivono influenze tra posti meravigliosamente arcani e bellezze naturali; artistiche; antropiche molto suggestive e decorose. Malinconicamente nostalgiche \u2013 sospese tra due realt\u00e0 tutte da scoprire, comunicanti e affratellanti.<\/p>\n\n\n\n<figure class=\"wp-block-image size-large\"><img loading=\"lazy\" decoding=\"async\" width=\"704\" height=\"531\" src=\"https:\/\/www.istitutogalanteoliva.it\/magazine\/wp-content\/uploads\/2021\/10\/Copertina-libro-2.jpg\" alt=\"\" class=\"wp-image-10065\" srcset=\"https:\/\/www.istitutogalanteoliva.it\/magazine\/wp-content\/uploads\/2021\/10\/Copertina-libro-2.jpg 704w, https:\/\/www.istitutogalanteoliva.it\/magazine\/wp-content\/uploads\/2021\/10\/Copertina-libro-2-300x226.jpg 300w\" sizes=\"auto, (max-width: 704px) 100vw, 704px\" \/><figcaption><em>Copertina (prima, dorso e quarta di copertina) de \u201cLa forma della Felicit\u00e0\u201d<\/em><\/figcaption><\/figure>\n\n\n\n<p>Il romanzo narra di&nbsp;<em>viaggi&nbsp;<\/em>ed&nbsp;<em>avventure<\/em>&nbsp;sempre\u2026 \u201cin bilico\u201d tra Sardegna e Liguria \u2013 topos dell\u2019anima, che non sa decidersi, non vuol risolversi se&nbsp;<strong>\u201cmetter radici\u201d<\/strong>&nbsp;nell\u2019una piuttosto che nell\u2019altra localit\u00e0. Ed \u00e8 una dicotomia, un&nbsp;<em>dualismo platonico<\/em>&nbsp;davvero struggente e perci\u00f2 affascinante. Due paesi interessanti anche dal punto di vista etnografico \u2013 dicevamo in precedenza \u2013 grazie (tra altre motivazioni)&nbsp;<em>all\u2019oasi sociolinguistica<\/em>&nbsp;<em>(nonch\u00e9 storica) della lingua dei&nbsp;<strong>\u201ctabarchini\u201d<\/strong><\/em>: una popolazione ligure che risiedeva nell\u2019omonima cittadina africana di Tabarca.<\/p>\n\n\n\n<p><em>Tra svariate vicissitudini storiche, ecco che la popolazione e il vernacolo \u2013 appunto \u2013 tabarchini si diffusero anche in Spagna; qui sorse la localit\u00e0 di Nueva Tabarca (vicino Alicante) dove per\u00f2 ben presto lingua e tradizioni si annacquarono sino a scomparire quasi del tutto, e ancora in Sardegna, con Calasetta. Poi l\u2019unicit\u00e0, la peculiarit\u00e0 di queste zone, Isole di fatto, Carloforte in quella di San Pietro e Calasetta nella vicina Sant\u2019 Antioco, ma anche per identit\u00e0 culturale \u2013 tra il ligure e il sardo (commistione di saperi) \u2013 \u00e8 stata nel tempo \u201cconfermata\u201d (diciamo cos\u00ec) dalle vicende liete e tristi degli abitanti (cos\u00ec come dei colonizzatori e degli \u201cstranieri\u201d che vi sono giunti). In particolare, le maestranze tabarchine, in origine, si occupavano della lavorazione del corallo, per poi integrarla con la pesca del tonno e successiva lavorazione.<\/em><\/p>\n\n\n\n<p>Il dialetto di Carloforte deriva da quello di Pegli ma \u00e8 frutto di tantissime contaminazioni, succedutesi nel corso degli anni. Come le concrezioni coralline, oseremmo affermare.<\/p>\n\n\n\n<figure class=\"wp-block-image size-large is-resized\"><img loading=\"lazy\" decoding=\"async\" src=\"https:\/\/www.istitutogalanteoliva.it\/magazine\/wp-content\/uploads\/2021\/10\/Senza-titolo-1-4.jpg\" alt=\"\" class=\"wp-image-10085\" width=\"510\" height=\"303\" srcset=\"https:\/\/www.istitutogalanteoliva.it\/magazine\/wp-content\/uploads\/2021\/10\/Senza-titolo-1-4.jpg 640w, https:\/\/www.istitutogalanteoliva.it\/magazine\/wp-content\/uploads\/2021\/10\/Senza-titolo-1-4-300x178.jpg 300w\" sizes=\"auto, (max-width: 510px) 100vw, 510px\" \/><figcaption>Antonello Rivano <\/figcaption><\/figure>\n\n\n\n<p><strong>Tornando al libro di Antonello Rivano, si tratta di un romanzo breve (2018) \u2013 che consta di circa 140 pagine (138, per la precisione), distribuito anche in rete. \u00c8 un racconto di viaggi, avventure e amore. Di famiglie e di \u201cFamiglia\u201d. Un fil rouge di avvenimenti mozzafiato, di gelosia e sentimenti forti; pregnanti, a coinvolgere parallelamente due famiglie unite \u2013 per l\u2019appunto \u2013 dalle emozioni amorose. Il massimo sentimento, cantato (e decantato) fin dai primordi; dalle origini della letteratura mondiale. Da Dante sublimato. \u00c8 l\u2019Amore, che \u201cmove il Sole e l\u2019altre stelle\u201d \u2013 per citare il Sommo (poeta).<\/strong><\/p>\n\n\n\n<p><strong>\u201cLa forma della felicit\u00e0\u201d<\/strong>&nbsp;di Rivano sembra voler omaggiare l\u2019eterno femminino \u2013 il \u201cgentil sesso\u201d: i personaggi femminili sono caratterizzati da tanta forza; da caratteri imperiosi (e impetuosi); battaglieri, capaci, intelligenti. Una saga familiare che parte da\u2026 lontano, dalla fine del \u2018700.<\/p>\n\n\n\n<p>A caratterizzare certi \u201cpunti di forza\u201d tra generazioni e generazioni. Con le proprie ribellioni\u2026 \u201csociali\u201d \u2013 anche. In un turbinio di sentimenti o di ri-sentimenti.<\/p>\n\n\n\n<p><em>La scena si apre dapprima mediante un prologo\u2026 \u201cmoderno\u201d. Uno scenario dei nostri giorni (ambientato nel 2014). Poi prosegue tornando indietro nel tempo, sino agli albori dell\u2019800, con la vicenda di due innamorati, che progettano di fuggire assieme, anche se a partire dovr\u00e0 essere prima lui\u2013 dal momento che la loro storia d\u2019amore \u00e8 osteggiata dalle rispettive famiglie \u2013 ma che nutrono dubbi e ansie, trasformantisi in irrequietezze e dolori. Un nucleo familiare degli anni intorno al 1800, poi destinato a riprodursi nella contemporaneit\u00e0. Tra tanti sentimenti, soprattutto positivi.<\/em><\/p>\n\n\n\n<figure class=\"wp-block-image size-large is-resized\"><img loading=\"lazy\" decoding=\"async\" src=\"https:\/\/www.istitutogalanteoliva.it\/magazine\/wp-content\/uploads\/2021\/10\/3-11.jpg\" alt=\"\" class=\"wp-image-10083\" width=\"523\" height=\"331\" srcset=\"https:\/\/www.istitutogalanteoliva.it\/magazine\/wp-content\/uploads\/2021\/10\/3-11.jpg 800w, https:\/\/www.istitutogalanteoliva.it\/magazine\/wp-content\/uploads\/2021\/10\/3-11-300x190.jpg 300w, https:\/\/www.istitutogalanteoliva.it\/magazine\/wp-content\/uploads\/2021\/10\/3-11-768x486.jpg 768w\" sizes=\"auto, (max-width: 523px) 100vw, 523px\" \/><figcaption>Carloforte<\/figcaption><\/figure>\n\n\n\n<p><strong>Ritratto di persone e personaggi vividi e indipendenti \u2013 soprattutto, dicevamo appena pi\u00f9 sopra \u2013 quelli muliebri (donneschi).<\/strong>&nbsp;L\u2019affetto dunque trionfa, tra le tragedie e i lutti presenti \u2013 sparsi qua e l\u00e0 \u2013 nel libro. Che si mostra intenso, incalzante e denso di suspence. La trama e gli intrecci narrano di saghe (come detto sopra) familiari, tra le meraviglie di Carloforte e della Sardegna nonch\u00e9 inseriti nel contesto ligure di Pegli.&nbsp;<em>L\u2019opuscolo, dato alle stampe nel 2018 (dopo e\/o in precedenza ad altri lavori di Rivano \u2013 tra i quali apprezzabili raccolte liriche; delle sillogi o florilegi antologici scritte anche in vernacolo tabarchino), gode in copertina del tratto grafico di&nbsp;<\/em><strong>Salvatore Rombi<\/strong><em>. \u00c8 un&nbsp;<\/em><strong>artista 81enne<\/strong><em>, figurativista e paesaggista autodidatta; vive proprio in quel di Carloforte. Ha partecipato a numerose collettive o a personali nella \u201csua\u201d terra di origine. Il suo tratto appare morbido e limpido, velato di nostalgiche allusioni\u2026 \u201camorose\u201d verso la Sardegna e la Liguria assieme. Memorabili i suoi dipinti.<\/em><\/p>\n\n\n\n<p>Inoltre, Rivano \u2013 classe 1961, vincitore di svariati e prestigiosi riconoscimenti per le sue apprezzabili (ed apprezzate) opere&nbsp;<em>\u2013 ha affidato l\u2019introduzione a&nbsp;<\/em><strong>Pier Guido Quartero<\/strong><em>, prolifico autore genovese.<\/em><\/p>\n\n\n\n<p><strong>L\u2019introduzione stessa si sofferma sui capisaldi del romanzo \u2013 svelandone intenti e sentimenti, che appaiono integri (intatti); questo pur dotando Antonello Rivano di dinamicit\u00e0 il proprio elaborato e (consequenzialmente) i personaggi che \u201cabitano\u201d (per cos\u00ec dire) la storia. Leggendo \u2013 tutta d\u2019un fiato \u2013 la vicenda esposta da Rivano, ci si addentra in un universo definito \u2013 da Quartero stesso, nella prefazione \u2013 \u201cnaif\u201d. A significare \u201cingenuo\u201d, ma anche \u201coriginario\u201d (dunque \u201coriginale\u201d). Cos\u00ec pare essere, almeno a un primo esame \u2013 certamente superficiale, mentre poi la materia pi\u00f9 sorprendente e profonda emerge pian piano nel corso dell\u2019intricata ma delicata, accorata e romantica storia \u2013 l\u2019opera di \u201cAnto\u201d Rivano. Che senz\u2019altro pu\u00f2 regalarci altre pubblicazioni di prestigio, impratichendosi ulteriormente e maturando le sue scelte stilistiche e lessicali a favore della narrazione; del racconto. Di altre narrazioni; di ulteriori racconti similmente interessanti e \u201cfreschi\u201d (lo affermavamo inizialmente), godibili.<\/strong><\/p>\n\n\n\n<figure class=\"wp-block-image size-large is-resized\"><img loading=\"lazy\" decoding=\"async\" src=\"https:\/\/www.istitutogalanteoliva.it\/magazine\/wp-content\/uploads\/2021\/10\/4-8-1024x576-1.jpg\" alt=\"\" class=\"wp-image-10082\" width=\"512\" height=\"288\" srcset=\"https:\/\/www.istitutogalanteoliva.it\/magazine\/wp-content\/uploads\/2021\/10\/4-8-1024x576-1.jpg 1024w, https:\/\/www.istitutogalanteoliva.it\/magazine\/wp-content\/uploads\/2021\/10\/4-8-1024x576-1-300x169.jpg 300w, https:\/\/www.istitutogalanteoliva.it\/magazine\/wp-content\/uploads\/2021\/10\/4-8-1024x576-1-768x432.jpg 768w\" sizes=\"auto, (max-width: 512px) 100vw, 512px\" \/><figcaption>Pegli<\/figcaption><\/figure>\n\n\n\n<p><strong><em>\u201cLa forma della felicit\u00e0\u201d<\/em><\/strong>&nbsp;\u00e8 una&nbsp;<em>rappresentazione dell\u2019amore sviscerato per la propria terra; anzi: delle proprie terre \u2013 tra Liguria e Sardegna. Di svariate identit\u00e0 ritrovate e concluse a mo\u2019 di cerchio.<\/em>&nbsp;Un cerchio che si stringe tra tormenti e momenti felici transgenerazionali. Che esprime anche i poetici sentimenti dello scrittore verso la \u201csua\u201d donna, che lo vede pellegrino; \u201cviandante\u201d tra Pegli e Carloforte.<\/p>\n\n\n\n<p><em>E questo amore struggente connota un po\u2019 tutti i protagonisti del romanzo. La stessa natura dei posti, con scorci \u2013 soprattutto \u2013 marini<\/em>&nbsp;(<strong>il mare, elemento temuto o odiato; fonte di lavoro e reddito ma anche spirito indomito; selvaggio; ideale di libert\u00e0 ma anche tomba di morte per chi vi si avventura incautamente<\/strong>) non \u00e8 assolutamente sullo sfondo \u2013 nell\u2019economia del libro. Infine, Rivano riversa nell\u2019ottimistica, entusiastica sua opera l\u2019attaccamento (da noi prima citato) alla famiglia e ai suoi valori (che a volte divengono leggi, norme, ordini \u2013 scritti e non). Riteniamo che Antonello (reduce da tanti successi letterari \u2013 che lo incitano ed incoraggiano a proseguire, col suo \u201centusiasmo\u201d) possa ulteriormente varcare le \u201ccolonne d\u2019Ercole\u201d della letteratura \u201clocale\u201d (che poi \u00e8 un riflesso della\u2026 \u201cgrande letteratura nazionale\u201d \u2013 e non solo) per condurci \u2013&nbsp;<em>novelli Ulisse<\/em>&nbsp;\u2013 alla ricerca della nostra casa, della patria. Di un luogo come&nbsp;<em>l\u2019Itaca<\/em>&nbsp;(\u201cbuen retiro\u201d) di&nbsp;<strong>Odisseo<\/strong>, in cui invecchiare quando si \u00e8 stanchi e nella quale rinsaldare legami ancestrali<strong><em>. Quelli dei nostri avi, degli antenati: dei \u201cpatres\u201d, dei \u201cmaiores\u201d. Ed allora s\u00ec, che l\u2019umanit\u00e0 intera comprender\u00e0 la saggezza \u2013 almeno lo speriamo. In ci\u00f2 risiede\u2026 (appunto) \u201cla forma della felicit\u00e0\u201d. Proprio come l\u2019ideale dell\u2019ostrica verghiano. Indimenticabili, i suoi personaggi ci conducono all\u2019estasi dei propri Paradisi lussureggianti.<\/em><\/strong><\/p>\n\n\n\n<p class=\"has-text-align-left\"><br><br><img loading=\"lazy\" decoding=\"async\" width=\"100\" height=\"100\" class=\"wp-image-6058\" style=\"width: 100px;\" src=\"https:\/\/www.istitutogalanteoliva.it\/magazine\/wp-content\/uploads\/2021\/03\/Anna-Maria1.jpg\" alt=\"\" srcset=\"https:\/\/www.istitutogalanteoliva.it\/magazine\/wp-content\/uploads\/2021\/03\/Anna-Maria1.jpg 674w, https:\/\/www.istitutogalanteoliva.it\/magazine\/wp-content\/uploads\/2021\/03\/Anna-Maria1-300x300.jpg 300w, https:\/\/www.istitutogalanteoliva.it\/magazine\/wp-content\/uploads\/2021\/03\/Anna-Maria1-150x150.jpg 150w\" sizes=\"auto, (max-width: 100px) 100vw, 100px\" \/>  <em><span class=\"has-inline-color has-vivid-cyan-blue-color\"><strong><a href=\"https:\/\/www.istitutogalanteoliva.it\/magazine\/?s=Anna+Maria+Noia+\" target=\"_blank\" rel=\"noreferrer noopener\">Anna Maria Noia <\/a><\/strong><\/span><\/em><\/p>\n\n\n\n<p><a rel=\"noreferrer noopener\" href=\"https:\/\/www.istitutogalanteoliva.it\/magazine\/2021\/10\/27\/il-ponentino-periodico-del-ponente-genovese-n1\/\" target=\"_blank\">Torna al sommario<\/a><\/p>\n\n\n\n<p><a href=\"Iscriviti alla Pagina FB https:\/\/www.facebook.com\/Ilponentino\">Iscriviti alla Pagina FB https:\/\/www.facebook.com\/Ilponentino<\/a><\/p>\n\n\n\n<p><sup>\u00a9Polis SA Magazine- Redazione Liguria<\/sup><\/p>\n\n\n\n<!--nextpage-->\n\n\n\n<div class=\"wp-block-file\"><a href=\"https:\/\/www.istitutogalanteoliva.it\/magazine\/wp-content\/uploads\/2021\/10\/Il-Ponentino-Numero-1-28-10-2021.pdf\">Apri PDF- IL Ponentino-Numero-1-28-10-2021<\/a><a href=\"https:\/\/www.istitutogalanteoliva.it\/magazine\/wp-content\/uploads\/2021\/10\/Il-Ponentino-Numero-1-28-10-2021.pdf\" class=\"wp-block-file__button\" download>Salva PDF<\/a><\/div>\n\n\n\n<p class=\"has-text-align-center\"><a href=\"https:\/\/www.istitutogalanteoliva.it\/magazine\/2021\/10\/27\/il-ponentino-periodico-del-ponente-genovese-n1\/\" target=\"_blank\" rel=\"noreferrer noopener\"><span class=\"has-inline-color has-vivid-red-color\">Torna al sommario<\/span><\/a><\/p>\n\n\n\n<h4 class=\"wp-block-heading\"><strong><sub><span class=\"has-inline-color has-vivid-cyan-blue-color\">L&#8217;angolo della poesia<\/span><\/sub><\/strong><\/h4>\n\n\n\n<h3 class=\"wp-block-heading\"><span class=\"has-inline-color has-vivid-cyan-blue-color\">Pegi (Silvio Opisso) <\/span> <\/h3>\n\n\n\n<p class=\"has-drop-cap\"><em>Chi dixe Pegi dixe c\u00f6se belle,<br>chi dixe Pegi dixe o paradiso:<br>ghe d\u00e0 o s\u00f4 tutto l&#8217;anno o seu sorrisoe <br>o ci\u00f9 d\u00f6\u00e7e sorriso ghe d\u00e0 e stelle.<br>Ghe r\u00efe e \u00f4 baxa o m\u00e2, o m\u00e2 o ghe canta <br>a canson de l&#8217;am\u00f4 ch&#8217;o no abbandonn-a.<br>A monte o verde de pin\u00e6e o l&#8217;ammanta<br>e o ghe p\u00f2rta l&#8217;ar\u00f2ma e l&#8217;\u00e4ia bonn-a.<br>T\u00e6ra d&#8217;antiga gente onesta e f\u00eba,<br>perla de Zena, perla da riv\u00eba!<br>&nbsp;***Chi dixe Pegi dixe e ville D\u00f6ia,<br>Lomellini-Rostan e Pravexin,<br>sci\u00f6e, profummi, incanti de Villin:<br>c\u00f6se belle d&#8217;ancheu, c\u00f6se da st\u00f6ia.<br>Gl\u00f2ria do Portiggeu e di Castelli!<br>\u00d2 gl\u00f2ria di P\u00ebgin d&#8217;all\u00f6a e de primma!<br>Ne parla o Castellusso ancon de quelli<br>tempi, ne \u00ee canta a Priapolla in rimma&#8230;<br>T\u00e6ra d&#8217;antiga gente onesta e f\u00eba,<br>perla de Zena, perla da Riv\u00eba!&#8230;.<br>De tutte e c\u00f6se belle o l&#8217;\u00e0 o sorriso:<br>chi dixe Pegi dixe o paradiso.<\/em><\/p>\n\n\n\n<h4 class=\"wp-block-heading\"><strong><br><\/strong><br><span class=\"has-inline-color has-vivid-cyan-blue-color\">Pegli<\/span><\/h4>\n\n\n\n<p class=\"has-drop-cap\"><br><em>Chi dice Pegli dice cose belle,<br>chi dice Pegli dixe il paradiso:<br>gli d\u00e0 il sole tutto l&#8217;anno il suo sorriso<br>e pi\u00f9 dolce sorriso gli danno le stelle.<br>Gli ride e lo bacia il mare, il mare gli canta<br>la canzone dell&#8217;amore che non abbandona.<br>A monte il verde delle pinete lo ammanta<br>e gli porta l&#8217;aroma e l&#8217;aria buona.<br>Terra d&#8217;antiga gente onesta e fiera,<br>perla di Genova, perla della Riviera!<br>***Chi dice Pegli dice le ville Doria,<br>Lomellini-Rostan e Pallavicini,<br>fiori, profumi, incanti di villini:<br>cose belle d&#8217;oggi, cose della storia.<br>Gloria del Porticciolo e dei Castelli!<br>Oh, gloria dei pegliesi d&#8217;allora e di prima!<br>Ci parla il Castelluccio ancora di quei<br>tempi, ce li canta la &#8220;Priapulla&#8221; in rima&#8230;<br>Terra d&#8217;antica gente onesta e fiera,<br>perla di Genova, perla della Riviera!&#8230;<br>Di tutte le cose belle ha il sorriso:<br>chi dixe Pegli dice il paradiso.<\/em><\/p>\n\n\n\n<p><a rel=\"noreferrer noopener\" href=\"https:\/\/www.istitutogalanteoliva.it\/magazine\/2021\/10\/27\/il-ponentino-periodico-del-ponente-genovese-n1\/\" target=\"_blank\">Torna al sommario<\/a><\/p>\n\n\n\n<p><sup>\u00a9Polis SA Magazine- Redazione Liguria<\/sup><\/p>\n\n\n\n<!--nextpage-->\n\n\n\n<div class=\"wp-block-file\"><a href=\"https:\/\/www.istitutogalanteoliva.it\/magazine\/wp-content\/uploads\/2021\/10\/Il-Ponentino-Numero-1-28-10-2021.pdf\">Apri PDF- IL Ponentino-Numero-1-28-10-2021<\/a><a href=\"https:\/\/www.istitutogalanteoliva.it\/magazine\/wp-content\/uploads\/2021\/10\/Il-Ponentino-Numero-1-28-10-2021.pdf\" class=\"wp-block-file__button\" download>Salva PDF<\/a><\/div>\n\n\n\n<p class=\"has-text-align-center\"><a rel=\"noreferrer noopener\" href=\"https:\/\/www.istitutogalanteoliva.it\/magazine\/2021\/10\/27\/il-ponentino-periodico-del-ponente-genovese-n1\/\" target=\"_blank\"><span class=\"has-inline-color has-vivid-red-color\">Torna al sommario<\/span><\/a><\/p>\n\n\n\n<h4 class=\"wp-block-heading\"><span class=\"has-inline-color has-vivid-cyan-blue-color\">Il Ponente in foto <\/span><\/h4>\n\n\n\n<h3 class=\"wp-block-heading\"><span class=\"has-inline-color has-vivid-cyan-blue-color\">Album fotografico del Ponente Genovese (1) <\/span><\/h3>\n\n\n\n<figure class=\"wp-block-image size-large\"><img loading=\"lazy\" decoding=\"async\" width=\"959\" height=\"540\" src=\"https:\/\/www.istitutogalanteoliva.it\/magazine\/wp-content\/uploads\/2021\/10\/248248067_111935681276642_2492834252881734145_n-1-1.jpg\" alt=\"\" class=\"wp-image-10087\" srcset=\"https:\/\/www.istitutogalanteoliva.it\/magazine\/wp-content\/uploads\/2021\/10\/248248067_111935681276642_2492834252881734145_n-1-1.jpg 959w, https:\/\/www.istitutogalanteoliva.it\/magazine\/wp-content\/uploads\/2021\/10\/248248067_111935681276642_2492834252881734145_n-1-1-300x169.jpg 300w, https:\/\/www.istitutogalanteoliva.it\/magazine\/wp-content\/uploads\/2021\/10\/248248067_111935681276642_2492834252881734145_n-1-1-768x432.jpg 768w\" sizes=\"auto, (max-width: 959px) 100vw, 959px\" \/><figcaption>Voltri: La focaccia, il mare e la montagna<\/figcaption><\/figure>\n\n\n\n<figure class=\"wp-block-image size-large\"><img loading=\"lazy\" decoding=\"async\" width=\"1024\" height=\"680\" src=\"https:\/\/www.istitutogalanteoliva.it\/magazine\/wp-content\/uploads\/2021\/10\/DSC0058-1024x680.jpg\" alt=\"\" class=\"wp-image-10091\" srcset=\"https:\/\/www.istitutogalanteoliva.it\/magazine\/wp-content\/uploads\/2021\/10\/DSC0058-1024x680.jpg 1024w, https:\/\/www.istitutogalanteoliva.it\/magazine\/wp-content\/uploads\/2021\/10\/DSC0058-300x199.jpg 300w, https:\/\/www.istitutogalanteoliva.it\/magazine\/wp-content\/uploads\/2021\/10\/DSC0058-768x510.jpg 768w, https:\/\/www.istitutogalanteoliva.it\/magazine\/wp-content\/uploads\/2021\/10\/DSC0058-1536x1020.jpg 1536w, https:\/\/www.istitutogalanteoliva.it\/magazine\/wp-content\/uploads\/2021\/10\/DSC0058-2048x1360.jpg 2048w\" sizes=\"auto, (max-width: 1024px) 100vw, 1024px\" \/><figcaption>Valvarenna-Particolare <\/figcaption><\/figure>\n\n\n\n<p><a rel=\"noreferrer noopener\" href=\"https:\/\/www.istitutogalanteoliva.it\/magazine\/2021\/10\/27\/il-ponentino-periodico-del-ponente-genovese-n1\/\" target=\"_blank\">Torna al sommario<\/a><\/p>\n\n\n\n<p><br><code><strong>\"Il Ponentino-Periodico di informazione del Ponente Genovese\"<br>\u00e8 un inserto online di Polis SA Magazine, a cura di Redazione Liguria. Coordinatore regionale di Polis SA Magazine-Redazione Liguria: Antonio Marani<\/strong><\/code><\/p>\n\n\n\n<p><a href=\"Iscriviti alla Pagina FB https:\/\/www.facebook.com\/Ilponentino\">Iscriviti alla Pagina FB https:\/\/www.facebook.com\/Ilponentino<\/a><\/p>\n\n\n\n<div class=\"wp-block-group\"><div class=\"wp-block-group__inner-container is-layout-flow wp-block-group-is-layout-flow\">\n<p><sup>\u00a9Polis SA Magazine- Redazione Liguria<\/sup><\/p>\n\n\n<\/div><\/div>\n\n\n\n<p><br><br><\/p>\n<div class=\"pdfprnt-buttons pdfprnt-buttons-post pdfprnt-bottom-left\"><a href=\"https:\/\/www.istitutogalanteoliva.it\/magazine\/wp-json\/wp\/v2\/posts\/10034?print=print\" class=\"pdfprnt-button pdfprnt-button-print\" target=\"_blank\"><img decoding=\"async\" src=\"https:\/\/www.istitutogalanteoliva.it\/magazine\/wp-content\/plugins\/pdf-print\/images\/print.png\" alt=\"image_print\" title=\"Stampa contenuto\" \/><span class=\"pdfprnt-button-title pdfprnt-button-print-title\">Download in PDF<\/span><\/a><\/div>","protected":false},"excerpt":{"rendered":"<p>N\u00b01 del 27\/10\/2021. Periodico online di informazione di Pegli e del Ponente, allegato a Polis SA Magazine. A cura di PSAM-Redazione Liguria e Circolo Culturale Norberto Sopranzi Pegli<\/p>\n","protected":false},"author":2,"featured_media":10618,"comment_status":"open","ping_status":"open","sticky":true,"template":"","format":"standard","meta":{"footnotes":""},"categories":[148,531],"tags":[],"class_list":["post-10034","post","type-post","status-publish","format-standard","has-post-thumbnail","hentry","category-148","category-il-ponentino"],"yoast_head":"<!-- This site is optimized with the Yoast SEO plugin v24.2 - https:\/\/yoast.com\/wordpress\/plugins\/seo\/ -->\n<title>il PONENTINO - N\u00b01 - Polis SA Magazine<\/title>\n<meta name=\"description\" content=\"Questo inserto ha lo scopo di essere una voce del &quot;Ponente Genovese&quot;. Il nome riprende quello dello storico mensile, edito dal &quot;Circolo Culturale Norberto Sopranzi&quot; di Pegli, in edicola dal 1987 sino al 2014.\" \/>\n<meta name=\"robots\" content=\"index, follow, max-snippet:-1, max-image-preview:large, max-video-preview:-1\" \/>\n<link rel=\"canonical\" href=\"https:\/\/www.istitutogalanteoliva.it\/magazine\/2021\/10\/27\/il-ponentino-periodico-del-ponente-genovese-n1\/\" \/>\n<link rel=\"next\" href=\"https:\/\/www.istitutogalanteoliva.it\/magazine\/2021\/10\/27\/il-ponentino-periodico-del-ponente-genovese-n1\/2\/\" \/>\n<meta property=\"og:locale\" content=\"it_IT\" \/>\n<meta property=\"og:type\" content=\"article\" \/>\n<meta property=\"og:title\" content=\"il PONENTINO - N\u00b01 - Polis SA Magazine\" \/>\n<meta property=\"og:description\" content=\"Questo inserto ha lo scopo di essere una voce del &quot;Ponente Genovese&quot;. Il nome riprende quello dello storico mensile, edito dal &quot;Circolo Culturale Norberto Sopranzi&quot; di Pegli, in edicola dal 1987 sino al 2014.\" \/>\n<meta property=\"og:url\" content=\"https:\/\/www.istitutogalanteoliva.it\/magazine\/2021\/10\/27\/il-ponentino-periodico-del-ponente-genovese-n1\/\" \/>\n<meta property=\"og:site_name\" content=\"Polis SA Magazine\" \/>\n<meta property=\"article:publisher\" content=\"https:\/\/www.facebook.com\/PolisSAMagazine\/\" \/>\n<meta property=\"article:published_time\" content=\"2021-10-27T18:13:00+00:00\" \/>\n<meta property=\"article:modified_time\" content=\"2021-11-23T16:40:15+00:00\" \/>\n<meta property=\"og:image\" content=\"https:\/\/www.istitutogalanteoliva.it\/magazine\/wp-content\/uploads\/2021\/11\/Copertina-Magazine-circolo-2-2.jpg\" \/>\n\t<meta property=\"og:image:width\" content=\"640\" \/>\n\t<meta property=\"og:image:height\" content=\"190\" \/>\n\t<meta property=\"og:image:type\" content=\"image\/jpeg\" \/>\n<meta name=\"author\" content=\"Antonello Rivano\" \/>\n<meta name=\"twitter:card\" content=\"summary_large_image\" \/>\n<meta name=\"twitter:creator\" content=\"@MagazinePolis\" \/>\n<meta name=\"twitter:site\" content=\"@MagazinePolis\" \/>\n<meta name=\"twitter:label1\" content=\"Scritto da\" \/>\n\t<meta name=\"twitter:data1\" content=\"Antonello Rivano\" \/>\n\t<meta name=\"twitter:label2\" content=\"Tempo di lettura stimato\" \/>\n\t<meta name=\"twitter:data2\" content=\"20 minuti\" \/>\n<script type=\"application\/ld+json\" class=\"yoast-schema-graph\">{\"@context\":\"https:\/\/schema.org\",\"@graph\":[{\"@type\":\"Article\",\"@id\":\"https:\/\/www.istitutogalanteoliva.it\/magazine\/2021\/10\/27\/il-ponentino-periodico-del-ponente-genovese-n1\/#article\",\"isPartOf\":{\"@id\":\"https:\/\/www.istitutogalanteoliva.it\/magazine\/2021\/10\/27\/il-ponentino-periodico-del-ponente-genovese-n1\/\"},\"author\":{\"name\":\"Antonello Rivano\",\"@id\":\"https:\/\/www.istitutogalanteoliva.it\/magazine\/#\/schema\/person\/d8b8aa79cfe8babc1df9da3212a7c0c4\"},\"headline\":\"il PONENTINO &#8211; N\u00b01\",\"datePublished\":\"2021-10-27T18:13:00+00:00\",\"dateModified\":\"2021-11-23T16:40:15+00:00\",\"mainEntityOfPage\":{\"@id\":\"https:\/\/www.istitutogalanteoliva.it\/magazine\/2021\/10\/27\/il-ponentino-periodico-del-ponente-genovese-n1\/\"},\"wordCount\":4023,\"commentCount\":0,\"publisher\":{\"@id\":\"https:\/\/www.istitutogalanteoliva.it\/magazine\/#organization\"},\"image\":{\"@id\":\"https:\/\/www.istitutogalanteoliva.it\/magazine\/2021\/10\/27\/il-ponentino-periodico-del-ponente-genovese-n1\/#primaryimage\"},\"thumbnailUrl\":\"https:\/\/www.istitutogalanteoliva.it\/magazine\/wp-content\/uploads\/2021\/11\/Copertina-Magazine-circolo-2-2.jpg\",\"articleSection\":[\"2021\",\"Il Ponentino\"],\"inLanguage\":\"it-IT\",\"potentialAction\":[{\"@type\":\"CommentAction\",\"name\":\"Comment\",\"target\":[\"https:\/\/www.istitutogalanteoliva.it\/magazine\/2021\/10\/27\/il-ponentino-periodico-del-ponente-genovese-n1\/#respond\"]}]},{\"@type\":\"WebPage\",\"@id\":\"https:\/\/www.istitutogalanteoliva.it\/magazine\/2021\/10\/27\/il-ponentino-periodico-del-ponente-genovese-n1\/\",\"url\":\"https:\/\/www.istitutogalanteoliva.it\/magazine\/2021\/10\/27\/il-ponentino-periodico-del-ponente-genovese-n1\/\",\"name\":\"il PONENTINO - N\u00b01 - Polis SA Magazine\",\"isPartOf\":{\"@id\":\"https:\/\/www.istitutogalanteoliva.it\/magazine\/#website\"},\"primaryImageOfPage\":{\"@id\":\"https:\/\/www.istitutogalanteoliva.it\/magazine\/2021\/10\/27\/il-ponentino-periodico-del-ponente-genovese-n1\/#primaryimage\"},\"image\":{\"@id\":\"https:\/\/www.istitutogalanteoliva.it\/magazine\/2021\/10\/27\/il-ponentino-periodico-del-ponente-genovese-n1\/#primaryimage\"},\"thumbnailUrl\":\"https:\/\/www.istitutogalanteoliva.it\/magazine\/wp-content\/uploads\/2021\/11\/Copertina-Magazine-circolo-2-2.jpg\",\"datePublished\":\"2021-10-27T18:13:00+00:00\",\"dateModified\":\"2021-11-23T16:40:15+00:00\",\"description\":\"Questo inserto ha lo scopo di essere una voce del \\\"Ponente Genovese\\\". Il nome riprende quello dello storico mensile, edito dal \\\"Circolo Culturale Norberto Sopranzi\\\" di Pegli, in edicola dal 1987 sino al 2014.\",\"inLanguage\":\"it-IT\",\"potentialAction\":[{\"@type\":\"ReadAction\",\"target\":[\"https:\/\/www.istitutogalanteoliva.it\/magazine\/2021\/10\/27\/il-ponentino-periodico-del-ponente-genovese-n1\/\"]}]},{\"@type\":\"ImageObject\",\"inLanguage\":\"it-IT\",\"@id\":\"https:\/\/www.istitutogalanteoliva.it\/magazine\/2021\/10\/27\/il-ponentino-periodico-del-ponente-genovese-n1\/#primaryimage\",\"url\":\"https:\/\/www.istitutogalanteoliva.it\/magazine\/wp-content\/uploads\/2021\/11\/Copertina-Magazine-circolo-2-2.jpg\",\"contentUrl\":\"https:\/\/www.istitutogalanteoliva.it\/magazine\/wp-content\/uploads\/2021\/11\/Copertina-Magazine-circolo-2-2.jpg\",\"width\":640,\"height\":190},{\"@type\":\"WebSite\",\"@id\":\"https:\/\/www.istitutogalanteoliva.it\/magazine\/#website\",\"url\":\"https:\/\/www.istitutogalanteoliva.it\/magazine\/\",\"name\":\"POLIS SA MAGAZINE\",\"description\":\"Informazione e approfondimenti\",\"publisher\":{\"@id\":\"https:\/\/www.istitutogalanteoliva.it\/magazine\/#organization\"},\"potentialAction\":[{\"@type\":\"SearchAction\",\"target\":{\"@type\":\"EntryPoint\",\"urlTemplate\":\"https:\/\/www.istitutogalanteoliva.it\/magazine\/?s={search_term_string}\"},\"query-input\":{\"@type\":\"PropertyValueSpecification\",\"valueRequired\":true,\"valueName\":\"search_term_string\"}}],\"inLanguage\":\"it-IT\"},{\"@type\":\"Organization\",\"@id\":\"https:\/\/www.istitutogalanteoliva.it\/magazine\/#organization\",\"name\":\"Polis SA Magazine\",\"url\":\"https:\/\/www.istitutogalanteoliva.it\/magazine\/\",\"logo\":{\"@type\":\"ImageObject\",\"inLanguage\":\"it-IT\",\"@id\":\"https:\/\/www.istitutogalanteoliva.it\/magazine\/#\/schema\/logo\/image\/\",\"url\":\"\",\"contentUrl\":\"\",\"caption\":\"Polis SA Magazine\"},\"image\":{\"@id\":\"https:\/\/www.istitutogalanteoliva.it\/magazine\/#\/schema\/logo\/image\/\"},\"sameAs\":[\"https:\/\/www.facebook.com\/PolisSAMagazine\/\",\"https:\/\/x.com\/MagazinePolis\",\"https:\/\/www.youtube.com\/channel\/UCv0Mr5AHKUmsc0sEEXkJrgw\"]},{\"@type\":\"Person\",\"@id\":\"https:\/\/www.istitutogalanteoliva.it\/magazine\/#\/schema\/person\/d8b8aa79cfe8babc1df9da3212a7c0c4\",\"name\":\"Antonello Rivano\",\"image\":{\"@type\":\"ImageObject\",\"inLanguage\":\"it-IT\",\"@id\":\"https:\/\/www.istitutogalanteoliva.it\/magazine\/#\/schema\/person\/image\/\",\"url\":\"https:\/\/secure.gravatar.com\/avatar\/517a9a6487a7a18ecc4ce6d2e57a8f40?s=96&d=mm&r=g\",\"contentUrl\":\"https:\/\/secure.gravatar.com\/avatar\/517a9a6487a7a18ecc4ce6d2e57a8f40?s=96&d=mm&r=g\",\"caption\":\"Antonello Rivano\"},\"url\":\"https:\/\/www.istitutogalanteoliva.it\/magazine\/author\/antonello\/\"}]}<\/script>\n<!-- \/ Yoast SEO plugin. -->","yoast_head_json":{"title":"il PONENTINO - N\u00b01 - Polis SA Magazine","description":"Questo inserto ha lo scopo di essere una voce del \"Ponente Genovese\". Il nome riprende quello dello storico mensile, edito dal \"Circolo Culturale Norberto Sopranzi\" di Pegli, in edicola dal 1987 sino al 2014.","robots":{"index":"index","follow":"follow","max-snippet":"max-snippet:-1","max-image-preview":"max-image-preview:large","max-video-preview":"max-video-preview:-1"},"canonical":"https:\/\/www.istitutogalanteoliva.it\/magazine\/2021\/10\/27\/il-ponentino-periodico-del-ponente-genovese-n1\/","next":"https:\/\/www.istitutogalanteoliva.it\/magazine\/2021\/10\/27\/il-ponentino-periodico-del-ponente-genovese-n1\/2\/","og_locale":"it_IT","og_type":"article","og_title":"il PONENTINO - N\u00b01 - Polis SA Magazine","og_description":"Questo inserto ha lo scopo di essere una voce del \"Ponente Genovese\". Il nome riprende quello dello storico mensile, edito dal \"Circolo Culturale Norberto Sopranzi\" di Pegli, in edicola dal 1987 sino al 2014.","og_url":"https:\/\/www.istitutogalanteoliva.it\/magazine\/2021\/10\/27\/il-ponentino-periodico-del-ponente-genovese-n1\/","og_site_name":"Polis SA Magazine","article_publisher":"https:\/\/www.facebook.com\/PolisSAMagazine\/","article_published_time":"2021-10-27T18:13:00+00:00","article_modified_time":"2021-11-23T16:40:15+00:00","og_image":[{"width":640,"height":190,"url":"https:\/\/www.istitutogalanteoliva.it\/magazine\/wp-content\/uploads\/2021\/11\/Copertina-Magazine-circolo-2-2.jpg","type":"image\/jpeg"}],"author":"Antonello Rivano","twitter_card":"summary_large_image","twitter_creator":"@MagazinePolis","twitter_site":"@MagazinePolis","twitter_misc":{"Scritto da":"Antonello Rivano","Tempo di lettura stimato":"20 minuti"},"schema":{"@context":"https:\/\/schema.org","@graph":[{"@type":"Article","@id":"https:\/\/www.istitutogalanteoliva.it\/magazine\/2021\/10\/27\/il-ponentino-periodico-del-ponente-genovese-n1\/#article","isPartOf":{"@id":"https:\/\/www.istitutogalanteoliva.it\/magazine\/2021\/10\/27\/il-ponentino-periodico-del-ponente-genovese-n1\/"},"author":{"name":"Antonello Rivano","@id":"https:\/\/www.istitutogalanteoliva.it\/magazine\/#\/schema\/person\/d8b8aa79cfe8babc1df9da3212a7c0c4"},"headline":"il PONENTINO &#8211; N\u00b01","datePublished":"2021-10-27T18:13:00+00:00","dateModified":"2021-11-23T16:40:15+00:00","mainEntityOfPage":{"@id":"https:\/\/www.istitutogalanteoliva.it\/magazine\/2021\/10\/27\/il-ponentino-periodico-del-ponente-genovese-n1\/"},"wordCount":4023,"commentCount":0,"publisher":{"@id":"https:\/\/www.istitutogalanteoliva.it\/magazine\/#organization"},"image":{"@id":"https:\/\/www.istitutogalanteoliva.it\/magazine\/2021\/10\/27\/il-ponentino-periodico-del-ponente-genovese-n1\/#primaryimage"},"thumbnailUrl":"https:\/\/www.istitutogalanteoliva.it\/magazine\/wp-content\/uploads\/2021\/11\/Copertina-Magazine-circolo-2-2.jpg","articleSection":["2021","Il Ponentino"],"inLanguage":"it-IT","potentialAction":[{"@type":"CommentAction","name":"Comment","target":["https:\/\/www.istitutogalanteoliva.it\/magazine\/2021\/10\/27\/il-ponentino-periodico-del-ponente-genovese-n1\/#respond"]}]},{"@type":"WebPage","@id":"https:\/\/www.istitutogalanteoliva.it\/magazine\/2021\/10\/27\/il-ponentino-periodico-del-ponente-genovese-n1\/","url":"https:\/\/www.istitutogalanteoliva.it\/magazine\/2021\/10\/27\/il-ponentino-periodico-del-ponente-genovese-n1\/","name":"il PONENTINO - N\u00b01 - Polis SA Magazine","isPartOf":{"@id":"https:\/\/www.istitutogalanteoliva.it\/magazine\/#website"},"primaryImageOfPage":{"@id":"https:\/\/www.istitutogalanteoliva.it\/magazine\/2021\/10\/27\/il-ponentino-periodico-del-ponente-genovese-n1\/#primaryimage"},"image":{"@id":"https:\/\/www.istitutogalanteoliva.it\/magazine\/2021\/10\/27\/il-ponentino-periodico-del-ponente-genovese-n1\/#primaryimage"},"thumbnailUrl":"https:\/\/www.istitutogalanteoliva.it\/magazine\/wp-content\/uploads\/2021\/11\/Copertina-Magazine-circolo-2-2.jpg","datePublished":"2021-10-27T18:13:00+00:00","dateModified":"2021-11-23T16:40:15+00:00","description":"Questo inserto ha lo scopo di essere una voce del \"Ponente Genovese\". Il nome riprende quello dello storico mensile, edito dal \"Circolo Culturale Norberto Sopranzi\" di Pegli, in edicola dal 1987 sino al 2014.","inLanguage":"it-IT","potentialAction":[{"@type":"ReadAction","target":["https:\/\/www.istitutogalanteoliva.it\/magazine\/2021\/10\/27\/il-ponentino-periodico-del-ponente-genovese-n1\/"]}]},{"@type":"ImageObject","inLanguage":"it-IT","@id":"https:\/\/www.istitutogalanteoliva.it\/magazine\/2021\/10\/27\/il-ponentino-periodico-del-ponente-genovese-n1\/#primaryimage","url":"https:\/\/www.istitutogalanteoliva.it\/magazine\/wp-content\/uploads\/2021\/11\/Copertina-Magazine-circolo-2-2.jpg","contentUrl":"https:\/\/www.istitutogalanteoliva.it\/magazine\/wp-content\/uploads\/2021\/11\/Copertina-Magazine-circolo-2-2.jpg","width":640,"height":190},{"@type":"WebSite","@id":"https:\/\/www.istitutogalanteoliva.it\/magazine\/#website","url":"https:\/\/www.istitutogalanteoliva.it\/magazine\/","name":"POLIS SA MAGAZINE","description":"Informazione e approfondimenti","publisher":{"@id":"https:\/\/www.istitutogalanteoliva.it\/magazine\/#organization"},"potentialAction":[{"@type":"SearchAction","target":{"@type":"EntryPoint","urlTemplate":"https:\/\/www.istitutogalanteoliva.it\/magazine\/?s={search_term_string}"},"query-input":{"@type":"PropertyValueSpecification","valueRequired":true,"valueName":"search_term_string"}}],"inLanguage":"it-IT"},{"@type":"Organization","@id":"https:\/\/www.istitutogalanteoliva.it\/magazine\/#organization","name":"Polis SA Magazine","url":"https:\/\/www.istitutogalanteoliva.it\/magazine\/","logo":{"@type":"ImageObject","inLanguage":"it-IT","@id":"https:\/\/www.istitutogalanteoliva.it\/magazine\/#\/schema\/logo\/image\/","url":"","contentUrl":"","caption":"Polis SA Magazine"},"image":{"@id":"https:\/\/www.istitutogalanteoliva.it\/magazine\/#\/schema\/logo\/image\/"},"sameAs":["https:\/\/www.facebook.com\/PolisSAMagazine\/","https:\/\/x.com\/MagazinePolis","https:\/\/www.youtube.com\/channel\/UCv0Mr5AHKUmsc0sEEXkJrgw"]},{"@type":"Person","@id":"https:\/\/www.istitutogalanteoliva.it\/magazine\/#\/schema\/person\/d8b8aa79cfe8babc1df9da3212a7c0c4","name":"Antonello Rivano","image":{"@type":"ImageObject","inLanguage":"it-IT","@id":"https:\/\/www.istitutogalanteoliva.it\/magazine\/#\/schema\/person\/image\/","url":"https:\/\/secure.gravatar.com\/avatar\/517a9a6487a7a18ecc4ce6d2e57a8f40?s=96&d=mm&r=g","contentUrl":"https:\/\/secure.gravatar.com\/avatar\/517a9a6487a7a18ecc4ce6d2e57a8f40?s=96&d=mm&r=g","caption":"Antonello Rivano"},"url":"https:\/\/www.istitutogalanteoliva.it\/magazine\/author\/antonello\/"}]}},"_links":{"self":[{"href":"https:\/\/www.istitutogalanteoliva.it\/magazine\/wp-json\/wp\/v2\/posts\/10034","targetHints":{"allow":["GET"]}}],"collection":[{"href":"https:\/\/www.istitutogalanteoliva.it\/magazine\/wp-json\/wp\/v2\/posts"}],"about":[{"href":"https:\/\/www.istitutogalanteoliva.it\/magazine\/wp-json\/wp\/v2\/types\/post"}],"author":[{"embeddable":true,"href":"https:\/\/www.istitutogalanteoliva.it\/magazine\/wp-json\/wp\/v2\/users\/2"}],"replies":[{"embeddable":true,"href":"https:\/\/www.istitutogalanteoliva.it\/magazine\/wp-json\/wp\/v2\/comments?post=10034"}],"version-history":[{"count":65,"href":"https:\/\/www.istitutogalanteoliva.it\/magazine\/wp-json\/wp\/v2\/posts\/10034\/revisions"}],"predecessor-version":[{"id":10693,"href":"https:\/\/www.istitutogalanteoliva.it\/magazine\/wp-json\/wp\/v2\/posts\/10034\/revisions\/10693"}],"wp:featuredmedia":[{"embeddable":true,"href":"https:\/\/www.istitutogalanteoliva.it\/magazine\/wp-json\/wp\/v2\/media\/10618"}],"wp:attachment":[{"href":"https:\/\/www.istitutogalanteoliva.it\/magazine\/wp-json\/wp\/v2\/media?parent=10034"}],"wp:term":[{"taxonomy":"category","embeddable":true,"href":"https:\/\/www.istitutogalanteoliva.it\/magazine\/wp-json\/wp\/v2\/categories?post=10034"},{"taxonomy":"post_tag","embeddable":true,"href":"https:\/\/www.istitutogalanteoliva.it\/magazine\/wp-json\/wp\/v2\/tags?post=10034"}],"curies":[{"name":"wp","href":"https:\/\/api.w.org\/{rel}","templated":true}]}}