{"id":1036,"date":"2016-07-20T10:38:59","date_gmt":"2016-07-20T08:38:59","guid":{"rendered":"http:\/\/www.edizionipolis.it\/magazine\/?p=1036"},"modified":"2019-08-23T10:41:05","modified_gmt":"2019-08-23T08:41:05","slug":"il-consumo-di-suolo-una-storia-senza-lieto-fine","status":"publish","type":"post","link":"https:\/\/www.istitutogalanteoliva.it\/magazine\/2016\/07\/20\/il-consumo-di-suolo-una-storia-senza-lieto-fine\/","title":{"rendered":"Il consumo di suolo: una storia senza lieto fine?"},"content":{"rendered":"\n<p>Non c\u2019\u00e8 alcun dubbio che negli ultimi due secoli i processi di urbanizzazione hanno\ncambiato e modificato la forma e le dimensioni delle citt\u00e0 occidentali. La popolazione\nurbana che nel 1800 rappresentava solo il 2% della popolazione mondiale, negli ultimi\ndue secoli \u00e8 costantemente cresciuta, arrivando a oltre il 50% negli anni 2000, con un\n<em>trend <\/em>sempre crescente.\n<\/p>\n\n\n\n<p>Il primo cambiamento, non solamente in senso urbanistico, avviene quando avviene il\n\u201ccambiamento\u201d di stile di vita della popolazione mondiale che si ha nel 1800, prodotto\nanche e soprattutto dalla rivoluzione industriale, quando nutrite masse di contadini si\nspostano dalla campagna alla citt\u00e0 per trovare nuovo lavoro all\u2019interno delle industrie,\nlavoro pi\u00f9 sicuro e maggiormente retribuito rispetto a quello dell\u2019agricoltura, all\u2019epoca\nera cos\u00ec. Sempre pi\u00f9 industrie vengono impiantate e sempre pi\u00f9 popolazione accorre,\ncreando una continua domanda di alloggi e servizi minimi.\n<\/p>\n\n\n\n<p>L\u2019allargamento delle citt\u00e0, e quindi il consumo del suolo, \u00e8 dovuto quindi a due fattori importanti: la crescita economica e industriale, e un forte e costante aumento demografico. Questi sono gli anni in cui le grandi citt\u00e0 europee cambiano aspetto e forma: esempi sono Londra, Parigi e Vienna, che per una miglior vivibilit\u00e0, e per un maggior controllo sulle nuove masse che giungono per condizioni migliori di vita, cambiano e si modificano per affrontare le nuove esigenze. Le citt\u00e0 diventano sempre pi\u00f9 grandi e si iniziano a creare le prime differenziazioni tra centro, abitato dalla borghesia, e periferia dove le masse proletarie si ammassano in sobborghi angusti. Questo \u00e8 il leitmotiv che si sussegue per tutto il secolo fino alla fine del secondo conflitto mondiale. <\/p>\n\n\n\n<p>Un ulteriore cambiamento delle citt\u00e0 avviene dopo il secondo dopoguerra. La seconda guerra mondiale, soprattutto per i paesi che avevano subito l\u2019evento sui propri territori, aveva portato a un depauperamento degli antichi centri, di cui molto era stato distrutto e poco era recuperabile, ma la volont\u00e0 e la voglia di riprendersi era forte e c\u2019era bisogno di una veloce ricostruzione. In questo frangente sempre pi\u00f9 le citt\u00e0-industriali iniziano a diventare citt\u00e0 di servizi. Gli stabilimenti produttivi presenti all\u2019interno dei centri urbani iniziano a spostarsi nelle arie periferiche o lungo i principali snodi di comunicazione. Intanto la ricostruzione \u00e8 spedita, e tanto \u2013 e in malo modo \u2013 si costruisce per una esigenza abitativa forte. Anche se le citt\u00e0 perdono la loro funzione produttiva, la quota di popolazione inurbata continua a crescere, pur con dinamiche diverse rispetto al passato. Le citt\u00e0 grandi iniziano a perdere popolazione in favore della corona di comuni limitrofi. Si crea il fenomeno dell\u2019<em>urban sprawl<\/em>, cio\u00e8 la diffusione \u2013 o dispersione \u2013 urbana, che provoca la creazione di citt\u00e0 senza confini e senza una reale visione unitaria. Le cause di questo fenomeno sono tante e diversificate. In Italia numerosi studiosi hanno provato a delineare e ad analizzare le cause pi\u00f9 importanti, come la delocalizzazione delle industrie. <\/p>\n\n\n\n<p>Senza per\u00f2 un\u2019attenta riqualificazione delle strutture abbandonate e la costruzione di\nvillette monofamiliari che sempre pi\u00f9 occupano suolo, la cementificazione dovuta a una\nmancata programmazione urbanistica seria la fa da padrona.\n<\/p>\n\n\n\n<p>Probabilmente il periodo in cui si \u00e8 avuto il massimo consumo di suolo in Italia \u00e8 tra la fine degli anni \u201970 e gli anni \u201980. \u00c8 questo, infatti, il periodo in cui inizia la crisi per numerose imprese, soprattutto manifatturiere, che fino a quel momento avevano avuto un ruolo preminente nella scena economica del paese. Proprio per questo la classe imprenditoriale decise di investire su comparti meno esposti alla concorrenza, e in grado di garantire ancora ampi margini di profitto. In altre parole l\u2019investimento \u201cdel mattone\u201d divent\u00f2 rifugio per molti imprenditori e occasione di speculazione per il sistema industriale entrato in crisi. In tutto ci\u00f2 si aggiunse la politica, che in maniera passiva ma non disinteressata, vedeva di buon occhio questo fenomeno come guadagno elettorale e personale. Tantissime citt\u00e0 che erano uscite integre dalla seconda guerra mondiale vedono modificarsi in modo irrazionale e molto spesso senza una reale visione di questi anni, ma nonostante tutto ci troviamo ancora in una fase di crescita demografica e di situazione economica in bilico. <\/p>\n\n\n\n<p>Oggi la situazione in Italia non risulta diversa dagli anni \u201980. Mentre numerosi paesi europei, e la stessa Unione Europea, hanno compreso gli errori del passato cercando di eliminare o abbassare il consumo di suolo, o almeno una razionalizzazione riguardo la creazione di alloggi o infrastrutture, in Italia siamo pi\u00f9 incerti sul percorso da intraprendere. Mentre la Germania ha fissato l\u2019obiettivo di consumo zero per il 2050 e l\u2019Inghilterra cerca di conservare le zone agricole privilegiando il verde pubblico, in Italia si balbetta cercando una soluzione che accontenti un po\u2019 tutti. Come ha anche affermato Legambiente, molto attiva su questo versante, l\u2019Italia \u00e8 un paese con una fortissima tendenza a cementificare disordinatamente il suolo libero, soprattutto nel sud e soprattutto nei piccoli centri, i quali non sono in grado di poter resistere a spinte politiche, e quindi costretti, ma non troppo, a modificare suoli verdi in suoli da cementificare. <\/p>\n\n\n\n<p>Rimanendo pi\u00f9 vicini a noi, ci\u00f2 che realmente colpisce \u00e8 che, confrontando i piani urbanistici dei diversi comuni, tranne qualche piccola eccezione, si continua a considerare un consistente aumento insediativo avallato da previsioni e proiezioni che invece di basarsi su processi storici o dati reali si basano su meri calcoli matematici guidati dall\u2019occhio vigile della classe politica. Il piano territoriale di coordinamento provinciale di Salerno assegna numerosi alloggi ai singoli comuni, anche se negli ultimi quindici anni la popolazione nell\u2019intera provincia \u00e8 aumentata di 30.000 abitanti ma con un trend in diminuzione negli ultimi anni. Sempre nella nostra provincia il saldo naturale dal 2009 \u00e8 sempre in negativo e ormai sono tanti i giovani che scappano per opportunit\u00e0 di lavoro. Allora la domanda da porsi \u00e8: in passato si costruivano numerosi alloggi perch\u00e9 c\u2019era un forte aumento demografico e una forte spinta economica, oggi perch\u00e9 continuiamo a costruire e a occupare suolo? Possibile che la classe dirigente tutta sia cos\u00ec miope? <\/p>\n\n\n\n<p style=\"text-align:right\"><em>Galante Teo Oliva\n<\/em><\/p>\n<div class=\"pdfprnt-buttons pdfprnt-buttons-post pdfprnt-bottom-left\"><a href=\"https:\/\/www.istitutogalanteoliva.it\/magazine\/wp-json\/wp\/v2\/posts\/1036?print=print\" class=\"pdfprnt-button pdfprnt-button-print\" target=\"_blank\"><img decoding=\"async\" src=\"https:\/\/www.istitutogalanteoliva.it\/magazine\/wp-content\/plugins\/pdf-print\/images\/print.png\" alt=\"image_print\" title=\"Stampa contenuto\" \/><span class=\"pdfprnt-button-title pdfprnt-button-print-title\">Download in PDF<\/span><\/a><\/div>","protected":false},"excerpt":{"rendered":"<p>Non c\u2019\u00e8 alcun dubbio che negli ultimi due secoli i processi di urbanizzazione hanno cambiato<\/p>\n","protected":false},"author":1,"featured_media":1037,"comment_status":"open","ping_status":"open","sticky":false,"template":"","format":"standard","meta":{"footnotes":""},"categories":[5,23],"tags":[],"class_list":["post-1036","post","type-post","status-publish","format-standard","has-post-thumbnail","hentry","category-5","category-storia"],"yoast_head":"<!-- This site is optimized with the Yoast SEO plugin v24.2 - https:\/\/yoast.com\/wordpress\/plugins\/seo\/ -->\n<title>Il consumo di suolo: una storia senza lieto fine? - Polis SA Magazine<\/title>\n<meta name=\"robots\" content=\"index, follow, max-snippet:-1, max-image-preview:large, max-video-preview:-1\" \/>\n<link rel=\"canonical\" href=\"https:\/\/www.istitutogalanteoliva.it\/magazine\/2016\/07\/20\/il-consumo-di-suolo-una-storia-senza-lieto-fine\/\" \/>\n<meta property=\"og:locale\" content=\"it_IT\" \/>\n<meta property=\"og:type\" content=\"article\" \/>\n<meta property=\"og:title\" content=\"Il consumo di suolo: una storia senza lieto fine? - Polis SA Magazine\" \/>\n<meta property=\"og:description\" content=\"Non c\u2019\u00e8 alcun dubbio che negli ultimi due secoli i processi di urbanizzazione hanno cambiato\" \/>\n<meta property=\"og:url\" content=\"https:\/\/www.istitutogalanteoliva.it\/magazine\/2016\/07\/20\/il-consumo-di-suolo-una-storia-senza-lieto-fine\/\" \/>\n<meta property=\"og:site_name\" content=\"Polis SA Magazine\" \/>\n<meta property=\"article:publisher\" content=\"https:\/\/www.facebook.com\/PolisSAMagazine\/\" \/>\n<meta property=\"article:published_time\" content=\"2016-07-20T08:38:59+00:00\" \/>\n<meta property=\"article:modified_time\" content=\"2019-08-23T08:41:05+00:00\" \/>\n<meta property=\"og:image\" content=\"https:\/\/www.istitutogalanteoliva.it\/magazine\/wp-content\/uploads\/2019\/08\/street-675224_640.jpg\" \/>\n\t<meta property=\"og:image:width\" content=\"640\" \/>\n\t<meta property=\"og:image:height\" content=\"426\" \/>\n\t<meta property=\"og:image:type\" content=\"image\/jpeg\" \/>\n<meta name=\"author\" content=\"admin\" \/>\n<meta name=\"twitter:card\" content=\"summary_large_image\" \/>\n<meta name=\"twitter:creator\" content=\"@MagazinePolis\" \/>\n<meta name=\"twitter:site\" content=\"@MagazinePolis\" \/>\n<meta name=\"twitter:label1\" content=\"Scritto da\" \/>\n\t<meta name=\"twitter:data1\" content=\"admin\" \/>\n\t<meta name=\"twitter:label2\" content=\"Tempo di lettura stimato\" \/>\n\t<meta name=\"twitter:data2\" content=\"5 minuti\" \/>\n<script type=\"application\/ld+json\" class=\"yoast-schema-graph\">{\"@context\":\"https:\/\/schema.org\",\"@graph\":[{\"@type\":\"Article\",\"@id\":\"https:\/\/www.istitutogalanteoliva.it\/magazine\/2016\/07\/20\/il-consumo-di-suolo-una-storia-senza-lieto-fine\/#article\",\"isPartOf\":{\"@id\":\"https:\/\/www.istitutogalanteoliva.it\/magazine\/2016\/07\/20\/il-consumo-di-suolo-una-storia-senza-lieto-fine\/\"},\"author\":{\"name\":\"admin\",\"@id\":\"https:\/\/www.istitutogalanteoliva.it\/magazine\/#\/schema\/person\/72e8141246542ebcf905456f5dbd4c49\"},\"headline\":\"Il consumo di suolo: una storia senza lieto fine?\",\"datePublished\":\"2016-07-20T08:38:59+00:00\",\"dateModified\":\"2019-08-23T08:41:05+00:00\",\"mainEntityOfPage\":{\"@id\":\"https:\/\/www.istitutogalanteoliva.it\/magazine\/2016\/07\/20\/il-consumo-di-suolo-una-storia-senza-lieto-fine\/\"},\"wordCount\":988,\"commentCount\":0,\"publisher\":{\"@id\":\"https:\/\/www.istitutogalanteoliva.it\/magazine\/#organization\"},\"image\":{\"@id\":\"https:\/\/www.istitutogalanteoliva.it\/magazine\/2016\/07\/20\/il-consumo-di-suolo-una-storia-senza-lieto-fine\/#primaryimage\"},\"thumbnailUrl\":\"https:\/\/www.istitutogalanteoliva.it\/magazine\/wp-content\/uploads\/2019\/08\/street-675224_640.jpg\",\"articleSection\":[\"2016\",\"Storia\"],\"inLanguage\":\"it-IT\",\"potentialAction\":[{\"@type\":\"CommentAction\",\"name\":\"Comment\",\"target\":[\"https:\/\/www.istitutogalanteoliva.it\/magazine\/2016\/07\/20\/il-consumo-di-suolo-una-storia-senza-lieto-fine\/#respond\"]}]},{\"@type\":\"WebPage\",\"@id\":\"https:\/\/www.istitutogalanteoliva.it\/magazine\/2016\/07\/20\/il-consumo-di-suolo-una-storia-senza-lieto-fine\/\",\"url\":\"https:\/\/www.istitutogalanteoliva.it\/magazine\/2016\/07\/20\/il-consumo-di-suolo-una-storia-senza-lieto-fine\/\",\"name\":\"Il consumo di suolo: una storia senza lieto fine? - Polis SA Magazine\",\"isPartOf\":{\"@id\":\"https:\/\/www.istitutogalanteoliva.it\/magazine\/#website\"},\"primaryImageOfPage\":{\"@id\":\"https:\/\/www.istitutogalanteoliva.it\/magazine\/2016\/07\/20\/il-consumo-di-suolo-una-storia-senza-lieto-fine\/#primaryimage\"},\"image\":{\"@id\":\"https:\/\/www.istitutogalanteoliva.it\/magazine\/2016\/07\/20\/il-consumo-di-suolo-una-storia-senza-lieto-fine\/#primaryimage\"},\"thumbnailUrl\":\"https:\/\/www.istitutogalanteoliva.it\/magazine\/wp-content\/uploads\/2019\/08\/street-675224_640.jpg\",\"datePublished\":\"2016-07-20T08:38:59+00:00\",\"dateModified\":\"2019-08-23T08:41:05+00:00\",\"breadcrumb\":{\"@id\":\"https:\/\/www.istitutogalanteoliva.it\/magazine\/2016\/07\/20\/il-consumo-di-suolo-una-storia-senza-lieto-fine\/#breadcrumb\"},\"inLanguage\":\"it-IT\",\"potentialAction\":[{\"@type\":\"ReadAction\",\"target\":[\"https:\/\/www.istitutogalanteoliva.it\/magazine\/2016\/07\/20\/il-consumo-di-suolo-una-storia-senza-lieto-fine\/\"]}]},{\"@type\":\"ImageObject\",\"inLanguage\":\"it-IT\",\"@id\":\"https:\/\/www.istitutogalanteoliva.it\/magazine\/2016\/07\/20\/il-consumo-di-suolo-una-storia-senza-lieto-fine\/#primaryimage\",\"url\":\"https:\/\/www.istitutogalanteoliva.it\/magazine\/wp-content\/uploads\/2019\/08\/street-675224_640.jpg\",\"contentUrl\":\"https:\/\/www.istitutogalanteoliva.it\/magazine\/wp-content\/uploads\/2019\/08\/street-675224_640.jpg\",\"width\":640,\"height\":426},{\"@type\":\"BreadcrumbList\",\"@id\":\"https:\/\/www.istitutogalanteoliva.it\/magazine\/2016\/07\/20\/il-consumo-di-suolo-una-storia-senza-lieto-fine\/#breadcrumb\",\"itemListElement\":[{\"@type\":\"ListItem\",\"position\":1,\"name\":\"Home\",\"item\":\"https:\/\/www.istitutogalanteoliva.it\/magazine\/\"},{\"@type\":\"ListItem\",\"position\":2,\"name\":\"Il consumo di suolo: una storia senza lieto fine?\"}]},{\"@type\":\"WebSite\",\"@id\":\"https:\/\/www.istitutogalanteoliva.it\/magazine\/#website\",\"url\":\"https:\/\/www.istitutogalanteoliva.it\/magazine\/\",\"name\":\"POLIS SA MAGAZINE\",\"description\":\"Informazione e approfondimenti\",\"publisher\":{\"@id\":\"https:\/\/www.istitutogalanteoliva.it\/magazine\/#organization\"},\"potentialAction\":[{\"@type\":\"SearchAction\",\"target\":{\"@type\":\"EntryPoint\",\"urlTemplate\":\"https:\/\/www.istitutogalanteoliva.it\/magazine\/?s={search_term_string}\"},\"query-input\":{\"@type\":\"PropertyValueSpecification\",\"valueRequired\":true,\"valueName\":\"search_term_string\"}}],\"inLanguage\":\"it-IT\"},{\"@type\":\"Organization\",\"@id\":\"https:\/\/www.istitutogalanteoliva.it\/magazine\/#organization\",\"name\":\"Polis SA Magazine\",\"url\":\"https:\/\/www.istitutogalanteoliva.it\/magazine\/\",\"logo\":{\"@type\":\"ImageObject\",\"inLanguage\":\"it-IT\",\"@id\":\"https:\/\/www.istitutogalanteoliva.it\/magazine\/#\/schema\/logo\/image\/\",\"url\":\"\",\"contentUrl\":\"\",\"caption\":\"Polis SA Magazine\"},\"image\":{\"@id\":\"https:\/\/www.istitutogalanteoliva.it\/magazine\/#\/schema\/logo\/image\/\"},\"sameAs\":[\"https:\/\/www.facebook.com\/PolisSAMagazine\/\",\"https:\/\/x.com\/MagazinePolis\",\"https:\/\/www.youtube.com\/channel\/UCv0Mr5AHKUmsc0sEEXkJrgw\"]},{\"@type\":\"Person\",\"@id\":\"https:\/\/www.istitutogalanteoliva.it\/magazine\/#\/schema\/person\/72e8141246542ebcf905456f5dbd4c49\",\"name\":\"admin\",\"image\":{\"@type\":\"ImageObject\",\"inLanguage\":\"it-IT\",\"@id\":\"https:\/\/www.istitutogalanteoliva.it\/magazine\/#\/schema\/person\/image\/\",\"url\":\"https:\/\/secure.gravatar.com\/avatar\/07059cc99eeb1edd29e138d1812e69ec?s=96&d=mm&r=g\",\"contentUrl\":\"https:\/\/secure.gravatar.com\/avatar\/07059cc99eeb1edd29e138d1812e69ec?s=96&d=mm&r=g\",\"caption\":\"admin\"},\"url\":\"https:\/\/www.istitutogalanteoliva.it\/magazine\/author\/admin\/\"}]}<\/script>\n<!-- \/ Yoast SEO plugin. -->","yoast_head_json":{"title":"Il consumo di suolo: una storia senza lieto fine? - Polis SA Magazine","robots":{"index":"index","follow":"follow","max-snippet":"max-snippet:-1","max-image-preview":"max-image-preview:large","max-video-preview":"max-video-preview:-1"},"canonical":"https:\/\/www.istitutogalanteoliva.it\/magazine\/2016\/07\/20\/il-consumo-di-suolo-una-storia-senza-lieto-fine\/","og_locale":"it_IT","og_type":"article","og_title":"Il consumo di suolo: una storia senza lieto fine? - Polis SA Magazine","og_description":"Non c\u2019\u00e8 alcun dubbio che negli ultimi due secoli i processi di urbanizzazione hanno cambiato","og_url":"https:\/\/www.istitutogalanteoliva.it\/magazine\/2016\/07\/20\/il-consumo-di-suolo-una-storia-senza-lieto-fine\/","og_site_name":"Polis SA Magazine","article_publisher":"https:\/\/www.facebook.com\/PolisSAMagazine\/","article_published_time":"2016-07-20T08:38:59+00:00","article_modified_time":"2019-08-23T08:41:05+00:00","og_image":[{"width":640,"height":426,"url":"https:\/\/www.istitutogalanteoliva.it\/magazine\/wp-content\/uploads\/2019\/08\/street-675224_640.jpg","type":"image\/jpeg"}],"author":"admin","twitter_card":"summary_large_image","twitter_creator":"@MagazinePolis","twitter_site":"@MagazinePolis","twitter_misc":{"Scritto da":"admin","Tempo di lettura stimato":"5 minuti"},"schema":{"@context":"https:\/\/schema.org","@graph":[{"@type":"Article","@id":"https:\/\/www.istitutogalanteoliva.it\/magazine\/2016\/07\/20\/il-consumo-di-suolo-una-storia-senza-lieto-fine\/#article","isPartOf":{"@id":"https:\/\/www.istitutogalanteoliva.it\/magazine\/2016\/07\/20\/il-consumo-di-suolo-una-storia-senza-lieto-fine\/"},"author":{"name":"admin","@id":"https:\/\/www.istitutogalanteoliva.it\/magazine\/#\/schema\/person\/72e8141246542ebcf905456f5dbd4c49"},"headline":"Il consumo di suolo: una storia senza lieto fine?","datePublished":"2016-07-20T08:38:59+00:00","dateModified":"2019-08-23T08:41:05+00:00","mainEntityOfPage":{"@id":"https:\/\/www.istitutogalanteoliva.it\/magazine\/2016\/07\/20\/il-consumo-di-suolo-una-storia-senza-lieto-fine\/"},"wordCount":988,"commentCount":0,"publisher":{"@id":"https:\/\/www.istitutogalanteoliva.it\/magazine\/#organization"},"image":{"@id":"https:\/\/www.istitutogalanteoliva.it\/magazine\/2016\/07\/20\/il-consumo-di-suolo-una-storia-senza-lieto-fine\/#primaryimage"},"thumbnailUrl":"https:\/\/www.istitutogalanteoliva.it\/magazine\/wp-content\/uploads\/2019\/08\/street-675224_640.jpg","articleSection":["2016","Storia"],"inLanguage":"it-IT","potentialAction":[{"@type":"CommentAction","name":"Comment","target":["https:\/\/www.istitutogalanteoliva.it\/magazine\/2016\/07\/20\/il-consumo-di-suolo-una-storia-senza-lieto-fine\/#respond"]}]},{"@type":"WebPage","@id":"https:\/\/www.istitutogalanteoliva.it\/magazine\/2016\/07\/20\/il-consumo-di-suolo-una-storia-senza-lieto-fine\/","url":"https:\/\/www.istitutogalanteoliva.it\/magazine\/2016\/07\/20\/il-consumo-di-suolo-una-storia-senza-lieto-fine\/","name":"Il consumo di suolo: una storia senza lieto fine? - Polis SA Magazine","isPartOf":{"@id":"https:\/\/www.istitutogalanteoliva.it\/magazine\/#website"},"primaryImageOfPage":{"@id":"https:\/\/www.istitutogalanteoliva.it\/magazine\/2016\/07\/20\/il-consumo-di-suolo-una-storia-senza-lieto-fine\/#primaryimage"},"image":{"@id":"https:\/\/www.istitutogalanteoliva.it\/magazine\/2016\/07\/20\/il-consumo-di-suolo-una-storia-senza-lieto-fine\/#primaryimage"},"thumbnailUrl":"https:\/\/www.istitutogalanteoliva.it\/magazine\/wp-content\/uploads\/2019\/08\/street-675224_640.jpg","datePublished":"2016-07-20T08:38:59+00:00","dateModified":"2019-08-23T08:41:05+00:00","breadcrumb":{"@id":"https:\/\/www.istitutogalanteoliva.it\/magazine\/2016\/07\/20\/il-consumo-di-suolo-una-storia-senza-lieto-fine\/#breadcrumb"},"inLanguage":"it-IT","potentialAction":[{"@type":"ReadAction","target":["https:\/\/www.istitutogalanteoliva.it\/magazine\/2016\/07\/20\/il-consumo-di-suolo-una-storia-senza-lieto-fine\/"]}]},{"@type":"ImageObject","inLanguage":"it-IT","@id":"https:\/\/www.istitutogalanteoliva.it\/magazine\/2016\/07\/20\/il-consumo-di-suolo-una-storia-senza-lieto-fine\/#primaryimage","url":"https:\/\/www.istitutogalanteoliva.it\/magazine\/wp-content\/uploads\/2019\/08\/street-675224_640.jpg","contentUrl":"https:\/\/www.istitutogalanteoliva.it\/magazine\/wp-content\/uploads\/2019\/08\/street-675224_640.jpg","width":640,"height":426},{"@type":"BreadcrumbList","@id":"https:\/\/www.istitutogalanteoliva.it\/magazine\/2016\/07\/20\/il-consumo-di-suolo-una-storia-senza-lieto-fine\/#breadcrumb","itemListElement":[{"@type":"ListItem","position":1,"name":"Home","item":"https:\/\/www.istitutogalanteoliva.it\/magazine\/"},{"@type":"ListItem","position":2,"name":"Il consumo di suolo: una storia senza lieto fine?"}]},{"@type":"WebSite","@id":"https:\/\/www.istitutogalanteoliva.it\/magazine\/#website","url":"https:\/\/www.istitutogalanteoliva.it\/magazine\/","name":"POLIS SA MAGAZINE","description":"Informazione e approfondimenti","publisher":{"@id":"https:\/\/www.istitutogalanteoliva.it\/magazine\/#organization"},"potentialAction":[{"@type":"SearchAction","target":{"@type":"EntryPoint","urlTemplate":"https:\/\/www.istitutogalanteoliva.it\/magazine\/?s={search_term_string}"},"query-input":{"@type":"PropertyValueSpecification","valueRequired":true,"valueName":"search_term_string"}}],"inLanguage":"it-IT"},{"@type":"Organization","@id":"https:\/\/www.istitutogalanteoliva.it\/magazine\/#organization","name":"Polis SA Magazine","url":"https:\/\/www.istitutogalanteoliva.it\/magazine\/","logo":{"@type":"ImageObject","inLanguage":"it-IT","@id":"https:\/\/www.istitutogalanteoliva.it\/magazine\/#\/schema\/logo\/image\/","url":"","contentUrl":"","caption":"Polis SA Magazine"},"image":{"@id":"https:\/\/www.istitutogalanteoliva.it\/magazine\/#\/schema\/logo\/image\/"},"sameAs":["https:\/\/www.facebook.com\/PolisSAMagazine\/","https:\/\/x.com\/MagazinePolis","https:\/\/www.youtube.com\/channel\/UCv0Mr5AHKUmsc0sEEXkJrgw"]},{"@type":"Person","@id":"https:\/\/www.istitutogalanteoliva.it\/magazine\/#\/schema\/person\/72e8141246542ebcf905456f5dbd4c49","name":"admin","image":{"@type":"ImageObject","inLanguage":"it-IT","@id":"https:\/\/www.istitutogalanteoliva.it\/magazine\/#\/schema\/person\/image\/","url":"https:\/\/secure.gravatar.com\/avatar\/07059cc99eeb1edd29e138d1812e69ec?s=96&d=mm&r=g","contentUrl":"https:\/\/secure.gravatar.com\/avatar\/07059cc99eeb1edd29e138d1812e69ec?s=96&d=mm&r=g","caption":"admin"},"url":"https:\/\/www.istitutogalanteoliva.it\/magazine\/author\/admin\/"}]}},"_links":{"self":[{"href":"https:\/\/www.istitutogalanteoliva.it\/magazine\/wp-json\/wp\/v2\/posts\/1036","targetHints":{"allow":["GET"]}}],"collection":[{"href":"https:\/\/www.istitutogalanteoliva.it\/magazine\/wp-json\/wp\/v2\/posts"}],"about":[{"href":"https:\/\/www.istitutogalanteoliva.it\/magazine\/wp-json\/wp\/v2\/types\/post"}],"author":[{"embeddable":true,"href":"https:\/\/www.istitutogalanteoliva.it\/magazine\/wp-json\/wp\/v2\/users\/1"}],"replies":[{"embeddable":true,"href":"https:\/\/www.istitutogalanteoliva.it\/magazine\/wp-json\/wp\/v2\/comments?post=1036"}],"version-history":[{"count":1,"href":"https:\/\/www.istitutogalanteoliva.it\/magazine\/wp-json\/wp\/v2\/posts\/1036\/revisions"}],"predecessor-version":[{"id":1038,"href":"https:\/\/www.istitutogalanteoliva.it\/magazine\/wp-json\/wp\/v2\/posts\/1036\/revisions\/1038"}],"wp:featuredmedia":[{"embeddable":true,"href":"https:\/\/www.istitutogalanteoliva.it\/magazine\/wp-json\/wp\/v2\/media\/1037"}],"wp:attachment":[{"href":"https:\/\/www.istitutogalanteoliva.it\/magazine\/wp-json\/wp\/v2\/media?parent=1036"}],"wp:term":[{"taxonomy":"category","embeddable":true,"href":"https:\/\/www.istitutogalanteoliva.it\/magazine\/wp-json\/wp\/v2\/categories?post=1036"},{"taxonomy":"post_tag","embeddable":true,"href":"https:\/\/www.istitutogalanteoliva.it\/magazine\/wp-json\/wp\/v2\/tags?post=1036"}],"curies":[{"name":"wp","href":"https:\/\/api.w.org\/{rel}","templated":true}]}}