{"id":10374,"date":"2021-11-09T15:10:32","date_gmt":"2021-11-09T14:10:32","guid":{"rendered":"https:\/\/www.istitutogalanteoliva.it\/magazine\/?p=10374"},"modified":"2021-11-09T15:35:32","modified_gmt":"2021-11-09T14:35:32","slug":"esercizio-di-verita-e-responsabilita-per-napoli-gaetano-manfredi-al-casa-corriere-festival","status":"publish","type":"post","link":"https:\/\/www.istitutogalanteoliva.it\/magazine\/2021\/11\/09\/esercizio-di-verita-e-responsabilita-per-napoli-gaetano-manfredi-al-casa-corriere-festival\/","title":{"rendered":"\u201cEsercizio di verit\u00e0 e responsabilit\u00e0 per Napoli\u201d  Gaetano Manfredi al Casa Corriere Festival"},"content":{"rendered":"\n<h4 class=\"wp-block-heading\">Il Corriere a tu per tu con Gaetano Manfredi l\u2019incontro tenutosi il 7 novembre al Palazzo Reale di Napoli, in chiusura di \u201cSpazi di Futuro\u201d, Festival organizzato da CasaCorriere. Il sindaco di Napoli risponde ai quesiti delle firme delle Corriere: Enzo d\u2019Errico, direttore del Corriere de Mezzogiorno, Marco Demarco, Antonio Polito e Paolo Macry. Il resoconto della giornata.<\/h4>\n\n\n\n<p><strong>Di <em>Raffaella Grimaldi<\/em><\/strong><\/p>\n\n\n\n<p>\u201cUn esercizio di verit\u00e0 \u00e8 indispensabile in questo momento. I cittadini ne hanno bisogno\u201d \u2013 cos\u00ec il sindaco di Napoli, Gaetano Manfredi, al Casa Corriere Festival. Sollecitato da Polito Manfredi afferma: \u201cVeniamo da anni in cui la narrazione politica \u00e8 stata staccata dalla realt\u00e0 dei fatti, ma non \u00e8 il mio modo di essere e rappresentare le istituzioni. Ci vuole verit\u00e0 e la chiedono sia i cittadini del centro che delle periferie\u201d. Secondo il sindaco la verit\u00e0 \u00e8 anche un esercizio di responsabilit\u00e0 in cui i cittadini, oltre ai diritti, devono avere anche precisi doveri.<\/p>\n\n\n\n<p>Risollevare Napoli diventa dunque una \u201csfida collettiva\u201d che il sindaco, fiducioso, intende affrontare attraverso la definizione di \u201cun patto chiaro\u201d: ottenere servizi migliori tramite un comportamento civico migliore. Del resto il sindaco, secondo Manfredi, deve essere una guida che ha il compito di mostrare la via, ma non pu\u00f2 fare tutto da solo.<\/p>\n\n\n\n<p>Il dialogo prosegue con uno sguardo anche all\u2019Europa. E se nel 1861 d\u2019Azeglio sentiva l\u2019esigenza di \u201cfare gli italiani\u201d oggi Manfredi sente la necessit\u00e0 di educare i napoletani all\u2019europeit\u00e0.<\/p>\n\n\n\n<p>&nbsp;Sulle necessit\u00e0 finanziarie, invece, il sindaco chiede al governo \u201cgaranzia di risorse adeguate\u201d e una prova di fiducia: \u201cnon ammetto che Napoli sia condannata solo perch\u00e9 \u00e8 stato fatto male in passato\u201d. Una politica nazionale di austerity ed una pregressa cattiva gestione della spesa pubblica avrebbero portato Napoli in predissesto gi\u00e0 dal 2013.&nbsp; \u201cBisogna operare in maniera concreta: la priorit\u00e0 sono le persone in carne ed ossa e non solo fare bei discorsi all\u2019interno dei palazzi del potere\u201d \u2013 sostiene Manfredi.<\/p>\n\n\n\n<p>Riconoscere il valore dei comuni a livello nazionale obiettivo del sindaco che annuncia la sua presenza marted\u00ec all\u2019Anci. \u201cRendere i comuni pi\u00f9 efficaci e dare risposte concrete \u00e8 una priorit\u00e0. Se i cittadini percepiscono il cambiamento risolveremo anche il problema dell\u2019astensionismo alle urne\u201d.<\/p>\n\n\n\n<p>Decise le risposte ai dubbi sollevati da Marco Demarco, ex direttore del Corriere del Mezzogiorno, riguardo l\u2019anzianit\u00e0 della giunta. \u201cLa scelta degli assessori \u00e8 stata molto meditata &#8211; replica il sindaco -. Il fatto che in questa fase delicata abbia preferito persone anziane con un\u2019esperienza consolidata di governo non significa che in futuro non ci sia spazio per i giovani. Sono il primo a riconoscerne l\u2019importanza\u201d.<\/p>\n\n\n\n<p>Il dibattito prosegue con Antonio Macry che punta i riflettori sul tema dell\u2019evasione fiscale. Manfredi \u00e8 consapevole del fatto che Napoli sia la \u201ccitt\u00e0 con le pi\u00f9 alte addizionali d\u2019Italia e con i servizi peggiori\u201d. A tal proposito oltre a \u201ccercare gli evasori\u201d \u00e8 indispensabile saper chiedere \u201cimportanti stanziamenti\u201d come in passato hanno fatto altre citt\u00e0 italiane.<\/p>\n\n\n\n<p>Dal pubblico l\u2019intervento dell\u2019imprenditore Gennaro Matacena che accende i riflettori su Bagnoli e sul mare come risorsa. Amedeo Manzo, invece, presidente della Bcc di Napoli, interroga il sindaco sulla necessit\u00e0 di individuare manager di alto profilo per le societ\u00e0 partecipate.<\/p>\n\n\n\n<p><em>Dulcis in fundo<\/em> il tema dell\u2019assessorato alla cultura. Manfredi si dichiara deciso a mantenere tale delega fino ad una fase di attuazione dei suoi progetti che saranno quanto pi\u00f9 inclusivi possibili in una dimensione non cittadina ma internazionale.<\/p>\n\n\n\n<p>Il dibattito si conclude con l\u2019omaggio del drammaturgo Mimmo Borrelli e la sua \u201clettura\u201d del XXVI canto dell\u2019Inferno di Dante, in lingua flegrea.<\/p>\n\n\n\n<p>Casa Corriere con Enzo D\u2019Errico, Laura Valente e lo staff del Corriere tutto conducono poi Gaetano Manfredi nei luoghi emblematici del Palazzo Reale passando dal Teatrino di Corte, dove si \u00e8 svolto il confronto, alla Cappella Palatina e al Salone d\u2019Ercole.<\/p>\n\n\n\n<p><a href=\"https:\/\/www.istitutogalanteoliva.it\/magazine\/?s=Raffaella+grimaldi+\"><img loading=\"lazy\" decoding=\"async\" width=\"80\" height=\"82\" class=\"wp-image-7993\" style=\"width: 80px;\" src=\"https:\/\/www.istitutogalanteoliva.it\/magazine\/wp-content\/uploads\/2021\/05\/Senza-titolo-7-1.jpg\" alt=\"\" srcset=\"https:\/\/www.istitutogalanteoliva.it\/magazine\/wp-content\/uploads\/2021\/05\/Senza-titolo-7-1.jpg 1296w, https:\/\/www.istitutogalanteoliva.it\/magazine\/wp-content\/uploads\/2021\/05\/Senza-titolo-7-1-293x300.jpg 293w, https:\/\/www.istitutogalanteoliva.it\/magazine\/wp-content\/uploads\/2021\/05\/Senza-titolo-7-1-999x1024.jpg 999w, https:\/\/www.istitutogalanteoliva.it\/magazine\/wp-content\/uploads\/2021\/05\/Senza-titolo-7-1-768x788.jpg 768w, https:\/\/www.istitutogalanteoliva.it\/magazine\/wp-content\/uploads\/2021\/05\/Senza-titolo-7-1-1024x1050.jpg 1024w\" sizes=\"auto, (max-width: 80px) 100vw, 80px\" \/><\/a><strong><em>Raffaella Grimaldi <\/em><\/strong><\/p>\n\n\n\n<p><\/p>\n<div class=\"pdfprnt-buttons pdfprnt-buttons-post pdfprnt-bottom-left\"><a href=\"https:\/\/www.istitutogalanteoliva.it\/magazine\/wp-json\/wp\/v2\/posts\/10374?print=print\" class=\"pdfprnt-button pdfprnt-button-print\" target=\"_blank\"><img decoding=\"async\" src=\"https:\/\/www.istitutogalanteoliva.it\/magazine\/wp-content\/plugins\/pdf-print\/images\/print.png\" alt=\"image_print\" title=\"Stampa contenuto\" \/><span class=\"pdfprnt-button-title pdfprnt-button-print-title\">Download in PDF<\/span><\/a><\/div>","protected":false},"excerpt":{"rendered":"<p>\u201cUn esercizio di verit\u00e0 \u00e8 indispensabile in questo momento. I cittadini ne hanno bisogno\u201d \u2013 cos\u00ec il sindaco di Napoli, Gaetano Manfredi, al Casa Corriere Festival di Napoli tenutosi dal 5 al 7 novembre. <\/p>\n","protected":false},"author":2,"featured_media":10376,"comment_status":"open","ping_status":"open","sticky":true,"template":"","format":"standard","meta":{"footnotes":""},"categories":[148,254,210],"tags":[],"class_list":["post-10374","post","type-post","status-publish","format-standard","has-post-thumbnail","hentry","category-148","category-attualita","category-campania"],"yoast_head":"<!-- This site is optimized with the Yoast SEO plugin v24.2 - https:\/\/yoast.com\/wordpress\/plugins\/seo\/ -->\n<title>\u201cEsercizio di verit\u00e0 e responsabilit\u00e0 per Napoli\u201d Gaetano Manfredi al Casa Corriere Festival - Polis SA Magazine<\/title>\n<meta name=\"robots\" content=\"index, follow, max-snippet:-1, max-image-preview:large, max-video-preview:-1\" \/>\n<link rel=\"canonical\" href=\"https:\/\/www.istitutogalanteoliva.it\/magazine\/2021\/11\/09\/esercizio-di-verita-e-responsabilita-per-napoli-gaetano-manfredi-al-casa-corriere-festival\/\" \/>\n<meta property=\"og:locale\" content=\"it_IT\" \/>\n<meta property=\"og:type\" content=\"article\" \/>\n<meta property=\"og:title\" content=\"\u201cEsercizio di verit\u00e0 e responsabilit\u00e0 per Napoli\u201d Gaetano Manfredi al Casa Corriere Festival - Polis SA Magazine\" \/>\n<meta property=\"og:description\" content=\"\u201cUn esercizio di verit\u00e0 \u00e8 indispensabile in questo momento. I cittadini ne hanno bisogno\u201d \u2013 cos\u00ec il sindaco di Napoli, Gaetano Manfredi, al Casa Corriere Festival di Napoli tenutosi dal 5 al 7 novembre.\" \/>\n<meta property=\"og:url\" content=\"https:\/\/www.istitutogalanteoliva.it\/magazine\/2021\/11\/09\/esercizio-di-verita-e-responsabilita-per-napoli-gaetano-manfredi-al-casa-corriere-festival\/\" \/>\n<meta property=\"og:site_name\" content=\"Polis SA Magazine\" \/>\n<meta property=\"article:publisher\" content=\"https:\/\/www.facebook.com\/PolisSAMagazine\/\" \/>\n<meta property=\"article:published_time\" content=\"2021-11-09T14:10:32+00:00\" \/>\n<meta property=\"article:modified_time\" content=\"2021-11-09T14:35:32+00:00\" \/>\n<meta property=\"og:image\" content=\"https:\/\/www.istitutogalanteoliva.it\/magazine\/wp-content\/uploads\/2021\/11\/Senza-titolo-1-Recuperato.jpg\" \/>\n\t<meta property=\"og:image:width\" content=\"640\" \/>\n\t<meta property=\"og:image:height\" content=\"380\" \/>\n\t<meta property=\"og:image:type\" content=\"image\/jpeg\" \/>\n<meta name=\"author\" content=\"Antonello Rivano\" \/>\n<meta name=\"twitter:card\" content=\"summary_large_image\" \/>\n<meta name=\"twitter:creator\" content=\"@MagazinePolis\" \/>\n<meta name=\"twitter:site\" content=\"@MagazinePolis\" \/>\n<meta name=\"twitter:label1\" content=\"Scritto da\" \/>\n\t<meta name=\"twitter:data1\" content=\"Antonello Rivano\" \/>\n\t<meta name=\"twitter:label2\" content=\"Tempo di lettura stimato\" \/>\n\t<meta name=\"twitter:data2\" content=\"3 minuti\" \/>\n<script type=\"application\/ld+json\" class=\"yoast-schema-graph\">{\"@context\":\"https:\/\/schema.org\",\"@graph\":[{\"@type\":\"Article\",\"@id\":\"https:\/\/www.istitutogalanteoliva.it\/magazine\/2021\/11\/09\/esercizio-di-verita-e-responsabilita-per-napoli-gaetano-manfredi-al-casa-corriere-festival\/#article\",\"isPartOf\":{\"@id\":\"https:\/\/www.istitutogalanteoliva.it\/magazine\/2021\/11\/09\/esercizio-di-verita-e-responsabilita-per-napoli-gaetano-manfredi-al-casa-corriere-festival\/\"},\"author\":{\"name\":\"Antonello Rivano\",\"@id\":\"https:\/\/www.istitutogalanteoliva.it\/magazine\/#\/schema\/person\/d8b8aa79cfe8babc1df9da3212a7c0c4\"},\"headline\":\"\u201cEsercizio di verit\u00e0 e responsabilit\u00e0 per Napoli\u201d Gaetano Manfredi al Casa Corriere Festival\",\"datePublished\":\"2021-11-09T14:10:32+00:00\",\"dateModified\":\"2021-11-09T14:35:32+00:00\",\"mainEntityOfPage\":{\"@id\":\"https:\/\/www.istitutogalanteoliva.it\/magazine\/2021\/11\/09\/esercizio-di-verita-e-responsabilita-per-napoli-gaetano-manfredi-al-casa-corriere-festival\/\"},\"wordCount\":648,\"commentCount\":0,\"publisher\":{\"@id\":\"https:\/\/www.istitutogalanteoliva.it\/magazine\/#organization\"},\"image\":{\"@id\":\"https:\/\/www.istitutogalanteoliva.it\/magazine\/2021\/11\/09\/esercizio-di-verita-e-responsabilita-per-napoli-gaetano-manfredi-al-casa-corriere-festival\/#primaryimage\"},\"thumbnailUrl\":\"https:\/\/www.istitutogalanteoliva.it\/magazine\/wp-content\/uploads\/2021\/11\/Senza-titolo-1-Recuperato.jpg\",\"articleSection\":[\"2021\",\"Attualit\u00e0\",\"Campania\"],\"inLanguage\":\"it-IT\",\"potentialAction\":[{\"@type\":\"CommentAction\",\"name\":\"Comment\",\"target\":[\"https:\/\/www.istitutogalanteoliva.it\/magazine\/2021\/11\/09\/esercizio-di-verita-e-responsabilita-per-napoli-gaetano-manfredi-al-casa-corriere-festival\/#respond\"]}]},{\"@type\":\"WebPage\",\"@id\":\"https:\/\/www.istitutogalanteoliva.it\/magazine\/2021\/11\/09\/esercizio-di-verita-e-responsabilita-per-napoli-gaetano-manfredi-al-casa-corriere-festival\/\",\"url\":\"https:\/\/www.istitutogalanteoliva.it\/magazine\/2021\/11\/09\/esercizio-di-verita-e-responsabilita-per-napoli-gaetano-manfredi-al-casa-corriere-festival\/\",\"name\":\"\u201cEsercizio di verit\u00e0 e responsabilit\u00e0 per Napoli\u201d Gaetano Manfredi al Casa Corriere Festival - Polis SA Magazine\",\"isPartOf\":{\"@id\":\"https:\/\/www.istitutogalanteoliva.it\/magazine\/#website\"},\"primaryImageOfPage\":{\"@id\":\"https:\/\/www.istitutogalanteoliva.it\/magazine\/2021\/11\/09\/esercizio-di-verita-e-responsabilita-per-napoli-gaetano-manfredi-al-casa-corriere-festival\/#primaryimage\"},\"image\":{\"@id\":\"https:\/\/www.istitutogalanteoliva.it\/magazine\/2021\/11\/09\/esercizio-di-verita-e-responsabilita-per-napoli-gaetano-manfredi-al-casa-corriere-festival\/#primaryimage\"},\"thumbnailUrl\":\"https:\/\/www.istitutogalanteoliva.it\/magazine\/wp-content\/uploads\/2021\/11\/Senza-titolo-1-Recuperato.jpg\",\"datePublished\":\"2021-11-09T14:10:32+00:00\",\"dateModified\":\"2021-11-09T14:35:32+00:00\",\"breadcrumb\":{\"@id\":\"https:\/\/www.istitutogalanteoliva.it\/magazine\/2021\/11\/09\/esercizio-di-verita-e-responsabilita-per-napoli-gaetano-manfredi-al-casa-corriere-festival\/#breadcrumb\"},\"inLanguage\":\"it-IT\",\"potentialAction\":[{\"@type\":\"ReadAction\",\"target\":[\"https:\/\/www.istitutogalanteoliva.it\/magazine\/2021\/11\/09\/esercizio-di-verita-e-responsabilita-per-napoli-gaetano-manfredi-al-casa-corriere-festival\/\"]}]},{\"@type\":\"ImageObject\",\"inLanguage\":\"it-IT\",\"@id\":\"https:\/\/www.istitutogalanteoliva.it\/magazine\/2021\/11\/09\/esercizio-di-verita-e-responsabilita-per-napoli-gaetano-manfredi-al-casa-corriere-festival\/#primaryimage\",\"url\":\"https:\/\/www.istitutogalanteoliva.it\/magazine\/wp-content\/uploads\/2021\/11\/Senza-titolo-1-Recuperato.jpg\",\"contentUrl\":\"https:\/\/www.istitutogalanteoliva.it\/magazine\/wp-content\/uploads\/2021\/11\/Senza-titolo-1-Recuperato.jpg\",\"width\":640,\"height\":380},{\"@type\":\"BreadcrumbList\",\"@id\":\"https:\/\/www.istitutogalanteoliva.it\/magazine\/2021\/11\/09\/esercizio-di-verita-e-responsabilita-per-napoli-gaetano-manfredi-al-casa-corriere-festival\/#breadcrumb\",\"itemListElement\":[{\"@type\":\"ListItem\",\"position\":1,\"name\":\"Home\",\"item\":\"https:\/\/www.istitutogalanteoliva.it\/magazine\/\"},{\"@type\":\"ListItem\",\"position\":2,\"name\":\"\u201cEsercizio di verit\u00e0 e responsabilit\u00e0 per Napoli\u201d Gaetano Manfredi al Casa Corriere Festival\"}]},{\"@type\":\"WebSite\",\"@id\":\"https:\/\/www.istitutogalanteoliva.it\/magazine\/#website\",\"url\":\"https:\/\/www.istitutogalanteoliva.it\/magazine\/\",\"name\":\"POLIS SA MAGAZINE\",\"description\":\"Informazione e approfondimenti\",\"publisher\":{\"@id\":\"https:\/\/www.istitutogalanteoliva.it\/magazine\/#organization\"},\"potentialAction\":[{\"@type\":\"SearchAction\",\"target\":{\"@type\":\"EntryPoint\",\"urlTemplate\":\"https:\/\/www.istitutogalanteoliva.it\/magazine\/?s={search_term_string}\"},\"query-input\":{\"@type\":\"PropertyValueSpecification\",\"valueRequired\":true,\"valueName\":\"search_term_string\"}}],\"inLanguage\":\"it-IT\"},{\"@type\":\"Organization\",\"@id\":\"https:\/\/www.istitutogalanteoliva.it\/magazine\/#organization\",\"name\":\"Polis SA Magazine\",\"url\":\"https:\/\/www.istitutogalanteoliva.it\/magazine\/\",\"logo\":{\"@type\":\"ImageObject\",\"inLanguage\":\"it-IT\",\"@id\":\"https:\/\/www.istitutogalanteoliva.it\/magazine\/#\/schema\/logo\/image\/\",\"url\":\"\",\"contentUrl\":\"\",\"caption\":\"Polis SA Magazine\"},\"image\":{\"@id\":\"https:\/\/www.istitutogalanteoliva.it\/magazine\/#\/schema\/logo\/image\/\"},\"sameAs\":[\"https:\/\/www.facebook.com\/PolisSAMagazine\/\",\"https:\/\/x.com\/MagazinePolis\",\"https:\/\/www.youtube.com\/channel\/UCv0Mr5AHKUmsc0sEEXkJrgw\"]},{\"@type\":\"Person\",\"@id\":\"https:\/\/www.istitutogalanteoliva.it\/magazine\/#\/schema\/person\/d8b8aa79cfe8babc1df9da3212a7c0c4\",\"name\":\"Antonello Rivano\",\"image\":{\"@type\":\"ImageObject\",\"inLanguage\":\"it-IT\",\"@id\":\"https:\/\/www.istitutogalanteoliva.it\/magazine\/#\/schema\/person\/image\/\",\"url\":\"https:\/\/secure.gravatar.com\/avatar\/517a9a6487a7a18ecc4ce6d2e57a8f40?s=96&d=mm&r=g\",\"contentUrl\":\"https:\/\/secure.gravatar.com\/avatar\/517a9a6487a7a18ecc4ce6d2e57a8f40?s=96&d=mm&r=g\",\"caption\":\"Antonello Rivano\"},\"url\":\"https:\/\/www.istitutogalanteoliva.it\/magazine\/author\/antonello\/\"}]}<\/script>\n<!-- \/ Yoast SEO plugin. -->","yoast_head_json":{"title":"\u201cEsercizio di verit\u00e0 e responsabilit\u00e0 per Napoli\u201d Gaetano Manfredi al Casa Corriere Festival - Polis SA Magazine","robots":{"index":"index","follow":"follow","max-snippet":"max-snippet:-1","max-image-preview":"max-image-preview:large","max-video-preview":"max-video-preview:-1"},"canonical":"https:\/\/www.istitutogalanteoliva.it\/magazine\/2021\/11\/09\/esercizio-di-verita-e-responsabilita-per-napoli-gaetano-manfredi-al-casa-corriere-festival\/","og_locale":"it_IT","og_type":"article","og_title":"\u201cEsercizio di verit\u00e0 e responsabilit\u00e0 per Napoli\u201d Gaetano Manfredi al Casa Corriere Festival - Polis SA Magazine","og_description":"\u201cUn esercizio di verit\u00e0 \u00e8 indispensabile in questo momento. I cittadini ne hanno bisogno\u201d \u2013 cos\u00ec il sindaco di Napoli, Gaetano Manfredi, al Casa Corriere Festival di Napoli tenutosi dal 5 al 7 novembre.","og_url":"https:\/\/www.istitutogalanteoliva.it\/magazine\/2021\/11\/09\/esercizio-di-verita-e-responsabilita-per-napoli-gaetano-manfredi-al-casa-corriere-festival\/","og_site_name":"Polis SA Magazine","article_publisher":"https:\/\/www.facebook.com\/PolisSAMagazine\/","article_published_time":"2021-11-09T14:10:32+00:00","article_modified_time":"2021-11-09T14:35:32+00:00","og_image":[{"width":640,"height":380,"url":"https:\/\/www.istitutogalanteoliva.it\/magazine\/wp-content\/uploads\/2021\/11\/Senza-titolo-1-Recuperato.jpg","type":"image\/jpeg"}],"author":"Antonello Rivano","twitter_card":"summary_large_image","twitter_creator":"@MagazinePolis","twitter_site":"@MagazinePolis","twitter_misc":{"Scritto da":"Antonello Rivano","Tempo di lettura stimato":"3 minuti"},"schema":{"@context":"https:\/\/schema.org","@graph":[{"@type":"Article","@id":"https:\/\/www.istitutogalanteoliva.it\/magazine\/2021\/11\/09\/esercizio-di-verita-e-responsabilita-per-napoli-gaetano-manfredi-al-casa-corriere-festival\/#article","isPartOf":{"@id":"https:\/\/www.istitutogalanteoliva.it\/magazine\/2021\/11\/09\/esercizio-di-verita-e-responsabilita-per-napoli-gaetano-manfredi-al-casa-corriere-festival\/"},"author":{"name":"Antonello Rivano","@id":"https:\/\/www.istitutogalanteoliva.it\/magazine\/#\/schema\/person\/d8b8aa79cfe8babc1df9da3212a7c0c4"},"headline":"\u201cEsercizio di verit\u00e0 e responsabilit\u00e0 per Napoli\u201d Gaetano Manfredi al Casa Corriere Festival","datePublished":"2021-11-09T14:10:32+00:00","dateModified":"2021-11-09T14:35:32+00:00","mainEntityOfPage":{"@id":"https:\/\/www.istitutogalanteoliva.it\/magazine\/2021\/11\/09\/esercizio-di-verita-e-responsabilita-per-napoli-gaetano-manfredi-al-casa-corriere-festival\/"},"wordCount":648,"commentCount":0,"publisher":{"@id":"https:\/\/www.istitutogalanteoliva.it\/magazine\/#organization"},"image":{"@id":"https:\/\/www.istitutogalanteoliva.it\/magazine\/2021\/11\/09\/esercizio-di-verita-e-responsabilita-per-napoli-gaetano-manfredi-al-casa-corriere-festival\/#primaryimage"},"thumbnailUrl":"https:\/\/www.istitutogalanteoliva.it\/magazine\/wp-content\/uploads\/2021\/11\/Senza-titolo-1-Recuperato.jpg","articleSection":["2021","Attualit\u00e0","Campania"],"inLanguage":"it-IT","potentialAction":[{"@type":"CommentAction","name":"Comment","target":["https:\/\/www.istitutogalanteoliva.it\/magazine\/2021\/11\/09\/esercizio-di-verita-e-responsabilita-per-napoli-gaetano-manfredi-al-casa-corriere-festival\/#respond"]}]},{"@type":"WebPage","@id":"https:\/\/www.istitutogalanteoliva.it\/magazine\/2021\/11\/09\/esercizio-di-verita-e-responsabilita-per-napoli-gaetano-manfredi-al-casa-corriere-festival\/","url":"https:\/\/www.istitutogalanteoliva.it\/magazine\/2021\/11\/09\/esercizio-di-verita-e-responsabilita-per-napoli-gaetano-manfredi-al-casa-corriere-festival\/","name":"\u201cEsercizio di verit\u00e0 e responsabilit\u00e0 per Napoli\u201d Gaetano Manfredi al Casa Corriere Festival - Polis SA Magazine","isPartOf":{"@id":"https:\/\/www.istitutogalanteoliva.it\/magazine\/#website"},"primaryImageOfPage":{"@id":"https:\/\/www.istitutogalanteoliva.it\/magazine\/2021\/11\/09\/esercizio-di-verita-e-responsabilita-per-napoli-gaetano-manfredi-al-casa-corriere-festival\/#primaryimage"},"image":{"@id":"https:\/\/www.istitutogalanteoliva.it\/magazine\/2021\/11\/09\/esercizio-di-verita-e-responsabilita-per-napoli-gaetano-manfredi-al-casa-corriere-festival\/#primaryimage"},"thumbnailUrl":"https:\/\/www.istitutogalanteoliva.it\/magazine\/wp-content\/uploads\/2021\/11\/Senza-titolo-1-Recuperato.jpg","datePublished":"2021-11-09T14:10:32+00:00","dateModified":"2021-11-09T14:35:32+00:00","breadcrumb":{"@id":"https:\/\/www.istitutogalanteoliva.it\/magazine\/2021\/11\/09\/esercizio-di-verita-e-responsabilita-per-napoli-gaetano-manfredi-al-casa-corriere-festival\/#breadcrumb"},"inLanguage":"it-IT","potentialAction":[{"@type":"ReadAction","target":["https:\/\/www.istitutogalanteoliva.it\/magazine\/2021\/11\/09\/esercizio-di-verita-e-responsabilita-per-napoli-gaetano-manfredi-al-casa-corriere-festival\/"]}]},{"@type":"ImageObject","inLanguage":"it-IT","@id":"https:\/\/www.istitutogalanteoliva.it\/magazine\/2021\/11\/09\/esercizio-di-verita-e-responsabilita-per-napoli-gaetano-manfredi-al-casa-corriere-festival\/#primaryimage","url":"https:\/\/www.istitutogalanteoliva.it\/magazine\/wp-content\/uploads\/2021\/11\/Senza-titolo-1-Recuperato.jpg","contentUrl":"https:\/\/www.istitutogalanteoliva.it\/magazine\/wp-content\/uploads\/2021\/11\/Senza-titolo-1-Recuperato.jpg","width":640,"height":380},{"@type":"BreadcrumbList","@id":"https:\/\/www.istitutogalanteoliva.it\/magazine\/2021\/11\/09\/esercizio-di-verita-e-responsabilita-per-napoli-gaetano-manfredi-al-casa-corriere-festival\/#breadcrumb","itemListElement":[{"@type":"ListItem","position":1,"name":"Home","item":"https:\/\/www.istitutogalanteoliva.it\/magazine\/"},{"@type":"ListItem","position":2,"name":"\u201cEsercizio di verit\u00e0 e responsabilit\u00e0 per Napoli\u201d Gaetano Manfredi al Casa Corriere Festival"}]},{"@type":"WebSite","@id":"https:\/\/www.istitutogalanteoliva.it\/magazine\/#website","url":"https:\/\/www.istitutogalanteoliva.it\/magazine\/","name":"POLIS SA MAGAZINE","description":"Informazione e approfondimenti","publisher":{"@id":"https:\/\/www.istitutogalanteoliva.it\/magazine\/#organization"},"potentialAction":[{"@type":"SearchAction","target":{"@type":"EntryPoint","urlTemplate":"https:\/\/www.istitutogalanteoliva.it\/magazine\/?s={search_term_string}"},"query-input":{"@type":"PropertyValueSpecification","valueRequired":true,"valueName":"search_term_string"}}],"inLanguage":"it-IT"},{"@type":"Organization","@id":"https:\/\/www.istitutogalanteoliva.it\/magazine\/#organization","name":"Polis SA Magazine","url":"https:\/\/www.istitutogalanteoliva.it\/magazine\/","logo":{"@type":"ImageObject","inLanguage":"it-IT","@id":"https:\/\/www.istitutogalanteoliva.it\/magazine\/#\/schema\/logo\/image\/","url":"","contentUrl":"","caption":"Polis SA Magazine"},"image":{"@id":"https:\/\/www.istitutogalanteoliva.it\/magazine\/#\/schema\/logo\/image\/"},"sameAs":["https:\/\/www.facebook.com\/PolisSAMagazine\/","https:\/\/x.com\/MagazinePolis","https:\/\/www.youtube.com\/channel\/UCv0Mr5AHKUmsc0sEEXkJrgw"]},{"@type":"Person","@id":"https:\/\/www.istitutogalanteoliva.it\/magazine\/#\/schema\/person\/d8b8aa79cfe8babc1df9da3212a7c0c4","name":"Antonello Rivano","image":{"@type":"ImageObject","inLanguage":"it-IT","@id":"https:\/\/www.istitutogalanteoliva.it\/magazine\/#\/schema\/person\/image\/","url":"https:\/\/secure.gravatar.com\/avatar\/517a9a6487a7a18ecc4ce6d2e57a8f40?s=96&d=mm&r=g","contentUrl":"https:\/\/secure.gravatar.com\/avatar\/517a9a6487a7a18ecc4ce6d2e57a8f40?s=96&d=mm&r=g","caption":"Antonello Rivano"},"url":"https:\/\/www.istitutogalanteoliva.it\/magazine\/author\/antonello\/"}]}},"_links":{"self":[{"href":"https:\/\/www.istitutogalanteoliva.it\/magazine\/wp-json\/wp\/v2\/posts\/10374","targetHints":{"allow":["GET"]}}],"collection":[{"href":"https:\/\/www.istitutogalanteoliva.it\/magazine\/wp-json\/wp\/v2\/posts"}],"about":[{"href":"https:\/\/www.istitutogalanteoliva.it\/magazine\/wp-json\/wp\/v2\/types\/post"}],"author":[{"embeddable":true,"href":"https:\/\/www.istitutogalanteoliva.it\/magazine\/wp-json\/wp\/v2\/users\/2"}],"replies":[{"embeddable":true,"href":"https:\/\/www.istitutogalanteoliva.it\/magazine\/wp-json\/wp\/v2\/comments?post=10374"}],"version-history":[{"count":4,"href":"https:\/\/www.istitutogalanteoliva.it\/magazine\/wp-json\/wp\/v2\/posts\/10374\/revisions"}],"predecessor-version":[{"id":10380,"href":"https:\/\/www.istitutogalanteoliva.it\/magazine\/wp-json\/wp\/v2\/posts\/10374\/revisions\/10380"}],"wp:featuredmedia":[{"embeddable":true,"href":"https:\/\/www.istitutogalanteoliva.it\/magazine\/wp-json\/wp\/v2\/media\/10376"}],"wp:attachment":[{"href":"https:\/\/www.istitutogalanteoliva.it\/magazine\/wp-json\/wp\/v2\/media?parent=10374"}],"wp:term":[{"taxonomy":"category","embeddable":true,"href":"https:\/\/www.istitutogalanteoliva.it\/magazine\/wp-json\/wp\/v2\/categories?post=10374"},{"taxonomy":"post_tag","embeddable":true,"href":"https:\/\/www.istitutogalanteoliva.it\/magazine\/wp-json\/wp\/v2\/tags?post=10374"}],"curies":[{"name":"wp","href":"https:\/\/api.w.org\/{rel}","templated":true}]}}