{"id":10786,"date":"2021-12-01T08:00:00","date_gmt":"2021-12-01T07:00:00","guid":{"rendered":"https:\/\/www.istitutogalanteoliva.it\/magazine\/?p=10786"},"modified":"2021-11-30T15:18:10","modified_gmt":"2021-11-30T14:18:10","slug":"non-uno-di-piu-non-uno-di-meno-torna-in-campo-per-contrastare-il-narcisismo-patologico","status":"publish","type":"post","link":"https:\/\/www.istitutogalanteoliva.it\/magazine\/2021\/12\/01\/non-uno-di-piu-non-uno-di-meno-torna-in-campo-per-contrastare-il-narcisismo-patologico\/","title":{"rendered":"\u201cNon uno di pi\u00f9, non uno di meno\u201d torna in campo per contrastare il narcisismo patologico."},"content":{"rendered":"\n<p><\/p>\n\n\n\n<h4 class=\"wp-block-heading\">L\u2019 argomentazione resta la stessa: \u201cNon uno di pi\u00f9, non uno di meno\u201d \u00e8 il format ideato dalla cooperativa impresa sociale \u201cLa Terza I\u201d di Isernia basato sullo studio sull\u2019uomo maltrattante e finalizzato a ricercare modi, maniere e tecniche per contrastare comportamenti sbagliati, con la speranza di una vera e propria prevenzione del femminicidio dilagante e preoccupante.<\/h4>\n\n\n\n<p><strong><em>di Silvia De Cristofaro<\/em><\/strong><\/p>\n\n\n\n<p class=\"has-drop-cap\">La pedagogista <strong>Stefania Di Dio,<\/strong> presidente della cooperativa da cos\u00ec il via alla seconda delle conferenze di formazione ed informazione sulla violenza di genere illustrando l\u2019evento che, questa volta, \u00e8 stato incentrato su <strong><em>\u201cIl Narcisismo<\/em><\/strong>\u201d visto come una patologia che prende il nome di disturbo narcisistico della personalit\u00e0. L\u2019eccessivo amor proprio pu\u00f2 provocare nel narcisista atteggiamenti di prepotenza e di violenza verbale o fisica nei confronti della compagna. <\/p>\n\n\n\n<p>Il maltrattamento fisico e psicologico annienta la relazione e la vittima, il partner in questione, si paralizza, si destabilizza, perde man mano la stima di s\u00e9. La psicologa e psicoterapeuta<strong> Roberta Galimberti<\/strong>, vice presidente dell\u2019associazione \u201c<strong><em>La voce per Eco<\/em><\/strong>\u201d di Roma ha descritto, nella sala conferenze del Grand hotel Europa ad Isernia, minuziosamente il paziente narcisista facendo un\u2019analisi sulle origini della patologia: \u00e8 possibile che, crescendo in una famiglia esigente ed invalidante, il bambino una volta adulto si dimostri senza empatia, insoddisfatto di s\u00e9, depresso a tal punto da assumere atteggiamenti di grandiosit\u00e0 e superiorit\u00e0 nei confronti degli altri. L\u2019esibizionismo del narcisista, che nasconde le proprie fragilit\u00e0 ed insicurezze, si trasforma in aggressione. <\/p>\n\n\n\n<p>La dottoressa Galimberti ha illustrato le differenze tra narcisista \u201ccovert\u201d e quello \u201covert\u201d: i primi, silenziosi, difficili da individuare, pi\u00f9 vulnerabili, ipercritici, insoddisfatti e pi\u00f9 resistenti ad una possibile psicoterapia al contrario del paziente \u201covert\u201d che ha il bisogno costante di essere ammirato, lodato, che pretende adorazione e sottomissione. In entrambi i casi, gli individui affetti da narcisismo patologico credono di essere speciali, privilegiati e con il diritto di maltrattare o manipolare la vittima scelta. L\u2019impatto con un narcisista pu\u00f2 provocare un danno alla salute mentale della malcapitata. <\/p>\n\n\n\n<figure class=\"wp-block-image size-large is-resized\"><img loading=\"lazy\" decoding=\"async\" src=\"https:\/\/www.istitutogalanteoliva.it\/magazine\/wp-content\/uploads\/2021\/11\/narcisista.jpg\" alt=\"\" class=\"wp-image-10788\" width=\"480\" height=\"285\" srcset=\"https:\/\/www.istitutogalanteoliva.it\/magazine\/wp-content\/uploads\/2021\/11\/narcisista.jpg 640w, https:\/\/www.istitutogalanteoliva.it\/magazine\/wp-content\/uploads\/2021\/11\/narcisista-300x178.jpg 300w\" sizes=\"auto, (max-width: 480px) 100vw, 480px\" \/><\/figure>\n\n\n\n<p>L\u2019impegno \u00e8 quindi quello di aiutare il paziente narcisista ad uscire da un tunnel autolesionistico ed educare i nostri studenti, magari proprio negli ambienti scolastici, a contrastare un fenomeno che sta colpendo in questi tempi pure l\u2019et\u00e0 adolescenziale. L\u2019eccessiva competizione, scolastica, extrascolastica, sportiva a cui vengono loro malgrado sottoposti bambini e ragazzi genera individui che si ritengono superiori agli altri: l\u2019amico non \u00e8 pi\u00f9 amico ma avversario da battere. <\/p>\n\n\n\n<p>L\u2019Ordine dei Giornalisti del Molise che ha appoggiato l\u2019iniziativa, partecipando all\u2019incontro con la presenza e gli interventi del suo presidente, il giornalista <strong>Vincenzo Cimino <\/strong>e del consigliere <strong>Pasquale Bartolomeo <\/strong>giornalista e direttore responsabile del quotidiano telematico \u201c<strong><em>isNews<\/em><\/strong>\u201d,sar\u00e0 testimone di un\u2019eventuale lotta per contrastare \u201cl\u2019epidemia\u201d narcisistica anche organizzando corsi di formazione professionale giornalistica incentrati sulla problematica del femminicidio, della violenza, degli abusi. La divulgazione di informazioni attraverso i media, giornali, televisione, social, pu\u00f2 davvero innalzare un muro di difesa contro ogni sopruso dell\u2019uomo contro l\u2019altro uomo. <\/p>\n\n\n\n<figure class=\"wp-block-image size-large is-resized\"><img loading=\"lazy\" decoding=\"async\" src=\"https:\/\/www.istitutogalanteoliva.it\/magazine\/wp-content\/uploads\/2021\/11\/WhatsApp-Image-2021-11-30-at-12.08.36.jpeg\" alt=\"\" class=\"wp-image-10789\" width=\"480\" height=\"285\" srcset=\"https:\/\/www.istitutogalanteoliva.it\/magazine\/wp-content\/uploads\/2021\/11\/WhatsApp-Image-2021-11-30-at-12.08.36.jpeg 640w, https:\/\/www.istitutogalanteoliva.it\/magazine\/wp-content\/uploads\/2021\/11\/WhatsApp-Image-2021-11-30-at-12.08.36-300x178.jpeg 300w\" sizes=\"auto, (max-width: 480px) 100vw, 480px\" \/><\/figure>\n\n\n\n<p>Il professionista della comunicazione- come hanno puntualizzato Cimino e Bartolomeo- hanno il dovere di raccontare fatti che troppo spesso rimangono \u201cinsabbiati\u201d perch\u00e9 senza denuncia. All\u2019evento, il neo sindaco di Isernia <strong>Piero Castrataro<\/strong> ha promesso un impegno da parte dell\u2019amministrazione nella promozione di interventi che contrastino questa piaga sociale chiamando a quest\u2019iniziativa i diversi settori del volontariato per studare assieme una strategia a difesa delle vittime da narcisismo. <\/p>\n\n\n\n<p>La dottoressa<strong> Marina Terlizzi<\/strong>, avvocato e presidente dell\u2019associazione \u201c<strong><em>La voce per Eco\u201d<\/em><\/strong>, denunzia poi i tanti casi di abusi, minacce, molestie condotte da narcisisti nei confronti di persone che vivono in costante stato d\u2019ansia ma che il pi\u00f9 delle volte accettano queste situazioni denigranti. Il pubblico presente ha potuto davvero rendersi conto di questi comportamenti esasperanti di violenza contro il prossimo, attraverso le testimonianze di donne vittime di maltrattamenti lette dalla giovanissima attrice A<strong>lessia Giallorenzo<\/strong>, della compagnia teatrale <strong><em>Cast di Iserni<\/em><\/strong>a e dal racconto struggente interpretato da <strong>Marilena Cristinzio<\/strong> e <strong>Gianluca Baccaro<\/strong> \u201c<strong><em>Donna allo specchio<\/em><\/strong>\u201d che dimostra quanto la violenza possa essere affrontata con l\u2019arma della cultura. <\/p>\n\n\n\n<figure class=\"wp-block-image size-large is-resized\"><img loading=\"lazy\" decoding=\"async\" src=\"https:\/\/www.istitutogalanteoliva.it\/magazine\/wp-content\/uploads\/2021\/11\/narcisista-2.jpg\" alt=\"\" class=\"wp-image-10790\" width=\"480\" height=\"285\" srcset=\"https:\/\/www.istitutogalanteoliva.it\/magazine\/wp-content\/uploads\/2021\/11\/narcisista-2.jpg 640w, https:\/\/www.istitutogalanteoliva.it\/magazine\/wp-content\/uploads\/2021\/11\/narcisista-2-300x178.jpg 300w\" sizes=\"auto, (max-width: 480px) 100vw, 480px\" \/><\/figure>\n\n\n\n<p>Per questo, l\u2019intervento dell\u2019avvocato e gallerista <strong>Gennaro Petrecca<\/strong> su <strong><em>\u201cIl mito di Narciso<\/em><\/strong>\u201d capita bene per poter sensibilizzare l\u2019opinione pubblica, attraverso lo studio dell\u2019arte, per contrastare questi istinti dominanti dell\u2019uomo che riconoscendo la sua inferiorit\u00e0 la trasforma in violenza. Nell\u2019arte, la donna \u00e8 una figura monumentale e qualsiasi atto di violenza \u00e8 davvero una vergogna per l\u2019essere umano che si crede tale. \u00a0\u00a0<\/p>\n\n\n\n<p><img loading=\"lazy\" decoding=\"async\" width=\"100\" height=\"100\" class=\"wp-image-6462\" style=\"width: 100px;\" src=\"https:\/\/www.istitutogalanteoliva.it\/magazine\/wp-content\/uploads\/2021\/03\/Silvia-1.jpg\" alt=\"\" srcset=\"https:\/\/www.istitutogalanteoliva.it\/magazine\/wp-content\/uploads\/2021\/03\/Silvia-1.jpg 480w, https:\/\/www.istitutogalanteoliva.it\/magazine\/wp-content\/uploads\/2021\/03\/Silvia-1-300x300.jpg 300w, https:\/\/www.istitutogalanteoliva.it\/magazine\/wp-content\/uploads\/2021\/03\/Silvia-1-150x150.jpg 150w\" sizes=\"auto, (max-width: 100px) 100vw, 100px\" \/><em><strong><a href=\"https:\/\/www.istitutogalanteoliva.it\/magazine\/?s=silvia+de+cristofaro\" target=\"_blank\" rel=\"noreferrer noopener\">Silvia De Cristofaro<\/a><\/strong><\/em><br><strong><em><sup>Vicecoordinatore Nazionale di redazione\/Coordinatrice Centro Italia<\/sup><\/em><\/strong><br><\/p>\n\n\n\n<p><\/p>\n\n\n\n<p><\/p>\n<div class=\"pdfprnt-buttons pdfprnt-buttons-post pdfprnt-bottom-left\"><a href=\"https:\/\/www.istitutogalanteoliva.it\/magazine\/wp-json\/wp\/v2\/posts\/10786?print=print\" class=\"pdfprnt-button pdfprnt-button-print\" target=\"_blank\"><img decoding=\"async\" src=\"https:\/\/www.istitutogalanteoliva.it\/magazine\/wp-content\/plugins\/pdf-print\/images\/print.png\" alt=\"image_print\" title=\"Stampa contenuto\" \/><span class=\"pdfprnt-button-title pdfprnt-button-print-title\">Download in PDF<\/span><\/a><\/div>","protected":false},"excerpt":{"rendered":"<p> la cooperativa impresa sociale isernina \u201cLa Terza I\u201d di Isernia  ha dato l\u2019avvio al secondo incontro contro la violenza di genere organizzando un evento che punta l\u2019attenzione sull\u2019uomo narcisista per denunciare violenze troppo spesso sommerse.<\/p>\n","protected":false},"author":2,"featured_media":10787,"comment_status":"open","ping_status":"open","sticky":true,"template":"","format":"standard","meta":{"footnotes":""},"categories":[148,284,22],"tags":[],"class_list":["post-10786","post","type-post","status-publish","format-standard","has-post-thumbnail","hentry","category-148","category-molise","category-societa"],"yoast_head":"<!-- This site is optimized with the Yoast SEO plugin v24.2 - https:\/\/yoast.com\/wordpress\/plugins\/seo\/ -->\n<title>\u201cNon uno di pi\u00f9, non uno di meno\u201d torna in campo per contrastare il narcisismo patologico. - Polis SA Magazine<\/title>\n<meta name=\"description\" content=\"la cooperativa impresa sociale isernina \u201cLa Terza I\u201d di Isernia ha dato l\u2019avvio al secondo incontro contro la violenza di genere\" \/>\n<meta name=\"robots\" content=\"index, follow, max-snippet:-1, max-image-preview:large, max-video-preview:-1\" \/>\n<link rel=\"canonical\" href=\"https:\/\/www.istitutogalanteoliva.it\/magazine\/2021\/12\/01\/non-uno-di-piu-non-uno-di-meno-torna-in-campo-per-contrastare-il-narcisismo-patologico\/\" \/>\n<meta property=\"og:locale\" content=\"it_IT\" \/>\n<meta property=\"og:type\" content=\"article\" \/>\n<meta property=\"og:title\" content=\"\u201cNon uno di pi\u00f9, non uno di meno\u201d torna in campo per contrastare il narcisismo patologico. - Polis SA Magazine\" \/>\n<meta property=\"og:description\" content=\"la cooperativa impresa sociale isernina \u201cLa Terza I\u201d di Isernia ha dato l\u2019avvio al secondo incontro contro la violenza di genere\" \/>\n<meta property=\"og:url\" content=\"https:\/\/www.istitutogalanteoliva.it\/magazine\/2021\/12\/01\/non-uno-di-piu-non-uno-di-meno-torna-in-campo-per-contrastare-il-narcisismo-patologico\/\" \/>\n<meta property=\"og:site_name\" content=\"Polis SA Magazine\" \/>\n<meta property=\"article:publisher\" content=\"https:\/\/www.facebook.com\/PolisSAMagazine\/\" \/>\n<meta property=\"article:published_time\" content=\"2021-12-01T07:00:00+00:00\" \/>\n<meta property=\"article:modified_time\" content=\"2021-11-30T14:18:10+00:00\" \/>\n<meta property=\"og:image\" content=\"https:\/\/www.istitutogalanteoliva.it\/magazine\/wp-content\/uploads\/2021\/11\/WhatsApp-Image-2021-11-30-at-12.07.44.jpeg\" \/>\n\t<meta property=\"og:image:width\" content=\"640\" \/>\n\t<meta property=\"og:image:height\" content=\"380\" \/>\n\t<meta property=\"og:image:type\" content=\"image\/jpeg\" \/>\n<meta name=\"author\" content=\"Antonello Rivano\" \/>\n<meta name=\"twitter:card\" content=\"summary_large_image\" \/>\n<meta name=\"twitter:creator\" content=\"@MagazinePolis\" \/>\n<meta name=\"twitter:site\" content=\"@MagazinePolis\" \/>\n<meta name=\"twitter:label1\" content=\"Scritto da\" \/>\n\t<meta name=\"twitter:data1\" content=\"Antonello Rivano\" \/>\n\t<meta name=\"twitter:label2\" content=\"Tempo di lettura stimato\" \/>\n\t<meta name=\"twitter:data2\" content=\"4 minuti\" \/>\n<script type=\"application\/ld+json\" class=\"yoast-schema-graph\">{\"@context\":\"https:\/\/schema.org\",\"@graph\":[{\"@type\":\"Article\",\"@id\":\"https:\/\/www.istitutogalanteoliva.it\/magazine\/2021\/12\/01\/non-uno-di-piu-non-uno-di-meno-torna-in-campo-per-contrastare-il-narcisismo-patologico\/#article\",\"isPartOf\":{\"@id\":\"https:\/\/www.istitutogalanteoliva.it\/magazine\/2021\/12\/01\/non-uno-di-piu-non-uno-di-meno-torna-in-campo-per-contrastare-il-narcisismo-patologico\/\"},\"author\":{\"name\":\"Antonello Rivano\",\"@id\":\"https:\/\/www.istitutogalanteoliva.it\/magazine\/#\/schema\/person\/d8b8aa79cfe8babc1df9da3212a7c0c4\"},\"headline\":\"\u201cNon uno di pi\u00f9, non uno di meno\u201d torna in campo per contrastare il narcisismo patologico.\",\"datePublished\":\"2021-12-01T07:00:00+00:00\",\"dateModified\":\"2021-11-30T14:18:10+00:00\",\"mainEntityOfPage\":{\"@id\":\"https:\/\/www.istitutogalanteoliva.it\/magazine\/2021\/12\/01\/non-uno-di-piu-non-uno-di-meno-torna-in-campo-per-contrastare-il-narcisismo-patologico\/\"},\"wordCount\":762,\"commentCount\":0,\"publisher\":{\"@id\":\"https:\/\/www.istitutogalanteoliva.it\/magazine\/#organization\"},\"image\":{\"@id\":\"https:\/\/www.istitutogalanteoliva.it\/magazine\/2021\/12\/01\/non-uno-di-piu-non-uno-di-meno-torna-in-campo-per-contrastare-il-narcisismo-patologico\/#primaryimage\"},\"thumbnailUrl\":\"https:\/\/www.istitutogalanteoliva.it\/magazine\/wp-content\/uploads\/2021\/11\/WhatsApp-Image-2021-11-30-at-12.07.44.jpeg\",\"articleSection\":[\"2021\",\"Molise\",\"Societ\u00e0\"],\"inLanguage\":\"it-IT\",\"potentialAction\":[{\"@type\":\"CommentAction\",\"name\":\"Comment\",\"target\":[\"https:\/\/www.istitutogalanteoliva.it\/magazine\/2021\/12\/01\/non-uno-di-piu-non-uno-di-meno-torna-in-campo-per-contrastare-il-narcisismo-patologico\/#respond\"]}]},{\"@type\":\"WebPage\",\"@id\":\"https:\/\/www.istitutogalanteoliva.it\/magazine\/2021\/12\/01\/non-uno-di-piu-non-uno-di-meno-torna-in-campo-per-contrastare-il-narcisismo-patologico\/\",\"url\":\"https:\/\/www.istitutogalanteoliva.it\/magazine\/2021\/12\/01\/non-uno-di-piu-non-uno-di-meno-torna-in-campo-per-contrastare-il-narcisismo-patologico\/\",\"name\":\"\u201cNon uno di pi\u00f9, non uno di meno\u201d torna in campo per contrastare il narcisismo patologico. - Polis SA Magazine\",\"isPartOf\":{\"@id\":\"https:\/\/www.istitutogalanteoliva.it\/magazine\/#website\"},\"primaryImageOfPage\":{\"@id\":\"https:\/\/www.istitutogalanteoliva.it\/magazine\/2021\/12\/01\/non-uno-di-piu-non-uno-di-meno-torna-in-campo-per-contrastare-il-narcisismo-patologico\/#primaryimage\"},\"image\":{\"@id\":\"https:\/\/www.istitutogalanteoliva.it\/magazine\/2021\/12\/01\/non-uno-di-piu-non-uno-di-meno-torna-in-campo-per-contrastare-il-narcisismo-patologico\/#primaryimage\"},\"thumbnailUrl\":\"https:\/\/www.istitutogalanteoliva.it\/magazine\/wp-content\/uploads\/2021\/11\/WhatsApp-Image-2021-11-30-at-12.07.44.jpeg\",\"datePublished\":\"2021-12-01T07:00:00+00:00\",\"dateModified\":\"2021-11-30T14:18:10+00:00\",\"description\":\"la cooperativa impresa sociale isernina \u201cLa Terza I\u201d di Isernia ha dato l\u2019avvio al secondo incontro contro la violenza di genere\",\"breadcrumb\":{\"@id\":\"https:\/\/www.istitutogalanteoliva.it\/magazine\/2021\/12\/01\/non-uno-di-piu-non-uno-di-meno-torna-in-campo-per-contrastare-il-narcisismo-patologico\/#breadcrumb\"},\"inLanguage\":\"it-IT\",\"potentialAction\":[{\"@type\":\"ReadAction\",\"target\":[\"https:\/\/www.istitutogalanteoliva.it\/magazine\/2021\/12\/01\/non-uno-di-piu-non-uno-di-meno-torna-in-campo-per-contrastare-il-narcisismo-patologico\/\"]}]},{\"@type\":\"ImageObject\",\"inLanguage\":\"it-IT\",\"@id\":\"https:\/\/www.istitutogalanteoliva.it\/magazine\/2021\/12\/01\/non-uno-di-piu-non-uno-di-meno-torna-in-campo-per-contrastare-il-narcisismo-patologico\/#primaryimage\",\"url\":\"https:\/\/www.istitutogalanteoliva.it\/magazine\/wp-content\/uploads\/2021\/11\/WhatsApp-Image-2021-11-30-at-12.07.44.jpeg\",\"contentUrl\":\"https:\/\/www.istitutogalanteoliva.it\/magazine\/wp-content\/uploads\/2021\/11\/WhatsApp-Image-2021-11-30-at-12.07.44.jpeg\",\"width\":640,\"height\":380},{\"@type\":\"BreadcrumbList\",\"@id\":\"https:\/\/www.istitutogalanteoliva.it\/magazine\/2021\/12\/01\/non-uno-di-piu-non-uno-di-meno-torna-in-campo-per-contrastare-il-narcisismo-patologico\/#breadcrumb\",\"itemListElement\":[{\"@type\":\"ListItem\",\"position\":1,\"name\":\"Home\",\"item\":\"https:\/\/www.istitutogalanteoliva.it\/magazine\/\"},{\"@type\":\"ListItem\",\"position\":2,\"name\":\"\u201cNon uno di pi\u00f9, non uno di meno\u201d torna in campo per contrastare il narcisismo patologico.\"}]},{\"@type\":\"WebSite\",\"@id\":\"https:\/\/www.istitutogalanteoliva.it\/magazine\/#website\",\"url\":\"https:\/\/www.istitutogalanteoliva.it\/magazine\/\",\"name\":\"POLIS SA MAGAZINE\",\"description\":\"Informazione e approfondimenti\",\"publisher\":{\"@id\":\"https:\/\/www.istitutogalanteoliva.it\/magazine\/#organization\"},\"potentialAction\":[{\"@type\":\"SearchAction\",\"target\":{\"@type\":\"EntryPoint\",\"urlTemplate\":\"https:\/\/www.istitutogalanteoliva.it\/magazine\/?s={search_term_string}\"},\"query-input\":{\"@type\":\"PropertyValueSpecification\",\"valueRequired\":true,\"valueName\":\"search_term_string\"}}],\"inLanguage\":\"it-IT\"},{\"@type\":\"Organization\",\"@id\":\"https:\/\/www.istitutogalanteoliva.it\/magazine\/#organization\",\"name\":\"Polis SA Magazine\",\"url\":\"https:\/\/www.istitutogalanteoliva.it\/magazine\/\",\"logo\":{\"@type\":\"ImageObject\",\"inLanguage\":\"it-IT\",\"@id\":\"https:\/\/www.istitutogalanteoliva.it\/magazine\/#\/schema\/logo\/image\/\",\"url\":\"\",\"contentUrl\":\"\",\"caption\":\"Polis SA Magazine\"},\"image\":{\"@id\":\"https:\/\/www.istitutogalanteoliva.it\/magazine\/#\/schema\/logo\/image\/\"},\"sameAs\":[\"https:\/\/www.facebook.com\/PolisSAMagazine\/\",\"https:\/\/x.com\/MagazinePolis\",\"https:\/\/www.youtube.com\/channel\/UCv0Mr5AHKUmsc0sEEXkJrgw\"]},{\"@type\":\"Person\",\"@id\":\"https:\/\/www.istitutogalanteoliva.it\/magazine\/#\/schema\/person\/d8b8aa79cfe8babc1df9da3212a7c0c4\",\"name\":\"Antonello Rivano\",\"image\":{\"@type\":\"ImageObject\",\"inLanguage\":\"it-IT\",\"@id\":\"https:\/\/www.istitutogalanteoliva.it\/magazine\/#\/schema\/person\/image\/\",\"url\":\"https:\/\/secure.gravatar.com\/avatar\/517a9a6487a7a18ecc4ce6d2e57a8f40?s=96&d=mm&r=g\",\"contentUrl\":\"https:\/\/secure.gravatar.com\/avatar\/517a9a6487a7a18ecc4ce6d2e57a8f40?s=96&d=mm&r=g\",\"caption\":\"Antonello Rivano\"},\"url\":\"https:\/\/www.istitutogalanteoliva.it\/magazine\/author\/antonello\/\"}]}<\/script>\n<!-- \/ Yoast SEO plugin. -->","yoast_head_json":{"title":"\u201cNon uno di pi\u00f9, non uno di meno\u201d torna in campo per contrastare il narcisismo patologico. - Polis SA Magazine","description":"la cooperativa impresa sociale isernina \u201cLa Terza I\u201d di Isernia ha dato l\u2019avvio al secondo incontro contro la violenza di genere","robots":{"index":"index","follow":"follow","max-snippet":"max-snippet:-1","max-image-preview":"max-image-preview:large","max-video-preview":"max-video-preview:-1"},"canonical":"https:\/\/www.istitutogalanteoliva.it\/magazine\/2021\/12\/01\/non-uno-di-piu-non-uno-di-meno-torna-in-campo-per-contrastare-il-narcisismo-patologico\/","og_locale":"it_IT","og_type":"article","og_title":"\u201cNon uno di pi\u00f9, non uno di meno\u201d torna in campo per contrastare il narcisismo patologico. - Polis SA Magazine","og_description":"la cooperativa impresa sociale isernina \u201cLa Terza I\u201d di Isernia ha dato l\u2019avvio al secondo incontro contro la violenza di genere","og_url":"https:\/\/www.istitutogalanteoliva.it\/magazine\/2021\/12\/01\/non-uno-di-piu-non-uno-di-meno-torna-in-campo-per-contrastare-il-narcisismo-patologico\/","og_site_name":"Polis SA Magazine","article_publisher":"https:\/\/www.facebook.com\/PolisSAMagazine\/","article_published_time":"2021-12-01T07:00:00+00:00","article_modified_time":"2021-11-30T14:18:10+00:00","og_image":[{"width":640,"height":380,"url":"https:\/\/www.istitutogalanteoliva.it\/magazine\/wp-content\/uploads\/2021\/11\/WhatsApp-Image-2021-11-30-at-12.07.44.jpeg","type":"image\/jpeg"}],"author":"Antonello Rivano","twitter_card":"summary_large_image","twitter_creator":"@MagazinePolis","twitter_site":"@MagazinePolis","twitter_misc":{"Scritto da":"Antonello Rivano","Tempo di lettura stimato":"4 minuti"},"schema":{"@context":"https:\/\/schema.org","@graph":[{"@type":"Article","@id":"https:\/\/www.istitutogalanteoliva.it\/magazine\/2021\/12\/01\/non-uno-di-piu-non-uno-di-meno-torna-in-campo-per-contrastare-il-narcisismo-patologico\/#article","isPartOf":{"@id":"https:\/\/www.istitutogalanteoliva.it\/magazine\/2021\/12\/01\/non-uno-di-piu-non-uno-di-meno-torna-in-campo-per-contrastare-il-narcisismo-patologico\/"},"author":{"name":"Antonello Rivano","@id":"https:\/\/www.istitutogalanteoliva.it\/magazine\/#\/schema\/person\/d8b8aa79cfe8babc1df9da3212a7c0c4"},"headline":"\u201cNon uno di pi\u00f9, non uno di meno\u201d torna in campo per contrastare il narcisismo patologico.","datePublished":"2021-12-01T07:00:00+00:00","dateModified":"2021-11-30T14:18:10+00:00","mainEntityOfPage":{"@id":"https:\/\/www.istitutogalanteoliva.it\/magazine\/2021\/12\/01\/non-uno-di-piu-non-uno-di-meno-torna-in-campo-per-contrastare-il-narcisismo-patologico\/"},"wordCount":762,"commentCount":0,"publisher":{"@id":"https:\/\/www.istitutogalanteoliva.it\/magazine\/#organization"},"image":{"@id":"https:\/\/www.istitutogalanteoliva.it\/magazine\/2021\/12\/01\/non-uno-di-piu-non-uno-di-meno-torna-in-campo-per-contrastare-il-narcisismo-patologico\/#primaryimage"},"thumbnailUrl":"https:\/\/www.istitutogalanteoliva.it\/magazine\/wp-content\/uploads\/2021\/11\/WhatsApp-Image-2021-11-30-at-12.07.44.jpeg","articleSection":["2021","Molise","Societ\u00e0"],"inLanguage":"it-IT","potentialAction":[{"@type":"CommentAction","name":"Comment","target":["https:\/\/www.istitutogalanteoliva.it\/magazine\/2021\/12\/01\/non-uno-di-piu-non-uno-di-meno-torna-in-campo-per-contrastare-il-narcisismo-patologico\/#respond"]}]},{"@type":"WebPage","@id":"https:\/\/www.istitutogalanteoliva.it\/magazine\/2021\/12\/01\/non-uno-di-piu-non-uno-di-meno-torna-in-campo-per-contrastare-il-narcisismo-patologico\/","url":"https:\/\/www.istitutogalanteoliva.it\/magazine\/2021\/12\/01\/non-uno-di-piu-non-uno-di-meno-torna-in-campo-per-contrastare-il-narcisismo-patologico\/","name":"\u201cNon uno di pi\u00f9, non uno di meno\u201d torna in campo per contrastare il narcisismo patologico. - Polis SA Magazine","isPartOf":{"@id":"https:\/\/www.istitutogalanteoliva.it\/magazine\/#website"},"primaryImageOfPage":{"@id":"https:\/\/www.istitutogalanteoliva.it\/magazine\/2021\/12\/01\/non-uno-di-piu-non-uno-di-meno-torna-in-campo-per-contrastare-il-narcisismo-patologico\/#primaryimage"},"image":{"@id":"https:\/\/www.istitutogalanteoliva.it\/magazine\/2021\/12\/01\/non-uno-di-piu-non-uno-di-meno-torna-in-campo-per-contrastare-il-narcisismo-patologico\/#primaryimage"},"thumbnailUrl":"https:\/\/www.istitutogalanteoliva.it\/magazine\/wp-content\/uploads\/2021\/11\/WhatsApp-Image-2021-11-30-at-12.07.44.jpeg","datePublished":"2021-12-01T07:00:00+00:00","dateModified":"2021-11-30T14:18:10+00:00","description":"la cooperativa impresa sociale isernina \u201cLa Terza I\u201d di Isernia ha dato l\u2019avvio al secondo incontro contro la violenza di genere","breadcrumb":{"@id":"https:\/\/www.istitutogalanteoliva.it\/magazine\/2021\/12\/01\/non-uno-di-piu-non-uno-di-meno-torna-in-campo-per-contrastare-il-narcisismo-patologico\/#breadcrumb"},"inLanguage":"it-IT","potentialAction":[{"@type":"ReadAction","target":["https:\/\/www.istitutogalanteoliva.it\/magazine\/2021\/12\/01\/non-uno-di-piu-non-uno-di-meno-torna-in-campo-per-contrastare-il-narcisismo-patologico\/"]}]},{"@type":"ImageObject","inLanguage":"it-IT","@id":"https:\/\/www.istitutogalanteoliva.it\/magazine\/2021\/12\/01\/non-uno-di-piu-non-uno-di-meno-torna-in-campo-per-contrastare-il-narcisismo-patologico\/#primaryimage","url":"https:\/\/www.istitutogalanteoliva.it\/magazine\/wp-content\/uploads\/2021\/11\/WhatsApp-Image-2021-11-30-at-12.07.44.jpeg","contentUrl":"https:\/\/www.istitutogalanteoliva.it\/magazine\/wp-content\/uploads\/2021\/11\/WhatsApp-Image-2021-11-30-at-12.07.44.jpeg","width":640,"height":380},{"@type":"BreadcrumbList","@id":"https:\/\/www.istitutogalanteoliva.it\/magazine\/2021\/12\/01\/non-uno-di-piu-non-uno-di-meno-torna-in-campo-per-contrastare-il-narcisismo-patologico\/#breadcrumb","itemListElement":[{"@type":"ListItem","position":1,"name":"Home","item":"https:\/\/www.istitutogalanteoliva.it\/magazine\/"},{"@type":"ListItem","position":2,"name":"\u201cNon uno di pi\u00f9, non uno di meno\u201d torna in campo per contrastare il narcisismo patologico."}]},{"@type":"WebSite","@id":"https:\/\/www.istitutogalanteoliva.it\/magazine\/#website","url":"https:\/\/www.istitutogalanteoliva.it\/magazine\/","name":"POLIS SA MAGAZINE","description":"Informazione e approfondimenti","publisher":{"@id":"https:\/\/www.istitutogalanteoliva.it\/magazine\/#organization"},"potentialAction":[{"@type":"SearchAction","target":{"@type":"EntryPoint","urlTemplate":"https:\/\/www.istitutogalanteoliva.it\/magazine\/?s={search_term_string}"},"query-input":{"@type":"PropertyValueSpecification","valueRequired":true,"valueName":"search_term_string"}}],"inLanguage":"it-IT"},{"@type":"Organization","@id":"https:\/\/www.istitutogalanteoliva.it\/magazine\/#organization","name":"Polis SA Magazine","url":"https:\/\/www.istitutogalanteoliva.it\/magazine\/","logo":{"@type":"ImageObject","inLanguage":"it-IT","@id":"https:\/\/www.istitutogalanteoliva.it\/magazine\/#\/schema\/logo\/image\/","url":"","contentUrl":"","caption":"Polis SA Magazine"},"image":{"@id":"https:\/\/www.istitutogalanteoliva.it\/magazine\/#\/schema\/logo\/image\/"},"sameAs":["https:\/\/www.facebook.com\/PolisSAMagazine\/","https:\/\/x.com\/MagazinePolis","https:\/\/www.youtube.com\/channel\/UCv0Mr5AHKUmsc0sEEXkJrgw"]},{"@type":"Person","@id":"https:\/\/www.istitutogalanteoliva.it\/magazine\/#\/schema\/person\/d8b8aa79cfe8babc1df9da3212a7c0c4","name":"Antonello Rivano","image":{"@type":"ImageObject","inLanguage":"it-IT","@id":"https:\/\/www.istitutogalanteoliva.it\/magazine\/#\/schema\/person\/image\/","url":"https:\/\/secure.gravatar.com\/avatar\/517a9a6487a7a18ecc4ce6d2e57a8f40?s=96&d=mm&r=g","contentUrl":"https:\/\/secure.gravatar.com\/avatar\/517a9a6487a7a18ecc4ce6d2e57a8f40?s=96&d=mm&r=g","caption":"Antonello Rivano"},"url":"https:\/\/www.istitutogalanteoliva.it\/magazine\/author\/antonello\/"}]}},"_links":{"self":[{"href":"https:\/\/www.istitutogalanteoliva.it\/magazine\/wp-json\/wp\/v2\/posts\/10786","targetHints":{"allow":["GET"]}}],"collection":[{"href":"https:\/\/www.istitutogalanteoliva.it\/magazine\/wp-json\/wp\/v2\/posts"}],"about":[{"href":"https:\/\/www.istitutogalanteoliva.it\/magazine\/wp-json\/wp\/v2\/types\/post"}],"author":[{"embeddable":true,"href":"https:\/\/www.istitutogalanteoliva.it\/magazine\/wp-json\/wp\/v2\/users\/2"}],"replies":[{"embeddable":true,"href":"https:\/\/www.istitutogalanteoliva.it\/magazine\/wp-json\/wp\/v2\/comments?post=10786"}],"version-history":[{"count":1,"href":"https:\/\/www.istitutogalanteoliva.it\/magazine\/wp-json\/wp\/v2\/posts\/10786\/revisions"}],"predecessor-version":[{"id":10791,"href":"https:\/\/www.istitutogalanteoliva.it\/magazine\/wp-json\/wp\/v2\/posts\/10786\/revisions\/10791"}],"wp:featuredmedia":[{"embeddable":true,"href":"https:\/\/www.istitutogalanteoliva.it\/magazine\/wp-json\/wp\/v2\/media\/10787"}],"wp:attachment":[{"href":"https:\/\/www.istitutogalanteoliva.it\/magazine\/wp-json\/wp\/v2\/media?parent=10786"}],"wp:term":[{"taxonomy":"category","embeddable":true,"href":"https:\/\/www.istitutogalanteoliva.it\/magazine\/wp-json\/wp\/v2\/categories?post=10786"},{"taxonomy":"post_tag","embeddable":true,"href":"https:\/\/www.istitutogalanteoliva.it\/magazine\/wp-json\/wp\/v2\/tags?post=10786"}],"curies":[{"name":"wp","href":"https:\/\/api.w.org\/{rel}","templated":true}]}}