{"id":10853,"date":"2021-12-05T18:58:46","date_gmt":"2021-12-05T17:58:46","guid":{"rendered":"https:\/\/www.istitutogalanteoliva.it\/magazine\/?p=10853"},"modified":"2021-12-05T19:00:20","modified_gmt":"2021-12-05T18:00:20","slug":"don-edoardo-con-la-pizza-in-mano-storia-dellantica-pizzeria-negri-in-un-racconto","status":"publish","type":"post","link":"https:\/\/www.istitutogalanteoliva.it\/magazine\/2021\/12\/05\/don-edoardo-con-la-pizza-in-mano-storia-dellantica-pizzeria-negri-in-un-racconto\/","title":{"rendered":"\u201cDon Edoardo con la pizza in mano\u201d: storia dell\u2019antica Pizzeria Negri in un racconto"},"content":{"rendered":"\n<p><\/p>\n\n\n\n<p>L\u2019appuntamento \u00e8 alle <strong>ore 18:00<\/strong> presso il locale di Via Budetti, teatro, negli anni, di numerosissimi eventi enogastronomici e culturali.<\/p>\n\n\n\n<p>Nel corso della serata, porteranno i loro saluti, in rappresentanza del Comune di Pontecagnano Faiano, <strong>l&#8217;Assessore alle Attivit\u00e0 Produttive e Commercio Dario Vaccaro <\/strong>ed il<strong> Sindaco Giuseppe Lanzara<\/strong>.<\/p>\n\n\n\n<p>Interverranno, inoltre<strong>, il giornalista, scrittore e gastronomo Luciano Pignataro, autore dell&#8217;Introduzione al volume, la docente e Presidente onoraria dell&#8217;Associazione &#8220;Campania Cultura\u201d Annamaria Petolicchio, l&#8217;antropologo Simone Valitutto ed il professore e Direttore dell&#8217;Istituto per la Storia del Risorgimento Italiano Carmine Pinto<\/strong>.<\/p>\n\n\n\n<p>La presentazione sar\u00e0 coordinata dal <strong>giornalista de Il MattinoAlfonso Sarno<\/strong>.<\/p>\n\n\n\n<p>Il libro, di cui parleranno pi\u00f9 dettagliatamente durante l\u2019iniziativa i relatori e lo stesso autore <strong>Alessandro Basso<\/strong>, \u00e8 un elzeviro memoriale sulla storia della Pizzeria Negri, fondata dal Commendatore Edoardo nel 1928. Il locale ha visto le presenze pi\u00f9 illustri della societ\u00e0 del tempo, dai principi reali ai generali pi\u00f9 famosi, dagli attori della Dolce Vita ai grandi del teatro italiano. La Pizzeria ebbe finanche la prima Stella Michelin nel 1962. La sua tradizione viene narrata per immagini evocative attraverso gli aneddoti pi\u00f9 salienti di tutta una storia di cucina ed eleganza.<\/p>\n\n\n\n<figure class=\"wp-block-image size-large\"><img loading=\"lazy\" decoding=\"async\" width=\"1024\" height=\"1024\" src=\"https:\/\/www.istitutogalanteoliva.it\/magazine\/wp-content\/uploads\/2021\/12\/Invito-Pizzeria-Negri-1024x1024.jpg\" alt=\"\" class=\"wp-image-10855\" srcset=\"https:\/\/www.istitutogalanteoliva.it\/magazine\/wp-content\/uploads\/2021\/12\/Invito-Pizzeria-Negri-1024x1024.jpg 1024w, https:\/\/www.istitutogalanteoliva.it\/magazine\/wp-content\/uploads\/2021\/12\/Invito-Pizzeria-Negri-300x300.jpg 300w, https:\/\/www.istitutogalanteoliva.it\/magazine\/wp-content\/uploads\/2021\/12\/Invito-Pizzeria-Negri-150x150.jpg 150w, https:\/\/www.istitutogalanteoliva.it\/magazine\/wp-content\/uploads\/2021\/12\/Invito-Pizzeria-Negri-768x768.jpg 768w, https:\/\/www.istitutogalanteoliva.it\/magazine\/wp-content\/uploads\/2021\/12\/Invito-Pizzeria-Negri.jpg 1280w\" sizes=\"auto, (max-width: 1024px) 100vw, 1024px\" \/><\/figure>\n<div class=\"pdfprnt-buttons pdfprnt-buttons-post pdfprnt-bottom-left\"><a href=\"https:\/\/www.istitutogalanteoliva.it\/magazine\/wp-json\/wp\/v2\/posts\/10853?print=print\" class=\"pdfprnt-button pdfprnt-button-print\" target=\"_blank\"><img decoding=\"async\" src=\"https:\/\/www.istitutogalanteoliva.it\/magazine\/wp-content\/plugins\/pdf-print\/images\/print.png\" alt=\"image_print\" title=\"Stampa contenuto\" \/><span class=\"pdfprnt-button-title pdfprnt-button-print-title\">Download in PDF<\/span><\/a><\/div>","protected":false},"excerpt":{"rendered":"<p>SALERNO. Luned\u00ec 6 dicembre, nelle sale della storica Pizzeria Negri di Pontecagnano, sar\u00e0 presentato il libro \u201cDon Edoardo con la pizza in mano\u201d di Alessandro Basso, pubblicato da Opera Edizioni, Salerno.<\/p>\n","protected":false},"author":2,"featured_media":10854,"comment_status":"open","ping_status":"open","sticky":true,"template":"","format":"standard","meta":{"footnotes":""},"categories":[148,210,47],"tags":[48,83],"class_list":["post-10853","post","type-post","status-publish","format-standard","has-post-thumbnail","hentry","category-148","category-campania","category-eventi","tag-libri","tag-salerno"],"yoast_head":"<!-- This site is optimized with the Yoast SEO plugin v24.2 - https:\/\/yoast.com\/wordpress\/plugins\/seo\/ -->\n<title>\u201cDon Edoardo con la pizza in mano\u201d: storia dell\u2019antica Pizzeria Negri in un racconto - Polis SA Magazine<\/title>\n<meta name=\"description\" content=\"\u201cDon Edoardo con la pizza in mano\u201d: storia dell\u2019antica Pizzeria Negri in un racconto\" \/>\n<meta name=\"robots\" content=\"index, follow, max-snippet:-1, max-image-preview:large, max-video-preview:-1\" \/>\n<link rel=\"canonical\" href=\"https:\/\/www.istitutogalanteoliva.it\/magazine\/2021\/12\/05\/don-edoardo-con-la-pizza-in-mano-storia-dellantica-pizzeria-negri-in-un-racconto\/\" \/>\n<meta property=\"og:locale\" content=\"it_IT\" \/>\n<meta property=\"og:type\" content=\"article\" \/>\n<meta property=\"og:title\" content=\"\u201cDon Edoardo con la pizza in mano\u201d: storia dell\u2019antica Pizzeria Negri in un racconto - Polis SA Magazine\" \/>\n<meta property=\"og:description\" content=\"\u201cDon Edoardo con la pizza in mano\u201d: storia dell\u2019antica Pizzeria Negri in un racconto\" \/>\n<meta property=\"og:url\" content=\"https:\/\/www.istitutogalanteoliva.it\/magazine\/2021\/12\/05\/don-edoardo-con-la-pizza-in-mano-storia-dellantica-pizzeria-negri-in-un-racconto\/\" \/>\n<meta property=\"og:site_name\" content=\"Polis SA Magazine\" \/>\n<meta property=\"article:publisher\" content=\"https:\/\/www.facebook.com\/PolisSAMagazine\/\" \/>\n<meta property=\"article:published_time\" content=\"2021-12-05T17:58:46+00:00\" \/>\n<meta property=\"article:modified_time\" content=\"2021-12-05T18:00:20+00:00\" \/>\n<meta property=\"og:image\" content=\"https:\/\/www.istitutogalanteoliva.it\/magazine\/wp-content\/uploads\/2021\/12\/Senza-titolo-1.jpg\" \/>\n\t<meta property=\"og:image:width\" content=\"640\" \/>\n\t<meta property=\"og:image:height\" content=\"380\" \/>\n\t<meta property=\"og:image:type\" content=\"image\/jpeg\" \/>\n<meta name=\"author\" content=\"Antonello Rivano\" \/>\n<meta name=\"twitter:card\" content=\"summary_large_image\" \/>\n<meta name=\"twitter:creator\" content=\"@MagazinePolis\" \/>\n<meta name=\"twitter:site\" content=\"@MagazinePolis\" \/>\n<meta name=\"twitter:label1\" content=\"Scritto da\" \/>\n\t<meta name=\"twitter:data1\" content=\"Antonello Rivano\" \/>\n\t<meta name=\"twitter:label2\" content=\"Tempo di lettura stimato\" \/>\n\t<meta name=\"twitter:data2\" content=\"1 minuto\" \/>\n<script type=\"application\/ld+json\" class=\"yoast-schema-graph\">{\"@context\":\"https:\/\/schema.org\",\"@graph\":[{\"@type\":\"Article\",\"@id\":\"https:\/\/www.istitutogalanteoliva.it\/magazine\/2021\/12\/05\/don-edoardo-con-la-pizza-in-mano-storia-dellantica-pizzeria-negri-in-un-racconto\/#article\",\"isPartOf\":{\"@id\":\"https:\/\/www.istitutogalanteoliva.it\/magazine\/2021\/12\/05\/don-edoardo-con-la-pizza-in-mano-storia-dellantica-pizzeria-negri-in-un-racconto\/\"},\"author\":{\"name\":\"Antonello Rivano\",\"@id\":\"https:\/\/www.istitutogalanteoliva.it\/magazine\/#\/schema\/person\/d8b8aa79cfe8babc1df9da3212a7c0c4\"},\"headline\":\"\u201cDon Edoardo con la pizza in mano\u201d: storia dell\u2019antica Pizzeria Negri in un racconto\",\"datePublished\":\"2021-12-05T17:58:46+00:00\",\"dateModified\":\"2021-12-05T18:00:20+00:00\",\"mainEntityOfPage\":{\"@id\":\"https:\/\/www.istitutogalanteoliva.it\/magazine\/2021\/12\/05\/don-edoardo-con-la-pizza-in-mano-storia-dellantica-pizzeria-negri-in-un-racconto\/\"},\"wordCount\":202,\"commentCount\":0,\"publisher\":{\"@id\":\"https:\/\/www.istitutogalanteoliva.it\/magazine\/#organization\"},\"image\":{\"@id\":\"https:\/\/www.istitutogalanteoliva.it\/magazine\/2021\/12\/05\/don-edoardo-con-la-pizza-in-mano-storia-dellantica-pizzeria-negri-in-un-racconto\/#primaryimage\"},\"thumbnailUrl\":\"https:\/\/www.istitutogalanteoliva.it\/magazine\/wp-content\/uploads\/2021\/12\/Senza-titolo-1.jpg\",\"keywords\":[\"libri\",\"salerno\"],\"articleSection\":[\"2021\",\"Campania\",\"Eventi\"],\"inLanguage\":\"it-IT\",\"potentialAction\":[{\"@type\":\"CommentAction\",\"name\":\"Comment\",\"target\":[\"https:\/\/www.istitutogalanteoliva.it\/magazine\/2021\/12\/05\/don-edoardo-con-la-pizza-in-mano-storia-dellantica-pizzeria-negri-in-un-racconto\/#respond\"]}]},{\"@type\":\"WebPage\",\"@id\":\"https:\/\/www.istitutogalanteoliva.it\/magazine\/2021\/12\/05\/don-edoardo-con-la-pizza-in-mano-storia-dellantica-pizzeria-negri-in-un-racconto\/\",\"url\":\"https:\/\/www.istitutogalanteoliva.it\/magazine\/2021\/12\/05\/don-edoardo-con-la-pizza-in-mano-storia-dellantica-pizzeria-negri-in-un-racconto\/\",\"name\":\"\u201cDon Edoardo con la pizza in mano\u201d: storia dell\u2019antica Pizzeria Negri in un racconto - Polis SA Magazine\",\"isPartOf\":{\"@id\":\"https:\/\/www.istitutogalanteoliva.it\/magazine\/#website\"},\"primaryImageOfPage\":{\"@id\":\"https:\/\/www.istitutogalanteoliva.it\/magazine\/2021\/12\/05\/don-edoardo-con-la-pizza-in-mano-storia-dellantica-pizzeria-negri-in-un-racconto\/#primaryimage\"},\"image\":{\"@id\":\"https:\/\/www.istitutogalanteoliva.it\/magazine\/2021\/12\/05\/don-edoardo-con-la-pizza-in-mano-storia-dellantica-pizzeria-negri-in-un-racconto\/#primaryimage\"},\"thumbnailUrl\":\"https:\/\/www.istitutogalanteoliva.it\/magazine\/wp-content\/uploads\/2021\/12\/Senza-titolo-1.jpg\",\"datePublished\":\"2021-12-05T17:58:46+00:00\",\"dateModified\":\"2021-12-05T18:00:20+00:00\",\"description\":\"\u201cDon Edoardo con la pizza in mano\u201d: storia dell\u2019antica Pizzeria Negri in un racconto\",\"breadcrumb\":{\"@id\":\"https:\/\/www.istitutogalanteoliva.it\/magazine\/2021\/12\/05\/don-edoardo-con-la-pizza-in-mano-storia-dellantica-pizzeria-negri-in-un-racconto\/#breadcrumb\"},\"inLanguage\":\"it-IT\",\"potentialAction\":[{\"@type\":\"ReadAction\",\"target\":[\"https:\/\/www.istitutogalanteoliva.it\/magazine\/2021\/12\/05\/don-edoardo-con-la-pizza-in-mano-storia-dellantica-pizzeria-negri-in-un-racconto\/\"]}]},{\"@type\":\"ImageObject\",\"inLanguage\":\"it-IT\",\"@id\":\"https:\/\/www.istitutogalanteoliva.it\/magazine\/2021\/12\/05\/don-edoardo-con-la-pizza-in-mano-storia-dellantica-pizzeria-negri-in-un-racconto\/#primaryimage\",\"url\":\"https:\/\/www.istitutogalanteoliva.it\/magazine\/wp-content\/uploads\/2021\/12\/Senza-titolo-1.jpg\",\"contentUrl\":\"https:\/\/www.istitutogalanteoliva.it\/magazine\/wp-content\/uploads\/2021\/12\/Senza-titolo-1.jpg\",\"width\":640,\"height\":380,\"caption\":\"La copertina del libro e l'autore: Alessandro Basso\"},{\"@type\":\"BreadcrumbList\",\"@id\":\"https:\/\/www.istitutogalanteoliva.it\/magazine\/2021\/12\/05\/don-edoardo-con-la-pizza-in-mano-storia-dellantica-pizzeria-negri-in-un-racconto\/#breadcrumb\",\"itemListElement\":[{\"@type\":\"ListItem\",\"position\":1,\"name\":\"Home\",\"item\":\"https:\/\/www.istitutogalanteoliva.it\/magazine\/\"},{\"@type\":\"ListItem\",\"position\":2,\"name\":\"\u201cDon Edoardo con la pizza in mano\u201d: storia dell\u2019antica Pizzeria Negri in un racconto\"}]},{\"@type\":\"WebSite\",\"@id\":\"https:\/\/www.istitutogalanteoliva.it\/magazine\/#website\",\"url\":\"https:\/\/www.istitutogalanteoliva.it\/magazine\/\",\"name\":\"POLIS SA MAGAZINE\",\"description\":\"Informazione e approfondimenti\",\"publisher\":{\"@id\":\"https:\/\/www.istitutogalanteoliva.it\/magazine\/#organization\"},\"potentialAction\":[{\"@type\":\"SearchAction\",\"target\":{\"@type\":\"EntryPoint\",\"urlTemplate\":\"https:\/\/www.istitutogalanteoliva.it\/magazine\/?s={search_term_string}\"},\"query-input\":{\"@type\":\"PropertyValueSpecification\",\"valueRequired\":true,\"valueName\":\"search_term_string\"}}],\"inLanguage\":\"it-IT\"},{\"@type\":\"Organization\",\"@id\":\"https:\/\/www.istitutogalanteoliva.it\/magazine\/#organization\",\"name\":\"Polis SA Magazine\",\"url\":\"https:\/\/www.istitutogalanteoliva.it\/magazine\/\",\"logo\":{\"@type\":\"ImageObject\",\"inLanguage\":\"it-IT\",\"@id\":\"https:\/\/www.istitutogalanteoliva.it\/magazine\/#\/schema\/logo\/image\/\",\"url\":\"\",\"contentUrl\":\"\",\"caption\":\"Polis SA Magazine\"},\"image\":{\"@id\":\"https:\/\/www.istitutogalanteoliva.it\/magazine\/#\/schema\/logo\/image\/\"},\"sameAs\":[\"https:\/\/www.facebook.com\/PolisSAMagazine\/\",\"https:\/\/x.com\/MagazinePolis\",\"https:\/\/www.youtube.com\/channel\/UCv0Mr5AHKUmsc0sEEXkJrgw\"]},{\"@type\":\"Person\",\"@id\":\"https:\/\/www.istitutogalanteoliva.it\/magazine\/#\/schema\/person\/d8b8aa79cfe8babc1df9da3212a7c0c4\",\"name\":\"Antonello Rivano\",\"image\":{\"@type\":\"ImageObject\",\"inLanguage\":\"it-IT\",\"@id\":\"https:\/\/www.istitutogalanteoliva.it\/magazine\/#\/schema\/person\/image\/\",\"url\":\"https:\/\/secure.gravatar.com\/avatar\/517a9a6487a7a18ecc4ce6d2e57a8f40?s=96&d=mm&r=g\",\"contentUrl\":\"https:\/\/secure.gravatar.com\/avatar\/517a9a6487a7a18ecc4ce6d2e57a8f40?s=96&d=mm&r=g\",\"caption\":\"Antonello Rivano\"},\"url\":\"https:\/\/www.istitutogalanteoliva.it\/magazine\/author\/antonello\/\"}]}<\/script>\n<!-- \/ Yoast SEO plugin. -->","yoast_head_json":{"title":"\u201cDon Edoardo con la pizza in mano\u201d: storia dell\u2019antica Pizzeria Negri in un racconto - Polis SA Magazine","description":"\u201cDon Edoardo con la pizza in mano\u201d: storia dell\u2019antica Pizzeria Negri in un racconto","robots":{"index":"index","follow":"follow","max-snippet":"max-snippet:-1","max-image-preview":"max-image-preview:large","max-video-preview":"max-video-preview:-1"},"canonical":"https:\/\/www.istitutogalanteoliva.it\/magazine\/2021\/12\/05\/don-edoardo-con-la-pizza-in-mano-storia-dellantica-pizzeria-negri-in-un-racconto\/","og_locale":"it_IT","og_type":"article","og_title":"\u201cDon Edoardo con la pizza in mano\u201d: storia dell\u2019antica Pizzeria Negri in un racconto - Polis SA Magazine","og_description":"\u201cDon Edoardo con la pizza in mano\u201d: storia dell\u2019antica Pizzeria Negri in un racconto","og_url":"https:\/\/www.istitutogalanteoliva.it\/magazine\/2021\/12\/05\/don-edoardo-con-la-pizza-in-mano-storia-dellantica-pizzeria-negri-in-un-racconto\/","og_site_name":"Polis SA Magazine","article_publisher":"https:\/\/www.facebook.com\/PolisSAMagazine\/","article_published_time":"2021-12-05T17:58:46+00:00","article_modified_time":"2021-12-05T18:00:20+00:00","og_image":[{"width":640,"height":380,"url":"https:\/\/www.istitutogalanteoliva.it\/magazine\/wp-content\/uploads\/2021\/12\/Senza-titolo-1.jpg","type":"image\/jpeg"}],"author":"Antonello Rivano","twitter_card":"summary_large_image","twitter_creator":"@MagazinePolis","twitter_site":"@MagazinePolis","twitter_misc":{"Scritto da":"Antonello Rivano","Tempo di lettura stimato":"1 minuto"},"schema":{"@context":"https:\/\/schema.org","@graph":[{"@type":"Article","@id":"https:\/\/www.istitutogalanteoliva.it\/magazine\/2021\/12\/05\/don-edoardo-con-la-pizza-in-mano-storia-dellantica-pizzeria-negri-in-un-racconto\/#article","isPartOf":{"@id":"https:\/\/www.istitutogalanteoliva.it\/magazine\/2021\/12\/05\/don-edoardo-con-la-pizza-in-mano-storia-dellantica-pizzeria-negri-in-un-racconto\/"},"author":{"name":"Antonello Rivano","@id":"https:\/\/www.istitutogalanteoliva.it\/magazine\/#\/schema\/person\/d8b8aa79cfe8babc1df9da3212a7c0c4"},"headline":"\u201cDon Edoardo con la pizza in mano\u201d: storia dell\u2019antica Pizzeria Negri in un racconto","datePublished":"2021-12-05T17:58:46+00:00","dateModified":"2021-12-05T18:00:20+00:00","mainEntityOfPage":{"@id":"https:\/\/www.istitutogalanteoliva.it\/magazine\/2021\/12\/05\/don-edoardo-con-la-pizza-in-mano-storia-dellantica-pizzeria-negri-in-un-racconto\/"},"wordCount":202,"commentCount":0,"publisher":{"@id":"https:\/\/www.istitutogalanteoliva.it\/magazine\/#organization"},"image":{"@id":"https:\/\/www.istitutogalanteoliva.it\/magazine\/2021\/12\/05\/don-edoardo-con-la-pizza-in-mano-storia-dellantica-pizzeria-negri-in-un-racconto\/#primaryimage"},"thumbnailUrl":"https:\/\/www.istitutogalanteoliva.it\/magazine\/wp-content\/uploads\/2021\/12\/Senza-titolo-1.jpg","keywords":["libri","salerno"],"articleSection":["2021","Campania","Eventi"],"inLanguage":"it-IT","potentialAction":[{"@type":"CommentAction","name":"Comment","target":["https:\/\/www.istitutogalanteoliva.it\/magazine\/2021\/12\/05\/don-edoardo-con-la-pizza-in-mano-storia-dellantica-pizzeria-negri-in-un-racconto\/#respond"]}]},{"@type":"WebPage","@id":"https:\/\/www.istitutogalanteoliva.it\/magazine\/2021\/12\/05\/don-edoardo-con-la-pizza-in-mano-storia-dellantica-pizzeria-negri-in-un-racconto\/","url":"https:\/\/www.istitutogalanteoliva.it\/magazine\/2021\/12\/05\/don-edoardo-con-la-pizza-in-mano-storia-dellantica-pizzeria-negri-in-un-racconto\/","name":"\u201cDon Edoardo con la pizza in mano\u201d: storia dell\u2019antica Pizzeria Negri in un racconto - Polis SA Magazine","isPartOf":{"@id":"https:\/\/www.istitutogalanteoliva.it\/magazine\/#website"},"primaryImageOfPage":{"@id":"https:\/\/www.istitutogalanteoliva.it\/magazine\/2021\/12\/05\/don-edoardo-con-la-pizza-in-mano-storia-dellantica-pizzeria-negri-in-un-racconto\/#primaryimage"},"image":{"@id":"https:\/\/www.istitutogalanteoliva.it\/magazine\/2021\/12\/05\/don-edoardo-con-la-pizza-in-mano-storia-dellantica-pizzeria-negri-in-un-racconto\/#primaryimage"},"thumbnailUrl":"https:\/\/www.istitutogalanteoliva.it\/magazine\/wp-content\/uploads\/2021\/12\/Senza-titolo-1.jpg","datePublished":"2021-12-05T17:58:46+00:00","dateModified":"2021-12-05T18:00:20+00:00","description":"\u201cDon Edoardo con la pizza in mano\u201d: storia dell\u2019antica Pizzeria Negri in un racconto","breadcrumb":{"@id":"https:\/\/www.istitutogalanteoliva.it\/magazine\/2021\/12\/05\/don-edoardo-con-la-pizza-in-mano-storia-dellantica-pizzeria-negri-in-un-racconto\/#breadcrumb"},"inLanguage":"it-IT","potentialAction":[{"@type":"ReadAction","target":["https:\/\/www.istitutogalanteoliva.it\/magazine\/2021\/12\/05\/don-edoardo-con-la-pizza-in-mano-storia-dellantica-pizzeria-negri-in-un-racconto\/"]}]},{"@type":"ImageObject","inLanguage":"it-IT","@id":"https:\/\/www.istitutogalanteoliva.it\/magazine\/2021\/12\/05\/don-edoardo-con-la-pizza-in-mano-storia-dellantica-pizzeria-negri-in-un-racconto\/#primaryimage","url":"https:\/\/www.istitutogalanteoliva.it\/magazine\/wp-content\/uploads\/2021\/12\/Senza-titolo-1.jpg","contentUrl":"https:\/\/www.istitutogalanteoliva.it\/magazine\/wp-content\/uploads\/2021\/12\/Senza-titolo-1.jpg","width":640,"height":380,"caption":"La copertina del libro e l'autore: Alessandro Basso"},{"@type":"BreadcrumbList","@id":"https:\/\/www.istitutogalanteoliva.it\/magazine\/2021\/12\/05\/don-edoardo-con-la-pizza-in-mano-storia-dellantica-pizzeria-negri-in-un-racconto\/#breadcrumb","itemListElement":[{"@type":"ListItem","position":1,"name":"Home","item":"https:\/\/www.istitutogalanteoliva.it\/magazine\/"},{"@type":"ListItem","position":2,"name":"\u201cDon Edoardo con la pizza in mano\u201d: storia dell\u2019antica Pizzeria Negri in un racconto"}]},{"@type":"WebSite","@id":"https:\/\/www.istitutogalanteoliva.it\/magazine\/#website","url":"https:\/\/www.istitutogalanteoliva.it\/magazine\/","name":"POLIS SA MAGAZINE","description":"Informazione e approfondimenti","publisher":{"@id":"https:\/\/www.istitutogalanteoliva.it\/magazine\/#organization"},"potentialAction":[{"@type":"SearchAction","target":{"@type":"EntryPoint","urlTemplate":"https:\/\/www.istitutogalanteoliva.it\/magazine\/?s={search_term_string}"},"query-input":{"@type":"PropertyValueSpecification","valueRequired":true,"valueName":"search_term_string"}}],"inLanguage":"it-IT"},{"@type":"Organization","@id":"https:\/\/www.istitutogalanteoliva.it\/magazine\/#organization","name":"Polis SA Magazine","url":"https:\/\/www.istitutogalanteoliva.it\/magazine\/","logo":{"@type":"ImageObject","inLanguage":"it-IT","@id":"https:\/\/www.istitutogalanteoliva.it\/magazine\/#\/schema\/logo\/image\/","url":"","contentUrl":"","caption":"Polis SA Magazine"},"image":{"@id":"https:\/\/www.istitutogalanteoliva.it\/magazine\/#\/schema\/logo\/image\/"},"sameAs":["https:\/\/www.facebook.com\/PolisSAMagazine\/","https:\/\/x.com\/MagazinePolis","https:\/\/www.youtube.com\/channel\/UCv0Mr5AHKUmsc0sEEXkJrgw"]},{"@type":"Person","@id":"https:\/\/www.istitutogalanteoliva.it\/magazine\/#\/schema\/person\/d8b8aa79cfe8babc1df9da3212a7c0c4","name":"Antonello Rivano","image":{"@type":"ImageObject","inLanguage":"it-IT","@id":"https:\/\/www.istitutogalanteoliva.it\/magazine\/#\/schema\/person\/image\/","url":"https:\/\/secure.gravatar.com\/avatar\/517a9a6487a7a18ecc4ce6d2e57a8f40?s=96&d=mm&r=g","contentUrl":"https:\/\/secure.gravatar.com\/avatar\/517a9a6487a7a18ecc4ce6d2e57a8f40?s=96&d=mm&r=g","caption":"Antonello Rivano"},"url":"https:\/\/www.istitutogalanteoliva.it\/magazine\/author\/antonello\/"}]}},"_links":{"self":[{"href":"https:\/\/www.istitutogalanteoliva.it\/magazine\/wp-json\/wp\/v2\/posts\/10853","targetHints":{"allow":["GET"]}}],"collection":[{"href":"https:\/\/www.istitutogalanteoliva.it\/magazine\/wp-json\/wp\/v2\/posts"}],"about":[{"href":"https:\/\/www.istitutogalanteoliva.it\/magazine\/wp-json\/wp\/v2\/types\/post"}],"author":[{"embeddable":true,"href":"https:\/\/www.istitutogalanteoliva.it\/magazine\/wp-json\/wp\/v2\/users\/2"}],"replies":[{"embeddable":true,"href":"https:\/\/www.istitutogalanteoliva.it\/magazine\/wp-json\/wp\/v2\/comments?post=10853"}],"version-history":[{"count":1,"href":"https:\/\/www.istitutogalanteoliva.it\/magazine\/wp-json\/wp\/v2\/posts\/10853\/revisions"}],"predecessor-version":[{"id":10856,"href":"https:\/\/www.istitutogalanteoliva.it\/magazine\/wp-json\/wp\/v2\/posts\/10853\/revisions\/10856"}],"wp:featuredmedia":[{"embeddable":true,"href":"https:\/\/www.istitutogalanteoliva.it\/magazine\/wp-json\/wp\/v2\/media\/10854"}],"wp:attachment":[{"href":"https:\/\/www.istitutogalanteoliva.it\/magazine\/wp-json\/wp\/v2\/media?parent=10853"}],"wp:term":[{"taxonomy":"category","embeddable":true,"href":"https:\/\/www.istitutogalanteoliva.it\/magazine\/wp-json\/wp\/v2\/categories?post=10853"},{"taxonomy":"post_tag","embeddable":true,"href":"https:\/\/www.istitutogalanteoliva.it\/magazine\/wp-json\/wp\/v2\/tags?post=10853"}],"curies":[{"name":"wp","href":"https:\/\/api.w.org\/{rel}","templated":true}]}}