{"id":10867,"date":"2021-12-07T08:00:00","date_gmt":"2021-12-07T07:00:00","guid":{"rendered":"https:\/\/www.istitutogalanteoliva.it\/magazine\/?p=10867"},"modified":"2021-12-06T18:38:31","modified_gmt":"2021-12-06T17:38:31","slug":"il-ruolo-dei-cattolici-in-politica-conversazione-con-leoluca-orlando","status":"publish","type":"post","link":"https:\/\/www.istitutogalanteoliva.it\/magazine\/2021\/12\/07\/il-ruolo-dei-cattolici-in-politica-conversazione-con-leoluca-orlando\/","title":{"rendered":"Il ruolo dei cattolici in politica: conversazione con Leoluca Orlando"},"content":{"rendered":"\n<p><strong>Di S<em>tefano Pignataro<\/em><\/strong><\/p>\n\n\n\n<p><strong>\u201cLe trasformazioni della vita urbana\u201d<\/strong>; in occasione dei 125 anni della fondazione della<strong> Federazione Universitaria Cattolica italiana<\/strong>, conosciuta con l\u2019acrostico<strong> Fuci<\/strong>, la Presidenza nazionale (composta dai Presidenti <strong>Lorenzo Cattaneo<\/strong> e <strong>Allegra Tonnarini<\/strong> e dalla Vicepresidente Chi<strong>ara Lambranzi)<\/strong> ha incentrato sul tema estremamente interessante dell\u2019urbanesimo e della lettura della citt\u00e0 in senso antropologico, pastorale, civico e politico la riflessione perno centrale del IX modulo formativo unitario tenutosi a Roma, presso la Casa Bonus Pastor, nei giorni 26-27-28 novembre. <\/p>\n\n\n\n<p>Il modulo, partecipato dai tantissimi gruppi della Federazione che animano le Universit\u00e0 provenienti da tutta Italia, \u00e8 stata una preziosa occasione di riflessione, confronto e dialettica non soltanto sul tema in questione, ma anche su tutto ci\u00e0 che ne scaturisce da un ampio dibattito sviluppato sia su esperienze personali, sia dalle dense e stimolanti riflessioni effettuate dai relatori ospiti del Modulo formativo. Diversi, infatti, sono stati gli ospiti che hanno animato il modulo formativo: dall\u2019Architetto e Docente universitario <strong>Guendalina Solimei<\/strong> al Segretario della Cei <strong>Mons. Stefano Russo<\/strong>, dal Magnifico Rettore dell\u2019Universit\u00e0 Lumsa <strong>Prof. Francesco Bonini <\/strong>al Sindaco di Salerno<strong> On. Prof. Leoluca Orlando<\/strong>, dagli amministratori locali <strong>Emanuele Moggia<\/strong> e <strong>Giulia Milani<\/strong> (rispettivamente Sindaco di Monterosso al Mare e Consigliere comunale di Cassola). <\/p>\n\n\n\n<figure class=\"wp-block-image size-large is-resized\"><img loading=\"lazy\" decoding=\"async\" src=\"https:\/\/www.istitutogalanteoliva.it\/magazine\/wp-content\/uploads\/2021\/12\/55.jpg\" alt=\"\" class=\"wp-image-10868\" width=\"480\" height=\"285\" srcset=\"https:\/\/www.istitutogalanteoliva.it\/magazine\/wp-content\/uploads\/2021\/12\/55.jpg 640w, https:\/\/www.istitutogalanteoliva.it\/magazine\/wp-content\/uploads\/2021\/12\/55-300x178.jpg 300w\" sizes=\"auto, (max-width: 480px) 100vw, 480px\" \/><\/figure>\n\n\n\n<p>Una riflessione a parte, inoltre, \u00e8 stata dedicata alla storia della Fuci nei differenti contesti storici della Storia d\u2019Italia discussi ed analizzati dal <strong>prof. Renato Moro<\/strong> (Prof. di Storia contemporanea presso l\u2019Universit\u00e0 degli studi di Roma \u201cRoma Tre\u201d e dal <strong>prof. Michele Nicoletti<\/strong>, Presidente della Fondazione Fuci e prof. presso L\u2019Universit\u00e0 di Trento, gi\u00e0 Parlamentare della XVI Legislatura. L\u2019incontro, moderato della giornalista Rai <strong>Enrica Belli<\/strong>, \u00e8 stato arricchito dalla presenza di numerosi esponenti storici della Federazioni, tra tutti il decano <strong>Romolo Pietrobelli<\/strong> ed \u00e8 stato ulteriormente impreziosito di importanza storica dalla mostra fotografica allestita presso la \u201cDomus Pastor\u201d realizzata sotto la cura d<strong>i Marco Tarall<\/strong>o (Rappresentante di Assemblea Federale e appartenente al gruppo Fuci di Firenze). L\u2019ultimo giorno dei lavori \u00e8 stato caratterizzato dalla presentazione dei lavori delle diverse Commissioni del Coordinamento degli Stati Generali di Fiesole 2023.<\/p>\n\n\n\n<p>Densa e partecipata, moderata dal Segretario nazionale Fuci <strong>Andrea Di Gangi<\/strong>, la tavola rotonda dal titolo \u201cLe trasformazioni della citt\u00e0\u201d che ha visto relatori <strong>Mons. Stefano Russo<\/strong>, il prof.<strong> Francesco Bonini<\/strong> ed il Sindaco di Palerm<strong>o On. Prof. Leoluca Orlando<\/strong>, ha visto confrontarsi tre realt\u00e0 differenti ma allo stesso tempo unite nel simbolo della sinodalit\u00e0 e nell\u2019attenzione \u201calle periferie esistenziali\u201d.<\/p>\n\n\n\n<figure class=\"wp-block-image size-large is-resized\"><img loading=\"lazy\" decoding=\"async\" src=\"https:\/\/www.istitutogalanteoliva.it\/magazine\/wp-content\/uploads\/2021\/12\/378b72a6c2727a81a3ff4a7773cacab5_XL.jpg\" alt=\"\" class=\"wp-image-10869\" width=\"480\" height=\"285\" srcset=\"https:\/\/www.istitutogalanteoliva.it\/magazine\/wp-content\/uploads\/2021\/12\/378b72a6c2727a81a3ff4a7773cacab5_XL.jpg 640w, https:\/\/www.istitutogalanteoliva.it\/magazine\/wp-content\/uploads\/2021\/12\/378b72a6c2727a81a3ff4a7773cacab5_XL-300x178.jpg 300w\" sizes=\"auto, (max-width: 480px) 100vw, 480px\" \/><\/figure>\n\n\n\n<p><strong>On. Orlando, il nostro tempo \u00e8 caratterizzato da una forte presenza di realt\u00e0 cattoliche, ma forse il pensiero del cattolico, in particolare in politica, oggigiorno fatica ad emergere. Quali elementi, secondo Lei, occorre soffermarsi per far si che riacquisti una sua validit\u00e0?<\/strong><\/p>\n\n\n\n<p><em>Secondo la mia personale visione, due sono gli elementi forti del possibile impegno dei cattolici in politica, anche se, oggigiorno, per un cattolico \u00e8 meglio forse non dire che \u00e8 cattolico. Il tema \u00e8 molti semplice: io sono persona, noi siamo comunit\u00e0, un principio che deve essere di monito agli individualismi ed agli egoismi; tutte le volte che si assiste ad un qualsiasi atto di egoismo, il cattolico deve intervenire. La comunit\u00e0, poi, il fare comunit\u00e0 \u00e8 di fondamentale importanza, perch\u00e9 significa alternativa ai gruppi chiusi. Da qui scaturiscono una serie di riflessioni quali il primato dei diritti sul diritto e il cercare di adeguare la legge sui diritti e non viceversa il che \u00e8 consentito nel nostro paese per la nostra Costituzione democratica; basta applicare i principi della costituzione e convincersi che pu\u00f2 essere eversiva una legge che non rispetta i diritti e non chi contesta una legge che mortifica i diritti. Una questione importante, inoltre, \u00e8 il tema dell\u2019identit\u00e0, un\u2019identit\u00e0 \u201cnon di sangue\u201d che deve essere un atto di libera scelta; infine, il rifiuto totale a lotta ad ogni tipo di razzismo. \u00a0Valori, questi, che devono essere fatti propri sia dai cattolici di destra, sia di sinistra e di centro: da 200 anni, dopo la rivoluzione francese si \u00e8 affermato il primato della liberta sull\u2019eguaglianza, devi essere uguale prima di essere libero e per duecento anni siamo stati divisi su una concezione dell\u2019essere prima liberi e poi uguali o viceversa. Papa Francesco ci ha ricordato che esiste la fraternit\u00e0 e qualsiasi politico che segue un percorso di impegno occorre che si domandi se i criteri di libert\u00e0 \u00a0e di uguaglianza rispettino il principio di fraternit\u00e0.<\/em><br><\/p>\n\n\n\n<p><strong>Il tema della trasformazione urbana in senso antropologico \u00e8 stato un tema caro a Pasolini (penso al suo monologo televisivo su \u201cSabaudia e le civilt\u00e0 dei consumi\u201d del 1974; il suo pensiero \u00e8 oggi considerato attuale, da riscoprire e da approfondire. Ritiene che il suo pensiero possa essere oggi contestualizzato su questo tema?<\/strong><\/p>\n\n\n\n<p><em>Nel corso della mia vita ho pianto molto per la morte delle persone che ho conosciuto. Con Pasolini mi capit\u00f2 la stessa cosa anche non avendo avuto mai la fortuna di conoscere. Pasolini era un animo libero, era secondo me,\u00a0 un vero cattolico , che aveva scoperto la grande sofferenza delle borgate in una citt\u00e0 in trasformazione, non pi\u00f9 campagna n\u00e9 \u00a0citt\u00e0. Lui ha trattato di questa invisibilit\u00e0, di vivere in una n\u00e9 in campagna n\u00e9 in citt\u00e0 e considero i\u00a0 suoi scritti corsari di una grande lucidit\u00e0. Ricordo, inoltre, che rimasi scioccato quando sentimmo l\u2019invettiva di Pasolini verso noi giovani sessantottini. Come ricordo che segu\u00ec con molto interesse le sue opinioni contro la scuola dell\u2019obbligo. Secondo me, Pasolini ha espresso valori straordinari di libert\u00e0 \u00e8 stato un grande testimone della \u201cidentit\u00e0 non di sangue\u201d\u00a0 e del rispetto dei diversi.\u00a0 La nostra societ\u00e0 ed il nostro destino di essere umani si gioca molto sul rispetto. Migranti ed omosessuali sono le due spie di quanto noi rispettiamo i diritti umani.<\/em><\/p>\n\n\n\n<p><img loading=\"lazy\" decoding=\"async\" width=\"100\" height=\"100\" class=\"wp-image-8696\" style=\"width: 100px;\" src=\"https:\/\/www.istitutogalanteoliva.it\/magazine\/wp-content\/uploads\/2021\/07\/Stefano-.jpg\" alt=\"\" srcset=\"https:\/\/www.istitutogalanteoliva.it\/magazine\/wp-content\/uploads\/2021\/07\/Stefano-.jpg 1624w, https:\/\/www.istitutogalanteoliva.it\/magazine\/wp-content\/uploads\/2021\/07\/Stefano--300x300.jpg 300w, https:\/\/www.istitutogalanteoliva.it\/magazine\/wp-content\/uploads\/2021\/07\/Stefano--1024x1024.jpg 1024w, https:\/\/www.istitutogalanteoliva.it\/magazine\/wp-content\/uploads\/2021\/07\/Stefano--150x150.jpg 150w, https:\/\/www.istitutogalanteoliva.it\/magazine\/wp-content\/uploads\/2021\/07\/Stefano--768x768.jpg 768w, https:\/\/www.istitutogalanteoliva.it\/magazine\/wp-content\/uploads\/2021\/07\/Stefano--1536x1536.jpg 1536w\" sizes=\"auto, (max-width: 100px) 100vw, 100px\" \/><strong><em><a href=\"https:\/\/www.istitutogalanteoliva.it\/magazine\/?s=Stefano+Pignataro\" target=\"_blank\" rel=\"noreferrer noopener\">Stefano Pignataro<\/a><\/em><\/strong><br><strong><em><sup>Vicecoordinatore Nazionale di redazione\/Coordinatore Sud Italia e Sicilia<\/sup><\/em><\/strong><br><\/p>\n<div class=\"pdfprnt-buttons pdfprnt-buttons-post pdfprnt-bottom-left\"><a href=\"https:\/\/www.istitutogalanteoliva.it\/magazine\/wp-json\/wp\/v2\/posts\/10867?print=print\" class=\"pdfprnt-button pdfprnt-button-print\" target=\"_blank\"><img decoding=\"async\" src=\"https:\/\/www.istitutogalanteoliva.it\/magazine\/wp-content\/plugins\/pdf-print\/images\/print.png\" alt=\"image_print\" title=\"Stampa contenuto\" \/><span class=\"pdfprnt-button-title pdfprnt-button-print-title\">Download in PDF<\/span><\/a><\/div>","protected":false},"excerpt":{"rendered":"<p>Intervista al sindaco di Salerno, On.Leoluca Orlando, in occasione  dei 125 anni della fondazione della FUCI, Federazione Universitaria Cattolica <\/p>\n","protected":false},"author":2,"featured_media":10870,"comment_status":"open","ping_status":"open","sticky":true,"template":"","format":"standard","meta":{"footnotes":""},"categories":[148,254],"tags":[],"class_list":["post-10867","post","type-post","status-publish","format-standard","has-post-thumbnail","hentry","category-148","category-attualita"],"yoast_head":"<!-- This site is optimized with the Yoast SEO plugin v24.2 - https:\/\/yoast.com\/wordpress\/plugins\/seo\/ -->\n<title>Il ruolo dei cattolici in politica: conversazione con Leoluca Orlando - Polis SA Magazine<\/title>\n<meta name=\"description\" content=\"Intervista al sindaco di Salerno, On.Leoluca Orlando, in occasione dei 125 anni della fondazione della FUCI, Federazione Universitaria Cattolica\" \/>\n<meta name=\"robots\" content=\"index, follow, max-snippet:-1, max-image-preview:large, max-video-preview:-1\" \/>\n<link rel=\"canonical\" href=\"https:\/\/www.istitutogalanteoliva.it\/magazine\/2021\/12\/07\/il-ruolo-dei-cattolici-in-politica-conversazione-con-leoluca-orlando\/\" \/>\n<meta property=\"og:locale\" content=\"it_IT\" \/>\n<meta property=\"og:type\" content=\"article\" \/>\n<meta property=\"og:title\" content=\"Il ruolo dei cattolici in politica: conversazione con Leoluca Orlando - Polis SA Magazine\" \/>\n<meta property=\"og:description\" content=\"Intervista al sindaco di Salerno, On.Leoluca Orlando, in occasione dei 125 anni della fondazione della FUCI, Federazione Universitaria Cattolica\" \/>\n<meta property=\"og:url\" content=\"https:\/\/www.istitutogalanteoliva.it\/magazine\/2021\/12\/07\/il-ruolo-dei-cattolici-in-politica-conversazione-con-leoluca-orlando\/\" \/>\n<meta property=\"og:site_name\" content=\"Polis SA Magazine\" \/>\n<meta property=\"article:publisher\" content=\"https:\/\/www.facebook.com\/PolisSAMagazine\/\" \/>\n<meta property=\"article:published_time\" content=\"2021-12-07T07:00:00+00:00\" \/>\n<meta property=\"article:modified_time\" content=\"2021-12-06T17:38:31+00:00\" \/>\n<meta property=\"og:image\" content=\"https:\/\/www.istitutogalanteoliva.it\/magazine\/wp-content\/uploads\/2021\/12\/56.jpg\" \/>\n\t<meta property=\"og:image:width\" content=\"640\" \/>\n\t<meta property=\"og:image:height\" content=\"380\" \/>\n\t<meta property=\"og:image:type\" content=\"image\/jpeg\" \/>\n<meta name=\"author\" content=\"Antonello Rivano\" \/>\n<meta name=\"twitter:card\" content=\"summary_large_image\" \/>\n<meta name=\"twitter:creator\" content=\"@MagazinePolis\" \/>\n<meta name=\"twitter:site\" content=\"@MagazinePolis\" \/>\n<meta name=\"twitter:label1\" content=\"Scritto da\" \/>\n\t<meta name=\"twitter:data1\" content=\"Antonello Rivano\" \/>\n\t<meta name=\"twitter:label2\" content=\"Tempo di lettura stimato\" \/>\n\t<meta name=\"twitter:data2\" content=\"5 minuti\" \/>\n<script type=\"application\/ld+json\" class=\"yoast-schema-graph\">{\"@context\":\"https:\/\/schema.org\",\"@graph\":[{\"@type\":\"Article\",\"@id\":\"https:\/\/www.istitutogalanteoliva.it\/magazine\/2021\/12\/07\/il-ruolo-dei-cattolici-in-politica-conversazione-con-leoluca-orlando\/#article\",\"isPartOf\":{\"@id\":\"https:\/\/www.istitutogalanteoliva.it\/magazine\/2021\/12\/07\/il-ruolo-dei-cattolici-in-politica-conversazione-con-leoluca-orlando\/\"},\"author\":{\"name\":\"Antonello Rivano\",\"@id\":\"https:\/\/www.istitutogalanteoliva.it\/magazine\/#\/schema\/person\/d8b8aa79cfe8babc1df9da3212a7c0c4\"},\"headline\":\"Il ruolo dei cattolici in politica: conversazione con Leoluca Orlando\",\"datePublished\":\"2021-12-07T07:00:00+00:00\",\"dateModified\":\"2021-12-06T17:38:31+00:00\",\"mainEntityOfPage\":{\"@id\":\"https:\/\/www.istitutogalanteoliva.it\/magazine\/2021\/12\/07\/il-ruolo-dei-cattolici-in-politica-conversazione-con-leoluca-orlando\/\"},\"wordCount\":947,\"commentCount\":0,\"publisher\":{\"@id\":\"https:\/\/www.istitutogalanteoliva.it\/magazine\/#organization\"},\"image\":{\"@id\":\"https:\/\/www.istitutogalanteoliva.it\/magazine\/2021\/12\/07\/il-ruolo-dei-cattolici-in-politica-conversazione-con-leoluca-orlando\/#primaryimage\"},\"thumbnailUrl\":\"https:\/\/www.istitutogalanteoliva.it\/magazine\/wp-content\/uploads\/2021\/12\/56.jpg\",\"articleSection\":[\"2021\",\"Attualit\u00e0\"],\"inLanguage\":\"it-IT\",\"potentialAction\":[{\"@type\":\"CommentAction\",\"name\":\"Comment\",\"target\":[\"https:\/\/www.istitutogalanteoliva.it\/magazine\/2021\/12\/07\/il-ruolo-dei-cattolici-in-politica-conversazione-con-leoluca-orlando\/#respond\"]}]},{\"@type\":\"WebPage\",\"@id\":\"https:\/\/www.istitutogalanteoliva.it\/magazine\/2021\/12\/07\/il-ruolo-dei-cattolici-in-politica-conversazione-con-leoluca-orlando\/\",\"url\":\"https:\/\/www.istitutogalanteoliva.it\/magazine\/2021\/12\/07\/il-ruolo-dei-cattolici-in-politica-conversazione-con-leoluca-orlando\/\",\"name\":\"Il ruolo dei cattolici in politica: conversazione con Leoluca Orlando - Polis SA Magazine\",\"isPartOf\":{\"@id\":\"https:\/\/www.istitutogalanteoliva.it\/magazine\/#website\"},\"primaryImageOfPage\":{\"@id\":\"https:\/\/www.istitutogalanteoliva.it\/magazine\/2021\/12\/07\/il-ruolo-dei-cattolici-in-politica-conversazione-con-leoluca-orlando\/#primaryimage\"},\"image\":{\"@id\":\"https:\/\/www.istitutogalanteoliva.it\/magazine\/2021\/12\/07\/il-ruolo-dei-cattolici-in-politica-conversazione-con-leoluca-orlando\/#primaryimage\"},\"thumbnailUrl\":\"https:\/\/www.istitutogalanteoliva.it\/magazine\/wp-content\/uploads\/2021\/12\/56.jpg\",\"datePublished\":\"2021-12-07T07:00:00+00:00\",\"dateModified\":\"2021-12-06T17:38:31+00:00\",\"description\":\"Intervista al sindaco di Salerno, On.Leoluca Orlando, in occasione dei 125 anni della fondazione della FUCI, Federazione Universitaria Cattolica\",\"breadcrumb\":{\"@id\":\"https:\/\/www.istitutogalanteoliva.it\/magazine\/2021\/12\/07\/il-ruolo-dei-cattolici-in-politica-conversazione-con-leoluca-orlando\/#breadcrumb\"},\"inLanguage\":\"it-IT\",\"potentialAction\":[{\"@type\":\"ReadAction\",\"target\":[\"https:\/\/www.istitutogalanteoliva.it\/magazine\/2021\/12\/07\/il-ruolo-dei-cattolici-in-politica-conversazione-con-leoluca-orlando\/\"]}]},{\"@type\":\"ImageObject\",\"inLanguage\":\"it-IT\",\"@id\":\"https:\/\/www.istitutogalanteoliva.it\/magazine\/2021\/12\/07\/il-ruolo-dei-cattolici-in-politica-conversazione-con-leoluca-orlando\/#primaryimage\",\"url\":\"https:\/\/www.istitutogalanteoliva.it\/magazine\/wp-content\/uploads\/2021\/12\/56.jpg\",\"contentUrl\":\"https:\/\/www.istitutogalanteoliva.it\/magazine\/wp-content\/uploads\/2021\/12\/56.jpg\",\"width\":640,\"height\":380},{\"@type\":\"BreadcrumbList\",\"@id\":\"https:\/\/www.istitutogalanteoliva.it\/magazine\/2021\/12\/07\/il-ruolo-dei-cattolici-in-politica-conversazione-con-leoluca-orlando\/#breadcrumb\",\"itemListElement\":[{\"@type\":\"ListItem\",\"position\":1,\"name\":\"Home\",\"item\":\"https:\/\/www.istitutogalanteoliva.it\/magazine\/\"},{\"@type\":\"ListItem\",\"position\":2,\"name\":\"Il ruolo dei cattolici in politica: conversazione con Leoluca Orlando\"}]},{\"@type\":\"WebSite\",\"@id\":\"https:\/\/www.istitutogalanteoliva.it\/magazine\/#website\",\"url\":\"https:\/\/www.istitutogalanteoliva.it\/magazine\/\",\"name\":\"POLIS SA MAGAZINE\",\"description\":\"Informazione e approfondimenti\",\"publisher\":{\"@id\":\"https:\/\/www.istitutogalanteoliva.it\/magazine\/#organization\"},\"potentialAction\":[{\"@type\":\"SearchAction\",\"target\":{\"@type\":\"EntryPoint\",\"urlTemplate\":\"https:\/\/www.istitutogalanteoliva.it\/magazine\/?s={search_term_string}\"},\"query-input\":{\"@type\":\"PropertyValueSpecification\",\"valueRequired\":true,\"valueName\":\"search_term_string\"}}],\"inLanguage\":\"it-IT\"},{\"@type\":\"Organization\",\"@id\":\"https:\/\/www.istitutogalanteoliva.it\/magazine\/#organization\",\"name\":\"Polis SA Magazine\",\"url\":\"https:\/\/www.istitutogalanteoliva.it\/magazine\/\",\"logo\":{\"@type\":\"ImageObject\",\"inLanguage\":\"it-IT\",\"@id\":\"https:\/\/www.istitutogalanteoliva.it\/magazine\/#\/schema\/logo\/image\/\",\"url\":\"\",\"contentUrl\":\"\",\"caption\":\"Polis SA Magazine\"},\"image\":{\"@id\":\"https:\/\/www.istitutogalanteoliva.it\/magazine\/#\/schema\/logo\/image\/\"},\"sameAs\":[\"https:\/\/www.facebook.com\/PolisSAMagazine\/\",\"https:\/\/x.com\/MagazinePolis\",\"https:\/\/www.youtube.com\/channel\/UCv0Mr5AHKUmsc0sEEXkJrgw\"]},{\"@type\":\"Person\",\"@id\":\"https:\/\/www.istitutogalanteoliva.it\/magazine\/#\/schema\/person\/d8b8aa79cfe8babc1df9da3212a7c0c4\",\"name\":\"Antonello Rivano\",\"image\":{\"@type\":\"ImageObject\",\"inLanguage\":\"it-IT\",\"@id\":\"https:\/\/www.istitutogalanteoliva.it\/magazine\/#\/schema\/person\/image\/\",\"url\":\"https:\/\/secure.gravatar.com\/avatar\/517a9a6487a7a18ecc4ce6d2e57a8f40?s=96&d=mm&r=g\",\"contentUrl\":\"https:\/\/secure.gravatar.com\/avatar\/517a9a6487a7a18ecc4ce6d2e57a8f40?s=96&d=mm&r=g\",\"caption\":\"Antonello Rivano\"},\"url\":\"https:\/\/www.istitutogalanteoliva.it\/magazine\/author\/antonello\/\"}]}<\/script>\n<!-- \/ Yoast SEO plugin. -->","yoast_head_json":{"title":"Il ruolo dei cattolici in politica: conversazione con Leoluca Orlando - Polis SA Magazine","description":"Intervista al sindaco di Salerno, On.Leoluca Orlando, in occasione dei 125 anni della fondazione della FUCI, Federazione Universitaria Cattolica","robots":{"index":"index","follow":"follow","max-snippet":"max-snippet:-1","max-image-preview":"max-image-preview:large","max-video-preview":"max-video-preview:-1"},"canonical":"https:\/\/www.istitutogalanteoliva.it\/magazine\/2021\/12\/07\/il-ruolo-dei-cattolici-in-politica-conversazione-con-leoluca-orlando\/","og_locale":"it_IT","og_type":"article","og_title":"Il ruolo dei cattolici in politica: conversazione con Leoluca Orlando - Polis SA Magazine","og_description":"Intervista al sindaco di Salerno, On.Leoluca Orlando, in occasione dei 125 anni della fondazione della FUCI, Federazione Universitaria Cattolica","og_url":"https:\/\/www.istitutogalanteoliva.it\/magazine\/2021\/12\/07\/il-ruolo-dei-cattolici-in-politica-conversazione-con-leoluca-orlando\/","og_site_name":"Polis SA Magazine","article_publisher":"https:\/\/www.facebook.com\/PolisSAMagazine\/","article_published_time":"2021-12-07T07:00:00+00:00","article_modified_time":"2021-12-06T17:38:31+00:00","og_image":[{"width":640,"height":380,"url":"https:\/\/www.istitutogalanteoliva.it\/magazine\/wp-content\/uploads\/2021\/12\/56.jpg","type":"image\/jpeg"}],"author":"Antonello Rivano","twitter_card":"summary_large_image","twitter_creator":"@MagazinePolis","twitter_site":"@MagazinePolis","twitter_misc":{"Scritto da":"Antonello Rivano","Tempo di lettura stimato":"5 minuti"},"schema":{"@context":"https:\/\/schema.org","@graph":[{"@type":"Article","@id":"https:\/\/www.istitutogalanteoliva.it\/magazine\/2021\/12\/07\/il-ruolo-dei-cattolici-in-politica-conversazione-con-leoluca-orlando\/#article","isPartOf":{"@id":"https:\/\/www.istitutogalanteoliva.it\/magazine\/2021\/12\/07\/il-ruolo-dei-cattolici-in-politica-conversazione-con-leoluca-orlando\/"},"author":{"name":"Antonello Rivano","@id":"https:\/\/www.istitutogalanteoliva.it\/magazine\/#\/schema\/person\/d8b8aa79cfe8babc1df9da3212a7c0c4"},"headline":"Il ruolo dei cattolici in politica: conversazione con Leoluca Orlando","datePublished":"2021-12-07T07:00:00+00:00","dateModified":"2021-12-06T17:38:31+00:00","mainEntityOfPage":{"@id":"https:\/\/www.istitutogalanteoliva.it\/magazine\/2021\/12\/07\/il-ruolo-dei-cattolici-in-politica-conversazione-con-leoluca-orlando\/"},"wordCount":947,"commentCount":0,"publisher":{"@id":"https:\/\/www.istitutogalanteoliva.it\/magazine\/#organization"},"image":{"@id":"https:\/\/www.istitutogalanteoliva.it\/magazine\/2021\/12\/07\/il-ruolo-dei-cattolici-in-politica-conversazione-con-leoluca-orlando\/#primaryimage"},"thumbnailUrl":"https:\/\/www.istitutogalanteoliva.it\/magazine\/wp-content\/uploads\/2021\/12\/56.jpg","articleSection":["2021","Attualit\u00e0"],"inLanguage":"it-IT","potentialAction":[{"@type":"CommentAction","name":"Comment","target":["https:\/\/www.istitutogalanteoliva.it\/magazine\/2021\/12\/07\/il-ruolo-dei-cattolici-in-politica-conversazione-con-leoluca-orlando\/#respond"]}]},{"@type":"WebPage","@id":"https:\/\/www.istitutogalanteoliva.it\/magazine\/2021\/12\/07\/il-ruolo-dei-cattolici-in-politica-conversazione-con-leoluca-orlando\/","url":"https:\/\/www.istitutogalanteoliva.it\/magazine\/2021\/12\/07\/il-ruolo-dei-cattolici-in-politica-conversazione-con-leoluca-orlando\/","name":"Il ruolo dei cattolici in politica: conversazione con Leoluca Orlando - Polis SA Magazine","isPartOf":{"@id":"https:\/\/www.istitutogalanteoliva.it\/magazine\/#website"},"primaryImageOfPage":{"@id":"https:\/\/www.istitutogalanteoliva.it\/magazine\/2021\/12\/07\/il-ruolo-dei-cattolici-in-politica-conversazione-con-leoluca-orlando\/#primaryimage"},"image":{"@id":"https:\/\/www.istitutogalanteoliva.it\/magazine\/2021\/12\/07\/il-ruolo-dei-cattolici-in-politica-conversazione-con-leoluca-orlando\/#primaryimage"},"thumbnailUrl":"https:\/\/www.istitutogalanteoliva.it\/magazine\/wp-content\/uploads\/2021\/12\/56.jpg","datePublished":"2021-12-07T07:00:00+00:00","dateModified":"2021-12-06T17:38:31+00:00","description":"Intervista al sindaco di Salerno, On.Leoluca Orlando, in occasione dei 125 anni della fondazione della FUCI, Federazione Universitaria Cattolica","breadcrumb":{"@id":"https:\/\/www.istitutogalanteoliva.it\/magazine\/2021\/12\/07\/il-ruolo-dei-cattolici-in-politica-conversazione-con-leoluca-orlando\/#breadcrumb"},"inLanguage":"it-IT","potentialAction":[{"@type":"ReadAction","target":["https:\/\/www.istitutogalanteoliva.it\/magazine\/2021\/12\/07\/il-ruolo-dei-cattolici-in-politica-conversazione-con-leoluca-orlando\/"]}]},{"@type":"ImageObject","inLanguage":"it-IT","@id":"https:\/\/www.istitutogalanteoliva.it\/magazine\/2021\/12\/07\/il-ruolo-dei-cattolici-in-politica-conversazione-con-leoluca-orlando\/#primaryimage","url":"https:\/\/www.istitutogalanteoliva.it\/magazine\/wp-content\/uploads\/2021\/12\/56.jpg","contentUrl":"https:\/\/www.istitutogalanteoliva.it\/magazine\/wp-content\/uploads\/2021\/12\/56.jpg","width":640,"height":380},{"@type":"BreadcrumbList","@id":"https:\/\/www.istitutogalanteoliva.it\/magazine\/2021\/12\/07\/il-ruolo-dei-cattolici-in-politica-conversazione-con-leoluca-orlando\/#breadcrumb","itemListElement":[{"@type":"ListItem","position":1,"name":"Home","item":"https:\/\/www.istitutogalanteoliva.it\/magazine\/"},{"@type":"ListItem","position":2,"name":"Il ruolo dei cattolici in politica: conversazione con Leoluca Orlando"}]},{"@type":"WebSite","@id":"https:\/\/www.istitutogalanteoliva.it\/magazine\/#website","url":"https:\/\/www.istitutogalanteoliva.it\/magazine\/","name":"POLIS SA MAGAZINE","description":"Informazione e approfondimenti","publisher":{"@id":"https:\/\/www.istitutogalanteoliva.it\/magazine\/#organization"},"potentialAction":[{"@type":"SearchAction","target":{"@type":"EntryPoint","urlTemplate":"https:\/\/www.istitutogalanteoliva.it\/magazine\/?s={search_term_string}"},"query-input":{"@type":"PropertyValueSpecification","valueRequired":true,"valueName":"search_term_string"}}],"inLanguage":"it-IT"},{"@type":"Organization","@id":"https:\/\/www.istitutogalanteoliva.it\/magazine\/#organization","name":"Polis SA Magazine","url":"https:\/\/www.istitutogalanteoliva.it\/magazine\/","logo":{"@type":"ImageObject","inLanguage":"it-IT","@id":"https:\/\/www.istitutogalanteoliva.it\/magazine\/#\/schema\/logo\/image\/","url":"","contentUrl":"","caption":"Polis SA Magazine"},"image":{"@id":"https:\/\/www.istitutogalanteoliva.it\/magazine\/#\/schema\/logo\/image\/"},"sameAs":["https:\/\/www.facebook.com\/PolisSAMagazine\/","https:\/\/x.com\/MagazinePolis","https:\/\/www.youtube.com\/channel\/UCv0Mr5AHKUmsc0sEEXkJrgw"]},{"@type":"Person","@id":"https:\/\/www.istitutogalanteoliva.it\/magazine\/#\/schema\/person\/d8b8aa79cfe8babc1df9da3212a7c0c4","name":"Antonello Rivano","image":{"@type":"ImageObject","inLanguage":"it-IT","@id":"https:\/\/www.istitutogalanteoliva.it\/magazine\/#\/schema\/person\/image\/","url":"https:\/\/secure.gravatar.com\/avatar\/517a9a6487a7a18ecc4ce6d2e57a8f40?s=96&d=mm&r=g","contentUrl":"https:\/\/secure.gravatar.com\/avatar\/517a9a6487a7a18ecc4ce6d2e57a8f40?s=96&d=mm&r=g","caption":"Antonello Rivano"},"url":"https:\/\/www.istitutogalanteoliva.it\/magazine\/author\/antonello\/"}]}},"_links":{"self":[{"href":"https:\/\/www.istitutogalanteoliva.it\/magazine\/wp-json\/wp\/v2\/posts\/10867","targetHints":{"allow":["GET"]}}],"collection":[{"href":"https:\/\/www.istitutogalanteoliva.it\/magazine\/wp-json\/wp\/v2\/posts"}],"about":[{"href":"https:\/\/www.istitutogalanteoliva.it\/magazine\/wp-json\/wp\/v2\/types\/post"}],"author":[{"embeddable":true,"href":"https:\/\/www.istitutogalanteoliva.it\/magazine\/wp-json\/wp\/v2\/users\/2"}],"replies":[{"embeddable":true,"href":"https:\/\/www.istitutogalanteoliva.it\/magazine\/wp-json\/wp\/v2\/comments?post=10867"}],"version-history":[{"count":1,"href":"https:\/\/www.istitutogalanteoliva.it\/magazine\/wp-json\/wp\/v2\/posts\/10867\/revisions"}],"predecessor-version":[{"id":10871,"href":"https:\/\/www.istitutogalanteoliva.it\/magazine\/wp-json\/wp\/v2\/posts\/10867\/revisions\/10871"}],"wp:featuredmedia":[{"embeddable":true,"href":"https:\/\/www.istitutogalanteoliva.it\/magazine\/wp-json\/wp\/v2\/media\/10870"}],"wp:attachment":[{"href":"https:\/\/www.istitutogalanteoliva.it\/magazine\/wp-json\/wp\/v2\/media?parent=10867"}],"wp:term":[{"taxonomy":"category","embeddable":true,"href":"https:\/\/www.istitutogalanteoliva.it\/magazine\/wp-json\/wp\/v2\/categories?post=10867"},{"taxonomy":"post_tag","embeddable":true,"href":"https:\/\/www.istitutogalanteoliva.it\/magazine\/wp-json\/wp\/v2\/tags?post=10867"}],"curies":[{"name":"wp","href":"https:\/\/api.w.org\/{rel}","templated":true}]}}