{"id":10928,"date":"2021-12-09T12:20:59","date_gmt":"2021-12-09T11:20:59","guid":{"rendered":"https:\/\/www.istitutogalanteoliva.it\/magazine\/?p=10928"},"modified":"2021-12-09T12:29:22","modified_gmt":"2021-12-09T11:29:22","slug":"salerno-riaperto-il-presepe-dipinto-di-mario-carotenuto","status":"publish","type":"post","link":"https:\/\/www.istitutogalanteoliva.it\/magazine\/2021\/12\/09\/salerno-riaperto-il-presepe-dipinto-di-mario-carotenuto\/","title":{"rendered":"Salerno, riaperto il Presepe dipinto  di Mario Carotenuto"},"content":{"rendered":"\n<p>Come da tradizione nella solennit\u00e0 dell\u2019Immacolata, dopo una lunga chiusura per il lockdown e per il restauro dei manufatti lignei attaccati dai tarli, \u00e8 stato riaperto&nbsp;il Presepe dipinto di Mario Carotenuto. L\u2019inaugurazione si \u00e8 tenuta  mercoled\u00ec 8 dicembre alle ore 10, presso la Sala San Lazzaro del Duomo di Salerno, alla presenza dell\u2019arcivescovo di Salerno-Campagna-Acerno, <strong>mons. Andrea Bellandi<\/strong> che&nbsp;ha ammirato con interesse tutte le sagome del Presepe di Carotenuto <em>\u201dQuesti sono tesori che non vanno assolutamente trascurati, bisogna metterli al centro dei nostri interessi perch\u00e9 aiutano il nostro cuore a ristorarsi e la nostra speranza a ridestarsi: il presepio \u00e8 memoria dell\u2019incarnazione&nbsp; e per la Chiesa \u00e8 un punto centrale della sua &nbsp;vita e della sua spiritualit\u00e0. Fede e umanit\u00e0 s\u2019incontrano in questo presepio che fa risplendere ancora di pi\u00f9 la nostra Cattedrale, il centro storico, e riqualifica ulteriormente la bellezza e il valore spirituale della nostra citt\u00e0. Mi auguro che questo luogo rappresenti sempre il forte legame della citt\u00e0 di Salerno con l\u2019evento natalizio\u201d.<\/em><\/p>\n\n\n\n<p>Rimasto chiuso per la pandemia, il Presepe Dipinto dell\u2019artista Mario Carotenuto \u00e8 un unicum, una delle peculiarit\u00e0 del centro storico salernitano. Come si ricorder\u00e0, inoltre, l\u2019anno scorso i tarli avevano preso di mira l\u2019allestimento presepiale.&nbsp; I parassiti avevano attaccato le basi delle sagome dipinte, e la Bottega San Lazzaro &#8211; che con l\u2019artista, Peppe Natella e un gruppo di amici pens\u00f2 e allest\u00ec il presepe 39 anni fa \u2013 \u00e8 subito intervenuta per effettuare la disinfestazione. Quest\u2019ultima \u00e8 stata operata con il sostegno di Rotary Club Salerno a.f. 1949, Rotary Club Salerno Est e Rotaract Club Salerno. Le sagome dipinte sono state insacchettate una per una, compreso i pezzi pi\u00f9 piccoli, per trattare tutto con il sistema delle camere a gas che uccide i tarli.<\/p>\n\n\n\n<figure class=\"wp-block-image size-large is-resized\"><img loading=\"lazy\" decoding=\"async\" src=\"https:\/\/www.istitutogalanteoliva.it\/magazine\/wp-content\/uploads\/2021\/12\/Senza-titolo-1-5.jpg\" alt=\"\" class=\"wp-image-11005\" width=\"480\" height=\"285\" srcset=\"https:\/\/www.istitutogalanteoliva.it\/magazine\/wp-content\/uploads\/2021\/12\/Senza-titolo-1-5.jpg 640w, https:\/\/www.istitutogalanteoliva.it\/magazine\/wp-content\/uploads\/2021\/12\/Senza-titolo-1-5-300x178.jpg 300w\" sizes=\"auto, (max-width: 480px) 100vw, 480px\" \/><figcaption><sup>Foto gazzettadisalerno.it<\/sup><\/figcaption><\/figure>\n\n\n\n<p><strong>LA STORIA DEL PRESEPE IN SINTESI<\/strong><\/p>\n\n\n\n<p>Erano le 18.30 del 21 dicembre 1982, quando, nella sala S. Lazzaro della Cattedrale di Salerno, il parroco del Duomo, don Giovanni Toriello e l\u2019arcivescovo, mons. Gaetano Pollio, inauguravano il \u201cPresepe Dipinto\u201d del maestro Mario Carotenuto. Un\u2019idea originale, quella di dipingere su sagome a grandezza naturale persone colte dalla vita reale, abitanti del centro storico, artisti, religiosi, politici, personaggi popolari, tutti ritratti dal vivo e con quel tratto distintivo dell\u2019arte di Carotenuto. <\/p>\n\n\n\n<figure class=\"wp-block-image size-large\"><img loading=\"lazy\" decoding=\"async\" width=\"640\" height=\"380\" src=\"https:\/\/www.istitutogalanteoliva.it\/magazine\/wp-content\/uploads\/2021\/12\/PRE-2.jpg\" alt=\"\" class=\"wp-image-11006\" srcset=\"https:\/\/www.istitutogalanteoliva.it\/magazine\/wp-content\/uploads\/2021\/12\/PRE-2.jpg 640w, https:\/\/www.istitutogalanteoliva.it\/magazine\/wp-content\/uploads\/2021\/12\/PRE-2-300x178.jpg 300w\" sizes=\"auto, (max-width: 640px) 100vw, 640px\" \/><\/figure>\n\n\n\n<p>\u201cNon abbiate paura. Continuate, questa \u00e8 un\u2019opera straordinaria, controcorrente e attuale\u201d. E\u2019 la dedica che Filiberto Menna lascia, tra i primi, sull\u2019albo d\u2019oro dei visitatori del Presepe Dipinto di Mario Carotenuto. L\u2019allestimento di questa Nativit\u00e0 salernitana nell\u2019atmosfera mistica della Sala San Lazzaro, ai piedi del duomo, metteva in essere una scenografia di vita quotidiana di una Salerno che recava ancora le ferite del terremoto, i \u201cpastori\u201d \u2013 ovvero gli abitanti del centro storico riprodotti dal pittore, su sagome di legno, a grandezza reale \u2013 si inseriscono in una narrazione in cui il divino si mescola a cose note e familiari. <\/p>\n\n\n\n<figure class=\"wp-block-image size-large\"><img loading=\"lazy\" decoding=\"async\" width=\"640\" height=\"380\" src=\"https:\/\/www.istitutogalanteoliva.it\/magazine\/wp-content\/uploads\/2021\/12\/PRE-3.jpg\" alt=\"\" class=\"wp-image-11008\" srcset=\"https:\/\/www.istitutogalanteoliva.it\/magazine\/wp-content\/uploads\/2021\/12\/PRE-3.jpg 640w, https:\/\/www.istitutogalanteoliva.it\/magazine\/wp-content\/uploads\/2021\/12\/PRE-3-300x178.jpg 300w\" sizes=\"auto, (max-width: 640px) 100vw, 640px\" \/><\/figure>\n\n\n\n<p>Il presepe, oggi (esclusi gli animali, gli alberi e gli arredi) conta 86 figure.<\/p>\n<div class=\"pdfprnt-buttons pdfprnt-buttons-post pdfprnt-bottom-left\"><a href=\"https:\/\/www.istitutogalanteoliva.it\/magazine\/wp-json\/wp\/v2\/posts\/10928?print=print\" class=\"pdfprnt-button pdfprnt-button-print\" target=\"_blank\"><img decoding=\"async\" src=\"https:\/\/www.istitutogalanteoliva.it\/magazine\/wp-content\/plugins\/pdf-print\/images\/print.png\" alt=\"image_print\" title=\"Stampa contenuto\" \/><span class=\"pdfprnt-button-title pdfprnt-button-print-title\">Download in PDF<\/span><\/a><\/div>","protected":false},"excerpt":{"rendered":"<p>Dopo lockdown e restauro riaperto il presepe dipinto di Mario Carotenuto. Inaugurazione con l\u2019arcivescovo di Salerno-Campagna-Acerno, mons. Andrea Bellandi <\/p>\n","protected":false},"author":2,"featured_media":11009,"comment_status":"open","ping_status":"open","sticky":true,"template":"","format":"standard","meta":{"footnotes":""},"categories":[148,210,47],"tags":[],"class_list":["post-10928","post","type-post","status-publish","format-standard","has-post-thumbnail","hentry","category-148","category-campania","category-eventi"],"yoast_head":"<!-- This site is optimized with the Yoast SEO plugin v24.2 - https:\/\/yoast.com\/wordpress\/plugins\/seo\/ -->\n<title>Salerno, riaperto il Presepe dipinto di Mario Carotenuto - Polis SA Magazine<\/title>\n<meta name=\"description\" content=\"Dopo lockdown e restauro riaperto il presepe dipinto di Mario Carotenuto. Inaugurazione con l\u2019arcivescovo di Salerno-Campagna-Acerno, mons. Andrea Bellandi\" \/>\n<meta name=\"robots\" content=\"index, follow, max-snippet:-1, max-image-preview:large, max-video-preview:-1\" \/>\n<link rel=\"canonical\" href=\"https:\/\/www.istitutogalanteoliva.it\/magazine\/2021\/12\/09\/salerno-riaperto-il-presepe-dipinto-di-mario-carotenuto\/\" \/>\n<meta property=\"og:locale\" content=\"it_IT\" \/>\n<meta property=\"og:type\" content=\"article\" \/>\n<meta property=\"og:title\" content=\"Salerno, riaperto il Presepe dipinto di Mario Carotenuto - Polis SA Magazine\" \/>\n<meta property=\"og:description\" content=\"Dopo lockdown e restauro riaperto il presepe dipinto di Mario Carotenuto. Inaugurazione con l\u2019arcivescovo di Salerno-Campagna-Acerno, mons. Andrea Bellandi\" \/>\n<meta property=\"og:url\" content=\"https:\/\/www.istitutogalanteoliva.it\/magazine\/2021\/12\/09\/salerno-riaperto-il-presepe-dipinto-di-mario-carotenuto\/\" \/>\n<meta property=\"og:site_name\" content=\"Polis SA Magazine\" \/>\n<meta property=\"article:publisher\" content=\"https:\/\/www.facebook.com\/PolisSAMagazine\/\" \/>\n<meta property=\"article:published_time\" content=\"2021-12-09T11:20:59+00:00\" \/>\n<meta property=\"article:modified_time\" content=\"2021-12-09T11:29:22+00:00\" \/>\n<meta property=\"og:image\" content=\"https:\/\/www.istitutogalanteoliva.it\/magazine\/wp-content\/uploads\/2021\/12\/PRE.jpg\" \/>\n\t<meta property=\"og:image:width\" content=\"640\" \/>\n\t<meta property=\"og:image:height\" content=\"380\" \/>\n\t<meta property=\"og:image:type\" content=\"image\/jpeg\" \/>\n<meta name=\"author\" content=\"Antonello Rivano\" \/>\n<meta name=\"twitter:card\" content=\"summary_large_image\" \/>\n<meta name=\"twitter:creator\" content=\"@MagazinePolis\" \/>\n<meta name=\"twitter:site\" content=\"@MagazinePolis\" \/>\n<meta name=\"twitter:label1\" content=\"Scritto da\" \/>\n\t<meta name=\"twitter:data1\" content=\"Antonello Rivano\" \/>\n\t<meta name=\"twitter:label2\" content=\"Tempo di lettura stimato\" \/>\n\t<meta name=\"twitter:data2\" content=\"2 minuti\" \/>\n<script type=\"application\/ld+json\" class=\"yoast-schema-graph\">{\"@context\":\"https:\/\/schema.org\",\"@graph\":[{\"@type\":\"Article\",\"@id\":\"https:\/\/www.istitutogalanteoliva.it\/magazine\/2021\/12\/09\/salerno-riaperto-il-presepe-dipinto-di-mario-carotenuto\/#article\",\"isPartOf\":{\"@id\":\"https:\/\/www.istitutogalanteoliva.it\/magazine\/2021\/12\/09\/salerno-riaperto-il-presepe-dipinto-di-mario-carotenuto\/\"},\"author\":{\"name\":\"Antonello Rivano\",\"@id\":\"https:\/\/www.istitutogalanteoliva.it\/magazine\/#\/schema\/person\/d8b8aa79cfe8babc1df9da3212a7c0c4\"},\"headline\":\"Salerno, riaperto il Presepe dipinto di Mario Carotenuto\",\"datePublished\":\"2021-12-09T11:20:59+00:00\",\"dateModified\":\"2021-12-09T11:29:22+00:00\",\"mainEntityOfPage\":{\"@id\":\"https:\/\/www.istitutogalanteoliva.it\/magazine\/2021\/12\/09\/salerno-riaperto-il-presepe-dipinto-di-mario-carotenuto\/\"},\"wordCount\":501,\"commentCount\":0,\"publisher\":{\"@id\":\"https:\/\/www.istitutogalanteoliva.it\/magazine\/#organization\"},\"image\":{\"@id\":\"https:\/\/www.istitutogalanteoliva.it\/magazine\/2021\/12\/09\/salerno-riaperto-il-presepe-dipinto-di-mario-carotenuto\/#primaryimage\"},\"thumbnailUrl\":\"https:\/\/www.istitutogalanteoliva.it\/magazine\/wp-content\/uploads\/2021\/12\/PRE.jpg\",\"articleSection\":[\"2021\",\"Campania\",\"Eventi\"],\"inLanguage\":\"it-IT\",\"potentialAction\":[{\"@type\":\"CommentAction\",\"name\":\"Comment\",\"target\":[\"https:\/\/www.istitutogalanteoliva.it\/magazine\/2021\/12\/09\/salerno-riaperto-il-presepe-dipinto-di-mario-carotenuto\/#respond\"]}]},{\"@type\":\"WebPage\",\"@id\":\"https:\/\/www.istitutogalanteoliva.it\/magazine\/2021\/12\/09\/salerno-riaperto-il-presepe-dipinto-di-mario-carotenuto\/\",\"url\":\"https:\/\/www.istitutogalanteoliva.it\/magazine\/2021\/12\/09\/salerno-riaperto-il-presepe-dipinto-di-mario-carotenuto\/\",\"name\":\"Salerno, riaperto il Presepe dipinto di Mario Carotenuto - Polis SA Magazine\",\"isPartOf\":{\"@id\":\"https:\/\/www.istitutogalanteoliva.it\/magazine\/#website\"},\"primaryImageOfPage\":{\"@id\":\"https:\/\/www.istitutogalanteoliva.it\/magazine\/2021\/12\/09\/salerno-riaperto-il-presepe-dipinto-di-mario-carotenuto\/#primaryimage\"},\"image\":{\"@id\":\"https:\/\/www.istitutogalanteoliva.it\/magazine\/2021\/12\/09\/salerno-riaperto-il-presepe-dipinto-di-mario-carotenuto\/#primaryimage\"},\"thumbnailUrl\":\"https:\/\/www.istitutogalanteoliva.it\/magazine\/wp-content\/uploads\/2021\/12\/PRE.jpg\",\"datePublished\":\"2021-12-09T11:20:59+00:00\",\"dateModified\":\"2021-12-09T11:29:22+00:00\",\"description\":\"Dopo lockdown e restauro riaperto il presepe dipinto di Mario Carotenuto. Inaugurazione con l\u2019arcivescovo di Salerno-Campagna-Acerno, mons. Andrea Bellandi\",\"breadcrumb\":{\"@id\":\"https:\/\/www.istitutogalanteoliva.it\/magazine\/2021\/12\/09\/salerno-riaperto-il-presepe-dipinto-di-mario-carotenuto\/#breadcrumb\"},\"inLanguage\":\"it-IT\",\"potentialAction\":[{\"@type\":\"ReadAction\",\"target\":[\"https:\/\/www.istitutogalanteoliva.it\/magazine\/2021\/12\/09\/salerno-riaperto-il-presepe-dipinto-di-mario-carotenuto\/\"]}]},{\"@type\":\"ImageObject\",\"inLanguage\":\"it-IT\",\"@id\":\"https:\/\/www.istitutogalanteoliva.it\/magazine\/2021\/12\/09\/salerno-riaperto-il-presepe-dipinto-di-mario-carotenuto\/#primaryimage\",\"url\":\"https:\/\/www.istitutogalanteoliva.it\/magazine\/wp-content\/uploads\/2021\/12\/PRE.jpg\",\"contentUrl\":\"https:\/\/www.istitutogalanteoliva.it\/magazine\/wp-content\/uploads\/2021\/12\/PRE.jpg\",\"width\":640,\"height\":380},{\"@type\":\"BreadcrumbList\",\"@id\":\"https:\/\/www.istitutogalanteoliva.it\/magazine\/2021\/12\/09\/salerno-riaperto-il-presepe-dipinto-di-mario-carotenuto\/#breadcrumb\",\"itemListElement\":[{\"@type\":\"ListItem\",\"position\":1,\"name\":\"Home\",\"item\":\"https:\/\/www.istitutogalanteoliva.it\/magazine\/\"},{\"@type\":\"ListItem\",\"position\":2,\"name\":\"Salerno, riaperto il Presepe dipinto di Mario Carotenuto\"}]},{\"@type\":\"WebSite\",\"@id\":\"https:\/\/www.istitutogalanteoliva.it\/magazine\/#website\",\"url\":\"https:\/\/www.istitutogalanteoliva.it\/magazine\/\",\"name\":\"POLIS SA MAGAZINE\",\"description\":\"Informazione e approfondimenti\",\"publisher\":{\"@id\":\"https:\/\/www.istitutogalanteoliva.it\/magazine\/#organization\"},\"potentialAction\":[{\"@type\":\"SearchAction\",\"target\":{\"@type\":\"EntryPoint\",\"urlTemplate\":\"https:\/\/www.istitutogalanteoliva.it\/magazine\/?s={search_term_string}\"},\"query-input\":{\"@type\":\"PropertyValueSpecification\",\"valueRequired\":true,\"valueName\":\"search_term_string\"}}],\"inLanguage\":\"it-IT\"},{\"@type\":\"Organization\",\"@id\":\"https:\/\/www.istitutogalanteoliva.it\/magazine\/#organization\",\"name\":\"Polis SA Magazine\",\"url\":\"https:\/\/www.istitutogalanteoliva.it\/magazine\/\",\"logo\":{\"@type\":\"ImageObject\",\"inLanguage\":\"it-IT\",\"@id\":\"https:\/\/www.istitutogalanteoliva.it\/magazine\/#\/schema\/logo\/image\/\",\"url\":\"\",\"contentUrl\":\"\",\"caption\":\"Polis SA Magazine\"},\"image\":{\"@id\":\"https:\/\/www.istitutogalanteoliva.it\/magazine\/#\/schema\/logo\/image\/\"},\"sameAs\":[\"https:\/\/www.facebook.com\/PolisSAMagazine\/\",\"https:\/\/x.com\/MagazinePolis\",\"https:\/\/www.youtube.com\/channel\/UCv0Mr5AHKUmsc0sEEXkJrgw\"]},{\"@type\":\"Person\",\"@id\":\"https:\/\/www.istitutogalanteoliva.it\/magazine\/#\/schema\/person\/d8b8aa79cfe8babc1df9da3212a7c0c4\",\"name\":\"Antonello Rivano\",\"image\":{\"@type\":\"ImageObject\",\"inLanguage\":\"it-IT\",\"@id\":\"https:\/\/www.istitutogalanteoliva.it\/magazine\/#\/schema\/person\/image\/\",\"url\":\"https:\/\/secure.gravatar.com\/avatar\/517a9a6487a7a18ecc4ce6d2e57a8f40?s=96&d=mm&r=g\",\"contentUrl\":\"https:\/\/secure.gravatar.com\/avatar\/517a9a6487a7a18ecc4ce6d2e57a8f40?s=96&d=mm&r=g\",\"caption\":\"Antonello Rivano\"},\"url\":\"https:\/\/www.istitutogalanteoliva.it\/magazine\/author\/antonello\/\"}]}<\/script>\n<!-- \/ Yoast SEO plugin. -->","yoast_head_json":{"title":"Salerno, riaperto il Presepe dipinto di Mario Carotenuto - Polis SA Magazine","description":"Dopo lockdown e restauro riaperto il presepe dipinto di Mario Carotenuto. Inaugurazione con l\u2019arcivescovo di Salerno-Campagna-Acerno, mons. Andrea Bellandi","robots":{"index":"index","follow":"follow","max-snippet":"max-snippet:-1","max-image-preview":"max-image-preview:large","max-video-preview":"max-video-preview:-1"},"canonical":"https:\/\/www.istitutogalanteoliva.it\/magazine\/2021\/12\/09\/salerno-riaperto-il-presepe-dipinto-di-mario-carotenuto\/","og_locale":"it_IT","og_type":"article","og_title":"Salerno, riaperto il Presepe dipinto di Mario Carotenuto - Polis SA Magazine","og_description":"Dopo lockdown e restauro riaperto il presepe dipinto di Mario Carotenuto. Inaugurazione con l\u2019arcivescovo di Salerno-Campagna-Acerno, mons. Andrea Bellandi","og_url":"https:\/\/www.istitutogalanteoliva.it\/magazine\/2021\/12\/09\/salerno-riaperto-il-presepe-dipinto-di-mario-carotenuto\/","og_site_name":"Polis SA Magazine","article_publisher":"https:\/\/www.facebook.com\/PolisSAMagazine\/","article_published_time":"2021-12-09T11:20:59+00:00","article_modified_time":"2021-12-09T11:29:22+00:00","og_image":[{"width":640,"height":380,"url":"https:\/\/www.istitutogalanteoliva.it\/magazine\/wp-content\/uploads\/2021\/12\/PRE.jpg","type":"image\/jpeg"}],"author":"Antonello Rivano","twitter_card":"summary_large_image","twitter_creator":"@MagazinePolis","twitter_site":"@MagazinePolis","twitter_misc":{"Scritto da":"Antonello Rivano","Tempo di lettura stimato":"2 minuti"},"schema":{"@context":"https:\/\/schema.org","@graph":[{"@type":"Article","@id":"https:\/\/www.istitutogalanteoliva.it\/magazine\/2021\/12\/09\/salerno-riaperto-il-presepe-dipinto-di-mario-carotenuto\/#article","isPartOf":{"@id":"https:\/\/www.istitutogalanteoliva.it\/magazine\/2021\/12\/09\/salerno-riaperto-il-presepe-dipinto-di-mario-carotenuto\/"},"author":{"name":"Antonello Rivano","@id":"https:\/\/www.istitutogalanteoliva.it\/magazine\/#\/schema\/person\/d8b8aa79cfe8babc1df9da3212a7c0c4"},"headline":"Salerno, riaperto il Presepe dipinto di Mario Carotenuto","datePublished":"2021-12-09T11:20:59+00:00","dateModified":"2021-12-09T11:29:22+00:00","mainEntityOfPage":{"@id":"https:\/\/www.istitutogalanteoliva.it\/magazine\/2021\/12\/09\/salerno-riaperto-il-presepe-dipinto-di-mario-carotenuto\/"},"wordCount":501,"commentCount":0,"publisher":{"@id":"https:\/\/www.istitutogalanteoliva.it\/magazine\/#organization"},"image":{"@id":"https:\/\/www.istitutogalanteoliva.it\/magazine\/2021\/12\/09\/salerno-riaperto-il-presepe-dipinto-di-mario-carotenuto\/#primaryimage"},"thumbnailUrl":"https:\/\/www.istitutogalanteoliva.it\/magazine\/wp-content\/uploads\/2021\/12\/PRE.jpg","articleSection":["2021","Campania","Eventi"],"inLanguage":"it-IT","potentialAction":[{"@type":"CommentAction","name":"Comment","target":["https:\/\/www.istitutogalanteoliva.it\/magazine\/2021\/12\/09\/salerno-riaperto-il-presepe-dipinto-di-mario-carotenuto\/#respond"]}]},{"@type":"WebPage","@id":"https:\/\/www.istitutogalanteoliva.it\/magazine\/2021\/12\/09\/salerno-riaperto-il-presepe-dipinto-di-mario-carotenuto\/","url":"https:\/\/www.istitutogalanteoliva.it\/magazine\/2021\/12\/09\/salerno-riaperto-il-presepe-dipinto-di-mario-carotenuto\/","name":"Salerno, riaperto il Presepe dipinto di Mario Carotenuto - Polis SA Magazine","isPartOf":{"@id":"https:\/\/www.istitutogalanteoliva.it\/magazine\/#website"},"primaryImageOfPage":{"@id":"https:\/\/www.istitutogalanteoliva.it\/magazine\/2021\/12\/09\/salerno-riaperto-il-presepe-dipinto-di-mario-carotenuto\/#primaryimage"},"image":{"@id":"https:\/\/www.istitutogalanteoliva.it\/magazine\/2021\/12\/09\/salerno-riaperto-il-presepe-dipinto-di-mario-carotenuto\/#primaryimage"},"thumbnailUrl":"https:\/\/www.istitutogalanteoliva.it\/magazine\/wp-content\/uploads\/2021\/12\/PRE.jpg","datePublished":"2021-12-09T11:20:59+00:00","dateModified":"2021-12-09T11:29:22+00:00","description":"Dopo lockdown e restauro riaperto il presepe dipinto di Mario Carotenuto. Inaugurazione con l\u2019arcivescovo di Salerno-Campagna-Acerno, mons. Andrea Bellandi","breadcrumb":{"@id":"https:\/\/www.istitutogalanteoliva.it\/magazine\/2021\/12\/09\/salerno-riaperto-il-presepe-dipinto-di-mario-carotenuto\/#breadcrumb"},"inLanguage":"it-IT","potentialAction":[{"@type":"ReadAction","target":["https:\/\/www.istitutogalanteoliva.it\/magazine\/2021\/12\/09\/salerno-riaperto-il-presepe-dipinto-di-mario-carotenuto\/"]}]},{"@type":"ImageObject","inLanguage":"it-IT","@id":"https:\/\/www.istitutogalanteoliva.it\/magazine\/2021\/12\/09\/salerno-riaperto-il-presepe-dipinto-di-mario-carotenuto\/#primaryimage","url":"https:\/\/www.istitutogalanteoliva.it\/magazine\/wp-content\/uploads\/2021\/12\/PRE.jpg","contentUrl":"https:\/\/www.istitutogalanteoliva.it\/magazine\/wp-content\/uploads\/2021\/12\/PRE.jpg","width":640,"height":380},{"@type":"BreadcrumbList","@id":"https:\/\/www.istitutogalanteoliva.it\/magazine\/2021\/12\/09\/salerno-riaperto-il-presepe-dipinto-di-mario-carotenuto\/#breadcrumb","itemListElement":[{"@type":"ListItem","position":1,"name":"Home","item":"https:\/\/www.istitutogalanteoliva.it\/magazine\/"},{"@type":"ListItem","position":2,"name":"Salerno, riaperto il Presepe dipinto di Mario Carotenuto"}]},{"@type":"WebSite","@id":"https:\/\/www.istitutogalanteoliva.it\/magazine\/#website","url":"https:\/\/www.istitutogalanteoliva.it\/magazine\/","name":"POLIS SA MAGAZINE","description":"Informazione e approfondimenti","publisher":{"@id":"https:\/\/www.istitutogalanteoliva.it\/magazine\/#organization"},"potentialAction":[{"@type":"SearchAction","target":{"@type":"EntryPoint","urlTemplate":"https:\/\/www.istitutogalanteoliva.it\/magazine\/?s={search_term_string}"},"query-input":{"@type":"PropertyValueSpecification","valueRequired":true,"valueName":"search_term_string"}}],"inLanguage":"it-IT"},{"@type":"Organization","@id":"https:\/\/www.istitutogalanteoliva.it\/magazine\/#organization","name":"Polis SA Magazine","url":"https:\/\/www.istitutogalanteoliva.it\/magazine\/","logo":{"@type":"ImageObject","inLanguage":"it-IT","@id":"https:\/\/www.istitutogalanteoliva.it\/magazine\/#\/schema\/logo\/image\/","url":"","contentUrl":"","caption":"Polis SA Magazine"},"image":{"@id":"https:\/\/www.istitutogalanteoliva.it\/magazine\/#\/schema\/logo\/image\/"},"sameAs":["https:\/\/www.facebook.com\/PolisSAMagazine\/","https:\/\/x.com\/MagazinePolis","https:\/\/www.youtube.com\/channel\/UCv0Mr5AHKUmsc0sEEXkJrgw"]},{"@type":"Person","@id":"https:\/\/www.istitutogalanteoliva.it\/magazine\/#\/schema\/person\/d8b8aa79cfe8babc1df9da3212a7c0c4","name":"Antonello Rivano","image":{"@type":"ImageObject","inLanguage":"it-IT","@id":"https:\/\/www.istitutogalanteoliva.it\/magazine\/#\/schema\/person\/image\/","url":"https:\/\/secure.gravatar.com\/avatar\/517a9a6487a7a18ecc4ce6d2e57a8f40?s=96&d=mm&r=g","contentUrl":"https:\/\/secure.gravatar.com\/avatar\/517a9a6487a7a18ecc4ce6d2e57a8f40?s=96&d=mm&r=g","caption":"Antonello Rivano"},"url":"https:\/\/www.istitutogalanteoliva.it\/magazine\/author\/antonello\/"}]}},"_links":{"self":[{"href":"https:\/\/www.istitutogalanteoliva.it\/magazine\/wp-json\/wp\/v2\/posts\/10928","targetHints":{"allow":["GET"]}}],"collection":[{"href":"https:\/\/www.istitutogalanteoliva.it\/magazine\/wp-json\/wp\/v2\/posts"}],"about":[{"href":"https:\/\/www.istitutogalanteoliva.it\/magazine\/wp-json\/wp\/v2\/types\/post"}],"author":[{"embeddable":true,"href":"https:\/\/www.istitutogalanteoliva.it\/magazine\/wp-json\/wp\/v2\/users\/2"}],"replies":[{"embeddable":true,"href":"https:\/\/www.istitutogalanteoliva.it\/magazine\/wp-json\/wp\/v2\/comments?post=10928"}],"version-history":[{"count":3,"href":"https:\/\/www.istitutogalanteoliva.it\/magazine\/wp-json\/wp\/v2\/posts\/10928\/revisions"}],"predecessor-version":[{"id":11011,"href":"https:\/\/www.istitutogalanteoliva.it\/magazine\/wp-json\/wp\/v2\/posts\/10928\/revisions\/11011"}],"wp:featuredmedia":[{"embeddable":true,"href":"https:\/\/www.istitutogalanteoliva.it\/magazine\/wp-json\/wp\/v2\/media\/11009"}],"wp:attachment":[{"href":"https:\/\/www.istitutogalanteoliva.it\/magazine\/wp-json\/wp\/v2\/media?parent=10928"}],"wp:term":[{"taxonomy":"category","embeddable":true,"href":"https:\/\/www.istitutogalanteoliva.it\/magazine\/wp-json\/wp\/v2\/categories?post=10928"},{"taxonomy":"post_tag","embeddable":true,"href":"https:\/\/www.istitutogalanteoliva.it\/magazine\/wp-json\/wp\/v2\/tags?post=10928"}],"curies":[{"name":"wp","href":"https:\/\/api.w.org\/{rel}","templated":true}]}}