{"id":11040,"date":"2021-12-09T18:34:11","date_gmt":"2021-12-09T17:34:11","guid":{"rendered":"https:\/\/www.istitutogalanteoliva.it\/magazine\/?p=11040"},"modified":"2021-12-09T18:34:13","modified_gmt":"2021-12-09T17:34:13","slug":"palco-e-contropalco-continuano-gli-eventi-dellofficina-72-un-fine-settimana-tra-teatro-e-jazz","status":"publish","type":"post","link":"https:\/\/www.istitutogalanteoliva.it\/magazine\/2021\/12\/09\/palco-e-contropalco-continuano-gli-eventi-dellofficina-72-un-fine-settimana-tra-teatro-e-jazz\/","title":{"rendered":"\u201cPalco e Contropalco\u201d: continuano gli eventi dell\u2019Officina 72 Un fine settimana tra teatro e jazz"},"content":{"rendered":"\n<p>\u201cPalco e Contropalco\u201d: continuano gli eventi dell\u2019Officina 72<br>Un fine settimana tra teatro e jazz<br><br>Prende il via domani un altro intenso fine settimana presso l\u2019Officina 72 ad Agropoli. Venerd\u00ec e sabato saranno dedicati al teatro, mentre domenica con il consueto aperitivo sar\u00e0 protagonista il jazz. A cominciare dalle ore 21.00, andr\u00e0 in scena \u201cLa cura del ponte\u201d di Mario Alessandro Paolelli e con Mario Sorbello e Marco Arena.<br>Lo spettacolo teatrale accompagna lo spettatore nella dura realt\u00e0 di oggi: esso assiste ad un dialogo tra un senza tetto e un distinto ragazzo ben vestito. I due si incontrano in un luogo sporco e poco accogliente, proprio sotto ad un ponte, che per il \u201cclochard\u201d \u00e8 casa ma che per l\u2019altro uomo \u00e8 il posto dove si risveglia frastornato dopo aver assunto alcol e droghe. Luigi, il barbone, si prende cura del ragazzo che si riprende e tra i due, in poco tempo, si instaura un rapporto molto particolare. Il senzatetto e il ragazzotto di buona famiglia iniziano a parlare e nel corso del\u2019intenso confronto vengono fuori le loro anime, i pensieri, le gioie e i dolori di una vita intera. I due si aprono e permettono al loro Io di esprimersi in totale libert\u00e0 senza alcun limite. Addirittura, ci si accorger\u00e0 che le due esistenze hanno punti in comune, ineluttabili e forti. \u201cLa cura del ponte\u201d \u00e8 prodotto da C.G.S. Karol.<br><\/p>\n\n\n\n<figure class=\"wp-block-image size-large is-resized\"><img loading=\"lazy\" decoding=\"async\" src=\"https:\/\/www.istitutogalanteoliva.it\/magazine\/wp-content\/uploads\/2021\/12\/cura-del-ponte-locandina.jpeg\" alt=\"\" class=\"wp-image-11041\" width=\"361\" height=\"503\" srcset=\"https:\/\/www.istitutogalanteoliva.it\/magazine\/wp-content\/uploads\/2021\/12\/cura-del-ponte-locandina.jpeg 721w, https:\/\/www.istitutogalanteoliva.it\/magazine\/wp-content\/uploads\/2021\/12\/cura-del-ponte-locandina-215x300.jpeg 215w\" sizes=\"auto, (max-width: 361px) 100vw, 361px\" \/><\/figure>\n\n\n\n<p><br>Domenica, alle ore 18.00, l\u2019Officina 72 si riempir\u00e0 delle note jazz della Stefano Giuliano\u2019s Band. Un omaggio al regista Federico Fellini, colonna portante del cinema italiano, indimenticato uomo di cultura del \u2018900. Il progetto Fellini in Jazz nasce da un\u2019idea del Maestro Stefano Giuliano, sassofonista e arrangiatore, per omaggiare il centenario della nascita del celeberrimo regista italiano attraverso le musiche del compositore Nino Rota che pi\u00f9 di tutti gli altri ha collaborato con il regista riminese.<br>Costo del biglietto: 10 euro con annessa consumazione.<br>Ingresso riservato ai possessori di tessera associativa e di certificazione di avvenuta vaccinazione o guarigione dal Covid.<br>La tessera sar\u00e0 data in omaggio all&#8217;acquisto di un primo biglietto o abbonamento. Ai sottoscrittori della tessera sar\u00e0 riservato un libro in omaggio offerto da Polidoro Editore. Si ringrazia anche l&#8217;agriturismo Il falco del Cilento.<br>Organizzazione Scen out<br>Botteghino Officina 72:<br>gioved\u00ec e venerd\u00ec dalle 17.00 alle 21.00<br>sabato e festivi dalle 10.30 alle 13.00 e dalle 17.00 alle 21.00.<br>Info e prenotazioni al 3381920683 o squitieriumberto@hotmail.com<\/p>\n\n\n\n<p><\/p>\n<div class=\"pdfprnt-buttons pdfprnt-buttons-post pdfprnt-bottom-left\"><a href=\"https:\/\/www.istitutogalanteoliva.it\/magazine\/wp-json\/wp\/v2\/posts\/11040?print=print\" class=\"pdfprnt-button pdfprnt-button-print\" target=\"_blank\"><img decoding=\"async\" src=\"https:\/\/www.istitutogalanteoliva.it\/magazine\/wp-content\/plugins\/pdf-print\/images\/print.png\" alt=\"image_print\" title=\"Stampa contenuto\" \/><span class=\"pdfprnt-button-title pdfprnt-button-print-title\">Download in PDF<\/span><\/a><\/div>","protected":false},"excerpt":{"rendered":"<p>Prende il via domani un altro intenso fine settimana presso l\u2019Officina 72 ad Agropoli (Salerno)<\/p>\n","protected":false},"author":2,"featured_media":11042,"comment_status":"open","ping_status":"open","sticky":true,"template":"","format":"standard","meta":{"footnotes":""},"categories":[148,7,210],"tags":[],"class_list":["post-11040","post","type-post","status-publish","format-standard","has-post-thumbnail","hentry","category-148","category-arte_e_spettacolo","category-campania"],"yoast_head":"<!-- This site is optimized with the Yoast SEO plugin v24.2 - https:\/\/yoast.com\/wordpress\/plugins\/seo\/ -->\n<title>\u201cPalco e Contropalco\u201d: continuano gli eventi dell\u2019Officina 72 Un fine settimana tra teatro e jazz - Polis SA Magazine<\/title>\n<meta name=\"robots\" content=\"index, follow, max-snippet:-1, max-image-preview:large, max-video-preview:-1\" \/>\n<link rel=\"canonical\" href=\"https:\/\/www.istitutogalanteoliva.it\/magazine\/2021\/12\/09\/palco-e-contropalco-continuano-gli-eventi-dellofficina-72-un-fine-settimana-tra-teatro-e-jazz\/\" \/>\n<meta property=\"og:locale\" content=\"it_IT\" \/>\n<meta property=\"og:type\" content=\"article\" \/>\n<meta property=\"og:title\" content=\"\u201cPalco e Contropalco\u201d: continuano gli eventi dell\u2019Officina 72 Un fine settimana tra teatro e jazz - Polis SA Magazine\" \/>\n<meta property=\"og:description\" content=\"Prende il via domani un altro intenso fine settimana presso l\u2019Officina 72 ad Agropoli (Salerno)\" \/>\n<meta property=\"og:url\" content=\"https:\/\/www.istitutogalanteoliva.it\/magazine\/2021\/12\/09\/palco-e-contropalco-continuano-gli-eventi-dellofficina-72-un-fine-settimana-tra-teatro-e-jazz\/\" \/>\n<meta property=\"og:site_name\" content=\"Polis SA Magazine\" \/>\n<meta property=\"article:publisher\" content=\"https:\/\/www.facebook.com\/PolisSAMagazine\/\" \/>\n<meta property=\"article:published_time\" content=\"2021-12-09T17:34:11+00:00\" \/>\n<meta property=\"article:modified_time\" content=\"2021-12-09T17:34:13+00:00\" \/>\n<meta property=\"og:image\" content=\"https:\/\/www.istitutogalanteoliva.it\/magazine\/wp-content\/uploads\/2021\/12\/cura-del-ponte.jpg\" \/>\n\t<meta property=\"og:image:width\" content=\"1942\" \/>\n\t<meta property=\"og:image:height\" content=\"1295\" \/>\n\t<meta property=\"og:image:type\" content=\"image\/jpeg\" \/>\n<meta name=\"author\" content=\"Antonello Rivano\" \/>\n<meta name=\"twitter:card\" content=\"summary_large_image\" \/>\n<meta name=\"twitter:creator\" content=\"@MagazinePolis\" \/>\n<meta name=\"twitter:site\" content=\"@MagazinePolis\" \/>\n<meta name=\"twitter:label1\" content=\"Scritto da\" \/>\n\t<meta name=\"twitter:data1\" content=\"Antonello Rivano\" \/>\n\t<meta name=\"twitter:label2\" content=\"Tempo di lettura stimato\" \/>\n\t<meta name=\"twitter:data2\" content=\"2 minuti\" \/>\n<script type=\"application\/ld+json\" class=\"yoast-schema-graph\">{\"@context\":\"https:\/\/schema.org\",\"@graph\":[{\"@type\":\"Article\",\"@id\":\"https:\/\/www.istitutogalanteoliva.it\/magazine\/2021\/12\/09\/palco-e-contropalco-continuano-gli-eventi-dellofficina-72-un-fine-settimana-tra-teatro-e-jazz\/#article\",\"isPartOf\":{\"@id\":\"https:\/\/www.istitutogalanteoliva.it\/magazine\/2021\/12\/09\/palco-e-contropalco-continuano-gli-eventi-dellofficina-72-un-fine-settimana-tra-teatro-e-jazz\/\"},\"author\":{\"name\":\"Antonello Rivano\",\"@id\":\"https:\/\/www.istitutogalanteoliva.it\/magazine\/#\/schema\/person\/d8b8aa79cfe8babc1df9da3212a7c0c4\"},\"headline\":\"\u201cPalco e Contropalco\u201d: continuano gli eventi dell\u2019Officina 72 Un fine settimana tra teatro e jazz\",\"datePublished\":\"2021-12-09T17:34:11+00:00\",\"dateModified\":\"2021-12-09T17:34:13+00:00\",\"mainEntityOfPage\":{\"@id\":\"https:\/\/www.istitutogalanteoliva.it\/magazine\/2021\/12\/09\/palco-e-contropalco-continuano-gli-eventi-dellofficina-72-un-fine-settimana-tra-teatro-e-jazz\/\"},\"wordCount\":407,\"commentCount\":0,\"publisher\":{\"@id\":\"https:\/\/www.istitutogalanteoliva.it\/magazine\/#organization\"},\"image\":{\"@id\":\"https:\/\/www.istitutogalanteoliva.it\/magazine\/2021\/12\/09\/palco-e-contropalco-continuano-gli-eventi-dellofficina-72-un-fine-settimana-tra-teatro-e-jazz\/#primaryimage\"},\"thumbnailUrl\":\"https:\/\/www.istitutogalanteoliva.it\/magazine\/wp-content\/uploads\/2021\/12\/cura-del-ponte.jpg\",\"articleSection\":[\"2021\",\"Arte e Spettacolo\",\"Campania\"],\"inLanguage\":\"it-IT\",\"potentialAction\":[{\"@type\":\"CommentAction\",\"name\":\"Comment\",\"target\":[\"https:\/\/www.istitutogalanteoliva.it\/magazine\/2021\/12\/09\/palco-e-contropalco-continuano-gli-eventi-dellofficina-72-un-fine-settimana-tra-teatro-e-jazz\/#respond\"]}]},{\"@type\":\"WebPage\",\"@id\":\"https:\/\/www.istitutogalanteoliva.it\/magazine\/2021\/12\/09\/palco-e-contropalco-continuano-gli-eventi-dellofficina-72-un-fine-settimana-tra-teatro-e-jazz\/\",\"url\":\"https:\/\/www.istitutogalanteoliva.it\/magazine\/2021\/12\/09\/palco-e-contropalco-continuano-gli-eventi-dellofficina-72-un-fine-settimana-tra-teatro-e-jazz\/\",\"name\":\"\u201cPalco e Contropalco\u201d: continuano gli eventi dell\u2019Officina 72 Un fine settimana tra teatro e jazz - Polis SA Magazine\",\"isPartOf\":{\"@id\":\"https:\/\/www.istitutogalanteoliva.it\/magazine\/#website\"},\"primaryImageOfPage\":{\"@id\":\"https:\/\/www.istitutogalanteoliva.it\/magazine\/2021\/12\/09\/palco-e-contropalco-continuano-gli-eventi-dellofficina-72-un-fine-settimana-tra-teatro-e-jazz\/#primaryimage\"},\"image\":{\"@id\":\"https:\/\/www.istitutogalanteoliva.it\/magazine\/2021\/12\/09\/palco-e-contropalco-continuano-gli-eventi-dellofficina-72-un-fine-settimana-tra-teatro-e-jazz\/#primaryimage\"},\"thumbnailUrl\":\"https:\/\/www.istitutogalanteoliva.it\/magazine\/wp-content\/uploads\/2021\/12\/cura-del-ponte.jpg\",\"datePublished\":\"2021-12-09T17:34:11+00:00\",\"dateModified\":\"2021-12-09T17:34:13+00:00\",\"breadcrumb\":{\"@id\":\"https:\/\/www.istitutogalanteoliva.it\/magazine\/2021\/12\/09\/palco-e-contropalco-continuano-gli-eventi-dellofficina-72-un-fine-settimana-tra-teatro-e-jazz\/#breadcrumb\"},\"inLanguage\":\"it-IT\",\"potentialAction\":[{\"@type\":\"ReadAction\",\"target\":[\"https:\/\/www.istitutogalanteoliva.it\/magazine\/2021\/12\/09\/palco-e-contropalco-continuano-gli-eventi-dellofficina-72-un-fine-settimana-tra-teatro-e-jazz\/\"]}]},{\"@type\":\"ImageObject\",\"inLanguage\":\"it-IT\",\"@id\":\"https:\/\/www.istitutogalanteoliva.it\/magazine\/2021\/12\/09\/palco-e-contropalco-continuano-gli-eventi-dellofficina-72-un-fine-settimana-tra-teatro-e-jazz\/#primaryimage\",\"url\":\"https:\/\/www.istitutogalanteoliva.it\/magazine\/wp-content\/uploads\/2021\/12\/cura-del-ponte.jpg\",\"contentUrl\":\"https:\/\/www.istitutogalanteoliva.it\/magazine\/wp-content\/uploads\/2021\/12\/cura-del-ponte.jpg\",\"width\":1942,\"height\":1295},{\"@type\":\"BreadcrumbList\",\"@id\":\"https:\/\/www.istitutogalanteoliva.it\/magazine\/2021\/12\/09\/palco-e-contropalco-continuano-gli-eventi-dellofficina-72-un-fine-settimana-tra-teatro-e-jazz\/#breadcrumb\",\"itemListElement\":[{\"@type\":\"ListItem\",\"position\":1,\"name\":\"Home\",\"item\":\"https:\/\/www.istitutogalanteoliva.it\/magazine\/\"},{\"@type\":\"ListItem\",\"position\":2,\"name\":\"\u201cPalco e Contropalco\u201d: continuano gli eventi dell\u2019Officina 72 Un fine settimana tra teatro e jazz\"}]},{\"@type\":\"WebSite\",\"@id\":\"https:\/\/www.istitutogalanteoliva.it\/magazine\/#website\",\"url\":\"https:\/\/www.istitutogalanteoliva.it\/magazine\/\",\"name\":\"POLIS SA MAGAZINE\",\"description\":\"Informazione e approfondimenti\",\"publisher\":{\"@id\":\"https:\/\/www.istitutogalanteoliva.it\/magazine\/#organization\"},\"potentialAction\":[{\"@type\":\"SearchAction\",\"target\":{\"@type\":\"EntryPoint\",\"urlTemplate\":\"https:\/\/www.istitutogalanteoliva.it\/magazine\/?s={search_term_string}\"},\"query-input\":{\"@type\":\"PropertyValueSpecification\",\"valueRequired\":true,\"valueName\":\"search_term_string\"}}],\"inLanguage\":\"it-IT\"},{\"@type\":\"Organization\",\"@id\":\"https:\/\/www.istitutogalanteoliva.it\/magazine\/#organization\",\"name\":\"Polis SA Magazine\",\"url\":\"https:\/\/www.istitutogalanteoliva.it\/magazine\/\",\"logo\":{\"@type\":\"ImageObject\",\"inLanguage\":\"it-IT\",\"@id\":\"https:\/\/www.istitutogalanteoliva.it\/magazine\/#\/schema\/logo\/image\/\",\"url\":\"\",\"contentUrl\":\"\",\"caption\":\"Polis SA Magazine\"},\"image\":{\"@id\":\"https:\/\/www.istitutogalanteoliva.it\/magazine\/#\/schema\/logo\/image\/\"},\"sameAs\":[\"https:\/\/www.facebook.com\/PolisSAMagazine\/\",\"https:\/\/x.com\/MagazinePolis\",\"https:\/\/www.youtube.com\/channel\/UCv0Mr5AHKUmsc0sEEXkJrgw\"]},{\"@type\":\"Person\",\"@id\":\"https:\/\/www.istitutogalanteoliva.it\/magazine\/#\/schema\/person\/d8b8aa79cfe8babc1df9da3212a7c0c4\",\"name\":\"Antonello Rivano\",\"image\":{\"@type\":\"ImageObject\",\"inLanguage\":\"it-IT\",\"@id\":\"https:\/\/www.istitutogalanteoliva.it\/magazine\/#\/schema\/person\/image\/\",\"url\":\"https:\/\/secure.gravatar.com\/avatar\/517a9a6487a7a18ecc4ce6d2e57a8f40?s=96&d=mm&r=g\",\"contentUrl\":\"https:\/\/secure.gravatar.com\/avatar\/517a9a6487a7a18ecc4ce6d2e57a8f40?s=96&d=mm&r=g\",\"caption\":\"Antonello Rivano\"},\"url\":\"https:\/\/www.istitutogalanteoliva.it\/magazine\/author\/antonello\/\"}]}<\/script>\n<!-- \/ Yoast SEO plugin. -->","yoast_head_json":{"title":"\u201cPalco e Contropalco\u201d: continuano gli eventi dell\u2019Officina 72 Un fine settimana tra teatro e jazz - Polis SA Magazine","robots":{"index":"index","follow":"follow","max-snippet":"max-snippet:-1","max-image-preview":"max-image-preview:large","max-video-preview":"max-video-preview:-1"},"canonical":"https:\/\/www.istitutogalanteoliva.it\/magazine\/2021\/12\/09\/palco-e-contropalco-continuano-gli-eventi-dellofficina-72-un-fine-settimana-tra-teatro-e-jazz\/","og_locale":"it_IT","og_type":"article","og_title":"\u201cPalco e Contropalco\u201d: continuano gli eventi dell\u2019Officina 72 Un fine settimana tra teatro e jazz - Polis SA Magazine","og_description":"Prende il via domani un altro intenso fine settimana presso l\u2019Officina 72 ad Agropoli (Salerno)","og_url":"https:\/\/www.istitutogalanteoliva.it\/magazine\/2021\/12\/09\/palco-e-contropalco-continuano-gli-eventi-dellofficina-72-un-fine-settimana-tra-teatro-e-jazz\/","og_site_name":"Polis SA Magazine","article_publisher":"https:\/\/www.facebook.com\/PolisSAMagazine\/","article_published_time":"2021-12-09T17:34:11+00:00","article_modified_time":"2021-12-09T17:34:13+00:00","og_image":[{"width":1942,"height":1295,"url":"https:\/\/www.istitutogalanteoliva.it\/magazine\/wp-content\/uploads\/2021\/12\/cura-del-ponte.jpg","type":"image\/jpeg"}],"author":"Antonello Rivano","twitter_card":"summary_large_image","twitter_creator":"@MagazinePolis","twitter_site":"@MagazinePolis","twitter_misc":{"Scritto da":"Antonello Rivano","Tempo di lettura stimato":"2 minuti"},"schema":{"@context":"https:\/\/schema.org","@graph":[{"@type":"Article","@id":"https:\/\/www.istitutogalanteoliva.it\/magazine\/2021\/12\/09\/palco-e-contropalco-continuano-gli-eventi-dellofficina-72-un-fine-settimana-tra-teatro-e-jazz\/#article","isPartOf":{"@id":"https:\/\/www.istitutogalanteoliva.it\/magazine\/2021\/12\/09\/palco-e-contropalco-continuano-gli-eventi-dellofficina-72-un-fine-settimana-tra-teatro-e-jazz\/"},"author":{"name":"Antonello Rivano","@id":"https:\/\/www.istitutogalanteoliva.it\/magazine\/#\/schema\/person\/d8b8aa79cfe8babc1df9da3212a7c0c4"},"headline":"\u201cPalco e Contropalco\u201d: continuano gli eventi dell\u2019Officina 72 Un fine settimana tra teatro e jazz","datePublished":"2021-12-09T17:34:11+00:00","dateModified":"2021-12-09T17:34:13+00:00","mainEntityOfPage":{"@id":"https:\/\/www.istitutogalanteoliva.it\/magazine\/2021\/12\/09\/palco-e-contropalco-continuano-gli-eventi-dellofficina-72-un-fine-settimana-tra-teatro-e-jazz\/"},"wordCount":407,"commentCount":0,"publisher":{"@id":"https:\/\/www.istitutogalanteoliva.it\/magazine\/#organization"},"image":{"@id":"https:\/\/www.istitutogalanteoliva.it\/magazine\/2021\/12\/09\/palco-e-contropalco-continuano-gli-eventi-dellofficina-72-un-fine-settimana-tra-teatro-e-jazz\/#primaryimage"},"thumbnailUrl":"https:\/\/www.istitutogalanteoliva.it\/magazine\/wp-content\/uploads\/2021\/12\/cura-del-ponte.jpg","articleSection":["2021","Arte e Spettacolo","Campania"],"inLanguage":"it-IT","potentialAction":[{"@type":"CommentAction","name":"Comment","target":["https:\/\/www.istitutogalanteoliva.it\/magazine\/2021\/12\/09\/palco-e-contropalco-continuano-gli-eventi-dellofficina-72-un-fine-settimana-tra-teatro-e-jazz\/#respond"]}]},{"@type":"WebPage","@id":"https:\/\/www.istitutogalanteoliva.it\/magazine\/2021\/12\/09\/palco-e-contropalco-continuano-gli-eventi-dellofficina-72-un-fine-settimana-tra-teatro-e-jazz\/","url":"https:\/\/www.istitutogalanteoliva.it\/magazine\/2021\/12\/09\/palco-e-contropalco-continuano-gli-eventi-dellofficina-72-un-fine-settimana-tra-teatro-e-jazz\/","name":"\u201cPalco e Contropalco\u201d: continuano gli eventi dell\u2019Officina 72 Un fine settimana tra teatro e jazz - Polis SA Magazine","isPartOf":{"@id":"https:\/\/www.istitutogalanteoliva.it\/magazine\/#website"},"primaryImageOfPage":{"@id":"https:\/\/www.istitutogalanteoliva.it\/magazine\/2021\/12\/09\/palco-e-contropalco-continuano-gli-eventi-dellofficina-72-un-fine-settimana-tra-teatro-e-jazz\/#primaryimage"},"image":{"@id":"https:\/\/www.istitutogalanteoliva.it\/magazine\/2021\/12\/09\/palco-e-contropalco-continuano-gli-eventi-dellofficina-72-un-fine-settimana-tra-teatro-e-jazz\/#primaryimage"},"thumbnailUrl":"https:\/\/www.istitutogalanteoliva.it\/magazine\/wp-content\/uploads\/2021\/12\/cura-del-ponte.jpg","datePublished":"2021-12-09T17:34:11+00:00","dateModified":"2021-12-09T17:34:13+00:00","breadcrumb":{"@id":"https:\/\/www.istitutogalanteoliva.it\/magazine\/2021\/12\/09\/palco-e-contropalco-continuano-gli-eventi-dellofficina-72-un-fine-settimana-tra-teatro-e-jazz\/#breadcrumb"},"inLanguage":"it-IT","potentialAction":[{"@type":"ReadAction","target":["https:\/\/www.istitutogalanteoliva.it\/magazine\/2021\/12\/09\/palco-e-contropalco-continuano-gli-eventi-dellofficina-72-un-fine-settimana-tra-teatro-e-jazz\/"]}]},{"@type":"ImageObject","inLanguage":"it-IT","@id":"https:\/\/www.istitutogalanteoliva.it\/magazine\/2021\/12\/09\/palco-e-contropalco-continuano-gli-eventi-dellofficina-72-un-fine-settimana-tra-teatro-e-jazz\/#primaryimage","url":"https:\/\/www.istitutogalanteoliva.it\/magazine\/wp-content\/uploads\/2021\/12\/cura-del-ponte.jpg","contentUrl":"https:\/\/www.istitutogalanteoliva.it\/magazine\/wp-content\/uploads\/2021\/12\/cura-del-ponte.jpg","width":1942,"height":1295},{"@type":"BreadcrumbList","@id":"https:\/\/www.istitutogalanteoliva.it\/magazine\/2021\/12\/09\/palco-e-contropalco-continuano-gli-eventi-dellofficina-72-un-fine-settimana-tra-teatro-e-jazz\/#breadcrumb","itemListElement":[{"@type":"ListItem","position":1,"name":"Home","item":"https:\/\/www.istitutogalanteoliva.it\/magazine\/"},{"@type":"ListItem","position":2,"name":"\u201cPalco e Contropalco\u201d: continuano gli eventi dell\u2019Officina 72 Un fine settimana tra teatro e jazz"}]},{"@type":"WebSite","@id":"https:\/\/www.istitutogalanteoliva.it\/magazine\/#website","url":"https:\/\/www.istitutogalanteoliva.it\/magazine\/","name":"POLIS SA MAGAZINE","description":"Informazione e approfondimenti","publisher":{"@id":"https:\/\/www.istitutogalanteoliva.it\/magazine\/#organization"},"potentialAction":[{"@type":"SearchAction","target":{"@type":"EntryPoint","urlTemplate":"https:\/\/www.istitutogalanteoliva.it\/magazine\/?s={search_term_string}"},"query-input":{"@type":"PropertyValueSpecification","valueRequired":true,"valueName":"search_term_string"}}],"inLanguage":"it-IT"},{"@type":"Organization","@id":"https:\/\/www.istitutogalanteoliva.it\/magazine\/#organization","name":"Polis SA Magazine","url":"https:\/\/www.istitutogalanteoliva.it\/magazine\/","logo":{"@type":"ImageObject","inLanguage":"it-IT","@id":"https:\/\/www.istitutogalanteoliva.it\/magazine\/#\/schema\/logo\/image\/","url":"","contentUrl":"","caption":"Polis SA Magazine"},"image":{"@id":"https:\/\/www.istitutogalanteoliva.it\/magazine\/#\/schema\/logo\/image\/"},"sameAs":["https:\/\/www.facebook.com\/PolisSAMagazine\/","https:\/\/x.com\/MagazinePolis","https:\/\/www.youtube.com\/channel\/UCv0Mr5AHKUmsc0sEEXkJrgw"]},{"@type":"Person","@id":"https:\/\/www.istitutogalanteoliva.it\/magazine\/#\/schema\/person\/d8b8aa79cfe8babc1df9da3212a7c0c4","name":"Antonello Rivano","image":{"@type":"ImageObject","inLanguage":"it-IT","@id":"https:\/\/www.istitutogalanteoliva.it\/magazine\/#\/schema\/person\/image\/","url":"https:\/\/secure.gravatar.com\/avatar\/517a9a6487a7a18ecc4ce6d2e57a8f40?s=96&d=mm&r=g","contentUrl":"https:\/\/secure.gravatar.com\/avatar\/517a9a6487a7a18ecc4ce6d2e57a8f40?s=96&d=mm&r=g","caption":"Antonello Rivano"},"url":"https:\/\/www.istitutogalanteoliva.it\/magazine\/author\/antonello\/"}]}},"_links":{"self":[{"href":"https:\/\/www.istitutogalanteoliva.it\/magazine\/wp-json\/wp\/v2\/posts\/11040","targetHints":{"allow":["GET"]}}],"collection":[{"href":"https:\/\/www.istitutogalanteoliva.it\/magazine\/wp-json\/wp\/v2\/posts"}],"about":[{"href":"https:\/\/www.istitutogalanteoliva.it\/magazine\/wp-json\/wp\/v2\/types\/post"}],"author":[{"embeddable":true,"href":"https:\/\/www.istitutogalanteoliva.it\/magazine\/wp-json\/wp\/v2\/users\/2"}],"replies":[{"embeddable":true,"href":"https:\/\/www.istitutogalanteoliva.it\/magazine\/wp-json\/wp\/v2\/comments?post=11040"}],"version-history":[{"count":1,"href":"https:\/\/www.istitutogalanteoliva.it\/magazine\/wp-json\/wp\/v2\/posts\/11040\/revisions"}],"predecessor-version":[{"id":11043,"href":"https:\/\/www.istitutogalanteoliva.it\/magazine\/wp-json\/wp\/v2\/posts\/11040\/revisions\/11043"}],"wp:featuredmedia":[{"embeddable":true,"href":"https:\/\/www.istitutogalanteoliva.it\/magazine\/wp-json\/wp\/v2\/media\/11042"}],"wp:attachment":[{"href":"https:\/\/www.istitutogalanteoliva.it\/magazine\/wp-json\/wp\/v2\/media?parent=11040"}],"wp:term":[{"taxonomy":"category","embeddable":true,"href":"https:\/\/www.istitutogalanteoliva.it\/magazine\/wp-json\/wp\/v2\/categories?post=11040"},{"taxonomy":"post_tag","embeddable":true,"href":"https:\/\/www.istitutogalanteoliva.it\/magazine\/wp-json\/wp\/v2\/tags?post=11040"}],"curies":[{"name":"wp","href":"https:\/\/api.w.org\/{rel}","templated":true}]}}