{"id":11044,"date":"2021-12-10T16:00:00","date_gmt":"2021-12-10T15:00:00","guid":{"rendered":"https:\/\/www.istitutogalanteoliva.it\/magazine\/?p=11044"},"modified":"2021-12-09T18:58:26","modified_gmt":"2021-12-09T17:58:26","slug":"lofficina-72-riapre-presentato-il-cartellone-2021-2022","status":"publish","type":"post","link":"https:\/\/www.istitutogalanteoliva.it\/magazine\/2021\/12\/10\/lofficina-72-riapre-presentato-il-cartellone-2021-2022\/","title":{"rendered":"L\u2019Officina 72 riapre: presentato il cartellone 2021\/2022"},"content":{"rendered":"\n<p>\u00c8 stata presentata luned\u00ec 6 dicembre, presso l\u2019Officina 72 ad Agropoli, la stagione 2021\/2022. A partire dal 4 dicembre e fino al mese di aprile, si terranno ben 30 eventi durante i quali la cultura sar\u00e0 declinata in ogni suo molteplice aspetto.<\/p>\n\n\n\n<p>Il cartellone, il cui titolo \u00e8 \u201cPalco e Contropalco\u201d, nasce dalla collaborazione tra l\u2019Officina di Alfonso Di Biasi e la casa di produzione \u201cScen Out\u201ddi Umberto Squitieri, poliedrico artista che ricopre anche il ruolo di direttore artistico della manifestazione. Ed \u00e8 proprio quest\u2019ultimo ad aver organizzato il ricco cartellone: \u00ab\u00e8 una scommessa \u2013 dice \u2013 un lancio nel buio compiuto in un periodo molto difficile per tutti ed in particolare per il mondo del teatro, della musica e dell\u2019arte. I lunghi mesi di chiusura dei luoghi della cultura, qualsiasi essi siano, hanno messo in ginocchio un settore molto importante per l\u2019economia del nostro Paese, ma adesso \u00e8 arrivato il momento di rimetterci in gioco e di ripartire pi\u00f9 forti di prima. So che non sar\u00e0 facile \u2013 aggiunge \u2013 ma ce la metteremo tutta affinch\u00e9 questa scommessa sia vincente\u00bb.<\/p>\n\n\n\n<p>Gli fa eco Di Biasi: \u00abDopo quasi due anni e un mondo cambiato, soprattutto per gli spettacoli e la musica dal vivo \u2013 le sue parole \u2013 noi siamo qui e siamo pronti a ricominciare, non senza incertezze ma sicuramente senza dubbi. Abbiamo lavorato ed emozionato per 5 anni, non poteva finire nel silenzio. Una nuova avventura ci aspetta \u2013 chiosa \u2013 un\u2019avventura fatta di passione e voglia di ricominciare\u00bb.&nbsp;<\/p>\n\n\n\n<p>\u201cPalco e Contropalco\u201d presenta una serie di eventi molto diversi tra loro che spaziano nei vari ambiti della cultura. Ad essi prenderanno parte artisti che provengono da ogni parte d\u2019Italia ed ognuno di loro porter\u00e0 un tassello col quale formare un grande mosaico.<\/p>\n\n\n\n<p>L\u2019ingresso agli eventi sar\u00e0 a pagamento e sono stati previsti degli abbonamenti con la formula \u201cpi\u00f9 vedi e pi\u00f9 risparmi\u201d. La sottoscrizione di un abbonamento a otto spettacolo da uno sconto del 20%, a dieci spettacoli del 30% e oltre quella soglia a ben il 40% di sconto. L\u2019accesso sar\u00e0 limitato ai possessori di certificato verde.<\/p>\n\n\n\n<figure class=\"wp-block-image size-large is-resized\"><img loading=\"lazy\" decoding=\"async\" src=\"https:\/\/www.istitutogalanteoliva.it\/magazine\/wp-content\/uploads\/2021\/12\/cartellone-1-717x1024.jpeg\" alt=\"\" class=\"wp-image-11047\" width=\"359\" height=\"512\" srcset=\"https:\/\/www.istitutogalanteoliva.it\/magazine\/wp-content\/uploads\/2021\/12\/cartellone-1-717x1024.jpeg 717w, https:\/\/www.istitutogalanteoliva.it\/magazine\/wp-content\/uploads\/2021\/12\/cartellone-1-210x300.jpeg 210w, https:\/\/www.istitutogalanteoliva.it\/magazine\/wp-content\/uploads\/2021\/12\/cartellone-1-768x1097.jpeg 768w, https:\/\/www.istitutogalanteoliva.it\/magazine\/wp-content\/uploads\/2021\/12\/cartellone-1-1075x1536.jpeg 1075w, https:\/\/www.istitutogalanteoliva.it\/magazine\/wp-content\/uploads\/2021\/12\/cartellone-1-1024x1463.jpeg 1024w, https:\/\/www.istitutogalanteoliva.it\/magazine\/wp-content\/uploads\/2021\/12\/cartellone-1.jpeg 1378w\" sizes=\"auto, (max-width: 359px) 100vw, 359px\" \/><\/figure>\n\n\n\n<p>Per info e prenotazioni 3381920683.<\/p>\n<div class=\"pdfprnt-buttons pdfprnt-buttons-post pdfprnt-bottom-left\"><a href=\"https:\/\/www.istitutogalanteoliva.it\/magazine\/wp-json\/wp\/v2\/posts\/11044?print=print\" class=\"pdfprnt-button pdfprnt-button-print\" target=\"_blank\"><img decoding=\"async\" src=\"https:\/\/www.istitutogalanteoliva.it\/magazine\/wp-content\/plugins\/pdf-print\/images\/print.png\" alt=\"image_print\" title=\"Stampa contenuto\" \/><span class=\"pdfprnt-button-title pdfprnt-button-print-title\">Download in PDF<\/span><\/a><\/div>","protected":false},"excerpt":{"rendered":"<p>Agropoli (Salerno) Oltre 30 eventi tra teatro, musica e letteratura<\/p>\n","protected":false},"author":2,"featured_media":11045,"comment_status":"open","ping_status":"open","sticky":true,"template":"","format":"standard","meta":{"footnotes":""},"categories":[148,7],"tags":[],"class_list":["post-11044","post","type-post","status-publish","format-standard","has-post-thumbnail","hentry","category-148","category-arte_e_spettacolo"],"yoast_head":"<!-- This site is optimized with the Yoast SEO plugin v24.2 - https:\/\/yoast.com\/wordpress\/plugins\/seo\/ -->\n<title>L\u2019Officina 72 riapre: presentato il cartellone 2021\/2022 - Polis SA Magazine<\/title>\n<meta name=\"robots\" content=\"index, follow, max-snippet:-1, max-image-preview:large, max-video-preview:-1\" \/>\n<link rel=\"canonical\" href=\"https:\/\/www.istitutogalanteoliva.it\/magazine\/2021\/12\/10\/lofficina-72-riapre-presentato-il-cartellone-2021-2022\/\" \/>\n<meta property=\"og:locale\" content=\"it_IT\" \/>\n<meta property=\"og:type\" content=\"article\" \/>\n<meta property=\"og:title\" content=\"L\u2019Officina 72 riapre: presentato il cartellone 2021\/2022 - Polis SA Magazine\" \/>\n<meta property=\"og:description\" content=\"Agropoli (Salerno) Oltre 30 eventi tra teatro, musica e letteratura\" \/>\n<meta property=\"og:url\" content=\"https:\/\/www.istitutogalanteoliva.it\/magazine\/2021\/12\/10\/lofficina-72-riapre-presentato-il-cartellone-2021-2022\/\" \/>\n<meta property=\"og:site_name\" content=\"Polis SA Magazine\" \/>\n<meta property=\"article:publisher\" content=\"https:\/\/www.facebook.com\/PolisSAMagazine\/\" \/>\n<meta property=\"article:published_time\" content=\"2021-12-10T15:00:00+00:00\" \/>\n<meta property=\"article:modified_time\" content=\"2021-12-09T17:58:26+00:00\" \/>\n<meta property=\"og:image\" content=\"https:\/\/www.istitutogalanteoliva.it\/magazine\/wp-content\/uploads\/2021\/12\/ssss.jpg\" \/>\n\t<meta property=\"og:image:width\" content=\"1200\" \/>\n\t<meta property=\"og:image:height\" content=\"675\" \/>\n\t<meta property=\"og:image:type\" content=\"image\/jpeg\" \/>\n<meta name=\"author\" content=\"Antonello Rivano\" \/>\n<meta name=\"twitter:card\" content=\"summary_large_image\" \/>\n<meta name=\"twitter:creator\" content=\"@MagazinePolis\" \/>\n<meta name=\"twitter:site\" content=\"@MagazinePolis\" \/>\n<meta name=\"twitter:label1\" content=\"Scritto da\" \/>\n\t<meta name=\"twitter:data1\" content=\"Antonello Rivano\" \/>\n\t<meta name=\"twitter:label2\" content=\"Tempo di lettura stimato\" \/>\n\t<meta name=\"twitter:data2\" content=\"2 minuti\" \/>\n<script type=\"application\/ld+json\" class=\"yoast-schema-graph\">{\"@context\":\"https:\/\/schema.org\",\"@graph\":[{\"@type\":\"Article\",\"@id\":\"https:\/\/www.istitutogalanteoliva.it\/magazine\/2021\/12\/10\/lofficina-72-riapre-presentato-il-cartellone-2021-2022\/#article\",\"isPartOf\":{\"@id\":\"https:\/\/www.istitutogalanteoliva.it\/magazine\/2021\/12\/10\/lofficina-72-riapre-presentato-il-cartellone-2021-2022\/\"},\"author\":{\"name\":\"Antonello Rivano\",\"@id\":\"https:\/\/www.istitutogalanteoliva.it\/magazine\/#\/schema\/person\/d8b8aa79cfe8babc1df9da3212a7c0c4\"},\"headline\":\"L\u2019Officina 72 riapre: presentato il cartellone 2021\/2022\",\"datePublished\":\"2021-12-10T15:00:00+00:00\",\"dateModified\":\"2021-12-09T17:58:26+00:00\",\"mainEntityOfPage\":{\"@id\":\"https:\/\/www.istitutogalanteoliva.it\/magazine\/2021\/12\/10\/lofficina-72-riapre-presentato-il-cartellone-2021-2022\/\"},\"wordCount\":349,\"commentCount\":0,\"publisher\":{\"@id\":\"https:\/\/www.istitutogalanteoliva.it\/magazine\/#organization\"},\"image\":{\"@id\":\"https:\/\/www.istitutogalanteoliva.it\/magazine\/2021\/12\/10\/lofficina-72-riapre-presentato-il-cartellone-2021-2022\/#primaryimage\"},\"thumbnailUrl\":\"https:\/\/www.istitutogalanteoliva.it\/magazine\/wp-content\/uploads\/2021\/12\/ssss.jpg\",\"articleSection\":[\"2021\",\"Arte e Spettacolo\"],\"inLanguage\":\"it-IT\",\"potentialAction\":[{\"@type\":\"CommentAction\",\"name\":\"Comment\",\"target\":[\"https:\/\/www.istitutogalanteoliva.it\/magazine\/2021\/12\/10\/lofficina-72-riapre-presentato-il-cartellone-2021-2022\/#respond\"]}]},{\"@type\":\"WebPage\",\"@id\":\"https:\/\/www.istitutogalanteoliva.it\/magazine\/2021\/12\/10\/lofficina-72-riapre-presentato-il-cartellone-2021-2022\/\",\"url\":\"https:\/\/www.istitutogalanteoliva.it\/magazine\/2021\/12\/10\/lofficina-72-riapre-presentato-il-cartellone-2021-2022\/\",\"name\":\"L\u2019Officina 72 riapre: presentato il cartellone 2021\/2022 - Polis SA Magazine\",\"isPartOf\":{\"@id\":\"https:\/\/www.istitutogalanteoliva.it\/magazine\/#website\"},\"primaryImageOfPage\":{\"@id\":\"https:\/\/www.istitutogalanteoliva.it\/magazine\/2021\/12\/10\/lofficina-72-riapre-presentato-il-cartellone-2021-2022\/#primaryimage\"},\"image\":{\"@id\":\"https:\/\/www.istitutogalanteoliva.it\/magazine\/2021\/12\/10\/lofficina-72-riapre-presentato-il-cartellone-2021-2022\/#primaryimage\"},\"thumbnailUrl\":\"https:\/\/www.istitutogalanteoliva.it\/magazine\/wp-content\/uploads\/2021\/12\/ssss.jpg\",\"datePublished\":\"2021-12-10T15:00:00+00:00\",\"dateModified\":\"2021-12-09T17:58:26+00:00\",\"breadcrumb\":{\"@id\":\"https:\/\/www.istitutogalanteoliva.it\/magazine\/2021\/12\/10\/lofficina-72-riapre-presentato-il-cartellone-2021-2022\/#breadcrumb\"},\"inLanguage\":\"it-IT\",\"potentialAction\":[{\"@type\":\"ReadAction\",\"target\":[\"https:\/\/www.istitutogalanteoliva.it\/magazine\/2021\/12\/10\/lofficina-72-riapre-presentato-il-cartellone-2021-2022\/\"]}]},{\"@type\":\"ImageObject\",\"inLanguage\":\"it-IT\",\"@id\":\"https:\/\/www.istitutogalanteoliva.it\/magazine\/2021\/12\/10\/lofficina-72-riapre-presentato-il-cartellone-2021-2022\/#primaryimage\",\"url\":\"https:\/\/www.istitutogalanteoliva.it\/magazine\/wp-content\/uploads\/2021\/12\/ssss.jpg\",\"contentUrl\":\"https:\/\/www.istitutogalanteoliva.it\/magazine\/wp-content\/uploads\/2021\/12\/ssss.jpg\",\"width\":1200,\"height\":675},{\"@type\":\"BreadcrumbList\",\"@id\":\"https:\/\/www.istitutogalanteoliva.it\/magazine\/2021\/12\/10\/lofficina-72-riapre-presentato-il-cartellone-2021-2022\/#breadcrumb\",\"itemListElement\":[{\"@type\":\"ListItem\",\"position\":1,\"name\":\"Home\",\"item\":\"https:\/\/www.istitutogalanteoliva.it\/magazine\/\"},{\"@type\":\"ListItem\",\"position\":2,\"name\":\"L\u2019Officina 72 riapre: presentato il cartellone 2021\/2022\"}]},{\"@type\":\"WebSite\",\"@id\":\"https:\/\/www.istitutogalanteoliva.it\/magazine\/#website\",\"url\":\"https:\/\/www.istitutogalanteoliva.it\/magazine\/\",\"name\":\"POLIS SA MAGAZINE\",\"description\":\"Informazione e approfondimenti\",\"publisher\":{\"@id\":\"https:\/\/www.istitutogalanteoliva.it\/magazine\/#organization\"},\"potentialAction\":[{\"@type\":\"SearchAction\",\"target\":{\"@type\":\"EntryPoint\",\"urlTemplate\":\"https:\/\/www.istitutogalanteoliva.it\/magazine\/?s={search_term_string}\"},\"query-input\":{\"@type\":\"PropertyValueSpecification\",\"valueRequired\":true,\"valueName\":\"search_term_string\"}}],\"inLanguage\":\"it-IT\"},{\"@type\":\"Organization\",\"@id\":\"https:\/\/www.istitutogalanteoliva.it\/magazine\/#organization\",\"name\":\"Polis SA Magazine\",\"url\":\"https:\/\/www.istitutogalanteoliva.it\/magazine\/\",\"logo\":{\"@type\":\"ImageObject\",\"inLanguage\":\"it-IT\",\"@id\":\"https:\/\/www.istitutogalanteoliva.it\/magazine\/#\/schema\/logo\/image\/\",\"url\":\"\",\"contentUrl\":\"\",\"caption\":\"Polis SA Magazine\"},\"image\":{\"@id\":\"https:\/\/www.istitutogalanteoliva.it\/magazine\/#\/schema\/logo\/image\/\"},\"sameAs\":[\"https:\/\/www.facebook.com\/PolisSAMagazine\/\",\"https:\/\/x.com\/MagazinePolis\",\"https:\/\/www.youtube.com\/channel\/UCv0Mr5AHKUmsc0sEEXkJrgw\"]},{\"@type\":\"Person\",\"@id\":\"https:\/\/www.istitutogalanteoliva.it\/magazine\/#\/schema\/person\/d8b8aa79cfe8babc1df9da3212a7c0c4\",\"name\":\"Antonello Rivano\",\"image\":{\"@type\":\"ImageObject\",\"inLanguage\":\"it-IT\",\"@id\":\"https:\/\/www.istitutogalanteoliva.it\/magazine\/#\/schema\/person\/image\/\",\"url\":\"https:\/\/secure.gravatar.com\/avatar\/517a9a6487a7a18ecc4ce6d2e57a8f40?s=96&d=mm&r=g\",\"contentUrl\":\"https:\/\/secure.gravatar.com\/avatar\/517a9a6487a7a18ecc4ce6d2e57a8f40?s=96&d=mm&r=g\",\"caption\":\"Antonello Rivano\"},\"url\":\"https:\/\/www.istitutogalanteoliva.it\/magazine\/author\/antonello\/\"}]}<\/script>\n<!-- \/ Yoast SEO plugin. -->","yoast_head_json":{"title":"L\u2019Officina 72 riapre: presentato il cartellone 2021\/2022 - Polis SA Magazine","robots":{"index":"index","follow":"follow","max-snippet":"max-snippet:-1","max-image-preview":"max-image-preview:large","max-video-preview":"max-video-preview:-1"},"canonical":"https:\/\/www.istitutogalanteoliva.it\/magazine\/2021\/12\/10\/lofficina-72-riapre-presentato-il-cartellone-2021-2022\/","og_locale":"it_IT","og_type":"article","og_title":"L\u2019Officina 72 riapre: presentato il cartellone 2021\/2022 - Polis SA Magazine","og_description":"Agropoli (Salerno) Oltre 30 eventi tra teatro, musica e letteratura","og_url":"https:\/\/www.istitutogalanteoliva.it\/magazine\/2021\/12\/10\/lofficina-72-riapre-presentato-il-cartellone-2021-2022\/","og_site_name":"Polis SA Magazine","article_publisher":"https:\/\/www.facebook.com\/PolisSAMagazine\/","article_published_time":"2021-12-10T15:00:00+00:00","article_modified_time":"2021-12-09T17:58:26+00:00","og_image":[{"width":1200,"height":675,"url":"https:\/\/www.istitutogalanteoliva.it\/magazine\/wp-content\/uploads\/2021\/12\/ssss.jpg","type":"image\/jpeg"}],"author":"Antonello Rivano","twitter_card":"summary_large_image","twitter_creator":"@MagazinePolis","twitter_site":"@MagazinePolis","twitter_misc":{"Scritto da":"Antonello Rivano","Tempo di lettura stimato":"2 minuti"},"schema":{"@context":"https:\/\/schema.org","@graph":[{"@type":"Article","@id":"https:\/\/www.istitutogalanteoliva.it\/magazine\/2021\/12\/10\/lofficina-72-riapre-presentato-il-cartellone-2021-2022\/#article","isPartOf":{"@id":"https:\/\/www.istitutogalanteoliva.it\/magazine\/2021\/12\/10\/lofficina-72-riapre-presentato-il-cartellone-2021-2022\/"},"author":{"name":"Antonello Rivano","@id":"https:\/\/www.istitutogalanteoliva.it\/magazine\/#\/schema\/person\/d8b8aa79cfe8babc1df9da3212a7c0c4"},"headline":"L\u2019Officina 72 riapre: presentato il cartellone 2021\/2022","datePublished":"2021-12-10T15:00:00+00:00","dateModified":"2021-12-09T17:58:26+00:00","mainEntityOfPage":{"@id":"https:\/\/www.istitutogalanteoliva.it\/magazine\/2021\/12\/10\/lofficina-72-riapre-presentato-il-cartellone-2021-2022\/"},"wordCount":349,"commentCount":0,"publisher":{"@id":"https:\/\/www.istitutogalanteoliva.it\/magazine\/#organization"},"image":{"@id":"https:\/\/www.istitutogalanteoliva.it\/magazine\/2021\/12\/10\/lofficina-72-riapre-presentato-il-cartellone-2021-2022\/#primaryimage"},"thumbnailUrl":"https:\/\/www.istitutogalanteoliva.it\/magazine\/wp-content\/uploads\/2021\/12\/ssss.jpg","articleSection":["2021","Arte e Spettacolo"],"inLanguage":"it-IT","potentialAction":[{"@type":"CommentAction","name":"Comment","target":["https:\/\/www.istitutogalanteoliva.it\/magazine\/2021\/12\/10\/lofficina-72-riapre-presentato-il-cartellone-2021-2022\/#respond"]}]},{"@type":"WebPage","@id":"https:\/\/www.istitutogalanteoliva.it\/magazine\/2021\/12\/10\/lofficina-72-riapre-presentato-il-cartellone-2021-2022\/","url":"https:\/\/www.istitutogalanteoliva.it\/magazine\/2021\/12\/10\/lofficina-72-riapre-presentato-il-cartellone-2021-2022\/","name":"L\u2019Officina 72 riapre: presentato il cartellone 2021\/2022 - Polis SA Magazine","isPartOf":{"@id":"https:\/\/www.istitutogalanteoliva.it\/magazine\/#website"},"primaryImageOfPage":{"@id":"https:\/\/www.istitutogalanteoliva.it\/magazine\/2021\/12\/10\/lofficina-72-riapre-presentato-il-cartellone-2021-2022\/#primaryimage"},"image":{"@id":"https:\/\/www.istitutogalanteoliva.it\/magazine\/2021\/12\/10\/lofficina-72-riapre-presentato-il-cartellone-2021-2022\/#primaryimage"},"thumbnailUrl":"https:\/\/www.istitutogalanteoliva.it\/magazine\/wp-content\/uploads\/2021\/12\/ssss.jpg","datePublished":"2021-12-10T15:00:00+00:00","dateModified":"2021-12-09T17:58:26+00:00","breadcrumb":{"@id":"https:\/\/www.istitutogalanteoliva.it\/magazine\/2021\/12\/10\/lofficina-72-riapre-presentato-il-cartellone-2021-2022\/#breadcrumb"},"inLanguage":"it-IT","potentialAction":[{"@type":"ReadAction","target":["https:\/\/www.istitutogalanteoliva.it\/magazine\/2021\/12\/10\/lofficina-72-riapre-presentato-il-cartellone-2021-2022\/"]}]},{"@type":"ImageObject","inLanguage":"it-IT","@id":"https:\/\/www.istitutogalanteoliva.it\/magazine\/2021\/12\/10\/lofficina-72-riapre-presentato-il-cartellone-2021-2022\/#primaryimage","url":"https:\/\/www.istitutogalanteoliva.it\/magazine\/wp-content\/uploads\/2021\/12\/ssss.jpg","contentUrl":"https:\/\/www.istitutogalanteoliva.it\/magazine\/wp-content\/uploads\/2021\/12\/ssss.jpg","width":1200,"height":675},{"@type":"BreadcrumbList","@id":"https:\/\/www.istitutogalanteoliva.it\/magazine\/2021\/12\/10\/lofficina-72-riapre-presentato-il-cartellone-2021-2022\/#breadcrumb","itemListElement":[{"@type":"ListItem","position":1,"name":"Home","item":"https:\/\/www.istitutogalanteoliva.it\/magazine\/"},{"@type":"ListItem","position":2,"name":"L\u2019Officina 72 riapre: presentato il cartellone 2021\/2022"}]},{"@type":"WebSite","@id":"https:\/\/www.istitutogalanteoliva.it\/magazine\/#website","url":"https:\/\/www.istitutogalanteoliva.it\/magazine\/","name":"POLIS SA MAGAZINE","description":"Informazione e approfondimenti","publisher":{"@id":"https:\/\/www.istitutogalanteoliva.it\/magazine\/#organization"},"potentialAction":[{"@type":"SearchAction","target":{"@type":"EntryPoint","urlTemplate":"https:\/\/www.istitutogalanteoliva.it\/magazine\/?s={search_term_string}"},"query-input":{"@type":"PropertyValueSpecification","valueRequired":true,"valueName":"search_term_string"}}],"inLanguage":"it-IT"},{"@type":"Organization","@id":"https:\/\/www.istitutogalanteoliva.it\/magazine\/#organization","name":"Polis SA Magazine","url":"https:\/\/www.istitutogalanteoliva.it\/magazine\/","logo":{"@type":"ImageObject","inLanguage":"it-IT","@id":"https:\/\/www.istitutogalanteoliva.it\/magazine\/#\/schema\/logo\/image\/","url":"","contentUrl":"","caption":"Polis SA Magazine"},"image":{"@id":"https:\/\/www.istitutogalanteoliva.it\/magazine\/#\/schema\/logo\/image\/"},"sameAs":["https:\/\/www.facebook.com\/PolisSAMagazine\/","https:\/\/x.com\/MagazinePolis","https:\/\/www.youtube.com\/channel\/UCv0Mr5AHKUmsc0sEEXkJrgw"]},{"@type":"Person","@id":"https:\/\/www.istitutogalanteoliva.it\/magazine\/#\/schema\/person\/d8b8aa79cfe8babc1df9da3212a7c0c4","name":"Antonello Rivano","image":{"@type":"ImageObject","inLanguage":"it-IT","@id":"https:\/\/www.istitutogalanteoliva.it\/magazine\/#\/schema\/person\/image\/","url":"https:\/\/secure.gravatar.com\/avatar\/517a9a6487a7a18ecc4ce6d2e57a8f40?s=96&d=mm&r=g","contentUrl":"https:\/\/secure.gravatar.com\/avatar\/517a9a6487a7a18ecc4ce6d2e57a8f40?s=96&d=mm&r=g","caption":"Antonello Rivano"},"url":"https:\/\/www.istitutogalanteoliva.it\/magazine\/author\/antonello\/"}]}},"_links":{"self":[{"href":"https:\/\/www.istitutogalanteoliva.it\/magazine\/wp-json\/wp\/v2\/posts\/11044","targetHints":{"allow":["GET"]}}],"collection":[{"href":"https:\/\/www.istitutogalanteoliva.it\/magazine\/wp-json\/wp\/v2\/posts"}],"about":[{"href":"https:\/\/www.istitutogalanteoliva.it\/magazine\/wp-json\/wp\/v2\/types\/post"}],"author":[{"embeddable":true,"href":"https:\/\/www.istitutogalanteoliva.it\/magazine\/wp-json\/wp\/v2\/users\/2"}],"replies":[{"embeddable":true,"href":"https:\/\/www.istitutogalanteoliva.it\/magazine\/wp-json\/wp\/v2\/comments?post=11044"}],"version-history":[{"count":2,"href":"https:\/\/www.istitutogalanteoliva.it\/magazine\/wp-json\/wp\/v2\/posts\/11044\/revisions"}],"predecessor-version":[{"id":11048,"href":"https:\/\/www.istitutogalanteoliva.it\/magazine\/wp-json\/wp\/v2\/posts\/11044\/revisions\/11048"}],"wp:featuredmedia":[{"embeddable":true,"href":"https:\/\/www.istitutogalanteoliva.it\/magazine\/wp-json\/wp\/v2\/media\/11045"}],"wp:attachment":[{"href":"https:\/\/www.istitutogalanteoliva.it\/magazine\/wp-json\/wp\/v2\/media?parent=11044"}],"wp:term":[{"taxonomy":"category","embeddable":true,"href":"https:\/\/www.istitutogalanteoliva.it\/magazine\/wp-json\/wp\/v2\/categories?post=11044"},{"taxonomy":"post_tag","embeddable":true,"href":"https:\/\/www.istitutogalanteoliva.it\/magazine\/wp-json\/wp\/v2\/tags?post=11044"}],"curies":[{"name":"wp","href":"https:\/\/api.w.org\/{rel}","templated":true}]}}