{"id":11056,"date":"2021-12-13T08:00:00","date_gmt":"2021-12-13T07:00:00","guid":{"rendered":"https:\/\/www.istitutogalanteoliva.it\/magazine\/?p=11056"},"modified":"2021-12-13T09:11:34","modified_gmt":"2021-12-13T08:11:34","slug":"slogan-machines-la-comunicazione-politica-nellera-del-populismo-presentato-a-mercato-san-severino-sa","status":"publish","type":"post","link":"https:\/\/www.istitutogalanteoliva.it\/magazine\/2021\/12\/13\/slogan-machines-la-comunicazione-politica-nellera-del-populismo-presentato-a-mercato-san-severino-sa\/","title":{"rendered":"\u201cSlogan machines. La comunicazione politica nell\u2019era del populismo\u201d, presentato a Mercato San Severino (SA)"},"content":{"rendered":"\n<p><\/p>\n\n\n\n<h5 class=\"wp-block-heading\"><strong><em>Grande ed opportuno successo, per la presentazione del volume: \u201cSlogan machines. La comunicazione politica nell\u2019era del populismo\u201d.<\/em><\/strong> Classica \u201cbuona la prima\u201d, per l\u2019ente di formazione professionale \u201cCeform\u201d \u2013 in Mercato San Severino (Salerno, Valle Irno)<\/h5>\n\n\n\n<p><strong>di <em>Anna Maria Noia<\/em><\/strong><\/p>\n\n\n\n<p> Il libro \u00e8 uscito per i tipi di \u201cRubbettino\u201d editore. \u00c8 stata proprio l\u2019alacre realt\u00e0, leader nel campo delle professioni sanitarie (soprattutto, ma non soltanto), a ospitare la kermesse incentrata sulla comunicazione istituzionale \u2013 ai nostri tempi. <em>Questo volume, che consta di 208 pagine \u2013 molto dense e appassionate \u2013 raccoglie diversi saggi di altrettanti studiosi di questa meravigliosa disciplina (per l\u2019appunto, la scienza della comunicazione).<\/em> <\/p>\n\n\n\n<div class=\"wp-block-image\"><figure class=\"alignleft size-large is-resized\"><img loading=\"lazy\" decoding=\"async\" src=\"https:\/\/www.istitutogalanteoliva.it\/magazine\/wp-content\/uploads\/2021\/12\/Foto-Anna-Ferrentino-e-Comunicazione-4-dicembre-2021-Noia-1.jpg\" alt=\"\" class=\"wp-image-11057\" width=\"295\" height=\"419\" srcset=\"https:\/\/www.istitutogalanteoliva.it\/magazine\/wp-content\/uploads\/2021\/12\/Foto-Anna-Ferrentino-e-Comunicazione-4-dicembre-2021-Noia-1.jpg 676w, https:\/\/www.istitutogalanteoliva.it\/magazine\/wp-content\/uploads\/2021\/12\/Foto-Anna-Ferrentino-e-Comunicazione-4-dicembre-2021-Noia-1-211x300.jpg 211w\" sizes=\"auto, (max-width: 295px) 100vw, 295px\" \/><\/figure><\/div>\n\n\n\n<p><strong>Il testo \u00e8 stato curato dagli esperti sociologi e\/o cultori di materie afferenti alla pubblica amministrazione Giorgio Ridolfi (universit\u00e0 di Pisa) e Stefano Sepe (docente di Comunicazione Pubblica). Gli elaborati all\u2019interno del libro, invece, sono stati affrontati \u2013 tra gli altri \u2013 da Francesco Tibursi (direttamente dall\u2019ateneo \u201cNiccol\u00f2 Cusano\u201d) e dalla consulente di Comunicazione Istituzionale Anna Ferrentino. Una valente e simpatica studiosa di Bracigliano (in provincia di Salerno), con un ricco e articolato curriculum all\u2019attivo<\/strong>: oltre ad aver lavorato in Rai e\/o vissuto a Roma e anche all\u2019estero (in America o in altri Paesi), la Ferrentino ha scritto saggi di critica cinematografica \u2013 compiendo, contestualmente, studi nei settori artistico; giornalistico nonch\u00e9 socio-pedagogico. Ha conseguito diversi titoli accademici e master, inerenti proprio alla comunicazione politica. <em>Ha inoltre creato dei format nell\u2019ambito della socialit\u00e0 (come l\u2019evento \u201cLa bellezza nell\u2019imperfezione\u201d \u2013 vissuto a S. Severino svariati anni fa; in questo format la Ferrentino sottolinea la sua \u201cdiversit\u00e0\u201d; l\u2019essere differente dai clich\u00e9 consueti della \u201csociet\u00e0 dell\u2019immagine perfetta\u201d).<\/em> Anche il lavoro che emerge dal libro fa parte di un progetto, condiviso poi con gli altri scrittori e studiosi, su tematiche molto attuali; cogenti e sviluppate verso il futuro. <\/p>\n\n\n\n<figure class=\"wp-block-image size-large\"><img loading=\"lazy\" decoding=\"async\" width=\"1024\" height=\"578\" src=\"https:\/\/www.istitutogalanteoliva.it\/magazine\/wp-content\/uploads\/2021\/12\/Foto-Anna-Ferrentino-e-Comunicazione-4-dicembre-2021-Noia-3-1024x578.jpg\" alt=\"\" class=\"wp-image-11058\" srcset=\"https:\/\/www.istitutogalanteoliva.it\/magazine\/wp-content\/uploads\/2021\/12\/Foto-Anna-Ferrentino-e-Comunicazione-4-dicembre-2021-Noia-3-1024x578.jpg 1024w, https:\/\/www.istitutogalanteoliva.it\/magazine\/wp-content\/uploads\/2021\/12\/Foto-Anna-Ferrentino-e-Comunicazione-4-dicembre-2021-Noia-3-300x169.jpg 300w, https:\/\/www.istitutogalanteoliva.it\/magazine\/wp-content\/uploads\/2021\/12\/Foto-Anna-Ferrentino-e-Comunicazione-4-dicembre-2021-Noia-3-768x434.jpg 768w, https:\/\/www.istitutogalanteoliva.it\/magazine\/wp-content\/uploads\/2021\/12\/Foto-Anna-Ferrentino-e-Comunicazione-4-dicembre-2021-Noia-3.jpg 1080w\" sizes=\"auto, (max-width: 1024px) 100vw, 1024px\" \/><\/figure>\n\n\n\n<p><strong>Il 4 dicembre ultimo scorso, ecco dunque la presentazione di tale opera. Tenutasi proprio presso i locali del \u201cCeform\u201d \u2013 a San Severino. Infatti ha espresso i propri indirizzi di saluto un\u2019emozionata e soddisfatta Giovanna Ammaturo \u2013 direttrice dell\u2019ente sanseverinese. Ente che nel tempo ha anche prodotto pubblicazioni\u2026 \u201cin proprio\u201d, grazie anche alla lungimiranza del padre di Giovanna Ammaturo \u2013 il compianto professore universitario (campus di Fisciano\/Salerno) Natale \u2013 e della madre, la dottoressa Luciana Greco. Occorre ricordare che la Ferrentino \u00e8 stata collega e anche amica di Giovanna Ammaturo. Hanno condiviso moltissimi momenti di gioia, ma anche di rabbia e delusione a causa della precariet\u00e0 del mondo del lavoro, oggigiorno. <\/strong>Adesso il \u201cmomento\u201d sembra pi\u00f9 sereno \u2013 se cos\u00ec possiamo affermare. <em>Saluti istituzionali da parte dell\u2019avvocato Vincenzo Scarano, vicesindaco \u2013 in rappresentanza dell\u2019amministrazione comunale sanseverinese. A moderare, il rettore dell\u2019universit\u00e0 \u201cGiustino Fortunato\u201d \u2013 il salernitano Giuseppe Acocella, apprezzato intellettuale delle nostre zone. Quale book review (recensitrice), l\u2019amica e collega della Ferrentino Anna Maria Noia. L\u2019incontro, dal ritmo incalzante e puntuale, si \u00e8 tenuto met\u00e0 \u201cin presenza\u201d e met\u00e0 on line \u2013 tramite il collegamento su un\u2019apposita piattaforma web.<\/em> Sono intervenuti, mediante questa modalit\u00e0, gli autori dei saggi. Interessante e acuta, ironica, la moderazione da parte dello stimato prof Acocella. Che ha provocato, pungolato, tutti gli astanti (il meeting si \u00e8 tenuto secondo le pi\u00f9 recenti normative anti-contagio da Covid 19, con tanto di green pass; possesso di mascherina facciale e controllo istantaneo della temperatura corporea \u2013 all\u2019ingresso) con opportune domande \u201cretoriche\u201d (interrogativi) concentrati sulla vastissima materia della comunicazione pubblica e\/o istituzionale \u2013 intesa in questo XXI secolo \u201cliquido\u201d, denso di social network e portali web\u2026 \u201cpopulistici\u201d. <\/p>\n\n\n\n<figure class=\"wp-block-image size-large\"><img loading=\"lazy\" decoding=\"async\" width=\"1024\" height=\"768\" src=\"https:\/\/www.istitutogalanteoliva.it\/magazine\/wp-content\/uploads\/2021\/12\/Foto-Anna-Ferrentino-e-Comunicazione-4-dicembre-2021-Noia-6-1-1024x768.jpg\" alt=\"\" class=\"wp-image-11060\" srcset=\"https:\/\/www.istitutogalanteoliva.it\/magazine\/wp-content\/uploads\/2021\/12\/Foto-Anna-Ferrentino-e-Comunicazione-4-dicembre-2021-Noia-6-1-1024x768.jpg 1024w, https:\/\/www.istitutogalanteoliva.it\/magazine\/wp-content\/uploads\/2021\/12\/Foto-Anna-Ferrentino-e-Comunicazione-4-dicembre-2021-Noia-6-1-300x225.jpg 300w, https:\/\/www.istitutogalanteoliva.it\/magazine\/wp-content\/uploads\/2021\/12\/Foto-Anna-Ferrentino-e-Comunicazione-4-dicembre-2021-Noia-6-1-768x576.jpg 768w, https:\/\/www.istitutogalanteoliva.it\/magazine\/wp-content\/uploads\/2021\/12\/Foto-Anna-Ferrentino-e-Comunicazione-4-dicembre-2021-Noia-6-1-1536x1152.jpg 1536w, https:\/\/www.istitutogalanteoliva.it\/magazine\/wp-content\/uploads\/2021\/12\/Foto-Anna-Ferrentino-e-Comunicazione-4-dicembre-2021-Noia-6-1.jpg 2000w\" sizes=\"auto, (max-width: 1024px) 100vw, 1024px\" \/><\/figure>\n\n\n\n<p><strong><em>A rendere ancora pi\u00f9 personale e sintetico, stringato, \u201ctwittato\u201d (tra slogan e selfie) il messaggio (politico, amministrativo, istituzionale) dei nostri giorni. Infatti nel volume si analizzano le pi\u00f9 recenti frontiere del linguaggio (non soltanto verbale, anzi: particolarmente legato alla visibilit\u00e0; senza preparazione culturale e\/o competenze \u2013 generali o anche \u201cspecifiche\u201d \u2013 da parte di figure pubbliche e di politici o amministrativi) rapportandosi alle tanto studiate e discusse \u201cmasse\u201d. I populisti, appunto. Che si\u2026 \u201cbevono\u201d gli slogan: le slogan machines \u2013 calembour per slot machines. Le masse, dunque, come epigono della demagogia \u2013 e non pi\u00f9 veicolo di democrazia.<\/em><\/strong> Il \u201cruolo\u201d (vero o presunto, anche \u201cpassivo\u201d) delle masse \u2013 molto care a studiosi quali Tarde e Le Bon, ma soprattutto agli esegeti delle scienze comunicative (dagli anni \u201940 e \u201950, dagli Usa e poi all\u2019Europa e all\u2019Italia) \u2013 \u00e8 nella ricerca analizzato in tutta la sua interezza e distinta tra i momenti fondanti del Fascismo e del Nazismo ma portando il discorso su questi ultimissimi tempi. <strong><em>Tanti i concetti rilevanti sullo spinoso tema della comunicazione; sul rapporto tra il Paese \u201clegale\u201d e quello \u201creale\u201d \u2013 come si suole sempre dire. Ora pi\u00f9 che mai si \u201cavverte\u201d uno scollamento abissale, tra queste realt\u00e0. Il tema, ricco di implicazioni e di spunti \u00e8 stato ben sceverato sia dai relatori \u201cin presenza\u201d che (particolarmente) da quelli collegati via web. Un incontro ben riuscito, davvero. Fondamentale il libro e opportuna la discussione, per coloro che siano appassionati di tale argomento.<\/em><\/strong> Non rivolto, \u00e8 da sottolineare, ai soli \u201ciniziati\u201d che \u2013 magari \u2013 studiano all\u2019universit\u00e0 Scienze della Comunicazione. Si tratta di una tematica che \u2013 invece \u2013 coinvolge ciascun cittadino. Ciascun contribuente. Ognuno di noi, insomma. Infatti la serata ha visto anche tanti interventi \u201cfuori dibattito\u201d. A \u201cscena aperta\u201d. Ogni autore ha esposto un modo differente di trattare questa magmatica materia, veramente incandescente e aperta a mille interrogativi (non soltanto \u201cretorici\u201d \u2013 come nelle provocazioni di Acocella \u2013 di cui e su cui si \u00e8 riflettuto e discusso). <strong>Termini ormai facenti parte del linguaggio comune e \u201cdi tutti i giorni\u201d sono stati soppesati e sviscerati con competenza e perizia, con maestria \u2013 nel corso dell\u2019incontro del 4 dicembre. Tra una relazione e l\u2019altra. Cosa \u00e8 emerso, quindi, di davvero rilevante dal convegno? Tante dissertazioni utili a comprendere tali scienze umane: ad esempio, la Ferrentino ha trattato l\u2019uso e \u201cabuso\u201d delle parole (per l\u2019appunto slogan, motti, logo, cose sintetiche e\/o\u2026 \u201cstriminzite\u201d; tweet o selfie ridotti all\u2019osso). Di pi\u00f9, ella ha parlato della cosiddetta \u201cdisintermediazione\u201d [sic!] nella comunicazione istituzionale odierna.<\/strong> <\/p>\n\n\n\n<div class=\"wp-block-image\"><figure class=\"alignleft size-large is-resized\"><img loading=\"lazy\" decoding=\"async\" src=\"https:\/\/www.istitutogalanteoliva.it\/magazine\/wp-content\/uploads\/2021\/12\/9788849866575_0_536_0_75.jpg\" alt=\"\" class=\"wp-image-11061\" width=\"268\" height=\"416\" srcset=\"https:\/\/www.istitutogalanteoliva.it\/magazine\/wp-content\/uploads\/2021\/12\/9788849866575_0_536_0_75.jpg 536w, https:\/\/www.istitutogalanteoliva.it\/magazine\/wp-content\/uploads\/2021\/12\/9788849866575_0_536_0_75-194x300.jpg 194w\" sizes=\"auto, (max-width: 268px) 100vw, 268px\" \/><\/figure><\/div>\n\n\n\n<p>Ma che cos\u2019\u00e8 questa (benedetta \u2013 o \u201cmaledetta\u201d) disintermediazione? <em>Si tratta di un vocabolo mutuato dall\u2019economia. Per\u00f2 assume una grande importanza nell\u2019ambito comunicativo e\/o informativo: secondo gli esperti, la disintermediazione verte sull\u2019uso dei media \u201cclassici\u201d (ma particolarmente degli attuali e modernissimi ritrovati tecnologici) o non essendo \u201cin rete\u201d (Internet) ma soli, self made men \u2013 o women.<\/em> Tra connessioni e disconnessioni. Nel \u201cvillaggio globale\u201d del \u201cmezzo\/messaggio\u201d. Si ricordi il massmediologo Marshall Mc Luhan. <strong><em>E qui entra &#8211; anche &#8211; in gioco il populismo. Il qualunquismo. Che non \u00e8 pi\u00f9 l\u2019ideologia del \u201cFronte dell\u2019Uomo Qualunque\u201d (o \u201cFuq\u201d), fondato nel 1944 dal giornalista Guglielmo Giannini. Il qualunquismo \u201cmoderno\u201d \u2013 o meglio, se vogliamo, \u201cpostmoderno\u201d \u2013 si basa sulla sola \u201cpercezione\u201d della realt\u00e0: ecco allora il nuovissimo e \u201cpericoloso\u201d concetto di \u201cpost verit\u00e0\u201d oppure \u201cpost truth\u201d. La verit\u00e0 non pi\u00f9 assoluta (in realt\u00e0 non lo \u00e8 mai stata, sempre \u00e8 stata \u201cputativa\u201d \u2013 secondo i dettami del Diritto dell\u2019Informazione e della Comunicazione). Il sentito dire al posto, in luogo della \u201ctestimonianza\u201d.<\/em><\/strong> Tutto \u201ccondito\u201d dalla personalizzazione ad ogni costo, dell\u2019apparire, dell\u2019apparenza. Perch\u00e9 \u2013 \u00e8 emerso, tra molto altro, dal convegno: \u201cla rete (Internet) dimentica, non ricorda\u201d. Questo in quanto i politici un giorno dicono una cosa, il giorno dopo paiono negarla. L\u2019evento, di notevole livello, ha inteso mostrare le opportunit\u00e0 ed i limiti \u2013 al contempo \u2013 delle moderne forme (istituzionalizzate o non) di comunicazione. <em>A creare \u2013 sempre \u2013 consenso e consensi. Ancora tanti gli interrogativi ai quali rispondere, per\u00f2. Un discorso complesso e articolato, che veicola la disinformazione e i comizi (se ne \u00e8 parlato molto) \u201celettronici\u201d. Non densi di cose come quelli di una volta, comizi \u201cpopolari\u201d. All\u2019ombra del \u201cfamilismo amorale\u201d e di tutte le altre criticit\u00e0 della modernissima tecnologia. Per la comunicazione, sempre in fieri e in divenire.<\/em> Anche gli interventi on line sono stati esaurienti e ponderati, ragionati. <strong><em>Chi ha parlato del \u201csensazionalismo\u201d e chi di altro; tutti a spiegare i motivi pi\u00f9 reconditi (i bisogni indotti dalla pubblicit\u00e0 \u2013 sempre meno \u201cadvertising\u201d o \u201cpolicy\u201d, sempre pi\u00f9 \u201cpolitics\u201d) delle dinamiche informative. Tra le concettualizzazioni del \u201ccomplottismo\u201d e la disinformazione. Come quella relativa al Covid: la cosiddetta \u201cinfodemia\u201d \u2013 l\u2019overflow delle informazioni \u201cfluttuanti\u201d sulla pandemia.<\/em><\/strong> Il ruolo delle informazioni stesse, purtroppo, \u00e8 stato ridotto (dagli amministratori della \u201ccosa pubblica\u201d) a <strong>qualcosa di strettamente individuale e individualistico\/individualizzante. Non per niente, durante la dotta kermesse, si \u00e8 parlato (come nel libro) di ciascun esponente politico nell\u2019utilizzo e nella fruizione del \u201cconsenso\u201d mediatico e mediale. Dal testo, ecco spuntare pagine e capitoli interi su Renzi; Berlusconi; Di Maio; la Meloni e Salvini. Visti appunto nella loro singolarit\u00e0.<\/strong> Di ci\u00f2 si \u00e8 dissertato molto. Dopo circa due ore e mezza di meeting \u2013 sebbene gli interventi fossero \u201cstringati\u201d al massimo \u2013 il tutto \u00e8 terminato con tante foto e omaggi floreali. In pi\u00f9, la simpatica idea di regalare piccoli \u201cgadget\u201d (dolciumi) artigianali \u2013 in tema natalizio \u2013 con fette di panettone e quant\u2019altro, ha riscaldato maggiormente il cuore degli avventori. Gi\u00e0 galvanizzati e \u201caccesi\u201d dall\u2019interessante argomento. Si spera che \u2013 sempre nei locali del \u201cCeform\u201d \u2013 possano essere organizzate altre meritevoli (altrettanto) iniziative e kermesse culturali, quanto prima possibile. <em>Voci di corridoio \u201cspifferano\u201d, dicono che potrebbe essere organizzato \u2013 a breve \u2013 un incontro con un famoso romanziere dell\u2019hinterland salernitano. Cos\u2019altro dire? Stay tuned! Rimanete (e rimaniamo) sintonizzati\u2026<\/em><\/p>\n\n\n\n<p class=\"has-text-align-left\"><br><br><img loading=\"lazy\" decoding=\"async\" width=\"100\" height=\"100\" class=\"wp-image-6058\" style=\"width: 100px;\" src=\"https:\/\/www.istitutogalanteoliva.it\/magazine\/wp-content\/uploads\/2021\/03\/Anna-Maria1.jpg\" alt=\"\" srcset=\"https:\/\/www.istitutogalanteoliva.it\/magazine\/wp-content\/uploads\/2021\/03\/Anna-Maria1.jpg 674w, https:\/\/www.istitutogalanteoliva.it\/magazine\/wp-content\/uploads\/2021\/03\/Anna-Maria1-300x300.jpg 300w, https:\/\/www.istitutogalanteoliva.it\/magazine\/wp-content\/uploads\/2021\/03\/Anna-Maria1-150x150.jpg 150w\" sizes=\"auto, (max-width: 100px) 100vw, 100px\" \/>  <em><span class=\"has-inline-color has-vivid-cyan-blue-color\"><strong><a href=\"https:\/\/www.istitutogalanteoliva.it\/magazine\/?s=Anna+Maria+Noia+\" target=\"_blank\" rel=\"noreferrer noopener\">Anna Maria Noia <\/a><\/strong><\/span><\/em><\/p>\n<div class=\"pdfprnt-buttons pdfprnt-buttons-post pdfprnt-bottom-left\"><a href=\"https:\/\/www.istitutogalanteoliva.it\/magazine\/wp-json\/wp\/v2\/posts\/11056?print=print\" class=\"pdfprnt-button pdfprnt-button-print\" target=\"_blank\"><img decoding=\"async\" src=\"https:\/\/www.istitutogalanteoliva.it\/magazine\/wp-content\/plugins\/pdf-print\/images\/print.png\" alt=\"image_print\" title=\"Stampa contenuto\" \/><span class=\"pdfprnt-button-title pdfprnt-button-print-title\">Download in PDF<\/span><\/a><\/div>","protected":false},"excerpt":{"rendered":"<p>Libro sulla comunicazione presentato a Mercato San Severino il 4 dicembre scorso. Grande successo; tra gli autori e i relatori, la salernitana Anna Ferrentino<\/p>\n","protected":false},"author":2,"featured_media":11062,"comment_status":"open","ping_status":"open","sticky":true,"template":"","format":"standard","meta":{"footnotes":""},"categories":[148,8],"tags":[],"class_list":["post-11056","post","type-post","status-publish","format-standard","has-post-thumbnail","hentry","category-148","category-cultura_e_societa"],"yoast_head":"<!-- This site is optimized with the Yoast SEO plugin v24.2 - https:\/\/yoast.com\/wordpress\/plugins\/seo\/ -->\n<title>\u201cSlogan machines. La comunicazione politica nell\u2019era del populismo\u201d, presentato a Mercato San Severino (SA) - Polis SA Magazine<\/title>\n<meta name=\"robots\" content=\"index, follow, max-snippet:-1, max-image-preview:large, max-video-preview:-1\" \/>\n<link rel=\"canonical\" href=\"https:\/\/www.istitutogalanteoliva.it\/magazine\/2021\/12\/13\/slogan-machines-la-comunicazione-politica-nellera-del-populismo-presentato-a-mercato-san-severino-sa\/\" \/>\n<meta property=\"og:locale\" content=\"it_IT\" \/>\n<meta property=\"og:type\" content=\"article\" \/>\n<meta property=\"og:title\" content=\"\u201cSlogan machines. La comunicazione politica nell\u2019era del populismo\u201d, presentato a Mercato San Severino (SA) - Polis SA Magazine\" \/>\n<meta property=\"og:description\" content=\"Libro sulla comunicazione presentato a Mercato San Severino il 4 dicembre scorso. Grande successo; tra gli autori e i relatori, la salernitana Anna Ferrentino\" \/>\n<meta property=\"og:url\" content=\"https:\/\/www.istitutogalanteoliva.it\/magazine\/2021\/12\/13\/slogan-machines-la-comunicazione-politica-nellera-del-populismo-presentato-a-mercato-san-severino-sa\/\" \/>\n<meta property=\"og:site_name\" content=\"Polis SA Magazine\" \/>\n<meta property=\"article:publisher\" content=\"https:\/\/www.facebook.com\/PolisSAMagazine\/\" \/>\n<meta property=\"article:published_time\" content=\"2021-12-13T07:00:00+00:00\" \/>\n<meta property=\"article:modified_time\" content=\"2021-12-13T08:11:34+00:00\" \/>\n<meta property=\"og:image\" content=\"https:\/\/www.istitutogalanteoliva.it\/magazine\/wp-content\/uploads\/2021\/12\/Senza-titolo-1-6.jpg\" \/>\n\t<meta property=\"og:image:width\" content=\"640\" \/>\n\t<meta property=\"og:image:height\" content=\"380\" \/>\n\t<meta property=\"og:image:type\" content=\"image\/jpeg\" \/>\n<meta name=\"author\" content=\"Antonello Rivano\" \/>\n<meta name=\"twitter:card\" content=\"summary_large_image\" \/>\n<meta name=\"twitter:creator\" content=\"@MagazinePolis\" \/>\n<meta name=\"twitter:site\" content=\"@MagazinePolis\" \/>\n<meta name=\"twitter:label1\" content=\"Scritto da\" \/>\n\t<meta name=\"twitter:data1\" content=\"Antonello Rivano\" \/>\n\t<meta name=\"twitter:label2\" content=\"Tempo di lettura stimato\" \/>\n\t<meta name=\"twitter:data2\" content=\"8 minuti\" \/>\n<script type=\"application\/ld+json\" class=\"yoast-schema-graph\">{\"@context\":\"https:\/\/schema.org\",\"@graph\":[{\"@type\":\"Article\",\"@id\":\"https:\/\/www.istitutogalanteoliva.it\/magazine\/2021\/12\/13\/slogan-machines-la-comunicazione-politica-nellera-del-populismo-presentato-a-mercato-san-severino-sa\/#article\",\"isPartOf\":{\"@id\":\"https:\/\/www.istitutogalanteoliva.it\/magazine\/2021\/12\/13\/slogan-machines-la-comunicazione-politica-nellera-del-populismo-presentato-a-mercato-san-severino-sa\/\"},\"author\":{\"name\":\"Antonello Rivano\",\"@id\":\"https:\/\/www.istitutogalanteoliva.it\/magazine\/#\/schema\/person\/d8b8aa79cfe8babc1df9da3212a7c0c4\"},\"headline\":\"\u201cSlogan machines. La comunicazione politica nell\u2019era del populismo\u201d, presentato a Mercato San Severino (SA)\",\"datePublished\":\"2021-12-13T07:00:00+00:00\",\"dateModified\":\"2021-12-13T08:11:34+00:00\",\"mainEntityOfPage\":{\"@id\":\"https:\/\/www.istitutogalanteoliva.it\/magazine\/2021\/12\/13\/slogan-machines-la-comunicazione-politica-nellera-del-populismo-presentato-a-mercato-san-severino-sa\/\"},\"wordCount\":1542,\"commentCount\":0,\"publisher\":{\"@id\":\"https:\/\/www.istitutogalanteoliva.it\/magazine\/#organization\"},\"image\":{\"@id\":\"https:\/\/www.istitutogalanteoliva.it\/magazine\/2021\/12\/13\/slogan-machines-la-comunicazione-politica-nellera-del-populismo-presentato-a-mercato-san-severino-sa\/#primaryimage\"},\"thumbnailUrl\":\"https:\/\/www.istitutogalanteoliva.it\/magazine\/wp-content\/uploads\/2021\/12\/Senza-titolo-1-6.jpg\",\"articleSection\":[\"2021\",\"Cultura e Societ\u00e0\"],\"inLanguage\":\"it-IT\",\"potentialAction\":[{\"@type\":\"CommentAction\",\"name\":\"Comment\",\"target\":[\"https:\/\/www.istitutogalanteoliva.it\/magazine\/2021\/12\/13\/slogan-machines-la-comunicazione-politica-nellera-del-populismo-presentato-a-mercato-san-severino-sa\/#respond\"]}]},{\"@type\":\"WebPage\",\"@id\":\"https:\/\/www.istitutogalanteoliva.it\/magazine\/2021\/12\/13\/slogan-machines-la-comunicazione-politica-nellera-del-populismo-presentato-a-mercato-san-severino-sa\/\",\"url\":\"https:\/\/www.istitutogalanteoliva.it\/magazine\/2021\/12\/13\/slogan-machines-la-comunicazione-politica-nellera-del-populismo-presentato-a-mercato-san-severino-sa\/\",\"name\":\"\u201cSlogan machines. La comunicazione politica nell\u2019era del populismo\u201d, presentato a Mercato San Severino (SA) - Polis SA Magazine\",\"isPartOf\":{\"@id\":\"https:\/\/www.istitutogalanteoliva.it\/magazine\/#website\"},\"primaryImageOfPage\":{\"@id\":\"https:\/\/www.istitutogalanteoliva.it\/magazine\/2021\/12\/13\/slogan-machines-la-comunicazione-politica-nellera-del-populismo-presentato-a-mercato-san-severino-sa\/#primaryimage\"},\"image\":{\"@id\":\"https:\/\/www.istitutogalanteoliva.it\/magazine\/2021\/12\/13\/slogan-machines-la-comunicazione-politica-nellera-del-populismo-presentato-a-mercato-san-severino-sa\/#primaryimage\"},\"thumbnailUrl\":\"https:\/\/www.istitutogalanteoliva.it\/magazine\/wp-content\/uploads\/2021\/12\/Senza-titolo-1-6.jpg\",\"datePublished\":\"2021-12-13T07:00:00+00:00\",\"dateModified\":\"2021-12-13T08:11:34+00:00\",\"breadcrumb\":{\"@id\":\"https:\/\/www.istitutogalanteoliva.it\/magazine\/2021\/12\/13\/slogan-machines-la-comunicazione-politica-nellera-del-populismo-presentato-a-mercato-san-severino-sa\/#breadcrumb\"},\"inLanguage\":\"it-IT\",\"potentialAction\":[{\"@type\":\"ReadAction\",\"target\":[\"https:\/\/www.istitutogalanteoliva.it\/magazine\/2021\/12\/13\/slogan-machines-la-comunicazione-politica-nellera-del-populismo-presentato-a-mercato-san-severino-sa\/\"]}]},{\"@type\":\"ImageObject\",\"inLanguage\":\"it-IT\",\"@id\":\"https:\/\/www.istitutogalanteoliva.it\/magazine\/2021\/12\/13\/slogan-machines-la-comunicazione-politica-nellera-del-populismo-presentato-a-mercato-san-severino-sa\/#primaryimage\",\"url\":\"https:\/\/www.istitutogalanteoliva.it\/magazine\/wp-content\/uploads\/2021\/12\/Senza-titolo-1-6.jpg\",\"contentUrl\":\"https:\/\/www.istitutogalanteoliva.it\/magazine\/wp-content\/uploads\/2021\/12\/Senza-titolo-1-6.jpg\",\"width\":640,\"height\":380},{\"@type\":\"BreadcrumbList\",\"@id\":\"https:\/\/www.istitutogalanteoliva.it\/magazine\/2021\/12\/13\/slogan-machines-la-comunicazione-politica-nellera-del-populismo-presentato-a-mercato-san-severino-sa\/#breadcrumb\",\"itemListElement\":[{\"@type\":\"ListItem\",\"position\":1,\"name\":\"Home\",\"item\":\"https:\/\/www.istitutogalanteoliva.it\/magazine\/\"},{\"@type\":\"ListItem\",\"position\":2,\"name\":\"\u201cSlogan machines. La comunicazione politica nell\u2019era del populismo\u201d, presentato a Mercato San Severino (SA)\"}]},{\"@type\":\"WebSite\",\"@id\":\"https:\/\/www.istitutogalanteoliva.it\/magazine\/#website\",\"url\":\"https:\/\/www.istitutogalanteoliva.it\/magazine\/\",\"name\":\"POLIS SA MAGAZINE\",\"description\":\"Informazione e approfondimenti\",\"publisher\":{\"@id\":\"https:\/\/www.istitutogalanteoliva.it\/magazine\/#organization\"},\"potentialAction\":[{\"@type\":\"SearchAction\",\"target\":{\"@type\":\"EntryPoint\",\"urlTemplate\":\"https:\/\/www.istitutogalanteoliva.it\/magazine\/?s={search_term_string}\"},\"query-input\":{\"@type\":\"PropertyValueSpecification\",\"valueRequired\":true,\"valueName\":\"search_term_string\"}}],\"inLanguage\":\"it-IT\"},{\"@type\":\"Organization\",\"@id\":\"https:\/\/www.istitutogalanteoliva.it\/magazine\/#organization\",\"name\":\"Polis SA Magazine\",\"url\":\"https:\/\/www.istitutogalanteoliva.it\/magazine\/\",\"logo\":{\"@type\":\"ImageObject\",\"inLanguage\":\"it-IT\",\"@id\":\"https:\/\/www.istitutogalanteoliva.it\/magazine\/#\/schema\/logo\/image\/\",\"url\":\"\",\"contentUrl\":\"\",\"caption\":\"Polis SA Magazine\"},\"image\":{\"@id\":\"https:\/\/www.istitutogalanteoliva.it\/magazine\/#\/schema\/logo\/image\/\"},\"sameAs\":[\"https:\/\/www.facebook.com\/PolisSAMagazine\/\",\"https:\/\/x.com\/MagazinePolis\",\"https:\/\/www.youtube.com\/channel\/UCv0Mr5AHKUmsc0sEEXkJrgw\"]},{\"@type\":\"Person\",\"@id\":\"https:\/\/www.istitutogalanteoliva.it\/magazine\/#\/schema\/person\/d8b8aa79cfe8babc1df9da3212a7c0c4\",\"name\":\"Antonello Rivano\",\"image\":{\"@type\":\"ImageObject\",\"inLanguage\":\"it-IT\",\"@id\":\"https:\/\/www.istitutogalanteoliva.it\/magazine\/#\/schema\/person\/image\/\",\"url\":\"https:\/\/secure.gravatar.com\/avatar\/517a9a6487a7a18ecc4ce6d2e57a8f40?s=96&d=mm&r=g\",\"contentUrl\":\"https:\/\/secure.gravatar.com\/avatar\/517a9a6487a7a18ecc4ce6d2e57a8f40?s=96&d=mm&r=g\",\"caption\":\"Antonello Rivano\"},\"url\":\"https:\/\/www.istitutogalanteoliva.it\/magazine\/author\/antonello\/\"}]}<\/script>\n<!-- \/ Yoast SEO plugin. -->","yoast_head_json":{"title":"\u201cSlogan machines. La comunicazione politica nell\u2019era del populismo\u201d, presentato a Mercato San Severino (SA) - Polis SA Magazine","robots":{"index":"index","follow":"follow","max-snippet":"max-snippet:-1","max-image-preview":"max-image-preview:large","max-video-preview":"max-video-preview:-1"},"canonical":"https:\/\/www.istitutogalanteoliva.it\/magazine\/2021\/12\/13\/slogan-machines-la-comunicazione-politica-nellera-del-populismo-presentato-a-mercato-san-severino-sa\/","og_locale":"it_IT","og_type":"article","og_title":"\u201cSlogan machines. La comunicazione politica nell\u2019era del populismo\u201d, presentato a Mercato San Severino (SA) - Polis SA Magazine","og_description":"Libro sulla comunicazione presentato a Mercato San Severino il 4 dicembre scorso. Grande successo; tra gli autori e i relatori, la salernitana Anna Ferrentino","og_url":"https:\/\/www.istitutogalanteoliva.it\/magazine\/2021\/12\/13\/slogan-machines-la-comunicazione-politica-nellera-del-populismo-presentato-a-mercato-san-severino-sa\/","og_site_name":"Polis SA Magazine","article_publisher":"https:\/\/www.facebook.com\/PolisSAMagazine\/","article_published_time":"2021-12-13T07:00:00+00:00","article_modified_time":"2021-12-13T08:11:34+00:00","og_image":[{"width":640,"height":380,"url":"https:\/\/www.istitutogalanteoliva.it\/magazine\/wp-content\/uploads\/2021\/12\/Senza-titolo-1-6.jpg","type":"image\/jpeg"}],"author":"Antonello Rivano","twitter_card":"summary_large_image","twitter_creator":"@MagazinePolis","twitter_site":"@MagazinePolis","twitter_misc":{"Scritto da":"Antonello Rivano","Tempo di lettura stimato":"8 minuti"},"schema":{"@context":"https:\/\/schema.org","@graph":[{"@type":"Article","@id":"https:\/\/www.istitutogalanteoliva.it\/magazine\/2021\/12\/13\/slogan-machines-la-comunicazione-politica-nellera-del-populismo-presentato-a-mercato-san-severino-sa\/#article","isPartOf":{"@id":"https:\/\/www.istitutogalanteoliva.it\/magazine\/2021\/12\/13\/slogan-machines-la-comunicazione-politica-nellera-del-populismo-presentato-a-mercato-san-severino-sa\/"},"author":{"name":"Antonello Rivano","@id":"https:\/\/www.istitutogalanteoliva.it\/magazine\/#\/schema\/person\/d8b8aa79cfe8babc1df9da3212a7c0c4"},"headline":"\u201cSlogan machines. La comunicazione politica nell\u2019era del populismo\u201d, presentato a Mercato San Severino (SA)","datePublished":"2021-12-13T07:00:00+00:00","dateModified":"2021-12-13T08:11:34+00:00","mainEntityOfPage":{"@id":"https:\/\/www.istitutogalanteoliva.it\/magazine\/2021\/12\/13\/slogan-machines-la-comunicazione-politica-nellera-del-populismo-presentato-a-mercato-san-severino-sa\/"},"wordCount":1542,"commentCount":0,"publisher":{"@id":"https:\/\/www.istitutogalanteoliva.it\/magazine\/#organization"},"image":{"@id":"https:\/\/www.istitutogalanteoliva.it\/magazine\/2021\/12\/13\/slogan-machines-la-comunicazione-politica-nellera-del-populismo-presentato-a-mercato-san-severino-sa\/#primaryimage"},"thumbnailUrl":"https:\/\/www.istitutogalanteoliva.it\/magazine\/wp-content\/uploads\/2021\/12\/Senza-titolo-1-6.jpg","articleSection":["2021","Cultura e Societ\u00e0"],"inLanguage":"it-IT","potentialAction":[{"@type":"CommentAction","name":"Comment","target":["https:\/\/www.istitutogalanteoliva.it\/magazine\/2021\/12\/13\/slogan-machines-la-comunicazione-politica-nellera-del-populismo-presentato-a-mercato-san-severino-sa\/#respond"]}]},{"@type":"WebPage","@id":"https:\/\/www.istitutogalanteoliva.it\/magazine\/2021\/12\/13\/slogan-machines-la-comunicazione-politica-nellera-del-populismo-presentato-a-mercato-san-severino-sa\/","url":"https:\/\/www.istitutogalanteoliva.it\/magazine\/2021\/12\/13\/slogan-machines-la-comunicazione-politica-nellera-del-populismo-presentato-a-mercato-san-severino-sa\/","name":"\u201cSlogan machines. La comunicazione politica nell\u2019era del populismo\u201d, presentato a Mercato San Severino (SA) - Polis SA Magazine","isPartOf":{"@id":"https:\/\/www.istitutogalanteoliva.it\/magazine\/#website"},"primaryImageOfPage":{"@id":"https:\/\/www.istitutogalanteoliva.it\/magazine\/2021\/12\/13\/slogan-machines-la-comunicazione-politica-nellera-del-populismo-presentato-a-mercato-san-severino-sa\/#primaryimage"},"image":{"@id":"https:\/\/www.istitutogalanteoliva.it\/magazine\/2021\/12\/13\/slogan-machines-la-comunicazione-politica-nellera-del-populismo-presentato-a-mercato-san-severino-sa\/#primaryimage"},"thumbnailUrl":"https:\/\/www.istitutogalanteoliva.it\/magazine\/wp-content\/uploads\/2021\/12\/Senza-titolo-1-6.jpg","datePublished":"2021-12-13T07:00:00+00:00","dateModified":"2021-12-13T08:11:34+00:00","breadcrumb":{"@id":"https:\/\/www.istitutogalanteoliva.it\/magazine\/2021\/12\/13\/slogan-machines-la-comunicazione-politica-nellera-del-populismo-presentato-a-mercato-san-severino-sa\/#breadcrumb"},"inLanguage":"it-IT","potentialAction":[{"@type":"ReadAction","target":["https:\/\/www.istitutogalanteoliva.it\/magazine\/2021\/12\/13\/slogan-machines-la-comunicazione-politica-nellera-del-populismo-presentato-a-mercato-san-severino-sa\/"]}]},{"@type":"ImageObject","inLanguage":"it-IT","@id":"https:\/\/www.istitutogalanteoliva.it\/magazine\/2021\/12\/13\/slogan-machines-la-comunicazione-politica-nellera-del-populismo-presentato-a-mercato-san-severino-sa\/#primaryimage","url":"https:\/\/www.istitutogalanteoliva.it\/magazine\/wp-content\/uploads\/2021\/12\/Senza-titolo-1-6.jpg","contentUrl":"https:\/\/www.istitutogalanteoliva.it\/magazine\/wp-content\/uploads\/2021\/12\/Senza-titolo-1-6.jpg","width":640,"height":380},{"@type":"BreadcrumbList","@id":"https:\/\/www.istitutogalanteoliva.it\/magazine\/2021\/12\/13\/slogan-machines-la-comunicazione-politica-nellera-del-populismo-presentato-a-mercato-san-severino-sa\/#breadcrumb","itemListElement":[{"@type":"ListItem","position":1,"name":"Home","item":"https:\/\/www.istitutogalanteoliva.it\/magazine\/"},{"@type":"ListItem","position":2,"name":"\u201cSlogan machines. La comunicazione politica nell\u2019era del populismo\u201d, presentato a Mercato San Severino (SA)"}]},{"@type":"WebSite","@id":"https:\/\/www.istitutogalanteoliva.it\/magazine\/#website","url":"https:\/\/www.istitutogalanteoliva.it\/magazine\/","name":"POLIS SA MAGAZINE","description":"Informazione e approfondimenti","publisher":{"@id":"https:\/\/www.istitutogalanteoliva.it\/magazine\/#organization"},"potentialAction":[{"@type":"SearchAction","target":{"@type":"EntryPoint","urlTemplate":"https:\/\/www.istitutogalanteoliva.it\/magazine\/?s={search_term_string}"},"query-input":{"@type":"PropertyValueSpecification","valueRequired":true,"valueName":"search_term_string"}}],"inLanguage":"it-IT"},{"@type":"Organization","@id":"https:\/\/www.istitutogalanteoliva.it\/magazine\/#organization","name":"Polis SA Magazine","url":"https:\/\/www.istitutogalanteoliva.it\/magazine\/","logo":{"@type":"ImageObject","inLanguage":"it-IT","@id":"https:\/\/www.istitutogalanteoliva.it\/magazine\/#\/schema\/logo\/image\/","url":"","contentUrl":"","caption":"Polis SA Magazine"},"image":{"@id":"https:\/\/www.istitutogalanteoliva.it\/magazine\/#\/schema\/logo\/image\/"},"sameAs":["https:\/\/www.facebook.com\/PolisSAMagazine\/","https:\/\/x.com\/MagazinePolis","https:\/\/www.youtube.com\/channel\/UCv0Mr5AHKUmsc0sEEXkJrgw"]},{"@type":"Person","@id":"https:\/\/www.istitutogalanteoliva.it\/magazine\/#\/schema\/person\/d8b8aa79cfe8babc1df9da3212a7c0c4","name":"Antonello Rivano","image":{"@type":"ImageObject","inLanguage":"it-IT","@id":"https:\/\/www.istitutogalanteoliva.it\/magazine\/#\/schema\/person\/image\/","url":"https:\/\/secure.gravatar.com\/avatar\/517a9a6487a7a18ecc4ce6d2e57a8f40?s=96&d=mm&r=g","contentUrl":"https:\/\/secure.gravatar.com\/avatar\/517a9a6487a7a18ecc4ce6d2e57a8f40?s=96&d=mm&r=g","caption":"Antonello Rivano"},"url":"https:\/\/www.istitutogalanteoliva.it\/magazine\/author\/antonello\/"}]}},"_links":{"self":[{"href":"https:\/\/www.istitutogalanteoliva.it\/magazine\/wp-json\/wp\/v2\/posts\/11056","targetHints":{"allow":["GET"]}}],"collection":[{"href":"https:\/\/www.istitutogalanteoliva.it\/magazine\/wp-json\/wp\/v2\/posts"}],"about":[{"href":"https:\/\/www.istitutogalanteoliva.it\/magazine\/wp-json\/wp\/v2\/types\/post"}],"author":[{"embeddable":true,"href":"https:\/\/www.istitutogalanteoliva.it\/magazine\/wp-json\/wp\/v2\/users\/2"}],"replies":[{"embeddable":true,"href":"https:\/\/www.istitutogalanteoliva.it\/magazine\/wp-json\/wp\/v2\/comments?post=11056"}],"version-history":[{"count":3,"href":"https:\/\/www.istitutogalanteoliva.it\/magazine\/wp-json\/wp\/v2\/posts\/11056\/revisions"}],"predecessor-version":[{"id":11078,"href":"https:\/\/www.istitutogalanteoliva.it\/magazine\/wp-json\/wp\/v2\/posts\/11056\/revisions\/11078"}],"wp:featuredmedia":[{"embeddable":true,"href":"https:\/\/www.istitutogalanteoliva.it\/magazine\/wp-json\/wp\/v2\/media\/11062"}],"wp:attachment":[{"href":"https:\/\/www.istitutogalanteoliva.it\/magazine\/wp-json\/wp\/v2\/media?parent=11056"}],"wp:term":[{"taxonomy":"category","embeddable":true,"href":"https:\/\/www.istitutogalanteoliva.it\/magazine\/wp-json\/wp\/v2\/categories?post=11056"},{"taxonomy":"post_tag","embeddable":true,"href":"https:\/\/www.istitutogalanteoliva.it\/magazine\/wp-json\/wp\/v2\/tags?post=11056"}],"curies":[{"name":"wp","href":"https:\/\/api.w.org\/{rel}","templated":true}]}}