{"id":11079,"date":"2021-12-14T08:00:00","date_gmt":"2021-12-14T07:00:00","guid":{"rendered":"https:\/\/www.istitutogalanteoliva.it\/magazine\/?p=11079"},"modified":"2021-12-14T08:42:43","modified_gmt":"2021-12-14T07:42:43","slug":"benemerenza-civica-citta-di-cava-detirreni-al-maestro-adriano-ferraiolo-figli","status":"publish","type":"post","link":"https:\/\/www.istitutogalanteoliva.it\/magazine\/2021\/12\/14\/benemerenza-civica-citta-di-cava-detirreni-al-maestro-adriano-ferraiolo-figli\/","title":{"rendered":"Benemerenza civica Citt\u00e0 di Cava de&#8217;Tirreni al maestro Adriano Ferraiolo &#038; figli."},"content":{"rendered":"\n<p>&nbsp;&nbsp;&nbsp;&nbsp; Una vita con il teatro di figura animando voce e movimenti con i suoi burattini. \u00c8 una tradizione che si tramanda da padre a figlio d\u00e0 162 anni, la famiglia Ferraiolo \u00e8 testimone indiscussa a livello mondiale del teatro dei burattini.&nbsp; <\/p>\n\n\n\n<p>Adriano ha ereditato l&#8217;arte dal nonno e pap\u00e0 Francesco,&nbsp; una responsabilit\u00e0 ch\u00e9 continua nel futuro, grazie ai figli e nipoti.&nbsp; Il segreto \u00e8 l\u00e0 passione, rimasto eterno ragazzo grazie alla sua gente ch\u00e9&nbsp; d\u00e0 tanti anni si ritrova in Piazza Lentini a Cava de&#8217;Tirreni, per applaudire e assistere agli spettacoli, intere generazioni testimoni negli anni di questa elevata cultura tradizionale. <\/p>\n\n\n\n<figure class=\"wp-block-image size-large is-resized\"><img loading=\"lazy\" decoding=\"async\" src=\"https:\/\/www.istitutogalanteoliva.it\/magazine\/wp-content\/uploads\/2021\/12\/IMG-20211124-WA0052.jpg\" alt=\"\" class=\"wp-image-11081\" width=\"480\" height=\"285\" srcset=\"https:\/\/www.istitutogalanteoliva.it\/magazine\/wp-content\/uploads\/2021\/12\/IMG-20211124-WA0052.jpg 640w, https:\/\/www.istitutogalanteoliva.it\/magazine\/wp-content\/uploads\/2021\/12\/IMG-20211124-WA0052-300x178.jpg 300w\" sizes=\"auto, (max-width: 480px) 100vw, 480px\" \/><\/figure>\n\n\n\n<p><\/p>\n\n\n\n<p>Siamo finalmente felici, di annunciare che il Sindaco Dr.Vincenzo Servalli e tutta l&#8217;amministrazione Comunale della Citt\u00e0 di Cava de&#8217;Tirreni, consegner\u00e0 in data 16 dicembre 21&#8242; ore 17, presso l&#8217;aula consiliare Sabato Martelli Castaldi, l\u00e0 Benemerenza Civica al Cav. Adriano Ferraiolo, un grande riconoscimento alla straordinaria carriera, diffusa in ogni angolo di citt\u00e0, erede e ambasciatore indiscusso di quest&#8217;arte, dopo Battipaglia, Crotone, Calvanico, Eboli e Cassino, conquista un&#8217; altro trofeo costruito con l\u00e0 famiglia gli amici e il suo popolo. <\/p>\n\n\n\n<figure class=\"wp-block-image size-large is-resized\"><img loading=\"lazy\" decoding=\"async\" src=\"https:\/\/www.istitutogalanteoliva.it\/magazine\/wp-content\/uploads\/2021\/12\/IMG_20211210_161951.jpg\" alt=\"\" class=\"wp-image-11082\" width=\"480\" height=\"285\" srcset=\"https:\/\/www.istitutogalanteoliva.it\/magazine\/wp-content\/uploads\/2021\/12\/IMG_20211210_161951.jpg 640w, https:\/\/www.istitutogalanteoliva.it\/magazine\/wp-content\/uploads\/2021\/12\/IMG_20211210_161951-300x178.jpg 300w\" sizes=\"auto, (max-width: 480px) 100vw, 480px\" \/><\/figure>\n\n\n\n<p>Una dinastia antica al mondo, burattinai campani d\u00e0 sei generazioni, cresciuti con pulcinella e compagni un legame forte, come il profumo delle caramelle, croccanti diffuse ogni sera in piazza d&#8217;estate. <\/p>\n\n\n\n<p>Il maestro Adriano Ferraiolo ringrazia il Sindaco e tutta la Citt\u00e0 di Cava de&#8217;Tirreni dando appuntamento alla prossima estate in luglio quando dedicher\u00e0 alla cittadinanza Cavese, uno spettacolo di burattini gratuito in onore dell&#8217;affetto e stima ch\u00e9 dura nel tempo.&nbsp;&nbsp; Siete tutti invitati.&nbsp; Auguri ai lettori di buone feste natalizie<\/p>\n\n\n\n<p>&nbsp;&nbsp; <strong><em>Patrizia Albiani<\/em><\/strong><\/p>\n\n\n\n<p>SALERNO 11\/12\/2021<\/p>\n<div class=\"pdfprnt-buttons pdfprnt-buttons-post pdfprnt-bottom-left\"><a href=\"https:\/\/www.istitutogalanteoliva.it\/magazine\/wp-json\/wp\/v2\/posts\/11079?print=print\" class=\"pdfprnt-button pdfprnt-button-print\" target=\"_blank\"><img decoding=\"async\" src=\"https:\/\/www.istitutogalanteoliva.it\/magazine\/wp-content\/plugins\/pdf-print\/images\/print.png\" alt=\"image_print\" title=\"Stampa contenuto\" \/><span class=\"pdfprnt-button-title pdfprnt-button-print-title\">Download in PDF<\/span><\/a><\/div>","protected":false},"excerpt":{"rendered":"<p>Giovedi 16 dicembre l&#8217;amministrazione comunale di Cava d\u00e8Tirreni consegner\u00e0  l\u00e0 Benemerenza Civica al Cav. Adriano Ferraiolo<\/p>\n","protected":false},"author":2,"featured_media":11084,"comment_status":"open","ping_status":"open","sticky":true,"template":"","format":"standard","meta":{"footnotes":""},"categories":[148,7],"tags":[558,557],"class_list":["post-11079","post","type-post","status-publish","format-standard","has-post-thumbnail","hentry","category-148","category-arte_e_spettacolo","tag-adriano-ferraiolo","tag-cava-de-tirreni"],"yoast_head":"<!-- This site is optimized with the Yoast SEO plugin v24.2 - https:\/\/yoast.com\/wordpress\/plugins\/seo\/ -->\n<title>Benemerenza civica Citt\u00e0 di Cava de&#039;Tirreni al maestro Adriano Ferraiolo &amp; figli. - Polis SA Magazine<\/title>\n<meta name=\"robots\" content=\"index, follow, max-snippet:-1, max-image-preview:large, max-video-preview:-1\" \/>\n<link rel=\"canonical\" href=\"https:\/\/www.istitutogalanteoliva.it\/magazine\/2021\/12\/14\/benemerenza-civica-citta-di-cava-detirreni-al-maestro-adriano-ferraiolo-figli\/\" \/>\n<meta property=\"og:locale\" content=\"it_IT\" \/>\n<meta property=\"og:type\" content=\"article\" \/>\n<meta property=\"og:title\" content=\"Benemerenza civica Citt\u00e0 di Cava de&#039;Tirreni al maestro Adriano Ferraiolo &amp; figli. - Polis SA Magazine\" \/>\n<meta property=\"og:description\" content=\"Giovedi 16 dicembre l&#039;amministrazione comunale di Cava d\u00e8Tirreni consegner\u00e0 l\u00e0 Benemerenza Civica al Cav. Adriano Ferraiolo\" \/>\n<meta property=\"og:url\" content=\"https:\/\/www.istitutogalanteoliva.it\/magazine\/2021\/12\/14\/benemerenza-civica-citta-di-cava-detirreni-al-maestro-adriano-ferraiolo-figli\/\" \/>\n<meta property=\"og:site_name\" content=\"Polis SA Magazine\" \/>\n<meta property=\"article:publisher\" content=\"https:\/\/www.facebook.com\/PolisSAMagazine\/\" \/>\n<meta property=\"article:published_time\" content=\"2021-12-14T07:00:00+00:00\" \/>\n<meta property=\"article:modified_time\" content=\"2021-12-14T07:42:43+00:00\" \/>\n<meta property=\"og:image\" content=\"https:\/\/www.istitutogalanteoliva.it\/magazine\/wp-content\/uploads\/2021\/12\/IMG-20211210-WA0061.jpg\" \/>\n\t<meta property=\"og:image:width\" content=\"640\" \/>\n\t<meta property=\"og:image:height\" content=\"380\" \/>\n\t<meta property=\"og:image:type\" content=\"image\/jpeg\" \/>\n<meta name=\"author\" content=\"Antonello Rivano\" \/>\n<meta name=\"twitter:card\" content=\"summary_large_image\" \/>\n<meta name=\"twitter:creator\" content=\"@MagazinePolis\" \/>\n<meta name=\"twitter:site\" content=\"@MagazinePolis\" \/>\n<meta name=\"twitter:label1\" content=\"Scritto da\" \/>\n\t<meta name=\"twitter:data1\" content=\"Antonello Rivano\" \/>\n\t<meta name=\"twitter:label2\" content=\"Tempo di lettura stimato\" \/>\n\t<meta name=\"twitter:data2\" content=\"1 minuto\" \/>\n<script type=\"application\/ld+json\" class=\"yoast-schema-graph\">{\"@context\":\"https:\/\/schema.org\",\"@graph\":[{\"@type\":\"Article\",\"@id\":\"https:\/\/www.istitutogalanteoliva.it\/magazine\/2021\/12\/14\/benemerenza-civica-citta-di-cava-detirreni-al-maestro-adriano-ferraiolo-figli\/#article\",\"isPartOf\":{\"@id\":\"https:\/\/www.istitutogalanteoliva.it\/magazine\/2021\/12\/14\/benemerenza-civica-citta-di-cava-detirreni-al-maestro-adriano-ferraiolo-figli\/\"},\"author\":{\"name\":\"Antonello Rivano\",\"@id\":\"https:\/\/www.istitutogalanteoliva.it\/magazine\/#\/schema\/person\/d8b8aa79cfe8babc1df9da3212a7c0c4\"},\"headline\":\"Benemerenza civica Citt\u00e0 di Cava de&#8217;Tirreni al maestro Adriano Ferraiolo &#038; figli.\",\"datePublished\":\"2021-12-14T07:00:00+00:00\",\"dateModified\":\"2021-12-14T07:42:43+00:00\",\"mainEntityOfPage\":{\"@id\":\"https:\/\/www.istitutogalanteoliva.it\/magazine\/2021\/12\/14\/benemerenza-civica-citta-di-cava-detirreni-al-maestro-adriano-ferraiolo-figli\/\"},\"wordCount\":282,\"commentCount\":0,\"publisher\":{\"@id\":\"https:\/\/www.istitutogalanteoliva.it\/magazine\/#organization\"},\"image\":{\"@id\":\"https:\/\/www.istitutogalanteoliva.it\/magazine\/2021\/12\/14\/benemerenza-civica-citta-di-cava-detirreni-al-maestro-adriano-ferraiolo-figli\/#primaryimage\"},\"thumbnailUrl\":\"https:\/\/www.istitutogalanteoliva.it\/magazine\/wp-content\/uploads\/2021\/12\/IMG-20211210-WA0061.jpg\",\"keywords\":[\"Adriano Ferraiolo\",\"cava d\u00e8 Tirreni\"],\"articleSection\":[\"2021\",\"Arte e Spettacolo\"],\"inLanguage\":\"it-IT\",\"potentialAction\":[{\"@type\":\"CommentAction\",\"name\":\"Comment\",\"target\":[\"https:\/\/www.istitutogalanteoliva.it\/magazine\/2021\/12\/14\/benemerenza-civica-citta-di-cava-detirreni-al-maestro-adriano-ferraiolo-figli\/#respond\"]}]},{\"@type\":\"WebPage\",\"@id\":\"https:\/\/www.istitutogalanteoliva.it\/magazine\/2021\/12\/14\/benemerenza-civica-citta-di-cava-detirreni-al-maestro-adriano-ferraiolo-figli\/\",\"url\":\"https:\/\/www.istitutogalanteoliva.it\/magazine\/2021\/12\/14\/benemerenza-civica-citta-di-cava-detirreni-al-maestro-adriano-ferraiolo-figli\/\",\"name\":\"Benemerenza civica Citt\u00e0 di Cava de'Tirreni al maestro Adriano Ferraiolo & figli. - Polis SA Magazine\",\"isPartOf\":{\"@id\":\"https:\/\/www.istitutogalanteoliva.it\/magazine\/#website\"},\"primaryImageOfPage\":{\"@id\":\"https:\/\/www.istitutogalanteoliva.it\/magazine\/2021\/12\/14\/benemerenza-civica-citta-di-cava-detirreni-al-maestro-adriano-ferraiolo-figli\/#primaryimage\"},\"image\":{\"@id\":\"https:\/\/www.istitutogalanteoliva.it\/magazine\/2021\/12\/14\/benemerenza-civica-citta-di-cava-detirreni-al-maestro-adriano-ferraiolo-figli\/#primaryimage\"},\"thumbnailUrl\":\"https:\/\/www.istitutogalanteoliva.it\/magazine\/wp-content\/uploads\/2021\/12\/IMG-20211210-WA0061.jpg\",\"datePublished\":\"2021-12-14T07:00:00+00:00\",\"dateModified\":\"2021-12-14T07:42:43+00:00\",\"breadcrumb\":{\"@id\":\"https:\/\/www.istitutogalanteoliva.it\/magazine\/2021\/12\/14\/benemerenza-civica-citta-di-cava-detirreni-al-maestro-adriano-ferraiolo-figli\/#breadcrumb\"},\"inLanguage\":\"it-IT\",\"potentialAction\":[{\"@type\":\"ReadAction\",\"target\":[\"https:\/\/www.istitutogalanteoliva.it\/magazine\/2021\/12\/14\/benemerenza-civica-citta-di-cava-detirreni-al-maestro-adriano-ferraiolo-figli\/\"]}]},{\"@type\":\"ImageObject\",\"inLanguage\":\"it-IT\",\"@id\":\"https:\/\/www.istitutogalanteoliva.it\/magazine\/2021\/12\/14\/benemerenza-civica-citta-di-cava-detirreni-al-maestro-adriano-ferraiolo-figli\/#primaryimage\",\"url\":\"https:\/\/www.istitutogalanteoliva.it\/magazine\/wp-content\/uploads\/2021\/12\/IMG-20211210-WA0061.jpg\",\"contentUrl\":\"https:\/\/www.istitutogalanteoliva.it\/magazine\/wp-content\/uploads\/2021\/12\/IMG-20211210-WA0061.jpg\",\"width\":640,\"height\":380},{\"@type\":\"BreadcrumbList\",\"@id\":\"https:\/\/www.istitutogalanteoliva.it\/magazine\/2021\/12\/14\/benemerenza-civica-citta-di-cava-detirreni-al-maestro-adriano-ferraiolo-figli\/#breadcrumb\",\"itemListElement\":[{\"@type\":\"ListItem\",\"position\":1,\"name\":\"Home\",\"item\":\"https:\/\/www.istitutogalanteoliva.it\/magazine\/\"},{\"@type\":\"ListItem\",\"position\":2,\"name\":\"Benemerenza civica Citt\u00e0 di Cava de&#8217;Tirreni al maestro Adriano Ferraiolo &#038; figli.\"}]},{\"@type\":\"WebSite\",\"@id\":\"https:\/\/www.istitutogalanteoliva.it\/magazine\/#website\",\"url\":\"https:\/\/www.istitutogalanteoliva.it\/magazine\/\",\"name\":\"POLIS SA MAGAZINE\",\"description\":\"Informazione e approfondimenti\",\"publisher\":{\"@id\":\"https:\/\/www.istitutogalanteoliva.it\/magazine\/#organization\"},\"potentialAction\":[{\"@type\":\"SearchAction\",\"target\":{\"@type\":\"EntryPoint\",\"urlTemplate\":\"https:\/\/www.istitutogalanteoliva.it\/magazine\/?s={search_term_string}\"},\"query-input\":{\"@type\":\"PropertyValueSpecification\",\"valueRequired\":true,\"valueName\":\"search_term_string\"}}],\"inLanguage\":\"it-IT\"},{\"@type\":\"Organization\",\"@id\":\"https:\/\/www.istitutogalanteoliva.it\/magazine\/#organization\",\"name\":\"Polis SA Magazine\",\"url\":\"https:\/\/www.istitutogalanteoliva.it\/magazine\/\",\"logo\":{\"@type\":\"ImageObject\",\"inLanguage\":\"it-IT\",\"@id\":\"https:\/\/www.istitutogalanteoliva.it\/magazine\/#\/schema\/logo\/image\/\",\"url\":\"\",\"contentUrl\":\"\",\"caption\":\"Polis SA Magazine\"},\"image\":{\"@id\":\"https:\/\/www.istitutogalanteoliva.it\/magazine\/#\/schema\/logo\/image\/\"},\"sameAs\":[\"https:\/\/www.facebook.com\/PolisSAMagazine\/\",\"https:\/\/x.com\/MagazinePolis\",\"https:\/\/www.youtube.com\/channel\/UCv0Mr5AHKUmsc0sEEXkJrgw\"]},{\"@type\":\"Person\",\"@id\":\"https:\/\/www.istitutogalanteoliva.it\/magazine\/#\/schema\/person\/d8b8aa79cfe8babc1df9da3212a7c0c4\",\"name\":\"Antonello Rivano\",\"image\":{\"@type\":\"ImageObject\",\"inLanguage\":\"it-IT\",\"@id\":\"https:\/\/www.istitutogalanteoliva.it\/magazine\/#\/schema\/person\/image\/\",\"url\":\"https:\/\/secure.gravatar.com\/avatar\/517a9a6487a7a18ecc4ce6d2e57a8f40?s=96&d=mm&r=g\",\"contentUrl\":\"https:\/\/secure.gravatar.com\/avatar\/517a9a6487a7a18ecc4ce6d2e57a8f40?s=96&d=mm&r=g\",\"caption\":\"Antonello Rivano\"},\"url\":\"https:\/\/www.istitutogalanteoliva.it\/magazine\/author\/antonello\/\"}]}<\/script>\n<!-- \/ Yoast SEO plugin. -->","yoast_head_json":{"title":"Benemerenza civica Citt\u00e0 di Cava de'Tirreni al maestro Adriano Ferraiolo & figli. - Polis SA Magazine","robots":{"index":"index","follow":"follow","max-snippet":"max-snippet:-1","max-image-preview":"max-image-preview:large","max-video-preview":"max-video-preview:-1"},"canonical":"https:\/\/www.istitutogalanteoliva.it\/magazine\/2021\/12\/14\/benemerenza-civica-citta-di-cava-detirreni-al-maestro-adriano-ferraiolo-figli\/","og_locale":"it_IT","og_type":"article","og_title":"Benemerenza civica Citt\u00e0 di Cava de'Tirreni al maestro Adriano Ferraiolo & figli. - Polis SA Magazine","og_description":"Giovedi 16 dicembre l'amministrazione comunale di Cava d\u00e8Tirreni consegner\u00e0 l\u00e0 Benemerenza Civica al Cav. Adriano Ferraiolo","og_url":"https:\/\/www.istitutogalanteoliva.it\/magazine\/2021\/12\/14\/benemerenza-civica-citta-di-cava-detirreni-al-maestro-adriano-ferraiolo-figli\/","og_site_name":"Polis SA Magazine","article_publisher":"https:\/\/www.facebook.com\/PolisSAMagazine\/","article_published_time":"2021-12-14T07:00:00+00:00","article_modified_time":"2021-12-14T07:42:43+00:00","og_image":[{"width":640,"height":380,"url":"https:\/\/www.istitutogalanteoliva.it\/magazine\/wp-content\/uploads\/2021\/12\/IMG-20211210-WA0061.jpg","type":"image\/jpeg"}],"author":"Antonello Rivano","twitter_card":"summary_large_image","twitter_creator":"@MagazinePolis","twitter_site":"@MagazinePolis","twitter_misc":{"Scritto da":"Antonello Rivano","Tempo di lettura stimato":"1 minuto"},"schema":{"@context":"https:\/\/schema.org","@graph":[{"@type":"Article","@id":"https:\/\/www.istitutogalanteoliva.it\/magazine\/2021\/12\/14\/benemerenza-civica-citta-di-cava-detirreni-al-maestro-adriano-ferraiolo-figli\/#article","isPartOf":{"@id":"https:\/\/www.istitutogalanteoliva.it\/magazine\/2021\/12\/14\/benemerenza-civica-citta-di-cava-detirreni-al-maestro-adriano-ferraiolo-figli\/"},"author":{"name":"Antonello Rivano","@id":"https:\/\/www.istitutogalanteoliva.it\/magazine\/#\/schema\/person\/d8b8aa79cfe8babc1df9da3212a7c0c4"},"headline":"Benemerenza civica Citt\u00e0 di Cava de&#8217;Tirreni al maestro Adriano Ferraiolo &#038; figli.","datePublished":"2021-12-14T07:00:00+00:00","dateModified":"2021-12-14T07:42:43+00:00","mainEntityOfPage":{"@id":"https:\/\/www.istitutogalanteoliva.it\/magazine\/2021\/12\/14\/benemerenza-civica-citta-di-cava-detirreni-al-maestro-adriano-ferraiolo-figli\/"},"wordCount":282,"commentCount":0,"publisher":{"@id":"https:\/\/www.istitutogalanteoliva.it\/magazine\/#organization"},"image":{"@id":"https:\/\/www.istitutogalanteoliva.it\/magazine\/2021\/12\/14\/benemerenza-civica-citta-di-cava-detirreni-al-maestro-adriano-ferraiolo-figli\/#primaryimage"},"thumbnailUrl":"https:\/\/www.istitutogalanteoliva.it\/magazine\/wp-content\/uploads\/2021\/12\/IMG-20211210-WA0061.jpg","keywords":["Adriano Ferraiolo","cava d\u00e8 Tirreni"],"articleSection":["2021","Arte e Spettacolo"],"inLanguage":"it-IT","potentialAction":[{"@type":"CommentAction","name":"Comment","target":["https:\/\/www.istitutogalanteoliva.it\/magazine\/2021\/12\/14\/benemerenza-civica-citta-di-cava-detirreni-al-maestro-adriano-ferraiolo-figli\/#respond"]}]},{"@type":"WebPage","@id":"https:\/\/www.istitutogalanteoliva.it\/magazine\/2021\/12\/14\/benemerenza-civica-citta-di-cava-detirreni-al-maestro-adriano-ferraiolo-figli\/","url":"https:\/\/www.istitutogalanteoliva.it\/magazine\/2021\/12\/14\/benemerenza-civica-citta-di-cava-detirreni-al-maestro-adriano-ferraiolo-figli\/","name":"Benemerenza civica Citt\u00e0 di Cava de'Tirreni al maestro Adriano Ferraiolo & figli. - Polis SA Magazine","isPartOf":{"@id":"https:\/\/www.istitutogalanteoliva.it\/magazine\/#website"},"primaryImageOfPage":{"@id":"https:\/\/www.istitutogalanteoliva.it\/magazine\/2021\/12\/14\/benemerenza-civica-citta-di-cava-detirreni-al-maestro-adriano-ferraiolo-figli\/#primaryimage"},"image":{"@id":"https:\/\/www.istitutogalanteoliva.it\/magazine\/2021\/12\/14\/benemerenza-civica-citta-di-cava-detirreni-al-maestro-adriano-ferraiolo-figli\/#primaryimage"},"thumbnailUrl":"https:\/\/www.istitutogalanteoliva.it\/magazine\/wp-content\/uploads\/2021\/12\/IMG-20211210-WA0061.jpg","datePublished":"2021-12-14T07:00:00+00:00","dateModified":"2021-12-14T07:42:43+00:00","breadcrumb":{"@id":"https:\/\/www.istitutogalanteoliva.it\/magazine\/2021\/12\/14\/benemerenza-civica-citta-di-cava-detirreni-al-maestro-adriano-ferraiolo-figli\/#breadcrumb"},"inLanguage":"it-IT","potentialAction":[{"@type":"ReadAction","target":["https:\/\/www.istitutogalanteoliva.it\/magazine\/2021\/12\/14\/benemerenza-civica-citta-di-cava-detirreni-al-maestro-adriano-ferraiolo-figli\/"]}]},{"@type":"ImageObject","inLanguage":"it-IT","@id":"https:\/\/www.istitutogalanteoliva.it\/magazine\/2021\/12\/14\/benemerenza-civica-citta-di-cava-detirreni-al-maestro-adriano-ferraiolo-figli\/#primaryimage","url":"https:\/\/www.istitutogalanteoliva.it\/magazine\/wp-content\/uploads\/2021\/12\/IMG-20211210-WA0061.jpg","contentUrl":"https:\/\/www.istitutogalanteoliva.it\/magazine\/wp-content\/uploads\/2021\/12\/IMG-20211210-WA0061.jpg","width":640,"height":380},{"@type":"BreadcrumbList","@id":"https:\/\/www.istitutogalanteoliva.it\/magazine\/2021\/12\/14\/benemerenza-civica-citta-di-cava-detirreni-al-maestro-adriano-ferraiolo-figli\/#breadcrumb","itemListElement":[{"@type":"ListItem","position":1,"name":"Home","item":"https:\/\/www.istitutogalanteoliva.it\/magazine\/"},{"@type":"ListItem","position":2,"name":"Benemerenza civica Citt\u00e0 di Cava de&#8217;Tirreni al maestro Adriano Ferraiolo &#038; figli."}]},{"@type":"WebSite","@id":"https:\/\/www.istitutogalanteoliva.it\/magazine\/#website","url":"https:\/\/www.istitutogalanteoliva.it\/magazine\/","name":"POLIS SA MAGAZINE","description":"Informazione e approfondimenti","publisher":{"@id":"https:\/\/www.istitutogalanteoliva.it\/magazine\/#organization"},"potentialAction":[{"@type":"SearchAction","target":{"@type":"EntryPoint","urlTemplate":"https:\/\/www.istitutogalanteoliva.it\/magazine\/?s={search_term_string}"},"query-input":{"@type":"PropertyValueSpecification","valueRequired":true,"valueName":"search_term_string"}}],"inLanguage":"it-IT"},{"@type":"Organization","@id":"https:\/\/www.istitutogalanteoliva.it\/magazine\/#organization","name":"Polis SA Magazine","url":"https:\/\/www.istitutogalanteoliva.it\/magazine\/","logo":{"@type":"ImageObject","inLanguage":"it-IT","@id":"https:\/\/www.istitutogalanteoliva.it\/magazine\/#\/schema\/logo\/image\/","url":"","contentUrl":"","caption":"Polis SA Magazine"},"image":{"@id":"https:\/\/www.istitutogalanteoliva.it\/magazine\/#\/schema\/logo\/image\/"},"sameAs":["https:\/\/www.facebook.com\/PolisSAMagazine\/","https:\/\/x.com\/MagazinePolis","https:\/\/www.youtube.com\/channel\/UCv0Mr5AHKUmsc0sEEXkJrgw"]},{"@type":"Person","@id":"https:\/\/www.istitutogalanteoliva.it\/magazine\/#\/schema\/person\/d8b8aa79cfe8babc1df9da3212a7c0c4","name":"Antonello Rivano","image":{"@type":"ImageObject","inLanguage":"it-IT","@id":"https:\/\/www.istitutogalanteoliva.it\/magazine\/#\/schema\/person\/image\/","url":"https:\/\/secure.gravatar.com\/avatar\/517a9a6487a7a18ecc4ce6d2e57a8f40?s=96&d=mm&r=g","contentUrl":"https:\/\/secure.gravatar.com\/avatar\/517a9a6487a7a18ecc4ce6d2e57a8f40?s=96&d=mm&r=g","caption":"Antonello Rivano"},"url":"https:\/\/www.istitutogalanteoliva.it\/magazine\/author\/antonello\/"}]}},"_links":{"self":[{"href":"https:\/\/www.istitutogalanteoliva.it\/magazine\/wp-json\/wp\/v2\/posts\/11079","targetHints":{"allow":["GET"]}}],"collection":[{"href":"https:\/\/www.istitutogalanteoliva.it\/magazine\/wp-json\/wp\/v2\/posts"}],"about":[{"href":"https:\/\/www.istitutogalanteoliva.it\/magazine\/wp-json\/wp\/v2\/types\/post"}],"author":[{"embeddable":true,"href":"https:\/\/www.istitutogalanteoliva.it\/magazine\/wp-json\/wp\/v2\/users\/2"}],"replies":[{"embeddable":true,"href":"https:\/\/www.istitutogalanteoliva.it\/magazine\/wp-json\/wp\/v2\/comments?post=11079"}],"version-history":[{"count":3,"href":"https:\/\/www.istitutogalanteoliva.it\/magazine\/wp-json\/wp\/v2\/posts\/11079\/revisions"}],"predecessor-version":[{"id":11094,"href":"https:\/\/www.istitutogalanteoliva.it\/magazine\/wp-json\/wp\/v2\/posts\/11079\/revisions\/11094"}],"wp:featuredmedia":[{"embeddable":true,"href":"https:\/\/www.istitutogalanteoliva.it\/magazine\/wp-json\/wp\/v2\/media\/11084"}],"wp:attachment":[{"href":"https:\/\/www.istitutogalanteoliva.it\/magazine\/wp-json\/wp\/v2\/media?parent=11079"}],"wp:term":[{"taxonomy":"category","embeddable":true,"href":"https:\/\/www.istitutogalanteoliva.it\/magazine\/wp-json\/wp\/v2\/categories?post=11079"},{"taxonomy":"post_tag","embeddable":true,"href":"https:\/\/www.istitutogalanteoliva.it\/magazine\/wp-json\/wp\/v2\/tags?post=11079"}],"curies":[{"name":"wp","href":"https:\/\/api.w.org\/{rel}","templated":true}]}}