{"id":11107,"date":"2021-12-15T08:00:00","date_gmt":"2021-12-15T07:00:00","guid":{"rendered":"https:\/\/www.istitutogalanteoliva.it\/magazine\/?p=11107"},"modified":"2021-12-30T16:45:50","modified_gmt":"2021-12-30T15:45:50","slug":"ditelo-a-mamma-e-papa-riparte-uno-spazio-dedicato-al-sostegno-piscologico-e-pedagocico-a-isernia","status":"publish","type":"post","link":"https:\/\/www.istitutogalanteoliva.it\/magazine\/2021\/12\/15\/ditelo-a-mamma-e-papa-riparte-uno-spazio-dedicato-al-sostegno-piscologico-e-pedagocico-a-isernia\/","title":{"rendered":"&#8220;Ditelo a mamma e pap\u00e0&#8221;, riparte uno spazio dedicato al sostegno piscologico e pedagocico a Isernia"},"content":{"rendered":"\n<h5 class=\"wp-block-heading\"> Il centro, inaugurato nel centro storico isernino in corso Marcelli n. 148, offre diversi servizi che rispondono alle varie esigenze delle famiglie.<\/h5>\n\n\n\n<p><strong>di <em>Silvia De Cristofaro<\/em><\/strong><\/p>\n\n\n\n<p>Con l\u2019intenzione di riprendere a fornire dei servizi di assistenza ai cittadini che garantiscano la professionalit\u00e0 nei campi&nbsp; degli interventi educativi, delle difficolt\u00e0 di apprendimento, del sostegno alla genitorialit\u00e0, la cooperativa sociale \u201cLa Terza I\u201d in collaborazione con l\u2019associazione culturale Kamaeira inaugura la riattivazione della sede di corso Marcelli nel centro storico ad Isernia che il gioved\u00ec ed il sabato rimarr\u00e0 a disposizione di chi vorr\u00e0 informarsi sulle proposte offerte da professionisti che valuteranno i diversi bisogni e le necessit\u00e0&nbsp; delle famiglie che vorranno rivolgersi al centro.&nbsp;<\/p>\n\n\n\n<p> Lo spazio garantir\u00e0, quindi, un servizio di pubblico sostegno con la finalit\u00e0 di proporre innanzitutto un sostegno pedagogico e psicologico al cittadino grazie a personale specializzato che illustrer\u00e0 i diversi programmi previsti. \u201cNido dei genitori\u201d prevede un supporto nella programmazione e nella realizzazione di interventi sull\u2019educazione alla genitorialit\u00e0: il servizio consiste nel fornire sostegno agli adulti che hanno difficolt\u00e0 nel ruolo di genitore. Il programma mira, con l\u2019organizzazione di colloqui personalizzati, a comprendere la relazione con i propri figli per far s\u00ec che venga ritrovato un dialogo con i propri figli analizzando le diverse situazioni, il professionista che accompagner\u00e0 il genitore ad orientarsi in maniera pi\u00f9 idonea nel mondo infantile ed adolescenziale analizzer\u00e0 le problematiche del caso per poi proporre un percorso che l\u2019adulto affronter\u00e0 all\u2019interno del proprio nucleo familiare. <\/p>\n\n\n\n<figure class=\"wp-block-image size-large is-resized\"><img loading=\"lazy\" decoding=\"async\" src=\"https:\/\/www.istitutogalanteoliva.it\/magazine\/wp-content\/uploads\/2021\/12\/15-3.jpg\" alt=\"\" class=\"wp-image-11109\" width=\"480\" height=\"285\" srcset=\"https:\/\/www.istitutogalanteoliva.it\/magazine\/wp-content\/uploads\/2021\/12\/15-3.jpg 640w, https:\/\/www.istitutogalanteoliva.it\/magazine\/wp-content\/uploads\/2021\/12\/15-3-300x178.jpg 300w\" sizes=\"auto, (max-width: 480px) 100vw, 480px\" \/><\/figure>\n\n\n\n<p>Simile progetto \u00e8 <strong><em>\u201cPromessi genitori<\/em><\/strong>\u201d che consiste nell\u2019organizzazione di incontri di formazione ed informazione sullo sviluppo della genitorialit\u00e0. L\u2019idea \u00e8 quella di migliorare le dinamiche familiari, quando nasce un figlio, per avviare una strategia che sostenga il cammino dei neo genitori fornendo delle competenze educative che possano offrire strumenti conoscitivi per una maggiore comprensione del figlio e dei suoi bisogni. In caso di problematiche, il centro servizi de \u201cLa Terza I\u201d offre un ulteriore programma d\u2019intervento che prende il nome di \u201cTu mi (dis)turbi\u201d: che consiste in interventi sulle difficolt\u00e0 di apprendimento con la messa a disposizione di tutor Dsa. Il disturbo specifico di apprendimento \u00e8 una condizione in cui un bambino od un ragazzo hanno difficolt\u00e0 nell\u2019apprendimento, anche scolastico. <\/p>\n\n\n\n<p>Ed attuare degli interventi significa migliorare e potenziare le abilit\u00e0 cognitive permettendo al bambino od al ragazzo di acquisire consapevolezza delle proprie capacit\u00e0. Il tutor Dsa \u00e8 in grado di analizzare in maniera approfondita una situazione specifica per poi intervenire formulando strategie didattiche di aiuto per un\u2019adeguata formazione dello studente. Con una giusta competenza \u00e8 possibile guidare bambini e ragazzi ad acquisire un metodo di studio efficace che consenta anche di accrescere l\u2019autonomia e soprattutto l\u2019autostima nel&nbsp; bambino o nel ragazzo che affronta queste difficolt\u00e0. Sulla scia di questa programmazione di interventi a favore dei pi\u00f9 piccini, la cooperativa isernina offre l\u2019ulteriore servizio di animazione pedagogica e di \u201cPronto tata\u201d : con l\u2019impiego di metodi e tecniche ludico-espressive, \u00e8 possibile coniugare educazione ed istruzione includendo il gioco come strumento per apprendere le regole e sviluppare le potenzialit\u00e0 dei bambini in fase di crescita.<\/p>\n\n\n\n<figure class=\"wp-block-image size-large is-resized\"><img loading=\"lazy\" decoding=\"async\" src=\"https:\/\/www.istitutogalanteoliva.it\/magazine\/wp-content\/uploads\/2021\/12\/15-3-1.jpg\" alt=\"\" class=\"wp-image-11110\" width=\"480\" height=\"285\" srcset=\"https:\/\/www.istitutogalanteoliva.it\/magazine\/wp-content\/uploads\/2021\/12\/15-3-1.jpg 640w, https:\/\/www.istitutogalanteoliva.it\/magazine\/wp-content\/uploads\/2021\/12\/15-3-1-300x178.jpg 300w\" sizes=\"auto, (max-width: 480px) 100vw, 480px\" \/><\/figure>\n\n\n\n<p> Il metodo dell\u2019animazione educativa sta nell\u2019organizzare azioni mirate ad accrescere la creativit\u00e0, la responsabilit\u00e0, la consapevolezza dei bambini e dei ragazzi per far emergere le potenzialit\u00e0 di ciascuno. Con \u201cPronto tata\u201d si intende invece fornire educatrici di prima infanzia a servizio di genitori per impegni improvvisi o pi\u00f9 duraturi. La cooperativa destiner\u00e0 uno spazio anche al confronto tra donne con l\u2019intenzione di creare una rete che faccia emergere i diversi bisogni che girano intorno all\u2019universo femminile utilizzando il dialogo. <\/p>\n\n\n\n<p>Attivare un progetto che sia basato sulla partecipazione di donne che necessitano di ritrovare un proprio equilibrio per ricostruire la propria identit\u00e0 contro qualsiasi forma di discriminazione \u00e8 ci\u00f2 che proporr\u00e0 \u201cLa Terza I\u201d che allarga le sue proposte anche con l\u2019organizzazione di eventi culturali, enogastronomici e di promozione sociale che arricchiranno le iniziative proposte nella nostra regione.<\/p>\n\n\n\n<figure class=\"wp-block-image size-large is-resized\"><img loading=\"lazy\" decoding=\"async\" src=\"https:\/\/www.istitutogalanteoliva.it\/magazine\/wp-content\/uploads\/2021\/12\/15-5.jpg\" alt=\"\" class=\"wp-image-11111\" width=\"480\" height=\"285\" srcset=\"https:\/\/www.istitutogalanteoliva.it\/magazine\/wp-content\/uploads\/2021\/12\/15-5.jpg 640w, https:\/\/www.istitutogalanteoliva.it\/magazine\/wp-content\/uploads\/2021\/12\/15-5-300x178.jpg 300w\" sizes=\"auto, (max-width: 480px) 100vw, 480px\" \/><\/figure>\n\n\n\n<p>Per informazioni sui servisti proposti \u00e8 possibile contattare sia la cooperativa La Terza I (che ha la sua sede isernina in via Farinacci n.11) che l\u2019associazione culturale Kamaeira ai numeri 388\/0732785 e 335\/1004841 o scrivere all\u2019e-mail <a href=\"mailto:asskamaeira@gmail.com\">asskamaeira@gmail.com<\/a> o <a href=\"mailto:laterzaiimpresasociale@gmail.com\">laterzaiimpresasociale@gmail.com<\/a>&nbsp; La sede dello spazio per Servizi Famiglie \u00e8 in corso Marcelli n.148 ad Isernia.<\/p>\n\n\n\n<p><img loading=\"lazy\" decoding=\"async\" width=\"100\" height=\"100\" class=\"wp-image-6462\" style=\"width: 100px;\" src=\"https:\/\/www.istitutogalanteoliva.it\/magazine\/wp-content\/uploads\/2021\/03\/Silvia-1.jpg\" alt=\"\" srcset=\"https:\/\/www.istitutogalanteoliva.it\/magazine\/wp-content\/uploads\/2021\/03\/Silvia-1.jpg 480w, https:\/\/www.istitutogalanteoliva.it\/magazine\/wp-content\/uploads\/2021\/03\/Silvia-1-300x300.jpg 300w, https:\/\/www.istitutogalanteoliva.it\/magazine\/wp-content\/uploads\/2021\/03\/Silvia-1-150x150.jpg 150w\" sizes=\"auto, (max-width: 100px) 100vw, 100px\" \/><em><strong><a href=\"https:\/\/www.istitutogalanteoliva.it\/magazine\/?s=silvia+de+cristofaro\" target=\"_blank\" rel=\"noreferrer noopener\">Silvia De Cristofaro<\/a><\/strong><\/em><br><strong><em><sup>Vicecoordinatore Nazionale di redazione\/Coordinatrice Centro Italia<\/sup><\/em><\/strong><br><\/p>\n\n\n\n<p><\/p>\n\n\n\n<p><\/p>\n<div class=\"pdfprnt-buttons pdfprnt-buttons-post pdfprnt-bottom-left\"><a href=\"https:\/\/www.istitutogalanteoliva.it\/magazine\/wp-json\/wp\/v2\/posts\/11107?print=print\" class=\"pdfprnt-button pdfprnt-button-print\" target=\"_blank\"><img decoding=\"async\" src=\"https:\/\/www.istitutogalanteoliva.it\/magazine\/wp-content\/plugins\/pdf-print\/images\/print.png\" alt=\"image_print\" title=\"Stampa contenuto\" \/><span class=\"pdfprnt-button-title pdfprnt-button-print-title\">Download in PDF<\/span><\/a><\/div>","protected":false},"excerpt":{"rendered":"<p> \u201cDitelo a mamma e pap\u00e0\u201d: \u00e8 il programma dei servizi alle famiglie che la cooperativa impresa sociale \u201cLa Terza I\u201d ad Isernia, in collaborazione con l\u2019associazione culturale Kamaeira, ripropone con la riapertura dello spazio dedicato al sostegno psicologico e pedagogico.<\/p>\n","protected":false},"author":2,"featured_media":11108,"comment_status":"open","ping_status":"open","sticky":true,"template":"","format":"standard","meta":{"footnotes":""},"categories":[148,284,22],"tags":[],"class_list":["post-11107","post","type-post","status-publish","format-standard","has-post-thumbnail","hentry","category-148","category-molise","category-societa"],"yoast_head":"<!-- This site is optimized with the Yoast SEO plugin v24.2 - https:\/\/yoast.com\/wordpress\/plugins\/seo\/ -->\n<title>&quot;Ditelo a mamma e pap\u00e0&quot;, riparte uno spazio dedicato al sostegno piscologico e pedagocico a Isernia - Polis SA Magazine<\/title>\n<meta name=\"description\" content=\"Titolo: \u201cDitelo a mamma e pap\u00e0\u201d: \u00e8 il programma dei servizi alle famiglie che la cooperativa impresa sociale \u201cLa Terza I\u201d ad Isernia\" \/>\n<meta name=\"robots\" content=\"index, follow, max-snippet:-1, max-image-preview:large, max-video-preview:-1\" \/>\n<link rel=\"canonical\" href=\"https:\/\/www.istitutogalanteoliva.it\/magazine\/2021\/12\/15\/ditelo-a-mamma-e-papa-riparte-uno-spazio-dedicato-al-sostegno-piscologico-e-pedagocico-a-isernia\/\" \/>\n<meta property=\"og:locale\" content=\"it_IT\" \/>\n<meta property=\"og:type\" content=\"article\" \/>\n<meta property=\"og:title\" content=\"&quot;Ditelo a mamma e pap\u00e0&quot;, riparte uno spazio dedicato al sostegno piscologico e pedagocico a Isernia - Polis SA Magazine\" \/>\n<meta property=\"og:description\" content=\"Titolo: \u201cDitelo a mamma e pap\u00e0\u201d: \u00e8 il programma dei servizi alle famiglie che la cooperativa impresa sociale \u201cLa Terza I\u201d ad Isernia\" \/>\n<meta property=\"og:url\" content=\"https:\/\/www.istitutogalanteoliva.it\/magazine\/2021\/12\/15\/ditelo-a-mamma-e-papa-riparte-uno-spazio-dedicato-al-sostegno-piscologico-e-pedagocico-a-isernia\/\" \/>\n<meta property=\"og:site_name\" content=\"Polis SA Magazine\" \/>\n<meta property=\"article:publisher\" content=\"https:\/\/www.facebook.com\/PolisSAMagazine\/\" \/>\n<meta property=\"article:published_time\" content=\"2021-12-15T07:00:00+00:00\" \/>\n<meta property=\"article:modified_time\" content=\"2021-12-30T15:45:50+00:00\" \/>\n<meta property=\"og:image\" content=\"https:\/\/www.istitutogalanteoliva.it\/magazine\/wp-content\/uploads\/2021\/12\/15.jpg\" \/>\n\t<meta property=\"og:image:width\" content=\"640\" \/>\n\t<meta property=\"og:image:height\" content=\"380\" \/>\n\t<meta property=\"og:image:type\" content=\"image\/jpeg\" \/>\n<meta name=\"author\" content=\"Antonello Rivano\" \/>\n<meta name=\"twitter:card\" content=\"summary_large_image\" \/>\n<meta name=\"twitter:creator\" content=\"@MagazinePolis\" \/>\n<meta name=\"twitter:site\" content=\"@MagazinePolis\" \/>\n<meta name=\"twitter:label1\" content=\"Scritto da\" \/>\n\t<meta name=\"twitter:data1\" content=\"Antonello Rivano\" \/>\n\t<meta name=\"twitter:label2\" content=\"Tempo di lettura stimato\" \/>\n\t<meta name=\"twitter:data2\" content=\"4 minuti\" \/>\n<script type=\"application\/ld+json\" class=\"yoast-schema-graph\">{\"@context\":\"https:\/\/schema.org\",\"@graph\":[{\"@type\":\"Article\",\"@id\":\"https:\/\/www.istitutogalanteoliva.it\/magazine\/2021\/12\/15\/ditelo-a-mamma-e-papa-riparte-uno-spazio-dedicato-al-sostegno-piscologico-e-pedagocico-a-isernia\/#article\",\"isPartOf\":{\"@id\":\"https:\/\/www.istitutogalanteoliva.it\/magazine\/2021\/12\/15\/ditelo-a-mamma-e-papa-riparte-uno-spazio-dedicato-al-sostegno-piscologico-e-pedagocico-a-isernia\/\"},\"author\":{\"name\":\"Antonello Rivano\",\"@id\":\"https:\/\/www.istitutogalanteoliva.it\/magazine\/#\/schema\/person\/d8b8aa79cfe8babc1df9da3212a7c0c4\"},\"headline\":\"&#8220;Ditelo a mamma e pap\u00e0&#8221;, riparte uno spazio dedicato al sostegno piscologico e pedagocico a Isernia\",\"datePublished\":\"2021-12-15T07:00:00+00:00\",\"dateModified\":\"2021-12-30T15:45:50+00:00\",\"mainEntityOfPage\":{\"@id\":\"https:\/\/www.istitutogalanteoliva.it\/magazine\/2021\/12\/15\/ditelo-a-mamma-e-papa-riparte-uno-spazio-dedicato-al-sostegno-piscologico-e-pedagocico-a-isernia\/\"},\"wordCount\":731,\"commentCount\":0,\"publisher\":{\"@id\":\"https:\/\/www.istitutogalanteoliva.it\/magazine\/#organization\"},\"image\":{\"@id\":\"https:\/\/www.istitutogalanteoliva.it\/magazine\/2021\/12\/15\/ditelo-a-mamma-e-papa-riparte-uno-spazio-dedicato-al-sostegno-piscologico-e-pedagocico-a-isernia\/#primaryimage\"},\"thumbnailUrl\":\"https:\/\/www.istitutogalanteoliva.it\/magazine\/wp-content\/uploads\/2021\/12\/15.jpg\",\"articleSection\":[\"2021\",\"Molise\",\"Societ\u00e0\"],\"inLanguage\":\"it-IT\",\"potentialAction\":[{\"@type\":\"CommentAction\",\"name\":\"Comment\",\"target\":[\"https:\/\/www.istitutogalanteoliva.it\/magazine\/2021\/12\/15\/ditelo-a-mamma-e-papa-riparte-uno-spazio-dedicato-al-sostegno-piscologico-e-pedagocico-a-isernia\/#respond\"]}]},{\"@type\":\"WebPage\",\"@id\":\"https:\/\/www.istitutogalanteoliva.it\/magazine\/2021\/12\/15\/ditelo-a-mamma-e-papa-riparte-uno-spazio-dedicato-al-sostegno-piscologico-e-pedagocico-a-isernia\/\",\"url\":\"https:\/\/www.istitutogalanteoliva.it\/magazine\/2021\/12\/15\/ditelo-a-mamma-e-papa-riparte-uno-spazio-dedicato-al-sostegno-piscologico-e-pedagocico-a-isernia\/\",\"name\":\"\\\"Ditelo a mamma e pap\u00e0\\\", riparte uno spazio dedicato al sostegno piscologico e pedagocico a Isernia - Polis SA Magazine\",\"isPartOf\":{\"@id\":\"https:\/\/www.istitutogalanteoliva.it\/magazine\/#website\"},\"primaryImageOfPage\":{\"@id\":\"https:\/\/www.istitutogalanteoliva.it\/magazine\/2021\/12\/15\/ditelo-a-mamma-e-papa-riparte-uno-spazio-dedicato-al-sostegno-piscologico-e-pedagocico-a-isernia\/#primaryimage\"},\"image\":{\"@id\":\"https:\/\/www.istitutogalanteoliva.it\/magazine\/2021\/12\/15\/ditelo-a-mamma-e-papa-riparte-uno-spazio-dedicato-al-sostegno-piscologico-e-pedagocico-a-isernia\/#primaryimage\"},\"thumbnailUrl\":\"https:\/\/www.istitutogalanteoliva.it\/magazine\/wp-content\/uploads\/2021\/12\/15.jpg\",\"datePublished\":\"2021-12-15T07:00:00+00:00\",\"dateModified\":\"2021-12-30T15:45:50+00:00\",\"description\":\"Titolo: \u201cDitelo a mamma e pap\u00e0\u201d: \u00e8 il programma dei servizi alle famiglie che la cooperativa impresa sociale \u201cLa Terza I\u201d ad Isernia\",\"breadcrumb\":{\"@id\":\"https:\/\/www.istitutogalanteoliva.it\/magazine\/2021\/12\/15\/ditelo-a-mamma-e-papa-riparte-uno-spazio-dedicato-al-sostegno-piscologico-e-pedagocico-a-isernia\/#breadcrumb\"},\"inLanguage\":\"it-IT\",\"potentialAction\":[{\"@type\":\"ReadAction\",\"target\":[\"https:\/\/www.istitutogalanteoliva.it\/magazine\/2021\/12\/15\/ditelo-a-mamma-e-papa-riparte-uno-spazio-dedicato-al-sostegno-piscologico-e-pedagocico-a-isernia\/\"]}]},{\"@type\":\"ImageObject\",\"inLanguage\":\"it-IT\",\"@id\":\"https:\/\/www.istitutogalanteoliva.it\/magazine\/2021\/12\/15\/ditelo-a-mamma-e-papa-riparte-uno-spazio-dedicato-al-sostegno-piscologico-e-pedagocico-a-isernia\/#primaryimage\",\"url\":\"https:\/\/www.istitutogalanteoliva.it\/magazine\/wp-content\/uploads\/2021\/12\/15.jpg\",\"contentUrl\":\"https:\/\/www.istitutogalanteoliva.it\/magazine\/wp-content\/uploads\/2021\/12\/15.jpg\",\"width\":640,\"height\":380},{\"@type\":\"BreadcrumbList\",\"@id\":\"https:\/\/www.istitutogalanteoliva.it\/magazine\/2021\/12\/15\/ditelo-a-mamma-e-papa-riparte-uno-spazio-dedicato-al-sostegno-piscologico-e-pedagocico-a-isernia\/#breadcrumb\",\"itemListElement\":[{\"@type\":\"ListItem\",\"position\":1,\"name\":\"Home\",\"item\":\"https:\/\/www.istitutogalanteoliva.it\/magazine\/\"},{\"@type\":\"ListItem\",\"position\":2,\"name\":\"&#8220;Ditelo a mamma e pap\u00e0&#8221;, riparte uno spazio dedicato al sostegno piscologico e pedagocico a Isernia\"}]},{\"@type\":\"WebSite\",\"@id\":\"https:\/\/www.istitutogalanteoliva.it\/magazine\/#website\",\"url\":\"https:\/\/www.istitutogalanteoliva.it\/magazine\/\",\"name\":\"POLIS SA MAGAZINE\",\"description\":\"Informazione e approfondimenti\",\"publisher\":{\"@id\":\"https:\/\/www.istitutogalanteoliva.it\/magazine\/#organization\"},\"potentialAction\":[{\"@type\":\"SearchAction\",\"target\":{\"@type\":\"EntryPoint\",\"urlTemplate\":\"https:\/\/www.istitutogalanteoliva.it\/magazine\/?s={search_term_string}\"},\"query-input\":{\"@type\":\"PropertyValueSpecification\",\"valueRequired\":true,\"valueName\":\"search_term_string\"}}],\"inLanguage\":\"it-IT\"},{\"@type\":\"Organization\",\"@id\":\"https:\/\/www.istitutogalanteoliva.it\/magazine\/#organization\",\"name\":\"Polis SA Magazine\",\"url\":\"https:\/\/www.istitutogalanteoliva.it\/magazine\/\",\"logo\":{\"@type\":\"ImageObject\",\"inLanguage\":\"it-IT\",\"@id\":\"https:\/\/www.istitutogalanteoliva.it\/magazine\/#\/schema\/logo\/image\/\",\"url\":\"\",\"contentUrl\":\"\",\"caption\":\"Polis SA Magazine\"},\"image\":{\"@id\":\"https:\/\/www.istitutogalanteoliva.it\/magazine\/#\/schema\/logo\/image\/\"},\"sameAs\":[\"https:\/\/www.facebook.com\/PolisSAMagazine\/\",\"https:\/\/x.com\/MagazinePolis\",\"https:\/\/www.youtube.com\/channel\/UCv0Mr5AHKUmsc0sEEXkJrgw\"]},{\"@type\":\"Person\",\"@id\":\"https:\/\/www.istitutogalanteoliva.it\/magazine\/#\/schema\/person\/d8b8aa79cfe8babc1df9da3212a7c0c4\",\"name\":\"Antonello Rivano\",\"image\":{\"@type\":\"ImageObject\",\"inLanguage\":\"it-IT\",\"@id\":\"https:\/\/www.istitutogalanteoliva.it\/magazine\/#\/schema\/person\/image\/\",\"url\":\"https:\/\/secure.gravatar.com\/avatar\/517a9a6487a7a18ecc4ce6d2e57a8f40?s=96&d=mm&r=g\",\"contentUrl\":\"https:\/\/secure.gravatar.com\/avatar\/517a9a6487a7a18ecc4ce6d2e57a8f40?s=96&d=mm&r=g\",\"caption\":\"Antonello Rivano\"},\"url\":\"https:\/\/www.istitutogalanteoliva.it\/magazine\/author\/antonello\/\"}]}<\/script>\n<!-- \/ Yoast SEO plugin. -->","yoast_head_json":{"title":"\"Ditelo a mamma e pap\u00e0\", riparte uno spazio dedicato al sostegno piscologico e pedagocico a Isernia - Polis SA Magazine","description":"Titolo: \u201cDitelo a mamma e pap\u00e0\u201d: \u00e8 il programma dei servizi alle famiglie che la cooperativa impresa sociale \u201cLa Terza I\u201d ad Isernia","robots":{"index":"index","follow":"follow","max-snippet":"max-snippet:-1","max-image-preview":"max-image-preview:large","max-video-preview":"max-video-preview:-1"},"canonical":"https:\/\/www.istitutogalanteoliva.it\/magazine\/2021\/12\/15\/ditelo-a-mamma-e-papa-riparte-uno-spazio-dedicato-al-sostegno-piscologico-e-pedagocico-a-isernia\/","og_locale":"it_IT","og_type":"article","og_title":"\"Ditelo a mamma e pap\u00e0\", riparte uno spazio dedicato al sostegno piscologico e pedagocico a Isernia - Polis SA Magazine","og_description":"Titolo: \u201cDitelo a mamma e pap\u00e0\u201d: \u00e8 il programma dei servizi alle famiglie che la cooperativa impresa sociale \u201cLa Terza I\u201d ad Isernia","og_url":"https:\/\/www.istitutogalanteoliva.it\/magazine\/2021\/12\/15\/ditelo-a-mamma-e-papa-riparte-uno-spazio-dedicato-al-sostegno-piscologico-e-pedagocico-a-isernia\/","og_site_name":"Polis SA Magazine","article_publisher":"https:\/\/www.facebook.com\/PolisSAMagazine\/","article_published_time":"2021-12-15T07:00:00+00:00","article_modified_time":"2021-12-30T15:45:50+00:00","og_image":[{"width":640,"height":380,"url":"https:\/\/www.istitutogalanteoliva.it\/magazine\/wp-content\/uploads\/2021\/12\/15.jpg","type":"image\/jpeg"}],"author":"Antonello Rivano","twitter_card":"summary_large_image","twitter_creator":"@MagazinePolis","twitter_site":"@MagazinePolis","twitter_misc":{"Scritto da":"Antonello Rivano","Tempo di lettura stimato":"4 minuti"},"schema":{"@context":"https:\/\/schema.org","@graph":[{"@type":"Article","@id":"https:\/\/www.istitutogalanteoliva.it\/magazine\/2021\/12\/15\/ditelo-a-mamma-e-papa-riparte-uno-spazio-dedicato-al-sostegno-piscologico-e-pedagocico-a-isernia\/#article","isPartOf":{"@id":"https:\/\/www.istitutogalanteoliva.it\/magazine\/2021\/12\/15\/ditelo-a-mamma-e-papa-riparte-uno-spazio-dedicato-al-sostegno-piscologico-e-pedagocico-a-isernia\/"},"author":{"name":"Antonello Rivano","@id":"https:\/\/www.istitutogalanteoliva.it\/magazine\/#\/schema\/person\/d8b8aa79cfe8babc1df9da3212a7c0c4"},"headline":"&#8220;Ditelo a mamma e pap\u00e0&#8221;, riparte uno spazio dedicato al sostegno piscologico e pedagocico a Isernia","datePublished":"2021-12-15T07:00:00+00:00","dateModified":"2021-12-30T15:45:50+00:00","mainEntityOfPage":{"@id":"https:\/\/www.istitutogalanteoliva.it\/magazine\/2021\/12\/15\/ditelo-a-mamma-e-papa-riparte-uno-spazio-dedicato-al-sostegno-piscologico-e-pedagocico-a-isernia\/"},"wordCount":731,"commentCount":0,"publisher":{"@id":"https:\/\/www.istitutogalanteoliva.it\/magazine\/#organization"},"image":{"@id":"https:\/\/www.istitutogalanteoliva.it\/magazine\/2021\/12\/15\/ditelo-a-mamma-e-papa-riparte-uno-spazio-dedicato-al-sostegno-piscologico-e-pedagocico-a-isernia\/#primaryimage"},"thumbnailUrl":"https:\/\/www.istitutogalanteoliva.it\/magazine\/wp-content\/uploads\/2021\/12\/15.jpg","articleSection":["2021","Molise","Societ\u00e0"],"inLanguage":"it-IT","potentialAction":[{"@type":"CommentAction","name":"Comment","target":["https:\/\/www.istitutogalanteoliva.it\/magazine\/2021\/12\/15\/ditelo-a-mamma-e-papa-riparte-uno-spazio-dedicato-al-sostegno-piscologico-e-pedagocico-a-isernia\/#respond"]}]},{"@type":"WebPage","@id":"https:\/\/www.istitutogalanteoliva.it\/magazine\/2021\/12\/15\/ditelo-a-mamma-e-papa-riparte-uno-spazio-dedicato-al-sostegno-piscologico-e-pedagocico-a-isernia\/","url":"https:\/\/www.istitutogalanteoliva.it\/magazine\/2021\/12\/15\/ditelo-a-mamma-e-papa-riparte-uno-spazio-dedicato-al-sostegno-piscologico-e-pedagocico-a-isernia\/","name":"\"Ditelo a mamma e pap\u00e0\", riparte uno spazio dedicato al sostegno piscologico e pedagocico a Isernia - Polis SA Magazine","isPartOf":{"@id":"https:\/\/www.istitutogalanteoliva.it\/magazine\/#website"},"primaryImageOfPage":{"@id":"https:\/\/www.istitutogalanteoliva.it\/magazine\/2021\/12\/15\/ditelo-a-mamma-e-papa-riparte-uno-spazio-dedicato-al-sostegno-piscologico-e-pedagocico-a-isernia\/#primaryimage"},"image":{"@id":"https:\/\/www.istitutogalanteoliva.it\/magazine\/2021\/12\/15\/ditelo-a-mamma-e-papa-riparte-uno-spazio-dedicato-al-sostegno-piscologico-e-pedagocico-a-isernia\/#primaryimage"},"thumbnailUrl":"https:\/\/www.istitutogalanteoliva.it\/magazine\/wp-content\/uploads\/2021\/12\/15.jpg","datePublished":"2021-12-15T07:00:00+00:00","dateModified":"2021-12-30T15:45:50+00:00","description":"Titolo: \u201cDitelo a mamma e pap\u00e0\u201d: \u00e8 il programma dei servizi alle famiglie che la cooperativa impresa sociale \u201cLa Terza I\u201d ad Isernia","breadcrumb":{"@id":"https:\/\/www.istitutogalanteoliva.it\/magazine\/2021\/12\/15\/ditelo-a-mamma-e-papa-riparte-uno-spazio-dedicato-al-sostegno-piscologico-e-pedagocico-a-isernia\/#breadcrumb"},"inLanguage":"it-IT","potentialAction":[{"@type":"ReadAction","target":["https:\/\/www.istitutogalanteoliva.it\/magazine\/2021\/12\/15\/ditelo-a-mamma-e-papa-riparte-uno-spazio-dedicato-al-sostegno-piscologico-e-pedagocico-a-isernia\/"]}]},{"@type":"ImageObject","inLanguage":"it-IT","@id":"https:\/\/www.istitutogalanteoliva.it\/magazine\/2021\/12\/15\/ditelo-a-mamma-e-papa-riparte-uno-spazio-dedicato-al-sostegno-piscologico-e-pedagocico-a-isernia\/#primaryimage","url":"https:\/\/www.istitutogalanteoliva.it\/magazine\/wp-content\/uploads\/2021\/12\/15.jpg","contentUrl":"https:\/\/www.istitutogalanteoliva.it\/magazine\/wp-content\/uploads\/2021\/12\/15.jpg","width":640,"height":380},{"@type":"BreadcrumbList","@id":"https:\/\/www.istitutogalanteoliva.it\/magazine\/2021\/12\/15\/ditelo-a-mamma-e-papa-riparte-uno-spazio-dedicato-al-sostegno-piscologico-e-pedagocico-a-isernia\/#breadcrumb","itemListElement":[{"@type":"ListItem","position":1,"name":"Home","item":"https:\/\/www.istitutogalanteoliva.it\/magazine\/"},{"@type":"ListItem","position":2,"name":"&#8220;Ditelo a mamma e pap\u00e0&#8221;, riparte uno spazio dedicato al sostegno piscologico e pedagocico a Isernia"}]},{"@type":"WebSite","@id":"https:\/\/www.istitutogalanteoliva.it\/magazine\/#website","url":"https:\/\/www.istitutogalanteoliva.it\/magazine\/","name":"POLIS SA MAGAZINE","description":"Informazione e approfondimenti","publisher":{"@id":"https:\/\/www.istitutogalanteoliva.it\/magazine\/#organization"},"potentialAction":[{"@type":"SearchAction","target":{"@type":"EntryPoint","urlTemplate":"https:\/\/www.istitutogalanteoliva.it\/magazine\/?s={search_term_string}"},"query-input":{"@type":"PropertyValueSpecification","valueRequired":true,"valueName":"search_term_string"}}],"inLanguage":"it-IT"},{"@type":"Organization","@id":"https:\/\/www.istitutogalanteoliva.it\/magazine\/#organization","name":"Polis SA Magazine","url":"https:\/\/www.istitutogalanteoliva.it\/magazine\/","logo":{"@type":"ImageObject","inLanguage":"it-IT","@id":"https:\/\/www.istitutogalanteoliva.it\/magazine\/#\/schema\/logo\/image\/","url":"","contentUrl":"","caption":"Polis SA Magazine"},"image":{"@id":"https:\/\/www.istitutogalanteoliva.it\/magazine\/#\/schema\/logo\/image\/"},"sameAs":["https:\/\/www.facebook.com\/PolisSAMagazine\/","https:\/\/x.com\/MagazinePolis","https:\/\/www.youtube.com\/channel\/UCv0Mr5AHKUmsc0sEEXkJrgw"]},{"@type":"Person","@id":"https:\/\/www.istitutogalanteoliva.it\/magazine\/#\/schema\/person\/d8b8aa79cfe8babc1df9da3212a7c0c4","name":"Antonello Rivano","image":{"@type":"ImageObject","inLanguage":"it-IT","@id":"https:\/\/www.istitutogalanteoliva.it\/magazine\/#\/schema\/person\/image\/","url":"https:\/\/secure.gravatar.com\/avatar\/517a9a6487a7a18ecc4ce6d2e57a8f40?s=96&d=mm&r=g","contentUrl":"https:\/\/secure.gravatar.com\/avatar\/517a9a6487a7a18ecc4ce6d2e57a8f40?s=96&d=mm&r=g","caption":"Antonello Rivano"},"url":"https:\/\/www.istitutogalanteoliva.it\/magazine\/author\/antonello\/"}]}},"_links":{"self":[{"href":"https:\/\/www.istitutogalanteoliva.it\/magazine\/wp-json\/wp\/v2\/posts\/11107","targetHints":{"allow":["GET"]}}],"collection":[{"href":"https:\/\/www.istitutogalanteoliva.it\/magazine\/wp-json\/wp\/v2\/posts"}],"about":[{"href":"https:\/\/www.istitutogalanteoliva.it\/magazine\/wp-json\/wp\/v2\/types\/post"}],"author":[{"embeddable":true,"href":"https:\/\/www.istitutogalanteoliva.it\/magazine\/wp-json\/wp\/v2\/users\/2"}],"replies":[{"embeddable":true,"href":"https:\/\/www.istitutogalanteoliva.it\/magazine\/wp-json\/wp\/v2\/comments?post=11107"}],"version-history":[{"count":6,"href":"https:\/\/www.istitutogalanteoliva.it\/magazine\/wp-json\/wp\/v2\/posts\/11107\/revisions"}],"predecessor-version":[{"id":11121,"href":"https:\/\/www.istitutogalanteoliva.it\/magazine\/wp-json\/wp\/v2\/posts\/11107\/revisions\/11121"}],"wp:featuredmedia":[{"embeddable":true,"href":"https:\/\/www.istitutogalanteoliva.it\/magazine\/wp-json\/wp\/v2\/media\/11108"}],"wp:attachment":[{"href":"https:\/\/www.istitutogalanteoliva.it\/magazine\/wp-json\/wp\/v2\/media?parent=11107"}],"wp:term":[{"taxonomy":"category","embeddable":true,"href":"https:\/\/www.istitutogalanteoliva.it\/magazine\/wp-json\/wp\/v2\/categories?post=11107"},{"taxonomy":"post_tag","embeddable":true,"href":"https:\/\/www.istitutogalanteoliva.it\/magazine\/wp-json\/wp\/v2\/tags?post=11107"}],"curies":[{"name":"wp","href":"https:\/\/api.w.org\/{rel}","templated":true}]}}