{"id":11149,"date":"2021-12-16T15:42:43","date_gmt":"2021-12-16T14:42:43","guid":{"rendered":"https:\/\/www.istitutogalanteoliva.it\/magazine\/?p=11149"},"modified":"2021-12-17T15:20:46","modified_gmt":"2021-12-17T14:20:46","slug":"massimo-venturiello-e-il-suo-racconto-intimo-denso-di-arte","status":"publish","type":"post","link":"https:\/\/www.istitutogalanteoliva.it\/magazine\/2021\/12\/16\/massimo-venturiello-e-il-suo-racconto-intimo-denso-di-arte\/","title":{"rendered":"Massimo Venturiello e il suo racconto intimo denso di arte"},"content":{"rendered":"\n<p><strong><em>Di Stefano Pignataro<\/em><\/strong><\/p>\n\n\n\n<p class=\"has-drop-cap\">&nbsp;Un racconto intimo, che tocca le corde della sensibilit\u00e0 e che pone l\u2019accento su tutti quei valori e quelle diverse esperienze che una profonda introspezione po&#8217; giungere a rilevare soffermandosi nella quotidiana confusione di una vita quotidiana attiva. Massimo Venturiello, celebre ed apprezzato attore di cinema, teatro e televisione nonch\u00e9 eminente doppiatore, superati i sessant\u2019anni, si racconta in un volume da poco pubblicato dal titolo \u201cLa sartoria di Addis Abeba\u201d (Ensemble, editing e pubblicazione a cura di Rosanna Romano , agenzia di servizi editoriali \u201cIl Menab\u00f2) in cui a prevalere \u00e8 una narrazione agile, fluida, intensa ed incalzante dove l\u2019arte si accompagna con il vissuto. <\/p>\n\n\n\n<p>Il volume \u00e8 stato presentato gioved\u00ec 16 novembre  presso la Libreria Imagine\u2019s book. A discutere l\u2019autore sar\u00e0 il giornalista Mariano Ragusa con letture di passi scelti a cura dell\u2019attore Alessandro Musto.<\/p>\n\n\n\n<p>&#8211;<em>Maestro, parlare di s\u00e8 attraverso la scrittura \u00e8 sempre impresa ardua. Con che metodo critico, dopo multiforme e continua esperienza nella settima arte, ha affrontato la stesura del suo primo romanzo?<\/em><\/p>\n\n\n\n<p>Non ho seguito alcun metodo, ho semplicemente seguito un istinto molti affascinante di raccontare ci\u00f2 che sentivo dentro di me e tramutarlo in scrittura. Nel corso della mia vita ho sempre concepito la vita come arte e questa esperienza di tramutare i miei pensieri in forma scritta \u00e8 stata una prova interessante e&nbsp; catartica di sperimentazione di un\u2019altra forma d\u2019arte quale \u00e8 la scrittura. Giunti ad un determinato momento della propria esistenza \u00e8 stimolante e piacevole confrontarsi con i propri pensieri, le proprie sensazioni e misurarsi con i diversi stati d\u2019animo con i mille pensieri contradditori che si nascondono dietro una nostra azione. Ci\u00f2 che ne scaturisce \u00e8 uno stile (parola che non amo) ed un modo di essere. Cimentandomi nella scrittura ne ho scoperto il piacere tanto da essermi gi\u00e0 cimentato nella scrittura del mio secondo titolo.<\/p>\n\n\n\n<p>&#8211;<em>A proposito della scrittura personale, lo scrittore Claudio Magris parla di \u201cfuturi abortiti\u201d, quelle vicende della vita che potevano avere destino divergente per una scelta non radicale. Lei ne ha mai conosciuti?<\/em><\/p>\n\n\n\n<p>&nbsp;Sicuramente ognuno di noi, nel corso della propria esistenza, viene messo di fronte a scelte, a prese di posizioni che portano ad una direzione anzich\u00e9 altra ma sono convinto che anche questa nostra condizione di fragilit\u00e0 faccia parte dell\u2019essere umano e della vita. Una componente lieta del nostro cammino, a mio parere, dovrebbe essere la leggerezza, intesa non come superficialit\u00e0 e noncuranza, ma concepita calvinianamente. La fragilit\u00e0 della vita aiuta a comprendere e a guardare tutto ad una certa distanza.<\/p>\n\n\n\n<p>&#8211;<em>In tutto il romanzo Lei non fa alcun riferimento ai molteplici lavori che l\u2019hanno vista protagonista., ma a prevalere \u00e8 il racconto e l\u2019uomo..<\/em><\/p>\n\n\n\n<p>Certamente. Non avevo minimamente intenzione di scrivere un racconto autoreferenziale. Quello che mi interessava e sentivo dentro di me era far prendere forma ad una narrazione che partiva da lontano, dalle mie origini, da quella sartoria in terra africana in cui&nbsp; mio padre sperava di costruire il porto sicuro dove far approdare quella ragazza (mia madre) che lo attendeva in un paese del Cilento, la mia Roccadaspide. Tanti sono i fili conduttori del romanzo, l\u2019amore certamente ne \u00e8 uno considerevole. L\u2019amore per la mia famiglia, per i figli, per il mio lavoro.<\/p>\n\n\n\n<p>&#8211;<em>Si racconta anche il ragazzo che si vede passare avanti i grandi eventi della storia..<\/em><\/p>\n\n\n\n<p>Appartengo alla generazione chiamata dei \u201cbaby boomers\u201d, quelli nati il decennio successivo alla fine del secondo conflitto mondiale.&nbsp; Io, e tanti miei coetanei, abbiamo avuto vissuto un contesto storico costellato di eventi che hanno forgiato la storia e molte volte, data la nostra giovane et\u00e0, non ce ne siamo neanche accorti. Come dimenticare, tra i tanti episodi, quando assistetti con mio padre, ad 8 anni, al concerto dei Beatles a Roma al cinema Adriano\u2026 Passati gli anni, rivivi quei momenti con una consapevolezza diversa..<\/p>\n\n\n\n<p>&#8211;<em>E il teatro \u00e8 vita?<\/em><\/p>\n\n\n\n<p>E\u2019 vita, \u00e8 passione, \u00e8 carnalit\u00e0. Il Teatro non ammette tradimenti. E non esiste teatro senza palcoscenico, senza pubblico, senza sudore. La tragedia del Coronavirus , su questo, ce lo&nbsp; ha dimostrato.<\/p>\n\n\n\n<p>&#8211;<em>Secondo Lei, la tragedia del Covid cosa ha fatto emergere di negativo e di positivo dell\u2019essere umano? Nel libro vi \u00e8 una parte molto nutrita in cui Lei formula diverse osservazioni e riflessioni sulla Pandemia..<\/em><\/p>\n\n\n\n<p>Abbiamo vissuto e continuiamo a vivere un periodo orrendo, luttuoso, che ci ha mutati &nbsp;e scossi profondamente. Senza dubbio in questi quasi due anni di Pandemia abbiamo assistito a tantissimi meravigliosi gesti di solidariet\u00e0 ma anche a tante azioni vili di gente che si \u00e8 arricchita approfittando della situazione. Ora che ci stiamo, gradualmente, riaffacciando alla normalit\u00e0 ed ora che anche la vita culturale sta ricominciando ad abbracciare le nostre vite, noto un nutrito e costante desiderio di cultura.&nbsp; Ma c\u2019\u00e8 qualcosa di pi\u00f9 profondo; si \u00e8 automaticamente portati a compiere una sorta di scelta, tra ci\u00f2 che ci soddisfa, ci incanta e ci delizia e ci\u00f2 che ci annoia o che ci lascia, alla fine, indifferente.<\/p>\n\n\n\n<p><img loading=\"lazy\" decoding=\"async\" width=\"100\" height=\"100\" class=\"wp-image-8696\" style=\"width: 100px;\" src=\"https:\/\/www.istitutogalanteoliva.it\/magazine\/wp-content\/uploads\/2021\/07\/Stefano-.jpg\" alt=\"\" srcset=\"https:\/\/www.istitutogalanteoliva.it\/magazine\/wp-content\/uploads\/2021\/07\/Stefano-.jpg 1624w, https:\/\/www.istitutogalanteoliva.it\/magazine\/wp-content\/uploads\/2021\/07\/Stefano--300x300.jpg 300w, https:\/\/www.istitutogalanteoliva.it\/magazine\/wp-content\/uploads\/2021\/07\/Stefano--1024x1024.jpg 1024w, https:\/\/www.istitutogalanteoliva.it\/magazine\/wp-content\/uploads\/2021\/07\/Stefano--150x150.jpg 150w, https:\/\/www.istitutogalanteoliva.it\/magazine\/wp-content\/uploads\/2021\/07\/Stefano--768x768.jpg 768w, https:\/\/www.istitutogalanteoliva.it\/magazine\/wp-content\/uploads\/2021\/07\/Stefano--1536x1536.jpg 1536w\" sizes=\"auto, (max-width: 100px) 100vw, 100px\" \/><strong><em><a href=\"https:\/\/www.istitutogalanteoliva.it\/magazine\/?s=Stefano+Pignataro\" target=\"_blank\" rel=\"noreferrer noopener\">Stefano Pignataro<\/a><\/em><\/strong><br><strong><em><sup>Vicecoordinatore Nazionale di redazione\/Coordinatore Sud Italia e Sicilia<\/sup><\/em><\/strong><br><\/p>\n\n\n\n<p>Articolo tratto da &#8220;La Citt\u00e0&#8221;<\/p>\n<div class=\"pdfprnt-buttons pdfprnt-buttons-post pdfprnt-bottom-left\"><a href=\"https:\/\/www.istitutogalanteoliva.it\/magazine\/wp-json\/wp\/v2\/posts\/11149?print=print\" class=\"pdfprnt-button pdfprnt-button-print\" target=\"_blank\"><img decoding=\"async\" src=\"https:\/\/www.istitutogalanteoliva.it\/magazine\/wp-content\/plugins\/pdf-print\/images\/print.png\" alt=\"image_print\" title=\"Stampa contenuto\" \/><span class=\"pdfprnt-button-title pdfprnt-button-print-title\">Download in PDF<\/span><\/a><\/div>","protected":false},"excerpt":{"rendered":"<p> Massimo Venturiello, celebre ed apprezzato attore di cinema, teatro e televisione nonch\u00e9 eminente doppiatore, superati i sessant\u2019anni, si racconta in un volume da poco pubblicato dal titolo \u201cLa sartoria di Addis Abeba\u201d<\/p>\n","protected":false},"author":2,"featured_media":11152,"comment_status":"open","ping_status":"open","sticky":false,"template":"","format":"standard","meta":{"footnotes":""},"categories":[148,57],"tags":[],"class_list":["post-11149","post","type-post","status-publish","format-standard","has-post-thumbnail","hentry","category-148","category-cultura"],"yoast_head":"<!-- This site is optimized with the Yoast SEO plugin v24.2 - https:\/\/yoast.com\/wordpress\/plugins\/seo\/ -->\n<title>Massimo Venturiello e il suo racconto intimo denso di arte - Polis SA Magazine<\/title>\n<meta name=\"robots\" content=\"index, follow, max-snippet:-1, max-image-preview:large, max-video-preview:-1\" \/>\n<link rel=\"canonical\" href=\"https:\/\/www.istitutogalanteoliva.it\/magazine\/2021\/12\/16\/massimo-venturiello-e-il-suo-racconto-intimo-denso-di-arte\/\" \/>\n<meta property=\"og:locale\" content=\"it_IT\" \/>\n<meta property=\"og:type\" content=\"article\" \/>\n<meta property=\"og:title\" content=\"Massimo Venturiello e il suo racconto intimo denso di arte - Polis SA Magazine\" \/>\n<meta property=\"og:description\" content=\"Massimo Venturiello, celebre ed apprezzato attore di cinema, teatro e televisione nonch\u00e9 eminente doppiatore, superati i sessant\u2019anni, si racconta in un volume da poco pubblicato dal titolo \u201cLa sartoria di Addis Abeba\u201d\" \/>\n<meta property=\"og:url\" content=\"https:\/\/www.istitutogalanteoliva.it\/magazine\/2021\/12\/16\/massimo-venturiello-e-il-suo-racconto-intimo-denso-di-arte\/\" \/>\n<meta property=\"og:site_name\" content=\"Polis SA Magazine\" \/>\n<meta property=\"article:publisher\" content=\"https:\/\/www.facebook.com\/PolisSAMagazine\/\" \/>\n<meta property=\"article:published_time\" content=\"2021-12-16T14:42:43+00:00\" \/>\n<meta property=\"article:modified_time\" content=\"2021-12-17T14:20:46+00:00\" \/>\n<meta property=\"og:image\" content=\"https:\/\/www.istitutogalanteoliva.it\/magazine\/wp-content\/uploads\/2021\/12\/17-1.jpg\" \/>\n\t<meta property=\"og:image:width\" content=\"640\" \/>\n\t<meta property=\"og:image:height\" content=\"380\" \/>\n\t<meta property=\"og:image:type\" content=\"image\/jpeg\" \/>\n<meta name=\"author\" content=\"Antonello Rivano\" \/>\n<meta name=\"twitter:card\" content=\"summary_large_image\" \/>\n<meta name=\"twitter:creator\" content=\"@MagazinePolis\" \/>\n<meta name=\"twitter:site\" content=\"@MagazinePolis\" \/>\n<meta name=\"twitter:label1\" content=\"Scritto da\" \/>\n\t<meta name=\"twitter:data1\" content=\"Antonello Rivano\" \/>\n\t<meta name=\"twitter:label2\" content=\"Tempo di lettura stimato\" \/>\n\t<meta name=\"twitter:data2\" content=\"4 minuti\" \/>\n<script type=\"application\/ld+json\" class=\"yoast-schema-graph\">{\"@context\":\"https:\/\/schema.org\",\"@graph\":[{\"@type\":\"Article\",\"@id\":\"https:\/\/www.istitutogalanteoliva.it\/magazine\/2021\/12\/16\/massimo-venturiello-e-il-suo-racconto-intimo-denso-di-arte\/#article\",\"isPartOf\":{\"@id\":\"https:\/\/www.istitutogalanteoliva.it\/magazine\/2021\/12\/16\/massimo-venturiello-e-il-suo-racconto-intimo-denso-di-arte\/\"},\"author\":{\"name\":\"Antonello Rivano\",\"@id\":\"https:\/\/www.istitutogalanteoliva.it\/magazine\/#\/schema\/person\/d8b8aa79cfe8babc1df9da3212a7c0c4\"},\"headline\":\"Massimo Venturiello e il suo racconto intimo denso di arte\",\"datePublished\":\"2021-12-16T14:42:43+00:00\",\"dateModified\":\"2021-12-17T14:20:46+00:00\",\"mainEntityOfPage\":{\"@id\":\"https:\/\/www.istitutogalanteoliva.it\/magazine\/2021\/12\/16\/massimo-venturiello-e-il-suo-racconto-intimo-denso-di-arte\/\"},\"wordCount\":843,\"commentCount\":0,\"publisher\":{\"@id\":\"https:\/\/www.istitutogalanteoliva.it\/magazine\/#organization\"},\"image\":{\"@id\":\"https:\/\/www.istitutogalanteoliva.it\/magazine\/2021\/12\/16\/massimo-venturiello-e-il-suo-racconto-intimo-denso-di-arte\/#primaryimage\"},\"thumbnailUrl\":\"https:\/\/www.istitutogalanteoliva.it\/magazine\/wp-content\/uploads\/2021\/12\/17-1.jpg\",\"articleSection\":[\"2021\",\"Cultura\"],\"inLanguage\":\"it-IT\",\"potentialAction\":[{\"@type\":\"CommentAction\",\"name\":\"Comment\",\"target\":[\"https:\/\/www.istitutogalanteoliva.it\/magazine\/2021\/12\/16\/massimo-venturiello-e-il-suo-racconto-intimo-denso-di-arte\/#respond\"]}]},{\"@type\":\"WebPage\",\"@id\":\"https:\/\/www.istitutogalanteoliva.it\/magazine\/2021\/12\/16\/massimo-venturiello-e-il-suo-racconto-intimo-denso-di-arte\/\",\"url\":\"https:\/\/www.istitutogalanteoliva.it\/magazine\/2021\/12\/16\/massimo-venturiello-e-il-suo-racconto-intimo-denso-di-arte\/\",\"name\":\"Massimo Venturiello e il suo racconto intimo denso di arte - Polis SA Magazine\",\"isPartOf\":{\"@id\":\"https:\/\/www.istitutogalanteoliva.it\/magazine\/#website\"},\"primaryImageOfPage\":{\"@id\":\"https:\/\/www.istitutogalanteoliva.it\/magazine\/2021\/12\/16\/massimo-venturiello-e-il-suo-racconto-intimo-denso-di-arte\/#primaryimage\"},\"image\":{\"@id\":\"https:\/\/www.istitutogalanteoliva.it\/magazine\/2021\/12\/16\/massimo-venturiello-e-il-suo-racconto-intimo-denso-di-arte\/#primaryimage\"},\"thumbnailUrl\":\"https:\/\/www.istitutogalanteoliva.it\/magazine\/wp-content\/uploads\/2021\/12\/17-1.jpg\",\"datePublished\":\"2021-12-16T14:42:43+00:00\",\"dateModified\":\"2021-12-17T14:20:46+00:00\",\"breadcrumb\":{\"@id\":\"https:\/\/www.istitutogalanteoliva.it\/magazine\/2021\/12\/16\/massimo-venturiello-e-il-suo-racconto-intimo-denso-di-arte\/#breadcrumb\"},\"inLanguage\":\"it-IT\",\"potentialAction\":[{\"@type\":\"ReadAction\",\"target\":[\"https:\/\/www.istitutogalanteoliva.it\/magazine\/2021\/12\/16\/massimo-venturiello-e-il-suo-racconto-intimo-denso-di-arte\/\"]}]},{\"@type\":\"ImageObject\",\"inLanguage\":\"it-IT\",\"@id\":\"https:\/\/www.istitutogalanteoliva.it\/magazine\/2021\/12\/16\/massimo-venturiello-e-il-suo-racconto-intimo-denso-di-arte\/#primaryimage\",\"url\":\"https:\/\/www.istitutogalanteoliva.it\/magazine\/wp-content\/uploads\/2021\/12\/17-1.jpg\",\"contentUrl\":\"https:\/\/www.istitutogalanteoliva.it\/magazine\/wp-content\/uploads\/2021\/12\/17-1.jpg\",\"width\":640,\"height\":380},{\"@type\":\"BreadcrumbList\",\"@id\":\"https:\/\/www.istitutogalanteoliva.it\/magazine\/2021\/12\/16\/massimo-venturiello-e-il-suo-racconto-intimo-denso-di-arte\/#breadcrumb\",\"itemListElement\":[{\"@type\":\"ListItem\",\"position\":1,\"name\":\"Home\",\"item\":\"https:\/\/www.istitutogalanteoliva.it\/magazine\/\"},{\"@type\":\"ListItem\",\"position\":2,\"name\":\"Massimo Venturiello e il suo racconto intimo denso di arte\"}]},{\"@type\":\"WebSite\",\"@id\":\"https:\/\/www.istitutogalanteoliva.it\/magazine\/#website\",\"url\":\"https:\/\/www.istitutogalanteoliva.it\/magazine\/\",\"name\":\"POLIS SA MAGAZINE\",\"description\":\"Informazione e approfondimenti\",\"publisher\":{\"@id\":\"https:\/\/www.istitutogalanteoliva.it\/magazine\/#organization\"},\"potentialAction\":[{\"@type\":\"SearchAction\",\"target\":{\"@type\":\"EntryPoint\",\"urlTemplate\":\"https:\/\/www.istitutogalanteoliva.it\/magazine\/?s={search_term_string}\"},\"query-input\":{\"@type\":\"PropertyValueSpecification\",\"valueRequired\":true,\"valueName\":\"search_term_string\"}}],\"inLanguage\":\"it-IT\"},{\"@type\":\"Organization\",\"@id\":\"https:\/\/www.istitutogalanteoliva.it\/magazine\/#organization\",\"name\":\"Polis SA Magazine\",\"url\":\"https:\/\/www.istitutogalanteoliva.it\/magazine\/\",\"logo\":{\"@type\":\"ImageObject\",\"inLanguage\":\"it-IT\",\"@id\":\"https:\/\/www.istitutogalanteoliva.it\/magazine\/#\/schema\/logo\/image\/\",\"url\":\"\",\"contentUrl\":\"\",\"caption\":\"Polis SA Magazine\"},\"image\":{\"@id\":\"https:\/\/www.istitutogalanteoliva.it\/magazine\/#\/schema\/logo\/image\/\"},\"sameAs\":[\"https:\/\/www.facebook.com\/PolisSAMagazine\/\",\"https:\/\/x.com\/MagazinePolis\",\"https:\/\/www.youtube.com\/channel\/UCv0Mr5AHKUmsc0sEEXkJrgw\"]},{\"@type\":\"Person\",\"@id\":\"https:\/\/www.istitutogalanteoliva.it\/magazine\/#\/schema\/person\/d8b8aa79cfe8babc1df9da3212a7c0c4\",\"name\":\"Antonello Rivano\",\"image\":{\"@type\":\"ImageObject\",\"inLanguage\":\"it-IT\",\"@id\":\"https:\/\/www.istitutogalanteoliva.it\/magazine\/#\/schema\/person\/image\/\",\"url\":\"https:\/\/secure.gravatar.com\/avatar\/517a9a6487a7a18ecc4ce6d2e57a8f40?s=96&d=mm&r=g\",\"contentUrl\":\"https:\/\/secure.gravatar.com\/avatar\/517a9a6487a7a18ecc4ce6d2e57a8f40?s=96&d=mm&r=g\",\"caption\":\"Antonello Rivano\"},\"url\":\"https:\/\/www.istitutogalanteoliva.it\/magazine\/author\/antonello\/\"}]}<\/script>\n<!-- \/ Yoast SEO plugin. -->","yoast_head_json":{"title":"Massimo Venturiello e il suo racconto intimo denso di arte - Polis SA Magazine","robots":{"index":"index","follow":"follow","max-snippet":"max-snippet:-1","max-image-preview":"max-image-preview:large","max-video-preview":"max-video-preview:-1"},"canonical":"https:\/\/www.istitutogalanteoliva.it\/magazine\/2021\/12\/16\/massimo-venturiello-e-il-suo-racconto-intimo-denso-di-arte\/","og_locale":"it_IT","og_type":"article","og_title":"Massimo Venturiello e il suo racconto intimo denso di arte - Polis SA Magazine","og_description":"Massimo Venturiello, celebre ed apprezzato attore di cinema, teatro e televisione nonch\u00e9 eminente doppiatore, superati i sessant\u2019anni, si racconta in un volume da poco pubblicato dal titolo \u201cLa sartoria di Addis Abeba\u201d","og_url":"https:\/\/www.istitutogalanteoliva.it\/magazine\/2021\/12\/16\/massimo-venturiello-e-il-suo-racconto-intimo-denso-di-arte\/","og_site_name":"Polis SA Magazine","article_publisher":"https:\/\/www.facebook.com\/PolisSAMagazine\/","article_published_time":"2021-12-16T14:42:43+00:00","article_modified_time":"2021-12-17T14:20:46+00:00","og_image":[{"width":640,"height":380,"url":"https:\/\/www.istitutogalanteoliva.it\/magazine\/wp-content\/uploads\/2021\/12\/17-1.jpg","type":"image\/jpeg"}],"author":"Antonello Rivano","twitter_card":"summary_large_image","twitter_creator":"@MagazinePolis","twitter_site":"@MagazinePolis","twitter_misc":{"Scritto da":"Antonello Rivano","Tempo di lettura stimato":"4 minuti"},"schema":{"@context":"https:\/\/schema.org","@graph":[{"@type":"Article","@id":"https:\/\/www.istitutogalanteoliva.it\/magazine\/2021\/12\/16\/massimo-venturiello-e-il-suo-racconto-intimo-denso-di-arte\/#article","isPartOf":{"@id":"https:\/\/www.istitutogalanteoliva.it\/magazine\/2021\/12\/16\/massimo-venturiello-e-il-suo-racconto-intimo-denso-di-arte\/"},"author":{"name":"Antonello Rivano","@id":"https:\/\/www.istitutogalanteoliva.it\/magazine\/#\/schema\/person\/d8b8aa79cfe8babc1df9da3212a7c0c4"},"headline":"Massimo Venturiello e il suo racconto intimo denso di arte","datePublished":"2021-12-16T14:42:43+00:00","dateModified":"2021-12-17T14:20:46+00:00","mainEntityOfPage":{"@id":"https:\/\/www.istitutogalanteoliva.it\/magazine\/2021\/12\/16\/massimo-venturiello-e-il-suo-racconto-intimo-denso-di-arte\/"},"wordCount":843,"commentCount":0,"publisher":{"@id":"https:\/\/www.istitutogalanteoliva.it\/magazine\/#organization"},"image":{"@id":"https:\/\/www.istitutogalanteoliva.it\/magazine\/2021\/12\/16\/massimo-venturiello-e-il-suo-racconto-intimo-denso-di-arte\/#primaryimage"},"thumbnailUrl":"https:\/\/www.istitutogalanteoliva.it\/magazine\/wp-content\/uploads\/2021\/12\/17-1.jpg","articleSection":["2021","Cultura"],"inLanguage":"it-IT","potentialAction":[{"@type":"CommentAction","name":"Comment","target":["https:\/\/www.istitutogalanteoliva.it\/magazine\/2021\/12\/16\/massimo-venturiello-e-il-suo-racconto-intimo-denso-di-arte\/#respond"]}]},{"@type":"WebPage","@id":"https:\/\/www.istitutogalanteoliva.it\/magazine\/2021\/12\/16\/massimo-venturiello-e-il-suo-racconto-intimo-denso-di-arte\/","url":"https:\/\/www.istitutogalanteoliva.it\/magazine\/2021\/12\/16\/massimo-venturiello-e-il-suo-racconto-intimo-denso-di-arte\/","name":"Massimo Venturiello e il suo racconto intimo denso di arte - Polis SA Magazine","isPartOf":{"@id":"https:\/\/www.istitutogalanteoliva.it\/magazine\/#website"},"primaryImageOfPage":{"@id":"https:\/\/www.istitutogalanteoliva.it\/magazine\/2021\/12\/16\/massimo-venturiello-e-il-suo-racconto-intimo-denso-di-arte\/#primaryimage"},"image":{"@id":"https:\/\/www.istitutogalanteoliva.it\/magazine\/2021\/12\/16\/massimo-venturiello-e-il-suo-racconto-intimo-denso-di-arte\/#primaryimage"},"thumbnailUrl":"https:\/\/www.istitutogalanteoliva.it\/magazine\/wp-content\/uploads\/2021\/12\/17-1.jpg","datePublished":"2021-12-16T14:42:43+00:00","dateModified":"2021-12-17T14:20:46+00:00","breadcrumb":{"@id":"https:\/\/www.istitutogalanteoliva.it\/magazine\/2021\/12\/16\/massimo-venturiello-e-il-suo-racconto-intimo-denso-di-arte\/#breadcrumb"},"inLanguage":"it-IT","potentialAction":[{"@type":"ReadAction","target":["https:\/\/www.istitutogalanteoliva.it\/magazine\/2021\/12\/16\/massimo-venturiello-e-il-suo-racconto-intimo-denso-di-arte\/"]}]},{"@type":"ImageObject","inLanguage":"it-IT","@id":"https:\/\/www.istitutogalanteoliva.it\/magazine\/2021\/12\/16\/massimo-venturiello-e-il-suo-racconto-intimo-denso-di-arte\/#primaryimage","url":"https:\/\/www.istitutogalanteoliva.it\/magazine\/wp-content\/uploads\/2021\/12\/17-1.jpg","contentUrl":"https:\/\/www.istitutogalanteoliva.it\/magazine\/wp-content\/uploads\/2021\/12\/17-1.jpg","width":640,"height":380},{"@type":"BreadcrumbList","@id":"https:\/\/www.istitutogalanteoliva.it\/magazine\/2021\/12\/16\/massimo-venturiello-e-il-suo-racconto-intimo-denso-di-arte\/#breadcrumb","itemListElement":[{"@type":"ListItem","position":1,"name":"Home","item":"https:\/\/www.istitutogalanteoliva.it\/magazine\/"},{"@type":"ListItem","position":2,"name":"Massimo Venturiello e il suo racconto intimo denso di arte"}]},{"@type":"WebSite","@id":"https:\/\/www.istitutogalanteoliva.it\/magazine\/#website","url":"https:\/\/www.istitutogalanteoliva.it\/magazine\/","name":"POLIS SA MAGAZINE","description":"Informazione e approfondimenti","publisher":{"@id":"https:\/\/www.istitutogalanteoliva.it\/magazine\/#organization"},"potentialAction":[{"@type":"SearchAction","target":{"@type":"EntryPoint","urlTemplate":"https:\/\/www.istitutogalanteoliva.it\/magazine\/?s={search_term_string}"},"query-input":{"@type":"PropertyValueSpecification","valueRequired":true,"valueName":"search_term_string"}}],"inLanguage":"it-IT"},{"@type":"Organization","@id":"https:\/\/www.istitutogalanteoliva.it\/magazine\/#organization","name":"Polis SA Magazine","url":"https:\/\/www.istitutogalanteoliva.it\/magazine\/","logo":{"@type":"ImageObject","inLanguage":"it-IT","@id":"https:\/\/www.istitutogalanteoliva.it\/magazine\/#\/schema\/logo\/image\/","url":"","contentUrl":"","caption":"Polis SA Magazine"},"image":{"@id":"https:\/\/www.istitutogalanteoliva.it\/magazine\/#\/schema\/logo\/image\/"},"sameAs":["https:\/\/www.facebook.com\/PolisSAMagazine\/","https:\/\/x.com\/MagazinePolis","https:\/\/www.youtube.com\/channel\/UCv0Mr5AHKUmsc0sEEXkJrgw"]},{"@type":"Person","@id":"https:\/\/www.istitutogalanteoliva.it\/magazine\/#\/schema\/person\/d8b8aa79cfe8babc1df9da3212a7c0c4","name":"Antonello Rivano","image":{"@type":"ImageObject","inLanguage":"it-IT","@id":"https:\/\/www.istitutogalanteoliva.it\/magazine\/#\/schema\/person\/image\/","url":"https:\/\/secure.gravatar.com\/avatar\/517a9a6487a7a18ecc4ce6d2e57a8f40?s=96&d=mm&r=g","contentUrl":"https:\/\/secure.gravatar.com\/avatar\/517a9a6487a7a18ecc4ce6d2e57a8f40?s=96&d=mm&r=g","caption":"Antonello Rivano"},"url":"https:\/\/www.istitutogalanteoliva.it\/magazine\/author\/antonello\/"}]}},"_links":{"self":[{"href":"https:\/\/www.istitutogalanteoliva.it\/magazine\/wp-json\/wp\/v2\/posts\/11149","targetHints":{"allow":["GET"]}}],"collection":[{"href":"https:\/\/www.istitutogalanteoliva.it\/magazine\/wp-json\/wp\/v2\/posts"}],"about":[{"href":"https:\/\/www.istitutogalanteoliva.it\/magazine\/wp-json\/wp\/v2\/types\/post"}],"author":[{"embeddable":true,"href":"https:\/\/www.istitutogalanteoliva.it\/magazine\/wp-json\/wp\/v2\/users\/2"}],"replies":[{"embeddable":true,"href":"https:\/\/www.istitutogalanteoliva.it\/magazine\/wp-json\/wp\/v2\/comments?post=11149"}],"version-history":[{"count":6,"href":"https:\/\/www.istitutogalanteoliva.it\/magazine\/wp-json\/wp\/v2\/posts\/11149\/revisions"}],"predecessor-version":[{"id":11158,"href":"https:\/\/www.istitutogalanteoliva.it\/magazine\/wp-json\/wp\/v2\/posts\/11149\/revisions\/11158"}],"wp:featuredmedia":[{"embeddable":true,"href":"https:\/\/www.istitutogalanteoliva.it\/magazine\/wp-json\/wp\/v2\/media\/11152"}],"wp:attachment":[{"href":"https:\/\/www.istitutogalanteoliva.it\/magazine\/wp-json\/wp\/v2\/media?parent=11149"}],"wp:term":[{"taxonomy":"category","embeddable":true,"href":"https:\/\/www.istitutogalanteoliva.it\/magazine\/wp-json\/wp\/v2\/categories?post=11149"},{"taxonomy":"post_tag","embeddable":true,"href":"https:\/\/www.istitutogalanteoliva.it\/magazine\/wp-json\/wp\/v2\/tags?post=11149"}],"curies":[{"name":"wp","href":"https:\/\/api.w.org\/{rel}","templated":true}]}}