{"id":1122,"date":"2016-12-27T20:36:32","date_gmt":"2016-12-27T19:36:32","guid":{"rendered":"http:\/\/www.edizionipolis.it\/magazine\/?p=1122"},"modified":"2019-08-23T20:41:06","modified_gmt":"2019-08-23T18:41:06","slug":"il-natale-in-sicilia","status":"publish","type":"post","link":"https:\/\/www.istitutogalanteoliva.it\/magazine\/2016\/12\/27\/il-natale-in-sicilia\/","title":{"rendered":"Il Natale in Sicilia"},"content":{"rendered":"\n<p>Sulle note di un pianoforte ho iniziato a osservare piacevolmente l\u2019arrivo del Natale\nche, oltre la nascita di Ges\u00f9 per la cultura cattolica, per l\u2019isola rappresenta le tradizioni,\nla famiglia, l\u2019unione e, soprattutto, le grandi tavolate ricche di parenti e ricette che anno\ndopo anno si rivedono in quelle tavole imbastite a festa, pronte ad accogliere i parenti che\nda qualsiasi parte del mondo tornano per stare insieme ai propri cari.\n<\/p>\n\n\n\n<p>Un appuntamento che non pu\u00f2 saltare, e, soprattutto, un appuntamento che non si sa\nbene mai quando inizia n\u00e9 quando finisce.\n<\/p>\n\n\n\n<p>Qui in Sicilia, normalmente, per l\u2019Immacolata Concezione ogni famiglia si riunisce per\nfare l\u2019albero di Natale, pieno di luci e colori, c\u2019\u00e8 anche chi trasforma intere stanze delle\nproprie case in presepi grandi anche 20 o 30 metri quadrati e durante tutto il periodo\ndelle festivit\u00e0 si lasceranno le ante delle porte aperte per far vedere a tutti i passanti la\ncreazione che con tanto orgoglio ha preso forma.\n<\/p>\n\n\n\n<p>Da quell\u20198 dicembre tutto cambia.\n<\/p>\n\n\n\n<p>Iniziano i preparativi, e allora la famiglia si raduna, cos\u00ec tutti i cognati e le cognate, i\nmariti e le mogli, fratelli e sorelle si incontrano per decidere il men\u00f9.\n<\/p>\n\n\n\n<p>S\u00ec, in Sicilia il Natale delle famiglie \u00e8 rappresentato dal men\u00f9, e da una lista interminabile dei presenti al cenone della vigilia, al pranzo del Natale, alla cena natalizia e al pranzo di Santo Stefano. <\/p>\n\n\n\n<p>Ben quattro appuntamenti culinari, durante i quali si susseguono arrivi e partenze.\n<\/p>\n\n\n\n<p>Perch\u00e9 qui si fa il cenone con la famiglia della mamma, e il pranzo e la cena del Natale con la famiglia dei suoceri per poi tornare al pranzo del Santo Stefano dalla mamma, perch\u00e9 oltre i genitori e i nonni, ci sono i figli che devono organizzare le tappe e comunicare per tempo il calendario e i percorsi di questa 3 giorni tanto attesa. <\/p>\n\n\n\n<p>E allora, mentre i grandi girano per i mercati ad acquistare gli ingredienti migliori e a prenotare la migliore carne, le verdure, il baccal\u00e0 che non manca mai, i ragazzi devono rispondere alle madri che dal 10 dicembre, immancabilmente, e in tutta l\u2019isola, chiedono ai figli: \u00abMi dovete far sapere se fate qui il cenone o il pranzo, e a Santo Stefano? E la sera del Natale?\u00bb. E allora i ragazzi si ritrovano a organizzare qualcosa che fin quando non saranno genitori siciliani, non riusciranno a capirne il senso. Una pianificazione minuziosa e direi indispensabile per organizzare tavolate di 30 o 40 persone, tutte riunite in una casa. <\/p>\n\n\n\n<p>Cos\u00ec tavoli da 4 sedute si aprono e diventano da 8, poi si ci uniscono i tavoli di plastica,\nle scrivanie e tutto ci\u00f2 possa essere utile a trasformare un semplice tavolo da quattro posti\nad una mega tavolata da 40 sedute dove, magari, per alzarsi il primo si devono spostare\ntutti gli altri altrimenti non potrebbe raggiungere le altre stanze.\n<\/p>\n\n\n\n<p>Ma, d\u2019altronde, la magia del Natale per i siciliani \u00e8 questa. La famiglia, le giocate a sette e mezzo, a scopa e briscola, il cibo, e la frutta secca che per noi della Trinacria non rappresenta un cibo da usare con parsimonia, per via delle grandi calorie, piuttosto la usiamo come digestivo da consumare per tutto il tempo che intercorre tra il pranzo e la cena. <\/p>\n\n\n\n<p>E quindi tra noci, arachidi e pistacchi si arriva al 27 dicembre quando tutto pare esser finito, e invece arriva la telefonata del parente pi\u00f9 vicino che ti dice: \u00abMa quest\u2019anno cosa mangiamo a capodanno?\u00bb. <\/p>\n\n\n\n<p style=\"text-align:right\"><em>Antonino Di Silvestro\n<\/em><\/p>\n<div class=\"pdfprnt-buttons pdfprnt-buttons-post pdfprnt-bottom-left\"><a href=\"https:\/\/www.istitutogalanteoliva.it\/magazine\/wp-json\/wp\/v2\/posts\/1122?print=print\" class=\"pdfprnt-button pdfprnt-button-print\" target=\"_blank\"><img decoding=\"async\" src=\"https:\/\/www.istitutogalanteoliva.it\/magazine\/wp-content\/plugins\/pdf-print\/images\/print.png\" alt=\"image_print\" title=\"Stampa contenuto\" \/><span class=\"pdfprnt-button-title pdfprnt-button-print-title\">Download in PDF<\/span><\/a><\/div>","protected":false},"excerpt":{"rendered":"<p>Sulle note di un pianoforte ho iniziato a osservare piacevolmente l\u2019arrivo del Natale che, oltre<\/p>\n","protected":false},"author":1,"featured_media":1123,"comment_status":"open","ping_status":"open","sticky":false,"template":"","format":"standard","meta":{"footnotes":""},"categories":[5,13],"tags":[],"class_list":["post-1122","post","type-post","status-publish","format-standard","has-post-thumbnail","hentry","category-5","category-territorio"],"yoast_head":"<!-- This site is optimized with the Yoast SEO plugin v24.2 - https:\/\/yoast.com\/wordpress\/plugins\/seo\/ -->\n<title>Il Natale in Sicilia - Polis SA Magazine<\/title>\n<meta name=\"robots\" content=\"index, follow, max-snippet:-1, max-image-preview:large, max-video-preview:-1\" \/>\n<link rel=\"canonical\" href=\"https:\/\/www.istitutogalanteoliva.it\/magazine\/2016\/12\/27\/il-natale-in-sicilia\/\" \/>\n<meta property=\"og:locale\" content=\"it_IT\" \/>\n<meta property=\"og:type\" content=\"article\" \/>\n<meta property=\"og:title\" content=\"Il Natale in Sicilia - Polis SA Magazine\" \/>\n<meta property=\"og:description\" content=\"Sulle note di un pianoforte ho iniziato a osservare piacevolmente l\u2019arrivo del Natale che, oltre\" \/>\n<meta property=\"og:url\" content=\"https:\/\/www.istitutogalanteoliva.it\/magazine\/2016\/12\/27\/il-natale-in-sicilia\/\" \/>\n<meta property=\"og:site_name\" content=\"Polis SA Magazine\" \/>\n<meta property=\"article:publisher\" content=\"https:\/\/www.facebook.com\/PolisSAMagazine\/\" \/>\n<meta property=\"article:published_time\" content=\"2016-12-27T19:36:32+00:00\" \/>\n<meta property=\"article:modified_time\" content=\"2019-08-23T18:41:06+00:00\" \/>\n<meta property=\"og:image\" content=\"https:\/\/www.istitutogalanteoliva.it\/magazine\/wp-content\/uploads\/2019\/08\/sicilia_natale.jpeg\" \/>\n\t<meta property=\"og:image:width\" content=\"638\" \/>\n\t<meta property=\"og:image:height\" content=\"335\" \/>\n\t<meta property=\"og:image:type\" content=\"image\/jpeg\" \/>\n<meta name=\"author\" content=\"admin\" \/>\n<meta name=\"twitter:card\" content=\"summary_large_image\" \/>\n<meta name=\"twitter:creator\" content=\"@MagazinePolis\" \/>\n<meta name=\"twitter:site\" content=\"@MagazinePolis\" \/>\n<meta name=\"twitter:label1\" content=\"Scritto da\" \/>\n\t<meta name=\"twitter:data1\" content=\"admin\" \/>\n\t<meta name=\"twitter:label2\" content=\"Tempo di lettura stimato\" \/>\n\t<meta name=\"twitter:data2\" content=\"3 minuti\" \/>\n<script type=\"application\/ld+json\" class=\"yoast-schema-graph\">{\"@context\":\"https:\/\/schema.org\",\"@graph\":[{\"@type\":\"Article\",\"@id\":\"https:\/\/www.istitutogalanteoliva.it\/magazine\/2016\/12\/27\/il-natale-in-sicilia\/#article\",\"isPartOf\":{\"@id\":\"https:\/\/www.istitutogalanteoliva.it\/magazine\/2016\/12\/27\/il-natale-in-sicilia\/\"},\"author\":{\"name\":\"admin\",\"@id\":\"https:\/\/www.istitutogalanteoliva.it\/magazine\/#\/schema\/person\/72e8141246542ebcf905456f5dbd4c49\"},\"headline\":\"Il Natale in Sicilia\",\"datePublished\":\"2016-12-27T19:36:32+00:00\",\"dateModified\":\"2019-08-23T18:41:06+00:00\",\"mainEntityOfPage\":{\"@id\":\"https:\/\/www.istitutogalanteoliva.it\/magazine\/2016\/12\/27\/il-natale-in-sicilia\/\"},\"wordCount\":581,\"commentCount\":0,\"publisher\":{\"@id\":\"https:\/\/www.istitutogalanteoliva.it\/magazine\/#organization\"},\"image\":{\"@id\":\"https:\/\/www.istitutogalanteoliva.it\/magazine\/2016\/12\/27\/il-natale-in-sicilia\/#primaryimage\"},\"thumbnailUrl\":\"https:\/\/www.istitutogalanteoliva.it\/magazine\/wp-content\/uploads\/2019\/08\/sicilia_natale.jpeg\",\"articleSection\":[\"2016\",\"Territorio\"],\"inLanguage\":\"it-IT\",\"potentialAction\":[{\"@type\":\"CommentAction\",\"name\":\"Comment\",\"target\":[\"https:\/\/www.istitutogalanteoliva.it\/magazine\/2016\/12\/27\/il-natale-in-sicilia\/#respond\"]}]},{\"@type\":\"WebPage\",\"@id\":\"https:\/\/www.istitutogalanteoliva.it\/magazine\/2016\/12\/27\/il-natale-in-sicilia\/\",\"url\":\"https:\/\/www.istitutogalanteoliva.it\/magazine\/2016\/12\/27\/il-natale-in-sicilia\/\",\"name\":\"Il Natale in Sicilia - Polis SA Magazine\",\"isPartOf\":{\"@id\":\"https:\/\/www.istitutogalanteoliva.it\/magazine\/#website\"},\"primaryImageOfPage\":{\"@id\":\"https:\/\/www.istitutogalanteoliva.it\/magazine\/2016\/12\/27\/il-natale-in-sicilia\/#primaryimage\"},\"image\":{\"@id\":\"https:\/\/www.istitutogalanteoliva.it\/magazine\/2016\/12\/27\/il-natale-in-sicilia\/#primaryimage\"},\"thumbnailUrl\":\"https:\/\/www.istitutogalanteoliva.it\/magazine\/wp-content\/uploads\/2019\/08\/sicilia_natale.jpeg\",\"datePublished\":\"2016-12-27T19:36:32+00:00\",\"dateModified\":\"2019-08-23T18:41:06+00:00\",\"breadcrumb\":{\"@id\":\"https:\/\/www.istitutogalanteoliva.it\/magazine\/2016\/12\/27\/il-natale-in-sicilia\/#breadcrumb\"},\"inLanguage\":\"it-IT\",\"potentialAction\":[{\"@type\":\"ReadAction\",\"target\":[\"https:\/\/www.istitutogalanteoliva.it\/magazine\/2016\/12\/27\/il-natale-in-sicilia\/\"]}]},{\"@type\":\"ImageObject\",\"inLanguage\":\"it-IT\",\"@id\":\"https:\/\/www.istitutogalanteoliva.it\/magazine\/2016\/12\/27\/il-natale-in-sicilia\/#primaryimage\",\"url\":\"https:\/\/www.istitutogalanteoliva.it\/magazine\/wp-content\/uploads\/2019\/08\/sicilia_natale.jpeg\",\"contentUrl\":\"https:\/\/www.istitutogalanteoliva.it\/magazine\/wp-content\/uploads\/2019\/08\/sicilia_natale.jpeg\",\"width\":638,\"height\":335},{\"@type\":\"BreadcrumbList\",\"@id\":\"https:\/\/www.istitutogalanteoliva.it\/magazine\/2016\/12\/27\/il-natale-in-sicilia\/#breadcrumb\",\"itemListElement\":[{\"@type\":\"ListItem\",\"position\":1,\"name\":\"Home\",\"item\":\"https:\/\/www.istitutogalanteoliva.it\/magazine\/\"},{\"@type\":\"ListItem\",\"position\":2,\"name\":\"Il Natale in Sicilia\"}]},{\"@type\":\"WebSite\",\"@id\":\"https:\/\/www.istitutogalanteoliva.it\/magazine\/#website\",\"url\":\"https:\/\/www.istitutogalanteoliva.it\/magazine\/\",\"name\":\"POLIS SA MAGAZINE\",\"description\":\"L&#039;informazione libera \",\"publisher\":{\"@id\":\"https:\/\/www.istitutogalanteoliva.it\/magazine\/#organization\"},\"potentialAction\":[{\"@type\":\"SearchAction\",\"target\":{\"@type\":\"EntryPoint\",\"urlTemplate\":\"https:\/\/www.istitutogalanteoliva.it\/magazine\/?s={search_term_string}\"},\"query-input\":{\"@type\":\"PropertyValueSpecification\",\"valueRequired\":true,\"valueName\":\"search_term_string\"}}],\"inLanguage\":\"it-IT\"},{\"@type\":\"Organization\",\"@id\":\"https:\/\/www.istitutogalanteoliva.it\/magazine\/#organization\",\"name\":\"Polis SA Magazine\",\"url\":\"https:\/\/www.istitutogalanteoliva.it\/magazine\/\",\"logo\":{\"@type\":\"ImageObject\",\"inLanguage\":\"it-IT\",\"@id\":\"https:\/\/www.istitutogalanteoliva.it\/magazine\/#\/schema\/logo\/image\/\",\"url\":\"\",\"contentUrl\":\"\",\"caption\":\"Polis SA Magazine\"},\"image\":{\"@id\":\"https:\/\/www.istitutogalanteoliva.it\/magazine\/#\/schema\/logo\/image\/\"},\"sameAs\":[\"https:\/\/www.facebook.com\/PolisSAMagazine\/\",\"https:\/\/x.com\/MagazinePolis\",\"https:\/\/www.youtube.com\/channel\/UCv0Mr5AHKUmsc0sEEXkJrgw\"]},{\"@type\":\"Person\",\"@id\":\"https:\/\/www.istitutogalanteoliva.it\/magazine\/#\/schema\/person\/72e8141246542ebcf905456f5dbd4c49\",\"name\":\"admin\",\"image\":{\"@type\":\"ImageObject\",\"inLanguage\":\"it-IT\",\"@id\":\"https:\/\/www.istitutogalanteoliva.it\/magazine\/#\/schema\/person\/image\/\",\"url\":\"https:\/\/secure.gravatar.com\/avatar\/07059cc99eeb1edd29e138d1812e69ec?s=96&d=mm&r=g\",\"contentUrl\":\"https:\/\/secure.gravatar.com\/avatar\/07059cc99eeb1edd29e138d1812e69ec?s=96&d=mm&r=g\",\"caption\":\"admin\"},\"url\":\"https:\/\/www.istitutogalanteoliva.it\/magazine\/author\/admin\/\"}]}<\/script>\n<!-- \/ Yoast SEO plugin. -->","yoast_head_json":{"title":"Il Natale in Sicilia - Polis SA Magazine","robots":{"index":"index","follow":"follow","max-snippet":"max-snippet:-1","max-image-preview":"max-image-preview:large","max-video-preview":"max-video-preview:-1"},"canonical":"https:\/\/www.istitutogalanteoliva.it\/magazine\/2016\/12\/27\/il-natale-in-sicilia\/","og_locale":"it_IT","og_type":"article","og_title":"Il Natale in Sicilia - Polis SA Magazine","og_description":"Sulle note di un pianoforte ho iniziato a osservare piacevolmente l\u2019arrivo del Natale che, oltre","og_url":"https:\/\/www.istitutogalanteoliva.it\/magazine\/2016\/12\/27\/il-natale-in-sicilia\/","og_site_name":"Polis SA Magazine","article_publisher":"https:\/\/www.facebook.com\/PolisSAMagazine\/","article_published_time":"2016-12-27T19:36:32+00:00","article_modified_time":"2019-08-23T18:41:06+00:00","og_image":[{"width":638,"height":335,"url":"https:\/\/www.istitutogalanteoliva.it\/magazine\/wp-content\/uploads\/2019\/08\/sicilia_natale.jpeg","type":"image\/jpeg"}],"author":"admin","twitter_card":"summary_large_image","twitter_creator":"@MagazinePolis","twitter_site":"@MagazinePolis","twitter_misc":{"Scritto da":"admin","Tempo di lettura stimato":"3 minuti"},"schema":{"@context":"https:\/\/schema.org","@graph":[{"@type":"Article","@id":"https:\/\/www.istitutogalanteoliva.it\/magazine\/2016\/12\/27\/il-natale-in-sicilia\/#article","isPartOf":{"@id":"https:\/\/www.istitutogalanteoliva.it\/magazine\/2016\/12\/27\/il-natale-in-sicilia\/"},"author":{"name":"admin","@id":"https:\/\/www.istitutogalanteoliva.it\/magazine\/#\/schema\/person\/72e8141246542ebcf905456f5dbd4c49"},"headline":"Il Natale in Sicilia","datePublished":"2016-12-27T19:36:32+00:00","dateModified":"2019-08-23T18:41:06+00:00","mainEntityOfPage":{"@id":"https:\/\/www.istitutogalanteoliva.it\/magazine\/2016\/12\/27\/il-natale-in-sicilia\/"},"wordCount":581,"commentCount":0,"publisher":{"@id":"https:\/\/www.istitutogalanteoliva.it\/magazine\/#organization"},"image":{"@id":"https:\/\/www.istitutogalanteoliva.it\/magazine\/2016\/12\/27\/il-natale-in-sicilia\/#primaryimage"},"thumbnailUrl":"https:\/\/www.istitutogalanteoliva.it\/magazine\/wp-content\/uploads\/2019\/08\/sicilia_natale.jpeg","articleSection":["2016","Territorio"],"inLanguage":"it-IT","potentialAction":[{"@type":"CommentAction","name":"Comment","target":["https:\/\/www.istitutogalanteoliva.it\/magazine\/2016\/12\/27\/il-natale-in-sicilia\/#respond"]}]},{"@type":"WebPage","@id":"https:\/\/www.istitutogalanteoliva.it\/magazine\/2016\/12\/27\/il-natale-in-sicilia\/","url":"https:\/\/www.istitutogalanteoliva.it\/magazine\/2016\/12\/27\/il-natale-in-sicilia\/","name":"Il Natale in Sicilia - Polis SA Magazine","isPartOf":{"@id":"https:\/\/www.istitutogalanteoliva.it\/magazine\/#website"},"primaryImageOfPage":{"@id":"https:\/\/www.istitutogalanteoliva.it\/magazine\/2016\/12\/27\/il-natale-in-sicilia\/#primaryimage"},"image":{"@id":"https:\/\/www.istitutogalanteoliva.it\/magazine\/2016\/12\/27\/il-natale-in-sicilia\/#primaryimage"},"thumbnailUrl":"https:\/\/www.istitutogalanteoliva.it\/magazine\/wp-content\/uploads\/2019\/08\/sicilia_natale.jpeg","datePublished":"2016-12-27T19:36:32+00:00","dateModified":"2019-08-23T18:41:06+00:00","breadcrumb":{"@id":"https:\/\/www.istitutogalanteoliva.it\/magazine\/2016\/12\/27\/il-natale-in-sicilia\/#breadcrumb"},"inLanguage":"it-IT","potentialAction":[{"@type":"ReadAction","target":["https:\/\/www.istitutogalanteoliva.it\/magazine\/2016\/12\/27\/il-natale-in-sicilia\/"]}]},{"@type":"ImageObject","inLanguage":"it-IT","@id":"https:\/\/www.istitutogalanteoliva.it\/magazine\/2016\/12\/27\/il-natale-in-sicilia\/#primaryimage","url":"https:\/\/www.istitutogalanteoliva.it\/magazine\/wp-content\/uploads\/2019\/08\/sicilia_natale.jpeg","contentUrl":"https:\/\/www.istitutogalanteoliva.it\/magazine\/wp-content\/uploads\/2019\/08\/sicilia_natale.jpeg","width":638,"height":335},{"@type":"BreadcrumbList","@id":"https:\/\/www.istitutogalanteoliva.it\/magazine\/2016\/12\/27\/il-natale-in-sicilia\/#breadcrumb","itemListElement":[{"@type":"ListItem","position":1,"name":"Home","item":"https:\/\/www.istitutogalanteoliva.it\/magazine\/"},{"@type":"ListItem","position":2,"name":"Il Natale in Sicilia"}]},{"@type":"WebSite","@id":"https:\/\/www.istitutogalanteoliva.it\/magazine\/#website","url":"https:\/\/www.istitutogalanteoliva.it\/magazine\/","name":"POLIS SA MAGAZINE","description":"L&#039;informazione libera ","publisher":{"@id":"https:\/\/www.istitutogalanteoliva.it\/magazine\/#organization"},"potentialAction":[{"@type":"SearchAction","target":{"@type":"EntryPoint","urlTemplate":"https:\/\/www.istitutogalanteoliva.it\/magazine\/?s={search_term_string}"},"query-input":{"@type":"PropertyValueSpecification","valueRequired":true,"valueName":"search_term_string"}}],"inLanguage":"it-IT"},{"@type":"Organization","@id":"https:\/\/www.istitutogalanteoliva.it\/magazine\/#organization","name":"Polis SA Magazine","url":"https:\/\/www.istitutogalanteoliva.it\/magazine\/","logo":{"@type":"ImageObject","inLanguage":"it-IT","@id":"https:\/\/www.istitutogalanteoliva.it\/magazine\/#\/schema\/logo\/image\/","url":"","contentUrl":"","caption":"Polis SA Magazine"},"image":{"@id":"https:\/\/www.istitutogalanteoliva.it\/magazine\/#\/schema\/logo\/image\/"},"sameAs":["https:\/\/www.facebook.com\/PolisSAMagazine\/","https:\/\/x.com\/MagazinePolis","https:\/\/www.youtube.com\/channel\/UCv0Mr5AHKUmsc0sEEXkJrgw"]},{"@type":"Person","@id":"https:\/\/www.istitutogalanteoliva.it\/magazine\/#\/schema\/person\/72e8141246542ebcf905456f5dbd4c49","name":"admin","image":{"@type":"ImageObject","inLanguage":"it-IT","@id":"https:\/\/www.istitutogalanteoliva.it\/magazine\/#\/schema\/person\/image\/","url":"https:\/\/secure.gravatar.com\/avatar\/07059cc99eeb1edd29e138d1812e69ec?s=96&d=mm&r=g","contentUrl":"https:\/\/secure.gravatar.com\/avatar\/07059cc99eeb1edd29e138d1812e69ec?s=96&d=mm&r=g","caption":"admin"},"url":"https:\/\/www.istitutogalanteoliva.it\/magazine\/author\/admin\/"}]}},"_links":{"self":[{"href":"https:\/\/www.istitutogalanteoliva.it\/magazine\/wp-json\/wp\/v2\/posts\/1122","targetHints":{"allow":["GET"]}}],"collection":[{"href":"https:\/\/www.istitutogalanteoliva.it\/magazine\/wp-json\/wp\/v2\/posts"}],"about":[{"href":"https:\/\/www.istitutogalanteoliva.it\/magazine\/wp-json\/wp\/v2\/types\/post"}],"author":[{"embeddable":true,"href":"https:\/\/www.istitutogalanteoliva.it\/magazine\/wp-json\/wp\/v2\/users\/1"}],"replies":[{"embeddable":true,"href":"https:\/\/www.istitutogalanteoliva.it\/magazine\/wp-json\/wp\/v2\/comments?post=1122"}],"version-history":[{"count":1,"href":"https:\/\/www.istitutogalanteoliva.it\/magazine\/wp-json\/wp\/v2\/posts\/1122\/revisions"}],"predecessor-version":[{"id":1124,"href":"https:\/\/www.istitutogalanteoliva.it\/magazine\/wp-json\/wp\/v2\/posts\/1122\/revisions\/1124"}],"wp:featuredmedia":[{"embeddable":true,"href":"https:\/\/www.istitutogalanteoliva.it\/magazine\/wp-json\/wp\/v2\/media\/1123"}],"wp:attachment":[{"href":"https:\/\/www.istitutogalanteoliva.it\/magazine\/wp-json\/wp\/v2\/media?parent=1122"}],"wp:term":[{"taxonomy":"category","embeddable":true,"href":"https:\/\/www.istitutogalanteoliva.it\/magazine\/wp-json\/wp\/v2\/categories?post=1122"},{"taxonomy":"post_tag","embeddable":true,"href":"https:\/\/www.istitutogalanteoliva.it\/magazine\/wp-json\/wp\/v2\/tags?post=1122"}],"curies":[{"name":"wp","href":"https:\/\/api.w.org\/{rel}","templated":true}]}}