{"id":1129,"date":"2017-03-23T13:06:32","date_gmt":"2017-03-23T12:06:32","guid":{"rendered":"http:\/\/www.edizionipolis.it\/magazine\/?p=1129"},"modified":"2019-08-24T13:10:21","modified_gmt":"2019-08-24T11:10:21","slug":"da-vieste-a-torre-dellorso-il-mare-pugliese-e-le-sue-leggende","status":"publish","type":"post","link":"https:\/\/www.istitutogalanteoliva.it\/magazine\/2017\/03\/23\/da-vieste-a-torre-dellorso-il-mare-pugliese-e-le-sue-leggende\/","title":{"rendered":"Da Vieste a Torre Dell\u2019Orso: Il mare pugliese e le sue leggende"},"content":{"rendered":"\n<p>Si erge imponente sulla spiaggia, di fronte al mare che ondeggia sulla riva. Un\u2019intera struttura in pietra calcarea che si innalza per oltre 20 metri, quasi fosse il guardiano della citt\u00e0 di Vieste che si scorge in lontananza. \u00c8 il faraglione di Pizzomunno, uno degli elementi paesaggistici della \u201cPerla del Gargano\u201d pi\u00f9 caratteristici, di cui le tante leggende locali hanno cercato di spiegarne l\u2019origine. La pi\u00f9 famosa \u00e8 quella che narra dell\u2019infelice storia d\u2019amore tra il giovane pescatore Pizzomunno e la bella Cristalda. Un amore che sarebbe stato ostacolato dalle sirene che, ogni volta che incrociavano il ragazzo sulla sua barca, cercavano di ammaliarlo, senza mai riuscirci. Una fedelt\u00e0 che cost\u00f2 cara ai due innamorati, poich\u00e9 le sirene, non riuscendo nel loro intento, rapirono la ragazza portandola negli abissi del mare. Si dice che Pizzomunno sia rimasto talmente impietrito dal dolore per la perdita della sua amata da trasformarsi nel faraglione che ancora oggi si pu\u00f2 ammirare sulle spiagge che portano il suo nome. Non tutto, per\u00f2, sembra essere perduto: leggenda vuole che ogni cento anni i due innamorati si rincontrino per una notte, per poi ritornare all\u2019alba al loro triste destino. <\/p>\n\n\n\n<p>Una storia che ricorda quella legata a Santa Maria di Leuca, una dei luoghi pi\u00f9 suggestivi del Salento, dove il Mar Ionio e il Mar Adriatico uniscono le loro acque. Anche qui una coppia di giovani innamorati, Melisso e Aristula, sarebbe stata vittima di un sortilegio da parte di Leucasia, una bellissima creatura tutta bianca, met\u00e0 donna e met\u00e0 pesce, invaghitasi del ragazzo senza esserne per\u00f2 ricambiata. Un giorno, alla vista dei due che si abbracciavano sulla scogliera, piena di rabbia e gelosia, Leucasia alz\u00f2 con la sua coda e con il suo fiato un vento fortissimo che trascin\u00f2 via i due ragazzi, facendoli sbattere violentemente sugli scogli fino a farli morire. Leucasia termin\u00f2 la sua vendetta separando i loro corpi e lasciandoli sulle due punte opposte del golfo, per tenerli divisi per sempre. La dea Minerva, assistendo all\u2019accaduto e presa da compassione, trasform\u00f2 i corpi di Melisso e Aristula in pietra, come simbolo di eternit\u00e0, e pun\u00ec Leucasia, pietrificando anche lei e tramutandola nella bianca citt\u00e0 di Leuca. <\/p>\n\n\n\n<p>Una storia a lieto fine si cela, invece, dietro la nascita della Grotta Zinzulusa, una delle pi\u00f9 famose e spettacolari tra quelle salentine, ubicata nella localit\u00e0 di Castro. Secondo quanto si tramanda da secoli, dimorava in questi posti un ricco barone crudele, rimasto vedovo e talmente avaro da costringere la figlia a una vita di stenti. Una fata, vedendo la giovane cos\u00ec infelice e vestita di stracci, la port\u00f2 via, dandole abiti nuovi e tutto ci\u00f2 che fino ad allora le era mancato e facendola sposare con un principe. Le vecchie vesti consumate della ragazza furono gettate nel mare e andarono a finire sulle pareti di una grotta dove diventarono formazioni calcaree. Il nome \u201cZinzulusa\u201d deriva proprio da <em>zinzuli<\/em>, un termine dialettale che indica, appunto, la parola stracci. Qui, inoltre, fu fatto sprofondare\nil barone, punito per la sua cattiveria, ed emersero addirittura delle acque provenienti\ndall\u2019Inferno che ora formano il laghetto Cocito.\n<\/p>\n\n\n\n<p>Un\u2019altra spiaggia del Salento, Torre dell\u2019Orso, non si sottrae alle tante leggende che animano i posti marittimi pugliesi. Su queste coste, in una calda giornata estiva, due giovani sorelle si sarebbero recate per sfuggire alla dura vita nei campi e cercare un po\u2019 di riposo. Decisero si soffermarsi sulla scogliera per godere della bellezza del mare. Ma la tragedia era dietro l\u2019angolo. Una delle due ragazze, infatti, presa dal desiderio di assaporare ancor meglio la brezza marina e il refrigerio del mare, si sporse troppo fino a perdere l\u2019equilibrio e a finire in acqua, cadendo nel vuoto da diversi metri. L\u2019altra sorella, sent\u00ec le urla della sventurata che chiedeva aiuto e, senza pensarci due volte, si gett\u00f2 in mare per salvarla. Entrambe, per\u00f2, non riuscirono a ritornare a riva e i loro corpi furono risucchiati dalle acque. Secondo la credenza popolare, gli d\u00e8i ebbero piet\u00e0 di loro e le trasformarono in roccia. Si dice che solo un pescatore sent\u00ec le urla delle due malcapitate, ma, una volta avvicinatosi al punto da cui esse provenivano, vide solo due suggestivi faraglioni che uscivano dall\u2019acqua stringendosi in un abbraccio. <\/p>\n\n\n\n<p>Queste e tante altre leggende aleggiano ancora oggi in tutta la Puglia, nate, molto probabilmente, per dare una spiegazione pi\u00f9 affascinante alla presenza di faraglioni, grotte e citt\u00e0 caratteristiche sulle coste pugliesi, con elementi ridondanti come quello di un amore infelice o di essere divini che decidono le sorti dei protagonisti con il loro intervento. Il mare, dunque, con le sue profondit\u00e0 e le sue atmosfere, si presta perfettamente come teatro di storie leggendarie che esso conserver\u00e0 perennemente. <\/p>\n\n\n\n<p style=\"text-align:right\"><em>Giovanna Cirac\u00ec\n<\/em><\/p>\n<div class=\"pdfprnt-buttons pdfprnt-buttons-post pdfprnt-bottom-left\"><a href=\"https:\/\/www.istitutogalanteoliva.it\/magazine\/wp-json\/wp\/v2\/posts\/1129?print=print\" class=\"pdfprnt-button pdfprnt-button-print\" target=\"_blank\"><img decoding=\"async\" src=\"https:\/\/www.istitutogalanteoliva.it\/magazine\/wp-content\/plugins\/pdf-print\/images\/print.png\" alt=\"image_print\" title=\"Stampa contenuto\" \/><span class=\"pdfprnt-button-title pdfprnt-button-print-title\">Download in PDF<\/span><\/a><\/div>","protected":false},"excerpt":{"rendered":"<p>Si erge imponente sulla spiaggia, di fronte al mare che ondeggia sulla riva. Un\u2019intera struttura<\/p>\n","protected":false},"author":1,"featured_media":1130,"comment_status":"open","ping_status":"open","sticky":false,"template":"","format":"standard","meta":{"footnotes":""},"categories":[2,13],"tags":[],"class_list":["post-1129","post","type-post","status-publish","format-standard","has-post-thumbnail","hentry","category-2","category-territorio"],"yoast_head":"<!-- This site is optimized with the Yoast SEO plugin v24.2 - https:\/\/yoast.com\/wordpress\/plugins\/seo\/ -->\n<title>Da Vieste a Torre Dell\u2019Orso: Il mare pugliese e le sue leggende - Polis SA Magazine<\/title>\n<meta name=\"robots\" content=\"index, follow, max-snippet:-1, max-image-preview:large, max-video-preview:-1\" \/>\n<link rel=\"canonical\" href=\"https:\/\/www.istitutogalanteoliva.it\/magazine\/2017\/03\/23\/da-vieste-a-torre-dellorso-il-mare-pugliese-e-le-sue-leggende\/\" \/>\n<meta property=\"og:locale\" content=\"it_IT\" \/>\n<meta property=\"og:type\" content=\"article\" \/>\n<meta property=\"og:title\" content=\"Da Vieste a Torre Dell\u2019Orso: Il mare pugliese e le sue leggende - Polis SA Magazine\" \/>\n<meta property=\"og:description\" content=\"Si erge imponente sulla spiaggia, di fronte al mare che ondeggia sulla riva. Un\u2019intera struttura\" \/>\n<meta property=\"og:url\" content=\"https:\/\/www.istitutogalanteoliva.it\/magazine\/2017\/03\/23\/da-vieste-a-torre-dellorso-il-mare-pugliese-e-le-sue-leggende\/\" \/>\n<meta property=\"og:site_name\" content=\"Polis SA Magazine\" \/>\n<meta property=\"article:publisher\" content=\"https:\/\/www.facebook.com\/PolisSAMagazine\/\" \/>\n<meta property=\"article:published_time\" content=\"2017-03-23T12:06:32+00:00\" \/>\n<meta property=\"article:modified_time\" content=\"2019-08-24T11:10:21+00:00\" \/>\n<meta property=\"og:image\" content=\"https:\/\/www.istitutogalanteoliva.it\/magazine\/wp-content\/uploads\/2019\/08\/torre-dellorso.jpg\" \/>\n\t<meta property=\"og:image:width\" content=\"1024\" \/>\n\t<meta property=\"og:image:height\" content=\"683\" \/>\n\t<meta property=\"og:image:type\" content=\"image\/jpeg\" \/>\n<meta name=\"author\" content=\"admin\" \/>\n<meta name=\"twitter:card\" content=\"summary_large_image\" \/>\n<meta name=\"twitter:creator\" content=\"@MagazinePolis\" \/>\n<meta name=\"twitter:site\" content=\"@MagazinePolis\" \/>\n<meta name=\"twitter:label1\" content=\"Scritto da\" \/>\n\t<meta name=\"twitter:data1\" content=\"admin\" \/>\n\t<meta name=\"twitter:label2\" content=\"Tempo di lettura stimato\" \/>\n\t<meta name=\"twitter:data2\" content=\"4 minuti\" \/>\n<script type=\"application\/ld+json\" class=\"yoast-schema-graph\">{\"@context\":\"https:\/\/schema.org\",\"@graph\":[{\"@type\":\"Article\",\"@id\":\"https:\/\/www.istitutogalanteoliva.it\/magazine\/2017\/03\/23\/da-vieste-a-torre-dellorso-il-mare-pugliese-e-le-sue-leggende\/#article\",\"isPartOf\":{\"@id\":\"https:\/\/www.istitutogalanteoliva.it\/magazine\/2017\/03\/23\/da-vieste-a-torre-dellorso-il-mare-pugliese-e-le-sue-leggende\/\"},\"author\":{\"name\":\"admin\",\"@id\":\"https:\/\/www.istitutogalanteoliva.it\/magazine\/#\/schema\/person\/72e8141246542ebcf905456f5dbd4c49\"},\"headline\":\"Da Vieste a Torre Dell\u2019Orso: Il mare pugliese e le sue leggende\",\"datePublished\":\"2017-03-23T12:06:32+00:00\",\"dateModified\":\"2019-08-24T11:10:21+00:00\",\"mainEntityOfPage\":{\"@id\":\"https:\/\/www.istitutogalanteoliva.it\/magazine\/2017\/03\/23\/da-vieste-a-torre-dellorso-il-mare-pugliese-e-le-sue-leggende\/\"},\"wordCount\":804,\"commentCount\":0,\"publisher\":{\"@id\":\"https:\/\/www.istitutogalanteoliva.it\/magazine\/#organization\"},\"image\":{\"@id\":\"https:\/\/www.istitutogalanteoliva.it\/magazine\/2017\/03\/23\/da-vieste-a-torre-dellorso-il-mare-pugliese-e-le-sue-leggende\/#primaryimage\"},\"thumbnailUrl\":\"https:\/\/www.istitutogalanteoliva.it\/magazine\/wp-content\/uploads\/2019\/08\/torre-dellorso.jpg\",\"articleSection\":[\"2017\",\"Territorio\"],\"inLanguage\":\"it-IT\",\"potentialAction\":[{\"@type\":\"CommentAction\",\"name\":\"Comment\",\"target\":[\"https:\/\/www.istitutogalanteoliva.it\/magazine\/2017\/03\/23\/da-vieste-a-torre-dellorso-il-mare-pugliese-e-le-sue-leggende\/#respond\"]}]},{\"@type\":\"WebPage\",\"@id\":\"https:\/\/www.istitutogalanteoliva.it\/magazine\/2017\/03\/23\/da-vieste-a-torre-dellorso-il-mare-pugliese-e-le-sue-leggende\/\",\"url\":\"https:\/\/www.istitutogalanteoliva.it\/magazine\/2017\/03\/23\/da-vieste-a-torre-dellorso-il-mare-pugliese-e-le-sue-leggende\/\",\"name\":\"Da Vieste a Torre Dell\u2019Orso: Il mare pugliese e le sue leggende - Polis SA Magazine\",\"isPartOf\":{\"@id\":\"https:\/\/www.istitutogalanteoliva.it\/magazine\/#website\"},\"primaryImageOfPage\":{\"@id\":\"https:\/\/www.istitutogalanteoliva.it\/magazine\/2017\/03\/23\/da-vieste-a-torre-dellorso-il-mare-pugliese-e-le-sue-leggende\/#primaryimage\"},\"image\":{\"@id\":\"https:\/\/www.istitutogalanteoliva.it\/magazine\/2017\/03\/23\/da-vieste-a-torre-dellorso-il-mare-pugliese-e-le-sue-leggende\/#primaryimage\"},\"thumbnailUrl\":\"https:\/\/www.istitutogalanteoliva.it\/magazine\/wp-content\/uploads\/2019\/08\/torre-dellorso.jpg\",\"datePublished\":\"2017-03-23T12:06:32+00:00\",\"dateModified\":\"2019-08-24T11:10:21+00:00\",\"breadcrumb\":{\"@id\":\"https:\/\/www.istitutogalanteoliva.it\/magazine\/2017\/03\/23\/da-vieste-a-torre-dellorso-il-mare-pugliese-e-le-sue-leggende\/#breadcrumb\"},\"inLanguage\":\"it-IT\",\"potentialAction\":[{\"@type\":\"ReadAction\",\"target\":[\"https:\/\/www.istitutogalanteoliva.it\/magazine\/2017\/03\/23\/da-vieste-a-torre-dellorso-il-mare-pugliese-e-le-sue-leggende\/\"]}]},{\"@type\":\"ImageObject\",\"inLanguage\":\"it-IT\",\"@id\":\"https:\/\/www.istitutogalanteoliva.it\/magazine\/2017\/03\/23\/da-vieste-a-torre-dellorso-il-mare-pugliese-e-le-sue-leggende\/#primaryimage\",\"url\":\"https:\/\/www.istitutogalanteoliva.it\/magazine\/wp-content\/uploads\/2019\/08\/torre-dellorso.jpg\",\"contentUrl\":\"https:\/\/www.istitutogalanteoliva.it\/magazine\/wp-content\/uploads\/2019\/08\/torre-dellorso.jpg\",\"width\":1024,\"height\":683},{\"@type\":\"BreadcrumbList\",\"@id\":\"https:\/\/www.istitutogalanteoliva.it\/magazine\/2017\/03\/23\/da-vieste-a-torre-dellorso-il-mare-pugliese-e-le-sue-leggende\/#breadcrumb\",\"itemListElement\":[{\"@type\":\"ListItem\",\"position\":1,\"name\":\"Home\",\"item\":\"https:\/\/www.istitutogalanteoliva.it\/magazine\/\"},{\"@type\":\"ListItem\",\"position\":2,\"name\":\"Da Vieste a Torre Dell\u2019Orso: Il mare pugliese e le sue leggende\"}]},{\"@type\":\"WebSite\",\"@id\":\"https:\/\/www.istitutogalanteoliva.it\/magazine\/#website\",\"url\":\"https:\/\/www.istitutogalanteoliva.it\/magazine\/\",\"name\":\"POLIS SA MAGAZINE\",\"description\":\"Informazione e approfondimenti\",\"publisher\":{\"@id\":\"https:\/\/www.istitutogalanteoliva.it\/magazine\/#organization\"},\"potentialAction\":[{\"@type\":\"SearchAction\",\"target\":{\"@type\":\"EntryPoint\",\"urlTemplate\":\"https:\/\/www.istitutogalanteoliva.it\/magazine\/?s={search_term_string}\"},\"query-input\":{\"@type\":\"PropertyValueSpecification\",\"valueRequired\":true,\"valueName\":\"search_term_string\"}}],\"inLanguage\":\"it-IT\"},{\"@type\":\"Organization\",\"@id\":\"https:\/\/www.istitutogalanteoliva.it\/magazine\/#organization\",\"name\":\"Polis SA Magazine\",\"url\":\"https:\/\/www.istitutogalanteoliva.it\/magazine\/\",\"logo\":{\"@type\":\"ImageObject\",\"inLanguage\":\"it-IT\",\"@id\":\"https:\/\/www.istitutogalanteoliva.it\/magazine\/#\/schema\/logo\/image\/\",\"url\":\"\",\"contentUrl\":\"\",\"caption\":\"Polis SA Magazine\"},\"image\":{\"@id\":\"https:\/\/www.istitutogalanteoliva.it\/magazine\/#\/schema\/logo\/image\/\"},\"sameAs\":[\"https:\/\/www.facebook.com\/PolisSAMagazine\/\",\"https:\/\/x.com\/MagazinePolis\",\"https:\/\/www.youtube.com\/channel\/UCv0Mr5AHKUmsc0sEEXkJrgw\"]},{\"@type\":\"Person\",\"@id\":\"https:\/\/www.istitutogalanteoliva.it\/magazine\/#\/schema\/person\/72e8141246542ebcf905456f5dbd4c49\",\"name\":\"admin\",\"image\":{\"@type\":\"ImageObject\",\"inLanguage\":\"it-IT\",\"@id\":\"https:\/\/www.istitutogalanteoliva.it\/magazine\/#\/schema\/person\/image\/\",\"url\":\"https:\/\/secure.gravatar.com\/avatar\/07059cc99eeb1edd29e138d1812e69ec?s=96&d=mm&r=g\",\"contentUrl\":\"https:\/\/secure.gravatar.com\/avatar\/07059cc99eeb1edd29e138d1812e69ec?s=96&d=mm&r=g\",\"caption\":\"admin\"},\"url\":\"https:\/\/www.istitutogalanteoliva.it\/magazine\/author\/admin\/\"}]}<\/script>\n<!-- \/ Yoast SEO plugin. -->","yoast_head_json":{"title":"Da Vieste a Torre Dell\u2019Orso: Il mare pugliese e le sue leggende - Polis SA Magazine","robots":{"index":"index","follow":"follow","max-snippet":"max-snippet:-1","max-image-preview":"max-image-preview:large","max-video-preview":"max-video-preview:-1"},"canonical":"https:\/\/www.istitutogalanteoliva.it\/magazine\/2017\/03\/23\/da-vieste-a-torre-dellorso-il-mare-pugliese-e-le-sue-leggende\/","og_locale":"it_IT","og_type":"article","og_title":"Da Vieste a Torre Dell\u2019Orso: Il mare pugliese e le sue leggende - Polis SA Magazine","og_description":"Si erge imponente sulla spiaggia, di fronte al mare che ondeggia sulla riva. Un\u2019intera struttura","og_url":"https:\/\/www.istitutogalanteoliva.it\/magazine\/2017\/03\/23\/da-vieste-a-torre-dellorso-il-mare-pugliese-e-le-sue-leggende\/","og_site_name":"Polis SA Magazine","article_publisher":"https:\/\/www.facebook.com\/PolisSAMagazine\/","article_published_time":"2017-03-23T12:06:32+00:00","article_modified_time":"2019-08-24T11:10:21+00:00","og_image":[{"width":1024,"height":683,"url":"https:\/\/www.istitutogalanteoliva.it\/magazine\/wp-content\/uploads\/2019\/08\/torre-dellorso.jpg","type":"image\/jpeg"}],"author":"admin","twitter_card":"summary_large_image","twitter_creator":"@MagazinePolis","twitter_site":"@MagazinePolis","twitter_misc":{"Scritto da":"admin","Tempo di lettura stimato":"4 minuti"},"schema":{"@context":"https:\/\/schema.org","@graph":[{"@type":"Article","@id":"https:\/\/www.istitutogalanteoliva.it\/magazine\/2017\/03\/23\/da-vieste-a-torre-dellorso-il-mare-pugliese-e-le-sue-leggende\/#article","isPartOf":{"@id":"https:\/\/www.istitutogalanteoliva.it\/magazine\/2017\/03\/23\/da-vieste-a-torre-dellorso-il-mare-pugliese-e-le-sue-leggende\/"},"author":{"name":"admin","@id":"https:\/\/www.istitutogalanteoliva.it\/magazine\/#\/schema\/person\/72e8141246542ebcf905456f5dbd4c49"},"headline":"Da Vieste a Torre Dell\u2019Orso: Il mare pugliese e le sue leggende","datePublished":"2017-03-23T12:06:32+00:00","dateModified":"2019-08-24T11:10:21+00:00","mainEntityOfPage":{"@id":"https:\/\/www.istitutogalanteoliva.it\/magazine\/2017\/03\/23\/da-vieste-a-torre-dellorso-il-mare-pugliese-e-le-sue-leggende\/"},"wordCount":804,"commentCount":0,"publisher":{"@id":"https:\/\/www.istitutogalanteoliva.it\/magazine\/#organization"},"image":{"@id":"https:\/\/www.istitutogalanteoliva.it\/magazine\/2017\/03\/23\/da-vieste-a-torre-dellorso-il-mare-pugliese-e-le-sue-leggende\/#primaryimage"},"thumbnailUrl":"https:\/\/www.istitutogalanteoliva.it\/magazine\/wp-content\/uploads\/2019\/08\/torre-dellorso.jpg","articleSection":["2017","Territorio"],"inLanguage":"it-IT","potentialAction":[{"@type":"CommentAction","name":"Comment","target":["https:\/\/www.istitutogalanteoliva.it\/magazine\/2017\/03\/23\/da-vieste-a-torre-dellorso-il-mare-pugliese-e-le-sue-leggende\/#respond"]}]},{"@type":"WebPage","@id":"https:\/\/www.istitutogalanteoliva.it\/magazine\/2017\/03\/23\/da-vieste-a-torre-dellorso-il-mare-pugliese-e-le-sue-leggende\/","url":"https:\/\/www.istitutogalanteoliva.it\/magazine\/2017\/03\/23\/da-vieste-a-torre-dellorso-il-mare-pugliese-e-le-sue-leggende\/","name":"Da Vieste a Torre Dell\u2019Orso: Il mare pugliese e le sue leggende - Polis SA Magazine","isPartOf":{"@id":"https:\/\/www.istitutogalanteoliva.it\/magazine\/#website"},"primaryImageOfPage":{"@id":"https:\/\/www.istitutogalanteoliva.it\/magazine\/2017\/03\/23\/da-vieste-a-torre-dellorso-il-mare-pugliese-e-le-sue-leggende\/#primaryimage"},"image":{"@id":"https:\/\/www.istitutogalanteoliva.it\/magazine\/2017\/03\/23\/da-vieste-a-torre-dellorso-il-mare-pugliese-e-le-sue-leggende\/#primaryimage"},"thumbnailUrl":"https:\/\/www.istitutogalanteoliva.it\/magazine\/wp-content\/uploads\/2019\/08\/torre-dellorso.jpg","datePublished":"2017-03-23T12:06:32+00:00","dateModified":"2019-08-24T11:10:21+00:00","breadcrumb":{"@id":"https:\/\/www.istitutogalanteoliva.it\/magazine\/2017\/03\/23\/da-vieste-a-torre-dellorso-il-mare-pugliese-e-le-sue-leggende\/#breadcrumb"},"inLanguage":"it-IT","potentialAction":[{"@type":"ReadAction","target":["https:\/\/www.istitutogalanteoliva.it\/magazine\/2017\/03\/23\/da-vieste-a-torre-dellorso-il-mare-pugliese-e-le-sue-leggende\/"]}]},{"@type":"ImageObject","inLanguage":"it-IT","@id":"https:\/\/www.istitutogalanteoliva.it\/magazine\/2017\/03\/23\/da-vieste-a-torre-dellorso-il-mare-pugliese-e-le-sue-leggende\/#primaryimage","url":"https:\/\/www.istitutogalanteoliva.it\/magazine\/wp-content\/uploads\/2019\/08\/torre-dellorso.jpg","contentUrl":"https:\/\/www.istitutogalanteoliva.it\/magazine\/wp-content\/uploads\/2019\/08\/torre-dellorso.jpg","width":1024,"height":683},{"@type":"BreadcrumbList","@id":"https:\/\/www.istitutogalanteoliva.it\/magazine\/2017\/03\/23\/da-vieste-a-torre-dellorso-il-mare-pugliese-e-le-sue-leggende\/#breadcrumb","itemListElement":[{"@type":"ListItem","position":1,"name":"Home","item":"https:\/\/www.istitutogalanteoliva.it\/magazine\/"},{"@type":"ListItem","position":2,"name":"Da Vieste a Torre Dell\u2019Orso: Il mare pugliese e le sue leggende"}]},{"@type":"WebSite","@id":"https:\/\/www.istitutogalanteoliva.it\/magazine\/#website","url":"https:\/\/www.istitutogalanteoliva.it\/magazine\/","name":"POLIS SA MAGAZINE","description":"Informazione e approfondimenti","publisher":{"@id":"https:\/\/www.istitutogalanteoliva.it\/magazine\/#organization"},"potentialAction":[{"@type":"SearchAction","target":{"@type":"EntryPoint","urlTemplate":"https:\/\/www.istitutogalanteoliva.it\/magazine\/?s={search_term_string}"},"query-input":{"@type":"PropertyValueSpecification","valueRequired":true,"valueName":"search_term_string"}}],"inLanguage":"it-IT"},{"@type":"Organization","@id":"https:\/\/www.istitutogalanteoliva.it\/magazine\/#organization","name":"Polis SA Magazine","url":"https:\/\/www.istitutogalanteoliva.it\/magazine\/","logo":{"@type":"ImageObject","inLanguage":"it-IT","@id":"https:\/\/www.istitutogalanteoliva.it\/magazine\/#\/schema\/logo\/image\/","url":"","contentUrl":"","caption":"Polis SA Magazine"},"image":{"@id":"https:\/\/www.istitutogalanteoliva.it\/magazine\/#\/schema\/logo\/image\/"},"sameAs":["https:\/\/www.facebook.com\/PolisSAMagazine\/","https:\/\/x.com\/MagazinePolis","https:\/\/www.youtube.com\/channel\/UCv0Mr5AHKUmsc0sEEXkJrgw"]},{"@type":"Person","@id":"https:\/\/www.istitutogalanteoliva.it\/magazine\/#\/schema\/person\/72e8141246542ebcf905456f5dbd4c49","name":"admin","image":{"@type":"ImageObject","inLanguage":"it-IT","@id":"https:\/\/www.istitutogalanteoliva.it\/magazine\/#\/schema\/person\/image\/","url":"https:\/\/secure.gravatar.com\/avatar\/07059cc99eeb1edd29e138d1812e69ec?s=96&d=mm&r=g","contentUrl":"https:\/\/secure.gravatar.com\/avatar\/07059cc99eeb1edd29e138d1812e69ec?s=96&d=mm&r=g","caption":"admin"},"url":"https:\/\/www.istitutogalanteoliva.it\/magazine\/author\/admin\/"}]}},"_links":{"self":[{"href":"https:\/\/www.istitutogalanteoliva.it\/magazine\/wp-json\/wp\/v2\/posts\/1129","targetHints":{"allow":["GET"]}}],"collection":[{"href":"https:\/\/www.istitutogalanteoliva.it\/magazine\/wp-json\/wp\/v2\/posts"}],"about":[{"href":"https:\/\/www.istitutogalanteoliva.it\/magazine\/wp-json\/wp\/v2\/types\/post"}],"author":[{"embeddable":true,"href":"https:\/\/www.istitutogalanteoliva.it\/magazine\/wp-json\/wp\/v2\/users\/1"}],"replies":[{"embeddable":true,"href":"https:\/\/www.istitutogalanteoliva.it\/magazine\/wp-json\/wp\/v2\/comments?post=1129"}],"version-history":[{"count":1,"href":"https:\/\/www.istitutogalanteoliva.it\/magazine\/wp-json\/wp\/v2\/posts\/1129\/revisions"}],"predecessor-version":[{"id":1131,"href":"https:\/\/www.istitutogalanteoliva.it\/magazine\/wp-json\/wp\/v2\/posts\/1129\/revisions\/1131"}],"wp:featuredmedia":[{"embeddable":true,"href":"https:\/\/www.istitutogalanteoliva.it\/magazine\/wp-json\/wp\/v2\/media\/1130"}],"wp:attachment":[{"href":"https:\/\/www.istitutogalanteoliva.it\/magazine\/wp-json\/wp\/v2\/media?parent=1129"}],"wp:term":[{"taxonomy":"category","embeddable":true,"href":"https:\/\/www.istitutogalanteoliva.it\/magazine\/wp-json\/wp\/v2\/categories?post=1129"},{"taxonomy":"post_tag","embeddable":true,"href":"https:\/\/www.istitutogalanteoliva.it\/magazine\/wp-json\/wp\/v2\/tags?post=1129"}],"curies":[{"name":"wp","href":"https:\/\/api.w.org\/{rel}","templated":true}]}}