{"id":11319,"date":"2022-01-02T08:00:00","date_gmt":"2022-01-02T07:00:00","guid":{"rendered":"https:\/\/www.istitutogalanteoliva.it\/magazine\/?p=11319"},"modified":"2022-01-16T14:34:44","modified_gmt":"2022-01-16T13:34:44","slug":"il-campanile-di-san-giacomo-a-mercato-san-severino-sa","status":"publish","type":"post","link":"https:\/\/www.istitutogalanteoliva.it\/magazine\/2022\/01\/02\/il-campanile-di-san-giacomo-a-mercato-san-severino-sa\/","title":{"rendered":"Il Campanile di San Giacomo a Mercato San Severino (SA)"},"content":{"rendered":"\n<p><strong>di <em>Anna Maria Noia <\/em><\/strong><\/p>\n\n\n\n<p class=\"has-drop-cap\">La storia \u00e8, o dovrebbe essere, maestra di vita. Di educazione. Lo sguardo al passato serve sempre per proiettarsi nell\u2019imminente futuro. <\/p>\n\n\n\n<p>Cos\u00ec ci si augura sia. Anche a <strong>Mercato San Severino<\/strong> (provincia di Salerno), cittadina ricchissima di storia e di vicende trascorse; location molto fiorente e \u2013 da sempre &#8211; al centro di traffici e scambi commerciali nonch\u00e9 di alterni episodi \u2013 legati alla nobile e gloriosa famiglia <strong>Sanseverino<\/strong>. Che ha dato lustro, vanto, onore e denominazione alla cittadina. Innumerevoli, tra le ventidue frazioni (compresi alcuni quartieri di lignaggio) del circondario, i siti di interesse storico; artistico; archeologico da visitare e\/o da menzionare.<\/p>\n\n\n\n<p> Anche se \u2013 purtroppo \u2013 attualmente San Severino appare quanto mai \u201ccementificata\u201d e vituperata da vandali o scriteriati. Un motivo in pi\u00f9 per soffermarsi sulle bellezze di cui \u00e8 pienissima. I monumenti pi\u00f9 celebri e conosciuti sono spesso oggetto di visite guidate; uscite didattiche scolastiche e passeggiate culturali. Anche di trekking urbano. Ad esempio il famoso <strong>castello<\/strong> adagiato tra le colline di<strong> Cerrelle e S. Croce<\/strong>; la <strong>chiesa di S. Giovanni;<\/strong> il <strong>municipio <\/strong>stesso (di realizzazione rinascimentale, pare, con la sede del convento domenicano ma poi \u201cultimato\u201d in epoca settecentesca \u2013 ad opera del costruttore o imprenditore edile <strong>Carmine Calvane<\/strong>se, su \u201cmandato\u201d dell\u2019ingegnere <em>Michelangelo Arinelli<\/em>, Napoli). <\/p>\n\n\n\n<p>Ma, accanto a tali \u201c<em>sightseeing<\/em>\u201d (cio\u00e8 luoghi \u201cnotevoli\u201d), esistono tanti altri siti non molto valorizzati o contemplati. Uno dei tanti, tra questi, potrebbe essere il<strong> campanile di San Giacomo<\/strong> \u2013 al capoluogo; vicinissimo alla <strong>chiesa\/convento di S. Antonio<\/strong> \u2013 gi\u00e0 pi\u00f9 visitata e\/o visitata. <\/p>\n\n\n\n<figure class=\"wp-block-image size-large is-resized\"><img loading=\"lazy\" decoding=\"async\" src=\"https:\/\/www.istitutogalanteoliva.it\/magazine\/wp-content\/uploads\/2022\/01\/Foto-articolo-campanile-di-San-Giacomo-Noia-San-Severino-num-2.jpg\" alt=\"\" class=\"wp-image-11321\" width=\"469\" height=\"344\" srcset=\"https:\/\/www.istitutogalanteoliva.it\/magazine\/wp-content\/uploads\/2022\/01\/Foto-articolo-campanile-di-San-Giacomo-Noia-San-Severino-num-2.jpg 750w, https:\/\/www.istitutogalanteoliva.it\/magazine\/wp-content\/uploads\/2022\/01\/Foto-articolo-campanile-di-San-Giacomo-Noia-San-Severino-num-2-300x220.jpg 300w\" sizes=\"auto, (max-width: 469px) 100vw, 469px\" \/><\/figure>\n\n\n\n<p>Oggetto, in verit\u00e0, di numerose e opportune; interessanti ricerche, il campanile si erge a testimonianza della presenza dell\u2019omonima chiesa di San Giacomo. Le notizie di questo monumento (dal latino: \u201cMemento\u201d, cio\u00e8 \u201c<em>Ricorda\u201d<\/em>; oppure \u201c<em>Moneo<\/em>\u201d: \u201c<em>Sei ammonito<\/em>\u201d; o anche \u201c<em>Munus<\/em>\u201d \u2013 \u201c<em>Dono<\/em>\u201d) al principio frammentarie, si sono poi susseguite abbastanza copiosamente. Per\u00f2 molte fonti sono contrastanti o contrastate. Emergono dalle varie ricerche informazioni su questo luogo \u2013 dove si amministrava, nei tempi antichi, la giustizia. Nonch\u00e9 si vivevano le \u201cpolitiche sociali\u201d, inerenti il diritto e la potest\u00e0 \u201ctemporale\u201d \u2013 anche tra gli edifici religiosi. <\/p>\n\n\n\n<p>Si dice, o si sa, per esempio che \u201cla prima informazione relativa alla chiesa risale al 1309\u201d. Seguendo l\u2019opera storica e storiografica di molti studiosi ed esperti (tra i quali il docente <strong>Giuseppe Rescigno<\/strong>, attivo a San Severino in tutti questi anni), e ripercorrendo importanti fonti di archivio o documenti \u201cquotati\u201d, si parla della \u201c<strong><em>ecclesia Sancti Iacobi de Cervito<\/em><\/strong>\u201d. La localit\u00e0 <strong>Cervito<\/strong> \u00e8 \u2013 diciamo cos\u00ec \u2013 lo \u201cspartiacque\u201d; il \u201cconfine\u201d tra i comuni di San <strong>Severino <\/strong>e <strong>Fisciano<\/strong>. Il suo etimo, \u201caffibbiato\u201d anche alla chiesa e al suo campanile svettante, potrebbe derivare dalla presenza di cervi; oppure dal termine \u201c<em>cervice<\/em>\u201d (\u201c<em>testa<\/em>\u201d) o anche da vocaboli inerenti la presenza di acque in zona. <\/p>\n\n\n\n<div class=\"wp-block-image\"><figure class=\"alignleft size-large\"><img loading=\"lazy\" decoding=\"async\" width=\"240\" height=\"200\" src=\"https:\/\/www.istitutogalanteoliva.it\/magazine\/wp-content\/uploads\/2022\/01\/Foto-articolo-campanile-di-San-Giacomo-Noia-San-Severino-num-6.gif\" alt=\"\" class=\"wp-image-11322\"\/><\/figure><\/div>\n\n\n\n<p>Ma ci sono anche altre interpretazioni \u2013 diverse e variegate tra loro. Proseguendo, nell\u2019anno <strong>1564<\/strong> una visita pastorale da parte di \u201c<em>funzionari\u201d <\/em>ecclesiastici consente di dedurre che \u2013 nei pressi del sito \u2013 si stesse costruendo anche un ospedale. Ci\u00f2 viene chiarito anche da un ulteriore atto \u2013 datato <strong>1593 <\/strong>\u2013 nel quale si parla, per l\u2019appunto, sia dell\u2019ospedale che della presenza di un monte di piet\u00e0 sempre vicino alla localit\u00e0. Un\u2019altra visita pastorale avviene nell\u2019anno <strong>1663<\/strong>. L\u2019apposito documento attesta che \u2013 nello stesso 1663 \u2013 la chiesa versa in condizioni \u201c<em>rovinose<\/em>\u201d. <\/p>\n\n\n\n<p>Nel<strong> 1760<\/strong>, secondo Rescigno \u2013 in \u201c<strong><em>Chiese, palazzi, giardini. Itinerari ambientali e culturali a Mercato San Severino\u201d (2004)<\/em><\/strong> \u2013 San Giacomo \u00e8 annessa alla parrocchia di S. Maria delle Grazie. Ancora, nel 1799, al suo interno si svolgono le riunioni dei \u201c<em>pubblici parlamenti\u201d<\/em> \u2013 nell\u2019Universit\u00e0 (centro di potere) dello <em>\u201cStato\u201d<\/em> di Sanseverino (o S. Severino). <\/p>\n\n\n\n<p>Nel <strong>1858,<\/strong> sempre secondo Giuseppe Rescigno, il vicario foraneo del tempo decide di prescrivere \u201cinnovazioni\u201d alle mura; al soffitto; al pavimento. Ai primi del \u2018900 (nel <strong>1902<\/strong> la chiesa svolgeva ancora le proprie funzioni) si perdono le\u2026 <em>\u201ctracce\u201d<\/em> di alcune statue e\/o degli arredi dell\u2019ambiente. Oggigiorno, di tutto il complesso si conserva il campanile. Negli ambienti della chiesa \u00e8 stata allocata una comunit\u00e0 di recupero per tossicodipendenti. <\/p>\n\n\n\n<p>Il vincolo, per\u00f2, \u00e8 tuttora a cura della Soprintendenza di Salerno e Avellino. Non solo Rescigno, per\u00f2, si \u00e8 occupato del campanile e del complesso di San Giacomo: altri validi studiosi hanno espresso congetture e\/o approntato ricerche peculiari e (soprattutto) inedite; originali; particolari che gettano nuova luce su questo bel monumento. Tra costoro, studiosi anche autodidatti ma qualificati e seri \u2013 <strong>Gaetano Izzo<\/strong>; <strong>Gino Noia<\/strong>; altri autorevoli ricercatori \u2013 hanno contribuito con loro elaborati alla salvaguardia della cultura a San Severino. Tra i documenti reperiti da Izzo e Noia, ecco un interessante \u201c<em>abstract<\/em>\u201d (estratto) che intendiamo sottoporre all\u2019attenzione dei posteri; delle nuove generazioni.<\/p>\n\n\n\n<figure class=\"wp-block-image size-large is-resized\"><img loading=\"lazy\" decoding=\"async\" src=\"https:\/\/www.istitutogalanteoliva.it\/magazine\/wp-content\/uploads\/2022\/01\/Foto-articolo-campanile-di-San-Giacomo-Noia-San-Severino-num-1-1024x577.png\" alt=\"\" class=\"wp-image-11323\" width=\"512\" height=\"289\" srcset=\"https:\/\/www.istitutogalanteoliva.it\/magazine\/wp-content\/uploads\/2022\/01\/Foto-articolo-campanile-di-San-Giacomo-Noia-San-Severino-num-1-1024x577.png 1024w, https:\/\/www.istitutogalanteoliva.it\/magazine\/wp-content\/uploads\/2022\/01\/Foto-articolo-campanile-di-San-Giacomo-Noia-San-Severino-num-1-300x169.png 300w, https:\/\/www.istitutogalanteoliva.it\/magazine\/wp-content\/uploads\/2022\/01\/Foto-articolo-campanile-di-San-Giacomo-Noia-San-Severino-num-1-768x433.png 768w, https:\/\/www.istitutogalanteoliva.it\/magazine\/wp-content\/uploads\/2022\/01\/Foto-articolo-campanile-di-San-Giacomo-Noia-San-Severino-num-1-1536x866.png 1536w, https:\/\/www.istitutogalanteoliva.it\/magazine\/wp-content\/uploads\/2022\/01\/Foto-articolo-campanile-di-San-Giacomo-Noia-San-Severino-num-1.png 1920w\" sizes=\"auto, (max-width: 512px) 100vw, 512px\" \/><\/figure>\n\n\n\n<p> Sempre dagli archivi e da altri luoghi di ricerca frequentati, Izzo (storico di Castel San Giorgio \u2013 sempre nel Salernitano) esprime cos\u00ec ci\u00f2 che ha ritrovato: secondo le sue fonti, il <strong>16 gennaio 1672<\/strong> segna la convenzione siglata tra i frati (i monaci erano anacoreti o eremiti, mentre i frati rappresentavano e rappresentano una comunit\u00e0; una collettivit\u00e0) del convento di <strong>S. Francesco \u201cde Foro\u201d<\/strong> (il foro \u2013 dal latino \u201c<em>forum<\/em>\u201d &#8211; \u00e8 stato, sin dalle origini romane, un luogo deputato agli atti amministrativi ed economici) e i governatori della chiesa di \u201cSan Giacomo di Cervito\u201d; per la costruzione (completamento) del campanile. Afferma Gaetano Izzo \u2013 nelle sue incursioni culturali e con documenti \u201c<em>freschi<\/em>\u201d di archivio \u2013 che, in tal data, nel convento di S. Francesco de Foro si riuniscono (riunirono) i padri: <strong>fra Bernardino da Sanseverino<\/strong>; <strong>fra Lorenzo Francavilla <\/strong>(sacerdoti); f<strong>ra Bonaventura di Caserta<\/strong> (diacono); <strong>frate Giuseppe Lepor<\/strong>e (proietto); fra<strong>te Domenico di Napoli<\/strong> \u2013 da una parte \u2013 e i governatori (magnifici signori) <strong>Gio. Lorenzo Correale<\/strong> (dal latino: \u201cCurialis\u201d \u2013 cio\u00e8 con \u201camici o parenti in Curia\u201d) e (magn.) <strong>Livio Petrone<\/strong> dall\u2019altra parte. Tutti insieme, secondo la ricerca, concordano che per la costruzione e il completamento del campanile i governatori della chiesa di San Giacomo rilasciano ai frati (o monaci?) di S. Francesco \u201cducati dieci\u201d, per \u201cla cessione del suolo\u201d &#8211; di propriet\u00e0 dei religiosi. Sembra che \u2013 in un concordato precedente \u2013 i governatori non avessero versato la somma pattuita. \u00c8 scritto sui documenti: \u201c<em>per quello estimati come dissero del suolo seu terra, dove ab anticuo sta principiata la pianta del campanile; accosta le mura della chiesa di S. Giacomo \u2013 da settentrione \u2013 et poi per assisterne et poi per essi signori Governatori e mastri di detta chiesa e loro per<\/em>\u2026\u201d<br>E si prosegue: \u201c<em>La fabrica [sic!] per alzare predetto campanile, atteso detto suolo seu pianta dove sta detto campanile; dicono esse parti che si \u00e8 ritrovato per atto pubblico rogato per mano del fu\u2026 Pignataro\u201d<\/em>. <\/p>\n\n\n\n<p>Quindi un documento importante, davvero denso di curiosit\u00e0, per meglio evidenziare o valorizzare quest\u2019opera fondamentale alla cittadinanza sanseverinese \u2013 che spesso misconosce i propri stessi beni artistici \u2013 nonch\u00e9 ai visitatori da comuni limitrofi o addirittura da fuori regione. Diamo atto (e plauso) a storici quali Izzo ed altri di nutrire e rinverdire la memoria dei nostri avi; dei patres. Sta a noi, adesso \u2013 e maggiormente alle giovani generazioni \u2013 recuperare e rispettare quanto di bello ed edificante gli antenati e i predecessori hanno consegnato alla cura di ciascuno di noi. Ricordiamo che il campanile di cui sopra \u00e8 stato oggetto di restauro. <\/p>\n\n\n\n<p>Gi\u00e0 nel <strong>2019<\/strong> si \u00e8 molto parlato di tale bene, in quanto i lavori di restauro sono stati consegnati alla ditta \u201c<strong>Eurostrade\u201d<\/strong> di Briano (Caserta). L\u2019appalto ha previsto un importo di circa 120mila euro. Gli interventi sono a cura dell\u2019architetto<strong> Carmine Petraccaro<\/strong> \u2013 professionista che opera a San Severino. Un monumento molto affascinante, quindi, \u00e8 il campanile e \u2013 come detto sopra \u2013 abbastanza ignoto ai pi\u00f9.<\/p>\n\n\n\n<p class=\"has-text-align-left\"><br><br><img loading=\"lazy\" decoding=\"async\" width=\"100\" height=\"100\" class=\"wp-image-6058\" style=\"width: 100px;\" src=\"https:\/\/www.istitutogalanteoliva.it\/magazine\/wp-content\/uploads\/2021\/03\/Anna-Maria1.jpg\" alt=\"\" srcset=\"https:\/\/www.istitutogalanteoliva.it\/magazine\/wp-content\/uploads\/2021\/03\/Anna-Maria1.jpg 674w, https:\/\/www.istitutogalanteoliva.it\/magazine\/wp-content\/uploads\/2021\/03\/Anna-Maria1-300x300.jpg 300w, https:\/\/www.istitutogalanteoliva.it\/magazine\/wp-content\/uploads\/2021\/03\/Anna-Maria1-150x150.jpg 150w\" sizes=\"auto, (max-width: 100px) 100vw, 100px\" \/>  <em><span class=\"has-inline-color has-vivid-cyan-blue-color\"><strong><a href=\"https:\/\/www.istitutogalanteoliva.it\/magazine\/?s=Anna+Maria+Noia+\" target=\"_blank\" rel=\"noreferrer noopener\">Anna Maria Noia <\/a><\/strong><\/span><\/em><\/p>\n\n\n\n<p><br><\/p>\n<div class=\"pdfprnt-buttons pdfprnt-buttons-post pdfprnt-bottom-left\"><a href=\"https:\/\/www.istitutogalanteoliva.it\/magazine\/wp-json\/wp\/v2\/posts\/11319?print=print\" class=\"pdfprnt-button pdfprnt-button-print\" target=\"_blank\"><img decoding=\"async\" src=\"https:\/\/www.istitutogalanteoliva.it\/magazine\/wp-content\/plugins\/pdf-print\/images\/print.png\" alt=\"image_print\" title=\"Stampa contenuto\" \/><span class=\"pdfprnt-button-title pdfprnt-button-print-title\">Download in PDF<\/span><\/a><\/div>","protected":false},"excerpt":{"rendered":"<p>Il campanile di San Giacomo a Mercato San Severino, nei documenti d\u2019archivio ritrovati dallo storico autodidatta locale Gaetano Izzo \u2013 di Castel san Giorgio (Salerno)<\/p>\n","protected":false},"author":2,"featured_media":11320,"comment_status":"open","ping_status":"open","sticky":true,"template":"","format":"standard","meta":{"footnotes":""},"categories":[577,56],"tags":[115,568,567,83,219],"class_list":["post-11319","post","type-post","status-publish","format-standard","has-post-thumbnail","hentry","category-577","category-la-piccola-grande-storia","tag-campania","tag-chiesa-san-giacomo","tag-mercato-san-severino","tag-salerno","tag-territorio"],"yoast_head":"<!-- This site is optimized with the Yoast SEO plugin v24.2 - https:\/\/yoast.com\/wordpress\/plugins\/seo\/ -->\n<title>Il Campanile di San Giacomo a Mercato San Severino (SA) - Polis SA Magazine<\/title>\n<meta name=\"description\" content=\"Il campanile di San Giacomo a Mercato San Severino, nei documenti d\u2019archivio ritrovati dallo storico autodidatta locale Gaetano Izzo \u2013 di Castel san Giorgio (Salerno)\" \/>\n<meta name=\"robots\" content=\"index, follow, max-snippet:-1, max-image-preview:large, max-video-preview:-1\" \/>\n<link rel=\"canonical\" href=\"https:\/\/www.istitutogalanteoliva.it\/magazine\/2022\/01\/02\/il-campanile-di-san-giacomo-a-mercato-san-severino-sa\/\" \/>\n<meta property=\"og:locale\" content=\"it_IT\" \/>\n<meta property=\"og:type\" content=\"article\" \/>\n<meta property=\"og:title\" content=\"Il Campanile di San Giacomo a Mercato San Severino (SA) - Polis SA Magazine\" \/>\n<meta property=\"og:description\" content=\"Il campanile di San Giacomo a Mercato San Severino, nei documenti d\u2019archivio ritrovati dallo storico autodidatta locale Gaetano Izzo \u2013 di Castel san Giorgio (Salerno)\" \/>\n<meta property=\"og:url\" content=\"https:\/\/www.istitutogalanteoliva.it\/magazine\/2022\/01\/02\/il-campanile-di-san-giacomo-a-mercato-san-severino-sa\/\" \/>\n<meta property=\"og:site_name\" content=\"Polis SA Magazine\" \/>\n<meta property=\"article:publisher\" content=\"https:\/\/www.facebook.com\/PolisSAMagazine\/\" \/>\n<meta property=\"article:published_time\" content=\"2022-01-02T07:00:00+00:00\" \/>\n<meta property=\"article:modified_time\" content=\"2022-01-16T13:34:44+00:00\" \/>\n<meta property=\"og:image\" content=\"https:\/\/www.istitutogalanteoliva.it\/magazine\/wp-content\/uploads\/2022\/01\/WhatsApp-Image-2021-12-30-at-14.29.26-1.jpeg\" \/>\n\t<meta property=\"og:image:width\" content=\"640\" \/>\n\t<meta property=\"og:image:height\" content=\"380\" \/>\n\t<meta property=\"og:image:type\" content=\"image\/jpeg\" \/>\n<meta name=\"author\" content=\"Antonello Rivano\" \/>\n<meta name=\"twitter:card\" content=\"summary_large_image\" \/>\n<meta name=\"twitter:creator\" content=\"@MagazinePolis\" \/>\n<meta name=\"twitter:site\" content=\"@MagazinePolis\" \/>\n<meta name=\"twitter:label1\" content=\"Scritto da\" \/>\n\t<meta name=\"twitter:data1\" content=\"Antonello Rivano\" \/>\n\t<meta name=\"twitter:label2\" content=\"Tempo di lettura stimato\" \/>\n\t<meta name=\"twitter:data2\" content=\"8 minuti\" \/>\n<script type=\"application\/ld+json\" class=\"yoast-schema-graph\">{\"@context\":\"https:\/\/schema.org\",\"@graph\":[{\"@type\":\"Article\",\"@id\":\"https:\/\/www.istitutogalanteoliva.it\/magazine\/2022\/01\/02\/il-campanile-di-san-giacomo-a-mercato-san-severino-sa\/#article\",\"isPartOf\":{\"@id\":\"https:\/\/www.istitutogalanteoliva.it\/magazine\/2022\/01\/02\/il-campanile-di-san-giacomo-a-mercato-san-severino-sa\/\"},\"author\":{\"name\":\"Antonello Rivano\",\"@id\":\"https:\/\/www.istitutogalanteoliva.it\/magazine\/#\/schema\/person\/d8b8aa79cfe8babc1df9da3212a7c0c4\"},\"headline\":\"Il Campanile di San Giacomo a Mercato San Severino (SA)\",\"datePublished\":\"2022-01-02T07:00:00+00:00\",\"dateModified\":\"2022-01-16T13:34:44+00:00\",\"mainEntityOfPage\":{\"@id\":\"https:\/\/www.istitutogalanteoliva.it\/magazine\/2022\/01\/02\/il-campanile-di-san-giacomo-a-mercato-san-severino-sa\/\"},\"wordCount\":1242,\"commentCount\":0,\"publisher\":{\"@id\":\"https:\/\/www.istitutogalanteoliva.it\/magazine\/#organization\"},\"image\":{\"@id\":\"https:\/\/www.istitutogalanteoliva.it\/magazine\/2022\/01\/02\/il-campanile-di-san-giacomo-a-mercato-san-severino-sa\/#primaryimage\"},\"thumbnailUrl\":\"https:\/\/www.istitutogalanteoliva.it\/magazine\/wp-content\/uploads\/2022\/01\/WhatsApp-Image-2021-12-30-at-14.29.26-1.jpeg\",\"keywords\":[\"campania\",\"chiesa san giacomo\",\"mercato san severino\",\"salerno\",\"territorio\"],\"articleSection\":[\"2022\",\"La piccola grande storia\"],\"inLanguage\":\"it-IT\",\"potentialAction\":[{\"@type\":\"CommentAction\",\"name\":\"Comment\",\"target\":[\"https:\/\/www.istitutogalanteoliva.it\/magazine\/2022\/01\/02\/il-campanile-di-san-giacomo-a-mercato-san-severino-sa\/#respond\"]}]},{\"@type\":\"WebPage\",\"@id\":\"https:\/\/www.istitutogalanteoliva.it\/magazine\/2022\/01\/02\/il-campanile-di-san-giacomo-a-mercato-san-severino-sa\/\",\"url\":\"https:\/\/www.istitutogalanteoliva.it\/magazine\/2022\/01\/02\/il-campanile-di-san-giacomo-a-mercato-san-severino-sa\/\",\"name\":\"Il Campanile di San Giacomo a Mercato San Severino (SA) - Polis SA Magazine\",\"isPartOf\":{\"@id\":\"https:\/\/www.istitutogalanteoliva.it\/magazine\/#website\"},\"primaryImageOfPage\":{\"@id\":\"https:\/\/www.istitutogalanteoliva.it\/magazine\/2022\/01\/02\/il-campanile-di-san-giacomo-a-mercato-san-severino-sa\/#primaryimage\"},\"image\":{\"@id\":\"https:\/\/www.istitutogalanteoliva.it\/magazine\/2022\/01\/02\/il-campanile-di-san-giacomo-a-mercato-san-severino-sa\/#primaryimage\"},\"thumbnailUrl\":\"https:\/\/www.istitutogalanteoliva.it\/magazine\/wp-content\/uploads\/2022\/01\/WhatsApp-Image-2021-12-30-at-14.29.26-1.jpeg\",\"datePublished\":\"2022-01-02T07:00:00+00:00\",\"dateModified\":\"2022-01-16T13:34:44+00:00\",\"description\":\"Il campanile di San Giacomo a Mercato San Severino, nei documenti d\u2019archivio ritrovati dallo storico autodidatta locale Gaetano Izzo \u2013 di Castel san Giorgio (Salerno)\",\"breadcrumb\":{\"@id\":\"https:\/\/www.istitutogalanteoliva.it\/magazine\/2022\/01\/02\/il-campanile-di-san-giacomo-a-mercato-san-severino-sa\/#breadcrumb\"},\"inLanguage\":\"it-IT\",\"potentialAction\":[{\"@type\":\"ReadAction\",\"target\":[\"https:\/\/www.istitutogalanteoliva.it\/magazine\/2022\/01\/02\/il-campanile-di-san-giacomo-a-mercato-san-severino-sa\/\"]}]},{\"@type\":\"ImageObject\",\"inLanguage\":\"it-IT\",\"@id\":\"https:\/\/www.istitutogalanteoliva.it\/magazine\/2022\/01\/02\/il-campanile-di-san-giacomo-a-mercato-san-severino-sa\/#primaryimage\",\"url\":\"https:\/\/www.istitutogalanteoliva.it\/magazine\/wp-content\/uploads\/2022\/01\/WhatsApp-Image-2021-12-30-at-14.29.26-1.jpeg\",\"contentUrl\":\"https:\/\/www.istitutogalanteoliva.it\/magazine\/wp-content\/uploads\/2022\/01\/WhatsApp-Image-2021-12-30-at-14.29.26-1.jpeg\",\"width\":640,\"height\":380},{\"@type\":\"BreadcrumbList\",\"@id\":\"https:\/\/www.istitutogalanteoliva.it\/magazine\/2022\/01\/02\/il-campanile-di-san-giacomo-a-mercato-san-severino-sa\/#breadcrumb\",\"itemListElement\":[{\"@type\":\"ListItem\",\"position\":1,\"name\":\"Home\",\"item\":\"https:\/\/www.istitutogalanteoliva.it\/magazine\/\"},{\"@type\":\"ListItem\",\"position\":2,\"name\":\"Il Campanile di San Giacomo a Mercato San Severino (SA)\"}]},{\"@type\":\"WebSite\",\"@id\":\"https:\/\/www.istitutogalanteoliva.it\/magazine\/#website\",\"url\":\"https:\/\/www.istitutogalanteoliva.it\/magazine\/\",\"name\":\"POLIS SA MAGAZINE\",\"description\":\"Informazione e approfondimenti\",\"publisher\":{\"@id\":\"https:\/\/www.istitutogalanteoliva.it\/magazine\/#organization\"},\"potentialAction\":[{\"@type\":\"SearchAction\",\"target\":{\"@type\":\"EntryPoint\",\"urlTemplate\":\"https:\/\/www.istitutogalanteoliva.it\/magazine\/?s={search_term_string}\"},\"query-input\":{\"@type\":\"PropertyValueSpecification\",\"valueRequired\":true,\"valueName\":\"search_term_string\"}}],\"inLanguage\":\"it-IT\"},{\"@type\":\"Organization\",\"@id\":\"https:\/\/www.istitutogalanteoliva.it\/magazine\/#organization\",\"name\":\"Polis SA Magazine\",\"url\":\"https:\/\/www.istitutogalanteoliva.it\/magazine\/\",\"logo\":{\"@type\":\"ImageObject\",\"inLanguage\":\"it-IT\",\"@id\":\"https:\/\/www.istitutogalanteoliva.it\/magazine\/#\/schema\/logo\/image\/\",\"url\":\"\",\"contentUrl\":\"\",\"caption\":\"Polis SA Magazine\"},\"image\":{\"@id\":\"https:\/\/www.istitutogalanteoliva.it\/magazine\/#\/schema\/logo\/image\/\"},\"sameAs\":[\"https:\/\/www.facebook.com\/PolisSAMagazine\/\",\"https:\/\/x.com\/MagazinePolis\",\"https:\/\/www.youtube.com\/channel\/UCv0Mr5AHKUmsc0sEEXkJrgw\"]},{\"@type\":\"Person\",\"@id\":\"https:\/\/www.istitutogalanteoliva.it\/magazine\/#\/schema\/person\/d8b8aa79cfe8babc1df9da3212a7c0c4\",\"name\":\"Antonello Rivano\",\"image\":{\"@type\":\"ImageObject\",\"inLanguage\":\"it-IT\",\"@id\":\"https:\/\/www.istitutogalanteoliva.it\/magazine\/#\/schema\/person\/image\/\",\"url\":\"https:\/\/secure.gravatar.com\/avatar\/517a9a6487a7a18ecc4ce6d2e57a8f40?s=96&d=mm&r=g\",\"contentUrl\":\"https:\/\/secure.gravatar.com\/avatar\/517a9a6487a7a18ecc4ce6d2e57a8f40?s=96&d=mm&r=g\",\"caption\":\"Antonello Rivano\"},\"url\":\"https:\/\/www.istitutogalanteoliva.it\/magazine\/author\/antonello\/\"}]}<\/script>\n<!-- \/ Yoast SEO plugin. -->","yoast_head_json":{"title":"Il Campanile di San Giacomo a Mercato San Severino (SA) - Polis SA Magazine","description":"Il campanile di San Giacomo a Mercato San Severino, nei documenti d\u2019archivio ritrovati dallo storico autodidatta locale Gaetano Izzo \u2013 di Castel san Giorgio (Salerno)","robots":{"index":"index","follow":"follow","max-snippet":"max-snippet:-1","max-image-preview":"max-image-preview:large","max-video-preview":"max-video-preview:-1"},"canonical":"https:\/\/www.istitutogalanteoliva.it\/magazine\/2022\/01\/02\/il-campanile-di-san-giacomo-a-mercato-san-severino-sa\/","og_locale":"it_IT","og_type":"article","og_title":"Il Campanile di San Giacomo a Mercato San Severino (SA) - Polis SA Magazine","og_description":"Il campanile di San Giacomo a Mercato San Severino, nei documenti d\u2019archivio ritrovati dallo storico autodidatta locale Gaetano Izzo \u2013 di Castel san Giorgio (Salerno)","og_url":"https:\/\/www.istitutogalanteoliva.it\/magazine\/2022\/01\/02\/il-campanile-di-san-giacomo-a-mercato-san-severino-sa\/","og_site_name":"Polis SA Magazine","article_publisher":"https:\/\/www.facebook.com\/PolisSAMagazine\/","article_published_time":"2022-01-02T07:00:00+00:00","article_modified_time":"2022-01-16T13:34:44+00:00","og_image":[{"width":640,"height":380,"url":"https:\/\/www.istitutogalanteoliva.it\/magazine\/wp-content\/uploads\/2022\/01\/WhatsApp-Image-2021-12-30-at-14.29.26-1.jpeg","type":"image\/jpeg"}],"author":"Antonello Rivano","twitter_card":"summary_large_image","twitter_creator":"@MagazinePolis","twitter_site":"@MagazinePolis","twitter_misc":{"Scritto da":"Antonello Rivano","Tempo di lettura stimato":"8 minuti"},"schema":{"@context":"https:\/\/schema.org","@graph":[{"@type":"Article","@id":"https:\/\/www.istitutogalanteoliva.it\/magazine\/2022\/01\/02\/il-campanile-di-san-giacomo-a-mercato-san-severino-sa\/#article","isPartOf":{"@id":"https:\/\/www.istitutogalanteoliva.it\/magazine\/2022\/01\/02\/il-campanile-di-san-giacomo-a-mercato-san-severino-sa\/"},"author":{"name":"Antonello Rivano","@id":"https:\/\/www.istitutogalanteoliva.it\/magazine\/#\/schema\/person\/d8b8aa79cfe8babc1df9da3212a7c0c4"},"headline":"Il Campanile di San Giacomo a Mercato San Severino (SA)","datePublished":"2022-01-02T07:00:00+00:00","dateModified":"2022-01-16T13:34:44+00:00","mainEntityOfPage":{"@id":"https:\/\/www.istitutogalanteoliva.it\/magazine\/2022\/01\/02\/il-campanile-di-san-giacomo-a-mercato-san-severino-sa\/"},"wordCount":1242,"commentCount":0,"publisher":{"@id":"https:\/\/www.istitutogalanteoliva.it\/magazine\/#organization"},"image":{"@id":"https:\/\/www.istitutogalanteoliva.it\/magazine\/2022\/01\/02\/il-campanile-di-san-giacomo-a-mercato-san-severino-sa\/#primaryimage"},"thumbnailUrl":"https:\/\/www.istitutogalanteoliva.it\/magazine\/wp-content\/uploads\/2022\/01\/WhatsApp-Image-2021-12-30-at-14.29.26-1.jpeg","keywords":["campania","chiesa san giacomo","mercato san severino","salerno","territorio"],"articleSection":["2022","La piccola grande storia"],"inLanguage":"it-IT","potentialAction":[{"@type":"CommentAction","name":"Comment","target":["https:\/\/www.istitutogalanteoliva.it\/magazine\/2022\/01\/02\/il-campanile-di-san-giacomo-a-mercato-san-severino-sa\/#respond"]}]},{"@type":"WebPage","@id":"https:\/\/www.istitutogalanteoliva.it\/magazine\/2022\/01\/02\/il-campanile-di-san-giacomo-a-mercato-san-severino-sa\/","url":"https:\/\/www.istitutogalanteoliva.it\/magazine\/2022\/01\/02\/il-campanile-di-san-giacomo-a-mercato-san-severino-sa\/","name":"Il Campanile di San Giacomo a Mercato San Severino (SA) - Polis SA Magazine","isPartOf":{"@id":"https:\/\/www.istitutogalanteoliva.it\/magazine\/#website"},"primaryImageOfPage":{"@id":"https:\/\/www.istitutogalanteoliva.it\/magazine\/2022\/01\/02\/il-campanile-di-san-giacomo-a-mercato-san-severino-sa\/#primaryimage"},"image":{"@id":"https:\/\/www.istitutogalanteoliva.it\/magazine\/2022\/01\/02\/il-campanile-di-san-giacomo-a-mercato-san-severino-sa\/#primaryimage"},"thumbnailUrl":"https:\/\/www.istitutogalanteoliva.it\/magazine\/wp-content\/uploads\/2022\/01\/WhatsApp-Image-2021-12-30-at-14.29.26-1.jpeg","datePublished":"2022-01-02T07:00:00+00:00","dateModified":"2022-01-16T13:34:44+00:00","description":"Il campanile di San Giacomo a Mercato San Severino, nei documenti d\u2019archivio ritrovati dallo storico autodidatta locale Gaetano Izzo \u2013 di Castel san Giorgio (Salerno)","breadcrumb":{"@id":"https:\/\/www.istitutogalanteoliva.it\/magazine\/2022\/01\/02\/il-campanile-di-san-giacomo-a-mercato-san-severino-sa\/#breadcrumb"},"inLanguage":"it-IT","potentialAction":[{"@type":"ReadAction","target":["https:\/\/www.istitutogalanteoliva.it\/magazine\/2022\/01\/02\/il-campanile-di-san-giacomo-a-mercato-san-severino-sa\/"]}]},{"@type":"ImageObject","inLanguage":"it-IT","@id":"https:\/\/www.istitutogalanteoliva.it\/magazine\/2022\/01\/02\/il-campanile-di-san-giacomo-a-mercato-san-severino-sa\/#primaryimage","url":"https:\/\/www.istitutogalanteoliva.it\/magazine\/wp-content\/uploads\/2022\/01\/WhatsApp-Image-2021-12-30-at-14.29.26-1.jpeg","contentUrl":"https:\/\/www.istitutogalanteoliva.it\/magazine\/wp-content\/uploads\/2022\/01\/WhatsApp-Image-2021-12-30-at-14.29.26-1.jpeg","width":640,"height":380},{"@type":"BreadcrumbList","@id":"https:\/\/www.istitutogalanteoliva.it\/magazine\/2022\/01\/02\/il-campanile-di-san-giacomo-a-mercato-san-severino-sa\/#breadcrumb","itemListElement":[{"@type":"ListItem","position":1,"name":"Home","item":"https:\/\/www.istitutogalanteoliva.it\/magazine\/"},{"@type":"ListItem","position":2,"name":"Il Campanile di San Giacomo a Mercato San Severino (SA)"}]},{"@type":"WebSite","@id":"https:\/\/www.istitutogalanteoliva.it\/magazine\/#website","url":"https:\/\/www.istitutogalanteoliva.it\/magazine\/","name":"POLIS SA MAGAZINE","description":"Informazione e approfondimenti","publisher":{"@id":"https:\/\/www.istitutogalanteoliva.it\/magazine\/#organization"},"potentialAction":[{"@type":"SearchAction","target":{"@type":"EntryPoint","urlTemplate":"https:\/\/www.istitutogalanteoliva.it\/magazine\/?s={search_term_string}"},"query-input":{"@type":"PropertyValueSpecification","valueRequired":true,"valueName":"search_term_string"}}],"inLanguage":"it-IT"},{"@type":"Organization","@id":"https:\/\/www.istitutogalanteoliva.it\/magazine\/#organization","name":"Polis SA Magazine","url":"https:\/\/www.istitutogalanteoliva.it\/magazine\/","logo":{"@type":"ImageObject","inLanguage":"it-IT","@id":"https:\/\/www.istitutogalanteoliva.it\/magazine\/#\/schema\/logo\/image\/","url":"","contentUrl":"","caption":"Polis SA Magazine"},"image":{"@id":"https:\/\/www.istitutogalanteoliva.it\/magazine\/#\/schema\/logo\/image\/"},"sameAs":["https:\/\/www.facebook.com\/PolisSAMagazine\/","https:\/\/x.com\/MagazinePolis","https:\/\/www.youtube.com\/channel\/UCv0Mr5AHKUmsc0sEEXkJrgw"]},{"@type":"Person","@id":"https:\/\/www.istitutogalanteoliva.it\/magazine\/#\/schema\/person\/d8b8aa79cfe8babc1df9da3212a7c0c4","name":"Antonello Rivano","image":{"@type":"ImageObject","inLanguage":"it-IT","@id":"https:\/\/www.istitutogalanteoliva.it\/magazine\/#\/schema\/person\/image\/","url":"https:\/\/secure.gravatar.com\/avatar\/517a9a6487a7a18ecc4ce6d2e57a8f40?s=96&d=mm&r=g","contentUrl":"https:\/\/secure.gravatar.com\/avatar\/517a9a6487a7a18ecc4ce6d2e57a8f40?s=96&d=mm&r=g","caption":"Antonello Rivano"},"url":"https:\/\/www.istitutogalanteoliva.it\/magazine\/author\/antonello\/"}]}},"_links":{"self":[{"href":"https:\/\/www.istitutogalanteoliva.it\/magazine\/wp-json\/wp\/v2\/posts\/11319","targetHints":{"allow":["GET"]}}],"collection":[{"href":"https:\/\/www.istitutogalanteoliva.it\/magazine\/wp-json\/wp\/v2\/posts"}],"about":[{"href":"https:\/\/www.istitutogalanteoliva.it\/magazine\/wp-json\/wp\/v2\/types\/post"}],"author":[{"embeddable":true,"href":"https:\/\/www.istitutogalanteoliva.it\/magazine\/wp-json\/wp\/v2\/users\/2"}],"replies":[{"embeddable":true,"href":"https:\/\/www.istitutogalanteoliva.it\/magazine\/wp-json\/wp\/v2\/comments?post=11319"}],"version-history":[{"count":2,"href":"https:\/\/www.istitutogalanteoliva.it\/magazine\/wp-json\/wp\/v2\/posts\/11319\/revisions"}],"predecessor-version":[{"id":11325,"href":"https:\/\/www.istitutogalanteoliva.it\/magazine\/wp-json\/wp\/v2\/posts\/11319\/revisions\/11325"}],"wp:featuredmedia":[{"embeddable":true,"href":"https:\/\/www.istitutogalanteoliva.it\/magazine\/wp-json\/wp\/v2\/media\/11320"}],"wp:attachment":[{"href":"https:\/\/www.istitutogalanteoliva.it\/magazine\/wp-json\/wp\/v2\/media?parent=11319"}],"wp:term":[{"taxonomy":"category","embeddable":true,"href":"https:\/\/www.istitutogalanteoliva.it\/magazine\/wp-json\/wp\/v2\/categories?post=11319"},{"taxonomy":"post_tag","embeddable":true,"href":"https:\/\/www.istitutogalanteoliva.it\/magazine\/wp-json\/wp\/v2\/tags?post=11319"}],"curies":[{"name":"wp","href":"https:\/\/api.w.org\/{rel}","templated":true}]}}