{"id":11337,"date":"2022-01-03T08:00:00","date_gmt":"2022-01-03T07:00:00","guid":{"rendered":"https:\/\/www.istitutogalanteoliva.it\/magazine\/?p=11337"},"modified":"2022-01-03T08:39:17","modified_gmt":"2022-01-03T07:39:17","slug":"suddarta-rete-sinergica-di-produttori-del-sud-italia","status":"publish","type":"post","link":"https:\/\/www.istitutogalanteoliva.it\/magazine\/2022\/01\/03\/suddarta-rete-sinergica-di-produttori-del-sud-italia\/","title":{"rendered":"\u201cSuDDarta\u201d : rete sinergica di produttori del Sud Italia"},"content":{"rendered":"\n<p><\/p>\n\n\n\n<h4 class=\"wp-block-heading\"> La cooperativa \u201cLa Terza I\u201d di Isernia muover\u00e0 i suoi passi promuovendo un marchio che riunir\u00e0 piccoli imprenditori e produttori agricoli in un programma di commercializzazione di cibi tipici dei territori del Sud<\/h4>\n\n\n\n<p><strong>di <em>Silvia De Cristofaro<\/em><\/strong><\/p>\n\n\n\n<p>Le eccellenze enogastronomiche del Sud vanno sostenute e promosse incentivando strategie multimediali che promuovano le produzioni locali di territori e localit\u00e0 che basano gran parte della propria economia sul turismo. Azioni di commercializzazione che rientreranno in un programma che prender\u00e0 il nome di \u201cSuDDarta\u201d e che realizzer\u00e0 una rete sinergica di produttori del Sud Italia che collaboreranno per proporre i propri prodotti caratterizzati dalla genuinit\u00e0 tipica del Mezzogiorno. <\/p>\n\n\n\n<p>Prodotti artigianali e di altissima qualit\u00e0 faranno parte di una rete sinergica che si former\u00e0 in base ad un accordo tra i singoli commercianti, artigiani e produttori che offriranno confezioni che racchiuderanno diverse variet\u00e0 di articoli enogastronomici provenienti dalle diverse regioni del sud. L\u2019idea parte dall\u2019impegno della cooperativa ed impresa sociale isernina \u201cLa Terza I\u201d che in questo programma di commercializzazione intende appoggiare piccoli imprenditori e produttori, che aderendo all\u2019iniziativa, vogliano affacciarsi in maniera pi\u00f9 efficace sul mercato con lo scopo di incentivare il prodotto regionale ed italiano sostenendo la crescita del made in Italy. In tempi difficili per l\u2019economia in Italia, l\u2019iniziativa sembra ben sposare le esigenze dei produttori che forniscono una materia prima, frutto della nostra bella e sana terra, che \u00e8 di eccellente qualit\u00e0 che sia biologica e non. <\/p>\n\n\n\n<figure class=\"wp-block-image size-large is-resized\"><img loading=\"lazy\" decoding=\"async\" src=\"https:\/\/www.istitutogalanteoliva.it\/magazine\/wp-content\/uploads\/2022\/01\/prodotti-tipici-4-1.jpg\" alt=\"\" class=\"wp-image-11338\" width=\"500\" height=\"300\" srcset=\"https:\/\/www.istitutogalanteoliva.it\/magazine\/wp-content\/uploads\/2022\/01\/prodotti-tipici-4-1.jpg 667w, https:\/\/www.istitutogalanteoliva.it\/magazine\/wp-content\/uploads\/2022\/01\/prodotti-tipici-4-1-300x180.jpg 300w\" sizes=\"auto, (max-width: 500px) 100vw, 500px\" \/><\/figure>\n\n\n\n<p>Il marchio SuDDarta garantir\u00e0 al consumatore (che siano privati, chef, cultori della enogastronomia nazionale) una sicura etichettatura di prodotti derivanti da coltivazioni o allevamenti a norma. La cucina ed il buon cibo che caratterizzano il nostro Paese pu\u00f2 essere davvero uno strumento per valorizzare la cultura di un territorio ed incentivare il turismo perch\u00e9 proprio viaggiando e venendo a conoscenza delle tradizioni gastronomiche di luoghi e paesi \u00e8 possibile non far tramontare la storia e le tradizioni delle nostre zone, delle aree interne, montane, turistiche. La proposta di SuDDarta \u00e8 quella di accogliere dapprima le adesioni da parte dei produttori, che diverranno affiliati della rete, che verranno inseriti in un sito di e-commerce.<\/p>\n\n\n\n<div class=\"wp-block-image\"><figure class=\"alignleft size-large is-resized\"><img loading=\"lazy\" decoding=\"async\" src=\"https:\/\/www.istitutogalanteoliva.it\/magazine\/wp-content\/uploads\/2022\/01\/prodotti-tipici-1.jpg\" alt=\"\" class=\"wp-image-11340\" width=\"306\" height=\"230\" srcset=\"https:\/\/www.istitutogalanteoliva.it\/magazine\/wp-content\/uploads\/2022\/01\/prodotti-tipici-1.jpg 398w, https:\/\/www.istitutogalanteoliva.it\/magazine\/wp-content\/uploads\/2022\/01\/prodotti-tipici-1-300x225.jpg 300w\" sizes=\"auto, (max-width: 306px) 100vw, 306px\" \/><\/figure><\/div>\n\n\n\n<p> L\u2019imprenditore potr\u00e0 proporre i suoi prodotti che viaggeranno attraverso il web per raggiungere il consumatore interessato a conoscere i diversi prodotti tradizionali che verranno assemblati e confezionati e successivamente spediti. Un\u2019 alimentazione sana proposta che tenter\u00e0 di soddisfare i palati pi\u00f9 esigenti, i clienti pi\u00f9 curiosi che desiderano riscoprire il piacere del cibo ed acquisire una maggiore consapevolezza della provenienza della pietanza, l\u2019ambiente, le caratteristiche del territorio dove nasce il&nbsp; prodotto. La diffusione dei prodotti della rete SuDDarta, che intender\u00e0 avviare iniziative di promozione e l\u2019organizzazione di eventi in pi\u00f9 territori, \u00e8 quindi finalizzata ad attrarre possibili turisti nelle zone di produzione dei prodotti proposti e pubblicizzati trasformando il cibo in uno strumento di attrazione turistica.<\/p>\n\n\n\n<p>L\u2019interesse verso il turismo enogastronomico \u00e8, infatti, notevolmente aumentato. Restrizioni e lockdown permettendo, gli italiani sono sempre pi\u00f9 propensi a visitare luoghi in cui cultura storica e delle tradizioni si innesca con quella enogastronomica: viaggi di \u201cgusto\u201d, quindi che premiano anche il sud Italia ( la Campania, la Puglia e la Sicilia con i propri&nbsp; luoghi legati al cibo ed alla produzione di oli e vini diventano mete ben apprezzate dai turisti che cos\u00ec riscoprono le peculiarit\u00e0 soprattutto delle zone interne, dei borghi, dei paesaggi e delle ricchezze rurali). <\/p>\n\n\n\n<figure class=\"wp-block-image size-large\"><img loading=\"lazy\" decoding=\"async\" width=\"512\" height=\"340\" src=\"https:\/\/www.istitutogalanteoliva.it\/magazine\/wp-content\/uploads\/2022\/01\/prodotti-tipici-2-1.jpg\" alt=\"\" class=\"wp-image-11341\" srcset=\"https:\/\/www.istitutogalanteoliva.it\/magazine\/wp-content\/uploads\/2022\/01\/prodotti-tipici-2-1.jpg 512w, https:\/\/www.istitutogalanteoliva.it\/magazine\/wp-content\/uploads\/2022\/01\/prodotti-tipici-2-1-300x199.jpg 300w\" sizes=\"auto, (max-width: 512px) 100vw, 512px\" \/><\/figure>\n\n\n\n<p>La pandemia ha mutato la maniera di fare turismo: il viaggiatore \u00e8 pi\u00f9 consapevole e pi\u00f9 informato sulle mete da scegliere ed il contatto con la natura e gli spazi aperti pi\u00f9 salutari sembrano diano conforto e rilassatezza contro le paure del virus. Il benessere psicofisico del turista si realizza spesso con l\u2019acquisto&nbsp; dei prodotti locali genuini e tradizionali frutto dell\u2019impegno degli agricoltori di aziende biologiche e piccole imprese agricole che mantengono le antiche tradizioni di coltivazione e produzione garantendo cibi salubri e genuini.<\/p>\n\n\n\n<p><img loading=\"lazy\" decoding=\"async\" width=\"100\" height=\"100\" class=\"wp-image-6462\" style=\"width: 100px;\" src=\"https:\/\/www.istitutogalanteoliva.it\/magazine\/wp-content\/uploads\/2021\/03\/Silvia-1.jpg\" alt=\"\" srcset=\"https:\/\/www.istitutogalanteoliva.it\/magazine\/wp-content\/uploads\/2021\/03\/Silvia-1.jpg 480w, https:\/\/www.istitutogalanteoliva.it\/magazine\/wp-content\/uploads\/2021\/03\/Silvia-1-300x300.jpg 300w, https:\/\/www.istitutogalanteoliva.it\/magazine\/wp-content\/uploads\/2021\/03\/Silvia-1-150x150.jpg 150w\" sizes=\"auto, (max-width: 100px) 100vw, 100px\" \/><em><strong><a href=\"https:\/\/www.istitutogalanteoliva.it\/magazine\/?s=silvia+de+cristofaro\" target=\"_blank\" rel=\"noreferrer noopener\">Silvia De Cristofaro<\/a><\/strong><\/em><br><strong><em><sup>Vicecoordinatore Nazionale di redazione\/Coordinatrice Centro Italia<\/sup><\/em><\/strong><br><\/p>\n\n\n\n<p><\/p>\n\n\n\n<p><\/p>\n\n\n\n<p><\/p>\n<div class=\"pdfprnt-buttons pdfprnt-buttons-post pdfprnt-bottom-left\"><a href=\"https:\/\/www.istitutogalanteoliva.it\/magazine\/wp-json\/wp\/v2\/posts\/11337?print=print\" class=\"pdfprnt-button pdfprnt-button-print\" target=\"_blank\"><img decoding=\"async\" src=\"https:\/\/www.istitutogalanteoliva.it\/magazine\/wp-content\/plugins\/pdf-print\/images\/print.png\" alt=\"image_print\" title=\"Stampa contenuto\" \/><span class=\"pdfprnt-button-title pdfprnt-button-print-title\">Download in PDF<\/span><\/a><\/div>","protected":false},"excerpt":{"rendered":"<p> Prende il via \u201cSuDDarta\u201d, una strategia di promozione delle tradizioni enogastronomiche del sud Italia che attraverso il web valorizzer\u00e0 i prodotti del nostro patrimonio agroalimentare.<\/p>\n","protected":false},"author":2,"featured_media":11342,"comment_status":"open","ping_status":"open","sticky":true,"template":"","format":"standard","meta":{"footnotes":""},"categories":[148,13],"tags":[372,280,571,572],"class_list":["post-11337","post","type-post","status-publish","format-standard","has-post-thumbnail","hentry","category-148","category-territorio","tag-enogastronomia","tag-isernia","tag-propdotti-locali","tag-sud-italia"],"yoast_head":"<!-- This site is optimized with the Yoast SEO plugin v24.2 - https:\/\/yoast.com\/wordpress\/plugins\/seo\/ -->\n<title>\u201cSuDDarta\u201d : rete sinergica di produttori del Sud Italia - Polis SA Magazine<\/title>\n<meta name=\"robots\" content=\"index, follow, max-snippet:-1, max-image-preview:large, max-video-preview:-1\" \/>\n<link rel=\"canonical\" href=\"https:\/\/www.istitutogalanteoliva.it\/magazine\/2022\/01\/03\/suddarta-rete-sinergica-di-produttori-del-sud-italia\/\" \/>\n<meta property=\"og:locale\" content=\"it_IT\" \/>\n<meta property=\"og:type\" content=\"article\" \/>\n<meta property=\"og:title\" content=\"\u201cSuDDarta\u201d : rete sinergica di produttori del Sud Italia - Polis SA Magazine\" \/>\n<meta property=\"og:description\" content=\"Prende il via \u201cSuDDarta\u201d, una strategia di promozione delle tradizioni enogastronomiche del sud Italia che attraverso il web valorizzer\u00e0 i prodotti del nostro patrimonio agroalimentare.\" \/>\n<meta property=\"og:url\" content=\"https:\/\/www.istitutogalanteoliva.it\/magazine\/2022\/01\/03\/suddarta-rete-sinergica-di-produttori-del-sud-italia\/\" \/>\n<meta property=\"og:site_name\" content=\"Polis SA Magazine\" \/>\n<meta property=\"article:publisher\" content=\"https:\/\/www.facebook.com\/PolisSAMagazine\/\" \/>\n<meta property=\"article:published_time\" content=\"2022-01-03T07:00:00+00:00\" \/>\n<meta property=\"article:modified_time\" content=\"2022-01-03T07:39:17+00:00\" \/>\n<meta property=\"og:image\" content=\"https:\/\/www.istitutogalanteoliva.it\/magazine\/wp-content\/uploads\/2022\/01\/prodotti-tipici-3-1-1.jpg\" \/>\n\t<meta property=\"og:image:width\" content=\"900\" \/>\n\t<meta property=\"og:image:height\" content=\"500\" \/>\n\t<meta property=\"og:image:type\" content=\"image\/jpeg\" \/>\n<meta name=\"author\" content=\"Antonello Rivano\" \/>\n<meta name=\"twitter:card\" content=\"summary_large_image\" \/>\n<meta name=\"twitter:creator\" content=\"@MagazinePolis\" \/>\n<meta name=\"twitter:site\" content=\"@MagazinePolis\" \/>\n<meta name=\"twitter:label1\" content=\"Scritto da\" \/>\n\t<meta name=\"twitter:data1\" content=\"Antonello Rivano\" \/>\n\t<meta name=\"twitter:label2\" content=\"Tempo di lettura stimato\" \/>\n\t<meta name=\"twitter:data2\" content=\"3 minuti\" \/>\n<script type=\"application\/ld+json\" class=\"yoast-schema-graph\">{\"@context\":\"https:\/\/schema.org\",\"@graph\":[{\"@type\":\"Article\",\"@id\":\"https:\/\/www.istitutogalanteoliva.it\/magazine\/2022\/01\/03\/suddarta-rete-sinergica-di-produttori-del-sud-italia\/#article\",\"isPartOf\":{\"@id\":\"https:\/\/www.istitutogalanteoliva.it\/magazine\/2022\/01\/03\/suddarta-rete-sinergica-di-produttori-del-sud-italia\/\"},\"author\":{\"name\":\"Antonello Rivano\",\"@id\":\"https:\/\/www.istitutogalanteoliva.it\/magazine\/#\/schema\/person\/d8b8aa79cfe8babc1df9da3212a7c0c4\"},\"headline\":\"\u201cSuDDarta\u201d : rete sinergica di produttori del Sud Italia\",\"datePublished\":\"2022-01-03T07:00:00+00:00\",\"dateModified\":\"2022-01-03T07:39:17+00:00\",\"mainEntityOfPage\":{\"@id\":\"https:\/\/www.istitutogalanteoliva.it\/magazine\/2022\/01\/03\/suddarta-rete-sinergica-di-produttori-del-sud-italia\/\"},\"wordCount\":654,\"commentCount\":0,\"publisher\":{\"@id\":\"https:\/\/www.istitutogalanteoliva.it\/magazine\/#organization\"},\"image\":{\"@id\":\"https:\/\/www.istitutogalanteoliva.it\/magazine\/2022\/01\/03\/suddarta-rete-sinergica-di-produttori-del-sud-italia\/#primaryimage\"},\"thumbnailUrl\":\"https:\/\/www.istitutogalanteoliva.it\/magazine\/wp-content\/uploads\/2022\/01\/prodotti-tipici-3-1-1.jpg\",\"keywords\":[\"enogastronomia\",\"isernia\",\"propdotti locali\",\"sud Italia\"],\"articleSection\":[\"2021\",\"Territorio\"],\"inLanguage\":\"it-IT\",\"potentialAction\":[{\"@type\":\"CommentAction\",\"name\":\"Comment\",\"target\":[\"https:\/\/www.istitutogalanteoliva.it\/magazine\/2022\/01\/03\/suddarta-rete-sinergica-di-produttori-del-sud-italia\/#respond\"]}]},{\"@type\":\"WebPage\",\"@id\":\"https:\/\/www.istitutogalanteoliva.it\/magazine\/2022\/01\/03\/suddarta-rete-sinergica-di-produttori-del-sud-italia\/\",\"url\":\"https:\/\/www.istitutogalanteoliva.it\/magazine\/2022\/01\/03\/suddarta-rete-sinergica-di-produttori-del-sud-italia\/\",\"name\":\"\u201cSuDDarta\u201d : rete sinergica di produttori del Sud Italia - Polis SA Magazine\",\"isPartOf\":{\"@id\":\"https:\/\/www.istitutogalanteoliva.it\/magazine\/#website\"},\"primaryImageOfPage\":{\"@id\":\"https:\/\/www.istitutogalanteoliva.it\/magazine\/2022\/01\/03\/suddarta-rete-sinergica-di-produttori-del-sud-italia\/#primaryimage\"},\"image\":{\"@id\":\"https:\/\/www.istitutogalanteoliva.it\/magazine\/2022\/01\/03\/suddarta-rete-sinergica-di-produttori-del-sud-italia\/#primaryimage\"},\"thumbnailUrl\":\"https:\/\/www.istitutogalanteoliva.it\/magazine\/wp-content\/uploads\/2022\/01\/prodotti-tipici-3-1-1.jpg\",\"datePublished\":\"2022-01-03T07:00:00+00:00\",\"dateModified\":\"2022-01-03T07:39:17+00:00\",\"breadcrumb\":{\"@id\":\"https:\/\/www.istitutogalanteoliva.it\/magazine\/2022\/01\/03\/suddarta-rete-sinergica-di-produttori-del-sud-italia\/#breadcrumb\"},\"inLanguage\":\"it-IT\",\"potentialAction\":[{\"@type\":\"ReadAction\",\"target\":[\"https:\/\/www.istitutogalanteoliva.it\/magazine\/2022\/01\/03\/suddarta-rete-sinergica-di-produttori-del-sud-italia\/\"]}]},{\"@type\":\"ImageObject\",\"inLanguage\":\"it-IT\",\"@id\":\"https:\/\/www.istitutogalanteoliva.it\/magazine\/2022\/01\/03\/suddarta-rete-sinergica-di-produttori-del-sud-italia\/#primaryimage\",\"url\":\"https:\/\/www.istitutogalanteoliva.it\/magazine\/wp-content\/uploads\/2022\/01\/prodotti-tipici-3-1-1.jpg\",\"contentUrl\":\"https:\/\/www.istitutogalanteoliva.it\/magazine\/wp-content\/uploads\/2022\/01\/prodotti-tipici-3-1-1.jpg\",\"width\":900,\"height\":500},{\"@type\":\"BreadcrumbList\",\"@id\":\"https:\/\/www.istitutogalanteoliva.it\/magazine\/2022\/01\/03\/suddarta-rete-sinergica-di-produttori-del-sud-italia\/#breadcrumb\",\"itemListElement\":[{\"@type\":\"ListItem\",\"position\":1,\"name\":\"Home\",\"item\":\"https:\/\/www.istitutogalanteoliva.it\/magazine\/\"},{\"@type\":\"ListItem\",\"position\":2,\"name\":\"\u201cSuDDarta\u201d : rete sinergica di produttori del Sud Italia\"}]},{\"@type\":\"WebSite\",\"@id\":\"https:\/\/www.istitutogalanteoliva.it\/magazine\/#website\",\"url\":\"https:\/\/www.istitutogalanteoliva.it\/magazine\/\",\"name\":\"POLIS SA MAGAZINE\",\"description\":\"Informazione e approfondimenti\",\"publisher\":{\"@id\":\"https:\/\/www.istitutogalanteoliva.it\/magazine\/#organization\"},\"potentialAction\":[{\"@type\":\"SearchAction\",\"target\":{\"@type\":\"EntryPoint\",\"urlTemplate\":\"https:\/\/www.istitutogalanteoliva.it\/magazine\/?s={search_term_string}\"},\"query-input\":{\"@type\":\"PropertyValueSpecification\",\"valueRequired\":true,\"valueName\":\"search_term_string\"}}],\"inLanguage\":\"it-IT\"},{\"@type\":\"Organization\",\"@id\":\"https:\/\/www.istitutogalanteoliva.it\/magazine\/#organization\",\"name\":\"Polis SA Magazine\",\"url\":\"https:\/\/www.istitutogalanteoliva.it\/magazine\/\",\"logo\":{\"@type\":\"ImageObject\",\"inLanguage\":\"it-IT\",\"@id\":\"https:\/\/www.istitutogalanteoliva.it\/magazine\/#\/schema\/logo\/image\/\",\"url\":\"\",\"contentUrl\":\"\",\"caption\":\"Polis SA Magazine\"},\"image\":{\"@id\":\"https:\/\/www.istitutogalanteoliva.it\/magazine\/#\/schema\/logo\/image\/\"},\"sameAs\":[\"https:\/\/www.facebook.com\/PolisSAMagazine\/\",\"https:\/\/x.com\/MagazinePolis\",\"https:\/\/www.youtube.com\/channel\/UCv0Mr5AHKUmsc0sEEXkJrgw\"]},{\"@type\":\"Person\",\"@id\":\"https:\/\/www.istitutogalanteoliva.it\/magazine\/#\/schema\/person\/d8b8aa79cfe8babc1df9da3212a7c0c4\",\"name\":\"Antonello Rivano\",\"image\":{\"@type\":\"ImageObject\",\"inLanguage\":\"it-IT\",\"@id\":\"https:\/\/www.istitutogalanteoliva.it\/magazine\/#\/schema\/person\/image\/\",\"url\":\"https:\/\/secure.gravatar.com\/avatar\/517a9a6487a7a18ecc4ce6d2e57a8f40?s=96&d=mm&r=g\",\"contentUrl\":\"https:\/\/secure.gravatar.com\/avatar\/517a9a6487a7a18ecc4ce6d2e57a8f40?s=96&d=mm&r=g\",\"caption\":\"Antonello Rivano\"},\"url\":\"https:\/\/www.istitutogalanteoliva.it\/magazine\/author\/antonello\/\"}]}<\/script>\n<!-- \/ Yoast SEO plugin. -->","yoast_head_json":{"title":"\u201cSuDDarta\u201d : rete sinergica di produttori del Sud Italia - Polis SA Magazine","robots":{"index":"index","follow":"follow","max-snippet":"max-snippet:-1","max-image-preview":"max-image-preview:large","max-video-preview":"max-video-preview:-1"},"canonical":"https:\/\/www.istitutogalanteoliva.it\/magazine\/2022\/01\/03\/suddarta-rete-sinergica-di-produttori-del-sud-italia\/","og_locale":"it_IT","og_type":"article","og_title":"\u201cSuDDarta\u201d : rete sinergica di produttori del Sud Italia - Polis SA Magazine","og_description":"Prende il via \u201cSuDDarta\u201d, una strategia di promozione delle tradizioni enogastronomiche del sud Italia che attraverso il web valorizzer\u00e0 i prodotti del nostro patrimonio agroalimentare.","og_url":"https:\/\/www.istitutogalanteoliva.it\/magazine\/2022\/01\/03\/suddarta-rete-sinergica-di-produttori-del-sud-italia\/","og_site_name":"Polis SA Magazine","article_publisher":"https:\/\/www.facebook.com\/PolisSAMagazine\/","article_published_time":"2022-01-03T07:00:00+00:00","article_modified_time":"2022-01-03T07:39:17+00:00","og_image":[{"width":900,"height":500,"url":"https:\/\/www.istitutogalanteoliva.it\/magazine\/wp-content\/uploads\/2022\/01\/prodotti-tipici-3-1-1.jpg","type":"image\/jpeg"}],"author":"Antonello Rivano","twitter_card":"summary_large_image","twitter_creator":"@MagazinePolis","twitter_site":"@MagazinePolis","twitter_misc":{"Scritto da":"Antonello Rivano","Tempo di lettura stimato":"3 minuti"},"schema":{"@context":"https:\/\/schema.org","@graph":[{"@type":"Article","@id":"https:\/\/www.istitutogalanteoliva.it\/magazine\/2022\/01\/03\/suddarta-rete-sinergica-di-produttori-del-sud-italia\/#article","isPartOf":{"@id":"https:\/\/www.istitutogalanteoliva.it\/magazine\/2022\/01\/03\/suddarta-rete-sinergica-di-produttori-del-sud-italia\/"},"author":{"name":"Antonello Rivano","@id":"https:\/\/www.istitutogalanteoliva.it\/magazine\/#\/schema\/person\/d8b8aa79cfe8babc1df9da3212a7c0c4"},"headline":"\u201cSuDDarta\u201d : rete sinergica di produttori del Sud Italia","datePublished":"2022-01-03T07:00:00+00:00","dateModified":"2022-01-03T07:39:17+00:00","mainEntityOfPage":{"@id":"https:\/\/www.istitutogalanteoliva.it\/magazine\/2022\/01\/03\/suddarta-rete-sinergica-di-produttori-del-sud-italia\/"},"wordCount":654,"commentCount":0,"publisher":{"@id":"https:\/\/www.istitutogalanteoliva.it\/magazine\/#organization"},"image":{"@id":"https:\/\/www.istitutogalanteoliva.it\/magazine\/2022\/01\/03\/suddarta-rete-sinergica-di-produttori-del-sud-italia\/#primaryimage"},"thumbnailUrl":"https:\/\/www.istitutogalanteoliva.it\/magazine\/wp-content\/uploads\/2022\/01\/prodotti-tipici-3-1-1.jpg","keywords":["enogastronomia","isernia","propdotti locali","sud Italia"],"articleSection":["2021","Territorio"],"inLanguage":"it-IT","potentialAction":[{"@type":"CommentAction","name":"Comment","target":["https:\/\/www.istitutogalanteoliva.it\/magazine\/2022\/01\/03\/suddarta-rete-sinergica-di-produttori-del-sud-italia\/#respond"]}]},{"@type":"WebPage","@id":"https:\/\/www.istitutogalanteoliva.it\/magazine\/2022\/01\/03\/suddarta-rete-sinergica-di-produttori-del-sud-italia\/","url":"https:\/\/www.istitutogalanteoliva.it\/magazine\/2022\/01\/03\/suddarta-rete-sinergica-di-produttori-del-sud-italia\/","name":"\u201cSuDDarta\u201d : rete sinergica di produttori del Sud Italia - Polis SA Magazine","isPartOf":{"@id":"https:\/\/www.istitutogalanteoliva.it\/magazine\/#website"},"primaryImageOfPage":{"@id":"https:\/\/www.istitutogalanteoliva.it\/magazine\/2022\/01\/03\/suddarta-rete-sinergica-di-produttori-del-sud-italia\/#primaryimage"},"image":{"@id":"https:\/\/www.istitutogalanteoliva.it\/magazine\/2022\/01\/03\/suddarta-rete-sinergica-di-produttori-del-sud-italia\/#primaryimage"},"thumbnailUrl":"https:\/\/www.istitutogalanteoliva.it\/magazine\/wp-content\/uploads\/2022\/01\/prodotti-tipici-3-1-1.jpg","datePublished":"2022-01-03T07:00:00+00:00","dateModified":"2022-01-03T07:39:17+00:00","breadcrumb":{"@id":"https:\/\/www.istitutogalanteoliva.it\/magazine\/2022\/01\/03\/suddarta-rete-sinergica-di-produttori-del-sud-italia\/#breadcrumb"},"inLanguage":"it-IT","potentialAction":[{"@type":"ReadAction","target":["https:\/\/www.istitutogalanteoliva.it\/magazine\/2022\/01\/03\/suddarta-rete-sinergica-di-produttori-del-sud-italia\/"]}]},{"@type":"ImageObject","inLanguage":"it-IT","@id":"https:\/\/www.istitutogalanteoliva.it\/magazine\/2022\/01\/03\/suddarta-rete-sinergica-di-produttori-del-sud-italia\/#primaryimage","url":"https:\/\/www.istitutogalanteoliva.it\/magazine\/wp-content\/uploads\/2022\/01\/prodotti-tipici-3-1-1.jpg","contentUrl":"https:\/\/www.istitutogalanteoliva.it\/magazine\/wp-content\/uploads\/2022\/01\/prodotti-tipici-3-1-1.jpg","width":900,"height":500},{"@type":"BreadcrumbList","@id":"https:\/\/www.istitutogalanteoliva.it\/magazine\/2022\/01\/03\/suddarta-rete-sinergica-di-produttori-del-sud-italia\/#breadcrumb","itemListElement":[{"@type":"ListItem","position":1,"name":"Home","item":"https:\/\/www.istitutogalanteoliva.it\/magazine\/"},{"@type":"ListItem","position":2,"name":"\u201cSuDDarta\u201d : rete sinergica di produttori del Sud Italia"}]},{"@type":"WebSite","@id":"https:\/\/www.istitutogalanteoliva.it\/magazine\/#website","url":"https:\/\/www.istitutogalanteoliva.it\/magazine\/","name":"POLIS SA MAGAZINE","description":"Informazione e approfondimenti","publisher":{"@id":"https:\/\/www.istitutogalanteoliva.it\/magazine\/#organization"},"potentialAction":[{"@type":"SearchAction","target":{"@type":"EntryPoint","urlTemplate":"https:\/\/www.istitutogalanteoliva.it\/magazine\/?s={search_term_string}"},"query-input":{"@type":"PropertyValueSpecification","valueRequired":true,"valueName":"search_term_string"}}],"inLanguage":"it-IT"},{"@type":"Organization","@id":"https:\/\/www.istitutogalanteoliva.it\/magazine\/#organization","name":"Polis SA Magazine","url":"https:\/\/www.istitutogalanteoliva.it\/magazine\/","logo":{"@type":"ImageObject","inLanguage":"it-IT","@id":"https:\/\/www.istitutogalanteoliva.it\/magazine\/#\/schema\/logo\/image\/","url":"","contentUrl":"","caption":"Polis SA Magazine"},"image":{"@id":"https:\/\/www.istitutogalanteoliva.it\/magazine\/#\/schema\/logo\/image\/"},"sameAs":["https:\/\/www.facebook.com\/PolisSAMagazine\/","https:\/\/x.com\/MagazinePolis","https:\/\/www.youtube.com\/channel\/UCv0Mr5AHKUmsc0sEEXkJrgw"]},{"@type":"Person","@id":"https:\/\/www.istitutogalanteoliva.it\/magazine\/#\/schema\/person\/d8b8aa79cfe8babc1df9da3212a7c0c4","name":"Antonello Rivano","image":{"@type":"ImageObject","inLanguage":"it-IT","@id":"https:\/\/www.istitutogalanteoliva.it\/magazine\/#\/schema\/person\/image\/","url":"https:\/\/secure.gravatar.com\/avatar\/517a9a6487a7a18ecc4ce6d2e57a8f40?s=96&d=mm&r=g","contentUrl":"https:\/\/secure.gravatar.com\/avatar\/517a9a6487a7a18ecc4ce6d2e57a8f40?s=96&d=mm&r=g","caption":"Antonello Rivano"},"url":"https:\/\/www.istitutogalanteoliva.it\/magazine\/author\/antonello\/"}]}},"_links":{"self":[{"href":"https:\/\/www.istitutogalanteoliva.it\/magazine\/wp-json\/wp\/v2\/posts\/11337","targetHints":{"allow":["GET"]}}],"collection":[{"href":"https:\/\/www.istitutogalanteoliva.it\/magazine\/wp-json\/wp\/v2\/posts"}],"about":[{"href":"https:\/\/www.istitutogalanteoliva.it\/magazine\/wp-json\/wp\/v2\/types\/post"}],"author":[{"embeddable":true,"href":"https:\/\/www.istitutogalanteoliva.it\/magazine\/wp-json\/wp\/v2\/users\/2"}],"replies":[{"embeddable":true,"href":"https:\/\/www.istitutogalanteoliva.it\/magazine\/wp-json\/wp\/v2\/comments?post=11337"}],"version-history":[{"count":2,"href":"https:\/\/www.istitutogalanteoliva.it\/magazine\/wp-json\/wp\/v2\/posts\/11337\/revisions"}],"predecessor-version":[{"id":11344,"href":"https:\/\/www.istitutogalanteoliva.it\/magazine\/wp-json\/wp\/v2\/posts\/11337\/revisions\/11344"}],"wp:featuredmedia":[{"embeddable":true,"href":"https:\/\/www.istitutogalanteoliva.it\/magazine\/wp-json\/wp\/v2\/media\/11342"}],"wp:attachment":[{"href":"https:\/\/www.istitutogalanteoliva.it\/magazine\/wp-json\/wp\/v2\/media?parent=11337"}],"wp:term":[{"taxonomy":"category","embeddable":true,"href":"https:\/\/www.istitutogalanteoliva.it\/magazine\/wp-json\/wp\/v2\/categories?post=11337"},{"taxonomy":"post_tag","embeddable":true,"href":"https:\/\/www.istitutogalanteoliva.it\/magazine\/wp-json\/wp\/v2\/tags?post=11337"}],"curies":[{"name":"wp","href":"https:\/\/api.w.org\/{rel}","templated":true}]}}