{"id":11384,"date":"2022-01-05T12:39:37","date_gmt":"2022-01-05T11:39:37","guid":{"rendered":"https:\/\/www.istitutogalanteoliva.it\/magazine\/?p=11384"},"modified":"2022-01-16T14:36:20","modified_gmt":"2022-01-16T13:36:20","slug":"un-cavaliere-al-colle","status":"publish","type":"post","link":"https:\/\/www.istitutogalanteoliva.it\/magazine\/2022\/01\/05\/un-cavaliere-al-colle\/","title":{"rendered":"Un Cavaliere al Colle"},"content":{"rendered":"\n<div class=\"wp-block-image\"><figure class=\"alignleft size-large\"><img loading=\"lazy\" decoding=\"async\" width=\"640\" height=\"120\" src=\"https:\/\/www.istitutogalanteoliva.it\/magazine\/wp-content\/uploads\/2022\/01\/271431721_3151454608457955_7013112322050870100_n.png\" alt=\"\" class=\"wp-image-11388\" srcset=\"https:\/\/www.istitutogalanteoliva.it\/magazine\/wp-content\/uploads\/2022\/01\/271431721_3151454608457955_7013112322050870100_n.png 640w, https:\/\/www.istitutogalanteoliva.it\/magazine\/wp-content\/uploads\/2022\/01\/271431721_3151454608457955_7013112322050870100_n-300x56.png 300w\" sizes=\"auto, (max-width: 640px) 100vw, 640px\" \/><\/figure><\/div>\n\n\n\n<p class=\"has-drop-cap\"><br><br><br><br>A ben pensare probabilmente neanche \u201clui\u201d avrebbe osato immaginarlo, forsanche per la peggiore delle sue barzellette, quello che i suoi alleati stanno proponendo in questi giorni. E \u201cforse\u201d gli italiani si sarebbero accorti che &#8220;non \u00e8 una di quelle barzellette&#8221;, ci\u00f2 che si potrebbe palesare da qua a qualche giorno, se solo non fossero distratti da ben altre notizie ed emergenze.<\/p>\n\n\n\n<p class=\"has-drop-cap\"><br>Credo che il \u201cberluconismo\u201d, con annessi e connessi, sia uno dei mali peggiori che l\u2019Italia abbia mai avuto, e nonostante tutto ancora ha.&nbsp; A cominciare dall\u2019evento delle TV commerciali che ha distrutto ci\u00f2 che il servizio pubblico aveva costruito dalla sua nascita sino ad allora. Un servizio pubblico che aveva contribuito in maniera determinate all\u2019alfabetizzazione dell\u2019Italia, alla sua rinascita ed effettiva unit\u00e0 nazionale, avvicinando un Nord e un Sud del paese almeno di fronte al tubo catodico. Un servizio pubblico che, sotto le ali del \u201cCavaliere\u201d si \u00e8 via via sempre pi\u00f9 invischiato in una corsa verso il basso, relegando cultura e prodotti televisivi di qualit\u00e0 nei cassetti delle teche RAI. Ci\u00f2 ha posto le fondamenta a quell\u2019analfabetismo funzionale di cui l\u2019Italia detiene il triste primato europeo. Male che ha dato il via a quella deriva mentale che trova nei Social il suo terreno pi\u00f9 fertile.<br>Il \u201cBerlusconismo\u201d che ha mercificato e mortificato la figura femminile e fatto s\u00ec che tante \u201conorevoli\u201d, che si sono sedute e succedute sugli scranni, siano state premiate pi\u00f9 per la loro avvenenza e \u201cparticolari\u201d favori, che per le loro capacit\u00e0 politiche e intellettuali. Il \u201cBerlusconismo\u201d dei Bunga Bunga, delle \u201cnipotine\u201d di Mubarak e delle condanne ai servizi sociali. Quello delle pacche sul sedere e delle barzellette negli eventi istituzionali internazionali.<br>Senza parlare dei problemi economici e sociali dell\u2019Italia nascosti, come la polvere sotto il tappeto, per fare vedere che \u201ctuto va b\u00e8n madama la marchesa\u2026tutto va b\u00e8n\u201d, tanto \u201ci ristoranti sono pieni\u201d, come diceva lui. <br>Quella polvere che, una volta rimossi, da altri,  i tappeti che la celavano, ha portato gli italiani ai sacrifici di &#8220;lacrime e sangue&#8221; che ben conosciamo.<br>Ecco, anche solo pensare al \u201ccavaliere\u201d come candidato al Colle \u00e8 offensivo per ogni italiano a cui sia rimasto un briciolo di buon senso. In cuor mio spero che chi lo sta proponendo lo faccia solo per una mera manovra politica, per avere via libera al vero loro candidato (tutti validi se confrontati con lui) e non ci creda veramente. <\/p>\n\n\n\n<p>Comunque, mi rivolgo rispettosamente a lei Cavaliere, provi a essere quello che una sua alleata, probabilmente dopo una festa in cui ha esagerato, ha detto che lei sia: Un patriota.<br>E come tale faccia un passo indietro, magari dicendoci che era tutto uno scherzo, una di quelle sue barzellette che non facevano ridere nessuno se non i suoi lacch\u00e8.<br><br>Forse come Corto Maltese, cittadino del mondo e residente su una barca che solca tutti i mari, potrei far finta che tutto questo sia normale, che un paese come l\u2019Italia, ricco di arte, cultura, che ha dato i natali a menti e artisti eccezionali, possa permettersi una fase goliardica, anche se abbiamo gi\u00e0 dato per venti lunghi anni. Ma pensare che su quella poltrona, che \u00e8 stata di Sandro Pertini (tanto per dirne uno) si possano posare le terga di \u201clui\u201d \u2026bhe, questo \u00e8 troppo anche per me, che in fondo non sono che frutto di fantasia, alter ego di un folle che crede ancora nei valori e nella morale degli uomini. In bocca al lupo e in culo alla balena&#8230;Italia. <\/p>\n\n\n\n<figure class=\"wp-block-image size-full is-resized\"><img loading=\"lazy\" decoding=\"async\" width=\"700\" height=\"200\" src=\"https:\/\/www.istitutogalanteoliva.it\/magazine\/wp-content\/uploads\/2021\/04\/Corto-Maltese-1.png\" alt=\"\" class=\"wp-image-18748\" style=\"width:267px;height:auto\" srcset=\"https:\/\/www.istitutogalanteoliva.it\/magazine\/wp-content\/uploads\/2021\/04\/Corto-Maltese-1.png 700w, https:\/\/www.istitutogalanteoliva.it\/magazine\/wp-content\/uploads\/2021\/04\/Corto-Maltese-1-300x86.png 300w\" sizes=\"auto, (max-width: 700px) 100vw, 700px\" \/><figcaption class=\"wp-element-caption\"><em><mark style=\"background-color:rgba(0, 0, 0, 0)\" class=\"has-inline-color has-vivid-red-color\">.<\/mark><\/em>                                                                        *****<br> \ud83d\udd8b\ufe0f <em>Ho scelto di firmare come Corto Maltese perch\u00e9, come lui, credo che il viaggio non sia una fuga, ma un modo di restare fedeli a s\u00e9 stessi anche quando il mondo cambia rotta.<\/em> <em>Corto Maltese racchiude il viaggio come destino e libert\u00e0, il silenzio come compagno e il mistero come compasso. \u00c8 l\u2019eco di chi cerca il mondo senza volerlo possedere, e l\u2019ombra di chi sogna il mare anche quando non lo vede<\/em><br><em>Il mio vero nome non importa. In fondo, cosa \u00e8 un nome se non una sequenza di lettere scelta da altri, un\u2019etichetta che il tempo scolora?<\/em><\/figcaption><\/figure>\n\n\n\n<p><a href=\"https:\/\/www.istitutogalanteoliva.it\/magazine\/?s=corto+maltese\" target=\"_blank\" rel=\"noreferrer noopener\"><\/a><\/p>\n\n\n\n<p><br><br><br><\/p>\n<div class=\"pdfprnt-buttons pdfprnt-buttons-post pdfprnt-bottom-left\"><a href=\"https:\/\/www.istitutogalanteoliva.it\/magazine\/wp-json\/wp\/v2\/posts\/11384?print=print\" class=\"pdfprnt-button pdfprnt-button-print\" target=\"_blank\"><img decoding=\"async\" src=\"https:\/\/www.istitutogalanteoliva.it\/magazine\/wp-content\/plugins\/pdf-print\/images\/print.png\" alt=\"image_print\" title=\"Stampa contenuto\" \/><span class=\"pdfprnt-button-title pdfprnt-button-print-title\">Download in PDF<\/span><\/a><\/div>","protected":false},"excerpt":{"rendered":"<p>Se gli italiani non fossero distratti da ben altre notizie ed emergenze si sarebbero accorti che quella che si prospetta, da qua a pochi giorni, potrebbe essere una assurda realt\u00e0. <\/p>\n","protected":false},"author":2,"featured_media":11385,"comment_status":"open","ping_status":"open","sticky":true,"template":"","format":"standard","meta":{"footnotes":""},"categories":[577,444],"tags":[],"class_list":["post-11384","post","type-post","status-publish","format-standard","has-post-thumbnail","hentry","category-577","category-i-corti-di-corto-maltese-2"],"yoast_head":"<!-- This site is optimized with the Yoast SEO plugin v24.2 - https:\/\/yoast.com\/wordpress\/plugins\/seo\/ -->\n<title>Un Cavaliere al Colle - Polis SA Magazine<\/title>\n<meta name=\"robots\" content=\"index, follow, max-snippet:-1, max-image-preview:large, max-video-preview:-1\" \/>\n<link rel=\"canonical\" href=\"https:\/\/www.istitutogalanteoliva.it\/magazine\/2022\/01\/05\/un-cavaliere-al-colle\/\" \/>\n<meta property=\"og:locale\" content=\"it_IT\" \/>\n<meta property=\"og:type\" content=\"article\" \/>\n<meta property=\"og:title\" content=\"Un Cavaliere al Colle - Polis SA Magazine\" \/>\n<meta property=\"og:description\" content=\"Se gli italiani non fossero distratti da ben altre notizie ed emergenze si sarebbero accorti che quella che si prospetta, da qua a pochi giorni, potrebbe essere una assurda realt\u00e0.\" \/>\n<meta property=\"og:url\" content=\"https:\/\/www.istitutogalanteoliva.it\/magazine\/2022\/01\/05\/un-cavaliere-al-colle\/\" \/>\n<meta property=\"og:site_name\" content=\"Polis SA Magazine\" \/>\n<meta property=\"article:publisher\" content=\"https:\/\/www.facebook.com\/PolisSAMagazine\/\" \/>\n<meta property=\"article:published_time\" content=\"2022-01-05T11:39:37+00:00\" \/>\n<meta property=\"article:modified_time\" content=\"2022-01-16T13:36:20+00:00\" \/>\n<meta property=\"og:image\" content=\"https:\/\/www.istitutogalanteoliva.it\/magazine\/wp-content\/uploads\/2022\/01\/Senza-titolo-1-2.jpg\" \/>\n\t<meta property=\"og:image:width\" content=\"640\" \/>\n\t<meta property=\"og:image:height\" content=\"380\" \/>\n\t<meta property=\"og:image:type\" content=\"image\/jpeg\" \/>\n<meta name=\"author\" content=\"Antonello Rivano\" \/>\n<meta name=\"twitter:card\" content=\"summary_large_image\" \/>\n<meta name=\"twitter:creator\" content=\"@MagazinePolis\" \/>\n<meta name=\"twitter:site\" content=\"@MagazinePolis\" \/>\n<meta name=\"twitter:label1\" content=\"Scritto da\" \/>\n\t<meta name=\"twitter:data1\" content=\"Antonello Rivano\" \/>\n\t<meta name=\"twitter:label2\" content=\"Tempo di lettura stimato\" \/>\n\t<meta name=\"twitter:data2\" content=\"3 minuti\" \/>\n<script type=\"application\/ld+json\" class=\"yoast-schema-graph\">{\"@context\":\"https:\/\/schema.org\",\"@graph\":[{\"@type\":\"Article\",\"@id\":\"https:\/\/www.istitutogalanteoliva.it\/magazine\/2022\/01\/05\/un-cavaliere-al-colle\/#article\",\"isPartOf\":{\"@id\":\"https:\/\/www.istitutogalanteoliva.it\/magazine\/2022\/01\/05\/un-cavaliere-al-colle\/\"},\"author\":{\"name\":\"Antonello Rivano\",\"@id\":\"https:\/\/www.istitutogalanteoliva.it\/magazine\/#\/schema\/person\/d8b8aa79cfe8babc1df9da3212a7c0c4\"},\"headline\":\"Un Cavaliere al Colle\",\"datePublished\":\"2022-01-05T11:39:37+00:00\",\"dateModified\":\"2022-01-16T13:36:20+00:00\",\"mainEntityOfPage\":{\"@id\":\"https:\/\/www.istitutogalanteoliva.it\/magazine\/2022\/01\/05\/un-cavaliere-al-colle\/\"},\"wordCount\":590,\"commentCount\":0,\"publisher\":{\"@id\":\"https:\/\/www.istitutogalanteoliva.it\/magazine\/#organization\"},\"image\":{\"@id\":\"https:\/\/www.istitutogalanteoliva.it\/magazine\/2022\/01\/05\/un-cavaliere-al-colle\/#primaryimage\"},\"thumbnailUrl\":\"https:\/\/www.istitutogalanteoliva.it\/magazine\/wp-content\/uploads\/2022\/01\/Senza-titolo-1-2.jpg\",\"articleSection\":[\"2022\",\"i \\\"corti\\\" di Corto Maltese\"],\"inLanguage\":\"it-IT\",\"potentialAction\":[{\"@type\":\"CommentAction\",\"name\":\"Comment\",\"target\":[\"https:\/\/www.istitutogalanteoliva.it\/magazine\/2022\/01\/05\/un-cavaliere-al-colle\/#respond\"]}]},{\"@type\":\"WebPage\",\"@id\":\"https:\/\/www.istitutogalanteoliva.it\/magazine\/2022\/01\/05\/un-cavaliere-al-colle\/\",\"url\":\"https:\/\/www.istitutogalanteoliva.it\/magazine\/2022\/01\/05\/un-cavaliere-al-colle\/\",\"name\":\"Un Cavaliere al Colle - Polis SA Magazine\",\"isPartOf\":{\"@id\":\"https:\/\/www.istitutogalanteoliva.it\/magazine\/#website\"},\"primaryImageOfPage\":{\"@id\":\"https:\/\/www.istitutogalanteoliva.it\/magazine\/2022\/01\/05\/un-cavaliere-al-colle\/#primaryimage\"},\"image\":{\"@id\":\"https:\/\/www.istitutogalanteoliva.it\/magazine\/2022\/01\/05\/un-cavaliere-al-colle\/#primaryimage\"},\"thumbnailUrl\":\"https:\/\/www.istitutogalanteoliva.it\/magazine\/wp-content\/uploads\/2022\/01\/Senza-titolo-1-2.jpg\",\"datePublished\":\"2022-01-05T11:39:37+00:00\",\"dateModified\":\"2022-01-16T13:36:20+00:00\",\"breadcrumb\":{\"@id\":\"https:\/\/www.istitutogalanteoliva.it\/magazine\/2022\/01\/05\/un-cavaliere-al-colle\/#breadcrumb\"},\"inLanguage\":\"it-IT\",\"potentialAction\":[{\"@type\":\"ReadAction\",\"target\":[\"https:\/\/www.istitutogalanteoliva.it\/magazine\/2022\/01\/05\/un-cavaliere-al-colle\/\"]}]},{\"@type\":\"ImageObject\",\"inLanguage\":\"it-IT\",\"@id\":\"https:\/\/www.istitutogalanteoliva.it\/magazine\/2022\/01\/05\/un-cavaliere-al-colle\/#primaryimage\",\"url\":\"https:\/\/www.istitutogalanteoliva.it\/magazine\/wp-content\/uploads\/2022\/01\/Senza-titolo-1-2.jpg\",\"contentUrl\":\"https:\/\/www.istitutogalanteoliva.it\/magazine\/wp-content\/uploads\/2022\/01\/Senza-titolo-1-2.jpg\",\"width\":640,\"height\":380},{\"@type\":\"BreadcrumbList\",\"@id\":\"https:\/\/www.istitutogalanteoliva.it\/magazine\/2022\/01\/05\/un-cavaliere-al-colle\/#breadcrumb\",\"itemListElement\":[{\"@type\":\"ListItem\",\"position\":1,\"name\":\"Home\",\"item\":\"https:\/\/www.istitutogalanteoliva.it\/magazine\/\"},{\"@type\":\"ListItem\",\"position\":2,\"name\":\"Un Cavaliere al Colle\"}]},{\"@type\":\"WebSite\",\"@id\":\"https:\/\/www.istitutogalanteoliva.it\/magazine\/#website\",\"url\":\"https:\/\/www.istitutogalanteoliva.it\/magazine\/\",\"name\":\"POLIS SA MAGAZINE\",\"description\":\"Informazione e approfondimenti\",\"publisher\":{\"@id\":\"https:\/\/www.istitutogalanteoliva.it\/magazine\/#organization\"},\"potentialAction\":[{\"@type\":\"SearchAction\",\"target\":{\"@type\":\"EntryPoint\",\"urlTemplate\":\"https:\/\/www.istitutogalanteoliva.it\/magazine\/?s={search_term_string}\"},\"query-input\":{\"@type\":\"PropertyValueSpecification\",\"valueRequired\":true,\"valueName\":\"search_term_string\"}}],\"inLanguage\":\"it-IT\"},{\"@type\":\"Organization\",\"@id\":\"https:\/\/www.istitutogalanteoliva.it\/magazine\/#organization\",\"name\":\"Polis SA Magazine\",\"url\":\"https:\/\/www.istitutogalanteoliva.it\/magazine\/\",\"logo\":{\"@type\":\"ImageObject\",\"inLanguage\":\"it-IT\",\"@id\":\"https:\/\/www.istitutogalanteoliva.it\/magazine\/#\/schema\/logo\/image\/\",\"url\":\"\",\"contentUrl\":\"\",\"caption\":\"Polis SA Magazine\"},\"image\":{\"@id\":\"https:\/\/www.istitutogalanteoliva.it\/magazine\/#\/schema\/logo\/image\/\"},\"sameAs\":[\"https:\/\/www.facebook.com\/PolisSAMagazine\/\",\"https:\/\/x.com\/MagazinePolis\",\"https:\/\/www.youtube.com\/channel\/UCv0Mr5AHKUmsc0sEEXkJrgw\"]},{\"@type\":\"Person\",\"@id\":\"https:\/\/www.istitutogalanteoliva.it\/magazine\/#\/schema\/person\/d8b8aa79cfe8babc1df9da3212a7c0c4\",\"name\":\"Antonello Rivano\",\"image\":{\"@type\":\"ImageObject\",\"inLanguage\":\"it-IT\",\"@id\":\"https:\/\/www.istitutogalanteoliva.it\/magazine\/#\/schema\/person\/image\/\",\"url\":\"https:\/\/secure.gravatar.com\/avatar\/517a9a6487a7a18ecc4ce6d2e57a8f40?s=96&d=mm&r=g\",\"contentUrl\":\"https:\/\/secure.gravatar.com\/avatar\/517a9a6487a7a18ecc4ce6d2e57a8f40?s=96&d=mm&r=g\",\"caption\":\"Antonello Rivano\"},\"url\":\"https:\/\/www.istitutogalanteoliva.it\/magazine\/author\/antonello\/\"}]}<\/script>\n<!-- \/ Yoast SEO plugin. -->","yoast_head_json":{"title":"Un Cavaliere al Colle - Polis SA Magazine","robots":{"index":"index","follow":"follow","max-snippet":"max-snippet:-1","max-image-preview":"max-image-preview:large","max-video-preview":"max-video-preview:-1"},"canonical":"https:\/\/www.istitutogalanteoliva.it\/magazine\/2022\/01\/05\/un-cavaliere-al-colle\/","og_locale":"it_IT","og_type":"article","og_title":"Un Cavaliere al Colle - Polis SA Magazine","og_description":"Se gli italiani non fossero distratti da ben altre notizie ed emergenze si sarebbero accorti che quella che si prospetta, da qua a pochi giorni, potrebbe essere una assurda realt\u00e0.","og_url":"https:\/\/www.istitutogalanteoliva.it\/magazine\/2022\/01\/05\/un-cavaliere-al-colle\/","og_site_name":"Polis SA Magazine","article_publisher":"https:\/\/www.facebook.com\/PolisSAMagazine\/","article_published_time":"2022-01-05T11:39:37+00:00","article_modified_time":"2022-01-16T13:36:20+00:00","og_image":[{"width":640,"height":380,"url":"https:\/\/www.istitutogalanteoliva.it\/magazine\/wp-content\/uploads\/2022\/01\/Senza-titolo-1-2.jpg","type":"image\/jpeg"}],"author":"Antonello Rivano","twitter_card":"summary_large_image","twitter_creator":"@MagazinePolis","twitter_site":"@MagazinePolis","twitter_misc":{"Scritto da":"Antonello Rivano","Tempo di lettura stimato":"3 minuti"},"schema":{"@context":"https:\/\/schema.org","@graph":[{"@type":"Article","@id":"https:\/\/www.istitutogalanteoliva.it\/magazine\/2022\/01\/05\/un-cavaliere-al-colle\/#article","isPartOf":{"@id":"https:\/\/www.istitutogalanteoliva.it\/magazine\/2022\/01\/05\/un-cavaliere-al-colle\/"},"author":{"name":"Antonello Rivano","@id":"https:\/\/www.istitutogalanteoliva.it\/magazine\/#\/schema\/person\/d8b8aa79cfe8babc1df9da3212a7c0c4"},"headline":"Un Cavaliere al Colle","datePublished":"2022-01-05T11:39:37+00:00","dateModified":"2022-01-16T13:36:20+00:00","mainEntityOfPage":{"@id":"https:\/\/www.istitutogalanteoliva.it\/magazine\/2022\/01\/05\/un-cavaliere-al-colle\/"},"wordCount":590,"commentCount":0,"publisher":{"@id":"https:\/\/www.istitutogalanteoliva.it\/magazine\/#organization"},"image":{"@id":"https:\/\/www.istitutogalanteoliva.it\/magazine\/2022\/01\/05\/un-cavaliere-al-colle\/#primaryimage"},"thumbnailUrl":"https:\/\/www.istitutogalanteoliva.it\/magazine\/wp-content\/uploads\/2022\/01\/Senza-titolo-1-2.jpg","articleSection":["2022","i \"corti\" di Corto Maltese"],"inLanguage":"it-IT","potentialAction":[{"@type":"CommentAction","name":"Comment","target":["https:\/\/www.istitutogalanteoliva.it\/magazine\/2022\/01\/05\/un-cavaliere-al-colle\/#respond"]}]},{"@type":"WebPage","@id":"https:\/\/www.istitutogalanteoliva.it\/magazine\/2022\/01\/05\/un-cavaliere-al-colle\/","url":"https:\/\/www.istitutogalanteoliva.it\/magazine\/2022\/01\/05\/un-cavaliere-al-colle\/","name":"Un Cavaliere al Colle - Polis SA Magazine","isPartOf":{"@id":"https:\/\/www.istitutogalanteoliva.it\/magazine\/#website"},"primaryImageOfPage":{"@id":"https:\/\/www.istitutogalanteoliva.it\/magazine\/2022\/01\/05\/un-cavaliere-al-colle\/#primaryimage"},"image":{"@id":"https:\/\/www.istitutogalanteoliva.it\/magazine\/2022\/01\/05\/un-cavaliere-al-colle\/#primaryimage"},"thumbnailUrl":"https:\/\/www.istitutogalanteoliva.it\/magazine\/wp-content\/uploads\/2022\/01\/Senza-titolo-1-2.jpg","datePublished":"2022-01-05T11:39:37+00:00","dateModified":"2022-01-16T13:36:20+00:00","breadcrumb":{"@id":"https:\/\/www.istitutogalanteoliva.it\/magazine\/2022\/01\/05\/un-cavaliere-al-colle\/#breadcrumb"},"inLanguage":"it-IT","potentialAction":[{"@type":"ReadAction","target":["https:\/\/www.istitutogalanteoliva.it\/magazine\/2022\/01\/05\/un-cavaliere-al-colle\/"]}]},{"@type":"ImageObject","inLanguage":"it-IT","@id":"https:\/\/www.istitutogalanteoliva.it\/magazine\/2022\/01\/05\/un-cavaliere-al-colle\/#primaryimage","url":"https:\/\/www.istitutogalanteoliva.it\/magazine\/wp-content\/uploads\/2022\/01\/Senza-titolo-1-2.jpg","contentUrl":"https:\/\/www.istitutogalanteoliva.it\/magazine\/wp-content\/uploads\/2022\/01\/Senza-titolo-1-2.jpg","width":640,"height":380},{"@type":"BreadcrumbList","@id":"https:\/\/www.istitutogalanteoliva.it\/magazine\/2022\/01\/05\/un-cavaliere-al-colle\/#breadcrumb","itemListElement":[{"@type":"ListItem","position":1,"name":"Home","item":"https:\/\/www.istitutogalanteoliva.it\/magazine\/"},{"@type":"ListItem","position":2,"name":"Un Cavaliere al Colle"}]},{"@type":"WebSite","@id":"https:\/\/www.istitutogalanteoliva.it\/magazine\/#website","url":"https:\/\/www.istitutogalanteoliva.it\/magazine\/","name":"POLIS SA MAGAZINE","description":"Informazione e approfondimenti","publisher":{"@id":"https:\/\/www.istitutogalanteoliva.it\/magazine\/#organization"},"potentialAction":[{"@type":"SearchAction","target":{"@type":"EntryPoint","urlTemplate":"https:\/\/www.istitutogalanteoliva.it\/magazine\/?s={search_term_string}"},"query-input":{"@type":"PropertyValueSpecification","valueRequired":true,"valueName":"search_term_string"}}],"inLanguage":"it-IT"},{"@type":"Organization","@id":"https:\/\/www.istitutogalanteoliva.it\/magazine\/#organization","name":"Polis SA Magazine","url":"https:\/\/www.istitutogalanteoliva.it\/magazine\/","logo":{"@type":"ImageObject","inLanguage":"it-IT","@id":"https:\/\/www.istitutogalanteoliva.it\/magazine\/#\/schema\/logo\/image\/","url":"","contentUrl":"","caption":"Polis SA Magazine"},"image":{"@id":"https:\/\/www.istitutogalanteoliva.it\/magazine\/#\/schema\/logo\/image\/"},"sameAs":["https:\/\/www.facebook.com\/PolisSAMagazine\/","https:\/\/x.com\/MagazinePolis","https:\/\/www.youtube.com\/channel\/UCv0Mr5AHKUmsc0sEEXkJrgw"]},{"@type":"Person","@id":"https:\/\/www.istitutogalanteoliva.it\/magazine\/#\/schema\/person\/d8b8aa79cfe8babc1df9da3212a7c0c4","name":"Antonello Rivano","image":{"@type":"ImageObject","inLanguage":"it-IT","@id":"https:\/\/www.istitutogalanteoliva.it\/magazine\/#\/schema\/person\/image\/","url":"https:\/\/secure.gravatar.com\/avatar\/517a9a6487a7a18ecc4ce6d2e57a8f40?s=96&d=mm&r=g","contentUrl":"https:\/\/secure.gravatar.com\/avatar\/517a9a6487a7a18ecc4ce6d2e57a8f40?s=96&d=mm&r=g","caption":"Antonello Rivano"},"url":"https:\/\/www.istitutogalanteoliva.it\/magazine\/author\/antonello\/"}]}},"_links":{"self":[{"href":"https:\/\/www.istitutogalanteoliva.it\/magazine\/wp-json\/wp\/v2\/posts\/11384","targetHints":{"allow":["GET"]}}],"collection":[{"href":"https:\/\/www.istitutogalanteoliva.it\/magazine\/wp-json\/wp\/v2\/posts"}],"about":[{"href":"https:\/\/www.istitutogalanteoliva.it\/magazine\/wp-json\/wp\/v2\/types\/post"}],"author":[{"embeddable":true,"href":"https:\/\/www.istitutogalanteoliva.it\/magazine\/wp-json\/wp\/v2\/users\/2"}],"replies":[{"embeddable":true,"href":"https:\/\/www.istitutogalanteoliva.it\/magazine\/wp-json\/wp\/v2\/comments?post=11384"}],"version-history":[{"count":4,"href":"https:\/\/www.istitutogalanteoliva.it\/magazine\/wp-json\/wp\/v2\/posts\/11384\/revisions"}],"predecessor-version":[{"id":11407,"href":"https:\/\/www.istitutogalanteoliva.it\/magazine\/wp-json\/wp\/v2\/posts\/11384\/revisions\/11407"}],"wp:featuredmedia":[{"embeddable":true,"href":"https:\/\/www.istitutogalanteoliva.it\/magazine\/wp-json\/wp\/v2\/media\/11385"}],"wp:attachment":[{"href":"https:\/\/www.istitutogalanteoliva.it\/magazine\/wp-json\/wp\/v2\/media?parent=11384"}],"wp:term":[{"taxonomy":"category","embeddable":true,"href":"https:\/\/www.istitutogalanteoliva.it\/magazine\/wp-json\/wp\/v2\/categories?post=11384"},{"taxonomy":"post_tag","embeddable":true,"href":"https:\/\/www.istitutogalanteoliva.it\/magazine\/wp-json\/wp\/v2\/tags?post=11384"}],"curies":[{"name":"wp","href":"https:\/\/api.w.org\/{rel}","templated":true}]}}