{"id":1142,"date":"2017-10-18T15:17:44","date_gmt":"2017-10-18T13:17:44","guid":{"rendered":"http:\/\/www.edizionipolis.it\/magazine\/?p=1142"},"modified":"2019-08-24T15:20:40","modified_gmt":"2019-08-24T13:20:40","slug":"la-grande-marcia-del-29-ottobre-contro-linquinamento-del-sarno-la-campania-si-organizza","status":"publish","type":"post","link":"https:\/\/www.istitutogalanteoliva.it\/magazine\/2017\/10\/18\/la-grande-marcia-del-29-ottobre-contro-linquinamento-del-sarno-la-campania-si-organizza\/","title":{"rendered":"La grande marcia del 29 Ottobre, contro l&#8217;inquinamento del Sarno. la Campania si organizza"},"content":{"rendered":"\n<p>\u201cIl fiume pi\u00f9 inquinato d\u2019Europa\u201d, \u201cIl depuratore non funziona\u201d, \u201cIl Sarno muore\u201d, \u201cUn fiume di acqua avvelenata\u201d. Si sprecano i titoli sui giornali, quando si tratta di raccontare l\u2019agonia senza fine di un corso fluviale dalla storia secolare. Secondo un dossier di Legambiente, comparso l\u2019anno scorso, l\u201980% dell\u2019area campionata presenta livelli di inquinamento fuori dai parametri stabiliti. <\/p>\n\n\n\n<p>Sono anni che la comunit\u00e0 attivista denuncia ogni tipo di violenza a danno del fiume Sarno. La problematica dello sversamento di rifiuti e liquidi illegali \u00e8 molto pi\u00f9 ampia e concreta di quanto si pensi. Da un punto di vista geochimico, le sostanze immesse nel corso d\u2019acqua vanno a depositarsi nei sedimenti fluviali, assorbiti dalle piante, piante che poi coltiviamo, compriamo. Gli animali si cibano di quei vegetali. Nella catena alimentare tutto torna all\u2019uomo. Anche il veleno e le patologie che affliggono, in espansione allarmante, i territori tra Agro nocerino-sarnese e napoletano. <\/p>\n\n\n\n<p>Fognature mancanti, voragini istituzionali, assenza di controlli seri e credibili.\n<\/p>\n\n\n\n<p>Il 29 ottobre si terr\u00e0 una marcia organizzata dalla Rete a difesa del Sarno. Una giornata\nin cui 23 Comuni pronunceranno il loro \u201cBasta!\u201d agli scempi ambientali. Dalla provincia\ndi Avellino, passando per quella di Salerno, fino al territorio partenopeo. Centinaia di\npersone manifesteranno nelle piazze, organizzeranno cortei, leggeranno un manifesto che\npoi verr\u00e0 inviato al presidente della regione Campania, Vincenzo De Luca, e con il quale\nchiederanno la realizzazione di fogne nelle proprie citt\u00e0, il disinquinamento del fiume\nSarno e affluenti, un maggiore controllo da parte della politica e delle istituzioni. Sar\u00e0\nuna \u201cinvasione pacifica\u201d.\n<\/p>\n\n\n\n<p>\u00abA Nocera Inferiore la rete fognaria non \u00e8 completa \u2013 dice l\u2019attivista nocerino Emiddio Ventre \u2013 Questa \u00e8 di competenza della Regione. Si \u00e8 pensato di costruire un evento che \u00e8 un prosieguo della marcia del 29 novembre a Solofra, dove parteciparono 20 amministrazioni contro gli scarichi abusivi, da Montoro a Torre Annunziata. Questa marcia coinvolger\u00e0 anche i cittadini, una marcia congiunta. Ogni Comune prelever\u00e0 una bottiglia d\u2019acqua dal fiume o dal torrente che attraversa la propria citt\u00e0 e nel pomeriggio porteremo questa bottiglia a Rovigliano, la foce del fiume Sarno, con i rappresentanti dei vari comitati. Sar\u00e0 un momento simbolico importante. Faremo quindi una conferenza stampa finale\u00bb. <\/p>\n\n\n\n<p>Il 26 ottobre, poco prima della \u201cGrande Marcia\u201d, verr\u00e0 organizzato un pre-incontro\nnell\u2019aula consiliare del Comune di Nocera Inferiore, dove dovrebbe presenziare anche il\nsindaco Manlio Torquato.\n<\/p>\n\n\n\n<p>\u00abI problemi del fiume Sarno sono due. Di tipo chimico e biologico\u00bb spiega Ventre. \u00abPer il chimico, ci sono scarichi illegali da parte delle industrie conciarie. Il secondo \u00e8 di natura civile, inquinamento urbano, perch\u00e9 ci sono Comuni come Nocera Inferiore, Sarno, San Valentino Torio, Scafati che scaricano direttamente nel fiume senza depurare. A Nocera, i 47 mila abitanti scaricano nel torrente. Gli obiettivi sono il disinquinamento, controlli sugli scarichi abusivi, la realizzazione della rete fognaria. Stiamo facendo anche una petizione con una raccolta firme. Ogni citt\u00e0 invier\u00e0 al presidente della regione Campania, Vincenzo De Luca, un manifesto che abbiamo condiviso. L\u00ec ci saranno le nostre richieste\u00bb. <\/p>\n\n\n\n<p>Tra gli attivisti della citt\u00e0 di Sarno, Giovanni Lanzetta, che lancia dure accuse alle istituzioni: \u00abSi cerca di occultare il danno del territorio. Ci sono corresponsabilit\u00e0 oggettive della politica. Un esempio. Si programma un\u2019area Pip, si costruiscono decine di industrie senza che in quell\u2019area esista una fogna. Lascio immaginare cosa sia accaduto. La politica non vuole che queste cose emergano. Tutta la zona industriale di Sarno non \u00e8 collettata con le fogne. Non ci sono proprio. \u00c8 successo qualcosa di straordinariamente illecito. Il percolato, qualcuno lo buttava direttamente nel fiume\u00bb. Molte le denunce da parte dei cittadini, ma sembra non abbiano sortito effetti risolutivi. \u00abA pagare saremo sempre noi\u00bb tuona Lanzetta. <\/p>\n\n\n\n<p>A fargli eco, un altro attivista, questa volta di Roccapiemonte, Carmine Calvanese: \u00abA Rocca, in piazza Zanardelli, insieme all\u2019assessorato all\u2019Ambiente e alle associazioni del territorio, faremo un banchetto informativo alle ore 10. Poi ci sar\u00e0 la lettura del documento che i comitati rappresenteranno alla regione Campania e agli assessorati di competenza. A Roccapiemonte sono state fatte tante battaglie, anche insieme al professore Ciccio Di Pace. Il professore, purtroppo, ci ha lasciati e non ha visto risolto questo grave problema ambientale. Il punto \u00e8 che stiamo ancora nella fase della denuncia ma il nostro obiettivo \u00e8 arrivare alla fase progettuale dove i fiumi diventino arredo urbano, valore aggiunto e non discariche a cielo aperto. Perci\u00f2 varie associazioni, come la Tre Castelli, proposero la \u201cLungosolofrana\u201d come mezzo di comunicazione per una mobilit\u00e0 alternativa, per attivit\u00e0 ricreative e sportive. Non ci fermeremo. Nella Solofrana [tributario del Sarno, <em>ndr.<\/em>] vadano solo acque piovane. Non acque industriali o di scarico urbano. Gi\u00e0 con i fondi del generale Jucci, 630 milioni di euro, bisognava fare la doppia canalizzazione e non venne realizzata\u00bb. <\/p>\n\n\n\n<p>La marcia prender\u00e0 piede anche in un altro grosso centro urbano, Scafati. Qui il comitato civico si sta organizzando per il 29, dopo aver partecipato ad altri eventi similari. \u00abL\u2019evento di Scafati del 29, nasce dopo il 14 agosto scorso \u2013 dice l\u2019attivista Luigi Lombardi \u2013 quando abbiamo avuto un <em>sit-in <\/em>davanti alla Casa comunale dove era atteso l\u2019arrivo del prefetto Malfi. In quell\u2019occasione abbiamo rappresentato il disagio della cittadinanza a causa di miasmi intensi. Successivamente, c\u2019\u00e8 stata la marcia del 3 settembre, dove eravamo circa 5mila in piazza. Una cosa che non si vedeva dagli anni Novanta\u00bb. La questione del Sarno fu anche motivo di dibattito nella trasmissione \u201cAgor\u00e0\u201d di Rai3, riscuotendo curiosit\u00e0 nazionale. <\/p>\n\n\n\n<p>\u00abQualcuno potrebbe dire l\u2019ennesima manifestazione \u2013 dice Lombardi \u2013 Ma non \u00e8 cos\u00ec. \u00c8 una manifestazione organizzata, con dei contenuti forti, accompagnata da un manifesto di richieste e da una sottoscrizione di firme legata a questa manifesto. L\u2019auspicio \u00e8 di avere un presidio permanente su questi problemi. Pensavamo di far partecipare anche i bambini delle scuole. Il parroco, don Giovanni, della parrocchia di Santa Maria delle Vergini, far\u00e0 una benedizione dell\u2019acqua e dei fiori versati nel Sarno. Importante anche l\u2019apporto delle parrocchie cittadine che ci stanno dando una mano a coinvolgere le persone\u00bb. <\/p>\n\n\n\n<p style=\"text-align:right\"><em>Davide Speranza\n<\/em><\/p>\n<div class=\"pdfprnt-buttons pdfprnt-buttons-post pdfprnt-bottom-left\"><a href=\"https:\/\/www.istitutogalanteoliva.it\/magazine\/wp-json\/wp\/v2\/posts\/1142?print=print\" class=\"pdfprnt-button pdfprnt-button-print\" target=\"_blank\"><img decoding=\"async\" src=\"https:\/\/www.istitutogalanteoliva.it\/magazine\/wp-content\/plugins\/pdf-print\/images\/print.png\" alt=\"image_print\" title=\"Stampa contenuto\" \/><span class=\"pdfprnt-button-title pdfprnt-button-print-title\">Download in PDF<\/span><\/a><\/div>","protected":false},"excerpt":{"rendered":"<p>\u201cIl fiume pi\u00f9 inquinato d\u2019Europa\u201d, \u201cIl depuratore non funziona\u201d, \u201cIl Sarno muore\u201d, \u201cUn fiume di<\/p>\n","protected":false},"author":1,"featured_media":1143,"comment_status":"open","ping_status":"open","sticky":false,"template":"","format":"standard","meta":{"footnotes":""},"categories":[2,13],"tags":[],"class_list":["post-1142","post","type-post","status-publish","format-standard","has-post-thumbnail","hentry","category-2","category-territorio"],"yoast_head":"<!-- This site is optimized with the Yoast SEO plugin v24.2 - https:\/\/yoast.com\/wordpress\/plugins\/seo\/ -->\n<title>La grande marcia del 29 Ottobre, contro l&#039;inquinamento del Sarno. la Campania si organizza - Polis SA Magazine<\/title>\n<meta name=\"robots\" content=\"index, follow, max-snippet:-1, max-image-preview:large, max-video-preview:-1\" \/>\n<link rel=\"canonical\" href=\"https:\/\/www.istitutogalanteoliva.it\/magazine\/2017\/10\/18\/la-grande-marcia-del-29-ottobre-contro-linquinamento-del-sarno-la-campania-si-organizza\/\" \/>\n<meta property=\"og:locale\" content=\"it_IT\" \/>\n<meta property=\"og:type\" content=\"article\" \/>\n<meta property=\"og:title\" content=\"La grande marcia del 29 Ottobre, contro l&#039;inquinamento del Sarno. la Campania si organizza - Polis SA Magazine\" \/>\n<meta property=\"og:description\" content=\"\u201cIl fiume pi\u00f9 inquinato d\u2019Europa\u201d, \u201cIl depuratore non funziona\u201d, \u201cIl Sarno muore\u201d, \u201cUn fiume di\" \/>\n<meta property=\"og:url\" content=\"https:\/\/www.istitutogalanteoliva.it\/magazine\/2017\/10\/18\/la-grande-marcia-del-29-ottobre-contro-linquinamento-del-sarno-la-campania-si-organizza\/\" \/>\n<meta property=\"og:site_name\" content=\"Polis SA Magazine\" \/>\n<meta property=\"article:publisher\" content=\"https:\/\/www.facebook.com\/PolisSAMagazine\/\" \/>\n<meta property=\"article:published_time\" content=\"2017-10-18T13:17:44+00:00\" \/>\n<meta property=\"article:modified_time\" content=\"2019-08-24T13:20:40+00:00\" \/>\n<meta property=\"og:image\" content=\"https:\/\/www.istitutogalanteoliva.it\/magazine\/wp-content\/uploads\/2019\/08\/Ponte_di_San_Marzano.jpg\" \/>\n\t<meta property=\"og:image:width\" content=\"1920\" \/>\n\t<meta property=\"og:image:height\" content=\"1440\" \/>\n\t<meta property=\"og:image:type\" content=\"image\/jpeg\" \/>\n<meta name=\"author\" content=\"admin\" \/>\n<meta name=\"twitter:card\" content=\"summary_large_image\" \/>\n<meta name=\"twitter:creator\" content=\"@MagazinePolis\" \/>\n<meta name=\"twitter:site\" content=\"@MagazinePolis\" \/>\n<meta name=\"twitter:label1\" content=\"Scritto da\" \/>\n\t<meta name=\"twitter:data1\" content=\"admin\" \/>\n\t<meta name=\"twitter:label2\" content=\"Tempo di lettura stimato\" \/>\n\t<meta name=\"twitter:data2\" content=\"5 minuti\" \/>\n<script type=\"application\/ld+json\" class=\"yoast-schema-graph\">{\"@context\":\"https:\/\/schema.org\",\"@graph\":[{\"@type\":\"Article\",\"@id\":\"https:\/\/www.istitutogalanteoliva.it\/magazine\/2017\/10\/18\/la-grande-marcia-del-29-ottobre-contro-linquinamento-del-sarno-la-campania-si-organizza\/#article\",\"isPartOf\":{\"@id\":\"https:\/\/www.istitutogalanteoliva.it\/magazine\/2017\/10\/18\/la-grande-marcia-del-29-ottobre-contro-linquinamento-del-sarno-la-campania-si-organizza\/\"},\"author\":{\"name\":\"admin\",\"@id\":\"https:\/\/www.istitutogalanteoliva.it\/magazine\/#\/schema\/person\/72e8141246542ebcf905456f5dbd4c49\"},\"headline\":\"La grande marcia del 29 Ottobre, contro l&#8217;inquinamento del Sarno. la Campania si organizza\",\"datePublished\":\"2017-10-18T13:17:44+00:00\",\"dateModified\":\"2019-08-24T13:20:40+00:00\",\"mainEntityOfPage\":{\"@id\":\"https:\/\/www.istitutogalanteoliva.it\/magazine\/2017\/10\/18\/la-grande-marcia-del-29-ottobre-contro-linquinamento-del-sarno-la-campania-si-organizza\/\"},\"wordCount\":997,\"commentCount\":0,\"publisher\":{\"@id\":\"https:\/\/www.istitutogalanteoliva.it\/magazine\/#organization\"},\"image\":{\"@id\":\"https:\/\/www.istitutogalanteoliva.it\/magazine\/2017\/10\/18\/la-grande-marcia-del-29-ottobre-contro-linquinamento-del-sarno-la-campania-si-organizza\/#primaryimage\"},\"thumbnailUrl\":\"https:\/\/www.istitutogalanteoliva.it\/magazine\/wp-content\/uploads\/2019\/08\/Ponte_di_San_Marzano.jpg\",\"articleSection\":[\"2017\",\"Territorio\"],\"inLanguage\":\"it-IT\",\"potentialAction\":[{\"@type\":\"CommentAction\",\"name\":\"Comment\",\"target\":[\"https:\/\/www.istitutogalanteoliva.it\/magazine\/2017\/10\/18\/la-grande-marcia-del-29-ottobre-contro-linquinamento-del-sarno-la-campania-si-organizza\/#respond\"]}]},{\"@type\":\"WebPage\",\"@id\":\"https:\/\/www.istitutogalanteoliva.it\/magazine\/2017\/10\/18\/la-grande-marcia-del-29-ottobre-contro-linquinamento-del-sarno-la-campania-si-organizza\/\",\"url\":\"https:\/\/www.istitutogalanteoliva.it\/magazine\/2017\/10\/18\/la-grande-marcia-del-29-ottobre-contro-linquinamento-del-sarno-la-campania-si-organizza\/\",\"name\":\"La grande marcia del 29 Ottobre, contro l'inquinamento del Sarno. la Campania si organizza - Polis SA Magazine\",\"isPartOf\":{\"@id\":\"https:\/\/www.istitutogalanteoliva.it\/magazine\/#website\"},\"primaryImageOfPage\":{\"@id\":\"https:\/\/www.istitutogalanteoliva.it\/magazine\/2017\/10\/18\/la-grande-marcia-del-29-ottobre-contro-linquinamento-del-sarno-la-campania-si-organizza\/#primaryimage\"},\"image\":{\"@id\":\"https:\/\/www.istitutogalanteoliva.it\/magazine\/2017\/10\/18\/la-grande-marcia-del-29-ottobre-contro-linquinamento-del-sarno-la-campania-si-organizza\/#primaryimage\"},\"thumbnailUrl\":\"https:\/\/www.istitutogalanteoliva.it\/magazine\/wp-content\/uploads\/2019\/08\/Ponte_di_San_Marzano.jpg\",\"datePublished\":\"2017-10-18T13:17:44+00:00\",\"dateModified\":\"2019-08-24T13:20:40+00:00\",\"breadcrumb\":{\"@id\":\"https:\/\/www.istitutogalanteoliva.it\/magazine\/2017\/10\/18\/la-grande-marcia-del-29-ottobre-contro-linquinamento-del-sarno-la-campania-si-organizza\/#breadcrumb\"},\"inLanguage\":\"it-IT\",\"potentialAction\":[{\"@type\":\"ReadAction\",\"target\":[\"https:\/\/www.istitutogalanteoliva.it\/magazine\/2017\/10\/18\/la-grande-marcia-del-29-ottobre-contro-linquinamento-del-sarno-la-campania-si-organizza\/\"]}]},{\"@type\":\"ImageObject\",\"inLanguage\":\"it-IT\",\"@id\":\"https:\/\/www.istitutogalanteoliva.it\/magazine\/2017\/10\/18\/la-grande-marcia-del-29-ottobre-contro-linquinamento-del-sarno-la-campania-si-organizza\/#primaryimage\",\"url\":\"https:\/\/www.istitutogalanteoliva.it\/magazine\/wp-content\/uploads\/2019\/08\/Ponte_di_San_Marzano.jpg\",\"contentUrl\":\"https:\/\/www.istitutogalanteoliva.it\/magazine\/wp-content\/uploads\/2019\/08\/Ponte_di_San_Marzano.jpg\",\"width\":1920,\"height\":1440},{\"@type\":\"BreadcrumbList\",\"@id\":\"https:\/\/www.istitutogalanteoliva.it\/magazine\/2017\/10\/18\/la-grande-marcia-del-29-ottobre-contro-linquinamento-del-sarno-la-campania-si-organizza\/#breadcrumb\",\"itemListElement\":[{\"@type\":\"ListItem\",\"position\":1,\"name\":\"Home\",\"item\":\"https:\/\/www.istitutogalanteoliva.it\/magazine\/\"},{\"@type\":\"ListItem\",\"position\":2,\"name\":\"La grande marcia del 29 Ottobre, contro l&#8217;inquinamento del Sarno. la Campania si organizza\"}]},{\"@type\":\"WebSite\",\"@id\":\"https:\/\/www.istitutogalanteoliva.it\/magazine\/#website\",\"url\":\"https:\/\/www.istitutogalanteoliva.it\/magazine\/\",\"name\":\"POLIS SA MAGAZINE\",\"description\":\"Informazione e approfondimenti\",\"publisher\":{\"@id\":\"https:\/\/www.istitutogalanteoliva.it\/magazine\/#organization\"},\"potentialAction\":[{\"@type\":\"SearchAction\",\"target\":{\"@type\":\"EntryPoint\",\"urlTemplate\":\"https:\/\/www.istitutogalanteoliva.it\/magazine\/?s={search_term_string}\"},\"query-input\":{\"@type\":\"PropertyValueSpecification\",\"valueRequired\":true,\"valueName\":\"search_term_string\"}}],\"inLanguage\":\"it-IT\"},{\"@type\":\"Organization\",\"@id\":\"https:\/\/www.istitutogalanteoliva.it\/magazine\/#organization\",\"name\":\"Polis SA Magazine\",\"url\":\"https:\/\/www.istitutogalanteoliva.it\/magazine\/\",\"logo\":{\"@type\":\"ImageObject\",\"inLanguage\":\"it-IT\",\"@id\":\"https:\/\/www.istitutogalanteoliva.it\/magazine\/#\/schema\/logo\/image\/\",\"url\":\"\",\"contentUrl\":\"\",\"caption\":\"Polis SA Magazine\"},\"image\":{\"@id\":\"https:\/\/www.istitutogalanteoliva.it\/magazine\/#\/schema\/logo\/image\/\"},\"sameAs\":[\"https:\/\/www.facebook.com\/PolisSAMagazine\/\",\"https:\/\/x.com\/MagazinePolis\",\"https:\/\/www.youtube.com\/channel\/UCv0Mr5AHKUmsc0sEEXkJrgw\"]},{\"@type\":\"Person\",\"@id\":\"https:\/\/www.istitutogalanteoliva.it\/magazine\/#\/schema\/person\/72e8141246542ebcf905456f5dbd4c49\",\"name\":\"admin\",\"image\":{\"@type\":\"ImageObject\",\"inLanguage\":\"it-IT\",\"@id\":\"https:\/\/www.istitutogalanteoliva.it\/magazine\/#\/schema\/person\/image\/\",\"url\":\"https:\/\/secure.gravatar.com\/avatar\/07059cc99eeb1edd29e138d1812e69ec?s=96&d=mm&r=g\",\"contentUrl\":\"https:\/\/secure.gravatar.com\/avatar\/07059cc99eeb1edd29e138d1812e69ec?s=96&d=mm&r=g\",\"caption\":\"admin\"},\"url\":\"https:\/\/www.istitutogalanteoliva.it\/magazine\/author\/admin\/\"}]}<\/script>\n<!-- \/ Yoast SEO plugin. -->","yoast_head_json":{"title":"La grande marcia del 29 Ottobre, contro l'inquinamento del Sarno. la Campania si organizza - Polis SA Magazine","robots":{"index":"index","follow":"follow","max-snippet":"max-snippet:-1","max-image-preview":"max-image-preview:large","max-video-preview":"max-video-preview:-1"},"canonical":"https:\/\/www.istitutogalanteoliva.it\/magazine\/2017\/10\/18\/la-grande-marcia-del-29-ottobre-contro-linquinamento-del-sarno-la-campania-si-organizza\/","og_locale":"it_IT","og_type":"article","og_title":"La grande marcia del 29 Ottobre, contro l'inquinamento del Sarno. la Campania si organizza - Polis SA Magazine","og_description":"\u201cIl fiume pi\u00f9 inquinato d\u2019Europa\u201d, \u201cIl depuratore non funziona\u201d, \u201cIl Sarno muore\u201d, \u201cUn fiume di","og_url":"https:\/\/www.istitutogalanteoliva.it\/magazine\/2017\/10\/18\/la-grande-marcia-del-29-ottobre-contro-linquinamento-del-sarno-la-campania-si-organizza\/","og_site_name":"Polis SA Magazine","article_publisher":"https:\/\/www.facebook.com\/PolisSAMagazine\/","article_published_time":"2017-10-18T13:17:44+00:00","article_modified_time":"2019-08-24T13:20:40+00:00","og_image":[{"width":1920,"height":1440,"url":"https:\/\/www.istitutogalanteoliva.it\/magazine\/wp-content\/uploads\/2019\/08\/Ponte_di_San_Marzano.jpg","type":"image\/jpeg"}],"author":"admin","twitter_card":"summary_large_image","twitter_creator":"@MagazinePolis","twitter_site":"@MagazinePolis","twitter_misc":{"Scritto da":"admin","Tempo di lettura stimato":"5 minuti"},"schema":{"@context":"https:\/\/schema.org","@graph":[{"@type":"Article","@id":"https:\/\/www.istitutogalanteoliva.it\/magazine\/2017\/10\/18\/la-grande-marcia-del-29-ottobre-contro-linquinamento-del-sarno-la-campania-si-organizza\/#article","isPartOf":{"@id":"https:\/\/www.istitutogalanteoliva.it\/magazine\/2017\/10\/18\/la-grande-marcia-del-29-ottobre-contro-linquinamento-del-sarno-la-campania-si-organizza\/"},"author":{"name":"admin","@id":"https:\/\/www.istitutogalanteoliva.it\/magazine\/#\/schema\/person\/72e8141246542ebcf905456f5dbd4c49"},"headline":"La grande marcia del 29 Ottobre, contro l&#8217;inquinamento del Sarno. la Campania si organizza","datePublished":"2017-10-18T13:17:44+00:00","dateModified":"2019-08-24T13:20:40+00:00","mainEntityOfPage":{"@id":"https:\/\/www.istitutogalanteoliva.it\/magazine\/2017\/10\/18\/la-grande-marcia-del-29-ottobre-contro-linquinamento-del-sarno-la-campania-si-organizza\/"},"wordCount":997,"commentCount":0,"publisher":{"@id":"https:\/\/www.istitutogalanteoliva.it\/magazine\/#organization"},"image":{"@id":"https:\/\/www.istitutogalanteoliva.it\/magazine\/2017\/10\/18\/la-grande-marcia-del-29-ottobre-contro-linquinamento-del-sarno-la-campania-si-organizza\/#primaryimage"},"thumbnailUrl":"https:\/\/www.istitutogalanteoliva.it\/magazine\/wp-content\/uploads\/2019\/08\/Ponte_di_San_Marzano.jpg","articleSection":["2017","Territorio"],"inLanguage":"it-IT","potentialAction":[{"@type":"CommentAction","name":"Comment","target":["https:\/\/www.istitutogalanteoliva.it\/magazine\/2017\/10\/18\/la-grande-marcia-del-29-ottobre-contro-linquinamento-del-sarno-la-campania-si-organizza\/#respond"]}]},{"@type":"WebPage","@id":"https:\/\/www.istitutogalanteoliva.it\/magazine\/2017\/10\/18\/la-grande-marcia-del-29-ottobre-contro-linquinamento-del-sarno-la-campania-si-organizza\/","url":"https:\/\/www.istitutogalanteoliva.it\/magazine\/2017\/10\/18\/la-grande-marcia-del-29-ottobre-contro-linquinamento-del-sarno-la-campania-si-organizza\/","name":"La grande marcia del 29 Ottobre, contro l'inquinamento del Sarno. la Campania si organizza - Polis SA Magazine","isPartOf":{"@id":"https:\/\/www.istitutogalanteoliva.it\/magazine\/#website"},"primaryImageOfPage":{"@id":"https:\/\/www.istitutogalanteoliva.it\/magazine\/2017\/10\/18\/la-grande-marcia-del-29-ottobre-contro-linquinamento-del-sarno-la-campania-si-organizza\/#primaryimage"},"image":{"@id":"https:\/\/www.istitutogalanteoliva.it\/magazine\/2017\/10\/18\/la-grande-marcia-del-29-ottobre-contro-linquinamento-del-sarno-la-campania-si-organizza\/#primaryimage"},"thumbnailUrl":"https:\/\/www.istitutogalanteoliva.it\/magazine\/wp-content\/uploads\/2019\/08\/Ponte_di_San_Marzano.jpg","datePublished":"2017-10-18T13:17:44+00:00","dateModified":"2019-08-24T13:20:40+00:00","breadcrumb":{"@id":"https:\/\/www.istitutogalanteoliva.it\/magazine\/2017\/10\/18\/la-grande-marcia-del-29-ottobre-contro-linquinamento-del-sarno-la-campania-si-organizza\/#breadcrumb"},"inLanguage":"it-IT","potentialAction":[{"@type":"ReadAction","target":["https:\/\/www.istitutogalanteoliva.it\/magazine\/2017\/10\/18\/la-grande-marcia-del-29-ottobre-contro-linquinamento-del-sarno-la-campania-si-organizza\/"]}]},{"@type":"ImageObject","inLanguage":"it-IT","@id":"https:\/\/www.istitutogalanteoliva.it\/magazine\/2017\/10\/18\/la-grande-marcia-del-29-ottobre-contro-linquinamento-del-sarno-la-campania-si-organizza\/#primaryimage","url":"https:\/\/www.istitutogalanteoliva.it\/magazine\/wp-content\/uploads\/2019\/08\/Ponte_di_San_Marzano.jpg","contentUrl":"https:\/\/www.istitutogalanteoliva.it\/magazine\/wp-content\/uploads\/2019\/08\/Ponte_di_San_Marzano.jpg","width":1920,"height":1440},{"@type":"BreadcrumbList","@id":"https:\/\/www.istitutogalanteoliva.it\/magazine\/2017\/10\/18\/la-grande-marcia-del-29-ottobre-contro-linquinamento-del-sarno-la-campania-si-organizza\/#breadcrumb","itemListElement":[{"@type":"ListItem","position":1,"name":"Home","item":"https:\/\/www.istitutogalanteoliva.it\/magazine\/"},{"@type":"ListItem","position":2,"name":"La grande marcia del 29 Ottobre, contro l&#8217;inquinamento del Sarno. la Campania si organizza"}]},{"@type":"WebSite","@id":"https:\/\/www.istitutogalanteoliva.it\/magazine\/#website","url":"https:\/\/www.istitutogalanteoliva.it\/magazine\/","name":"POLIS SA MAGAZINE","description":"Informazione e approfondimenti","publisher":{"@id":"https:\/\/www.istitutogalanteoliva.it\/magazine\/#organization"},"potentialAction":[{"@type":"SearchAction","target":{"@type":"EntryPoint","urlTemplate":"https:\/\/www.istitutogalanteoliva.it\/magazine\/?s={search_term_string}"},"query-input":{"@type":"PropertyValueSpecification","valueRequired":true,"valueName":"search_term_string"}}],"inLanguage":"it-IT"},{"@type":"Organization","@id":"https:\/\/www.istitutogalanteoliva.it\/magazine\/#organization","name":"Polis SA Magazine","url":"https:\/\/www.istitutogalanteoliva.it\/magazine\/","logo":{"@type":"ImageObject","inLanguage":"it-IT","@id":"https:\/\/www.istitutogalanteoliva.it\/magazine\/#\/schema\/logo\/image\/","url":"","contentUrl":"","caption":"Polis SA Magazine"},"image":{"@id":"https:\/\/www.istitutogalanteoliva.it\/magazine\/#\/schema\/logo\/image\/"},"sameAs":["https:\/\/www.facebook.com\/PolisSAMagazine\/","https:\/\/x.com\/MagazinePolis","https:\/\/www.youtube.com\/channel\/UCv0Mr5AHKUmsc0sEEXkJrgw"]},{"@type":"Person","@id":"https:\/\/www.istitutogalanteoliva.it\/magazine\/#\/schema\/person\/72e8141246542ebcf905456f5dbd4c49","name":"admin","image":{"@type":"ImageObject","inLanguage":"it-IT","@id":"https:\/\/www.istitutogalanteoliva.it\/magazine\/#\/schema\/person\/image\/","url":"https:\/\/secure.gravatar.com\/avatar\/07059cc99eeb1edd29e138d1812e69ec?s=96&d=mm&r=g","contentUrl":"https:\/\/secure.gravatar.com\/avatar\/07059cc99eeb1edd29e138d1812e69ec?s=96&d=mm&r=g","caption":"admin"},"url":"https:\/\/www.istitutogalanteoliva.it\/magazine\/author\/admin\/"}]}},"_links":{"self":[{"href":"https:\/\/www.istitutogalanteoliva.it\/magazine\/wp-json\/wp\/v2\/posts\/1142","targetHints":{"allow":["GET"]}}],"collection":[{"href":"https:\/\/www.istitutogalanteoliva.it\/magazine\/wp-json\/wp\/v2\/posts"}],"about":[{"href":"https:\/\/www.istitutogalanteoliva.it\/magazine\/wp-json\/wp\/v2\/types\/post"}],"author":[{"embeddable":true,"href":"https:\/\/www.istitutogalanteoliva.it\/magazine\/wp-json\/wp\/v2\/users\/1"}],"replies":[{"embeddable":true,"href":"https:\/\/www.istitutogalanteoliva.it\/magazine\/wp-json\/wp\/v2\/comments?post=1142"}],"version-history":[{"count":1,"href":"https:\/\/www.istitutogalanteoliva.it\/magazine\/wp-json\/wp\/v2\/posts\/1142\/revisions"}],"predecessor-version":[{"id":1144,"href":"https:\/\/www.istitutogalanteoliva.it\/magazine\/wp-json\/wp\/v2\/posts\/1142\/revisions\/1144"}],"wp:featuredmedia":[{"embeddable":true,"href":"https:\/\/www.istitutogalanteoliva.it\/magazine\/wp-json\/wp\/v2\/media\/1143"}],"wp:attachment":[{"href":"https:\/\/www.istitutogalanteoliva.it\/magazine\/wp-json\/wp\/v2\/media?parent=1142"}],"wp:term":[{"taxonomy":"category","embeddable":true,"href":"https:\/\/www.istitutogalanteoliva.it\/magazine\/wp-json\/wp\/v2\/categories?post=1142"},{"taxonomy":"post_tag","embeddable":true,"href":"https:\/\/www.istitutogalanteoliva.it\/magazine\/wp-json\/wp\/v2\/tags?post=1142"}],"curies":[{"name":"wp","href":"https:\/\/api.w.org\/{rel}","templated":true}]}}