{"id":11459,"date":"2022-01-11T08:00:00","date_gmt":"2022-01-11T07:00:00","guid":{"rendered":"https:\/\/www.istitutogalanteoliva.it\/magazine\/?p=11459"},"modified":"2022-01-16T14:37:08","modified_gmt":"2022-01-16T13:37:08","slug":"e-ora-di-fermarci-e-riflettere","status":"publish","type":"post","link":"https:\/\/www.istitutogalanteoliva.it\/magazine\/2022\/01\/11\/e-ora-di-fermarci-e-riflettere\/","title":{"rendered":"E\u2019 ora di fermarci e riflettere"},"content":{"rendered":"\n<h4 class=\"wp-block-heading\">Ho sempre usato la mia pagina professionale ai fini divulgativi nel mio campo ortopedico, in Medicina ed in questi 2 anni assurdi che stiamo vivendo, per condividere materiale selezionato che possa mettere in luce le evidenze scientifiche sulla lotta al maledetto Covid 19 da studi e siti indicizzati. Questo con umilt\u00e0 e a mio modesto parere cercando di selezionare la BEST EVIDENCE, ma non in malafede.<\/h4>\n\n\n\n<p><strong>di <em>dott.Marco Conte<\/em><\/strong><\/p>\n\n\n\n<p>Il mio dovere etico come medico e\u2019 di CONDIVIDERE LA SCIENZA NON LA FANTASCIENZA!! Come medici e paramedici dovremo farlo tutti anzich\u00e9 fare disinformazione ai pazienti o gettarli nella confusione pi\u00f9 totale.<\/p>\n\n\n\n<p>Ho sempre tenuto fuori la politica e le varie ideologie: non \u00e8 che uno deve essere per forza di sinistra o di destra, nero o bianco, uomo o donna, etero o trans, pro-vax o non vax e continuare a fare un tifo da stadio con pro e contro. Queste cose non mi interessano e n\u00e8 odio nessuno ed auguro ogni bene a tutti anche a chi non la pensa come me.<\/p>\n\n\n\n<p>Io ho sempre fatto tutto con il massimo dell\u2019educazione e del rispetto, come mi hanno insegnato i miei genitori ed i miei maestri di vita e di lavoro che ringrazio.<\/p>\n\n\n\n<p>Due giorni fa ho fatto un post, con la solita ironia, che riguardava il nostro lavoro, dove la nostra preparazione ed il nostro curriculum sono continuamente messi in discussione con i tanti laureati di facebook e Dottor Google (proprio stamattina leggo nella mia solita rassegna stampa che una mamma ha annegato il piccolino di due anni perche\u2019 aveva letto su google i sintomi di una malattia strana, nonostante la tranquillizzazione dei sanitari!)<\/p>\n\n\n\n<p>Sbagliando poi , tanto che poi ho corretto subito, chiudevo il post con delle parole non certo eleganti. Certo chiedo scusa, siamo esasperati. Questo perch\u00e9? siamo anche stufi e sotto pressione di dover combattere oltre al virus, la strafottenza, il menefreghismo e la presunzione di conoscenza degli irresponsabili che sta creando pi\u00f9 danni del virus, che ci rende il lavoro ancora pi\u00f9 difficile ogni giorno.<\/p>\n\n\n\n<p>Risultato? Il post, strumentalizzato ad arte dai blogger, e\u2019 diventato virale con tantissime condivisioni, non ha tenuto conto minimamente delle mie correzioni&#8230; e sono partiti una marea di insulti, offese personali a me ed alla mia famiglia, calunnie sulla mia professionalit\u00e0 &#8230;..fino ad arrivare alle minacce di morte!<\/p>\n\n\n\n<p>MINACCIE DI MORTE dirette o indirette? Ma ci rendiamo conto? Ma dove stiamo andando?<\/p>\n\n\n\n<p>Penso che questo sia un modo un pochino aberrante di rispondere all\u2019ironia, di esporre le proprie tesi in maniera civile e democratica. Si pu\u00f2 essere anche di opinioni diverse, ma non deve mai mancare il rispetto e l\u2019educazione. Penso altres\u00ec che quando si risponda cos\u00ec, si abbiano davvero pochi argomenti su cui discutere o dibattere quindi non mi interessa affatto controbattere. Anche perch\u00e9 cosa devo rispondere a chi scaraventa su social ogni forma di violenza o frustrazione?<\/p>\n\n\n\n<p>Continuer\u00f2 invece a divulgare tutto ci\u00f2 che lo stato dell\u2019arte e l\u2019evidenza attuale, e l\u2019aggiornamento costante ci fornisce sui vari argomenti, compreso la lotta al Covid 19, seguendo sempre l&#8217;etica e la deontologia medica che illuminano il mio difficile , costante , continuo ed impegnativo percorso .<\/p>\n\n\n\n<p>E continuer\u00f2 a rimuovere dagli amici e dai followers quelli che forniscono contributi diseducativi o che dovessero ripetutamente mancare di rispetto e che di certo non mi mancheranno : non contribuiscono alla mia crescita personale ed al mio arricchimento come uomo e come professionista .<\/p>\n\n\n\n<p>Non dobbiamo mai smettere di crescere.<\/p>\n\n\n\n<p>Mi hanno fatto e mi fanno molto piacere tutti i commenti di chi ha capito il senso del post, il sostegno avuto di amici, di followers, di colleghi e di personale paramedico che sa realmente quello che stiamo vivendo perch\u00e9 lo vive sulla propria pelle oltre ad aver perso colleghi ed amici.<\/p>\n\n\n\n<p>Ho avuto tante richieste di amicizia e sono saliti tantissimo i followers che apprezzano la mia comunicazione ed i miei post (siamo a oltre 5.000: GRAZIE).<\/p>\n\n\n\n<p>Mi faranno altrettanto piacere i messaggi e gli incoraggiamenti ad andare avanti. Non possiamo darla vinta a quei pochi che credono solo nella violenza e sono contro la scienza : siamo alla deriva sociale, dobbiamo cercare di cambiare le cose, per lasciare un mondo migliore ai nostri figli.<\/p>\n\n\n\n<p>E\u2019 arrivato il momento di fermarci un attimo e riflettere.<\/p>\n\n\n\n<p>ANALIZZIAMO I DATI ATTUALI<\/p>\n\n\n\n<p>Continuo a ripetere che i peggiori danni non lo determina il virus ma gli irresponsabili di qualunque categoria essi siano:<\/p>\n\n\n\n<p>1) NO -VAX: che continuano a negare tutto, non riconoscono l\u2019azione dei vaccini (unica arma esistente al momento per ridurre il tasso di mortalit\u00e0, non di infezione), e purtroppo continuano a condividere materiale privo di ogni evidenza scientifica e non riconosciuto dalla comunit\u00e0 internazionale o da studi e riviste indicizzate, insinuando dubbi sulle persone fragili e indecise, e poco critiche.<\/p>\n\n\n\n<p>2) PRO-VAX: che sono convinti che stiamo affrontando una banale influenza, fanno il vaccino ma tolgono le mascherine appena possibile perch\u00e9 \u201ctanto sono vaccinato\u201d, usano mascherine non idonee. Non rinunciano ad assembramenti di ogni tipo (aperitivi, ristoranti, stadi, ecc..) e il cui nemico \u00e8 il politico o le regole restrittive che vengono imposte, senza pensare che i ritmi e le restrizioni li detta il virus. Si lamentano quando c\u2019\u00e8 chiuso o se c\u2019\u00e8 troppo aperto senza mai impegnarsi a fondo. E dopo 2 anni sono stufi ed allentano ogni tipo di prevenzione. Tanto la colpa \u00e8 solo dei no-vax: NON E\u2019 VERO!<\/p>\n\n\n\n<p>3) PRO-VAX E NO-VAX POSITIVI che violano sistematicamente ogni forma di divieto e quarantena, e cercano di eludere i controlli e magari si radunano per bere e festeggiare e addirittura inveiscono con chi si preoccupa, o controlla o denuncia. Infatti cercano di nascondersi alle forze dell\u2019ordine senza capire che si devono nascondere dal virus!<\/p>\n\n\n\n<p>4) POLITICI E CHI CI GESTISCE: fermo restando che la gestione di una pandemia \u00e8 difficile in tutto il mondo, si continua con la bagarre politica, con proclami elettorali e con la mancanza di un polso ferreo e l\u2019assunzione di decisioni e di responsabilit\u00e0.<\/p>\n\n\n\n<p>OCCORRE IL VACCINO OBBLIGATORIO PER TUTTI, per ridurre i rischi e per fermare questo caos!! La scienza non \u00e8 democrazia!<\/p>\n\n\n\n<p>Il VACCINO \u00e8 SICURO ED HA RISCHI CALCOLATI!!<\/p>\n\n\n\n<p>Vanno assunte responsabilit\u00e0 e modificati i consensi!!<\/p>\n\n\n\n<p>BASTA SPERANZA, SI EVIDENZA!!<\/p>\n\n\n\n<p>Non continuiamo a puntare tutto sul GREEN-PASS che fa acqua da tutte le parti!<\/p>\n\n\n\n<p>Come si pu\u00f2 pensare di bloccare il flusso nelle ISOLE?<\/p>\n\n\n\n<p>Bisogna credere nella scienza ed evitare di continuare a dare spazio a chi continua ad alimentare il fuoco. Come si pu\u00f2 pensare di rendere obbligatorio il vaccino solo per gli oltre 50 anni? il virus ha un tropismo elettivo per chi ha conosciuto e ballato i village people o i bee gees?<\/p>\n\n\n\n<p>E gli altri non si infettano?<\/p>\n\n\n\n<p>Come si pu\u00f2 pensare di multare con 100 euro una tantum chi non si vaccina, quando spendevano centinaia di euro per i tamponi?<\/p>\n\n\n\n<p>Come si pu\u00f2 fare sempre all\u2019italiana adeguando aperture e chiusure a tempo con diseguaglianze incredibili?<\/p>\n\n\n\n<p>A scuola no ma allo stadio si!<\/p>\n\n\n\n<p>Come si possono continuare a fare 10.000 interpretazioni di divieti e permessi favorendo alcuni e punendo altri? E si deve aprire d\u2019estate, e a capodanno, e di qua e di la.<\/p>\n\n\n\n<p>E si continua con provvedimenti assurdi locali per un problema mondiale con il mondo interconnesso.<\/p>\n\n\n\n<p>E anzich\u00e9&#8217; programmi e sforzi comuni verso il nemico, dai continua bagarre politica e talk show deliranti con il FENOMENO di turno . Tutti fenomeni : la colpa e\u2019 degli altri!<\/p>\n\n\n\n<p>Ovvio che tutte queste cose insieme portano ai risultati attuali: abbiamo una nuova ESPLOSIONE DI CONTAGI in Sardegna, in Italia, in Europa e nel Mondo e stanno nuovamente aumentando i morti. Perche\u2019?<\/p>\n\n\n\n<p>Perch\u00e9 il fuoco della pandemia non \u00e8 mai stato spento.: ci sono focolai ovunque .<\/p>\n\n\n\n<p>Abbiamo paesi con una percentuale di vaccinazione che supera il 80% altri che non raggiungono il 10% col quale siamo interconnessi.<\/p>\n\n\n\n<p>E quando mettiamo in dubbio le uniche cure esistenti, i divieti e quanto altro utile a questa guerra mondiale, altro non facciamo che favorire la progressione del virus che non aspetta altro .<\/p>\n\n\n\n<p>Questa variante OMICRON, \u00e8 pi\u00f9 facilmente diffusibile e viaggia molto pi\u00f9 veloce degli aerei. Tanto che i dati sono stati immediati ed hanno ridicolizzati i soliti messaggi di dire che e\u2019 tutto sotto controllo, non succede niente&#8230;pochi casi in Sburioni Style!!<\/p>\n\n\n\n<p>Si diffonde e come, \u00e8 meno mortale, ma colpendo molte pi\u00f9 persone, mette sempre pi\u00f9 a rischio le persone fragili ed aumenta il loro rischio di essere ricoverati in medicina ed in terapia intensiva.<\/p>\n\n\n\n<p>Se siete sprezzanti del pericolo bene: non siate egoisti e almeno pensate a loro.!!<\/p>\n\n\n\n<p>I dati attuali inconfutabili dicono che l\u201980% dei ricoverati in terapia intensiva o non avevano fatto la vaccinazione o era incompleta ed il rischio di mortalit\u00e0 \u00e8 pi\u00f9 alto: ficchiamocelo bene in testa!!<\/p>\n\n\n\n<p>Stanno continuando a morire persone che volevano vivere: che avevano le cure o hanno combattuto per avere un trapianto o hanno vinto le loro battaglie contro i tumori e sanno quale e\u2019 il valore della vita .<\/p>\n\n\n\n<p>E le persone che muoiono di covid sono sempre molte di pi\u00f9 rispetto a quelli che hanno minimi effetti collaterali con i vaccini (leggete i report indicizzati non quello che i negazionisti vi condividono o vi fanno bere per allarmarvi!) &nbsp;<\/p>\n\n\n\n<p>Fidatevi della scienza che ci ha sempre salvato e lo far\u00e0 anche ora con cure migliori e definitive. Al momento abbiamo solo un vaccino che necessita di richiami e la cui immunit\u00e0 non \u00e8 duratura? E bene quale e\u2019 il problema? quando abbiamo vissuto l\u2019incubo abbiamo pregato per ottenere questo vaccino. RICORDIAMOCELO.<\/p>\n\n\n\n<p>Non \u00e8 un veleno e ne \u00e8 sperimentale dopo miliardi di dosi inoculate: NON FATEVI LAVARE IL CERVELLO!<\/p>\n\n\n\n<p>O avete serie alternative che sono state validate? Arriveranno a breve MA OGGI NON CI SONO !<\/p>\n\n\n\n<p>Le cure efficaci nel corso dei decenni sono sempre uscite fuori: per la spagnola (che tra il 1918 e il 1920 fece circa 50 milioni di morti nel mondo (per ora con il covid siamo a 5 milioni e mezzo) per le infezioni con la scoperta degli antibiotici e per tutte le malattie per le quali ci siamo sempre vaccinati nel corso degli anni senza mettere in discussione nulla: poliomielite , vaiolo , tubercolosi , ecc\u2026<\/p>\n\n\n\n<p>Solo che oggi la voglia di protagonismo, i maledetti social e la voglia di creare paura per generare profitti e interessi, parla di Bigpharma, di interessi, del Grande Reset, del disegno, del progetto unico ecc\u2026.FILM DI TERRORE! Ci sono sempre stati! Spegnete tv e social e rigodetevi la vita! Sono deliri \u2026.. CAVOLATE!!!<\/p>\n\n\n\n<p>La variante Omicron \u00e8 meno grave ed ha un particolare tropismo per le alte vie aeree e non per i polmoni come le altre varianti sinora conosciute e quindi \u00e8 meno pericolosa. Ma se i numeri sono tanti, gli ospedali vanno di nuovo in affanno. Torniamo all\u2019esempio dello tsunami: se la quarta ondata \u00e8 alta 3 metri e per mille motivi abbiamo costruito una diga che \u00e8 di soli 2,5 metri, traete voi le conclusioni!!<\/p>\n\n\n\n<p>Si stanno riempendo di nuovo i reparti di medicina e le rianimazioni; purtroppo in alcuni ospedali della Campania \u00e8 ripartito il codice nero (scegliere chi salvare).<\/p>\n\n\n\n<p>Il codice nero e i camion dell&#8217;esercito che portavano bare di poveretti morti da soli ed in maniera dolorosa e disperata SONO ESISTITI. ECCOME!<\/p>\n\n\n\n<p>E se non avessimo avuto questo alto tasso di vaccinazione avremo avuto ora molti pi\u00f9 morti in Italia dei 139.000 avuti sinora!! Molti o pochi? Sicuramente troppi, molti non sarebbero voluti morire ed hanno sempre lottato per vivere.<\/p>\n\n\n\n<p>Inoltre dobbiamo considerare oltre alle MORTI DIRETTE DA COVID, anche le numerose MORTI INDIRETTE che questo maledetto virus continua a mietere.<\/p>\n\n\n\n<p>La gente \u00e8 terrorizzata, non va pi\u00f9 negli ospedali, non fa pi\u00f9 i controlli regolari ed importanti per la loro salute (pazienti oncologici, cardiopatici e diabetici, ecc..); mancano certi servizi e quindi \u00e8 crollata la prevenzione ed ovviamente sono aumentati i morti per queste patologie soprattutto cardiopatici. Sono crollati i servizi ospedalieri in elezione per maggiori destinazioni di risorse umane ed economiche verso l \u2018 emergenza Covid-19.<\/p>\n\n\n\n<p>A me per questo motivo \u00e8 morto un caro paziente operato di protesi e di certo voleva vivere: e questo paziente, un caro amico, mi manca e mi mancher\u00e0 sempre.<\/p>\n\n\n\n<p>L\u2019incremento delle cardiopatie \u00e8 stato ampiamente studiato e i dossier sono disponibili: ma ovviamente il problema quale?<\/p>\n\n\n\n<p>le morti sono dovute ai vaccini!!<\/p>\n\n\n\n<p>Ma perch\u00e9 non vi documentate anzich\u00e9 spaventare la gente RACCONTANDO CIALTRONERIE?<\/p>\n\n\n\n<p>perch\u00e9 persiste questa visione a senso unico?<\/p>\n\n\n\n<p>Non parlo io ma l\u2019evidenza scientifica, i report, gli studi che sono disponibili.<\/p>\n\n\n\n<p>Spegnete la TV e i social dove trovate sempre tutto ed il contrario di tutto e altro non si fa che alimentare la non conoscenza, il dubbio, il sensazionalismo e l\u2019audience.<\/p>\n\n\n\n<p>Siate critici ma documentatevi su fonti certe e riconosciute, non spaventate la gente dubbiosa e terrorizzata che non ne pu\u00f2 pi\u00f9. Prima di condividere munnezza verificate le fonti con semplici passaggi. Non credete a tutto.<\/p>\n\n\n\n<p>Il \u201csecondo me\u201d, o \u201cvuoi la mia opinione\u201d\u2026buttateli al via!<\/p>\n\n\n\n<p>C\u2019\u00e8 una piramide di evidenza scientifica dove il parere dell\u2019esperto \u00e8 il pi\u00f9 basso livello, cio\u00e8 il livello 5!!<\/p>\n\n\n\n<p>Ma l\u2019esperto deve essere riconosciuto dalla comunit\u00e0 scientifica, deve avere un certo curriculum ed una certa reputazione. Se no meglio tacere!<\/p>\n\n\n\n<p>Guardate i profili e gli argomenti di chi scrive fesserie \u2026<\/p>\n\n\n\n<p>Con questo virus, con altre varianti che verranno, dobbiamo imparare a convivere e man mano scopriremo i modi migliori per farlo, ma lasciamo fare ai medici il loro lavoro.<\/p>\n\n\n\n<p>Ognuno faccia al meglio il proprio lavoro: siamo una nazione di virologi, allenatori di calcio, epidemiologi, medici, scienziati sul riscaldamento a seconda del periodo dell\u2019anno con aggiornamenti su wikipedia\u2026<\/p>\n\n\n\n<p>Gli scienziati sono nei laboratori a studiare curie migliori e non pensiamo che siano assoldati da BIG PHARMA. Tutto viene fatto per un profitto nella nostra vita. Chi di noi lavora gratis?<\/p>\n\n\n\n<p>Collaboriamo se no questa guerra diventer\u00e0 ancora pi\u00f9 lunga ed il virus non aspetta altro.<\/p>\n\n\n\n<p>Il virus non \u00e8 autonomo: ma ha bisogno di un corpo per replicarsi, si insinua nelle falle e nei nostri punti deboli.<\/p>\n\n\n\n<p>Altra situazione \u00e8 dovuta alle morti ed alle continue malattie del personale che sta affrontando questa guerra, che riduce sempre pi\u00f9 il personale medico e paramedico disponibile che deve lavorare costringendolo a turni massacranti ed ulteriore stress.<\/p>\n\n\n\n<p>Sono CROLLATE LE DONAZIONI DI SANGUE e stiamo lavorando in continua emergenza che interrompe spesso certi tipi di interventi. Paxienti rinviati un sacco di volte con disagi enormi .<\/p>\n\n\n\n<p>Si \u00e8 di nuovo interrotta l\u2019attivit\u00e0 chirurgica IN ELEZIONE in diverse parti d\u2019Italia ed in Europa, e considerando l\u2019avanzare dei numeri anche questo divieto si estender\u00e0. Tradotto? Non potremo di nuovo fare certi interventi ed aiutare le persone a stare meglio. Staranno bloccate a casa con altri problemi ed altri morti.<\/p>\n\n\n\n<p>E\u2019 IL MOMENTO DELLA RIFLESSIONE, DELLA RESPONSABILITA\u2019NON SPRECHIAMO ALTRO TEMPO PREZIOSO.<\/p>\n\n\n\n<p>Le ultime righe le voglio dedicare ad un\u2019altra vicenda dei nostri tempi che \u00e8 assurda: quella che riguarda il numero uno del tennis al mondo Novak Djokovic e la sua partecipazione agli Australian Open.<\/p>\n\n\n\n<p>Io ho fatto sport una vita ed ho sempre accettato le regole, le vittorie e soprattutto le sconfitte dalle quali ho imparato molto di pi\u00f9.<\/p>\n\n\n\n<p>A tennis giochicchiavo ma ero decisamente pi\u00f9 scarso rispetto al basket: nel rovescio ero pi\u00f9 bravo ad infornare le pizze (e si vede!).<\/p>\n\n\n\n<p>Djokovic \u00e8 un gran campione indiscusso, tanto da essere il numero uno. Fortissimo tecnicamente e atleticamente e spettacolare. Ha una storia personale toccante e da esempio da raccontare, anche commovente per le tragedie vissute nel suo paese che sono state la sua forza .<\/p>\n\n\n\n<p>Tra l\u2019altro \u00e8 anche generoso ed ha aiutato l\u2019Italia in difficolt\u00e0 nel momento pi\u00f9 buio della pandemia (anche se la beneficienza si fa in silenzio..).<\/p>\n\n\n\n<p>Bene i campioni sono dei punti di riferimento, da esempio. Io ancora una volta non discuto il suo essere vax o non vax (non mi interessa!), anche se il nome No-vak lascia intendere qualcosa di strano<\/p>\n\n\n\n<p>Ma come pu\u00f2 presentarsi in un paese come l\u2019Australia che \u00e8 appena uscito da un lockdown che \u00e8 durato oltre 250 giorni, dove ci sono delle regole ben precise rigidissime, esibendo documenti discutibili, con il solito medico compiacente vergognoso, con un comportamento alla Marchese del grillo\u2026. \u201cPERCHE\u2019 IO SO IO E VOI NUN SIETE UN &#8230;\u201d??<\/p>\n\n\n\n<p>Ovvio che per la statura morale del campione \u00e8 una grande caduta di stile e lui dovrebbe essere esempio e testimonial della battaglia contro il virus.<\/p>\n\n\n\n<p>Invece no anche qua: guerra bianchi o neri, destra o sinistra, ecc&#8230;Un idolo, un punto di riferimento.,,nessuno tocchi Jocovic\u2026. Ma de che?<\/p>\n\n\n\n<p>E allora tutti in attesa della sfida: DJOKOVIC O NON DJOCOVIC?<br><\/p>\n\n\n\n<p>Eccoci di nuovo messi al televoto alla maledetta scelta binaria.<\/p>\n\n\n\n<p>\u201cNo caro Jocovic mi dispiace, ma stavolta faccio tifo per il presidente australiano, mi auguro che tu possa chiedere scusa e dare dei messaggi chiari ed utili a questa guerra, soprattutto tu che dovresti conoscerle. Tu che sei un punto di riferimento. Mi auguro che torni presto pi\u00f9 forte di prima. Rispettando le regole. Dello sport. Della vita. Nessuno ti ha crocifisso : sei voluto salire sulla croce da solo !\u201d<br><sub>(al momento dell&#8217;edit d questo articolo il &#8220;caso Jacovic&#8221; \u00e8 ancora senza soluzione definitiva, dopo  che che la Corte federale di Melbourne ha annullato la revoca del visto del tennista serbo le autorit\u00e0 australiane potrebbero impugnare la decisione del giudice e a ribadire il divieto di ingresso ndr)<\/sub><\/p>\n\n\n\n<p>In Italia sarebbe gi\u00e0 stato fatto scendere in campo e magari aperte anche tutte le tribune, perch\u00e9 il problema \u00e8 il dio denaro.<\/p>\n\n\n\n<p>E\u2019 la capienza degli stadi, il calcio deve andare avanti e non si possono interrompere le partite, se no di quali rigori o VAR parliamo?<\/p>\n\n\n\n<p>Ed intanto noi siamo alla deriva, su un iceberg che si sta sciogliendo.<\/p>\n\n\n\n<p>Ed il virus prende forza e torna a sorridere.<\/p>\n\n\n\n<p>Almeno lui\u2026.<\/p>\n\n\n\n<p><img loading=\"lazy\" decoding=\"async\" width=\"150\" height=\"179\" class=\"wp-image-11463\" style=\"width: 150px;\" src=\"https:\/\/www.istitutogalanteoliva.it\/magazine\/wp-content\/uploads\/2022\/01\/Senza-titolo-4.png\" alt=\"\" srcset=\"https:\/\/www.istitutogalanteoliva.it\/magazine\/wp-content\/uploads\/2022\/01\/Senza-titolo-4.png 405w, https:\/\/www.istitutogalanteoliva.it\/magazine\/wp-content\/uploads\/2022\/01\/Senza-titolo-4-252x300.png 252w\" sizes=\"auto, (max-width: 150px) 100vw, 150px\" \/><strong>dottor.<em>Marco Conte<\/em><\/strong><\/p>\n<div class=\"pdfprnt-buttons pdfprnt-buttons-post pdfprnt-bottom-left\"><a href=\"https:\/\/www.istitutogalanteoliva.it\/magazine\/wp-json\/wp\/v2\/posts\/11459?print=print\" class=\"pdfprnt-button pdfprnt-button-print\" target=\"_blank\"><img decoding=\"async\" src=\"https:\/\/www.istitutogalanteoliva.it\/magazine\/wp-content\/plugins\/pdf-print\/images\/print.png\" alt=\"image_print\" title=\"Stampa contenuto\" \/><span class=\"pdfprnt-button-title pdfprnt-button-print-title\">Download in PDF<\/span><\/a><\/div>","protected":false},"excerpt":{"rendered":"<p>Non si pu\u00f2 arrivare a ricevere insulti e minacce per un post che, con ironia, invita a fidarsi pi\u00f9 della scienza e dei professionisti e meno dei laureati su FB e dott.Google<\/p>\n","protected":false},"author":2,"featured_media":11462,"comment_status":"open","ping_status":"open","sticky":true,"template":"","format":"standard","meta":{"footnotes":""},"categories":[577,15],"tags":[41,573,102],"class_list":["post-11459","post","type-post","status-publish","format-standard","has-post-thumbnail","hentry","category-577","category-opinioni","tag-covid-19","tag-greenpass","tag-social"],"yoast_head":"<!-- This site is optimized with the Yoast SEO plugin v24.2 - https:\/\/yoast.com\/wordpress\/plugins\/seo\/ -->\n<title>E\u2019 ora di fermarci e riflettere - Polis SA Magazine<\/title>\n<meta name=\"robots\" content=\"index, follow, max-snippet:-1, max-image-preview:large, max-video-preview:-1\" \/>\n<link rel=\"canonical\" href=\"https:\/\/www.istitutogalanteoliva.it\/magazine\/2022\/01\/11\/e-ora-di-fermarci-e-riflettere\/\" \/>\n<meta property=\"og:locale\" content=\"it_IT\" \/>\n<meta property=\"og:type\" content=\"article\" \/>\n<meta property=\"og:title\" content=\"E\u2019 ora di fermarci e riflettere - Polis SA Magazine\" \/>\n<meta property=\"og:description\" content=\"Non si pu\u00f2 arrivare a ricevere insulti e minacce per un post che, con ironia, invita a fidarsi pi\u00f9 della scienza e dei professionisti e meno dei laureati su FB e dott.Google\" \/>\n<meta property=\"og:url\" content=\"https:\/\/www.istitutogalanteoliva.it\/magazine\/2022\/01\/11\/e-ora-di-fermarci-e-riflettere\/\" \/>\n<meta property=\"og:site_name\" content=\"Polis SA Magazine\" \/>\n<meta property=\"article:publisher\" content=\"https:\/\/www.facebook.com\/PolisSAMagazine\/\" \/>\n<meta property=\"article:published_time\" content=\"2022-01-11T07:00:00+00:00\" \/>\n<meta property=\"article:modified_time\" content=\"2022-01-16T13:37:08+00:00\" \/>\n<meta property=\"og:image\" content=\"https:\/\/www.istitutogalanteoliva.it\/magazine\/wp-content\/uploads\/2022\/01\/eye-g92594c21b_1280.jpg\" \/>\n\t<meta property=\"og:image:width\" content=\"640\" \/>\n\t<meta property=\"og:image:height\" content=\"380\" \/>\n\t<meta property=\"og:image:type\" content=\"image\/jpeg\" \/>\n<meta name=\"author\" content=\"Antonello Rivano\" \/>\n<meta name=\"twitter:card\" content=\"summary_large_image\" \/>\n<meta name=\"twitter:creator\" content=\"@MagazinePolis\" \/>\n<meta name=\"twitter:site\" content=\"@MagazinePolis\" \/>\n<meta name=\"twitter:label1\" content=\"Scritto da\" \/>\n\t<meta name=\"twitter:data1\" content=\"Antonello Rivano\" \/>\n\t<meta name=\"twitter:label2\" content=\"Tempo di lettura stimato\" \/>\n\t<meta name=\"twitter:data2\" content=\"16 minuti\" \/>\n<script type=\"application\/ld+json\" class=\"yoast-schema-graph\">{\"@context\":\"https:\/\/schema.org\",\"@graph\":[{\"@type\":\"Article\",\"@id\":\"https:\/\/www.istitutogalanteoliva.it\/magazine\/2022\/01\/11\/e-ora-di-fermarci-e-riflettere\/#article\",\"isPartOf\":{\"@id\":\"https:\/\/www.istitutogalanteoliva.it\/magazine\/2022\/01\/11\/e-ora-di-fermarci-e-riflettere\/\"},\"author\":{\"name\":\"Antonello Rivano\",\"@id\":\"https:\/\/www.istitutogalanteoliva.it\/magazine\/#\/schema\/person\/d8b8aa79cfe8babc1df9da3212a7c0c4\"},\"headline\":\"E\u2019 ora di fermarci e riflettere\",\"datePublished\":\"2022-01-11T07:00:00+00:00\",\"dateModified\":\"2022-01-16T13:37:08+00:00\",\"mainEntityOfPage\":{\"@id\":\"https:\/\/www.istitutogalanteoliva.it\/magazine\/2022\/01\/11\/e-ora-di-fermarci-e-riflettere\/\"},\"wordCount\":2938,\"commentCount\":0,\"publisher\":{\"@id\":\"https:\/\/www.istitutogalanteoliva.it\/magazine\/#organization\"},\"image\":{\"@id\":\"https:\/\/www.istitutogalanteoliva.it\/magazine\/2022\/01\/11\/e-ora-di-fermarci-e-riflettere\/#primaryimage\"},\"thumbnailUrl\":\"https:\/\/www.istitutogalanteoliva.it\/magazine\/wp-content\/uploads\/2022\/01\/eye-g92594c21b_1280.jpg\",\"keywords\":[\"covid-19\",\"greenpass\",\"social\"],\"articleSection\":[\"2022\",\"Opinioni\"],\"inLanguage\":\"it-IT\",\"potentialAction\":[{\"@type\":\"CommentAction\",\"name\":\"Comment\",\"target\":[\"https:\/\/www.istitutogalanteoliva.it\/magazine\/2022\/01\/11\/e-ora-di-fermarci-e-riflettere\/#respond\"]}]},{\"@type\":\"WebPage\",\"@id\":\"https:\/\/www.istitutogalanteoliva.it\/magazine\/2022\/01\/11\/e-ora-di-fermarci-e-riflettere\/\",\"url\":\"https:\/\/www.istitutogalanteoliva.it\/magazine\/2022\/01\/11\/e-ora-di-fermarci-e-riflettere\/\",\"name\":\"E\u2019 ora di fermarci e riflettere - Polis SA Magazine\",\"isPartOf\":{\"@id\":\"https:\/\/www.istitutogalanteoliva.it\/magazine\/#website\"},\"primaryImageOfPage\":{\"@id\":\"https:\/\/www.istitutogalanteoliva.it\/magazine\/2022\/01\/11\/e-ora-di-fermarci-e-riflettere\/#primaryimage\"},\"image\":{\"@id\":\"https:\/\/www.istitutogalanteoliva.it\/magazine\/2022\/01\/11\/e-ora-di-fermarci-e-riflettere\/#primaryimage\"},\"thumbnailUrl\":\"https:\/\/www.istitutogalanteoliva.it\/magazine\/wp-content\/uploads\/2022\/01\/eye-g92594c21b_1280.jpg\",\"datePublished\":\"2022-01-11T07:00:00+00:00\",\"dateModified\":\"2022-01-16T13:37:08+00:00\",\"breadcrumb\":{\"@id\":\"https:\/\/www.istitutogalanteoliva.it\/magazine\/2022\/01\/11\/e-ora-di-fermarci-e-riflettere\/#breadcrumb\"},\"inLanguage\":\"it-IT\",\"potentialAction\":[{\"@type\":\"ReadAction\",\"target\":[\"https:\/\/www.istitutogalanteoliva.it\/magazine\/2022\/01\/11\/e-ora-di-fermarci-e-riflettere\/\"]}]},{\"@type\":\"ImageObject\",\"inLanguage\":\"it-IT\",\"@id\":\"https:\/\/www.istitutogalanteoliva.it\/magazine\/2022\/01\/11\/e-ora-di-fermarci-e-riflettere\/#primaryimage\",\"url\":\"https:\/\/www.istitutogalanteoliva.it\/magazine\/wp-content\/uploads\/2022\/01\/eye-g92594c21b_1280.jpg\",\"contentUrl\":\"https:\/\/www.istitutogalanteoliva.it\/magazine\/wp-content\/uploads\/2022\/01\/eye-g92594c21b_1280.jpg\",\"width\":640,\"height\":380},{\"@type\":\"BreadcrumbList\",\"@id\":\"https:\/\/www.istitutogalanteoliva.it\/magazine\/2022\/01\/11\/e-ora-di-fermarci-e-riflettere\/#breadcrumb\",\"itemListElement\":[{\"@type\":\"ListItem\",\"position\":1,\"name\":\"Home\",\"item\":\"https:\/\/www.istitutogalanteoliva.it\/magazine\/\"},{\"@type\":\"ListItem\",\"position\":2,\"name\":\"E\u2019 ora di fermarci e riflettere\"}]},{\"@type\":\"WebSite\",\"@id\":\"https:\/\/www.istitutogalanteoliva.it\/magazine\/#website\",\"url\":\"https:\/\/www.istitutogalanteoliva.it\/magazine\/\",\"name\":\"POLIS SA MAGAZINE\",\"description\":\"Informazione e approfondimenti\",\"publisher\":{\"@id\":\"https:\/\/www.istitutogalanteoliva.it\/magazine\/#organization\"},\"potentialAction\":[{\"@type\":\"SearchAction\",\"target\":{\"@type\":\"EntryPoint\",\"urlTemplate\":\"https:\/\/www.istitutogalanteoliva.it\/magazine\/?s={search_term_string}\"},\"query-input\":{\"@type\":\"PropertyValueSpecification\",\"valueRequired\":true,\"valueName\":\"search_term_string\"}}],\"inLanguage\":\"it-IT\"},{\"@type\":\"Organization\",\"@id\":\"https:\/\/www.istitutogalanteoliva.it\/magazine\/#organization\",\"name\":\"Polis SA Magazine\",\"url\":\"https:\/\/www.istitutogalanteoliva.it\/magazine\/\",\"logo\":{\"@type\":\"ImageObject\",\"inLanguage\":\"it-IT\",\"@id\":\"https:\/\/www.istitutogalanteoliva.it\/magazine\/#\/schema\/logo\/image\/\",\"url\":\"\",\"contentUrl\":\"\",\"caption\":\"Polis SA Magazine\"},\"image\":{\"@id\":\"https:\/\/www.istitutogalanteoliva.it\/magazine\/#\/schema\/logo\/image\/\"},\"sameAs\":[\"https:\/\/www.facebook.com\/PolisSAMagazine\/\",\"https:\/\/x.com\/MagazinePolis\",\"https:\/\/www.youtube.com\/channel\/UCv0Mr5AHKUmsc0sEEXkJrgw\"]},{\"@type\":\"Person\",\"@id\":\"https:\/\/www.istitutogalanteoliva.it\/magazine\/#\/schema\/person\/d8b8aa79cfe8babc1df9da3212a7c0c4\",\"name\":\"Antonello Rivano\",\"image\":{\"@type\":\"ImageObject\",\"inLanguage\":\"it-IT\",\"@id\":\"https:\/\/www.istitutogalanteoliva.it\/magazine\/#\/schema\/person\/image\/\",\"url\":\"https:\/\/secure.gravatar.com\/avatar\/517a9a6487a7a18ecc4ce6d2e57a8f40?s=96&d=mm&r=g\",\"contentUrl\":\"https:\/\/secure.gravatar.com\/avatar\/517a9a6487a7a18ecc4ce6d2e57a8f40?s=96&d=mm&r=g\",\"caption\":\"Antonello Rivano\"},\"url\":\"https:\/\/www.istitutogalanteoliva.it\/magazine\/author\/antonello\/\"}]}<\/script>\n<!-- \/ Yoast SEO plugin. -->","yoast_head_json":{"title":"E\u2019 ora di fermarci e riflettere - Polis SA Magazine","robots":{"index":"index","follow":"follow","max-snippet":"max-snippet:-1","max-image-preview":"max-image-preview:large","max-video-preview":"max-video-preview:-1"},"canonical":"https:\/\/www.istitutogalanteoliva.it\/magazine\/2022\/01\/11\/e-ora-di-fermarci-e-riflettere\/","og_locale":"it_IT","og_type":"article","og_title":"E\u2019 ora di fermarci e riflettere - Polis SA Magazine","og_description":"Non si pu\u00f2 arrivare a ricevere insulti e minacce per un post che, con ironia, invita a fidarsi pi\u00f9 della scienza e dei professionisti e meno dei laureati su FB e dott.Google","og_url":"https:\/\/www.istitutogalanteoliva.it\/magazine\/2022\/01\/11\/e-ora-di-fermarci-e-riflettere\/","og_site_name":"Polis SA Magazine","article_publisher":"https:\/\/www.facebook.com\/PolisSAMagazine\/","article_published_time":"2022-01-11T07:00:00+00:00","article_modified_time":"2022-01-16T13:37:08+00:00","og_image":[{"width":640,"height":380,"url":"https:\/\/www.istitutogalanteoliva.it\/magazine\/wp-content\/uploads\/2022\/01\/eye-g92594c21b_1280.jpg","type":"image\/jpeg"}],"author":"Antonello Rivano","twitter_card":"summary_large_image","twitter_creator":"@MagazinePolis","twitter_site":"@MagazinePolis","twitter_misc":{"Scritto da":"Antonello Rivano","Tempo di lettura stimato":"16 minuti"},"schema":{"@context":"https:\/\/schema.org","@graph":[{"@type":"Article","@id":"https:\/\/www.istitutogalanteoliva.it\/magazine\/2022\/01\/11\/e-ora-di-fermarci-e-riflettere\/#article","isPartOf":{"@id":"https:\/\/www.istitutogalanteoliva.it\/magazine\/2022\/01\/11\/e-ora-di-fermarci-e-riflettere\/"},"author":{"name":"Antonello Rivano","@id":"https:\/\/www.istitutogalanteoliva.it\/magazine\/#\/schema\/person\/d8b8aa79cfe8babc1df9da3212a7c0c4"},"headline":"E\u2019 ora di fermarci e riflettere","datePublished":"2022-01-11T07:00:00+00:00","dateModified":"2022-01-16T13:37:08+00:00","mainEntityOfPage":{"@id":"https:\/\/www.istitutogalanteoliva.it\/magazine\/2022\/01\/11\/e-ora-di-fermarci-e-riflettere\/"},"wordCount":2938,"commentCount":0,"publisher":{"@id":"https:\/\/www.istitutogalanteoliva.it\/magazine\/#organization"},"image":{"@id":"https:\/\/www.istitutogalanteoliva.it\/magazine\/2022\/01\/11\/e-ora-di-fermarci-e-riflettere\/#primaryimage"},"thumbnailUrl":"https:\/\/www.istitutogalanteoliva.it\/magazine\/wp-content\/uploads\/2022\/01\/eye-g92594c21b_1280.jpg","keywords":["covid-19","greenpass","social"],"articleSection":["2022","Opinioni"],"inLanguage":"it-IT","potentialAction":[{"@type":"CommentAction","name":"Comment","target":["https:\/\/www.istitutogalanteoliva.it\/magazine\/2022\/01\/11\/e-ora-di-fermarci-e-riflettere\/#respond"]}]},{"@type":"WebPage","@id":"https:\/\/www.istitutogalanteoliva.it\/magazine\/2022\/01\/11\/e-ora-di-fermarci-e-riflettere\/","url":"https:\/\/www.istitutogalanteoliva.it\/magazine\/2022\/01\/11\/e-ora-di-fermarci-e-riflettere\/","name":"E\u2019 ora di fermarci e riflettere - Polis SA Magazine","isPartOf":{"@id":"https:\/\/www.istitutogalanteoliva.it\/magazine\/#website"},"primaryImageOfPage":{"@id":"https:\/\/www.istitutogalanteoliva.it\/magazine\/2022\/01\/11\/e-ora-di-fermarci-e-riflettere\/#primaryimage"},"image":{"@id":"https:\/\/www.istitutogalanteoliva.it\/magazine\/2022\/01\/11\/e-ora-di-fermarci-e-riflettere\/#primaryimage"},"thumbnailUrl":"https:\/\/www.istitutogalanteoliva.it\/magazine\/wp-content\/uploads\/2022\/01\/eye-g92594c21b_1280.jpg","datePublished":"2022-01-11T07:00:00+00:00","dateModified":"2022-01-16T13:37:08+00:00","breadcrumb":{"@id":"https:\/\/www.istitutogalanteoliva.it\/magazine\/2022\/01\/11\/e-ora-di-fermarci-e-riflettere\/#breadcrumb"},"inLanguage":"it-IT","potentialAction":[{"@type":"ReadAction","target":["https:\/\/www.istitutogalanteoliva.it\/magazine\/2022\/01\/11\/e-ora-di-fermarci-e-riflettere\/"]}]},{"@type":"ImageObject","inLanguage":"it-IT","@id":"https:\/\/www.istitutogalanteoliva.it\/magazine\/2022\/01\/11\/e-ora-di-fermarci-e-riflettere\/#primaryimage","url":"https:\/\/www.istitutogalanteoliva.it\/magazine\/wp-content\/uploads\/2022\/01\/eye-g92594c21b_1280.jpg","contentUrl":"https:\/\/www.istitutogalanteoliva.it\/magazine\/wp-content\/uploads\/2022\/01\/eye-g92594c21b_1280.jpg","width":640,"height":380},{"@type":"BreadcrumbList","@id":"https:\/\/www.istitutogalanteoliva.it\/magazine\/2022\/01\/11\/e-ora-di-fermarci-e-riflettere\/#breadcrumb","itemListElement":[{"@type":"ListItem","position":1,"name":"Home","item":"https:\/\/www.istitutogalanteoliva.it\/magazine\/"},{"@type":"ListItem","position":2,"name":"E\u2019 ora di fermarci e riflettere"}]},{"@type":"WebSite","@id":"https:\/\/www.istitutogalanteoliva.it\/magazine\/#website","url":"https:\/\/www.istitutogalanteoliva.it\/magazine\/","name":"POLIS SA MAGAZINE","description":"Informazione e approfondimenti","publisher":{"@id":"https:\/\/www.istitutogalanteoliva.it\/magazine\/#organization"},"potentialAction":[{"@type":"SearchAction","target":{"@type":"EntryPoint","urlTemplate":"https:\/\/www.istitutogalanteoliva.it\/magazine\/?s={search_term_string}"},"query-input":{"@type":"PropertyValueSpecification","valueRequired":true,"valueName":"search_term_string"}}],"inLanguage":"it-IT"},{"@type":"Organization","@id":"https:\/\/www.istitutogalanteoliva.it\/magazine\/#organization","name":"Polis SA Magazine","url":"https:\/\/www.istitutogalanteoliva.it\/magazine\/","logo":{"@type":"ImageObject","inLanguage":"it-IT","@id":"https:\/\/www.istitutogalanteoliva.it\/magazine\/#\/schema\/logo\/image\/","url":"","contentUrl":"","caption":"Polis SA Magazine"},"image":{"@id":"https:\/\/www.istitutogalanteoliva.it\/magazine\/#\/schema\/logo\/image\/"},"sameAs":["https:\/\/www.facebook.com\/PolisSAMagazine\/","https:\/\/x.com\/MagazinePolis","https:\/\/www.youtube.com\/channel\/UCv0Mr5AHKUmsc0sEEXkJrgw"]},{"@type":"Person","@id":"https:\/\/www.istitutogalanteoliva.it\/magazine\/#\/schema\/person\/d8b8aa79cfe8babc1df9da3212a7c0c4","name":"Antonello Rivano","image":{"@type":"ImageObject","inLanguage":"it-IT","@id":"https:\/\/www.istitutogalanteoliva.it\/magazine\/#\/schema\/person\/image\/","url":"https:\/\/secure.gravatar.com\/avatar\/517a9a6487a7a18ecc4ce6d2e57a8f40?s=96&d=mm&r=g","contentUrl":"https:\/\/secure.gravatar.com\/avatar\/517a9a6487a7a18ecc4ce6d2e57a8f40?s=96&d=mm&r=g","caption":"Antonello Rivano"},"url":"https:\/\/www.istitutogalanteoliva.it\/magazine\/author\/antonello\/"}]}},"_links":{"self":[{"href":"https:\/\/www.istitutogalanteoliva.it\/magazine\/wp-json\/wp\/v2\/posts\/11459","targetHints":{"allow":["GET"]}}],"collection":[{"href":"https:\/\/www.istitutogalanteoliva.it\/magazine\/wp-json\/wp\/v2\/posts"}],"about":[{"href":"https:\/\/www.istitutogalanteoliva.it\/magazine\/wp-json\/wp\/v2\/types\/post"}],"author":[{"embeddable":true,"href":"https:\/\/www.istitutogalanteoliva.it\/magazine\/wp-json\/wp\/v2\/users\/2"}],"replies":[{"embeddable":true,"href":"https:\/\/www.istitutogalanteoliva.it\/magazine\/wp-json\/wp\/v2\/comments?post=11459"}],"version-history":[{"count":5,"href":"https:\/\/www.istitutogalanteoliva.it\/magazine\/wp-json\/wp\/v2\/posts\/11459\/revisions"}],"predecessor-version":[{"id":11470,"href":"https:\/\/www.istitutogalanteoliva.it\/magazine\/wp-json\/wp\/v2\/posts\/11459\/revisions\/11470"}],"wp:featuredmedia":[{"embeddable":true,"href":"https:\/\/www.istitutogalanteoliva.it\/magazine\/wp-json\/wp\/v2\/media\/11462"}],"wp:attachment":[{"href":"https:\/\/www.istitutogalanteoliva.it\/magazine\/wp-json\/wp\/v2\/media?parent=11459"}],"wp:term":[{"taxonomy":"category","embeddable":true,"href":"https:\/\/www.istitutogalanteoliva.it\/magazine\/wp-json\/wp\/v2\/categories?post=11459"},{"taxonomy":"post_tag","embeddable":true,"href":"https:\/\/www.istitutogalanteoliva.it\/magazine\/wp-json\/wp\/v2\/tags?post=11459"}],"curies":[{"name":"wp","href":"https:\/\/api.w.org\/{rel}","templated":true}]}}