{"id":11472,"date":"2022-01-14T08:00:00","date_gmt":"2022-01-14T07:00:00","guid":{"rendered":"https:\/\/www.istitutogalanteoliva.it\/magazine\/?p=11472"},"modified":"2022-01-16T14:37:19","modified_gmt":"2022-01-16T13:37:19","slug":"salerno-largo-xxv-aprile-una-battaglia-di-cibilta","status":"publish","type":"post","link":"https:\/\/www.istitutogalanteoliva.it\/magazine\/2022\/01\/14\/salerno-largo-xxv-aprile-una-battaglia-di-cibilta\/","title":{"rendered":"Salerno. Largo XXV aprile: una battaglia di civilt\u00e0"},"content":{"rendered":"\n<p>&#8220;Uno dei compiti istituzionali dell\u2019Anpi \u00e8 lo stimolo alla tutela e a rafforzare la \u201cmemoria storica\u201d relativa al contributo di uomini e di ideali dell\u2019Antifascismo e del Movimento Resistenziale nel suo complesso&#8221;<\/p>\n\n\n\n<p>Lo ha ricordato il presidente del comitato provinciale Ubaldo Baldi, rinnovando l&#8217;invito all&#8217;amministrazione comunale e al consiglio di dedicare il largo precedentemente individuato al XXV aprile.<\/p>\n\n\n\n<p> Al fine di valorizzare questo patrimonio di storia civile, in occasione dello scorso 75\u00b0 anniversario della Repubblica il Forum delle Associazioni antifasciste e della Resistenza, costituitosi il 2 giugno 2021, ha promosso una campagna nazionale dedicata&nbsp;all\u2019intitolazione di vie, piazze, scuole e giardini pubblici a partigiane\/i, militanti antifasciste\/i, internati militari e deportati politici, a tutte e a tutti i combattenti per la libert\u00e0. <\/p>\n\n\n\n<p>Anche l\u2019Anpi provinciale di Salerno, forte del contributo in attivit\u00e0 di Resistenza, Lotta di Liberazione, Prigionia nei Lager di 125 caduti salernitani, numeri non definitivi ma quanto pi\u00f9 documentati possibile, aderendo a tale campagna, ha pi\u00f9 volte richiesto al Sindaco di&nbsp;&nbsp;Salerno di intitolare un luogo rappresentativo e altrettanto simbolico di questo spirito civico e repubblicano nella toponomastica cittadina, con una targa intitolata al: XXV aprile, a memoria del salernitani perseguitati politici antifascisti, partigiani, combattenti, caduti nella lotta di liberazione nazionale.&nbsp;<\/p>\n\n\n\n<p>&nbsp;&#8220;Abbiamo detto di un luogo che abbia un forte richiamo simbolico alla storia democratica e progressista salernitana, partendo dai martiri per la Libert\u00e0 e l\u2019unit\u00e0 nazionale come fu quello del Movimento Risorgimentale, fino allo storico epilogo del Movimento di Liberazione nazionale dal nazifascismo. \u00c9 nostro convincimento l\u2019aver individuato tale luogo simbolico nello slargo che si interpone tra l\u2019inizio della salita di via Velia e la perpendicolare via Roma &#8211; ha dichiarato il presidente Baldi &#8211; E\u2019 infatti questo uno spazio attualmente anonimo che per\u00f2 fu il luogo dove ebbe prima collocazione \u2013 anno 1864- la statua di Pisacane attualmente in Villa Comunale, zona racchiusa inoltre tra il monumento ai martiri del Risorgimento salernitano e l\u2019area dove era situato il \u201cpiazzale della morte fuori la Porta Nuova\u201d, dove furono eseguite le condanne dei rivoltosi del 1828 e del 1848. Chiediamo al Sindaco di dare seguito concreto agli impegni assunti e ad oggi purtroppo ancora non realizzati e al neo Consiglio Comunale di sostenere questa richiesta&#8221;.<\/p>\n\n\n\n<p><\/p>\n<div class=\"pdfprnt-buttons pdfprnt-buttons-post pdfprnt-bottom-left\"><a href=\"https:\/\/www.istitutogalanteoliva.it\/magazine\/wp-json\/wp\/v2\/posts\/11472?print=print\" class=\"pdfprnt-button pdfprnt-button-print\" target=\"_blank\"><img decoding=\"async\" src=\"https:\/\/www.istitutogalanteoliva.it\/magazine\/wp-content\/plugins\/pdf-print\/images\/print.png\" alt=\"image_print\" title=\"Stampa contenuto\" \/><span class=\"pdfprnt-button-title pdfprnt-button-print-title\">Download in PDF<\/span><\/a><\/div>","protected":false},"excerpt":{"rendered":"<p>L&#8217; Anpi provinciale di Salerno rinnova l&#8217;invito all&#8217;amministrazione comunale e al consiglio di dedicare il largo precedentemente individuato al XXV aprile.<\/p>\n","protected":false},"author":2,"featured_media":11474,"comment_status":"open","ping_status":"open","sticky":true,"template":"","format":"standard","meta":{"footnotes":""},"categories":[577,210,1],"tags":[348,574,83],"class_list":["post-11472","post","type-post","status-publish","format-standard","has-post-thumbnail","hentry","category-577","category-campania","category-senza-categoria","tag-25-aprile","tag-anpi","tag-salerno"],"yoast_head":"<!-- This site is optimized with the Yoast SEO plugin v24.2 - https:\/\/yoast.com\/wordpress\/plugins\/seo\/ -->\n<title>Salerno. Largo XXV aprile: una battaglia di civilt\u00e0 - Polis SA Magazine<\/title>\n<meta name=\"robots\" content=\"index, follow, max-snippet:-1, max-image-preview:large, max-video-preview:-1\" \/>\n<link rel=\"canonical\" href=\"https:\/\/www.istitutogalanteoliva.it\/magazine\/2022\/01\/14\/salerno-largo-xxv-aprile-una-battaglia-di-cibilta\/\" \/>\n<meta property=\"og:locale\" content=\"it_IT\" \/>\n<meta property=\"og:type\" content=\"article\" \/>\n<meta property=\"og:title\" content=\"Salerno. Largo XXV aprile: una battaglia di civilt\u00e0 - Polis SA Magazine\" \/>\n<meta property=\"og:description\" content=\"L&#039; Anpi provinciale di Salerno rinnova l&#039;invito all&#039;amministrazione comunale e al consiglio di dedicare il largo precedentemente individuato al XXV aprile.\" \/>\n<meta property=\"og:url\" content=\"https:\/\/www.istitutogalanteoliva.it\/magazine\/2022\/01\/14\/salerno-largo-xxv-aprile-una-battaglia-di-cibilta\/\" \/>\n<meta property=\"og:site_name\" content=\"Polis SA Magazine\" \/>\n<meta property=\"article:publisher\" content=\"https:\/\/www.facebook.com\/PolisSAMagazine\/\" \/>\n<meta property=\"article:published_time\" content=\"2022-01-14T07:00:00+00:00\" \/>\n<meta property=\"article:modified_time\" content=\"2022-01-16T13:37:19+00:00\" \/>\n<meta property=\"og:image\" content=\"https:\/\/www.istitutogalanteoliva.it\/magazine\/wp-content\/uploads\/2022\/01\/anpi-1.jpg\" \/>\n\t<meta property=\"og:image:width\" content=\"960\" \/>\n\t<meta property=\"og:image:height\" content=\"661\" \/>\n\t<meta property=\"og:image:type\" content=\"image\/jpeg\" \/>\n<meta name=\"author\" content=\"Antonello Rivano\" \/>\n<meta name=\"twitter:card\" content=\"summary_large_image\" \/>\n<meta name=\"twitter:creator\" content=\"@MagazinePolis\" \/>\n<meta name=\"twitter:site\" content=\"@MagazinePolis\" \/>\n<meta name=\"twitter:label1\" content=\"Scritto da\" \/>\n\t<meta name=\"twitter:data1\" content=\"Antonello Rivano\" \/>\n\t<meta name=\"twitter:label2\" content=\"Tempo di lettura stimato\" \/>\n\t<meta name=\"twitter:data2\" content=\"2 minuti\" \/>\n<script type=\"application\/ld+json\" class=\"yoast-schema-graph\">{\"@context\":\"https:\/\/schema.org\",\"@graph\":[{\"@type\":\"Article\",\"@id\":\"https:\/\/www.istitutogalanteoliva.it\/magazine\/2022\/01\/14\/salerno-largo-xxv-aprile-una-battaglia-di-cibilta\/#article\",\"isPartOf\":{\"@id\":\"https:\/\/www.istitutogalanteoliva.it\/magazine\/2022\/01\/14\/salerno-largo-xxv-aprile-una-battaglia-di-cibilta\/\"},\"author\":{\"name\":\"Antonello Rivano\",\"@id\":\"https:\/\/www.istitutogalanteoliva.it\/magazine\/#\/schema\/person\/d8b8aa79cfe8babc1df9da3212a7c0c4\"},\"headline\":\"Salerno. Largo XXV aprile: una battaglia di civilt\u00e0\",\"datePublished\":\"2022-01-14T07:00:00+00:00\",\"dateModified\":\"2022-01-16T13:37:19+00:00\",\"mainEntityOfPage\":{\"@id\":\"https:\/\/www.istitutogalanteoliva.it\/magazine\/2022\/01\/14\/salerno-largo-xxv-aprile-una-battaglia-di-cibilta\/\"},\"wordCount\":380,\"commentCount\":0,\"publisher\":{\"@id\":\"https:\/\/www.istitutogalanteoliva.it\/magazine\/#organization\"},\"image\":{\"@id\":\"https:\/\/www.istitutogalanteoliva.it\/magazine\/2022\/01\/14\/salerno-largo-xxv-aprile-una-battaglia-di-cibilta\/#primaryimage\"},\"thumbnailUrl\":\"https:\/\/www.istitutogalanteoliva.it\/magazine\/wp-content\/uploads\/2022\/01\/anpi-1.jpg\",\"keywords\":[\"25 aprile\",\"anpi\",\"salerno\"],\"articleSection\":[\"2022\",\"Campania\"],\"inLanguage\":\"it-IT\",\"potentialAction\":[{\"@type\":\"CommentAction\",\"name\":\"Comment\",\"target\":[\"https:\/\/www.istitutogalanteoliva.it\/magazine\/2022\/01\/14\/salerno-largo-xxv-aprile-una-battaglia-di-cibilta\/#respond\"]}]},{\"@type\":\"WebPage\",\"@id\":\"https:\/\/www.istitutogalanteoliva.it\/magazine\/2022\/01\/14\/salerno-largo-xxv-aprile-una-battaglia-di-cibilta\/\",\"url\":\"https:\/\/www.istitutogalanteoliva.it\/magazine\/2022\/01\/14\/salerno-largo-xxv-aprile-una-battaglia-di-cibilta\/\",\"name\":\"Salerno. Largo XXV aprile: una battaglia di civilt\u00e0 - Polis SA Magazine\",\"isPartOf\":{\"@id\":\"https:\/\/www.istitutogalanteoliva.it\/magazine\/#website\"},\"primaryImageOfPage\":{\"@id\":\"https:\/\/www.istitutogalanteoliva.it\/magazine\/2022\/01\/14\/salerno-largo-xxv-aprile-una-battaglia-di-cibilta\/#primaryimage\"},\"image\":{\"@id\":\"https:\/\/www.istitutogalanteoliva.it\/magazine\/2022\/01\/14\/salerno-largo-xxv-aprile-una-battaglia-di-cibilta\/#primaryimage\"},\"thumbnailUrl\":\"https:\/\/www.istitutogalanteoliva.it\/magazine\/wp-content\/uploads\/2022\/01\/anpi-1.jpg\",\"datePublished\":\"2022-01-14T07:00:00+00:00\",\"dateModified\":\"2022-01-16T13:37:19+00:00\",\"breadcrumb\":{\"@id\":\"https:\/\/www.istitutogalanteoliva.it\/magazine\/2022\/01\/14\/salerno-largo-xxv-aprile-una-battaglia-di-cibilta\/#breadcrumb\"},\"inLanguage\":\"it-IT\",\"potentialAction\":[{\"@type\":\"ReadAction\",\"target\":[\"https:\/\/www.istitutogalanteoliva.it\/magazine\/2022\/01\/14\/salerno-largo-xxv-aprile-una-battaglia-di-cibilta\/\"]}]},{\"@type\":\"ImageObject\",\"inLanguage\":\"it-IT\",\"@id\":\"https:\/\/www.istitutogalanteoliva.it\/magazine\/2022\/01\/14\/salerno-largo-xxv-aprile-una-battaglia-di-cibilta\/#primaryimage\",\"url\":\"https:\/\/www.istitutogalanteoliva.it\/magazine\/wp-content\/uploads\/2022\/01\/anpi-1.jpg\",\"contentUrl\":\"https:\/\/www.istitutogalanteoliva.it\/magazine\/wp-content\/uploads\/2022\/01\/anpi-1.jpg\",\"width\":960,\"height\":661},{\"@type\":\"BreadcrumbList\",\"@id\":\"https:\/\/www.istitutogalanteoliva.it\/magazine\/2022\/01\/14\/salerno-largo-xxv-aprile-una-battaglia-di-cibilta\/#breadcrumb\",\"itemListElement\":[{\"@type\":\"ListItem\",\"position\":1,\"name\":\"Home\",\"item\":\"https:\/\/www.istitutogalanteoliva.it\/magazine\/\"},{\"@type\":\"ListItem\",\"position\":2,\"name\":\"Salerno. Largo XXV aprile: una battaglia di civilt\u00e0\"}]},{\"@type\":\"WebSite\",\"@id\":\"https:\/\/www.istitutogalanteoliva.it\/magazine\/#website\",\"url\":\"https:\/\/www.istitutogalanteoliva.it\/magazine\/\",\"name\":\"POLIS SA MAGAZINE\",\"description\":\"Informazione e approfondimenti\",\"publisher\":{\"@id\":\"https:\/\/www.istitutogalanteoliva.it\/magazine\/#organization\"},\"potentialAction\":[{\"@type\":\"SearchAction\",\"target\":{\"@type\":\"EntryPoint\",\"urlTemplate\":\"https:\/\/www.istitutogalanteoliva.it\/magazine\/?s={search_term_string}\"},\"query-input\":{\"@type\":\"PropertyValueSpecification\",\"valueRequired\":true,\"valueName\":\"search_term_string\"}}],\"inLanguage\":\"it-IT\"},{\"@type\":\"Organization\",\"@id\":\"https:\/\/www.istitutogalanteoliva.it\/magazine\/#organization\",\"name\":\"Polis SA Magazine\",\"url\":\"https:\/\/www.istitutogalanteoliva.it\/magazine\/\",\"logo\":{\"@type\":\"ImageObject\",\"inLanguage\":\"it-IT\",\"@id\":\"https:\/\/www.istitutogalanteoliva.it\/magazine\/#\/schema\/logo\/image\/\",\"url\":\"\",\"contentUrl\":\"\",\"caption\":\"Polis SA Magazine\"},\"image\":{\"@id\":\"https:\/\/www.istitutogalanteoliva.it\/magazine\/#\/schema\/logo\/image\/\"},\"sameAs\":[\"https:\/\/www.facebook.com\/PolisSAMagazine\/\",\"https:\/\/x.com\/MagazinePolis\",\"https:\/\/www.youtube.com\/channel\/UCv0Mr5AHKUmsc0sEEXkJrgw\"]},{\"@type\":\"Person\",\"@id\":\"https:\/\/www.istitutogalanteoliva.it\/magazine\/#\/schema\/person\/d8b8aa79cfe8babc1df9da3212a7c0c4\",\"name\":\"Antonello Rivano\",\"image\":{\"@type\":\"ImageObject\",\"inLanguage\":\"it-IT\",\"@id\":\"https:\/\/www.istitutogalanteoliva.it\/magazine\/#\/schema\/person\/image\/\",\"url\":\"https:\/\/secure.gravatar.com\/avatar\/517a9a6487a7a18ecc4ce6d2e57a8f40?s=96&d=mm&r=g\",\"contentUrl\":\"https:\/\/secure.gravatar.com\/avatar\/517a9a6487a7a18ecc4ce6d2e57a8f40?s=96&d=mm&r=g\",\"caption\":\"Antonello Rivano\"},\"url\":\"https:\/\/www.istitutogalanteoliva.it\/magazine\/author\/antonello\/\"}]}<\/script>\n<!-- \/ Yoast SEO plugin. -->","yoast_head_json":{"title":"Salerno. Largo XXV aprile: una battaglia di civilt\u00e0 - Polis SA Magazine","robots":{"index":"index","follow":"follow","max-snippet":"max-snippet:-1","max-image-preview":"max-image-preview:large","max-video-preview":"max-video-preview:-1"},"canonical":"https:\/\/www.istitutogalanteoliva.it\/magazine\/2022\/01\/14\/salerno-largo-xxv-aprile-una-battaglia-di-cibilta\/","og_locale":"it_IT","og_type":"article","og_title":"Salerno. Largo XXV aprile: una battaglia di civilt\u00e0 - Polis SA Magazine","og_description":"L' Anpi provinciale di Salerno rinnova l'invito all'amministrazione comunale e al consiglio di dedicare il largo precedentemente individuato al XXV aprile.","og_url":"https:\/\/www.istitutogalanteoliva.it\/magazine\/2022\/01\/14\/salerno-largo-xxv-aprile-una-battaglia-di-cibilta\/","og_site_name":"Polis SA Magazine","article_publisher":"https:\/\/www.facebook.com\/PolisSAMagazine\/","article_published_time":"2022-01-14T07:00:00+00:00","article_modified_time":"2022-01-16T13:37:19+00:00","og_image":[{"width":960,"height":661,"url":"https:\/\/www.istitutogalanteoliva.it\/magazine\/wp-content\/uploads\/2022\/01\/anpi-1.jpg","type":"image\/jpeg"}],"author":"Antonello Rivano","twitter_card":"summary_large_image","twitter_creator":"@MagazinePolis","twitter_site":"@MagazinePolis","twitter_misc":{"Scritto da":"Antonello Rivano","Tempo di lettura stimato":"2 minuti"},"schema":{"@context":"https:\/\/schema.org","@graph":[{"@type":"Article","@id":"https:\/\/www.istitutogalanteoliva.it\/magazine\/2022\/01\/14\/salerno-largo-xxv-aprile-una-battaglia-di-cibilta\/#article","isPartOf":{"@id":"https:\/\/www.istitutogalanteoliva.it\/magazine\/2022\/01\/14\/salerno-largo-xxv-aprile-una-battaglia-di-cibilta\/"},"author":{"name":"Antonello Rivano","@id":"https:\/\/www.istitutogalanteoliva.it\/magazine\/#\/schema\/person\/d8b8aa79cfe8babc1df9da3212a7c0c4"},"headline":"Salerno. Largo XXV aprile: una battaglia di civilt\u00e0","datePublished":"2022-01-14T07:00:00+00:00","dateModified":"2022-01-16T13:37:19+00:00","mainEntityOfPage":{"@id":"https:\/\/www.istitutogalanteoliva.it\/magazine\/2022\/01\/14\/salerno-largo-xxv-aprile-una-battaglia-di-cibilta\/"},"wordCount":380,"commentCount":0,"publisher":{"@id":"https:\/\/www.istitutogalanteoliva.it\/magazine\/#organization"},"image":{"@id":"https:\/\/www.istitutogalanteoliva.it\/magazine\/2022\/01\/14\/salerno-largo-xxv-aprile-una-battaglia-di-cibilta\/#primaryimage"},"thumbnailUrl":"https:\/\/www.istitutogalanteoliva.it\/magazine\/wp-content\/uploads\/2022\/01\/anpi-1.jpg","keywords":["25 aprile","anpi","salerno"],"articleSection":["2022","Campania"],"inLanguage":"it-IT","potentialAction":[{"@type":"CommentAction","name":"Comment","target":["https:\/\/www.istitutogalanteoliva.it\/magazine\/2022\/01\/14\/salerno-largo-xxv-aprile-una-battaglia-di-cibilta\/#respond"]}]},{"@type":"WebPage","@id":"https:\/\/www.istitutogalanteoliva.it\/magazine\/2022\/01\/14\/salerno-largo-xxv-aprile-una-battaglia-di-cibilta\/","url":"https:\/\/www.istitutogalanteoliva.it\/magazine\/2022\/01\/14\/salerno-largo-xxv-aprile-una-battaglia-di-cibilta\/","name":"Salerno. Largo XXV aprile: una battaglia di civilt\u00e0 - Polis SA Magazine","isPartOf":{"@id":"https:\/\/www.istitutogalanteoliva.it\/magazine\/#website"},"primaryImageOfPage":{"@id":"https:\/\/www.istitutogalanteoliva.it\/magazine\/2022\/01\/14\/salerno-largo-xxv-aprile-una-battaglia-di-cibilta\/#primaryimage"},"image":{"@id":"https:\/\/www.istitutogalanteoliva.it\/magazine\/2022\/01\/14\/salerno-largo-xxv-aprile-una-battaglia-di-cibilta\/#primaryimage"},"thumbnailUrl":"https:\/\/www.istitutogalanteoliva.it\/magazine\/wp-content\/uploads\/2022\/01\/anpi-1.jpg","datePublished":"2022-01-14T07:00:00+00:00","dateModified":"2022-01-16T13:37:19+00:00","breadcrumb":{"@id":"https:\/\/www.istitutogalanteoliva.it\/magazine\/2022\/01\/14\/salerno-largo-xxv-aprile-una-battaglia-di-cibilta\/#breadcrumb"},"inLanguage":"it-IT","potentialAction":[{"@type":"ReadAction","target":["https:\/\/www.istitutogalanteoliva.it\/magazine\/2022\/01\/14\/salerno-largo-xxv-aprile-una-battaglia-di-cibilta\/"]}]},{"@type":"ImageObject","inLanguage":"it-IT","@id":"https:\/\/www.istitutogalanteoliva.it\/magazine\/2022\/01\/14\/salerno-largo-xxv-aprile-una-battaglia-di-cibilta\/#primaryimage","url":"https:\/\/www.istitutogalanteoliva.it\/magazine\/wp-content\/uploads\/2022\/01\/anpi-1.jpg","contentUrl":"https:\/\/www.istitutogalanteoliva.it\/magazine\/wp-content\/uploads\/2022\/01\/anpi-1.jpg","width":960,"height":661},{"@type":"BreadcrumbList","@id":"https:\/\/www.istitutogalanteoliva.it\/magazine\/2022\/01\/14\/salerno-largo-xxv-aprile-una-battaglia-di-cibilta\/#breadcrumb","itemListElement":[{"@type":"ListItem","position":1,"name":"Home","item":"https:\/\/www.istitutogalanteoliva.it\/magazine\/"},{"@type":"ListItem","position":2,"name":"Salerno. Largo XXV aprile: una battaglia di civilt\u00e0"}]},{"@type":"WebSite","@id":"https:\/\/www.istitutogalanteoliva.it\/magazine\/#website","url":"https:\/\/www.istitutogalanteoliva.it\/magazine\/","name":"POLIS SA MAGAZINE","description":"Informazione e approfondimenti","publisher":{"@id":"https:\/\/www.istitutogalanteoliva.it\/magazine\/#organization"},"potentialAction":[{"@type":"SearchAction","target":{"@type":"EntryPoint","urlTemplate":"https:\/\/www.istitutogalanteoliva.it\/magazine\/?s={search_term_string}"},"query-input":{"@type":"PropertyValueSpecification","valueRequired":true,"valueName":"search_term_string"}}],"inLanguage":"it-IT"},{"@type":"Organization","@id":"https:\/\/www.istitutogalanteoliva.it\/magazine\/#organization","name":"Polis SA Magazine","url":"https:\/\/www.istitutogalanteoliva.it\/magazine\/","logo":{"@type":"ImageObject","inLanguage":"it-IT","@id":"https:\/\/www.istitutogalanteoliva.it\/magazine\/#\/schema\/logo\/image\/","url":"","contentUrl":"","caption":"Polis SA Magazine"},"image":{"@id":"https:\/\/www.istitutogalanteoliva.it\/magazine\/#\/schema\/logo\/image\/"},"sameAs":["https:\/\/www.facebook.com\/PolisSAMagazine\/","https:\/\/x.com\/MagazinePolis","https:\/\/www.youtube.com\/channel\/UCv0Mr5AHKUmsc0sEEXkJrgw"]},{"@type":"Person","@id":"https:\/\/www.istitutogalanteoliva.it\/magazine\/#\/schema\/person\/d8b8aa79cfe8babc1df9da3212a7c0c4","name":"Antonello Rivano","image":{"@type":"ImageObject","inLanguage":"it-IT","@id":"https:\/\/www.istitutogalanteoliva.it\/magazine\/#\/schema\/person\/image\/","url":"https:\/\/secure.gravatar.com\/avatar\/517a9a6487a7a18ecc4ce6d2e57a8f40?s=96&d=mm&r=g","contentUrl":"https:\/\/secure.gravatar.com\/avatar\/517a9a6487a7a18ecc4ce6d2e57a8f40?s=96&d=mm&r=g","caption":"Antonello Rivano"},"url":"https:\/\/www.istitutogalanteoliva.it\/magazine\/author\/antonello\/"}]}},"_links":{"self":[{"href":"https:\/\/www.istitutogalanteoliva.it\/magazine\/wp-json\/wp\/v2\/posts\/11472","targetHints":{"allow":["GET"]}}],"collection":[{"href":"https:\/\/www.istitutogalanteoliva.it\/magazine\/wp-json\/wp\/v2\/posts"}],"about":[{"href":"https:\/\/www.istitutogalanteoliva.it\/magazine\/wp-json\/wp\/v2\/types\/post"}],"author":[{"embeddable":true,"href":"https:\/\/www.istitutogalanteoliva.it\/magazine\/wp-json\/wp\/v2\/users\/2"}],"replies":[{"embeddable":true,"href":"https:\/\/www.istitutogalanteoliva.it\/magazine\/wp-json\/wp\/v2\/comments?post=11472"}],"version-history":[{"count":5,"href":"https:\/\/www.istitutogalanteoliva.it\/magazine\/wp-json\/wp\/v2\/posts\/11472\/revisions"}],"predecessor-version":[{"id":11479,"href":"https:\/\/www.istitutogalanteoliva.it\/magazine\/wp-json\/wp\/v2\/posts\/11472\/revisions\/11479"}],"wp:featuredmedia":[{"embeddable":true,"href":"https:\/\/www.istitutogalanteoliva.it\/magazine\/wp-json\/wp\/v2\/media\/11474"}],"wp:attachment":[{"href":"https:\/\/www.istitutogalanteoliva.it\/magazine\/wp-json\/wp\/v2\/media?parent=11472"}],"wp:term":[{"taxonomy":"category","embeddable":true,"href":"https:\/\/www.istitutogalanteoliva.it\/magazine\/wp-json\/wp\/v2\/categories?post=11472"},{"taxonomy":"post_tag","embeddable":true,"href":"https:\/\/www.istitutogalanteoliva.it\/magazine\/wp-json\/wp\/v2\/tags?post=11472"}],"curies":[{"name":"wp","href":"https:\/\/api.w.org\/{rel}","templated":true}]}}