{"id":11482,"date":"2022-01-14T17:31:17","date_gmt":"2022-01-14T16:31:17","guid":{"rendered":"https:\/\/www.istitutogalanteoliva.it\/magazine\/?p=11482"},"modified":"2022-01-16T14:37:30","modified_gmt":"2022-01-16T13:37:30","slug":"ciao-david-orgoglio-italiano-deuropa","status":"publish","type":"post","link":"https:\/\/www.istitutogalanteoliva.it\/magazine\/2022\/01\/14\/ciao-david-orgoglio-italiano-deuropa\/","title":{"rendered":"Ciao David, orgoglio italiano d&#8217;Europa"},"content":{"rendered":"\n<p><strong>di <em>Antonello Rivano <\/em><\/strong><\/p>\n\n\n\n<p>Tanto si \u00e8 scritto su David Sassoli e sulla sua scomparsa in questi giorni, sarebbe forse inutile farlo anche noi.<br>Vale la pena per\u00f2 chiedersi il perch\u00e9 di tanta \u201cpartecipazione\u201d, interrogarsi sul fatto che la sua morte abbia cos\u00ec profondamente colpito, trasversalmente, l\u2019opinione pubblica.<\/p>\n\n\n\n<p>Se lo devono chiedere l\u2019informazione e la politica, mondi che Sassoli ha frequentato con passione e misura.<br>Ecco, forse sta tutto l\u00ec, pi\u00f9 nella seconda che nella prima di quelle due parole: misura.<\/p>\n\n\n\n<p>Il senso della misura che tanta parte della stampa sembra aver perso e che la politica ha sicuramente smarrito.<br><br>David \u00e8 entrato nelle case degli italiani, nel TG della sera, con discrezione e signorilit\u00e0, la stessa che ha mantenuto come Presidente del Parlamento Europeo.<br><br>La figura di una persona per bene, tanto da sembrare timido a volte, e forse lo era.<\/p>\n\n\n\n<p>Una di quelle figure che mancano nel panorama televisivo, politico e istituzionale, sarebbe bello che il prossimo presidente della Repubblica Italiana assomigliasse un po\u2019&nbsp; a lui nell\u2019animo, nel fare e nell\u2019integrit\u00e0 morale, qualunque sia il suo colore politico e il sesso.<br><br>Ecco la gente in questi giorni ha detto che \u00e8 questo che vorrebbe: facce pulite, onest\u00e0, cortesia, rispetto, coerenza. &nbsp;Le proprie idee esposte e non urlate, le convinzioni politiche che vadano al di l\u00e0 del populismo.<br><br>David Sassoli ci mancher\u00e0, ma David Sassoli potrebbe essere ognuno di noi, se solo smettessimo di pensare che \u201c&nbsp;<em>Io s\u00f2 io e voi non siete un<\/em>&#8230;&#8221; (cit: Il Marchese del Grillo)<\/p>\n\n\n\n<p class=\"has-text-align-left\"><img loading=\"lazy\" decoding=\"async\" width=\"80\" height=\"80\" class=\"wp-image-15584\" style=\"width: 80px;\" src=\"https:\/\/www.istitutogalanteoliva.it\/magazine\/wp-content\/uploads\/2024\/08\/anto.png\" alt=\"\" srcset=\"https:\/\/www.istitutogalanteoliva.it\/magazine\/wp-content\/uploads\/2024\/08\/anto.png 247w, https:\/\/www.istitutogalanteoliva.it\/magazine\/wp-content\/uploads\/2024\/08\/anto-150x150.png 150w\" sizes=\"auto, (max-width: 80px) 100vw, 80px\" \/><em><mark style=\"background-color:rgba(0, 0, 0, 0)\" class=\"has-inline-color has-black-color\"><strong><a href=\"https:\/\/www.istitutogalanteoliva\/antonello-rivano-2\/\">Antonello Rivano<\/a><\/strong><\/mark><\/em><br><sup><strong>Direttore di redazione\/coordinatore nazionale<\/strong> <strong><em>Polis SA Magazine<\/em><\/strong><\/sup><br><\/p>\n<div class=\"pdfprnt-buttons pdfprnt-buttons-post pdfprnt-bottom-left\"><a href=\"https:\/\/www.istitutogalanteoliva.it\/magazine\/wp-json\/wp\/v2\/posts\/11482?print=print\" class=\"pdfprnt-button pdfprnt-button-print\" target=\"_blank\"><img decoding=\"async\" src=\"https:\/\/www.istitutogalanteoliva.it\/magazine\/wp-content\/plugins\/pdf-print\/images\/print.png\" alt=\"image_print\" title=\"Stampa contenuto\" \/><span class=\"pdfprnt-button-title pdfprnt-button-print-title\">Download in PDF<\/span><\/a><\/div>","protected":false},"excerpt":{"rendered":"<p>Dopo i funerali di stato alcune riflessioni <\/p>\n","protected":false},"author":2,"featured_media":11483,"comment_status":"open","ping_status":"open","sticky":true,"template":"","format":"standard","meta":{"footnotes":""},"categories":[577,254,15],"tags":[575,130,576],"class_list":["post-11482","post","type-post","status-publish","format-standard","has-post-thumbnail","hentry","category-577","category-attualita","category-opinioni","tag-david-sassoli","tag-opinioni","tag-politica"],"yoast_head":"<!-- This site is optimized with the Yoast SEO plugin v24.2 - https:\/\/yoast.com\/wordpress\/plugins\/seo\/ -->\n<title>Ciao David, orgoglio italiano d&#039;Europa - Polis SA Magazine<\/title>\n<meta name=\"robots\" content=\"index, follow, max-snippet:-1, max-image-preview:large, max-video-preview:-1\" \/>\n<link rel=\"canonical\" href=\"https:\/\/www.istitutogalanteoliva.it\/magazine\/2022\/01\/14\/ciao-david-orgoglio-italiano-deuropa\/\" \/>\n<meta property=\"og:locale\" content=\"it_IT\" \/>\n<meta property=\"og:type\" content=\"article\" \/>\n<meta property=\"og:title\" content=\"Ciao David, orgoglio italiano d&#039;Europa - Polis SA Magazine\" \/>\n<meta property=\"og:description\" content=\"Dopo i funerali di stato alcune riflessioni\" \/>\n<meta property=\"og:url\" content=\"https:\/\/www.istitutogalanteoliva.it\/magazine\/2022\/01\/14\/ciao-david-orgoglio-italiano-deuropa\/\" \/>\n<meta property=\"og:site_name\" content=\"Polis SA Magazine\" \/>\n<meta property=\"article:publisher\" content=\"https:\/\/www.facebook.com\/PolisSAMagazine\/\" \/>\n<meta property=\"article:published_time\" content=\"2022-01-14T16:31:17+00:00\" \/>\n<meta property=\"article:modified_time\" content=\"2022-01-16T13:37:30+00:00\" \/>\n<meta property=\"og:image\" content=\"https:\/\/www.istitutogalanteoliva.it\/magazine\/wp-content\/uploads\/2022\/01\/021604991-7465b08b-cad7-4e88-8264-79f141781771-1.jpg\" \/>\n\t<meta property=\"og:image:width\" content=\"696\" \/>\n\t<meta property=\"og:image:height\" content=\"464\" \/>\n\t<meta property=\"og:image:type\" content=\"image\/jpeg\" \/>\n<meta name=\"author\" content=\"Antonello Rivano\" \/>\n<meta name=\"twitter:card\" content=\"summary_large_image\" \/>\n<meta name=\"twitter:creator\" content=\"@MagazinePolis\" \/>\n<meta name=\"twitter:site\" content=\"@MagazinePolis\" \/>\n<meta name=\"twitter:label1\" content=\"Scritto da\" \/>\n\t<meta name=\"twitter:data1\" content=\"Antonello Rivano\" \/>\n\t<meta name=\"twitter:label2\" content=\"Tempo di lettura stimato\" \/>\n\t<meta name=\"twitter:data2\" content=\"2 minuti\" \/>\n<script type=\"application\/ld+json\" class=\"yoast-schema-graph\">{\"@context\":\"https:\/\/schema.org\",\"@graph\":[{\"@type\":\"Article\",\"@id\":\"https:\/\/www.istitutogalanteoliva.it\/magazine\/2022\/01\/14\/ciao-david-orgoglio-italiano-deuropa\/#article\",\"isPartOf\":{\"@id\":\"https:\/\/www.istitutogalanteoliva.it\/magazine\/2022\/01\/14\/ciao-david-orgoglio-italiano-deuropa\/\"},\"author\":{\"name\":\"Antonello Rivano\",\"@id\":\"https:\/\/www.istitutogalanteoliva.it\/magazine\/#\/schema\/person\/d8b8aa79cfe8babc1df9da3212a7c0c4\"},\"headline\":\"Ciao David, orgoglio italiano d&#8217;Europa\",\"datePublished\":\"2022-01-14T16:31:17+00:00\",\"dateModified\":\"2022-01-16T13:37:30+00:00\",\"mainEntityOfPage\":{\"@id\":\"https:\/\/www.istitutogalanteoliva.it\/magazine\/2022\/01\/14\/ciao-david-orgoglio-italiano-deuropa\/\"},\"wordCount\":258,\"commentCount\":0,\"publisher\":{\"@id\":\"https:\/\/www.istitutogalanteoliva.it\/magazine\/#organization\"},\"image\":{\"@id\":\"https:\/\/www.istitutogalanteoliva.it\/magazine\/2022\/01\/14\/ciao-david-orgoglio-italiano-deuropa\/#primaryimage\"},\"thumbnailUrl\":\"https:\/\/www.istitutogalanteoliva.it\/magazine\/wp-content\/uploads\/2022\/01\/021604991-7465b08b-cad7-4e88-8264-79f141781771-1.jpg\",\"keywords\":[\"david sassoli\",\"opinioni\",\"politica\"],\"articleSection\":[\"2022\",\"Attualit\u00e0\",\"Opinioni\"],\"inLanguage\":\"it-IT\",\"potentialAction\":[{\"@type\":\"CommentAction\",\"name\":\"Comment\",\"target\":[\"https:\/\/www.istitutogalanteoliva.it\/magazine\/2022\/01\/14\/ciao-david-orgoglio-italiano-deuropa\/#respond\"]}]},{\"@type\":\"WebPage\",\"@id\":\"https:\/\/www.istitutogalanteoliva.it\/magazine\/2022\/01\/14\/ciao-david-orgoglio-italiano-deuropa\/\",\"url\":\"https:\/\/www.istitutogalanteoliva.it\/magazine\/2022\/01\/14\/ciao-david-orgoglio-italiano-deuropa\/\",\"name\":\"Ciao David, orgoglio italiano d'Europa - Polis SA Magazine\",\"isPartOf\":{\"@id\":\"https:\/\/www.istitutogalanteoliva.it\/magazine\/#website\"},\"primaryImageOfPage\":{\"@id\":\"https:\/\/www.istitutogalanteoliva.it\/magazine\/2022\/01\/14\/ciao-david-orgoglio-italiano-deuropa\/#primaryimage\"},\"image\":{\"@id\":\"https:\/\/www.istitutogalanteoliva.it\/magazine\/2022\/01\/14\/ciao-david-orgoglio-italiano-deuropa\/#primaryimage\"},\"thumbnailUrl\":\"https:\/\/www.istitutogalanteoliva.it\/magazine\/wp-content\/uploads\/2022\/01\/021604991-7465b08b-cad7-4e88-8264-79f141781771-1.jpg\",\"datePublished\":\"2022-01-14T16:31:17+00:00\",\"dateModified\":\"2022-01-16T13:37:30+00:00\",\"breadcrumb\":{\"@id\":\"https:\/\/www.istitutogalanteoliva.it\/magazine\/2022\/01\/14\/ciao-david-orgoglio-italiano-deuropa\/#breadcrumb\"},\"inLanguage\":\"it-IT\",\"potentialAction\":[{\"@type\":\"ReadAction\",\"target\":[\"https:\/\/www.istitutogalanteoliva.it\/magazine\/2022\/01\/14\/ciao-david-orgoglio-italiano-deuropa\/\"]}]},{\"@type\":\"ImageObject\",\"inLanguage\":\"it-IT\",\"@id\":\"https:\/\/www.istitutogalanteoliva.it\/magazine\/2022\/01\/14\/ciao-david-orgoglio-italiano-deuropa\/#primaryimage\",\"url\":\"https:\/\/www.istitutogalanteoliva.it\/magazine\/wp-content\/uploads\/2022\/01\/021604991-7465b08b-cad7-4e88-8264-79f141781771-1.jpg\",\"contentUrl\":\"https:\/\/www.istitutogalanteoliva.it\/magazine\/wp-content\/uploads\/2022\/01\/021604991-7465b08b-cad7-4e88-8264-79f141781771-1.jpg\",\"width\":696,\"height\":464},{\"@type\":\"BreadcrumbList\",\"@id\":\"https:\/\/www.istitutogalanteoliva.it\/magazine\/2022\/01\/14\/ciao-david-orgoglio-italiano-deuropa\/#breadcrumb\",\"itemListElement\":[{\"@type\":\"ListItem\",\"position\":1,\"name\":\"Home\",\"item\":\"https:\/\/www.istitutogalanteoliva.it\/magazine\/\"},{\"@type\":\"ListItem\",\"position\":2,\"name\":\"Ciao David, orgoglio italiano d&#8217;Europa\"}]},{\"@type\":\"WebSite\",\"@id\":\"https:\/\/www.istitutogalanteoliva.it\/magazine\/#website\",\"url\":\"https:\/\/www.istitutogalanteoliva.it\/magazine\/\",\"name\":\"POLIS SA MAGAZINE\",\"description\":\"Informazione e approfondimenti\",\"publisher\":{\"@id\":\"https:\/\/www.istitutogalanteoliva.it\/magazine\/#organization\"},\"potentialAction\":[{\"@type\":\"SearchAction\",\"target\":{\"@type\":\"EntryPoint\",\"urlTemplate\":\"https:\/\/www.istitutogalanteoliva.it\/magazine\/?s={search_term_string}\"},\"query-input\":{\"@type\":\"PropertyValueSpecification\",\"valueRequired\":true,\"valueName\":\"search_term_string\"}}],\"inLanguage\":\"it-IT\"},{\"@type\":\"Organization\",\"@id\":\"https:\/\/www.istitutogalanteoliva.it\/magazine\/#organization\",\"name\":\"Polis SA Magazine\",\"url\":\"https:\/\/www.istitutogalanteoliva.it\/magazine\/\",\"logo\":{\"@type\":\"ImageObject\",\"inLanguage\":\"it-IT\",\"@id\":\"https:\/\/www.istitutogalanteoliva.it\/magazine\/#\/schema\/logo\/image\/\",\"url\":\"\",\"contentUrl\":\"\",\"caption\":\"Polis SA Magazine\"},\"image\":{\"@id\":\"https:\/\/www.istitutogalanteoliva.it\/magazine\/#\/schema\/logo\/image\/\"},\"sameAs\":[\"https:\/\/www.facebook.com\/PolisSAMagazine\/\",\"https:\/\/x.com\/MagazinePolis\",\"https:\/\/www.youtube.com\/channel\/UCv0Mr5AHKUmsc0sEEXkJrgw\"]},{\"@type\":\"Person\",\"@id\":\"https:\/\/www.istitutogalanteoliva.it\/magazine\/#\/schema\/person\/d8b8aa79cfe8babc1df9da3212a7c0c4\",\"name\":\"Antonello Rivano\",\"image\":{\"@type\":\"ImageObject\",\"inLanguage\":\"it-IT\",\"@id\":\"https:\/\/www.istitutogalanteoliva.it\/magazine\/#\/schema\/person\/image\/\",\"url\":\"https:\/\/secure.gravatar.com\/avatar\/517a9a6487a7a18ecc4ce6d2e57a8f40?s=96&d=mm&r=g\",\"contentUrl\":\"https:\/\/secure.gravatar.com\/avatar\/517a9a6487a7a18ecc4ce6d2e57a8f40?s=96&d=mm&r=g\",\"caption\":\"Antonello Rivano\"},\"url\":\"https:\/\/www.istitutogalanteoliva.it\/magazine\/author\/antonello\/\"}]}<\/script>\n<!-- \/ Yoast SEO plugin. -->","yoast_head_json":{"title":"Ciao David, orgoglio italiano d'Europa - Polis SA Magazine","robots":{"index":"index","follow":"follow","max-snippet":"max-snippet:-1","max-image-preview":"max-image-preview:large","max-video-preview":"max-video-preview:-1"},"canonical":"https:\/\/www.istitutogalanteoliva.it\/magazine\/2022\/01\/14\/ciao-david-orgoglio-italiano-deuropa\/","og_locale":"it_IT","og_type":"article","og_title":"Ciao David, orgoglio italiano d'Europa - Polis SA Magazine","og_description":"Dopo i funerali di stato alcune riflessioni","og_url":"https:\/\/www.istitutogalanteoliva.it\/magazine\/2022\/01\/14\/ciao-david-orgoglio-italiano-deuropa\/","og_site_name":"Polis SA Magazine","article_publisher":"https:\/\/www.facebook.com\/PolisSAMagazine\/","article_published_time":"2022-01-14T16:31:17+00:00","article_modified_time":"2022-01-16T13:37:30+00:00","og_image":[{"width":696,"height":464,"url":"https:\/\/www.istitutogalanteoliva.it\/magazine\/wp-content\/uploads\/2022\/01\/021604991-7465b08b-cad7-4e88-8264-79f141781771-1.jpg","type":"image\/jpeg"}],"author":"Antonello Rivano","twitter_card":"summary_large_image","twitter_creator":"@MagazinePolis","twitter_site":"@MagazinePolis","twitter_misc":{"Scritto da":"Antonello Rivano","Tempo di lettura stimato":"2 minuti"},"schema":{"@context":"https:\/\/schema.org","@graph":[{"@type":"Article","@id":"https:\/\/www.istitutogalanteoliva.it\/magazine\/2022\/01\/14\/ciao-david-orgoglio-italiano-deuropa\/#article","isPartOf":{"@id":"https:\/\/www.istitutogalanteoliva.it\/magazine\/2022\/01\/14\/ciao-david-orgoglio-italiano-deuropa\/"},"author":{"name":"Antonello Rivano","@id":"https:\/\/www.istitutogalanteoliva.it\/magazine\/#\/schema\/person\/d8b8aa79cfe8babc1df9da3212a7c0c4"},"headline":"Ciao David, orgoglio italiano d&#8217;Europa","datePublished":"2022-01-14T16:31:17+00:00","dateModified":"2022-01-16T13:37:30+00:00","mainEntityOfPage":{"@id":"https:\/\/www.istitutogalanteoliva.it\/magazine\/2022\/01\/14\/ciao-david-orgoglio-italiano-deuropa\/"},"wordCount":258,"commentCount":0,"publisher":{"@id":"https:\/\/www.istitutogalanteoliva.it\/magazine\/#organization"},"image":{"@id":"https:\/\/www.istitutogalanteoliva.it\/magazine\/2022\/01\/14\/ciao-david-orgoglio-italiano-deuropa\/#primaryimage"},"thumbnailUrl":"https:\/\/www.istitutogalanteoliva.it\/magazine\/wp-content\/uploads\/2022\/01\/021604991-7465b08b-cad7-4e88-8264-79f141781771-1.jpg","keywords":["david sassoli","opinioni","politica"],"articleSection":["2022","Attualit\u00e0","Opinioni"],"inLanguage":"it-IT","potentialAction":[{"@type":"CommentAction","name":"Comment","target":["https:\/\/www.istitutogalanteoliva.it\/magazine\/2022\/01\/14\/ciao-david-orgoglio-italiano-deuropa\/#respond"]}]},{"@type":"WebPage","@id":"https:\/\/www.istitutogalanteoliva.it\/magazine\/2022\/01\/14\/ciao-david-orgoglio-italiano-deuropa\/","url":"https:\/\/www.istitutogalanteoliva.it\/magazine\/2022\/01\/14\/ciao-david-orgoglio-italiano-deuropa\/","name":"Ciao David, orgoglio italiano d'Europa - Polis SA Magazine","isPartOf":{"@id":"https:\/\/www.istitutogalanteoliva.it\/magazine\/#website"},"primaryImageOfPage":{"@id":"https:\/\/www.istitutogalanteoliva.it\/magazine\/2022\/01\/14\/ciao-david-orgoglio-italiano-deuropa\/#primaryimage"},"image":{"@id":"https:\/\/www.istitutogalanteoliva.it\/magazine\/2022\/01\/14\/ciao-david-orgoglio-italiano-deuropa\/#primaryimage"},"thumbnailUrl":"https:\/\/www.istitutogalanteoliva.it\/magazine\/wp-content\/uploads\/2022\/01\/021604991-7465b08b-cad7-4e88-8264-79f141781771-1.jpg","datePublished":"2022-01-14T16:31:17+00:00","dateModified":"2022-01-16T13:37:30+00:00","breadcrumb":{"@id":"https:\/\/www.istitutogalanteoliva.it\/magazine\/2022\/01\/14\/ciao-david-orgoglio-italiano-deuropa\/#breadcrumb"},"inLanguage":"it-IT","potentialAction":[{"@type":"ReadAction","target":["https:\/\/www.istitutogalanteoliva.it\/magazine\/2022\/01\/14\/ciao-david-orgoglio-italiano-deuropa\/"]}]},{"@type":"ImageObject","inLanguage":"it-IT","@id":"https:\/\/www.istitutogalanteoliva.it\/magazine\/2022\/01\/14\/ciao-david-orgoglio-italiano-deuropa\/#primaryimage","url":"https:\/\/www.istitutogalanteoliva.it\/magazine\/wp-content\/uploads\/2022\/01\/021604991-7465b08b-cad7-4e88-8264-79f141781771-1.jpg","contentUrl":"https:\/\/www.istitutogalanteoliva.it\/magazine\/wp-content\/uploads\/2022\/01\/021604991-7465b08b-cad7-4e88-8264-79f141781771-1.jpg","width":696,"height":464},{"@type":"BreadcrumbList","@id":"https:\/\/www.istitutogalanteoliva.it\/magazine\/2022\/01\/14\/ciao-david-orgoglio-italiano-deuropa\/#breadcrumb","itemListElement":[{"@type":"ListItem","position":1,"name":"Home","item":"https:\/\/www.istitutogalanteoliva.it\/magazine\/"},{"@type":"ListItem","position":2,"name":"Ciao David, orgoglio italiano d&#8217;Europa"}]},{"@type":"WebSite","@id":"https:\/\/www.istitutogalanteoliva.it\/magazine\/#website","url":"https:\/\/www.istitutogalanteoliva.it\/magazine\/","name":"POLIS SA MAGAZINE","description":"Informazione e approfondimenti","publisher":{"@id":"https:\/\/www.istitutogalanteoliva.it\/magazine\/#organization"},"potentialAction":[{"@type":"SearchAction","target":{"@type":"EntryPoint","urlTemplate":"https:\/\/www.istitutogalanteoliva.it\/magazine\/?s={search_term_string}"},"query-input":{"@type":"PropertyValueSpecification","valueRequired":true,"valueName":"search_term_string"}}],"inLanguage":"it-IT"},{"@type":"Organization","@id":"https:\/\/www.istitutogalanteoliva.it\/magazine\/#organization","name":"Polis SA Magazine","url":"https:\/\/www.istitutogalanteoliva.it\/magazine\/","logo":{"@type":"ImageObject","inLanguage":"it-IT","@id":"https:\/\/www.istitutogalanteoliva.it\/magazine\/#\/schema\/logo\/image\/","url":"","contentUrl":"","caption":"Polis SA Magazine"},"image":{"@id":"https:\/\/www.istitutogalanteoliva.it\/magazine\/#\/schema\/logo\/image\/"},"sameAs":["https:\/\/www.facebook.com\/PolisSAMagazine\/","https:\/\/x.com\/MagazinePolis","https:\/\/www.youtube.com\/channel\/UCv0Mr5AHKUmsc0sEEXkJrgw"]},{"@type":"Person","@id":"https:\/\/www.istitutogalanteoliva.it\/magazine\/#\/schema\/person\/d8b8aa79cfe8babc1df9da3212a7c0c4","name":"Antonello Rivano","image":{"@type":"ImageObject","inLanguage":"it-IT","@id":"https:\/\/www.istitutogalanteoliva.it\/magazine\/#\/schema\/person\/image\/","url":"https:\/\/secure.gravatar.com\/avatar\/517a9a6487a7a18ecc4ce6d2e57a8f40?s=96&d=mm&r=g","contentUrl":"https:\/\/secure.gravatar.com\/avatar\/517a9a6487a7a18ecc4ce6d2e57a8f40?s=96&d=mm&r=g","caption":"Antonello Rivano"},"url":"https:\/\/www.istitutogalanteoliva.it\/magazine\/author\/antonello\/"}]}},"_links":{"self":[{"href":"https:\/\/www.istitutogalanteoliva.it\/magazine\/wp-json\/wp\/v2\/posts\/11482","targetHints":{"allow":["GET"]}}],"collection":[{"href":"https:\/\/www.istitutogalanteoliva.it\/magazine\/wp-json\/wp\/v2\/posts"}],"about":[{"href":"https:\/\/www.istitutogalanteoliva.it\/magazine\/wp-json\/wp\/v2\/types\/post"}],"author":[{"embeddable":true,"href":"https:\/\/www.istitutogalanteoliva.it\/magazine\/wp-json\/wp\/v2\/users\/2"}],"replies":[{"embeddable":true,"href":"https:\/\/www.istitutogalanteoliva.it\/magazine\/wp-json\/wp\/v2\/comments?post=11482"}],"version-history":[{"count":2,"href":"https:\/\/www.istitutogalanteoliva.it\/magazine\/wp-json\/wp\/v2\/posts\/11482\/revisions"}],"predecessor-version":[{"id":11485,"href":"https:\/\/www.istitutogalanteoliva.it\/magazine\/wp-json\/wp\/v2\/posts\/11482\/revisions\/11485"}],"wp:featuredmedia":[{"embeddable":true,"href":"https:\/\/www.istitutogalanteoliva.it\/magazine\/wp-json\/wp\/v2\/media\/11483"}],"wp:attachment":[{"href":"https:\/\/www.istitutogalanteoliva.it\/magazine\/wp-json\/wp\/v2\/media?parent=11482"}],"wp:term":[{"taxonomy":"category","embeddable":true,"href":"https:\/\/www.istitutogalanteoliva.it\/magazine\/wp-json\/wp\/v2\/categories?post=11482"},{"taxonomy":"post_tag","embeddable":true,"href":"https:\/\/www.istitutogalanteoliva.it\/magazine\/wp-json\/wp\/v2\/tags?post=11482"}],"curies":[{"name":"wp","href":"https:\/\/api.w.org\/{rel}","templated":true}]}}