{"id":11529,"date":"2022-01-24T08:00:00","date_gmt":"2022-01-24T07:00:00","guid":{"rendered":"https:\/\/www.istitutogalanteoliva.it\/magazine\/?p=11529"},"modified":"2022-01-23T16:10:10","modified_gmt":"2022-01-23T15:10:10","slug":"italia-e-guerra-incivile","status":"publish","type":"post","link":"https:\/\/www.istitutogalanteoliva.it\/magazine\/2022\/01\/24\/italia-e-guerra-incivile\/","title":{"rendered":"Italia: \u00e8 guerra (in)civile!!!"},"content":{"rendered":"\n<figure class=\"wp-block-image size-full is-resized\"><img loading=\"lazy\" decoding=\"async\" src=\"https:\/\/www.istitutogalanteoliva.it\/magazine\/wp-content\/uploads\/2022\/01\/penna-nera-1-300x217-1.png\" alt=\"\" class=\"wp-image-11530\" width=\"257\" height=\"186\"\/><figcaption><strong>In punta di penna, riflessioni sull&#8217;attualit\u00e0 a cura di <em>Antonello Rivano<\/em><\/strong><\/figcaption><\/figure>\n\n\n\n<p><\/p>\n\n\n\n<p>Specie sui Social si assiste, sempre pi\u00f9, a una vera guerra fra opposti pensieri, specie su argomenti che hanno a che fare con la Pandemia.<\/p>\n\n\n\n<p>Basta andare su FB, il social che, per le sue caratteristiche, pi\u00f9 sta risentendo di questo fenomeno, per rendere conto di quanto la cosiddetta \u201clibert\u00e0\u201d di opinione sta prendendo la forma di una nuova \u201cguerra civile\u201d, fortunatamente, almeno per ora, solo verbale.<\/p>\n\n\n\n<p>Una dimostrazioni lampante sono le disfide verbali tra No Vax e Pro Vax, non importa chi abbia o meno ragione (ma esiste una ragione?), sta di fatto che quello che si legge sui vari profili privati o gruppi sono scontri spesso all\u2019ultimo insulto Spesso si arriva anche alle minacce, neanche troppo velate. <br><br>Come siamo arrivati a questo? Esistono colpe?<br>Su queste pagine abbiamo gi\u00e0 pi\u00f9 volte detto che una gran parte della \u201ccolpa\u201d \u00e8 di una informazione sempre pi\u00f9 a misura di click che di rispetto verso i lettori, gli unici ai quali una stampa libera dovrebbe rendere conto.<br><\/p>\n\n\n\n<p>Chi ha certo contribuito a questo malessere sociale sono i \u201cvirologhi televisivi\u201d, taluni pur di apparire hanno detto tutto e il suo contrario.<br><br>Certamente non possiamo non puntare il dito verso le istituzioni che, per paura di perdere consensi e\/o per averne di nuovi, e per compromessi politici, spesso hanno fatto dei tira e molla che hanno portato a norme confuse e confusionarie.<br>Come non pensare ai vaccini obbligatori estinguibili con un UNA TANTUM da 100 euro? Oppure la norma che consente di entrare senza green pass in un super, o iper, mercato ma solo se devi comprare generi di prima necessit\u00e0?<br><br><\/p>\n\n\n\n<p>Sembra quasi che la gente abbia bisogno di sfogarsi, esorcizzare le proprie paure, dimenticare le proprie insicurezze, riempiendo di impropri chi la pensa come loro. Senza rispetto, spesso con una violenza e maleducazione in nessun modo giustificabili. E\u2019 un campanello d\u2019allarme che non possiamo non ascoltare, perch\u00e9 potrebbe essere il preludio di qualcosa di ben pi\u00f9 pericoloso.<br><br>Anche nelle guerre pi\u00f9 fratricide si ha rispetto per il nemico caduto, qua no. Non \u00e8 raro imbattersi in post con notizie di cronaca, che parlano di persone No Vax morte per Covid, in cui non ci siano commenti irrispettosi, ironici e conflitti tra le frazioni contrapposte. Naturalmente \u00e8 vero anche il contrario con le faccine sorridenti o beffarde che, come proiettili, sottolineano i numeri di questa Pandemia infinita. Certo \u00e8 che quando cantavamo sui balconi mai ci saremmo aspettati che un giorno ci saremmo cos\u00ec mortalmente feriti gli uni con gli altri. Questo imbruttimento, lo smarrimento di buona parte della nostra umanit\u00e0 ed empatia, saranno da mettere nel conto di quanto perso con questo Virus.<br><br>Sui medesimi social si discute (ancora?) anche sulle tipologia delle vittime da Covid: Giovani e in salute o Vecchi e malati? Vittime sacrificabili perch\u00e9 non utili alla societ\u00e0\u2026tanto dovevano morire lo stesso?<br>E\u2019 una solfa alla quale assistiamo sin dall\u2019inizio di questo incubo, e si perde di vista la cosa pi\u00f9 vera, inconfutabile: ogni vita \u00e8 preziosa, e ogni giorno, ora, minuto, istante, di quella vita vanno considerati come doni inestimabili. E\u2019 missione della scienza, della medicina, di ogni societ\u00e0 civile, tutelare i deboli e gli anziani, perch\u00e9 anche solo un attimo che si riesce a fare guadagnare a quelle vite, con la dignit\u00e0 a loro dovute, \u00e8 una conquista per tutti. Diceva un famoso vecchio della tv nostrana, Nonno Libero (Un medico in famiglia): <em>\u201cCi\u00f2 che sei io ero, ci\u00f2 che sono tu sarai\u201d<\/em>.<\/p>\n\n\n\n<p class=\"has-text-align-left\"><img loading=\"lazy\" decoding=\"async\" width=\"80\" height=\"80\" class=\"wp-image-15584\" style=\"width: 80px;\" src=\"https:\/\/www.istitutogalanteoliva.it\/magazine\/wp-content\/uploads\/2024\/08\/anto.png\" alt=\"\" srcset=\"https:\/\/www.istitutogalanteoliva.it\/magazine\/wp-content\/uploads\/2024\/08\/anto.png 247w, https:\/\/www.istitutogalanteoliva.it\/magazine\/wp-content\/uploads\/2024\/08\/anto-150x150.png 150w\" sizes=\"auto, (max-width: 80px) 100vw, 80px\" \/><em><mark style=\"background-color:rgba(0, 0, 0, 0)\" class=\"has-inline-color has-black-color\"><strong><a href=\"https:\/\/www.istitutogalanteoliva\/antonello-rivano-2\/\">Antonello Rivano<\/a><\/strong><\/mark><\/em><br><sup><strong>Direttore di redazione\/coordinatore nazionale<\/strong> <strong><em>Polis SA Magazine<\/em><\/strong><\/sup><br><\/p>\n\n\n\n<p><br><br><\/p>\n<div class=\"pdfprnt-buttons pdfprnt-buttons-post pdfprnt-bottom-left\"><a href=\"https:\/\/www.istitutogalanteoliva.it\/magazine\/wp-json\/wp\/v2\/posts\/11529?print=print\" class=\"pdfprnt-button pdfprnt-button-print\" target=\"_blank\"><img decoding=\"async\" src=\"https:\/\/www.istitutogalanteoliva.it\/magazine\/wp-content\/plugins\/pdf-print\/images\/print.png\" alt=\"image_print\" title=\"Stampa contenuto\" \/><span class=\"pdfprnt-button-title pdfprnt-button-print-title\">Download in PDF<\/span><\/a><\/div>","protected":false},"excerpt":{"rendered":"<p>Sui Social oramai \u00e8 guerra dichiarata fra fronti opposti, Esistono colpe?<\/p>\n","protected":false},"author":2,"featured_media":11531,"comment_status":"open","ping_status":"open","sticky":true,"template":"","format":"standard","meta":{"footnotes":""},"categories":[577,96],"tags":[45,578,102],"class_list":["post-11529","post","type-post","status-publish","format-standard","has-post-thumbnail","hentry","category-577","category-in-punta-di-penna","tag-covid","tag-querra","tag-social"],"yoast_head":"<!-- This site is optimized with the Yoast SEO plugin v24.2 - https:\/\/yoast.com\/wordpress\/plugins\/seo\/ -->\n<title>Italia: \u00e8 guerra (in)civile!!! - Polis SA Magazine<\/title>\n<meta name=\"robots\" content=\"index, follow, max-snippet:-1, max-image-preview:large, max-video-preview:-1\" \/>\n<link rel=\"canonical\" href=\"https:\/\/www.istitutogalanteoliva.it\/magazine\/2022\/01\/24\/italia-e-guerra-incivile\/\" \/>\n<meta property=\"og:locale\" content=\"it_IT\" \/>\n<meta property=\"og:type\" content=\"article\" \/>\n<meta property=\"og:title\" content=\"Italia: \u00e8 guerra (in)civile!!! - Polis SA Magazine\" \/>\n<meta property=\"og:description\" content=\"Sui Social oramai \u00e8 guerra dichiarata fra fronti opposti, Esistono colpe?\" \/>\n<meta property=\"og:url\" content=\"https:\/\/www.istitutogalanteoliva.it\/magazine\/2022\/01\/24\/italia-e-guerra-incivile\/\" \/>\n<meta property=\"og:site_name\" content=\"Polis SA Magazine\" \/>\n<meta property=\"article:publisher\" content=\"https:\/\/www.facebook.com\/PolisSAMagazine\/\" \/>\n<meta property=\"article:published_time\" content=\"2022-01-24T07:00:00+00:00\" \/>\n<meta property=\"article:modified_time\" content=\"2022-01-23T15:10:10+00:00\" \/>\n<meta property=\"og:image\" content=\"https:\/\/www.istitutogalanteoliva.it\/magazine\/wp-content\/uploads\/2022\/01\/Senza-titolo-1-3.jpg\" \/>\n\t<meta property=\"og:image:width\" content=\"640\" \/>\n\t<meta property=\"og:image:height\" content=\"380\" \/>\n\t<meta property=\"og:image:type\" content=\"image\/jpeg\" \/>\n<meta name=\"author\" content=\"Antonello Rivano\" \/>\n<meta name=\"twitter:card\" content=\"summary_large_image\" \/>\n<meta name=\"twitter:creator\" content=\"@MagazinePolis\" \/>\n<meta name=\"twitter:site\" content=\"@MagazinePolis\" \/>\n<meta name=\"twitter:label1\" content=\"Scritto da\" \/>\n\t<meta name=\"twitter:data1\" content=\"Antonello Rivano\" \/>\n\t<meta name=\"twitter:label2\" content=\"Tempo di lettura stimato\" \/>\n\t<meta name=\"twitter:data2\" content=\"4 minuti\" \/>\n<script type=\"application\/ld+json\" class=\"yoast-schema-graph\">{\"@context\":\"https:\/\/schema.org\",\"@graph\":[{\"@type\":\"Article\",\"@id\":\"https:\/\/www.istitutogalanteoliva.it\/magazine\/2022\/01\/24\/italia-e-guerra-incivile\/#article\",\"isPartOf\":{\"@id\":\"https:\/\/www.istitutogalanteoliva.it\/magazine\/2022\/01\/24\/italia-e-guerra-incivile\/\"},\"author\":{\"name\":\"Antonello Rivano\",\"@id\":\"https:\/\/www.istitutogalanteoliva.it\/magazine\/#\/schema\/person\/d8b8aa79cfe8babc1df9da3212a7c0c4\"},\"headline\":\"Italia: \u00e8 guerra (in)civile!!!\",\"datePublished\":\"2022-01-24T07:00:00+00:00\",\"dateModified\":\"2022-01-23T15:10:10+00:00\",\"mainEntityOfPage\":{\"@id\":\"https:\/\/www.istitutogalanteoliva.it\/magazine\/2022\/01\/24\/italia-e-guerra-incivile\/\"},\"wordCount\":589,\"commentCount\":0,\"publisher\":{\"@id\":\"https:\/\/www.istitutogalanteoliva.it\/magazine\/#organization\"},\"image\":{\"@id\":\"https:\/\/www.istitutogalanteoliva.it\/magazine\/2022\/01\/24\/italia-e-guerra-incivile\/#primaryimage\"},\"thumbnailUrl\":\"https:\/\/www.istitutogalanteoliva.it\/magazine\/wp-content\/uploads\/2022\/01\/Senza-titolo-1-3.jpg\",\"keywords\":[\"covid\",\"querra\",\"social\"],\"articleSection\":[\"2022\",\"In punta di penna\"],\"inLanguage\":\"it-IT\",\"potentialAction\":[{\"@type\":\"CommentAction\",\"name\":\"Comment\",\"target\":[\"https:\/\/www.istitutogalanteoliva.it\/magazine\/2022\/01\/24\/italia-e-guerra-incivile\/#respond\"]}]},{\"@type\":\"WebPage\",\"@id\":\"https:\/\/www.istitutogalanteoliva.it\/magazine\/2022\/01\/24\/italia-e-guerra-incivile\/\",\"url\":\"https:\/\/www.istitutogalanteoliva.it\/magazine\/2022\/01\/24\/italia-e-guerra-incivile\/\",\"name\":\"Italia: \u00e8 guerra (in)civile!!! - Polis SA Magazine\",\"isPartOf\":{\"@id\":\"https:\/\/www.istitutogalanteoliva.it\/magazine\/#website\"},\"primaryImageOfPage\":{\"@id\":\"https:\/\/www.istitutogalanteoliva.it\/magazine\/2022\/01\/24\/italia-e-guerra-incivile\/#primaryimage\"},\"image\":{\"@id\":\"https:\/\/www.istitutogalanteoliva.it\/magazine\/2022\/01\/24\/italia-e-guerra-incivile\/#primaryimage\"},\"thumbnailUrl\":\"https:\/\/www.istitutogalanteoliva.it\/magazine\/wp-content\/uploads\/2022\/01\/Senza-titolo-1-3.jpg\",\"datePublished\":\"2022-01-24T07:00:00+00:00\",\"dateModified\":\"2022-01-23T15:10:10+00:00\",\"breadcrumb\":{\"@id\":\"https:\/\/www.istitutogalanteoliva.it\/magazine\/2022\/01\/24\/italia-e-guerra-incivile\/#breadcrumb\"},\"inLanguage\":\"it-IT\",\"potentialAction\":[{\"@type\":\"ReadAction\",\"target\":[\"https:\/\/www.istitutogalanteoliva.it\/magazine\/2022\/01\/24\/italia-e-guerra-incivile\/\"]}]},{\"@type\":\"ImageObject\",\"inLanguage\":\"it-IT\",\"@id\":\"https:\/\/www.istitutogalanteoliva.it\/magazine\/2022\/01\/24\/italia-e-guerra-incivile\/#primaryimage\",\"url\":\"https:\/\/www.istitutogalanteoliva.it\/magazine\/wp-content\/uploads\/2022\/01\/Senza-titolo-1-3.jpg\",\"contentUrl\":\"https:\/\/www.istitutogalanteoliva.it\/magazine\/wp-content\/uploads\/2022\/01\/Senza-titolo-1-3.jpg\",\"width\":640,\"height\":380},{\"@type\":\"BreadcrumbList\",\"@id\":\"https:\/\/www.istitutogalanteoliva.it\/magazine\/2022\/01\/24\/italia-e-guerra-incivile\/#breadcrumb\",\"itemListElement\":[{\"@type\":\"ListItem\",\"position\":1,\"name\":\"Home\",\"item\":\"https:\/\/www.istitutogalanteoliva.it\/magazine\/\"},{\"@type\":\"ListItem\",\"position\":2,\"name\":\"Italia: \u00e8 guerra (in)civile!!!\"}]},{\"@type\":\"WebSite\",\"@id\":\"https:\/\/www.istitutogalanteoliva.it\/magazine\/#website\",\"url\":\"https:\/\/www.istitutogalanteoliva.it\/magazine\/\",\"name\":\"POLIS SA MAGAZINE\",\"description\":\"Informazione e approfondimenti\",\"publisher\":{\"@id\":\"https:\/\/www.istitutogalanteoliva.it\/magazine\/#organization\"},\"potentialAction\":[{\"@type\":\"SearchAction\",\"target\":{\"@type\":\"EntryPoint\",\"urlTemplate\":\"https:\/\/www.istitutogalanteoliva.it\/magazine\/?s={search_term_string}\"},\"query-input\":{\"@type\":\"PropertyValueSpecification\",\"valueRequired\":true,\"valueName\":\"search_term_string\"}}],\"inLanguage\":\"it-IT\"},{\"@type\":\"Organization\",\"@id\":\"https:\/\/www.istitutogalanteoliva.it\/magazine\/#organization\",\"name\":\"Polis SA Magazine\",\"url\":\"https:\/\/www.istitutogalanteoliva.it\/magazine\/\",\"logo\":{\"@type\":\"ImageObject\",\"inLanguage\":\"it-IT\",\"@id\":\"https:\/\/www.istitutogalanteoliva.it\/magazine\/#\/schema\/logo\/image\/\",\"url\":\"\",\"contentUrl\":\"\",\"caption\":\"Polis SA Magazine\"},\"image\":{\"@id\":\"https:\/\/www.istitutogalanteoliva.it\/magazine\/#\/schema\/logo\/image\/\"},\"sameAs\":[\"https:\/\/www.facebook.com\/PolisSAMagazine\/\",\"https:\/\/x.com\/MagazinePolis\",\"https:\/\/www.youtube.com\/channel\/UCv0Mr5AHKUmsc0sEEXkJrgw\"]},{\"@type\":\"Person\",\"@id\":\"https:\/\/www.istitutogalanteoliva.it\/magazine\/#\/schema\/person\/d8b8aa79cfe8babc1df9da3212a7c0c4\",\"name\":\"Antonello Rivano\",\"image\":{\"@type\":\"ImageObject\",\"inLanguage\":\"it-IT\",\"@id\":\"https:\/\/www.istitutogalanteoliva.it\/magazine\/#\/schema\/person\/image\/\",\"url\":\"https:\/\/secure.gravatar.com\/avatar\/517a9a6487a7a18ecc4ce6d2e57a8f40?s=96&d=mm&r=g\",\"contentUrl\":\"https:\/\/secure.gravatar.com\/avatar\/517a9a6487a7a18ecc4ce6d2e57a8f40?s=96&d=mm&r=g\",\"caption\":\"Antonello Rivano\"},\"url\":\"https:\/\/www.istitutogalanteoliva.it\/magazine\/author\/antonello\/\"}]}<\/script>\n<!-- \/ Yoast SEO plugin. -->","yoast_head_json":{"title":"Italia: \u00e8 guerra (in)civile!!! - Polis SA Magazine","robots":{"index":"index","follow":"follow","max-snippet":"max-snippet:-1","max-image-preview":"max-image-preview:large","max-video-preview":"max-video-preview:-1"},"canonical":"https:\/\/www.istitutogalanteoliva.it\/magazine\/2022\/01\/24\/italia-e-guerra-incivile\/","og_locale":"it_IT","og_type":"article","og_title":"Italia: \u00e8 guerra (in)civile!!! - Polis SA Magazine","og_description":"Sui Social oramai \u00e8 guerra dichiarata fra fronti opposti, Esistono colpe?","og_url":"https:\/\/www.istitutogalanteoliva.it\/magazine\/2022\/01\/24\/italia-e-guerra-incivile\/","og_site_name":"Polis SA Magazine","article_publisher":"https:\/\/www.facebook.com\/PolisSAMagazine\/","article_published_time":"2022-01-24T07:00:00+00:00","article_modified_time":"2022-01-23T15:10:10+00:00","og_image":[{"width":640,"height":380,"url":"https:\/\/www.istitutogalanteoliva.it\/magazine\/wp-content\/uploads\/2022\/01\/Senza-titolo-1-3.jpg","type":"image\/jpeg"}],"author":"Antonello Rivano","twitter_card":"summary_large_image","twitter_creator":"@MagazinePolis","twitter_site":"@MagazinePolis","twitter_misc":{"Scritto da":"Antonello Rivano","Tempo di lettura stimato":"4 minuti"},"schema":{"@context":"https:\/\/schema.org","@graph":[{"@type":"Article","@id":"https:\/\/www.istitutogalanteoliva.it\/magazine\/2022\/01\/24\/italia-e-guerra-incivile\/#article","isPartOf":{"@id":"https:\/\/www.istitutogalanteoliva.it\/magazine\/2022\/01\/24\/italia-e-guerra-incivile\/"},"author":{"name":"Antonello Rivano","@id":"https:\/\/www.istitutogalanteoliva.it\/magazine\/#\/schema\/person\/d8b8aa79cfe8babc1df9da3212a7c0c4"},"headline":"Italia: \u00e8 guerra (in)civile!!!","datePublished":"2022-01-24T07:00:00+00:00","dateModified":"2022-01-23T15:10:10+00:00","mainEntityOfPage":{"@id":"https:\/\/www.istitutogalanteoliva.it\/magazine\/2022\/01\/24\/italia-e-guerra-incivile\/"},"wordCount":589,"commentCount":0,"publisher":{"@id":"https:\/\/www.istitutogalanteoliva.it\/magazine\/#organization"},"image":{"@id":"https:\/\/www.istitutogalanteoliva.it\/magazine\/2022\/01\/24\/italia-e-guerra-incivile\/#primaryimage"},"thumbnailUrl":"https:\/\/www.istitutogalanteoliva.it\/magazine\/wp-content\/uploads\/2022\/01\/Senza-titolo-1-3.jpg","keywords":["covid","querra","social"],"articleSection":["2022","In punta di penna"],"inLanguage":"it-IT","potentialAction":[{"@type":"CommentAction","name":"Comment","target":["https:\/\/www.istitutogalanteoliva.it\/magazine\/2022\/01\/24\/italia-e-guerra-incivile\/#respond"]}]},{"@type":"WebPage","@id":"https:\/\/www.istitutogalanteoliva.it\/magazine\/2022\/01\/24\/italia-e-guerra-incivile\/","url":"https:\/\/www.istitutogalanteoliva.it\/magazine\/2022\/01\/24\/italia-e-guerra-incivile\/","name":"Italia: \u00e8 guerra (in)civile!!! - Polis SA Magazine","isPartOf":{"@id":"https:\/\/www.istitutogalanteoliva.it\/magazine\/#website"},"primaryImageOfPage":{"@id":"https:\/\/www.istitutogalanteoliva.it\/magazine\/2022\/01\/24\/italia-e-guerra-incivile\/#primaryimage"},"image":{"@id":"https:\/\/www.istitutogalanteoliva.it\/magazine\/2022\/01\/24\/italia-e-guerra-incivile\/#primaryimage"},"thumbnailUrl":"https:\/\/www.istitutogalanteoliva.it\/magazine\/wp-content\/uploads\/2022\/01\/Senza-titolo-1-3.jpg","datePublished":"2022-01-24T07:00:00+00:00","dateModified":"2022-01-23T15:10:10+00:00","breadcrumb":{"@id":"https:\/\/www.istitutogalanteoliva.it\/magazine\/2022\/01\/24\/italia-e-guerra-incivile\/#breadcrumb"},"inLanguage":"it-IT","potentialAction":[{"@type":"ReadAction","target":["https:\/\/www.istitutogalanteoliva.it\/magazine\/2022\/01\/24\/italia-e-guerra-incivile\/"]}]},{"@type":"ImageObject","inLanguage":"it-IT","@id":"https:\/\/www.istitutogalanteoliva.it\/magazine\/2022\/01\/24\/italia-e-guerra-incivile\/#primaryimage","url":"https:\/\/www.istitutogalanteoliva.it\/magazine\/wp-content\/uploads\/2022\/01\/Senza-titolo-1-3.jpg","contentUrl":"https:\/\/www.istitutogalanteoliva.it\/magazine\/wp-content\/uploads\/2022\/01\/Senza-titolo-1-3.jpg","width":640,"height":380},{"@type":"BreadcrumbList","@id":"https:\/\/www.istitutogalanteoliva.it\/magazine\/2022\/01\/24\/italia-e-guerra-incivile\/#breadcrumb","itemListElement":[{"@type":"ListItem","position":1,"name":"Home","item":"https:\/\/www.istitutogalanteoliva.it\/magazine\/"},{"@type":"ListItem","position":2,"name":"Italia: \u00e8 guerra (in)civile!!!"}]},{"@type":"WebSite","@id":"https:\/\/www.istitutogalanteoliva.it\/magazine\/#website","url":"https:\/\/www.istitutogalanteoliva.it\/magazine\/","name":"POLIS SA MAGAZINE","description":"Informazione e approfondimenti","publisher":{"@id":"https:\/\/www.istitutogalanteoliva.it\/magazine\/#organization"},"potentialAction":[{"@type":"SearchAction","target":{"@type":"EntryPoint","urlTemplate":"https:\/\/www.istitutogalanteoliva.it\/magazine\/?s={search_term_string}"},"query-input":{"@type":"PropertyValueSpecification","valueRequired":true,"valueName":"search_term_string"}}],"inLanguage":"it-IT"},{"@type":"Organization","@id":"https:\/\/www.istitutogalanteoliva.it\/magazine\/#organization","name":"Polis SA Magazine","url":"https:\/\/www.istitutogalanteoliva.it\/magazine\/","logo":{"@type":"ImageObject","inLanguage":"it-IT","@id":"https:\/\/www.istitutogalanteoliva.it\/magazine\/#\/schema\/logo\/image\/","url":"","contentUrl":"","caption":"Polis SA Magazine"},"image":{"@id":"https:\/\/www.istitutogalanteoliva.it\/magazine\/#\/schema\/logo\/image\/"},"sameAs":["https:\/\/www.facebook.com\/PolisSAMagazine\/","https:\/\/x.com\/MagazinePolis","https:\/\/www.youtube.com\/channel\/UCv0Mr5AHKUmsc0sEEXkJrgw"]},{"@type":"Person","@id":"https:\/\/www.istitutogalanteoliva.it\/magazine\/#\/schema\/person\/d8b8aa79cfe8babc1df9da3212a7c0c4","name":"Antonello Rivano","image":{"@type":"ImageObject","inLanguage":"it-IT","@id":"https:\/\/www.istitutogalanteoliva.it\/magazine\/#\/schema\/person\/image\/","url":"https:\/\/secure.gravatar.com\/avatar\/517a9a6487a7a18ecc4ce6d2e57a8f40?s=96&d=mm&r=g","contentUrl":"https:\/\/secure.gravatar.com\/avatar\/517a9a6487a7a18ecc4ce6d2e57a8f40?s=96&d=mm&r=g","caption":"Antonello Rivano"},"url":"https:\/\/www.istitutogalanteoliva.it\/magazine\/author\/antonello\/"}]}},"_links":{"self":[{"href":"https:\/\/www.istitutogalanteoliva.it\/magazine\/wp-json\/wp\/v2\/posts\/11529","targetHints":{"allow":["GET"]}}],"collection":[{"href":"https:\/\/www.istitutogalanteoliva.it\/magazine\/wp-json\/wp\/v2\/posts"}],"about":[{"href":"https:\/\/www.istitutogalanteoliva.it\/magazine\/wp-json\/wp\/v2\/types\/post"}],"author":[{"embeddable":true,"href":"https:\/\/www.istitutogalanteoliva.it\/magazine\/wp-json\/wp\/v2\/users\/2"}],"replies":[{"embeddable":true,"href":"https:\/\/www.istitutogalanteoliva.it\/magazine\/wp-json\/wp\/v2\/comments?post=11529"}],"version-history":[{"count":2,"href":"https:\/\/www.istitutogalanteoliva.it\/magazine\/wp-json\/wp\/v2\/posts\/11529\/revisions"}],"predecessor-version":[{"id":11533,"href":"https:\/\/www.istitutogalanteoliva.it\/magazine\/wp-json\/wp\/v2\/posts\/11529\/revisions\/11533"}],"wp:featuredmedia":[{"embeddable":true,"href":"https:\/\/www.istitutogalanteoliva.it\/magazine\/wp-json\/wp\/v2\/media\/11531"}],"wp:attachment":[{"href":"https:\/\/www.istitutogalanteoliva.it\/magazine\/wp-json\/wp\/v2\/media?parent=11529"}],"wp:term":[{"taxonomy":"category","embeddable":true,"href":"https:\/\/www.istitutogalanteoliva.it\/magazine\/wp-json\/wp\/v2\/categories?post=11529"},{"taxonomy":"post_tag","embeddable":true,"href":"https:\/\/www.istitutogalanteoliva.it\/magazine\/wp-json\/wp\/v2\/tags?post=11529"}],"curies":[{"name":"wp","href":"https:\/\/api.w.org\/{rel}","templated":true}]}}