{"id":11546,"date":"2022-01-27T08:08:00","date_gmt":"2022-01-27T07:08:00","guid":{"rendered":"https:\/\/www.istitutogalanteoliva.it\/magazine\/?p=11546"},"modified":"2022-01-27T09:00:36","modified_gmt":"2022-01-27T08:00:36","slug":"giorgio-perlasca-litaliano-che-salvo-oltre-cinquemila-ebrei-2","status":"publish","type":"post","link":"https:\/\/www.istitutogalanteoliva.it\/magazine\/2022\/01\/27\/giorgio-perlasca-litaliano-che-salvo-oltre-cinquemila-ebrei-2\/","title":{"rendered":"Giorgio Perlasca: l\u2019italiano che salvo\u0300 oltre cinquemila ebrei"},"content":{"rendered":"\n<p>[di Sante Biello]<br>Il XX secolo \u00e8 stato segnato da atroci vicende umane che hanno messo in evidenza il lato pi\u00f9 oscuro dell\u2019uomo. Difficile sapere con precisione i milioni di morti e feriti provocati da guerre, terrorismi e pulizie etniche per motivi ideologici, economici e religiosi.<\/p>\n\n\n\n<p>Ma in questo scenario, tante sono state le persone che hanno rischiato la propria vita pur di salvare uomini, donne e bambini dalla follia ideologica.<\/p>\n\n\n\n<p>Tra questi ricordiamo Giorgio Perlasca, un eroe italiano che salv\u00f2 oltre cinquemila ebrei ungheresi dall\u2019Olocausto, il genocidio perpetrato dalla Germania nazista e dai suoi alleati tra il 1939 e il 1945 nei confronti degli ebrei di tutta Europa.<\/p>\n\n\n\n<p>Perlasca nacque a Como nel 1910, ma dopo qualche mese, per motivi di lavoro del padre, la famiglia si trasfer\u00ec a Maser\u00e0 in provincia di Padova. Negli anni Venti ader\u00ec al partito fascista ma gi\u00e0 negli anni Trenta, di ritorno dalla Spagna dove aveva combattuto in un reggimento di artiglieria al fianco del generale Franco, si allontan\u00f2 dal fascismo per due motivi: l\u2019alleanza dell\u2019Italia con la Germania nazista e le leggi razziali emanate da Mussolini, entrate in vigore nel 1938.<\/p>\n\n\n\n<p>Durante la seconda guerra mondiale gli fu assegnato il compito di comprare carne per l\u2019Esercito Italiano con lo&nbsp;<em>status&nbsp;<\/em>di diplomatico. Quando i tedeschi occuparono Budapest, Perlasca trov\u00f2 rifugio presso l\u2019ambasciata spagnola e grazie a una serie di circostanze e di stratagemmi, si finse un diplomatico spagnolo facendosi chiamare Jorge Perlasca. \u00c8 proprio tra l\u2019inverno del 1944-1945 che Perlasca riesce a salvare oltre cinquemila ungheresi di religione ebraica grazie a dei salvacondotti firmati di suo pugno. Non solo, ma grazie alla sua automobile diplomatica con bandiere spagnole, Perlasca riusc\u00ec a trarre in salvo anche molti bambini ebrei che trovava per strada. Franco Perlasca, il figlio di Giorgio, in un\u2019intervista rilasciata qualche tempo fa disse: \u00abL\u2019unico rammarico di mio padre \u00e8 questo: prima che partisse il treno, andava a chiedere di poter prendere qualche ebreo, solo che ne poteva prendere solo uno, gli altri andavano automaticamente a morire\u00bb.<\/p>\n\n\n\n<p>Tanti furono gli aneddoti intorno alla vita di Perlasca, impossibile riportarli tutti; ma \u00e8 utile mettere in evidenza un aspetto importante: quando ormai i tedeschi cominciarono a ritirarsi di fronte all\u2019avanzata dell\u2019Armata russa, dopo un lungo e avventuroso viaggio per i Balcani e la Turchia, Perlasca torna in Italia ma non parl\u00f2 mai con nessuno della sua storia di coraggio e altruismo, nemmeno con la sua famiglia; solo negli anni ottanta, grazie alle testimonianze di alcune donne ebree ungheresi salvate dalla \u201csoluzione finale\u201d, emerse la figura di Giorgio Perlasca. In seguito sar\u00e0 lo stesso Perlasca che racconter\u00e0 la sua incredibile storia incontrando e sensibilizzando le nuove generazioni.<\/p>\n\n\n\n<p>Tra le numerose onorificenze, nel 1989, a Gerusalemme, Perlasca ottenne il titolo \u201cGiusti tra le Nazioni\u201d, un riconoscimento mondiale che veniva assegnato ai non ebrei che rischiarono le loro vite per salvare gli ebrei durante la Shoah.<\/p>\n\n\n\n<p>Giorgio Perlasca muore nel 1992 ed \u00e8 sepolto nel cimitero di Maser\u00e0, a pochi chilometri da Padova. Tra i vari libri, mostre e documenti che ripercorrono la sua straordinaria vita, il 28 e 29 gennaio 2002, in concomitanza con il giorno della memoria, Rai1 trasmise il film \u201cPerlasca. Un eroe italiano\u201d con l\u2019attore Luca Zingaretti. Il film ottenne un grande successo e fu proiettato in molti Paesi europei, in Israele, Canada e Stati Uniti.<\/p>\n\n\n\n<p>Joseph Campbell diceva che \u00abUn eroe \u00e8 un normale essere umano che fa la migliore delle cose nella peggiore delle circostanze\u00bb e Giorgio Perlasca sar\u00e0 ricordato proprio per questo, salv\u00f2 dai campi di sterminio 5218 persone.<br>(2017)<\/p>\n\n\n\n<p><img loading=\"lazy\" decoding=\"async\" width=\"100\" height=\"100\" class=\"wp-image-9403\" style=\"width: 100px;\" src=\"https:\/\/www.istitutogalanteoliva.it\/magazine\/wp-content\/uploads\/2021\/09\/Sante-Biello.png\" alt=\"\" srcset=\"https:\/\/www.istitutogalanteoliva.it\/magazine\/wp-content\/uploads\/2021\/09\/Sante-Biello.png 201w, https:\/\/www.istitutogalanteoliva.it\/magazine\/wp-content\/uploads\/2021\/09\/Sante-Biello-150x150.png 150w\" sizes=\"auto, (max-width: 100px) 100vw, 100px\" \/><strong><em><a href=\"https:\/\/www.istitutogalanteoliva.it\/magazine\/?s=Biello\" target=\"_blank\" rel=\"noreferrer noopener\">Giorgio Perlasca: l\u2019italiano che salv\u00f2 oltre cinquemila ebrei<\/a><\/em><\/strong><\/p>\n\n\n\n<p><\/p>\n<div class=\"pdfprnt-buttons pdfprnt-buttons-post pdfprnt-bottom-left\"><a href=\"https:\/\/www.istitutogalanteoliva.it\/magazine\/wp-json\/wp\/v2\/posts\/11546?print=print\" class=\"pdfprnt-button pdfprnt-button-print\" target=\"_blank\"><img decoding=\"async\" src=\"https:\/\/www.istitutogalanteoliva.it\/magazine\/wp-content\/plugins\/pdf-print\/images\/print.png\" alt=\"image_print\" title=\"Stampa contenuto\" \/><span class=\"pdfprnt-button-title pdfprnt-button-print-title\">Download in PDF<\/span><\/a><\/div>","protected":false},"excerpt":{"rendered":"<p>Ricordiamo Giorgio Perlasca, un eroe italiano che salv\u00f2 oltre cinquemila ebrei ungheresi dall\u2019Olocausto, il genocidio perpetrato dalla Germania nazista e dai suoi alleati tra il 1939 e il 1945 nei confronti degli ebrei di tutta Europa.<\/p>\n","protected":false},"author":2,"featured_media":11547,"comment_status":"open","ping_status":"open","sticky":true,"template":"","format":"standard","meta":{"footnotes":""},"categories":[577,21],"tags":[],"class_list":["post-11546","post","type-post","status-publish","format-standard","has-post-thumbnail","hentry","category-577","category-personaggi"],"yoast_head":"<!-- This site is optimized with the Yoast SEO plugin v24.2 - https:\/\/yoast.com\/wordpress\/plugins\/seo\/ -->\n<title>Giorgio Perlasca: l\u2019italiano che salvo\u0300 oltre cinquemila ebrei - Polis SA Magazine<\/title>\n<meta name=\"robots\" content=\"index, follow, max-snippet:-1, max-image-preview:large, max-video-preview:-1\" \/>\n<link rel=\"canonical\" href=\"https:\/\/www.istitutogalanteoliva.it\/magazine\/2022\/01\/27\/giorgio-perlasca-litaliano-che-salvo-oltre-cinquemila-ebrei-2\/\" \/>\n<meta property=\"og:locale\" content=\"it_IT\" \/>\n<meta property=\"og:type\" content=\"article\" \/>\n<meta property=\"og:title\" content=\"Giorgio Perlasca: l\u2019italiano che salvo\u0300 oltre cinquemila ebrei - Polis SA Magazine\" \/>\n<meta property=\"og:description\" content=\"Ricordiamo Giorgio Perlasca, un eroe italiano che salv\u00f2 oltre cinquemila ebrei ungheresi dall\u2019Olocausto, il genocidio perpetrato dalla Germania nazista e dai suoi alleati tra il 1939 e il 1945 nei confronti degli ebrei di tutta Europa.\" \/>\n<meta property=\"og:url\" content=\"https:\/\/www.istitutogalanteoliva.it\/magazine\/2022\/01\/27\/giorgio-perlasca-litaliano-che-salvo-oltre-cinquemila-ebrei-2\/\" \/>\n<meta property=\"og:site_name\" content=\"Polis SA Magazine\" \/>\n<meta property=\"article:publisher\" content=\"https:\/\/www.facebook.com\/PolisSAMagazine\/\" \/>\n<meta property=\"article:published_time\" content=\"2022-01-27T07:08:00+00:00\" \/>\n<meta property=\"article:modified_time\" content=\"2022-01-27T08:00:36+00:00\" \/>\n<meta property=\"og:image\" content=\"https:\/\/www.istitutogalanteoliva.it\/magazine\/wp-content\/uploads\/2022\/01\/giorgio-perlasca.jpeg\" \/>\n\t<meta property=\"og:image:width\" content=\"297\" \/>\n\t<meta property=\"og:image:height\" content=\"169\" \/>\n\t<meta property=\"og:image:type\" content=\"image\/jpeg\" \/>\n<meta name=\"author\" content=\"Antonello Rivano\" \/>\n<meta name=\"twitter:card\" content=\"summary_large_image\" \/>\n<meta name=\"twitter:creator\" content=\"@MagazinePolis\" \/>\n<meta name=\"twitter:site\" content=\"@MagazinePolis\" \/>\n<meta name=\"twitter:label1\" content=\"Scritto da\" \/>\n\t<meta name=\"twitter:data1\" content=\"Antonello Rivano\" \/>\n\t<meta name=\"twitter:label2\" content=\"Tempo di lettura stimato\" \/>\n\t<meta name=\"twitter:data2\" content=\"4 minuti\" \/>\n<script type=\"application\/ld+json\" class=\"yoast-schema-graph\">{\"@context\":\"https:\/\/schema.org\",\"@graph\":[{\"@type\":\"Article\",\"@id\":\"https:\/\/www.istitutogalanteoliva.it\/magazine\/2022\/01\/27\/giorgio-perlasca-litaliano-che-salvo-oltre-cinquemila-ebrei-2\/#article\",\"isPartOf\":{\"@id\":\"https:\/\/www.istitutogalanteoliva.it\/magazine\/2022\/01\/27\/giorgio-perlasca-litaliano-che-salvo-oltre-cinquemila-ebrei-2\/\"},\"author\":{\"name\":\"Antonello Rivano\",\"@id\":\"https:\/\/www.istitutogalanteoliva.it\/magazine\/#\/schema\/person\/d8b8aa79cfe8babc1df9da3212a7c0c4\"},\"headline\":\"Giorgio Perlasca: l\u2019italiano che salvo\u0300 oltre cinquemila ebrei\",\"datePublished\":\"2022-01-27T07:08:00+00:00\",\"dateModified\":\"2022-01-27T08:00:36+00:00\",\"mainEntityOfPage\":{\"@id\":\"https:\/\/www.istitutogalanteoliva.it\/magazine\/2022\/01\/27\/giorgio-perlasca-litaliano-che-salvo-oltre-cinquemila-ebrei-2\/\"},\"wordCount\":597,\"commentCount\":0,\"publisher\":{\"@id\":\"https:\/\/www.istitutogalanteoliva.it\/magazine\/#organization\"},\"image\":{\"@id\":\"https:\/\/www.istitutogalanteoliva.it\/magazine\/2022\/01\/27\/giorgio-perlasca-litaliano-che-salvo-oltre-cinquemila-ebrei-2\/#primaryimage\"},\"thumbnailUrl\":\"https:\/\/www.istitutogalanteoliva.it\/magazine\/wp-content\/uploads\/2022\/01\/giorgio-perlasca.jpeg\",\"articleSection\":[\"2022\",\"Personaggi\"],\"inLanguage\":\"it-IT\",\"potentialAction\":[{\"@type\":\"CommentAction\",\"name\":\"Comment\",\"target\":[\"https:\/\/www.istitutogalanteoliva.it\/magazine\/2022\/01\/27\/giorgio-perlasca-litaliano-che-salvo-oltre-cinquemila-ebrei-2\/#respond\"]}]},{\"@type\":\"WebPage\",\"@id\":\"https:\/\/www.istitutogalanteoliva.it\/magazine\/2022\/01\/27\/giorgio-perlasca-litaliano-che-salvo-oltre-cinquemila-ebrei-2\/\",\"url\":\"https:\/\/www.istitutogalanteoliva.it\/magazine\/2022\/01\/27\/giorgio-perlasca-litaliano-che-salvo-oltre-cinquemila-ebrei-2\/\",\"name\":\"Giorgio Perlasca: l\u2019italiano che salvo\u0300 oltre cinquemila ebrei - Polis SA Magazine\",\"isPartOf\":{\"@id\":\"https:\/\/www.istitutogalanteoliva.it\/magazine\/#website\"},\"primaryImageOfPage\":{\"@id\":\"https:\/\/www.istitutogalanteoliva.it\/magazine\/2022\/01\/27\/giorgio-perlasca-litaliano-che-salvo-oltre-cinquemila-ebrei-2\/#primaryimage\"},\"image\":{\"@id\":\"https:\/\/www.istitutogalanteoliva.it\/magazine\/2022\/01\/27\/giorgio-perlasca-litaliano-che-salvo-oltre-cinquemila-ebrei-2\/#primaryimage\"},\"thumbnailUrl\":\"https:\/\/www.istitutogalanteoliva.it\/magazine\/wp-content\/uploads\/2022\/01\/giorgio-perlasca.jpeg\",\"datePublished\":\"2022-01-27T07:08:00+00:00\",\"dateModified\":\"2022-01-27T08:00:36+00:00\",\"breadcrumb\":{\"@id\":\"https:\/\/www.istitutogalanteoliva.it\/magazine\/2022\/01\/27\/giorgio-perlasca-litaliano-che-salvo-oltre-cinquemila-ebrei-2\/#breadcrumb\"},\"inLanguage\":\"it-IT\",\"potentialAction\":[{\"@type\":\"ReadAction\",\"target\":[\"https:\/\/www.istitutogalanteoliva.it\/magazine\/2022\/01\/27\/giorgio-perlasca-litaliano-che-salvo-oltre-cinquemila-ebrei-2\/\"]}]},{\"@type\":\"ImageObject\",\"inLanguage\":\"it-IT\",\"@id\":\"https:\/\/www.istitutogalanteoliva.it\/magazine\/2022\/01\/27\/giorgio-perlasca-litaliano-che-salvo-oltre-cinquemila-ebrei-2\/#primaryimage\",\"url\":\"https:\/\/www.istitutogalanteoliva.it\/magazine\/wp-content\/uploads\/2022\/01\/giorgio-perlasca.jpeg\",\"contentUrl\":\"https:\/\/www.istitutogalanteoliva.it\/magazine\/wp-content\/uploads\/2022\/01\/giorgio-perlasca.jpeg\",\"width\":297,\"height\":169,\"caption\":\"Giorgio Perlasca: l\u2019italiano che salvo\u0300 oltre cinquemila ebrei\"},{\"@type\":\"BreadcrumbList\",\"@id\":\"https:\/\/www.istitutogalanteoliva.it\/magazine\/2022\/01\/27\/giorgio-perlasca-litaliano-che-salvo-oltre-cinquemila-ebrei-2\/#breadcrumb\",\"itemListElement\":[{\"@type\":\"ListItem\",\"position\":1,\"name\":\"Home\",\"item\":\"https:\/\/www.istitutogalanteoliva.it\/magazine\/\"},{\"@type\":\"ListItem\",\"position\":2,\"name\":\"Giorgio Perlasca: l\u2019italiano che salvo\u0300 oltre cinquemila ebrei\"}]},{\"@type\":\"WebSite\",\"@id\":\"https:\/\/www.istitutogalanteoliva.it\/magazine\/#website\",\"url\":\"https:\/\/www.istitutogalanteoliva.it\/magazine\/\",\"name\":\"POLIS SA MAGAZINE\",\"description\":\"Informazione e approfondimenti\",\"publisher\":{\"@id\":\"https:\/\/www.istitutogalanteoliva.it\/magazine\/#organization\"},\"potentialAction\":[{\"@type\":\"SearchAction\",\"target\":{\"@type\":\"EntryPoint\",\"urlTemplate\":\"https:\/\/www.istitutogalanteoliva.it\/magazine\/?s={search_term_string}\"},\"query-input\":{\"@type\":\"PropertyValueSpecification\",\"valueRequired\":true,\"valueName\":\"search_term_string\"}}],\"inLanguage\":\"it-IT\"},{\"@type\":\"Organization\",\"@id\":\"https:\/\/www.istitutogalanteoliva.it\/magazine\/#organization\",\"name\":\"Polis SA Magazine\",\"url\":\"https:\/\/www.istitutogalanteoliva.it\/magazine\/\",\"logo\":{\"@type\":\"ImageObject\",\"inLanguage\":\"it-IT\",\"@id\":\"https:\/\/www.istitutogalanteoliva.it\/magazine\/#\/schema\/logo\/image\/\",\"url\":\"\",\"contentUrl\":\"\",\"caption\":\"Polis SA Magazine\"},\"image\":{\"@id\":\"https:\/\/www.istitutogalanteoliva.it\/magazine\/#\/schema\/logo\/image\/\"},\"sameAs\":[\"https:\/\/www.facebook.com\/PolisSAMagazine\/\",\"https:\/\/x.com\/MagazinePolis\",\"https:\/\/www.youtube.com\/channel\/UCv0Mr5AHKUmsc0sEEXkJrgw\"]},{\"@type\":\"Person\",\"@id\":\"https:\/\/www.istitutogalanteoliva.it\/magazine\/#\/schema\/person\/d8b8aa79cfe8babc1df9da3212a7c0c4\",\"name\":\"Antonello Rivano\",\"image\":{\"@type\":\"ImageObject\",\"inLanguage\":\"it-IT\",\"@id\":\"https:\/\/www.istitutogalanteoliva.it\/magazine\/#\/schema\/person\/image\/\",\"url\":\"https:\/\/secure.gravatar.com\/avatar\/517a9a6487a7a18ecc4ce6d2e57a8f40?s=96&d=mm&r=g\",\"contentUrl\":\"https:\/\/secure.gravatar.com\/avatar\/517a9a6487a7a18ecc4ce6d2e57a8f40?s=96&d=mm&r=g\",\"caption\":\"Antonello Rivano\"},\"url\":\"https:\/\/www.istitutogalanteoliva.it\/magazine\/author\/antonello\/\"}]}<\/script>\n<!-- \/ Yoast SEO plugin. -->","yoast_head_json":{"title":"Giorgio Perlasca: l\u2019italiano che salvo\u0300 oltre cinquemila ebrei - Polis SA Magazine","robots":{"index":"index","follow":"follow","max-snippet":"max-snippet:-1","max-image-preview":"max-image-preview:large","max-video-preview":"max-video-preview:-1"},"canonical":"https:\/\/www.istitutogalanteoliva.it\/magazine\/2022\/01\/27\/giorgio-perlasca-litaliano-che-salvo-oltre-cinquemila-ebrei-2\/","og_locale":"it_IT","og_type":"article","og_title":"Giorgio Perlasca: l\u2019italiano che salvo\u0300 oltre cinquemila ebrei - Polis SA Magazine","og_description":"Ricordiamo Giorgio Perlasca, un eroe italiano che salv\u00f2 oltre cinquemila ebrei ungheresi dall\u2019Olocausto, il genocidio perpetrato dalla Germania nazista e dai suoi alleati tra il 1939 e il 1945 nei confronti degli ebrei di tutta Europa.","og_url":"https:\/\/www.istitutogalanteoliva.it\/magazine\/2022\/01\/27\/giorgio-perlasca-litaliano-che-salvo-oltre-cinquemila-ebrei-2\/","og_site_name":"Polis SA Magazine","article_publisher":"https:\/\/www.facebook.com\/PolisSAMagazine\/","article_published_time":"2022-01-27T07:08:00+00:00","article_modified_time":"2022-01-27T08:00:36+00:00","og_image":[{"width":297,"height":169,"url":"https:\/\/www.istitutogalanteoliva.it\/magazine\/wp-content\/uploads\/2022\/01\/giorgio-perlasca.jpeg","type":"image\/jpeg"}],"author":"Antonello Rivano","twitter_card":"summary_large_image","twitter_creator":"@MagazinePolis","twitter_site":"@MagazinePolis","twitter_misc":{"Scritto da":"Antonello Rivano","Tempo di lettura stimato":"4 minuti"},"schema":{"@context":"https:\/\/schema.org","@graph":[{"@type":"Article","@id":"https:\/\/www.istitutogalanteoliva.it\/magazine\/2022\/01\/27\/giorgio-perlasca-litaliano-che-salvo-oltre-cinquemila-ebrei-2\/#article","isPartOf":{"@id":"https:\/\/www.istitutogalanteoliva.it\/magazine\/2022\/01\/27\/giorgio-perlasca-litaliano-che-salvo-oltre-cinquemila-ebrei-2\/"},"author":{"name":"Antonello Rivano","@id":"https:\/\/www.istitutogalanteoliva.it\/magazine\/#\/schema\/person\/d8b8aa79cfe8babc1df9da3212a7c0c4"},"headline":"Giorgio Perlasca: l\u2019italiano che salvo\u0300 oltre cinquemila ebrei","datePublished":"2022-01-27T07:08:00+00:00","dateModified":"2022-01-27T08:00:36+00:00","mainEntityOfPage":{"@id":"https:\/\/www.istitutogalanteoliva.it\/magazine\/2022\/01\/27\/giorgio-perlasca-litaliano-che-salvo-oltre-cinquemila-ebrei-2\/"},"wordCount":597,"commentCount":0,"publisher":{"@id":"https:\/\/www.istitutogalanteoliva.it\/magazine\/#organization"},"image":{"@id":"https:\/\/www.istitutogalanteoliva.it\/magazine\/2022\/01\/27\/giorgio-perlasca-litaliano-che-salvo-oltre-cinquemila-ebrei-2\/#primaryimage"},"thumbnailUrl":"https:\/\/www.istitutogalanteoliva.it\/magazine\/wp-content\/uploads\/2022\/01\/giorgio-perlasca.jpeg","articleSection":["2022","Personaggi"],"inLanguage":"it-IT","potentialAction":[{"@type":"CommentAction","name":"Comment","target":["https:\/\/www.istitutogalanteoliva.it\/magazine\/2022\/01\/27\/giorgio-perlasca-litaliano-che-salvo-oltre-cinquemila-ebrei-2\/#respond"]}]},{"@type":"WebPage","@id":"https:\/\/www.istitutogalanteoliva.it\/magazine\/2022\/01\/27\/giorgio-perlasca-litaliano-che-salvo-oltre-cinquemila-ebrei-2\/","url":"https:\/\/www.istitutogalanteoliva.it\/magazine\/2022\/01\/27\/giorgio-perlasca-litaliano-che-salvo-oltre-cinquemila-ebrei-2\/","name":"Giorgio Perlasca: l\u2019italiano che salvo\u0300 oltre cinquemila ebrei - Polis SA Magazine","isPartOf":{"@id":"https:\/\/www.istitutogalanteoliva.it\/magazine\/#website"},"primaryImageOfPage":{"@id":"https:\/\/www.istitutogalanteoliva.it\/magazine\/2022\/01\/27\/giorgio-perlasca-litaliano-che-salvo-oltre-cinquemila-ebrei-2\/#primaryimage"},"image":{"@id":"https:\/\/www.istitutogalanteoliva.it\/magazine\/2022\/01\/27\/giorgio-perlasca-litaliano-che-salvo-oltre-cinquemila-ebrei-2\/#primaryimage"},"thumbnailUrl":"https:\/\/www.istitutogalanteoliva.it\/magazine\/wp-content\/uploads\/2022\/01\/giorgio-perlasca.jpeg","datePublished":"2022-01-27T07:08:00+00:00","dateModified":"2022-01-27T08:00:36+00:00","breadcrumb":{"@id":"https:\/\/www.istitutogalanteoliva.it\/magazine\/2022\/01\/27\/giorgio-perlasca-litaliano-che-salvo-oltre-cinquemila-ebrei-2\/#breadcrumb"},"inLanguage":"it-IT","potentialAction":[{"@type":"ReadAction","target":["https:\/\/www.istitutogalanteoliva.it\/magazine\/2022\/01\/27\/giorgio-perlasca-litaliano-che-salvo-oltre-cinquemila-ebrei-2\/"]}]},{"@type":"ImageObject","inLanguage":"it-IT","@id":"https:\/\/www.istitutogalanteoliva.it\/magazine\/2022\/01\/27\/giorgio-perlasca-litaliano-che-salvo-oltre-cinquemila-ebrei-2\/#primaryimage","url":"https:\/\/www.istitutogalanteoliva.it\/magazine\/wp-content\/uploads\/2022\/01\/giorgio-perlasca.jpeg","contentUrl":"https:\/\/www.istitutogalanteoliva.it\/magazine\/wp-content\/uploads\/2022\/01\/giorgio-perlasca.jpeg","width":297,"height":169,"caption":"Giorgio Perlasca: l\u2019italiano che salvo\u0300 oltre cinquemila ebrei"},{"@type":"BreadcrumbList","@id":"https:\/\/www.istitutogalanteoliva.it\/magazine\/2022\/01\/27\/giorgio-perlasca-litaliano-che-salvo-oltre-cinquemila-ebrei-2\/#breadcrumb","itemListElement":[{"@type":"ListItem","position":1,"name":"Home","item":"https:\/\/www.istitutogalanteoliva.it\/magazine\/"},{"@type":"ListItem","position":2,"name":"Giorgio Perlasca: l\u2019italiano che salvo\u0300 oltre cinquemila ebrei"}]},{"@type":"WebSite","@id":"https:\/\/www.istitutogalanteoliva.it\/magazine\/#website","url":"https:\/\/www.istitutogalanteoliva.it\/magazine\/","name":"POLIS SA MAGAZINE","description":"Informazione e approfondimenti","publisher":{"@id":"https:\/\/www.istitutogalanteoliva.it\/magazine\/#organization"},"potentialAction":[{"@type":"SearchAction","target":{"@type":"EntryPoint","urlTemplate":"https:\/\/www.istitutogalanteoliva.it\/magazine\/?s={search_term_string}"},"query-input":{"@type":"PropertyValueSpecification","valueRequired":true,"valueName":"search_term_string"}}],"inLanguage":"it-IT"},{"@type":"Organization","@id":"https:\/\/www.istitutogalanteoliva.it\/magazine\/#organization","name":"Polis SA Magazine","url":"https:\/\/www.istitutogalanteoliva.it\/magazine\/","logo":{"@type":"ImageObject","inLanguage":"it-IT","@id":"https:\/\/www.istitutogalanteoliva.it\/magazine\/#\/schema\/logo\/image\/","url":"","contentUrl":"","caption":"Polis SA Magazine"},"image":{"@id":"https:\/\/www.istitutogalanteoliva.it\/magazine\/#\/schema\/logo\/image\/"},"sameAs":["https:\/\/www.facebook.com\/PolisSAMagazine\/","https:\/\/x.com\/MagazinePolis","https:\/\/www.youtube.com\/channel\/UCv0Mr5AHKUmsc0sEEXkJrgw"]},{"@type":"Person","@id":"https:\/\/www.istitutogalanteoliva.it\/magazine\/#\/schema\/person\/d8b8aa79cfe8babc1df9da3212a7c0c4","name":"Antonello Rivano","image":{"@type":"ImageObject","inLanguage":"it-IT","@id":"https:\/\/www.istitutogalanteoliva.it\/magazine\/#\/schema\/person\/image\/","url":"https:\/\/secure.gravatar.com\/avatar\/517a9a6487a7a18ecc4ce6d2e57a8f40?s=96&d=mm&r=g","contentUrl":"https:\/\/secure.gravatar.com\/avatar\/517a9a6487a7a18ecc4ce6d2e57a8f40?s=96&d=mm&r=g","caption":"Antonello Rivano"},"url":"https:\/\/www.istitutogalanteoliva.it\/magazine\/author\/antonello\/"}]}},"_links":{"self":[{"href":"https:\/\/www.istitutogalanteoliva.it\/magazine\/wp-json\/wp\/v2\/posts\/11546","targetHints":{"allow":["GET"]}}],"collection":[{"href":"https:\/\/www.istitutogalanteoliva.it\/magazine\/wp-json\/wp\/v2\/posts"}],"about":[{"href":"https:\/\/www.istitutogalanteoliva.it\/magazine\/wp-json\/wp\/v2\/types\/post"}],"author":[{"embeddable":true,"href":"https:\/\/www.istitutogalanteoliva.it\/magazine\/wp-json\/wp\/v2\/users\/2"}],"replies":[{"embeddable":true,"href":"https:\/\/www.istitutogalanteoliva.it\/magazine\/wp-json\/wp\/v2\/comments?post=11546"}],"version-history":[{"count":2,"href":"https:\/\/www.istitutogalanteoliva.it\/magazine\/wp-json\/wp\/v2\/posts\/11546\/revisions"}],"predecessor-version":[{"id":11551,"href":"https:\/\/www.istitutogalanteoliva.it\/magazine\/wp-json\/wp\/v2\/posts\/11546\/revisions\/11551"}],"wp:featuredmedia":[{"embeddable":true,"href":"https:\/\/www.istitutogalanteoliva.it\/magazine\/wp-json\/wp\/v2\/media\/11547"}],"wp:attachment":[{"href":"https:\/\/www.istitutogalanteoliva.it\/magazine\/wp-json\/wp\/v2\/media?parent=11546"}],"wp:term":[{"taxonomy":"category","embeddable":true,"href":"https:\/\/www.istitutogalanteoliva.it\/magazine\/wp-json\/wp\/v2\/categories?post=11546"},{"taxonomy":"post_tag","embeddable":true,"href":"https:\/\/www.istitutogalanteoliva.it\/magazine\/wp-json\/wp\/v2\/tags?post=11546"}],"curies":[{"name":"wp","href":"https:\/\/api.w.org\/{rel}","templated":true}]}}