{"id":11555,"date":"2022-01-28T14:07:01","date_gmt":"2022-01-28T13:07:01","guid":{"rendered":"https:\/\/www.istitutogalanteoliva.it\/magazine\/?p=11555"},"modified":"2022-01-28T14:07:03","modified_gmt":"2022-01-28T13:07:03","slug":"napoli-celebra-la-giornata-della-memoria","status":"publish","type":"post","link":"https:\/\/www.istitutogalanteoliva.it\/magazine\/2022\/01\/28\/napoli-celebra-la-giornata-della-memoria\/","title":{"rendered":"Napoli celebra la Giornata della Memoria"},"content":{"rendered":"\n<p><\/p>\n\n\n\n<p><\/p>\n\n\n\n<h3 class=\"wp-block-heading\"><strong>IL 27 gennaio del capoluogo partenopeo si \u00e8 aperto con un omaggio alle pietre d\u2019inciampo&nbsp;&nbsp;<\/strong><\/h3>\n\n\n\n<p><strong>La prima ricorrenza a Piazza Bovio all\u2019altezza del civico 33 per ricordare le vittime napoletane dell\u2019Olocausto.&nbsp;<\/strong>&#8220;La memoria \u00e8 importante per formare le giovani generazioni ed \u00e8 un&#8217;arma che abbiamo per trasmettere gli orrori del passato e fare in modo che non si ripetano &#8211; ha affermato la presidente della comunit\u00e0 ebraica cittadina, Lydia Schapirer &#8220;.&nbsp;&nbsp;<\/p>\n\n\n\n<p>Le autorit\u00e0 si sono spostate poi presso il Borgo degli Orefici dove \u00e8 stata deposta una corona di fiori in memoria di Luciana Pacifici, la pi\u00f9 piccola bambina deportata ad Auschwitz.&nbsp;&nbsp;<\/p>\n\n\n\n<p>In Prefettura, invece, sono state consegnate sette medaglie ai familiari delle vittime della Shoah residenti in Campania. Hanno presenziato alla cerimonia il primo cittadino Gaetano Manfredi, il prefetto Claudio Palomba e la comunit\u00e0 ebraica napoletana.&nbsp;&nbsp;<\/p>\n\n\n\n<p><strong>Toccante la testimonianza di Emma Nota, consigliere comunale del Comune di San Giorgio a Cremano che ricorda il padre Eduardo:&nbsp;<\/strong>\u201cEra un militare internato \u2013 racconta la donna -. Fu fatto prigioniero in Germania dopo l\u2019armistizio dell\u20198 settembre del 1943 mentre era sul fronte albanese. \u00c8 stato liberato a maggio del 1945 ed \u00e8 tornato a luglio in Italia. Avevamo perso le speranze\u201d.&nbsp;&nbsp;Emma Nota \u00e8 impegnata nell\u2019Associazione combattenti e reduci di guerra con l\u2019impegno di perpetrare sul territorio campano la memoria delle vittime.&nbsp;&nbsp;<\/p>\n\n\n\n<p>E poi il ricordo di&nbsp;<strong>Raffaele Assante<\/strong>, di&nbsp;<strong>Raffaele Gallo<\/strong>,&nbsp;<strong>Pasquale Miccio<\/strong>,&nbsp;<strong>Emiddio Gallo, Giuseppe Leone, Eduardo Nota e Alfonso Sinno<\/strong>.&nbsp;&nbsp;<\/p>\n\n\n\n<p>\u201cA Napoli la comunit\u00e0 ebraica ha avuto ha avuto 15 vittime e non \u00e8 stata sterminata grazie le quattro giornate\u201d, ricorda Roberto Modiano, esponente della comunit\u00e0 ebraica di Napoli.&nbsp;&nbsp;<\/p>\n\n\n\n<p>Le figure istituzionali presenti, il primo cittadino Gaetano Manfredi e il prefetto Claudio Palomba ricordano l\u2019importanza della sensibilizzazione sul tema nelle scuole. \u201cAncora\u00a0<a href=\"javascript:mails_addtocal(1,&quot;oggi&quot;);\">oggi<\/a>\u00a0viviamo momenti di grande intolleranza\u201d sostiene il sindaco ricordando il recente episodio di cronaca ai danni del giovane dodicenne livornese di origini ebraiche.\u00a0\u00a0<\/p>\n\n\n\n<p><a href=\"https:\/\/www.istitutogalanteoliva.it\/magazine\/?s=Raffaella+grimaldi+\"><img loading=\"lazy\" decoding=\"async\" width=\"80\" height=\"82\" class=\"wp-image-7993\" style=\"width: 80px;\" src=\"https:\/\/www.istitutogalanteoliva.it\/magazine\/wp-content\/uploads\/2021\/05\/Senza-titolo-7-1.jpg\" alt=\"\" srcset=\"https:\/\/www.istitutogalanteoliva.it\/magazine\/wp-content\/uploads\/2021\/05\/Senza-titolo-7-1.jpg 1296w, https:\/\/www.istitutogalanteoliva.it\/magazine\/wp-content\/uploads\/2021\/05\/Senza-titolo-7-1-293x300.jpg 293w, https:\/\/www.istitutogalanteoliva.it\/magazine\/wp-content\/uploads\/2021\/05\/Senza-titolo-7-1-999x1024.jpg 999w, https:\/\/www.istitutogalanteoliva.it\/magazine\/wp-content\/uploads\/2021\/05\/Senza-titolo-7-1-768x788.jpg 768w, https:\/\/www.istitutogalanteoliva.it\/magazine\/wp-content\/uploads\/2021\/05\/Senza-titolo-7-1-1024x1050.jpg 1024w\" sizes=\"auto, (max-width: 80px) 100vw, 80px\" \/><\/a><strong><em>Raffaella Grimaldi <\/em><\/strong><\/p>\n<div class=\"pdfprnt-buttons pdfprnt-buttons-post pdfprnt-bottom-left\"><a href=\"https:\/\/www.istitutogalanteoliva.it\/magazine\/wp-json\/wp\/v2\/posts\/11555?print=print\" class=\"pdfprnt-button pdfprnt-button-print\" target=\"_blank\"><img decoding=\"async\" src=\"https:\/\/www.istitutogalanteoliva.it\/magazine\/wp-content\/plugins\/pdf-print\/images\/print.png\" alt=\"image_print\" title=\"Stampa contenuto\" \/><span class=\"pdfprnt-button-title pdfprnt-button-print-title\">Download in PDF<\/span><\/a><\/div>","protected":false},"excerpt":{"rendered":"<p>Ricca di eventi la Giornata della Memoria a Napoli. Il capoluogo partenopeo ha celebrato la ricorrenza con una serie di momenti commemorativi<\/p>\n","protected":false},"author":2,"featured_media":11556,"comment_status":"open","ping_status":"open","sticky":true,"template":"","format":"standard","meta":{"footnotes":""},"categories":[577,47],"tags":[161,408],"class_list":["post-11555","post","type-post","status-publish","format-standard","has-post-thumbnail","hentry","category-577","category-eventi","tag-giornata-della-memoria","tag-napoli"],"yoast_head":"<!-- This site is optimized with the Yoast SEO plugin v24.2 - https:\/\/yoast.com\/wordpress\/plugins\/seo\/ -->\n<title>Napoli celebra la Giornata della Memoria - Polis SA Magazine<\/title>\n<meta name=\"robots\" content=\"index, follow, max-snippet:-1, max-image-preview:large, max-video-preview:-1\" \/>\n<link rel=\"canonical\" href=\"https:\/\/www.istitutogalanteoliva.it\/magazine\/2022\/01\/28\/napoli-celebra-la-giornata-della-memoria\/\" \/>\n<meta property=\"og:locale\" content=\"it_IT\" \/>\n<meta property=\"og:type\" content=\"article\" \/>\n<meta property=\"og:title\" content=\"Napoli celebra la Giornata della Memoria - Polis SA Magazine\" \/>\n<meta property=\"og:description\" content=\"Ricca di eventi la Giornata della Memoria a Napoli. Il capoluogo partenopeo ha celebrato la ricorrenza con una serie di momenti commemorativi\" \/>\n<meta property=\"og:url\" content=\"https:\/\/www.istitutogalanteoliva.it\/magazine\/2022\/01\/28\/napoli-celebra-la-giornata-della-memoria\/\" \/>\n<meta property=\"og:site_name\" content=\"Polis SA Magazine\" \/>\n<meta property=\"article:publisher\" content=\"https:\/\/www.facebook.com\/PolisSAMagazine\/\" \/>\n<meta property=\"article:published_time\" content=\"2022-01-28T13:07:01+00:00\" \/>\n<meta property=\"article:modified_time\" content=\"2022-01-28T13:07:03+00:00\" \/>\n<meta property=\"og:image\" content=\"https:\/\/www.istitutogalanteoliva.it\/magazine\/wp-content\/uploads\/2022\/01\/Giorno-della-Memoria-4-1.jpg\" \/>\n\t<meta property=\"og:image:width\" content=\"1024\" \/>\n\t<meta property=\"og:image:height\" content=\"576\" \/>\n\t<meta property=\"og:image:type\" content=\"image\/jpeg\" \/>\n<meta name=\"author\" content=\"Antonello Rivano\" \/>\n<meta name=\"twitter:card\" content=\"summary_large_image\" \/>\n<meta name=\"twitter:creator\" content=\"@MagazinePolis\" \/>\n<meta name=\"twitter:site\" content=\"@MagazinePolis\" \/>\n<meta name=\"twitter:label1\" content=\"Scritto da\" \/>\n\t<meta name=\"twitter:data1\" content=\"Antonello Rivano\" \/>\n\t<meta name=\"twitter:label2\" content=\"Tempo di lettura stimato\" \/>\n\t<meta name=\"twitter:data2\" content=\"2 minuti\" \/>\n<script type=\"application\/ld+json\" class=\"yoast-schema-graph\">{\"@context\":\"https:\/\/schema.org\",\"@graph\":[{\"@type\":\"Article\",\"@id\":\"https:\/\/www.istitutogalanteoliva.it\/magazine\/2022\/01\/28\/napoli-celebra-la-giornata-della-memoria\/#article\",\"isPartOf\":{\"@id\":\"https:\/\/www.istitutogalanteoliva.it\/magazine\/2022\/01\/28\/napoli-celebra-la-giornata-della-memoria\/\"},\"author\":{\"name\":\"Antonello Rivano\",\"@id\":\"https:\/\/www.istitutogalanteoliva.it\/magazine\/#\/schema\/person\/d8b8aa79cfe8babc1df9da3212a7c0c4\"},\"headline\":\"Napoli celebra la Giornata della Memoria\",\"datePublished\":\"2022-01-28T13:07:01+00:00\",\"dateModified\":\"2022-01-28T13:07:03+00:00\",\"mainEntityOfPage\":{\"@id\":\"https:\/\/www.istitutogalanteoliva.it\/magazine\/2022\/01\/28\/napoli-celebra-la-giornata-della-memoria\/\"},\"wordCount\":338,\"commentCount\":0,\"publisher\":{\"@id\":\"https:\/\/www.istitutogalanteoliva.it\/magazine\/#organization\"},\"image\":{\"@id\":\"https:\/\/www.istitutogalanteoliva.it\/magazine\/2022\/01\/28\/napoli-celebra-la-giornata-della-memoria\/#primaryimage\"},\"thumbnailUrl\":\"https:\/\/www.istitutogalanteoliva.it\/magazine\/wp-content\/uploads\/2022\/01\/Giorno-della-Memoria-4-1.jpg\",\"keywords\":[\"Giornata della memoria\",\"napoli\"],\"articleSection\":[\"2022\",\"Eventi\"],\"inLanguage\":\"it-IT\",\"potentialAction\":[{\"@type\":\"CommentAction\",\"name\":\"Comment\",\"target\":[\"https:\/\/www.istitutogalanteoliva.it\/magazine\/2022\/01\/28\/napoli-celebra-la-giornata-della-memoria\/#respond\"]}]},{\"@type\":\"WebPage\",\"@id\":\"https:\/\/www.istitutogalanteoliva.it\/magazine\/2022\/01\/28\/napoli-celebra-la-giornata-della-memoria\/\",\"url\":\"https:\/\/www.istitutogalanteoliva.it\/magazine\/2022\/01\/28\/napoli-celebra-la-giornata-della-memoria\/\",\"name\":\"Napoli celebra la Giornata della Memoria - Polis SA Magazine\",\"isPartOf\":{\"@id\":\"https:\/\/www.istitutogalanteoliva.it\/magazine\/#website\"},\"primaryImageOfPage\":{\"@id\":\"https:\/\/www.istitutogalanteoliva.it\/magazine\/2022\/01\/28\/napoli-celebra-la-giornata-della-memoria\/#primaryimage\"},\"image\":{\"@id\":\"https:\/\/www.istitutogalanteoliva.it\/magazine\/2022\/01\/28\/napoli-celebra-la-giornata-della-memoria\/#primaryimage\"},\"thumbnailUrl\":\"https:\/\/www.istitutogalanteoliva.it\/magazine\/wp-content\/uploads\/2022\/01\/Giorno-della-Memoria-4-1.jpg\",\"datePublished\":\"2022-01-28T13:07:01+00:00\",\"dateModified\":\"2022-01-28T13:07:03+00:00\",\"breadcrumb\":{\"@id\":\"https:\/\/www.istitutogalanteoliva.it\/magazine\/2022\/01\/28\/napoli-celebra-la-giornata-della-memoria\/#breadcrumb\"},\"inLanguage\":\"it-IT\",\"potentialAction\":[{\"@type\":\"ReadAction\",\"target\":[\"https:\/\/www.istitutogalanteoliva.it\/magazine\/2022\/01\/28\/napoli-celebra-la-giornata-della-memoria\/\"]}]},{\"@type\":\"ImageObject\",\"inLanguage\":\"it-IT\",\"@id\":\"https:\/\/www.istitutogalanteoliva.it\/magazine\/2022\/01\/28\/napoli-celebra-la-giornata-della-memoria\/#primaryimage\",\"url\":\"https:\/\/www.istitutogalanteoliva.it\/magazine\/wp-content\/uploads\/2022\/01\/Giorno-della-Memoria-4-1.jpg\",\"contentUrl\":\"https:\/\/www.istitutogalanteoliva.it\/magazine\/wp-content\/uploads\/2022\/01\/Giorno-della-Memoria-4-1.jpg\",\"width\":1024,\"height\":576},{\"@type\":\"BreadcrumbList\",\"@id\":\"https:\/\/www.istitutogalanteoliva.it\/magazine\/2022\/01\/28\/napoli-celebra-la-giornata-della-memoria\/#breadcrumb\",\"itemListElement\":[{\"@type\":\"ListItem\",\"position\":1,\"name\":\"Home\",\"item\":\"https:\/\/www.istitutogalanteoliva.it\/magazine\/\"},{\"@type\":\"ListItem\",\"position\":2,\"name\":\"Napoli celebra la Giornata della Memoria\"}]},{\"@type\":\"WebSite\",\"@id\":\"https:\/\/www.istitutogalanteoliva.it\/magazine\/#website\",\"url\":\"https:\/\/www.istitutogalanteoliva.it\/magazine\/\",\"name\":\"POLIS SA MAGAZINE\",\"description\":\"Informazione e approfondimenti\",\"publisher\":{\"@id\":\"https:\/\/www.istitutogalanteoliva.it\/magazine\/#organization\"},\"potentialAction\":[{\"@type\":\"SearchAction\",\"target\":{\"@type\":\"EntryPoint\",\"urlTemplate\":\"https:\/\/www.istitutogalanteoliva.it\/magazine\/?s={search_term_string}\"},\"query-input\":{\"@type\":\"PropertyValueSpecification\",\"valueRequired\":true,\"valueName\":\"search_term_string\"}}],\"inLanguage\":\"it-IT\"},{\"@type\":\"Organization\",\"@id\":\"https:\/\/www.istitutogalanteoliva.it\/magazine\/#organization\",\"name\":\"Polis SA Magazine\",\"url\":\"https:\/\/www.istitutogalanteoliva.it\/magazine\/\",\"logo\":{\"@type\":\"ImageObject\",\"inLanguage\":\"it-IT\",\"@id\":\"https:\/\/www.istitutogalanteoliva.it\/magazine\/#\/schema\/logo\/image\/\",\"url\":\"\",\"contentUrl\":\"\",\"caption\":\"Polis SA Magazine\"},\"image\":{\"@id\":\"https:\/\/www.istitutogalanteoliva.it\/magazine\/#\/schema\/logo\/image\/\"},\"sameAs\":[\"https:\/\/www.facebook.com\/PolisSAMagazine\/\",\"https:\/\/x.com\/MagazinePolis\",\"https:\/\/www.youtube.com\/channel\/UCv0Mr5AHKUmsc0sEEXkJrgw\"]},{\"@type\":\"Person\",\"@id\":\"https:\/\/www.istitutogalanteoliva.it\/magazine\/#\/schema\/person\/d8b8aa79cfe8babc1df9da3212a7c0c4\",\"name\":\"Antonello Rivano\",\"image\":{\"@type\":\"ImageObject\",\"inLanguage\":\"it-IT\",\"@id\":\"https:\/\/www.istitutogalanteoliva.it\/magazine\/#\/schema\/person\/image\/\",\"url\":\"https:\/\/secure.gravatar.com\/avatar\/517a9a6487a7a18ecc4ce6d2e57a8f40?s=96&d=mm&r=g\",\"contentUrl\":\"https:\/\/secure.gravatar.com\/avatar\/517a9a6487a7a18ecc4ce6d2e57a8f40?s=96&d=mm&r=g\",\"caption\":\"Antonello Rivano\"},\"url\":\"https:\/\/www.istitutogalanteoliva.it\/magazine\/author\/antonello\/\"}]}<\/script>\n<!-- \/ Yoast SEO plugin. -->","yoast_head_json":{"title":"Napoli celebra la Giornata della Memoria - Polis SA Magazine","robots":{"index":"index","follow":"follow","max-snippet":"max-snippet:-1","max-image-preview":"max-image-preview:large","max-video-preview":"max-video-preview:-1"},"canonical":"https:\/\/www.istitutogalanteoliva.it\/magazine\/2022\/01\/28\/napoli-celebra-la-giornata-della-memoria\/","og_locale":"it_IT","og_type":"article","og_title":"Napoli celebra la Giornata della Memoria - Polis SA Magazine","og_description":"Ricca di eventi la Giornata della Memoria a Napoli. Il capoluogo partenopeo ha celebrato la ricorrenza con una serie di momenti commemorativi","og_url":"https:\/\/www.istitutogalanteoliva.it\/magazine\/2022\/01\/28\/napoli-celebra-la-giornata-della-memoria\/","og_site_name":"Polis SA Magazine","article_publisher":"https:\/\/www.facebook.com\/PolisSAMagazine\/","article_published_time":"2022-01-28T13:07:01+00:00","article_modified_time":"2022-01-28T13:07:03+00:00","og_image":[{"width":1024,"height":576,"url":"https:\/\/www.istitutogalanteoliva.it\/magazine\/wp-content\/uploads\/2022\/01\/Giorno-della-Memoria-4-1.jpg","type":"image\/jpeg"}],"author":"Antonello Rivano","twitter_card":"summary_large_image","twitter_creator":"@MagazinePolis","twitter_site":"@MagazinePolis","twitter_misc":{"Scritto da":"Antonello Rivano","Tempo di lettura stimato":"2 minuti"},"schema":{"@context":"https:\/\/schema.org","@graph":[{"@type":"Article","@id":"https:\/\/www.istitutogalanteoliva.it\/magazine\/2022\/01\/28\/napoli-celebra-la-giornata-della-memoria\/#article","isPartOf":{"@id":"https:\/\/www.istitutogalanteoliva.it\/magazine\/2022\/01\/28\/napoli-celebra-la-giornata-della-memoria\/"},"author":{"name":"Antonello Rivano","@id":"https:\/\/www.istitutogalanteoliva.it\/magazine\/#\/schema\/person\/d8b8aa79cfe8babc1df9da3212a7c0c4"},"headline":"Napoli celebra la Giornata della Memoria","datePublished":"2022-01-28T13:07:01+00:00","dateModified":"2022-01-28T13:07:03+00:00","mainEntityOfPage":{"@id":"https:\/\/www.istitutogalanteoliva.it\/magazine\/2022\/01\/28\/napoli-celebra-la-giornata-della-memoria\/"},"wordCount":338,"commentCount":0,"publisher":{"@id":"https:\/\/www.istitutogalanteoliva.it\/magazine\/#organization"},"image":{"@id":"https:\/\/www.istitutogalanteoliva.it\/magazine\/2022\/01\/28\/napoli-celebra-la-giornata-della-memoria\/#primaryimage"},"thumbnailUrl":"https:\/\/www.istitutogalanteoliva.it\/magazine\/wp-content\/uploads\/2022\/01\/Giorno-della-Memoria-4-1.jpg","keywords":["Giornata della memoria","napoli"],"articleSection":["2022","Eventi"],"inLanguage":"it-IT","potentialAction":[{"@type":"CommentAction","name":"Comment","target":["https:\/\/www.istitutogalanteoliva.it\/magazine\/2022\/01\/28\/napoli-celebra-la-giornata-della-memoria\/#respond"]}]},{"@type":"WebPage","@id":"https:\/\/www.istitutogalanteoliva.it\/magazine\/2022\/01\/28\/napoli-celebra-la-giornata-della-memoria\/","url":"https:\/\/www.istitutogalanteoliva.it\/magazine\/2022\/01\/28\/napoli-celebra-la-giornata-della-memoria\/","name":"Napoli celebra la Giornata della Memoria - Polis SA Magazine","isPartOf":{"@id":"https:\/\/www.istitutogalanteoliva.it\/magazine\/#website"},"primaryImageOfPage":{"@id":"https:\/\/www.istitutogalanteoliva.it\/magazine\/2022\/01\/28\/napoli-celebra-la-giornata-della-memoria\/#primaryimage"},"image":{"@id":"https:\/\/www.istitutogalanteoliva.it\/magazine\/2022\/01\/28\/napoli-celebra-la-giornata-della-memoria\/#primaryimage"},"thumbnailUrl":"https:\/\/www.istitutogalanteoliva.it\/magazine\/wp-content\/uploads\/2022\/01\/Giorno-della-Memoria-4-1.jpg","datePublished":"2022-01-28T13:07:01+00:00","dateModified":"2022-01-28T13:07:03+00:00","breadcrumb":{"@id":"https:\/\/www.istitutogalanteoliva.it\/magazine\/2022\/01\/28\/napoli-celebra-la-giornata-della-memoria\/#breadcrumb"},"inLanguage":"it-IT","potentialAction":[{"@type":"ReadAction","target":["https:\/\/www.istitutogalanteoliva.it\/magazine\/2022\/01\/28\/napoli-celebra-la-giornata-della-memoria\/"]}]},{"@type":"ImageObject","inLanguage":"it-IT","@id":"https:\/\/www.istitutogalanteoliva.it\/magazine\/2022\/01\/28\/napoli-celebra-la-giornata-della-memoria\/#primaryimage","url":"https:\/\/www.istitutogalanteoliva.it\/magazine\/wp-content\/uploads\/2022\/01\/Giorno-della-Memoria-4-1.jpg","contentUrl":"https:\/\/www.istitutogalanteoliva.it\/magazine\/wp-content\/uploads\/2022\/01\/Giorno-della-Memoria-4-1.jpg","width":1024,"height":576},{"@type":"BreadcrumbList","@id":"https:\/\/www.istitutogalanteoliva.it\/magazine\/2022\/01\/28\/napoli-celebra-la-giornata-della-memoria\/#breadcrumb","itemListElement":[{"@type":"ListItem","position":1,"name":"Home","item":"https:\/\/www.istitutogalanteoliva.it\/magazine\/"},{"@type":"ListItem","position":2,"name":"Napoli celebra la Giornata della Memoria"}]},{"@type":"WebSite","@id":"https:\/\/www.istitutogalanteoliva.it\/magazine\/#website","url":"https:\/\/www.istitutogalanteoliva.it\/magazine\/","name":"POLIS SA MAGAZINE","description":"Informazione e approfondimenti","publisher":{"@id":"https:\/\/www.istitutogalanteoliva.it\/magazine\/#organization"},"potentialAction":[{"@type":"SearchAction","target":{"@type":"EntryPoint","urlTemplate":"https:\/\/www.istitutogalanteoliva.it\/magazine\/?s={search_term_string}"},"query-input":{"@type":"PropertyValueSpecification","valueRequired":true,"valueName":"search_term_string"}}],"inLanguage":"it-IT"},{"@type":"Organization","@id":"https:\/\/www.istitutogalanteoliva.it\/magazine\/#organization","name":"Polis SA Magazine","url":"https:\/\/www.istitutogalanteoliva.it\/magazine\/","logo":{"@type":"ImageObject","inLanguage":"it-IT","@id":"https:\/\/www.istitutogalanteoliva.it\/magazine\/#\/schema\/logo\/image\/","url":"","contentUrl":"","caption":"Polis SA Magazine"},"image":{"@id":"https:\/\/www.istitutogalanteoliva.it\/magazine\/#\/schema\/logo\/image\/"},"sameAs":["https:\/\/www.facebook.com\/PolisSAMagazine\/","https:\/\/x.com\/MagazinePolis","https:\/\/www.youtube.com\/channel\/UCv0Mr5AHKUmsc0sEEXkJrgw"]},{"@type":"Person","@id":"https:\/\/www.istitutogalanteoliva.it\/magazine\/#\/schema\/person\/d8b8aa79cfe8babc1df9da3212a7c0c4","name":"Antonello Rivano","image":{"@type":"ImageObject","inLanguage":"it-IT","@id":"https:\/\/www.istitutogalanteoliva.it\/magazine\/#\/schema\/person\/image\/","url":"https:\/\/secure.gravatar.com\/avatar\/517a9a6487a7a18ecc4ce6d2e57a8f40?s=96&d=mm&r=g","contentUrl":"https:\/\/secure.gravatar.com\/avatar\/517a9a6487a7a18ecc4ce6d2e57a8f40?s=96&d=mm&r=g","caption":"Antonello Rivano"},"url":"https:\/\/www.istitutogalanteoliva.it\/magazine\/author\/antonello\/"}]}},"_links":{"self":[{"href":"https:\/\/www.istitutogalanteoliva.it\/magazine\/wp-json\/wp\/v2\/posts\/11555","targetHints":{"allow":["GET"]}}],"collection":[{"href":"https:\/\/www.istitutogalanteoliva.it\/magazine\/wp-json\/wp\/v2\/posts"}],"about":[{"href":"https:\/\/www.istitutogalanteoliva.it\/magazine\/wp-json\/wp\/v2\/types\/post"}],"author":[{"embeddable":true,"href":"https:\/\/www.istitutogalanteoliva.it\/magazine\/wp-json\/wp\/v2\/users\/2"}],"replies":[{"embeddable":true,"href":"https:\/\/www.istitutogalanteoliva.it\/magazine\/wp-json\/wp\/v2\/comments?post=11555"}],"version-history":[{"count":1,"href":"https:\/\/www.istitutogalanteoliva.it\/magazine\/wp-json\/wp\/v2\/posts\/11555\/revisions"}],"predecessor-version":[{"id":11557,"href":"https:\/\/www.istitutogalanteoliva.it\/magazine\/wp-json\/wp\/v2\/posts\/11555\/revisions\/11557"}],"wp:featuredmedia":[{"embeddable":true,"href":"https:\/\/www.istitutogalanteoliva.it\/magazine\/wp-json\/wp\/v2\/media\/11556"}],"wp:attachment":[{"href":"https:\/\/www.istitutogalanteoliva.it\/magazine\/wp-json\/wp\/v2\/media?parent=11555"}],"wp:term":[{"taxonomy":"category","embeddable":true,"href":"https:\/\/www.istitutogalanteoliva.it\/magazine\/wp-json\/wp\/v2\/categories?post=11555"},{"taxonomy":"post_tag","embeddable":true,"href":"https:\/\/www.istitutogalanteoliva.it\/magazine\/wp-json\/wp\/v2\/tags?post=11555"}],"curies":[{"name":"wp","href":"https:\/\/api.w.org\/{rel}","templated":true}]}}