{"id":11648,"date":"2022-02-28T09:22:49","date_gmt":"2022-02-28T08:22:49","guid":{"rendered":"https:\/\/www.istitutogalanteoliva.it\/magazine\/?p=11648"},"modified":"2022-02-28T09:35:09","modified_gmt":"2022-02-28T08:35:09","slug":"mercato-san-severino-sa-ripartono-i-progetti-scolastici","status":"publish","type":"post","link":"https:\/\/www.istitutogalanteoliva.it\/magazine\/2022\/02\/28\/mercato-san-severino-sa-ripartono-i-progetti-scolastici\/","title":{"rendered":"Mercato San Severino (SA), ripartono i progetti scolastici"},"content":{"rendered":"\n<p><\/p>\n\n\n\n<h4 class=\"wp-block-heading\"><strong>Nonostante le difficolt\u00e0 legate allo stato di emergenza originato dalla pandemia, la scuola secondaria di I grado \u201cSan Tommaso\u201d \u2013 Mercato San Severino (Salerno) \u2013 sviluppa con entusiasmo i suoi progetti. Dopo aver \u201caccantonato\u201d (o meglio, sospeso), proprio a causa della pandemia, uscite didattiche del calibro di \u201cCanto di Natale\u201d \u2013 uno spettacolo da tenersi al teatro comunale di Mercato San Severino, lo scorso dicembre \u2013 ecco che ora la curva epidemiologica in lieve calo pu\u00f2 consentire la ripresa di tante interessanti iniziative culturali.<\/strong> <\/h4>\n\n\n\n<p>di <strong>Anna Maria Noia<\/strong><\/p>\n\n\n\n<p class=\"has-drop-cap\">Si tratta sia di progetti Por (indetti esternamente, a livello \u201ccollettivo\u201d, o internamente all\u2019autonomia scolastica) che di manifestazioni di respiro nazionale ed internazionale. <strong><em>Tra queste ultime, possiamo citare i campionati (mondiali) della Matematica \u2013 indetti dall\u2019universit\u00e0 milanese \u201cBocconi\u201d. Un appuntamento mai \u201cdisertato\u201d dalla \u201cSan Tommaso\u201d \u2013 in questi ultimi anni \u2013 che ha sempre ottenuto (nelle scorse edizioni) risultati pi\u00f9 che lusinghieri. <\/em><\/strong>Oltre ai giochi matematici, sono stati organizzati \u2013 sempre a livello nazionale od internazionale \u2013 i certami \u201cBebras\u201d per l\u2019informatica. Anche in questo caso, l\u2019istituzione educativa \u2013 <strong><em>retta, dall\u2019anno scolastico in corso, dalla dirigente Carmela Concilio<\/em><\/strong> \u2013 ha vantato (nel tempo) buonissimi piazzamenti. I giochi matematici sono stati voluti dal centro \u201cPristem\u201d \u2013 in seno al prestigioso ateneo milanese. Sin dalla met\u00e0 degli anni \u201990 (1994). L\u2019acronimo indica il \u201cProgetto ricerche storiche e metodologiche\u201d. Un contest davvero notevole e peculiare. Soprattutto in Italia, dove \u2013 pare \u2013 la matematica non \u00e8 una materia molto amata. Cos\u00ec sembrerebbe. <\/p>\n\n\n\n<figure class=\"wp-block-image size-full is-resized\"><img loading=\"lazy\" decoding=\"async\" src=\"https:\/\/www.istitutogalanteoliva.it\/magazine\/wp-content\/uploads\/2022\/02\/Foto-articolo-scuola-San-Tommaso-Noia-num-4.jpg\" alt=\"\" class=\"wp-image-11650\" width=\"480\" height=\"360\" srcset=\"https:\/\/www.istitutogalanteoliva.it\/magazine\/wp-content\/uploads\/2022\/02\/Foto-articolo-scuola-San-Tommaso-Noia-num-4.jpg 960w, https:\/\/www.istitutogalanteoliva.it\/magazine\/wp-content\/uploads\/2022\/02\/Foto-articolo-scuola-San-Tommaso-Noia-num-4-300x225.jpg 300w, https:\/\/www.istitutogalanteoliva.it\/magazine\/wp-content\/uploads\/2022\/02\/Foto-articolo-scuola-San-Tommaso-Noia-num-4-768x576.jpg 768w\" sizes=\"auto, (max-width: 480px) 100vw, 480px\" \/><\/figure>\n\n\n\n<p><strong>Ma la \u201cSan Tommaso\u201d (gi\u00e0 dagli scorsi anni) ha sempre mostrato una grande attivit\u00e0; una vitalit\u00e0 entusiastica: grazie, ad esempio, alle iniziative legate a \u201cScuola Viva\u201d e\/o alle altre progettualit\u00e0. Molte ancora in progress. Per l\u2019anno 2021\/2022 \u2013 tra Por\/Pon e moduli vari (in proprio o meno) \u2013 ricordiamo le seguenti fattispecie: il progetto \u201cM@b Italia\u201d (format sperimentale di applicazione delle metodologie Cbl \u2013 Challenge based learning &#8211; e Ol; Outdoor learning. Assieme all\u2019associazione \u201cUniversitas Sancti Severini\u201d, con visite guidate ai principali siti di interesse presenti nel territorio di San Severino); l\u2019altro progetto di \u201cEducazione alla legalit\u00e0\u201d e\/o \u201cLegalit\u00e0 in corto\u201d \u2013 tenutosi recentissimamente proprio nelle aule scolastiche e in altri locali viciniori (con tanto di riprese o cortometraggi sul tema a cura dei discenti, fuori e dentro l\u2019edificio; nonch\u00e9 con collegamenti on line e lectio tenute da esperti di legalit\u00e0 e giustizia); \u201cLibriamoci\u201d; \u201cScrittori di classe\u201d; il modulo di scienze motorie \u201cPi\u00f9 sport pi\u00f9 scuola\u201d; \u201cSchool movie \u2013 Cined\u00f9\u201d (questo in atto negli ultimi anni); i Pon inerenti \u201cEmozioniAmo 2\u201d \u2013 quali, ad esempio: \u201cIl Tommasino\u201d (il simpatico giornalino di istituto), \u201cClassroom one\u201d; \u201cClassroom two\u201d, \u201cAsi aprendemos\u201d, \u201cMurales che passione\u201d &#8211; nonch\u00e9 molti altri ancora. Per ulteriori discipline e\/o competenze.<\/strong> Per esempio, anche \u201cVivi in Digitale\u201d \u2013 molto importante. Insomma, una realt\u00e0 produttiva \u2013 quella della secondaria di primo grado campana. Da sempre, possiamo affermare. <strong><em>Tornando ai giochi matematici, occorre dire che gi\u00e0 nei mesi passati (in particolare a novembre) sono state effettuate delle gare. Delle \u201cscremature\u201d \u2013 diciamo cos\u00ec \u2013 per scegliere i migliori partecipanti da ogni parte d\u2019Italia e del mondo. Si sono tenuti i cosiddetti \u201cGiochi d\u2019autunno\u201d. Adesso, invece, si entra maggiormente \u201cnel vivo\u201d delle manifestazioni suddette. Il prossimo 5 marzo (ore 15.00), infatti, vi saranno i quarti di finale. Gli allievi della \u201cSan Tommaso\u201d dovranno recarsi presso il liceo scientifico della vicina cittadina di Roccapiemonte \u2013 dove si espleteranno e avranno luogo le gare.<\/em><\/strong> <\/p>\n\n\n\n<p><\/p>\n\n\n\n<p>Prossimi \u201cincontri\u201d: il 26 marzo prossimo venturo \u2013 con le semifinali, in diverse sedi oppure on line; il 14 maggio, per la finale nazionale (a Milano, nella sede della \u201cBocconi\u201d); infine per la fine di agosto 2022, con la finalissima internazionale di Losanna. Vari gli esercizi, varie anche le \u201cdifficolt\u00e0\u201d dei test \u2013 dei quesiti (da risolvere in 90 minuti): i range C1 e C2 sono dedicati rispettivamente a studenti di prima e seconda media (secondarie di primo grado) e ad alunni di terza media e di primo superiore (secondarie di secondo grado). Poi ci sono le categorie L1 e L2, rivolte agli studenti liceali e\/o tecnici superiori alla prima annualit\u00e0, nonch\u00e9 altri range per super esperti. Si tratta di domande di logica, applicata alle fattispecie astratte e\/o concrete; del quotidiano nell\u2019ambito delle scienze matematiche. <em>Per la scuola di San Severino, le docenti referenti (Matematica e Scienze Naturali) sono Giuseppina Rignanese; Nevia Citro e Valeria D\u2019Acunti. Per motivi di privacy, non ci \u00e8 concesso rivelare i nominativi degli studenti che parteciperanno alle gare di sabato 5 marzo prossimo. Sar\u00e0 una vera sorpresa, quindi. Pare che il certamen (o certame) avr\u00e0 luogo via web.<\/em> Gli organizzatori \u2013 dunque \u2013 comunicheranno le istruzioni per partecipare alle prove proprio su piattaforme e\/o portali in Rete. Questo per il 5 marzo, ai quarti di finale. Sembra per\u00f2 che anche il 26 marzo (a partire dalle 14.30) la kermesse avverr\u00e0 on line. Le successive classifiche saranno pubblicate a cura degli organizzatori locali. I numeri affermano che (almeno a livello provinciale) ben 73 iscritti appartengono alla categoria C1 (prima e seconda media); 25 iscritti \u2013 invece \u2013 sono inseriti tra i candidati per il livello C2. Ovvero la terza media e la prima annualit\u00e0 delle secondarie di II grado. <\/p>\n\n\n\n<p><strong><em>La dirigente Concilio \u00e8 soddisfatta ed augura il meglio agli allievi: \u201cNonostante l\u2019allarme Covid \u2013 esprime la professoressa \u2013 siamo sempre lieti di mostrare il nostro impegno per la formazione curriculare ed extracurriculare dei circa 700 alunni presenti nel nostro istituto. Anche l\u2019impegno del corpo insegnante e la qualit\u00e0 dell\u2019offerta educativa e\/o formativa sono costanti che la \u201cSan Tommaso\u201d ha sempre dimostrato, orgogliosamente, di possedere. Ci\u00f2 vale in particolare per l\u2019anno in corso e per i successivi. Abbiamo altre manifestazioni e\/o proposte da ideare\u201d. Questo nelle parole della dirigente.<\/em><\/strong> <strong>Ma \u00e8 contenta anche la professoressa Rignanese, assieme alle altre coordinatrici. Gi\u00e0 da anni. L\u2019insegnante rammenta le ottime posizioni degli ex allievi nell\u2019ultimo decennio. Ricordiamo perci\u00f2 il grande valore e lo spirito di sacrificio dell\u2019intero personale della storica e \u201cgloriosa\u201d istituzione educativa sanseverinese.<\/strong> <\/p>\n\n\n\n<figure class=\"wp-block-image size-full is-resized\"><img loading=\"lazy\" decoding=\"async\" src=\"https:\/\/www.istitutogalanteoliva.it\/magazine\/wp-content\/uploads\/2022\/02\/Foto-articolo-scuola-San-Tommaso-Noia-num-5.jpg\" alt=\"\" class=\"wp-image-11652\" width=\"480\" height=\"360\" srcset=\"https:\/\/www.istitutogalanteoliva.it\/magazine\/wp-content\/uploads\/2022\/02\/Foto-articolo-scuola-San-Tommaso-Noia-num-5.jpg 960w, https:\/\/www.istitutogalanteoliva.it\/magazine\/wp-content\/uploads\/2022\/02\/Foto-articolo-scuola-San-Tommaso-Noia-num-5-300x225.jpg 300w, https:\/\/www.istitutogalanteoliva.it\/magazine\/wp-content\/uploads\/2022\/02\/Foto-articolo-scuola-San-Tommaso-Noia-num-5-768x576.jpg 768w\" sizes=\"auto, (max-width: 480px) 100vw, 480px\" \/><\/figure>\n\n\n\n<p>Sia per ci\u00f2 che concerne i docenti che riguardo il competente personale Ata (amministrativi, applicati di segreteria, Dsga, vicepreside e collaboratori scolastici \u2013 molto affiatati tra di loro). Tutti operano al meglio, con tanto \u201csenso\u201d di squadra \u2013 per assicurare il \u201csuccesso\u201d (valoriale) della proposta didattica in questa scuola. <em>Una scuola che sorge nel lontano anno 1928, in piazza dei Martiri \u2013 alias piazza capitan Donato Somma. Palazzo Macchiarelli \u2013 affermano alcuni studiosi locali. Dapprima la scuola fu intitolata a Salvatore Colonna, suocero del podest\u00e0 (autorit\u00e0 fascista negli anni \u201920 e \u201930) Amato Bilotta ma anche maestro e pedagogista del territorio. Di quegli stessi anni, o gi\u00f9 di l\u00ec, era anche il sindaco (sempre di San Severino \u2013 anzi di Sanseverino Rota; sic!) Agostino Guerrasio. L\u2019attuale sede centrale pare sia stata realizzata negli anni \u201950 e \u201860, ma (il condizionale \u00e8 d\u2019obbligo) il progetto risalirebbe all\u2019epoca fascista.<\/em> La storia completa dell\u2019istituzione \u00e8 reperibile consultando gli \u201carchivi\u201d del quotidiano on line <a href=\"http:\/\/www.cittadimercatosanseverino.it\">www.cittadimercatosanseverino.it<\/a>. <\/p>\n\n\n\n<p><strong>L\u2019intitolazione al santo patrono degli studenti universitari (mentre S. Giuseppe da Copertino lo \u00e8 per quelli delle superiori; S. Remigio \u00e8 protettore dei \u201cremigini\u201d del primo ottobre, ovvero gli scolari delle attuali primarie) \u00e8 avvenuta grazie al compianto don Raffaele Carrat\u00f9. Parroco di una delle chiese della cittadina. Egli, facendo parte del collegio dei docenti nella scuola (insegnava Religione), oper\u00f2 appunto l\u2019intitolazione all\u2019Aquinate. Che visit\u00f2 il celebre castello di San Severino (tra i pi\u00f9 grandi e ingegnosi dell\u2019Italia Meridionale e non solo), vivendo un\u2019estasi paradisiaca pochi mesi prima di morire. L\u2019autore della \u201cSumma Teologica\u201d, nonch\u00e9 dell\u2019inno \u201cPange lingua\u201d (o \u201cTantum ergo\u201d), pregava nella chiesa palaziale (e non plebana o pieve, come quella di S. Nicola) di S. Maria \u2013 proprio tra le mura possenti della fortificazione medievale; con pi\u00f9 cinte (normanna, angioina, aragonese, sveva\u2026). Gli si mostr\u00f2 il Cielo.<\/strong> <\/p>\n\n\n\n<figure class=\"wp-block-image size-full is-resized\"><img loading=\"lazy\" decoding=\"async\" src=\"https:\/\/www.istitutogalanteoliva.it\/magazine\/wp-content\/uploads\/2022\/02\/Foto-articolo-scuola-San-Tommaso-Noia-num-2.jpg\" alt=\"\" class=\"wp-image-11653\" width=\"211\" height=\"213\" srcset=\"https:\/\/www.istitutogalanteoliva.it\/magazine\/wp-content\/uploads\/2022\/02\/Foto-articolo-scuola-San-Tommaso-Noia-num-2.jpg 843w, https:\/\/www.istitutogalanteoliva.it\/magazine\/wp-content\/uploads\/2022\/02\/Foto-articolo-scuola-San-Tommaso-Noia-num-2-296x300.jpg 296w, https:\/\/www.istitutogalanteoliva.it\/magazine\/wp-content\/uploads\/2022\/02\/Foto-articolo-scuola-San-Tommaso-Noia-num-2-150x150.jpg 150w, https:\/\/www.istitutogalanteoliva.it\/magazine\/wp-content\/uploads\/2022\/02\/Foto-articolo-scuola-San-Tommaso-Noia-num-2-768x777.jpg 768w\" sizes=\"auto, (max-width: 211px) 100vw, 211px\" \/><\/figure>\n\n\n\n<p><em>Secondo la storiografia, Tommaso (dapprima celebrato il 7 marzo \u2013 quando gli studenti, negli anni \u201950, effettuavano il precetto pasquale \u2013 e poi \u201cspostato\u201d al 28 gennaio, come oggi) aveva due sorelle \u2013 Maria e Teodora \u2013 sposate ai principi Sanseverino. Che hanno dato il nome alla citt\u00e0. I principi erano Enrico e Ruggiero. Alcuni storiografi, per\u00f2, sostengono che \u2013 in realt\u00e0 \u2013 una sola sorella (non due) fosse sposata a Ruggiero Sanseverino: Maria. Per\u00f2 la storia dei D\u2019Aquino \u00e8 molto suggestiva. Ed \u00e8 entusiasmante il fatto che il grande padre della Chiesa (Tomista) sia transitato per Mercato San Severino. Pare che, morendo, ebbe voglia di assaggiare un\u2019aringa salata. Proprio come S. Francesco d\u2019Assisi \u2013 mutatis mutandis \u2013 volle assaggiare &#8211; sempre in punto di morte &#8211; un mostacciuolo.<\/em> Tornando alla scuola, oggigiorno la \u201cSan Tommaso\u201d ha \u201crilevato\u201d (con le varie leggi sull\u2019autonomia, dalla fine degli anni \u201990) anche l\u2019altro istituto della frazione Piazza del Galdo: la \u201cCapitan Donato Somma\u201d \u2013 presente nella frazione dal 1980. <strong><em>Ricordiamo infine solo alcuni dei presidi e\/o Ds e\/o dirigenti alla guida della scuola succitata \u2013 almeno in questi ultimi anni: a volo d\u2019uccello citiamo Tucci; Mastrangelo; lo scrittore Michele D\u2019Avino; Scarpa; Casciano; Lamberti; Cianciulli; De Bartolomei; Loddo; Vicinanza; Gentile; Nappi; Florimonte; Scagliola. E altri.<\/em><\/strong><\/p>\n\n\n\n<p class=\"has-text-align-left\"><br><br><img loading=\"lazy\" decoding=\"async\" width=\"100\" height=\"100\" class=\"wp-image-6058\" style=\"width: 100px;\" src=\"https:\/\/www.istitutogalanteoliva.it\/magazine\/wp-content\/uploads\/2021\/03\/Anna-Maria1.jpg\" alt=\"\" srcset=\"https:\/\/www.istitutogalanteoliva.it\/magazine\/wp-content\/uploads\/2021\/03\/Anna-Maria1.jpg 674w, https:\/\/www.istitutogalanteoliva.it\/magazine\/wp-content\/uploads\/2021\/03\/Anna-Maria1-300x300.jpg 300w, https:\/\/www.istitutogalanteoliva.it\/magazine\/wp-content\/uploads\/2021\/03\/Anna-Maria1-150x150.jpg 150w\" sizes=\"auto, (max-width: 100px) 100vw, 100px\" \/>  <em><span class=\"has-inline-color has-vivid-cyan-blue-color\"><strong><a href=\"https:\/\/www.istitutogalanteoliva.it\/magazine\/?s=Anna+Maria+Noia+\" target=\"_blank\" rel=\"noreferrer noopener\">Anna Maria Noia <\/a><\/strong><\/span><\/em><\/p>\n<div class=\"pdfprnt-buttons pdfprnt-buttons-post pdfprnt-bottom-left\"><a href=\"https:\/\/www.istitutogalanteoliva.it\/magazine\/wp-json\/wp\/v2\/posts\/11648?print=print\" class=\"pdfprnt-button pdfprnt-button-print\" target=\"_blank\"><img decoding=\"async\" src=\"https:\/\/www.istitutogalanteoliva.it\/magazine\/wp-content\/plugins\/pdf-print\/images\/print.png\" alt=\"image_print\" title=\"Stampa contenuto\" \/><span class=\"pdfprnt-button-title pdfprnt-button-print-title\">Download in PDF<\/span><\/a><\/div>","protected":false},"excerpt":{"rendered":"<p>I giochi matematici e altri progetti per la secondaria di i grado \u201cSan Tommaso\u201d di Mercato San Severino (Salerno)<\/p>\n","protected":false},"author":2,"featured_media":11649,"comment_status":"open","ping_status":"open","sticky":true,"template":"","format":"standard","meta":{"footnotes":""},"categories":[577,51],"tags":[567,590,106],"class_list":["post-11648","post","type-post","status-publish","format-standard","has-post-thumbnail","hentry","category-577","category-scuola","tag-mercato-san-severino","tag-progetti","tag-scuola"],"yoast_head":"<!-- This site is optimized with the Yoast SEO plugin v24.2 - https:\/\/yoast.com\/wordpress\/plugins\/seo\/ -->\n<title>Mercato San Serevrino (SA) ripartono i progetti - Polis SA Magazine<\/title>\n<meta name=\"robots\" content=\"index, follow, max-snippet:-1, max-image-preview:large, max-video-preview:-1\" \/>\n<link rel=\"canonical\" href=\"https:\/\/www.istitutogalanteoliva.it\/magazine\/2022\/02\/28\/mercato-san-severino-sa-ripartono-i-progetti-scolastici\/\" \/>\n<meta property=\"og:locale\" content=\"it_IT\" \/>\n<meta property=\"og:type\" content=\"article\" \/>\n<meta property=\"og:title\" content=\"Mercato San Serevrino (SA) ripartono i progetti - Polis SA Magazine\" \/>\n<meta property=\"og:description\" content=\"I giochi matematici e altri progetti per la secondaria di i grado \u201cSan Tommaso\u201d di Mercato San Severino (Salerno)\" \/>\n<meta property=\"og:url\" content=\"https:\/\/www.istitutogalanteoliva.it\/magazine\/2022\/02\/28\/mercato-san-severino-sa-ripartono-i-progetti-scolastici\/\" \/>\n<meta property=\"og:site_name\" content=\"Polis SA Magazine\" \/>\n<meta property=\"article:publisher\" content=\"https:\/\/www.facebook.com\/PolisSAMagazine\/\" \/>\n<meta property=\"article:published_time\" content=\"2022-02-28T08:22:49+00:00\" \/>\n<meta property=\"article:modified_time\" content=\"2022-02-28T08:35:09+00:00\" \/>\n<meta property=\"og:image\" content=\"https:\/\/www.istitutogalanteoliva.it\/magazine\/wp-content\/uploads\/2022\/02\/Foto-articolo-scuola-San-Tommaso-Noia-num-1.jpg\" \/>\n\t<meta property=\"og:image:width\" content=\"1280\" \/>\n\t<meta property=\"og:image:height\" content=\"720\" \/>\n\t<meta property=\"og:image:type\" content=\"image\/jpeg\" \/>\n<meta name=\"author\" content=\"Antonello Rivano\" \/>\n<meta name=\"twitter:card\" content=\"summary_large_image\" \/>\n<meta name=\"twitter:creator\" content=\"@MagazinePolis\" \/>\n<meta name=\"twitter:site\" content=\"@MagazinePolis\" \/>\n<meta name=\"twitter:label1\" content=\"Scritto da\" \/>\n\t<meta name=\"twitter:data1\" content=\"Antonello Rivano\" \/>\n\t<meta name=\"twitter:label2\" content=\"Tempo di lettura stimato\" \/>\n\t<meta name=\"twitter:data2\" content=\"9 minuti\" \/>\n<script type=\"application\/ld+json\" class=\"yoast-schema-graph\">{\"@context\":\"https:\/\/schema.org\",\"@graph\":[{\"@type\":\"Article\",\"@id\":\"https:\/\/www.istitutogalanteoliva.it\/magazine\/2022\/02\/28\/mercato-san-severino-sa-ripartono-i-progetti-scolastici\/#article\",\"isPartOf\":{\"@id\":\"https:\/\/www.istitutogalanteoliva.it\/magazine\/2022\/02\/28\/mercato-san-severino-sa-ripartono-i-progetti-scolastici\/\"},\"author\":{\"name\":\"Antonello Rivano\",\"@id\":\"https:\/\/www.istitutogalanteoliva.it\/magazine\/#\/schema\/person\/d8b8aa79cfe8babc1df9da3212a7c0c4\"},\"headline\":\"Mercato San Severino (SA), ripartono i progetti scolastici\",\"datePublished\":\"2022-02-28T08:22:49+00:00\",\"dateModified\":\"2022-02-28T08:35:09+00:00\",\"mainEntityOfPage\":{\"@id\":\"https:\/\/www.istitutogalanteoliva.it\/magazine\/2022\/02\/28\/mercato-san-severino-sa-ripartono-i-progetti-scolastici\/\"},\"wordCount\":1476,\"commentCount\":0,\"publisher\":{\"@id\":\"https:\/\/www.istitutogalanteoliva.it\/magazine\/#organization\"},\"image\":{\"@id\":\"https:\/\/www.istitutogalanteoliva.it\/magazine\/2022\/02\/28\/mercato-san-severino-sa-ripartono-i-progetti-scolastici\/#primaryimage\"},\"thumbnailUrl\":\"https:\/\/www.istitutogalanteoliva.it\/magazine\/wp-content\/uploads\/2022\/02\/Foto-articolo-scuola-San-Tommaso-Noia-num-1.jpg\",\"keywords\":[\"mercato san severino\",\"progetti\",\"scuola\"],\"articleSection\":[\"2022\",\"Scuola\"],\"inLanguage\":\"it-IT\",\"potentialAction\":[{\"@type\":\"CommentAction\",\"name\":\"Comment\",\"target\":[\"https:\/\/www.istitutogalanteoliva.it\/magazine\/2022\/02\/28\/mercato-san-severino-sa-ripartono-i-progetti-scolastici\/#respond\"]}]},{\"@type\":\"WebPage\",\"@id\":\"https:\/\/www.istitutogalanteoliva.it\/magazine\/2022\/02\/28\/mercato-san-severino-sa-ripartono-i-progetti-scolastici\/\",\"url\":\"https:\/\/www.istitutogalanteoliva.it\/magazine\/2022\/02\/28\/mercato-san-severino-sa-ripartono-i-progetti-scolastici\/\",\"name\":\"Mercato San Serevrino (SA) ripartono i progetti - Polis SA Magazine\",\"isPartOf\":{\"@id\":\"https:\/\/www.istitutogalanteoliva.it\/magazine\/#website\"},\"primaryImageOfPage\":{\"@id\":\"https:\/\/www.istitutogalanteoliva.it\/magazine\/2022\/02\/28\/mercato-san-severino-sa-ripartono-i-progetti-scolastici\/#primaryimage\"},\"image\":{\"@id\":\"https:\/\/www.istitutogalanteoliva.it\/magazine\/2022\/02\/28\/mercato-san-severino-sa-ripartono-i-progetti-scolastici\/#primaryimage\"},\"thumbnailUrl\":\"https:\/\/www.istitutogalanteoliva.it\/magazine\/wp-content\/uploads\/2022\/02\/Foto-articolo-scuola-San-Tommaso-Noia-num-1.jpg\",\"datePublished\":\"2022-02-28T08:22:49+00:00\",\"dateModified\":\"2022-02-28T08:35:09+00:00\",\"breadcrumb\":{\"@id\":\"https:\/\/www.istitutogalanteoliva.it\/magazine\/2022\/02\/28\/mercato-san-severino-sa-ripartono-i-progetti-scolastici\/#breadcrumb\"},\"inLanguage\":\"it-IT\",\"potentialAction\":[{\"@type\":\"ReadAction\",\"target\":[\"https:\/\/www.istitutogalanteoliva.it\/magazine\/2022\/02\/28\/mercato-san-severino-sa-ripartono-i-progetti-scolastici\/\"]}]},{\"@type\":\"ImageObject\",\"inLanguage\":\"it-IT\",\"@id\":\"https:\/\/www.istitutogalanteoliva.it\/magazine\/2022\/02\/28\/mercato-san-severino-sa-ripartono-i-progetti-scolastici\/#primaryimage\",\"url\":\"https:\/\/www.istitutogalanteoliva.it\/magazine\/wp-content\/uploads\/2022\/02\/Foto-articolo-scuola-San-Tommaso-Noia-num-1.jpg\",\"contentUrl\":\"https:\/\/www.istitutogalanteoliva.it\/magazine\/wp-content\/uploads\/2022\/02\/Foto-articolo-scuola-San-Tommaso-Noia-num-1.jpg\",\"width\":1280,\"height\":720,\"caption\":\"progetti solastici\"},{\"@type\":\"BreadcrumbList\",\"@id\":\"https:\/\/www.istitutogalanteoliva.it\/magazine\/2022\/02\/28\/mercato-san-severino-sa-ripartono-i-progetti-scolastici\/#breadcrumb\",\"itemListElement\":[{\"@type\":\"ListItem\",\"position\":1,\"name\":\"Home\",\"item\":\"https:\/\/www.istitutogalanteoliva.it\/magazine\/\"},{\"@type\":\"ListItem\",\"position\":2,\"name\":\"Mercato San Severino (SA), ripartono i progetti scolastici\"}]},{\"@type\":\"WebSite\",\"@id\":\"https:\/\/www.istitutogalanteoliva.it\/magazine\/#website\",\"url\":\"https:\/\/www.istitutogalanteoliva.it\/magazine\/\",\"name\":\"POLIS SA MAGAZINE\",\"description\":\"Informazione e approfondimenti\",\"publisher\":{\"@id\":\"https:\/\/www.istitutogalanteoliva.it\/magazine\/#organization\"},\"potentialAction\":[{\"@type\":\"SearchAction\",\"target\":{\"@type\":\"EntryPoint\",\"urlTemplate\":\"https:\/\/www.istitutogalanteoliva.it\/magazine\/?s={search_term_string}\"},\"query-input\":{\"@type\":\"PropertyValueSpecification\",\"valueRequired\":true,\"valueName\":\"search_term_string\"}}],\"inLanguage\":\"it-IT\"},{\"@type\":\"Organization\",\"@id\":\"https:\/\/www.istitutogalanteoliva.it\/magazine\/#organization\",\"name\":\"Polis SA Magazine\",\"url\":\"https:\/\/www.istitutogalanteoliva.it\/magazine\/\",\"logo\":{\"@type\":\"ImageObject\",\"inLanguage\":\"it-IT\",\"@id\":\"https:\/\/www.istitutogalanteoliva.it\/magazine\/#\/schema\/logo\/image\/\",\"url\":\"\",\"contentUrl\":\"\",\"caption\":\"Polis SA Magazine\"},\"image\":{\"@id\":\"https:\/\/www.istitutogalanteoliva.it\/magazine\/#\/schema\/logo\/image\/\"},\"sameAs\":[\"https:\/\/www.facebook.com\/PolisSAMagazine\/\",\"https:\/\/x.com\/MagazinePolis\",\"https:\/\/www.youtube.com\/channel\/UCv0Mr5AHKUmsc0sEEXkJrgw\"]},{\"@type\":\"Person\",\"@id\":\"https:\/\/www.istitutogalanteoliva.it\/magazine\/#\/schema\/person\/d8b8aa79cfe8babc1df9da3212a7c0c4\",\"name\":\"Antonello Rivano\",\"image\":{\"@type\":\"ImageObject\",\"inLanguage\":\"it-IT\",\"@id\":\"https:\/\/www.istitutogalanteoliva.it\/magazine\/#\/schema\/person\/image\/\",\"url\":\"https:\/\/secure.gravatar.com\/avatar\/517a9a6487a7a18ecc4ce6d2e57a8f40?s=96&d=mm&r=g\",\"contentUrl\":\"https:\/\/secure.gravatar.com\/avatar\/517a9a6487a7a18ecc4ce6d2e57a8f40?s=96&d=mm&r=g\",\"caption\":\"Antonello Rivano\"},\"url\":\"https:\/\/www.istitutogalanteoliva.it\/magazine\/author\/antonello\/\"}]}<\/script>\n<!-- \/ Yoast SEO plugin. -->","yoast_head_json":{"title":"Mercato San Serevrino (SA) ripartono i progetti - Polis SA Magazine","robots":{"index":"index","follow":"follow","max-snippet":"max-snippet:-1","max-image-preview":"max-image-preview:large","max-video-preview":"max-video-preview:-1"},"canonical":"https:\/\/www.istitutogalanteoliva.it\/magazine\/2022\/02\/28\/mercato-san-severino-sa-ripartono-i-progetti-scolastici\/","og_locale":"it_IT","og_type":"article","og_title":"Mercato San Serevrino (SA) ripartono i progetti - Polis SA Magazine","og_description":"I giochi matematici e altri progetti per la secondaria di i grado \u201cSan Tommaso\u201d di Mercato San Severino (Salerno)","og_url":"https:\/\/www.istitutogalanteoliva.it\/magazine\/2022\/02\/28\/mercato-san-severino-sa-ripartono-i-progetti-scolastici\/","og_site_name":"Polis SA Magazine","article_publisher":"https:\/\/www.facebook.com\/PolisSAMagazine\/","article_published_time":"2022-02-28T08:22:49+00:00","article_modified_time":"2022-02-28T08:35:09+00:00","og_image":[{"width":1280,"height":720,"url":"https:\/\/www.istitutogalanteoliva.it\/magazine\/wp-content\/uploads\/2022\/02\/Foto-articolo-scuola-San-Tommaso-Noia-num-1.jpg","type":"image\/jpeg"}],"author":"Antonello Rivano","twitter_card":"summary_large_image","twitter_creator":"@MagazinePolis","twitter_site":"@MagazinePolis","twitter_misc":{"Scritto da":"Antonello Rivano","Tempo di lettura stimato":"9 minuti"},"schema":{"@context":"https:\/\/schema.org","@graph":[{"@type":"Article","@id":"https:\/\/www.istitutogalanteoliva.it\/magazine\/2022\/02\/28\/mercato-san-severino-sa-ripartono-i-progetti-scolastici\/#article","isPartOf":{"@id":"https:\/\/www.istitutogalanteoliva.it\/magazine\/2022\/02\/28\/mercato-san-severino-sa-ripartono-i-progetti-scolastici\/"},"author":{"name":"Antonello Rivano","@id":"https:\/\/www.istitutogalanteoliva.it\/magazine\/#\/schema\/person\/d8b8aa79cfe8babc1df9da3212a7c0c4"},"headline":"Mercato San Severino (SA), ripartono i progetti scolastici","datePublished":"2022-02-28T08:22:49+00:00","dateModified":"2022-02-28T08:35:09+00:00","mainEntityOfPage":{"@id":"https:\/\/www.istitutogalanteoliva.it\/magazine\/2022\/02\/28\/mercato-san-severino-sa-ripartono-i-progetti-scolastici\/"},"wordCount":1476,"commentCount":0,"publisher":{"@id":"https:\/\/www.istitutogalanteoliva.it\/magazine\/#organization"},"image":{"@id":"https:\/\/www.istitutogalanteoliva.it\/magazine\/2022\/02\/28\/mercato-san-severino-sa-ripartono-i-progetti-scolastici\/#primaryimage"},"thumbnailUrl":"https:\/\/www.istitutogalanteoliva.it\/magazine\/wp-content\/uploads\/2022\/02\/Foto-articolo-scuola-San-Tommaso-Noia-num-1.jpg","keywords":["mercato san severino","progetti","scuola"],"articleSection":["2022","Scuola"],"inLanguage":"it-IT","potentialAction":[{"@type":"CommentAction","name":"Comment","target":["https:\/\/www.istitutogalanteoliva.it\/magazine\/2022\/02\/28\/mercato-san-severino-sa-ripartono-i-progetti-scolastici\/#respond"]}]},{"@type":"WebPage","@id":"https:\/\/www.istitutogalanteoliva.it\/magazine\/2022\/02\/28\/mercato-san-severino-sa-ripartono-i-progetti-scolastici\/","url":"https:\/\/www.istitutogalanteoliva.it\/magazine\/2022\/02\/28\/mercato-san-severino-sa-ripartono-i-progetti-scolastici\/","name":"Mercato San Serevrino (SA) ripartono i progetti - Polis SA Magazine","isPartOf":{"@id":"https:\/\/www.istitutogalanteoliva.it\/magazine\/#website"},"primaryImageOfPage":{"@id":"https:\/\/www.istitutogalanteoliva.it\/magazine\/2022\/02\/28\/mercato-san-severino-sa-ripartono-i-progetti-scolastici\/#primaryimage"},"image":{"@id":"https:\/\/www.istitutogalanteoliva.it\/magazine\/2022\/02\/28\/mercato-san-severino-sa-ripartono-i-progetti-scolastici\/#primaryimage"},"thumbnailUrl":"https:\/\/www.istitutogalanteoliva.it\/magazine\/wp-content\/uploads\/2022\/02\/Foto-articolo-scuola-San-Tommaso-Noia-num-1.jpg","datePublished":"2022-02-28T08:22:49+00:00","dateModified":"2022-02-28T08:35:09+00:00","breadcrumb":{"@id":"https:\/\/www.istitutogalanteoliva.it\/magazine\/2022\/02\/28\/mercato-san-severino-sa-ripartono-i-progetti-scolastici\/#breadcrumb"},"inLanguage":"it-IT","potentialAction":[{"@type":"ReadAction","target":["https:\/\/www.istitutogalanteoliva.it\/magazine\/2022\/02\/28\/mercato-san-severino-sa-ripartono-i-progetti-scolastici\/"]}]},{"@type":"ImageObject","inLanguage":"it-IT","@id":"https:\/\/www.istitutogalanteoliva.it\/magazine\/2022\/02\/28\/mercato-san-severino-sa-ripartono-i-progetti-scolastici\/#primaryimage","url":"https:\/\/www.istitutogalanteoliva.it\/magazine\/wp-content\/uploads\/2022\/02\/Foto-articolo-scuola-San-Tommaso-Noia-num-1.jpg","contentUrl":"https:\/\/www.istitutogalanteoliva.it\/magazine\/wp-content\/uploads\/2022\/02\/Foto-articolo-scuola-San-Tommaso-Noia-num-1.jpg","width":1280,"height":720,"caption":"progetti solastici"},{"@type":"BreadcrumbList","@id":"https:\/\/www.istitutogalanteoliva.it\/magazine\/2022\/02\/28\/mercato-san-severino-sa-ripartono-i-progetti-scolastici\/#breadcrumb","itemListElement":[{"@type":"ListItem","position":1,"name":"Home","item":"https:\/\/www.istitutogalanteoliva.it\/magazine\/"},{"@type":"ListItem","position":2,"name":"Mercato San Severino (SA), ripartono i progetti scolastici"}]},{"@type":"WebSite","@id":"https:\/\/www.istitutogalanteoliva.it\/magazine\/#website","url":"https:\/\/www.istitutogalanteoliva.it\/magazine\/","name":"POLIS SA MAGAZINE","description":"Informazione e approfondimenti","publisher":{"@id":"https:\/\/www.istitutogalanteoliva.it\/magazine\/#organization"},"potentialAction":[{"@type":"SearchAction","target":{"@type":"EntryPoint","urlTemplate":"https:\/\/www.istitutogalanteoliva.it\/magazine\/?s={search_term_string}"},"query-input":{"@type":"PropertyValueSpecification","valueRequired":true,"valueName":"search_term_string"}}],"inLanguage":"it-IT"},{"@type":"Organization","@id":"https:\/\/www.istitutogalanteoliva.it\/magazine\/#organization","name":"Polis SA Magazine","url":"https:\/\/www.istitutogalanteoliva.it\/magazine\/","logo":{"@type":"ImageObject","inLanguage":"it-IT","@id":"https:\/\/www.istitutogalanteoliva.it\/magazine\/#\/schema\/logo\/image\/","url":"","contentUrl":"","caption":"Polis SA Magazine"},"image":{"@id":"https:\/\/www.istitutogalanteoliva.it\/magazine\/#\/schema\/logo\/image\/"},"sameAs":["https:\/\/www.facebook.com\/PolisSAMagazine\/","https:\/\/x.com\/MagazinePolis","https:\/\/www.youtube.com\/channel\/UCv0Mr5AHKUmsc0sEEXkJrgw"]},{"@type":"Person","@id":"https:\/\/www.istitutogalanteoliva.it\/magazine\/#\/schema\/person\/d8b8aa79cfe8babc1df9da3212a7c0c4","name":"Antonello Rivano","image":{"@type":"ImageObject","inLanguage":"it-IT","@id":"https:\/\/www.istitutogalanteoliva.it\/magazine\/#\/schema\/person\/image\/","url":"https:\/\/secure.gravatar.com\/avatar\/517a9a6487a7a18ecc4ce6d2e57a8f40?s=96&d=mm&r=g","contentUrl":"https:\/\/secure.gravatar.com\/avatar\/517a9a6487a7a18ecc4ce6d2e57a8f40?s=96&d=mm&r=g","caption":"Antonello Rivano"},"url":"https:\/\/www.istitutogalanteoliva.it\/magazine\/author\/antonello\/"}]}},"_links":{"self":[{"href":"https:\/\/www.istitutogalanteoliva.it\/magazine\/wp-json\/wp\/v2\/posts\/11648","targetHints":{"allow":["GET"]}}],"collection":[{"href":"https:\/\/www.istitutogalanteoliva.it\/magazine\/wp-json\/wp\/v2\/posts"}],"about":[{"href":"https:\/\/www.istitutogalanteoliva.it\/magazine\/wp-json\/wp\/v2\/types\/post"}],"author":[{"embeddable":true,"href":"https:\/\/www.istitutogalanteoliva.it\/magazine\/wp-json\/wp\/v2\/users\/2"}],"replies":[{"embeddable":true,"href":"https:\/\/www.istitutogalanteoliva.it\/magazine\/wp-json\/wp\/v2\/comments?post=11648"}],"version-history":[{"count":2,"href":"https:\/\/www.istitutogalanteoliva.it\/magazine\/wp-json\/wp\/v2\/posts\/11648\/revisions"}],"predecessor-version":[{"id":11656,"href":"https:\/\/www.istitutogalanteoliva.it\/magazine\/wp-json\/wp\/v2\/posts\/11648\/revisions\/11656"}],"wp:featuredmedia":[{"embeddable":true,"href":"https:\/\/www.istitutogalanteoliva.it\/magazine\/wp-json\/wp\/v2\/media\/11649"}],"wp:attachment":[{"href":"https:\/\/www.istitutogalanteoliva.it\/magazine\/wp-json\/wp\/v2\/media?parent=11648"}],"wp:term":[{"taxonomy":"category","embeddable":true,"href":"https:\/\/www.istitutogalanteoliva.it\/magazine\/wp-json\/wp\/v2\/categories?post=11648"},{"taxonomy":"post_tag","embeddable":true,"href":"https:\/\/www.istitutogalanteoliva.it\/magazine\/wp-json\/wp\/v2\/tags?post=11648"}],"curies":[{"name":"wp","href":"https:\/\/api.w.org\/{rel}","templated":true}]}}