{"id":11663,"date":"2022-03-04T08:00:00","date_gmt":"2022-03-04T07:00:00","guid":{"rendered":"https:\/\/www.istitutogalanteoliva.it\/magazine\/?p=11663"},"modified":"2022-03-03T16:49:28","modified_gmt":"2022-03-03T15:49:28","slug":"salerno-le-foto-di-michele-de-angelis-al-centro-di-un-incontro-promosso-dal-mudif-a-villa-lanzara","status":"publish","type":"post","link":"https:\/\/www.istitutogalanteoliva.it\/magazine\/2022\/03\/04\/salerno-le-foto-di-michele-de-angelis-al-centro-di-un-incontro-promosso-dal-mudif-a-villa-lanzara\/","title":{"rendered":"Salerno. Le foto di Michele De Angelis al centro di un incontro promosso dal Mudif a Villa Lanzara"},"content":{"rendered":"\n<p><\/p>\n\n\n\n<p><strong><em>Villa Lanzara-Del Balzo\/SARNO \u2013 venerd\u00ec 4 marzo 2022<\/em><\/strong><\/p>\n\n\n\n<p>Uno sguardo sul passato attraverso la lente di ottocento negativi prodotti da Michele De Angelis, che hanno cristallizzato la bellezza di una Salerno prebellica prima che l\u2019urbanizzazione le cambiasse il volto nel secondo dopoguerra.&nbsp;<\/p>\n\n\n\n<p><strong>Venerd\u00ec 4 marzo<\/strong> alle <strong>ore 10<\/strong>, a Villa Lanzara-Del Balzo (via Giuseppe Lanzara, 31) a Sarno, nel corso dell\u2019appuntamento <strong>\u201cSguardi sul \u2018900\u201d<\/strong> sar\u00e0 presentato l\u2019archivio fotografico di Michele De Angelis e il recupero dei primi ottocento negativi su lastra di vetro.&nbsp;<\/p>\n\n\n\n<p>L\u2019iniziativa \u2013 organizzata dal <strong>Museo didattico della Fotografia (Mudif)<\/strong>, articolazione dell\u2019associazione di promozione sociale <strong>Il DIDRAMMO APS,<\/strong> e dalla <strong>Soprintendenza Archivistica e Bibliografica della Campania<\/strong> \u2013 si avvale del patrocinio del <strong>Comune di Sarno<\/strong> e della <strong>Societ\u00e0 Salernitana Storia Patria<\/strong>.<\/p>\n\n\n\n<p>L\u2019incontro sar\u00e0 coordinato da <strong>Vincenzo Petrosino<\/strong>, presidente de IL DIDRAMMO APS-Mudif. Interverranno il sindaco del Comune di Sarno <strong>Giuseppe Canfora<\/strong>; il soprintendente Archivistico e Bibliografico della Campania <strong>Gabriele Capone<\/strong>; la storica dell\u2019arte <strong>Emilia Alfinito<\/strong>; <strong>Michela Sessa<\/strong> della Societ\u00e0 Salernitana di Storia Patria e <strong>Rosario Petrosino<\/strong> del Laboratorio di Restauro de IL DIDRAMMO APS.<\/p>\n\n\n\n<figure class=\"wp-block-gallery columns-3 is-cropped wp-block-gallery-1 is-layout-flex wp-block-gallery-is-layout-flex\"><ul class=\"blocks-gallery-grid\"><li class=\"blocks-gallery-item\"><figure><img loading=\"lazy\" decoding=\"async\" width=\"1024\" height=\"737\" src=\"https:\/\/www.istitutogalanteoliva.it\/magazine\/wp-content\/uploads\/2022\/03\/BH_MDA_0364_NEV-1024x737.jpg\" alt=\"\" data-id=\"11666\" data-link=\"https:\/\/www.istitutogalanteoliva.it\/magazine\/?attachment_id=11666\" class=\"wp-image-11666\" srcset=\"https:\/\/www.istitutogalanteoliva.it\/magazine\/wp-content\/uploads\/2022\/03\/BH_MDA_0364_NEV-1024x737.jpg 1024w, https:\/\/www.istitutogalanteoliva.it\/magazine\/wp-content\/uploads\/2022\/03\/BH_MDA_0364_NEV-300x216.jpg 300w, https:\/\/www.istitutogalanteoliva.it\/magazine\/wp-content\/uploads\/2022\/03\/BH_MDA_0364_NEV-768x553.jpg 768w, https:\/\/www.istitutogalanteoliva.it\/magazine\/wp-content\/uploads\/2022\/03\/BH_MDA_0364_NEV-1536x1105.jpg 1536w, https:\/\/www.istitutogalanteoliva.it\/magazine\/wp-content\/uploads\/2022\/03\/BH_MDA_0364_NEV.jpg 2000w\" sizes=\"auto, (max-width: 1024px) 100vw, 1024px\" \/><\/figure><\/li><li class=\"blocks-gallery-item\"><figure><img loading=\"lazy\" decoding=\"async\" width=\"1024\" height=\"709\" src=\"https:\/\/www.istitutogalanteoliva.it\/magazine\/wp-content\/uploads\/2022\/03\/AM_MDA_0254_NEV-1024x709.jpg\" alt=\"\" data-id=\"11668\" data-link=\"https:\/\/www.istitutogalanteoliva.it\/magazine\/?attachment_id=11668\" class=\"wp-image-11668\" srcset=\"https:\/\/www.istitutogalanteoliva.it\/magazine\/wp-content\/uploads\/2022\/03\/AM_MDA_0254_NEV-1024x709.jpg 1024w, https:\/\/www.istitutogalanteoliva.it\/magazine\/wp-content\/uploads\/2022\/03\/AM_MDA_0254_NEV-300x208.jpg 300w, https:\/\/www.istitutogalanteoliva.it\/magazine\/wp-content\/uploads\/2022\/03\/AM_MDA_0254_NEV-768x531.jpg 768w, https:\/\/www.istitutogalanteoliva.it\/magazine\/wp-content\/uploads\/2022\/03\/AM_MDA_0254_NEV-1536x1063.jpg 1536w, https:\/\/www.istitutogalanteoliva.it\/magazine\/wp-content\/uploads\/2022\/03\/AM_MDA_0254_NEV.jpg 2000w\" sizes=\"auto, (max-width: 1024px) 100vw, 1024px\" \/><\/figure><\/li><li class=\"blocks-gallery-item\"><figure><img loading=\"lazy\" decoding=\"async\" width=\"1024\" height=\"722\" src=\"https:\/\/www.istitutogalanteoliva.it\/magazine\/wp-content\/uploads\/2022\/03\/AO_MDA_0265_NEV-2-1024x722.jpg\" alt=\"\" data-id=\"11670\" data-full-url=\"https:\/\/www.istitutogalanteoliva.it\/magazine\/wp-content\/uploads\/2022\/03\/AO_MDA_0265_NEV-2.jpg\" data-link=\"https:\/\/www.istitutogalanteoliva.it\/magazine\/?attachment_id=11670\" class=\"wp-image-11670\" srcset=\"https:\/\/www.istitutogalanteoliva.it\/magazine\/wp-content\/uploads\/2022\/03\/AO_MDA_0265_NEV-2-1024x722.jpg 1024w, https:\/\/www.istitutogalanteoliva.it\/magazine\/wp-content\/uploads\/2022\/03\/AO_MDA_0265_NEV-2-300x212.jpg 300w, https:\/\/www.istitutogalanteoliva.it\/magazine\/wp-content\/uploads\/2022\/03\/AO_MDA_0265_NEV-2-768x542.jpg 768w, https:\/\/www.istitutogalanteoliva.it\/magazine\/wp-content\/uploads\/2022\/03\/AO_MDA_0265_NEV-2-1536x1084.jpg 1536w, https:\/\/www.istitutogalanteoliva.it\/magazine\/wp-content\/uploads\/2022\/03\/AO_MDA_0265_NEV-2.jpg 2000w\" sizes=\"auto, (max-width: 1024px) 100vw, 1024px\" \/><\/figure><\/li><\/ul><\/figure>\n\n\n\n<p><em>\u201cIl fondo De Angelis \u00e8 composto da <\/em><strong>2.047<\/strong> <em>fototipi che contiamo di recuperare completamente entro la fine dell\u2019anno<\/em> \u2013 ha spiegato il <strong>presidente del Mudif Vincenzo Petrosino<\/strong> \u2013 <em>Il recupero dei primi <a>ottocento negativi su lastra di vetro<\/a> \u00e8 stato possibile grazie al finanziamento del Ministero della Cultura (Mic) tramite la Soprintendenza Archivistica e Bibliografica della Campania; il restante materiale verr\u00e0 restaurato grazie all\u2019intervento della Regione Campania e sar\u00e0 reso pubblico nel corso di un convegno che si terr\u00e0 a Salerno negli ultimi mesi dell\u2019anno e a cui far\u00e0 da corollario una mostra dedicata\u201d. <strong>Vincenzo Petrosino<\/strong> ha, poi, aggiunto: \u201cRecuperare un archivio significa condividere una memoria storica che altrimenti andrebbe perduta. Il restauro di un fondo come quello di De Angelis ha un valore ingegneristico e architettonico, ma assume anche una valenza sociale e culturale. De Angelis ha realizzato e costruito il liceo \u201cTasso\u201d, l\u2019edificio Barra a Salerno; ha rivisto l\u2019urbanistica della citt\u00e0 e del suo Lungomare; ha rilevato la trasformazione di buona parte della provincia: da Maiori al Cilento. La sua documentazione \u00e8 di alto valore storico. Con questa operazione restituiamo alla citt\u00e0 e agli studiosi testimonianze fondamentali anche per eventuali e futuri interventi di ripristino e ristrutturazione tecnico-urbanistica del territorio<\/em>\u201d.<\/p>\n\n\n\n<figure class=\"wp-block-image size-large is-resized\"><img loading=\"lazy\" decoding=\"async\" src=\"https:\/\/www.istitutogalanteoliva.it\/magazine\/wp-content\/uploads\/2022\/03\/DSC_0165-1024x681.jpg\" alt=\"\" class=\"wp-image-11664\" width=\"512\" height=\"341\" srcset=\"https:\/\/www.istitutogalanteoliva.it\/magazine\/wp-content\/uploads\/2022\/03\/DSC_0165-1024x681.jpg 1024w, https:\/\/www.istitutogalanteoliva.it\/magazine\/wp-content\/uploads\/2022\/03\/DSC_0165-300x200.jpg 300w, https:\/\/www.istitutogalanteoliva.it\/magazine\/wp-content\/uploads\/2022\/03\/DSC_0165-768x511.jpg 768w, https:\/\/www.istitutogalanteoliva.it\/magazine\/wp-content\/uploads\/2022\/03\/DSC_0165-1536x1020.jpg 1536w, https:\/\/www.istitutogalanteoliva.it\/magazine\/wp-content\/uploads\/2022\/03\/DSC_0165-675x450.jpg 675w, https:\/\/www.istitutogalanteoliva.it\/magazine\/wp-content\/uploads\/2022\/03\/DSC_0165.jpg 2000w\" sizes=\"auto, (max-width: 512px) 100vw, 512px\" \/><\/figure>\n\n\n\n<p><em>\u201cCi \u00e8 sembrato doveroso presentare il restauro dei primi ottocento negativi su lastra di vetro di De Angelis qui a Sarno, dove hanno sede i laboratori di restauro e conservazione dell\u2019associazione IL DIDRAMMO <\/em>\u2013 ha sottolineato <strong>Rosario Petrosino direttore Mudif <\/strong>e<strong> del Laboratorio di Restauro de <\/strong>ILDIDRAMMO\u2013 <em>I primi 800 negativi sono di gelatina ai sali d\u2019argento su vetro, di vari formati, e tra essi ve ne sono anche di quelli su supporto plastico. Le foto documentano l\u2019operato dell\u2019ingegner De Angelis che, da fotoamatore, scattava delle fotografie al termine di ogni suo lavoro, lasciando cos\u00ec traccia del volto di Salerno nei primi decenni del \u2018900 e regalandoci in eredit\u00e0 importanti documenti storici. I negativi su lastra di vetro erano conservati in condizioni discrete, ma hanno comunque implicato un delicato lavoro come l\u2019asportazione di collanti e sporcizia dall\u2019emulsione sensibile o, come in numerosi casi, il consolidamento del supporto di vetro rotto o incrinato. Per le lastre rotte in pi\u00f9 pezzi, si \u00e8 proceduto all\u2019assemblaggio in sandwich di vetro, ricostruendo il puzzle di tutti gli elementi. Tutte le lastre sono state pulite, utilizzando diverse tecniche, nel pieno rispetto della salvaguardia dei diversi materiali utilizzati. Il fondo \u00e8 donato con atto privato al Mudif su iniziativa delle nipoti dell\u2019ingegnere, Lucia ed Emilia De Angelis e Emilia Alfinito, exfunzionaria, quest\u2019ultima, della Soprintendenza di Salerno, gi\u00e0 direttore della Certosa di Padula e del Museo Archeologico di Sarno.<\/em><\/p>\n\n\n\n<p><em>\u201cLa foto \u00e8 uno dei supporti documentari che in questo momento mi interessa di pi\u00f9: si presta al racconto di un tempo legandolo al nostro presente, \u00e8 medium tra genitori e figli, nonni e nipoti, funge da connessione<\/em> \u2013 ha rimarcato <strong>Gabriele Capone, alla guida della Soprintendenza Archivistica e Bibliografica della Campania<\/strong> \u2013 <em>Nel caso del fondo De Angelis, come Soprintendenza, abbiamo supportato le attivit\u00e0 di restauro. Con il lavoro svolto, vediamo come siano cambiati i luoghi oppure come siano rimasti inalterati. Inoltre recuperiamo personaggi fondamentali come De Angelis, figura centrale per la Salerno del ventesimo secolo. Un tecnico, un professionista, ma soprattutto una persona che dimostra sensibilit\u00e0 nella documentazione e nella cristallizzazione del tempo. Il suo \u00e8 un regalo, non solo per le opere fotografiche pervenuteci, ma anche perch\u00e9 l\u2019impianto restaurato diventa testimonianza unica. Qui entra in gioco l\u2019importanza di restauro, conservazione e promozione da parte del Mudif. Dobbiamo insistere soprattutto con le nuove generazioni, raccontando loro questi personaggi storici, mostrando come sia possibile credere nel proprio talento. Il Mudif sta facendo uno straordinario intervento, ossia quello di connettere questi documenti con il mondo della scuola, con gli istituti educativi, fornendo ai giovani altre forme di esemplarit\u00e0, altri modi di emergere rispetto a quello che \u00e8 lo spazio comune di interlocuzione\u201d.<\/em><\/p>\n\n\n\n<figure class=\"wp-block-image size-large is-resized\"><img loading=\"lazy\" decoding=\"async\" src=\"https:\/\/www.istitutogalanteoliva.it\/magazine\/wp-content\/uploads\/2022\/03\/DSC_0012-2-1024x681.jpg\" alt=\"\" class=\"wp-image-11665\" width=\"512\" height=\"341\" srcset=\"https:\/\/www.istitutogalanteoliva.it\/magazine\/wp-content\/uploads\/2022\/03\/DSC_0012-2-1024x681.jpg 1024w, https:\/\/www.istitutogalanteoliva.it\/magazine\/wp-content\/uploads\/2022\/03\/DSC_0012-2-300x200.jpg 300w, https:\/\/www.istitutogalanteoliva.it\/magazine\/wp-content\/uploads\/2022\/03\/DSC_0012-2-768x511.jpg 768w, https:\/\/www.istitutogalanteoliva.it\/magazine\/wp-content\/uploads\/2022\/03\/DSC_0012-2-1536x1020.jpg 1536w, https:\/\/www.istitutogalanteoliva.it\/magazine\/wp-content\/uploads\/2022\/03\/DSC_0012-2-675x450.jpg 675w, https:\/\/www.istitutogalanteoliva.it\/magazine\/wp-content\/uploads\/2022\/03\/DSC_0012-2.jpg 2000w\" sizes=\"auto, (max-width: 512px) 100vw, 512px\" \/><\/figure>\n\n\n\n<p><strong><em>Michele De Angelis, ingegnere, \u00e8 nato a Salerno nel 1875 ed \u00e8 morto nel 1939. Dopo gli studi universitari a Napoli, De Angelis inizi\u00f2 la sua carriera insieme allo zio, l\u2019ingegner Filippo Giordano, nella costruzione del Convento dei Cappuccini, a Salerno. Ben presto passione e competenza alimentano un meritato prestigio tecnico e professionale con impegni sempre pi\u00f9 incalzanti e importanti. Tra i principali lavori architettonici eseguiti da De Angelis si annoverano la costruzione del Liceo \u201cTorquato Tasso\u201d (1929) di Salerno; l\u2019edificio scolastico orientale; i magazzini generali; l\u2019acquedotto detto delle Mammarelle; l\u2019Edificio Scolastico Occidentale; l\u2019Edificio scolastico di Maiori; la sistemazione del lungomare; lavori di rinforzo delle fondamenta del Duomo e restauri provvisori del tetto (1927); lavori di restauro del tetto sul transetto e sistemazione dei monumenti presenti nel duomo (1930\/34).<\/em><\/strong><\/p>\n\n\n\n<p><strong><em>Testimone attento del suo tempo, per ogni lavoro eseguito Michele De Angelis provvedeva a realizzare una documentazione fotografica prima e dopo l\u2019intervento architettonico. Le sue foto documentano puntualmente progettazioni ed interventi architettonici ex novo; interventi di restauro architettonico; trasformazioni del paesaggio urbano, nonch\u00e9 eventi con fatti e persone riguardanti la vita sociale e politica di Salerno in un periodo particolarmente denso di eventi a cavallo dei due secoli e sino alla fine degli anni \u201830 del Novecento.<\/em><\/strong><\/p>\n\n\n\n<p><strong><em>I materiali fotografici prodotti da Michele De Angelis sono nella disponibilit\u00e0 dell\u2019archivio fotografico del Museo Didattico della Fotografia dell\u2019Associazione IL DIDRAMMO aps grazie alla volont\u00e0 degli eredi De Angelis.<\/em><\/strong><\/p>\n\n\n\n<p><strong>Ufficio stampa MUDIF \u2013 MUSEO DIDATTICO DELLA FOTOGRAFIA<\/strong><\/p>\n\n\n\n<p>Email: press@ildidrammo.it<\/p>\n\n\n\n<p>Davide Speranza: cell. 339 726 3428<\/p>\n\n\n\n<p>Alfonsina Caputano: cell. 349 571 0084<\/p>\n\n\n\n<p>Sede Mudif: via San Domenico, 1 \u2013 Sarno (Sa)<\/p>\n<div class=\"pdfprnt-buttons pdfprnt-buttons-post pdfprnt-bottom-left\"><a href=\"https:\/\/www.istitutogalanteoliva.it\/magazine\/wp-json\/wp\/v2\/posts\/11663?print=print\" class=\"pdfprnt-button pdfprnt-button-print\" target=\"_blank\"><img decoding=\"async\" src=\"https:\/\/www.istitutogalanteoliva.it\/magazine\/wp-content\/plugins\/pdf-print\/images\/print.png\" alt=\"image_print\" title=\"Stampa contenuto\" \/><span class=\"pdfprnt-button-title pdfprnt-button-print-title\">Download in PDF<\/span><\/a><\/div>","protected":false},"excerpt":{"rendered":"<p>Presentazione progetto: il restauro dei primi ottocento negativi su lastra di vetro, che testimoniano il volto di Salerno nei primi decenni del \u2018900<\/p>\n","protected":false},"author":2,"featured_media":11673,"comment_status":"open","ping_status":"open","sticky":true,"template":"","format":"standard","meta":{"footnotes":""},"categories":[577,47],"tags":[],"class_list":["post-11663","post","type-post","status-publish","format-standard","has-post-thumbnail","hentry","category-577","category-eventi"],"yoast_head":"<!-- This site is optimized with the Yoast SEO plugin v24.2 - https:\/\/yoast.com\/wordpress\/plugins\/seo\/ -->\n<title>Salerno. Le foto di Michele De Angelis al centro di un incontro promosso dal Mudif a Villa Lanzara - Polis SA Magazine<\/title>\n<meta name=\"robots\" content=\"index, follow, max-snippet:-1, max-image-preview:large, max-video-preview:-1\" \/>\n<link rel=\"canonical\" href=\"https:\/\/www.istitutogalanteoliva.it\/magazine\/2022\/03\/04\/salerno-le-foto-di-michele-de-angelis-al-centro-di-un-incontro-promosso-dal-mudif-a-villa-lanzara\/\" \/>\n<meta property=\"og:locale\" content=\"it_IT\" \/>\n<meta property=\"og:type\" content=\"article\" \/>\n<meta property=\"og:title\" content=\"Salerno. Le foto di Michele De Angelis al centro di un incontro promosso dal Mudif a Villa Lanzara - Polis SA Magazine\" \/>\n<meta property=\"og:description\" content=\"Presentazione progetto: il restauro dei primi ottocento negativi su lastra di vetro, che testimoniano il volto di Salerno nei primi decenni del \u2018900\" \/>\n<meta property=\"og:url\" content=\"https:\/\/www.istitutogalanteoliva.it\/magazine\/2022\/03\/04\/salerno-le-foto-di-michele-de-angelis-al-centro-di-un-incontro-promosso-dal-mudif-a-villa-lanzara\/\" \/>\n<meta property=\"og:site_name\" content=\"Polis SA Magazine\" \/>\n<meta property=\"article:publisher\" content=\"https:\/\/www.facebook.com\/PolisSAMagazine\/\" \/>\n<meta property=\"article:published_time\" content=\"2022-03-04T07:00:00+00:00\" \/>\n<meta property=\"article:modified_time\" content=\"2022-03-03T15:49:28+00:00\" \/>\n<meta property=\"og:image\" content=\"https:\/\/www.istitutogalanteoliva.it\/magazine\/wp-content\/uploads\/2022\/03\/polis-3.jpg\" \/>\n\t<meta property=\"og:image:width\" content=\"640\" \/>\n\t<meta property=\"og:image:height\" content=\"380\" \/>\n\t<meta property=\"og:image:type\" content=\"image\/jpeg\" \/>\n<meta name=\"author\" content=\"Antonello Rivano\" \/>\n<meta name=\"twitter:card\" content=\"summary_large_image\" \/>\n<meta name=\"twitter:creator\" content=\"@MagazinePolis\" \/>\n<meta name=\"twitter:site\" content=\"@MagazinePolis\" \/>\n<meta name=\"twitter:label1\" content=\"Scritto da\" \/>\n\t<meta name=\"twitter:data1\" content=\"Antonello Rivano\" \/>\n\t<meta name=\"twitter:label2\" content=\"Tempo di lettura stimato\" \/>\n\t<meta name=\"twitter:data2\" content=\"7 minuti\" \/>\n<script type=\"application\/ld+json\" class=\"yoast-schema-graph\">{\"@context\":\"https:\/\/schema.org\",\"@graph\":[{\"@type\":\"Article\",\"@id\":\"https:\/\/www.istitutogalanteoliva.it\/magazine\/2022\/03\/04\/salerno-le-foto-di-michele-de-angelis-al-centro-di-un-incontro-promosso-dal-mudif-a-villa-lanzara\/#article\",\"isPartOf\":{\"@id\":\"https:\/\/www.istitutogalanteoliva.it\/magazine\/2022\/03\/04\/salerno-le-foto-di-michele-de-angelis-al-centro-di-un-incontro-promosso-dal-mudif-a-villa-lanzara\/\"},\"author\":{\"name\":\"Antonello Rivano\",\"@id\":\"https:\/\/www.istitutogalanteoliva.it\/magazine\/#\/schema\/person\/d8b8aa79cfe8babc1df9da3212a7c0c4\"},\"headline\":\"Salerno. Le foto di Michele De Angelis al centro di un incontro promosso dal Mudif a Villa Lanzara\",\"datePublished\":\"2022-03-04T07:00:00+00:00\",\"dateModified\":\"2022-03-03T15:49:28+00:00\",\"mainEntityOfPage\":{\"@id\":\"https:\/\/www.istitutogalanteoliva.it\/magazine\/2022\/03\/04\/salerno-le-foto-di-michele-de-angelis-al-centro-di-un-incontro-promosso-dal-mudif-a-villa-lanzara\/\"},\"wordCount\":1098,\"commentCount\":0,\"publisher\":{\"@id\":\"https:\/\/www.istitutogalanteoliva.it\/magazine\/#organization\"},\"image\":{\"@id\":\"https:\/\/www.istitutogalanteoliva.it\/magazine\/2022\/03\/04\/salerno-le-foto-di-michele-de-angelis-al-centro-di-un-incontro-promosso-dal-mudif-a-villa-lanzara\/#primaryimage\"},\"thumbnailUrl\":\"https:\/\/www.istitutogalanteoliva.it\/magazine\/wp-content\/uploads\/2022\/03\/polis-3.jpg\",\"articleSection\":[\"2022\",\"Eventi\"],\"inLanguage\":\"it-IT\",\"potentialAction\":[{\"@type\":\"CommentAction\",\"name\":\"Comment\",\"target\":[\"https:\/\/www.istitutogalanteoliva.it\/magazine\/2022\/03\/04\/salerno-le-foto-di-michele-de-angelis-al-centro-di-un-incontro-promosso-dal-mudif-a-villa-lanzara\/#respond\"]}]},{\"@type\":\"WebPage\",\"@id\":\"https:\/\/www.istitutogalanteoliva.it\/magazine\/2022\/03\/04\/salerno-le-foto-di-michele-de-angelis-al-centro-di-un-incontro-promosso-dal-mudif-a-villa-lanzara\/\",\"url\":\"https:\/\/www.istitutogalanteoliva.it\/magazine\/2022\/03\/04\/salerno-le-foto-di-michele-de-angelis-al-centro-di-un-incontro-promosso-dal-mudif-a-villa-lanzara\/\",\"name\":\"Salerno. Le foto di Michele De Angelis al centro di un incontro promosso dal Mudif a Villa Lanzara - Polis SA Magazine\",\"isPartOf\":{\"@id\":\"https:\/\/www.istitutogalanteoliva.it\/magazine\/#website\"},\"primaryImageOfPage\":{\"@id\":\"https:\/\/www.istitutogalanteoliva.it\/magazine\/2022\/03\/04\/salerno-le-foto-di-michele-de-angelis-al-centro-di-un-incontro-promosso-dal-mudif-a-villa-lanzara\/#primaryimage\"},\"image\":{\"@id\":\"https:\/\/www.istitutogalanteoliva.it\/magazine\/2022\/03\/04\/salerno-le-foto-di-michele-de-angelis-al-centro-di-un-incontro-promosso-dal-mudif-a-villa-lanzara\/#primaryimage\"},\"thumbnailUrl\":\"https:\/\/www.istitutogalanteoliva.it\/magazine\/wp-content\/uploads\/2022\/03\/polis-3.jpg\",\"datePublished\":\"2022-03-04T07:00:00+00:00\",\"dateModified\":\"2022-03-03T15:49:28+00:00\",\"breadcrumb\":{\"@id\":\"https:\/\/www.istitutogalanteoliva.it\/magazine\/2022\/03\/04\/salerno-le-foto-di-michele-de-angelis-al-centro-di-un-incontro-promosso-dal-mudif-a-villa-lanzara\/#breadcrumb\"},\"inLanguage\":\"it-IT\",\"potentialAction\":[{\"@type\":\"ReadAction\",\"target\":[\"https:\/\/www.istitutogalanteoliva.it\/magazine\/2022\/03\/04\/salerno-le-foto-di-michele-de-angelis-al-centro-di-un-incontro-promosso-dal-mudif-a-villa-lanzara\/\"]}]},{\"@type\":\"ImageObject\",\"inLanguage\":\"it-IT\",\"@id\":\"https:\/\/www.istitutogalanteoliva.it\/magazine\/2022\/03\/04\/salerno-le-foto-di-michele-de-angelis-al-centro-di-un-incontro-promosso-dal-mudif-a-villa-lanzara\/#primaryimage\",\"url\":\"https:\/\/www.istitutogalanteoliva.it\/magazine\/wp-content\/uploads\/2022\/03\/polis-3.jpg\",\"contentUrl\":\"https:\/\/www.istitutogalanteoliva.it\/magazine\/wp-content\/uploads\/2022\/03\/polis-3.jpg\",\"width\":640,\"height\":380},{\"@type\":\"BreadcrumbList\",\"@id\":\"https:\/\/www.istitutogalanteoliva.it\/magazine\/2022\/03\/04\/salerno-le-foto-di-michele-de-angelis-al-centro-di-un-incontro-promosso-dal-mudif-a-villa-lanzara\/#breadcrumb\",\"itemListElement\":[{\"@type\":\"ListItem\",\"position\":1,\"name\":\"Home\",\"item\":\"https:\/\/www.istitutogalanteoliva.it\/magazine\/\"},{\"@type\":\"ListItem\",\"position\":2,\"name\":\"Salerno. Le foto di Michele De Angelis al centro di un incontro promosso dal Mudif a Villa Lanzara\"}]},{\"@type\":\"WebSite\",\"@id\":\"https:\/\/www.istitutogalanteoliva.it\/magazine\/#website\",\"url\":\"https:\/\/www.istitutogalanteoliva.it\/magazine\/\",\"name\":\"POLIS SA MAGAZINE\",\"description\":\"Informazione e approfondimenti\",\"publisher\":{\"@id\":\"https:\/\/www.istitutogalanteoliva.it\/magazine\/#organization\"},\"potentialAction\":[{\"@type\":\"SearchAction\",\"target\":{\"@type\":\"EntryPoint\",\"urlTemplate\":\"https:\/\/www.istitutogalanteoliva.it\/magazine\/?s={search_term_string}\"},\"query-input\":{\"@type\":\"PropertyValueSpecification\",\"valueRequired\":true,\"valueName\":\"search_term_string\"}}],\"inLanguage\":\"it-IT\"},{\"@type\":\"Organization\",\"@id\":\"https:\/\/www.istitutogalanteoliva.it\/magazine\/#organization\",\"name\":\"Polis SA Magazine\",\"url\":\"https:\/\/www.istitutogalanteoliva.it\/magazine\/\",\"logo\":{\"@type\":\"ImageObject\",\"inLanguage\":\"it-IT\",\"@id\":\"https:\/\/www.istitutogalanteoliva.it\/magazine\/#\/schema\/logo\/image\/\",\"url\":\"\",\"contentUrl\":\"\",\"caption\":\"Polis SA Magazine\"},\"image\":{\"@id\":\"https:\/\/www.istitutogalanteoliva.it\/magazine\/#\/schema\/logo\/image\/\"},\"sameAs\":[\"https:\/\/www.facebook.com\/PolisSAMagazine\/\",\"https:\/\/x.com\/MagazinePolis\",\"https:\/\/www.youtube.com\/channel\/UCv0Mr5AHKUmsc0sEEXkJrgw\"]},{\"@type\":\"Person\",\"@id\":\"https:\/\/www.istitutogalanteoliva.it\/magazine\/#\/schema\/person\/d8b8aa79cfe8babc1df9da3212a7c0c4\",\"name\":\"Antonello Rivano\",\"image\":{\"@type\":\"ImageObject\",\"inLanguage\":\"it-IT\",\"@id\":\"https:\/\/www.istitutogalanteoliva.it\/magazine\/#\/schema\/person\/image\/\",\"url\":\"https:\/\/secure.gravatar.com\/avatar\/517a9a6487a7a18ecc4ce6d2e57a8f40?s=96&d=mm&r=g\",\"contentUrl\":\"https:\/\/secure.gravatar.com\/avatar\/517a9a6487a7a18ecc4ce6d2e57a8f40?s=96&d=mm&r=g\",\"caption\":\"Antonello Rivano\"},\"url\":\"https:\/\/www.istitutogalanteoliva.it\/magazine\/author\/antonello\/\"}]}<\/script>\n<!-- \/ Yoast SEO plugin. -->","yoast_head_json":{"title":"Salerno. Le foto di Michele De Angelis al centro di un incontro promosso dal Mudif a Villa Lanzara - Polis SA Magazine","robots":{"index":"index","follow":"follow","max-snippet":"max-snippet:-1","max-image-preview":"max-image-preview:large","max-video-preview":"max-video-preview:-1"},"canonical":"https:\/\/www.istitutogalanteoliva.it\/magazine\/2022\/03\/04\/salerno-le-foto-di-michele-de-angelis-al-centro-di-un-incontro-promosso-dal-mudif-a-villa-lanzara\/","og_locale":"it_IT","og_type":"article","og_title":"Salerno. Le foto di Michele De Angelis al centro di un incontro promosso dal Mudif a Villa Lanzara - Polis SA Magazine","og_description":"Presentazione progetto: il restauro dei primi ottocento negativi su lastra di vetro, che testimoniano il volto di Salerno nei primi decenni del \u2018900","og_url":"https:\/\/www.istitutogalanteoliva.it\/magazine\/2022\/03\/04\/salerno-le-foto-di-michele-de-angelis-al-centro-di-un-incontro-promosso-dal-mudif-a-villa-lanzara\/","og_site_name":"Polis SA Magazine","article_publisher":"https:\/\/www.facebook.com\/PolisSAMagazine\/","article_published_time":"2022-03-04T07:00:00+00:00","article_modified_time":"2022-03-03T15:49:28+00:00","og_image":[{"width":640,"height":380,"url":"https:\/\/www.istitutogalanteoliva.it\/magazine\/wp-content\/uploads\/2022\/03\/polis-3.jpg","type":"image\/jpeg"}],"author":"Antonello Rivano","twitter_card":"summary_large_image","twitter_creator":"@MagazinePolis","twitter_site":"@MagazinePolis","twitter_misc":{"Scritto da":"Antonello Rivano","Tempo di lettura stimato":"7 minuti"},"schema":{"@context":"https:\/\/schema.org","@graph":[{"@type":"Article","@id":"https:\/\/www.istitutogalanteoliva.it\/magazine\/2022\/03\/04\/salerno-le-foto-di-michele-de-angelis-al-centro-di-un-incontro-promosso-dal-mudif-a-villa-lanzara\/#article","isPartOf":{"@id":"https:\/\/www.istitutogalanteoliva.it\/magazine\/2022\/03\/04\/salerno-le-foto-di-michele-de-angelis-al-centro-di-un-incontro-promosso-dal-mudif-a-villa-lanzara\/"},"author":{"name":"Antonello Rivano","@id":"https:\/\/www.istitutogalanteoliva.it\/magazine\/#\/schema\/person\/d8b8aa79cfe8babc1df9da3212a7c0c4"},"headline":"Salerno. Le foto di Michele De Angelis al centro di un incontro promosso dal Mudif a Villa Lanzara","datePublished":"2022-03-04T07:00:00+00:00","dateModified":"2022-03-03T15:49:28+00:00","mainEntityOfPage":{"@id":"https:\/\/www.istitutogalanteoliva.it\/magazine\/2022\/03\/04\/salerno-le-foto-di-michele-de-angelis-al-centro-di-un-incontro-promosso-dal-mudif-a-villa-lanzara\/"},"wordCount":1098,"commentCount":0,"publisher":{"@id":"https:\/\/www.istitutogalanteoliva.it\/magazine\/#organization"},"image":{"@id":"https:\/\/www.istitutogalanteoliva.it\/magazine\/2022\/03\/04\/salerno-le-foto-di-michele-de-angelis-al-centro-di-un-incontro-promosso-dal-mudif-a-villa-lanzara\/#primaryimage"},"thumbnailUrl":"https:\/\/www.istitutogalanteoliva.it\/magazine\/wp-content\/uploads\/2022\/03\/polis-3.jpg","articleSection":["2022","Eventi"],"inLanguage":"it-IT","potentialAction":[{"@type":"CommentAction","name":"Comment","target":["https:\/\/www.istitutogalanteoliva.it\/magazine\/2022\/03\/04\/salerno-le-foto-di-michele-de-angelis-al-centro-di-un-incontro-promosso-dal-mudif-a-villa-lanzara\/#respond"]}]},{"@type":"WebPage","@id":"https:\/\/www.istitutogalanteoliva.it\/magazine\/2022\/03\/04\/salerno-le-foto-di-michele-de-angelis-al-centro-di-un-incontro-promosso-dal-mudif-a-villa-lanzara\/","url":"https:\/\/www.istitutogalanteoliva.it\/magazine\/2022\/03\/04\/salerno-le-foto-di-michele-de-angelis-al-centro-di-un-incontro-promosso-dal-mudif-a-villa-lanzara\/","name":"Salerno. Le foto di Michele De Angelis al centro di un incontro promosso dal Mudif a Villa Lanzara - Polis SA Magazine","isPartOf":{"@id":"https:\/\/www.istitutogalanteoliva.it\/magazine\/#website"},"primaryImageOfPage":{"@id":"https:\/\/www.istitutogalanteoliva.it\/magazine\/2022\/03\/04\/salerno-le-foto-di-michele-de-angelis-al-centro-di-un-incontro-promosso-dal-mudif-a-villa-lanzara\/#primaryimage"},"image":{"@id":"https:\/\/www.istitutogalanteoliva.it\/magazine\/2022\/03\/04\/salerno-le-foto-di-michele-de-angelis-al-centro-di-un-incontro-promosso-dal-mudif-a-villa-lanzara\/#primaryimage"},"thumbnailUrl":"https:\/\/www.istitutogalanteoliva.it\/magazine\/wp-content\/uploads\/2022\/03\/polis-3.jpg","datePublished":"2022-03-04T07:00:00+00:00","dateModified":"2022-03-03T15:49:28+00:00","breadcrumb":{"@id":"https:\/\/www.istitutogalanteoliva.it\/magazine\/2022\/03\/04\/salerno-le-foto-di-michele-de-angelis-al-centro-di-un-incontro-promosso-dal-mudif-a-villa-lanzara\/#breadcrumb"},"inLanguage":"it-IT","potentialAction":[{"@type":"ReadAction","target":["https:\/\/www.istitutogalanteoliva.it\/magazine\/2022\/03\/04\/salerno-le-foto-di-michele-de-angelis-al-centro-di-un-incontro-promosso-dal-mudif-a-villa-lanzara\/"]}]},{"@type":"ImageObject","inLanguage":"it-IT","@id":"https:\/\/www.istitutogalanteoliva.it\/magazine\/2022\/03\/04\/salerno-le-foto-di-michele-de-angelis-al-centro-di-un-incontro-promosso-dal-mudif-a-villa-lanzara\/#primaryimage","url":"https:\/\/www.istitutogalanteoliva.it\/magazine\/wp-content\/uploads\/2022\/03\/polis-3.jpg","contentUrl":"https:\/\/www.istitutogalanteoliva.it\/magazine\/wp-content\/uploads\/2022\/03\/polis-3.jpg","width":640,"height":380},{"@type":"BreadcrumbList","@id":"https:\/\/www.istitutogalanteoliva.it\/magazine\/2022\/03\/04\/salerno-le-foto-di-michele-de-angelis-al-centro-di-un-incontro-promosso-dal-mudif-a-villa-lanzara\/#breadcrumb","itemListElement":[{"@type":"ListItem","position":1,"name":"Home","item":"https:\/\/www.istitutogalanteoliva.it\/magazine\/"},{"@type":"ListItem","position":2,"name":"Salerno. Le foto di Michele De Angelis al centro di un incontro promosso dal Mudif a Villa Lanzara"}]},{"@type":"WebSite","@id":"https:\/\/www.istitutogalanteoliva.it\/magazine\/#website","url":"https:\/\/www.istitutogalanteoliva.it\/magazine\/","name":"POLIS SA MAGAZINE","description":"Informazione e approfondimenti","publisher":{"@id":"https:\/\/www.istitutogalanteoliva.it\/magazine\/#organization"},"potentialAction":[{"@type":"SearchAction","target":{"@type":"EntryPoint","urlTemplate":"https:\/\/www.istitutogalanteoliva.it\/magazine\/?s={search_term_string}"},"query-input":{"@type":"PropertyValueSpecification","valueRequired":true,"valueName":"search_term_string"}}],"inLanguage":"it-IT"},{"@type":"Organization","@id":"https:\/\/www.istitutogalanteoliva.it\/magazine\/#organization","name":"Polis SA Magazine","url":"https:\/\/www.istitutogalanteoliva.it\/magazine\/","logo":{"@type":"ImageObject","inLanguage":"it-IT","@id":"https:\/\/www.istitutogalanteoliva.it\/magazine\/#\/schema\/logo\/image\/","url":"","contentUrl":"","caption":"Polis SA Magazine"},"image":{"@id":"https:\/\/www.istitutogalanteoliva.it\/magazine\/#\/schema\/logo\/image\/"},"sameAs":["https:\/\/www.facebook.com\/PolisSAMagazine\/","https:\/\/x.com\/MagazinePolis","https:\/\/www.youtube.com\/channel\/UCv0Mr5AHKUmsc0sEEXkJrgw"]},{"@type":"Person","@id":"https:\/\/www.istitutogalanteoliva.it\/magazine\/#\/schema\/person\/d8b8aa79cfe8babc1df9da3212a7c0c4","name":"Antonello Rivano","image":{"@type":"ImageObject","inLanguage":"it-IT","@id":"https:\/\/www.istitutogalanteoliva.it\/magazine\/#\/schema\/person\/image\/","url":"https:\/\/secure.gravatar.com\/avatar\/517a9a6487a7a18ecc4ce6d2e57a8f40?s=96&d=mm&r=g","contentUrl":"https:\/\/secure.gravatar.com\/avatar\/517a9a6487a7a18ecc4ce6d2e57a8f40?s=96&d=mm&r=g","caption":"Antonello Rivano"},"url":"https:\/\/www.istitutogalanteoliva.it\/magazine\/author\/antonello\/"}]}},"_links":{"self":[{"href":"https:\/\/www.istitutogalanteoliva.it\/magazine\/wp-json\/wp\/v2\/posts\/11663","targetHints":{"allow":["GET"]}}],"collection":[{"href":"https:\/\/www.istitutogalanteoliva.it\/magazine\/wp-json\/wp\/v2\/posts"}],"about":[{"href":"https:\/\/www.istitutogalanteoliva.it\/magazine\/wp-json\/wp\/v2\/types\/post"}],"author":[{"embeddable":true,"href":"https:\/\/www.istitutogalanteoliva.it\/magazine\/wp-json\/wp\/v2\/users\/2"}],"replies":[{"embeddable":true,"href":"https:\/\/www.istitutogalanteoliva.it\/magazine\/wp-json\/wp\/v2\/comments?post=11663"}],"version-history":[{"count":3,"href":"https:\/\/www.istitutogalanteoliva.it\/magazine\/wp-json\/wp\/v2\/posts\/11663\/revisions"}],"predecessor-version":[{"id":11681,"href":"https:\/\/www.istitutogalanteoliva.it\/magazine\/wp-json\/wp\/v2\/posts\/11663\/revisions\/11681"}],"wp:featuredmedia":[{"embeddable":true,"href":"https:\/\/www.istitutogalanteoliva.it\/magazine\/wp-json\/wp\/v2\/media\/11673"}],"wp:attachment":[{"href":"https:\/\/www.istitutogalanteoliva.it\/magazine\/wp-json\/wp\/v2\/media?parent=11663"}],"wp:term":[{"taxonomy":"category","embeddable":true,"href":"https:\/\/www.istitutogalanteoliva.it\/magazine\/wp-json\/wp\/v2\/categories?post=11663"},{"taxonomy":"post_tag","embeddable":true,"href":"https:\/\/www.istitutogalanteoliva.it\/magazine\/wp-json\/wp\/v2\/tags?post=11663"}],"curies":[{"name":"wp","href":"https:\/\/api.w.org\/{rel}","templated":true}]}}