{"id":12059,"date":"2022-05-09T08:00:00","date_gmt":"2022-05-09T06:00:00","guid":{"rendered":"https:\/\/www.istitutogalanteoliva.it\/magazine\/?p=12059"},"modified":"2022-05-08T18:17:19","modified_gmt":"2022-05-08T16:17:19","slug":"siamo-tutti-nichilisti-il-libro-di-antonio-migliarino-sara-presentato-a-mercato-san-severino-sa","status":"publish","type":"post","link":"https:\/\/www.istitutogalanteoliva.it\/magazine\/2022\/05\/09\/siamo-tutti-nichilisti-il-libro-di-antonio-migliarino-sara-presentato-a-mercato-san-severino-sa\/","title":{"rendered":"&#8220;Siamo tutti nichilisti?&#8221;: il libro di Antonio Migliarino sar\u00e0 presentato a Mercato San Severino (SA)"},"content":{"rendered":"\n<p><strong><em>Mercoled\u00ec 18 maggio corrente anno, dalle 17 alle 19, le sale del convento di Sant\u2019Antonio \u2013 Piazza Dante 9 (Mercato San Severino) \u2013 ospiteranno la presentazione dell\u2019opera: \u201cSiamo tutti nichilisti?\u201d; pubblicazione del giornalista pubblicista Antonio Migliorino. La casa editrice \u00e8 \u201cIl quaderno\u201d, di Boscoreale (Napoli). Il volume consta di 160 pagine; \u00e8 stato stampato a gennaio 2022.<\/em><\/strong><\/p>\n\n\n\n<p><em>Il lavoro, il cui sottotitolo recita: \u201cDal nichilismo debole all\u2019umanesimo integrale di Jacques Maritain\u201d, \u00e8 un saggio filosofico che verte sulla tesi di laurea triennale in Scienze Religiose, facolt\u00e0 frequentata dall\u2019autore \u2013 presso l\u2019istituto \u201cSan Matteo\u201d di Salerno.<\/em><\/p>\n\n\n\n<p><strong>Antonio Migliorino, di origini cilentane, vive a Mercato San Severino da tempo. Iscritto all\u2019Ordine Nazionale dei Giornalisti dal 2014, si laurea in Giurisprudenza nel 2016. Successivamente riscopre il senso pi\u00f9 profondo della fede e la bellezza della Parola di Dio. Grazie a ci\u00f2, diviene attivo frequentatore della parrocchia di Sant\u2019Antonio nonch\u00e9 volontario Caritas \u2013 presso la stessa istituzione ecclesiastica. Attualmente \u00e8 iscritto al primo anno del corso di laurea specialistica sempre in Scienze Religiose, a Salerno.<\/strong><\/p>\n\n\n\n<p>A discutere della pubblicazione ci saranno, per i loro interventi: <strong><em>Carla Romano<\/em><\/strong> \u2013 scrittrice e docente universitaria di Storia della Filosofia e Teoria della Scuola, all\u2019istituto di Scienze Religiose \u201cSan Matteo\u201d; il consigliere dell\u2019Ordine dei Giornalisti della Campania, nonch\u00e9 presidente dell\u2019Assostampa \u201cValle del Sarno\u201d, <strong><em>Salvatore Campitiello<\/em><\/strong>; padre <strong><em>Giulio Marcone<\/em><\/strong> \u2013 parroco di Sant\u2019Antonio; <strong><em>Stefania Spisto<\/em><\/strong>, responsabile de <em>\u201cIl quaderno edizioni\u201d<\/em>. A moderare: la cronista <strong><em>Anna Maria Noia<\/em><\/strong>. Sar\u00e0 presente <strong><em>l\u2019autore<\/em><\/strong>.<\/p>\n\n\n\n<p><em>In particolare, Carla Romano \u00e8 autrice di svariati saggi filosofici e teologici; alcuni di essi sono dedicati al pensiero di Jacques Maritain; di Edith Stein (filosofa e mistica di origine ebraica); di altri pensatori. La scrittrice Romano ha, inoltre, trattato pi\u00f9 volte il tema dell\u2019amicizia nella Patristica \u2013 branca della teologia molto articolata e complessa, vasta. Su sua esortazione, Antonio Migliorino ha deciso di dare alle stampe quanto ha espresso gi\u00e0 nella tesi di laurea \u2013 come affermato sopra. Nasce cos\u00ec quest\u2019opera.<\/em><\/p>\n\n\n\n<p>L\u2019elaborato, pertanto, nasce dal desiderio di analizzare e approfondire il concetto di nichilismo \u2013 da un lato \u2013 ma anche di compararlo all\u2019altro concetto del \u201cpersonalismo cristiano\u201d; veicolato da Jacques Maritain. Un filosofo cattolico dei primi del \u2018900 \u2013 allievo di Henri Bergson. <strong>L\u2019intento di Migliorino \u00e8 comprendere in che modo la filosofia (e soprattutto le scienze religiose) possa (possano) intervenire sull\u2019educazione delle nuove generazioni, ai nostri tempi \u2013 cos\u00ec relativistici e secolarizzati. All\u2019insegna dei disvalori.<\/strong><\/p>\n\n\n\n<p>Nichilismo e umanesimo integrale, dunque. Visti e vissuti nelle sfaccettature e\/o declinazioni delle varie epoche nelle quali si \u00e8 parlato di tali cardini delle scienze filosofiche.<\/p>\n\n\n\n<p><strong><em>Il testo \u00e8 un\u2019indagine di matrice storico-filosofica; stimolata dalle puntuali lezioni a cura della professoressa Carla Romano e di don Francesco Coralluzzo, anche lui docente all\u2019Issr \u201cSan Matteo\u201d. Dai quali il trentasettenne Migliorino ha tratto elementi e spunti di riflessione e speculazione \u2013 non fine a s\u00e9 stessa, non autoreferenziale bens\u00ec produttiva. Argomento di studio, per capire il mondo che ci circonda.<\/em><\/strong><\/p>\n\n\n\n<figure class=\"wp-block-image size-full is-resized\"><img loading=\"lazy\" decoding=\"async\" src=\"https:\/\/www.istitutogalanteoliva.it\/magazine\/wp-content\/uploads\/2022\/05\/Manifesto-presentazione-libro-di-Antonio-Migliorino-Noia.jpg\" alt=\"\" class=\"wp-image-12062\" width=\"275\" height=\"389\" srcset=\"https:\/\/www.istitutogalanteoliva.it\/magazine\/wp-content\/uploads\/2022\/05\/Manifesto-presentazione-libro-di-Antonio-Migliorino-Noia.jpg 724w, https:\/\/www.istitutogalanteoliva.it\/magazine\/wp-content\/uploads\/2022\/05\/Manifesto-presentazione-libro-di-Antonio-Migliorino-Noia-212x300.jpg 212w\" sizes=\"auto, (max-width: 275px) 100vw, 275px\" \/><\/figure>\n\n\n\n<p>Con la domanda: \u201cSiamo tutti nichilisti?\u201d Migliorino ci interpella, ci interroga, sembra quasi provocarci; soprattutto ci coinvolge &#8211; riguardo tale interrogativo inquietante e sarcastico. Una domanda certamente\u2026 \u201cretorica\u201d ma essenziale, che mira a indurre una soluzione o almeno una ricerca: la tensione verso l\u2019Io e l\u2019interiorit\u00e0, restando perplessi nei confronti dei valori \u2013 contrapposti al \u201cNulla\u201d. O invece risvegliandoci dal torpore, anelando l\u2019Infinito \u2013 che \u00e8 Dio.<\/p>\n\n\n\n<p><strong>Il volume \u00e8 articolato in tre capitoli centrali e in un epilogo. Il primo capitolo \u00e8 dedicato agli approfondimenti sul nichilismo e\/o sui suoi anti-principi. Tutto ruota attorno a tre temi fondamentali, e cio\u00e8: il Nulla; l\u2019Essere; il Nichilismo tout court. Visto da una prospettiva anche storico-sociale. Dall\u2019antica Grecia in poi, fine ai nostri giorni \u2013 per ci\u00f2 che concerne il pensiero occidentale. Da Gorgia da Leontini in avanti.<\/strong><\/p>\n\n\n\n<p><strong>E veniamo al secondo capitolo: esso si impernia su un discorso \u2013 a mo\u2019 di analisi di una pars destruens \u2013 su quattro nevralgici e fondamentali leitmotiv: i dilemmi della Modernit\u00e0 e della Postmodernit\u00e0. Di una societ\u00e0 \u201cliquida\u201d \u2013 ormai. Proprio colui che ha coniato tale termine (\u201csociet\u00e0 liquida\u201d), ovvero il sociologo Bauman (scomparso da pochi anni), \u00e8 sempre citato da Migliorino nel corso del suo studio; della propria ricerca (anche esistenziale). Argomentazioni molto interessanti, trattate con scorrevolezza; autorevolezza; competenza.<\/strong><\/p>\n\n\n\n<p><em>I quattro vertici (punti di discussione) che caratterizzano il secondo capitolo sono, secondo l\u2019autore: il cosiddetto \u201cnichilismo completo\u201d del celebre filosofo Friedrich Nietzsche; il nichilismo, attualissimo e cogente, dei mass media o della tecnologia nella societ\u00e0 (definita) \u201cpost panottica\u201d; il classico \u201cpensiero debole\u201d &#8211; del pensatore italiano Gianni Vattimo (inerente all\u2019indebolimento dei fondamenti; delle colonne della filosofia \u201ctradizionale\u201d); infine l\u2019individualismo.<\/em><\/p>\n\n\n\n<p><strong><em>Il terzo, ultimo capitolo \u00e8 invece costituito da una pars costruens, ad opera di Migliorino, consistente nello studio dei fenomeni della globalizzazione (molto evidente, nel XXI secolo) e del nuovo concetto di \u201cnichilismo neoliberista\u201d. Al termine, i fili del discorso (nel libro) vengono \u201craccolti\u201d nelle riflessioni dello scrittore sanseverinese; riguardanti il personalismo di Mounier e l\u2019umanesimo integrale di Maritain \u2013 cuore pulsante del volume. La dottrina di Maritain auspica la creazione di una nuova cristianit\u00e0 \u2013 legata all\u2019attenzione verso l\u2019uomo \u2013 che sia alternativa sia ai totalitarismi (marxismo, fascismo, liberalismo) ma anche alla \u201cvecchia\u201d cristianit\u00e0. Nel nome di un umanesimo votato al sovraumano e di un\u2019antropologia innovativa, che diano dignit\u00e0 all\u2019essere umano nell\u2019ottica e nella tensione verso il Divino.<\/em><\/strong><\/p>\n\n\n\n<p class=\"has-text-align-left\"><br><br><img loading=\"lazy\" decoding=\"async\" width=\"100\" height=\"100\" class=\"wp-image-6058\" style=\"width: 100px;\" src=\"https:\/\/www.istitutogalanteoliva.it\/magazine\/wp-content\/uploads\/2021\/03\/Anna-Maria1.jpg\" alt=\"\" srcset=\"https:\/\/www.istitutogalanteoliva.it\/magazine\/wp-content\/uploads\/2021\/03\/Anna-Maria1.jpg 674w, https:\/\/www.istitutogalanteoliva.it\/magazine\/wp-content\/uploads\/2021\/03\/Anna-Maria1-300x300.jpg 300w, https:\/\/www.istitutogalanteoliva.it\/magazine\/wp-content\/uploads\/2021\/03\/Anna-Maria1-150x150.jpg 150w\" sizes=\"auto, (max-width: 100px) 100vw, 100px\" \/>  <em><span class=\"has-inline-color has-vivid-cyan-blue-color\"><strong><a href=\"https:\/\/www.istitutogalanteoliva.it\/magazine\/?s=Anna+Maria+Noia+\" target=\"_blank\" rel=\"noreferrer noopener\">Anna Maria Noia <\/a><\/strong><\/span><\/em><\/p>\n<div class=\"pdfprnt-buttons pdfprnt-buttons-post pdfprnt-bottom-left\"><a href=\"https:\/\/www.istitutogalanteoliva.it\/magazine\/wp-json\/wp\/v2\/posts\/12059?print=print\" class=\"pdfprnt-button pdfprnt-button-print\" target=\"_blank\"><img decoding=\"async\" src=\"https:\/\/www.istitutogalanteoliva.it\/magazine\/wp-content\/plugins\/pdf-print\/images\/print.png\" alt=\"image_print\" title=\"Stampa contenuto\" \/><span class=\"pdfprnt-button-title pdfprnt-button-print-title\">Download in PDF<\/span><\/a><\/div>","protected":false},"excerpt":{"rendered":"<p>Mercoled\u00ec 18 maggio corrente anno, dalle 17 alle 19, le sale del convento di Sant\u2019Antonio \u2013 Piazza Dante 9 (Mercato San Severino) \u2013 ospiteranno la presentazione dell\u2019opera: \u201cSiamo tutti nichilisti?<\/p>\n","protected":false},"author":2,"featured_media":12061,"comment_status":"open","ping_status":"closed","sticky":true,"template":"","format":"standard","meta":{"footnotes":""},"categories":[577,47],"tags":[],"class_list":["post-12059","post","type-post","status-publish","format-standard","has-post-thumbnail","hentry","category-577","category-eventi"],"yoast_head":"<!-- This site is optimized with the Yoast SEO plugin v24.2 - https:\/\/yoast.com\/wordpress\/plugins\/seo\/ -->\n<title>&quot;Siamo tutti nichilisti?&quot;: il libro di Antonio Migliarino sar\u00e0 presentato a Mercato San Severino (SA) - Polis SA Magazine<\/title>\n<meta name=\"description\" content=\"Siamo tutti nichilisti?\u201d; pubblicazione del giornalista pubblicista Antonio Migliorino\" \/>\n<meta name=\"robots\" content=\"index, follow, max-snippet:-1, max-image-preview:large, max-video-preview:-1\" \/>\n<link rel=\"canonical\" href=\"https:\/\/www.istitutogalanteoliva.it\/magazine\/2022\/05\/09\/siamo-tutti-nichilisti-il-libro-di-antonio-migliarino-sara-presentato-a-mercato-san-severino-sa\/\" \/>\n<meta property=\"og:locale\" content=\"it_IT\" \/>\n<meta property=\"og:type\" content=\"article\" \/>\n<meta property=\"og:title\" content=\"&quot;Siamo tutti nichilisti?&quot;: il libro di Antonio Migliarino sar\u00e0 presentato a Mercato San Severino (SA) - Polis SA Magazine\" \/>\n<meta property=\"og:description\" content=\"Siamo tutti nichilisti?\u201d; pubblicazione del giornalista pubblicista Antonio Migliorino\" \/>\n<meta property=\"og:url\" content=\"https:\/\/www.istitutogalanteoliva.it\/magazine\/2022\/05\/09\/siamo-tutti-nichilisti-il-libro-di-antonio-migliarino-sara-presentato-a-mercato-san-severino-sa\/\" \/>\n<meta property=\"og:site_name\" content=\"Polis SA Magazine\" \/>\n<meta property=\"article:publisher\" content=\"https:\/\/www.facebook.com\/PolisSAMagazine\/\" \/>\n<meta property=\"article:published_time\" content=\"2022-05-09T06:00:00+00:00\" \/>\n<meta property=\"article:modified_time\" content=\"2022-05-08T16:17:19+00:00\" \/>\n<meta property=\"og:image\" content=\"https:\/\/www.istitutogalanteoliva.it\/magazine\/wp-content\/uploads\/2022\/05\/0db0ef_IMG_20220106_094236_700_HomeIm_800x400.jpg\" \/>\n\t<meta property=\"og:image:width\" content=\"800\" \/>\n\t<meta property=\"og:image:height\" content=\"400\" \/>\n\t<meta property=\"og:image:type\" content=\"image\/jpeg\" \/>\n<meta name=\"author\" content=\"Antonello Rivano\" \/>\n<meta name=\"twitter:card\" content=\"summary_large_image\" \/>\n<meta name=\"twitter:creator\" content=\"@MagazinePolis\" \/>\n<meta name=\"twitter:site\" content=\"@MagazinePolis\" \/>\n<meta name=\"twitter:label1\" content=\"Scritto da\" \/>\n\t<meta name=\"twitter:data1\" content=\"Antonello Rivano\" \/>\n\t<meta name=\"twitter:label2\" content=\"Tempo di lettura stimato\" \/>\n\t<meta name=\"twitter:data2\" content=\"5 minuti\" \/>\n<script type=\"application\/ld+json\" class=\"yoast-schema-graph\">{\"@context\":\"https:\/\/schema.org\",\"@graph\":[{\"@type\":\"Article\",\"@id\":\"https:\/\/www.istitutogalanteoliva.it\/magazine\/2022\/05\/09\/siamo-tutti-nichilisti-il-libro-di-antonio-migliarino-sara-presentato-a-mercato-san-severino-sa\/#article\",\"isPartOf\":{\"@id\":\"https:\/\/www.istitutogalanteoliva.it\/magazine\/2022\/05\/09\/siamo-tutti-nichilisti-il-libro-di-antonio-migliarino-sara-presentato-a-mercato-san-severino-sa\/\"},\"author\":{\"name\":\"Antonello Rivano\",\"@id\":\"https:\/\/www.istitutogalanteoliva.it\/magazine\/#\/schema\/person\/d8b8aa79cfe8babc1df9da3212a7c0c4\"},\"headline\":\"&#8220;Siamo tutti nichilisti?&#8221;: il libro di Antonio Migliarino sar\u00e0 presentato a Mercato San Severino (SA)\",\"datePublished\":\"2022-05-09T06:00:00+00:00\",\"dateModified\":\"2022-05-08T16:17:19+00:00\",\"mainEntityOfPage\":{\"@id\":\"https:\/\/www.istitutogalanteoliva.it\/magazine\/2022\/05\/09\/siamo-tutti-nichilisti-il-libro-di-antonio-migliarino-sara-presentato-a-mercato-san-severino-sa\/\"},\"wordCount\":890,\"commentCount\":1,\"publisher\":{\"@id\":\"https:\/\/www.istitutogalanteoliva.it\/magazine\/#organization\"},\"image\":{\"@id\":\"https:\/\/www.istitutogalanteoliva.it\/magazine\/2022\/05\/09\/siamo-tutti-nichilisti-il-libro-di-antonio-migliarino-sara-presentato-a-mercato-san-severino-sa\/#primaryimage\"},\"thumbnailUrl\":\"https:\/\/www.istitutogalanteoliva.it\/magazine\/wp-content\/uploads\/2022\/05\/0db0ef_IMG_20220106_094236_700_HomeIm_800x400.jpg\",\"articleSection\":[\"2022\",\"Eventi\"],\"inLanguage\":\"it-IT\",\"potentialAction\":[{\"@type\":\"CommentAction\",\"name\":\"Comment\",\"target\":[\"https:\/\/www.istitutogalanteoliva.it\/magazine\/2022\/05\/09\/siamo-tutti-nichilisti-il-libro-di-antonio-migliarino-sara-presentato-a-mercato-san-severino-sa\/#respond\"]}]},{\"@type\":\"WebPage\",\"@id\":\"https:\/\/www.istitutogalanteoliva.it\/magazine\/2022\/05\/09\/siamo-tutti-nichilisti-il-libro-di-antonio-migliarino-sara-presentato-a-mercato-san-severino-sa\/\",\"url\":\"https:\/\/www.istitutogalanteoliva.it\/magazine\/2022\/05\/09\/siamo-tutti-nichilisti-il-libro-di-antonio-migliarino-sara-presentato-a-mercato-san-severino-sa\/\",\"name\":\"\\\"Siamo tutti nichilisti?\\\": il libro di Antonio Migliarino sar\u00e0 presentato a Mercato San Severino (SA) - Polis SA Magazine\",\"isPartOf\":{\"@id\":\"https:\/\/www.istitutogalanteoliva.it\/magazine\/#website\"},\"primaryImageOfPage\":{\"@id\":\"https:\/\/www.istitutogalanteoliva.it\/magazine\/2022\/05\/09\/siamo-tutti-nichilisti-il-libro-di-antonio-migliarino-sara-presentato-a-mercato-san-severino-sa\/#primaryimage\"},\"image\":{\"@id\":\"https:\/\/www.istitutogalanteoliva.it\/magazine\/2022\/05\/09\/siamo-tutti-nichilisti-il-libro-di-antonio-migliarino-sara-presentato-a-mercato-san-severino-sa\/#primaryimage\"},\"thumbnailUrl\":\"https:\/\/www.istitutogalanteoliva.it\/magazine\/wp-content\/uploads\/2022\/05\/0db0ef_IMG_20220106_094236_700_HomeIm_800x400.jpg\",\"datePublished\":\"2022-05-09T06:00:00+00:00\",\"dateModified\":\"2022-05-08T16:17:19+00:00\",\"description\":\"Siamo tutti nichilisti?\u201d; pubblicazione del giornalista pubblicista Antonio Migliorino\",\"breadcrumb\":{\"@id\":\"https:\/\/www.istitutogalanteoliva.it\/magazine\/2022\/05\/09\/siamo-tutti-nichilisti-il-libro-di-antonio-migliarino-sara-presentato-a-mercato-san-severino-sa\/#breadcrumb\"},\"inLanguage\":\"it-IT\",\"potentialAction\":[{\"@type\":\"ReadAction\",\"target\":[\"https:\/\/www.istitutogalanteoliva.it\/magazine\/2022\/05\/09\/siamo-tutti-nichilisti-il-libro-di-antonio-migliarino-sara-presentato-a-mercato-san-severino-sa\/\"]}]},{\"@type\":\"ImageObject\",\"inLanguage\":\"it-IT\",\"@id\":\"https:\/\/www.istitutogalanteoliva.it\/magazine\/2022\/05\/09\/siamo-tutti-nichilisti-il-libro-di-antonio-migliarino-sara-presentato-a-mercato-san-severino-sa\/#primaryimage\",\"url\":\"https:\/\/www.istitutogalanteoliva.it\/magazine\/wp-content\/uploads\/2022\/05\/0db0ef_IMG_20220106_094236_700_HomeIm_800x400.jpg\",\"contentUrl\":\"https:\/\/www.istitutogalanteoliva.it\/magazine\/wp-content\/uploads\/2022\/05\/0db0ef_IMG_20220106_094236_700_HomeIm_800x400.jpg\",\"width\":800,\"height\":400},{\"@type\":\"BreadcrumbList\",\"@id\":\"https:\/\/www.istitutogalanteoliva.it\/magazine\/2022\/05\/09\/siamo-tutti-nichilisti-il-libro-di-antonio-migliarino-sara-presentato-a-mercato-san-severino-sa\/#breadcrumb\",\"itemListElement\":[{\"@type\":\"ListItem\",\"position\":1,\"name\":\"Home\",\"item\":\"https:\/\/www.istitutogalanteoliva.it\/magazine\/\"},{\"@type\":\"ListItem\",\"position\":2,\"name\":\"&#8220;Siamo tutti nichilisti?&#8221;: il libro di Antonio Migliarino sar\u00e0 presentato a Mercato San Severino (SA)\"}]},{\"@type\":\"WebSite\",\"@id\":\"https:\/\/www.istitutogalanteoliva.it\/magazine\/#website\",\"url\":\"https:\/\/www.istitutogalanteoliva.it\/magazine\/\",\"name\":\"POLIS SA MAGAZINE\",\"description\":\"Informazione e approfondimenti\",\"publisher\":{\"@id\":\"https:\/\/www.istitutogalanteoliva.it\/magazine\/#organization\"},\"potentialAction\":[{\"@type\":\"SearchAction\",\"target\":{\"@type\":\"EntryPoint\",\"urlTemplate\":\"https:\/\/www.istitutogalanteoliva.it\/magazine\/?s={search_term_string}\"},\"query-input\":{\"@type\":\"PropertyValueSpecification\",\"valueRequired\":true,\"valueName\":\"search_term_string\"}}],\"inLanguage\":\"it-IT\"},{\"@type\":\"Organization\",\"@id\":\"https:\/\/www.istitutogalanteoliva.it\/magazine\/#organization\",\"name\":\"Polis SA Magazine\",\"url\":\"https:\/\/www.istitutogalanteoliva.it\/magazine\/\",\"logo\":{\"@type\":\"ImageObject\",\"inLanguage\":\"it-IT\",\"@id\":\"https:\/\/www.istitutogalanteoliva.it\/magazine\/#\/schema\/logo\/image\/\",\"url\":\"\",\"contentUrl\":\"\",\"caption\":\"Polis SA Magazine\"},\"image\":{\"@id\":\"https:\/\/www.istitutogalanteoliva.it\/magazine\/#\/schema\/logo\/image\/\"},\"sameAs\":[\"https:\/\/www.facebook.com\/PolisSAMagazine\/\",\"https:\/\/x.com\/MagazinePolis\",\"https:\/\/www.youtube.com\/channel\/UCv0Mr5AHKUmsc0sEEXkJrgw\"]},{\"@type\":\"Person\",\"@id\":\"https:\/\/www.istitutogalanteoliva.it\/magazine\/#\/schema\/person\/d8b8aa79cfe8babc1df9da3212a7c0c4\",\"name\":\"Antonello Rivano\",\"image\":{\"@type\":\"ImageObject\",\"inLanguage\":\"it-IT\",\"@id\":\"https:\/\/www.istitutogalanteoliva.it\/magazine\/#\/schema\/person\/image\/\",\"url\":\"https:\/\/secure.gravatar.com\/avatar\/517a9a6487a7a18ecc4ce6d2e57a8f40?s=96&d=mm&r=g\",\"contentUrl\":\"https:\/\/secure.gravatar.com\/avatar\/517a9a6487a7a18ecc4ce6d2e57a8f40?s=96&d=mm&r=g\",\"caption\":\"Antonello Rivano\"},\"url\":\"https:\/\/www.istitutogalanteoliva.it\/magazine\/author\/antonello\/\"}]}<\/script>\n<!-- \/ Yoast SEO plugin. -->","yoast_head_json":{"title":"\"Siamo tutti nichilisti?\": il libro di Antonio Migliarino sar\u00e0 presentato a Mercato San Severino (SA) - Polis SA Magazine","description":"Siamo tutti nichilisti?\u201d; pubblicazione del giornalista pubblicista Antonio Migliorino","robots":{"index":"index","follow":"follow","max-snippet":"max-snippet:-1","max-image-preview":"max-image-preview:large","max-video-preview":"max-video-preview:-1"},"canonical":"https:\/\/www.istitutogalanteoliva.it\/magazine\/2022\/05\/09\/siamo-tutti-nichilisti-il-libro-di-antonio-migliarino-sara-presentato-a-mercato-san-severino-sa\/","og_locale":"it_IT","og_type":"article","og_title":"\"Siamo tutti nichilisti?\": il libro di Antonio Migliarino sar\u00e0 presentato a Mercato San Severino (SA) - Polis SA Magazine","og_description":"Siamo tutti nichilisti?\u201d; pubblicazione del giornalista pubblicista Antonio Migliorino","og_url":"https:\/\/www.istitutogalanteoliva.it\/magazine\/2022\/05\/09\/siamo-tutti-nichilisti-il-libro-di-antonio-migliarino-sara-presentato-a-mercato-san-severino-sa\/","og_site_name":"Polis SA Magazine","article_publisher":"https:\/\/www.facebook.com\/PolisSAMagazine\/","article_published_time":"2022-05-09T06:00:00+00:00","article_modified_time":"2022-05-08T16:17:19+00:00","og_image":[{"width":800,"height":400,"url":"https:\/\/www.istitutogalanteoliva.it\/magazine\/wp-content\/uploads\/2022\/05\/0db0ef_IMG_20220106_094236_700_HomeIm_800x400.jpg","type":"image\/jpeg"}],"author":"Antonello Rivano","twitter_card":"summary_large_image","twitter_creator":"@MagazinePolis","twitter_site":"@MagazinePolis","twitter_misc":{"Scritto da":"Antonello Rivano","Tempo di lettura stimato":"5 minuti"},"schema":{"@context":"https:\/\/schema.org","@graph":[{"@type":"Article","@id":"https:\/\/www.istitutogalanteoliva.it\/magazine\/2022\/05\/09\/siamo-tutti-nichilisti-il-libro-di-antonio-migliarino-sara-presentato-a-mercato-san-severino-sa\/#article","isPartOf":{"@id":"https:\/\/www.istitutogalanteoliva.it\/magazine\/2022\/05\/09\/siamo-tutti-nichilisti-il-libro-di-antonio-migliarino-sara-presentato-a-mercato-san-severino-sa\/"},"author":{"name":"Antonello Rivano","@id":"https:\/\/www.istitutogalanteoliva.it\/magazine\/#\/schema\/person\/d8b8aa79cfe8babc1df9da3212a7c0c4"},"headline":"&#8220;Siamo tutti nichilisti?&#8221;: il libro di Antonio Migliarino sar\u00e0 presentato a Mercato San Severino (SA)","datePublished":"2022-05-09T06:00:00+00:00","dateModified":"2022-05-08T16:17:19+00:00","mainEntityOfPage":{"@id":"https:\/\/www.istitutogalanteoliva.it\/magazine\/2022\/05\/09\/siamo-tutti-nichilisti-il-libro-di-antonio-migliarino-sara-presentato-a-mercato-san-severino-sa\/"},"wordCount":890,"commentCount":1,"publisher":{"@id":"https:\/\/www.istitutogalanteoliva.it\/magazine\/#organization"},"image":{"@id":"https:\/\/www.istitutogalanteoliva.it\/magazine\/2022\/05\/09\/siamo-tutti-nichilisti-il-libro-di-antonio-migliarino-sara-presentato-a-mercato-san-severino-sa\/#primaryimage"},"thumbnailUrl":"https:\/\/www.istitutogalanteoliva.it\/magazine\/wp-content\/uploads\/2022\/05\/0db0ef_IMG_20220106_094236_700_HomeIm_800x400.jpg","articleSection":["2022","Eventi"],"inLanguage":"it-IT","potentialAction":[{"@type":"CommentAction","name":"Comment","target":["https:\/\/www.istitutogalanteoliva.it\/magazine\/2022\/05\/09\/siamo-tutti-nichilisti-il-libro-di-antonio-migliarino-sara-presentato-a-mercato-san-severino-sa\/#respond"]}]},{"@type":"WebPage","@id":"https:\/\/www.istitutogalanteoliva.it\/magazine\/2022\/05\/09\/siamo-tutti-nichilisti-il-libro-di-antonio-migliarino-sara-presentato-a-mercato-san-severino-sa\/","url":"https:\/\/www.istitutogalanteoliva.it\/magazine\/2022\/05\/09\/siamo-tutti-nichilisti-il-libro-di-antonio-migliarino-sara-presentato-a-mercato-san-severino-sa\/","name":"\"Siamo tutti nichilisti?\": il libro di Antonio Migliarino sar\u00e0 presentato a Mercato San Severino (SA) - Polis SA Magazine","isPartOf":{"@id":"https:\/\/www.istitutogalanteoliva.it\/magazine\/#website"},"primaryImageOfPage":{"@id":"https:\/\/www.istitutogalanteoliva.it\/magazine\/2022\/05\/09\/siamo-tutti-nichilisti-il-libro-di-antonio-migliarino-sara-presentato-a-mercato-san-severino-sa\/#primaryimage"},"image":{"@id":"https:\/\/www.istitutogalanteoliva.it\/magazine\/2022\/05\/09\/siamo-tutti-nichilisti-il-libro-di-antonio-migliarino-sara-presentato-a-mercato-san-severino-sa\/#primaryimage"},"thumbnailUrl":"https:\/\/www.istitutogalanteoliva.it\/magazine\/wp-content\/uploads\/2022\/05\/0db0ef_IMG_20220106_094236_700_HomeIm_800x400.jpg","datePublished":"2022-05-09T06:00:00+00:00","dateModified":"2022-05-08T16:17:19+00:00","description":"Siamo tutti nichilisti?\u201d; pubblicazione del giornalista pubblicista Antonio Migliorino","breadcrumb":{"@id":"https:\/\/www.istitutogalanteoliva.it\/magazine\/2022\/05\/09\/siamo-tutti-nichilisti-il-libro-di-antonio-migliarino-sara-presentato-a-mercato-san-severino-sa\/#breadcrumb"},"inLanguage":"it-IT","potentialAction":[{"@type":"ReadAction","target":["https:\/\/www.istitutogalanteoliva.it\/magazine\/2022\/05\/09\/siamo-tutti-nichilisti-il-libro-di-antonio-migliarino-sara-presentato-a-mercato-san-severino-sa\/"]}]},{"@type":"ImageObject","inLanguage":"it-IT","@id":"https:\/\/www.istitutogalanteoliva.it\/magazine\/2022\/05\/09\/siamo-tutti-nichilisti-il-libro-di-antonio-migliarino-sara-presentato-a-mercato-san-severino-sa\/#primaryimage","url":"https:\/\/www.istitutogalanteoliva.it\/magazine\/wp-content\/uploads\/2022\/05\/0db0ef_IMG_20220106_094236_700_HomeIm_800x400.jpg","contentUrl":"https:\/\/www.istitutogalanteoliva.it\/magazine\/wp-content\/uploads\/2022\/05\/0db0ef_IMG_20220106_094236_700_HomeIm_800x400.jpg","width":800,"height":400},{"@type":"BreadcrumbList","@id":"https:\/\/www.istitutogalanteoliva.it\/magazine\/2022\/05\/09\/siamo-tutti-nichilisti-il-libro-di-antonio-migliarino-sara-presentato-a-mercato-san-severino-sa\/#breadcrumb","itemListElement":[{"@type":"ListItem","position":1,"name":"Home","item":"https:\/\/www.istitutogalanteoliva.it\/magazine\/"},{"@type":"ListItem","position":2,"name":"&#8220;Siamo tutti nichilisti?&#8221;: il libro di Antonio Migliarino sar\u00e0 presentato a Mercato San Severino (SA)"}]},{"@type":"WebSite","@id":"https:\/\/www.istitutogalanteoliva.it\/magazine\/#website","url":"https:\/\/www.istitutogalanteoliva.it\/magazine\/","name":"POLIS SA MAGAZINE","description":"Informazione e approfondimenti","publisher":{"@id":"https:\/\/www.istitutogalanteoliva.it\/magazine\/#organization"},"potentialAction":[{"@type":"SearchAction","target":{"@type":"EntryPoint","urlTemplate":"https:\/\/www.istitutogalanteoliva.it\/magazine\/?s={search_term_string}"},"query-input":{"@type":"PropertyValueSpecification","valueRequired":true,"valueName":"search_term_string"}}],"inLanguage":"it-IT"},{"@type":"Organization","@id":"https:\/\/www.istitutogalanteoliva.it\/magazine\/#organization","name":"Polis SA Magazine","url":"https:\/\/www.istitutogalanteoliva.it\/magazine\/","logo":{"@type":"ImageObject","inLanguage":"it-IT","@id":"https:\/\/www.istitutogalanteoliva.it\/magazine\/#\/schema\/logo\/image\/","url":"","contentUrl":"","caption":"Polis SA Magazine"},"image":{"@id":"https:\/\/www.istitutogalanteoliva.it\/magazine\/#\/schema\/logo\/image\/"},"sameAs":["https:\/\/www.facebook.com\/PolisSAMagazine\/","https:\/\/x.com\/MagazinePolis","https:\/\/www.youtube.com\/channel\/UCv0Mr5AHKUmsc0sEEXkJrgw"]},{"@type":"Person","@id":"https:\/\/www.istitutogalanteoliva.it\/magazine\/#\/schema\/person\/d8b8aa79cfe8babc1df9da3212a7c0c4","name":"Antonello Rivano","image":{"@type":"ImageObject","inLanguage":"it-IT","@id":"https:\/\/www.istitutogalanteoliva.it\/magazine\/#\/schema\/person\/image\/","url":"https:\/\/secure.gravatar.com\/avatar\/517a9a6487a7a18ecc4ce6d2e57a8f40?s=96&d=mm&r=g","contentUrl":"https:\/\/secure.gravatar.com\/avatar\/517a9a6487a7a18ecc4ce6d2e57a8f40?s=96&d=mm&r=g","caption":"Antonello Rivano"},"url":"https:\/\/www.istitutogalanteoliva.it\/magazine\/author\/antonello\/"}]}},"_links":{"self":[{"href":"https:\/\/www.istitutogalanteoliva.it\/magazine\/wp-json\/wp\/v2\/posts\/12059","targetHints":{"allow":["GET"]}}],"collection":[{"href":"https:\/\/www.istitutogalanteoliva.it\/magazine\/wp-json\/wp\/v2\/posts"}],"about":[{"href":"https:\/\/www.istitutogalanteoliva.it\/magazine\/wp-json\/wp\/v2\/types\/post"}],"author":[{"embeddable":true,"href":"https:\/\/www.istitutogalanteoliva.it\/magazine\/wp-json\/wp\/v2\/users\/2"}],"replies":[{"embeddable":true,"href":"https:\/\/www.istitutogalanteoliva.it\/magazine\/wp-json\/wp\/v2\/comments?post=12059"}],"version-history":[{"count":1,"href":"https:\/\/www.istitutogalanteoliva.it\/magazine\/wp-json\/wp\/v2\/posts\/12059\/revisions"}],"predecessor-version":[{"id":12063,"href":"https:\/\/www.istitutogalanteoliva.it\/magazine\/wp-json\/wp\/v2\/posts\/12059\/revisions\/12063"}],"wp:featuredmedia":[{"embeddable":true,"href":"https:\/\/www.istitutogalanteoliva.it\/magazine\/wp-json\/wp\/v2\/media\/12061"}],"wp:attachment":[{"href":"https:\/\/www.istitutogalanteoliva.it\/magazine\/wp-json\/wp\/v2\/media?parent=12059"}],"wp:term":[{"taxonomy":"category","embeddable":true,"href":"https:\/\/www.istitutogalanteoliva.it\/magazine\/wp-json\/wp\/v2\/categories?post=12059"},{"taxonomy":"post_tag","embeddable":true,"href":"https:\/\/www.istitutogalanteoliva.it\/magazine\/wp-json\/wp\/v2\/tags?post=12059"}],"curies":[{"name":"wp","href":"https:\/\/api.w.org\/{rel}","templated":true}]}}