{"id":12192,"date":"2022-06-16T08:00:00","date_gmt":"2022-06-16T06:00:00","guid":{"rendered":"https:\/\/www.istitutogalanteoliva.it\/magazine\/?p=12192"},"modified":"2022-06-15T19:40:30","modified_gmt":"2022-06-15T17:40:30","slug":"al-via-con-il-solstizio-una-meravigliosa-estate-a-carloforte-su","status":"publish","type":"post","link":"https:\/\/www.istitutogalanteoliva.it\/magazine\/2022\/06\/16\/al-via-con-il-solstizio-una-meravigliosa-estate-a-carloforte-su\/","title":{"rendered":"Al via con il Solstizio una meravigliosa estate a Carloforte (SU)"},"content":{"rendered":"\n<p><strong><em>Comunicato Stampa<\/em><\/strong><\/p>\n\n\n\n<h4 class=\"wp-block-heading\">I luoghi nascosti del borgo di Carloforte&nbsp;&nbsp;&#8211; uno dei pi\u00f9 belli d\u2019Italia &#8211; come Vico Caprera, il retro dello storico Teatro Cavallera, che compie 100 anni; i prati a strapiombo sul mare e sul tramonto, come quello della residenza A Cova; il giardino \u201cdi note\u201d, a ridosso delle antiche mura costruite dai primi tabarchini; il parco pi\u00f9 bello dell\u2019isola di San Pietro, quello del Canale del Generale: due ettari di piante esotiche, ruderi in pietra, saliscendi e panorami spettacolari.&nbsp;<\/h4>\n\n\n\n<p>Sono le location dell\u2019Estate dei<strong>\u00a0B\u00f6tti du Shc\u00f6ggiu<\/strong>\u00a0per questo 2022.\u00a0<\/p>\n\n\n\n<p><em> <strong>B\u00f6tti<\/strong> <\/em>significa germogli in carlofortino e\u00a0<em> <strong>Shc\u00f6ggiu<\/strong> <\/em>\u00a0(scoglio) \u00e8 l\u2019affettuoso soprannome dell\u2019<strong>Isola di San Pietro<\/strong>. Dopo 28 anni di attivit\u00e0 i \u201cgermogli dello scoglio\u201d sono sbocciati con un festival che ha esordito la scorsa estate superando ogni aspettativa. E\u2019 stato chiamato Marballu\u2019s come il ballo del mare o il nomignolo di una persona molto amata.\u00a0<\/p>\n\n\n\n<p>Il\u00a0<strong>Marballu\u2019s Festival<\/strong>\u00a0torner\u00e0 a riempire di gioia l\u2019isola\u00a0<strong>dal 1 al 3 settembre<\/strong>\u00a0con un ricco programma di teatro, danza, circo, musica, spettacoli per adulti e bambini al Parco del Canale del Generale.<\/p>\n\n\n\n<figure class=\"wp-block-image size-full is-resized\"><img loading=\"lazy\" decoding=\"async\" src=\"https:\/\/www.istitutogalanteoliva.it\/magazine\/wp-content\/uploads\/2022\/06\/Marballus-Festival-edizione-0-al-Parco-del-Canale-del-Generale.jpg\" alt=\"\" class=\"wp-image-12196\" width=\"474\" height=\"267\" srcset=\"https:\/\/www.istitutogalanteoliva.it\/magazine\/wp-content\/uploads\/2022\/06\/Marballus-Festival-edizione-0-al-Parco-del-Canale-del-Generale.jpg 720w, https:\/\/www.istitutogalanteoliva.it\/magazine\/wp-content\/uploads\/2022\/06\/Marballus-Festival-edizione-0-al-Parco-del-Canale-del-Generale-300x169.jpg 300w\" sizes=\"auto, (max-width: 474px) 100vw, 474px\" \/><figcaption> <em><sup>Marballu\u2019s Festival\u00a0 <\/sup><\/em><\/figcaption><\/figure>\n\n\n\n<p>Sar\u00e0 preceduto da&nbsp;<strong>6 appuntamenti, tutti gratuiti<\/strong>, allietati dai vini delle Cantine del Sulcis e dagli snack di Dolce &amp; Salato,&nbsp;<strong>a partire dal solstizio d\u2019estate<\/strong>:&nbsp;<\/p>\n\n\n\n<h4 class=\"wp-block-heading\">POESIA<\/h4>\n\n\n\n<p>Il 21 giugno, alle h 21, in occasione della manifestazione nazionale\u00a0<strong>Le isole si accendono<\/strong>\u00a0e della festa internazionale della musica, Susanna Mannelli, direttrice artistica e fondatrice dei Botti du Shcoggiu, coordiner\u00e0 la lettura affabulata di poesie edite e inedite. Sul palco di Vico Caprera, dietro il Lungomare, si alterneranno la chitarra di Matteo Dess\u00ec e le percussioni di Antonio Pinna per un accompagnamento musicale. Gli abitanti sono invitati a recitare i poemi inviati da loro stessi e gli spettatori a scrivere sul posto i versi di una poesia collettiva in una forma di instant poetry che si conclude con l\u2019invio di un messaggio in bottiglia, da affidare al mare.<\/p>\n\n\n\n<figure class=\"wp-block-gallery columns-2 is-cropped wp-block-gallery-1 is-layout-flex wp-block-gallery-is-layout-flex\"><ul class=\"blocks-gallery-grid\"><li class=\"blocks-gallery-item\"><figure><img loading=\"lazy\" decoding=\"async\" width=\"1024\" height=\"680\" src=\"https:\/\/www.istitutogalanteoliva.it\/magazine\/wp-content\/uploads\/2022\/06\/Le-isole-si-accendono-foto-storica-1024x680.jpg\" alt=\"\" data-id=\"12193\" class=\"wp-image-12193\" srcset=\"https:\/\/www.istitutogalanteoliva.it\/magazine\/wp-content\/uploads\/2022\/06\/Le-isole-si-accendono-foto-storica-1024x680.jpg 1024w, https:\/\/www.istitutogalanteoliva.it\/magazine\/wp-content\/uploads\/2022\/06\/Le-isole-si-accendono-foto-storica-300x199.jpg 300w, https:\/\/www.istitutogalanteoliva.it\/magazine\/wp-content\/uploads\/2022\/06\/Le-isole-si-accendono-foto-storica-768x510.jpg 768w, https:\/\/www.istitutogalanteoliva.it\/magazine\/wp-content\/uploads\/2022\/06\/Le-isole-si-accendono-foto-storica-1536x1020.jpg 1536w, https:\/\/www.istitutogalanteoliva.it\/magazine\/wp-content\/uploads\/2022\/06\/Le-isole-si-accendono-foto-storica.jpg 2048w\" sizes=\"auto, (max-width: 1024px) 100vw, 1024px\" \/><figcaption class=\"blocks-gallery-item__caption\"><strong><em><sup>Le Isole si accendono &#8211; foto storica<\/sup><\/em><\/strong><\/figcaption><\/figure><\/li><li class=\"blocks-gallery-item\"><figure><img loading=\"lazy\" decoding=\"async\" width=\"1024\" height=\"576\" src=\"https:\/\/www.istitutogalanteoliva.it\/magazine\/wp-content\/uploads\/2022\/06\/Le-isole-si-accendono-simbolica-1024x576.jpg\" alt=\"\" data-id=\"12198\" data-full-url=\"https:\/\/www.istitutogalanteoliva.it\/magazine\/wp-content\/uploads\/2022\/06\/Le-isole-si-accendono-simbolica.jpg\" data-link=\"https:\/\/www.istitutogalanteoliva.it\/magazine\/?attachment_id=12198\" class=\"wp-image-12198\" srcset=\"https:\/\/www.istitutogalanteoliva.it\/magazine\/wp-content\/uploads\/2022\/06\/Le-isole-si-accendono-simbolica-1024x576.jpg 1024w, https:\/\/www.istitutogalanteoliva.it\/magazine\/wp-content\/uploads\/2022\/06\/Le-isole-si-accendono-simbolica-300x169.jpg 300w, https:\/\/www.istitutogalanteoliva.it\/magazine\/wp-content\/uploads\/2022\/06\/Le-isole-si-accendono-simbolica-768x432.jpg 768w, https:\/\/www.istitutogalanteoliva.it\/magazine\/wp-content\/uploads\/2022\/06\/Le-isole-si-accendono-simbolica.jpg 1440w\" sizes=\"auto, (max-width: 1024px) 100vw, 1024px\" \/><\/figure><\/li><\/ul><\/figure>\n\n\n\n<h4 class=\"wp-block-heading\">MUSICA<\/h4>\n\n\n\n<p><strong>Sun d\u2019aixia in ti canti<\/strong>\u00a0(suono della brezza negli angoli) \u00e8 il titolo di tre appuntamenti musicali nella location pi\u00f9 spettacolare dell\u2019Estate dei Botti du Shcoggiu, la Residenza A Cova. Una ex stalla recuperata con la bioarchitettura, circondata da prati verdissimi tra le spiagge della Bobba e di Lucaise, a strapiombo sul mare. Qui la brezza \u00e8 costante e i tramonti, gi\u00e0 languidi, diventano indimenticabili al suono di musicisti che arrivano da tutto il mondo. Sono concerti e momenti leggeri, caldi, come un vento d\u2019estate, che iniziano alle 19.15.\u00a0<\/p>\n\n\n\n<figure class=\"wp-block-image size-full is-resized\"><img loading=\"lazy\" decoding=\"async\" src=\"https:\/\/www.istitutogalanteoliva.it\/magazine\/wp-content\/uploads\/2022\/06\/Concerto-dei-Botti-alla-Residenza-A-Cova.jpg\" alt=\"\" class=\"wp-image-12195\" width=\"544\" height=\"409\" srcset=\"https:\/\/www.istitutogalanteoliva.it\/magazine\/wp-content\/uploads\/2022\/06\/Concerto-dei-Botti-alla-Residenza-A-Cova.jpg 720w, https:\/\/www.istitutogalanteoliva.it\/magazine\/wp-content\/uploads\/2022\/06\/Concerto-dei-Botti-alla-Residenza-A-Cova-300x225.jpg 300w\" sizes=\"auto, (max-width: 544px) 100vw, 544px\" \/><figcaption><strong><em><sup>Concerto dei Botti alla Residenza A Cova<\/sup><\/em><\/strong><\/figcaption><\/figure>\n\n\n\n<p>Luned\u00ec 11 luglio la fisarmonica dell\u2019italo-giapponese&nbsp;<strong>Julyo Fortunato<\/strong>&nbsp;e la chitarra dell\u2019italo-americano&nbsp;<strong>Sebastian Trevisan<\/strong>&nbsp;si incontrano&nbsp;tra brani originali e grandi classici.<\/p>\n\n\n\n<p>Entrambi molto giovani, Julyo \u00e8 figlio di musicisti erranti e si \u00e8 esibito in tante formazioni, Sebastian \u00e8 allievo delle scuole di musica californiane, entrambi con esperienze di circo teatro. Formano il duo\u00a0<strong>Frighirifiri<\/strong>\u00a0per accompagnare in un viaggio tra suoni mediterranei, ritmi sudamericani, romantiche ballate e paesaggi jazzistici.\u00a0<\/p>\n\n\n\n<figure class=\"wp-block-image size-large is-resized\"><img loading=\"lazy\" decoding=\"async\" src=\"https:\/\/www.istitutogalanteoliva.it\/magazine\/wp-content\/uploads\/2022\/06\/I-Frighirifiri-ph-in-alta-1024x680.jpg\" alt=\"\" class=\"wp-image-12197\" width=\"465\" height=\"308\" srcset=\"https:\/\/www.istitutogalanteoliva.it\/magazine\/wp-content\/uploads\/2022\/06\/I-Frighirifiri-ph-in-alta-1024x680.jpg 1024w, https:\/\/www.istitutogalanteoliva.it\/magazine\/wp-content\/uploads\/2022\/06\/I-Frighirifiri-ph-in-alta-300x199.jpg 300w, https:\/\/www.istitutogalanteoliva.it\/magazine\/wp-content\/uploads\/2022\/06\/I-Frighirifiri-ph-in-alta-768x510.jpg 768w, https:\/\/www.istitutogalanteoliva.it\/magazine\/wp-content\/uploads\/2022\/06\/I-Frighirifiri-ph-in-alta-1536x1020.jpg 1536w, https:\/\/www.istitutogalanteoliva.it\/magazine\/wp-content\/uploads\/2022\/06\/I-Frighirifiri-ph-in-alta-2048x1361.jpg 2048w\" sizes=\"auto, (max-width: 465px) 100vw, 465px\" \/><figcaption><strong><em><sup> Il duo\u00a0Frighirifiri <\/sup><\/em><\/strong><\/figcaption><\/figure>\n\n\n\n<p>Domenica 17 luglio Il\u00a0<strong>Duo Perfetto<\/strong>\u00a0&#8211; formato dal violoncello del tedesco Robert Witt e dal pianoforte della sarda Clorinda Perfetto &#8211; avr\u00e0 l\u2019onore di inaugurare la presenza di un piano sul mare davanti alle Colonne di Carloforte (monumento naturale), per la prima volta nella storia dell\u2019Estate dei Botti. Il suono sar\u00e0 naturalmente&#8230;perfetto. Le melodie quelle argentine del tango e della milonga. Impossibile resistere. Anche per chi li ha gi\u00e0 visti in tv ai Concerti del Quirinale.<\/p>\n\n\n\n<figure class=\"wp-block-image size-large is-resized\"><img loading=\"lazy\" decoding=\"async\" src=\"https:\/\/www.istitutogalanteoliva.it\/magazine\/wp-content\/uploads\/2022\/06\/Duo-Perfetto-ph-alta-1-1024x683.jpg\" alt=\"\" class=\"wp-image-12194\" width=\"467\" height=\"311\" srcset=\"https:\/\/www.istitutogalanteoliva.it\/magazine\/wp-content\/uploads\/2022\/06\/Duo-Perfetto-ph-alta-1-1024x683.jpg 1024w, https:\/\/www.istitutogalanteoliva.it\/magazine\/wp-content\/uploads\/2022\/06\/Duo-Perfetto-ph-alta-1-300x200.jpg 300w, https:\/\/www.istitutogalanteoliva.it\/magazine\/wp-content\/uploads\/2022\/06\/Duo-Perfetto-ph-alta-1-768x512.jpg 768w, https:\/\/www.istitutogalanteoliva.it\/magazine\/wp-content\/uploads\/2022\/06\/Duo-Perfetto-ph-alta-1-1536x1020.jpg 1536w, https:\/\/www.istitutogalanteoliva.it\/magazine\/wp-content\/uploads\/2022\/06\/Duo-Perfetto-ph-alta-1-2048x1365.jpg 2048w, https:\/\/www.istitutogalanteoliva.it\/magazine\/wp-content\/uploads\/2022\/06\/Duo-Perfetto-ph-alta-1-675x450.jpg 675w\" sizes=\"auto, (max-width: 467px) 100vw, 467px\" \/><figcaption><strong><em><sup>Duo Perfetto<\/sup><\/em><\/strong><\/figcaption><\/figure>\n\n\n\n<p>Sabato 30 luglio le sonorit\u00e0 tzigane sono la forza di un trio di origine francese con esperienze poliedriche. Cl\u00e9ment Brussovsky alla chitarra, Ad\u00e8le Salom\u00e9 al violino e Marcello Oudin al contrabbasso formano i&nbsp;<strong>Blue Odessa<\/strong>&nbsp;e si alternano nelle voci che coinvolgono tutto il pubblico.<\/p>\n\n\n\n<h4 class=\"wp-block-heading\">CINEMA<\/h4>\n\n\n\n<p>Gioved\u00ec 14 luglio alle 21.45, nella piazzetta del Teatro Cavallera, che quest\u2019anno compie un secolo, dietro il Lungomare, proiezione del film muto&nbsp;<strong>Speedy<\/strong>&nbsp;(1928), ispirato a un comico di quell\u2019epoca, con uno spettacolo dal titolo&nbsp;<strong>Harold Lloyd il terzo genio<\/strong>.&nbsp;<\/p>\n\n\n\n<h4 class=\"wp-block-heading\">TEATRO&nbsp;<\/h4>\n\n\n\n<p>Luned\u00ec 1 agosto, alle 20.30, al Giardino di note quest\u2019anno la tradizionale rappresentazione per \u201c<strong>fiabe sugli scalini<\/strong>\u201d \u00e8 uno spettacolo dedicato ai pi\u00f9 piccoli, ma molto interessante anche per gli adulti, che si chiama&nbsp;<strong>Curiosella e le Janas<\/strong>&nbsp;(le fate, in sardo). Prodotto dalla compagnia Le voci di Astarte, \u00e8 portato in scena da Gloria Uccheddu, con testo e regia di Sabrina Barlini.<\/p>\n\n\n\n<p>Per informazioni: 347.9054753<\/p>\n\n\n\n<p><a href=\"mailto:botti.carloforte@gmail.com\" target=\"_blank\" rel=\"noreferrer noopener\">botti.carloforte@gmail.com<\/a><\/p>\n<div class=\"pdfprnt-buttons pdfprnt-buttons-post pdfprnt-bottom-left\"><a href=\"https:\/\/www.istitutogalanteoliva.it\/magazine\/wp-json\/wp\/v2\/posts\/12192?print=print\" class=\"pdfprnt-button pdfprnt-button-print\" target=\"_blank\"><img decoding=\"async\" src=\"https:\/\/www.istitutogalanteoliva.it\/magazine\/wp-content\/plugins\/pdf-print\/images\/print.png\" alt=\"image_print\" title=\"Stampa contenuto\" \/><span class=\"pdfprnt-button-title pdfprnt-button-print-title\">Download in PDF<\/span><\/a><\/div>","protected":false},"excerpt":{"rendered":"<p>Saranno sette gli appuntamenti dell&#8217;estate carlofortina promossi dall&#8217; Associazione Culturale &#8220;B\u00f6tti du Shc\u00f6ggiu&#8221; che avranno come location alcuni degli angoli  pi\u00f9 belli di Carloforte e dell&#8217;Isola di San Pietro <\/p>\n","protected":false},"author":2,"featured_media":12203,"comment_status":"closed","ping_status":"open","sticky":true,"template":"","format":"standard","meta":{"footnotes":""},"categories":[577,7,47],"tags":[87,607],"class_list":["post-12192","post","type-post","status-publish","format-standard","has-post-thumbnail","hentry","category-577","category-arte_e_spettacolo","category-eventi","tag-carloforte","tag-isola-di-san-pietro"],"yoast_head":"<!-- This site is optimized with the Yoast SEO plugin v24.2 - https:\/\/yoast.com\/wordpress\/plugins\/seo\/ -->\n<title>Al via con il Solstizio una meravigliosa estate a Carloforte (SU) - Polis SA Magazine<\/title>\n<meta name=\"robots\" content=\"index, follow, max-snippet:-1, max-image-preview:large, max-video-preview:-1\" \/>\n<link rel=\"canonical\" href=\"https:\/\/www.istitutogalanteoliva.it\/magazine\/2022\/06\/16\/al-via-con-il-solstizio-una-meravigliosa-estate-a-carloforte-su\/\" \/>\n<meta property=\"og:locale\" content=\"it_IT\" \/>\n<meta property=\"og:type\" content=\"article\" \/>\n<meta property=\"og:title\" content=\"Al via con il Solstizio una meravigliosa estate a Carloforte (SU) - Polis SA Magazine\" \/>\n<meta property=\"og:description\" content=\"Saranno sette gli appuntamenti dell&#039;estate carlofortina promossi dall&#039; Associazione Culturale &quot;B\u00f6tti du Shc\u00f6ggiu&quot; che avranno come location alcuni degli angoli pi\u00f9 belli di Carloforte e dell&#039;Isola di San Pietro\" \/>\n<meta property=\"og:url\" content=\"https:\/\/www.istitutogalanteoliva.it\/magazine\/2022\/06\/16\/al-via-con-il-solstizio-una-meravigliosa-estate-a-carloforte-su\/\" \/>\n<meta property=\"og:site_name\" content=\"Polis SA Magazine\" \/>\n<meta property=\"article:publisher\" content=\"https:\/\/www.facebook.com\/PolisSAMagazine\/\" \/>\n<meta property=\"article:published_time\" content=\"2022-06-16T06:00:00+00:00\" \/>\n<meta property=\"article:modified_time\" content=\"2022-06-15T17:40:30+00:00\" \/>\n<meta property=\"og:image\" content=\"https:\/\/www.istitutogalanteoliva.it\/magazine\/wp-content\/uploads\/2022\/06\/287077244_5902049189811691_7249027091067535281_n.jpg\" \/>\n\t<meta property=\"og:image:width\" content=\"700\" \/>\n\t<meta property=\"og:image:height\" content=\"380\" \/>\n\t<meta property=\"og:image:type\" content=\"image\/jpeg\" \/>\n<meta name=\"author\" content=\"Antonello Rivano\" \/>\n<meta name=\"twitter:card\" content=\"summary_large_image\" \/>\n<meta name=\"twitter:creator\" content=\"@MagazinePolis\" \/>\n<meta name=\"twitter:site\" content=\"@MagazinePolis\" \/>\n<meta name=\"twitter:label1\" content=\"Scritto da\" \/>\n\t<meta name=\"twitter:data1\" content=\"Antonello Rivano\" \/>\n\t<meta name=\"twitter:label2\" content=\"Tempo di lettura stimato\" \/>\n\t<meta name=\"twitter:data2\" content=\"6 minuti\" \/>\n<script type=\"application\/ld+json\" class=\"yoast-schema-graph\">{\"@context\":\"https:\/\/schema.org\",\"@graph\":[{\"@type\":\"Article\",\"@id\":\"https:\/\/www.istitutogalanteoliva.it\/magazine\/2022\/06\/16\/al-via-con-il-solstizio-una-meravigliosa-estate-a-carloforte-su\/#article\",\"isPartOf\":{\"@id\":\"https:\/\/www.istitutogalanteoliva.it\/magazine\/2022\/06\/16\/al-via-con-il-solstizio-una-meravigliosa-estate-a-carloforte-su\/\"},\"author\":{\"name\":\"Antonello Rivano\",\"@id\":\"https:\/\/www.istitutogalanteoliva.it\/magazine\/#\/schema\/person\/d8b8aa79cfe8babc1df9da3212a7c0c4\"},\"headline\":\"Al via con il Solstizio una meravigliosa estate a Carloforte (SU)\",\"datePublished\":\"2022-06-16T06:00:00+00:00\",\"dateModified\":\"2022-06-15T17:40:30+00:00\",\"mainEntityOfPage\":{\"@id\":\"https:\/\/www.istitutogalanteoliva.it\/magazine\/2022\/06\/16\/al-via-con-il-solstizio-una-meravigliosa-estate-a-carloforte-su\/\"},\"wordCount\":768,\"publisher\":{\"@id\":\"https:\/\/www.istitutogalanteoliva.it\/magazine\/#organization\"},\"image\":{\"@id\":\"https:\/\/www.istitutogalanteoliva.it\/magazine\/2022\/06\/16\/al-via-con-il-solstizio-una-meravigliosa-estate-a-carloforte-su\/#primaryimage\"},\"thumbnailUrl\":\"https:\/\/www.istitutogalanteoliva.it\/magazine\/wp-content\/uploads\/2022\/06\/287077244_5902049189811691_7249027091067535281_n.jpg\",\"keywords\":[\"Carloforte\",\"Isola di San Pietro\"],\"articleSection\":[\"2022\",\"Arte e Spettacolo\",\"Eventi\"],\"inLanguage\":\"it-IT\"},{\"@type\":\"WebPage\",\"@id\":\"https:\/\/www.istitutogalanteoliva.it\/magazine\/2022\/06\/16\/al-via-con-il-solstizio-una-meravigliosa-estate-a-carloforte-su\/\",\"url\":\"https:\/\/www.istitutogalanteoliva.it\/magazine\/2022\/06\/16\/al-via-con-il-solstizio-una-meravigliosa-estate-a-carloforte-su\/\",\"name\":\"Al via con il Solstizio una meravigliosa estate a Carloforte (SU) - Polis SA Magazine\",\"isPartOf\":{\"@id\":\"https:\/\/www.istitutogalanteoliva.it\/magazine\/#website\"},\"primaryImageOfPage\":{\"@id\":\"https:\/\/www.istitutogalanteoliva.it\/magazine\/2022\/06\/16\/al-via-con-il-solstizio-una-meravigliosa-estate-a-carloforte-su\/#primaryimage\"},\"image\":{\"@id\":\"https:\/\/www.istitutogalanteoliva.it\/magazine\/2022\/06\/16\/al-via-con-il-solstizio-una-meravigliosa-estate-a-carloforte-su\/#primaryimage\"},\"thumbnailUrl\":\"https:\/\/www.istitutogalanteoliva.it\/magazine\/wp-content\/uploads\/2022\/06\/287077244_5902049189811691_7249027091067535281_n.jpg\",\"datePublished\":\"2022-06-16T06:00:00+00:00\",\"dateModified\":\"2022-06-15T17:40:30+00:00\",\"breadcrumb\":{\"@id\":\"https:\/\/www.istitutogalanteoliva.it\/magazine\/2022\/06\/16\/al-via-con-il-solstizio-una-meravigliosa-estate-a-carloforte-su\/#breadcrumb\"},\"inLanguage\":\"it-IT\",\"potentialAction\":[{\"@type\":\"ReadAction\",\"target\":[\"https:\/\/www.istitutogalanteoliva.it\/magazine\/2022\/06\/16\/al-via-con-il-solstizio-una-meravigliosa-estate-a-carloforte-su\/\"]}]},{\"@type\":\"ImageObject\",\"inLanguage\":\"it-IT\",\"@id\":\"https:\/\/www.istitutogalanteoliva.it\/magazine\/2022\/06\/16\/al-via-con-il-solstizio-una-meravigliosa-estate-a-carloforte-su\/#primaryimage\",\"url\":\"https:\/\/www.istitutogalanteoliva.it\/magazine\/wp-content\/uploads\/2022\/06\/287077244_5902049189811691_7249027091067535281_n.jpg\",\"contentUrl\":\"https:\/\/www.istitutogalanteoliva.it\/magazine\/wp-content\/uploads\/2022\/06\/287077244_5902049189811691_7249027091067535281_n.jpg\",\"width\":700,\"height\":380},{\"@type\":\"BreadcrumbList\",\"@id\":\"https:\/\/www.istitutogalanteoliva.it\/magazine\/2022\/06\/16\/al-via-con-il-solstizio-una-meravigliosa-estate-a-carloforte-su\/#breadcrumb\",\"itemListElement\":[{\"@type\":\"ListItem\",\"position\":1,\"name\":\"Home\",\"item\":\"https:\/\/www.istitutogalanteoliva.it\/magazine\/\"},{\"@type\":\"ListItem\",\"position\":2,\"name\":\"Al via con il Solstizio una meravigliosa estate a Carloforte (SU)\"}]},{\"@type\":\"WebSite\",\"@id\":\"https:\/\/www.istitutogalanteoliva.it\/magazine\/#website\",\"url\":\"https:\/\/www.istitutogalanteoliva.it\/magazine\/\",\"name\":\"POLIS SA MAGAZINE\",\"description\":\"Informazione e approfondimenti\",\"publisher\":{\"@id\":\"https:\/\/www.istitutogalanteoliva.it\/magazine\/#organization\"},\"potentialAction\":[{\"@type\":\"SearchAction\",\"target\":{\"@type\":\"EntryPoint\",\"urlTemplate\":\"https:\/\/www.istitutogalanteoliva.it\/magazine\/?s={search_term_string}\"},\"query-input\":{\"@type\":\"PropertyValueSpecification\",\"valueRequired\":true,\"valueName\":\"search_term_string\"}}],\"inLanguage\":\"it-IT\"},{\"@type\":\"Organization\",\"@id\":\"https:\/\/www.istitutogalanteoliva.it\/magazine\/#organization\",\"name\":\"Polis SA Magazine\",\"url\":\"https:\/\/www.istitutogalanteoliva.it\/magazine\/\",\"logo\":{\"@type\":\"ImageObject\",\"inLanguage\":\"it-IT\",\"@id\":\"https:\/\/www.istitutogalanteoliva.it\/magazine\/#\/schema\/logo\/image\/\",\"url\":\"\",\"contentUrl\":\"\",\"caption\":\"Polis SA Magazine\"},\"image\":{\"@id\":\"https:\/\/www.istitutogalanteoliva.it\/magazine\/#\/schema\/logo\/image\/\"},\"sameAs\":[\"https:\/\/www.facebook.com\/PolisSAMagazine\/\",\"https:\/\/x.com\/MagazinePolis\",\"https:\/\/www.youtube.com\/channel\/UCv0Mr5AHKUmsc0sEEXkJrgw\"]},{\"@type\":\"Person\",\"@id\":\"https:\/\/www.istitutogalanteoliva.it\/magazine\/#\/schema\/person\/d8b8aa79cfe8babc1df9da3212a7c0c4\",\"name\":\"Antonello Rivano\",\"image\":{\"@type\":\"ImageObject\",\"inLanguage\":\"it-IT\",\"@id\":\"https:\/\/www.istitutogalanteoliva.it\/magazine\/#\/schema\/person\/image\/\",\"url\":\"https:\/\/secure.gravatar.com\/avatar\/517a9a6487a7a18ecc4ce6d2e57a8f40?s=96&d=mm&r=g\",\"contentUrl\":\"https:\/\/secure.gravatar.com\/avatar\/517a9a6487a7a18ecc4ce6d2e57a8f40?s=96&d=mm&r=g\",\"caption\":\"Antonello Rivano\"},\"url\":\"https:\/\/www.istitutogalanteoliva.it\/magazine\/author\/antonello\/\"}]}<\/script>\n<!-- \/ Yoast SEO plugin. -->","yoast_head_json":{"title":"Al via con il Solstizio una meravigliosa estate a Carloforte (SU) - Polis SA Magazine","robots":{"index":"index","follow":"follow","max-snippet":"max-snippet:-1","max-image-preview":"max-image-preview:large","max-video-preview":"max-video-preview:-1"},"canonical":"https:\/\/www.istitutogalanteoliva.it\/magazine\/2022\/06\/16\/al-via-con-il-solstizio-una-meravigliosa-estate-a-carloforte-su\/","og_locale":"it_IT","og_type":"article","og_title":"Al via con il Solstizio una meravigliosa estate a Carloforte (SU) - Polis SA Magazine","og_description":"Saranno sette gli appuntamenti dell'estate carlofortina promossi dall' Associazione Culturale \"B\u00f6tti du Shc\u00f6ggiu\" che avranno come location alcuni degli angoli pi\u00f9 belli di Carloforte e dell'Isola di San Pietro","og_url":"https:\/\/www.istitutogalanteoliva.it\/magazine\/2022\/06\/16\/al-via-con-il-solstizio-una-meravigliosa-estate-a-carloforte-su\/","og_site_name":"Polis SA Magazine","article_publisher":"https:\/\/www.facebook.com\/PolisSAMagazine\/","article_published_time":"2022-06-16T06:00:00+00:00","article_modified_time":"2022-06-15T17:40:30+00:00","og_image":[{"width":700,"height":380,"url":"https:\/\/www.istitutogalanteoliva.it\/magazine\/wp-content\/uploads\/2022\/06\/287077244_5902049189811691_7249027091067535281_n.jpg","type":"image\/jpeg"}],"author":"Antonello Rivano","twitter_card":"summary_large_image","twitter_creator":"@MagazinePolis","twitter_site":"@MagazinePolis","twitter_misc":{"Scritto da":"Antonello Rivano","Tempo di lettura stimato":"6 minuti"},"schema":{"@context":"https:\/\/schema.org","@graph":[{"@type":"Article","@id":"https:\/\/www.istitutogalanteoliva.it\/magazine\/2022\/06\/16\/al-via-con-il-solstizio-una-meravigliosa-estate-a-carloforte-su\/#article","isPartOf":{"@id":"https:\/\/www.istitutogalanteoliva.it\/magazine\/2022\/06\/16\/al-via-con-il-solstizio-una-meravigliosa-estate-a-carloforte-su\/"},"author":{"name":"Antonello Rivano","@id":"https:\/\/www.istitutogalanteoliva.it\/magazine\/#\/schema\/person\/d8b8aa79cfe8babc1df9da3212a7c0c4"},"headline":"Al via con il Solstizio una meravigliosa estate a Carloforte (SU)","datePublished":"2022-06-16T06:00:00+00:00","dateModified":"2022-06-15T17:40:30+00:00","mainEntityOfPage":{"@id":"https:\/\/www.istitutogalanteoliva.it\/magazine\/2022\/06\/16\/al-via-con-il-solstizio-una-meravigliosa-estate-a-carloforte-su\/"},"wordCount":768,"publisher":{"@id":"https:\/\/www.istitutogalanteoliva.it\/magazine\/#organization"},"image":{"@id":"https:\/\/www.istitutogalanteoliva.it\/magazine\/2022\/06\/16\/al-via-con-il-solstizio-una-meravigliosa-estate-a-carloforte-su\/#primaryimage"},"thumbnailUrl":"https:\/\/www.istitutogalanteoliva.it\/magazine\/wp-content\/uploads\/2022\/06\/287077244_5902049189811691_7249027091067535281_n.jpg","keywords":["Carloforte","Isola di San Pietro"],"articleSection":["2022","Arte e Spettacolo","Eventi"],"inLanguage":"it-IT"},{"@type":"WebPage","@id":"https:\/\/www.istitutogalanteoliva.it\/magazine\/2022\/06\/16\/al-via-con-il-solstizio-una-meravigliosa-estate-a-carloforte-su\/","url":"https:\/\/www.istitutogalanteoliva.it\/magazine\/2022\/06\/16\/al-via-con-il-solstizio-una-meravigliosa-estate-a-carloforte-su\/","name":"Al via con il Solstizio una meravigliosa estate a Carloforte (SU) - Polis SA Magazine","isPartOf":{"@id":"https:\/\/www.istitutogalanteoliva.it\/magazine\/#website"},"primaryImageOfPage":{"@id":"https:\/\/www.istitutogalanteoliva.it\/magazine\/2022\/06\/16\/al-via-con-il-solstizio-una-meravigliosa-estate-a-carloforte-su\/#primaryimage"},"image":{"@id":"https:\/\/www.istitutogalanteoliva.it\/magazine\/2022\/06\/16\/al-via-con-il-solstizio-una-meravigliosa-estate-a-carloforte-su\/#primaryimage"},"thumbnailUrl":"https:\/\/www.istitutogalanteoliva.it\/magazine\/wp-content\/uploads\/2022\/06\/287077244_5902049189811691_7249027091067535281_n.jpg","datePublished":"2022-06-16T06:00:00+00:00","dateModified":"2022-06-15T17:40:30+00:00","breadcrumb":{"@id":"https:\/\/www.istitutogalanteoliva.it\/magazine\/2022\/06\/16\/al-via-con-il-solstizio-una-meravigliosa-estate-a-carloforte-su\/#breadcrumb"},"inLanguage":"it-IT","potentialAction":[{"@type":"ReadAction","target":["https:\/\/www.istitutogalanteoliva.it\/magazine\/2022\/06\/16\/al-via-con-il-solstizio-una-meravigliosa-estate-a-carloforte-su\/"]}]},{"@type":"ImageObject","inLanguage":"it-IT","@id":"https:\/\/www.istitutogalanteoliva.it\/magazine\/2022\/06\/16\/al-via-con-il-solstizio-una-meravigliosa-estate-a-carloforte-su\/#primaryimage","url":"https:\/\/www.istitutogalanteoliva.it\/magazine\/wp-content\/uploads\/2022\/06\/287077244_5902049189811691_7249027091067535281_n.jpg","contentUrl":"https:\/\/www.istitutogalanteoliva.it\/magazine\/wp-content\/uploads\/2022\/06\/287077244_5902049189811691_7249027091067535281_n.jpg","width":700,"height":380},{"@type":"BreadcrumbList","@id":"https:\/\/www.istitutogalanteoliva.it\/magazine\/2022\/06\/16\/al-via-con-il-solstizio-una-meravigliosa-estate-a-carloforte-su\/#breadcrumb","itemListElement":[{"@type":"ListItem","position":1,"name":"Home","item":"https:\/\/www.istitutogalanteoliva.it\/magazine\/"},{"@type":"ListItem","position":2,"name":"Al via con il Solstizio una meravigliosa estate a Carloforte (SU)"}]},{"@type":"WebSite","@id":"https:\/\/www.istitutogalanteoliva.it\/magazine\/#website","url":"https:\/\/www.istitutogalanteoliva.it\/magazine\/","name":"POLIS SA MAGAZINE","description":"Informazione e approfondimenti","publisher":{"@id":"https:\/\/www.istitutogalanteoliva.it\/magazine\/#organization"},"potentialAction":[{"@type":"SearchAction","target":{"@type":"EntryPoint","urlTemplate":"https:\/\/www.istitutogalanteoliva.it\/magazine\/?s={search_term_string}"},"query-input":{"@type":"PropertyValueSpecification","valueRequired":true,"valueName":"search_term_string"}}],"inLanguage":"it-IT"},{"@type":"Organization","@id":"https:\/\/www.istitutogalanteoliva.it\/magazine\/#organization","name":"Polis SA Magazine","url":"https:\/\/www.istitutogalanteoliva.it\/magazine\/","logo":{"@type":"ImageObject","inLanguage":"it-IT","@id":"https:\/\/www.istitutogalanteoliva.it\/magazine\/#\/schema\/logo\/image\/","url":"","contentUrl":"","caption":"Polis SA Magazine"},"image":{"@id":"https:\/\/www.istitutogalanteoliva.it\/magazine\/#\/schema\/logo\/image\/"},"sameAs":["https:\/\/www.facebook.com\/PolisSAMagazine\/","https:\/\/x.com\/MagazinePolis","https:\/\/www.youtube.com\/channel\/UCv0Mr5AHKUmsc0sEEXkJrgw"]},{"@type":"Person","@id":"https:\/\/www.istitutogalanteoliva.it\/magazine\/#\/schema\/person\/d8b8aa79cfe8babc1df9da3212a7c0c4","name":"Antonello Rivano","image":{"@type":"ImageObject","inLanguage":"it-IT","@id":"https:\/\/www.istitutogalanteoliva.it\/magazine\/#\/schema\/person\/image\/","url":"https:\/\/secure.gravatar.com\/avatar\/517a9a6487a7a18ecc4ce6d2e57a8f40?s=96&d=mm&r=g","contentUrl":"https:\/\/secure.gravatar.com\/avatar\/517a9a6487a7a18ecc4ce6d2e57a8f40?s=96&d=mm&r=g","caption":"Antonello Rivano"},"url":"https:\/\/www.istitutogalanteoliva.it\/magazine\/author\/antonello\/"}]}},"_links":{"self":[{"href":"https:\/\/www.istitutogalanteoliva.it\/magazine\/wp-json\/wp\/v2\/posts\/12192","targetHints":{"allow":["GET"]}}],"collection":[{"href":"https:\/\/www.istitutogalanteoliva.it\/magazine\/wp-json\/wp\/v2\/posts"}],"about":[{"href":"https:\/\/www.istitutogalanteoliva.it\/magazine\/wp-json\/wp\/v2\/types\/post"}],"author":[{"embeddable":true,"href":"https:\/\/www.istitutogalanteoliva.it\/magazine\/wp-json\/wp\/v2\/users\/2"}],"replies":[{"embeddable":true,"href":"https:\/\/www.istitutogalanteoliva.it\/magazine\/wp-json\/wp\/v2\/comments?post=12192"}],"version-history":[{"count":4,"href":"https:\/\/www.istitutogalanteoliva.it\/magazine\/wp-json\/wp\/v2\/posts\/12192\/revisions"}],"predecessor-version":[{"id":12204,"href":"https:\/\/www.istitutogalanteoliva.it\/magazine\/wp-json\/wp\/v2\/posts\/12192\/revisions\/12204"}],"wp:featuredmedia":[{"embeddable":true,"href":"https:\/\/www.istitutogalanteoliva.it\/magazine\/wp-json\/wp\/v2\/media\/12203"}],"wp:attachment":[{"href":"https:\/\/www.istitutogalanteoliva.it\/magazine\/wp-json\/wp\/v2\/media?parent=12192"}],"wp:term":[{"taxonomy":"category","embeddable":true,"href":"https:\/\/www.istitutogalanteoliva.it\/magazine\/wp-json\/wp\/v2\/categories?post=12192"},{"taxonomy":"post_tag","embeddable":true,"href":"https:\/\/www.istitutogalanteoliva.it\/magazine\/wp-json\/wp\/v2\/tags?post=12192"}],"curies":[{"name":"wp","href":"https:\/\/api.w.org\/{rel}","templated":true}]}}