{"id":12348,"date":"2022-07-19T17:47:19","date_gmt":"2022-07-19T15:47:19","guid":{"rendered":"https:\/\/www.istitutogalanteoliva.it\/magazine\/?p=12348"},"modified":"2022-07-19T17:47:21","modified_gmt":"2022-07-19T15:47:21","slug":"connessi-e-soli-in-questa-strana-e-calda-estate","status":"publish","type":"post","link":"https:\/\/www.istitutogalanteoliva.it\/magazine\/2022\/07\/19\/connessi-e-soli-in-questa-strana-e-calda-estate\/","title":{"rendered":"Connessi e soli, in questa strana e calda estate"},"content":{"rendered":"\n<p><strong>Di <em>Antonello Rivano<\/em><\/strong><\/p>\n\n\n\n<div class=\"wp-block-group\"><div class=\"wp-block-group__inner-container is-layout-flow wp-block-group-is-layout-flow\">\n<p class=\"has-drop-cap\">E\u2019 una ben strana estate, dove la Pandemia non va in vacanza e neppure i politici, impegnati nei loro inciuci, false ideologie e proclami pi\u00f9 che mai populisti. <\/p>\n\n\n\n<p>Sembra invece andata in vacanza una guerra assurda, non perch\u00e9 sia finita ma semplicemente perch\u00e9 non fa pi\u00f9 notizia. Ci siamo assuefatti ai missili che cadono sulle citt\u00e0, abituati al fatto che si possa invadere un paese sovrano, ci siamo convinti che i morti, anche quelli civili, siano solo danni collaterali.<\/p>\n\n\n\n<p><br>E\u2019 una ben strana estate, non perch\u00e9 sia caldo, quello in fondo \u00e8 normale, siamo nella seconda met\u00e0 di luglio, ma perch\u00e9 crollano i ghiacciai. Altre vittime, altri morti, altri \u201cnon si poteva prevedere\u201d. E\u2019 una strana estate, in cui devi stare attento ai chilometri che fai in auto, perch\u00e9 il pieno \u00e8 sempre pi\u00f9 un lusso, mentre teniamo d\u2019occhio quei numerini sulle colonnine dei distributori e ci chiediamo se avremo ancora un governo in grado d intervenire, quando scadr\u00e0 la proroga del taglio delle accise.<br><br>E\u2019 strana questa estate, in cui le mascherine sono solo \u201craccomandate\u201d mentre la quarta dose \u00e8 gi\u00e0 di fatto obbligatoria per il personale sanitario dai sessant\u2019anni in su. &nbsp;<\/p>\n\n\n\n<p>E mentre cerchiamo refrigerio in un mare le cui acque sono sempre pi\u00f9 calde, accendiamo condizionatori che fanno alzare le nostre bollette gi\u00e0 di per se \u201cindigeste\u201d, chiedendoci magari se il prossimo anno potremo farlo e se l\u2019inverno ci potremo scaldare ancora con i nostri termosifoni. Intanto le code alla Caritas continuano a ingrossarsi, e i visi di chi sta in fila sono a volte quelli dei nostri vicini di casa.<\/p>\n\n\n\n<p>Una ben strana estate in cui il mercato del lavoro stagionale non riesce pi\u00f9 a trovare nuovi schiavi e molti imprenditori del settore piangono lacrime di coccodrillo. Con la Pandemia e i lockdown si \u00e8 forse preso coscienza che tutto sommato ci sono delle cose che non si possono comprare, specie se con pochi spiccioli, una di queste, la pi\u00f9 preziosa, \u00e8 il nostro tempo, l\u2019altra la dignit\u00e0.<\/p>\n\n\n\n<p>Nel frattempo i nostri \u201cpoliticanti\u201d, che a chiamarli \u201cpolitici\u201d sarebbe per loro troppo onore, sono persi in un loro mondo, che nulla ha a che fare con le bombe, i morti, i ghiacciai che vengono gi\u00f9 e le bollette che vanno su. Sembrano non accorgersi che le code alla Caritas aumentano e non sono fatte solo di extracomunitari e clandestini, che il mercato del lavoro \u00e8 senza regole e che le poche rimaste, ogni giorno, vengono violate impunemente. Chiusi nelle loro auto blu non vedono quei numeretti sulle colonnine dei distributori che ogni giorno crescono sempre di pi\u00f9. Non si rendono conto che la Pandemia non \u00e8 finita e che in questi anni di paura e sofferenza il nostro Sistema Sanitario non si \u00e8 per nulla adattato alle \u201cemergenze\u201d e neppure alla \u201cnormalit\u00e0\u201d, cosi come il Sistema Scolastico.<br><br>Stando ai numeri \u00e8 probabile che, dopo questa strana e calda estate, ci ritroveremo ancora con ospedali pieni e aule vuote, come se non avessimo appreso nulla, come se i morti fossero solo numeri che abbiamo imparato a leggere ma non a capire.<br><br>&nbsp;Chi dovrebbe avere la responsabilit\u00e0 del buongoverno, e come tale comportarsi secondo le norme del&nbsp; \u201cbuon padre di famiglia\u201d, si scopre sempre pi\u00f9 incapace e indegno di tale ruolo. E tutto si muove tra la stolta indifferenza dei pi\u00f9. Tutto questo ci passa sotto gli occhi, in questa pazza calda estate, mentre sotto i nostri ombrelloni i cellulari hanno preso oramai il posto dei libri. E neppure ci guardiamo pi\u00f9 intorno, sempre pi\u00f9 connessi e sempre meno uniti, e ti chiedi se non \u00e8 forse questo il vero problema, la causa di tutto.<\/p>\n\n\n\n<p>Al momento che scriviamo non possiamo sapere se e come finir\u00e0 l\u2019attuale, ennesima, crisi di governo\u2026una cosa \u00e8 certa, cosi come in guerra non ci saranno vincitori, perch\u00e9 in questo deserto di valori e idee, ancora una volta, avremo perso tutti.<\/p>\n<\/div><\/div>\n\n\n\n<p class=\"has-text-align-left\"><img loading=\"lazy\" decoding=\"async\" width=\"80\" height=\"80\" class=\"wp-image-15584\" style=\"width: 80px;\" src=\"https:\/\/www.istitutogalanteoliva.it\/magazine\/wp-content\/uploads\/2024\/08\/anto.png\" alt=\"\" srcset=\"https:\/\/www.istitutogalanteoliva.it\/magazine\/wp-content\/uploads\/2024\/08\/anto.png 247w, https:\/\/www.istitutogalanteoliva.it\/magazine\/wp-content\/uploads\/2024\/08\/anto-150x150.png 150w\" sizes=\"auto, (max-width: 80px) 100vw, 80px\" \/><em><mark style=\"background-color:rgba(0, 0, 0, 0)\" class=\"has-inline-color has-black-color\"><strong><a href=\"https:\/\/www.istitutogalanteoliva\/antonello-rivano-2\/\">Antonello Rivano<\/a><\/strong><\/mark><\/em><br><sup><strong>Direttore di redazione\/coordinatore nazionale<\/strong> <strong><em>Polis SA Magazine<\/em><\/strong><\/sup><br><\/p>\n<div class=\"pdfprnt-buttons pdfprnt-buttons-post pdfprnt-bottom-left\"><a href=\"https:\/\/www.istitutogalanteoliva.it\/magazine\/wp-json\/wp\/v2\/posts\/12348?print=print\" class=\"pdfprnt-button pdfprnt-button-print\" target=\"_blank\"><img decoding=\"async\" src=\"https:\/\/www.istitutogalanteoliva.it\/magazine\/wp-content\/plugins\/pdf-print\/images\/print.png\" alt=\"image_print\" title=\"Stampa contenuto\" \/><span class=\"pdfprnt-button-title pdfprnt-button-print-title\">Download in PDF<\/span><\/a><\/div>","protected":false},"excerpt":{"rendered":"<p>E\u2019 una ben strana estate, dove la Pandemia non va in vacanza e neppure i politici, impegnati nei loro inciuci, false ideologie e proclami&#8230;<\/p>\n","protected":false},"author":2,"featured_media":12349,"comment_status":"closed","ping_status":"open","sticky":true,"template":"","format":"standard","meta":{"footnotes":""},"categories":[577,254,10],"tags":[631,627,630,629,159,337,628],"class_list":["post-12348","post","type-post","status-publish","format-standard","has-post-thumbnail","hentry","category-577","category-attualita","category-editoriale","tag-bollette","tag-caldo","tag-caro-benzina","tag-crisi","tag-crisi-di-governo","tag-estate","tag-politici"],"yoast_head":"<!-- This site is optimized with the Yoast SEO plugin v24.2 - https:\/\/yoast.com\/wordpress\/plugins\/seo\/ -->\n<title>Connessi e soli, in questa strana e calda estate - Polis SA Magazine<\/title>\n<meta name=\"robots\" content=\"index, follow, max-snippet:-1, max-image-preview:large, max-video-preview:-1\" \/>\n<link rel=\"canonical\" href=\"https:\/\/www.istitutogalanteoliva.it\/magazine\/2022\/07\/19\/connessi-e-soli-in-questa-strana-e-calda-estate\/\" \/>\n<meta property=\"og:locale\" content=\"it_IT\" \/>\n<meta property=\"og:type\" content=\"article\" \/>\n<meta property=\"og:title\" content=\"Connessi e soli, in questa strana e calda estate - Polis SA Magazine\" \/>\n<meta property=\"og:description\" content=\"E\u2019 una ben strana estate, dove la Pandemia non va in vacanza e neppure i politici, impegnati nei loro inciuci, false ideologie e proclami...\" \/>\n<meta property=\"og:url\" content=\"https:\/\/www.istitutogalanteoliva.it\/magazine\/2022\/07\/19\/connessi-e-soli-in-questa-strana-e-calda-estate\/\" \/>\n<meta property=\"og:site_name\" content=\"Polis SA Magazine\" \/>\n<meta property=\"article:publisher\" content=\"https:\/\/www.facebook.com\/PolisSAMagazine\/\" \/>\n<meta property=\"article:published_time\" content=\"2022-07-19T15:47:19+00:00\" \/>\n<meta property=\"article:modified_time\" content=\"2022-07-19T15:47:21+00:00\" \/>\n<meta property=\"og:image\" content=\"https:\/\/www.istitutogalanteoliva.it\/magazine\/wp-content\/uploads\/2022\/07\/Senza-titolo-1-Recuperato.jpg\" \/>\n\t<meta property=\"og:image:width\" content=\"700\" \/>\n\t<meta property=\"og:image:height\" content=\"380\" \/>\n\t<meta property=\"og:image:type\" content=\"image\/jpeg\" \/>\n<meta name=\"author\" content=\"Antonello Rivano\" \/>\n<meta name=\"twitter:card\" content=\"summary_large_image\" \/>\n<meta name=\"twitter:creator\" content=\"@MagazinePolis\" \/>\n<meta name=\"twitter:site\" content=\"@MagazinePolis\" \/>\n<meta name=\"twitter:label1\" content=\"Scritto da\" \/>\n\t<meta name=\"twitter:data1\" content=\"Antonello Rivano\" \/>\n\t<meta name=\"twitter:label2\" content=\"Tempo di lettura stimato\" \/>\n\t<meta name=\"twitter:data2\" content=\"4 minuti\" \/>\n<script type=\"application\/ld+json\" class=\"yoast-schema-graph\">{\"@context\":\"https:\/\/schema.org\",\"@graph\":[{\"@type\":\"Article\",\"@id\":\"https:\/\/www.istitutogalanteoliva.it\/magazine\/2022\/07\/19\/connessi-e-soli-in-questa-strana-e-calda-estate\/#article\",\"isPartOf\":{\"@id\":\"https:\/\/www.istitutogalanteoliva.it\/magazine\/2022\/07\/19\/connessi-e-soli-in-questa-strana-e-calda-estate\/\"},\"author\":{\"name\":\"Antonello Rivano\",\"@id\":\"https:\/\/www.istitutogalanteoliva.it\/magazine\/#\/schema\/person\/d8b8aa79cfe8babc1df9da3212a7c0c4\"},\"headline\":\"Connessi e soli, in questa strana e calda estate\",\"datePublished\":\"2022-07-19T15:47:19+00:00\",\"dateModified\":\"2022-07-19T15:47:21+00:00\",\"mainEntityOfPage\":{\"@id\":\"https:\/\/www.istitutogalanteoliva.it\/magazine\/2022\/07\/19\/connessi-e-soli-in-questa-strana-e-calda-estate\/\"},\"wordCount\":657,\"publisher\":{\"@id\":\"https:\/\/www.istitutogalanteoliva.it\/magazine\/#organization\"},\"image\":{\"@id\":\"https:\/\/www.istitutogalanteoliva.it\/magazine\/2022\/07\/19\/connessi-e-soli-in-questa-strana-e-calda-estate\/#primaryimage\"},\"thumbnailUrl\":\"https:\/\/www.istitutogalanteoliva.it\/magazine\/wp-content\/uploads\/2022\/07\/Senza-titolo-1-Recuperato.jpg\",\"keywords\":[\"bollette\",\"Caldo\",\"caro benzina\",\"crisi\",\"Crisi di governo\",\"estate\",\"politici\"],\"articleSection\":[\"2022\",\"Attualit\u00e0\",\"Editoriale\"],\"inLanguage\":\"it-IT\"},{\"@type\":\"WebPage\",\"@id\":\"https:\/\/www.istitutogalanteoliva.it\/magazine\/2022\/07\/19\/connessi-e-soli-in-questa-strana-e-calda-estate\/\",\"url\":\"https:\/\/www.istitutogalanteoliva.it\/magazine\/2022\/07\/19\/connessi-e-soli-in-questa-strana-e-calda-estate\/\",\"name\":\"Connessi e soli, in questa strana e calda estate - Polis SA Magazine\",\"isPartOf\":{\"@id\":\"https:\/\/www.istitutogalanteoliva.it\/magazine\/#website\"},\"primaryImageOfPage\":{\"@id\":\"https:\/\/www.istitutogalanteoliva.it\/magazine\/2022\/07\/19\/connessi-e-soli-in-questa-strana-e-calda-estate\/#primaryimage\"},\"image\":{\"@id\":\"https:\/\/www.istitutogalanteoliva.it\/magazine\/2022\/07\/19\/connessi-e-soli-in-questa-strana-e-calda-estate\/#primaryimage\"},\"thumbnailUrl\":\"https:\/\/www.istitutogalanteoliva.it\/magazine\/wp-content\/uploads\/2022\/07\/Senza-titolo-1-Recuperato.jpg\",\"datePublished\":\"2022-07-19T15:47:19+00:00\",\"dateModified\":\"2022-07-19T15:47:21+00:00\",\"breadcrumb\":{\"@id\":\"https:\/\/www.istitutogalanteoliva.it\/magazine\/2022\/07\/19\/connessi-e-soli-in-questa-strana-e-calda-estate\/#breadcrumb\"},\"inLanguage\":\"it-IT\",\"potentialAction\":[{\"@type\":\"ReadAction\",\"target\":[\"https:\/\/www.istitutogalanteoliva.it\/magazine\/2022\/07\/19\/connessi-e-soli-in-questa-strana-e-calda-estate\/\"]}]},{\"@type\":\"ImageObject\",\"inLanguage\":\"it-IT\",\"@id\":\"https:\/\/www.istitutogalanteoliva.it\/magazine\/2022\/07\/19\/connessi-e-soli-in-questa-strana-e-calda-estate\/#primaryimage\",\"url\":\"https:\/\/www.istitutogalanteoliva.it\/magazine\/wp-content\/uploads\/2022\/07\/Senza-titolo-1-Recuperato.jpg\",\"contentUrl\":\"https:\/\/www.istitutogalanteoliva.it\/magazine\/wp-content\/uploads\/2022\/07\/Senza-titolo-1-Recuperato.jpg\",\"width\":700,\"height\":380,\"caption\":\"Foto di Lars Nissen\"},{\"@type\":\"BreadcrumbList\",\"@id\":\"https:\/\/www.istitutogalanteoliva.it\/magazine\/2022\/07\/19\/connessi-e-soli-in-questa-strana-e-calda-estate\/#breadcrumb\",\"itemListElement\":[{\"@type\":\"ListItem\",\"position\":1,\"name\":\"Home\",\"item\":\"https:\/\/www.istitutogalanteoliva.it\/magazine\/\"},{\"@type\":\"ListItem\",\"position\":2,\"name\":\"Connessi e soli, in questa strana e calda estate\"}]},{\"@type\":\"WebSite\",\"@id\":\"https:\/\/www.istitutogalanteoliva.it\/magazine\/#website\",\"url\":\"https:\/\/www.istitutogalanteoliva.it\/magazine\/\",\"name\":\"POLIS SA MAGAZINE\",\"description\":\"Informazione e approfondimenti\",\"publisher\":{\"@id\":\"https:\/\/www.istitutogalanteoliva.it\/magazine\/#organization\"},\"potentialAction\":[{\"@type\":\"SearchAction\",\"target\":{\"@type\":\"EntryPoint\",\"urlTemplate\":\"https:\/\/www.istitutogalanteoliva.it\/magazine\/?s={search_term_string}\"},\"query-input\":{\"@type\":\"PropertyValueSpecification\",\"valueRequired\":true,\"valueName\":\"search_term_string\"}}],\"inLanguage\":\"it-IT\"},{\"@type\":\"Organization\",\"@id\":\"https:\/\/www.istitutogalanteoliva.it\/magazine\/#organization\",\"name\":\"Polis SA Magazine\",\"url\":\"https:\/\/www.istitutogalanteoliva.it\/magazine\/\",\"logo\":{\"@type\":\"ImageObject\",\"inLanguage\":\"it-IT\",\"@id\":\"https:\/\/www.istitutogalanteoliva.it\/magazine\/#\/schema\/logo\/image\/\",\"url\":\"\",\"contentUrl\":\"\",\"caption\":\"Polis SA Magazine\"},\"image\":{\"@id\":\"https:\/\/www.istitutogalanteoliva.it\/magazine\/#\/schema\/logo\/image\/\"},\"sameAs\":[\"https:\/\/www.facebook.com\/PolisSAMagazine\/\",\"https:\/\/x.com\/MagazinePolis\",\"https:\/\/www.youtube.com\/channel\/UCv0Mr5AHKUmsc0sEEXkJrgw\"]},{\"@type\":\"Person\",\"@id\":\"https:\/\/www.istitutogalanteoliva.it\/magazine\/#\/schema\/person\/d8b8aa79cfe8babc1df9da3212a7c0c4\",\"name\":\"Antonello Rivano\",\"image\":{\"@type\":\"ImageObject\",\"inLanguage\":\"it-IT\",\"@id\":\"https:\/\/www.istitutogalanteoliva.it\/magazine\/#\/schema\/person\/image\/\",\"url\":\"https:\/\/secure.gravatar.com\/avatar\/517a9a6487a7a18ecc4ce6d2e57a8f40?s=96&d=mm&r=g\",\"contentUrl\":\"https:\/\/secure.gravatar.com\/avatar\/517a9a6487a7a18ecc4ce6d2e57a8f40?s=96&d=mm&r=g\",\"caption\":\"Antonello Rivano\"},\"url\":\"https:\/\/www.istitutogalanteoliva.it\/magazine\/author\/antonello\/\"}]}<\/script>\n<!-- \/ Yoast SEO plugin. -->","yoast_head_json":{"title":"Connessi e soli, in questa strana e calda estate - Polis SA Magazine","robots":{"index":"index","follow":"follow","max-snippet":"max-snippet:-1","max-image-preview":"max-image-preview:large","max-video-preview":"max-video-preview:-1"},"canonical":"https:\/\/www.istitutogalanteoliva.it\/magazine\/2022\/07\/19\/connessi-e-soli-in-questa-strana-e-calda-estate\/","og_locale":"it_IT","og_type":"article","og_title":"Connessi e soli, in questa strana e calda estate - Polis SA Magazine","og_description":"E\u2019 una ben strana estate, dove la Pandemia non va in vacanza e neppure i politici, impegnati nei loro inciuci, false ideologie e proclami...","og_url":"https:\/\/www.istitutogalanteoliva.it\/magazine\/2022\/07\/19\/connessi-e-soli-in-questa-strana-e-calda-estate\/","og_site_name":"Polis SA Magazine","article_publisher":"https:\/\/www.facebook.com\/PolisSAMagazine\/","article_published_time":"2022-07-19T15:47:19+00:00","article_modified_time":"2022-07-19T15:47:21+00:00","og_image":[{"width":700,"height":380,"url":"https:\/\/www.istitutogalanteoliva.it\/magazine\/wp-content\/uploads\/2022\/07\/Senza-titolo-1-Recuperato.jpg","type":"image\/jpeg"}],"author":"Antonello Rivano","twitter_card":"summary_large_image","twitter_creator":"@MagazinePolis","twitter_site":"@MagazinePolis","twitter_misc":{"Scritto da":"Antonello Rivano","Tempo di lettura stimato":"4 minuti"},"schema":{"@context":"https:\/\/schema.org","@graph":[{"@type":"Article","@id":"https:\/\/www.istitutogalanteoliva.it\/magazine\/2022\/07\/19\/connessi-e-soli-in-questa-strana-e-calda-estate\/#article","isPartOf":{"@id":"https:\/\/www.istitutogalanteoliva.it\/magazine\/2022\/07\/19\/connessi-e-soli-in-questa-strana-e-calda-estate\/"},"author":{"name":"Antonello Rivano","@id":"https:\/\/www.istitutogalanteoliva.it\/magazine\/#\/schema\/person\/d8b8aa79cfe8babc1df9da3212a7c0c4"},"headline":"Connessi e soli, in questa strana e calda estate","datePublished":"2022-07-19T15:47:19+00:00","dateModified":"2022-07-19T15:47:21+00:00","mainEntityOfPage":{"@id":"https:\/\/www.istitutogalanteoliva.it\/magazine\/2022\/07\/19\/connessi-e-soli-in-questa-strana-e-calda-estate\/"},"wordCount":657,"publisher":{"@id":"https:\/\/www.istitutogalanteoliva.it\/magazine\/#organization"},"image":{"@id":"https:\/\/www.istitutogalanteoliva.it\/magazine\/2022\/07\/19\/connessi-e-soli-in-questa-strana-e-calda-estate\/#primaryimage"},"thumbnailUrl":"https:\/\/www.istitutogalanteoliva.it\/magazine\/wp-content\/uploads\/2022\/07\/Senza-titolo-1-Recuperato.jpg","keywords":["bollette","Caldo","caro benzina","crisi","Crisi di governo","estate","politici"],"articleSection":["2022","Attualit\u00e0","Editoriale"],"inLanguage":"it-IT"},{"@type":"WebPage","@id":"https:\/\/www.istitutogalanteoliva.it\/magazine\/2022\/07\/19\/connessi-e-soli-in-questa-strana-e-calda-estate\/","url":"https:\/\/www.istitutogalanteoliva.it\/magazine\/2022\/07\/19\/connessi-e-soli-in-questa-strana-e-calda-estate\/","name":"Connessi e soli, in questa strana e calda estate - Polis SA Magazine","isPartOf":{"@id":"https:\/\/www.istitutogalanteoliva.it\/magazine\/#website"},"primaryImageOfPage":{"@id":"https:\/\/www.istitutogalanteoliva.it\/magazine\/2022\/07\/19\/connessi-e-soli-in-questa-strana-e-calda-estate\/#primaryimage"},"image":{"@id":"https:\/\/www.istitutogalanteoliva.it\/magazine\/2022\/07\/19\/connessi-e-soli-in-questa-strana-e-calda-estate\/#primaryimage"},"thumbnailUrl":"https:\/\/www.istitutogalanteoliva.it\/magazine\/wp-content\/uploads\/2022\/07\/Senza-titolo-1-Recuperato.jpg","datePublished":"2022-07-19T15:47:19+00:00","dateModified":"2022-07-19T15:47:21+00:00","breadcrumb":{"@id":"https:\/\/www.istitutogalanteoliva.it\/magazine\/2022\/07\/19\/connessi-e-soli-in-questa-strana-e-calda-estate\/#breadcrumb"},"inLanguage":"it-IT","potentialAction":[{"@type":"ReadAction","target":["https:\/\/www.istitutogalanteoliva.it\/magazine\/2022\/07\/19\/connessi-e-soli-in-questa-strana-e-calda-estate\/"]}]},{"@type":"ImageObject","inLanguage":"it-IT","@id":"https:\/\/www.istitutogalanteoliva.it\/magazine\/2022\/07\/19\/connessi-e-soli-in-questa-strana-e-calda-estate\/#primaryimage","url":"https:\/\/www.istitutogalanteoliva.it\/magazine\/wp-content\/uploads\/2022\/07\/Senza-titolo-1-Recuperato.jpg","contentUrl":"https:\/\/www.istitutogalanteoliva.it\/magazine\/wp-content\/uploads\/2022\/07\/Senza-titolo-1-Recuperato.jpg","width":700,"height":380,"caption":"Foto di Lars Nissen"},{"@type":"BreadcrumbList","@id":"https:\/\/www.istitutogalanteoliva.it\/magazine\/2022\/07\/19\/connessi-e-soli-in-questa-strana-e-calda-estate\/#breadcrumb","itemListElement":[{"@type":"ListItem","position":1,"name":"Home","item":"https:\/\/www.istitutogalanteoliva.it\/magazine\/"},{"@type":"ListItem","position":2,"name":"Connessi e soli, in questa strana e calda estate"}]},{"@type":"WebSite","@id":"https:\/\/www.istitutogalanteoliva.it\/magazine\/#website","url":"https:\/\/www.istitutogalanteoliva.it\/magazine\/","name":"POLIS SA MAGAZINE","description":"Informazione e approfondimenti","publisher":{"@id":"https:\/\/www.istitutogalanteoliva.it\/magazine\/#organization"},"potentialAction":[{"@type":"SearchAction","target":{"@type":"EntryPoint","urlTemplate":"https:\/\/www.istitutogalanteoliva.it\/magazine\/?s={search_term_string}"},"query-input":{"@type":"PropertyValueSpecification","valueRequired":true,"valueName":"search_term_string"}}],"inLanguage":"it-IT"},{"@type":"Organization","@id":"https:\/\/www.istitutogalanteoliva.it\/magazine\/#organization","name":"Polis SA Magazine","url":"https:\/\/www.istitutogalanteoliva.it\/magazine\/","logo":{"@type":"ImageObject","inLanguage":"it-IT","@id":"https:\/\/www.istitutogalanteoliva.it\/magazine\/#\/schema\/logo\/image\/","url":"","contentUrl":"","caption":"Polis SA Magazine"},"image":{"@id":"https:\/\/www.istitutogalanteoliva.it\/magazine\/#\/schema\/logo\/image\/"},"sameAs":["https:\/\/www.facebook.com\/PolisSAMagazine\/","https:\/\/x.com\/MagazinePolis","https:\/\/www.youtube.com\/channel\/UCv0Mr5AHKUmsc0sEEXkJrgw"]},{"@type":"Person","@id":"https:\/\/www.istitutogalanteoliva.it\/magazine\/#\/schema\/person\/d8b8aa79cfe8babc1df9da3212a7c0c4","name":"Antonello Rivano","image":{"@type":"ImageObject","inLanguage":"it-IT","@id":"https:\/\/www.istitutogalanteoliva.it\/magazine\/#\/schema\/person\/image\/","url":"https:\/\/secure.gravatar.com\/avatar\/517a9a6487a7a18ecc4ce6d2e57a8f40?s=96&d=mm&r=g","contentUrl":"https:\/\/secure.gravatar.com\/avatar\/517a9a6487a7a18ecc4ce6d2e57a8f40?s=96&d=mm&r=g","caption":"Antonello Rivano"},"url":"https:\/\/www.istitutogalanteoliva.it\/magazine\/author\/antonello\/"}]}},"_links":{"self":[{"href":"https:\/\/www.istitutogalanteoliva.it\/magazine\/wp-json\/wp\/v2\/posts\/12348","targetHints":{"allow":["GET"]}}],"collection":[{"href":"https:\/\/www.istitutogalanteoliva.it\/magazine\/wp-json\/wp\/v2\/posts"}],"about":[{"href":"https:\/\/www.istitutogalanteoliva.it\/magazine\/wp-json\/wp\/v2\/types\/post"}],"author":[{"embeddable":true,"href":"https:\/\/www.istitutogalanteoliva.it\/magazine\/wp-json\/wp\/v2\/users\/2"}],"replies":[{"embeddable":true,"href":"https:\/\/www.istitutogalanteoliva.it\/magazine\/wp-json\/wp\/v2\/comments?post=12348"}],"version-history":[{"count":1,"href":"https:\/\/www.istitutogalanteoliva.it\/magazine\/wp-json\/wp\/v2\/posts\/12348\/revisions"}],"predecessor-version":[{"id":12350,"href":"https:\/\/www.istitutogalanteoliva.it\/magazine\/wp-json\/wp\/v2\/posts\/12348\/revisions\/12350"}],"wp:featuredmedia":[{"embeddable":true,"href":"https:\/\/www.istitutogalanteoliva.it\/magazine\/wp-json\/wp\/v2\/media\/12349"}],"wp:attachment":[{"href":"https:\/\/www.istitutogalanteoliva.it\/magazine\/wp-json\/wp\/v2\/media?parent=12348"}],"wp:term":[{"taxonomy":"category","embeddable":true,"href":"https:\/\/www.istitutogalanteoliva.it\/magazine\/wp-json\/wp\/v2\/categories?post=12348"},{"taxonomy":"post_tag","embeddable":true,"href":"https:\/\/www.istitutogalanteoliva.it\/magazine\/wp-json\/wp\/v2\/tags?post=12348"}],"curies":[{"name":"wp","href":"https:\/\/api.w.org\/{rel}","templated":true}]}}