{"id":12422,"date":"2022-08-01T08:00:00","date_gmt":"2022-08-01T06:00:00","guid":{"rendered":"https:\/\/www.istitutogalanteoliva.it\/magazine\/?p=12422"},"modified":"2022-07-31T17:19:36","modified_gmt":"2022-07-31T15:19:36","slug":"concorso-di-poesia-e-racconto-breve-sulla-diversita-e-sulla-sostenibilita-a-pellezzano-sa","status":"publish","type":"post","link":"https:\/\/www.istitutogalanteoliva.it\/magazine\/2022\/08\/01\/concorso-di-poesia-e-racconto-breve-sulla-diversita-e-sulla-sostenibilita-a-pellezzano-sa\/","title":{"rendered":"Concorso di poesia e racconto breve sulla diversit\u00e0 e sulla sostenibilit\u00e0 a Pellezzano (SA)"},"content":{"rendered":"\n<p><strong>. Il contest, che prevede la partecipazione di aspiranti letterati di ogni et\u00e0 \u2013 in due range: ragazzi fino a 14 anni (in et\u00e0 scolare) e partecipanti over 14 \u2013 \u00e8 organizzato dal centro studi ricerche economiche e sociali \u201cMondi sostenibili\u201d \u2013 proprio di Pellezzano.<\/strong><em>Principali responsabili: il presidente Giovanni Moccia, consulente aziendale per le imprese finanziarie \u2013 nonch\u00e9 giornalista per diletto; la referente per l\u2019area Cultura dell\u2019associazione Angelina Sessa.<\/em><\/p>\n\n\n\n<p> <strong><em>Il certame si ispira all\u2019Obiettivo \u201cDieci\u201d dell\u2019Agenda 2030 \u2013 un protocollo d\u2019azione promanato dall\u2019Onu e concernente la sostenibilit\u00e0; tema assai delicato e molto dibattuto, ultimamente. Per sensibilizzare l\u2019opinione pubblica sulla necessit\u00e0 di effettuare sfide \u201cglobali\u201d, allo scopo di migliorare la vivibilit\u00e0 di tutti nel nostro pianeta. Il concorso gode del patrocinio morale del Comune di Pellezzano e della Provincia di Salerno. Preso il via nella giornata dell\u20198 maggio scorso (domenica), questo contest letterario terminer\u00e0 alle ore 23.59 di sabato 22 ottobre prossimo venturo.<\/em><\/strong><\/p>\n\n\n\n<p><\/p>\n\n\n\n<figure class=\"wp-block-image size-large is-resized\"><img loading=\"lazy\" decoding=\"async\" src=\"https:\/\/www.istitutogalanteoliva.it\/magazine\/wp-content\/uploads\/2022\/07\/concorso-Mondi-Sostenibili-Noia-num-1-724x1024.jpg\" alt=\"\" class=\"wp-image-12424\" width=\"221\" height=\"312\" srcset=\"https:\/\/www.istitutogalanteoliva.it\/magazine\/wp-content\/uploads\/2022\/07\/concorso-Mondi-Sostenibili-Noia-num-1-724x1024.jpg 724w, https:\/\/www.istitutogalanteoliva.it\/magazine\/wp-content\/uploads\/2022\/07\/concorso-Mondi-Sostenibili-Noia-num-1-212x300.jpg 212w, https:\/\/www.istitutogalanteoliva.it\/magazine\/wp-content\/uploads\/2022\/07\/concorso-Mondi-Sostenibili-Noia-num-1-768x1087.jpg 768w, https:\/\/www.istitutogalanteoliva.it\/magazine\/wp-content\/uploads\/2022\/07\/concorso-Mondi-Sostenibili-Noia-num-1-1085x1536.jpg 1085w, https:\/\/www.istitutogalanteoliva.it\/magazine\/wp-content\/uploads\/2022\/07\/concorso-Mondi-Sostenibili-Noia-num-1-1024x1449.jpg 1024w, https:\/\/www.istitutogalanteoliva.it\/magazine\/wp-content\/uploads\/2022\/07\/concorso-Mondi-Sostenibili-Noia-num-1.jpg 1240w\" sizes=\"auto, (max-width: 221px) 100vw, 221px\" \/><\/figure>\n\n\n\n<p> La cerimonia di premiazione \u2013 considerando anche l\u2019eventuale emergenza pandemica, da Covid-19, da fronteggiare probabilmente nei mesi a venire \u2013 si terr\u00e0 nella serata di <strong><em>sabato 28 gennaio 2023 \u2013 a partire dalle 17; sede: palazzo Sant\u2019Agostino, dove \u00e8 allocato l\u2019ente provinciale di Salerno. La partecipazione al certame \u00e8 libera per tutti, ma \u00e8 gratuita esclusivamente per i bambini e i ragazzi in et\u00e0 scolare \u2013 fino cio\u00e8 ai 13-14 anni (al conseguimento del diploma di scuola secondaria di secondo grado). <\/em><\/strong>Per gli altri, invece, \u00e8 prevista una quota di 10 euro \u2013 a parziale rimborso delle spese organizzative. Due le modalit\u00e0 di pagamento: il bonifico bancario, intestato al centro studi ricerche economiche e sociali \u201cMondi sostenibili\u201d \u2013 con Iban disponibile, anche, sulla pagina del sodalizio; nonch\u00e9 con causale: \u201cQuota di partecipazione seconda edizione concorso nazionale \u201cSiamo uguali nella diversit\u00e0\u201d; l\u2019utilizzo della Paypal verso l\u2019account <a href=\"mailto:mondisostenibili@gmail.com\">mondisostenibili@gmail.com<\/a>. Anche in tal maniera, la causale \u00e8 la stessa. <em>Due le sezioni, ma si pu\u00f2 partecipare ad una soltanto; con un unico elaborato: la sezione A prevede il racconto inedito. La B invece comprende i testi poetici.<\/em> Entrambe le categorie vertono sulla lingua italiana. Ci sono dei requisiti da rispettare, presenti sempre sulla pagina web di \u201cMondi sostenibili\u201d. Le liriche e i racconti devono essere inediti, con un titolo e non collettivi. Rimandiamo alla home page dell\u2019account Facebook dell\u2019associazione per ulteriori dettagli\u2026 \u201ctecnici\u201d e organizzativi. Quindi occorre inoltrare i componimenti <strong>entro e non oltre (saranno attestati la data e l\u2019ora di invio degli allegati e-mail) le 23.59 del 22 ottobre<\/strong> \u2013 come specificato in precedenza. La giuria sar\u00e0 composta da esperti di sostenibilit\u00e0, premiando i primi tre classificati di entrambi gli ambiti del concorso \u2013 ai quali andranno targhe e\/o medaglie. Inoltre verranno assegnate due menzioni d\u2019onore per la categoria A e ulteriori due per la B. Riguardo i bambini o ragazzi in et\u00e0 scolare, invece, le menzioni onorifiche \u2013 per tutti e due gli ambiti \u2013 saranno ben cinque. Tutto scritto sui social media di \u201cMondi sostenibili\u201d \u2013 cui rimandiamo.<\/p>\n\n\n\n<p> <strong><em>I criteri per veder premiata un\u2019opera riguardano: l\u2019attinenza al tema del contest; l\u2019efficacia comunicativa del titolo; l\u2019originalit\u00e0 (purch\u00e9 non troppo\u2026 \u201cfuori tema\u201d); l\u2019impatto emotivo. Una particolare clausola nel bando \u2013 infine \u2013 raccomanda il non violare i valori etici; culturali; religiosi; contro il buon senso e il buon gusto. La pagina Facebook contiene tutto, ma eventualmente ci si potr\u00e0 rivolgere \u2013 per qualsiasi dubbio o per dei chiarimenti \u2013 ai contatti: 3392643562 e <a href=\"mailto:mondisostenibili@gmail.com\">mondisostenibili@gmail.com<\/a>. <\/em>\u201cLa prima edizione \u2013 sostengono gli organizzatori e responsabili \u2013 ha ottenuto risultati pi\u00f9 che lusinghieri. Con la partecipazione di tanti ragazzi sul territorio nazionale. Su questa scia, abbiamo inteso allestire anche questo secondo appuntamento. Con delle novit\u00e0: per il 2022 sono stati dati i patrocini morali del Comune di Pellezzano e della Provincia di Salerno\u201d.<\/strong> Largo, quindi, a tale manifestazione sullo sviluppo sostenibile. Ricordiamo che i vincitori saranno contattati via mail; riceveranno altres\u00ec un apposito attestato di partecipazione. Che verr\u00e0 conferito, sempre mediante e-mail, anche ai partecipanti non classificatisi vincitori \u2013 se ne faranno richiesta. <\/p>\n\n\n\n<div class=\"wp-block-file\"><a href=\"https:\/\/www.istitutogalanteoliva.it\/magazine\/wp-content\/uploads\/2022\/07\/concorso-Mondi-Sostenibili-Noia-num-3-1.pdf\">Scheda  partecipazione et\u00e0 superiore ai 14 anni<\/a><a href=\"https:\/\/www.istitutogalanteoliva.it\/magazine\/wp-content\/uploads\/2022\/07\/concorso-Mondi-Sostenibili-Noia-num-3-1.pdf\" class=\"wp-block-file__button\" download>Download<\/a><\/div>\n\n\n\n<div class=\"wp-block-file\"><a href=\"https:\/\/www.istitutogalanteoliva.it\/magazine\/wp-content\/uploads\/2022\/07\/concorso-Mondi-Sostenibili-Noia-num-2.pdf\">Scheda partecipazione et\u00e0 inferiore ai 14 anni<\/a><a href=\"https:\/\/www.istitutogalanteoliva.it\/magazine\/wp-content\/uploads\/2022\/07\/concorso-Mondi-Sostenibili-Noia-num-2.pdf\" class=\"wp-block-file__button\" download>Download<\/a><\/div>\n\n\n\n<p class=\"has-text-align-left\"><br><br><img loading=\"lazy\" decoding=\"async\" width=\"100\" height=\"100\" class=\"wp-image-6058\" style=\"width: 100px;\" src=\"https:\/\/www.istitutogalanteoliva.it\/magazine\/wp-content\/uploads\/2021\/03\/Anna-Maria1.jpg\" alt=\"\" srcset=\"https:\/\/www.istitutogalanteoliva.it\/magazine\/wp-content\/uploads\/2021\/03\/Anna-Maria1.jpg 674w, https:\/\/www.istitutogalanteoliva.it\/magazine\/wp-content\/uploads\/2021\/03\/Anna-Maria1-300x300.jpg 300w, https:\/\/www.istitutogalanteoliva.it\/magazine\/wp-content\/uploads\/2021\/03\/Anna-Maria1-150x150.jpg 150w\" sizes=\"auto, (max-width: 100px) 100vw, 100px\" \/>  <em><span class=\"has-inline-color has-vivid-cyan-blue-color\"><strong><a href=\"https:\/\/www.istitutogalanteoliva.it\/magazine\/?s=Anna+Maria+Noia+\" target=\"_blank\" rel=\"noreferrer noopener\">Anna Maria Noia <\/a><\/strong><\/span><\/em><\/p>\n<div class=\"pdfprnt-buttons pdfprnt-buttons-post pdfprnt-bottom-left\"><a href=\"https:\/\/www.istitutogalanteoliva.it\/magazine\/wp-json\/wp\/v2\/posts\/12422?print=print\" class=\"pdfprnt-button pdfprnt-button-print\" target=\"_blank\"><img decoding=\"async\" src=\"https:\/\/www.istitutogalanteoliva.it\/magazine\/wp-content\/plugins\/pdf-print\/images\/print.png\" alt=\"image_print\" title=\"Stampa contenuto\" \/><span class=\"pdfprnt-button-title pdfprnt-button-print-title\">Download in PDF<\/span><\/a><\/div>","protected":false},"excerpt":{"rendered":"<p>A Pellezzano \u00e8 partita, gi\u00e0 dai primi di maggio, la seconda edizione del concorso nazionale \u201cSiamo uguali nella diversit\u00e0\u201d \u2013 riguardo le categorie del Racconto breve e della Poesia<\/p>\n","protected":false},"author":2,"featured_media":12427,"comment_status":"closed","ping_status":"open","sticky":true,"template":"","format":"standard","meta":{"footnotes":""},"categories":[577,210,47],"tags":[],"class_list":["post-12422","post","type-post","status-publish","format-standard","has-post-thumbnail","hentry","category-577","category-campania","category-eventi"],"yoast_head":"<!-- This site is optimized with the Yoast SEO plugin v24.2 - https:\/\/yoast.com\/wordpress\/plugins\/seo\/ -->\n<title>Concorso di poesia e racconto breve sulla diversit\u00e0 e sulla sostenibilit\u00e0 a Pellezzano (SA) - Polis SA Magazine<\/title>\n<meta name=\"robots\" content=\"index, follow, max-snippet:-1, max-image-preview:large, max-video-preview:-1\" \/>\n<link rel=\"canonical\" href=\"https:\/\/www.istitutogalanteoliva.it\/magazine\/2022\/08\/01\/concorso-di-poesia-e-racconto-breve-sulla-diversita-e-sulla-sostenibilita-a-pellezzano-sa\/\" \/>\n<meta property=\"og:locale\" content=\"it_IT\" \/>\n<meta property=\"og:type\" content=\"article\" \/>\n<meta property=\"og:title\" content=\"Concorso di poesia e racconto breve sulla diversit\u00e0 e sulla sostenibilit\u00e0 a Pellezzano (SA) - Polis SA Magazine\" \/>\n<meta property=\"og:description\" content=\"A Pellezzano \u00e8 partita, gi\u00e0 dai primi di maggio, la seconda edizione del concorso nazionale \u201cSiamo uguali nella diversit\u00e0\u201d \u2013 riguardo le categorie del Racconto breve e della Poesia\" \/>\n<meta property=\"og:url\" content=\"https:\/\/www.istitutogalanteoliva.it\/magazine\/2022\/08\/01\/concorso-di-poesia-e-racconto-breve-sulla-diversita-e-sulla-sostenibilita-a-pellezzano-sa\/\" \/>\n<meta property=\"og:site_name\" content=\"Polis SA Magazine\" \/>\n<meta property=\"article:publisher\" content=\"https:\/\/www.facebook.com\/PolisSAMagazine\/\" \/>\n<meta property=\"article:published_time\" content=\"2022-08-01T06:00:00+00:00\" \/>\n<meta property=\"article:modified_time\" content=\"2022-07-31T15:19:36+00:00\" \/>\n<meta property=\"og:image\" content=\"https:\/\/www.istitutogalanteoliva.it\/magazine\/wp-content\/uploads\/2022\/07\/1-3.jpg\" \/>\n\t<meta property=\"og:image:width\" content=\"700\" \/>\n\t<meta property=\"og:image:height\" content=\"380\" \/>\n\t<meta property=\"og:image:type\" content=\"image\/jpeg\" \/>\n<meta name=\"author\" content=\"Antonello Rivano\" \/>\n<meta name=\"twitter:card\" content=\"summary_large_image\" \/>\n<meta name=\"twitter:creator\" content=\"@MagazinePolis\" \/>\n<meta name=\"twitter:site\" content=\"@MagazinePolis\" \/>\n<meta name=\"twitter:label1\" content=\"Scritto da\" \/>\n\t<meta name=\"twitter:data1\" content=\"Antonello Rivano\" \/>\n\t<meta name=\"twitter:label2\" content=\"Tempo di lettura stimato\" \/>\n\t<meta name=\"twitter:data2\" content=\"4 minuti\" \/>\n<script type=\"application\/ld+json\" class=\"yoast-schema-graph\">{\"@context\":\"https:\/\/schema.org\",\"@graph\":[{\"@type\":\"Article\",\"@id\":\"https:\/\/www.istitutogalanteoliva.it\/magazine\/2022\/08\/01\/concorso-di-poesia-e-racconto-breve-sulla-diversita-e-sulla-sostenibilita-a-pellezzano-sa\/#article\",\"isPartOf\":{\"@id\":\"https:\/\/www.istitutogalanteoliva.it\/magazine\/2022\/08\/01\/concorso-di-poesia-e-racconto-breve-sulla-diversita-e-sulla-sostenibilita-a-pellezzano-sa\/\"},\"author\":{\"name\":\"Antonello Rivano\",\"@id\":\"https:\/\/www.istitutogalanteoliva.it\/magazine\/#\/schema\/person\/d8b8aa79cfe8babc1df9da3212a7c0c4\"},\"headline\":\"Concorso di poesia e racconto breve sulla diversit\u00e0 e sulla sostenibilit\u00e0 a Pellezzano (SA)\",\"datePublished\":\"2022-08-01T06:00:00+00:00\",\"dateModified\":\"2022-07-31T15:19:36+00:00\",\"mainEntityOfPage\":{\"@id\":\"https:\/\/www.istitutogalanteoliva.it\/magazine\/2022\/08\/01\/concorso-di-poesia-e-racconto-breve-sulla-diversita-e-sulla-sostenibilita-a-pellezzano-sa\/\"},\"wordCount\":671,\"publisher\":{\"@id\":\"https:\/\/www.istitutogalanteoliva.it\/magazine\/#organization\"},\"image\":{\"@id\":\"https:\/\/www.istitutogalanteoliva.it\/magazine\/2022\/08\/01\/concorso-di-poesia-e-racconto-breve-sulla-diversita-e-sulla-sostenibilita-a-pellezzano-sa\/#primaryimage\"},\"thumbnailUrl\":\"https:\/\/www.istitutogalanteoliva.it\/magazine\/wp-content\/uploads\/2022\/07\/1-3.jpg\",\"articleSection\":[\"2022\",\"Campania\",\"Eventi\"],\"inLanguage\":\"it-IT\"},{\"@type\":\"WebPage\",\"@id\":\"https:\/\/www.istitutogalanteoliva.it\/magazine\/2022\/08\/01\/concorso-di-poesia-e-racconto-breve-sulla-diversita-e-sulla-sostenibilita-a-pellezzano-sa\/\",\"url\":\"https:\/\/www.istitutogalanteoliva.it\/magazine\/2022\/08\/01\/concorso-di-poesia-e-racconto-breve-sulla-diversita-e-sulla-sostenibilita-a-pellezzano-sa\/\",\"name\":\"Concorso di poesia e racconto breve sulla diversit\u00e0 e sulla sostenibilit\u00e0 a Pellezzano (SA) - Polis SA Magazine\",\"isPartOf\":{\"@id\":\"https:\/\/www.istitutogalanteoliva.it\/magazine\/#website\"},\"primaryImageOfPage\":{\"@id\":\"https:\/\/www.istitutogalanteoliva.it\/magazine\/2022\/08\/01\/concorso-di-poesia-e-racconto-breve-sulla-diversita-e-sulla-sostenibilita-a-pellezzano-sa\/#primaryimage\"},\"image\":{\"@id\":\"https:\/\/www.istitutogalanteoliva.it\/magazine\/2022\/08\/01\/concorso-di-poesia-e-racconto-breve-sulla-diversita-e-sulla-sostenibilita-a-pellezzano-sa\/#primaryimage\"},\"thumbnailUrl\":\"https:\/\/www.istitutogalanteoliva.it\/magazine\/wp-content\/uploads\/2022\/07\/1-3.jpg\",\"datePublished\":\"2022-08-01T06:00:00+00:00\",\"dateModified\":\"2022-07-31T15:19:36+00:00\",\"breadcrumb\":{\"@id\":\"https:\/\/www.istitutogalanteoliva.it\/magazine\/2022\/08\/01\/concorso-di-poesia-e-racconto-breve-sulla-diversita-e-sulla-sostenibilita-a-pellezzano-sa\/#breadcrumb\"},\"inLanguage\":\"it-IT\",\"potentialAction\":[{\"@type\":\"ReadAction\",\"target\":[\"https:\/\/www.istitutogalanteoliva.it\/magazine\/2022\/08\/01\/concorso-di-poesia-e-racconto-breve-sulla-diversita-e-sulla-sostenibilita-a-pellezzano-sa\/\"]}]},{\"@type\":\"ImageObject\",\"inLanguage\":\"it-IT\",\"@id\":\"https:\/\/www.istitutogalanteoliva.it\/magazine\/2022\/08\/01\/concorso-di-poesia-e-racconto-breve-sulla-diversita-e-sulla-sostenibilita-a-pellezzano-sa\/#primaryimage\",\"url\":\"https:\/\/www.istitutogalanteoliva.it\/magazine\/wp-content\/uploads\/2022\/07\/1-3.jpg\",\"contentUrl\":\"https:\/\/www.istitutogalanteoliva.it\/magazine\/wp-content\/uploads\/2022\/07\/1-3.jpg\",\"width\":700,\"height\":380},{\"@type\":\"BreadcrumbList\",\"@id\":\"https:\/\/www.istitutogalanteoliva.it\/magazine\/2022\/08\/01\/concorso-di-poesia-e-racconto-breve-sulla-diversita-e-sulla-sostenibilita-a-pellezzano-sa\/#breadcrumb\",\"itemListElement\":[{\"@type\":\"ListItem\",\"position\":1,\"name\":\"Home\",\"item\":\"https:\/\/www.istitutogalanteoliva.it\/magazine\/\"},{\"@type\":\"ListItem\",\"position\":2,\"name\":\"Concorso di poesia e racconto breve sulla diversit\u00e0 e sulla sostenibilit\u00e0 a Pellezzano (SA)\"}]},{\"@type\":\"WebSite\",\"@id\":\"https:\/\/www.istitutogalanteoliva.it\/magazine\/#website\",\"url\":\"https:\/\/www.istitutogalanteoliva.it\/magazine\/\",\"name\":\"POLIS SA MAGAZINE\",\"description\":\"Informazione e approfondimenti\",\"publisher\":{\"@id\":\"https:\/\/www.istitutogalanteoliva.it\/magazine\/#organization\"},\"potentialAction\":[{\"@type\":\"SearchAction\",\"target\":{\"@type\":\"EntryPoint\",\"urlTemplate\":\"https:\/\/www.istitutogalanteoliva.it\/magazine\/?s={search_term_string}\"},\"query-input\":{\"@type\":\"PropertyValueSpecification\",\"valueRequired\":true,\"valueName\":\"search_term_string\"}}],\"inLanguage\":\"it-IT\"},{\"@type\":\"Organization\",\"@id\":\"https:\/\/www.istitutogalanteoliva.it\/magazine\/#organization\",\"name\":\"Polis SA Magazine\",\"url\":\"https:\/\/www.istitutogalanteoliva.it\/magazine\/\",\"logo\":{\"@type\":\"ImageObject\",\"inLanguage\":\"it-IT\",\"@id\":\"https:\/\/www.istitutogalanteoliva.it\/magazine\/#\/schema\/logo\/image\/\",\"url\":\"\",\"contentUrl\":\"\",\"caption\":\"Polis SA Magazine\"},\"image\":{\"@id\":\"https:\/\/www.istitutogalanteoliva.it\/magazine\/#\/schema\/logo\/image\/\"},\"sameAs\":[\"https:\/\/www.facebook.com\/PolisSAMagazine\/\",\"https:\/\/x.com\/MagazinePolis\",\"https:\/\/www.youtube.com\/channel\/UCv0Mr5AHKUmsc0sEEXkJrgw\"]},{\"@type\":\"Person\",\"@id\":\"https:\/\/www.istitutogalanteoliva.it\/magazine\/#\/schema\/person\/d8b8aa79cfe8babc1df9da3212a7c0c4\",\"name\":\"Antonello Rivano\",\"image\":{\"@type\":\"ImageObject\",\"inLanguage\":\"it-IT\",\"@id\":\"https:\/\/www.istitutogalanteoliva.it\/magazine\/#\/schema\/person\/image\/\",\"url\":\"https:\/\/secure.gravatar.com\/avatar\/517a9a6487a7a18ecc4ce6d2e57a8f40?s=96&d=mm&r=g\",\"contentUrl\":\"https:\/\/secure.gravatar.com\/avatar\/517a9a6487a7a18ecc4ce6d2e57a8f40?s=96&d=mm&r=g\",\"caption\":\"Antonello Rivano\"},\"url\":\"https:\/\/www.istitutogalanteoliva.it\/magazine\/author\/antonello\/\"}]}<\/script>\n<!-- \/ Yoast SEO plugin. -->","yoast_head_json":{"title":"Concorso di poesia e racconto breve sulla diversit\u00e0 e sulla sostenibilit\u00e0 a Pellezzano (SA) - Polis SA Magazine","robots":{"index":"index","follow":"follow","max-snippet":"max-snippet:-1","max-image-preview":"max-image-preview:large","max-video-preview":"max-video-preview:-1"},"canonical":"https:\/\/www.istitutogalanteoliva.it\/magazine\/2022\/08\/01\/concorso-di-poesia-e-racconto-breve-sulla-diversita-e-sulla-sostenibilita-a-pellezzano-sa\/","og_locale":"it_IT","og_type":"article","og_title":"Concorso di poesia e racconto breve sulla diversit\u00e0 e sulla sostenibilit\u00e0 a Pellezzano (SA) - Polis SA Magazine","og_description":"A Pellezzano \u00e8 partita, gi\u00e0 dai primi di maggio, la seconda edizione del concorso nazionale \u201cSiamo uguali nella diversit\u00e0\u201d \u2013 riguardo le categorie del Racconto breve e della Poesia","og_url":"https:\/\/www.istitutogalanteoliva.it\/magazine\/2022\/08\/01\/concorso-di-poesia-e-racconto-breve-sulla-diversita-e-sulla-sostenibilita-a-pellezzano-sa\/","og_site_name":"Polis SA Magazine","article_publisher":"https:\/\/www.facebook.com\/PolisSAMagazine\/","article_published_time":"2022-08-01T06:00:00+00:00","article_modified_time":"2022-07-31T15:19:36+00:00","og_image":[{"width":700,"height":380,"url":"https:\/\/www.istitutogalanteoliva.it\/magazine\/wp-content\/uploads\/2022\/07\/1-3.jpg","type":"image\/jpeg"}],"author":"Antonello Rivano","twitter_card":"summary_large_image","twitter_creator":"@MagazinePolis","twitter_site":"@MagazinePolis","twitter_misc":{"Scritto da":"Antonello Rivano","Tempo di lettura stimato":"4 minuti"},"schema":{"@context":"https:\/\/schema.org","@graph":[{"@type":"Article","@id":"https:\/\/www.istitutogalanteoliva.it\/magazine\/2022\/08\/01\/concorso-di-poesia-e-racconto-breve-sulla-diversita-e-sulla-sostenibilita-a-pellezzano-sa\/#article","isPartOf":{"@id":"https:\/\/www.istitutogalanteoliva.it\/magazine\/2022\/08\/01\/concorso-di-poesia-e-racconto-breve-sulla-diversita-e-sulla-sostenibilita-a-pellezzano-sa\/"},"author":{"name":"Antonello Rivano","@id":"https:\/\/www.istitutogalanteoliva.it\/magazine\/#\/schema\/person\/d8b8aa79cfe8babc1df9da3212a7c0c4"},"headline":"Concorso di poesia e racconto breve sulla diversit\u00e0 e sulla sostenibilit\u00e0 a Pellezzano (SA)","datePublished":"2022-08-01T06:00:00+00:00","dateModified":"2022-07-31T15:19:36+00:00","mainEntityOfPage":{"@id":"https:\/\/www.istitutogalanteoliva.it\/magazine\/2022\/08\/01\/concorso-di-poesia-e-racconto-breve-sulla-diversita-e-sulla-sostenibilita-a-pellezzano-sa\/"},"wordCount":671,"publisher":{"@id":"https:\/\/www.istitutogalanteoliva.it\/magazine\/#organization"},"image":{"@id":"https:\/\/www.istitutogalanteoliva.it\/magazine\/2022\/08\/01\/concorso-di-poesia-e-racconto-breve-sulla-diversita-e-sulla-sostenibilita-a-pellezzano-sa\/#primaryimage"},"thumbnailUrl":"https:\/\/www.istitutogalanteoliva.it\/magazine\/wp-content\/uploads\/2022\/07\/1-3.jpg","articleSection":["2022","Campania","Eventi"],"inLanguage":"it-IT"},{"@type":"WebPage","@id":"https:\/\/www.istitutogalanteoliva.it\/magazine\/2022\/08\/01\/concorso-di-poesia-e-racconto-breve-sulla-diversita-e-sulla-sostenibilita-a-pellezzano-sa\/","url":"https:\/\/www.istitutogalanteoliva.it\/magazine\/2022\/08\/01\/concorso-di-poesia-e-racconto-breve-sulla-diversita-e-sulla-sostenibilita-a-pellezzano-sa\/","name":"Concorso di poesia e racconto breve sulla diversit\u00e0 e sulla sostenibilit\u00e0 a Pellezzano (SA) - Polis SA Magazine","isPartOf":{"@id":"https:\/\/www.istitutogalanteoliva.it\/magazine\/#website"},"primaryImageOfPage":{"@id":"https:\/\/www.istitutogalanteoliva.it\/magazine\/2022\/08\/01\/concorso-di-poesia-e-racconto-breve-sulla-diversita-e-sulla-sostenibilita-a-pellezzano-sa\/#primaryimage"},"image":{"@id":"https:\/\/www.istitutogalanteoliva.it\/magazine\/2022\/08\/01\/concorso-di-poesia-e-racconto-breve-sulla-diversita-e-sulla-sostenibilita-a-pellezzano-sa\/#primaryimage"},"thumbnailUrl":"https:\/\/www.istitutogalanteoliva.it\/magazine\/wp-content\/uploads\/2022\/07\/1-3.jpg","datePublished":"2022-08-01T06:00:00+00:00","dateModified":"2022-07-31T15:19:36+00:00","breadcrumb":{"@id":"https:\/\/www.istitutogalanteoliva.it\/magazine\/2022\/08\/01\/concorso-di-poesia-e-racconto-breve-sulla-diversita-e-sulla-sostenibilita-a-pellezzano-sa\/#breadcrumb"},"inLanguage":"it-IT","potentialAction":[{"@type":"ReadAction","target":["https:\/\/www.istitutogalanteoliva.it\/magazine\/2022\/08\/01\/concorso-di-poesia-e-racconto-breve-sulla-diversita-e-sulla-sostenibilita-a-pellezzano-sa\/"]}]},{"@type":"ImageObject","inLanguage":"it-IT","@id":"https:\/\/www.istitutogalanteoliva.it\/magazine\/2022\/08\/01\/concorso-di-poesia-e-racconto-breve-sulla-diversita-e-sulla-sostenibilita-a-pellezzano-sa\/#primaryimage","url":"https:\/\/www.istitutogalanteoliva.it\/magazine\/wp-content\/uploads\/2022\/07\/1-3.jpg","contentUrl":"https:\/\/www.istitutogalanteoliva.it\/magazine\/wp-content\/uploads\/2022\/07\/1-3.jpg","width":700,"height":380},{"@type":"BreadcrumbList","@id":"https:\/\/www.istitutogalanteoliva.it\/magazine\/2022\/08\/01\/concorso-di-poesia-e-racconto-breve-sulla-diversita-e-sulla-sostenibilita-a-pellezzano-sa\/#breadcrumb","itemListElement":[{"@type":"ListItem","position":1,"name":"Home","item":"https:\/\/www.istitutogalanteoliva.it\/magazine\/"},{"@type":"ListItem","position":2,"name":"Concorso di poesia e racconto breve sulla diversit\u00e0 e sulla sostenibilit\u00e0 a Pellezzano (SA)"}]},{"@type":"WebSite","@id":"https:\/\/www.istitutogalanteoliva.it\/magazine\/#website","url":"https:\/\/www.istitutogalanteoliva.it\/magazine\/","name":"POLIS SA MAGAZINE","description":"Informazione e approfondimenti","publisher":{"@id":"https:\/\/www.istitutogalanteoliva.it\/magazine\/#organization"},"potentialAction":[{"@type":"SearchAction","target":{"@type":"EntryPoint","urlTemplate":"https:\/\/www.istitutogalanteoliva.it\/magazine\/?s={search_term_string}"},"query-input":{"@type":"PropertyValueSpecification","valueRequired":true,"valueName":"search_term_string"}}],"inLanguage":"it-IT"},{"@type":"Organization","@id":"https:\/\/www.istitutogalanteoliva.it\/magazine\/#organization","name":"Polis SA Magazine","url":"https:\/\/www.istitutogalanteoliva.it\/magazine\/","logo":{"@type":"ImageObject","inLanguage":"it-IT","@id":"https:\/\/www.istitutogalanteoliva.it\/magazine\/#\/schema\/logo\/image\/","url":"","contentUrl":"","caption":"Polis SA Magazine"},"image":{"@id":"https:\/\/www.istitutogalanteoliva.it\/magazine\/#\/schema\/logo\/image\/"},"sameAs":["https:\/\/www.facebook.com\/PolisSAMagazine\/","https:\/\/x.com\/MagazinePolis","https:\/\/www.youtube.com\/channel\/UCv0Mr5AHKUmsc0sEEXkJrgw"]},{"@type":"Person","@id":"https:\/\/www.istitutogalanteoliva.it\/magazine\/#\/schema\/person\/d8b8aa79cfe8babc1df9da3212a7c0c4","name":"Antonello Rivano","image":{"@type":"ImageObject","inLanguage":"it-IT","@id":"https:\/\/www.istitutogalanteoliva.it\/magazine\/#\/schema\/person\/image\/","url":"https:\/\/secure.gravatar.com\/avatar\/517a9a6487a7a18ecc4ce6d2e57a8f40?s=96&d=mm&r=g","contentUrl":"https:\/\/secure.gravatar.com\/avatar\/517a9a6487a7a18ecc4ce6d2e57a8f40?s=96&d=mm&r=g","caption":"Antonello Rivano"},"url":"https:\/\/www.istitutogalanteoliva.it\/magazine\/author\/antonello\/"}]}},"_links":{"self":[{"href":"https:\/\/www.istitutogalanteoliva.it\/magazine\/wp-json\/wp\/v2\/posts\/12422","targetHints":{"allow":["GET"]}}],"collection":[{"href":"https:\/\/www.istitutogalanteoliva.it\/magazine\/wp-json\/wp\/v2\/posts"}],"about":[{"href":"https:\/\/www.istitutogalanteoliva.it\/magazine\/wp-json\/wp\/v2\/types\/post"}],"author":[{"embeddable":true,"href":"https:\/\/www.istitutogalanteoliva.it\/magazine\/wp-json\/wp\/v2\/users\/2"}],"replies":[{"embeddable":true,"href":"https:\/\/www.istitutogalanteoliva.it\/magazine\/wp-json\/wp\/v2\/comments?post=12422"}],"version-history":[{"count":1,"href":"https:\/\/www.istitutogalanteoliva.it\/magazine\/wp-json\/wp\/v2\/posts\/12422\/revisions"}],"predecessor-version":[{"id":12428,"href":"https:\/\/www.istitutogalanteoliva.it\/magazine\/wp-json\/wp\/v2\/posts\/12422\/revisions\/12428"}],"wp:featuredmedia":[{"embeddable":true,"href":"https:\/\/www.istitutogalanteoliva.it\/magazine\/wp-json\/wp\/v2\/media\/12427"}],"wp:attachment":[{"href":"https:\/\/www.istitutogalanteoliva.it\/magazine\/wp-json\/wp\/v2\/media?parent=12422"}],"wp:term":[{"taxonomy":"category","embeddable":true,"href":"https:\/\/www.istitutogalanteoliva.it\/magazine\/wp-json\/wp\/v2\/categories?post=12422"},{"taxonomy":"post_tag","embeddable":true,"href":"https:\/\/www.istitutogalanteoliva.it\/magazine\/wp-json\/wp\/v2\/tags?post=12422"}],"curies":[{"name":"wp","href":"https:\/\/api.w.org\/{rel}","templated":true}]}}