{"id":12434,"date":"2022-08-02T09:33:20","date_gmt":"2022-08-02T07:33:20","guid":{"rendered":"https:\/\/www.istitutogalanteoliva.it\/magazine\/?p=12434"},"modified":"2022-08-02T09:35:05","modified_gmt":"2022-08-02T07:35:05","slug":"lapologia-di-socrate-in-scena-per-la-xxxvii-rassegna-del-teatro-dei-barbuti","status":"publish","type":"post","link":"https:\/\/www.istitutogalanteoliva.it\/magazine\/2022\/08\/02\/lapologia-di-socrate-in-scena-per-la-xxxvii-rassegna-del-teatro-dei-barbuti\/","title":{"rendered":"L\u2019apologia di Socrate in scena per la XXXVII RASSEGNA DEL TEATRO DEI BARBUTI"},"content":{"rendered":"\n<p><strong>Comunicato stampa<\/strong><\/p>\n\n\n\n<p><strong>Gioved\u00ec 4 agosto, alle ore 22.00, <\/strong>in largo Santa Maria dei Barbuti, nel centro storico di Salerno,<strong> nell\u2019ambito della XXXVII edizione della rassegna estiva di teatro \u201cBarbuti Festival\u201d, per \u201cFoglie di teatro \u2013 miti del mondo antico\u201d, va in scena \u201cApologia di Socrate\u201d di Platone, per la regia di Andrea Carraro. <\/strong>Con Dario Riccardi, traduzione e adattamento di Anna Rotunno, aiuto regia Angelo Ruocco, audio e luci Virna Prescenzo. <strong>Con lo stesso biglietto, prima dello spettacolo alle ore 21, con partenza dinanzi alle scale del Duomo di Salerno, si potr\u00e0 partecipare ad una visita guidata nel centro storico della citt\u00e0 (10 euro visita + spettacolo teatrale).<\/strong><\/p>\n\n\n\n<p>L\u2019Apologia di Socrate \u00e8 una delle autodifese pi\u00f9 famose della storia. Nel 399 a.C., il filosofo ateniese Socrate deve rispondere in tribunale dell&#8217;accusa di corrompere i giovani, di non riconoscere gli d\u00e8i della citt\u00e0 e di introdurne di nuovi. Pur essendo accuse di scarsa consistenza, l&#8217;imputato \u00e8 riconosciuto dai giudici colpevole e condannato a morte.<\/p>\n\n\n\n<p>&nbsp;(Info 328\/9079642) \u2013 <a href=\"http:\/\/www.bottegasanlazzaro.it\">www.bottegasanlazzaro.it<\/a>&nbsp; &#8211; Fb &#8211; biglietti on line su <a href=\"http:\/\/www.postoriservato.it\">www.postoriservato.it<\/a><br><br><\/p>\n<div class=\"pdfprnt-buttons pdfprnt-buttons-post pdfprnt-bottom-left\"><a href=\"https:\/\/www.istitutogalanteoliva.it\/magazine\/wp-json\/wp\/v2\/posts\/12434?print=print\" class=\"pdfprnt-button pdfprnt-button-print\" target=\"_blank\"><img decoding=\"async\" src=\"https:\/\/www.istitutogalanteoliva.it\/magazine\/wp-content\/plugins\/pdf-print\/images\/print.png\" alt=\"image_print\" title=\"Stampa contenuto\" \/><span class=\"pdfprnt-button-title pdfprnt-button-print-title\">Download in PDF<\/span><\/a><\/div>","protected":false},"excerpt":{"rendered":"<p>Gioved\u00ec 4 agosto, alle ore 22.00, in largo Santa Maria dei Barbuti, nel centro storico di Salerno<\/p>\n","protected":false},"author":2,"featured_media":12435,"comment_status":"closed","ping_status":"open","sticky":true,"template":"","format":"standard","meta":{"footnotes":""},"categories":[577,7],"tags":[83,416],"class_list":["post-12434","post","type-post","status-publish","format-standard","has-post-thumbnail","hentry","category-577","category-arte_e_spettacolo","tag-salerno","tag-teatro-dei-barbuti"],"yoast_head":"<!-- This site is optimized with the Yoast SEO plugin v24.2 - https:\/\/yoast.com\/wordpress\/plugins\/seo\/ -->\n<title>L\u2019apologia di Socrate in scena per la XXXVII RASSEGNA DEL TEATRO DEI BARBUTI - Polis SA Magazine<\/title>\n<meta name=\"robots\" content=\"index, follow, max-snippet:-1, max-image-preview:large, max-video-preview:-1\" \/>\n<link rel=\"canonical\" href=\"https:\/\/www.istitutogalanteoliva.it\/magazine\/2022\/08\/02\/lapologia-di-socrate-in-scena-per-la-xxxvii-rassegna-del-teatro-dei-barbuti\/\" \/>\n<meta property=\"og:locale\" content=\"it_IT\" \/>\n<meta property=\"og:type\" content=\"article\" \/>\n<meta property=\"og:title\" content=\"L\u2019apologia di Socrate in scena per la XXXVII RASSEGNA DEL TEATRO DEI BARBUTI - Polis SA Magazine\" \/>\n<meta property=\"og:description\" content=\"Gioved\u00ec 4 agosto, alle ore 22.00, in largo Santa Maria dei Barbuti, nel centro storico di Salerno\" \/>\n<meta property=\"og:url\" content=\"https:\/\/www.istitutogalanteoliva.it\/magazine\/2022\/08\/02\/lapologia-di-socrate-in-scena-per-la-xxxvii-rassegna-del-teatro-dei-barbuti\/\" \/>\n<meta property=\"og:site_name\" content=\"Polis SA Magazine\" \/>\n<meta property=\"article:publisher\" content=\"https:\/\/www.facebook.com\/PolisSAMagazine\/\" \/>\n<meta property=\"article:published_time\" content=\"2022-08-02T07:33:20+00:00\" \/>\n<meta property=\"article:modified_time\" content=\"2022-08-02T07:35:05+00:00\" \/>\n<meta property=\"og:image\" content=\"https:\/\/www.istitutogalanteoliva.it\/magazine\/wp-content\/uploads\/2022\/08\/ANDREA-CARRARO.jpeg\" \/>\n\t<meta property=\"og:image:width\" content=\"1024\" \/>\n\t<meta property=\"og:image:height\" content=\"987\" \/>\n\t<meta property=\"og:image:type\" content=\"image\/jpeg\" \/>\n<meta name=\"author\" content=\"Antonello Rivano\" \/>\n<meta name=\"twitter:card\" content=\"summary_large_image\" \/>\n<meta name=\"twitter:creator\" content=\"@MagazinePolis\" \/>\n<meta name=\"twitter:site\" content=\"@MagazinePolis\" \/>\n<meta name=\"twitter:label1\" content=\"Scritto da\" \/>\n\t<meta name=\"twitter:data1\" content=\"Antonello Rivano\" \/>\n\t<meta name=\"twitter:label2\" content=\"Tempo di lettura stimato\" \/>\n\t<meta name=\"twitter:data2\" content=\"1 minuto\" \/>\n<script type=\"application\/ld+json\" class=\"yoast-schema-graph\">{\"@context\":\"https:\/\/schema.org\",\"@graph\":[{\"@type\":\"Article\",\"@id\":\"https:\/\/www.istitutogalanteoliva.it\/magazine\/2022\/08\/02\/lapologia-di-socrate-in-scena-per-la-xxxvii-rassegna-del-teatro-dei-barbuti\/#article\",\"isPartOf\":{\"@id\":\"https:\/\/www.istitutogalanteoliva.it\/magazine\/2022\/08\/02\/lapologia-di-socrate-in-scena-per-la-xxxvii-rassegna-del-teatro-dei-barbuti\/\"},\"author\":{\"name\":\"Antonello Rivano\",\"@id\":\"https:\/\/www.istitutogalanteoliva.it\/magazine\/#\/schema\/person\/d8b8aa79cfe8babc1df9da3212a7c0c4\"},\"headline\":\"L\u2019apologia di Socrate in scena per la XXXVII RASSEGNA DEL TEATRO DEI BARBUTI\",\"datePublished\":\"2022-08-02T07:33:20+00:00\",\"dateModified\":\"2022-08-02T07:35:05+00:00\",\"mainEntityOfPage\":{\"@id\":\"https:\/\/www.istitutogalanteoliva.it\/magazine\/2022\/08\/02\/lapologia-di-socrate-in-scena-per-la-xxxvii-rassegna-del-teatro-dei-barbuti\/\"},\"wordCount\":188,\"publisher\":{\"@id\":\"https:\/\/www.istitutogalanteoliva.it\/magazine\/#organization\"},\"image\":{\"@id\":\"https:\/\/www.istitutogalanteoliva.it\/magazine\/2022\/08\/02\/lapologia-di-socrate-in-scena-per-la-xxxvii-rassegna-del-teatro-dei-barbuti\/#primaryimage\"},\"thumbnailUrl\":\"https:\/\/www.istitutogalanteoliva.it\/magazine\/wp-content\/uploads\/2022\/08\/ANDREA-CARRARO.jpeg\",\"keywords\":[\"salerno\",\"teatro dei barbuti\"],\"articleSection\":[\"2022\",\"Arte e Spettacolo\"],\"inLanguage\":\"it-IT\"},{\"@type\":\"WebPage\",\"@id\":\"https:\/\/www.istitutogalanteoliva.it\/magazine\/2022\/08\/02\/lapologia-di-socrate-in-scena-per-la-xxxvii-rassegna-del-teatro-dei-barbuti\/\",\"url\":\"https:\/\/www.istitutogalanteoliva.it\/magazine\/2022\/08\/02\/lapologia-di-socrate-in-scena-per-la-xxxvii-rassegna-del-teatro-dei-barbuti\/\",\"name\":\"L\u2019apologia di Socrate in scena per la XXXVII RASSEGNA DEL TEATRO DEI BARBUTI - Polis SA Magazine\",\"isPartOf\":{\"@id\":\"https:\/\/www.istitutogalanteoliva.it\/magazine\/#website\"},\"primaryImageOfPage\":{\"@id\":\"https:\/\/www.istitutogalanteoliva.it\/magazine\/2022\/08\/02\/lapologia-di-socrate-in-scena-per-la-xxxvii-rassegna-del-teatro-dei-barbuti\/#primaryimage\"},\"image\":{\"@id\":\"https:\/\/www.istitutogalanteoliva.it\/magazine\/2022\/08\/02\/lapologia-di-socrate-in-scena-per-la-xxxvii-rassegna-del-teatro-dei-barbuti\/#primaryimage\"},\"thumbnailUrl\":\"https:\/\/www.istitutogalanteoliva.it\/magazine\/wp-content\/uploads\/2022\/08\/ANDREA-CARRARO.jpeg\",\"datePublished\":\"2022-08-02T07:33:20+00:00\",\"dateModified\":\"2022-08-02T07:35:05+00:00\",\"breadcrumb\":{\"@id\":\"https:\/\/www.istitutogalanteoliva.it\/magazine\/2022\/08\/02\/lapologia-di-socrate-in-scena-per-la-xxxvii-rassegna-del-teatro-dei-barbuti\/#breadcrumb\"},\"inLanguage\":\"it-IT\",\"potentialAction\":[{\"@type\":\"ReadAction\",\"target\":[\"https:\/\/www.istitutogalanteoliva.it\/magazine\/2022\/08\/02\/lapologia-di-socrate-in-scena-per-la-xxxvii-rassegna-del-teatro-dei-barbuti\/\"]}]},{\"@type\":\"ImageObject\",\"inLanguage\":\"it-IT\",\"@id\":\"https:\/\/www.istitutogalanteoliva.it\/magazine\/2022\/08\/02\/lapologia-di-socrate-in-scena-per-la-xxxvii-rassegna-del-teatro-dei-barbuti\/#primaryimage\",\"url\":\"https:\/\/www.istitutogalanteoliva.it\/magazine\/wp-content\/uploads\/2022\/08\/ANDREA-CARRARO.jpeg\",\"contentUrl\":\"https:\/\/www.istitutogalanteoliva.it\/magazine\/wp-content\/uploads\/2022\/08\/ANDREA-CARRARO.jpeg\",\"width\":1024,\"height\":987,\"caption\":\"Andrea Carraro\"},{\"@type\":\"BreadcrumbList\",\"@id\":\"https:\/\/www.istitutogalanteoliva.it\/magazine\/2022\/08\/02\/lapologia-di-socrate-in-scena-per-la-xxxvii-rassegna-del-teatro-dei-barbuti\/#breadcrumb\",\"itemListElement\":[{\"@type\":\"ListItem\",\"position\":1,\"name\":\"Home\",\"item\":\"https:\/\/www.istitutogalanteoliva.it\/magazine\/\"},{\"@type\":\"ListItem\",\"position\":2,\"name\":\"L\u2019apologia di Socrate in scena per la XXXVII RASSEGNA DEL TEATRO DEI BARBUTI\"}]},{\"@type\":\"WebSite\",\"@id\":\"https:\/\/www.istitutogalanteoliva.it\/magazine\/#website\",\"url\":\"https:\/\/www.istitutogalanteoliva.it\/magazine\/\",\"name\":\"POLIS SA MAGAZINE\",\"description\":\"Informazione e approfondimenti\",\"publisher\":{\"@id\":\"https:\/\/www.istitutogalanteoliva.it\/magazine\/#organization\"},\"potentialAction\":[{\"@type\":\"SearchAction\",\"target\":{\"@type\":\"EntryPoint\",\"urlTemplate\":\"https:\/\/www.istitutogalanteoliva.it\/magazine\/?s={search_term_string}\"},\"query-input\":{\"@type\":\"PropertyValueSpecification\",\"valueRequired\":true,\"valueName\":\"search_term_string\"}}],\"inLanguage\":\"it-IT\"},{\"@type\":\"Organization\",\"@id\":\"https:\/\/www.istitutogalanteoliva.it\/magazine\/#organization\",\"name\":\"Polis SA Magazine\",\"url\":\"https:\/\/www.istitutogalanteoliva.it\/magazine\/\",\"logo\":{\"@type\":\"ImageObject\",\"inLanguage\":\"it-IT\",\"@id\":\"https:\/\/www.istitutogalanteoliva.it\/magazine\/#\/schema\/logo\/image\/\",\"url\":\"\",\"contentUrl\":\"\",\"caption\":\"Polis SA Magazine\"},\"image\":{\"@id\":\"https:\/\/www.istitutogalanteoliva.it\/magazine\/#\/schema\/logo\/image\/\"},\"sameAs\":[\"https:\/\/www.facebook.com\/PolisSAMagazine\/\",\"https:\/\/x.com\/MagazinePolis\",\"https:\/\/www.youtube.com\/channel\/UCv0Mr5AHKUmsc0sEEXkJrgw\"]},{\"@type\":\"Person\",\"@id\":\"https:\/\/www.istitutogalanteoliva.it\/magazine\/#\/schema\/person\/d8b8aa79cfe8babc1df9da3212a7c0c4\",\"name\":\"Antonello Rivano\",\"image\":{\"@type\":\"ImageObject\",\"inLanguage\":\"it-IT\",\"@id\":\"https:\/\/www.istitutogalanteoliva.it\/magazine\/#\/schema\/person\/image\/\",\"url\":\"https:\/\/secure.gravatar.com\/avatar\/517a9a6487a7a18ecc4ce6d2e57a8f40?s=96&d=mm&r=g\",\"contentUrl\":\"https:\/\/secure.gravatar.com\/avatar\/517a9a6487a7a18ecc4ce6d2e57a8f40?s=96&d=mm&r=g\",\"caption\":\"Antonello Rivano\"},\"url\":\"https:\/\/www.istitutogalanteoliva.it\/magazine\/author\/antonello\/\"}]}<\/script>\n<!-- \/ Yoast SEO plugin. -->","yoast_head_json":{"title":"L\u2019apologia di Socrate in scena per la XXXVII RASSEGNA DEL TEATRO DEI BARBUTI - Polis SA Magazine","robots":{"index":"index","follow":"follow","max-snippet":"max-snippet:-1","max-image-preview":"max-image-preview:large","max-video-preview":"max-video-preview:-1"},"canonical":"https:\/\/www.istitutogalanteoliva.it\/magazine\/2022\/08\/02\/lapologia-di-socrate-in-scena-per-la-xxxvii-rassegna-del-teatro-dei-barbuti\/","og_locale":"it_IT","og_type":"article","og_title":"L\u2019apologia di Socrate in scena per la XXXVII RASSEGNA DEL TEATRO DEI BARBUTI - Polis SA Magazine","og_description":"Gioved\u00ec 4 agosto, alle ore 22.00, in largo Santa Maria dei Barbuti, nel centro storico di Salerno","og_url":"https:\/\/www.istitutogalanteoliva.it\/magazine\/2022\/08\/02\/lapologia-di-socrate-in-scena-per-la-xxxvii-rassegna-del-teatro-dei-barbuti\/","og_site_name":"Polis SA Magazine","article_publisher":"https:\/\/www.facebook.com\/PolisSAMagazine\/","article_published_time":"2022-08-02T07:33:20+00:00","article_modified_time":"2022-08-02T07:35:05+00:00","og_image":[{"width":1024,"height":987,"url":"https:\/\/www.istitutogalanteoliva.it\/magazine\/wp-content\/uploads\/2022\/08\/ANDREA-CARRARO.jpeg","type":"image\/jpeg"}],"author":"Antonello Rivano","twitter_card":"summary_large_image","twitter_creator":"@MagazinePolis","twitter_site":"@MagazinePolis","twitter_misc":{"Scritto da":"Antonello Rivano","Tempo di lettura stimato":"1 minuto"},"schema":{"@context":"https:\/\/schema.org","@graph":[{"@type":"Article","@id":"https:\/\/www.istitutogalanteoliva.it\/magazine\/2022\/08\/02\/lapologia-di-socrate-in-scena-per-la-xxxvii-rassegna-del-teatro-dei-barbuti\/#article","isPartOf":{"@id":"https:\/\/www.istitutogalanteoliva.it\/magazine\/2022\/08\/02\/lapologia-di-socrate-in-scena-per-la-xxxvii-rassegna-del-teatro-dei-barbuti\/"},"author":{"name":"Antonello Rivano","@id":"https:\/\/www.istitutogalanteoliva.it\/magazine\/#\/schema\/person\/d8b8aa79cfe8babc1df9da3212a7c0c4"},"headline":"L\u2019apologia di Socrate in scena per la XXXVII RASSEGNA DEL TEATRO DEI BARBUTI","datePublished":"2022-08-02T07:33:20+00:00","dateModified":"2022-08-02T07:35:05+00:00","mainEntityOfPage":{"@id":"https:\/\/www.istitutogalanteoliva.it\/magazine\/2022\/08\/02\/lapologia-di-socrate-in-scena-per-la-xxxvii-rassegna-del-teatro-dei-barbuti\/"},"wordCount":188,"publisher":{"@id":"https:\/\/www.istitutogalanteoliva.it\/magazine\/#organization"},"image":{"@id":"https:\/\/www.istitutogalanteoliva.it\/magazine\/2022\/08\/02\/lapologia-di-socrate-in-scena-per-la-xxxvii-rassegna-del-teatro-dei-barbuti\/#primaryimage"},"thumbnailUrl":"https:\/\/www.istitutogalanteoliva.it\/magazine\/wp-content\/uploads\/2022\/08\/ANDREA-CARRARO.jpeg","keywords":["salerno","teatro dei barbuti"],"articleSection":["2022","Arte e Spettacolo"],"inLanguage":"it-IT"},{"@type":"WebPage","@id":"https:\/\/www.istitutogalanteoliva.it\/magazine\/2022\/08\/02\/lapologia-di-socrate-in-scena-per-la-xxxvii-rassegna-del-teatro-dei-barbuti\/","url":"https:\/\/www.istitutogalanteoliva.it\/magazine\/2022\/08\/02\/lapologia-di-socrate-in-scena-per-la-xxxvii-rassegna-del-teatro-dei-barbuti\/","name":"L\u2019apologia di Socrate in scena per la XXXVII RASSEGNA DEL TEATRO DEI BARBUTI - Polis SA Magazine","isPartOf":{"@id":"https:\/\/www.istitutogalanteoliva.it\/magazine\/#website"},"primaryImageOfPage":{"@id":"https:\/\/www.istitutogalanteoliva.it\/magazine\/2022\/08\/02\/lapologia-di-socrate-in-scena-per-la-xxxvii-rassegna-del-teatro-dei-barbuti\/#primaryimage"},"image":{"@id":"https:\/\/www.istitutogalanteoliva.it\/magazine\/2022\/08\/02\/lapologia-di-socrate-in-scena-per-la-xxxvii-rassegna-del-teatro-dei-barbuti\/#primaryimage"},"thumbnailUrl":"https:\/\/www.istitutogalanteoliva.it\/magazine\/wp-content\/uploads\/2022\/08\/ANDREA-CARRARO.jpeg","datePublished":"2022-08-02T07:33:20+00:00","dateModified":"2022-08-02T07:35:05+00:00","breadcrumb":{"@id":"https:\/\/www.istitutogalanteoliva.it\/magazine\/2022\/08\/02\/lapologia-di-socrate-in-scena-per-la-xxxvii-rassegna-del-teatro-dei-barbuti\/#breadcrumb"},"inLanguage":"it-IT","potentialAction":[{"@type":"ReadAction","target":["https:\/\/www.istitutogalanteoliva.it\/magazine\/2022\/08\/02\/lapologia-di-socrate-in-scena-per-la-xxxvii-rassegna-del-teatro-dei-barbuti\/"]}]},{"@type":"ImageObject","inLanguage":"it-IT","@id":"https:\/\/www.istitutogalanteoliva.it\/magazine\/2022\/08\/02\/lapologia-di-socrate-in-scena-per-la-xxxvii-rassegna-del-teatro-dei-barbuti\/#primaryimage","url":"https:\/\/www.istitutogalanteoliva.it\/magazine\/wp-content\/uploads\/2022\/08\/ANDREA-CARRARO.jpeg","contentUrl":"https:\/\/www.istitutogalanteoliva.it\/magazine\/wp-content\/uploads\/2022\/08\/ANDREA-CARRARO.jpeg","width":1024,"height":987,"caption":"Andrea Carraro"},{"@type":"BreadcrumbList","@id":"https:\/\/www.istitutogalanteoliva.it\/magazine\/2022\/08\/02\/lapologia-di-socrate-in-scena-per-la-xxxvii-rassegna-del-teatro-dei-barbuti\/#breadcrumb","itemListElement":[{"@type":"ListItem","position":1,"name":"Home","item":"https:\/\/www.istitutogalanteoliva.it\/magazine\/"},{"@type":"ListItem","position":2,"name":"L\u2019apologia di Socrate in scena per la XXXVII RASSEGNA DEL TEATRO DEI BARBUTI"}]},{"@type":"WebSite","@id":"https:\/\/www.istitutogalanteoliva.it\/magazine\/#website","url":"https:\/\/www.istitutogalanteoliva.it\/magazine\/","name":"POLIS SA MAGAZINE","description":"Informazione e approfondimenti","publisher":{"@id":"https:\/\/www.istitutogalanteoliva.it\/magazine\/#organization"},"potentialAction":[{"@type":"SearchAction","target":{"@type":"EntryPoint","urlTemplate":"https:\/\/www.istitutogalanteoliva.it\/magazine\/?s={search_term_string}"},"query-input":{"@type":"PropertyValueSpecification","valueRequired":true,"valueName":"search_term_string"}}],"inLanguage":"it-IT"},{"@type":"Organization","@id":"https:\/\/www.istitutogalanteoliva.it\/magazine\/#organization","name":"Polis SA Magazine","url":"https:\/\/www.istitutogalanteoliva.it\/magazine\/","logo":{"@type":"ImageObject","inLanguage":"it-IT","@id":"https:\/\/www.istitutogalanteoliva.it\/magazine\/#\/schema\/logo\/image\/","url":"","contentUrl":"","caption":"Polis SA Magazine"},"image":{"@id":"https:\/\/www.istitutogalanteoliva.it\/magazine\/#\/schema\/logo\/image\/"},"sameAs":["https:\/\/www.facebook.com\/PolisSAMagazine\/","https:\/\/x.com\/MagazinePolis","https:\/\/www.youtube.com\/channel\/UCv0Mr5AHKUmsc0sEEXkJrgw"]},{"@type":"Person","@id":"https:\/\/www.istitutogalanteoliva.it\/magazine\/#\/schema\/person\/d8b8aa79cfe8babc1df9da3212a7c0c4","name":"Antonello Rivano","image":{"@type":"ImageObject","inLanguage":"it-IT","@id":"https:\/\/www.istitutogalanteoliva.it\/magazine\/#\/schema\/person\/image\/","url":"https:\/\/secure.gravatar.com\/avatar\/517a9a6487a7a18ecc4ce6d2e57a8f40?s=96&d=mm&r=g","contentUrl":"https:\/\/secure.gravatar.com\/avatar\/517a9a6487a7a18ecc4ce6d2e57a8f40?s=96&d=mm&r=g","caption":"Antonello Rivano"},"url":"https:\/\/www.istitutogalanteoliva.it\/magazine\/author\/antonello\/"}]}},"_links":{"self":[{"href":"https:\/\/www.istitutogalanteoliva.it\/magazine\/wp-json\/wp\/v2\/posts\/12434","targetHints":{"allow":["GET"]}}],"collection":[{"href":"https:\/\/www.istitutogalanteoliva.it\/magazine\/wp-json\/wp\/v2\/posts"}],"about":[{"href":"https:\/\/www.istitutogalanteoliva.it\/magazine\/wp-json\/wp\/v2\/types\/post"}],"author":[{"embeddable":true,"href":"https:\/\/www.istitutogalanteoliva.it\/magazine\/wp-json\/wp\/v2\/users\/2"}],"replies":[{"embeddable":true,"href":"https:\/\/www.istitutogalanteoliva.it\/magazine\/wp-json\/wp\/v2\/comments?post=12434"}],"version-history":[{"count":3,"href":"https:\/\/www.istitutogalanteoliva.it\/magazine\/wp-json\/wp\/v2\/posts\/12434\/revisions"}],"predecessor-version":[{"id":12439,"href":"https:\/\/www.istitutogalanteoliva.it\/magazine\/wp-json\/wp\/v2\/posts\/12434\/revisions\/12439"}],"wp:featuredmedia":[{"embeddable":true,"href":"https:\/\/www.istitutogalanteoliva.it\/magazine\/wp-json\/wp\/v2\/media\/12435"}],"wp:attachment":[{"href":"https:\/\/www.istitutogalanteoliva.it\/magazine\/wp-json\/wp\/v2\/media?parent=12434"}],"wp:term":[{"taxonomy":"category","embeddable":true,"href":"https:\/\/www.istitutogalanteoliva.it\/magazine\/wp-json\/wp\/v2\/categories?post=12434"},{"taxonomy":"post_tag","embeddable":true,"href":"https:\/\/www.istitutogalanteoliva.it\/magazine\/wp-json\/wp\/v2\/tags?post=12434"}],"curies":[{"name":"wp","href":"https:\/\/api.w.org\/{rel}","templated":true}]}}