{"id":12441,"date":"2022-08-02T16:31:52","date_gmt":"2022-08-02T14:31:52","guid":{"rendered":"https:\/\/www.istitutogalanteoliva.it\/magazine\/?p=12441"},"modified":"2022-08-02T16:31:54","modified_gmt":"2022-08-02T14:31:54","slug":"ad-agosto-ritorna-il-festival-incontri-la-teologia-nel-segno-della-fraternita","status":"publish","type":"post","link":"https:\/\/www.istitutogalanteoliva.it\/magazine\/2022\/08\/02\/ad-agosto-ritorna-il-festival-incontri-la-teologia-nel-segno-della-fraternita\/","title":{"rendered":"Ad Agosto ritorna il Festival Incontri: la teologia nel segno della fraternit\u00e0"},"content":{"rendered":"\n<p><strong><em>Comunicato Stampa <\/em><\/strong><\/p>\n\n\n\n<p> L\u2019iniziativa promossa dall\u2019Azione Cattolica in collaborazione con l\u2019associazione Fabbrica di Idee, con il supporto scientifico dell\u2019<strong>Istituto Superiore di Scienze Religiose \u201cSan Matteo\u201d <\/strong>di Salerno e con i patrocini accademici della <strong>Pontifica Facolt\u00e0 Teologica dell\u2019Italia Meridionale \u2013 Sezione \u201cSan Luigi\u201d<\/strong> e con la <strong>Scuola di Alta Formazione in Arte e Teologia di Napoli<\/strong> disegner\u00e0 un percorso in grado di toccare i vari ambiti delle scienze umane. Si partir\u00e0 mercoled\u00ec 3 agosto con il <strong>prof. Antonio Francese<\/strong>, docente di psicologia delle religioni presso l\u2019ISSR \u201cSan Matteo\u201d di Salerno che parler\u00e0 del \u201cdesiderio umano\u201d della fraternit\u00e0. Il 4 agosto la sociologa <strong>prof.ssa Stefania Sorgente<\/strong>, docente di sociologia presso il medesimo Istituto accademico aiuter\u00e0 a tracciare la fraternit\u00e0 quale \u201cesigenza sociale\u201d. A concludere l\u2019itinerario la prospettiva teologica legata alla fraternit\u00e0 con il conferimento del <strong>Premio Incontri 2022<\/strong> alla <strong>prof.ssa Pina De Simone<\/strong>, coordinatrice del Biennio di Specializzazione in Teologia Fondamentale della Sezione San Luigi della PFTIM, che ormai da alcuni anni ha caratterizzato il percorso sulla \u201cTeologia dell\u2019esperienza religiosa nel contesto del Mediterraneo\u201d. <\/p>\n\n\n\n<figure class=\"wp-block-gallery columns-3 is-cropped wp-block-gallery-1 is-layout-flex wp-block-gallery-is-layout-flex\"><ul class=\"blocks-gallery-grid\"><li class=\"blocks-gallery-item\"><figure><img loading=\"lazy\" decoding=\"async\" width=\"525\" height=\"615\" src=\"https:\/\/www.istitutogalanteoliva.it\/magazine\/wp-content\/uploads\/2022\/08\/Francese_Antonio.jpg\" alt=\"\" data-id=\"12442\" data-full-url=\"https:\/\/www.istitutogalanteoliva.it\/magazine\/wp-content\/uploads\/2022\/08\/Francese_Antonio.jpg\" data-link=\"https:\/\/www.istitutogalanteoliva.it\/magazine\/?attachment_id=12442\" class=\"wp-image-12442\" srcset=\"https:\/\/www.istitutogalanteoliva.it\/magazine\/wp-content\/uploads\/2022\/08\/Francese_Antonio.jpg 525w, https:\/\/www.istitutogalanteoliva.it\/magazine\/wp-content\/uploads\/2022\/08\/Francese_Antonio-256x300.jpg 256w\" sizes=\"auto, (max-width: 525px) 100vw, 525px\" \/><figcaption class=\"blocks-gallery-item__caption\">Francese_Antonio<\/figcaption><\/figure><\/li><li class=\"blocks-gallery-item\"><figure><img loading=\"lazy\" decoding=\"async\" width=\"391\" height=\"604\" src=\"https:\/\/www.istitutogalanteoliva.it\/magazine\/wp-content\/uploads\/2022\/08\/Sorgente_Stefania.jpg\" alt=\"\" data-id=\"12443\" data-full-url=\"https:\/\/www.istitutogalanteoliva.it\/magazine\/wp-content\/uploads\/2022\/08\/Sorgente_Stefania.jpg\" data-link=\"https:\/\/www.istitutogalanteoliva.it\/magazine\/?attachment_id=12443\" class=\"wp-image-12443\" srcset=\"https:\/\/www.istitutogalanteoliva.it\/magazine\/wp-content\/uploads\/2022\/08\/Sorgente_Stefania.jpg 391w, https:\/\/www.istitutogalanteoliva.it\/magazine\/wp-content\/uploads\/2022\/08\/Sorgente_Stefania-194x300.jpg 194w\" sizes=\"auto, (max-width: 391px) 100vw, 391px\" \/><figcaption class=\"blocks-gallery-item__caption\">Sorgente_Stefania<\/figcaption><\/figure><\/li><li class=\"blocks-gallery-item\"><figure><img loading=\"lazy\" decoding=\"async\" width=\"293\" height=\"390\" src=\"https:\/\/www.istitutogalanteoliva.it\/magazine\/wp-content\/uploads\/2022\/08\/Pina_De_Simone.jpg\" alt=\"\" data-id=\"12444\" data-full-url=\"https:\/\/www.istitutogalanteoliva.it\/magazine\/wp-content\/uploads\/2022\/08\/Pina_De_Simone.jpg\" data-link=\"https:\/\/www.istitutogalanteoliva.it\/magazine\/?attachment_id=12444\" class=\"wp-image-12444\" srcset=\"https:\/\/www.istitutogalanteoliva.it\/magazine\/wp-content\/uploads\/2022\/08\/Pina_De_Simone.jpg 293w, https:\/\/www.istitutogalanteoliva.it\/magazine\/wp-content\/uploads\/2022\/08\/Pina_De_Simone-225x300.jpg 225w\" sizes=\"auto, (max-width: 293px) 100vw, 293px\" \/><figcaption class=\"blocks-gallery-item__caption\">Pina_De_Simone<\/figcaption><\/figure><\/li><\/ul><\/figure>\n\n\n\n<p>Una modalit\u00e0 nuova di ricerca e di insegnamento, profondamente legata al tema teologico della fraternit\u00e0, come non ha mancato di sottolineare lo stesso Papa Francesco, e che punta a rileggere l\u2019esperienza religiosa nel contesto del Mediterraneo, quale millenario incrocio di culture e tradizioni diverse, nonch\u00e9 luogo privilegiato di una teologia volta a costruire punti di umanizzazione. Ospiti dell\u2019ultima serata saranno anche il direttore dell\u2019ISSR \u201cSan Matteo\u201d di Salerno Don Bruno Lancuba, il missionario saveriano padre Carlo Salvadori, la presidente dell\u2019Azione Cattolica di Vallo della Lucania Angela Russo. Nel ricco programma di iniziative collaterali al Festival si segnalano nel corso della tre giorni l\u2019inaugurazione della <strong>Mostra itinerante \u201cFrancesco. Animus loci\u201d con le opere di Rosa Cianciulli<\/strong>, nonch\u00e9 la partecipazione della delegazione dei <strong>bambini profughi del Saharawi<\/strong> in collaborazione con l\u2019Associazione Piccoli Ambasciatori di Pace di Agropoli (la sera del 4) e la delegazione dei <strong>Missionari Saveriani<\/strong> (la sera del 5). La mostra itinerante far\u00e0 poi tappa nelle altre due Diocesi che insistono sul territorio del Parco Nazionale: dal 10 agosto la mostra sar\u00e0 infatti allestita presso il <strong>Chiostro di Sant\u2019Antonio a Caggiano (Arcidiocesi di Salerno, Campagna, Acerno)<\/strong> per poi spostarsi dal 12 settembre nel <strong>Chiostro di San Francesco a Teggiano (Diocesi di Teggiano-Policastro)<\/strong>. Il Festival si avvale dei patrocini delle Diocesi coinvolti e dell\u2019Ufficio Cultura e Arte dell\u2019Arcidiocesi di Salerno, Campagna e Acerno. Tutte le serate andranno in onda sul <strong>canale 180 del Digitale Terrestre<\/strong> in Regione Campania, Cilento Channel \u2013 Unica Tv.<\/p>\n\n\n\n<figure class=\"wp-block-image size-large is-resized\"><img loading=\"lazy\" decoding=\"async\" src=\"https:\/\/www.istitutogalanteoliva.it\/magazine\/wp-content\/uploads\/2022\/08\/VITO-RIZZO-1-741x1024.jpg\" alt=\"\" class=\"wp-image-12446\" width=\"325\" height=\"449\" srcset=\"https:\/\/www.istitutogalanteoliva.it\/magazine\/wp-content\/uploads\/2022\/08\/VITO-RIZZO-1-741x1024.jpg 741w, https:\/\/www.istitutogalanteoliva.it\/magazine\/wp-content\/uploads\/2022\/08\/VITO-RIZZO-1-217x300.jpg 217w, https:\/\/www.istitutogalanteoliva.it\/magazine\/wp-content\/uploads\/2022\/08\/VITO-RIZZO-1-768x1061.jpg 768w, https:\/\/www.istitutogalanteoliva.it\/magazine\/wp-content\/uploads\/2022\/08\/VITO-RIZZO-1-1112x1536.jpg 1112w, https:\/\/www.istitutogalanteoliva.it\/magazine\/wp-content\/uploads\/2022\/08\/VITO-RIZZO-1-1024x1415.jpg 1024w, https:\/\/www.istitutogalanteoliva.it\/magazine\/wp-content\/uploads\/2022\/08\/VITO-RIZZO-1.jpg 1265w\" sizes=\"auto, (max-width: 325px) 100vw, 325px\" \/><figcaption> Vito_Rizzo <\/figcaption><\/figure>\n\n\n\n<p>Come spiega il direttore del Festival <strong>Vito Rizzo <\/strong><em>\u00abAnche quest\u2019anno il Festival della Teologia si conferma quale occasione importante di \u201cChiesa in uscita\u201d, come ci chiede continuamente Papa Francesco. Il tema della fraternit\u00e0 scelto per questa edizione offre una serie di spunti alla riflessione personale e comunitaria, toccando i diversi ambiti delle scienze umane, di qui i contributi di due brillanti docenti dell\u2019ISSR \u201cSan Matteo\u201d di Salerno, lo psicologo Antonio Francese e la sociologa Stefania Sorgente, per concludersi con il momento pi\u00f9 prettamente teologico attraverso il conferimento del Premio Incontri 2022 alla filosofoa e teologa Pina De Simone. Anche quest\u2019anno, grazie all\u2019Azione Cattolica, il Festival riesce a coinvolgere le tre diverse Diocesi che insistono nel territorio del Parco Nazionale del Cilento, Vallo di Diano e Alburni grazie alle tappe che la Mostra itinerante \u201cFrancesco. Animus loci\u201d far\u00e0 oltre che nella Diocesi di Vallo della Lucania, anche in quella di Salerno (a Caggiano dal 10 al 31 agosto) e in quella di Teggiano-Policastro (a Teggiano dal 12 al 30 settembre)<\/em><em>\u00bb.<\/em><\/p>\n\n\n\n<p>Per info e contatti:<\/p>\n\n\n\n<p>Vito Rizzo: 392.9846819<\/p>\n\n\n\n<p><a href=\"mailto:segreteria@incontriteologia.it\">segreteria@incontriteologia.it<\/a><\/p>\n<div class=\"pdfprnt-buttons pdfprnt-buttons-post pdfprnt-bottom-left\"><a href=\"https:\/\/www.istitutogalanteoliva.it\/magazine\/wp-json\/wp\/v2\/posts\/12441?print=print\" class=\"pdfprnt-button pdfprnt-button-print\" target=\"_blank\"><img decoding=\"async\" src=\"https:\/\/www.istitutogalanteoliva.it\/magazine\/wp-content\/plugins\/pdf-print\/images\/print.png\" alt=\"image_print\" title=\"Stampa contenuto\" \/><span class=\"pdfprnt-button-title pdfprnt-button-print-title\">Download in PDF<\/span><\/a><\/div>","protected":false},"excerpt":{"rendered":"<p>Quinta edizione del Festival della Teologia Incontri nel segno della fraternit\u00e0. L\u2019appuntamento estivo con la riflessione teologica che si svolge ogni anno nel territorio del Parco Nazionale del Cilento, Vallo di Diano e Alburni vedr\u00e0 quest\u2019anno la tre giorni, dal 3 al 5 agosto, svolgersi nella centralissima Piazza della Repubblica ad Agropoli<\/p>\n","protected":false},"author":2,"featured_media":12447,"comment_status":"closed","ping_status":"open","sticky":true,"template":"","format":"standard","meta":{"footnotes":""},"categories":[577,47],"tags":[],"class_list":["post-12441","post","type-post","status-publish","format-standard","has-post-thumbnail","hentry","category-577","category-eventi"],"yoast_head":"<!-- This site is optimized with the Yoast SEO plugin v24.2 - https:\/\/yoast.com\/wordpress\/plugins\/seo\/ -->\n<title>Ad Agosto ritorna il Festival Incontri: la teologia nel segno della fraternit\u00e0 - Polis SA Magazine<\/title>\n<meta name=\"robots\" content=\"index, follow, max-snippet:-1, max-image-preview:large, max-video-preview:-1\" \/>\n<link rel=\"canonical\" href=\"https:\/\/www.istitutogalanteoliva.it\/magazine\/2022\/08\/02\/ad-agosto-ritorna-il-festival-incontri-la-teologia-nel-segno-della-fraternita\/\" \/>\n<meta property=\"og:locale\" content=\"it_IT\" \/>\n<meta property=\"og:type\" content=\"article\" \/>\n<meta property=\"og:title\" content=\"Ad Agosto ritorna il Festival Incontri: la teologia nel segno della fraternit\u00e0 - Polis SA Magazine\" \/>\n<meta property=\"og:description\" content=\"Quinta edizione del Festival della Teologia Incontri nel segno della fraternit\u00e0. L\u2019appuntamento estivo con la riflessione teologica che si svolge ogni anno nel territorio del Parco Nazionale del Cilento, Vallo di Diano e Alburni vedr\u00e0 quest\u2019anno la tre giorni, dal 3 al 5 agosto, svolgersi nella centralissima Piazza della Repubblica ad Agropoli\" \/>\n<meta property=\"og:url\" content=\"https:\/\/www.istitutogalanteoliva.it\/magazine\/2022\/08\/02\/ad-agosto-ritorna-il-festival-incontri-la-teologia-nel-segno-della-fraternita\/\" \/>\n<meta property=\"og:site_name\" content=\"Polis SA Magazine\" \/>\n<meta property=\"article:publisher\" content=\"https:\/\/www.facebook.com\/PolisSAMagazine\/\" \/>\n<meta property=\"article:published_time\" content=\"2022-08-02T14:31:52+00:00\" \/>\n<meta property=\"article:modified_time\" content=\"2022-08-02T14:31:54+00:00\" \/>\n<meta property=\"og:image\" content=\"https:\/\/www.istitutogalanteoliva.it\/magazine\/wp-content\/uploads\/2022\/08\/Festival_Agropoli_Archivio.jpg\" \/>\n\t<meta property=\"og:image:width\" content=\"700\" \/>\n\t<meta property=\"og:image:height\" content=\"380\" \/>\n\t<meta property=\"og:image:type\" content=\"image\/jpeg\" \/>\n<meta name=\"author\" content=\"Antonello Rivano\" \/>\n<meta name=\"twitter:card\" content=\"summary_large_image\" \/>\n<meta name=\"twitter:creator\" content=\"@MagazinePolis\" \/>\n<meta name=\"twitter:site\" content=\"@MagazinePolis\" \/>\n<meta name=\"twitter:label1\" content=\"Scritto da\" \/>\n\t<meta name=\"twitter:data1\" content=\"Antonello Rivano\" \/>\n\t<meta name=\"twitter:label2\" content=\"Tempo di lettura stimato\" \/>\n\t<meta name=\"twitter:data2\" content=\"4 minuti\" \/>\n<script type=\"application\/ld+json\" class=\"yoast-schema-graph\">{\"@context\":\"https:\/\/schema.org\",\"@graph\":[{\"@type\":\"Article\",\"@id\":\"https:\/\/www.istitutogalanteoliva.it\/magazine\/2022\/08\/02\/ad-agosto-ritorna-il-festival-incontri-la-teologia-nel-segno-della-fraternita\/#article\",\"isPartOf\":{\"@id\":\"https:\/\/www.istitutogalanteoliva.it\/magazine\/2022\/08\/02\/ad-agosto-ritorna-il-festival-incontri-la-teologia-nel-segno-della-fraternita\/\"},\"author\":{\"name\":\"Antonello Rivano\",\"@id\":\"https:\/\/www.istitutogalanteoliva.it\/magazine\/#\/schema\/person\/d8b8aa79cfe8babc1df9da3212a7c0c4\"},\"headline\":\"Ad Agosto ritorna il Festival Incontri: la teologia nel segno della fraternit\u00e0\",\"datePublished\":\"2022-08-02T14:31:52+00:00\",\"dateModified\":\"2022-08-02T14:31:54+00:00\",\"mainEntityOfPage\":{\"@id\":\"https:\/\/www.istitutogalanteoliva.it\/magazine\/2022\/08\/02\/ad-agosto-ritorna-il-festival-incontri-la-teologia-nel-segno-della-fraternita\/\"},\"wordCount\":620,\"publisher\":{\"@id\":\"https:\/\/www.istitutogalanteoliva.it\/magazine\/#organization\"},\"image\":{\"@id\":\"https:\/\/www.istitutogalanteoliva.it\/magazine\/2022\/08\/02\/ad-agosto-ritorna-il-festival-incontri-la-teologia-nel-segno-della-fraternita\/#primaryimage\"},\"thumbnailUrl\":\"https:\/\/www.istitutogalanteoliva.it\/magazine\/wp-content\/uploads\/2022\/08\/Festival_Agropoli_Archivio.jpg\",\"articleSection\":[\"2022\",\"Eventi\"],\"inLanguage\":\"it-IT\"},{\"@type\":\"WebPage\",\"@id\":\"https:\/\/www.istitutogalanteoliva.it\/magazine\/2022\/08\/02\/ad-agosto-ritorna-il-festival-incontri-la-teologia-nel-segno-della-fraternita\/\",\"url\":\"https:\/\/www.istitutogalanteoliva.it\/magazine\/2022\/08\/02\/ad-agosto-ritorna-il-festival-incontri-la-teologia-nel-segno-della-fraternita\/\",\"name\":\"Ad Agosto ritorna il Festival Incontri: la teologia nel segno della fraternit\u00e0 - Polis SA Magazine\",\"isPartOf\":{\"@id\":\"https:\/\/www.istitutogalanteoliva.it\/magazine\/#website\"},\"primaryImageOfPage\":{\"@id\":\"https:\/\/www.istitutogalanteoliva.it\/magazine\/2022\/08\/02\/ad-agosto-ritorna-il-festival-incontri-la-teologia-nel-segno-della-fraternita\/#primaryimage\"},\"image\":{\"@id\":\"https:\/\/www.istitutogalanteoliva.it\/magazine\/2022\/08\/02\/ad-agosto-ritorna-il-festival-incontri-la-teologia-nel-segno-della-fraternita\/#primaryimage\"},\"thumbnailUrl\":\"https:\/\/www.istitutogalanteoliva.it\/magazine\/wp-content\/uploads\/2022\/08\/Festival_Agropoli_Archivio.jpg\",\"datePublished\":\"2022-08-02T14:31:52+00:00\",\"dateModified\":\"2022-08-02T14:31:54+00:00\",\"breadcrumb\":{\"@id\":\"https:\/\/www.istitutogalanteoliva.it\/magazine\/2022\/08\/02\/ad-agosto-ritorna-il-festival-incontri-la-teologia-nel-segno-della-fraternita\/#breadcrumb\"},\"inLanguage\":\"it-IT\",\"potentialAction\":[{\"@type\":\"ReadAction\",\"target\":[\"https:\/\/www.istitutogalanteoliva.it\/magazine\/2022\/08\/02\/ad-agosto-ritorna-il-festival-incontri-la-teologia-nel-segno-della-fraternita\/\"]}]},{\"@type\":\"ImageObject\",\"inLanguage\":\"it-IT\",\"@id\":\"https:\/\/www.istitutogalanteoliva.it\/magazine\/2022\/08\/02\/ad-agosto-ritorna-il-festival-incontri-la-teologia-nel-segno-della-fraternita\/#primaryimage\",\"url\":\"https:\/\/www.istitutogalanteoliva.it\/magazine\/wp-content\/uploads\/2022\/08\/Festival_Agropoli_Archivio.jpg\",\"contentUrl\":\"https:\/\/www.istitutogalanteoliva.it\/magazine\/wp-content\/uploads\/2022\/08\/Festival_Agropoli_Archivio.jpg\",\"width\":700,\"height\":380},{\"@type\":\"BreadcrumbList\",\"@id\":\"https:\/\/www.istitutogalanteoliva.it\/magazine\/2022\/08\/02\/ad-agosto-ritorna-il-festival-incontri-la-teologia-nel-segno-della-fraternita\/#breadcrumb\",\"itemListElement\":[{\"@type\":\"ListItem\",\"position\":1,\"name\":\"Home\",\"item\":\"https:\/\/www.istitutogalanteoliva.it\/magazine\/\"},{\"@type\":\"ListItem\",\"position\":2,\"name\":\"Ad Agosto ritorna il Festival Incontri: la teologia nel segno della fraternit\u00e0\"}]},{\"@type\":\"WebSite\",\"@id\":\"https:\/\/www.istitutogalanteoliva.it\/magazine\/#website\",\"url\":\"https:\/\/www.istitutogalanteoliva.it\/magazine\/\",\"name\":\"POLIS SA MAGAZINE\",\"description\":\"Informazione e approfondimenti\",\"publisher\":{\"@id\":\"https:\/\/www.istitutogalanteoliva.it\/magazine\/#organization\"},\"potentialAction\":[{\"@type\":\"SearchAction\",\"target\":{\"@type\":\"EntryPoint\",\"urlTemplate\":\"https:\/\/www.istitutogalanteoliva.it\/magazine\/?s={search_term_string}\"},\"query-input\":{\"@type\":\"PropertyValueSpecification\",\"valueRequired\":true,\"valueName\":\"search_term_string\"}}],\"inLanguage\":\"it-IT\"},{\"@type\":\"Organization\",\"@id\":\"https:\/\/www.istitutogalanteoliva.it\/magazine\/#organization\",\"name\":\"Polis SA Magazine\",\"url\":\"https:\/\/www.istitutogalanteoliva.it\/magazine\/\",\"logo\":{\"@type\":\"ImageObject\",\"inLanguage\":\"it-IT\",\"@id\":\"https:\/\/www.istitutogalanteoliva.it\/magazine\/#\/schema\/logo\/image\/\",\"url\":\"\",\"contentUrl\":\"\",\"caption\":\"Polis SA Magazine\"},\"image\":{\"@id\":\"https:\/\/www.istitutogalanteoliva.it\/magazine\/#\/schema\/logo\/image\/\"},\"sameAs\":[\"https:\/\/www.facebook.com\/PolisSAMagazine\/\",\"https:\/\/x.com\/MagazinePolis\",\"https:\/\/www.youtube.com\/channel\/UCv0Mr5AHKUmsc0sEEXkJrgw\"]},{\"@type\":\"Person\",\"@id\":\"https:\/\/www.istitutogalanteoliva.it\/magazine\/#\/schema\/person\/d8b8aa79cfe8babc1df9da3212a7c0c4\",\"name\":\"Antonello Rivano\",\"image\":{\"@type\":\"ImageObject\",\"inLanguage\":\"it-IT\",\"@id\":\"https:\/\/www.istitutogalanteoliva.it\/magazine\/#\/schema\/person\/image\/\",\"url\":\"https:\/\/secure.gravatar.com\/avatar\/517a9a6487a7a18ecc4ce6d2e57a8f40?s=96&d=mm&r=g\",\"contentUrl\":\"https:\/\/secure.gravatar.com\/avatar\/517a9a6487a7a18ecc4ce6d2e57a8f40?s=96&d=mm&r=g\",\"caption\":\"Antonello Rivano\"},\"url\":\"https:\/\/www.istitutogalanteoliva.it\/magazine\/author\/antonello\/\"}]}<\/script>\n<!-- \/ Yoast SEO plugin. -->","yoast_head_json":{"title":"Ad Agosto ritorna il Festival Incontri: la teologia nel segno della fraternit\u00e0 - Polis SA Magazine","robots":{"index":"index","follow":"follow","max-snippet":"max-snippet:-1","max-image-preview":"max-image-preview:large","max-video-preview":"max-video-preview:-1"},"canonical":"https:\/\/www.istitutogalanteoliva.it\/magazine\/2022\/08\/02\/ad-agosto-ritorna-il-festival-incontri-la-teologia-nel-segno-della-fraternita\/","og_locale":"it_IT","og_type":"article","og_title":"Ad Agosto ritorna il Festival Incontri: la teologia nel segno della fraternit\u00e0 - Polis SA Magazine","og_description":"Quinta edizione del Festival della Teologia Incontri nel segno della fraternit\u00e0. L\u2019appuntamento estivo con la riflessione teologica che si svolge ogni anno nel territorio del Parco Nazionale del Cilento, Vallo di Diano e Alburni vedr\u00e0 quest\u2019anno la tre giorni, dal 3 al 5 agosto, svolgersi nella centralissima Piazza della Repubblica ad Agropoli","og_url":"https:\/\/www.istitutogalanteoliva.it\/magazine\/2022\/08\/02\/ad-agosto-ritorna-il-festival-incontri-la-teologia-nel-segno-della-fraternita\/","og_site_name":"Polis SA Magazine","article_publisher":"https:\/\/www.facebook.com\/PolisSAMagazine\/","article_published_time":"2022-08-02T14:31:52+00:00","article_modified_time":"2022-08-02T14:31:54+00:00","og_image":[{"width":700,"height":380,"url":"https:\/\/www.istitutogalanteoliva.it\/magazine\/wp-content\/uploads\/2022\/08\/Festival_Agropoli_Archivio.jpg","type":"image\/jpeg"}],"author":"Antonello Rivano","twitter_card":"summary_large_image","twitter_creator":"@MagazinePolis","twitter_site":"@MagazinePolis","twitter_misc":{"Scritto da":"Antonello Rivano","Tempo di lettura stimato":"4 minuti"},"schema":{"@context":"https:\/\/schema.org","@graph":[{"@type":"Article","@id":"https:\/\/www.istitutogalanteoliva.it\/magazine\/2022\/08\/02\/ad-agosto-ritorna-il-festival-incontri-la-teologia-nel-segno-della-fraternita\/#article","isPartOf":{"@id":"https:\/\/www.istitutogalanteoliva.it\/magazine\/2022\/08\/02\/ad-agosto-ritorna-il-festival-incontri-la-teologia-nel-segno-della-fraternita\/"},"author":{"name":"Antonello Rivano","@id":"https:\/\/www.istitutogalanteoliva.it\/magazine\/#\/schema\/person\/d8b8aa79cfe8babc1df9da3212a7c0c4"},"headline":"Ad Agosto ritorna il Festival Incontri: la teologia nel segno della fraternit\u00e0","datePublished":"2022-08-02T14:31:52+00:00","dateModified":"2022-08-02T14:31:54+00:00","mainEntityOfPage":{"@id":"https:\/\/www.istitutogalanteoliva.it\/magazine\/2022\/08\/02\/ad-agosto-ritorna-il-festival-incontri-la-teologia-nel-segno-della-fraternita\/"},"wordCount":620,"publisher":{"@id":"https:\/\/www.istitutogalanteoliva.it\/magazine\/#organization"},"image":{"@id":"https:\/\/www.istitutogalanteoliva.it\/magazine\/2022\/08\/02\/ad-agosto-ritorna-il-festival-incontri-la-teologia-nel-segno-della-fraternita\/#primaryimage"},"thumbnailUrl":"https:\/\/www.istitutogalanteoliva.it\/magazine\/wp-content\/uploads\/2022\/08\/Festival_Agropoli_Archivio.jpg","articleSection":["2022","Eventi"],"inLanguage":"it-IT"},{"@type":"WebPage","@id":"https:\/\/www.istitutogalanteoliva.it\/magazine\/2022\/08\/02\/ad-agosto-ritorna-il-festival-incontri-la-teologia-nel-segno-della-fraternita\/","url":"https:\/\/www.istitutogalanteoliva.it\/magazine\/2022\/08\/02\/ad-agosto-ritorna-il-festival-incontri-la-teologia-nel-segno-della-fraternita\/","name":"Ad Agosto ritorna il Festival Incontri: la teologia nel segno della fraternit\u00e0 - Polis SA Magazine","isPartOf":{"@id":"https:\/\/www.istitutogalanteoliva.it\/magazine\/#website"},"primaryImageOfPage":{"@id":"https:\/\/www.istitutogalanteoliva.it\/magazine\/2022\/08\/02\/ad-agosto-ritorna-il-festival-incontri-la-teologia-nel-segno-della-fraternita\/#primaryimage"},"image":{"@id":"https:\/\/www.istitutogalanteoliva.it\/magazine\/2022\/08\/02\/ad-agosto-ritorna-il-festival-incontri-la-teologia-nel-segno-della-fraternita\/#primaryimage"},"thumbnailUrl":"https:\/\/www.istitutogalanteoliva.it\/magazine\/wp-content\/uploads\/2022\/08\/Festival_Agropoli_Archivio.jpg","datePublished":"2022-08-02T14:31:52+00:00","dateModified":"2022-08-02T14:31:54+00:00","breadcrumb":{"@id":"https:\/\/www.istitutogalanteoliva.it\/magazine\/2022\/08\/02\/ad-agosto-ritorna-il-festival-incontri-la-teologia-nel-segno-della-fraternita\/#breadcrumb"},"inLanguage":"it-IT","potentialAction":[{"@type":"ReadAction","target":["https:\/\/www.istitutogalanteoliva.it\/magazine\/2022\/08\/02\/ad-agosto-ritorna-il-festival-incontri-la-teologia-nel-segno-della-fraternita\/"]}]},{"@type":"ImageObject","inLanguage":"it-IT","@id":"https:\/\/www.istitutogalanteoliva.it\/magazine\/2022\/08\/02\/ad-agosto-ritorna-il-festival-incontri-la-teologia-nel-segno-della-fraternita\/#primaryimage","url":"https:\/\/www.istitutogalanteoliva.it\/magazine\/wp-content\/uploads\/2022\/08\/Festival_Agropoli_Archivio.jpg","contentUrl":"https:\/\/www.istitutogalanteoliva.it\/magazine\/wp-content\/uploads\/2022\/08\/Festival_Agropoli_Archivio.jpg","width":700,"height":380},{"@type":"BreadcrumbList","@id":"https:\/\/www.istitutogalanteoliva.it\/magazine\/2022\/08\/02\/ad-agosto-ritorna-il-festival-incontri-la-teologia-nel-segno-della-fraternita\/#breadcrumb","itemListElement":[{"@type":"ListItem","position":1,"name":"Home","item":"https:\/\/www.istitutogalanteoliva.it\/magazine\/"},{"@type":"ListItem","position":2,"name":"Ad Agosto ritorna il Festival Incontri: la teologia nel segno della fraternit\u00e0"}]},{"@type":"WebSite","@id":"https:\/\/www.istitutogalanteoliva.it\/magazine\/#website","url":"https:\/\/www.istitutogalanteoliva.it\/magazine\/","name":"POLIS SA MAGAZINE","description":"Informazione e approfondimenti","publisher":{"@id":"https:\/\/www.istitutogalanteoliva.it\/magazine\/#organization"},"potentialAction":[{"@type":"SearchAction","target":{"@type":"EntryPoint","urlTemplate":"https:\/\/www.istitutogalanteoliva.it\/magazine\/?s={search_term_string}"},"query-input":{"@type":"PropertyValueSpecification","valueRequired":true,"valueName":"search_term_string"}}],"inLanguage":"it-IT"},{"@type":"Organization","@id":"https:\/\/www.istitutogalanteoliva.it\/magazine\/#organization","name":"Polis SA Magazine","url":"https:\/\/www.istitutogalanteoliva.it\/magazine\/","logo":{"@type":"ImageObject","inLanguage":"it-IT","@id":"https:\/\/www.istitutogalanteoliva.it\/magazine\/#\/schema\/logo\/image\/","url":"","contentUrl":"","caption":"Polis SA Magazine"},"image":{"@id":"https:\/\/www.istitutogalanteoliva.it\/magazine\/#\/schema\/logo\/image\/"},"sameAs":["https:\/\/www.facebook.com\/PolisSAMagazine\/","https:\/\/x.com\/MagazinePolis","https:\/\/www.youtube.com\/channel\/UCv0Mr5AHKUmsc0sEEXkJrgw"]},{"@type":"Person","@id":"https:\/\/www.istitutogalanteoliva.it\/magazine\/#\/schema\/person\/d8b8aa79cfe8babc1df9da3212a7c0c4","name":"Antonello Rivano","image":{"@type":"ImageObject","inLanguage":"it-IT","@id":"https:\/\/www.istitutogalanteoliva.it\/magazine\/#\/schema\/person\/image\/","url":"https:\/\/secure.gravatar.com\/avatar\/517a9a6487a7a18ecc4ce6d2e57a8f40?s=96&d=mm&r=g","contentUrl":"https:\/\/secure.gravatar.com\/avatar\/517a9a6487a7a18ecc4ce6d2e57a8f40?s=96&d=mm&r=g","caption":"Antonello Rivano"},"url":"https:\/\/www.istitutogalanteoliva.it\/magazine\/author\/antonello\/"}]}},"_links":{"self":[{"href":"https:\/\/www.istitutogalanteoliva.it\/magazine\/wp-json\/wp\/v2\/posts\/12441","targetHints":{"allow":["GET"]}}],"collection":[{"href":"https:\/\/www.istitutogalanteoliva.it\/magazine\/wp-json\/wp\/v2\/posts"}],"about":[{"href":"https:\/\/www.istitutogalanteoliva.it\/magazine\/wp-json\/wp\/v2\/types\/post"}],"author":[{"embeddable":true,"href":"https:\/\/www.istitutogalanteoliva.it\/magazine\/wp-json\/wp\/v2\/users\/2"}],"replies":[{"embeddable":true,"href":"https:\/\/www.istitutogalanteoliva.it\/magazine\/wp-json\/wp\/v2\/comments?post=12441"}],"version-history":[{"count":1,"href":"https:\/\/www.istitutogalanteoliva.it\/magazine\/wp-json\/wp\/v2\/posts\/12441\/revisions"}],"predecessor-version":[{"id":12448,"href":"https:\/\/www.istitutogalanteoliva.it\/magazine\/wp-json\/wp\/v2\/posts\/12441\/revisions\/12448"}],"wp:featuredmedia":[{"embeddable":true,"href":"https:\/\/www.istitutogalanteoliva.it\/magazine\/wp-json\/wp\/v2\/media\/12447"}],"wp:attachment":[{"href":"https:\/\/www.istitutogalanteoliva.it\/magazine\/wp-json\/wp\/v2\/media?parent=12441"}],"wp:term":[{"taxonomy":"category","embeddable":true,"href":"https:\/\/www.istitutogalanteoliva.it\/magazine\/wp-json\/wp\/v2\/categories?post=12441"},{"taxonomy":"post_tag","embeddable":true,"href":"https:\/\/www.istitutogalanteoliva.it\/magazine\/wp-json\/wp\/v2\/tags?post=12441"}],"curies":[{"name":"wp","href":"https:\/\/api.w.org\/{rel}","templated":true}]}}