{"id":12468,"date":"2022-08-05T08:00:00","date_gmt":"2022-08-05T06:00:00","guid":{"rendered":"https:\/\/www.istitutogalanteoliva.it\/magazine\/?p=12468"},"modified":"2022-08-04T16:08:28","modified_gmt":"2022-08-04T14:08:28","slug":"secondo-appuntamento-della-rassegna-teatrale-estiva-per-il-centro-di-sperimentazione-teatrale-di-isernia-ospite-deccezione-corrado-taranto","status":"publish","type":"post","link":"https:\/\/www.istitutogalanteoliva.it\/magazine\/2022\/08\/05\/secondo-appuntamento-della-rassegna-teatrale-estiva-per-il-centro-di-sperimentazione-teatrale-di-isernia-ospite-deccezione-corrado-taranto\/","title":{"rendered":"Secondo appuntamento della rassegna teatrale estiva per il Centro di Sperimentazione\u00a0Teatrale di Isernia. Ospite d\u2019eccezione: Corrado Taranto."},"content":{"rendered":"\n<p><strong>di Silvia De Cristofaro <\/strong><\/p>\n\n\n\n<p class=\"has-drop-cap\">Nel sedicesimo secolo, quando inizia a farsi spazio la Commedia dell\u2019Arte, esisteva (ma esiste tuttora) una \u00a0categoria di artisti che veniva definita col termine di \u201crampolli dell\u2019oligarchia attorica\u201d: i \u201cfigli d\u2019arte\u201d erano per discendenza individui appartenenti alla \u201cgens teatrale\u201d. Camerini e quinte erano la culla, proscenio e luci della ribalta testimoni dei primi passi, la Compagnia rappresentava il padre, la madre, gli zii, gli applausi una risposta alle prime parole. Il palcoscenico era gi\u00e0 il loro stesso destino perch\u00e9 all\u2019arte, in qualsiasi forma e luogo e tempo si presenti, si obbedisce. Corrado Taranto \u00e8 figlio dell\u2019attore Carlo e nipote dell\u2019attore Nino e raccoglie un\u2019eredit\u00e0, quella del teatro napoletano, che rappresenta una delle pi\u00f9 antiche tradizioni artistiche della citt\u00e0 partenopea. <\/p>\n\n\n\n<p>Provare a capire una famiglia di attori con la stessa capacit\u00e0 istrionica e la stessa passione ed il talento per la recitazione, sembra il compito dell\u2019erede Corrado che, con la sua ultima rappresentazione scenica \u201cNoi\u2026i Taranto\u201d, tenta di svelare i segreti di carriere appassionate come quella sua e quella di una famiglia che dedica la sua intera esistenza alla commedia teatrale. In collaborazione con il Centro di Sperimentazione teatrale di Isernia, perch\u00e9 \u00e8 rientrato nel cartellone estivo della rassegna organizzata proprio dal Cast diretto dall\u2019attore e regista Salvatore Mincione Guarino, in Piazzetta Sanfelice, nel centro antico di Isernia, <\/p>\n\n\n\n<figure class=\"wp-block-image size-full\"><img loading=\"lazy\" decoding=\"async\" width=\"700\" height=\"380\" src=\"https:\/\/www.istitutogalanteoliva.it\/magazine\/wp-content\/uploads\/2022\/08\/corrado-taranto-1.jpg\" alt=\"\" class=\"wp-image-12472\" srcset=\"https:\/\/www.istitutogalanteoliva.it\/magazine\/wp-content\/uploads\/2022\/08\/corrado-taranto-1.jpg 700w, https:\/\/www.istitutogalanteoliva.it\/magazine\/wp-content\/uploads\/2022\/08\/corrado-taranto-1-300x163.jpg 300w\" sizes=\"auto, (max-width: 700px) 100vw, 700px\" \/><figcaption>Corrado Taranto <\/figcaption><\/figure>\n\n\n\n<p>Corrado Taranto ha raccontato Nino e Carlo Taranto. Che nascono e crescono in un quartiere dove, parafrasando proprio un celebre brano napoletano, il sole \u201cnun se vede\u201d ed in quei stretti vicoli del cuore di Napoli riescono a farsi strada inventando personaggi e macchiette che scriveranno la storia del teatro basato sull\u2019improvvisazione. La parola d\u2019ordine era la comicit\u00e0, in mezzo alla catastrofe della seconda guerra mondiale, quando indossare una paglietta ed inventare su un palcoscenico una canzonetta significava dare un calcio alle brutture di quel periodo. Non meno facile, il dopoguerra: ma il teatro non cambiava, il teatro rappresentava la vita che continua. Ed a dare la giusta importanza a questa forma d\u2019arte, furono proprio attori, cabarettisti, caratteristi che con un fare comico autentico iniziano a dare lustro anche al cinema italiano. \u00a0<\/p>\n\n\n\n<figure class=\"wp-block-image size-full\"><img loading=\"lazy\" decoding=\"async\" width=\"700\" height=\"380\" src=\"https:\/\/www.istitutogalanteoliva.it\/magazine\/wp-content\/uploads\/2022\/08\/nino-e-carlo-taranto-1.jpg\" alt=\"\" class=\"wp-image-12469\" srcset=\"https:\/\/www.istitutogalanteoliva.it\/magazine\/wp-content\/uploads\/2022\/08\/nino-e-carlo-taranto-1.jpg 700w, https:\/\/www.istitutogalanteoliva.it\/magazine\/wp-content\/uploads\/2022\/08\/nino-e-carlo-taranto-1-300x163.jpg 300w\" sizes=\"auto, (max-width: 700px) 100vw, 700px\" \/><figcaption>Nino e Carlo Taranto<\/figcaption><\/figure>\n\n\n\n<p>Nino, uno dei pi\u00f9 grandi interpreti del teatro napoletano e del cinema del Novecento, esordisce a soli tredici anni e diventa una straordinaria macchietta dando vita alla comicit\u00e0 dell\u2019indimenticabile personaggio di Ciccio Formaggio. Recita accanto a Wanda Osiris e Titina De Filippo. La sua vocazione artistica si esprime al meglio affiancando Tot\u00f2 (di cui diverr\u00e0 grande amico e collega), negli anni sessanta in \u201cTot\u00f2truffa 62\u201d, \u201cTot\u00f2 contro Maciste\u201d, \u201cIl monaco di Monza\u201d in cui riesce ad esprimere la sua innata comicit\u00e0. Talento e professionalit\u00e0 lo porteranno a raggiungere traguardi nel mondo della radiofonia, della canzone, della televisione in cui partecipa a variet\u00e0 incentrati sulla musica e sulla poesia napoletana. Nel cinema esordisce gi\u00e0 nel 1938 con \u201cNonna Felicita\u201d. Interpretando uno sfortunato professore, nel 1953, si aggiudicher\u00e0 il Nastro d\u2019argento con \u201cAnni facili\u201d di Luigi Zampa. Recita per Comencini e Mario Soldati per cui affronta prove in ruoli non pi\u00f9 comici ma drammatici. Per il teatro, accanto a Luisa Conte, recita in \u201c\u2018A morte e Carnevale\u201d, \u201cNu bambiniello e tre Giuseppe\u201d, \u201cArezzo 29\u201d. Nino diventer\u00e0 man mano uno degli interpreti pi\u00f9 apprezzati dal pubblico che s\u2019innamora della sua espressivit\u00e0 e del suo genio. <\/p>\n\n\n\n<figure class=\"wp-block-gallery columns-2 is-cropped wp-block-gallery-1 is-layout-flex wp-block-gallery-is-layout-flex\"><ul class=\"blocks-gallery-grid\"><li class=\"blocks-gallery-item\"><figure><img loading=\"lazy\" decoding=\"async\" width=\"700\" height=\"380\" src=\"https:\/\/www.istitutogalanteoliva.it\/magazine\/wp-content\/uploads\/2022\/08\/carlo-taranto.jpg\" alt=\"\" data-id=\"12470\" data-full-url=\"https:\/\/www.istitutogalanteoliva.it\/magazine\/wp-content\/uploads\/2022\/08\/carlo-taranto.jpg\" data-link=\"https:\/\/www.istitutogalanteoliva.it\/magazine\/?attachment_id=12470\" class=\"wp-image-12470\" srcset=\"https:\/\/www.istitutogalanteoliva.it\/magazine\/wp-content\/uploads\/2022\/08\/carlo-taranto.jpg 700w, https:\/\/www.istitutogalanteoliva.it\/magazine\/wp-content\/uploads\/2022\/08\/carlo-taranto-300x163.jpg 300w\" sizes=\"auto, (max-width: 700px) 100vw, 700px\" \/><figcaption class=\"blocks-gallery-item__caption\">Carlo Taranto<\/figcaption><\/figure><\/li><li class=\"blocks-gallery-item\"><figure><img loading=\"lazy\" decoding=\"async\" width=\"700\" height=\"380\" src=\"https:\/\/www.istitutogalanteoliva.it\/magazine\/wp-content\/uploads\/2022\/08\/nino-taranto.jpg\" alt=\"\" data-id=\"12471\" data-full-url=\"https:\/\/www.istitutogalanteoliva.it\/magazine\/wp-content\/uploads\/2022\/08\/nino-taranto.jpg\" data-link=\"https:\/\/www.istitutogalanteoliva.it\/magazine\/?attachment_id=12471\" class=\"wp-image-12471\" srcset=\"https:\/\/www.istitutogalanteoliva.it\/magazine\/wp-content\/uploads\/2022\/08\/nino-taranto.jpg 700w, https:\/\/www.istitutogalanteoliva.it\/magazine\/wp-content\/uploads\/2022\/08\/nino-taranto-300x163.jpg 300w\" sizes=\"auto, (max-width: 700px) 100vw, 700px\" \/><figcaption class=\"blocks-gallery-item__caption\">Nino Taranto<\/figcaption><\/figure><\/li><\/ul><\/figure>\n\n\n\n<p>Carlo Taranto non fu da meno al fratello che non imita, precisa suo figlio Corrado: Carlo riuscir\u00e0 a creare personaggi unici interpretando ruoli soprattutto di caratterista in commedie e musicarelli, recitando per Monicelli ne \u201cIl medico e lo stregone\u201d e recitando con Vittorio De Sica ed Alberto Sordi, in oltre cento film del grande cinema italiano. Nel teatro d\u00e0 vita a splendide interpretazioni nelle commedie di Scarpetta, Viviani e De Filippo. In televisione, nel 1967, recita nello sceneggiato televisivo \u201cLa fiera della vanit\u00e0\u201d. Suo figlio Corrado intraprende la carriera di attore nel 1974 con la sceneggiata di Nunzio Gallo e Tecla Scarano, recitando anche con i fratelli Aldo e Carlo Giuffr\u00e9, Luigi De Filippo, Mario Scaccia. Former\u00e0 un sodalizio artistico con Mimmo Sepe iniziando nel contempo a recitare in televisione e nel cinema, interpretando ruoli di comprimario. Vincer\u00e0 assiema al collega Sepe la quarta edizione del Festival Nazionale del cabaret di Loano. Esordisce nel ruolo di regista con il film \u201cFerragosto a pezzi\u201d del 2008 ed interpreta diversi ruoli in serie televisive come \u201cVita di Antonio Gramsci\u201d, \u201cUn posto al sole\u201d, \u201cCapri\u201d e \u201cLa Squadra\u201d. <\/p>\n\n\n\n<p>Gi\u00e0 dagli inizi degli anni Duemila insegna recitazione al teatro Trianon di Napoli. Corrado Taranto \u00e8 anche autore di testi come \u201cPolvere di palcoscenico\u201d che contiene diverse commedie dello stesso attore, \u201cIl paese degli imbecilli\u201d e \u201cNoi\u2026i Taranto\u201d, un excursus all\u2019interno della famiglia artistica dei Taranto. Che trasformer\u00e0 in pi\u00e8ce teatrale per cercare di non oscurare quel che di straordinario conserva il nostro Paese: la cultura del bello, del dialogo, della risata.<\/p>\n\n\n\n<p><img loading=\"lazy\" decoding=\"async\" width=\"100\" height=\"100\" class=\"wp-image-6462\" style=\"width: 100px;\" src=\"https:\/\/www.istitutogalanteoliva.it\/magazine\/wp-content\/uploads\/2021\/03\/Silvia-1.jpg\" alt=\"\" srcset=\"https:\/\/www.istitutogalanteoliva.it\/magazine\/wp-content\/uploads\/2021\/03\/Silvia-1.jpg 480w, https:\/\/www.istitutogalanteoliva.it\/magazine\/wp-content\/uploads\/2021\/03\/Silvia-1-300x300.jpg 300w, https:\/\/www.istitutogalanteoliva.it\/magazine\/wp-content\/uploads\/2021\/03\/Silvia-1-150x150.jpg 150w\" sizes=\"auto, (max-width: 100px) 100vw, 100px\" \/><em><strong><a href=\"https:\/\/www.istitutogalanteoliva.it\/magazine\/?s=silvia+de+cristofaro\" target=\"_blank\" rel=\"noreferrer noopener\">Silvia De Cristofaro<\/a><\/strong><\/em><br><strong><em><sup>Vicecoordinatore Nazionale di redazione\/Coordinatrice Centro Italia<\/sup><\/em><\/strong><br><\/p>\n\n\n\n<p><\/p>\n\n\n\n<p><\/p>\n<div class=\"pdfprnt-buttons pdfprnt-buttons-post pdfprnt-bottom-left\"><a href=\"https:\/\/www.istitutogalanteoliva.it\/magazine\/wp-json\/wp\/v2\/posts\/12468?print=print\" class=\"pdfprnt-button pdfprnt-button-print\" target=\"_blank\"><img decoding=\"async\" src=\"https:\/\/www.istitutogalanteoliva.it\/magazine\/wp-content\/plugins\/pdf-print\/images\/print.png\" alt=\"image_print\" title=\"Stampa contenuto\" \/><span class=\"pdfprnt-button-title pdfprnt-button-print-title\">Download in PDF<\/span><\/a><\/div>","protected":false},"excerpt":{"rendered":"<p>L\u2019attore e regista napoletano si \u00e8 esibito in \u201cNoi\u2026i Taranto\u201d, nella piazzetta Sanfelice ad Isernia, in cui ha  narrato il cammino artistico del padre Carlo e dello zio Nino, in un susseguirsi di aneddoti che svelano i \u201cdietro le quinte\u201d di due grandi attori della tradizione teatrale partenopea.<\/p>\n","protected":false},"author":2,"featured_media":12473,"comment_status":"closed","ping_status":"open","sticky":true,"template":"","format":"standard","meta":{"footnotes":""},"categories":[577,7,284],"tags":[642,644,643,280,641],"class_list":["post-12468","post","type-post","status-publish","format-standard","has-post-thumbnail","hentry","category-577","category-arte_e_spettacolo","category-molise","tag-carlo-taranto","tag-centro-di-sperimentazione-teatrale","tag-corrado-taranto","tag-isernia","tag-nino-taranto"],"yoast_head":"<!-- This site is optimized with the Yoast SEO plugin v24.2 - https:\/\/yoast.com\/wordpress\/plugins\/seo\/ -->\n<title>Secondo appuntamento della rassegna teatrale estiva per il Centro di Sperimentazione\u00a0Teatrale di Isernia. Ospite d\u2019eccezione: Corrado Taranto. - Polis SA Magazine<\/title>\n<meta name=\"robots\" content=\"index, follow, max-snippet:-1, max-image-preview:large, max-video-preview:-1\" \/>\n<link rel=\"canonical\" href=\"https:\/\/www.istitutogalanteoliva.it\/magazine\/2022\/08\/05\/secondo-appuntamento-della-rassegna-teatrale-estiva-per-il-centro-di-sperimentazione-teatrale-di-isernia-ospite-deccezione-corrado-taranto\/\" \/>\n<meta property=\"og:locale\" content=\"it_IT\" \/>\n<meta property=\"og:type\" content=\"article\" \/>\n<meta property=\"og:title\" content=\"Secondo appuntamento della rassegna teatrale estiva per il Centro di Sperimentazione\u00a0Teatrale di Isernia. Ospite d\u2019eccezione: Corrado Taranto. - Polis SA Magazine\" \/>\n<meta property=\"og:description\" content=\"L\u2019attore e regista napoletano si \u00e8 esibito in \u201cNoi\u2026i Taranto\u201d, nella piazzetta Sanfelice ad Isernia, in cui ha narrato il cammino artistico del padre Carlo e dello zio Nino, in un susseguirsi di aneddoti che svelano i \u201cdietro le quinte\u201d di due grandi attori della tradizione teatrale partenopea.\" \/>\n<meta property=\"og:url\" content=\"https:\/\/www.istitutogalanteoliva.it\/magazine\/2022\/08\/05\/secondo-appuntamento-della-rassegna-teatrale-estiva-per-il-centro-di-sperimentazione-teatrale-di-isernia-ospite-deccezione-corrado-taranto\/\" \/>\n<meta property=\"og:site_name\" content=\"Polis SA Magazine\" \/>\n<meta property=\"article:publisher\" content=\"https:\/\/www.facebook.com\/PolisSAMagazine\/\" \/>\n<meta property=\"article:published_time\" content=\"2022-08-05T06:00:00+00:00\" \/>\n<meta property=\"article:modified_time\" content=\"2022-08-04T14:08:28+00:00\" \/>\n<meta property=\"og:image\" content=\"https:\/\/www.istitutogalanteoliva.it\/magazine\/wp-content\/uploads\/2022\/08\/WhatsApp-Image-2022-08-04-at-08.38.53.jpeg\" \/>\n\t<meta property=\"og:image:width\" content=\"700\" \/>\n\t<meta property=\"og:image:height\" content=\"380\" \/>\n\t<meta property=\"og:image:type\" content=\"image\/jpeg\" \/>\n<meta name=\"author\" content=\"Antonello Rivano\" \/>\n<meta name=\"twitter:card\" content=\"summary_large_image\" \/>\n<meta name=\"twitter:creator\" content=\"@MagazinePolis\" \/>\n<meta name=\"twitter:site\" content=\"@MagazinePolis\" \/>\n<meta name=\"twitter:label1\" content=\"Scritto da\" \/>\n\t<meta name=\"twitter:data1\" content=\"Antonello Rivano\" \/>\n\t<meta name=\"twitter:label2\" content=\"Tempo di lettura stimato\" \/>\n\t<meta name=\"twitter:data2\" content=\"6 minuti\" \/>\n<script type=\"application\/ld+json\" class=\"yoast-schema-graph\">{\"@context\":\"https:\/\/schema.org\",\"@graph\":[{\"@type\":\"Article\",\"@id\":\"https:\/\/www.istitutogalanteoliva.it\/magazine\/2022\/08\/05\/secondo-appuntamento-della-rassegna-teatrale-estiva-per-il-centro-di-sperimentazione-teatrale-di-isernia-ospite-deccezione-corrado-taranto\/#article\",\"isPartOf\":{\"@id\":\"https:\/\/www.istitutogalanteoliva.it\/magazine\/2022\/08\/05\/secondo-appuntamento-della-rassegna-teatrale-estiva-per-il-centro-di-sperimentazione-teatrale-di-isernia-ospite-deccezione-corrado-taranto\/\"},\"author\":{\"name\":\"Antonello Rivano\",\"@id\":\"https:\/\/www.istitutogalanteoliva.it\/magazine\/#\/schema\/person\/d8b8aa79cfe8babc1df9da3212a7c0c4\"},\"headline\":\"Secondo appuntamento della rassegna teatrale estiva per il Centro di Sperimentazione\u00a0Teatrale di Isernia. Ospite d\u2019eccezione: Corrado Taranto.\",\"datePublished\":\"2022-08-05T06:00:00+00:00\",\"dateModified\":\"2022-08-04T14:08:28+00:00\",\"mainEntityOfPage\":{\"@id\":\"https:\/\/www.istitutogalanteoliva.it\/magazine\/2022\/08\/05\/secondo-appuntamento-della-rassegna-teatrale-estiva-per-il-centro-di-sperimentazione-teatrale-di-isernia-ospite-deccezione-corrado-taranto\/\"},\"wordCount\":841,\"publisher\":{\"@id\":\"https:\/\/www.istitutogalanteoliva.it\/magazine\/#organization\"},\"image\":{\"@id\":\"https:\/\/www.istitutogalanteoliva.it\/magazine\/2022\/08\/05\/secondo-appuntamento-della-rassegna-teatrale-estiva-per-il-centro-di-sperimentazione-teatrale-di-isernia-ospite-deccezione-corrado-taranto\/#primaryimage\"},\"thumbnailUrl\":\"https:\/\/www.istitutogalanteoliva.it\/magazine\/wp-content\/uploads\/2022\/08\/WhatsApp-Image-2022-08-04-at-08.38.53.jpeg\",\"keywords\":[\"Carlo Taranto\",\"Centro di Sperimentazione Teatrale\",\"Corrado Taranto\",\"isernia\",\"Nino Taranto\"],\"articleSection\":[\"2022\",\"Arte e Spettacolo\",\"Molise\"],\"inLanguage\":\"it-IT\"},{\"@type\":\"WebPage\",\"@id\":\"https:\/\/www.istitutogalanteoliva.it\/magazine\/2022\/08\/05\/secondo-appuntamento-della-rassegna-teatrale-estiva-per-il-centro-di-sperimentazione-teatrale-di-isernia-ospite-deccezione-corrado-taranto\/\",\"url\":\"https:\/\/www.istitutogalanteoliva.it\/magazine\/2022\/08\/05\/secondo-appuntamento-della-rassegna-teatrale-estiva-per-il-centro-di-sperimentazione-teatrale-di-isernia-ospite-deccezione-corrado-taranto\/\",\"name\":\"Secondo appuntamento della rassegna teatrale estiva per il Centro di Sperimentazione\u00a0Teatrale di Isernia. Ospite d\u2019eccezione: Corrado Taranto. - Polis SA Magazine\",\"isPartOf\":{\"@id\":\"https:\/\/www.istitutogalanteoliva.it\/magazine\/#website\"},\"primaryImageOfPage\":{\"@id\":\"https:\/\/www.istitutogalanteoliva.it\/magazine\/2022\/08\/05\/secondo-appuntamento-della-rassegna-teatrale-estiva-per-il-centro-di-sperimentazione-teatrale-di-isernia-ospite-deccezione-corrado-taranto\/#primaryimage\"},\"image\":{\"@id\":\"https:\/\/www.istitutogalanteoliva.it\/magazine\/2022\/08\/05\/secondo-appuntamento-della-rassegna-teatrale-estiva-per-il-centro-di-sperimentazione-teatrale-di-isernia-ospite-deccezione-corrado-taranto\/#primaryimage\"},\"thumbnailUrl\":\"https:\/\/www.istitutogalanteoliva.it\/magazine\/wp-content\/uploads\/2022\/08\/WhatsApp-Image-2022-08-04-at-08.38.53.jpeg\",\"datePublished\":\"2022-08-05T06:00:00+00:00\",\"dateModified\":\"2022-08-04T14:08:28+00:00\",\"breadcrumb\":{\"@id\":\"https:\/\/www.istitutogalanteoliva.it\/magazine\/2022\/08\/05\/secondo-appuntamento-della-rassegna-teatrale-estiva-per-il-centro-di-sperimentazione-teatrale-di-isernia-ospite-deccezione-corrado-taranto\/#breadcrumb\"},\"inLanguage\":\"it-IT\",\"potentialAction\":[{\"@type\":\"ReadAction\",\"target\":[\"https:\/\/www.istitutogalanteoliva.it\/magazine\/2022\/08\/05\/secondo-appuntamento-della-rassegna-teatrale-estiva-per-il-centro-di-sperimentazione-teatrale-di-isernia-ospite-deccezione-corrado-taranto\/\"]}]},{\"@type\":\"ImageObject\",\"inLanguage\":\"it-IT\",\"@id\":\"https:\/\/www.istitutogalanteoliva.it\/magazine\/2022\/08\/05\/secondo-appuntamento-della-rassegna-teatrale-estiva-per-il-centro-di-sperimentazione-teatrale-di-isernia-ospite-deccezione-corrado-taranto\/#primaryimage\",\"url\":\"https:\/\/www.istitutogalanteoliva.it\/magazine\/wp-content\/uploads\/2022\/08\/WhatsApp-Image-2022-08-04-at-08.38.53.jpeg\",\"contentUrl\":\"https:\/\/www.istitutogalanteoliva.it\/magazine\/wp-content\/uploads\/2022\/08\/WhatsApp-Image-2022-08-04-at-08.38.53.jpeg\",\"width\":700,\"height\":380,\"caption\":\"Corrado Taranto\"},{\"@type\":\"BreadcrumbList\",\"@id\":\"https:\/\/www.istitutogalanteoliva.it\/magazine\/2022\/08\/05\/secondo-appuntamento-della-rassegna-teatrale-estiva-per-il-centro-di-sperimentazione-teatrale-di-isernia-ospite-deccezione-corrado-taranto\/#breadcrumb\",\"itemListElement\":[{\"@type\":\"ListItem\",\"position\":1,\"name\":\"Home\",\"item\":\"https:\/\/www.istitutogalanteoliva.it\/magazine\/\"},{\"@type\":\"ListItem\",\"position\":2,\"name\":\"Secondo appuntamento della rassegna teatrale estiva per il Centro di Sperimentazione\u00a0Teatrale di Isernia. Ospite d\u2019eccezione: Corrado Taranto.\"}]},{\"@type\":\"WebSite\",\"@id\":\"https:\/\/www.istitutogalanteoliva.it\/magazine\/#website\",\"url\":\"https:\/\/www.istitutogalanteoliva.it\/magazine\/\",\"name\":\"POLIS SA MAGAZINE\",\"description\":\"Informazione e approfondimenti\",\"publisher\":{\"@id\":\"https:\/\/www.istitutogalanteoliva.it\/magazine\/#organization\"},\"potentialAction\":[{\"@type\":\"SearchAction\",\"target\":{\"@type\":\"EntryPoint\",\"urlTemplate\":\"https:\/\/www.istitutogalanteoliva.it\/magazine\/?s={search_term_string}\"},\"query-input\":{\"@type\":\"PropertyValueSpecification\",\"valueRequired\":true,\"valueName\":\"search_term_string\"}}],\"inLanguage\":\"it-IT\"},{\"@type\":\"Organization\",\"@id\":\"https:\/\/www.istitutogalanteoliva.it\/magazine\/#organization\",\"name\":\"Polis SA Magazine\",\"url\":\"https:\/\/www.istitutogalanteoliva.it\/magazine\/\",\"logo\":{\"@type\":\"ImageObject\",\"inLanguage\":\"it-IT\",\"@id\":\"https:\/\/www.istitutogalanteoliva.it\/magazine\/#\/schema\/logo\/image\/\",\"url\":\"\",\"contentUrl\":\"\",\"caption\":\"Polis SA Magazine\"},\"image\":{\"@id\":\"https:\/\/www.istitutogalanteoliva.it\/magazine\/#\/schema\/logo\/image\/\"},\"sameAs\":[\"https:\/\/www.facebook.com\/PolisSAMagazine\/\",\"https:\/\/x.com\/MagazinePolis\",\"https:\/\/www.youtube.com\/channel\/UCv0Mr5AHKUmsc0sEEXkJrgw\"]},{\"@type\":\"Person\",\"@id\":\"https:\/\/www.istitutogalanteoliva.it\/magazine\/#\/schema\/person\/d8b8aa79cfe8babc1df9da3212a7c0c4\",\"name\":\"Antonello Rivano\",\"image\":{\"@type\":\"ImageObject\",\"inLanguage\":\"it-IT\",\"@id\":\"https:\/\/www.istitutogalanteoliva.it\/magazine\/#\/schema\/person\/image\/\",\"url\":\"https:\/\/secure.gravatar.com\/avatar\/517a9a6487a7a18ecc4ce6d2e57a8f40?s=96&d=mm&r=g\",\"contentUrl\":\"https:\/\/secure.gravatar.com\/avatar\/517a9a6487a7a18ecc4ce6d2e57a8f40?s=96&d=mm&r=g\",\"caption\":\"Antonello Rivano\"},\"url\":\"https:\/\/www.istitutogalanteoliva.it\/magazine\/author\/antonello\/\"}]}<\/script>\n<!-- \/ Yoast SEO plugin. -->","yoast_head_json":{"title":"Secondo appuntamento della rassegna teatrale estiva per il Centro di Sperimentazione\u00a0Teatrale di Isernia. Ospite d\u2019eccezione: Corrado Taranto. - Polis SA Magazine","robots":{"index":"index","follow":"follow","max-snippet":"max-snippet:-1","max-image-preview":"max-image-preview:large","max-video-preview":"max-video-preview:-1"},"canonical":"https:\/\/www.istitutogalanteoliva.it\/magazine\/2022\/08\/05\/secondo-appuntamento-della-rassegna-teatrale-estiva-per-il-centro-di-sperimentazione-teatrale-di-isernia-ospite-deccezione-corrado-taranto\/","og_locale":"it_IT","og_type":"article","og_title":"Secondo appuntamento della rassegna teatrale estiva per il Centro di Sperimentazione\u00a0Teatrale di Isernia. Ospite d\u2019eccezione: Corrado Taranto. - Polis SA Magazine","og_description":"L\u2019attore e regista napoletano si \u00e8 esibito in \u201cNoi\u2026i Taranto\u201d, nella piazzetta Sanfelice ad Isernia, in cui ha narrato il cammino artistico del padre Carlo e dello zio Nino, in un susseguirsi di aneddoti che svelano i \u201cdietro le quinte\u201d di due grandi attori della tradizione teatrale partenopea.","og_url":"https:\/\/www.istitutogalanteoliva.it\/magazine\/2022\/08\/05\/secondo-appuntamento-della-rassegna-teatrale-estiva-per-il-centro-di-sperimentazione-teatrale-di-isernia-ospite-deccezione-corrado-taranto\/","og_site_name":"Polis SA Magazine","article_publisher":"https:\/\/www.facebook.com\/PolisSAMagazine\/","article_published_time":"2022-08-05T06:00:00+00:00","article_modified_time":"2022-08-04T14:08:28+00:00","og_image":[{"width":700,"height":380,"url":"https:\/\/www.istitutogalanteoliva.it\/magazine\/wp-content\/uploads\/2022\/08\/WhatsApp-Image-2022-08-04-at-08.38.53.jpeg","type":"image\/jpeg"}],"author":"Antonello Rivano","twitter_card":"summary_large_image","twitter_creator":"@MagazinePolis","twitter_site":"@MagazinePolis","twitter_misc":{"Scritto da":"Antonello Rivano","Tempo di lettura stimato":"6 minuti"},"schema":{"@context":"https:\/\/schema.org","@graph":[{"@type":"Article","@id":"https:\/\/www.istitutogalanteoliva.it\/magazine\/2022\/08\/05\/secondo-appuntamento-della-rassegna-teatrale-estiva-per-il-centro-di-sperimentazione-teatrale-di-isernia-ospite-deccezione-corrado-taranto\/#article","isPartOf":{"@id":"https:\/\/www.istitutogalanteoliva.it\/magazine\/2022\/08\/05\/secondo-appuntamento-della-rassegna-teatrale-estiva-per-il-centro-di-sperimentazione-teatrale-di-isernia-ospite-deccezione-corrado-taranto\/"},"author":{"name":"Antonello Rivano","@id":"https:\/\/www.istitutogalanteoliva.it\/magazine\/#\/schema\/person\/d8b8aa79cfe8babc1df9da3212a7c0c4"},"headline":"Secondo appuntamento della rassegna teatrale estiva per il Centro di Sperimentazione\u00a0Teatrale di Isernia. Ospite d\u2019eccezione: Corrado Taranto.","datePublished":"2022-08-05T06:00:00+00:00","dateModified":"2022-08-04T14:08:28+00:00","mainEntityOfPage":{"@id":"https:\/\/www.istitutogalanteoliva.it\/magazine\/2022\/08\/05\/secondo-appuntamento-della-rassegna-teatrale-estiva-per-il-centro-di-sperimentazione-teatrale-di-isernia-ospite-deccezione-corrado-taranto\/"},"wordCount":841,"publisher":{"@id":"https:\/\/www.istitutogalanteoliva.it\/magazine\/#organization"},"image":{"@id":"https:\/\/www.istitutogalanteoliva.it\/magazine\/2022\/08\/05\/secondo-appuntamento-della-rassegna-teatrale-estiva-per-il-centro-di-sperimentazione-teatrale-di-isernia-ospite-deccezione-corrado-taranto\/#primaryimage"},"thumbnailUrl":"https:\/\/www.istitutogalanteoliva.it\/magazine\/wp-content\/uploads\/2022\/08\/WhatsApp-Image-2022-08-04-at-08.38.53.jpeg","keywords":["Carlo Taranto","Centro di Sperimentazione Teatrale","Corrado Taranto","isernia","Nino Taranto"],"articleSection":["2022","Arte e Spettacolo","Molise"],"inLanguage":"it-IT"},{"@type":"WebPage","@id":"https:\/\/www.istitutogalanteoliva.it\/magazine\/2022\/08\/05\/secondo-appuntamento-della-rassegna-teatrale-estiva-per-il-centro-di-sperimentazione-teatrale-di-isernia-ospite-deccezione-corrado-taranto\/","url":"https:\/\/www.istitutogalanteoliva.it\/magazine\/2022\/08\/05\/secondo-appuntamento-della-rassegna-teatrale-estiva-per-il-centro-di-sperimentazione-teatrale-di-isernia-ospite-deccezione-corrado-taranto\/","name":"Secondo appuntamento della rassegna teatrale estiva per il Centro di Sperimentazione\u00a0Teatrale di Isernia. Ospite d\u2019eccezione: Corrado Taranto. - Polis SA Magazine","isPartOf":{"@id":"https:\/\/www.istitutogalanteoliva.it\/magazine\/#website"},"primaryImageOfPage":{"@id":"https:\/\/www.istitutogalanteoliva.it\/magazine\/2022\/08\/05\/secondo-appuntamento-della-rassegna-teatrale-estiva-per-il-centro-di-sperimentazione-teatrale-di-isernia-ospite-deccezione-corrado-taranto\/#primaryimage"},"image":{"@id":"https:\/\/www.istitutogalanteoliva.it\/magazine\/2022\/08\/05\/secondo-appuntamento-della-rassegna-teatrale-estiva-per-il-centro-di-sperimentazione-teatrale-di-isernia-ospite-deccezione-corrado-taranto\/#primaryimage"},"thumbnailUrl":"https:\/\/www.istitutogalanteoliva.it\/magazine\/wp-content\/uploads\/2022\/08\/WhatsApp-Image-2022-08-04-at-08.38.53.jpeg","datePublished":"2022-08-05T06:00:00+00:00","dateModified":"2022-08-04T14:08:28+00:00","breadcrumb":{"@id":"https:\/\/www.istitutogalanteoliva.it\/magazine\/2022\/08\/05\/secondo-appuntamento-della-rassegna-teatrale-estiva-per-il-centro-di-sperimentazione-teatrale-di-isernia-ospite-deccezione-corrado-taranto\/#breadcrumb"},"inLanguage":"it-IT","potentialAction":[{"@type":"ReadAction","target":["https:\/\/www.istitutogalanteoliva.it\/magazine\/2022\/08\/05\/secondo-appuntamento-della-rassegna-teatrale-estiva-per-il-centro-di-sperimentazione-teatrale-di-isernia-ospite-deccezione-corrado-taranto\/"]}]},{"@type":"ImageObject","inLanguage":"it-IT","@id":"https:\/\/www.istitutogalanteoliva.it\/magazine\/2022\/08\/05\/secondo-appuntamento-della-rassegna-teatrale-estiva-per-il-centro-di-sperimentazione-teatrale-di-isernia-ospite-deccezione-corrado-taranto\/#primaryimage","url":"https:\/\/www.istitutogalanteoliva.it\/magazine\/wp-content\/uploads\/2022\/08\/WhatsApp-Image-2022-08-04-at-08.38.53.jpeg","contentUrl":"https:\/\/www.istitutogalanteoliva.it\/magazine\/wp-content\/uploads\/2022\/08\/WhatsApp-Image-2022-08-04-at-08.38.53.jpeg","width":700,"height":380,"caption":"Corrado Taranto"},{"@type":"BreadcrumbList","@id":"https:\/\/www.istitutogalanteoliva.it\/magazine\/2022\/08\/05\/secondo-appuntamento-della-rassegna-teatrale-estiva-per-il-centro-di-sperimentazione-teatrale-di-isernia-ospite-deccezione-corrado-taranto\/#breadcrumb","itemListElement":[{"@type":"ListItem","position":1,"name":"Home","item":"https:\/\/www.istitutogalanteoliva.it\/magazine\/"},{"@type":"ListItem","position":2,"name":"Secondo appuntamento della rassegna teatrale estiva per il Centro di Sperimentazione\u00a0Teatrale di Isernia. Ospite d\u2019eccezione: Corrado Taranto."}]},{"@type":"WebSite","@id":"https:\/\/www.istitutogalanteoliva.it\/magazine\/#website","url":"https:\/\/www.istitutogalanteoliva.it\/magazine\/","name":"POLIS SA MAGAZINE","description":"Informazione e approfondimenti","publisher":{"@id":"https:\/\/www.istitutogalanteoliva.it\/magazine\/#organization"},"potentialAction":[{"@type":"SearchAction","target":{"@type":"EntryPoint","urlTemplate":"https:\/\/www.istitutogalanteoliva.it\/magazine\/?s={search_term_string}"},"query-input":{"@type":"PropertyValueSpecification","valueRequired":true,"valueName":"search_term_string"}}],"inLanguage":"it-IT"},{"@type":"Organization","@id":"https:\/\/www.istitutogalanteoliva.it\/magazine\/#organization","name":"Polis SA Magazine","url":"https:\/\/www.istitutogalanteoliva.it\/magazine\/","logo":{"@type":"ImageObject","inLanguage":"it-IT","@id":"https:\/\/www.istitutogalanteoliva.it\/magazine\/#\/schema\/logo\/image\/","url":"","contentUrl":"","caption":"Polis SA Magazine"},"image":{"@id":"https:\/\/www.istitutogalanteoliva.it\/magazine\/#\/schema\/logo\/image\/"},"sameAs":["https:\/\/www.facebook.com\/PolisSAMagazine\/","https:\/\/x.com\/MagazinePolis","https:\/\/www.youtube.com\/channel\/UCv0Mr5AHKUmsc0sEEXkJrgw"]},{"@type":"Person","@id":"https:\/\/www.istitutogalanteoliva.it\/magazine\/#\/schema\/person\/d8b8aa79cfe8babc1df9da3212a7c0c4","name":"Antonello Rivano","image":{"@type":"ImageObject","inLanguage":"it-IT","@id":"https:\/\/www.istitutogalanteoliva.it\/magazine\/#\/schema\/person\/image\/","url":"https:\/\/secure.gravatar.com\/avatar\/517a9a6487a7a18ecc4ce6d2e57a8f40?s=96&d=mm&r=g","contentUrl":"https:\/\/secure.gravatar.com\/avatar\/517a9a6487a7a18ecc4ce6d2e57a8f40?s=96&d=mm&r=g","caption":"Antonello Rivano"},"url":"https:\/\/www.istitutogalanteoliva.it\/magazine\/author\/antonello\/"}]}},"_links":{"self":[{"href":"https:\/\/www.istitutogalanteoliva.it\/magazine\/wp-json\/wp\/v2\/posts\/12468","targetHints":{"allow":["GET"]}}],"collection":[{"href":"https:\/\/www.istitutogalanteoliva.it\/magazine\/wp-json\/wp\/v2\/posts"}],"about":[{"href":"https:\/\/www.istitutogalanteoliva.it\/magazine\/wp-json\/wp\/v2\/types\/post"}],"author":[{"embeddable":true,"href":"https:\/\/www.istitutogalanteoliva.it\/magazine\/wp-json\/wp\/v2\/users\/2"}],"replies":[{"embeddable":true,"href":"https:\/\/www.istitutogalanteoliva.it\/magazine\/wp-json\/wp\/v2\/comments?post=12468"}],"version-history":[{"count":1,"href":"https:\/\/www.istitutogalanteoliva.it\/magazine\/wp-json\/wp\/v2\/posts\/12468\/revisions"}],"predecessor-version":[{"id":12474,"href":"https:\/\/www.istitutogalanteoliva.it\/magazine\/wp-json\/wp\/v2\/posts\/12468\/revisions\/12474"}],"wp:featuredmedia":[{"embeddable":true,"href":"https:\/\/www.istitutogalanteoliva.it\/magazine\/wp-json\/wp\/v2\/media\/12473"}],"wp:attachment":[{"href":"https:\/\/www.istitutogalanteoliva.it\/magazine\/wp-json\/wp\/v2\/media?parent=12468"}],"wp:term":[{"taxonomy":"category","embeddable":true,"href":"https:\/\/www.istitutogalanteoliva.it\/magazine\/wp-json\/wp\/v2\/categories?post=12468"},{"taxonomy":"post_tag","embeddable":true,"href":"https:\/\/www.istitutogalanteoliva.it\/magazine\/wp-json\/wp\/v2\/tags?post=12468"}],"curies":[{"name":"wp","href":"https:\/\/api.w.org\/{rel}","templated":true}]}}