{"id":12476,"date":"2022-08-09T15:31:43","date_gmt":"2022-08-09T13:31:43","guid":{"rendered":"https:\/\/www.istitutogalanteoliva.it\/magazine\/?p=12476"},"modified":"2022-08-09T15:32:50","modified_gmt":"2022-08-09T13:32:50","slug":"lodore-della-luna-in-scena-al-teatro-dei-barbuti","status":"publish","type":"post","link":"https:\/\/www.istitutogalanteoliva.it\/magazine\/2022\/08\/09\/lodore-della-luna-in-scena-al-teatro-dei-barbuti\/","title":{"rendered":"\u201cL\u2019odore della luna\u201d  in scena al teatro dei barbuti"},"content":{"rendered":"\n<h4 class=\"wp-block-heading\">comunicato stampa<br><strong>Mercoled\u00ec 10 agosto, alle ore 21.30, <\/strong>in largo Santa Maria dei Barbuti, nel centro storico di Salerno,<strong> per&nbsp; la XXXVII edizione della rassegna estiva di teatro \u201cBarbuti Festival\u201d, nell\u2019ambito de la Notte dei Barbuti, diretta da Brunella Caputo, Campania Danza e Compagnia dell\u2019Eclissi presentano: \u201cL\u2019odore della luna\u201d di Marco De Simone, per la regie di Marcello Andria. Con: Elena Starace, Marco De Simone e Roberta Greco, coreografie di Antonella Iannone <\/strong>(ingresso 10 euro).<\/h4>\n\n\n\n<figure class=\"wp-block-gallery columns-2 is-cropped wp-block-gallery-1 is-layout-flex wp-block-gallery-is-layout-flex\"><ul class=\"blocks-gallery-grid\"><li class=\"blocks-gallery-item\"><figure><img loading=\"lazy\" decoding=\"async\" width=\"380\" height=\"543\" src=\"https:\/\/www.istitutogalanteoliva.it\/magazine\/wp-content\/uploads\/2022\/08\/MANIFESTO-1.jpg\" alt=\"\" data-id=\"12482\" data-full-url=\"https:\/\/www.istitutogalanteoliva.it\/magazine\/wp-content\/uploads\/2022\/08\/MANIFESTO-1.jpg\" data-link=\"https:\/\/www.istitutogalanteoliva.it\/magazine\/?attachment_id=12482\" class=\"wp-image-12482\" srcset=\"https:\/\/www.istitutogalanteoliva.it\/magazine\/wp-content\/uploads\/2022\/08\/MANIFESTO-1.jpg 380w, https:\/\/www.istitutogalanteoliva.it\/magazine\/wp-content\/uploads\/2022\/08\/MANIFESTO-1-210x300.jpg 210w\" sizes=\"auto, (max-width: 380px) 100vw, 380px\" \/><\/figure><\/li><li class=\"blocks-gallery-item\"><figure><img loading=\"lazy\" decoding=\"async\" width=\"380\" height=\"569\" src=\"https:\/\/www.istitutogalanteoliva.it\/magazine\/wp-content\/uploads\/2022\/08\/LODORE-DELLA-LUNA-2-1.jpg\" alt=\"\" data-id=\"12483\" data-full-url=\"https:\/\/www.istitutogalanteoliva.it\/magazine\/wp-content\/uploads\/2022\/08\/LODORE-DELLA-LUNA-2-1.jpg\" data-link=\"https:\/\/www.istitutogalanteoliva.it\/magazine\/?attachment_id=12483\" class=\"wp-image-12483\" srcset=\"https:\/\/www.istitutogalanteoliva.it\/magazine\/wp-content\/uploads\/2022\/08\/LODORE-DELLA-LUNA-2-1.jpg 380w, https:\/\/www.istitutogalanteoliva.it\/magazine\/wp-content\/uploads\/2022\/08\/LODORE-DELLA-LUNA-2-1-200x300.jpg 200w\" sizes=\"auto, (max-width: 380px) 100vw, 380px\" \/><\/figure><\/li><\/ul><\/figure>\n\n\n\n<h4 class=\"wp-block-heading\"> Maria proviene da un mondo arcaico, governato da leggi ferree, che relegano le donne a una ineluttabile marginalit\u00e0, entro confini angusti dove sono fragili prede del desiderio maschile e dei pregiudizi sociali. La sua purezza innata le offre riparo nel contatto con la natura incontaminata che la circonda e in quel frammento di nucleo affettivo \u2013 una nonna brusca ma protettiva \u2013 che la sorte le ha rimediato. Per ragioni che non le \u00e8 dato di comprendere Maria dovr\u00e0 abbandonare quel suo piccolo nido e affrontare le asperit\u00e0 di un percorso di emancipazione, che le riserver\u00e0 la sorpresa di un amore intenso, vissuto nella pienezza fiduciosa dettata dall\u2019innocenza, ma anche delusioni brucianti. Una crescita, la sua, che esige un riscatto esoso da pagare e comporta un\u2019ardua prova finale: il salto nel cerchio di fuoco di una scelta estrema, un passaggio che potr\u00e0 segnare la conquista di una consapevolezza matura e moralmente solida. Ma non tutti i traumi preludono necessariamente a risoluzioni esiziali. La trama fitta che la Tyche intesse intorno a Maria fin dalla nascita pu\u00f2 forse essere recisa per sempre, dischiudendo un varco stretto, rischiarato sul fondo da un bagliore di libert\u00e0. \u201cL\u2019intera vicenda \u2013 scrive Marcello Andria nelle note di regia &#8211; appare sospesa fra realt\u00e0 e sogno, fra narrazione e vita vissuta, simbolicamente incastonata in un paesaggio spoglio, privo di dettagli, quasi desertico come potrebbe immaginarsi il suolo di quella Luna che fin da piccola Maria ha vagheggiato di raggiungere e di annusare. L\u2019atmosfera evocativa \u00e8 sottolineata dalle sonorit\u00e0 appassionate e dolenti di un repertorio spagnolo e ibero-americano di chitarra classica, che innerva e commenta lo sviluppo della storia, arricchendolo di inflessioni poetiche e radicandolo nel chiaroscuro di un meridione ora assolato ora cupo e impenetrabile\u201d.<\/h4>\n\n\n\n<p>(Info 328\/9079642) \u2013 <a href=\"http:\/\/www.bottegasanlazzaro.it\">www.bottegasanlazzaro.it<\/a>&nbsp; &#8211; Fb<br>biglietti on line su <a href=\"http:\/\/www.postoriservato.it\">www.postoriservato.it<\/a><br><br><\/p>\n<div class=\"pdfprnt-buttons pdfprnt-buttons-post pdfprnt-bottom-left\"><a href=\"https:\/\/www.istitutogalanteoliva.it\/magazine\/wp-json\/wp\/v2\/posts\/12476?print=print\" class=\"pdfprnt-button pdfprnt-button-print\" target=\"_blank\"><img decoding=\"async\" src=\"https:\/\/www.istitutogalanteoliva.it\/magazine\/wp-content\/plugins\/pdf-print\/images\/print.png\" alt=\"image_print\" title=\"Stampa contenuto\" \/><span class=\"pdfprnt-button-title pdfprnt-button-print-title\">Download in PDF<\/span><\/a><\/div>","protected":false},"excerpt":{"rendered":"<p>Mercoled\u00ec 10 agosto, alle ore 21.30, in largo Santa Maria dei Barbuti, nel centro storico di Salerno, per\u00a0 la XXXVII edizione della rassegna estiva di teatro \u201cBarbuti Festival\u201d, nell\u2019ambito de la Notte dei Barbuti&#8230;<\/p>\n","protected":false},"author":2,"featured_media":12479,"comment_status":"closed","ping_status":"open","sticky":true,"template":"","format":"standard","meta":{"footnotes":""},"categories":[577,7],"tags":[83,416],"class_list":["post-12476","post","type-post","status-publish","format-standard","has-post-thumbnail","hentry","category-577","category-arte_e_spettacolo","tag-salerno","tag-teatro-dei-barbuti"],"yoast_head":"<!-- This site is optimized with the Yoast SEO plugin v24.2 - https:\/\/yoast.com\/wordpress\/plugins\/seo\/ -->\n<title>\u201cL\u2019odore della luna\u201d in scena al teatro dei barbuti - Polis SA Magazine<\/title>\n<meta name=\"robots\" content=\"index, follow, max-snippet:-1, max-image-preview:large, max-video-preview:-1\" \/>\n<link rel=\"canonical\" href=\"https:\/\/www.istitutogalanteoliva.it\/magazine\/2022\/08\/09\/lodore-della-luna-in-scena-al-teatro-dei-barbuti\/\" \/>\n<meta property=\"og:locale\" content=\"it_IT\" \/>\n<meta property=\"og:type\" content=\"article\" \/>\n<meta property=\"og:title\" content=\"\u201cL\u2019odore della luna\u201d in scena al teatro dei barbuti - Polis SA Magazine\" \/>\n<meta property=\"og:description\" content=\"Mercoled\u00ec 10 agosto, alle ore 21.30, in largo Santa Maria dei Barbuti, nel centro storico di Salerno, per\u00a0 la XXXVII edizione della rassegna estiva di teatro \u201cBarbuti Festival\u201d, nell\u2019ambito de la Notte dei Barbuti...\" \/>\n<meta property=\"og:url\" content=\"https:\/\/www.istitutogalanteoliva.it\/magazine\/2022\/08\/09\/lodore-della-luna-in-scena-al-teatro-dei-barbuti\/\" \/>\n<meta property=\"og:site_name\" content=\"Polis SA Magazine\" \/>\n<meta property=\"article:publisher\" content=\"https:\/\/www.facebook.com\/PolisSAMagazine\/\" \/>\n<meta property=\"article:published_time\" content=\"2022-08-09T13:31:43+00:00\" \/>\n<meta property=\"article:modified_time\" content=\"2022-08-09T13:32:50+00:00\" \/>\n<meta property=\"og:image\" content=\"https:\/\/www.istitutogalanteoliva.it\/magazine\/wp-content\/uploads\/2022\/08\/L-ODORE-DELLA-LUNA-1.jpg\" \/>\n\t<meta property=\"og:image:width\" content=\"700\" \/>\n\t<meta property=\"og:image:height\" content=\"380\" \/>\n\t<meta property=\"og:image:type\" content=\"image\/jpeg\" \/>\n<meta name=\"author\" content=\"Antonello Rivano\" \/>\n<meta name=\"twitter:card\" content=\"summary_large_image\" \/>\n<meta name=\"twitter:creator\" content=\"@MagazinePolis\" \/>\n<meta name=\"twitter:site\" content=\"@MagazinePolis\" \/>\n<meta name=\"twitter:label1\" content=\"Scritto da\" \/>\n\t<meta name=\"twitter:data1\" content=\"Antonello Rivano\" \/>\n\t<meta name=\"twitter:label2\" content=\"Tempo di lettura stimato\" \/>\n\t<meta name=\"twitter:data2\" content=\"3 minuti\" \/>\n<script type=\"application\/ld+json\" class=\"yoast-schema-graph\">{\"@context\":\"https:\/\/schema.org\",\"@graph\":[{\"@type\":\"Article\",\"@id\":\"https:\/\/www.istitutogalanteoliva.it\/magazine\/2022\/08\/09\/lodore-della-luna-in-scena-al-teatro-dei-barbuti\/#article\",\"isPartOf\":{\"@id\":\"https:\/\/www.istitutogalanteoliva.it\/magazine\/2022\/08\/09\/lodore-della-luna-in-scena-al-teatro-dei-barbuti\/\"},\"author\":{\"name\":\"Antonello Rivano\",\"@id\":\"https:\/\/www.istitutogalanteoliva.it\/magazine\/#\/schema\/person\/d8b8aa79cfe8babc1df9da3212a7c0c4\"},\"headline\":\"\u201cL\u2019odore della luna\u201d in scena al teatro dei barbuti\",\"datePublished\":\"2022-08-09T13:31:43+00:00\",\"dateModified\":\"2022-08-09T13:32:50+00:00\",\"mainEntityOfPage\":{\"@id\":\"https:\/\/www.istitutogalanteoliva.it\/magazine\/2022\/08\/09\/lodore-della-luna-in-scena-al-teatro-dei-barbuti\/\"},\"wordCount\":387,\"publisher\":{\"@id\":\"https:\/\/www.istitutogalanteoliva.it\/magazine\/#organization\"},\"image\":{\"@id\":\"https:\/\/www.istitutogalanteoliva.it\/magazine\/2022\/08\/09\/lodore-della-luna-in-scena-al-teatro-dei-barbuti\/#primaryimage\"},\"thumbnailUrl\":\"https:\/\/www.istitutogalanteoliva.it\/magazine\/wp-content\/uploads\/2022\/08\/L-ODORE-DELLA-LUNA-1.jpg\",\"keywords\":[\"salerno\",\"teatro dei barbuti\"],\"articleSection\":[\"2022\",\"Arte e Spettacolo\"],\"inLanguage\":\"it-IT\"},{\"@type\":\"WebPage\",\"@id\":\"https:\/\/www.istitutogalanteoliva.it\/magazine\/2022\/08\/09\/lodore-della-luna-in-scena-al-teatro-dei-barbuti\/\",\"url\":\"https:\/\/www.istitutogalanteoliva.it\/magazine\/2022\/08\/09\/lodore-della-luna-in-scena-al-teatro-dei-barbuti\/\",\"name\":\"\u201cL\u2019odore della luna\u201d in scena al teatro dei barbuti - Polis SA Magazine\",\"isPartOf\":{\"@id\":\"https:\/\/www.istitutogalanteoliva.it\/magazine\/#website\"},\"primaryImageOfPage\":{\"@id\":\"https:\/\/www.istitutogalanteoliva.it\/magazine\/2022\/08\/09\/lodore-della-luna-in-scena-al-teatro-dei-barbuti\/#primaryimage\"},\"image\":{\"@id\":\"https:\/\/www.istitutogalanteoliva.it\/magazine\/2022\/08\/09\/lodore-della-luna-in-scena-al-teatro-dei-barbuti\/#primaryimage\"},\"thumbnailUrl\":\"https:\/\/www.istitutogalanteoliva.it\/magazine\/wp-content\/uploads\/2022\/08\/L-ODORE-DELLA-LUNA-1.jpg\",\"datePublished\":\"2022-08-09T13:31:43+00:00\",\"dateModified\":\"2022-08-09T13:32:50+00:00\",\"breadcrumb\":{\"@id\":\"https:\/\/www.istitutogalanteoliva.it\/magazine\/2022\/08\/09\/lodore-della-luna-in-scena-al-teatro-dei-barbuti\/#breadcrumb\"},\"inLanguage\":\"it-IT\",\"potentialAction\":[{\"@type\":\"ReadAction\",\"target\":[\"https:\/\/www.istitutogalanteoliva.it\/magazine\/2022\/08\/09\/lodore-della-luna-in-scena-al-teatro-dei-barbuti\/\"]}]},{\"@type\":\"ImageObject\",\"inLanguage\":\"it-IT\",\"@id\":\"https:\/\/www.istitutogalanteoliva.it\/magazine\/2022\/08\/09\/lodore-della-luna-in-scena-al-teatro-dei-barbuti\/#primaryimage\",\"url\":\"https:\/\/www.istitutogalanteoliva.it\/magazine\/wp-content\/uploads\/2022\/08\/L-ODORE-DELLA-LUNA-1.jpg\",\"contentUrl\":\"https:\/\/www.istitutogalanteoliva.it\/magazine\/wp-content\/uploads\/2022\/08\/L-ODORE-DELLA-LUNA-1.jpg\",\"width\":700,\"height\":380},{\"@type\":\"BreadcrumbList\",\"@id\":\"https:\/\/www.istitutogalanteoliva.it\/magazine\/2022\/08\/09\/lodore-della-luna-in-scena-al-teatro-dei-barbuti\/#breadcrumb\",\"itemListElement\":[{\"@type\":\"ListItem\",\"position\":1,\"name\":\"Home\",\"item\":\"https:\/\/www.istitutogalanteoliva.it\/magazine\/\"},{\"@type\":\"ListItem\",\"position\":2,\"name\":\"\u201cL\u2019odore della luna\u201d in scena al teatro dei barbuti\"}]},{\"@type\":\"WebSite\",\"@id\":\"https:\/\/www.istitutogalanteoliva.it\/magazine\/#website\",\"url\":\"https:\/\/www.istitutogalanteoliva.it\/magazine\/\",\"name\":\"POLIS SA MAGAZINE\",\"description\":\"Informazione e approfondimenti\",\"publisher\":{\"@id\":\"https:\/\/www.istitutogalanteoliva.it\/magazine\/#organization\"},\"potentialAction\":[{\"@type\":\"SearchAction\",\"target\":{\"@type\":\"EntryPoint\",\"urlTemplate\":\"https:\/\/www.istitutogalanteoliva.it\/magazine\/?s={search_term_string}\"},\"query-input\":{\"@type\":\"PropertyValueSpecification\",\"valueRequired\":true,\"valueName\":\"search_term_string\"}}],\"inLanguage\":\"it-IT\"},{\"@type\":\"Organization\",\"@id\":\"https:\/\/www.istitutogalanteoliva.it\/magazine\/#organization\",\"name\":\"Polis SA Magazine\",\"url\":\"https:\/\/www.istitutogalanteoliva.it\/magazine\/\",\"logo\":{\"@type\":\"ImageObject\",\"inLanguage\":\"it-IT\",\"@id\":\"https:\/\/www.istitutogalanteoliva.it\/magazine\/#\/schema\/logo\/image\/\",\"url\":\"\",\"contentUrl\":\"\",\"caption\":\"Polis SA Magazine\"},\"image\":{\"@id\":\"https:\/\/www.istitutogalanteoliva.it\/magazine\/#\/schema\/logo\/image\/\"},\"sameAs\":[\"https:\/\/www.facebook.com\/PolisSAMagazine\/\",\"https:\/\/x.com\/MagazinePolis\",\"https:\/\/www.youtube.com\/channel\/UCv0Mr5AHKUmsc0sEEXkJrgw\"]},{\"@type\":\"Person\",\"@id\":\"https:\/\/www.istitutogalanteoliva.it\/magazine\/#\/schema\/person\/d8b8aa79cfe8babc1df9da3212a7c0c4\",\"name\":\"Antonello Rivano\",\"image\":{\"@type\":\"ImageObject\",\"inLanguage\":\"it-IT\",\"@id\":\"https:\/\/www.istitutogalanteoliva.it\/magazine\/#\/schema\/person\/image\/\",\"url\":\"https:\/\/secure.gravatar.com\/avatar\/517a9a6487a7a18ecc4ce6d2e57a8f40?s=96&d=mm&r=g\",\"contentUrl\":\"https:\/\/secure.gravatar.com\/avatar\/517a9a6487a7a18ecc4ce6d2e57a8f40?s=96&d=mm&r=g\",\"caption\":\"Antonello Rivano\"},\"url\":\"https:\/\/www.istitutogalanteoliva.it\/magazine\/author\/antonello\/\"}]}<\/script>\n<!-- \/ Yoast SEO plugin. -->","yoast_head_json":{"title":"\u201cL\u2019odore della luna\u201d in scena al teatro dei barbuti - Polis SA Magazine","robots":{"index":"index","follow":"follow","max-snippet":"max-snippet:-1","max-image-preview":"max-image-preview:large","max-video-preview":"max-video-preview:-1"},"canonical":"https:\/\/www.istitutogalanteoliva.it\/magazine\/2022\/08\/09\/lodore-della-luna-in-scena-al-teatro-dei-barbuti\/","og_locale":"it_IT","og_type":"article","og_title":"\u201cL\u2019odore della luna\u201d in scena al teatro dei barbuti - Polis SA Magazine","og_description":"Mercoled\u00ec 10 agosto, alle ore 21.30, in largo Santa Maria dei Barbuti, nel centro storico di Salerno, per\u00a0 la XXXVII edizione della rassegna estiva di teatro \u201cBarbuti Festival\u201d, nell\u2019ambito de la Notte dei Barbuti...","og_url":"https:\/\/www.istitutogalanteoliva.it\/magazine\/2022\/08\/09\/lodore-della-luna-in-scena-al-teatro-dei-barbuti\/","og_site_name":"Polis SA Magazine","article_publisher":"https:\/\/www.facebook.com\/PolisSAMagazine\/","article_published_time":"2022-08-09T13:31:43+00:00","article_modified_time":"2022-08-09T13:32:50+00:00","og_image":[{"width":700,"height":380,"url":"https:\/\/www.istitutogalanteoliva.it\/magazine\/wp-content\/uploads\/2022\/08\/L-ODORE-DELLA-LUNA-1.jpg","type":"image\/jpeg"}],"author":"Antonello Rivano","twitter_card":"summary_large_image","twitter_creator":"@MagazinePolis","twitter_site":"@MagazinePolis","twitter_misc":{"Scritto da":"Antonello Rivano","Tempo di lettura stimato":"3 minuti"},"schema":{"@context":"https:\/\/schema.org","@graph":[{"@type":"Article","@id":"https:\/\/www.istitutogalanteoliva.it\/magazine\/2022\/08\/09\/lodore-della-luna-in-scena-al-teatro-dei-barbuti\/#article","isPartOf":{"@id":"https:\/\/www.istitutogalanteoliva.it\/magazine\/2022\/08\/09\/lodore-della-luna-in-scena-al-teatro-dei-barbuti\/"},"author":{"name":"Antonello Rivano","@id":"https:\/\/www.istitutogalanteoliva.it\/magazine\/#\/schema\/person\/d8b8aa79cfe8babc1df9da3212a7c0c4"},"headline":"\u201cL\u2019odore della luna\u201d in scena al teatro dei barbuti","datePublished":"2022-08-09T13:31:43+00:00","dateModified":"2022-08-09T13:32:50+00:00","mainEntityOfPage":{"@id":"https:\/\/www.istitutogalanteoliva.it\/magazine\/2022\/08\/09\/lodore-della-luna-in-scena-al-teatro-dei-barbuti\/"},"wordCount":387,"publisher":{"@id":"https:\/\/www.istitutogalanteoliva.it\/magazine\/#organization"},"image":{"@id":"https:\/\/www.istitutogalanteoliva.it\/magazine\/2022\/08\/09\/lodore-della-luna-in-scena-al-teatro-dei-barbuti\/#primaryimage"},"thumbnailUrl":"https:\/\/www.istitutogalanteoliva.it\/magazine\/wp-content\/uploads\/2022\/08\/L-ODORE-DELLA-LUNA-1.jpg","keywords":["salerno","teatro dei barbuti"],"articleSection":["2022","Arte e Spettacolo"],"inLanguage":"it-IT"},{"@type":"WebPage","@id":"https:\/\/www.istitutogalanteoliva.it\/magazine\/2022\/08\/09\/lodore-della-luna-in-scena-al-teatro-dei-barbuti\/","url":"https:\/\/www.istitutogalanteoliva.it\/magazine\/2022\/08\/09\/lodore-della-luna-in-scena-al-teatro-dei-barbuti\/","name":"\u201cL\u2019odore della luna\u201d in scena al teatro dei barbuti - Polis SA Magazine","isPartOf":{"@id":"https:\/\/www.istitutogalanteoliva.it\/magazine\/#website"},"primaryImageOfPage":{"@id":"https:\/\/www.istitutogalanteoliva.it\/magazine\/2022\/08\/09\/lodore-della-luna-in-scena-al-teatro-dei-barbuti\/#primaryimage"},"image":{"@id":"https:\/\/www.istitutogalanteoliva.it\/magazine\/2022\/08\/09\/lodore-della-luna-in-scena-al-teatro-dei-barbuti\/#primaryimage"},"thumbnailUrl":"https:\/\/www.istitutogalanteoliva.it\/magazine\/wp-content\/uploads\/2022\/08\/L-ODORE-DELLA-LUNA-1.jpg","datePublished":"2022-08-09T13:31:43+00:00","dateModified":"2022-08-09T13:32:50+00:00","breadcrumb":{"@id":"https:\/\/www.istitutogalanteoliva.it\/magazine\/2022\/08\/09\/lodore-della-luna-in-scena-al-teatro-dei-barbuti\/#breadcrumb"},"inLanguage":"it-IT","potentialAction":[{"@type":"ReadAction","target":["https:\/\/www.istitutogalanteoliva.it\/magazine\/2022\/08\/09\/lodore-della-luna-in-scena-al-teatro-dei-barbuti\/"]}]},{"@type":"ImageObject","inLanguage":"it-IT","@id":"https:\/\/www.istitutogalanteoliva.it\/magazine\/2022\/08\/09\/lodore-della-luna-in-scena-al-teatro-dei-barbuti\/#primaryimage","url":"https:\/\/www.istitutogalanteoliva.it\/magazine\/wp-content\/uploads\/2022\/08\/L-ODORE-DELLA-LUNA-1.jpg","contentUrl":"https:\/\/www.istitutogalanteoliva.it\/magazine\/wp-content\/uploads\/2022\/08\/L-ODORE-DELLA-LUNA-1.jpg","width":700,"height":380},{"@type":"BreadcrumbList","@id":"https:\/\/www.istitutogalanteoliva.it\/magazine\/2022\/08\/09\/lodore-della-luna-in-scena-al-teatro-dei-barbuti\/#breadcrumb","itemListElement":[{"@type":"ListItem","position":1,"name":"Home","item":"https:\/\/www.istitutogalanteoliva.it\/magazine\/"},{"@type":"ListItem","position":2,"name":"\u201cL\u2019odore della luna\u201d in scena al teatro dei barbuti"}]},{"@type":"WebSite","@id":"https:\/\/www.istitutogalanteoliva.it\/magazine\/#website","url":"https:\/\/www.istitutogalanteoliva.it\/magazine\/","name":"POLIS SA MAGAZINE","description":"Informazione e approfondimenti","publisher":{"@id":"https:\/\/www.istitutogalanteoliva.it\/magazine\/#organization"},"potentialAction":[{"@type":"SearchAction","target":{"@type":"EntryPoint","urlTemplate":"https:\/\/www.istitutogalanteoliva.it\/magazine\/?s={search_term_string}"},"query-input":{"@type":"PropertyValueSpecification","valueRequired":true,"valueName":"search_term_string"}}],"inLanguage":"it-IT"},{"@type":"Organization","@id":"https:\/\/www.istitutogalanteoliva.it\/magazine\/#organization","name":"Polis SA Magazine","url":"https:\/\/www.istitutogalanteoliva.it\/magazine\/","logo":{"@type":"ImageObject","inLanguage":"it-IT","@id":"https:\/\/www.istitutogalanteoliva.it\/magazine\/#\/schema\/logo\/image\/","url":"","contentUrl":"","caption":"Polis SA Magazine"},"image":{"@id":"https:\/\/www.istitutogalanteoliva.it\/magazine\/#\/schema\/logo\/image\/"},"sameAs":["https:\/\/www.facebook.com\/PolisSAMagazine\/","https:\/\/x.com\/MagazinePolis","https:\/\/www.youtube.com\/channel\/UCv0Mr5AHKUmsc0sEEXkJrgw"]},{"@type":"Person","@id":"https:\/\/www.istitutogalanteoliva.it\/magazine\/#\/schema\/person\/d8b8aa79cfe8babc1df9da3212a7c0c4","name":"Antonello Rivano","image":{"@type":"ImageObject","inLanguage":"it-IT","@id":"https:\/\/www.istitutogalanteoliva.it\/magazine\/#\/schema\/person\/image\/","url":"https:\/\/secure.gravatar.com\/avatar\/517a9a6487a7a18ecc4ce6d2e57a8f40?s=96&d=mm&r=g","contentUrl":"https:\/\/secure.gravatar.com\/avatar\/517a9a6487a7a18ecc4ce6d2e57a8f40?s=96&d=mm&r=g","caption":"Antonello Rivano"},"url":"https:\/\/www.istitutogalanteoliva.it\/magazine\/author\/antonello\/"}]}},"_links":{"self":[{"href":"https:\/\/www.istitutogalanteoliva.it\/magazine\/wp-json\/wp\/v2\/posts\/12476","targetHints":{"allow":["GET"]}}],"collection":[{"href":"https:\/\/www.istitutogalanteoliva.it\/magazine\/wp-json\/wp\/v2\/posts"}],"about":[{"href":"https:\/\/www.istitutogalanteoliva.it\/magazine\/wp-json\/wp\/v2\/types\/post"}],"author":[{"embeddable":true,"href":"https:\/\/www.istitutogalanteoliva.it\/magazine\/wp-json\/wp\/v2\/users\/2"}],"replies":[{"embeddable":true,"href":"https:\/\/www.istitutogalanteoliva.it\/magazine\/wp-json\/wp\/v2\/comments?post=12476"}],"version-history":[{"count":2,"href":"https:\/\/www.istitutogalanteoliva.it\/magazine\/wp-json\/wp\/v2\/posts\/12476\/revisions"}],"predecessor-version":[{"id":12485,"href":"https:\/\/www.istitutogalanteoliva.it\/magazine\/wp-json\/wp\/v2\/posts\/12476\/revisions\/12485"}],"wp:featuredmedia":[{"embeddable":true,"href":"https:\/\/www.istitutogalanteoliva.it\/magazine\/wp-json\/wp\/v2\/media\/12479"}],"wp:attachment":[{"href":"https:\/\/www.istitutogalanteoliva.it\/magazine\/wp-json\/wp\/v2\/media?parent=12476"}],"wp:term":[{"taxonomy":"category","embeddable":true,"href":"https:\/\/www.istitutogalanteoliva.it\/magazine\/wp-json\/wp\/v2\/categories?post=12476"},{"taxonomy":"post_tag","embeddable":true,"href":"https:\/\/www.istitutogalanteoliva.it\/magazine\/wp-json\/wp\/v2\/tags?post=12476"}],"curies":[{"name":"wp","href":"https:\/\/api.w.org\/{rel}","templated":true}]}}