{"id":12493,"date":"2022-08-12T08:00:00","date_gmt":"2022-08-12T06:00:00","guid":{"rendered":"https:\/\/www.istitutogalanteoliva.it\/magazine\/?p=12493"},"modified":"2022-08-11T16:00:52","modified_gmt":"2022-08-11T14:00:52","slug":"itaca-calasetta-la-nuova-tappa-del-viaggio-tra-i-paesaggi-dellanima-di-antonello-rivano","status":"publish","type":"post","link":"https:\/\/www.istitutogalanteoliva.it\/magazine\/2022\/08\/12\/itaca-calasetta-la-nuova-tappa-del-viaggio-tra-i-paesaggi-dellanima-di-antonello-rivano\/","title":{"rendered":"&#8220;ITACA&#8221;. Calasetta la nuova tappa del \u201cViaggio tra i paesaggi dell\u2019anima\u201d di Antonello Rivano"},"content":{"rendered":"\n<p class=\"has-drop-cap\"><br><strong>Di <\/strong><em><strong>Nicoletta Lamberti<\/strong><\/em><\/p>\n\n\n\n<p class=\"has-drop-cap\">Dopo la \u201cprima\u201d di <strong>Carloforte<\/strong>, del primo luglio scorso, che ha visto come location Via Magenta, uno dei tipici carruggi del centro storico, con una importante presenza di pubblico, il libro di Antonello Rivano sar\u00e0 protagonista di una serata nell\u2019altro centro tabarchino del sud Sardegna: <strong>Calasetta<\/strong>.<\/p>\n\n\n\n<figure class=\"wp-block-image size-large is-resized\"><img loading=\"lazy\" decoding=\"async\" src=\"https:\/\/www.istitutogalanteoliva.it\/magazine\/wp-content\/uploads\/2022\/08\/289701038_1903944493328958_6433421885927422008_n-1024x766.jpg\" alt=\"\" class=\"wp-image-12498\" width=\"434\" height=\"324\" srcset=\"https:\/\/www.istitutogalanteoliva.it\/magazine\/wp-content\/uploads\/2022\/08\/289701038_1903944493328958_6433421885927422008_n-1024x766.jpg 1024w, https:\/\/www.istitutogalanteoliva.it\/magazine\/wp-content\/uploads\/2022\/08\/289701038_1903944493328958_6433421885927422008_n-300x224.jpg 300w, https:\/\/www.istitutogalanteoliva.it\/magazine\/wp-content\/uploads\/2022\/08\/289701038_1903944493328958_6433421885927422008_n-768x575.jpg 768w, https:\/\/www.istitutogalanteoliva.it\/magazine\/wp-content\/uploads\/2022\/08\/289701038_1903944493328958_6433421885927422008_n.jpg 1080w\" sizes=\"auto, (max-width: 434px) 100vw, 434px\" \/><figcaption><strong><sup>Un momento della presentazione svoltasi il primo luglio 2022 a Carloforte in Via Magenta  <\/sup><\/strong><\/figcaption><\/figure>\n\n\n\n<p><br><\/p>\n\n\n\n<p><strong>A Rivano, che fa anche parte del team di Polis SA Edizioni, abbiamo chiesto se questa serie di presentazioni siano espressione di un progetto editoriale.<\/strong><br><em>\u201cPer ITACA, d\u2019accordo con il direttore editoriale <strong>Mimmo Oliva<\/strong>, abbiamo previsto tre tappe iniziali che raccontano un po\u2019 la mia storia: <strong>Carloforte<\/strong>, dove sono nato e dove ho vissuto gran parte della mia vita (diciamo tutto il mio \u201cprimo tempo\u201d); <strong>Calasetta<\/strong>, paese di origine di mia madre, e <strong>Pegli<\/strong>, dove da qualche tempo sto vivendo gran parte dell\u2019anno e luogo di mia moglie. Questi tre posti, oltre al fatto che per me sono tutti come &#8220;casa&#8221;, hanno una cosa in comune: sono parte della <strong>storia Tabarchina<\/strong> e, di fatto, potrebbero essere considerati un\u2019unica, grande, comunit\u00e0.<br>Per &nbsp;Calasetta e Carloforte si \u00e8 trattato di tappe estive, mentre per Pegli si dovr\u00e0 attendere l\u2019autunno, ma stiamo gi\u00e0 pensando a un evento in cui la poesia si sposer\u00e0 con la buona musica e la tradizione. Naturalmente non escludiamo altre tappe, magari iniziando proprio dalla sede di<strong> Polis SA edizioni<\/strong>, <strong>Nocera superiore (SA) e il Salernitano <\/strong>in genere, dove in questi anni di permanenza in POLIS ho intessuto rapporti di lavoro ma soprattutto di amicizia. Legami forti anche se vissuti a distanza, fatti di stima e rispetto.  Del resto la nostra <strong>ITACA<\/strong>, la scegliamo noi e non \u00e8 una meta fissa ma un continuo partire e ritornare<\/em>&#8221; <\/p>\n\n\n\n<figure class=\"wp-block-image size-full\"><img loading=\"lazy\" decoding=\"async\" width=\"640\" height=\"348\" src=\"https:\/\/www.istitutogalanteoliva.it\/magazine\/wp-content\/uploads\/2022\/08\/sardinien_calasetta.jpg\" alt=\"\" class=\"wp-image-12497\" srcset=\"https:\/\/www.istitutogalanteoliva.it\/magazine\/wp-content\/uploads\/2022\/08\/sardinien_calasetta.jpg 640w, https:\/\/www.istitutogalanteoliva.it\/magazine\/wp-content\/uploads\/2022\/08\/sardinien_calasetta-300x163.jpg 300w\" sizes=\"auto, (max-width: 640px) 100vw, 640px\" \/><figcaption><strong><sup>Calasetta <\/sup><\/strong><\/figcaption><\/figure>\n\n\n\n<p><br>\u201c<strong>ESTATE con RAIXE<\/strong>\u201d, prodotta dalla cooperativa <strong>MILLEPIEDI<\/strong>, con la collaborazione della <strong>Cantina \u201cLa Casa di \u201cSophia<\/strong> e del <strong>progetto di agricoltura sociale \u201c Agricola Sant\u2019andr\u00e8\u201d<\/strong>, prevede altri appuntamenti di cultura ed enogastronomici che si terranno nella seconda met\u00e0 di agosto e nella seconda met\u00e0 di settembre.<\/p>\n\n\n\n<figure class=\"wp-block-image size-large is-resized\"><img loading=\"lazy\" decoding=\"async\" src=\"https:\/\/www.istitutogalanteoliva.it\/magazine\/wp-content\/uploads\/2022\/08\/WhatsApp-Image-2022-08-05-at-10.59.20-724x1024.jpeg\" alt=\"\" class=\"wp-image-12494\" width=\"311\" height=\"440\" srcset=\"https:\/\/www.istitutogalanteoliva.it\/magazine\/wp-content\/uploads\/2022\/08\/WhatsApp-Image-2022-08-05-at-10.59.20-724x1024.jpeg 724w, https:\/\/www.istitutogalanteoliva.it\/magazine\/wp-content\/uploads\/2022\/08\/WhatsApp-Image-2022-08-05-at-10.59.20-212x300.jpeg 212w, https:\/\/www.istitutogalanteoliva.it\/magazine\/wp-content\/uploads\/2022\/08\/WhatsApp-Image-2022-08-05-at-10.59.20-768x1086.jpeg 768w, https:\/\/www.istitutogalanteoliva.it\/magazine\/wp-content\/uploads\/2022\/08\/WhatsApp-Image-2022-08-05-at-10.59.20-1086x1536.jpeg 1086w, https:\/\/www.istitutogalanteoliva.it\/magazine\/wp-content\/uploads\/2022\/08\/WhatsApp-Image-2022-08-05-at-10.59.20-1024x1449.jpeg 1024w, https:\/\/www.istitutogalanteoliva.it\/magazine\/wp-content\/uploads\/2022\/08\/WhatsApp-Image-2022-08-05-at-10.59.20.jpeg 1131w\" sizes=\"auto, (max-width: 311px) 100vw, 311px\" \/><\/figure>\n\n\n\n<p><br>La presentazione di<strong> <\/strong><a href=\"https:\/\/www.edizionipolis.it\/index.php?id_product=41&amp;controller=product&amp;id_lang=2\" target=\"_blank\" rel=\"noreferrer noopener\"><strong>ITACA<\/strong>. <strong>Viaggio tra i paesaggi dell&#8217;anima-Poesie sull&#8217;amore e altre cos<\/strong>e <\/a> vedr\u00e0, come a Carloforte, la partecipazione di <strong>Lorenza Garbarino<\/strong>, scrittrice, poetessa, presidente dell\u2019<strong>Associazione Culturale Saphyrina Carloforte<\/strong>, che dialogher\u00e0 con l\u2019autore, edi <strong>Luca Navarra<\/strong>, scrittore, antropologo, tra gli sviluppatori del progetto \u201c<strong>RAIXE. Spazi digitali per la cultura tabarchina<\/strong>\u201d che legger\u00e0 poesie tratte dalla raccolta di Rivano.  <\/p>\n\n\n\n<figure class=\"wp-block-image size-large is-resized\"><img loading=\"lazy\" decoding=\"async\" src=\"https:\/\/www.istitutogalanteoliva.it\/magazine\/wp-content\/uploads\/2022\/08\/291901936_1903944513328956_2684349022766252245_n-1024x461.jpg\" alt=\"\" class=\"wp-image-12500\" width=\"442\" height=\"199\" srcset=\"https:\/\/www.istitutogalanteoliva.it\/magazine\/wp-content\/uploads\/2022\/08\/291901936_1903944513328956_2684349022766252245_n-1024x461.jpg 1024w, https:\/\/www.istitutogalanteoliva.it\/magazine\/wp-content\/uploads\/2022\/08\/291901936_1903944513328956_2684349022766252245_n-300x135.jpg 300w, https:\/\/www.istitutogalanteoliva.it\/magazine\/wp-content\/uploads\/2022\/08\/291901936_1903944513328956_2684349022766252245_n-768x346.jpg 768w, https:\/\/www.istitutogalanteoliva.it\/magazine\/wp-content\/uploads\/2022\/08\/291901936_1903944513328956_2684349022766252245_n-1536x691.jpg 1536w, https:\/\/www.istitutogalanteoliva.it\/magazine\/wp-content\/uploads\/2022\/08\/291901936_1903944513328956_2684349022766252245_n.jpg 1600w\" sizes=\"auto, (max-width: 442px) 100vw, 442px\" \/><figcaption><strong><sup><em>Antonello Rivano<\/em> (al centro), con<em> Lorenza Garbarino<\/em> e<em> Luca Navarra<\/em>&#8211; Carloforte primo luglio 2022<\/sup><\/strong><\/figcaption><\/figure>\n\n\n\n<p>L\u2019appuntamento di <strong>Lunedi 22 agosto<\/strong> \u00e8 per le<strong> ore 21.00<\/strong> e, cosi come tutti quelli di <strong>\u201cEstate con Raixe<\/strong>\u201d, si svolger\u00e0 presso la sede dell<strong>\u2019archivio di RAIXE, in Via Umberto, 61.<\/strong><br><\/p>\n\n\n\n<p> <img loading=\"lazy\" decoding=\"async\" width=\"80\" height=\"80\" class=\"wp-image-14987\" style=\"width: 80px;\" src=\"https:\/\/www.istitutogalanteoliva.it\/magazine\/wp-content\/uploads\/2024\/04\/Lamberti.png\" alt=\"\" srcset=\"https:\/\/www.istitutogalanteoliva.it\/magazine\/wp-content\/uploads\/2024\/04\/Lamberti.png 796w, https:\/\/www.istitutogalanteoliva.it\/magazine\/wp-content\/uploads\/2024\/04\/Lamberti-300x300.png 300w, https:\/\/www.istitutogalanteoliva.it\/magazine\/wp-content\/uploads\/2024\/04\/Lamberti-150x150.png 150w, https:\/\/www.istitutogalanteoliva.it\/magazine\/wp-content\/uploads\/2024\/04\/Lamberti-768x769.png 768w\" sizes=\"auto, (max-width: 80px) 100vw, 80px\" \/><a href=\"https:\/\/www.istitutogalanteoliva.it\/magazine\/?s=Nicoletta+Lamberti\"><em>Nicoletta Lamberti<\/em><\/a><br><strong><sub>Vice Coordinatore nazionale Polis SA magazine<\/sub><\/strong> <sub>&#8211;<\/sub> <strong><sub>Coordinatrice Redazioni<\/sub><\/strong><br><\/p>\n\n\n\n<p><strong><br><\/strong><br><\/p>\n<div class=\"pdfprnt-buttons pdfprnt-buttons-post pdfprnt-bottom-left\"><a href=\"https:\/\/www.istitutogalanteoliva.it\/magazine\/wp-json\/wp\/v2\/posts\/12493?print=print\" class=\"pdfprnt-button pdfprnt-button-print\" target=\"_blank\"><img decoding=\"async\" src=\"https:\/\/www.istitutogalanteoliva.it\/magazine\/wp-content\/plugins\/pdf-print\/images\/print.png\" alt=\"image_print\" title=\"Stampa contenuto\" \/><span class=\"pdfprnt-button-title pdfprnt-button-print-title\">Download in PDF<\/span><\/a><\/div>","protected":false},"excerpt":{"rendered":"<p>Ancora un appuntamento nel Sud Sardegna per il libro \u201cITACA. Viaggio tra i paesaggi dell\u2019anima\u201d, edito da Polis SA Edizioni a giugno 2022. La presentazione, lunedi 22 agosto 2022, rientra nell\u2019ambito di \u201cEstate con Raixe\u201d, gli eventi estivi dell\u2019archivio digitale per la cultura tabarchina<\/p>\n","protected":false},"author":2,"featured_media":12501,"comment_status":"closed","ping_status":"open","sticky":true,"template":"","format":"standard","meta":{"footnotes":""},"categories":[577,57,47],"tags":[],"class_list":["post-12493","post","type-post","status-publish","format-standard","has-post-thumbnail","hentry","category-577","category-cultura","category-eventi"],"yoast_head":"<!-- This site is optimized with the Yoast SEO plugin v24.2 - https:\/\/yoast.com\/wordpress\/plugins\/seo\/ -->\n<title>&quot;ITACA&quot;. Calasetta la nuova tappa del \u201cViaggio tra i paesaggi dell\u2019anima\u201d di Antonello Rivano - Polis SA Magazine<\/title>\n<meta name=\"robots\" content=\"index, follow, max-snippet:-1, max-image-preview:large, max-video-preview:-1\" \/>\n<link rel=\"canonical\" href=\"https:\/\/www.istitutogalanteoliva.it\/magazine\/2022\/08\/12\/itaca-calasetta-la-nuova-tappa-del-viaggio-tra-i-paesaggi-dellanima-di-antonello-rivano\/\" \/>\n<meta property=\"og:locale\" content=\"it_IT\" \/>\n<meta property=\"og:type\" content=\"article\" \/>\n<meta property=\"og:title\" content=\"&quot;ITACA&quot;. Calasetta la nuova tappa del \u201cViaggio tra i paesaggi dell\u2019anima\u201d di Antonello Rivano - Polis SA Magazine\" \/>\n<meta property=\"og:description\" content=\"Ancora un appuntamento nel Sud Sardegna per il libro \u201cITACA. Viaggio tra i paesaggi dell\u2019anima\u201d, edito da Polis SA Edizioni a giugno 2022. La presentazione, lunedi 22 agosto 2022, rientra nell\u2019ambito di \u201cEstate con Raixe\u201d, gli eventi estivi dell\u2019archivio digitale per la cultura tabarchina\" \/>\n<meta property=\"og:url\" content=\"https:\/\/www.istitutogalanteoliva.it\/magazine\/2022\/08\/12\/itaca-calasetta-la-nuova-tappa-del-viaggio-tra-i-paesaggi-dellanima-di-antonello-rivano\/\" \/>\n<meta property=\"og:site_name\" content=\"Polis SA Magazine\" \/>\n<meta property=\"article:publisher\" content=\"https:\/\/www.facebook.com\/PolisSAMagazine\/\" \/>\n<meta property=\"article:published_time\" content=\"2022-08-12T06:00:00+00:00\" \/>\n<meta property=\"article:modified_time\" content=\"2022-08-11T14:00:52+00:00\" \/>\n<meta property=\"og:image\" content=\"https:\/\/www.istitutogalanteoliva.it\/magazine\/wp-content\/uploads\/2022\/08\/itaca-presntazione-carloforte-locandina.jpg\" \/>\n\t<meta property=\"og:image:width\" content=\"700\" \/>\n\t<meta property=\"og:image:height\" content=\"380\" \/>\n\t<meta property=\"og:image:type\" content=\"image\/jpeg\" \/>\n<meta name=\"author\" content=\"Antonello Rivano\" \/>\n<meta name=\"twitter:card\" content=\"summary_large_image\" \/>\n<meta name=\"twitter:creator\" content=\"@MagazinePolis\" \/>\n<meta name=\"twitter:site\" content=\"@MagazinePolis\" \/>\n<meta name=\"twitter:label1\" content=\"Scritto da\" \/>\n\t<meta name=\"twitter:data1\" content=\"Antonello Rivano\" \/>\n\t<meta name=\"twitter:label2\" content=\"Tempo di lettura stimato\" \/>\n\t<meta name=\"twitter:data2\" content=\"4 minuti\" \/>\n<script type=\"application\/ld+json\" class=\"yoast-schema-graph\">{\"@context\":\"https:\/\/schema.org\",\"@graph\":[{\"@type\":\"Article\",\"@id\":\"https:\/\/www.istitutogalanteoliva.it\/magazine\/2022\/08\/12\/itaca-calasetta-la-nuova-tappa-del-viaggio-tra-i-paesaggi-dellanima-di-antonello-rivano\/#article\",\"isPartOf\":{\"@id\":\"https:\/\/www.istitutogalanteoliva.it\/magazine\/2022\/08\/12\/itaca-calasetta-la-nuova-tappa-del-viaggio-tra-i-paesaggi-dellanima-di-antonello-rivano\/\"},\"author\":{\"name\":\"Antonello Rivano\",\"@id\":\"https:\/\/www.istitutogalanteoliva.it\/magazine\/#\/schema\/person\/d8b8aa79cfe8babc1df9da3212a7c0c4\"},\"headline\":\"&#8220;ITACA&#8221;. Calasetta la nuova tappa del \u201cViaggio tra i paesaggi dell\u2019anima\u201d di Antonello Rivano\",\"datePublished\":\"2022-08-12T06:00:00+00:00\",\"dateModified\":\"2022-08-11T14:00:52+00:00\",\"mainEntityOfPage\":{\"@id\":\"https:\/\/www.istitutogalanteoliva.it\/magazine\/2022\/08\/12\/itaca-calasetta-la-nuova-tappa-del-viaggio-tra-i-paesaggi-dellanima-di-antonello-rivano\/\"},\"wordCount\":458,\"publisher\":{\"@id\":\"https:\/\/www.istitutogalanteoliva.it\/magazine\/#organization\"},\"image\":{\"@id\":\"https:\/\/www.istitutogalanteoliva.it\/magazine\/2022\/08\/12\/itaca-calasetta-la-nuova-tappa-del-viaggio-tra-i-paesaggi-dellanima-di-antonello-rivano\/#primaryimage\"},\"thumbnailUrl\":\"https:\/\/www.istitutogalanteoliva.it\/magazine\/wp-content\/uploads\/2022\/08\/itaca-presntazione-carloforte-locandina.jpg\",\"articleSection\":[\"2022\",\"Cultura\",\"Eventi\"],\"inLanguage\":\"it-IT\"},{\"@type\":\"WebPage\",\"@id\":\"https:\/\/www.istitutogalanteoliva.it\/magazine\/2022\/08\/12\/itaca-calasetta-la-nuova-tappa-del-viaggio-tra-i-paesaggi-dellanima-di-antonello-rivano\/\",\"url\":\"https:\/\/www.istitutogalanteoliva.it\/magazine\/2022\/08\/12\/itaca-calasetta-la-nuova-tappa-del-viaggio-tra-i-paesaggi-dellanima-di-antonello-rivano\/\",\"name\":\"\\\"ITACA\\\". Calasetta la nuova tappa del \u201cViaggio tra i paesaggi dell\u2019anima\u201d di Antonello Rivano - Polis SA Magazine\",\"isPartOf\":{\"@id\":\"https:\/\/www.istitutogalanteoliva.it\/magazine\/#website\"},\"primaryImageOfPage\":{\"@id\":\"https:\/\/www.istitutogalanteoliva.it\/magazine\/2022\/08\/12\/itaca-calasetta-la-nuova-tappa-del-viaggio-tra-i-paesaggi-dellanima-di-antonello-rivano\/#primaryimage\"},\"image\":{\"@id\":\"https:\/\/www.istitutogalanteoliva.it\/magazine\/2022\/08\/12\/itaca-calasetta-la-nuova-tappa-del-viaggio-tra-i-paesaggi-dellanima-di-antonello-rivano\/#primaryimage\"},\"thumbnailUrl\":\"https:\/\/www.istitutogalanteoliva.it\/magazine\/wp-content\/uploads\/2022\/08\/itaca-presntazione-carloforte-locandina.jpg\",\"datePublished\":\"2022-08-12T06:00:00+00:00\",\"dateModified\":\"2022-08-11T14:00:52+00:00\",\"breadcrumb\":{\"@id\":\"https:\/\/www.istitutogalanteoliva.it\/magazine\/2022\/08\/12\/itaca-calasetta-la-nuova-tappa-del-viaggio-tra-i-paesaggi-dellanima-di-antonello-rivano\/#breadcrumb\"},\"inLanguage\":\"it-IT\",\"potentialAction\":[{\"@type\":\"ReadAction\",\"target\":[\"https:\/\/www.istitutogalanteoliva.it\/magazine\/2022\/08\/12\/itaca-calasetta-la-nuova-tappa-del-viaggio-tra-i-paesaggi-dellanima-di-antonello-rivano\/\"]}]},{\"@type\":\"ImageObject\",\"inLanguage\":\"it-IT\",\"@id\":\"https:\/\/www.istitutogalanteoliva.it\/magazine\/2022\/08\/12\/itaca-calasetta-la-nuova-tappa-del-viaggio-tra-i-paesaggi-dellanima-di-antonello-rivano\/#primaryimage\",\"url\":\"https:\/\/www.istitutogalanteoliva.it\/magazine\/wp-content\/uploads\/2022\/08\/itaca-presntazione-carloforte-locandina.jpg\",\"contentUrl\":\"https:\/\/www.istitutogalanteoliva.it\/magazine\/wp-content\/uploads\/2022\/08\/itaca-presntazione-carloforte-locandina.jpg\",\"width\":700,\"height\":380},{\"@type\":\"BreadcrumbList\",\"@id\":\"https:\/\/www.istitutogalanteoliva.it\/magazine\/2022\/08\/12\/itaca-calasetta-la-nuova-tappa-del-viaggio-tra-i-paesaggi-dellanima-di-antonello-rivano\/#breadcrumb\",\"itemListElement\":[{\"@type\":\"ListItem\",\"position\":1,\"name\":\"Home\",\"item\":\"https:\/\/www.istitutogalanteoliva.it\/magazine\/\"},{\"@type\":\"ListItem\",\"position\":2,\"name\":\"&#8220;ITACA&#8221;. Calasetta la nuova tappa del \u201cViaggio tra i paesaggi dell\u2019anima\u201d di Antonello Rivano\"}]},{\"@type\":\"WebSite\",\"@id\":\"https:\/\/www.istitutogalanteoliva.it\/magazine\/#website\",\"url\":\"https:\/\/www.istitutogalanteoliva.it\/magazine\/\",\"name\":\"POLIS SA MAGAZINE\",\"description\":\"Informazione e approfondimenti\",\"publisher\":{\"@id\":\"https:\/\/www.istitutogalanteoliva.it\/magazine\/#organization\"},\"potentialAction\":[{\"@type\":\"SearchAction\",\"target\":{\"@type\":\"EntryPoint\",\"urlTemplate\":\"https:\/\/www.istitutogalanteoliva.it\/magazine\/?s={search_term_string}\"},\"query-input\":{\"@type\":\"PropertyValueSpecification\",\"valueRequired\":true,\"valueName\":\"search_term_string\"}}],\"inLanguage\":\"it-IT\"},{\"@type\":\"Organization\",\"@id\":\"https:\/\/www.istitutogalanteoliva.it\/magazine\/#organization\",\"name\":\"Polis SA Magazine\",\"url\":\"https:\/\/www.istitutogalanteoliva.it\/magazine\/\",\"logo\":{\"@type\":\"ImageObject\",\"inLanguage\":\"it-IT\",\"@id\":\"https:\/\/www.istitutogalanteoliva.it\/magazine\/#\/schema\/logo\/image\/\",\"url\":\"\",\"contentUrl\":\"\",\"caption\":\"Polis SA Magazine\"},\"image\":{\"@id\":\"https:\/\/www.istitutogalanteoliva.it\/magazine\/#\/schema\/logo\/image\/\"},\"sameAs\":[\"https:\/\/www.facebook.com\/PolisSAMagazine\/\",\"https:\/\/x.com\/MagazinePolis\",\"https:\/\/www.youtube.com\/channel\/UCv0Mr5AHKUmsc0sEEXkJrgw\"]},{\"@type\":\"Person\",\"@id\":\"https:\/\/www.istitutogalanteoliva.it\/magazine\/#\/schema\/person\/d8b8aa79cfe8babc1df9da3212a7c0c4\",\"name\":\"Antonello Rivano\",\"image\":{\"@type\":\"ImageObject\",\"inLanguage\":\"it-IT\",\"@id\":\"https:\/\/www.istitutogalanteoliva.it\/magazine\/#\/schema\/person\/image\/\",\"url\":\"https:\/\/secure.gravatar.com\/avatar\/517a9a6487a7a18ecc4ce6d2e57a8f40?s=96&d=mm&r=g\",\"contentUrl\":\"https:\/\/secure.gravatar.com\/avatar\/517a9a6487a7a18ecc4ce6d2e57a8f40?s=96&d=mm&r=g\",\"caption\":\"Antonello Rivano\"},\"url\":\"https:\/\/www.istitutogalanteoliva.it\/magazine\/author\/antonello\/\"}]}<\/script>\n<!-- \/ Yoast SEO plugin. -->","yoast_head_json":{"title":"\"ITACA\". Calasetta la nuova tappa del \u201cViaggio tra i paesaggi dell\u2019anima\u201d di Antonello Rivano - Polis SA Magazine","robots":{"index":"index","follow":"follow","max-snippet":"max-snippet:-1","max-image-preview":"max-image-preview:large","max-video-preview":"max-video-preview:-1"},"canonical":"https:\/\/www.istitutogalanteoliva.it\/magazine\/2022\/08\/12\/itaca-calasetta-la-nuova-tappa-del-viaggio-tra-i-paesaggi-dellanima-di-antonello-rivano\/","og_locale":"it_IT","og_type":"article","og_title":"\"ITACA\". Calasetta la nuova tappa del \u201cViaggio tra i paesaggi dell\u2019anima\u201d di Antonello Rivano - Polis SA Magazine","og_description":"Ancora un appuntamento nel Sud Sardegna per il libro \u201cITACA. Viaggio tra i paesaggi dell\u2019anima\u201d, edito da Polis SA Edizioni a giugno 2022. La presentazione, lunedi 22 agosto 2022, rientra nell\u2019ambito di \u201cEstate con Raixe\u201d, gli eventi estivi dell\u2019archivio digitale per la cultura tabarchina","og_url":"https:\/\/www.istitutogalanteoliva.it\/magazine\/2022\/08\/12\/itaca-calasetta-la-nuova-tappa-del-viaggio-tra-i-paesaggi-dellanima-di-antonello-rivano\/","og_site_name":"Polis SA Magazine","article_publisher":"https:\/\/www.facebook.com\/PolisSAMagazine\/","article_published_time":"2022-08-12T06:00:00+00:00","article_modified_time":"2022-08-11T14:00:52+00:00","og_image":[{"width":700,"height":380,"url":"https:\/\/www.istitutogalanteoliva.it\/magazine\/wp-content\/uploads\/2022\/08\/itaca-presntazione-carloforte-locandina.jpg","type":"image\/jpeg"}],"author":"Antonello Rivano","twitter_card":"summary_large_image","twitter_creator":"@MagazinePolis","twitter_site":"@MagazinePolis","twitter_misc":{"Scritto da":"Antonello Rivano","Tempo di lettura stimato":"4 minuti"},"schema":{"@context":"https:\/\/schema.org","@graph":[{"@type":"Article","@id":"https:\/\/www.istitutogalanteoliva.it\/magazine\/2022\/08\/12\/itaca-calasetta-la-nuova-tappa-del-viaggio-tra-i-paesaggi-dellanima-di-antonello-rivano\/#article","isPartOf":{"@id":"https:\/\/www.istitutogalanteoliva.it\/magazine\/2022\/08\/12\/itaca-calasetta-la-nuova-tappa-del-viaggio-tra-i-paesaggi-dellanima-di-antonello-rivano\/"},"author":{"name":"Antonello Rivano","@id":"https:\/\/www.istitutogalanteoliva.it\/magazine\/#\/schema\/person\/d8b8aa79cfe8babc1df9da3212a7c0c4"},"headline":"&#8220;ITACA&#8221;. Calasetta la nuova tappa del \u201cViaggio tra i paesaggi dell\u2019anima\u201d di Antonello Rivano","datePublished":"2022-08-12T06:00:00+00:00","dateModified":"2022-08-11T14:00:52+00:00","mainEntityOfPage":{"@id":"https:\/\/www.istitutogalanteoliva.it\/magazine\/2022\/08\/12\/itaca-calasetta-la-nuova-tappa-del-viaggio-tra-i-paesaggi-dellanima-di-antonello-rivano\/"},"wordCount":458,"publisher":{"@id":"https:\/\/www.istitutogalanteoliva.it\/magazine\/#organization"},"image":{"@id":"https:\/\/www.istitutogalanteoliva.it\/magazine\/2022\/08\/12\/itaca-calasetta-la-nuova-tappa-del-viaggio-tra-i-paesaggi-dellanima-di-antonello-rivano\/#primaryimage"},"thumbnailUrl":"https:\/\/www.istitutogalanteoliva.it\/magazine\/wp-content\/uploads\/2022\/08\/itaca-presntazione-carloforte-locandina.jpg","articleSection":["2022","Cultura","Eventi"],"inLanguage":"it-IT"},{"@type":"WebPage","@id":"https:\/\/www.istitutogalanteoliva.it\/magazine\/2022\/08\/12\/itaca-calasetta-la-nuova-tappa-del-viaggio-tra-i-paesaggi-dellanima-di-antonello-rivano\/","url":"https:\/\/www.istitutogalanteoliva.it\/magazine\/2022\/08\/12\/itaca-calasetta-la-nuova-tappa-del-viaggio-tra-i-paesaggi-dellanima-di-antonello-rivano\/","name":"\"ITACA\". Calasetta la nuova tappa del \u201cViaggio tra i paesaggi dell\u2019anima\u201d di Antonello Rivano - Polis SA Magazine","isPartOf":{"@id":"https:\/\/www.istitutogalanteoliva.it\/magazine\/#website"},"primaryImageOfPage":{"@id":"https:\/\/www.istitutogalanteoliva.it\/magazine\/2022\/08\/12\/itaca-calasetta-la-nuova-tappa-del-viaggio-tra-i-paesaggi-dellanima-di-antonello-rivano\/#primaryimage"},"image":{"@id":"https:\/\/www.istitutogalanteoliva.it\/magazine\/2022\/08\/12\/itaca-calasetta-la-nuova-tappa-del-viaggio-tra-i-paesaggi-dellanima-di-antonello-rivano\/#primaryimage"},"thumbnailUrl":"https:\/\/www.istitutogalanteoliva.it\/magazine\/wp-content\/uploads\/2022\/08\/itaca-presntazione-carloforte-locandina.jpg","datePublished":"2022-08-12T06:00:00+00:00","dateModified":"2022-08-11T14:00:52+00:00","breadcrumb":{"@id":"https:\/\/www.istitutogalanteoliva.it\/magazine\/2022\/08\/12\/itaca-calasetta-la-nuova-tappa-del-viaggio-tra-i-paesaggi-dellanima-di-antonello-rivano\/#breadcrumb"},"inLanguage":"it-IT","potentialAction":[{"@type":"ReadAction","target":["https:\/\/www.istitutogalanteoliva.it\/magazine\/2022\/08\/12\/itaca-calasetta-la-nuova-tappa-del-viaggio-tra-i-paesaggi-dellanima-di-antonello-rivano\/"]}]},{"@type":"ImageObject","inLanguage":"it-IT","@id":"https:\/\/www.istitutogalanteoliva.it\/magazine\/2022\/08\/12\/itaca-calasetta-la-nuova-tappa-del-viaggio-tra-i-paesaggi-dellanima-di-antonello-rivano\/#primaryimage","url":"https:\/\/www.istitutogalanteoliva.it\/magazine\/wp-content\/uploads\/2022\/08\/itaca-presntazione-carloforte-locandina.jpg","contentUrl":"https:\/\/www.istitutogalanteoliva.it\/magazine\/wp-content\/uploads\/2022\/08\/itaca-presntazione-carloforte-locandina.jpg","width":700,"height":380},{"@type":"BreadcrumbList","@id":"https:\/\/www.istitutogalanteoliva.it\/magazine\/2022\/08\/12\/itaca-calasetta-la-nuova-tappa-del-viaggio-tra-i-paesaggi-dellanima-di-antonello-rivano\/#breadcrumb","itemListElement":[{"@type":"ListItem","position":1,"name":"Home","item":"https:\/\/www.istitutogalanteoliva.it\/magazine\/"},{"@type":"ListItem","position":2,"name":"&#8220;ITACA&#8221;. Calasetta la nuova tappa del \u201cViaggio tra i paesaggi dell\u2019anima\u201d di Antonello Rivano"}]},{"@type":"WebSite","@id":"https:\/\/www.istitutogalanteoliva.it\/magazine\/#website","url":"https:\/\/www.istitutogalanteoliva.it\/magazine\/","name":"POLIS SA MAGAZINE","description":"Informazione e approfondimenti","publisher":{"@id":"https:\/\/www.istitutogalanteoliva.it\/magazine\/#organization"},"potentialAction":[{"@type":"SearchAction","target":{"@type":"EntryPoint","urlTemplate":"https:\/\/www.istitutogalanteoliva.it\/magazine\/?s={search_term_string}"},"query-input":{"@type":"PropertyValueSpecification","valueRequired":true,"valueName":"search_term_string"}}],"inLanguage":"it-IT"},{"@type":"Organization","@id":"https:\/\/www.istitutogalanteoliva.it\/magazine\/#organization","name":"Polis SA Magazine","url":"https:\/\/www.istitutogalanteoliva.it\/magazine\/","logo":{"@type":"ImageObject","inLanguage":"it-IT","@id":"https:\/\/www.istitutogalanteoliva.it\/magazine\/#\/schema\/logo\/image\/","url":"","contentUrl":"","caption":"Polis SA Magazine"},"image":{"@id":"https:\/\/www.istitutogalanteoliva.it\/magazine\/#\/schema\/logo\/image\/"},"sameAs":["https:\/\/www.facebook.com\/PolisSAMagazine\/","https:\/\/x.com\/MagazinePolis","https:\/\/www.youtube.com\/channel\/UCv0Mr5AHKUmsc0sEEXkJrgw"]},{"@type":"Person","@id":"https:\/\/www.istitutogalanteoliva.it\/magazine\/#\/schema\/person\/d8b8aa79cfe8babc1df9da3212a7c0c4","name":"Antonello Rivano","image":{"@type":"ImageObject","inLanguage":"it-IT","@id":"https:\/\/www.istitutogalanteoliva.it\/magazine\/#\/schema\/person\/image\/","url":"https:\/\/secure.gravatar.com\/avatar\/517a9a6487a7a18ecc4ce6d2e57a8f40?s=96&d=mm&r=g","contentUrl":"https:\/\/secure.gravatar.com\/avatar\/517a9a6487a7a18ecc4ce6d2e57a8f40?s=96&d=mm&r=g","caption":"Antonello Rivano"},"url":"https:\/\/www.istitutogalanteoliva.it\/magazine\/author\/antonello\/"}]}},"_links":{"self":[{"href":"https:\/\/www.istitutogalanteoliva.it\/magazine\/wp-json\/wp\/v2\/posts\/12493","targetHints":{"allow":["GET"]}}],"collection":[{"href":"https:\/\/www.istitutogalanteoliva.it\/magazine\/wp-json\/wp\/v2\/posts"}],"about":[{"href":"https:\/\/www.istitutogalanteoliva.it\/magazine\/wp-json\/wp\/v2\/types\/post"}],"author":[{"embeddable":true,"href":"https:\/\/www.istitutogalanteoliva.it\/magazine\/wp-json\/wp\/v2\/users\/2"}],"replies":[{"embeddable":true,"href":"https:\/\/www.istitutogalanteoliva.it\/magazine\/wp-json\/wp\/v2\/comments?post=12493"}],"version-history":[{"count":3,"href":"https:\/\/www.istitutogalanteoliva.it\/magazine\/wp-json\/wp\/v2\/posts\/12493\/revisions"}],"predecessor-version":[{"id":12504,"href":"https:\/\/www.istitutogalanteoliva.it\/magazine\/wp-json\/wp\/v2\/posts\/12493\/revisions\/12504"}],"wp:featuredmedia":[{"embeddable":true,"href":"https:\/\/www.istitutogalanteoliva.it\/magazine\/wp-json\/wp\/v2\/media\/12501"}],"wp:attachment":[{"href":"https:\/\/www.istitutogalanteoliva.it\/magazine\/wp-json\/wp\/v2\/media?parent=12493"}],"wp:term":[{"taxonomy":"category","embeddable":true,"href":"https:\/\/www.istitutogalanteoliva.it\/magazine\/wp-json\/wp\/v2\/categories?post=12493"},{"taxonomy":"post_tag","embeddable":true,"href":"https:\/\/www.istitutogalanteoliva.it\/magazine\/wp-json\/wp\/v2\/tags?post=12493"}],"curies":[{"name":"wp","href":"https:\/\/api.w.org\/{rel}","templated":true}]}}