{"id":12505,"date":"2022-08-13T08:00:00","date_gmt":"2022-08-13T06:00:00","guid":{"rendered":"https:\/\/www.istitutogalanteoliva.it\/magazine\/?p=12505"},"modified":"2022-08-13T08:31:43","modified_gmt":"2022-08-13T06:31:43","slug":"giorgio-borghetti-nel-mio-lavoro-passione-e-continua-voglia-di-studiare-di-formarmi-e-di-migliorarmi","status":"publish","type":"post","link":"https:\/\/www.istitutogalanteoliva.it\/magazine\/2022\/08\/13\/giorgio-borghetti-nel-mio-lavoro-passione-e-continua-voglia-di-studiare-di-formarmi-e-di-migliorarmi\/","title":{"rendered":"Giorgio Borghetti: &#8220;Nel mio lavoro passione e continua voglia di studiare, di formarmi e di migliorarmi&#8221;"},"content":{"rendered":"\n<p><strong>Di<\/strong> <strong><em>Stefano Pignataro <\/em><\/strong><\/p>\n\n\n\n<p class=\"has-drop-cap\"> Il celebre attore il cui eclettismo \u00e8 noto (volto di televisione, teatro e fiction) si \u00e8 cimentato lo scorso 22 Luglio presso il <strong>Museo Diocesano di Salerno<\/strong>,con uno dei testi pi\u00f9 complessi di<strong> Dostoevskij<\/strong> ,&#8221;<em><strong>Il sogno di un uomo ridicolo<\/strong><\/em>&#8221; ambientato a San Pietroburgo e pubblicato nel 1877. Accompagnato musicalmente da <strong>Silvia Fasciano<\/strong> e diretto da <strong>Antonello De Rosa<\/strong>, Giorgio Borghetti interpreta con maestria il dramma del protagonista partorito dalla geniale mente di dello scrittore russo, un uomo che a cavallo tra lucidit\u00e0 e follia arriva a meditare il proprio suicidio pensando e rimuginando la stessa idea che sognandola gli dar\u00e0 occasione di constatare con i propri occhi cosa sarebbe la sua vita dopo la sua morte; il protagonista si ritrova catapultato in una vita parallela in cui giustizia e legalit\u00e0 sono valori condivisi e naturali e che purtroppo solo la sua presenza Paradossalmente pu\u00f2 far inquinare. <\/p>\n\n\n\n<figure class=\"wp-block-image size-full\"><img loading=\"lazy\" decoding=\"async\" width=\"700\" height=\"380\" src=\"https:\/\/www.istitutogalanteoliva.it\/magazine\/wp-content\/uploads\/2022\/08\/294708813_10210210747821518_3487656384328836848_n.jpg\" alt=\"\" class=\"wp-image-12506\" srcset=\"https:\/\/www.istitutogalanteoliva.it\/magazine\/wp-content\/uploads\/2022\/08\/294708813_10210210747821518_3487656384328836848_n.jpg 700w, https:\/\/www.istitutogalanteoliva.it\/magazine\/wp-content\/uploads\/2022\/08\/294708813_10210210747821518_3487656384328836848_n-300x163.jpg 300w\" sizes=\"auto, (max-width: 700px) 100vw, 700px\" \/><figcaption><strong><sup>Da Sinistra: Pasquale Petrosino, Antonello De Rosa, Giorgio Borghetti, Silvia Fasciano<\/sup><\/strong><sup>, <strong>Lia  De Blasio<\/strong> <\/sup><\/figcaption><\/figure>\n\n\n\n<p>La presenza di una bambina piccola ed indifesa che chiede aiuto aveva portato lo scrittore a desistere dal suo insanogesto; la stessa bambina, forse per il protagonista simbolo dell&#8217;altruismo e dell&#8217;attivismo autentico del come orientare la vita verso il bene, porter\u00e0 lo scrittore, destatosi dal sogno, a ricercare il bene lottando contro la corruzione il male resosi conto che essi sono il male del mondo e la degenerazione dell&#8217;animo umano<\/p>\n\n\n\n<p> &#8211; <strong><em>Maestro, Lei porta in scena un testo in cui il tema della morte, della distruzione individuale e di una nuova rinascita \u00e8 fortemente presente come anche in molti altri testi della Letteratura russa. Affrontando il testo di Dostoevskij, gi\u00e0 complesso e completo di suo, Le \u00e8 capitato di volersi o doversi confrontare, comparatisticamente, con altri testi? Ad esempio un Checov, (nei cui drammi adopera spesso la pistola..), pur naturalmente conservando lo stile di uno scrittore capostipite di un genere?<\/em><\/strong><br>&#8211; <em>In verit\u00e0, \u00e8 la prima volta in cui mi cimento personalmente in uno di questi fantastici classici. Ho visto Cechov molte volte interpretato da altri colleghi, ma non ho ancora mai avuto il piacere di affrontare questo autore.<\/em><\/p>\n\n\n\n<p> <strong><em>&#8211; Che cosa simboleggia questo &#8220;Paradiso terrestre&#8221; in cui il protagonista del dramma viene e si ritrova catapultato? Una completa evasione terrena o un mondo in cui \u00e8 possibile restare umani? <\/em><\/strong><br>&#8211; <em>Io ritengo che sia il sogno di un mondo in cui \u00e8 possibile restare umani. Certo, l\u2019autore per arrivare a questo ha dovuto far in qualche modo \u201cevadere\u201d il pubblico da questo mondo, da questo pianeta terra per catapultarlo in un paradiso terrestre.<\/em><\/p>\n\n\n\n<figure class=\"wp-block-image size-full\"><img loading=\"lazy\" decoding=\"async\" width=\"700\" height=\"380\" src=\"https:\/\/www.istitutogalanteoliva.it\/magazine\/wp-content\/uploads\/2022\/08\/293826335_10210210747661514_8288295753905528904_n.jpg\" alt=\"\" class=\"wp-image-12507\" srcset=\"https:\/\/www.istitutogalanteoliva.it\/magazine\/wp-content\/uploads\/2022\/08\/293826335_10210210747661514_8288295753905528904_n.jpg 700w, https:\/\/www.istitutogalanteoliva.it\/magazine\/wp-content\/uploads\/2022\/08\/293826335_10210210747661514_8288295753905528904_n-300x163.jpg 300w\" sizes=\"auto, (max-width: 700px) 100vw, 700px\" \/><\/figure>\n\n\n\n<p><strong><em>&#8211;<\/em><\/strong><em style=\"font-weight: bold;\"> Qual \u00e8, secondo il Suo studio, il messaggio ed il destino degli uomini del testo di Dostoevskij e quanto la componente biografica ed autobiografica sia incisiva?<\/em><br><em>&#8211; La componente biografica e autobiografica \u00e8 decisamente presente in questo testo.&nbsp;In questo testo l\u2019autore cerca di dare al pubblico gli strumenti per far s\u00ec che gli uomini possano migliorare il loro destino, raccontando loro la \u201cverit\u00e0\u201d che lui ha visto nel suo sogno.&nbsp;<\/em><\/p>\n\n\n\n<p><\/p>\n\n\n\n<p>&#8211;<em style=\"font-weight: bold;\">Come \u00e8 stato lavorare con il Maestro De Rosa? Quali caratteristiche della sua regia lo hanno impressionato?<\/em><br>&#8211;<em> Lavorare con Antonello \u00e8 stato meraviglioso. Un incontro professionale che durer\u00e0 a lungo. Mi ha molto colpito l\u2019empatia con la quale si \u00e8 approcciato a me fin dall\u2019inizio. \u00c8 uno straordinario attore \u00e8 un regista colto, attento e raffinato.&nbsp;<\/em><\/p>\n\n\n\n<p><strong><em>&#8211; Lei ha dato prova di estro e di maestria in ogni forma di arte, dal cinema alla televisione ed al doppiaggio (su quest&#8217;ultimo campo artistico ha spaziato dal cinema all&#8217;animazione Disney e Manga). Trova un filo rosso che si potrebbe approfondire nelle sue eclettiche intepretazioni?<\/em><\/strong><br>&#8211;  <em>Il filo rosso \u00e8 la passione che metto nel mio lavoro e la mia continua voglia di studiare, di formarmi e di migliorarmi sempre di pi\u00f9.&nbsp;<\/em><\/p>\n\n\n\n<p><strong><sup>Foto da profilo FB di Pasquale Petrosino<\/sup><\/strong><br><\/p>\n\n\n\n<p><img loading=\"lazy\" decoding=\"async\" width=\"100\" height=\"100\" class=\"wp-image-8696\" style=\"width: 100px;\" src=\"https:\/\/www.istitutogalanteoliva.it\/magazine\/wp-content\/uploads\/2021\/07\/Stefano-.jpg\" alt=\"\" srcset=\"https:\/\/www.istitutogalanteoliva.it\/magazine\/wp-content\/uploads\/2021\/07\/Stefano-.jpg 1624w, https:\/\/www.istitutogalanteoliva.it\/magazine\/wp-content\/uploads\/2021\/07\/Stefano--300x300.jpg 300w, https:\/\/www.istitutogalanteoliva.it\/magazine\/wp-content\/uploads\/2021\/07\/Stefano--1024x1024.jpg 1024w, https:\/\/www.istitutogalanteoliva.it\/magazine\/wp-content\/uploads\/2021\/07\/Stefano--150x150.jpg 150w, https:\/\/www.istitutogalanteoliva.it\/magazine\/wp-content\/uploads\/2021\/07\/Stefano--768x768.jpg 768w, https:\/\/www.istitutogalanteoliva.it\/magazine\/wp-content\/uploads\/2021\/07\/Stefano--1536x1536.jpg 1536w\" sizes=\"auto, (max-width: 100px) 100vw, 100px\" \/><strong><em><a href=\"https:\/\/www.istitutogalanteoliva.it\/magazine\/?s=Stefano+Pignataro\" target=\"_blank\" rel=\"noreferrer noopener\">Stefano Pignataro<\/a><\/em><\/strong><br><strong><em><sup>Vicecoordinatore Nazionale di redazione\/Coordinatore Sud Italia e Sicilia<\/sup><\/em><\/strong><br><\/p>\n\n\n\n<p><\/p>\n\n\n\n<p><\/p>\n<div class=\"pdfprnt-buttons pdfprnt-buttons-post pdfprnt-bottom-left\"><a href=\"https:\/\/www.istitutogalanteoliva.it\/magazine\/wp-json\/wp\/v2\/posts\/12505?print=print\" class=\"pdfprnt-button pdfprnt-button-print\" target=\"_blank\"><img decoding=\"async\" src=\"https:\/\/www.istitutogalanteoliva.it\/magazine\/wp-content\/plugins\/pdf-print\/images\/print.png\" alt=\"image_print\" title=\"Stampa contenuto\" \/><span class=\"pdfprnt-button-title pdfprnt-button-print-title\">Download in PDF<\/span><\/a><\/div>","protected":false},"excerpt":{"rendered":"<p>Giorgio Borghetti incanta il pubblico della rassegna &#8220;Il gioco serio del teatro&#8221; rassegna teatrale diretta artisticamente da Antonello De Rosa e organizzativamente da Pasquale Petrosino<\/p>\n","protected":false},"author":2,"featured_media":12508,"comment_status":"closed","ping_status":"open","sticky":true,"template":"","format":"standard","meta":{"footnotes":""},"categories":[577,7],"tags":[645,647,646],"class_list":["post-12505","post","type-post","status-publish","format-standard","has-post-thumbnail","hentry","category-577","category-arte_e_spettacolo","tag-antonello-de-rosa","tag-giorgio-borghett","tag-pasquale-petrosino"],"yoast_head":"<!-- This site is optimized with the Yoast SEO plugin v24.2 - https:\/\/yoast.com\/wordpress\/plugins\/seo\/ -->\n<title>Giorgio Borghetti: &quot;Nel mio lavoro passione e continua voglia di studiare, di formarmi e di migliorarmi&quot; - Polis SA Magazine<\/title>\n<meta name=\"robots\" content=\"index, follow, max-snippet:-1, max-image-preview:large, max-video-preview:-1\" \/>\n<link rel=\"canonical\" href=\"https:\/\/www.istitutogalanteoliva.it\/magazine\/2022\/08\/13\/giorgio-borghetti-nel-mio-lavoro-passione-e-continua-voglia-di-studiare-di-formarmi-e-di-migliorarmi\/\" \/>\n<meta property=\"og:locale\" content=\"it_IT\" \/>\n<meta property=\"og:type\" content=\"article\" \/>\n<meta property=\"og:title\" content=\"Giorgio Borghetti: &quot;Nel mio lavoro passione e continua voglia di studiare, di formarmi e di migliorarmi&quot; - Polis SA Magazine\" \/>\n<meta property=\"og:description\" content=\"Giorgio Borghetti incanta il pubblico della rassegna &quot;Il gioco serio del teatro&quot; rassegna teatrale diretta artisticamente da Antonello De Rosa e organizzativamente da Pasquale Petrosino\" \/>\n<meta property=\"og:url\" content=\"https:\/\/www.istitutogalanteoliva.it\/magazine\/2022\/08\/13\/giorgio-borghetti-nel-mio-lavoro-passione-e-continua-voglia-di-studiare-di-formarmi-e-di-migliorarmi\/\" \/>\n<meta property=\"og:site_name\" content=\"Polis SA Magazine\" \/>\n<meta property=\"article:publisher\" content=\"https:\/\/www.facebook.com\/PolisSAMagazine\/\" \/>\n<meta property=\"article:published_time\" content=\"2022-08-13T06:00:00+00:00\" \/>\n<meta property=\"article:modified_time\" content=\"2022-08-13T06:31:43+00:00\" \/>\n<meta property=\"og:image\" content=\"https:\/\/www.istitutogalanteoliva.it\/magazine\/wp-content\/uploads\/2022\/08\/294753059_10210210747981522_4517662961768648551_n.jpg\" \/>\n\t<meta property=\"og:image:width\" content=\"700\" \/>\n\t<meta property=\"og:image:height\" content=\"380\" \/>\n\t<meta property=\"og:image:type\" content=\"image\/jpeg\" \/>\n<meta name=\"author\" content=\"Antonello Rivano\" \/>\n<meta name=\"twitter:card\" content=\"summary_large_image\" \/>\n<meta name=\"twitter:creator\" content=\"@MagazinePolis\" \/>\n<meta name=\"twitter:site\" content=\"@MagazinePolis\" \/>\n<meta name=\"twitter:label1\" content=\"Scritto da\" \/>\n\t<meta name=\"twitter:data1\" content=\"Antonello Rivano\" \/>\n\t<meta name=\"twitter:label2\" content=\"Tempo di lettura stimato\" \/>\n\t<meta name=\"twitter:data2\" content=\"4 minuti\" \/>\n<script type=\"application\/ld+json\" class=\"yoast-schema-graph\">{\"@context\":\"https:\/\/schema.org\",\"@graph\":[{\"@type\":\"Article\",\"@id\":\"https:\/\/www.istitutogalanteoliva.it\/magazine\/2022\/08\/13\/giorgio-borghetti-nel-mio-lavoro-passione-e-continua-voglia-di-studiare-di-formarmi-e-di-migliorarmi\/#article\",\"isPartOf\":{\"@id\":\"https:\/\/www.istitutogalanteoliva.it\/magazine\/2022\/08\/13\/giorgio-borghetti-nel-mio-lavoro-passione-e-continua-voglia-di-studiare-di-formarmi-e-di-migliorarmi\/\"},\"author\":{\"name\":\"Antonello Rivano\",\"@id\":\"https:\/\/www.istitutogalanteoliva.it\/magazine\/#\/schema\/person\/d8b8aa79cfe8babc1df9da3212a7c0c4\"},\"headline\":\"Giorgio Borghetti: &#8220;Nel mio lavoro passione e continua voglia di studiare, di formarmi e di migliorarmi&#8221;\",\"datePublished\":\"2022-08-13T06:00:00+00:00\",\"dateModified\":\"2022-08-13T06:31:43+00:00\",\"mainEntityOfPage\":{\"@id\":\"https:\/\/www.istitutogalanteoliva.it\/magazine\/2022\/08\/13\/giorgio-borghetti-nel-mio-lavoro-passione-e-continua-voglia-di-studiare-di-formarmi-e-di-migliorarmi\/\"},\"wordCount\":645,\"publisher\":{\"@id\":\"https:\/\/www.istitutogalanteoliva.it\/magazine\/#organization\"},\"image\":{\"@id\":\"https:\/\/www.istitutogalanteoliva.it\/magazine\/2022\/08\/13\/giorgio-borghetti-nel-mio-lavoro-passione-e-continua-voglia-di-studiare-di-formarmi-e-di-migliorarmi\/#primaryimage\"},\"thumbnailUrl\":\"https:\/\/www.istitutogalanteoliva.it\/magazine\/wp-content\/uploads\/2022\/08\/294753059_10210210747981522_4517662961768648551_n.jpg\",\"keywords\":[\"Antonello De Rosa\",\"Giorgio Borghett\",\"Pasquale Petrosino\"],\"articleSection\":[\"2022\",\"Arte e Spettacolo\"],\"inLanguage\":\"it-IT\"},{\"@type\":\"WebPage\",\"@id\":\"https:\/\/www.istitutogalanteoliva.it\/magazine\/2022\/08\/13\/giorgio-borghetti-nel-mio-lavoro-passione-e-continua-voglia-di-studiare-di-formarmi-e-di-migliorarmi\/\",\"url\":\"https:\/\/www.istitutogalanteoliva.it\/magazine\/2022\/08\/13\/giorgio-borghetti-nel-mio-lavoro-passione-e-continua-voglia-di-studiare-di-formarmi-e-di-migliorarmi\/\",\"name\":\"Giorgio Borghetti: \\\"Nel mio lavoro passione e continua voglia di studiare, di formarmi e di migliorarmi\\\" - Polis SA Magazine\",\"isPartOf\":{\"@id\":\"https:\/\/www.istitutogalanteoliva.it\/magazine\/#website\"},\"primaryImageOfPage\":{\"@id\":\"https:\/\/www.istitutogalanteoliva.it\/magazine\/2022\/08\/13\/giorgio-borghetti-nel-mio-lavoro-passione-e-continua-voglia-di-studiare-di-formarmi-e-di-migliorarmi\/#primaryimage\"},\"image\":{\"@id\":\"https:\/\/www.istitutogalanteoliva.it\/magazine\/2022\/08\/13\/giorgio-borghetti-nel-mio-lavoro-passione-e-continua-voglia-di-studiare-di-formarmi-e-di-migliorarmi\/#primaryimage\"},\"thumbnailUrl\":\"https:\/\/www.istitutogalanteoliva.it\/magazine\/wp-content\/uploads\/2022\/08\/294753059_10210210747981522_4517662961768648551_n.jpg\",\"datePublished\":\"2022-08-13T06:00:00+00:00\",\"dateModified\":\"2022-08-13T06:31:43+00:00\",\"breadcrumb\":{\"@id\":\"https:\/\/www.istitutogalanteoliva.it\/magazine\/2022\/08\/13\/giorgio-borghetti-nel-mio-lavoro-passione-e-continua-voglia-di-studiare-di-formarmi-e-di-migliorarmi\/#breadcrumb\"},\"inLanguage\":\"it-IT\",\"potentialAction\":[{\"@type\":\"ReadAction\",\"target\":[\"https:\/\/www.istitutogalanteoliva.it\/magazine\/2022\/08\/13\/giorgio-borghetti-nel-mio-lavoro-passione-e-continua-voglia-di-studiare-di-formarmi-e-di-migliorarmi\/\"]}]},{\"@type\":\"ImageObject\",\"inLanguage\":\"it-IT\",\"@id\":\"https:\/\/www.istitutogalanteoliva.it\/magazine\/2022\/08\/13\/giorgio-borghetti-nel-mio-lavoro-passione-e-continua-voglia-di-studiare-di-formarmi-e-di-migliorarmi\/#primaryimage\",\"url\":\"https:\/\/www.istitutogalanteoliva.it\/magazine\/wp-content\/uploads\/2022\/08\/294753059_10210210747981522_4517662961768648551_n.jpg\",\"contentUrl\":\"https:\/\/www.istitutogalanteoliva.it\/magazine\/wp-content\/uploads\/2022\/08\/294753059_10210210747981522_4517662961768648551_n.jpg\",\"width\":700,\"height\":380},{\"@type\":\"BreadcrumbList\",\"@id\":\"https:\/\/www.istitutogalanteoliva.it\/magazine\/2022\/08\/13\/giorgio-borghetti-nel-mio-lavoro-passione-e-continua-voglia-di-studiare-di-formarmi-e-di-migliorarmi\/#breadcrumb\",\"itemListElement\":[{\"@type\":\"ListItem\",\"position\":1,\"name\":\"Home\",\"item\":\"https:\/\/www.istitutogalanteoliva.it\/magazine\/\"},{\"@type\":\"ListItem\",\"position\":2,\"name\":\"Giorgio Borghetti: &#8220;Nel mio lavoro passione e continua voglia di studiare, di formarmi e di migliorarmi&#8221;\"}]},{\"@type\":\"WebSite\",\"@id\":\"https:\/\/www.istitutogalanteoliva.it\/magazine\/#website\",\"url\":\"https:\/\/www.istitutogalanteoliva.it\/magazine\/\",\"name\":\"POLIS SA MAGAZINE\",\"description\":\"Informazione e approfondimenti\",\"publisher\":{\"@id\":\"https:\/\/www.istitutogalanteoliva.it\/magazine\/#organization\"},\"potentialAction\":[{\"@type\":\"SearchAction\",\"target\":{\"@type\":\"EntryPoint\",\"urlTemplate\":\"https:\/\/www.istitutogalanteoliva.it\/magazine\/?s={search_term_string}\"},\"query-input\":{\"@type\":\"PropertyValueSpecification\",\"valueRequired\":true,\"valueName\":\"search_term_string\"}}],\"inLanguage\":\"it-IT\"},{\"@type\":\"Organization\",\"@id\":\"https:\/\/www.istitutogalanteoliva.it\/magazine\/#organization\",\"name\":\"Polis SA Magazine\",\"url\":\"https:\/\/www.istitutogalanteoliva.it\/magazine\/\",\"logo\":{\"@type\":\"ImageObject\",\"inLanguage\":\"it-IT\",\"@id\":\"https:\/\/www.istitutogalanteoliva.it\/magazine\/#\/schema\/logo\/image\/\",\"url\":\"\",\"contentUrl\":\"\",\"caption\":\"Polis SA Magazine\"},\"image\":{\"@id\":\"https:\/\/www.istitutogalanteoliva.it\/magazine\/#\/schema\/logo\/image\/\"},\"sameAs\":[\"https:\/\/www.facebook.com\/PolisSAMagazine\/\",\"https:\/\/x.com\/MagazinePolis\",\"https:\/\/www.youtube.com\/channel\/UCv0Mr5AHKUmsc0sEEXkJrgw\"]},{\"@type\":\"Person\",\"@id\":\"https:\/\/www.istitutogalanteoliva.it\/magazine\/#\/schema\/person\/d8b8aa79cfe8babc1df9da3212a7c0c4\",\"name\":\"Antonello Rivano\",\"image\":{\"@type\":\"ImageObject\",\"inLanguage\":\"it-IT\",\"@id\":\"https:\/\/www.istitutogalanteoliva.it\/magazine\/#\/schema\/person\/image\/\",\"url\":\"https:\/\/secure.gravatar.com\/avatar\/517a9a6487a7a18ecc4ce6d2e57a8f40?s=96&d=mm&r=g\",\"contentUrl\":\"https:\/\/secure.gravatar.com\/avatar\/517a9a6487a7a18ecc4ce6d2e57a8f40?s=96&d=mm&r=g\",\"caption\":\"Antonello Rivano\"},\"url\":\"https:\/\/www.istitutogalanteoliva.it\/magazine\/author\/antonello\/\"}]}<\/script>\n<!-- \/ Yoast SEO plugin. -->","yoast_head_json":{"title":"Giorgio Borghetti: \"Nel mio lavoro passione e continua voglia di studiare, di formarmi e di migliorarmi\" - Polis SA Magazine","robots":{"index":"index","follow":"follow","max-snippet":"max-snippet:-1","max-image-preview":"max-image-preview:large","max-video-preview":"max-video-preview:-1"},"canonical":"https:\/\/www.istitutogalanteoliva.it\/magazine\/2022\/08\/13\/giorgio-borghetti-nel-mio-lavoro-passione-e-continua-voglia-di-studiare-di-formarmi-e-di-migliorarmi\/","og_locale":"it_IT","og_type":"article","og_title":"Giorgio Borghetti: \"Nel mio lavoro passione e continua voglia di studiare, di formarmi e di migliorarmi\" - Polis SA Magazine","og_description":"Giorgio Borghetti incanta il pubblico della rassegna \"Il gioco serio del teatro\" rassegna teatrale diretta artisticamente da Antonello De Rosa e organizzativamente da Pasquale Petrosino","og_url":"https:\/\/www.istitutogalanteoliva.it\/magazine\/2022\/08\/13\/giorgio-borghetti-nel-mio-lavoro-passione-e-continua-voglia-di-studiare-di-formarmi-e-di-migliorarmi\/","og_site_name":"Polis SA Magazine","article_publisher":"https:\/\/www.facebook.com\/PolisSAMagazine\/","article_published_time":"2022-08-13T06:00:00+00:00","article_modified_time":"2022-08-13T06:31:43+00:00","og_image":[{"width":700,"height":380,"url":"https:\/\/www.istitutogalanteoliva.it\/magazine\/wp-content\/uploads\/2022\/08\/294753059_10210210747981522_4517662961768648551_n.jpg","type":"image\/jpeg"}],"author":"Antonello Rivano","twitter_card":"summary_large_image","twitter_creator":"@MagazinePolis","twitter_site":"@MagazinePolis","twitter_misc":{"Scritto da":"Antonello Rivano","Tempo di lettura stimato":"4 minuti"},"schema":{"@context":"https:\/\/schema.org","@graph":[{"@type":"Article","@id":"https:\/\/www.istitutogalanteoliva.it\/magazine\/2022\/08\/13\/giorgio-borghetti-nel-mio-lavoro-passione-e-continua-voglia-di-studiare-di-formarmi-e-di-migliorarmi\/#article","isPartOf":{"@id":"https:\/\/www.istitutogalanteoliva.it\/magazine\/2022\/08\/13\/giorgio-borghetti-nel-mio-lavoro-passione-e-continua-voglia-di-studiare-di-formarmi-e-di-migliorarmi\/"},"author":{"name":"Antonello Rivano","@id":"https:\/\/www.istitutogalanteoliva.it\/magazine\/#\/schema\/person\/d8b8aa79cfe8babc1df9da3212a7c0c4"},"headline":"Giorgio Borghetti: &#8220;Nel mio lavoro passione e continua voglia di studiare, di formarmi e di migliorarmi&#8221;","datePublished":"2022-08-13T06:00:00+00:00","dateModified":"2022-08-13T06:31:43+00:00","mainEntityOfPage":{"@id":"https:\/\/www.istitutogalanteoliva.it\/magazine\/2022\/08\/13\/giorgio-borghetti-nel-mio-lavoro-passione-e-continua-voglia-di-studiare-di-formarmi-e-di-migliorarmi\/"},"wordCount":645,"publisher":{"@id":"https:\/\/www.istitutogalanteoliva.it\/magazine\/#organization"},"image":{"@id":"https:\/\/www.istitutogalanteoliva.it\/magazine\/2022\/08\/13\/giorgio-borghetti-nel-mio-lavoro-passione-e-continua-voglia-di-studiare-di-formarmi-e-di-migliorarmi\/#primaryimage"},"thumbnailUrl":"https:\/\/www.istitutogalanteoliva.it\/magazine\/wp-content\/uploads\/2022\/08\/294753059_10210210747981522_4517662961768648551_n.jpg","keywords":["Antonello De Rosa","Giorgio Borghett","Pasquale Petrosino"],"articleSection":["2022","Arte e Spettacolo"],"inLanguage":"it-IT"},{"@type":"WebPage","@id":"https:\/\/www.istitutogalanteoliva.it\/magazine\/2022\/08\/13\/giorgio-borghetti-nel-mio-lavoro-passione-e-continua-voglia-di-studiare-di-formarmi-e-di-migliorarmi\/","url":"https:\/\/www.istitutogalanteoliva.it\/magazine\/2022\/08\/13\/giorgio-borghetti-nel-mio-lavoro-passione-e-continua-voglia-di-studiare-di-formarmi-e-di-migliorarmi\/","name":"Giorgio Borghetti: \"Nel mio lavoro passione e continua voglia di studiare, di formarmi e di migliorarmi\" - Polis SA Magazine","isPartOf":{"@id":"https:\/\/www.istitutogalanteoliva.it\/magazine\/#website"},"primaryImageOfPage":{"@id":"https:\/\/www.istitutogalanteoliva.it\/magazine\/2022\/08\/13\/giorgio-borghetti-nel-mio-lavoro-passione-e-continua-voglia-di-studiare-di-formarmi-e-di-migliorarmi\/#primaryimage"},"image":{"@id":"https:\/\/www.istitutogalanteoliva.it\/magazine\/2022\/08\/13\/giorgio-borghetti-nel-mio-lavoro-passione-e-continua-voglia-di-studiare-di-formarmi-e-di-migliorarmi\/#primaryimage"},"thumbnailUrl":"https:\/\/www.istitutogalanteoliva.it\/magazine\/wp-content\/uploads\/2022\/08\/294753059_10210210747981522_4517662961768648551_n.jpg","datePublished":"2022-08-13T06:00:00+00:00","dateModified":"2022-08-13T06:31:43+00:00","breadcrumb":{"@id":"https:\/\/www.istitutogalanteoliva.it\/magazine\/2022\/08\/13\/giorgio-borghetti-nel-mio-lavoro-passione-e-continua-voglia-di-studiare-di-formarmi-e-di-migliorarmi\/#breadcrumb"},"inLanguage":"it-IT","potentialAction":[{"@type":"ReadAction","target":["https:\/\/www.istitutogalanteoliva.it\/magazine\/2022\/08\/13\/giorgio-borghetti-nel-mio-lavoro-passione-e-continua-voglia-di-studiare-di-formarmi-e-di-migliorarmi\/"]}]},{"@type":"ImageObject","inLanguage":"it-IT","@id":"https:\/\/www.istitutogalanteoliva.it\/magazine\/2022\/08\/13\/giorgio-borghetti-nel-mio-lavoro-passione-e-continua-voglia-di-studiare-di-formarmi-e-di-migliorarmi\/#primaryimage","url":"https:\/\/www.istitutogalanteoliva.it\/magazine\/wp-content\/uploads\/2022\/08\/294753059_10210210747981522_4517662961768648551_n.jpg","contentUrl":"https:\/\/www.istitutogalanteoliva.it\/magazine\/wp-content\/uploads\/2022\/08\/294753059_10210210747981522_4517662961768648551_n.jpg","width":700,"height":380},{"@type":"BreadcrumbList","@id":"https:\/\/www.istitutogalanteoliva.it\/magazine\/2022\/08\/13\/giorgio-borghetti-nel-mio-lavoro-passione-e-continua-voglia-di-studiare-di-formarmi-e-di-migliorarmi\/#breadcrumb","itemListElement":[{"@type":"ListItem","position":1,"name":"Home","item":"https:\/\/www.istitutogalanteoliva.it\/magazine\/"},{"@type":"ListItem","position":2,"name":"Giorgio Borghetti: &#8220;Nel mio lavoro passione e continua voglia di studiare, di formarmi e di migliorarmi&#8221;"}]},{"@type":"WebSite","@id":"https:\/\/www.istitutogalanteoliva.it\/magazine\/#website","url":"https:\/\/www.istitutogalanteoliva.it\/magazine\/","name":"POLIS SA MAGAZINE","description":"Informazione e approfondimenti","publisher":{"@id":"https:\/\/www.istitutogalanteoliva.it\/magazine\/#organization"},"potentialAction":[{"@type":"SearchAction","target":{"@type":"EntryPoint","urlTemplate":"https:\/\/www.istitutogalanteoliva.it\/magazine\/?s={search_term_string}"},"query-input":{"@type":"PropertyValueSpecification","valueRequired":true,"valueName":"search_term_string"}}],"inLanguage":"it-IT"},{"@type":"Organization","@id":"https:\/\/www.istitutogalanteoliva.it\/magazine\/#organization","name":"Polis SA Magazine","url":"https:\/\/www.istitutogalanteoliva.it\/magazine\/","logo":{"@type":"ImageObject","inLanguage":"it-IT","@id":"https:\/\/www.istitutogalanteoliva.it\/magazine\/#\/schema\/logo\/image\/","url":"","contentUrl":"","caption":"Polis SA Magazine"},"image":{"@id":"https:\/\/www.istitutogalanteoliva.it\/magazine\/#\/schema\/logo\/image\/"},"sameAs":["https:\/\/www.facebook.com\/PolisSAMagazine\/","https:\/\/x.com\/MagazinePolis","https:\/\/www.youtube.com\/channel\/UCv0Mr5AHKUmsc0sEEXkJrgw"]},{"@type":"Person","@id":"https:\/\/www.istitutogalanteoliva.it\/magazine\/#\/schema\/person\/d8b8aa79cfe8babc1df9da3212a7c0c4","name":"Antonello Rivano","image":{"@type":"ImageObject","inLanguage":"it-IT","@id":"https:\/\/www.istitutogalanteoliva.it\/magazine\/#\/schema\/person\/image\/","url":"https:\/\/secure.gravatar.com\/avatar\/517a9a6487a7a18ecc4ce6d2e57a8f40?s=96&d=mm&r=g","contentUrl":"https:\/\/secure.gravatar.com\/avatar\/517a9a6487a7a18ecc4ce6d2e57a8f40?s=96&d=mm&r=g","caption":"Antonello Rivano"},"url":"https:\/\/www.istitutogalanteoliva.it\/magazine\/author\/antonello\/"}]}},"_links":{"self":[{"href":"https:\/\/www.istitutogalanteoliva.it\/magazine\/wp-json\/wp\/v2\/posts\/12505","targetHints":{"allow":["GET"]}}],"collection":[{"href":"https:\/\/www.istitutogalanteoliva.it\/magazine\/wp-json\/wp\/v2\/posts"}],"about":[{"href":"https:\/\/www.istitutogalanteoliva.it\/magazine\/wp-json\/wp\/v2\/types\/post"}],"author":[{"embeddable":true,"href":"https:\/\/www.istitutogalanteoliva.it\/magazine\/wp-json\/wp\/v2\/users\/2"}],"replies":[{"embeddable":true,"href":"https:\/\/www.istitutogalanteoliva.it\/magazine\/wp-json\/wp\/v2\/comments?post=12505"}],"version-history":[{"count":3,"href":"https:\/\/www.istitutogalanteoliva.it\/magazine\/wp-json\/wp\/v2\/posts\/12505\/revisions"}],"predecessor-version":[{"id":12514,"href":"https:\/\/www.istitutogalanteoliva.it\/magazine\/wp-json\/wp\/v2\/posts\/12505\/revisions\/12514"}],"wp:featuredmedia":[{"embeddable":true,"href":"https:\/\/www.istitutogalanteoliva.it\/magazine\/wp-json\/wp\/v2\/media\/12508"}],"wp:attachment":[{"href":"https:\/\/www.istitutogalanteoliva.it\/magazine\/wp-json\/wp\/v2\/media?parent=12505"}],"wp:term":[{"taxonomy":"category","embeddable":true,"href":"https:\/\/www.istitutogalanteoliva.it\/magazine\/wp-json\/wp\/v2\/categories?post=12505"},{"taxonomy":"post_tag","embeddable":true,"href":"https:\/\/www.istitutogalanteoliva.it\/magazine\/wp-json\/wp\/v2\/tags?post=12505"}],"curies":[{"name":"wp","href":"https:\/\/api.w.org\/{rel}","templated":true}]}}