{"id":1255,"date":"2016-07-19T11:52:56","date_gmt":"2016-07-19T09:52:56","guid":{"rendered":"http:\/\/www.edizionipolis.it\/magazine\/?p=1255"},"modified":"2019-08-25T11:56:20","modified_gmt":"2019-08-25T09:56:20","slug":"dentro-o-fuori-la-chiesa-cattolica-cose-lo-sbattezzo","status":"publish","type":"post","link":"https:\/\/www.istitutogalanteoliva.it\/magazine\/2016\/07\/19\/dentro-o-fuori-la-chiesa-cattolica-cose-lo-sbattezzo\/","title":{"rendered":"Dentro o fuori la Chiesa Cattolica? Cos\u2019e\u0300 lo sbattezzo"},"content":{"rendered":"\n<p>L\u2019UAAR, Unione degli Atei e degli Agnostici Razionalisti, \u00e8 un\u2019associazione di promozione sociale e culturale nata nel 1986 a Padova grazie a Rodolfo Costa, Martino Rizzotti e Lorena Ziron. Nel 1996 viene fondata anche la rivista ufficiale \u201cL\u2019Ateo\u201d mentre nel 2012, al Salone del libro di Torino, viene presentato il progetto editoriale \u201cNessun Dogma\u201d. \u00c8 l\u2019unica associazione a livello nazionale che rappresenta le ragioni dei cittadini atei e agnostici. I valori ai quali si ispira l\u2019UAAR sono: la razionalit\u00e0, il laicismo, il rispetto dei diritti umani, la libert\u00e0 di coscienza, il principio di pari opportunit\u00e0 nelle istituzioni per tutti i cittadini, senza distinzioni basate sull\u2019identit\u00e0 di genere, sull\u2019orientamento sessuale, sulle concezioni filosofiche o religiose. L\u2019associazione persegue tre scopi principali: <\/p>\n\n\n\n<p>1) tutelare i diritti civili dei milioni di cittadini (in aumento) che non aderiscono ad\nalcuna confessione: la loro \u00e8 senza dubbio la visione del mondo pi\u00f9 diffusa dopo quella\ncattolica, ma godono di pochissima visibilit\u00e0 e subiscono concrete discriminazioni;\n<\/p>\n\n\n\n<p>2) difendere e affermare la laicit\u00e0 dello Stato: un principio costituzionale messo seriamente a rischio dagli estremismi e dall\u2019ingerenza ecclesiastica, che non trova adeguata opposizione da parte del mondo politico; <\/p>\n\n\n\n<p>3) promuovere la valorizzazione sociale e culturale delle concezioni del mondo non\nreligiose: non solo gli atei e gli agnostici per i mezzi di informazione non esistono, ma\normai \u00e8 necessario far fronte al dilagare della presenza cattolica sulla stampa e sui canali\nradiotelevisivi, in particolare quelli pubblici.\n<\/p>\n\n\n\n<p>Numerose sono state finora le iniziative di carattere giuridico, sociale e culturale dell\u2019associazione come la laicit\u00e0 della scuola, la pubblicazione dei costi della Chiesa cattolica, la raccolta dati sui fondi pubblici che i Comuni versano alle confessioni religiose, il Darwin Day, la promozione e l\u2019importanza del progresso scientifico e tante altre. In questa sede vogliamo occuparci dello sbattezzo, un\u2019iniziativa che da diversi anni l\u2019UAAR porta avanti e che, in questi ultimi mesi, migliaia di italiani hanno scelto per \u201csepararsi\u201d ufficialmente dalla Chiesa cattolica. Per questo abbiamo voluto chiedere direttamente alla dottoressa Orioli per conoscere questo fenomeno. <\/p>\n\n\n\n<p><em>Quanti sono gli italiani che in questi ultimi tempi si sono sbattezzati?\n<\/em><\/p>\n\n\n\n<p>\u00abIl cosiddetto sbattezzo \u00e8 un procedimento individuale e protetto dalla normativa sulla\nprivacy, quindi di fatto \u00e8 impossibile avere un dato preciso. Di sicuro c\u2019\u00e8 stato un vero\nboom nelle richieste del modulo per farlo, tanto dal nostro sito quanto dai vari sportelli\nsparsi in tutta Italia. Negli ultimi 10 anni si parla di quasi 340 mila moduli scaricati\u00bb.\n<\/p>\n\n\n\n<p><em>Qual \u00e8 la procedura da seguire?\n<\/em><\/p>\n\n\n\n<p>\u00abMolto semplice. Si compila un modulo che si invia, unito a fotocopia di documento di identit\u00e0, alla parrocchia di battesimo o di cresima con raccomandata a\/r. Per qualunque dubbio si pu\u00f2 contattare gratuitamente lo sportello soslaicita@uaar.it\u00bb. <\/p>\n\n\n\n<p><em>Le fasce di et\u00e0 delle persone che maggiormente richiedono di sbattezzarsi?\n<\/em><\/p>\n\n\n\n<p>\u00abSicuramente la tendenza \u00e8 quella di un coinvolgimento sempre maggiore di giovani\nunder 30, ma \u00e8 un\u2019esigenza che si pu\u00f2 avvertire, e una possibilit\u00e0 della quale si pu\u00f2 venire\na conoscenza, a qualsiasi et\u00e0\u00bb.\n<\/p>\n\n\n\n<p><em>C\u2019\u00e8 una differenza di dati tra il Nord e il Sud del Paese?\n<\/em><\/p>\n\n\n\n<p>\u00abS\u00ec, il fenomeno suscita senza dubbio pi\u00f9 interesse al Nord, ma spesso \u00e8 dovuto anche\nal maggior timore presente al Sud di probabili ripercussioni all\u2019interno di piccole realt\u00e0.\nIl parroco \u00e8 invece tenuto al pi\u00f9 totale rispetto della privacy dello sbattezzando\u00bb.\n<\/p>\n\n\n\n<p><em>Tantissime persone si dichiarano atee o agnostiche ma non si sbattezzano. \u00c8 una contraddizione ideologica o si pu\u00f2 vivere laicamente pur restando battezzati? <\/em><\/p>\n\n\n\n<p>\u00abNessuno vuole imporre niente a nessuno, meno che mai di sbattezzarsi. \u00c8 una decisione individuale e tale deve rimanere. Certo \u00e8 che se vivere laicamente nel nostro paese \u00e8 difficile, \u00e8 anche per la pretesa della Chiesa Cattolica di rappresentare l\u2019intera comunit\u00e0, quando almeno un italiano su sei \u00e8 non credente. Sbattezzarsi pu\u00f2 essere uno dei modi per sottolineare questa esigenza di laicit\u00e0\u00bb. <\/p>\n\n\n\n<p><em>L\u2019incremento delle persone che richiedono di sbattezzarsi \u00e8 riconducibile agli scandali che\nha visto coinvolta la Chiesa in questi ultimi anni o perch\u00e9 la societ\u00e0 sta cambiando e diventa\nsempre pi\u00f9 secolarizzata?\n<\/em><\/p>\n\n\n\n<p>\u00abSono coinvolti entrambi i fenomeni. Sicuramente le richieste del modulo registrano vistosi picchi in corrispondenza a determinati eventi (dal caso Englaro agli scandali per pedofilia), ma in generale \u00e8 innegabile come sempre pi\u00f9 persone si discostino dalla rigidit\u00e0 dei precetti religiosi e dalla loro supposta influenza sulla vita quotidiana, nonostante l\u2019opera di maquillage, di apparenza e non di sostanza, in tal senso effettuata da Bergoglio\u00bb. <\/p>\n\n\n\n<p><em>Alcuni parroci hanno dichiarato che \u201c\u00e8 solo fenomeno passeggero, un moto di protesta che\nricorda il Sessantotto\u201d. Qual \u00e8 la sua opinione?\n<\/em><\/p>\n\n\n\n<p>\u00abA dir la verit\u00e0, il primo caso di \u201capostasia formale\u201d (lo sbattezzo secondo il diritto canonico) risale a dieci anni prima, al 1958, richiesto da Aldo Capitini (il fondatore della marcia Assisi-Perugia). La procedura cos\u00ec come la conosciamo oggi \u00e8 in vigore da quasi 20 anni, \u00e8 entrata in qualsivoglia dizionario, ha registrato quasi 50.000 richieste del modulo nel solo 2015 in un trend di costante crescita. Non \u00e8 un <em>controrito<\/em>, nemmeno una goliardata. Ma la legittima e riconosciuta per legge pretesa di non far parte di un\u2019organizzazione alle cui regole si sarebbe costretti d\u2019essere sottomessi. Ecco perch\u00e9 non \u00e8 nemmeno un fenomeno passeggero, almeno fino a quando si continuer\u00e0 a impartire il pedobattesimo\u00bb. <\/p>\n\n\n\n<p><em>Si potr\u00e0 mai dire che l\u2019Italia \u00e8 una nazione pienamente laica?\n<\/em><\/p>\n\n\n\n<p>\u00abDi sicuro non dipende dalla Chiesa Cattolica, ma dalla nostra classe politica. E a giudicare anche solo l\u2019iter delle unioni civili, siamo ancora lontani\u00bb. <\/p>\n\n\n\n<p style=\"text-align:right\"><em>Sante Biello\n<\/em><\/p>\n<div class=\"pdfprnt-buttons pdfprnt-buttons-post pdfprnt-bottom-left\"><a href=\"https:\/\/www.istitutogalanteoliva.it\/magazine\/wp-json\/wp\/v2\/posts\/1255?print=print\" class=\"pdfprnt-button pdfprnt-button-print\" target=\"_blank\"><img decoding=\"async\" src=\"https:\/\/www.istitutogalanteoliva.it\/magazine\/wp-content\/plugins\/pdf-print\/images\/print.png\" alt=\"image_print\" title=\"Stampa contenuto\" \/><span class=\"pdfprnt-button-title pdfprnt-button-print-title\">Download in PDF<\/span><\/a><\/div>","protected":false},"excerpt":{"rendered":"<p>L\u2019UAAR, Unione degli Atei e degli Agnostici Razionalisti, \u00e8 un\u2019associazione di promozione sociale e culturale<\/p>\n","protected":false},"author":1,"featured_media":1256,"comment_status":"open","ping_status":"open","sticky":false,"template":"","format":"standard","meta":{"footnotes":""},"categories":[5,28,24],"tags":[],"class_list":["post-1255","post","type-post","status-publish","format-standard","has-post-thumbnail","hentry","category-5","category-il_timeo","category-voci"],"yoast_head":"<!-- This site is optimized with the Yoast SEO plugin v24.2 - https:\/\/yoast.com\/wordpress\/plugins\/seo\/ -->\n<title>Dentro o fuori la Chiesa Cattolica? Cos\u2019e\u0300 lo sbattezzo - Polis SA Magazine<\/title>\n<meta name=\"robots\" content=\"index, follow, max-snippet:-1, max-image-preview:large, max-video-preview:-1\" \/>\n<link rel=\"canonical\" href=\"https:\/\/www.istitutogalanteoliva.it\/magazine\/2016\/07\/19\/dentro-o-fuori-la-chiesa-cattolica-cose-lo-sbattezzo\/\" \/>\n<meta property=\"og:locale\" content=\"it_IT\" \/>\n<meta property=\"og:type\" content=\"article\" \/>\n<meta property=\"og:title\" content=\"Dentro o fuori la Chiesa Cattolica? Cos\u2019e\u0300 lo sbattezzo - Polis SA Magazine\" \/>\n<meta property=\"og:description\" content=\"L\u2019UAAR, Unione degli Atei e degli Agnostici Razionalisti, \u00e8 un\u2019associazione di promozione sociale e culturale\" \/>\n<meta property=\"og:url\" content=\"https:\/\/www.istitutogalanteoliva.it\/magazine\/2016\/07\/19\/dentro-o-fuori-la-chiesa-cattolica-cose-lo-sbattezzo\/\" \/>\n<meta property=\"og:site_name\" content=\"Polis SA Magazine\" \/>\n<meta property=\"article:publisher\" content=\"https:\/\/www.facebook.com\/PolisSAMagazine\/\" \/>\n<meta property=\"article:published_time\" content=\"2016-07-19T09:52:56+00:00\" \/>\n<meta property=\"article:modified_time\" content=\"2019-08-25T09:56:20+00:00\" \/>\n<meta property=\"og:image\" content=\"https:\/\/www.istitutogalanteoliva.it\/magazine\/wp-content\/uploads\/2019\/08\/sbattezzo2og.png\" \/>\n\t<meta property=\"og:image:width\" content=\"1200\" \/>\n\t<meta property=\"og:image:height\" content=\"627\" \/>\n\t<meta property=\"og:image:type\" content=\"image\/png\" \/>\n<meta name=\"author\" content=\"admin\" \/>\n<meta name=\"twitter:card\" content=\"summary_large_image\" \/>\n<meta name=\"twitter:creator\" content=\"@MagazinePolis\" \/>\n<meta name=\"twitter:site\" content=\"@MagazinePolis\" \/>\n<meta name=\"twitter:label1\" content=\"Scritto da\" \/>\n\t<meta name=\"twitter:data1\" content=\"admin\" \/>\n\t<meta name=\"twitter:label2\" content=\"Tempo di lettura stimato\" \/>\n\t<meta name=\"twitter:data2\" content=\"4 minuti\" \/>\n<script type=\"application\/ld+json\" class=\"yoast-schema-graph\">{\"@context\":\"https:\/\/schema.org\",\"@graph\":[{\"@type\":\"Article\",\"@id\":\"https:\/\/www.istitutogalanteoliva.it\/magazine\/2016\/07\/19\/dentro-o-fuori-la-chiesa-cattolica-cose-lo-sbattezzo\/#article\",\"isPartOf\":{\"@id\":\"https:\/\/www.istitutogalanteoliva.it\/magazine\/2016\/07\/19\/dentro-o-fuori-la-chiesa-cattolica-cose-lo-sbattezzo\/\"},\"author\":{\"name\":\"admin\",\"@id\":\"https:\/\/www.istitutogalanteoliva.it\/magazine\/#\/schema\/person\/72e8141246542ebcf905456f5dbd4c49\"},\"headline\":\"Dentro o fuori la Chiesa Cattolica? Cos\u2019e\u0300 lo sbattezzo\",\"datePublished\":\"2016-07-19T09:52:56+00:00\",\"dateModified\":\"2019-08-25T09:56:20+00:00\",\"mainEntityOfPage\":{\"@id\":\"https:\/\/www.istitutogalanteoliva.it\/magazine\/2016\/07\/19\/dentro-o-fuori-la-chiesa-cattolica-cose-lo-sbattezzo\/\"},\"wordCount\":897,\"commentCount\":0,\"publisher\":{\"@id\":\"https:\/\/www.istitutogalanteoliva.it\/magazine\/#organization\"},\"image\":{\"@id\":\"https:\/\/www.istitutogalanteoliva.it\/magazine\/2016\/07\/19\/dentro-o-fuori-la-chiesa-cattolica-cose-lo-sbattezzo\/#primaryimage\"},\"thumbnailUrl\":\"https:\/\/www.istitutogalanteoliva.it\/magazine\/wp-content\/uploads\/2019\/08\/sbattezzo2og.png\",\"articleSection\":[\"2016\",\"Il Timeo\",\"Voci\"],\"inLanguage\":\"it-IT\",\"potentialAction\":[{\"@type\":\"CommentAction\",\"name\":\"Comment\",\"target\":[\"https:\/\/www.istitutogalanteoliva.it\/magazine\/2016\/07\/19\/dentro-o-fuori-la-chiesa-cattolica-cose-lo-sbattezzo\/#respond\"]}]},{\"@type\":\"WebPage\",\"@id\":\"https:\/\/www.istitutogalanteoliva.it\/magazine\/2016\/07\/19\/dentro-o-fuori-la-chiesa-cattolica-cose-lo-sbattezzo\/\",\"url\":\"https:\/\/www.istitutogalanteoliva.it\/magazine\/2016\/07\/19\/dentro-o-fuori-la-chiesa-cattolica-cose-lo-sbattezzo\/\",\"name\":\"Dentro o fuori la Chiesa Cattolica? Cos\u2019e\u0300 lo sbattezzo - Polis SA Magazine\",\"isPartOf\":{\"@id\":\"https:\/\/www.istitutogalanteoliva.it\/magazine\/#website\"},\"primaryImageOfPage\":{\"@id\":\"https:\/\/www.istitutogalanteoliva.it\/magazine\/2016\/07\/19\/dentro-o-fuori-la-chiesa-cattolica-cose-lo-sbattezzo\/#primaryimage\"},\"image\":{\"@id\":\"https:\/\/www.istitutogalanteoliva.it\/magazine\/2016\/07\/19\/dentro-o-fuori-la-chiesa-cattolica-cose-lo-sbattezzo\/#primaryimage\"},\"thumbnailUrl\":\"https:\/\/www.istitutogalanteoliva.it\/magazine\/wp-content\/uploads\/2019\/08\/sbattezzo2og.png\",\"datePublished\":\"2016-07-19T09:52:56+00:00\",\"dateModified\":\"2019-08-25T09:56:20+00:00\",\"breadcrumb\":{\"@id\":\"https:\/\/www.istitutogalanteoliva.it\/magazine\/2016\/07\/19\/dentro-o-fuori-la-chiesa-cattolica-cose-lo-sbattezzo\/#breadcrumb\"},\"inLanguage\":\"it-IT\",\"potentialAction\":[{\"@type\":\"ReadAction\",\"target\":[\"https:\/\/www.istitutogalanteoliva.it\/magazine\/2016\/07\/19\/dentro-o-fuori-la-chiesa-cattolica-cose-lo-sbattezzo\/\"]}]},{\"@type\":\"ImageObject\",\"inLanguage\":\"it-IT\",\"@id\":\"https:\/\/www.istitutogalanteoliva.it\/magazine\/2016\/07\/19\/dentro-o-fuori-la-chiesa-cattolica-cose-lo-sbattezzo\/#primaryimage\",\"url\":\"https:\/\/www.istitutogalanteoliva.it\/magazine\/wp-content\/uploads\/2019\/08\/sbattezzo2og.png\",\"contentUrl\":\"https:\/\/www.istitutogalanteoliva.it\/magazine\/wp-content\/uploads\/2019\/08\/sbattezzo2og.png\",\"width\":1200,\"height\":627},{\"@type\":\"BreadcrumbList\",\"@id\":\"https:\/\/www.istitutogalanteoliva.it\/magazine\/2016\/07\/19\/dentro-o-fuori-la-chiesa-cattolica-cose-lo-sbattezzo\/#breadcrumb\",\"itemListElement\":[{\"@type\":\"ListItem\",\"position\":1,\"name\":\"Home\",\"item\":\"https:\/\/www.istitutogalanteoliva.it\/magazine\/\"},{\"@type\":\"ListItem\",\"position\":2,\"name\":\"Dentro o fuori la Chiesa Cattolica? Cos\u2019e\u0300 lo sbattezzo\"}]},{\"@type\":\"WebSite\",\"@id\":\"https:\/\/www.istitutogalanteoliva.it\/magazine\/#website\",\"url\":\"https:\/\/www.istitutogalanteoliva.it\/magazine\/\",\"name\":\"POLIS SA MAGAZINE\",\"description\":\"Informazione e approfondimenti\",\"publisher\":{\"@id\":\"https:\/\/www.istitutogalanteoliva.it\/magazine\/#organization\"},\"potentialAction\":[{\"@type\":\"SearchAction\",\"target\":{\"@type\":\"EntryPoint\",\"urlTemplate\":\"https:\/\/www.istitutogalanteoliva.it\/magazine\/?s={search_term_string}\"},\"query-input\":{\"@type\":\"PropertyValueSpecification\",\"valueRequired\":true,\"valueName\":\"search_term_string\"}}],\"inLanguage\":\"it-IT\"},{\"@type\":\"Organization\",\"@id\":\"https:\/\/www.istitutogalanteoliva.it\/magazine\/#organization\",\"name\":\"Polis SA Magazine\",\"url\":\"https:\/\/www.istitutogalanteoliva.it\/magazine\/\",\"logo\":{\"@type\":\"ImageObject\",\"inLanguage\":\"it-IT\",\"@id\":\"https:\/\/www.istitutogalanteoliva.it\/magazine\/#\/schema\/logo\/image\/\",\"url\":\"\",\"contentUrl\":\"\",\"caption\":\"Polis SA Magazine\"},\"image\":{\"@id\":\"https:\/\/www.istitutogalanteoliva.it\/magazine\/#\/schema\/logo\/image\/\"},\"sameAs\":[\"https:\/\/www.facebook.com\/PolisSAMagazine\/\",\"https:\/\/x.com\/MagazinePolis\",\"https:\/\/www.youtube.com\/channel\/UCv0Mr5AHKUmsc0sEEXkJrgw\"]},{\"@type\":\"Person\",\"@id\":\"https:\/\/www.istitutogalanteoliva.it\/magazine\/#\/schema\/person\/72e8141246542ebcf905456f5dbd4c49\",\"name\":\"admin\",\"image\":{\"@type\":\"ImageObject\",\"inLanguage\":\"it-IT\",\"@id\":\"https:\/\/www.istitutogalanteoliva.it\/magazine\/#\/schema\/person\/image\/\",\"url\":\"https:\/\/secure.gravatar.com\/avatar\/07059cc99eeb1edd29e138d1812e69ec?s=96&d=mm&r=g\",\"contentUrl\":\"https:\/\/secure.gravatar.com\/avatar\/07059cc99eeb1edd29e138d1812e69ec?s=96&d=mm&r=g\",\"caption\":\"admin\"},\"url\":\"https:\/\/www.istitutogalanteoliva.it\/magazine\/author\/admin\/\"}]}<\/script>\n<!-- \/ Yoast SEO plugin. -->","yoast_head_json":{"title":"Dentro o fuori la Chiesa Cattolica? Cos\u2019e\u0300 lo sbattezzo - Polis SA Magazine","robots":{"index":"index","follow":"follow","max-snippet":"max-snippet:-1","max-image-preview":"max-image-preview:large","max-video-preview":"max-video-preview:-1"},"canonical":"https:\/\/www.istitutogalanteoliva.it\/magazine\/2016\/07\/19\/dentro-o-fuori-la-chiesa-cattolica-cose-lo-sbattezzo\/","og_locale":"it_IT","og_type":"article","og_title":"Dentro o fuori la Chiesa Cattolica? Cos\u2019e\u0300 lo sbattezzo - Polis SA Magazine","og_description":"L\u2019UAAR, Unione degli Atei e degli Agnostici Razionalisti, \u00e8 un\u2019associazione di promozione sociale e culturale","og_url":"https:\/\/www.istitutogalanteoliva.it\/magazine\/2016\/07\/19\/dentro-o-fuori-la-chiesa-cattolica-cose-lo-sbattezzo\/","og_site_name":"Polis SA Magazine","article_publisher":"https:\/\/www.facebook.com\/PolisSAMagazine\/","article_published_time":"2016-07-19T09:52:56+00:00","article_modified_time":"2019-08-25T09:56:20+00:00","og_image":[{"width":1200,"height":627,"url":"https:\/\/www.istitutogalanteoliva.it\/magazine\/wp-content\/uploads\/2019\/08\/sbattezzo2og.png","type":"image\/png"}],"author":"admin","twitter_card":"summary_large_image","twitter_creator":"@MagazinePolis","twitter_site":"@MagazinePolis","twitter_misc":{"Scritto da":"admin","Tempo di lettura stimato":"4 minuti"},"schema":{"@context":"https:\/\/schema.org","@graph":[{"@type":"Article","@id":"https:\/\/www.istitutogalanteoliva.it\/magazine\/2016\/07\/19\/dentro-o-fuori-la-chiesa-cattolica-cose-lo-sbattezzo\/#article","isPartOf":{"@id":"https:\/\/www.istitutogalanteoliva.it\/magazine\/2016\/07\/19\/dentro-o-fuori-la-chiesa-cattolica-cose-lo-sbattezzo\/"},"author":{"name":"admin","@id":"https:\/\/www.istitutogalanteoliva.it\/magazine\/#\/schema\/person\/72e8141246542ebcf905456f5dbd4c49"},"headline":"Dentro o fuori la Chiesa Cattolica? Cos\u2019e\u0300 lo sbattezzo","datePublished":"2016-07-19T09:52:56+00:00","dateModified":"2019-08-25T09:56:20+00:00","mainEntityOfPage":{"@id":"https:\/\/www.istitutogalanteoliva.it\/magazine\/2016\/07\/19\/dentro-o-fuori-la-chiesa-cattolica-cose-lo-sbattezzo\/"},"wordCount":897,"commentCount":0,"publisher":{"@id":"https:\/\/www.istitutogalanteoliva.it\/magazine\/#organization"},"image":{"@id":"https:\/\/www.istitutogalanteoliva.it\/magazine\/2016\/07\/19\/dentro-o-fuori-la-chiesa-cattolica-cose-lo-sbattezzo\/#primaryimage"},"thumbnailUrl":"https:\/\/www.istitutogalanteoliva.it\/magazine\/wp-content\/uploads\/2019\/08\/sbattezzo2og.png","articleSection":["2016","Il Timeo","Voci"],"inLanguage":"it-IT","potentialAction":[{"@type":"CommentAction","name":"Comment","target":["https:\/\/www.istitutogalanteoliva.it\/magazine\/2016\/07\/19\/dentro-o-fuori-la-chiesa-cattolica-cose-lo-sbattezzo\/#respond"]}]},{"@type":"WebPage","@id":"https:\/\/www.istitutogalanteoliva.it\/magazine\/2016\/07\/19\/dentro-o-fuori-la-chiesa-cattolica-cose-lo-sbattezzo\/","url":"https:\/\/www.istitutogalanteoliva.it\/magazine\/2016\/07\/19\/dentro-o-fuori-la-chiesa-cattolica-cose-lo-sbattezzo\/","name":"Dentro o fuori la Chiesa Cattolica? Cos\u2019e\u0300 lo sbattezzo - Polis SA Magazine","isPartOf":{"@id":"https:\/\/www.istitutogalanteoliva.it\/magazine\/#website"},"primaryImageOfPage":{"@id":"https:\/\/www.istitutogalanteoliva.it\/magazine\/2016\/07\/19\/dentro-o-fuori-la-chiesa-cattolica-cose-lo-sbattezzo\/#primaryimage"},"image":{"@id":"https:\/\/www.istitutogalanteoliva.it\/magazine\/2016\/07\/19\/dentro-o-fuori-la-chiesa-cattolica-cose-lo-sbattezzo\/#primaryimage"},"thumbnailUrl":"https:\/\/www.istitutogalanteoliva.it\/magazine\/wp-content\/uploads\/2019\/08\/sbattezzo2og.png","datePublished":"2016-07-19T09:52:56+00:00","dateModified":"2019-08-25T09:56:20+00:00","breadcrumb":{"@id":"https:\/\/www.istitutogalanteoliva.it\/magazine\/2016\/07\/19\/dentro-o-fuori-la-chiesa-cattolica-cose-lo-sbattezzo\/#breadcrumb"},"inLanguage":"it-IT","potentialAction":[{"@type":"ReadAction","target":["https:\/\/www.istitutogalanteoliva.it\/magazine\/2016\/07\/19\/dentro-o-fuori-la-chiesa-cattolica-cose-lo-sbattezzo\/"]}]},{"@type":"ImageObject","inLanguage":"it-IT","@id":"https:\/\/www.istitutogalanteoliva.it\/magazine\/2016\/07\/19\/dentro-o-fuori-la-chiesa-cattolica-cose-lo-sbattezzo\/#primaryimage","url":"https:\/\/www.istitutogalanteoliva.it\/magazine\/wp-content\/uploads\/2019\/08\/sbattezzo2og.png","contentUrl":"https:\/\/www.istitutogalanteoliva.it\/magazine\/wp-content\/uploads\/2019\/08\/sbattezzo2og.png","width":1200,"height":627},{"@type":"BreadcrumbList","@id":"https:\/\/www.istitutogalanteoliva.it\/magazine\/2016\/07\/19\/dentro-o-fuori-la-chiesa-cattolica-cose-lo-sbattezzo\/#breadcrumb","itemListElement":[{"@type":"ListItem","position":1,"name":"Home","item":"https:\/\/www.istitutogalanteoliva.it\/magazine\/"},{"@type":"ListItem","position":2,"name":"Dentro o fuori la Chiesa Cattolica? Cos\u2019e\u0300 lo sbattezzo"}]},{"@type":"WebSite","@id":"https:\/\/www.istitutogalanteoliva.it\/magazine\/#website","url":"https:\/\/www.istitutogalanteoliva.it\/magazine\/","name":"POLIS SA MAGAZINE","description":"Informazione e approfondimenti","publisher":{"@id":"https:\/\/www.istitutogalanteoliva.it\/magazine\/#organization"},"potentialAction":[{"@type":"SearchAction","target":{"@type":"EntryPoint","urlTemplate":"https:\/\/www.istitutogalanteoliva.it\/magazine\/?s={search_term_string}"},"query-input":{"@type":"PropertyValueSpecification","valueRequired":true,"valueName":"search_term_string"}}],"inLanguage":"it-IT"},{"@type":"Organization","@id":"https:\/\/www.istitutogalanteoliva.it\/magazine\/#organization","name":"Polis SA Magazine","url":"https:\/\/www.istitutogalanteoliva.it\/magazine\/","logo":{"@type":"ImageObject","inLanguage":"it-IT","@id":"https:\/\/www.istitutogalanteoliva.it\/magazine\/#\/schema\/logo\/image\/","url":"","contentUrl":"","caption":"Polis SA Magazine"},"image":{"@id":"https:\/\/www.istitutogalanteoliva.it\/magazine\/#\/schema\/logo\/image\/"},"sameAs":["https:\/\/www.facebook.com\/PolisSAMagazine\/","https:\/\/x.com\/MagazinePolis","https:\/\/www.youtube.com\/channel\/UCv0Mr5AHKUmsc0sEEXkJrgw"]},{"@type":"Person","@id":"https:\/\/www.istitutogalanteoliva.it\/magazine\/#\/schema\/person\/72e8141246542ebcf905456f5dbd4c49","name":"admin","image":{"@type":"ImageObject","inLanguage":"it-IT","@id":"https:\/\/www.istitutogalanteoliva.it\/magazine\/#\/schema\/person\/image\/","url":"https:\/\/secure.gravatar.com\/avatar\/07059cc99eeb1edd29e138d1812e69ec?s=96&d=mm&r=g","contentUrl":"https:\/\/secure.gravatar.com\/avatar\/07059cc99eeb1edd29e138d1812e69ec?s=96&d=mm&r=g","caption":"admin"},"url":"https:\/\/www.istitutogalanteoliva.it\/magazine\/author\/admin\/"}]}},"_links":{"self":[{"href":"https:\/\/www.istitutogalanteoliva.it\/magazine\/wp-json\/wp\/v2\/posts\/1255","targetHints":{"allow":["GET"]}}],"collection":[{"href":"https:\/\/www.istitutogalanteoliva.it\/magazine\/wp-json\/wp\/v2\/posts"}],"about":[{"href":"https:\/\/www.istitutogalanteoliva.it\/magazine\/wp-json\/wp\/v2\/types\/post"}],"author":[{"embeddable":true,"href":"https:\/\/www.istitutogalanteoliva.it\/magazine\/wp-json\/wp\/v2\/users\/1"}],"replies":[{"embeddable":true,"href":"https:\/\/www.istitutogalanteoliva.it\/magazine\/wp-json\/wp\/v2\/comments?post=1255"}],"version-history":[{"count":1,"href":"https:\/\/www.istitutogalanteoliva.it\/magazine\/wp-json\/wp\/v2\/posts\/1255\/revisions"}],"predecessor-version":[{"id":1257,"href":"https:\/\/www.istitutogalanteoliva.it\/magazine\/wp-json\/wp\/v2\/posts\/1255\/revisions\/1257"}],"wp:featuredmedia":[{"embeddable":true,"href":"https:\/\/www.istitutogalanteoliva.it\/magazine\/wp-json\/wp\/v2\/media\/1256"}],"wp:attachment":[{"href":"https:\/\/www.istitutogalanteoliva.it\/magazine\/wp-json\/wp\/v2\/media?parent=1255"}],"wp:term":[{"taxonomy":"category","embeddable":true,"href":"https:\/\/www.istitutogalanteoliva.it\/magazine\/wp-json\/wp\/v2\/categories?post=1255"},{"taxonomy":"post_tag","embeddable":true,"href":"https:\/\/www.istitutogalanteoliva.it\/magazine\/wp-json\/wp\/v2\/tags?post=1255"}],"curies":[{"name":"wp","href":"https:\/\/api.w.org\/{rel}","templated":true}]}}