{"id":12574,"date":"2022-08-25T08:00:00","date_gmt":"2022-08-25T06:00:00","guid":{"rendered":"https:\/\/www.istitutogalanteoliva.it\/magazine\/?p=12574"},"modified":"2022-08-24T16:02:45","modified_gmt":"2022-08-24T14:02:45","slug":"a-spasso-per-monteverde-irpino-avellino","status":"publish","type":"post","link":"https:\/\/www.istitutogalanteoliva.it\/magazine\/2022\/08\/25\/a-spasso-per-monteverde-irpino-avellino\/","title":{"rendered":"A spasso per Monteverde Irpino (Avellino)"},"content":{"rendered":"\n<h4 class=\"wp-block-heading\"><br><strong>di Anna Maria Noia<\/strong><br><br><strong><em>Il borgo \u00e8 anche tra i pi\u00f9 sostenibili \u2013 oltre che green \u2013 riguardo i differentemente abili: pare sia il paese con meno barriere architettoniche, a livello regionale e forse anche nazionale.<\/em><\/strong> <\/h4>\n\n\n\n<p><\/p>\n\n\n\n<p>Aria pura, gente cordiale. Una cittadina vivibile, a misura d\u2019uomo e con tanta pulizia tra le stradine. Le viuzze con scorci caratteristici, balconcini e fiori alle finestre. Tutto molto bello, romantico. Lussureggiante. Famiglie simpatiche e appunto cordiali, empatiche, interessate agli altri. <em>Dominato da una fortificazione castellare, un maniero molto ben ricostruito \u2013 appartenente all\u2019epoca aragonese (dicono alcune fonti, ma le origini del castrum sono attestate gi\u00e0 intorno al IX secolo) \u2013 Monteverde conquista i visitatori con la quiete, la gentilezza e con panorami mozzafiato \u2013 davvero incredibili. Popolato da circa 800 anime, di cui 200 solo nel borgo, \u00e8 abbarbicato per i declivi e le valli della verde Irpinia.<\/em> Si raggiunge, dopo due ore abbondanti di auto da Mercato San Severino \u2013 Salerno, dove chi scrive risiede \u2013 tramite l\u2019autostrada detta Ofantina oppure da Lacedonia. \u00c8 una cittadina quasi pi\u00f9 vicina alla Puglia che alla Campania \u2013 potremmo dire. Ma gode di tutte le caratteristiche della Campania, sebbene il curioso dialetto dei Monteverdesi appaia differente dal \u201ccomune\u201d vernacolo partenopeo. <\/p>\n\n\n\n<figure class=\"wp-block-image size-full\"><img loading=\"lazy\" decoding=\"async\" width=\"700\" height=\"350\" src=\"https:\/\/www.istitutogalanteoliva.it\/magazine\/wp-content\/uploads\/2022\/08\/Monteverde-articolo-Noia-foto-2.jpg\" alt=\"Monteverde Irpino\" class=\"wp-image-12576\" srcset=\"https:\/\/www.istitutogalanteoliva.it\/magazine\/wp-content\/uploads\/2022\/08\/Monteverde-articolo-Noia-foto-2.jpg 700w, https:\/\/www.istitutogalanteoliva.it\/magazine\/wp-content\/uploads\/2022\/08\/Monteverde-articolo-Noia-foto-2-300x150.jpg 300w\" sizes=\"auto, (max-width: 700px) 100vw, 700px\" \/><\/figure>\n\n\n\n<p><strong>\u00c8 un sito affascinante, pulito e lindo, ricco di spunti verdeggianti. L\u00ec, chi scrive ha potuto sperimentare l\u2019ospitalit\u00e0 e la cortesia di una zona davvero \u201cselvaggia\u201d (nel senso buono del termine, naturalmente) \u2013 nel senso di intatta, vergine. Abbiamo dunque conosciuto le famiglie D\u2019Annunzio e Cavuoti. Tra le pi\u00f9 note del paesello, ricche di storia, tradizioni, aneddoti. Come non ricordare i simpatici Alessandro e Rocchina Cavuoti \u2013 appunto? Alessandro \u2013 uomo gioviale e molto generoso \u2013 \u00e8 deceduto da qualche anno. A rinnovare la prodigalit\u00e0 dei Cavuoti, ecco la forte, temprata e combattiva; determinata Rocchina. Abile in cucina, al ricamo e in mille altri campi dell\u2019economia domestica. Tramite Rocchina ed altri suoi amici (soprattutto al femminile, amiche) chi sta scrivendo ha avuto l\u2019opportunit\u00e0 di conoscere la volitiva cronista Rai (collaboratrice del programma tv \u201cChi l\u2019ha visto?\u201d) Filomena Rorro. Anch\u2019ella molto disponibile.<\/strong> <em>Ma parliamo di \u201czio\u201d Antonio D\u2019Annunzio \u2013 parente del pi\u00f9 celebre letterato, scrittore, poeta Gabriele \u2013 un arzillo \u201cgiovanotto\u201d di ben 99 anni (compiuti a marzo 2022), autore di bellissime e significative liriche da autodidatta. \u201cZio\u201d Antonio, padre di ben sei figlie femmine, vanta una storia molto toccante \u2013 fulgido esempio di passione, volont\u00e0, tenacia e\u2026 poesia. S\u00ec, perch\u00e9 il nonnino \u2013 molto lucido e autonomo, alla sua veneranda et\u00e0 \u2013 aveva una grande voglia di studiare e di conoscere il mondo, le cose. Grazie a un filantropo, ebbe appena l\u2019opportunit\u00e0 di frequentare fino alla terza elementare. Poi dovette lavorare, la sua famiglia era di origini contadine.<\/em> <\/p>\n\n\n\n<figure class=\"wp-block-image size-full\"><img loading=\"lazy\" decoding=\"async\" width=\"640\" height=\"380\" src=\"https:\/\/www.istitutogalanteoliva.it\/magazine\/wp-content\/uploads\/2022\/08\/Monteverde-articolo-Noia-foto-6-Antonio-DAnnunzio-poeta-99enne.jpg\" alt=\"\" class=\"wp-image-12575\" srcset=\"https:\/\/www.istitutogalanteoliva.it\/magazine\/wp-content\/uploads\/2022\/08\/Monteverde-articolo-Noia-foto-6-Antonio-DAnnunzio-poeta-99enne.jpg 640w, https:\/\/www.istitutogalanteoliva.it\/magazine\/wp-content\/uploads\/2022\/08\/Monteverde-articolo-Noia-foto-6-Antonio-DAnnunzio-poeta-99enne-300x178.jpg 300w\" sizes=\"auto, (max-width: 640px) 100vw, 640px\" \/><\/figure>\n\n\n\n<p><strong>Ma l\u2019amore per la cultura, il sapere e l\u2019erudizione ha avuto sempre un posto; un ruolo rilevante \u2013 nella costruzione della propria personalit\u00e0 da dotto autodidatta. Per questo, Antonio ha pubblicato \u2013 da pochi anni a questa parte \u2013 libri di poemi talmente intensi e pieni di significato e di emozioni, da suscitare il plauso e l\u2019attenzione di molti. Anche chi sta scrivendo ha avuto modo di poter apprezzare la mansueta bont\u00e0 e \u2013 soprattutto \u2013 la bravura e la perizia del vecchietto. Molto educato e umile, modesto, nel senso pi\u00f9 nobile del vocabolo.<\/strong> Ci ha onorati di farci entrare nella sua bellissima casa. Piccola ma arredata con gusto. Soprattutto siamo stati ospiti del pergolato del suo orto. Tra magnifici regali ed onorificenze, per riconoscenza. Monteverde \u00e8 ameno, dolce, immalinconente. Alcuni storici sostengono che anticamente si chiamasse Mons Aureus, Monte d\u2019Oro. Altri propendono per Mons Viridis. Questo borgo (nido della cicogna nera; patroni: S. Michele arcangelo e Santa Caterina Alessandrina o d\u2019Alessandria \u2013 quest\u2019ultima \u00e8 anche patrona della Schola Medica Salernitana) \u00e8 ricco di storia. Gi\u00e0 a partire dall\u2019et\u00e0 post preistorica e\/o sannitica. Sull\u2019esaustivo e completo, dettagliato sito web de \u201cI borghi pi\u00f9 belli d\u2019Italia\u201d \u2013 dalla grafica accattivante \u2013 si legge: \u201cLa presenza romana [a Monteverde] \u00e8 documentata dai resti del ponte sul fiume Ofanto \u2013 chiamato \u201cPietra dell\u2019Oglio\u201d [forse petrolio? Petrae Oleum? \u2013 Non dimentichiamo che sono zone ricche di giacimenti, queste. Nonch\u00e9 di vento. A tal proposito, ecco le immancabili pale eoliche]\u201d. <em>Tra altre ricche attestazioni e testimonianze storiche, abbiamo una pergamena longobarda risalente all\u2019anno 897. Dal 1049 al 1531, il paese diviene sede vescovile. Nel 1059, Monteverde assume la dominazione normanna \u2013 con Roberto il Guiscardo, principe di Salerno. Al cui seguito, ecco Troisio e Ang\u00e8rio de Rota \u2013 poi de Sancto Severino: i condottieri di Mercato San Severino! Quindi una sorta di \u201cgemellaggio\u201d ideale, molto ideale, tra il comune di Mercato San Severino e Monteverde.<\/em> Tra gli altri conquistatori \u2013 sempre di Monteverde, ricordiamo i Grimaldi di Monaco (1532-1641); i Caracciolo (1662); i baroni calabresi Sangermano. <em>E gi\u00f9, fino ai tempi nostri. In una parentesi storica, ricordiamo anche la presenza del noto brigante Crocco \u2013 a saccheggiar le abitazioni della gente quieta di tal luogo. Certamente da visitare, dunque.<\/em> <\/p>\n\n\n\n<figure class=\"wp-block-image size-full\"><img loading=\"lazy\" decoding=\"async\" width=\"700\" height=\"350\" src=\"https:\/\/www.istitutogalanteoliva.it\/magazine\/wp-content\/uploads\/2022\/08\/Monteverde-articolo-Noia-foto-1.jpg\" alt=\"Monteverde Irpino\" class=\"wp-image-12577\" srcset=\"https:\/\/www.istitutogalanteoliva.it\/magazine\/wp-content\/uploads\/2022\/08\/Monteverde-articolo-Noia-foto-1.jpg 700w, https:\/\/www.istitutogalanteoliva.it\/magazine\/wp-content\/uploads\/2022\/08\/Monteverde-articolo-Noia-foto-1-300x150.jpg 300w\" sizes=\"auto, (max-width: 700px) 100vw, 700px\" \/><\/figure>\n\n\n\n<p><strong><em>Il paese, e concludiamo, offre anche delizie gastronomiche \u2013 per il palato di anziani e di giovani \u2013 di tutte le et\u00e0; per tutti i gusti e tutte le tasche. In particolare abbiamo avuto modo di apprezzare i gustosissimi, squisiti formaggi (caciocavalli davvero super). Dalle mani esperte della tuttofare Rocchina Cavuoti, ecco invece scaturire orecchiette; fusilli avellinesi (al ferretto); cavatelli. Ma soprattutto il piatto, la pietanza di pasta fresca detta \u201cmaccaron\u00e0ra\u201d. Ovvero i troccoli pugliesi.<\/em><\/strong> Sono specialit\u00e0 molto amate, qui. Tutto \u00e8 genuino. E non parliamo della bont\u00e0 dell\u2019olio di oliva, sempre tra i beni e i prodotti di tale zona. Che aggiungere in pi\u00f9 a questo nostro servizio giornalistico? Che vale la pena fermarsi a Monteverde Irpino. <em>Come una volta (prima del Covid), quando c\u2019erano gli spettacoli in onore di San Gerardo Maiella \u2013 presso la diga del paese. Venivano denominati: \u201cI giochi di San Gerardo\u201d oppure, anche: \u201cGli spettacoli dell\u2019Acqua\u201d. Associati anche a spettacoli di falconeria, ossia \u201cdell\u2019aria\u201d<\/em>.<\/p>\n\n\n\n<p> <strong><em>Ricordiamo \u2013 infine \u2013 che a Monteverde i parenti del gi\u00e0 presidente del consiglio Mario Draghi possedevano un\u2019accorsata attivit\u00e0 farmaceutica. Tutti a Monteverde, perci\u00f2. A valutare e ad apprezzare meglio le nostre terre meridionali. Le terre \u201cdel rimorso\u201d, studiate dall\u2019etnografo di origini napoletane Ernesto De Martino. Qui, tra le bellezze (antropiche e naturali) \u201cdi casa nostra\u201d.<\/em><\/strong><\/p>\n\n\n\n<p class=\"has-text-align-left\"><br><br><img loading=\"lazy\" decoding=\"async\" width=\"100\" height=\"100\" class=\"wp-image-6058\" style=\"width: 100px;\" src=\"https:\/\/www.istitutogalanteoliva.it\/magazine\/wp-content\/uploads\/2021\/03\/Anna-Maria1.jpg\" alt=\"\" srcset=\"https:\/\/www.istitutogalanteoliva.it\/magazine\/wp-content\/uploads\/2021\/03\/Anna-Maria1.jpg 674w, https:\/\/www.istitutogalanteoliva.it\/magazine\/wp-content\/uploads\/2021\/03\/Anna-Maria1-300x300.jpg 300w, https:\/\/www.istitutogalanteoliva.it\/magazine\/wp-content\/uploads\/2021\/03\/Anna-Maria1-150x150.jpg 150w\" sizes=\"auto, (max-width: 100px) 100vw, 100px\" \/>  <em><span class=\"has-inline-color has-vivid-cyan-blue-color\"><strong><a href=\"https:\/\/www.istitutogalanteoliva.it\/magazine\/?s=Anna+Maria+Noia+\" target=\"_blank\" rel=\"noreferrer noopener\">Anna Maria Noia <\/a><\/strong><\/span><\/em><\/p>\n<div class=\"pdfprnt-buttons pdfprnt-buttons-post pdfprnt-bottom-left\"><a href=\"https:\/\/www.istitutogalanteoliva.it\/magazine\/wp-json\/wp\/v2\/posts\/12574?print=print\" class=\"pdfprnt-button pdfprnt-button-print\" target=\"_blank\"><img decoding=\"async\" src=\"https:\/\/www.istitutogalanteoliva.it\/magazine\/wp-content\/plugins\/pdf-print\/images\/print.png\" alt=\"image_print\" title=\"Stampa contenuto\" \/><span class=\"pdfprnt-button-title pdfprnt-button-print-title\">Download in PDF<\/span><\/a><\/div>","protected":false},"excerpt":{"rendered":"<p>Oltre che uno dei pi\u00f9 bei borghi d\u2019Italia, scrigno di tesori naturali e architettonici inenarrabili, Monteverde Irpino (Avellino, Campania) \u00e8 un paesino caloroso, accogliente, ospitale e con un occhio di riguardo in pi\u00f9 per i disabili.  <\/p>\n","protected":false},"author":2,"featured_media":12578,"comment_status":"closed","ping_status":"open","sticky":true,"template":"","format":"standard","meta":{"footnotes":""},"categories":[577,13],"tags":[660,659,115,658],"class_list":["post-12574","post","type-post","status-publish","format-standard","has-post-thumbnail","hentry","category-577","category-territorio","tag-antonio-dannunzio","tag-avellino","tag-campania","tag-monteverde-irpino"],"yoast_head":"<!-- This site is optimized with the Yoast SEO plugin v24.2 - https:\/\/yoast.com\/wordpress\/plugins\/seo\/ -->\n<title>A spasso per Monteverde Irpino (Avellino) - Polis SA Magazine<\/title>\n<meta name=\"robots\" content=\"index, follow, max-snippet:-1, max-image-preview:large, max-video-preview:-1\" \/>\n<link rel=\"canonical\" href=\"https:\/\/www.istitutogalanteoliva.it\/magazine\/2022\/08\/25\/a-spasso-per-monteverde-irpino-avellino\/\" \/>\n<meta property=\"og:locale\" content=\"it_IT\" \/>\n<meta property=\"og:type\" content=\"article\" \/>\n<meta property=\"og:title\" content=\"A spasso per Monteverde Irpino (Avellino) - Polis SA Magazine\" \/>\n<meta property=\"og:description\" content=\"Oltre che uno dei pi\u00f9 bei borghi d\u2019Italia, scrigno di tesori naturali e architettonici inenarrabili, Monteverde Irpino (Avellino, Campania) \u00e8 un paesino caloroso, accogliente, ospitale e con un occhio di riguardo in pi\u00f9 per i disabili.\" \/>\n<meta property=\"og:url\" content=\"https:\/\/www.istitutogalanteoliva.it\/magazine\/2022\/08\/25\/a-spasso-per-monteverde-irpino-avellino\/\" \/>\n<meta property=\"og:site_name\" content=\"Polis SA Magazine\" \/>\n<meta property=\"article:publisher\" content=\"https:\/\/www.facebook.com\/PolisSAMagazine\/\" \/>\n<meta property=\"article:published_time\" content=\"2022-08-25T06:00:00+00:00\" \/>\n<meta property=\"article:modified_time\" content=\"2022-08-24T14:02:45+00:00\" \/>\n<meta property=\"og:image\" content=\"https:\/\/www.istitutogalanteoliva.it\/magazine\/wp-content\/uploads\/2022\/08\/Monteverde-articolo-Noia-foto-4.jpg\" \/>\n\t<meta property=\"og:image:width\" content=\"700\" \/>\n\t<meta property=\"og:image:height\" content=\"350\" \/>\n\t<meta property=\"og:image:type\" content=\"image\/jpeg\" \/>\n<meta name=\"author\" content=\"Antonello Rivano\" \/>\n<meta name=\"twitter:card\" content=\"summary_large_image\" \/>\n<meta name=\"twitter:creator\" content=\"@MagazinePolis\" \/>\n<meta name=\"twitter:site\" content=\"@MagazinePolis\" \/>\n<meta name=\"twitter:label1\" content=\"Scritto da\" \/>\n\t<meta name=\"twitter:data1\" content=\"Antonello Rivano\" \/>\n\t<meta name=\"twitter:label2\" content=\"Tempo di lettura stimato\" \/>\n\t<meta name=\"twitter:data2\" content=\"6 minuti\" \/>\n<script type=\"application\/ld+json\" class=\"yoast-schema-graph\">{\"@context\":\"https:\/\/schema.org\",\"@graph\":[{\"@type\":\"Article\",\"@id\":\"https:\/\/www.istitutogalanteoliva.it\/magazine\/2022\/08\/25\/a-spasso-per-monteverde-irpino-avellino\/#article\",\"isPartOf\":{\"@id\":\"https:\/\/www.istitutogalanteoliva.it\/magazine\/2022\/08\/25\/a-spasso-per-monteverde-irpino-avellino\/\"},\"author\":{\"name\":\"Antonello Rivano\",\"@id\":\"https:\/\/www.istitutogalanteoliva.it\/magazine\/#\/schema\/person\/d8b8aa79cfe8babc1df9da3212a7c0c4\"},\"headline\":\"A spasso per Monteverde Irpino (Avellino)\",\"datePublished\":\"2022-08-25T06:00:00+00:00\",\"dateModified\":\"2022-08-24T14:02:45+00:00\",\"mainEntityOfPage\":{\"@id\":\"https:\/\/www.istitutogalanteoliva.it\/magazine\/2022\/08\/25\/a-spasso-per-monteverde-irpino-avellino\/\"},\"wordCount\":1025,\"publisher\":{\"@id\":\"https:\/\/www.istitutogalanteoliva.it\/magazine\/#organization\"},\"image\":{\"@id\":\"https:\/\/www.istitutogalanteoliva.it\/magazine\/2022\/08\/25\/a-spasso-per-monteverde-irpino-avellino\/#primaryimage\"},\"thumbnailUrl\":\"https:\/\/www.istitutogalanteoliva.it\/magazine\/wp-content\/uploads\/2022\/08\/Monteverde-articolo-Noia-foto-4.jpg\",\"keywords\":[\"Antonio D&#039;annunzio\",\"Avellino\",\"campania\",\"Monteverde Irpino\"],\"articleSection\":[\"2022\",\"Territorio\"],\"inLanguage\":\"it-IT\"},{\"@type\":\"WebPage\",\"@id\":\"https:\/\/www.istitutogalanteoliva.it\/magazine\/2022\/08\/25\/a-spasso-per-monteverde-irpino-avellino\/\",\"url\":\"https:\/\/www.istitutogalanteoliva.it\/magazine\/2022\/08\/25\/a-spasso-per-monteverde-irpino-avellino\/\",\"name\":\"A spasso per Monteverde Irpino (Avellino) - Polis SA Magazine\",\"isPartOf\":{\"@id\":\"https:\/\/www.istitutogalanteoliva.it\/magazine\/#website\"},\"primaryImageOfPage\":{\"@id\":\"https:\/\/www.istitutogalanteoliva.it\/magazine\/2022\/08\/25\/a-spasso-per-monteverde-irpino-avellino\/#primaryimage\"},\"image\":{\"@id\":\"https:\/\/www.istitutogalanteoliva.it\/magazine\/2022\/08\/25\/a-spasso-per-monteverde-irpino-avellino\/#primaryimage\"},\"thumbnailUrl\":\"https:\/\/www.istitutogalanteoliva.it\/magazine\/wp-content\/uploads\/2022\/08\/Monteverde-articolo-Noia-foto-4.jpg\",\"datePublished\":\"2022-08-25T06:00:00+00:00\",\"dateModified\":\"2022-08-24T14:02:45+00:00\",\"breadcrumb\":{\"@id\":\"https:\/\/www.istitutogalanteoliva.it\/magazine\/2022\/08\/25\/a-spasso-per-monteverde-irpino-avellino\/#breadcrumb\"},\"inLanguage\":\"it-IT\",\"potentialAction\":[{\"@type\":\"ReadAction\",\"target\":[\"https:\/\/www.istitutogalanteoliva.it\/magazine\/2022\/08\/25\/a-spasso-per-monteverde-irpino-avellino\/\"]}]},{\"@type\":\"ImageObject\",\"inLanguage\":\"it-IT\",\"@id\":\"https:\/\/www.istitutogalanteoliva.it\/magazine\/2022\/08\/25\/a-spasso-per-monteverde-irpino-avellino\/#primaryimage\",\"url\":\"https:\/\/www.istitutogalanteoliva.it\/magazine\/wp-content\/uploads\/2022\/08\/Monteverde-articolo-Noia-foto-4.jpg\",\"contentUrl\":\"https:\/\/www.istitutogalanteoliva.it\/magazine\/wp-content\/uploads\/2022\/08\/Monteverde-articolo-Noia-foto-4.jpg\",\"width\":700,\"height\":350,\"caption\":\"Monteverde Irpino\"},{\"@type\":\"BreadcrumbList\",\"@id\":\"https:\/\/www.istitutogalanteoliva.it\/magazine\/2022\/08\/25\/a-spasso-per-monteverde-irpino-avellino\/#breadcrumb\",\"itemListElement\":[{\"@type\":\"ListItem\",\"position\":1,\"name\":\"Home\",\"item\":\"https:\/\/www.istitutogalanteoliva.it\/magazine\/\"},{\"@type\":\"ListItem\",\"position\":2,\"name\":\"A spasso per Monteverde Irpino (Avellino)\"}]},{\"@type\":\"WebSite\",\"@id\":\"https:\/\/www.istitutogalanteoliva.it\/magazine\/#website\",\"url\":\"https:\/\/www.istitutogalanteoliva.it\/magazine\/\",\"name\":\"POLIS SA MAGAZINE\",\"description\":\"Informazione e approfondimenti\",\"publisher\":{\"@id\":\"https:\/\/www.istitutogalanteoliva.it\/magazine\/#organization\"},\"potentialAction\":[{\"@type\":\"SearchAction\",\"target\":{\"@type\":\"EntryPoint\",\"urlTemplate\":\"https:\/\/www.istitutogalanteoliva.it\/magazine\/?s={search_term_string}\"},\"query-input\":{\"@type\":\"PropertyValueSpecification\",\"valueRequired\":true,\"valueName\":\"search_term_string\"}}],\"inLanguage\":\"it-IT\"},{\"@type\":\"Organization\",\"@id\":\"https:\/\/www.istitutogalanteoliva.it\/magazine\/#organization\",\"name\":\"Polis SA Magazine\",\"url\":\"https:\/\/www.istitutogalanteoliva.it\/magazine\/\",\"logo\":{\"@type\":\"ImageObject\",\"inLanguage\":\"it-IT\",\"@id\":\"https:\/\/www.istitutogalanteoliva.it\/magazine\/#\/schema\/logo\/image\/\",\"url\":\"\",\"contentUrl\":\"\",\"caption\":\"Polis SA Magazine\"},\"image\":{\"@id\":\"https:\/\/www.istitutogalanteoliva.it\/magazine\/#\/schema\/logo\/image\/\"},\"sameAs\":[\"https:\/\/www.facebook.com\/PolisSAMagazine\/\",\"https:\/\/x.com\/MagazinePolis\",\"https:\/\/www.youtube.com\/channel\/UCv0Mr5AHKUmsc0sEEXkJrgw\"]},{\"@type\":\"Person\",\"@id\":\"https:\/\/www.istitutogalanteoliva.it\/magazine\/#\/schema\/person\/d8b8aa79cfe8babc1df9da3212a7c0c4\",\"name\":\"Antonello Rivano\",\"image\":{\"@type\":\"ImageObject\",\"inLanguage\":\"it-IT\",\"@id\":\"https:\/\/www.istitutogalanteoliva.it\/magazine\/#\/schema\/person\/image\/\",\"url\":\"https:\/\/secure.gravatar.com\/avatar\/517a9a6487a7a18ecc4ce6d2e57a8f40?s=96&d=mm&r=g\",\"contentUrl\":\"https:\/\/secure.gravatar.com\/avatar\/517a9a6487a7a18ecc4ce6d2e57a8f40?s=96&d=mm&r=g\",\"caption\":\"Antonello Rivano\"},\"url\":\"https:\/\/www.istitutogalanteoliva.it\/magazine\/author\/antonello\/\"}]}<\/script>\n<!-- \/ Yoast SEO plugin. -->","yoast_head_json":{"title":"A spasso per Monteverde Irpino (Avellino) - Polis SA Magazine","robots":{"index":"index","follow":"follow","max-snippet":"max-snippet:-1","max-image-preview":"max-image-preview:large","max-video-preview":"max-video-preview:-1"},"canonical":"https:\/\/www.istitutogalanteoliva.it\/magazine\/2022\/08\/25\/a-spasso-per-monteverde-irpino-avellino\/","og_locale":"it_IT","og_type":"article","og_title":"A spasso per Monteverde Irpino (Avellino) - Polis SA Magazine","og_description":"Oltre che uno dei pi\u00f9 bei borghi d\u2019Italia, scrigno di tesori naturali e architettonici inenarrabili, Monteverde Irpino (Avellino, Campania) \u00e8 un paesino caloroso, accogliente, ospitale e con un occhio di riguardo in pi\u00f9 per i disabili.","og_url":"https:\/\/www.istitutogalanteoliva.it\/magazine\/2022\/08\/25\/a-spasso-per-monteverde-irpino-avellino\/","og_site_name":"Polis SA Magazine","article_publisher":"https:\/\/www.facebook.com\/PolisSAMagazine\/","article_published_time":"2022-08-25T06:00:00+00:00","article_modified_time":"2022-08-24T14:02:45+00:00","og_image":[{"width":700,"height":350,"url":"https:\/\/www.istitutogalanteoliva.it\/magazine\/wp-content\/uploads\/2022\/08\/Monteverde-articolo-Noia-foto-4.jpg","type":"image\/jpeg"}],"author":"Antonello Rivano","twitter_card":"summary_large_image","twitter_creator":"@MagazinePolis","twitter_site":"@MagazinePolis","twitter_misc":{"Scritto da":"Antonello Rivano","Tempo di lettura stimato":"6 minuti"},"schema":{"@context":"https:\/\/schema.org","@graph":[{"@type":"Article","@id":"https:\/\/www.istitutogalanteoliva.it\/magazine\/2022\/08\/25\/a-spasso-per-monteverde-irpino-avellino\/#article","isPartOf":{"@id":"https:\/\/www.istitutogalanteoliva.it\/magazine\/2022\/08\/25\/a-spasso-per-monteverde-irpino-avellino\/"},"author":{"name":"Antonello Rivano","@id":"https:\/\/www.istitutogalanteoliva.it\/magazine\/#\/schema\/person\/d8b8aa79cfe8babc1df9da3212a7c0c4"},"headline":"A spasso per Monteverde Irpino (Avellino)","datePublished":"2022-08-25T06:00:00+00:00","dateModified":"2022-08-24T14:02:45+00:00","mainEntityOfPage":{"@id":"https:\/\/www.istitutogalanteoliva.it\/magazine\/2022\/08\/25\/a-spasso-per-monteverde-irpino-avellino\/"},"wordCount":1025,"publisher":{"@id":"https:\/\/www.istitutogalanteoliva.it\/magazine\/#organization"},"image":{"@id":"https:\/\/www.istitutogalanteoliva.it\/magazine\/2022\/08\/25\/a-spasso-per-monteverde-irpino-avellino\/#primaryimage"},"thumbnailUrl":"https:\/\/www.istitutogalanteoliva.it\/magazine\/wp-content\/uploads\/2022\/08\/Monteverde-articolo-Noia-foto-4.jpg","keywords":["Antonio D&#039;annunzio","Avellino","campania","Monteverde Irpino"],"articleSection":["2022","Territorio"],"inLanguage":"it-IT"},{"@type":"WebPage","@id":"https:\/\/www.istitutogalanteoliva.it\/magazine\/2022\/08\/25\/a-spasso-per-monteverde-irpino-avellino\/","url":"https:\/\/www.istitutogalanteoliva.it\/magazine\/2022\/08\/25\/a-spasso-per-monteverde-irpino-avellino\/","name":"A spasso per Monteverde Irpino (Avellino) - Polis SA Magazine","isPartOf":{"@id":"https:\/\/www.istitutogalanteoliva.it\/magazine\/#website"},"primaryImageOfPage":{"@id":"https:\/\/www.istitutogalanteoliva.it\/magazine\/2022\/08\/25\/a-spasso-per-monteverde-irpino-avellino\/#primaryimage"},"image":{"@id":"https:\/\/www.istitutogalanteoliva.it\/magazine\/2022\/08\/25\/a-spasso-per-monteverde-irpino-avellino\/#primaryimage"},"thumbnailUrl":"https:\/\/www.istitutogalanteoliva.it\/magazine\/wp-content\/uploads\/2022\/08\/Monteverde-articolo-Noia-foto-4.jpg","datePublished":"2022-08-25T06:00:00+00:00","dateModified":"2022-08-24T14:02:45+00:00","breadcrumb":{"@id":"https:\/\/www.istitutogalanteoliva.it\/magazine\/2022\/08\/25\/a-spasso-per-monteverde-irpino-avellino\/#breadcrumb"},"inLanguage":"it-IT","potentialAction":[{"@type":"ReadAction","target":["https:\/\/www.istitutogalanteoliva.it\/magazine\/2022\/08\/25\/a-spasso-per-monteverde-irpino-avellino\/"]}]},{"@type":"ImageObject","inLanguage":"it-IT","@id":"https:\/\/www.istitutogalanteoliva.it\/magazine\/2022\/08\/25\/a-spasso-per-monteverde-irpino-avellino\/#primaryimage","url":"https:\/\/www.istitutogalanteoliva.it\/magazine\/wp-content\/uploads\/2022\/08\/Monteverde-articolo-Noia-foto-4.jpg","contentUrl":"https:\/\/www.istitutogalanteoliva.it\/magazine\/wp-content\/uploads\/2022\/08\/Monteverde-articolo-Noia-foto-4.jpg","width":700,"height":350,"caption":"Monteverde Irpino"},{"@type":"BreadcrumbList","@id":"https:\/\/www.istitutogalanteoliva.it\/magazine\/2022\/08\/25\/a-spasso-per-monteverde-irpino-avellino\/#breadcrumb","itemListElement":[{"@type":"ListItem","position":1,"name":"Home","item":"https:\/\/www.istitutogalanteoliva.it\/magazine\/"},{"@type":"ListItem","position":2,"name":"A spasso per Monteverde Irpino (Avellino)"}]},{"@type":"WebSite","@id":"https:\/\/www.istitutogalanteoliva.it\/magazine\/#website","url":"https:\/\/www.istitutogalanteoliva.it\/magazine\/","name":"POLIS SA MAGAZINE","description":"Informazione e approfondimenti","publisher":{"@id":"https:\/\/www.istitutogalanteoliva.it\/magazine\/#organization"},"potentialAction":[{"@type":"SearchAction","target":{"@type":"EntryPoint","urlTemplate":"https:\/\/www.istitutogalanteoliva.it\/magazine\/?s={search_term_string}"},"query-input":{"@type":"PropertyValueSpecification","valueRequired":true,"valueName":"search_term_string"}}],"inLanguage":"it-IT"},{"@type":"Organization","@id":"https:\/\/www.istitutogalanteoliva.it\/magazine\/#organization","name":"Polis SA Magazine","url":"https:\/\/www.istitutogalanteoliva.it\/magazine\/","logo":{"@type":"ImageObject","inLanguage":"it-IT","@id":"https:\/\/www.istitutogalanteoliva.it\/magazine\/#\/schema\/logo\/image\/","url":"","contentUrl":"","caption":"Polis SA Magazine"},"image":{"@id":"https:\/\/www.istitutogalanteoliva.it\/magazine\/#\/schema\/logo\/image\/"},"sameAs":["https:\/\/www.facebook.com\/PolisSAMagazine\/","https:\/\/x.com\/MagazinePolis","https:\/\/www.youtube.com\/channel\/UCv0Mr5AHKUmsc0sEEXkJrgw"]},{"@type":"Person","@id":"https:\/\/www.istitutogalanteoliva.it\/magazine\/#\/schema\/person\/d8b8aa79cfe8babc1df9da3212a7c0c4","name":"Antonello Rivano","image":{"@type":"ImageObject","inLanguage":"it-IT","@id":"https:\/\/www.istitutogalanteoliva.it\/magazine\/#\/schema\/person\/image\/","url":"https:\/\/secure.gravatar.com\/avatar\/517a9a6487a7a18ecc4ce6d2e57a8f40?s=96&d=mm&r=g","contentUrl":"https:\/\/secure.gravatar.com\/avatar\/517a9a6487a7a18ecc4ce6d2e57a8f40?s=96&d=mm&r=g","caption":"Antonello Rivano"},"url":"https:\/\/www.istitutogalanteoliva.it\/magazine\/author\/antonello\/"}]}},"_links":{"self":[{"href":"https:\/\/www.istitutogalanteoliva.it\/magazine\/wp-json\/wp\/v2\/posts\/12574","targetHints":{"allow":["GET"]}}],"collection":[{"href":"https:\/\/www.istitutogalanteoliva.it\/magazine\/wp-json\/wp\/v2\/posts"}],"about":[{"href":"https:\/\/www.istitutogalanteoliva.it\/magazine\/wp-json\/wp\/v2\/types\/post"}],"author":[{"embeddable":true,"href":"https:\/\/www.istitutogalanteoliva.it\/magazine\/wp-json\/wp\/v2\/users\/2"}],"replies":[{"embeddable":true,"href":"https:\/\/www.istitutogalanteoliva.it\/magazine\/wp-json\/wp\/v2\/comments?post=12574"}],"version-history":[{"count":1,"href":"https:\/\/www.istitutogalanteoliva.it\/magazine\/wp-json\/wp\/v2\/posts\/12574\/revisions"}],"predecessor-version":[{"id":12579,"href":"https:\/\/www.istitutogalanteoliva.it\/magazine\/wp-json\/wp\/v2\/posts\/12574\/revisions\/12579"}],"wp:featuredmedia":[{"embeddable":true,"href":"https:\/\/www.istitutogalanteoliva.it\/magazine\/wp-json\/wp\/v2\/media\/12578"}],"wp:attachment":[{"href":"https:\/\/www.istitutogalanteoliva.it\/magazine\/wp-json\/wp\/v2\/media?parent=12574"}],"wp:term":[{"taxonomy":"category","embeddable":true,"href":"https:\/\/www.istitutogalanteoliva.it\/magazine\/wp-json\/wp\/v2\/categories?post=12574"},{"taxonomy":"post_tag","embeddable":true,"href":"https:\/\/www.istitutogalanteoliva.it\/magazine\/wp-json\/wp\/v2\/tags?post=12574"}],"curies":[{"name":"wp","href":"https:\/\/api.w.org\/{rel}","templated":true}]}}