{"id":12755,"date":"2022-09-18T08:00:00","date_gmt":"2022-09-18T06:00:00","guid":{"rendered":"https:\/\/www.istitutogalanteoliva.it\/magazine\/?p=12755"},"modified":"2022-09-17T20:20:25","modified_gmt":"2022-09-17T18:20:25","slug":"elisabetta-la-regina-che-amava-lo-sport","status":"publish","type":"post","link":"https:\/\/www.istitutogalanteoliva.it\/magazine\/2022\/09\/18\/elisabetta-la-regina-che-amava-lo-sport\/","title":{"rendered":"Elisabetta, la Regina che amava lo sport"},"content":{"rendered":"\n<p><strong>di <\/strong> <strong><em>Flavio Pezzella<\/em><\/strong> <\/p>\n\n\n\n<p>Se ne va via un esempio di devozione alla vita anche per i pi\u00f9 giovani. Un mito che non va oscurato, che non va cancellato, da tenere sveglio perch\u00e9 tutto il suo modo di governare incentrato sulla saggezza, sulla lealt\u00e0 a tutti i costi, in difesa della Corona che, considerava al di sopra di tutto, non sia stato vano. L\u20198 settembre ci ha lasciato la Regina Elisabetta II. Colei che ha avuto il regno pi\u00f9 longevo della storia del Regno Unito. \u201cMorta pacificamente\u201d cos\u00ec la BBC ci ha informato di quanto \u00e8 accaduto. In cattive condizioni di salute gi\u00e0 dallo scorso mese di giugno, la novantaseienne Elisabetta ha partecipato solamente in minima parte e quando necessario e quanto ha potuto ai festeggiamenti per il suo Giubileo. Ci lascia tristemente, ci lascia un\u2019icona, una donna importante per il suo regno, per il mondo intero. <\/p>\n\n\n\n<div class=\"wp-block-image\"><figure class=\"aligncenter size-large is-resized\"><img loading=\"lazy\" decoding=\"async\" src=\"https:\/\/www.istitutogalanteoliva.it\/magazine\/wp-content\/uploads\/2022\/09\/elisabetta-3-1-1024x792.jpg\" alt=\"\" class=\"wp-image-12760\" width=\"380\" height=\"293\" srcset=\"https:\/\/www.istitutogalanteoliva.it\/magazine\/wp-content\/uploads\/2022\/09\/elisabetta-3-1-1024x792.jpg 1024w, https:\/\/www.istitutogalanteoliva.it\/magazine\/wp-content\/uploads\/2022\/09\/elisabetta-3-1-300x232.jpg 300w, https:\/\/www.istitutogalanteoliva.it\/magazine\/wp-content\/uploads\/2022\/09\/elisabetta-3-1-768x594.jpg 768w, https:\/\/www.istitutogalanteoliva.it\/magazine\/wp-content\/uploads\/2022\/09\/elisabetta-3-1.jpg 1200w\" sizes=\"auto, (max-width: 380px) 100vw, 380px\" \/><figcaption>Aprile 1940<\/figcaption><\/figure><\/div>\n\n\n\n<p>A lei succede il primogenito col nome di Carlo III, il 9 settembre abbiamo assistito al primo dei suoi discorsi da regnante. \u201cQueen\u201d, come mai ne abbiamo conosciute e mai ne riconosceremo altre, che venne incoronata all\u2019et\u00e0 di ventisei anni, nel 1952, ovvero quando al Tour de France brillavano altre stelle, quelle di Fausto Coppi e di Gino Bartali, quando la Coppa dei Campioni ancora non esisteva (arriver\u00e0 nel 1955-56) e quando nel calcio emergevano campioni come Stanley Matthews e Ferenc Puskas. \u201cSua Maest\u00e0\u201d ci ha accompagnati sempre, qualsiasi sia la nostra et\u00e0. Forte, fortissimo il suo legame con lo sport e con tantissimi eventi sportivi che l\u2019hanno vista protagonista. Lo stesso Fabregras, attuale giocatore del Como, ex Chealsea, afferma che \u201cse ne intendeva molto\u201d. <\/p>\n\n\n\n<figure class=\"wp-block-image size-large is-resized\"><img loading=\"lazy\" decoding=\"async\" src=\"https:\/\/www.istitutogalanteoliva.it\/magazine\/wp-content\/uploads\/2022\/09\/elisabetta-2-1-1024x702.jpg\" alt=\"\" class=\"wp-image-12761\" width=\"429\" height=\"293\" srcset=\"https:\/\/www.istitutogalanteoliva.it\/magazine\/wp-content\/uploads\/2022\/09\/elisabetta-2-1-1024x702.jpg 1024w, https:\/\/www.istitutogalanteoliva.it\/magazine\/wp-content\/uploads\/2022\/09\/elisabetta-2-1-300x206.jpg 300w, https:\/\/www.istitutogalanteoliva.it\/magazine\/wp-content\/uploads\/2022\/09\/elisabetta-2-1-768x526.jpg 768w, https:\/\/www.istitutogalanteoliva.it\/magazine\/wp-content\/uploads\/2022\/09\/elisabetta-2-1.jpg 1337w\" sizes=\"auto, (max-width: 429px) 100vw, 429px\" \/><\/figure>\n\n\n\n<p>Inizi\u00f2 a partecipare agli eventi sportivi di qualsiasi genere sin dall\u2019et\u00e0 di 22 anni. Fu lei a premiare la Nazionale inglese campione del mondo a Londra nel 1966, in occasione dell\u2019unico campionato vinto dagli inglesi nel calcio. Ma la vera grande passione sportiva sono sempre stati i suoi amatissimi cavalli: si occupava lei stessa dell\u2019arte dell\u2019allevare i propri purosangue e naturalmente era abilissima nell\u2019 andare a cavallo. Questa sua passione si tradusse poi in uno degli eventi sportivi a cui Elisabetta non ha mai fatto mancare la propria presenza: la Royal Ascot, la corsa di cavalli pi\u00f9 famosa al mondo che riunisce l\u2019aristocrazia britannica. <\/p>\n\n\n\n<figure class=\"wp-block-image size-full is-resized\"><img loading=\"lazy\" decoding=\"async\" src=\"https:\/\/www.istitutogalanteoliva.it\/magazine\/wp-content\/uploads\/2022\/09\/elisabetta-con-carlo.jpg\" alt=\"\" class=\"wp-image-12762\" width=\"437\" height=\"250\" srcset=\"https:\/\/www.istitutogalanteoliva.it\/magazine\/wp-content\/uploads\/2022\/09\/elisabetta-con-carlo.jpg 738w, https:\/\/www.istitutogalanteoliva.it\/magazine\/wp-content\/uploads\/2022\/09\/elisabetta-con-carlo-300x171.jpg 300w\" sizes=\"auto, (max-width: 437px) 100vw, 437px\" \/><\/figure>\n\n\n\n<p>Una giornata ricca di corse proprio per lei, che imponeva un rigido comportamento su come vestirsi: non si sarebbe potuto partecipare senza un appropriato copricapo. Cappellini che non si sono \u201cestinti\u201d, mai passati di moda grazie al suo genio. <\/p>\n\n\n\n<p>A questa bella ed elegantissima manifestazione partecipava con entusiasmo anche lei senza nessun problema. L\u2019ultima sua presenza risale a sei anni fa. La regina non ha mai fatto mistero nemmeno sul suo favoritismo nei confronti della squadra calcistica dell\u2019Arsenal, un amore che le fu tramandato dalla madre. Infatti i Gunners furono l\u2019unica squadra che la sovrana accolse a Buckingham Palace per un t\u00e8. <\/p>\n\n\n\n<figure class=\"wp-block-image size-full is-resized\"><img loading=\"lazy\" decoding=\"async\" src=\"https:\/\/www.istitutogalanteoliva.it\/magazine\/wp-content\/uploads\/2022\/09\/elisabetta-1.jpg\" alt=\"\" class=\"wp-image-12763\" width=\"438\" height=\"246\" srcset=\"https:\/\/www.istitutogalanteoliva.it\/magazine\/wp-content\/uploads\/2022\/09\/elisabetta-1.jpg 780w, https:\/\/www.istitutogalanteoliva.it\/magazine\/wp-content\/uploads\/2022\/09\/elisabetta-1-300x168.jpg 300w, https:\/\/www.istitutogalanteoliva.it\/magazine\/wp-content\/uploads\/2022\/09\/elisabetta-1-768x431.jpg 768w\" sizes=\"auto, (max-width: 438px) 100vw, 438px\" \/><\/figure>\n\n\n\n<p>Si potrebbe dire ancora che Elisabetta II \u00e8 identificabile con le Olimpiadi, a cui ha presenziato per ben sei volte, quattro alle edizioni estive e due a quelle invernali: fu presente come capo di Stato di Gran Bretagna, Australia e Canada, presiedendo i giochi di Melbourne 1956 ( in questo caso, per\u00f2, mand\u00f2 il marito, il principe Filippo di Edimburgo a presenziare la cerimonia di apertura), Montreal 1976, Calgary 1988, Sydney 2000, Vancouver 2010 e Londra 2012. Magnifica la sua partecipazione inaugurale al fianco di James Bond, interpretato da Daniel Craig. La morte della regina straordinaria Elisabetta II chiude un\u2019era, non solamente politica, e non solamente per la Gran Bretagna: chiude una porta che sa di passato in tutti noi.<\/p>\n\n\n\n<p><img loading=\"lazy\" decoding=\"async\" width=\"100\" height=\"100\" class=\"wp-image-12176\" style=\"width: 100px;\" src=\"https:\/\/www.istitutogalanteoliva.it\/magazine\/wp-content\/uploads\/2022\/06\/Senza-titolo-3.png\" alt=\"\" srcset=\"https:\/\/www.istitutogalanteoliva.it\/magazine\/wp-content\/uploads\/2022\/06\/Senza-titolo-3.png 612w, https:\/\/www.istitutogalanteoliva.it\/magazine\/wp-content\/uploads\/2022\/06\/Senza-titolo-3-300x300.png 300w, https:\/\/www.istitutogalanteoliva.it\/magazine\/wp-content\/uploads\/2022\/06\/Senza-titolo-3-150x150.png 150w\" sizes=\"auto, (max-width: 100px) 100vw, 100px\" \/><strong><em>Flavio Pezzella<\/em><\/strong><\/p>\n\n\n\n<p><img loading=\"lazy\" decoding=\"async\" width=\"100\" height=\"100\" class=\"wp-image-12176\" style=\"width: 100px;\" src=\"https:\/\/www.istitutogalanteoliva.it\/magazine\/wp-content\/uploads\/2022\/06\/Senza-titolo-3.png\" alt=\"\" srcset=\"https:\/\/www.istitutogalanteoliva.it\/magazine\/wp-content\/uploads\/2022\/06\/Senza-titolo-3.png 612w, https:\/\/www.istitutogalanteoliva.it\/magazine\/wp-content\/uploads\/2022\/06\/Senza-titolo-3-300x300.png 300w, https:\/\/www.istitutogalanteoliva.it\/magazine\/wp-content\/uploads\/2022\/06\/Senza-titolo-3-150x150.png 150w\" sizes=\"auto, (max-width: 100px) 100vw, 100px\" \/><strong><em><a href=\"https:\/\/www.istitutogalanteoliva.it\/magazine\/?s=flavio+pezzella+\" target=\"_blank\" rel=\"noreferrer noopener\">Flavio Pezzella<\/a><\/em><\/strong><\/p>\n<div class=\"pdfprnt-buttons pdfprnt-buttons-post pdfprnt-bottom-left\"><a href=\"https:\/\/www.istitutogalanteoliva.it\/magazine\/wp-json\/wp\/v2\/posts\/12755?print=print\" class=\"pdfprnt-button pdfprnt-button-print\" target=\"_blank\"><img decoding=\"async\" src=\"https:\/\/www.istitutogalanteoliva.it\/magazine\/wp-content\/plugins\/pdf-print\/images\/print.png\" alt=\"image_print\" title=\"Stampa contenuto\" \/><span class=\"pdfprnt-button-title pdfprnt-button-print-title\">Download in PDF<\/span><\/a><\/div>","protected":false},"excerpt":{"rendered":"<p>Con lei ne \u00e8 andato via un esempio di devozione alla vita anche per i pi\u00f9 giovani<\/p>\n","protected":false},"author":2,"featured_media":12759,"comment_status":"closed","ping_status":"open","sticky":true,"template":"","format":"standard","meta":{"footnotes":""},"categories":[577,21],"tags":[],"class_list":["post-12755","post","type-post","status-publish","format-standard","has-post-thumbnail","hentry","category-577","category-personaggi"],"yoast_head":"<!-- This site is optimized with the Yoast SEO plugin v24.2 - https:\/\/yoast.com\/wordpress\/plugins\/seo\/ -->\n<title>Elisabetta, la Regina che amava lo sport - Polis SA Magazine<\/title>\n<meta name=\"robots\" content=\"index, follow, max-snippet:-1, max-image-preview:large, max-video-preview:-1\" \/>\n<link rel=\"canonical\" href=\"https:\/\/www.istitutogalanteoliva.it\/magazine\/2022\/09\/18\/elisabetta-la-regina-che-amava-lo-sport\/\" \/>\n<meta property=\"og:locale\" content=\"it_IT\" \/>\n<meta property=\"og:type\" content=\"article\" \/>\n<meta property=\"og:title\" content=\"Elisabetta, la Regina che amava lo sport - Polis SA Magazine\" \/>\n<meta property=\"og:description\" content=\"Con lei ne \u00e8 andato via un esempio di devozione alla vita anche per i pi\u00f9 giovani\" \/>\n<meta property=\"og:url\" content=\"https:\/\/www.istitutogalanteoliva.it\/magazine\/2022\/09\/18\/elisabetta-la-regina-che-amava-lo-sport\/\" \/>\n<meta property=\"og:site_name\" content=\"Polis SA Magazine\" \/>\n<meta property=\"article:publisher\" content=\"https:\/\/www.facebook.com\/PolisSAMagazine\/\" \/>\n<meta property=\"article:published_time\" content=\"2022-09-18T06:00:00+00:00\" \/>\n<meta property=\"article:modified_time\" content=\"2022-09-17T18:20:25+00:00\" \/>\n<meta property=\"og:image\" content=\"https:\/\/www.istitutogalanteoliva.it\/magazine\/wp-content\/uploads\/2022\/09\/elisabetta-4-1.jpg\" \/>\n\t<meta property=\"og:image:width\" content=\"1200\" \/>\n\t<meta property=\"og:image:height\" content=\"675\" \/>\n\t<meta property=\"og:image:type\" content=\"image\/jpeg\" \/>\n<meta name=\"author\" content=\"Antonello Rivano\" \/>\n<meta name=\"twitter:card\" content=\"summary_large_image\" \/>\n<meta name=\"twitter:creator\" content=\"@MagazinePolis\" \/>\n<meta name=\"twitter:site\" content=\"@MagazinePolis\" \/>\n<meta name=\"twitter:label1\" content=\"Scritto da\" \/>\n\t<meta name=\"twitter:data1\" content=\"Antonello Rivano\" \/>\n\t<meta name=\"twitter:label2\" content=\"Tempo di lettura stimato\" \/>\n\t<meta name=\"twitter:data2\" content=\"5 minuti\" \/>\n<script type=\"application\/ld+json\" class=\"yoast-schema-graph\">{\"@context\":\"https:\/\/schema.org\",\"@graph\":[{\"@type\":\"Article\",\"@id\":\"https:\/\/www.istitutogalanteoliva.it\/magazine\/2022\/09\/18\/elisabetta-la-regina-che-amava-lo-sport\/#article\",\"isPartOf\":{\"@id\":\"https:\/\/www.istitutogalanteoliva.it\/magazine\/2022\/09\/18\/elisabetta-la-regina-che-amava-lo-sport\/\"},\"author\":{\"name\":\"Antonello Rivano\",\"@id\":\"https:\/\/www.istitutogalanteoliva.it\/magazine\/#\/schema\/person\/d8b8aa79cfe8babc1df9da3212a7c0c4\"},\"headline\":\"Elisabetta, la Regina che amava lo sport\",\"datePublished\":\"2022-09-18T06:00:00+00:00\",\"dateModified\":\"2022-09-17T18:20:25+00:00\",\"mainEntityOfPage\":{\"@id\":\"https:\/\/www.istitutogalanteoliva.it\/magazine\/2022\/09\/18\/elisabetta-la-regina-che-amava-lo-sport\/\"},\"wordCount\":606,\"publisher\":{\"@id\":\"https:\/\/www.istitutogalanteoliva.it\/magazine\/#organization\"},\"image\":{\"@id\":\"https:\/\/www.istitutogalanteoliva.it\/magazine\/2022\/09\/18\/elisabetta-la-regina-che-amava-lo-sport\/#primaryimage\"},\"thumbnailUrl\":\"https:\/\/www.istitutogalanteoliva.it\/magazine\/wp-content\/uploads\/2022\/09\/elisabetta-4-1.jpg\",\"articleSection\":[\"2022\",\"Personaggi\"],\"inLanguage\":\"it-IT\"},{\"@type\":\"WebPage\",\"@id\":\"https:\/\/www.istitutogalanteoliva.it\/magazine\/2022\/09\/18\/elisabetta-la-regina-che-amava-lo-sport\/\",\"url\":\"https:\/\/www.istitutogalanteoliva.it\/magazine\/2022\/09\/18\/elisabetta-la-regina-che-amava-lo-sport\/\",\"name\":\"Elisabetta, la Regina che amava lo sport - Polis SA Magazine\",\"isPartOf\":{\"@id\":\"https:\/\/www.istitutogalanteoliva.it\/magazine\/#website\"},\"primaryImageOfPage\":{\"@id\":\"https:\/\/www.istitutogalanteoliva.it\/magazine\/2022\/09\/18\/elisabetta-la-regina-che-amava-lo-sport\/#primaryimage\"},\"image\":{\"@id\":\"https:\/\/www.istitutogalanteoliva.it\/magazine\/2022\/09\/18\/elisabetta-la-regina-che-amava-lo-sport\/#primaryimage\"},\"thumbnailUrl\":\"https:\/\/www.istitutogalanteoliva.it\/magazine\/wp-content\/uploads\/2022\/09\/elisabetta-4-1.jpg\",\"datePublished\":\"2022-09-18T06:00:00+00:00\",\"dateModified\":\"2022-09-17T18:20:25+00:00\",\"breadcrumb\":{\"@id\":\"https:\/\/www.istitutogalanteoliva.it\/magazine\/2022\/09\/18\/elisabetta-la-regina-che-amava-lo-sport\/#breadcrumb\"},\"inLanguage\":\"it-IT\",\"potentialAction\":[{\"@type\":\"ReadAction\",\"target\":[\"https:\/\/www.istitutogalanteoliva.it\/magazine\/2022\/09\/18\/elisabetta-la-regina-che-amava-lo-sport\/\"]}]},{\"@type\":\"ImageObject\",\"inLanguage\":\"it-IT\",\"@id\":\"https:\/\/www.istitutogalanteoliva.it\/magazine\/2022\/09\/18\/elisabetta-la-regina-che-amava-lo-sport\/#primaryimage\",\"url\":\"https:\/\/www.istitutogalanteoliva.it\/magazine\/wp-content\/uploads\/2022\/09\/elisabetta-4-1.jpg\",\"contentUrl\":\"https:\/\/www.istitutogalanteoliva.it\/magazine\/wp-content\/uploads\/2022\/09\/elisabetta-4-1.jpg\",\"width\":1200,\"height\":675},{\"@type\":\"BreadcrumbList\",\"@id\":\"https:\/\/www.istitutogalanteoliva.it\/magazine\/2022\/09\/18\/elisabetta-la-regina-che-amava-lo-sport\/#breadcrumb\",\"itemListElement\":[{\"@type\":\"ListItem\",\"position\":1,\"name\":\"Home\",\"item\":\"https:\/\/www.istitutogalanteoliva.it\/magazine\/\"},{\"@type\":\"ListItem\",\"position\":2,\"name\":\"Elisabetta, la Regina che amava lo sport\"}]},{\"@type\":\"WebSite\",\"@id\":\"https:\/\/www.istitutogalanteoliva.it\/magazine\/#website\",\"url\":\"https:\/\/www.istitutogalanteoliva.it\/magazine\/\",\"name\":\"POLIS SA MAGAZINE\",\"description\":\"Informazione e approfondimenti\",\"publisher\":{\"@id\":\"https:\/\/www.istitutogalanteoliva.it\/magazine\/#organization\"},\"potentialAction\":[{\"@type\":\"SearchAction\",\"target\":{\"@type\":\"EntryPoint\",\"urlTemplate\":\"https:\/\/www.istitutogalanteoliva.it\/magazine\/?s={search_term_string}\"},\"query-input\":{\"@type\":\"PropertyValueSpecification\",\"valueRequired\":true,\"valueName\":\"search_term_string\"}}],\"inLanguage\":\"it-IT\"},{\"@type\":\"Organization\",\"@id\":\"https:\/\/www.istitutogalanteoliva.it\/magazine\/#organization\",\"name\":\"Polis SA Magazine\",\"url\":\"https:\/\/www.istitutogalanteoliva.it\/magazine\/\",\"logo\":{\"@type\":\"ImageObject\",\"inLanguage\":\"it-IT\",\"@id\":\"https:\/\/www.istitutogalanteoliva.it\/magazine\/#\/schema\/logo\/image\/\",\"url\":\"\",\"contentUrl\":\"\",\"caption\":\"Polis SA Magazine\"},\"image\":{\"@id\":\"https:\/\/www.istitutogalanteoliva.it\/magazine\/#\/schema\/logo\/image\/\"},\"sameAs\":[\"https:\/\/www.facebook.com\/PolisSAMagazine\/\",\"https:\/\/x.com\/MagazinePolis\",\"https:\/\/www.youtube.com\/channel\/UCv0Mr5AHKUmsc0sEEXkJrgw\"]},{\"@type\":\"Person\",\"@id\":\"https:\/\/www.istitutogalanteoliva.it\/magazine\/#\/schema\/person\/d8b8aa79cfe8babc1df9da3212a7c0c4\",\"name\":\"Antonello Rivano\",\"image\":{\"@type\":\"ImageObject\",\"inLanguage\":\"it-IT\",\"@id\":\"https:\/\/www.istitutogalanteoliva.it\/magazine\/#\/schema\/person\/image\/\",\"url\":\"https:\/\/secure.gravatar.com\/avatar\/517a9a6487a7a18ecc4ce6d2e57a8f40?s=96&d=mm&r=g\",\"contentUrl\":\"https:\/\/secure.gravatar.com\/avatar\/517a9a6487a7a18ecc4ce6d2e57a8f40?s=96&d=mm&r=g\",\"caption\":\"Antonello Rivano\"},\"url\":\"https:\/\/www.istitutogalanteoliva.it\/magazine\/author\/antonello\/\"}]}<\/script>\n<!-- \/ Yoast SEO plugin. -->","yoast_head_json":{"title":"Elisabetta, la Regina che amava lo sport - Polis SA Magazine","robots":{"index":"index","follow":"follow","max-snippet":"max-snippet:-1","max-image-preview":"max-image-preview:large","max-video-preview":"max-video-preview:-1"},"canonical":"https:\/\/www.istitutogalanteoliva.it\/magazine\/2022\/09\/18\/elisabetta-la-regina-che-amava-lo-sport\/","og_locale":"it_IT","og_type":"article","og_title":"Elisabetta, la Regina che amava lo sport - Polis SA Magazine","og_description":"Con lei ne \u00e8 andato via un esempio di devozione alla vita anche per i pi\u00f9 giovani","og_url":"https:\/\/www.istitutogalanteoliva.it\/magazine\/2022\/09\/18\/elisabetta-la-regina-che-amava-lo-sport\/","og_site_name":"Polis SA Magazine","article_publisher":"https:\/\/www.facebook.com\/PolisSAMagazine\/","article_published_time":"2022-09-18T06:00:00+00:00","article_modified_time":"2022-09-17T18:20:25+00:00","og_image":[{"width":1200,"height":675,"url":"https:\/\/www.istitutogalanteoliva.it\/magazine\/wp-content\/uploads\/2022\/09\/elisabetta-4-1.jpg","type":"image\/jpeg"}],"author":"Antonello Rivano","twitter_card":"summary_large_image","twitter_creator":"@MagazinePolis","twitter_site":"@MagazinePolis","twitter_misc":{"Scritto da":"Antonello Rivano","Tempo di lettura stimato":"5 minuti"},"schema":{"@context":"https:\/\/schema.org","@graph":[{"@type":"Article","@id":"https:\/\/www.istitutogalanteoliva.it\/magazine\/2022\/09\/18\/elisabetta-la-regina-che-amava-lo-sport\/#article","isPartOf":{"@id":"https:\/\/www.istitutogalanteoliva.it\/magazine\/2022\/09\/18\/elisabetta-la-regina-che-amava-lo-sport\/"},"author":{"name":"Antonello Rivano","@id":"https:\/\/www.istitutogalanteoliva.it\/magazine\/#\/schema\/person\/d8b8aa79cfe8babc1df9da3212a7c0c4"},"headline":"Elisabetta, la Regina che amava lo sport","datePublished":"2022-09-18T06:00:00+00:00","dateModified":"2022-09-17T18:20:25+00:00","mainEntityOfPage":{"@id":"https:\/\/www.istitutogalanteoliva.it\/magazine\/2022\/09\/18\/elisabetta-la-regina-che-amava-lo-sport\/"},"wordCount":606,"publisher":{"@id":"https:\/\/www.istitutogalanteoliva.it\/magazine\/#organization"},"image":{"@id":"https:\/\/www.istitutogalanteoliva.it\/magazine\/2022\/09\/18\/elisabetta-la-regina-che-amava-lo-sport\/#primaryimage"},"thumbnailUrl":"https:\/\/www.istitutogalanteoliva.it\/magazine\/wp-content\/uploads\/2022\/09\/elisabetta-4-1.jpg","articleSection":["2022","Personaggi"],"inLanguage":"it-IT"},{"@type":"WebPage","@id":"https:\/\/www.istitutogalanteoliva.it\/magazine\/2022\/09\/18\/elisabetta-la-regina-che-amava-lo-sport\/","url":"https:\/\/www.istitutogalanteoliva.it\/magazine\/2022\/09\/18\/elisabetta-la-regina-che-amava-lo-sport\/","name":"Elisabetta, la Regina che amava lo sport - Polis SA Magazine","isPartOf":{"@id":"https:\/\/www.istitutogalanteoliva.it\/magazine\/#website"},"primaryImageOfPage":{"@id":"https:\/\/www.istitutogalanteoliva.it\/magazine\/2022\/09\/18\/elisabetta-la-regina-che-amava-lo-sport\/#primaryimage"},"image":{"@id":"https:\/\/www.istitutogalanteoliva.it\/magazine\/2022\/09\/18\/elisabetta-la-regina-che-amava-lo-sport\/#primaryimage"},"thumbnailUrl":"https:\/\/www.istitutogalanteoliva.it\/magazine\/wp-content\/uploads\/2022\/09\/elisabetta-4-1.jpg","datePublished":"2022-09-18T06:00:00+00:00","dateModified":"2022-09-17T18:20:25+00:00","breadcrumb":{"@id":"https:\/\/www.istitutogalanteoliva.it\/magazine\/2022\/09\/18\/elisabetta-la-regina-che-amava-lo-sport\/#breadcrumb"},"inLanguage":"it-IT","potentialAction":[{"@type":"ReadAction","target":["https:\/\/www.istitutogalanteoliva.it\/magazine\/2022\/09\/18\/elisabetta-la-regina-che-amava-lo-sport\/"]}]},{"@type":"ImageObject","inLanguage":"it-IT","@id":"https:\/\/www.istitutogalanteoliva.it\/magazine\/2022\/09\/18\/elisabetta-la-regina-che-amava-lo-sport\/#primaryimage","url":"https:\/\/www.istitutogalanteoliva.it\/magazine\/wp-content\/uploads\/2022\/09\/elisabetta-4-1.jpg","contentUrl":"https:\/\/www.istitutogalanteoliva.it\/magazine\/wp-content\/uploads\/2022\/09\/elisabetta-4-1.jpg","width":1200,"height":675},{"@type":"BreadcrumbList","@id":"https:\/\/www.istitutogalanteoliva.it\/magazine\/2022\/09\/18\/elisabetta-la-regina-che-amava-lo-sport\/#breadcrumb","itemListElement":[{"@type":"ListItem","position":1,"name":"Home","item":"https:\/\/www.istitutogalanteoliva.it\/magazine\/"},{"@type":"ListItem","position":2,"name":"Elisabetta, la Regina che amava lo sport"}]},{"@type":"WebSite","@id":"https:\/\/www.istitutogalanteoliva.it\/magazine\/#website","url":"https:\/\/www.istitutogalanteoliva.it\/magazine\/","name":"POLIS SA MAGAZINE","description":"Informazione e approfondimenti","publisher":{"@id":"https:\/\/www.istitutogalanteoliva.it\/magazine\/#organization"},"potentialAction":[{"@type":"SearchAction","target":{"@type":"EntryPoint","urlTemplate":"https:\/\/www.istitutogalanteoliva.it\/magazine\/?s={search_term_string}"},"query-input":{"@type":"PropertyValueSpecification","valueRequired":true,"valueName":"search_term_string"}}],"inLanguage":"it-IT"},{"@type":"Organization","@id":"https:\/\/www.istitutogalanteoliva.it\/magazine\/#organization","name":"Polis SA Magazine","url":"https:\/\/www.istitutogalanteoliva.it\/magazine\/","logo":{"@type":"ImageObject","inLanguage":"it-IT","@id":"https:\/\/www.istitutogalanteoliva.it\/magazine\/#\/schema\/logo\/image\/","url":"","contentUrl":"","caption":"Polis SA Magazine"},"image":{"@id":"https:\/\/www.istitutogalanteoliva.it\/magazine\/#\/schema\/logo\/image\/"},"sameAs":["https:\/\/www.facebook.com\/PolisSAMagazine\/","https:\/\/x.com\/MagazinePolis","https:\/\/www.youtube.com\/channel\/UCv0Mr5AHKUmsc0sEEXkJrgw"]},{"@type":"Person","@id":"https:\/\/www.istitutogalanteoliva.it\/magazine\/#\/schema\/person\/d8b8aa79cfe8babc1df9da3212a7c0c4","name":"Antonello Rivano","image":{"@type":"ImageObject","inLanguage":"it-IT","@id":"https:\/\/www.istitutogalanteoliva.it\/magazine\/#\/schema\/person\/image\/","url":"https:\/\/secure.gravatar.com\/avatar\/517a9a6487a7a18ecc4ce6d2e57a8f40?s=96&d=mm&r=g","contentUrl":"https:\/\/secure.gravatar.com\/avatar\/517a9a6487a7a18ecc4ce6d2e57a8f40?s=96&d=mm&r=g","caption":"Antonello Rivano"},"url":"https:\/\/www.istitutogalanteoliva.it\/magazine\/author\/antonello\/"}]}},"_links":{"self":[{"href":"https:\/\/www.istitutogalanteoliva.it\/magazine\/wp-json\/wp\/v2\/posts\/12755","targetHints":{"allow":["GET"]}}],"collection":[{"href":"https:\/\/www.istitutogalanteoliva.it\/magazine\/wp-json\/wp\/v2\/posts"}],"about":[{"href":"https:\/\/www.istitutogalanteoliva.it\/magazine\/wp-json\/wp\/v2\/types\/post"}],"author":[{"embeddable":true,"href":"https:\/\/www.istitutogalanteoliva.it\/magazine\/wp-json\/wp\/v2\/users\/2"}],"replies":[{"embeddable":true,"href":"https:\/\/www.istitutogalanteoliva.it\/magazine\/wp-json\/wp\/v2\/comments?post=12755"}],"version-history":[{"count":1,"href":"https:\/\/www.istitutogalanteoliva.it\/magazine\/wp-json\/wp\/v2\/posts\/12755\/revisions"}],"predecessor-version":[{"id":12765,"href":"https:\/\/www.istitutogalanteoliva.it\/magazine\/wp-json\/wp\/v2\/posts\/12755\/revisions\/12765"}],"wp:featuredmedia":[{"embeddable":true,"href":"https:\/\/www.istitutogalanteoliva.it\/magazine\/wp-json\/wp\/v2\/media\/12759"}],"wp:attachment":[{"href":"https:\/\/www.istitutogalanteoliva.it\/magazine\/wp-json\/wp\/v2\/media?parent=12755"}],"wp:term":[{"taxonomy":"category","embeddable":true,"href":"https:\/\/www.istitutogalanteoliva.it\/magazine\/wp-json\/wp\/v2\/categories?post=12755"},{"taxonomy":"post_tag","embeddable":true,"href":"https:\/\/www.istitutogalanteoliva.it\/magazine\/wp-json\/wp\/v2\/tags?post=12755"}],"curies":[{"name":"wp","href":"https:\/\/api.w.org\/{rel}","templated":true}]}}