{"id":12791,"date":"2022-09-26T08:00:00","date_gmt":"2022-09-26T06:00:00","guid":{"rendered":"https:\/\/www.istitutogalanteoliva.it\/magazine\/?p=12791"},"modified":"2022-09-25T09:34:12","modified_gmt":"2022-09-25T07:34:12","slug":"giorgio-vanni-le-mie-sigle-per-due-generazioni","status":"publish","type":"post","link":"https:\/\/www.istitutogalanteoliva.it\/magazine\/2022\/09\/26\/giorgio-vanni-le-mie-sigle-per-due-generazioni\/","title":{"rendered":"Giorgio Vanni: \u201cLe mie sigle per due generazioni\u201d"},"content":{"rendered":"\n<p>Di Stefano Pignataro<\/p>\n\n\n\n<p class=\"has-drop-cap\">Assistere ad un concerto di Giorgio Vanni (ospite per la decima edizione del FantaExpo) non \u00e8 soltanto emozionante e travolgente per la sua bravura, la sua energia e per la suggestione del rivivere i momenti dei cartoni animati e tutte le sue sigle che sono stati pezzi portanti dell\u2019infanzia di due generazioni, ma anche perch\u00e8 Vanni, da raffinato cantante, \u00e8 capace di riprendere i suoi successi e trasformarli, adattarli e soprattutto raccontarli.<\/p>\n\n\n\n<p>&#8211;<strong>Vanni, la generazione degli anni \u201990, che \u00e8 cresciuta con le tue sigle dai Pok\u00e8mon a Dragon Ball, presenta molte differenze con quella attuale. Come cambia la fruizione dell\u2019animazione e del cartone animato?<\/strong><\/p>\n\n\n\n<p><em>La fruizione cambia perch\u00e9 cambia la mentalit\u00e0 delle persone (in questo caso i ragazzi pi\u00f9 giovani), cambia in base al cambiamento della tecnologia, della societ\u00e0, del sociale, di tutta una serie di elementi. Il cartone animato, per\u00f2, entra sempre nella sfera dell\u2019emozione, dell\u2019emotivit\u00e0, della soddisfazione della fantasia e dell\u2019evasione da una realt\u00e0 che purtroppo oggi \u00e8 sempre pi\u00f9 brutta e superficiale. Il cartone animato ha sempre avuto questa funzione ed \u00e8 amato e studiato soprattutto dai giovanissimi, in particolar modo i Manga. Il Mondo del fumetto e le sue mostre, inoltre, \u00e8 un Mondo in continua crescita ed espansione.<\/em><\/p>\n\n\n\n<p><strong>-Un mondo che \u00e8 una continua ispirazione anche per te e la tua musica<\/strong><em>\u2026<\/em><\/p>\n\n\n\n<p><em>Certo. Io sono il primo che guarda pochissimo i film impegnati, preferisco i film di fantascienza ed i cartoni animati perch\u00e9 ho bisogno di evadere dalla realt\u00e0, di entrare in un\u2019altra realt\u00e0, una realt\u00e0 che mi fa stare un po&#8217; meglio.<\/em><\/p>\n\n\n\n<p>&#8211;<strong>L\u2019Avvento del digitale se da un lato si rivela una straordinaria opportunit\u00e0 di crescita, dall\u2019altro non pensa che rischi di schiacciare l\u2019immaginazione che permette ai giovani di correre sulle ali della fantasia anche attraverso i giocattoli dei loro eroi preferiti?<\/strong><\/p>\n\n\n\n<p><em>Potrebbe succedere anche se il digitale resta una straordinaria innovazione. Io per\u00f2 credo che la musica sia un perfetto amalgama tra tutto e poi io vedo sempre il bicchiere mezzo pieno. A mio figlio di 18 anni (l\u2019altra ha 31 anni e fa la regista) dico sempre di essere curioso, di non essere perfetto, di lasciarsi andare ed alle esperienze sane e positive della vita, qualsiasi cosa ti possa incuriosire. Inoltre noto con enorme piacere che tantissimi ragazzini mi seguono non soltanto grazie alle sigle ma anche per altre canzoni o ai video che realizzo con gli youtuber. Ecco che la musica resta un compagno importantissimo, qualunque genere sia.<\/em><\/p>\n\n\n\n<p><strong>-La ricchissima arte del fumetto si pu\u00f2 collocare con tutte le altre arti, dalla Letteratura al cinema?<\/strong><\/p>\n\n\n\n<p><em>Certamente. L\u2019arte \u00e8 arte. Quello che io ho piacere di scoprire ogni giorno \u00e8 che nei fumetti o nei cartoni animati, al di l\u00e0 dei superpoteri, esistono dei concetti e dei valori che io ritrovo sempre di pi\u00f9; in \u201cMy Hero Academia\u201d, ad esempio, abbiamo questo messaggio: vuoi riuscire a fare qualcosa? Ti devi impegnare, a volte anche mettendo in conto la sofferenza, una sofferenza della fatica e dell\u2019impegno che \u00e8 un mezzo importante per arrivare a\u00a0 realizzare i tuoi sogni.<\/em><\/p>\n\n\n\n<p><strong><sup>Tratta da La Citt\u00e0 del 18 Settembre 2022<\/sup><\/strong><\/p>\n\n\n\n<p><img loading=\"lazy\" decoding=\"async\" width=\"100\" height=\"100\" class=\"wp-image-8696\" style=\"width: 100px;\" src=\"https:\/\/www.istitutogalanteoliva.it\/magazine\/wp-content\/uploads\/2021\/07\/Stefano-.jpg\" alt=\"\" srcset=\"https:\/\/www.istitutogalanteoliva.it\/magazine\/wp-content\/uploads\/2021\/07\/Stefano-.jpg 1624w, https:\/\/www.istitutogalanteoliva.it\/magazine\/wp-content\/uploads\/2021\/07\/Stefano--300x300.jpg 300w, https:\/\/www.istitutogalanteoliva.it\/magazine\/wp-content\/uploads\/2021\/07\/Stefano--1024x1024.jpg 1024w, https:\/\/www.istitutogalanteoliva.it\/magazine\/wp-content\/uploads\/2021\/07\/Stefano--150x150.jpg 150w, https:\/\/www.istitutogalanteoliva.it\/magazine\/wp-content\/uploads\/2021\/07\/Stefano--768x768.jpg 768w, https:\/\/www.istitutogalanteoliva.it\/magazine\/wp-content\/uploads\/2021\/07\/Stefano--1536x1536.jpg 1536w\" sizes=\"auto, (max-width: 100px) 100vw, 100px\" \/><strong><em><a href=\"https:\/\/www.istitutogalanteoliva.it\/magazine\/?s=Stefano+Pignataro\" target=\"_blank\" rel=\"noreferrer noopener\">Stefano Pignataro<\/a><\/em><\/strong><br><strong><em><sup>Vicecoordinatore Nazionale di redazione\/Coordinatore Sud Italia e Sicilia<\/sup><\/em><\/strong><br><\/p>\n<div class=\"pdfprnt-buttons pdfprnt-buttons-post pdfprnt-bottom-left\"><a href=\"https:\/\/www.istitutogalanteoliva.it\/magazine\/wp-json\/wp\/v2\/posts\/12791?print=print\" class=\"pdfprnt-button pdfprnt-button-print\" target=\"_blank\"><img decoding=\"async\" src=\"https:\/\/www.istitutogalanteoliva.it\/magazine\/wp-content\/plugins\/pdf-print\/images\/print.png\" alt=\"image_print\" title=\"Stampa contenuto\" \/><span class=\"pdfprnt-button-title pdfprnt-button-print-title\">Download in PDF<\/span><\/a><\/div>","protected":false},"excerpt":{"rendered":"<p>Intervista a Giorgio Vanni, ospite della decima edizione del FantaExpo<\/p>\n","protected":false},"author":2,"featured_media":12792,"comment_status":"closed","ping_status":"open","sticky":true,"template":"","format":"standard","meta":{"footnotes":""},"categories":[577,21],"tags":[672,671],"class_list":["post-12791","post","type-post","status-publish","format-standard","has-post-thumbnail","hentry","category-577","category-personaggi","tag-fantaexpo","tag-giorgio-vanni"],"yoast_head":"<!-- This site is optimized with the Yoast SEO plugin v24.2 - https:\/\/yoast.com\/wordpress\/plugins\/seo\/ -->\n<title>Giorgio Vanni: \u201cLe mie sigle per due generazioni\u201d - Polis SA Magazine<\/title>\n<meta name=\"description\" content=\"Intervista a Giorgio Vanni, ospite della decima edizione del FantaExpo\" \/>\n<meta name=\"robots\" content=\"index, follow, max-snippet:-1, max-image-preview:large, max-video-preview:-1\" \/>\n<link rel=\"canonical\" href=\"https:\/\/www.istitutogalanteoliva.it\/magazine\/2022\/09\/26\/giorgio-vanni-le-mie-sigle-per-due-generazioni\/\" \/>\n<meta property=\"og:locale\" content=\"it_IT\" \/>\n<meta property=\"og:type\" content=\"article\" \/>\n<meta property=\"og:title\" content=\"Giorgio Vanni: \u201cLe mie sigle per due generazioni\u201d - Polis SA Magazine\" \/>\n<meta property=\"og:description\" content=\"Intervista a Giorgio Vanni, ospite della decima edizione del FantaExpo\" \/>\n<meta property=\"og:url\" content=\"https:\/\/www.istitutogalanteoliva.it\/magazine\/2022\/09\/26\/giorgio-vanni-le-mie-sigle-per-due-generazioni\/\" \/>\n<meta property=\"og:site_name\" content=\"Polis SA Magazine\" \/>\n<meta property=\"article:publisher\" content=\"https:\/\/www.facebook.com\/PolisSAMagazine\/\" \/>\n<meta property=\"article:published_time\" content=\"2022-09-26T06:00:00+00:00\" \/>\n<meta property=\"article:modified_time\" content=\"2022-09-25T07:34:12+00:00\" \/>\n<meta property=\"og:image\" content=\"https:\/\/www.istitutogalanteoliva.it\/magazine\/wp-content\/uploads\/2022\/09\/Senza-titolo-1-4.jpg\" \/>\n\t<meta property=\"og:image:width\" content=\"700\" \/>\n\t<meta property=\"og:image:height\" content=\"380\" \/>\n\t<meta property=\"og:image:type\" content=\"image\/jpeg\" \/>\n<meta name=\"author\" content=\"Antonello Rivano\" \/>\n<meta name=\"twitter:card\" content=\"summary_large_image\" \/>\n<meta name=\"twitter:creator\" content=\"@MagazinePolis\" \/>\n<meta name=\"twitter:site\" content=\"@MagazinePolis\" \/>\n<meta name=\"twitter:label1\" content=\"Scritto da\" \/>\n\t<meta name=\"twitter:data1\" content=\"Antonello Rivano\" \/>\n\t<meta name=\"twitter:label2\" content=\"Tempo di lettura stimato\" \/>\n\t<meta name=\"twitter:data2\" content=\"3 minuti\" \/>\n<script type=\"application\/ld+json\" class=\"yoast-schema-graph\">{\"@context\":\"https:\/\/schema.org\",\"@graph\":[{\"@type\":\"Article\",\"@id\":\"https:\/\/www.istitutogalanteoliva.it\/magazine\/2022\/09\/26\/giorgio-vanni-le-mie-sigle-per-due-generazioni\/#article\",\"isPartOf\":{\"@id\":\"https:\/\/www.istitutogalanteoliva.it\/magazine\/2022\/09\/26\/giorgio-vanni-le-mie-sigle-per-due-generazioni\/\"},\"author\":{\"name\":\"Antonello Rivano\",\"@id\":\"https:\/\/www.istitutogalanteoliva.it\/magazine\/#\/schema\/person\/d8b8aa79cfe8babc1df9da3212a7c0c4\"},\"headline\":\"Giorgio Vanni: \u201cLe mie sigle per due generazioni\u201d\",\"datePublished\":\"2022-09-26T06:00:00+00:00\",\"dateModified\":\"2022-09-25T07:34:12+00:00\",\"mainEntityOfPage\":{\"@id\":\"https:\/\/www.istitutogalanteoliva.it\/magazine\/2022\/09\/26\/giorgio-vanni-le-mie-sigle-per-due-generazioni\/\"},\"wordCount\":523,\"publisher\":{\"@id\":\"https:\/\/www.istitutogalanteoliva.it\/magazine\/#organization\"},\"image\":{\"@id\":\"https:\/\/www.istitutogalanteoliva.it\/magazine\/2022\/09\/26\/giorgio-vanni-le-mie-sigle-per-due-generazioni\/#primaryimage\"},\"thumbnailUrl\":\"https:\/\/www.istitutogalanteoliva.it\/magazine\/wp-content\/uploads\/2022\/09\/Senza-titolo-1-4.jpg\",\"keywords\":[\"FantaExpo\",\"Giorgio Vanni\"],\"articleSection\":[\"2022\",\"Personaggi\"],\"inLanguage\":\"it-IT\"},{\"@type\":\"WebPage\",\"@id\":\"https:\/\/www.istitutogalanteoliva.it\/magazine\/2022\/09\/26\/giorgio-vanni-le-mie-sigle-per-due-generazioni\/\",\"url\":\"https:\/\/www.istitutogalanteoliva.it\/magazine\/2022\/09\/26\/giorgio-vanni-le-mie-sigle-per-due-generazioni\/\",\"name\":\"Giorgio Vanni: \u201cLe mie sigle per due generazioni\u201d - Polis SA Magazine\",\"isPartOf\":{\"@id\":\"https:\/\/www.istitutogalanteoliva.it\/magazine\/#website\"},\"primaryImageOfPage\":{\"@id\":\"https:\/\/www.istitutogalanteoliva.it\/magazine\/2022\/09\/26\/giorgio-vanni-le-mie-sigle-per-due-generazioni\/#primaryimage\"},\"image\":{\"@id\":\"https:\/\/www.istitutogalanteoliva.it\/magazine\/2022\/09\/26\/giorgio-vanni-le-mie-sigle-per-due-generazioni\/#primaryimage\"},\"thumbnailUrl\":\"https:\/\/www.istitutogalanteoliva.it\/magazine\/wp-content\/uploads\/2022\/09\/Senza-titolo-1-4.jpg\",\"datePublished\":\"2022-09-26T06:00:00+00:00\",\"dateModified\":\"2022-09-25T07:34:12+00:00\",\"description\":\"Intervista a Giorgio Vanni, ospite della decima edizione del FantaExpo\",\"breadcrumb\":{\"@id\":\"https:\/\/www.istitutogalanteoliva.it\/magazine\/2022\/09\/26\/giorgio-vanni-le-mie-sigle-per-due-generazioni\/#breadcrumb\"},\"inLanguage\":\"it-IT\",\"potentialAction\":[{\"@type\":\"ReadAction\",\"target\":[\"https:\/\/www.istitutogalanteoliva.it\/magazine\/2022\/09\/26\/giorgio-vanni-le-mie-sigle-per-due-generazioni\/\"]}]},{\"@type\":\"ImageObject\",\"inLanguage\":\"it-IT\",\"@id\":\"https:\/\/www.istitutogalanteoliva.it\/magazine\/2022\/09\/26\/giorgio-vanni-le-mie-sigle-per-due-generazioni\/#primaryimage\",\"url\":\"https:\/\/www.istitutogalanteoliva.it\/magazine\/wp-content\/uploads\/2022\/09\/Senza-titolo-1-4.jpg\",\"contentUrl\":\"https:\/\/www.istitutogalanteoliva.it\/magazine\/wp-content\/uploads\/2022\/09\/Senza-titolo-1-4.jpg\",\"width\":700,\"height\":380,\"caption\":\"Giorgio Vanni\"},{\"@type\":\"BreadcrumbList\",\"@id\":\"https:\/\/www.istitutogalanteoliva.it\/magazine\/2022\/09\/26\/giorgio-vanni-le-mie-sigle-per-due-generazioni\/#breadcrumb\",\"itemListElement\":[{\"@type\":\"ListItem\",\"position\":1,\"name\":\"Home\",\"item\":\"https:\/\/www.istitutogalanteoliva.it\/magazine\/\"},{\"@type\":\"ListItem\",\"position\":2,\"name\":\"Giorgio Vanni: \u201cLe mie sigle per due generazioni\u201d\"}]},{\"@type\":\"WebSite\",\"@id\":\"https:\/\/www.istitutogalanteoliva.it\/magazine\/#website\",\"url\":\"https:\/\/www.istitutogalanteoliva.it\/magazine\/\",\"name\":\"POLIS SA MAGAZINE\",\"description\":\"Informazione e approfondimenti\",\"publisher\":{\"@id\":\"https:\/\/www.istitutogalanteoliva.it\/magazine\/#organization\"},\"potentialAction\":[{\"@type\":\"SearchAction\",\"target\":{\"@type\":\"EntryPoint\",\"urlTemplate\":\"https:\/\/www.istitutogalanteoliva.it\/magazine\/?s={search_term_string}\"},\"query-input\":{\"@type\":\"PropertyValueSpecification\",\"valueRequired\":true,\"valueName\":\"search_term_string\"}}],\"inLanguage\":\"it-IT\"},{\"@type\":\"Organization\",\"@id\":\"https:\/\/www.istitutogalanteoliva.it\/magazine\/#organization\",\"name\":\"Polis SA Magazine\",\"url\":\"https:\/\/www.istitutogalanteoliva.it\/magazine\/\",\"logo\":{\"@type\":\"ImageObject\",\"inLanguage\":\"it-IT\",\"@id\":\"https:\/\/www.istitutogalanteoliva.it\/magazine\/#\/schema\/logo\/image\/\",\"url\":\"\",\"contentUrl\":\"\",\"caption\":\"Polis SA Magazine\"},\"image\":{\"@id\":\"https:\/\/www.istitutogalanteoliva.it\/magazine\/#\/schema\/logo\/image\/\"},\"sameAs\":[\"https:\/\/www.facebook.com\/PolisSAMagazine\/\",\"https:\/\/x.com\/MagazinePolis\",\"https:\/\/www.youtube.com\/channel\/UCv0Mr5AHKUmsc0sEEXkJrgw\"]},{\"@type\":\"Person\",\"@id\":\"https:\/\/www.istitutogalanteoliva.it\/magazine\/#\/schema\/person\/d8b8aa79cfe8babc1df9da3212a7c0c4\",\"name\":\"Antonello Rivano\",\"image\":{\"@type\":\"ImageObject\",\"inLanguage\":\"it-IT\",\"@id\":\"https:\/\/www.istitutogalanteoliva.it\/magazine\/#\/schema\/person\/image\/\",\"url\":\"https:\/\/secure.gravatar.com\/avatar\/517a9a6487a7a18ecc4ce6d2e57a8f40?s=96&d=mm&r=g\",\"contentUrl\":\"https:\/\/secure.gravatar.com\/avatar\/517a9a6487a7a18ecc4ce6d2e57a8f40?s=96&d=mm&r=g\",\"caption\":\"Antonello Rivano\"},\"url\":\"https:\/\/www.istitutogalanteoliva.it\/magazine\/author\/antonello\/\"}]}<\/script>\n<!-- \/ Yoast SEO plugin. -->","yoast_head_json":{"title":"Giorgio Vanni: \u201cLe mie sigle per due generazioni\u201d - Polis SA Magazine","description":"Intervista a Giorgio Vanni, ospite della decima edizione del FantaExpo","robots":{"index":"index","follow":"follow","max-snippet":"max-snippet:-1","max-image-preview":"max-image-preview:large","max-video-preview":"max-video-preview:-1"},"canonical":"https:\/\/www.istitutogalanteoliva.it\/magazine\/2022\/09\/26\/giorgio-vanni-le-mie-sigle-per-due-generazioni\/","og_locale":"it_IT","og_type":"article","og_title":"Giorgio Vanni: \u201cLe mie sigle per due generazioni\u201d - Polis SA Magazine","og_description":"Intervista a Giorgio Vanni, ospite della decima edizione del FantaExpo","og_url":"https:\/\/www.istitutogalanteoliva.it\/magazine\/2022\/09\/26\/giorgio-vanni-le-mie-sigle-per-due-generazioni\/","og_site_name":"Polis SA Magazine","article_publisher":"https:\/\/www.facebook.com\/PolisSAMagazine\/","article_published_time":"2022-09-26T06:00:00+00:00","article_modified_time":"2022-09-25T07:34:12+00:00","og_image":[{"width":700,"height":380,"url":"https:\/\/www.istitutogalanteoliva.it\/magazine\/wp-content\/uploads\/2022\/09\/Senza-titolo-1-4.jpg","type":"image\/jpeg"}],"author":"Antonello Rivano","twitter_card":"summary_large_image","twitter_creator":"@MagazinePolis","twitter_site":"@MagazinePolis","twitter_misc":{"Scritto da":"Antonello Rivano","Tempo di lettura stimato":"3 minuti"},"schema":{"@context":"https:\/\/schema.org","@graph":[{"@type":"Article","@id":"https:\/\/www.istitutogalanteoliva.it\/magazine\/2022\/09\/26\/giorgio-vanni-le-mie-sigle-per-due-generazioni\/#article","isPartOf":{"@id":"https:\/\/www.istitutogalanteoliva.it\/magazine\/2022\/09\/26\/giorgio-vanni-le-mie-sigle-per-due-generazioni\/"},"author":{"name":"Antonello Rivano","@id":"https:\/\/www.istitutogalanteoliva.it\/magazine\/#\/schema\/person\/d8b8aa79cfe8babc1df9da3212a7c0c4"},"headline":"Giorgio Vanni: \u201cLe mie sigle per due generazioni\u201d","datePublished":"2022-09-26T06:00:00+00:00","dateModified":"2022-09-25T07:34:12+00:00","mainEntityOfPage":{"@id":"https:\/\/www.istitutogalanteoliva.it\/magazine\/2022\/09\/26\/giorgio-vanni-le-mie-sigle-per-due-generazioni\/"},"wordCount":523,"publisher":{"@id":"https:\/\/www.istitutogalanteoliva.it\/magazine\/#organization"},"image":{"@id":"https:\/\/www.istitutogalanteoliva.it\/magazine\/2022\/09\/26\/giorgio-vanni-le-mie-sigle-per-due-generazioni\/#primaryimage"},"thumbnailUrl":"https:\/\/www.istitutogalanteoliva.it\/magazine\/wp-content\/uploads\/2022\/09\/Senza-titolo-1-4.jpg","keywords":["FantaExpo","Giorgio Vanni"],"articleSection":["2022","Personaggi"],"inLanguage":"it-IT"},{"@type":"WebPage","@id":"https:\/\/www.istitutogalanteoliva.it\/magazine\/2022\/09\/26\/giorgio-vanni-le-mie-sigle-per-due-generazioni\/","url":"https:\/\/www.istitutogalanteoliva.it\/magazine\/2022\/09\/26\/giorgio-vanni-le-mie-sigle-per-due-generazioni\/","name":"Giorgio Vanni: \u201cLe mie sigle per due generazioni\u201d - Polis SA Magazine","isPartOf":{"@id":"https:\/\/www.istitutogalanteoliva.it\/magazine\/#website"},"primaryImageOfPage":{"@id":"https:\/\/www.istitutogalanteoliva.it\/magazine\/2022\/09\/26\/giorgio-vanni-le-mie-sigle-per-due-generazioni\/#primaryimage"},"image":{"@id":"https:\/\/www.istitutogalanteoliva.it\/magazine\/2022\/09\/26\/giorgio-vanni-le-mie-sigle-per-due-generazioni\/#primaryimage"},"thumbnailUrl":"https:\/\/www.istitutogalanteoliva.it\/magazine\/wp-content\/uploads\/2022\/09\/Senza-titolo-1-4.jpg","datePublished":"2022-09-26T06:00:00+00:00","dateModified":"2022-09-25T07:34:12+00:00","description":"Intervista a Giorgio Vanni, ospite della decima edizione del FantaExpo","breadcrumb":{"@id":"https:\/\/www.istitutogalanteoliva.it\/magazine\/2022\/09\/26\/giorgio-vanni-le-mie-sigle-per-due-generazioni\/#breadcrumb"},"inLanguage":"it-IT","potentialAction":[{"@type":"ReadAction","target":["https:\/\/www.istitutogalanteoliva.it\/magazine\/2022\/09\/26\/giorgio-vanni-le-mie-sigle-per-due-generazioni\/"]}]},{"@type":"ImageObject","inLanguage":"it-IT","@id":"https:\/\/www.istitutogalanteoliva.it\/magazine\/2022\/09\/26\/giorgio-vanni-le-mie-sigle-per-due-generazioni\/#primaryimage","url":"https:\/\/www.istitutogalanteoliva.it\/magazine\/wp-content\/uploads\/2022\/09\/Senza-titolo-1-4.jpg","contentUrl":"https:\/\/www.istitutogalanteoliva.it\/magazine\/wp-content\/uploads\/2022\/09\/Senza-titolo-1-4.jpg","width":700,"height":380,"caption":"Giorgio Vanni"},{"@type":"BreadcrumbList","@id":"https:\/\/www.istitutogalanteoliva.it\/magazine\/2022\/09\/26\/giorgio-vanni-le-mie-sigle-per-due-generazioni\/#breadcrumb","itemListElement":[{"@type":"ListItem","position":1,"name":"Home","item":"https:\/\/www.istitutogalanteoliva.it\/magazine\/"},{"@type":"ListItem","position":2,"name":"Giorgio Vanni: \u201cLe mie sigle per due generazioni\u201d"}]},{"@type":"WebSite","@id":"https:\/\/www.istitutogalanteoliva.it\/magazine\/#website","url":"https:\/\/www.istitutogalanteoliva.it\/magazine\/","name":"POLIS SA MAGAZINE","description":"Informazione e approfondimenti","publisher":{"@id":"https:\/\/www.istitutogalanteoliva.it\/magazine\/#organization"},"potentialAction":[{"@type":"SearchAction","target":{"@type":"EntryPoint","urlTemplate":"https:\/\/www.istitutogalanteoliva.it\/magazine\/?s={search_term_string}"},"query-input":{"@type":"PropertyValueSpecification","valueRequired":true,"valueName":"search_term_string"}}],"inLanguage":"it-IT"},{"@type":"Organization","@id":"https:\/\/www.istitutogalanteoliva.it\/magazine\/#organization","name":"Polis SA Magazine","url":"https:\/\/www.istitutogalanteoliva.it\/magazine\/","logo":{"@type":"ImageObject","inLanguage":"it-IT","@id":"https:\/\/www.istitutogalanteoliva.it\/magazine\/#\/schema\/logo\/image\/","url":"","contentUrl":"","caption":"Polis SA Magazine"},"image":{"@id":"https:\/\/www.istitutogalanteoliva.it\/magazine\/#\/schema\/logo\/image\/"},"sameAs":["https:\/\/www.facebook.com\/PolisSAMagazine\/","https:\/\/x.com\/MagazinePolis","https:\/\/www.youtube.com\/channel\/UCv0Mr5AHKUmsc0sEEXkJrgw"]},{"@type":"Person","@id":"https:\/\/www.istitutogalanteoliva.it\/magazine\/#\/schema\/person\/d8b8aa79cfe8babc1df9da3212a7c0c4","name":"Antonello Rivano","image":{"@type":"ImageObject","inLanguage":"it-IT","@id":"https:\/\/www.istitutogalanteoliva.it\/magazine\/#\/schema\/person\/image\/","url":"https:\/\/secure.gravatar.com\/avatar\/517a9a6487a7a18ecc4ce6d2e57a8f40?s=96&d=mm&r=g","contentUrl":"https:\/\/secure.gravatar.com\/avatar\/517a9a6487a7a18ecc4ce6d2e57a8f40?s=96&d=mm&r=g","caption":"Antonello Rivano"},"url":"https:\/\/www.istitutogalanteoliva.it\/magazine\/author\/antonello\/"}]}},"_links":{"self":[{"href":"https:\/\/www.istitutogalanteoliva.it\/magazine\/wp-json\/wp\/v2\/posts\/12791","targetHints":{"allow":["GET"]}}],"collection":[{"href":"https:\/\/www.istitutogalanteoliva.it\/magazine\/wp-json\/wp\/v2\/posts"}],"about":[{"href":"https:\/\/www.istitutogalanteoliva.it\/magazine\/wp-json\/wp\/v2\/types\/post"}],"author":[{"embeddable":true,"href":"https:\/\/www.istitutogalanteoliva.it\/magazine\/wp-json\/wp\/v2\/users\/2"}],"replies":[{"embeddable":true,"href":"https:\/\/www.istitutogalanteoliva.it\/magazine\/wp-json\/wp\/v2\/comments?post=12791"}],"version-history":[{"count":1,"href":"https:\/\/www.istitutogalanteoliva.it\/magazine\/wp-json\/wp\/v2\/posts\/12791\/revisions"}],"predecessor-version":[{"id":12793,"href":"https:\/\/www.istitutogalanteoliva.it\/magazine\/wp-json\/wp\/v2\/posts\/12791\/revisions\/12793"}],"wp:featuredmedia":[{"embeddable":true,"href":"https:\/\/www.istitutogalanteoliva.it\/magazine\/wp-json\/wp\/v2\/media\/12792"}],"wp:attachment":[{"href":"https:\/\/www.istitutogalanteoliva.it\/magazine\/wp-json\/wp\/v2\/media?parent=12791"}],"wp:term":[{"taxonomy":"category","embeddable":true,"href":"https:\/\/www.istitutogalanteoliva.it\/magazine\/wp-json\/wp\/v2\/categories?post=12791"},{"taxonomy":"post_tag","embeddable":true,"href":"https:\/\/www.istitutogalanteoliva.it\/magazine\/wp-json\/wp\/v2\/tags?post=12791"}],"curies":[{"name":"wp","href":"https:\/\/api.w.org\/{rel}","templated":true}]}}