{"id":12804,"date":"2022-09-27T08:00:00","date_gmt":"2022-09-27T06:00:00","guid":{"rendered":"https:\/\/www.istitutogalanteoliva.it\/magazine\/?p=12804"},"modified":"2022-09-26T19:15:07","modified_gmt":"2022-09-26T17:15:07","slug":"luccicanza-larte-celebra-il-design-a-venezia","status":"publish","type":"post","link":"https:\/\/www.istitutogalanteoliva.it\/magazine\/2022\/09\/27\/luccicanza-larte-celebra-il-design-a-venezia\/","title":{"rendered":"\u201cLuccicanza\u201d: l\u2019Arte celebra il Design a Venezia"},"content":{"rendered":"\n<p><strong>di <em>Michele Citro<\/em> e<\/strong> <strong><em>Nicoletta Lamberti<\/em><\/strong><\/p>\n\n\n\n<p><strong><em><u>\u201cLuccicanza\u201d<\/u><\/em><u>, in inglese <\/u><em><u>\u201cshining\u201d<\/u><\/em><u>.<\/u><\/strong> Come non pensare al noto bestseller di Stephen King o al cult cinematografico ambientato nel mistico e spettrale Overlook Hotel. Eppure, in questo caso, esclusa l\u2019affinit\u00e0 di luogo, ovvero l\u2019albergo, la luccicanza di cui si parla, poco o nulla ha in comune con i presagi demoniaci di kubrickiana memoria. \u00c8 un termine chiamato a definire un concetto estetico pi\u00f9 profondo rispetto alla semplice e mera lucentezza, riflesso o reazione fisica ad una luce esterna e altra rispetto all\u2019oggetto riflettente. Essa \u00e8 concepita come una propriet\u00e0 della cosa o della persona, un dono intrinseco, originale e originario, la presenza in s\u00e9 di uno spirito superiore, di una differenza sostanziale ed essenziale. Le opere di design, come le cose d\u2019arte, i cosiddetti <em>\u201cartefatti\u201d,<\/em> non sono cose semplici e, ancor meno, <em>\u201csemplici\u201d<\/em> cose, sono dotate di quel \u201cquid\u201d, di quell\u2019impetus primordiale che \u00e8, appunto, la luccicanza.<\/p>\n\n\n\n<figure class=\"wp-block-image size-full is-resized\"><img loading=\"lazy\" decoding=\"async\" src=\"https:\/\/www.istitutogalanteoliva.it\/magazine\/wp-content\/uploads\/2022\/09\/Gianluca-Iaione-2.png\" alt=\"\" class=\"wp-image-12807\" width=\"303\" height=\"303\" srcset=\"https:\/\/www.istitutogalanteoliva.it\/magazine\/wp-content\/uploads\/2022\/09\/Gianluca-Iaione-2.png 450w, https:\/\/www.istitutogalanteoliva.it\/magazine\/wp-content\/uploads\/2022\/09\/Gianluca-Iaione-2-300x300.png 300w, https:\/\/www.istitutogalanteoliva.it\/magazine\/wp-content\/uploads\/2022\/09\/Gianluca-Iaione-2-150x150.png 150w\" sizes=\"auto, (max-width: 303px) 100vw, 303px\" \/><\/figure>\n\n\n\n<p><strong><u>La sfida lanciata agli artisti e ai designer selezionati (Angelo Andrea Citro, Tommaso Dognazzi, Emanuele Gregolin, Nicola Pellegrino, Opificio Emblema, Tina Sgr\u00f2, Fernando Spano ed Angelo Ventimiglia)<\/u> per questa edizione del Venice Design Week, \u00e8 di rappresentarla, di svelarci, tramite il loro approccio creativo e il loro agire attento, sensibile e certosino, questo attributo invisibile ed unico in grado di vivificare tanto la materia quanto la forma.<\/strong><\/p>\n\n\n\n<figure class=\"wp-block-image size-full is-resized\"><img loading=\"lazy\" decoding=\"async\" src=\"https:\/\/www.istitutogalanteoliva.it\/magazine\/wp-content\/uploads\/2022\/09\/Davide-Caramagna.png\" alt=\"\" class=\"wp-image-12808\" width=\"301\" height=\"301\" srcset=\"https:\/\/www.istitutogalanteoliva.it\/magazine\/wp-content\/uploads\/2022\/09\/Davide-Caramagna.png 450w, https:\/\/www.istitutogalanteoliva.it\/magazine\/wp-content\/uploads\/2022\/09\/Davide-Caramagna-300x300.png 300w, https:\/\/www.istitutogalanteoliva.it\/magazine\/wp-content\/uploads\/2022\/09\/Davide-Caramagna-150x150.png 150w\" sizes=\"auto, (max-width: 301px) 100vw, 301px\" \/><\/figure>\n\n\n\n<p><strong><u>Nel corso dell\u2019evento, il Savoia &amp; Jolanda Hotel ospiter\u00e0 incontri e conferenze sul tema come Art &amp; Design.<\/u><\/strong> Considerazioni sul concetto di <em>\u201cfunzionalit\u00e0\u201d<\/em> del Prof. Jacek Ludwing Scarso, Reader in Art and Performance alla London Metropolitan University e Deputy-Director di CREATURE (Research Centre in Creative Arts, Culture and Engagement); Design as Cultural Heritage. Restauro e conservazione <em>\u201cper il design\u201d<\/em> fra eterodossia, fraintendimenti e affinit\u00e0 della Prof.ssa Marina D\u2019Aprile del Dipartimento di Architettura e Disegno Industriale dell\u2019Universit\u00e0 della Campania <em>\u201cLuigi Vanvitelli\u201d<\/em>; La svolta circolare del design. Il futuro del designer al servizio della collettivit\u00e0 \u00e8 nell\u2019economia circolare dell\u2019architetto ambientale Paola Nugnes; ed una serie di interventi sul tema degli investimenti in arte e design dell\u2019avvocato Gianluca Iaione, founder di Studio Opera L.T.B.<\/p>\n\n\n\n<figure class=\"wp-block-image size-full is-resized\"><img loading=\"lazy\" decoding=\"async\" src=\"https:\/\/www.istitutogalanteoliva.it\/magazine\/wp-content\/uploads\/2022\/09\/Michele-Citro.png\" alt=\"\" class=\"wp-image-12809\" width=\"304\" height=\"304\" srcset=\"https:\/\/www.istitutogalanteoliva.it\/magazine\/wp-content\/uploads\/2022\/09\/Michele-Citro.png 450w, https:\/\/www.istitutogalanteoliva.it\/magazine\/wp-content\/uploads\/2022\/09\/Michele-Citro-300x300.png 300w, https:\/\/www.istitutogalanteoliva.it\/magazine\/wp-content\/uploads\/2022\/09\/Michele-Citro-150x150.png 150w\" sizes=\"auto, (max-width: 304px) 100vw, 304px\" \/><\/figure>\n\n\n\n<p><strong><em>\u201cLuccicanza. L\u2019Arte celebra il Design a Venezia\u201d<\/em><\/strong> gode, infine, del sostegno di importanti enti patrocinanti, quali la London Metropolitan University, l\u2019Universit\u00e0 degli Studi della Campania Luigi Vanvitelli, il Valletta Higher Education Institute, le Edizioni Paguro e la Fondazione Marta Czok; nonch\u00e9 di eccellenti partner, come lo studio di consulenza e pianificazione finanziaria Stefano Da Rin, Astoria Wines e The Blackmonday Speakeasy Fine Drinks.<\/p>\n\n\n\n<p><strong>Per ogni altra e ulteriore informazione: Dott. Michele Citro, Presidente Edizioni Paguro &#8211; Cell. (+39) 3289670221 &#8211; www.edizionipaguro.it<\/strong><\/p>\n\n\n\n<p><em><strong>Michele Citro<\/strong><\/em><\/p>\n\n\n\n<p><em><strong>Nicoletta Lamberti<\/strong><\/em><\/p>\n<div class=\"pdfprnt-buttons pdfprnt-buttons-post pdfprnt-bottom-left\"><a href=\"https:\/\/www.istitutogalanteoliva.it\/magazine\/wp-json\/wp\/v2\/posts\/12804?print=print\" class=\"pdfprnt-button pdfprnt-button-print\" target=\"_blank\"><img decoding=\"async\" src=\"https:\/\/www.istitutogalanteoliva.it\/magazine\/wp-content\/plugins\/pdf-print\/images\/print.png\" alt=\"image_print\" title=\"Stampa contenuto\" \/><span class=\"pdfprnt-button-title pdfprnt-button-print-title\">Download in PDF<\/span><\/a><\/div>","protected":false},"excerpt":{"rendered":"<p>La mostra \u201cLuccicanza. L\u2019Arte celebra il Design a Venezia\u201d, a cura di Michele Citro e Davide Caramagna, con progetto promosso e realizzato da Studio Opera L.T.B., si terr\u00e0 dal 1 al 9 Ottobre 2022 presso lo storico e rinomato Hotel Savoia &#038; Jolanda nell\u2019ambito della VENICE DESIGN WEEK.<\/p>\n","protected":false},"author":2,"featured_media":12810,"comment_status":"closed","ping_status":"open","sticky":true,"template":"","format":"standard","meta":{"footnotes":""},"categories":[577,225],"tags":[673,674],"class_list":["post-12804","post","type-post","status-publish","format-standard","has-post-thumbnail","hentry","category-577","category-arte","tag-luccicanza","tag-venezia"],"yoast_head":"<!-- This site is optimized with the Yoast SEO plugin v24.2 - https:\/\/yoast.com\/wordpress\/plugins\/seo\/ -->\n<title>\u201cLuccicanza\u201d: l\u2019Arte celebra il Design a Venezia - Polis SA Magazine<\/title>\n<meta name=\"robots\" content=\"index, follow, max-snippet:-1, max-image-preview:large, max-video-preview:-1\" \/>\n<link rel=\"canonical\" href=\"https:\/\/www.istitutogalanteoliva.it\/magazine\/2022\/09\/27\/luccicanza-larte-celebra-il-design-a-venezia\/\" \/>\n<meta property=\"og:locale\" content=\"it_IT\" \/>\n<meta property=\"og:type\" content=\"article\" \/>\n<meta property=\"og:title\" content=\"\u201cLuccicanza\u201d: l\u2019Arte celebra il Design a Venezia - Polis SA Magazine\" \/>\n<meta property=\"og:description\" content=\"La mostra \u201cLuccicanza. L\u2019Arte celebra il Design a Venezia\u201d, a cura di Michele Citro e Davide Caramagna, con progetto promosso e realizzato da Studio Opera L.T.B., si terr\u00e0 dal 1 al 9 Ottobre 2022 presso lo storico e rinomato Hotel Savoia &amp; Jolanda nell\u2019ambito della VENICE DESIGN WEEK.\" \/>\n<meta property=\"og:url\" content=\"https:\/\/www.istitutogalanteoliva.it\/magazine\/2022\/09\/27\/luccicanza-larte-celebra-il-design-a-venezia\/\" \/>\n<meta property=\"og:site_name\" content=\"Polis SA Magazine\" \/>\n<meta property=\"article:publisher\" content=\"https:\/\/www.facebook.com\/PolisSAMagazine\/\" \/>\n<meta property=\"article:published_time\" content=\"2022-09-27T06:00:00+00:00\" \/>\n<meta property=\"article:modified_time\" content=\"2022-09-26T17:15:07+00:00\" \/>\n<meta property=\"og:image\" content=\"https:\/\/www.istitutogalanteoliva.it\/magazine\/wp-content\/uploads\/2022\/09\/Senza-titolo-5.jpg\" \/>\n\t<meta property=\"og:image:width\" content=\"700\" \/>\n\t<meta property=\"og:image:height\" content=\"380\" \/>\n\t<meta property=\"og:image:type\" content=\"image\/jpeg\" \/>\n<meta name=\"author\" content=\"Antonello Rivano\" \/>\n<meta name=\"twitter:card\" content=\"summary_large_image\" \/>\n<meta name=\"twitter:creator\" content=\"@MagazinePolis\" \/>\n<meta name=\"twitter:site\" content=\"@MagazinePolis\" \/>\n<meta name=\"twitter:label1\" content=\"Scritto da\" \/>\n\t<meta name=\"twitter:data1\" content=\"Antonello Rivano\" \/>\n\t<meta name=\"twitter:label2\" content=\"Tempo di lettura stimato\" \/>\n\t<meta name=\"twitter:data2\" content=\"3 minuti\" \/>\n<script type=\"application\/ld+json\" class=\"yoast-schema-graph\">{\"@context\":\"https:\/\/schema.org\",\"@graph\":[{\"@type\":\"Article\",\"@id\":\"https:\/\/www.istitutogalanteoliva.it\/magazine\/2022\/09\/27\/luccicanza-larte-celebra-il-design-a-venezia\/#article\",\"isPartOf\":{\"@id\":\"https:\/\/www.istitutogalanteoliva.it\/magazine\/2022\/09\/27\/luccicanza-larte-celebra-il-design-a-venezia\/\"},\"author\":{\"name\":\"Antonello Rivano\",\"@id\":\"https:\/\/www.istitutogalanteoliva.it\/magazine\/#\/schema\/person\/d8b8aa79cfe8babc1df9da3212a7c0c4\"},\"headline\":\"\u201cLuccicanza\u201d: l\u2019Arte celebra il Design a Venezia\",\"datePublished\":\"2022-09-27T06:00:00+00:00\",\"dateModified\":\"2022-09-26T17:15:07+00:00\",\"mainEntityOfPage\":{\"@id\":\"https:\/\/www.istitutogalanteoliva.it\/magazine\/2022\/09\/27\/luccicanza-larte-celebra-il-design-a-venezia\/\"},\"wordCount\":445,\"publisher\":{\"@id\":\"https:\/\/www.istitutogalanteoliva.it\/magazine\/#organization\"},\"image\":{\"@id\":\"https:\/\/www.istitutogalanteoliva.it\/magazine\/2022\/09\/27\/luccicanza-larte-celebra-il-design-a-venezia\/#primaryimage\"},\"thumbnailUrl\":\"https:\/\/www.istitutogalanteoliva.it\/magazine\/wp-content\/uploads\/2022\/09\/Senza-titolo-5.jpg\",\"keywords\":[\"luccicanza\",\"venezia\"],\"articleSection\":[\"2022\",\"Arte\"],\"inLanguage\":\"it-IT\"},{\"@type\":\"WebPage\",\"@id\":\"https:\/\/www.istitutogalanteoliva.it\/magazine\/2022\/09\/27\/luccicanza-larte-celebra-il-design-a-venezia\/\",\"url\":\"https:\/\/www.istitutogalanteoliva.it\/magazine\/2022\/09\/27\/luccicanza-larte-celebra-il-design-a-venezia\/\",\"name\":\"\u201cLuccicanza\u201d: l\u2019Arte celebra il Design a Venezia - Polis SA Magazine\",\"isPartOf\":{\"@id\":\"https:\/\/www.istitutogalanteoliva.it\/magazine\/#website\"},\"primaryImageOfPage\":{\"@id\":\"https:\/\/www.istitutogalanteoliva.it\/magazine\/2022\/09\/27\/luccicanza-larte-celebra-il-design-a-venezia\/#primaryimage\"},\"image\":{\"@id\":\"https:\/\/www.istitutogalanteoliva.it\/magazine\/2022\/09\/27\/luccicanza-larte-celebra-il-design-a-venezia\/#primaryimage\"},\"thumbnailUrl\":\"https:\/\/www.istitutogalanteoliva.it\/magazine\/wp-content\/uploads\/2022\/09\/Senza-titolo-5.jpg\",\"datePublished\":\"2022-09-27T06:00:00+00:00\",\"dateModified\":\"2022-09-26T17:15:07+00:00\",\"breadcrumb\":{\"@id\":\"https:\/\/www.istitutogalanteoliva.it\/magazine\/2022\/09\/27\/luccicanza-larte-celebra-il-design-a-venezia\/#breadcrumb\"},\"inLanguage\":\"it-IT\",\"potentialAction\":[{\"@type\":\"ReadAction\",\"target\":[\"https:\/\/www.istitutogalanteoliva.it\/magazine\/2022\/09\/27\/luccicanza-larte-celebra-il-design-a-venezia\/\"]}]},{\"@type\":\"ImageObject\",\"inLanguage\":\"it-IT\",\"@id\":\"https:\/\/www.istitutogalanteoliva.it\/magazine\/2022\/09\/27\/luccicanza-larte-celebra-il-design-a-venezia\/#primaryimage\",\"url\":\"https:\/\/www.istitutogalanteoliva.it\/magazine\/wp-content\/uploads\/2022\/09\/Senza-titolo-5.jpg\",\"contentUrl\":\"https:\/\/www.istitutogalanteoliva.it\/magazine\/wp-content\/uploads\/2022\/09\/Senza-titolo-5.jpg\",\"width\":700,\"height\":380},{\"@type\":\"BreadcrumbList\",\"@id\":\"https:\/\/www.istitutogalanteoliva.it\/magazine\/2022\/09\/27\/luccicanza-larte-celebra-il-design-a-venezia\/#breadcrumb\",\"itemListElement\":[{\"@type\":\"ListItem\",\"position\":1,\"name\":\"Home\",\"item\":\"https:\/\/www.istitutogalanteoliva.it\/magazine\/\"},{\"@type\":\"ListItem\",\"position\":2,\"name\":\"\u201cLuccicanza\u201d: l\u2019Arte celebra il Design a Venezia\"}]},{\"@type\":\"WebSite\",\"@id\":\"https:\/\/www.istitutogalanteoliva.it\/magazine\/#website\",\"url\":\"https:\/\/www.istitutogalanteoliva.it\/magazine\/\",\"name\":\"POLIS SA MAGAZINE\",\"description\":\"Informazione e approfondimenti\",\"publisher\":{\"@id\":\"https:\/\/www.istitutogalanteoliva.it\/magazine\/#organization\"},\"potentialAction\":[{\"@type\":\"SearchAction\",\"target\":{\"@type\":\"EntryPoint\",\"urlTemplate\":\"https:\/\/www.istitutogalanteoliva.it\/magazine\/?s={search_term_string}\"},\"query-input\":{\"@type\":\"PropertyValueSpecification\",\"valueRequired\":true,\"valueName\":\"search_term_string\"}}],\"inLanguage\":\"it-IT\"},{\"@type\":\"Organization\",\"@id\":\"https:\/\/www.istitutogalanteoliva.it\/magazine\/#organization\",\"name\":\"Polis SA Magazine\",\"url\":\"https:\/\/www.istitutogalanteoliva.it\/magazine\/\",\"logo\":{\"@type\":\"ImageObject\",\"inLanguage\":\"it-IT\",\"@id\":\"https:\/\/www.istitutogalanteoliva.it\/magazine\/#\/schema\/logo\/image\/\",\"url\":\"\",\"contentUrl\":\"\",\"caption\":\"Polis SA Magazine\"},\"image\":{\"@id\":\"https:\/\/www.istitutogalanteoliva.it\/magazine\/#\/schema\/logo\/image\/\"},\"sameAs\":[\"https:\/\/www.facebook.com\/PolisSAMagazine\/\",\"https:\/\/x.com\/MagazinePolis\",\"https:\/\/www.youtube.com\/channel\/UCv0Mr5AHKUmsc0sEEXkJrgw\"]},{\"@type\":\"Person\",\"@id\":\"https:\/\/www.istitutogalanteoliva.it\/magazine\/#\/schema\/person\/d8b8aa79cfe8babc1df9da3212a7c0c4\",\"name\":\"Antonello Rivano\",\"image\":{\"@type\":\"ImageObject\",\"inLanguage\":\"it-IT\",\"@id\":\"https:\/\/www.istitutogalanteoliva.it\/magazine\/#\/schema\/person\/image\/\",\"url\":\"https:\/\/secure.gravatar.com\/avatar\/517a9a6487a7a18ecc4ce6d2e57a8f40?s=96&d=mm&r=g\",\"contentUrl\":\"https:\/\/secure.gravatar.com\/avatar\/517a9a6487a7a18ecc4ce6d2e57a8f40?s=96&d=mm&r=g\",\"caption\":\"Antonello Rivano\"},\"url\":\"https:\/\/www.istitutogalanteoliva.it\/magazine\/author\/antonello\/\"}]}<\/script>\n<!-- \/ Yoast SEO plugin. -->","yoast_head_json":{"title":"\u201cLuccicanza\u201d: l\u2019Arte celebra il Design a Venezia - Polis SA Magazine","robots":{"index":"index","follow":"follow","max-snippet":"max-snippet:-1","max-image-preview":"max-image-preview:large","max-video-preview":"max-video-preview:-1"},"canonical":"https:\/\/www.istitutogalanteoliva.it\/magazine\/2022\/09\/27\/luccicanza-larte-celebra-il-design-a-venezia\/","og_locale":"it_IT","og_type":"article","og_title":"\u201cLuccicanza\u201d: l\u2019Arte celebra il Design a Venezia - Polis SA Magazine","og_description":"La mostra \u201cLuccicanza. L\u2019Arte celebra il Design a Venezia\u201d, a cura di Michele Citro e Davide Caramagna, con progetto promosso e realizzato da Studio Opera L.T.B., si terr\u00e0 dal 1 al 9 Ottobre 2022 presso lo storico e rinomato Hotel Savoia & Jolanda nell\u2019ambito della VENICE DESIGN WEEK.","og_url":"https:\/\/www.istitutogalanteoliva.it\/magazine\/2022\/09\/27\/luccicanza-larte-celebra-il-design-a-venezia\/","og_site_name":"Polis SA Magazine","article_publisher":"https:\/\/www.facebook.com\/PolisSAMagazine\/","article_published_time":"2022-09-27T06:00:00+00:00","article_modified_time":"2022-09-26T17:15:07+00:00","og_image":[{"width":700,"height":380,"url":"https:\/\/www.istitutogalanteoliva.it\/magazine\/wp-content\/uploads\/2022\/09\/Senza-titolo-5.jpg","type":"image\/jpeg"}],"author":"Antonello Rivano","twitter_card":"summary_large_image","twitter_creator":"@MagazinePolis","twitter_site":"@MagazinePolis","twitter_misc":{"Scritto da":"Antonello Rivano","Tempo di lettura stimato":"3 minuti"},"schema":{"@context":"https:\/\/schema.org","@graph":[{"@type":"Article","@id":"https:\/\/www.istitutogalanteoliva.it\/magazine\/2022\/09\/27\/luccicanza-larte-celebra-il-design-a-venezia\/#article","isPartOf":{"@id":"https:\/\/www.istitutogalanteoliva.it\/magazine\/2022\/09\/27\/luccicanza-larte-celebra-il-design-a-venezia\/"},"author":{"name":"Antonello Rivano","@id":"https:\/\/www.istitutogalanteoliva.it\/magazine\/#\/schema\/person\/d8b8aa79cfe8babc1df9da3212a7c0c4"},"headline":"\u201cLuccicanza\u201d: l\u2019Arte celebra il Design a Venezia","datePublished":"2022-09-27T06:00:00+00:00","dateModified":"2022-09-26T17:15:07+00:00","mainEntityOfPage":{"@id":"https:\/\/www.istitutogalanteoliva.it\/magazine\/2022\/09\/27\/luccicanza-larte-celebra-il-design-a-venezia\/"},"wordCount":445,"publisher":{"@id":"https:\/\/www.istitutogalanteoliva.it\/magazine\/#organization"},"image":{"@id":"https:\/\/www.istitutogalanteoliva.it\/magazine\/2022\/09\/27\/luccicanza-larte-celebra-il-design-a-venezia\/#primaryimage"},"thumbnailUrl":"https:\/\/www.istitutogalanteoliva.it\/magazine\/wp-content\/uploads\/2022\/09\/Senza-titolo-5.jpg","keywords":["luccicanza","venezia"],"articleSection":["2022","Arte"],"inLanguage":"it-IT"},{"@type":"WebPage","@id":"https:\/\/www.istitutogalanteoliva.it\/magazine\/2022\/09\/27\/luccicanza-larte-celebra-il-design-a-venezia\/","url":"https:\/\/www.istitutogalanteoliva.it\/magazine\/2022\/09\/27\/luccicanza-larte-celebra-il-design-a-venezia\/","name":"\u201cLuccicanza\u201d: l\u2019Arte celebra il Design a Venezia - Polis SA Magazine","isPartOf":{"@id":"https:\/\/www.istitutogalanteoliva.it\/magazine\/#website"},"primaryImageOfPage":{"@id":"https:\/\/www.istitutogalanteoliva.it\/magazine\/2022\/09\/27\/luccicanza-larte-celebra-il-design-a-venezia\/#primaryimage"},"image":{"@id":"https:\/\/www.istitutogalanteoliva.it\/magazine\/2022\/09\/27\/luccicanza-larte-celebra-il-design-a-venezia\/#primaryimage"},"thumbnailUrl":"https:\/\/www.istitutogalanteoliva.it\/magazine\/wp-content\/uploads\/2022\/09\/Senza-titolo-5.jpg","datePublished":"2022-09-27T06:00:00+00:00","dateModified":"2022-09-26T17:15:07+00:00","breadcrumb":{"@id":"https:\/\/www.istitutogalanteoliva.it\/magazine\/2022\/09\/27\/luccicanza-larte-celebra-il-design-a-venezia\/#breadcrumb"},"inLanguage":"it-IT","potentialAction":[{"@type":"ReadAction","target":["https:\/\/www.istitutogalanteoliva.it\/magazine\/2022\/09\/27\/luccicanza-larte-celebra-il-design-a-venezia\/"]}]},{"@type":"ImageObject","inLanguage":"it-IT","@id":"https:\/\/www.istitutogalanteoliva.it\/magazine\/2022\/09\/27\/luccicanza-larte-celebra-il-design-a-venezia\/#primaryimage","url":"https:\/\/www.istitutogalanteoliva.it\/magazine\/wp-content\/uploads\/2022\/09\/Senza-titolo-5.jpg","contentUrl":"https:\/\/www.istitutogalanteoliva.it\/magazine\/wp-content\/uploads\/2022\/09\/Senza-titolo-5.jpg","width":700,"height":380},{"@type":"BreadcrumbList","@id":"https:\/\/www.istitutogalanteoliva.it\/magazine\/2022\/09\/27\/luccicanza-larte-celebra-il-design-a-venezia\/#breadcrumb","itemListElement":[{"@type":"ListItem","position":1,"name":"Home","item":"https:\/\/www.istitutogalanteoliva.it\/magazine\/"},{"@type":"ListItem","position":2,"name":"\u201cLuccicanza\u201d: l\u2019Arte celebra il Design a Venezia"}]},{"@type":"WebSite","@id":"https:\/\/www.istitutogalanteoliva.it\/magazine\/#website","url":"https:\/\/www.istitutogalanteoliva.it\/magazine\/","name":"POLIS SA MAGAZINE","description":"Informazione e approfondimenti","publisher":{"@id":"https:\/\/www.istitutogalanteoliva.it\/magazine\/#organization"},"potentialAction":[{"@type":"SearchAction","target":{"@type":"EntryPoint","urlTemplate":"https:\/\/www.istitutogalanteoliva.it\/magazine\/?s={search_term_string}"},"query-input":{"@type":"PropertyValueSpecification","valueRequired":true,"valueName":"search_term_string"}}],"inLanguage":"it-IT"},{"@type":"Organization","@id":"https:\/\/www.istitutogalanteoliva.it\/magazine\/#organization","name":"Polis SA Magazine","url":"https:\/\/www.istitutogalanteoliva.it\/magazine\/","logo":{"@type":"ImageObject","inLanguage":"it-IT","@id":"https:\/\/www.istitutogalanteoliva.it\/magazine\/#\/schema\/logo\/image\/","url":"","contentUrl":"","caption":"Polis SA Magazine"},"image":{"@id":"https:\/\/www.istitutogalanteoliva.it\/magazine\/#\/schema\/logo\/image\/"},"sameAs":["https:\/\/www.facebook.com\/PolisSAMagazine\/","https:\/\/x.com\/MagazinePolis","https:\/\/www.youtube.com\/channel\/UCv0Mr5AHKUmsc0sEEXkJrgw"]},{"@type":"Person","@id":"https:\/\/www.istitutogalanteoliva.it\/magazine\/#\/schema\/person\/d8b8aa79cfe8babc1df9da3212a7c0c4","name":"Antonello Rivano","image":{"@type":"ImageObject","inLanguage":"it-IT","@id":"https:\/\/www.istitutogalanteoliva.it\/magazine\/#\/schema\/person\/image\/","url":"https:\/\/secure.gravatar.com\/avatar\/517a9a6487a7a18ecc4ce6d2e57a8f40?s=96&d=mm&r=g","contentUrl":"https:\/\/secure.gravatar.com\/avatar\/517a9a6487a7a18ecc4ce6d2e57a8f40?s=96&d=mm&r=g","caption":"Antonello Rivano"},"url":"https:\/\/www.istitutogalanteoliva.it\/magazine\/author\/antonello\/"}]}},"_links":{"self":[{"href":"https:\/\/www.istitutogalanteoliva.it\/magazine\/wp-json\/wp\/v2\/posts\/12804","targetHints":{"allow":["GET"]}}],"collection":[{"href":"https:\/\/www.istitutogalanteoliva.it\/magazine\/wp-json\/wp\/v2\/posts"}],"about":[{"href":"https:\/\/www.istitutogalanteoliva.it\/magazine\/wp-json\/wp\/v2\/types\/post"}],"author":[{"embeddable":true,"href":"https:\/\/www.istitutogalanteoliva.it\/magazine\/wp-json\/wp\/v2\/users\/2"}],"replies":[{"embeddable":true,"href":"https:\/\/www.istitutogalanteoliva.it\/magazine\/wp-json\/wp\/v2\/comments?post=12804"}],"version-history":[{"count":1,"href":"https:\/\/www.istitutogalanteoliva.it\/magazine\/wp-json\/wp\/v2\/posts\/12804\/revisions"}],"predecessor-version":[{"id":12811,"href":"https:\/\/www.istitutogalanteoliva.it\/magazine\/wp-json\/wp\/v2\/posts\/12804\/revisions\/12811"}],"wp:featuredmedia":[{"embeddable":true,"href":"https:\/\/www.istitutogalanteoliva.it\/magazine\/wp-json\/wp\/v2\/media\/12810"}],"wp:attachment":[{"href":"https:\/\/www.istitutogalanteoliva.it\/magazine\/wp-json\/wp\/v2\/media?parent=12804"}],"wp:term":[{"taxonomy":"category","embeddable":true,"href":"https:\/\/www.istitutogalanteoliva.it\/magazine\/wp-json\/wp\/v2\/categories?post=12804"},{"taxonomy":"post_tag","embeddable":true,"href":"https:\/\/www.istitutogalanteoliva.it\/magazine\/wp-json\/wp\/v2\/tags?post=12804"}],"curies":[{"name":"wp","href":"https:\/\/api.w.org\/{rel}","templated":true}]}}