{"id":12821,"date":"2022-10-06T08:00:00","date_gmt":"2022-10-06T06:00:00","guid":{"rendered":"https:\/\/www.istitutogalanteoliva.it\/magazine\/?p=12821"},"modified":"2022-10-06T10:57:21","modified_gmt":"2022-10-06T08:57:21","slug":"ciro-esposito-al-psff-i-miei-maestri-lina-wertumuller-e-i-fratelli-taviani-nel-ricordo-del-grande-villaggio","status":"publish","type":"post","link":"https:\/\/www.istitutogalanteoliva.it\/magazine\/2022\/10\/06\/ciro-esposito-al-psff-i-miei-maestri-lina-wertumuller-e-i-fratelli-taviani-nel-ricordo-del-grande-villaggio\/","title":{"rendered":"Ciro Esposito al PSFF: \u201c I miei Maestri Lina Wertumuller e i fratelli Taviani nel ricordo del grande Villaggio\u201d"},"content":{"rendered":"\n<p><strong><em>Di Stefano Pignataro<\/em><\/strong><\/p>\n\n\n\n<p>Premio Speciale al &nbsp;Picentia Schort Film Festival, Ciro Esposito, attore napoletano che esord\u00ec , esattamente 30 anni fa, nel ruolo del bambino di strada Raffaele Aiello de \u201cIo speriamo che me la cavo\u201d di Lina Wertmuller, oggi \u00e8 un giovane attore brillante con al suo attivo tanti ruoli diretto da altrettanti registi tra cinema e televisione.<\/p>\n\n\n\n<p>&#8211;<em><strong>Ciro, hai avuto modo di lavorare, giovanissimo, con Paolo Villaggio, scoprendo la sua verve di attore drammatico capace di dare cuore ed anima a personaggi oltre la geniale maschera fantozziana. Anche se giovanissimo, ne avvertivi la grandezza?<\/strong><\/em><\/p>\n\n\n\n<p>Certamente. Sin da subito ho avuto questo sentore perch\u00e9 lui era estremamente serio nella vita e poi nell\u2019arco narrativo della storia con me finiva con il dramma di mia madre che va in Ospedale e lui mi accompagna. Trovo che in Villaggio vi era molta naturalezza anche in Fantozzi. Rivedendo i suoi film drammatici, penso ad esempio ai film con Ermanno Olmi, credo che l\u00ec\u2019 venga fuori la sua vera natura, una natura non inespressa bens\u00ec contenuta per il personaggio che si \u00e8 venuta a creare ma credo sia stata una scelta voluta anche da lui.<\/p>\n\n\n\n<p>&#8211;<em><strong>Conciliare entrambi i generi..<\/strong><\/em><\/p>\n\n\n\n<p>Si, ma ha dato tanto anche in et\u00e0 pi\u00f9 matura con il teatro con i suoi bellissimi monologhi dove si raccontava. Avrei voluto conoscerlo ed approfondire questo suo lato facendo, magari,&nbsp; un film drammatico insieme.<\/p>\n\n\n\n<p>&#8211;<em><strong>Al Picentia \u00e8 stato dato il Premio alla carriera anche ad Enrico Vanzina. Tu hai avuto modo di lavorare con i fratelli Vanzina per due film, \u201cVacanze di Natale 2000\u201d ed&nbsp; \u201cE adesso sesso\u201d. Che ricordi hai di loro e del loro modo di lavorare insieme?<\/strong><\/em><\/p>\n\n\n\n<p>Enrico spesso veniva sul set ed avevano un rapporto davvero simbiotico, si compensavano alla grande e non hanno mai avuto un diverbio. Confronto si, ma mai contrasto.<\/p>\n\n\n\n<div class=\"wp-block-image\"><figure class=\"aligncenter size-large is-resized\"><img loading=\"lazy\" decoding=\"async\" src=\"https:\/\/www.istitutogalanteoliva.it\/magazine\/wp-content\/uploads\/2022\/10\/306905343_2215363001949809_4674582614945490277_n-1024x683.jpg\" alt=\"\" class=\"wp-image-12822\" width=\"433\" height=\"289\" srcset=\"https:\/\/www.istitutogalanteoliva.it\/magazine\/wp-content\/uploads\/2022\/10\/306905343_2215363001949809_4674582614945490277_n-1024x683.jpg 1024w, https:\/\/www.istitutogalanteoliva.it\/magazine\/wp-content\/uploads\/2022\/10\/306905343_2215363001949809_4674582614945490277_n-300x200.jpg 300w, https:\/\/www.istitutogalanteoliva.it\/magazine\/wp-content\/uploads\/2022\/10\/306905343_2215363001949809_4674582614945490277_n-768x512.jpg 768w, https:\/\/www.istitutogalanteoliva.it\/magazine\/wp-content\/uploads\/2022\/10\/306905343_2215363001949809_4674582614945490277_n-1536x1020.jpg 1536w, https:\/\/www.istitutogalanteoliva.it\/magazine\/wp-content\/uploads\/2022\/10\/306905343_2215363001949809_4674582614945490277_n-675x450.jpg 675w, https:\/\/www.istitutogalanteoliva.it\/magazine\/wp-content\/uploads\/2022\/10\/306905343_2215363001949809_4674582614945490277_n.jpg 2048w\" sizes=\"auto, (max-width: 433px) 100vw, 433px\" \/><figcaption> <strong><em><sup>Agata Fortis e  Ciro Esposito con &nbsp;i due presentatori della serata Fortis e Cavaliere.<\/sup><\/em><\/strong><\/figcaption><\/figure><\/div>\n\n\n\n<p>&#8211;<em><strong>Prima dei Fratelli Vanzina, per\u00f2, un\u2019altra storica coppia di cineasti ti aveva diretto, Paolo e Vittorio Taviani; \u201cFiorile\u201d, 1993, un anno dopo \u201cIo speriamo che me la cavo..\u201d<\/strong><\/em><\/p>\n\n\n\n<p>Ho avuto davvero una straordinaria fortuna. Dopo Lina i fratelli Taviani, due scuole completamente diverse. In \u201cFiorile\u201d interpreto un bambino italo-francese, totalmente diverso dal personaggio di Raffaele Aiello. Mi regalarono il mio primo libro, \u201cIl lavoro dell\u2019attore su se stesso \u201c di Stanislavskij che lessi pi\u00f9 avanti negli anni. E\u2019 un libro che continuo a leggere ed a fare miei gli insegnamenti.<\/p>\n\n\n\n<p>&#8211;<em><strong>Sei un attore giovanissimo ma gi\u00e0 uno dei volti di quella Napoli cinematografica di una citt\u00e0 che \u00e8 un grande set. Ti muovi dal classico al popolare e sei attivo anche in televisione (recentemente hai anche recitato nella serie tv \u201c Gomorra\u201d. Qual \u00e8 il tuo giudizio sul cinema della tua Napoli?<\/strong><\/em><\/p>\n\n\n\n<p>Sono un nostalgico, nasco con Eduardo ed il teatro di Scarpetta, dalla tradizione e devo dire che a Napoli vedo una grande vivacit\u00e0. Si pensi alla grande Letteratura di Maurizio De Giovanni: i suoi personaggi diventano anche delle serie televisive e fiction interessantissime e contribuiscono ad omaggiare il grande costume di Napoli. Ha preso l\u2019eredit\u00e0 di Camilleri con Montalbano. Mi piacerebbe molto conoscerlo e magari far parte di una serie scritta di lui. Spera che avvenga prima o poi. Ho recitato in \u201cGomorra\u201d al fianco di Mimmo Borrelli, un grandissimo nostro drammaturgo n che va protetto.&nbsp; Ci sono tante cose buone. Non bisogna mai guardare al passato con nostalgia affermando \u201cnon nascer\u00e0 pi\u00f9 un Tot\u00f2, un Troisi o un Pirandello\u201d. Occorre guardare anche alle ricchezze che possediamo oggi, che stanno dando un cambio, che stanno dando diversi tipi di letture&nbsp; che onorano Napoli nel mondo<\/p>\n\n\n\n<p><strong><em><sup>da La Citt\u00e0 del 4 Ottobre 2022<\/sup><\/em><\/strong><\/p>\n\n\n\n<p><img loading=\"lazy\" decoding=\"async\" width=\"100\" height=\"100\" class=\"wp-image-8696\" style=\"width: 100px;\" src=\"https:\/\/www.istitutogalanteoliva.it\/magazine\/wp-content\/uploads\/2021\/07\/Stefano-.jpg\" alt=\"\" srcset=\"https:\/\/www.istitutogalanteoliva.it\/magazine\/wp-content\/uploads\/2021\/07\/Stefano-.jpg 1624w, https:\/\/www.istitutogalanteoliva.it\/magazine\/wp-content\/uploads\/2021\/07\/Stefano--300x300.jpg 300w, https:\/\/www.istitutogalanteoliva.it\/magazine\/wp-content\/uploads\/2021\/07\/Stefano--1024x1024.jpg 1024w, https:\/\/www.istitutogalanteoliva.it\/magazine\/wp-content\/uploads\/2021\/07\/Stefano--150x150.jpg 150w, https:\/\/www.istitutogalanteoliva.it\/magazine\/wp-content\/uploads\/2021\/07\/Stefano--768x768.jpg 768w, https:\/\/www.istitutogalanteoliva.it\/magazine\/wp-content\/uploads\/2021\/07\/Stefano--1536x1536.jpg 1536w\" sizes=\"auto, (max-width: 100px) 100vw, 100px\" \/><strong><em><a href=\"https:\/\/www.istitutogalanteoliva.it\/magazine\/?s=Stefano+Pignataro\" target=\"_blank\" rel=\"noreferrer noopener\">Stefano Pignataro<\/a><\/em><\/strong><br><strong><em><sup>Vicecoordinatore Nazionale di redazione\/Coordinatore Sud Italia e Sicilia<\/sup><\/em><\/strong><br><\/p>\n<div class=\"pdfprnt-buttons pdfprnt-buttons-post pdfprnt-bottom-left\"><a href=\"https:\/\/www.istitutogalanteoliva.it\/magazine\/wp-json\/wp\/v2\/posts\/12821?print=print\" class=\"pdfprnt-button pdfprnt-button-print\" target=\"_blank\"><img decoding=\"async\" src=\"https:\/\/www.istitutogalanteoliva.it\/magazine\/wp-content\/plugins\/pdf-print\/images\/print.png\" alt=\"image_print\" title=\"Stampa contenuto\" \/><span class=\"pdfprnt-button-title pdfprnt-button-print-title\">Download in PDF<\/span><\/a><\/div>","protected":false},"excerpt":{"rendered":"<p>Intervista a Ciro Esposito, Premio Speciale al \u00a0Picentia Schort Film Festival<\/p>\n","protected":false},"author":2,"featured_media":12823,"comment_status":"closed","ping_status":"open","sticky":true,"template":"","format":"standard","meta":{"footnotes":""},"categories":[577,21],"tags":[],"class_list":["post-12821","post","type-post","status-publish","format-standard","has-post-thumbnail","hentry","category-577","category-personaggi"],"yoast_head":"<!-- This site is optimized with the Yoast SEO plugin v24.2 - https:\/\/yoast.com\/wordpress\/plugins\/seo\/ -->\n<title>Ciro Esposito al PSFF: \u201c I miei Maestri Lina Wertumuller e i fratelli Taviani nel ricordo del grande Villaggio\u201d - Polis SA Magazine<\/title>\n<meta name=\"robots\" content=\"index, follow, max-snippet:-1, max-image-preview:large, max-video-preview:-1\" \/>\n<link rel=\"canonical\" href=\"https:\/\/www.istitutogalanteoliva.it\/magazine\/2022\/10\/06\/ciro-esposito-al-psff-i-miei-maestri-lina-wertumuller-e-i-fratelli-taviani-nel-ricordo-del-grande-villaggio\/\" \/>\n<meta property=\"og:locale\" content=\"it_IT\" \/>\n<meta property=\"og:type\" content=\"article\" \/>\n<meta property=\"og:title\" content=\"Ciro Esposito al PSFF: \u201c I miei Maestri Lina Wertumuller e i fratelli Taviani nel ricordo del grande Villaggio\u201d - Polis SA Magazine\" \/>\n<meta property=\"og:description\" content=\"Intervista a Ciro Esposito, Premio Speciale al \u00a0Picentia Schort Film Festival\" \/>\n<meta property=\"og:url\" content=\"https:\/\/www.istitutogalanteoliva.it\/magazine\/2022\/10\/06\/ciro-esposito-al-psff-i-miei-maestri-lina-wertumuller-e-i-fratelli-taviani-nel-ricordo-del-grande-villaggio\/\" \/>\n<meta property=\"og:site_name\" content=\"Polis SA Magazine\" \/>\n<meta property=\"article:publisher\" content=\"https:\/\/www.facebook.com\/PolisSAMagazine\/\" \/>\n<meta property=\"article:published_time\" content=\"2022-10-06T06:00:00+00:00\" \/>\n<meta property=\"article:modified_time\" content=\"2022-10-06T08:57:21+00:00\" \/>\n<meta property=\"og:image\" content=\"https:\/\/www.istitutogalanteoliva.it\/magazine\/wp-content\/uploads\/2022\/10\/306930041_2215362691949840_1277941774800260889_n.jpg\" \/>\n\t<meta property=\"og:image:width\" content=\"2048\" \/>\n\t<meta property=\"og:image:height\" content=\"1365\" \/>\n\t<meta property=\"og:image:type\" content=\"image\/jpeg\" \/>\n<meta name=\"author\" content=\"Antonello Rivano\" \/>\n<meta name=\"twitter:card\" content=\"summary_large_image\" \/>\n<meta name=\"twitter:creator\" content=\"@MagazinePolis\" \/>\n<meta name=\"twitter:site\" content=\"@MagazinePolis\" \/>\n<meta name=\"twitter:label1\" content=\"Scritto da\" \/>\n\t<meta name=\"twitter:data1\" content=\"Antonello Rivano\" \/>\n\t<meta name=\"twitter:label2\" content=\"Tempo di lettura stimato\" \/>\n\t<meta name=\"twitter:data2\" content=\"4 minuti\" \/>\n<script type=\"application\/ld+json\" class=\"yoast-schema-graph\">{\"@context\":\"https:\/\/schema.org\",\"@graph\":[{\"@type\":\"Article\",\"@id\":\"https:\/\/www.istitutogalanteoliva.it\/magazine\/2022\/10\/06\/ciro-esposito-al-psff-i-miei-maestri-lina-wertumuller-e-i-fratelli-taviani-nel-ricordo-del-grande-villaggio\/#article\",\"isPartOf\":{\"@id\":\"https:\/\/www.istitutogalanteoliva.it\/magazine\/2022\/10\/06\/ciro-esposito-al-psff-i-miei-maestri-lina-wertumuller-e-i-fratelli-taviani-nel-ricordo-del-grande-villaggio\/\"},\"author\":{\"name\":\"Antonello Rivano\",\"@id\":\"https:\/\/www.istitutogalanteoliva.it\/magazine\/#\/schema\/person\/d8b8aa79cfe8babc1df9da3212a7c0c4\"},\"headline\":\"Ciro Esposito al PSFF: \u201c I miei Maestri Lina Wertumuller e i fratelli Taviani nel ricordo del grande Villaggio\u201d\",\"datePublished\":\"2022-10-06T06:00:00+00:00\",\"dateModified\":\"2022-10-06T08:57:21+00:00\",\"mainEntityOfPage\":{\"@id\":\"https:\/\/www.istitutogalanteoliva.it\/magazine\/2022\/10\/06\/ciro-esposito-al-psff-i-miei-maestri-lina-wertumuller-e-i-fratelli-taviani-nel-ricordo-del-grande-villaggio\/\"},\"wordCount\":632,\"publisher\":{\"@id\":\"https:\/\/www.istitutogalanteoliva.it\/magazine\/#organization\"},\"image\":{\"@id\":\"https:\/\/www.istitutogalanteoliva.it\/magazine\/2022\/10\/06\/ciro-esposito-al-psff-i-miei-maestri-lina-wertumuller-e-i-fratelli-taviani-nel-ricordo-del-grande-villaggio\/#primaryimage\"},\"thumbnailUrl\":\"https:\/\/www.istitutogalanteoliva.it\/magazine\/wp-content\/uploads\/2022\/10\/306930041_2215362691949840_1277941774800260889_n.jpg\",\"articleSection\":[\"2022\",\"Personaggi\"],\"inLanguage\":\"it-IT\"},{\"@type\":\"WebPage\",\"@id\":\"https:\/\/www.istitutogalanteoliva.it\/magazine\/2022\/10\/06\/ciro-esposito-al-psff-i-miei-maestri-lina-wertumuller-e-i-fratelli-taviani-nel-ricordo-del-grande-villaggio\/\",\"url\":\"https:\/\/www.istitutogalanteoliva.it\/magazine\/2022\/10\/06\/ciro-esposito-al-psff-i-miei-maestri-lina-wertumuller-e-i-fratelli-taviani-nel-ricordo-del-grande-villaggio\/\",\"name\":\"Ciro Esposito al PSFF: \u201c I miei Maestri Lina Wertumuller e i fratelli Taviani nel ricordo del grande Villaggio\u201d - Polis SA Magazine\",\"isPartOf\":{\"@id\":\"https:\/\/www.istitutogalanteoliva.it\/magazine\/#website\"},\"primaryImageOfPage\":{\"@id\":\"https:\/\/www.istitutogalanteoliva.it\/magazine\/2022\/10\/06\/ciro-esposito-al-psff-i-miei-maestri-lina-wertumuller-e-i-fratelli-taviani-nel-ricordo-del-grande-villaggio\/#primaryimage\"},\"image\":{\"@id\":\"https:\/\/www.istitutogalanteoliva.it\/magazine\/2022\/10\/06\/ciro-esposito-al-psff-i-miei-maestri-lina-wertumuller-e-i-fratelli-taviani-nel-ricordo-del-grande-villaggio\/#primaryimage\"},\"thumbnailUrl\":\"https:\/\/www.istitutogalanteoliva.it\/magazine\/wp-content\/uploads\/2022\/10\/306930041_2215362691949840_1277941774800260889_n.jpg\",\"datePublished\":\"2022-10-06T06:00:00+00:00\",\"dateModified\":\"2022-10-06T08:57:21+00:00\",\"breadcrumb\":{\"@id\":\"https:\/\/www.istitutogalanteoliva.it\/magazine\/2022\/10\/06\/ciro-esposito-al-psff-i-miei-maestri-lina-wertumuller-e-i-fratelli-taviani-nel-ricordo-del-grande-villaggio\/#breadcrumb\"},\"inLanguage\":\"it-IT\",\"potentialAction\":[{\"@type\":\"ReadAction\",\"target\":[\"https:\/\/www.istitutogalanteoliva.it\/magazine\/2022\/10\/06\/ciro-esposito-al-psff-i-miei-maestri-lina-wertumuller-e-i-fratelli-taviani-nel-ricordo-del-grande-villaggio\/\"]}]},{\"@type\":\"ImageObject\",\"inLanguage\":\"it-IT\",\"@id\":\"https:\/\/www.istitutogalanteoliva.it\/magazine\/2022\/10\/06\/ciro-esposito-al-psff-i-miei-maestri-lina-wertumuller-e-i-fratelli-taviani-nel-ricordo-del-grande-villaggio\/#primaryimage\",\"url\":\"https:\/\/www.istitutogalanteoliva.it\/magazine\/wp-content\/uploads\/2022\/10\/306930041_2215362691949840_1277941774800260889_n.jpg\",\"contentUrl\":\"https:\/\/www.istitutogalanteoliva.it\/magazine\/wp-content\/uploads\/2022\/10\/306930041_2215362691949840_1277941774800260889_n.jpg\",\"width\":2048,\"height\":1365,\"caption\":\"da sinistra Agata Fortis, Ciro Espisito e Ivano Cavaliere\"},{\"@type\":\"BreadcrumbList\",\"@id\":\"https:\/\/www.istitutogalanteoliva.it\/magazine\/2022\/10\/06\/ciro-esposito-al-psff-i-miei-maestri-lina-wertumuller-e-i-fratelli-taviani-nel-ricordo-del-grande-villaggio\/#breadcrumb\",\"itemListElement\":[{\"@type\":\"ListItem\",\"position\":1,\"name\":\"Home\",\"item\":\"https:\/\/www.istitutogalanteoliva.it\/magazine\/\"},{\"@type\":\"ListItem\",\"position\":2,\"name\":\"Ciro Esposito al PSFF: \u201c I miei Maestri Lina Wertumuller e i fratelli Taviani nel ricordo del grande Villaggio\u201d\"}]},{\"@type\":\"WebSite\",\"@id\":\"https:\/\/www.istitutogalanteoliva.it\/magazine\/#website\",\"url\":\"https:\/\/www.istitutogalanteoliva.it\/magazine\/\",\"name\":\"POLIS SA MAGAZINE\",\"description\":\"Informazione e approfondimenti\",\"publisher\":{\"@id\":\"https:\/\/www.istitutogalanteoliva.it\/magazine\/#organization\"},\"potentialAction\":[{\"@type\":\"SearchAction\",\"target\":{\"@type\":\"EntryPoint\",\"urlTemplate\":\"https:\/\/www.istitutogalanteoliva.it\/magazine\/?s={search_term_string}\"},\"query-input\":{\"@type\":\"PropertyValueSpecification\",\"valueRequired\":true,\"valueName\":\"search_term_string\"}}],\"inLanguage\":\"it-IT\"},{\"@type\":\"Organization\",\"@id\":\"https:\/\/www.istitutogalanteoliva.it\/magazine\/#organization\",\"name\":\"Polis SA Magazine\",\"url\":\"https:\/\/www.istitutogalanteoliva.it\/magazine\/\",\"logo\":{\"@type\":\"ImageObject\",\"inLanguage\":\"it-IT\",\"@id\":\"https:\/\/www.istitutogalanteoliva.it\/magazine\/#\/schema\/logo\/image\/\",\"url\":\"\",\"contentUrl\":\"\",\"caption\":\"Polis SA Magazine\"},\"image\":{\"@id\":\"https:\/\/www.istitutogalanteoliva.it\/magazine\/#\/schema\/logo\/image\/\"},\"sameAs\":[\"https:\/\/www.facebook.com\/PolisSAMagazine\/\",\"https:\/\/x.com\/MagazinePolis\",\"https:\/\/www.youtube.com\/channel\/UCv0Mr5AHKUmsc0sEEXkJrgw\"]},{\"@type\":\"Person\",\"@id\":\"https:\/\/www.istitutogalanteoliva.it\/magazine\/#\/schema\/person\/d8b8aa79cfe8babc1df9da3212a7c0c4\",\"name\":\"Antonello Rivano\",\"image\":{\"@type\":\"ImageObject\",\"inLanguage\":\"it-IT\",\"@id\":\"https:\/\/www.istitutogalanteoliva.it\/magazine\/#\/schema\/person\/image\/\",\"url\":\"https:\/\/secure.gravatar.com\/avatar\/517a9a6487a7a18ecc4ce6d2e57a8f40?s=96&d=mm&r=g\",\"contentUrl\":\"https:\/\/secure.gravatar.com\/avatar\/517a9a6487a7a18ecc4ce6d2e57a8f40?s=96&d=mm&r=g\",\"caption\":\"Antonello Rivano\"},\"url\":\"https:\/\/www.istitutogalanteoliva.it\/magazine\/author\/antonello\/\"}]}<\/script>\n<!-- \/ Yoast SEO plugin. -->","yoast_head_json":{"title":"Ciro Esposito al PSFF: \u201c I miei Maestri Lina Wertumuller e i fratelli Taviani nel ricordo del grande Villaggio\u201d - Polis SA Magazine","robots":{"index":"index","follow":"follow","max-snippet":"max-snippet:-1","max-image-preview":"max-image-preview:large","max-video-preview":"max-video-preview:-1"},"canonical":"https:\/\/www.istitutogalanteoliva.it\/magazine\/2022\/10\/06\/ciro-esposito-al-psff-i-miei-maestri-lina-wertumuller-e-i-fratelli-taviani-nel-ricordo-del-grande-villaggio\/","og_locale":"it_IT","og_type":"article","og_title":"Ciro Esposito al PSFF: \u201c I miei Maestri Lina Wertumuller e i fratelli Taviani nel ricordo del grande Villaggio\u201d - Polis SA Magazine","og_description":"Intervista a Ciro Esposito, Premio Speciale al \u00a0Picentia Schort Film Festival","og_url":"https:\/\/www.istitutogalanteoliva.it\/magazine\/2022\/10\/06\/ciro-esposito-al-psff-i-miei-maestri-lina-wertumuller-e-i-fratelli-taviani-nel-ricordo-del-grande-villaggio\/","og_site_name":"Polis SA Magazine","article_publisher":"https:\/\/www.facebook.com\/PolisSAMagazine\/","article_published_time":"2022-10-06T06:00:00+00:00","article_modified_time":"2022-10-06T08:57:21+00:00","og_image":[{"width":2048,"height":1365,"url":"https:\/\/www.istitutogalanteoliva.it\/magazine\/wp-content\/uploads\/2022\/10\/306930041_2215362691949840_1277941774800260889_n.jpg","type":"image\/jpeg"}],"author":"Antonello Rivano","twitter_card":"summary_large_image","twitter_creator":"@MagazinePolis","twitter_site":"@MagazinePolis","twitter_misc":{"Scritto da":"Antonello Rivano","Tempo di lettura stimato":"4 minuti"},"schema":{"@context":"https:\/\/schema.org","@graph":[{"@type":"Article","@id":"https:\/\/www.istitutogalanteoliva.it\/magazine\/2022\/10\/06\/ciro-esposito-al-psff-i-miei-maestri-lina-wertumuller-e-i-fratelli-taviani-nel-ricordo-del-grande-villaggio\/#article","isPartOf":{"@id":"https:\/\/www.istitutogalanteoliva.it\/magazine\/2022\/10\/06\/ciro-esposito-al-psff-i-miei-maestri-lina-wertumuller-e-i-fratelli-taviani-nel-ricordo-del-grande-villaggio\/"},"author":{"name":"Antonello Rivano","@id":"https:\/\/www.istitutogalanteoliva.it\/magazine\/#\/schema\/person\/d8b8aa79cfe8babc1df9da3212a7c0c4"},"headline":"Ciro Esposito al PSFF: \u201c I miei Maestri Lina Wertumuller e i fratelli Taviani nel ricordo del grande Villaggio\u201d","datePublished":"2022-10-06T06:00:00+00:00","dateModified":"2022-10-06T08:57:21+00:00","mainEntityOfPage":{"@id":"https:\/\/www.istitutogalanteoliva.it\/magazine\/2022\/10\/06\/ciro-esposito-al-psff-i-miei-maestri-lina-wertumuller-e-i-fratelli-taviani-nel-ricordo-del-grande-villaggio\/"},"wordCount":632,"publisher":{"@id":"https:\/\/www.istitutogalanteoliva.it\/magazine\/#organization"},"image":{"@id":"https:\/\/www.istitutogalanteoliva.it\/magazine\/2022\/10\/06\/ciro-esposito-al-psff-i-miei-maestri-lina-wertumuller-e-i-fratelli-taviani-nel-ricordo-del-grande-villaggio\/#primaryimage"},"thumbnailUrl":"https:\/\/www.istitutogalanteoliva.it\/magazine\/wp-content\/uploads\/2022\/10\/306930041_2215362691949840_1277941774800260889_n.jpg","articleSection":["2022","Personaggi"],"inLanguage":"it-IT"},{"@type":"WebPage","@id":"https:\/\/www.istitutogalanteoliva.it\/magazine\/2022\/10\/06\/ciro-esposito-al-psff-i-miei-maestri-lina-wertumuller-e-i-fratelli-taviani-nel-ricordo-del-grande-villaggio\/","url":"https:\/\/www.istitutogalanteoliva.it\/magazine\/2022\/10\/06\/ciro-esposito-al-psff-i-miei-maestri-lina-wertumuller-e-i-fratelli-taviani-nel-ricordo-del-grande-villaggio\/","name":"Ciro Esposito al PSFF: \u201c I miei Maestri Lina Wertumuller e i fratelli Taviani nel ricordo del grande Villaggio\u201d - Polis SA Magazine","isPartOf":{"@id":"https:\/\/www.istitutogalanteoliva.it\/magazine\/#website"},"primaryImageOfPage":{"@id":"https:\/\/www.istitutogalanteoliva.it\/magazine\/2022\/10\/06\/ciro-esposito-al-psff-i-miei-maestri-lina-wertumuller-e-i-fratelli-taviani-nel-ricordo-del-grande-villaggio\/#primaryimage"},"image":{"@id":"https:\/\/www.istitutogalanteoliva.it\/magazine\/2022\/10\/06\/ciro-esposito-al-psff-i-miei-maestri-lina-wertumuller-e-i-fratelli-taviani-nel-ricordo-del-grande-villaggio\/#primaryimage"},"thumbnailUrl":"https:\/\/www.istitutogalanteoliva.it\/magazine\/wp-content\/uploads\/2022\/10\/306930041_2215362691949840_1277941774800260889_n.jpg","datePublished":"2022-10-06T06:00:00+00:00","dateModified":"2022-10-06T08:57:21+00:00","breadcrumb":{"@id":"https:\/\/www.istitutogalanteoliva.it\/magazine\/2022\/10\/06\/ciro-esposito-al-psff-i-miei-maestri-lina-wertumuller-e-i-fratelli-taviani-nel-ricordo-del-grande-villaggio\/#breadcrumb"},"inLanguage":"it-IT","potentialAction":[{"@type":"ReadAction","target":["https:\/\/www.istitutogalanteoliva.it\/magazine\/2022\/10\/06\/ciro-esposito-al-psff-i-miei-maestri-lina-wertumuller-e-i-fratelli-taviani-nel-ricordo-del-grande-villaggio\/"]}]},{"@type":"ImageObject","inLanguage":"it-IT","@id":"https:\/\/www.istitutogalanteoliva.it\/magazine\/2022\/10\/06\/ciro-esposito-al-psff-i-miei-maestri-lina-wertumuller-e-i-fratelli-taviani-nel-ricordo-del-grande-villaggio\/#primaryimage","url":"https:\/\/www.istitutogalanteoliva.it\/magazine\/wp-content\/uploads\/2022\/10\/306930041_2215362691949840_1277941774800260889_n.jpg","contentUrl":"https:\/\/www.istitutogalanteoliva.it\/magazine\/wp-content\/uploads\/2022\/10\/306930041_2215362691949840_1277941774800260889_n.jpg","width":2048,"height":1365,"caption":"da sinistra Agata Fortis, Ciro Espisito e Ivano Cavaliere"},{"@type":"BreadcrumbList","@id":"https:\/\/www.istitutogalanteoliva.it\/magazine\/2022\/10\/06\/ciro-esposito-al-psff-i-miei-maestri-lina-wertumuller-e-i-fratelli-taviani-nel-ricordo-del-grande-villaggio\/#breadcrumb","itemListElement":[{"@type":"ListItem","position":1,"name":"Home","item":"https:\/\/www.istitutogalanteoliva.it\/magazine\/"},{"@type":"ListItem","position":2,"name":"Ciro Esposito al PSFF: \u201c I miei Maestri Lina Wertumuller e i fratelli Taviani nel ricordo del grande Villaggio\u201d"}]},{"@type":"WebSite","@id":"https:\/\/www.istitutogalanteoliva.it\/magazine\/#website","url":"https:\/\/www.istitutogalanteoliva.it\/magazine\/","name":"POLIS SA MAGAZINE","description":"Informazione e approfondimenti","publisher":{"@id":"https:\/\/www.istitutogalanteoliva.it\/magazine\/#organization"},"potentialAction":[{"@type":"SearchAction","target":{"@type":"EntryPoint","urlTemplate":"https:\/\/www.istitutogalanteoliva.it\/magazine\/?s={search_term_string}"},"query-input":{"@type":"PropertyValueSpecification","valueRequired":true,"valueName":"search_term_string"}}],"inLanguage":"it-IT"},{"@type":"Organization","@id":"https:\/\/www.istitutogalanteoliva.it\/magazine\/#organization","name":"Polis SA Magazine","url":"https:\/\/www.istitutogalanteoliva.it\/magazine\/","logo":{"@type":"ImageObject","inLanguage":"it-IT","@id":"https:\/\/www.istitutogalanteoliva.it\/magazine\/#\/schema\/logo\/image\/","url":"","contentUrl":"","caption":"Polis SA Magazine"},"image":{"@id":"https:\/\/www.istitutogalanteoliva.it\/magazine\/#\/schema\/logo\/image\/"},"sameAs":["https:\/\/www.facebook.com\/PolisSAMagazine\/","https:\/\/x.com\/MagazinePolis","https:\/\/www.youtube.com\/channel\/UCv0Mr5AHKUmsc0sEEXkJrgw"]},{"@type":"Person","@id":"https:\/\/www.istitutogalanteoliva.it\/magazine\/#\/schema\/person\/d8b8aa79cfe8babc1df9da3212a7c0c4","name":"Antonello Rivano","image":{"@type":"ImageObject","inLanguage":"it-IT","@id":"https:\/\/www.istitutogalanteoliva.it\/magazine\/#\/schema\/person\/image\/","url":"https:\/\/secure.gravatar.com\/avatar\/517a9a6487a7a18ecc4ce6d2e57a8f40?s=96&d=mm&r=g","contentUrl":"https:\/\/secure.gravatar.com\/avatar\/517a9a6487a7a18ecc4ce6d2e57a8f40?s=96&d=mm&r=g","caption":"Antonello Rivano"},"url":"https:\/\/www.istitutogalanteoliva.it\/magazine\/author\/antonello\/"}]}},"_links":{"self":[{"href":"https:\/\/www.istitutogalanteoliva.it\/magazine\/wp-json\/wp\/v2\/posts\/12821","targetHints":{"allow":["GET"]}}],"collection":[{"href":"https:\/\/www.istitutogalanteoliva.it\/magazine\/wp-json\/wp\/v2\/posts"}],"about":[{"href":"https:\/\/www.istitutogalanteoliva.it\/magazine\/wp-json\/wp\/v2\/types\/post"}],"author":[{"embeddable":true,"href":"https:\/\/www.istitutogalanteoliva.it\/magazine\/wp-json\/wp\/v2\/users\/2"}],"replies":[{"embeddable":true,"href":"https:\/\/www.istitutogalanteoliva.it\/magazine\/wp-json\/wp\/v2\/comments?post=12821"}],"version-history":[{"count":3,"href":"https:\/\/www.istitutogalanteoliva.it\/magazine\/wp-json\/wp\/v2\/posts\/12821\/revisions"}],"predecessor-version":[{"id":12826,"href":"https:\/\/www.istitutogalanteoliva.it\/magazine\/wp-json\/wp\/v2\/posts\/12821\/revisions\/12826"}],"wp:featuredmedia":[{"embeddable":true,"href":"https:\/\/www.istitutogalanteoliva.it\/magazine\/wp-json\/wp\/v2\/media\/12823"}],"wp:attachment":[{"href":"https:\/\/www.istitutogalanteoliva.it\/magazine\/wp-json\/wp\/v2\/media?parent=12821"}],"wp:term":[{"taxonomy":"category","embeddable":true,"href":"https:\/\/www.istitutogalanteoliva.it\/magazine\/wp-json\/wp\/v2\/categories?post=12821"},{"taxonomy":"post_tag","embeddable":true,"href":"https:\/\/www.istitutogalanteoliva.it\/magazine\/wp-json\/wp\/v2\/tags?post=12821"}],"curies":[{"name":"wp","href":"https:\/\/api.w.org\/{rel}","templated":true}]}}