{"id":12827,"date":"2022-10-07T08:00:00","date_gmt":"2022-10-07T06:00:00","guid":{"rendered":"https:\/\/www.istitutogalanteoliva.it\/magazine\/?p=12827"},"modified":"2022-10-06T15:17:12","modified_gmt":"2022-10-06T13:17:12","slug":"nuove-modalita-per-il-servizio-refezione-scolastica-scolastica-a-san-severino-sa-tutto-on-line","status":"publish","type":"post","link":"https:\/\/www.istitutogalanteoliva.it\/magazine\/2022\/10\/07\/nuove-modalita-per-il-servizio-refezione-scolastica-scolastica-a-san-severino-sa-tutto-on-line\/","title":{"rendered":"Nuove modalit\u00e0 per il servizio refezione scolastica scolastica a San Severino (SA), tutto on line"},"content":{"rendered":"\n<p><strong><em> La novit\u00e0 consiste nel fatto che tutto, quest\u2019anno, \u00e8 \u201crigorosamente\u201d online. Grazie ai portali dedicati, in sinergia con l\u2019amministrazione comunale \u2013 in particolare a cura di Assunta Alfano ed Enza Cavaliere, rispettivamente assessori alle Politiche Scolastiche e alla Cultura \u2013 e con la ditta \u201cNova s.r.l.\u201d.<\/em><\/strong> Il nuovo sistema \u2013 illustrato in un\u2019apposita conferenza stampa; alla presenza di una nutrita \u201cdelegazione\u201d di genitori, docenti, dei <strong>dirigenti scolastici Anna Buonoconto (secondo circolo d\u2019istruzione) e Laura Teodosio (primo circolo)<\/strong> \u2013 permette alle famiglie di accedere agevolmente all\u2019erogazione della mensa. Con un clic, su Pc e (tramite App) direttamente da Tablet e\/o Smartphone, le famiglie possono \u201cgestire\u201d, \u201cmonitorare\u201d, le modalit\u00e0 di ricezione pasti per i bambini delle scuole dell\u2019Infanzia o delle primarie. Questo service digitale intende sostituire il sistema \u201cobsolescente\u201d, utilizzato gli scorsi anni: quello del blocchetto o ticket. In linea con i processi di digitalizzazioni programmati presso il Comune di San Severino, <em>anche la mensa scolastica vedr\u00e0 l\u2019informatizzazione delle procedure d\u2019iscrizione. In modo da rendere la fruizione maggiormente comoda, trasparente, immediata.<\/em> Le funzionalit\u00e0 dell\u2019innovativo sistema \u2013 denominato: \u201cE.meal School\u201d (di \u201cNova s.r.l.) \u2013 sono le seguenti: <strong>innanzitutto, il cosiddetto \u201cborsellino elettronico\u201d \u2013 per quanto concerne i buoni pasto; poi la comunicazione tra i genitori, le scuole, l\u2019amministrazione; l\u2019accesso a nuove modalit\u00e0 di pagamento; l\u2019ottenimento di informazioni \u201cin progress\u201d. Si pu\u00f2 scaricare, gratuitamente, l\u2019applicazione (per Ios o Android) \u201cServizi Mensa\u201d. O, in alternativa, collegarsi \u2013 mediante delle apposite credenziali \u2013 a \u201cNovaportal\u201d. L\u2019iscrizione a questo nuovo servizio avviene connettendosi al sito web del Comune: <a href=\"https:\/\/mercatosanseverino.ristonova.it\/novaportal\">https:\/\/mercatosanseverino.ristonova.it\/novaportal<\/a> \u2013 dal 5 all\u201911 ottobre prossimi. Mercoled\u00ec 12 comincer\u00e0, come affermato, il servizio refezione.<\/strong> Il manifesto che pubblicizza il tutto evidenzia che, anche per il corrente anno scolastico, sono rimaste invariate le tariffe contributive \u2013 stabilite in base alle fasce di reddito delle famiglie. Che emergono dall\u2019Isee (Indicatore della situazione economica equivalente). <em>All\u2019incontro con la stampa, sono intervenuti \u2013 a livello istituzionale: le gi\u00e0 citate assessori Assunta Alfano ed Enza Cavaliere; il consigliere comunale Felice De Santis; Federica Alfano, in rappresentanza della cooperativa sociale \u201cProgetto 2000\u201d. Una realt\u00e0 con sede in Pontecagnano Faiano, ma presente sul territorio sanseverinese con ben cinque punti cottura (per mense scolastiche): quelli delle frazioni S. Vincenzo, S. Angelo, Pandola (nuovo punto cottura; fino allo scorso anno si trattava di un refettorio) e \u2013 al capoluogo \u2013 quelli degli istituti \u201cGuadagno\u201d e \u201cPesce\u201d.<\/em> Il servizio di refezione \u00e8 attivo, a San Severino, per le scuole dell\u2019Infanzia (asili) e per le \u201cvecchie\u201d elementari. Ci sono svariate modalit\u00e0, per poter fruire di questa opportunit\u00e0 di rimanere a pranzo presso gli istituti educativi. A seconda del tempo, che sia ridotto o normale (asili) o normale e pieno (scuole primarie). La mensa pu\u00f2 prevedere pi\u00f9 turni, negli edifici maggiormente frequentati. In genere, il primo turno si estende dalle ore 12.10 alle 13.10. Pranzano con gli scolari anche alcuni docenti, per vigilare sui piccoli. I genitori, per\u00f2, vengono a \u201critirare\u201d i figli alle 16.00. <\/p>\n\n\n\n<figure class=\"wp-block-image size-large is-resized\"><img loading=\"lazy\" decoding=\"async\" src=\"https:\/\/www.istitutogalanteoliva.it\/magazine\/wp-content\/uploads\/2022\/10\/Foto-Mensa-MSS-Noia-3-1-716x1024.jpg\" alt=\"\" class=\"wp-image-12828\" width=\"310\" height=\"443\" srcset=\"https:\/\/www.istitutogalanteoliva.it\/magazine\/wp-content\/uploads\/2022\/10\/Foto-Mensa-MSS-Noia-3-1-716x1024.jpg 716w, https:\/\/www.istitutogalanteoliva.it\/magazine\/wp-content\/uploads\/2022\/10\/Foto-Mensa-MSS-Noia-3-1-210x300.jpg 210w, https:\/\/www.istitutogalanteoliva.it\/magazine\/wp-content\/uploads\/2022\/10\/Foto-Mensa-MSS-Noia-3-1-768x1098.jpg 768w, https:\/\/www.istitutogalanteoliva.it\/magazine\/wp-content\/uploads\/2022\/10\/Foto-Mensa-MSS-Noia-3-1-1074x1536.jpg 1074w, https:\/\/www.istitutogalanteoliva.it\/magazine\/wp-content\/uploads\/2022\/10\/Foto-Mensa-MSS-Noia-3-1-1024x1464.jpg 1024w, https:\/\/www.istitutogalanteoliva.it\/magazine\/wp-content\/uploads\/2022\/10\/Foto-Mensa-MSS-Noia-3-1.jpg 1119w\" sizes=\"auto, (max-width: 310px) 100vw, 310px\" \/><\/figure>\n\n\n\n<p><strong>Durante l\u2019incontro con i cronisti, sono emerse varie perplessit\u00e0 da parte del pubblico. Che ha rivolto agli amministratori numerose e pertinenti, interessanti domande. Ma anche curiosit\u00e0, nei confronti di quest\u2019innovazione tutta tecnologica. Infatti, proprio allo scopo di esplicare come accedere al servizio, Alfano e Cavaliere hanno indetto la conferenza di cui in oggetto. Il primo step riguarda l\u2019iscrizione. Altro argomento affrontato nel corso del dibattito, fondamentale, \u00e8 come pagare on line. Per tale fattispecie, si far\u00e0 riferimento alla piattaforma PagoPa.<\/strong> Vogliamo ricordare che le istruzioni, per usufruire del servizio inerente il nuovo sistema, sono presenti sul sito del Comune di Mercato San Severino. L\u2019utente sar\u00e0 guidato passo passo, poi, al momento di entrare nel sistema digitale. Nell\u2019ambito della conferenza, Assunta Alfano ha cominciato a spiegare i \u201cpreliminari\u201d propedeutici all\u2019uso del servizio. <em>Una delle prime questioni emerse afferiva alla necessit\u00e0 di offrire, agli scolari con allergie od intolleranze \u2013 od anche ad immigrati, con tradizioni religiose che favoriscano un regime alimentare non \u201cconsueto\u201d \u2013 un altro tipo di dieta (cucina, cibi preparati) a mensa. Mentre l\u2019assessore parlava, l\u2019interesse delle madri presenti in sala (oltre \u2013 ripetiamo &#8211; a docenti e a dirigenti dei due circoli didattici sanseverinesi) cresceva. E sono scaturite molte domande, per vari dubbi sorti in merito alla questione \u201cmensa\u201d. Tutto molto pacato e ricco, appunto, di curiosit\u00e0.<\/em> Accedendo al portale occorre cliccare sulla voce (o App) \u201cMensa\u201d. Per stabilire il regime dietetico e, cosa non secondaria, per \u201cmonitorare\u201d la presenza o meno dei bambini appunto a mensa. Per censire le eventuali assenze. Di questo si \u00e8 discusso molto. Si \u00e8 anche molto spiegato, tra gli interventi dell\u2019assessore e quelli di Federica Alfano, di \u201cProgetto 2000\u201d, della necessit\u00e0 di poter riservare delle \u201cscorte\u201d alimentari (chiamiamole cos\u00ec) ad eventuali bambini\u2026 \u201cin esubero\u201d \u2013 cio\u00e8 presenti all\u2019ora di pranzo ma non \u201ciscritti\u201d sul portale. Vuoi per dimenticanza dei genitori, vuoi in quanto escano prima o non si sentano bene e vengano prelevati prima dell\u2019ora in cui starebbero a mensa. Stando a quanto affermato, <strong>occorre una buona cooperazione, una collaborazione, tra Comune; scuola; responsabili del portale. Per indicare, con estrema precisione, quanti alunni \u2013 alfine \u2013 avranno diritto di consumare il pranzo a mensa. Tutto \u2013 anche \u2013 in sinergia con le Asl territoriali.<\/strong> Per quanto concerne il regime alimentare bilanciato e variegato. Non si \u00e8 tralasciato l\u2019aspetto \u201cgoloso\u201d dei cibi preparati. Sia dall\u2019interno delle scuole che quale catering esterno. In soldoni, i cibi \u2013 oltre ad essere nutrienti e conformi alle norme sanitarie e dietetiche \u2013 devono anche essere apprezzati dai piccoli. Devon essere gustosi, oltre che ricchi nell\u2019apporto propriamente dietetico. Per quanto concerne la salute e anche per soddisfare il palato. <strong><em>Proprio a tal scopo, oltre ai menu fissi, sono previste (non sempre) alcune scelte e delle variazioni \u2013 il primo giorno (menu di benvenuto) e in occasioni speciali \u2013 come il pizza day (per assaggiare la pizza); halloween; Natale; Pasqua; carnevale (nei giorni di presenza in aula, precedenti o successivi &#8211; ovviamente).<\/em><\/strong> Dunque, tornando a noi, il passo principale da effettuare per garantire i pasti dei bambini \u2013 ricordiamo per\u00f2 che il servizio refezione include anche gli insegnanti, presenti durante l\u2019ora di mensa \u2013 \u00e8 quello della corretta iscrizione sul nuovo sito web. Dopo, si pu\u00f2 inserire la fascia Isee di appartenenza. In modalit\u00e0 diverse, ripetiamo: tramite computer a casa, ma anche mediante tablet e col cellulare. <em>L\u2019essenziale \u00e8 ben utilizzare i link, che permettono anche ai genitori pi\u00f9 \u201crestii\u201d di inserire agevolmente sia i dati anagrafici che le informazioni essenziali della famiglia e\/o del singolo bambino frequentante la mensa. Un altro punto da chiarire, tornando adesso alle domande poste dalle famiglie presenti, \u00e8 l\u2019orario in cui si debba e\/o si possa dare ai referenti che gestiscono il portale il numero di scolari che effettivamente consumano il pasto. Pi\u00f9 che altro, si \u00e8 parlato della tempistica in cui far pervenire al centro di distribuzione pasti il numero dei bimbi che pranzeranno.<\/em> Ma tutto questo, da ora, \u00e8 on line. Quindi dovrebbe essere tutto pi\u00f9 facile, anche se si \u00e8 in una fase \u2013 per adesso \u2013 di \u201crodaggio\u201d. Anche le famiglie con pi\u00f9 figli frequentanti le mense possono accedere on line e caricare i nomi dei figli in ordine alfabetico. <strong><em>Le modalit\u00e0 di pagamento PagoPa andranno un po\u2019 a sostituire le altre categorie di pagamento. Si pu\u00f2 scegliere di pagare l\u2019intero pacchetto o una cifra pi\u00f9 bassa. Ma, per motivi tecnici, PagoPa non sar\u00e0 disponibile da subito: per il momento si consiglia di pagare dal portale del Comune \u2013 attraverso altri modi alternativi. Insomma: il cosiddetto \u201cborsellino elettronico\u201d sta gradualmente \u201cmandando in pensione\u201d il blocco cartaceo dei ticket mensa.<\/em><\/strong> Solo dando tempo al tempo, le famiglie saranno presto in grado di impratichirsi \u2013 per un service comodo, veloce, pratico, sicuro. Nell\u2019ambito delle recenti normative sulla digitalizzazione e dematerializzazione. Mentre, <strong>per ci\u00f2 che concerne lo \u201cstop\u201d alla plastica e la sostenibilit\u00e0 ambientale (green) riguardo le stoviglie, durante il convegno si \u00e8 discusso anche di questo. Come soluzione alle problematiche ambientali, si \u00e8 proposto l\u2019uso del porcellanato; del coccio e dell\u2019acciaio per posate nei cinque centri di cottura. Nei refettori, invece, le posate ma anche i piatti sono per adesso ancora compostabili.<\/strong> Il che vuol dire meno resistenza e poco gradimento dei bambini. Nell\u2019aria \u2013 pertanto \u2013 l\u2019idea, emersa dalla conferenza, di cucchiai e forchette in acciaio. Eventualmente anche da risciacquare, nelle scuole che hanno lavandini per il lavaggio.<\/p>\n\n\n\n<p class=\"has-text-align-right\"><strong><em>ANNA MARIA NOIA<\/em><\/strong><\/p>\n<div class=\"pdfprnt-buttons pdfprnt-buttons-post pdfprnt-bottom-left\"><a href=\"https:\/\/www.istitutogalanteoliva.it\/magazine\/wp-json\/wp\/v2\/posts\/12827?print=print\" class=\"pdfprnt-button pdfprnt-button-print\" target=\"_blank\"><img decoding=\"async\" src=\"https:\/\/www.istitutogalanteoliva.it\/magazine\/wp-content\/plugins\/pdf-print\/images\/print.png\" alt=\"image_print\" title=\"Stampa contenuto\" \/><span class=\"pdfprnt-button-title pdfprnt-button-print-title\">Download in PDF<\/span><\/a><\/div>","protected":false},"excerpt":{"rendered":"<p>Parte il prossimo 12 ottobre il nuovo servizio di refezione scolastica 2022\/2023, a Mercato San Severino<\/p>\n","protected":false},"author":2,"featured_media":12829,"comment_status":"closed","ping_status":"open","sticky":false,"template":"","format":"standard","meta":{"footnotes":""},"categories":[577,51],"tags":[],"class_list":["post-12827","post","type-post","status-publish","format-standard","has-post-thumbnail","hentry","category-577","category-scuola"],"yoast_head":"<!-- This site is optimized with the Yoast SEO plugin v24.2 - https:\/\/yoast.com\/wordpress\/plugins\/seo\/ -->\n<title>Nuove modalit\u00e0 per il servizio refezione scolastica scolastica a San Severino (SA), tutto on line - Polis SA Magazine<\/title>\n<meta name=\"robots\" content=\"index, follow, max-snippet:-1, max-image-preview:large, max-video-preview:-1\" \/>\n<link rel=\"canonical\" href=\"https:\/\/www.istitutogalanteoliva.it\/magazine\/2022\/10\/07\/nuove-modalita-per-il-servizio-refezione-scolastica-scolastica-a-san-severino-sa-tutto-on-line\/\" \/>\n<meta property=\"og:locale\" content=\"it_IT\" \/>\n<meta property=\"og:type\" content=\"article\" \/>\n<meta property=\"og:title\" content=\"Nuove modalit\u00e0 per il servizio refezione scolastica scolastica a San Severino (SA), tutto on line - Polis SA Magazine\" \/>\n<meta property=\"og:description\" content=\"Parte il prossimo 12 ottobre il nuovo servizio di refezione scolastica 2022\/2023, a Mercato San Severino\" \/>\n<meta property=\"og:url\" content=\"https:\/\/www.istitutogalanteoliva.it\/magazine\/2022\/10\/07\/nuove-modalita-per-il-servizio-refezione-scolastica-scolastica-a-san-severino-sa-tutto-on-line\/\" \/>\n<meta property=\"og:site_name\" content=\"Polis SA Magazine\" \/>\n<meta property=\"article:publisher\" content=\"https:\/\/www.facebook.com\/PolisSAMagazine\/\" \/>\n<meta property=\"article:published_time\" content=\"2022-10-07T06:00:00+00:00\" \/>\n<meta property=\"article:modified_time\" content=\"2022-10-06T13:17:12+00:00\" \/>\n<meta property=\"og:image\" content=\"https:\/\/www.istitutogalanteoliva.it\/magazine\/wp-content\/uploads\/2022\/10\/Foto-Mensa-MSS-Noia-5-1-scaled.jpg\" \/>\n\t<meta property=\"og:image:width\" content=\"2560\" \/>\n\t<meta property=\"og:image:height\" content=\"1920\" \/>\n\t<meta property=\"og:image:type\" content=\"image\/jpeg\" \/>\n<meta name=\"author\" content=\"Antonello Rivano\" \/>\n<meta name=\"twitter:card\" content=\"summary_large_image\" \/>\n<meta name=\"twitter:creator\" content=\"@MagazinePolis\" \/>\n<meta name=\"twitter:site\" content=\"@MagazinePolis\" \/>\n<meta name=\"twitter:label1\" content=\"Scritto da\" \/>\n\t<meta name=\"twitter:data1\" content=\"Antonello Rivano\" \/>\n\t<meta name=\"twitter:label2\" content=\"Tempo di lettura stimato\" \/>\n\t<meta name=\"twitter:data2\" content=\"8 minuti\" \/>\n<script type=\"application\/ld+json\" class=\"yoast-schema-graph\">{\"@context\":\"https:\/\/schema.org\",\"@graph\":[{\"@type\":\"Article\",\"@id\":\"https:\/\/www.istitutogalanteoliva.it\/magazine\/2022\/10\/07\/nuove-modalita-per-il-servizio-refezione-scolastica-scolastica-a-san-severino-sa-tutto-on-line\/#article\",\"isPartOf\":{\"@id\":\"https:\/\/www.istitutogalanteoliva.it\/magazine\/2022\/10\/07\/nuove-modalita-per-il-servizio-refezione-scolastica-scolastica-a-san-severino-sa-tutto-on-line\/\"},\"author\":{\"name\":\"Antonello Rivano\",\"@id\":\"https:\/\/www.istitutogalanteoliva.it\/magazine\/#\/schema\/person\/d8b8aa79cfe8babc1df9da3212a7c0c4\"},\"headline\":\"Nuove modalit\u00e0 per il servizio refezione scolastica scolastica a San Severino (SA), tutto on line\",\"datePublished\":\"2022-10-07T06:00:00+00:00\",\"dateModified\":\"2022-10-06T13:17:12+00:00\",\"mainEntityOfPage\":{\"@id\":\"https:\/\/www.istitutogalanteoliva.it\/magazine\/2022\/10\/07\/nuove-modalita-per-il-servizio-refezione-scolastica-scolastica-a-san-severino-sa-tutto-on-line\/\"},\"wordCount\":1398,\"publisher\":{\"@id\":\"https:\/\/www.istitutogalanteoliva.it\/magazine\/#organization\"},\"image\":{\"@id\":\"https:\/\/www.istitutogalanteoliva.it\/magazine\/2022\/10\/07\/nuove-modalita-per-il-servizio-refezione-scolastica-scolastica-a-san-severino-sa-tutto-on-line\/#primaryimage\"},\"thumbnailUrl\":\"https:\/\/www.istitutogalanteoliva.it\/magazine\/wp-content\/uploads\/2022\/10\/Foto-Mensa-MSS-Noia-5-1-scaled.jpg\",\"articleSection\":[\"2022\",\"Scuola\"],\"inLanguage\":\"it-IT\"},{\"@type\":\"WebPage\",\"@id\":\"https:\/\/www.istitutogalanteoliva.it\/magazine\/2022\/10\/07\/nuove-modalita-per-il-servizio-refezione-scolastica-scolastica-a-san-severino-sa-tutto-on-line\/\",\"url\":\"https:\/\/www.istitutogalanteoliva.it\/magazine\/2022\/10\/07\/nuove-modalita-per-il-servizio-refezione-scolastica-scolastica-a-san-severino-sa-tutto-on-line\/\",\"name\":\"Nuove modalit\u00e0 per il servizio refezione scolastica scolastica a San Severino (SA), tutto on line - Polis SA Magazine\",\"isPartOf\":{\"@id\":\"https:\/\/www.istitutogalanteoliva.it\/magazine\/#website\"},\"primaryImageOfPage\":{\"@id\":\"https:\/\/www.istitutogalanteoliva.it\/magazine\/2022\/10\/07\/nuove-modalita-per-il-servizio-refezione-scolastica-scolastica-a-san-severino-sa-tutto-on-line\/#primaryimage\"},\"image\":{\"@id\":\"https:\/\/www.istitutogalanteoliva.it\/magazine\/2022\/10\/07\/nuove-modalita-per-il-servizio-refezione-scolastica-scolastica-a-san-severino-sa-tutto-on-line\/#primaryimage\"},\"thumbnailUrl\":\"https:\/\/www.istitutogalanteoliva.it\/magazine\/wp-content\/uploads\/2022\/10\/Foto-Mensa-MSS-Noia-5-1-scaled.jpg\",\"datePublished\":\"2022-10-07T06:00:00+00:00\",\"dateModified\":\"2022-10-06T13:17:12+00:00\",\"breadcrumb\":{\"@id\":\"https:\/\/www.istitutogalanteoliva.it\/magazine\/2022\/10\/07\/nuove-modalita-per-il-servizio-refezione-scolastica-scolastica-a-san-severino-sa-tutto-on-line\/#breadcrumb\"},\"inLanguage\":\"it-IT\",\"potentialAction\":[{\"@type\":\"ReadAction\",\"target\":[\"https:\/\/www.istitutogalanteoliva.it\/magazine\/2022\/10\/07\/nuove-modalita-per-il-servizio-refezione-scolastica-scolastica-a-san-severino-sa-tutto-on-line\/\"]}]},{\"@type\":\"ImageObject\",\"inLanguage\":\"it-IT\",\"@id\":\"https:\/\/www.istitutogalanteoliva.it\/magazine\/2022\/10\/07\/nuove-modalita-per-il-servizio-refezione-scolastica-scolastica-a-san-severino-sa-tutto-on-line\/#primaryimage\",\"url\":\"https:\/\/www.istitutogalanteoliva.it\/magazine\/wp-content\/uploads\/2022\/10\/Foto-Mensa-MSS-Noia-5-1-scaled.jpg\",\"contentUrl\":\"https:\/\/www.istitutogalanteoliva.it\/magazine\/wp-content\/uploads\/2022\/10\/Foto-Mensa-MSS-Noia-5-1-scaled.jpg\",\"width\":2560,\"height\":1920},{\"@type\":\"BreadcrumbList\",\"@id\":\"https:\/\/www.istitutogalanteoliva.it\/magazine\/2022\/10\/07\/nuove-modalita-per-il-servizio-refezione-scolastica-scolastica-a-san-severino-sa-tutto-on-line\/#breadcrumb\",\"itemListElement\":[{\"@type\":\"ListItem\",\"position\":1,\"name\":\"Home\",\"item\":\"https:\/\/www.istitutogalanteoliva.it\/magazine\/\"},{\"@type\":\"ListItem\",\"position\":2,\"name\":\"Nuove modalit\u00e0 per il servizio refezione scolastica scolastica a San Severino (SA), tutto on line\"}]},{\"@type\":\"WebSite\",\"@id\":\"https:\/\/www.istitutogalanteoliva.it\/magazine\/#website\",\"url\":\"https:\/\/www.istitutogalanteoliva.it\/magazine\/\",\"name\":\"POLIS SA MAGAZINE\",\"description\":\"Informazione e approfondimenti\",\"publisher\":{\"@id\":\"https:\/\/www.istitutogalanteoliva.it\/magazine\/#organization\"},\"potentialAction\":[{\"@type\":\"SearchAction\",\"target\":{\"@type\":\"EntryPoint\",\"urlTemplate\":\"https:\/\/www.istitutogalanteoliva.it\/magazine\/?s={search_term_string}\"},\"query-input\":{\"@type\":\"PropertyValueSpecification\",\"valueRequired\":true,\"valueName\":\"search_term_string\"}}],\"inLanguage\":\"it-IT\"},{\"@type\":\"Organization\",\"@id\":\"https:\/\/www.istitutogalanteoliva.it\/magazine\/#organization\",\"name\":\"Polis SA Magazine\",\"url\":\"https:\/\/www.istitutogalanteoliva.it\/magazine\/\",\"logo\":{\"@type\":\"ImageObject\",\"inLanguage\":\"it-IT\",\"@id\":\"https:\/\/www.istitutogalanteoliva.it\/magazine\/#\/schema\/logo\/image\/\",\"url\":\"\",\"contentUrl\":\"\",\"caption\":\"Polis SA Magazine\"},\"image\":{\"@id\":\"https:\/\/www.istitutogalanteoliva.it\/magazine\/#\/schema\/logo\/image\/\"},\"sameAs\":[\"https:\/\/www.facebook.com\/PolisSAMagazine\/\",\"https:\/\/x.com\/MagazinePolis\",\"https:\/\/www.youtube.com\/channel\/UCv0Mr5AHKUmsc0sEEXkJrgw\"]},{\"@type\":\"Person\",\"@id\":\"https:\/\/www.istitutogalanteoliva.it\/magazine\/#\/schema\/person\/d8b8aa79cfe8babc1df9da3212a7c0c4\",\"name\":\"Antonello Rivano\",\"image\":{\"@type\":\"ImageObject\",\"inLanguage\":\"it-IT\",\"@id\":\"https:\/\/www.istitutogalanteoliva.it\/magazine\/#\/schema\/person\/image\/\",\"url\":\"https:\/\/secure.gravatar.com\/avatar\/517a9a6487a7a18ecc4ce6d2e57a8f40?s=96&d=mm&r=g\",\"contentUrl\":\"https:\/\/secure.gravatar.com\/avatar\/517a9a6487a7a18ecc4ce6d2e57a8f40?s=96&d=mm&r=g\",\"caption\":\"Antonello Rivano\"},\"url\":\"https:\/\/www.istitutogalanteoliva.it\/magazine\/author\/antonello\/\"}]}<\/script>\n<!-- \/ Yoast SEO plugin. -->","yoast_head_json":{"title":"Nuove modalit\u00e0 per il servizio refezione scolastica scolastica a San Severino (SA), tutto on line - Polis SA Magazine","robots":{"index":"index","follow":"follow","max-snippet":"max-snippet:-1","max-image-preview":"max-image-preview:large","max-video-preview":"max-video-preview:-1"},"canonical":"https:\/\/www.istitutogalanteoliva.it\/magazine\/2022\/10\/07\/nuove-modalita-per-il-servizio-refezione-scolastica-scolastica-a-san-severino-sa-tutto-on-line\/","og_locale":"it_IT","og_type":"article","og_title":"Nuove modalit\u00e0 per il servizio refezione scolastica scolastica a San Severino (SA), tutto on line - Polis SA Magazine","og_description":"Parte il prossimo 12 ottobre il nuovo servizio di refezione scolastica 2022\/2023, a Mercato San Severino","og_url":"https:\/\/www.istitutogalanteoliva.it\/magazine\/2022\/10\/07\/nuove-modalita-per-il-servizio-refezione-scolastica-scolastica-a-san-severino-sa-tutto-on-line\/","og_site_name":"Polis SA Magazine","article_publisher":"https:\/\/www.facebook.com\/PolisSAMagazine\/","article_published_time":"2022-10-07T06:00:00+00:00","article_modified_time":"2022-10-06T13:17:12+00:00","og_image":[{"width":2560,"height":1920,"url":"https:\/\/www.istitutogalanteoliva.it\/magazine\/wp-content\/uploads\/2022\/10\/Foto-Mensa-MSS-Noia-5-1-scaled.jpg","type":"image\/jpeg"}],"author":"Antonello Rivano","twitter_card":"summary_large_image","twitter_creator":"@MagazinePolis","twitter_site":"@MagazinePolis","twitter_misc":{"Scritto da":"Antonello Rivano","Tempo di lettura stimato":"8 minuti"},"schema":{"@context":"https:\/\/schema.org","@graph":[{"@type":"Article","@id":"https:\/\/www.istitutogalanteoliva.it\/magazine\/2022\/10\/07\/nuove-modalita-per-il-servizio-refezione-scolastica-scolastica-a-san-severino-sa-tutto-on-line\/#article","isPartOf":{"@id":"https:\/\/www.istitutogalanteoliva.it\/magazine\/2022\/10\/07\/nuove-modalita-per-il-servizio-refezione-scolastica-scolastica-a-san-severino-sa-tutto-on-line\/"},"author":{"name":"Antonello Rivano","@id":"https:\/\/www.istitutogalanteoliva.it\/magazine\/#\/schema\/person\/d8b8aa79cfe8babc1df9da3212a7c0c4"},"headline":"Nuove modalit\u00e0 per il servizio refezione scolastica scolastica a San Severino (SA), tutto on line","datePublished":"2022-10-07T06:00:00+00:00","dateModified":"2022-10-06T13:17:12+00:00","mainEntityOfPage":{"@id":"https:\/\/www.istitutogalanteoliva.it\/magazine\/2022\/10\/07\/nuove-modalita-per-il-servizio-refezione-scolastica-scolastica-a-san-severino-sa-tutto-on-line\/"},"wordCount":1398,"publisher":{"@id":"https:\/\/www.istitutogalanteoliva.it\/magazine\/#organization"},"image":{"@id":"https:\/\/www.istitutogalanteoliva.it\/magazine\/2022\/10\/07\/nuove-modalita-per-il-servizio-refezione-scolastica-scolastica-a-san-severino-sa-tutto-on-line\/#primaryimage"},"thumbnailUrl":"https:\/\/www.istitutogalanteoliva.it\/magazine\/wp-content\/uploads\/2022\/10\/Foto-Mensa-MSS-Noia-5-1-scaled.jpg","articleSection":["2022","Scuola"],"inLanguage":"it-IT"},{"@type":"WebPage","@id":"https:\/\/www.istitutogalanteoliva.it\/magazine\/2022\/10\/07\/nuove-modalita-per-il-servizio-refezione-scolastica-scolastica-a-san-severino-sa-tutto-on-line\/","url":"https:\/\/www.istitutogalanteoliva.it\/magazine\/2022\/10\/07\/nuove-modalita-per-il-servizio-refezione-scolastica-scolastica-a-san-severino-sa-tutto-on-line\/","name":"Nuove modalit\u00e0 per il servizio refezione scolastica scolastica a San Severino (SA), tutto on line - Polis SA Magazine","isPartOf":{"@id":"https:\/\/www.istitutogalanteoliva.it\/magazine\/#website"},"primaryImageOfPage":{"@id":"https:\/\/www.istitutogalanteoliva.it\/magazine\/2022\/10\/07\/nuove-modalita-per-il-servizio-refezione-scolastica-scolastica-a-san-severino-sa-tutto-on-line\/#primaryimage"},"image":{"@id":"https:\/\/www.istitutogalanteoliva.it\/magazine\/2022\/10\/07\/nuove-modalita-per-il-servizio-refezione-scolastica-scolastica-a-san-severino-sa-tutto-on-line\/#primaryimage"},"thumbnailUrl":"https:\/\/www.istitutogalanteoliva.it\/magazine\/wp-content\/uploads\/2022\/10\/Foto-Mensa-MSS-Noia-5-1-scaled.jpg","datePublished":"2022-10-07T06:00:00+00:00","dateModified":"2022-10-06T13:17:12+00:00","breadcrumb":{"@id":"https:\/\/www.istitutogalanteoliva.it\/magazine\/2022\/10\/07\/nuove-modalita-per-il-servizio-refezione-scolastica-scolastica-a-san-severino-sa-tutto-on-line\/#breadcrumb"},"inLanguage":"it-IT","potentialAction":[{"@type":"ReadAction","target":["https:\/\/www.istitutogalanteoliva.it\/magazine\/2022\/10\/07\/nuove-modalita-per-il-servizio-refezione-scolastica-scolastica-a-san-severino-sa-tutto-on-line\/"]}]},{"@type":"ImageObject","inLanguage":"it-IT","@id":"https:\/\/www.istitutogalanteoliva.it\/magazine\/2022\/10\/07\/nuove-modalita-per-il-servizio-refezione-scolastica-scolastica-a-san-severino-sa-tutto-on-line\/#primaryimage","url":"https:\/\/www.istitutogalanteoliva.it\/magazine\/wp-content\/uploads\/2022\/10\/Foto-Mensa-MSS-Noia-5-1-scaled.jpg","contentUrl":"https:\/\/www.istitutogalanteoliva.it\/magazine\/wp-content\/uploads\/2022\/10\/Foto-Mensa-MSS-Noia-5-1-scaled.jpg","width":2560,"height":1920},{"@type":"BreadcrumbList","@id":"https:\/\/www.istitutogalanteoliva.it\/magazine\/2022\/10\/07\/nuove-modalita-per-il-servizio-refezione-scolastica-scolastica-a-san-severino-sa-tutto-on-line\/#breadcrumb","itemListElement":[{"@type":"ListItem","position":1,"name":"Home","item":"https:\/\/www.istitutogalanteoliva.it\/magazine\/"},{"@type":"ListItem","position":2,"name":"Nuove modalit\u00e0 per il servizio refezione scolastica scolastica a San Severino (SA), tutto on line"}]},{"@type":"WebSite","@id":"https:\/\/www.istitutogalanteoliva.it\/magazine\/#website","url":"https:\/\/www.istitutogalanteoliva.it\/magazine\/","name":"POLIS SA MAGAZINE","description":"Informazione e approfondimenti","publisher":{"@id":"https:\/\/www.istitutogalanteoliva.it\/magazine\/#organization"},"potentialAction":[{"@type":"SearchAction","target":{"@type":"EntryPoint","urlTemplate":"https:\/\/www.istitutogalanteoliva.it\/magazine\/?s={search_term_string}"},"query-input":{"@type":"PropertyValueSpecification","valueRequired":true,"valueName":"search_term_string"}}],"inLanguage":"it-IT"},{"@type":"Organization","@id":"https:\/\/www.istitutogalanteoliva.it\/magazine\/#organization","name":"Polis SA Magazine","url":"https:\/\/www.istitutogalanteoliva.it\/magazine\/","logo":{"@type":"ImageObject","inLanguage":"it-IT","@id":"https:\/\/www.istitutogalanteoliva.it\/magazine\/#\/schema\/logo\/image\/","url":"","contentUrl":"","caption":"Polis SA Magazine"},"image":{"@id":"https:\/\/www.istitutogalanteoliva.it\/magazine\/#\/schema\/logo\/image\/"},"sameAs":["https:\/\/www.facebook.com\/PolisSAMagazine\/","https:\/\/x.com\/MagazinePolis","https:\/\/www.youtube.com\/channel\/UCv0Mr5AHKUmsc0sEEXkJrgw"]},{"@type":"Person","@id":"https:\/\/www.istitutogalanteoliva.it\/magazine\/#\/schema\/person\/d8b8aa79cfe8babc1df9da3212a7c0c4","name":"Antonello Rivano","image":{"@type":"ImageObject","inLanguage":"it-IT","@id":"https:\/\/www.istitutogalanteoliva.it\/magazine\/#\/schema\/person\/image\/","url":"https:\/\/secure.gravatar.com\/avatar\/517a9a6487a7a18ecc4ce6d2e57a8f40?s=96&d=mm&r=g","contentUrl":"https:\/\/secure.gravatar.com\/avatar\/517a9a6487a7a18ecc4ce6d2e57a8f40?s=96&d=mm&r=g","caption":"Antonello Rivano"},"url":"https:\/\/www.istitutogalanteoliva.it\/magazine\/author\/antonello\/"}]}},"_links":{"self":[{"href":"https:\/\/www.istitutogalanteoliva.it\/magazine\/wp-json\/wp\/v2\/posts\/12827","targetHints":{"allow":["GET"]}}],"collection":[{"href":"https:\/\/www.istitutogalanteoliva.it\/magazine\/wp-json\/wp\/v2\/posts"}],"about":[{"href":"https:\/\/www.istitutogalanteoliva.it\/magazine\/wp-json\/wp\/v2\/types\/post"}],"author":[{"embeddable":true,"href":"https:\/\/www.istitutogalanteoliva.it\/magazine\/wp-json\/wp\/v2\/users\/2"}],"replies":[{"embeddable":true,"href":"https:\/\/www.istitutogalanteoliva.it\/magazine\/wp-json\/wp\/v2\/comments?post=12827"}],"version-history":[{"count":1,"href":"https:\/\/www.istitutogalanteoliva.it\/magazine\/wp-json\/wp\/v2\/posts\/12827\/revisions"}],"predecessor-version":[{"id":12830,"href":"https:\/\/www.istitutogalanteoliva.it\/magazine\/wp-json\/wp\/v2\/posts\/12827\/revisions\/12830"}],"wp:featuredmedia":[{"embeddable":true,"href":"https:\/\/www.istitutogalanteoliva.it\/magazine\/wp-json\/wp\/v2\/media\/12829"}],"wp:attachment":[{"href":"https:\/\/www.istitutogalanteoliva.it\/magazine\/wp-json\/wp\/v2\/media?parent=12827"}],"wp:term":[{"taxonomy":"category","embeddable":true,"href":"https:\/\/www.istitutogalanteoliva.it\/magazine\/wp-json\/wp\/v2\/categories?post=12827"},{"taxonomy":"post_tag","embeddable":true,"href":"https:\/\/www.istitutogalanteoliva.it\/magazine\/wp-json\/wp\/v2\/tags?post=12827"}],"curies":[{"name":"wp","href":"https:\/\/api.w.org\/{rel}","templated":true}]}}