{"id":12865,"date":"2022-10-17T11:18:34","date_gmt":"2022-10-17T09:18:34","guid":{"rendered":"https:\/\/www.istitutogalanteoliva.it\/magazine\/?p=12865"},"modified":"2022-10-17T16:14:01","modified_gmt":"2022-10-17T14:14:01","slug":"padre-maurizio-patriciello-a-salerno-per-un-incontro-sulla-legalita","status":"publish","type":"post","link":"https:\/\/www.istitutogalanteoliva.it\/magazine\/2022\/10\/17\/padre-maurizio-patriciello-a-salerno-per-un-incontro-sulla-legalita\/","title":{"rendered":"Padre Maurizio Patriciello a Salerno per un incontro sulla legalit\u00e0"},"content":{"rendered":"\n<p><strong><em>Comunicato<\/em><\/strong><\/p>\n\n\n\n<p> L\u2019incontro, organizzato dalle Presidenze Diocesane della Fuci, del Meic e dell\u2019 Azione Cattolica, vedr\u00e0 come ospite e<br>relatore Padre Maurizio Patriciello, Parroco di San Paolo Apostolo- Parco Verde di Caivano, impegnato da<br>tempo ,spesso anche da solo , contro la criminalit\u00e0 organizzata nella terra dei fuochi.<\/p>\n\n\n\n<p>Dopo i saluti del Vicario Episcopale per la Carit\u00e0 e la Giustizia Don Antonio Romano, del Presidente<br>Diocesano del Meic Rocco Pacileo, del Presidente Diocesano della Fuci Stefano Pignataro e del Presidente<br>Diocesano di Azione Cattolica Maria Vittoria Lanzara, ad introdurre la relazione di Padre Patriciello sar\u00e0 il<br>giornalista Angelo Scelzo, gi\u00e0 Vice Direttore della Sala Stampa Vaticana. A seguire dibattito con interventi<br>programmati. La moderazione \u00e8 affidata al Presidente del Meic Rocco Pacileo.<\/p>\n\n\n\n<figure class=\"wp-block-image size-full is-resized\"><img loading=\"lazy\" decoding=\"async\" src=\"https:\/\/www.istitutogalanteoliva.it\/magazine\/wp-content\/uploads\/2022\/10\/aa.jpg\" alt=\"\" class=\"wp-image-12868\" width=\"609\" height=\"331\" srcset=\"https:\/\/www.istitutogalanteoliva.it\/magazine\/wp-content\/uploads\/2022\/10\/aa.jpg 700w, https:\/\/www.istitutogalanteoliva.it\/magazine\/wp-content\/uploads\/2022\/10\/aa-300x163.jpg 300w\" sizes=\"auto, (max-width: 609px) 100vw, 609px\" \/><\/figure>\n\n\n\n<p>\u201cL\u2019anno delle Presidenze Diocesane di Fuci-Meic ed Ac si apre nel migliore dei modi, con una riflessione<br>comune sul tema della legalit\u00e0-afferma il Presidente della Fuci Stefano Pignataro- .Un&#8217;iniziativa che<br>sicuramente sar\u00e0 preziosa per una ricca produzione di pensiero per le nostre realt\u00e0 diocesane, regionali e<br>nazionali e per le nostre realt\u00e0 di studio, accademiche , sociali e territoriali oltre che per i singoli membri e<br>partecipanti\u201d.<\/p>\n\n\n\n<p>\u201cL&#8217;incontro con padre Maurizio Patriciello rappresenta un avvenimento davvero unico-afferma il Presidente<br>del Meic Rocco Pacileo- Padre Maurizio lotta da tempo contro la criminalit\u00e0 organizzata nella &#8220;terra dei<br>fuochi &#8221; per la rinascita di un territorio inquinato da rifiuti tossici e industriali, sversati ed interrati, che<br>avvelenano territori, che erano fertili e produttivi, e contro i trafficanti di droga in un territorio dove si contano<br>13 piazze di spaccio per un giro di oltre 100 milioni di euro. Padre Maurizio, che \u00e8 stato definito una sorta di<br>valore di legalit\u00e0 vivente ,in questo incontro ci racconter\u00e0 cosa significhi vivere in una terra di camorra e<br>lottare per costruire una cultura di vita&#8221;.<\/p>\n<div class=\"pdfprnt-buttons pdfprnt-buttons-post pdfprnt-bottom-left\"><a href=\"https:\/\/www.istitutogalanteoliva.it\/magazine\/wp-json\/wp\/v2\/posts\/12865?print=print\" class=\"pdfprnt-button pdfprnt-button-print\" target=\"_blank\"><img decoding=\"async\" src=\"https:\/\/www.istitutogalanteoliva.it\/magazine\/wp-content\/plugins\/pdf-print\/images\/print.png\" alt=\"image_print\" title=\"Stampa contenuto\" \/><span class=\"pdfprnt-button-title pdfprnt-button-print-title\">Download in PDF<\/span><\/a><\/div>","protected":false},"excerpt":{"rendered":"<p>Si svolger\u00e0 venerd\u00ec 21 ottobre 2022, alle ore 18, presso il Salone degli Stemmi della Curia Arcivescovile di Salerno, il convegno \u201cL\u2019impegno contro l\u2019ingiustizia e la criminalit\u00e0 a difesa della legalit\u00e0\u201d<\/p>\n","protected":false},"author":2,"featured_media":12866,"comment_status":"closed","ping_status":"open","sticky":true,"template":"","format":"standard","meta":{"footnotes":""},"categories":[577,47,21],"tags":[677,83],"class_list":["post-12865","post","type-post","status-publish","format-standard","has-post-thumbnail","hentry","category-577","category-eventi","category-personaggi","tag-maurizio-patriciello","tag-salerno"],"yoast_head":"<!-- This site is optimized with the Yoast SEO plugin v24.2 - https:\/\/yoast.com\/wordpress\/plugins\/seo\/ -->\n<title>Padre Maurizio Patriciello a Salerno per un incontro sulla legalit\u00e0 - Polis SA Magazine<\/title>\n<meta name=\"robots\" content=\"index, follow, max-snippet:-1, max-image-preview:large, max-video-preview:-1\" \/>\n<link rel=\"canonical\" href=\"https:\/\/www.istitutogalanteoliva.it\/magazine\/2022\/10\/17\/padre-maurizio-patriciello-a-salerno-per-un-incontro-sulla-legalita\/\" \/>\n<meta property=\"og:locale\" content=\"it_IT\" \/>\n<meta property=\"og:type\" content=\"article\" \/>\n<meta property=\"og:title\" content=\"Padre Maurizio Patriciello a Salerno per un incontro sulla legalit\u00e0 - Polis SA Magazine\" \/>\n<meta property=\"og:description\" content=\"Si svolger\u00e0 venerd\u00ec 21 ottobre 2022, alle ore 18, presso il Salone degli Stemmi della Curia Arcivescovile di Salerno, il convegno \u201cL\u2019impegno contro l\u2019ingiustizia e la criminalit\u00e0 a difesa della legalit\u00e0\u201d\" \/>\n<meta property=\"og:url\" content=\"https:\/\/www.istitutogalanteoliva.it\/magazine\/2022\/10\/17\/padre-maurizio-patriciello-a-salerno-per-un-incontro-sulla-legalita\/\" \/>\n<meta property=\"og:site_name\" content=\"Polis SA Magazine\" \/>\n<meta property=\"article:publisher\" content=\"https:\/\/www.facebook.com\/PolisSAMagazine\/\" \/>\n<meta property=\"article:published_time\" content=\"2022-10-17T09:18:34+00:00\" \/>\n<meta property=\"article:modified_time\" content=\"2022-10-17T14:14:01+00:00\" \/>\n<meta property=\"og:image\" content=\"https:\/\/www.istitutogalanteoliva.it\/magazine\/wp-content\/uploads\/2022\/10\/interno.jpg\" \/>\n\t<meta property=\"og:image:width\" content=\"700\" \/>\n\t<meta property=\"og:image:height\" content=\"380\" \/>\n\t<meta property=\"og:image:type\" content=\"image\/jpeg\" \/>\n<meta name=\"author\" content=\"Antonello Rivano\" \/>\n<meta name=\"twitter:card\" content=\"summary_large_image\" \/>\n<meta name=\"twitter:creator\" content=\"@MagazinePolis\" \/>\n<meta name=\"twitter:site\" content=\"@MagazinePolis\" \/>\n<meta name=\"twitter:label1\" content=\"Scritto da\" \/>\n\t<meta name=\"twitter:data1\" content=\"Antonello Rivano\" \/>\n\t<meta name=\"twitter:label2\" content=\"Tempo di lettura stimato\" \/>\n\t<meta name=\"twitter:data2\" content=\"2 minuti\" \/>\n<script type=\"application\/ld+json\" class=\"yoast-schema-graph\">{\"@context\":\"https:\/\/schema.org\",\"@graph\":[{\"@type\":\"Article\",\"@id\":\"https:\/\/www.istitutogalanteoliva.it\/magazine\/2022\/10\/17\/padre-maurizio-patriciello-a-salerno-per-un-incontro-sulla-legalita\/#article\",\"isPartOf\":{\"@id\":\"https:\/\/www.istitutogalanteoliva.it\/magazine\/2022\/10\/17\/padre-maurizio-patriciello-a-salerno-per-un-incontro-sulla-legalita\/\"},\"author\":{\"name\":\"Antonello Rivano\",\"@id\":\"https:\/\/www.istitutogalanteoliva.it\/magazine\/#\/schema\/person\/d8b8aa79cfe8babc1df9da3212a7c0c4\"},\"headline\":\"Padre Maurizio Patriciello a Salerno per un incontro sulla legalit\u00e0\",\"datePublished\":\"2022-10-17T09:18:34+00:00\",\"dateModified\":\"2022-10-17T14:14:01+00:00\",\"mainEntityOfPage\":{\"@id\":\"https:\/\/www.istitutogalanteoliva.it\/magazine\/2022\/10\/17\/padre-maurizio-patriciello-a-salerno-per-un-incontro-sulla-legalita\/\"},\"wordCount\":291,\"publisher\":{\"@id\":\"https:\/\/www.istitutogalanteoliva.it\/magazine\/#organization\"},\"image\":{\"@id\":\"https:\/\/www.istitutogalanteoliva.it\/magazine\/2022\/10\/17\/padre-maurizio-patriciello-a-salerno-per-un-incontro-sulla-legalita\/#primaryimage\"},\"thumbnailUrl\":\"https:\/\/www.istitutogalanteoliva.it\/magazine\/wp-content\/uploads\/2022\/10\/interno.jpg\",\"keywords\":[\"Maurizio Patriciello\",\"salerno\"],\"articleSection\":[\"2022\",\"Eventi\",\"Personaggi\"],\"inLanguage\":\"it-IT\"},{\"@type\":\"WebPage\",\"@id\":\"https:\/\/www.istitutogalanteoliva.it\/magazine\/2022\/10\/17\/padre-maurizio-patriciello-a-salerno-per-un-incontro-sulla-legalita\/\",\"url\":\"https:\/\/www.istitutogalanteoliva.it\/magazine\/2022\/10\/17\/padre-maurizio-patriciello-a-salerno-per-un-incontro-sulla-legalita\/\",\"name\":\"Padre Maurizio Patriciello a Salerno per un incontro sulla legalit\u00e0 - Polis SA Magazine\",\"isPartOf\":{\"@id\":\"https:\/\/www.istitutogalanteoliva.it\/magazine\/#website\"},\"primaryImageOfPage\":{\"@id\":\"https:\/\/www.istitutogalanteoliva.it\/magazine\/2022\/10\/17\/padre-maurizio-patriciello-a-salerno-per-un-incontro-sulla-legalita\/#primaryimage\"},\"image\":{\"@id\":\"https:\/\/www.istitutogalanteoliva.it\/magazine\/2022\/10\/17\/padre-maurizio-patriciello-a-salerno-per-un-incontro-sulla-legalita\/#primaryimage\"},\"thumbnailUrl\":\"https:\/\/www.istitutogalanteoliva.it\/magazine\/wp-content\/uploads\/2022\/10\/interno.jpg\",\"datePublished\":\"2022-10-17T09:18:34+00:00\",\"dateModified\":\"2022-10-17T14:14:01+00:00\",\"breadcrumb\":{\"@id\":\"https:\/\/www.istitutogalanteoliva.it\/magazine\/2022\/10\/17\/padre-maurizio-patriciello-a-salerno-per-un-incontro-sulla-legalita\/#breadcrumb\"},\"inLanguage\":\"it-IT\",\"potentialAction\":[{\"@type\":\"ReadAction\",\"target\":[\"https:\/\/www.istitutogalanteoliva.it\/magazine\/2022\/10\/17\/padre-maurizio-patriciello-a-salerno-per-un-incontro-sulla-legalita\/\"]}]},{\"@type\":\"ImageObject\",\"inLanguage\":\"it-IT\",\"@id\":\"https:\/\/www.istitutogalanteoliva.it\/magazine\/2022\/10\/17\/padre-maurizio-patriciello-a-salerno-per-un-incontro-sulla-legalita\/#primaryimage\",\"url\":\"https:\/\/www.istitutogalanteoliva.it\/magazine\/wp-content\/uploads\/2022\/10\/interno.jpg\",\"contentUrl\":\"https:\/\/www.istitutogalanteoliva.it\/magazine\/wp-content\/uploads\/2022\/10\/interno.jpg\",\"width\":700,\"height\":380},{\"@type\":\"BreadcrumbList\",\"@id\":\"https:\/\/www.istitutogalanteoliva.it\/magazine\/2022\/10\/17\/padre-maurizio-patriciello-a-salerno-per-un-incontro-sulla-legalita\/#breadcrumb\",\"itemListElement\":[{\"@type\":\"ListItem\",\"position\":1,\"name\":\"Home\",\"item\":\"https:\/\/www.istitutogalanteoliva.it\/magazine\/\"},{\"@type\":\"ListItem\",\"position\":2,\"name\":\"Padre Maurizio Patriciello a Salerno per un incontro sulla legalit\u00e0\"}]},{\"@type\":\"WebSite\",\"@id\":\"https:\/\/www.istitutogalanteoliva.it\/magazine\/#website\",\"url\":\"https:\/\/www.istitutogalanteoliva.it\/magazine\/\",\"name\":\"POLIS SA MAGAZINE\",\"description\":\"Informazione e approfondimenti\",\"publisher\":{\"@id\":\"https:\/\/www.istitutogalanteoliva.it\/magazine\/#organization\"},\"potentialAction\":[{\"@type\":\"SearchAction\",\"target\":{\"@type\":\"EntryPoint\",\"urlTemplate\":\"https:\/\/www.istitutogalanteoliva.it\/magazine\/?s={search_term_string}\"},\"query-input\":{\"@type\":\"PropertyValueSpecification\",\"valueRequired\":true,\"valueName\":\"search_term_string\"}}],\"inLanguage\":\"it-IT\"},{\"@type\":\"Organization\",\"@id\":\"https:\/\/www.istitutogalanteoliva.it\/magazine\/#organization\",\"name\":\"Polis SA Magazine\",\"url\":\"https:\/\/www.istitutogalanteoliva.it\/magazine\/\",\"logo\":{\"@type\":\"ImageObject\",\"inLanguage\":\"it-IT\",\"@id\":\"https:\/\/www.istitutogalanteoliva.it\/magazine\/#\/schema\/logo\/image\/\",\"url\":\"\",\"contentUrl\":\"\",\"caption\":\"Polis SA Magazine\"},\"image\":{\"@id\":\"https:\/\/www.istitutogalanteoliva.it\/magazine\/#\/schema\/logo\/image\/\"},\"sameAs\":[\"https:\/\/www.facebook.com\/PolisSAMagazine\/\",\"https:\/\/x.com\/MagazinePolis\",\"https:\/\/www.youtube.com\/channel\/UCv0Mr5AHKUmsc0sEEXkJrgw\"]},{\"@type\":\"Person\",\"@id\":\"https:\/\/www.istitutogalanteoliva.it\/magazine\/#\/schema\/person\/d8b8aa79cfe8babc1df9da3212a7c0c4\",\"name\":\"Antonello Rivano\",\"image\":{\"@type\":\"ImageObject\",\"inLanguage\":\"it-IT\",\"@id\":\"https:\/\/www.istitutogalanteoliva.it\/magazine\/#\/schema\/person\/image\/\",\"url\":\"https:\/\/secure.gravatar.com\/avatar\/517a9a6487a7a18ecc4ce6d2e57a8f40?s=96&d=mm&r=g\",\"contentUrl\":\"https:\/\/secure.gravatar.com\/avatar\/517a9a6487a7a18ecc4ce6d2e57a8f40?s=96&d=mm&r=g\",\"caption\":\"Antonello Rivano\"},\"url\":\"https:\/\/www.istitutogalanteoliva.it\/magazine\/author\/antonello\/\"}]}<\/script>\n<!-- \/ Yoast SEO plugin. -->","yoast_head_json":{"title":"Padre Maurizio Patriciello a Salerno per un incontro sulla legalit\u00e0 - Polis SA Magazine","robots":{"index":"index","follow":"follow","max-snippet":"max-snippet:-1","max-image-preview":"max-image-preview:large","max-video-preview":"max-video-preview:-1"},"canonical":"https:\/\/www.istitutogalanteoliva.it\/magazine\/2022\/10\/17\/padre-maurizio-patriciello-a-salerno-per-un-incontro-sulla-legalita\/","og_locale":"it_IT","og_type":"article","og_title":"Padre Maurizio Patriciello a Salerno per un incontro sulla legalit\u00e0 - Polis SA Magazine","og_description":"Si svolger\u00e0 venerd\u00ec 21 ottobre 2022, alle ore 18, presso il Salone degli Stemmi della Curia Arcivescovile di Salerno, il convegno \u201cL\u2019impegno contro l\u2019ingiustizia e la criminalit\u00e0 a difesa della legalit\u00e0\u201d","og_url":"https:\/\/www.istitutogalanteoliva.it\/magazine\/2022\/10\/17\/padre-maurizio-patriciello-a-salerno-per-un-incontro-sulla-legalita\/","og_site_name":"Polis SA Magazine","article_publisher":"https:\/\/www.facebook.com\/PolisSAMagazine\/","article_published_time":"2022-10-17T09:18:34+00:00","article_modified_time":"2022-10-17T14:14:01+00:00","og_image":[{"width":700,"height":380,"url":"https:\/\/www.istitutogalanteoliva.it\/magazine\/wp-content\/uploads\/2022\/10\/interno.jpg","type":"image\/jpeg"}],"author":"Antonello Rivano","twitter_card":"summary_large_image","twitter_creator":"@MagazinePolis","twitter_site":"@MagazinePolis","twitter_misc":{"Scritto da":"Antonello Rivano","Tempo di lettura stimato":"2 minuti"},"schema":{"@context":"https:\/\/schema.org","@graph":[{"@type":"Article","@id":"https:\/\/www.istitutogalanteoliva.it\/magazine\/2022\/10\/17\/padre-maurizio-patriciello-a-salerno-per-un-incontro-sulla-legalita\/#article","isPartOf":{"@id":"https:\/\/www.istitutogalanteoliva.it\/magazine\/2022\/10\/17\/padre-maurizio-patriciello-a-salerno-per-un-incontro-sulla-legalita\/"},"author":{"name":"Antonello Rivano","@id":"https:\/\/www.istitutogalanteoliva.it\/magazine\/#\/schema\/person\/d8b8aa79cfe8babc1df9da3212a7c0c4"},"headline":"Padre Maurizio Patriciello a Salerno per un incontro sulla legalit\u00e0","datePublished":"2022-10-17T09:18:34+00:00","dateModified":"2022-10-17T14:14:01+00:00","mainEntityOfPage":{"@id":"https:\/\/www.istitutogalanteoliva.it\/magazine\/2022\/10\/17\/padre-maurizio-patriciello-a-salerno-per-un-incontro-sulla-legalita\/"},"wordCount":291,"publisher":{"@id":"https:\/\/www.istitutogalanteoliva.it\/magazine\/#organization"},"image":{"@id":"https:\/\/www.istitutogalanteoliva.it\/magazine\/2022\/10\/17\/padre-maurizio-patriciello-a-salerno-per-un-incontro-sulla-legalita\/#primaryimage"},"thumbnailUrl":"https:\/\/www.istitutogalanteoliva.it\/magazine\/wp-content\/uploads\/2022\/10\/interno.jpg","keywords":["Maurizio Patriciello","salerno"],"articleSection":["2022","Eventi","Personaggi"],"inLanguage":"it-IT"},{"@type":"WebPage","@id":"https:\/\/www.istitutogalanteoliva.it\/magazine\/2022\/10\/17\/padre-maurizio-patriciello-a-salerno-per-un-incontro-sulla-legalita\/","url":"https:\/\/www.istitutogalanteoliva.it\/magazine\/2022\/10\/17\/padre-maurizio-patriciello-a-salerno-per-un-incontro-sulla-legalita\/","name":"Padre Maurizio Patriciello a Salerno per un incontro sulla legalit\u00e0 - Polis SA Magazine","isPartOf":{"@id":"https:\/\/www.istitutogalanteoliva.it\/magazine\/#website"},"primaryImageOfPage":{"@id":"https:\/\/www.istitutogalanteoliva.it\/magazine\/2022\/10\/17\/padre-maurizio-patriciello-a-salerno-per-un-incontro-sulla-legalita\/#primaryimage"},"image":{"@id":"https:\/\/www.istitutogalanteoliva.it\/magazine\/2022\/10\/17\/padre-maurizio-patriciello-a-salerno-per-un-incontro-sulla-legalita\/#primaryimage"},"thumbnailUrl":"https:\/\/www.istitutogalanteoliva.it\/magazine\/wp-content\/uploads\/2022\/10\/interno.jpg","datePublished":"2022-10-17T09:18:34+00:00","dateModified":"2022-10-17T14:14:01+00:00","breadcrumb":{"@id":"https:\/\/www.istitutogalanteoliva.it\/magazine\/2022\/10\/17\/padre-maurizio-patriciello-a-salerno-per-un-incontro-sulla-legalita\/#breadcrumb"},"inLanguage":"it-IT","potentialAction":[{"@type":"ReadAction","target":["https:\/\/www.istitutogalanteoliva.it\/magazine\/2022\/10\/17\/padre-maurizio-patriciello-a-salerno-per-un-incontro-sulla-legalita\/"]}]},{"@type":"ImageObject","inLanguage":"it-IT","@id":"https:\/\/www.istitutogalanteoliva.it\/magazine\/2022\/10\/17\/padre-maurizio-patriciello-a-salerno-per-un-incontro-sulla-legalita\/#primaryimage","url":"https:\/\/www.istitutogalanteoliva.it\/magazine\/wp-content\/uploads\/2022\/10\/interno.jpg","contentUrl":"https:\/\/www.istitutogalanteoliva.it\/magazine\/wp-content\/uploads\/2022\/10\/interno.jpg","width":700,"height":380},{"@type":"BreadcrumbList","@id":"https:\/\/www.istitutogalanteoliva.it\/magazine\/2022\/10\/17\/padre-maurizio-patriciello-a-salerno-per-un-incontro-sulla-legalita\/#breadcrumb","itemListElement":[{"@type":"ListItem","position":1,"name":"Home","item":"https:\/\/www.istitutogalanteoliva.it\/magazine\/"},{"@type":"ListItem","position":2,"name":"Padre Maurizio Patriciello a Salerno per un incontro sulla legalit\u00e0"}]},{"@type":"WebSite","@id":"https:\/\/www.istitutogalanteoliva.it\/magazine\/#website","url":"https:\/\/www.istitutogalanteoliva.it\/magazine\/","name":"POLIS SA MAGAZINE","description":"Informazione e approfondimenti","publisher":{"@id":"https:\/\/www.istitutogalanteoliva.it\/magazine\/#organization"},"potentialAction":[{"@type":"SearchAction","target":{"@type":"EntryPoint","urlTemplate":"https:\/\/www.istitutogalanteoliva.it\/magazine\/?s={search_term_string}"},"query-input":{"@type":"PropertyValueSpecification","valueRequired":true,"valueName":"search_term_string"}}],"inLanguage":"it-IT"},{"@type":"Organization","@id":"https:\/\/www.istitutogalanteoliva.it\/magazine\/#organization","name":"Polis SA Magazine","url":"https:\/\/www.istitutogalanteoliva.it\/magazine\/","logo":{"@type":"ImageObject","inLanguage":"it-IT","@id":"https:\/\/www.istitutogalanteoliva.it\/magazine\/#\/schema\/logo\/image\/","url":"","contentUrl":"","caption":"Polis SA Magazine"},"image":{"@id":"https:\/\/www.istitutogalanteoliva.it\/magazine\/#\/schema\/logo\/image\/"},"sameAs":["https:\/\/www.facebook.com\/PolisSAMagazine\/","https:\/\/x.com\/MagazinePolis","https:\/\/www.youtube.com\/channel\/UCv0Mr5AHKUmsc0sEEXkJrgw"]},{"@type":"Person","@id":"https:\/\/www.istitutogalanteoliva.it\/magazine\/#\/schema\/person\/d8b8aa79cfe8babc1df9da3212a7c0c4","name":"Antonello Rivano","image":{"@type":"ImageObject","inLanguage":"it-IT","@id":"https:\/\/www.istitutogalanteoliva.it\/magazine\/#\/schema\/person\/image\/","url":"https:\/\/secure.gravatar.com\/avatar\/517a9a6487a7a18ecc4ce6d2e57a8f40?s=96&d=mm&r=g","contentUrl":"https:\/\/secure.gravatar.com\/avatar\/517a9a6487a7a18ecc4ce6d2e57a8f40?s=96&d=mm&r=g","caption":"Antonello Rivano"},"url":"https:\/\/www.istitutogalanteoliva.it\/magazine\/author\/antonello\/"}]}},"_links":{"self":[{"href":"https:\/\/www.istitutogalanteoliva.it\/magazine\/wp-json\/wp\/v2\/posts\/12865","targetHints":{"allow":["GET"]}}],"collection":[{"href":"https:\/\/www.istitutogalanteoliva.it\/magazine\/wp-json\/wp\/v2\/posts"}],"about":[{"href":"https:\/\/www.istitutogalanteoliva.it\/magazine\/wp-json\/wp\/v2\/types\/post"}],"author":[{"embeddable":true,"href":"https:\/\/www.istitutogalanteoliva.it\/magazine\/wp-json\/wp\/v2\/users\/2"}],"replies":[{"embeddable":true,"href":"https:\/\/www.istitutogalanteoliva.it\/magazine\/wp-json\/wp\/v2\/comments?post=12865"}],"version-history":[{"count":4,"href":"https:\/\/www.istitutogalanteoliva.it\/magazine\/wp-json\/wp\/v2\/posts\/12865\/revisions"}],"predecessor-version":[{"id":12876,"href":"https:\/\/www.istitutogalanteoliva.it\/magazine\/wp-json\/wp\/v2\/posts\/12865\/revisions\/12876"}],"wp:featuredmedia":[{"embeddable":true,"href":"https:\/\/www.istitutogalanteoliva.it\/magazine\/wp-json\/wp\/v2\/media\/12866"}],"wp:attachment":[{"href":"https:\/\/www.istitutogalanteoliva.it\/magazine\/wp-json\/wp\/v2\/media?parent=12865"}],"wp:term":[{"taxonomy":"category","embeddable":true,"href":"https:\/\/www.istitutogalanteoliva.it\/magazine\/wp-json\/wp\/v2\/categories?post=12865"},{"taxonomy":"post_tag","embeddable":true,"href":"https:\/\/www.istitutogalanteoliva.it\/magazine\/wp-json\/wp\/v2\/tags?post=12865"}],"curies":[{"name":"wp","href":"https:\/\/api.w.org\/{rel}","templated":true}]}}