{"id":12901,"date":"2022-10-25T17:09:17","date_gmt":"2022-10-25T15:09:17","guid":{"rendered":"https:\/\/www.istitutogalanteoliva.it\/magazine\/?p=12901"},"modified":"2022-10-25T17:13:07","modified_gmt":"2022-10-25T15:13:07","slug":"gran-successo-di-pubblico-e-consensi-per-la-quinta-edizione-della-festa-della-mela-a-castel-del-giudice-nellalto-molise","status":"publish","type":"post","link":"https:\/\/www.istitutogalanteoliva.it\/magazine\/2022\/10\/25\/gran-successo-di-pubblico-e-consensi-per-la-quinta-edizione-della-festa-della-mela-a-castel-del-giudice-nellalto-molise\/","title":{"rendered":"Gran successo di pubblico e consensi per la quinta edizione della Festa della Mela a Castel del Giudice nell\u2019Alto Molise."},"content":{"rendered":"\n<h2 class=\"wp-block-heading\">Prodotti bio ed artigianali, musica, arte, musica di strada ed escursioni naturalistiche hanno caratterizzato il programma di quest\u2019evento che si colloca tra le manifestazioni che intendono valorizzare le ricchezze delle aree interne. Presenti Snai e Legambiente in una conferenza per sperimentare strategie per lo sviluppo dell\u2019Appennino<\/h2>\n\n\n\n<p><strong>DI <em>Silvia De Cristofaro<\/em><\/strong><\/p>\n\n\n\n<p>In considerazione di una progettazione ben pi\u00f9 ampia che mira a sperimentare, per poi realizzare, strategie ecosostenibili per lo sviluppo dell\u2019Appennino, delle sue aree interne a protezione della qualit\u00e0 della vita, dello spopolamento, della ricchezza delle sue produzioni agricole e delle aree paesaggistiche, il Comune di Castel del Giudice in stretta collaborazione con Pro Loco ed aziende ed associazioni del territorio hanno proposto ancora per quest\u2019anno un\u2019edizione sempre pi\u00f9 interessante della Festa della Mela. Che, giunta al quinto anno, ha nelle sue intenzioni quella di avviare discussioni proficue che approfondiscano argomenti sullo sviluppo sostenibile e sulle Green Communities. Non per caso, l\u2019edizione di quest\u2019anno ha visto la realizzazione di una conferenza incentrata proprio sullo studio di strategie che dovranno essere messe a disposizione dai sedici comuni dell\u2019Alto Molise premiati dal Bando PNRR sulle Green Communities: a queste aree interne, come ha puntualizzato Mario Di Lorenzo coordinatore del Gal Alto Molise e della Snai Alto Medio Sannio, verranno concessi fondi, pari a 2,6 milioni di euro, per la gestione del patrimonio forestale, per il miglioramento della qualit\u00e0 della vita degli abitanti dei borghi delle aree pi\u00f9 interne per frenare la fuga dei giovani in direzione di altre realt\u00e0, per lo sviluppo di un turismo rurale che \u00e8 pronto a valorizzare un patrimonio culturale ed ambientale ricco di tradizioni e di storia.<\/p>\n\n\n\n<figure class=\"wp-block-gallery columns-3 is-cropped wp-block-gallery-1 is-layout-flex wp-block-gallery-is-layout-flex\"><ul class=\"blocks-gallery-grid\"><li class=\"blocks-gallery-item\"><figure><img loading=\"lazy\" decoding=\"async\" width=\"1024\" height=\"683\" src=\"https:\/\/www.istitutogalanteoliva.it\/magazine\/wp-content\/uploads\/2022\/10\/Festa-della-Mela-2022-Credit-AdelinaZarlenga-2-1-1024x683.jpg\" alt=\"\" data-id=\"12903\" data-full-url=\"https:\/\/www.istitutogalanteoliva.it\/magazine\/wp-content\/uploads\/2022\/10\/Festa-della-Mela-2022-Credit-AdelinaZarlenga-2-1-scaled.jpg\" data-link=\"https:\/\/www.istitutogalanteoliva.it\/magazine\/?attachment_id=12903\" class=\"wp-image-12903\" srcset=\"https:\/\/www.istitutogalanteoliva.it\/magazine\/wp-content\/uploads\/2022\/10\/Festa-della-Mela-2022-Credit-AdelinaZarlenga-2-1-1024x683.jpg 1024w, https:\/\/www.istitutogalanteoliva.it\/magazine\/wp-content\/uploads\/2022\/10\/Festa-della-Mela-2022-Credit-AdelinaZarlenga-2-1-300x200.jpg 300w, https:\/\/www.istitutogalanteoliva.it\/magazine\/wp-content\/uploads\/2022\/10\/Festa-della-Mela-2022-Credit-AdelinaZarlenga-2-1-768x512.jpg 768w, https:\/\/www.istitutogalanteoliva.it\/magazine\/wp-content\/uploads\/2022\/10\/Festa-della-Mela-2022-Credit-AdelinaZarlenga-2-1-1536x1024.jpg 1536w, https:\/\/www.istitutogalanteoliva.it\/magazine\/wp-content\/uploads\/2022\/10\/Festa-della-Mela-2022-Credit-AdelinaZarlenga-2-1-2048x1365.jpg 2048w, https:\/\/www.istitutogalanteoliva.it\/magazine\/wp-content\/uploads\/2022\/10\/Festa-della-Mela-2022-Credit-AdelinaZarlenga-2-1-675x450.jpg 675w\" sizes=\"auto, (max-width: 1024px) 100vw, 1024px\" \/><\/figure><\/li><li class=\"blocks-gallery-item\"><figure><img loading=\"lazy\" decoding=\"async\" width=\"1024\" height=\"683\" src=\"https:\/\/www.istitutogalanteoliva.it\/magazine\/wp-content\/uploads\/2022\/10\/Festa-della-Mela-2022-Credit-AdelinaZarlenga-3-1024x683.jpg\" alt=\"\" data-id=\"12904\" data-full-url=\"https:\/\/www.istitutogalanteoliva.it\/magazine\/wp-content\/uploads\/2022\/10\/Festa-della-Mela-2022-Credit-AdelinaZarlenga-3-scaled.jpg\" data-link=\"https:\/\/www.istitutogalanteoliva.it\/magazine\/?attachment_id=12904\" class=\"wp-image-12904\" srcset=\"https:\/\/www.istitutogalanteoliva.it\/magazine\/wp-content\/uploads\/2022\/10\/Festa-della-Mela-2022-Credit-AdelinaZarlenga-3-1024x683.jpg 1024w, https:\/\/www.istitutogalanteoliva.it\/magazine\/wp-content\/uploads\/2022\/10\/Festa-della-Mela-2022-Credit-AdelinaZarlenga-3-300x200.jpg 300w, https:\/\/www.istitutogalanteoliva.it\/magazine\/wp-content\/uploads\/2022\/10\/Festa-della-Mela-2022-Credit-AdelinaZarlenga-3-768x512.jpg 768w, https:\/\/www.istitutogalanteoliva.it\/magazine\/wp-content\/uploads\/2022\/10\/Festa-della-Mela-2022-Credit-AdelinaZarlenga-3-1536x1024.jpg 1536w, https:\/\/www.istitutogalanteoliva.it\/magazine\/wp-content\/uploads\/2022\/10\/Festa-della-Mela-2022-Credit-AdelinaZarlenga-3-2048x1365.jpg 2048w, https:\/\/www.istitutogalanteoliva.it\/magazine\/wp-content\/uploads\/2022\/10\/Festa-della-Mela-2022-Credit-AdelinaZarlenga-3-675x450.jpg 675w\" sizes=\"auto, (max-width: 1024px) 100vw, 1024px\" \/><\/figure><\/li><li class=\"blocks-gallery-item\"><figure><img loading=\"lazy\" decoding=\"async\" width=\"1024\" height=\"683\" src=\"https:\/\/www.istitutogalanteoliva.it\/magazine\/wp-content\/uploads\/2022\/10\/Festa-della-Mela-2022-Credit-AdelinaZarlenga-4-1024x683.jpg\" alt=\"\" data-id=\"12905\" data-full-url=\"https:\/\/www.istitutogalanteoliva.it\/magazine\/wp-content\/uploads\/2022\/10\/Festa-della-Mela-2022-Credit-AdelinaZarlenga-4-scaled.jpg\" data-link=\"https:\/\/www.istitutogalanteoliva.it\/magazine\/?attachment_id=12905\" class=\"wp-image-12905\" srcset=\"https:\/\/www.istitutogalanteoliva.it\/magazine\/wp-content\/uploads\/2022\/10\/Festa-della-Mela-2022-Credit-AdelinaZarlenga-4-1024x683.jpg 1024w, https:\/\/www.istitutogalanteoliva.it\/magazine\/wp-content\/uploads\/2022\/10\/Festa-della-Mela-2022-Credit-AdelinaZarlenga-4-300x200.jpg 300w, https:\/\/www.istitutogalanteoliva.it\/magazine\/wp-content\/uploads\/2022\/10\/Festa-della-Mela-2022-Credit-AdelinaZarlenga-4-768x512.jpg 768w, https:\/\/www.istitutogalanteoliva.it\/magazine\/wp-content\/uploads\/2022\/10\/Festa-della-Mela-2022-Credit-AdelinaZarlenga-4-1536x1024.jpg 1536w, https:\/\/www.istitutogalanteoliva.it\/magazine\/wp-content\/uploads\/2022\/10\/Festa-della-Mela-2022-Credit-AdelinaZarlenga-4-2048x1365.jpg 2048w, https:\/\/www.istitutogalanteoliva.it\/magazine\/wp-content\/uploads\/2022\/10\/Festa-della-Mela-2022-Credit-AdelinaZarlenga-4-675x450.jpg 675w\" sizes=\"auto, (max-width: 1024px) 100vw, 1024px\" \/><\/figure><\/li><\/ul><figcaption class=\"blocks-gallery-caption\"><strong><em><sup>Festa della Mela 2022 Credit AdelinaZarlenga <\/sup><\/em><\/strong><\/figcaption><\/figure>\n\n\n\n<p> La strategia punterebbe quindi su una connotazione turistica che possa intercettare anche le nuove generazioni del turismo: la Festa della Mela si colloca appunto tra questi progetti. Le mele biologiche dell\u2019azienda agricola Melise hanno conquistato i palati dei tantissimi partecipanti all\u2019evento autunnale che hanno anche apprezzato le variegate produzioni artigianali e biologiche tra degustazioni, visite guidate, men\u00f9 basati sugli ingredienti offerti dalla natura incontaminata di Castel del Giudice e dei suoi dintorni. Birra agricola, miele millefiori, patate viola, zafferano, fagioli antichi ed una miriade di specialit\u00e0 che possono davvero considerarsi un tesoro per le aree interne dell\u2019Appenino hanno occupato i banchi espositivi all\u2019interno di una festa allietata, per le strade caratteristiche di questi borghi, da \u201cI giochi di una volta\u201d di Cai Mercati e dalla musica di strada degli artisti di strada del Casteldelgiudice Buskers Festival, con la direzione artistica di Gigi Russo, assieme&nbsp; alle Girlesque, la prima street band al femminile d\u2019Italia e i No Funny Stuff che hanno divertito e rilassato con gli strumenti musicali auto-costruiti. Le passeggiate organizzate nel foliage autunnale, il trekking someggiato del Piano del Cibo, il tour narrativo sul Molise osservando immagini e fotografie esposte tra le stradine dell\u2019albergo diffuso di Borgotufi hanno arricchito questa particolarissima quinta edizione dimostrando che un prodotto turistico legato all\u2019escursionismo ed ai percorsi sentieristici&nbsp;&nbsp; dell\u2019ecosistema storico-naturalistico dei borghi montani funziona ed attrae.<\/p>\n\n\n\n<figure class=\"wp-block-gallery columns-3 is-cropped wp-block-gallery-2 is-layout-flex wp-block-gallery-is-layout-flex\"><ul class=\"blocks-gallery-grid\"><li class=\"blocks-gallery-item\"><figure><img loading=\"lazy\" decoding=\"async\" width=\"1024\" height=\"683\" src=\"https:\/\/www.istitutogalanteoliva.it\/magazine\/wp-content\/uploads\/2022\/10\/Festa-della-Mela-2022-Credit-AdelinaZarlenga-1-1024x683.jpg\" alt=\"\" data-id=\"12906\" data-link=\"https:\/\/www.istitutogalanteoliva.it\/magazine\/?attachment_id=12906\" class=\"wp-image-12906\" srcset=\"https:\/\/www.istitutogalanteoliva.it\/magazine\/wp-content\/uploads\/2022\/10\/Festa-della-Mela-2022-Credit-AdelinaZarlenga-1-1024x683.jpg 1024w, https:\/\/www.istitutogalanteoliva.it\/magazine\/wp-content\/uploads\/2022\/10\/Festa-della-Mela-2022-Credit-AdelinaZarlenga-1-300x200.jpg 300w, https:\/\/www.istitutogalanteoliva.it\/magazine\/wp-content\/uploads\/2022\/10\/Festa-della-Mela-2022-Credit-AdelinaZarlenga-1-768x512.jpg 768w, https:\/\/www.istitutogalanteoliva.it\/magazine\/wp-content\/uploads\/2022\/10\/Festa-della-Mela-2022-Credit-AdelinaZarlenga-1-1536x1024.jpg 1536w, https:\/\/www.istitutogalanteoliva.it\/magazine\/wp-content\/uploads\/2022\/10\/Festa-della-Mela-2022-Credit-AdelinaZarlenga-1-2048x1365.jpg 2048w, https:\/\/www.istitutogalanteoliva.it\/magazine\/wp-content\/uploads\/2022\/10\/Festa-della-Mela-2022-Credit-AdelinaZarlenga-1-675x450.jpg 675w\" sizes=\"auto, (max-width: 1024px) 100vw, 1024px\" \/><\/figure><\/li><li class=\"blocks-gallery-item\"><figure><img loading=\"lazy\" decoding=\"async\" width=\"1024\" height=\"683\" src=\"https:\/\/www.istitutogalanteoliva.it\/magazine\/wp-content\/uploads\/2022\/10\/Festa-della-Mela-2022-Credit-AdelinaZarlenga-5-1024x683.jpg\" alt=\"\" data-id=\"12907\" data-link=\"https:\/\/www.istitutogalanteoliva.it\/magazine\/?attachment_id=12907\" class=\"wp-image-12907\" srcset=\"https:\/\/www.istitutogalanteoliva.it\/magazine\/wp-content\/uploads\/2022\/10\/Festa-della-Mela-2022-Credit-AdelinaZarlenga-5-1024x683.jpg 1024w, https:\/\/www.istitutogalanteoliva.it\/magazine\/wp-content\/uploads\/2022\/10\/Festa-della-Mela-2022-Credit-AdelinaZarlenga-5-300x200.jpg 300w, https:\/\/www.istitutogalanteoliva.it\/magazine\/wp-content\/uploads\/2022\/10\/Festa-della-Mela-2022-Credit-AdelinaZarlenga-5-768x512.jpg 768w, https:\/\/www.istitutogalanteoliva.it\/magazine\/wp-content\/uploads\/2022\/10\/Festa-della-Mela-2022-Credit-AdelinaZarlenga-5-1536x1024.jpg 1536w, https:\/\/www.istitutogalanteoliva.it\/magazine\/wp-content\/uploads\/2022\/10\/Festa-della-Mela-2022-Credit-AdelinaZarlenga-5-2048x1365.jpg 2048w, https:\/\/www.istitutogalanteoliva.it\/magazine\/wp-content\/uploads\/2022\/10\/Festa-della-Mela-2022-Credit-AdelinaZarlenga-5-675x450.jpg 675w\" sizes=\"auto, (max-width: 1024px) 100vw, 1024px\" \/><\/figure><\/li><li class=\"blocks-gallery-item\"><figure><img loading=\"lazy\" decoding=\"async\" width=\"1024\" height=\"683\" src=\"https:\/\/www.istitutogalanteoliva.it\/magazine\/wp-content\/uploads\/2022\/10\/Festa-della-Mela-2022-Credit-AdelinaZarlenga-6-1-1024x683.jpg\" alt=\"\" data-id=\"12910\" data-full-url=\"https:\/\/www.istitutogalanteoliva.it\/magazine\/wp-content\/uploads\/2022\/10\/Festa-della-Mela-2022-Credit-AdelinaZarlenga-6-1-scaled.jpg\" data-link=\"https:\/\/www.istitutogalanteoliva.it\/magazine\/?attachment_id=12910\" class=\"wp-image-12910\" srcset=\"https:\/\/www.istitutogalanteoliva.it\/magazine\/wp-content\/uploads\/2022\/10\/Festa-della-Mela-2022-Credit-AdelinaZarlenga-6-1-1024x683.jpg 1024w, https:\/\/www.istitutogalanteoliva.it\/magazine\/wp-content\/uploads\/2022\/10\/Festa-della-Mela-2022-Credit-AdelinaZarlenga-6-1-300x200.jpg 300w, https:\/\/www.istitutogalanteoliva.it\/magazine\/wp-content\/uploads\/2022\/10\/Festa-della-Mela-2022-Credit-AdelinaZarlenga-6-1-768x512.jpg 768w, https:\/\/www.istitutogalanteoliva.it\/magazine\/wp-content\/uploads\/2022\/10\/Festa-della-Mela-2022-Credit-AdelinaZarlenga-6-1-1536x1024.jpg 1536w, https:\/\/www.istitutogalanteoliva.it\/magazine\/wp-content\/uploads\/2022\/10\/Festa-della-Mela-2022-Credit-AdelinaZarlenga-6-1-2048x1365.jpg 2048w, https:\/\/www.istitutogalanteoliva.it\/magazine\/wp-content\/uploads\/2022\/10\/Festa-della-Mela-2022-Credit-AdelinaZarlenga-6-1-675x450.jpg 675w\" sizes=\"auto, (max-width: 1024px) 100vw, 1024px\" \/><\/figure><\/li><\/ul><figcaption class=\"blocks-gallery-caption\"><strong><em><sup> Festa della Mela 2022 Credit AdelinaZarlenga  <\/sup><\/em><\/strong><\/figcaption><\/figure>\n\n\n\n<p> L\u2019aumento dei flussi turistici potrebbe dunque essere determinato da tutti questi interventi in grado di potenziare e riqualificare le ricchezze delle aree interne sviluppando nuove opportunit\u00e0 occupazionali di prossimit\u00e0 per i residenti sostenendo la creazione di nuovi servizi complementari all\u2019offerta turistica. Lo stesso sindaco di Castel del Giudice, Lino Gentile, ha apprezzato le intenzioni proposte direttamente dal responsabile delle aree interne e della biodiversit\u00e0 di Legambiente Antonio Nicoletti che, nell\u2019ambito della conferenza, ha ipotizzato la trasformazione del borgo altomolisano in un vero e proprio laboratorio per connettere tutte le esperienze di turismo e di sviluppo ecosostenibile dell\u2019Appennino per gettare basi sempre solide per la rete nazionale che lega ben 35 Green Communities d\u2019Italia. Costruire legami di progettualit\u00e0 e confronti continui con altre realt\u00e0 del territorio rappresenterebbe la chiave per far s\u00ec che l\u2019ospite, il turista, il viaggiatore possano entrare in un magico mondo che \u00e8 quello delle tradizioni e del buon vivere circondati dalla natura incontaminata. <\/p>\n\n\n\n<div class=\"wp-block-image\"><figure class=\"aligncenter size-full is-resized\"><img loading=\"lazy\" decoding=\"async\" src=\"https:\/\/www.istitutogalanteoliva.it\/magazine\/wp-content\/uploads\/2022\/10\/Girlesque-street-band-4-1.jpg\" alt=\"\" class=\"wp-image-12911\" width=\"576\" height=\"312\" srcset=\"https:\/\/www.istitutogalanteoliva.it\/magazine\/wp-content\/uploads\/2022\/10\/Girlesque-street-band-4-1.jpg 700w, https:\/\/www.istitutogalanteoliva.it\/magazine\/wp-content\/uploads\/2022\/10\/Girlesque-street-band-4-1-300x163.jpg 300w\" sizes=\"auto, (max-width: 576px) 100vw, 576px\" \/><figcaption><strong><em><sup>Girlesque street band <\/sup><\/em><\/strong><\/figcaption><\/figure><\/div>\n\n\n\n<p>Il sindaco di Pettorano sul Gizio, del confinante Abruzzo, ha presentato un progetto PNRR sullo sviluppo turistico della \u201cMontagna Italia\u201d assieme alla collaborazioni di altri borghi abruzzesi e del Comune di Castel del Giudice, Durante l\u2019evento appunto dedicato in gran parte al sano frutto della mela, \u00e8 stata inaugurata la \u201cCasetta dell\u2019Acqua\u201d che consentir\u00e0 alla cittadinanza (con una scheda ricaricabile ed utilizzabile anche in altri comuni molisani) di sorseggiare acqua pura in tre versioni: naturale, gassata ed alcalina con l\u2019intenzione di assaporare il gusto delle acque di sorgente e limitare l\u2019uso della plastica. Le due giornate di festa hanno visto protagonisti artisti del design come Diego Maria Gugliermetto, erede del celebre marchio Gufram, che ha proposto una sua creazione: un centrotavola dell\u2019azienda MaCubo in cui si reinterpreta proprio la mela. Gli organizzatori sono gi\u00e0 al lavoro per proporre un prossimo evento invernale: la prima edizione del Casteldegiudice&nbsp; Buskers Festival Christman Edition in cui si esibiranno gli artisti di strada con spettacoli coinvolgenti all\u2019insegna del clima natalizio.<\/p>\n\n\n\n<p><img loading=\"lazy\" decoding=\"async\" width=\"100\" height=\"100\" class=\"wp-image-6462\" style=\"width: 100px;\" src=\"https:\/\/www.istitutogalanteoliva.it\/magazine\/wp-content\/uploads\/2021\/03\/Silvia-1.jpg\" alt=\"\" srcset=\"https:\/\/www.istitutogalanteoliva.it\/magazine\/wp-content\/uploads\/2021\/03\/Silvia-1.jpg 480w, https:\/\/www.istitutogalanteoliva.it\/magazine\/wp-content\/uploads\/2021\/03\/Silvia-1-300x300.jpg 300w, https:\/\/www.istitutogalanteoliva.it\/magazine\/wp-content\/uploads\/2021\/03\/Silvia-1-150x150.jpg 150w\" sizes=\"auto, (max-width: 100px) 100vw, 100px\" \/><em><strong><a href=\"https:\/\/www.istitutogalanteoliva.it\/magazine\/?s=silvia+de+cristofaro\" target=\"_blank\" rel=\"noreferrer noopener\">Silvia De Cristofaro<\/a><\/strong><\/em><br><strong><em><sup>Vicecoordinatore Nazionale di redazione\/Coordinatrice Centro Italia<\/sup><\/em><\/strong><br><\/p>\n\n\n\n<p><\/p>\n\n\n\n<p><\/p>\n<div class=\"pdfprnt-buttons pdfprnt-buttons-post pdfprnt-bottom-left\"><a href=\"https:\/\/www.istitutogalanteoliva.it\/magazine\/wp-json\/wp\/v2\/posts\/12901?print=print\" class=\"pdfprnt-button pdfprnt-button-print\" target=\"_blank\"><img decoding=\"async\" src=\"https:\/\/www.istitutogalanteoliva.it\/magazine\/wp-content\/plugins\/pdf-print\/images\/print.png\" alt=\"image_print\" title=\"Stampa contenuto\" \/><span class=\"pdfprnt-button-title pdfprnt-button-print-title\">Download in PDF<\/span><\/a><\/div>","protected":false},"excerpt":{"rendered":"<p>Prodotti bio ed artigianali, musica, arte, musica di strada ed escursioni naturalistiche hanno caratterizzato il programma di quest\u2019evento che si colloca tra le manifestazioni che intendono valorizzare le ricchezze delle aree interne. Presenti Snai e Legambiente in una conferenza per sperimentare strategie per lo sviluppo dell\u2019Appennino<\/p>\n","protected":false},"author":2,"featured_media":12912,"comment_status":"closed","ping_status":"open","sticky":true,"template":"","format":"standard","meta":{"footnotes":""},"categories":[577,13],"tags":[111,681],"class_list":["post-12901","post","type-post","status-publish","format-standard","has-post-thumbnail","hentry","category-577","category-territorio","tag-molise","tag-sostenibilita"],"yoast_head":"<!-- This site is optimized with the Yoast SEO plugin v24.2 - https:\/\/yoast.com\/wordpress\/plugins\/seo\/ -->\n<title>Gran successo di pubblico e consensi per la quinta edizione della Festa della Mela a Castel del Giudice nell\u2019Alto Molise. - Polis SA Magazine<\/title>\n<meta name=\"robots\" content=\"index, follow, max-snippet:-1, max-image-preview:large, max-video-preview:-1\" \/>\n<link rel=\"canonical\" href=\"https:\/\/www.istitutogalanteoliva.it\/magazine\/2022\/10\/25\/gran-successo-di-pubblico-e-consensi-per-la-quinta-edizione-della-festa-della-mela-a-castel-del-giudice-nellalto-molise\/\" \/>\n<meta property=\"og:locale\" content=\"it_IT\" \/>\n<meta property=\"og:type\" content=\"article\" \/>\n<meta property=\"og:title\" content=\"Gran successo di pubblico e consensi per la quinta edizione della Festa della Mela a Castel del Giudice nell\u2019Alto Molise. - Polis SA Magazine\" \/>\n<meta property=\"og:description\" content=\"Prodotti bio ed artigianali, musica, arte, musica di strada ed escursioni naturalistiche hanno caratterizzato il programma di quest\u2019evento che si colloca tra le manifestazioni che intendono valorizzare le ricchezze delle aree interne. Presenti Snai e Legambiente in una conferenza per sperimentare strategie per lo sviluppo dell\u2019Appennino\" \/>\n<meta property=\"og:url\" content=\"https:\/\/www.istitutogalanteoliva.it\/magazine\/2022\/10\/25\/gran-successo-di-pubblico-e-consensi-per-la-quinta-edizione-della-festa-della-mela-a-castel-del-giudice-nellalto-molise\/\" \/>\n<meta property=\"og:site_name\" content=\"Polis SA Magazine\" \/>\n<meta property=\"article:publisher\" content=\"https:\/\/www.facebook.com\/PolisSAMagazine\/\" \/>\n<meta property=\"article:published_time\" content=\"2022-10-25T15:09:17+00:00\" \/>\n<meta property=\"article:modified_time\" content=\"2022-10-25T15:13:07+00:00\" \/>\n<meta property=\"og:image\" content=\"https:\/\/www.istitutogalanteoliva.it\/magazine\/wp-content\/uploads\/2022\/10\/centro-tavola-MaCubo-1-scaled.jpg\" \/>\n\t<meta property=\"og:image:width\" content=\"2560\" \/>\n\t<meta property=\"og:image:height\" content=\"1487\" \/>\n\t<meta property=\"og:image:type\" content=\"image\/jpeg\" \/>\n<meta name=\"author\" content=\"Antonello Rivano\" \/>\n<meta name=\"twitter:card\" content=\"summary_large_image\" \/>\n<meta name=\"twitter:creator\" content=\"@MagazinePolis\" \/>\n<meta name=\"twitter:site\" content=\"@MagazinePolis\" \/>\n<meta name=\"twitter:label1\" content=\"Scritto da\" \/>\n\t<meta name=\"twitter:data1\" content=\"Antonello Rivano\" \/>\n\t<meta name=\"twitter:label2\" content=\"Tempo di lettura stimato\" \/>\n\t<meta name=\"twitter:data2\" content=\"6 minuti\" \/>\n<script type=\"application\/ld+json\" class=\"yoast-schema-graph\">{\"@context\":\"https:\/\/schema.org\",\"@graph\":[{\"@type\":\"Article\",\"@id\":\"https:\/\/www.istitutogalanteoliva.it\/magazine\/2022\/10\/25\/gran-successo-di-pubblico-e-consensi-per-la-quinta-edizione-della-festa-della-mela-a-castel-del-giudice-nellalto-molise\/#article\",\"isPartOf\":{\"@id\":\"https:\/\/www.istitutogalanteoliva.it\/magazine\/2022\/10\/25\/gran-successo-di-pubblico-e-consensi-per-la-quinta-edizione-della-festa-della-mela-a-castel-del-giudice-nellalto-molise\/\"},\"author\":{\"name\":\"Antonello Rivano\",\"@id\":\"https:\/\/www.istitutogalanteoliva.it\/magazine\/#\/schema\/person\/d8b8aa79cfe8babc1df9da3212a7c0c4\"},\"headline\":\"Gran successo di pubblico e consensi per la quinta edizione della Festa della Mela a Castel del Giudice nell\u2019Alto Molise.\",\"datePublished\":\"2022-10-25T15:09:17+00:00\",\"dateModified\":\"2022-10-25T15:13:07+00:00\",\"mainEntityOfPage\":{\"@id\":\"https:\/\/www.istitutogalanteoliva.it\/magazine\/2022\/10\/25\/gran-successo-di-pubblico-e-consensi-per-la-quinta-edizione-della-festa-della-mela-a-castel-del-giudice-nellalto-molise\/\"},\"wordCount\":876,\"publisher\":{\"@id\":\"https:\/\/www.istitutogalanteoliva.it\/magazine\/#organization\"},\"image\":{\"@id\":\"https:\/\/www.istitutogalanteoliva.it\/magazine\/2022\/10\/25\/gran-successo-di-pubblico-e-consensi-per-la-quinta-edizione-della-festa-della-mela-a-castel-del-giudice-nellalto-molise\/#primaryimage\"},\"thumbnailUrl\":\"https:\/\/www.istitutogalanteoliva.it\/magazine\/wp-content\/uploads\/2022\/10\/centro-tavola-MaCubo-1-scaled.jpg\",\"keywords\":[\"Molise\",\"Sostenibilit\u00e0\"],\"articleSection\":[\"2022\",\"Territorio\"],\"inLanguage\":\"it-IT\"},{\"@type\":\"WebPage\",\"@id\":\"https:\/\/www.istitutogalanteoliva.it\/magazine\/2022\/10\/25\/gran-successo-di-pubblico-e-consensi-per-la-quinta-edizione-della-festa-della-mela-a-castel-del-giudice-nellalto-molise\/\",\"url\":\"https:\/\/www.istitutogalanteoliva.it\/magazine\/2022\/10\/25\/gran-successo-di-pubblico-e-consensi-per-la-quinta-edizione-della-festa-della-mela-a-castel-del-giudice-nellalto-molise\/\",\"name\":\"Gran successo di pubblico e consensi per la quinta edizione della Festa della Mela a Castel del Giudice nell\u2019Alto Molise. - Polis SA Magazine\",\"isPartOf\":{\"@id\":\"https:\/\/www.istitutogalanteoliva.it\/magazine\/#website\"},\"primaryImageOfPage\":{\"@id\":\"https:\/\/www.istitutogalanteoliva.it\/magazine\/2022\/10\/25\/gran-successo-di-pubblico-e-consensi-per-la-quinta-edizione-della-festa-della-mela-a-castel-del-giudice-nellalto-molise\/#primaryimage\"},\"image\":{\"@id\":\"https:\/\/www.istitutogalanteoliva.it\/magazine\/2022\/10\/25\/gran-successo-di-pubblico-e-consensi-per-la-quinta-edizione-della-festa-della-mela-a-castel-del-giudice-nellalto-molise\/#primaryimage\"},\"thumbnailUrl\":\"https:\/\/www.istitutogalanteoliva.it\/magazine\/wp-content\/uploads\/2022\/10\/centro-tavola-MaCubo-1-scaled.jpg\",\"datePublished\":\"2022-10-25T15:09:17+00:00\",\"dateModified\":\"2022-10-25T15:13:07+00:00\",\"breadcrumb\":{\"@id\":\"https:\/\/www.istitutogalanteoliva.it\/magazine\/2022\/10\/25\/gran-successo-di-pubblico-e-consensi-per-la-quinta-edizione-della-festa-della-mela-a-castel-del-giudice-nellalto-molise\/#breadcrumb\"},\"inLanguage\":\"it-IT\",\"potentialAction\":[{\"@type\":\"ReadAction\",\"target\":[\"https:\/\/www.istitutogalanteoliva.it\/magazine\/2022\/10\/25\/gran-successo-di-pubblico-e-consensi-per-la-quinta-edizione-della-festa-della-mela-a-castel-del-giudice-nellalto-molise\/\"]}]},{\"@type\":\"ImageObject\",\"inLanguage\":\"it-IT\",\"@id\":\"https:\/\/www.istitutogalanteoliva.it\/magazine\/2022\/10\/25\/gran-successo-di-pubblico-e-consensi-per-la-quinta-edizione-della-festa-della-mela-a-castel-del-giudice-nellalto-molise\/#primaryimage\",\"url\":\"https:\/\/www.istitutogalanteoliva.it\/magazine\/wp-content\/uploads\/2022\/10\/centro-tavola-MaCubo-1-scaled.jpg\",\"contentUrl\":\"https:\/\/www.istitutogalanteoliva.it\/magazine\/wp-content\/uploads\/2022\/10\/centro-tavola-MaCubo-1-scaled.jpg\",\"width\":2560,\"height\":1487},{\"@type\":\"BreadcrumbList\",\"@id\":\"https:\/\/www.istitutogalanteoliva.it\/magazine\/2022\/10\/25\/gran-successo-di-pubblico-e-consensi-per-la-quinta-edizione-della-festa-della-mela-a-castel-del-giudice-nellalto-molise\/#breadcrumb\",\"itemListElement\":[{\"@type\":\"ListItem\",\"position\":1,\"name\":\"Home\",\"item\":\"https:\/\/www.istitutogalanteoliva.it\/magazine\/\"},{\"@type\":\"ListItem\",\"position\":2,\"name\":\"Gran successo di pubblico e consensi per la quinta edizione della Festa della Mela a Castel del Giudice nell\u2019Alto Molise.\"}]},{\"@type\":\"WebSite\",\"@id\":\"https:\/\/www.istitutogalanteoliva.it\/magazine\/#website\",\"url\":\"https:\/\/www.istitutogalanteoliva.it\/magazine\/\",\"name\":\"POLIS SA MAGAZINE\",\"description\":\"Informazione e approfondimenti\",\"publisher\":{\"@id\":\"https:\/\/www.istitutogalanteoliva.it\/magazine\/#organization\"},\"potentialAction\":[{\"@type\":\"SearchAction\",\"target\":{\"@type\":\"EntryPoint\",\"urlTemplate\":\"https:\/\/www.istitutogalanteoliva.it\/magazine\/?s={search_term_string}\"},\"query-input\":{\"@type\":\"PropertyValueSpecification\",\"valueRequired\":true,\"valueName\":\"search_term_string\"}}],\"inLanguage\":\"it-IT\"},{\"@type\":\"Organization\",\"@id\":\"https:\/\/www.istitutogalanteoliva.it\/magazine\/#organization\",\"name\":\"Polis SA Magazine\",\"url\":\"https:\/\/www.istitutogalanteoliva.it\/magazine\/\",\"logo\":{\"@type\":\"ImageObject\",\"inLanguage\":\"it-IT\",\"@id\":\"https:\/\/www.istitutogalanteoliva.it\/magazine\/#\/schema\/logo\/image\/\",\"url\":\"\",\"contentUrl\":\"\",\"caption\":\"Polis SA Magazine\"},\"image\":{\"@id\":\"https:\/\/www.istitutogalanteoliva.it\/magazine\/#\/schema\/logo\/image\/\"},\"sameAs\":[\"https:\/\/www.facebook.com\/PolisSAMagazine\/\",\"https:\/\/x.com\/MagazinePolis\",\"https:\/\/www.youtube.com\/channel\/UCv0Mr5AHKUmsc0sEEXkJrgw\"]},{\"@type\":\"Person\",\"@id\":\"https:\/\/www.istitutogalanteoliva.it\/magazine\/#\/schema\/person\/d8b8aa79cfe8babc1df9da3212a7c0c4\",\"name\":\"Antonello Rivano\",\"image\":{\"@type\":\"ImageObject\",\"inLanguage\":\"it-IT\",\"@id\":\"https:\/\/www.istitutogalanteoliva.it\/magazine\/#\/schema\/person\/image\/\",\"url\":\"https:\/\/secure.gravatar.com\/avatar\/517a9a6487a7a18ecc4ce6d2e57a8f40?s=96&d=mm&r=g\",\"contentUrl\":\"https:\/\/secure.gravatar.com\/avatar\/517a9a6487a7a18ecc4ce6d2e57a8f40?s=96&d=mm&r=g\",\"caption\":\"Antonello Rivano\"},\"url\":\"https:\/\/www.istitutogalanteoliva.it\/magazine\/author\/antonello\/\"}]}<\/script>\n<!-- \/ Yoast SEO plugin. -->","yoast_head_json":{"title":"Gran successo di pubblico e consensi per la quinta edizione della Festa della Mela a Castel del Giudice nell\u2019Alto Molise. - Polis SA Magazine","robots":{"index":"index","follow":"follow","max-snippet":"max-snippet:-1","max-image-preview":"max-image-preview:large","max-video-preview":"max-video-preview:-1"},"canonical":"https:\/\/www.istitutogalanteoliva.it\/magazine\/2022\/10\/25\/gran-successo-di-pubblico-e-consensi-per-la-quinta-edizione-della-festa-della-mela-a-castel-del-giudice-nellalto-molise\/","og_locale":"it_IT","og_type":"article","og_title":"Gran successo di pubblico e consensi per la quinta edizione della Festa della Mela a Castel del Giudice nell\u2019Alto Molise. - Polis SA Magazine","og_description":"Prodotti bio ed artigianali, musica, arte, musica di strada ed escursioni naturalistiche hanno caratterizzato il programma di quest\u2019evento che si colloca tra le manifestazioni che intendono valorizzare le ricchezze delle aree interne. Presenti Snai e Legambiente in una conferenza per sperimentare strategie per lo sviluppo dell\u2019Appennino","og_url":"https:\/\/www.istitutogalanteoliva.it\/magazine\/2022\/10\/25\/gran-successo-di-pubblico-e-consensi-per-la-quinta-edizione-della-festa-della-mela-a-castel-del-giudice-nellalto-molise\/","og_site_name":"Polis SA Magazine","article_publisher":"https:\/\/www.facebook.com\/PolisSAMagazine\/","article_published_time":"2022-10-25T15:09:17+00:00","article_modified_time":"2022-10-25T15:13:07+00:00","og_image":[{"width":2560,"height":1487,"url":"https:\/\/www.istitutogalanteoliva.it\/magazine\/wp-content\/uploads\/2022\/10\/centro-tavola-MaCubo-1-scaled.jpg","type":"image\/jpeg"}],"author":"Antonello Rivano","twitter_card":"summary_large_image","twitter_creator":"@MagazinePolis","twitter_site":"@MagazinePolis","twitter_misc":{"Scritto da":"Antonello Rivano","Tempo di lettura stimato":"6 minuti"},"schema":{"@context":"https:\/\/schema.org","@graph":[{"@type":"Article","@id":"https:\/\/www.istitutogalanteoliva.it\/magazine\/2022\/10\/25\/gran-successo-di-pubblico-e-consensi-per-la-quinta-edizione-della-festa-della-mela-a-castel-del-giudice-nellalto-molise\/#article","isPartOf":{"@id":"https:\/\/www.istitutogalanteoliva.it\/magazine\/2022\/10\/25\/gran-successo-di-pubblico-e-consensi-per-la-quinta-edizione-della-festa-della-mela-a-castel-del-giudice-nellalto-molise\/"},"author":{"name":"Antonello Rivano","@id":"https:\/\/www.istitutogalanteoliva.it\/magazine\/#\/schema\/person\/d8b8aa79cfe8babc1df9da3212a7c0c4"},"headline":"Gran successo di pubblico e consensi per la quinta edizione della Festa della Mela a Castel del Giudice nell\u2019Alto Molise.","datePublished":"2022-10-25T15:09:17+00:00","dateModified":"2022-10-25T15:13:07+00:00","mainEntityOfPage":{"@id":"https:\/\/www.istitutogalanteoliva.it\/magazine\/2022\/10\/25\/gran-successo-di-pubblico-e-consensi-per-la-quinta-edizione-della-festa-della-mela-a-castel-del-giudice-nellalto-molise\/"},"wordCount":876,"publisher":{"@id":"https:\/\/www.istitutogalanteoliva.it\/magazine\/#organization"},"image":{"@id":"https:\/\/www.istitutogalanteoliva.it\/magazine\/2022\/10\/25\/gran-successo-di-pubblico-e-consensi-per-la-quinta-edizione-della-festa-della-mela-a-castel-del-giudice-nellalto-molise\/#primaryimage"},"thumbnailUrl":"https:\/\/www.istitutogalanteoliva.it\/magazine\/wp-content\/uploads\/2022\/10\/centro-tavola-MaCubo-1-scaled.jpg","keywords":["Molise","Sostenibilit\u00e0"],"articleSection":["2022","Territorio"],"inLanguage":"it-IT"},{"@type":"WebPage","@id":"https:\/\/www.istitutogalanteoliva.it\/magazine\/2022\/10\/25\/gran-successo-di-pubblico-e-consensi-per-la-quinta-edizione-della-festa-della-mela-a-castel-del-giudice-nellalto-molise\/","url":"https:\/\/www.istitutogalanteoliva.it\/magazine\/2022\/10\/25\/gran-successo-di-pubblico-e-consensi-per-la-quinta-edizione-della-festa-della-mela-a-castel-del-giudice-nellalto-molise\/","name":"Gran successo di pubblico e consensi per la quinta edizione della Festa della Mela a Castel del Giudice nell\u2019Alto Molise. - Polis SA Magazine","isPartOf":{"@id":"https:\/\/www.istitutogalanteoliva.it\/magazine\/#website"},"primaryImageOfPage":{"@id":"https:\/\/www.istitutogalanteoliva.it\/magazine\/2022\/10\/25\/gran-successo-di-pubblico-e-consensi-per-la-quinta-edizione-della-festa-della-mela-a-castel-del-giudice-nellalto-molise\/#primaryimage"},"image":{"@id":"https:\/\/www.istitutogalanteoliva.it\/magazine\/2022\/10\/25\/gran-successo-di-pubblico-e-consensi-per-la-quinta-edizione-della-festa-della-mela-a-castel-del-giudice-nellalto-molise\/#primaryimage"},"thumbnailUrl":"https:\/\/www.istitutogalanteoliva.it\/magazine\/wp-content\/uploads\/2022\/10\/centro-tavola-MaCubo-1-scaled.jpg","datePublished":"2022-10-25T15:09:17+00:00","dateModified":"2022-10-25T15:13:07+00:00","breadcrumb":{"@id":"https:\/\/www.istitutogalanteoliva.it\/magazine\/2022\/10\/25\/gran-successo-di-pubblico-e-consensi-per-la-quinta-edizione-della-festa-della-mela-a-castel-del-giudice-nellalto-molise\/#breadcrumb"},"inLanguage":"it-IT","potentialAction":[{"@type":"ReadAction","target":["https:\/\/www.istitutogalanteoliva.it\/magazine\/2022\/10\/25\/gran-successo-di-pubblico-e-consensi-per-la-quinta-edizione-della-festa-della-mela-a-castel-del-giudice-nellalto-molise\/"]}]},{"@type":"ImageObject","inLanguage":"it-IT","@id":"https:\/\/www.istitutogalanteoliva.it\/magazine\/2022\/10\/25\/gran-successo-di-pubblico-e-consensi-per-la-quinta-edizione-della-festa-della-mela-a-castel-del-giudice-nellalto-molise\/#primaryimage","url":"https:\/\/www.istitutogalanteoliva.it\/magazine\/wp-content\/uploads\/2022\/10\/centro-tavola-MaCubo-1-scaled.jpg","contentUrl":"https:\/\/www.istitutogalanteoliva.it\/magazine\/wp-content\/uploads\/2022\/10\/centro-tavola-MaCubo-1-scaled.jpg","width":2560,"height":1487},{"@type":"BreadcrumbList","@id":"https:\/\/www.istitutogalanteoliva.it\/magazine\/2022\/10\/25\/gran-successo-di-pubblico-e-consensi-per-la-quinta-edizione-della-festa-della-mela-a-castel-del-giudice-nellalto-molise\/#breadcrumb","itemListElement":[{"@type":"ListItem","position":1,"name":"Home","item":"https:\/\/www.istitutogalanteoliva.it\/magazine\/"},{"@type":"ListItem","position":2,"name":"Gran successo di pubblico e consensi per la quinta edizione della Festa della Mela a Castel del Giudice nell\u2019Alto Molise."}]},{"@type":"WebSite","@id":"https:\/\/www.istitutogalanteoliva.it\/magazine\/#website","url":"https:\/\/www.istitutogalanteoliva.it\/magazine\/","name":"POLIS SA MAGAZINE","description":"Informazione e approfondimenti","publisher":{"@id":"https:\/\/www.istitutogalanteoliva.it\/magazine\/#organization"},"potentialAction":[{"@type":"SearchAction","target":{"@type":"EntryPoint","urlTemplate":"https:\/\/www.istitutogalanteoliva.it\/magazine\/?s={search_term_string}"},"query-input":{"@type":"PropertyValueSpecification","valueRequired":true,"valueName":"search_term_string"}}],"inLanguage":"it-IT"},{"@type":"Organization","@id":"https:\/\/www.istitutogalanteoliva.it\/magazine\/#organization","name":"Polis SA Magazine","url":"https:\/\/www.istitutogalanteoliva.it\/magazine\/","logo":{"@type":"ImageObject","inLanguage":"it-IT","@id":"https:\/\/www.istitutogalanteoliva.it\/magazine\/#\/schema\/logo\/image\/","url":"","contentUrl":"","caption":"Polis SA Magazine"},"image":{"@id":"https:\/\/www.istitutogalanteoliva.it\/magazine\/#\/schema\/logo\/image\/"},"sameAs":["https:\/\/www.facebook.com\/PolisSAMagazine\/","https:\/\/x.com\/MagazinePolis","https:\/\/www.youtube.com\/channel\/UCv0Mr5AHKUmsc0sEEXkJrgw"]},{"@type":"Person","@id":"https:\/\/www.istitutogalanteoliva.it\/magazine\/#\/schema\/person\/d8b8aa79cfe8babc1df9da3212a7c0c4","name":"Antonello Rivano","image":{"@type":"ImageObject","inLanguage":"it-IT","@id":"https:\/\/www.istitutogalanteoliva.it\/magazine\/#\/schema\/person\/image\/","url":"https:\/\/secure.gravatar.com\/avatar\/517a9a6487a7a18ecc4ce6d2e57a8f40?s=96&d=mm&r=g","contentUrl":"https:\/\/secure.gravatar.com\/avatar\/517a9a6487a7a18ecc4ce6d2e57a8f40?s=96&d=mm&r=g","caption":"Antonello Rivano"},"url":"https:\/\/www.istitutogalanteoliva.it\/magazine\/author\/antonello\/"}]}},"_links":{"self":[{"href":"https:\/\/www.istitutogalanteoliva.it\/magazine\/wp-json\/wp\/v2\/posts\/12901","targetHints":{"allow":["GET"]}}],"collection":[{"href":"https:\/\/www.istitutogalanteoliva.it\/magazine\/wp-json\/wp\/v2\/posts"}],"about":[{"href":"https:\/\/www.istitutogalanteoliva.it\/magazine\/wp-json\/wp\/v2\/types\/post"}],"author":[{"embeddable":true,"href":"https:\/\/www.istitutogalanteoliva.it\/magazine\/wp-json\/wp\/v2\/users\/2"}],"replies":[{"embeddable":true,"href":"https:\/\/www.istitutogalanteoliva.it\/magazine\/wp-json\/wp\/v2\/comments?post=12901"}],"version-history":[{"count":2,"href":"https:\/\/www.istitutogalanteoliva.it\/magazine\/wp-json\/wp\/v2\/posts\/12901\/revisions"}],"predecessor-version":[{"id":12914,"href":"https:\/\/www.istitutogalanteoliva.it\/magazine\/wp-json\/wp\/v2\/posts\/12901\/revisions\/12914"}],"wp:featuredmedia":[{"embeddable":true,"href":"https:\/\/www.istitutogalanteoliva.it\/magazine\/wp-json\/wp\/v2\/media\/12912"}],"wp:attachment":[{"href":"https:\/\/www.istitutogalanteoliva.it\/magazine\/wp-json\/wp\/v2\/media?parent=12901"}],"wp:term":[{"taxonomy":"category","embeddable":true,"href":"https:\/\/www.istitutogalanteoliva.it\/magazine\/wp-json\/wp\/v2\/categories?post=12901"},{"taxonomy":"post_tag","embeddable":true,"href":"https:\/\/www.istitutogalanteoliva.it\/magazine\/wp-json\/wp\/v2\/tags?post=12901"}],"curies":[{"name":"wp","href":"https:\/\/api.w.org\/{rel}","templated":true}]}}