{"id":13235,"date":"2023-01-16T08:00:00","date_gmt":"2023-01-16T07:00:00","guid":{"rendered":"https:\/\/www.istitutogalanteoliva.it\/magazine\/?p=13235"},"modified":"2023-01-16T00:39:34","modified_gmt":"2023-01-15T23:39:34","slug":"leconomia-possibile","status":"publish","type":"post","link":"https:\/\/www.istitutogalanteoliva.it\/magazine\/2023\/01\/16\/leconomia-possibile\/","title":{"rendered":"<strong>L\u2019economia possibile<\/strong>"},"content":{"rendered":"\n<p>di Marco Maltesu <\/p>\n\n\n\n<p>Uno dei temi resi evidenti dalla pandemia che ha attraversato il mondo, ancora prima della forte crisi economica esistente e successivamente della guerra in Ucraina e delle tante guerre attualmente esistenti nella nostra terra, \u00e8 che \u00e8 necessario creare un nuovo tipo di economia capace di ridurre le differenze fra i ricchi ed i poveri nella nostra societ\u00e0.<\/p>\n\n\n\n<p>Le diseguaglianze stanno ormai creando distanze non solo incolmabili all\u2019interno della societ\u00e0 ma soprattutto situazioni di estrema povert\u00e0 ed irreversibili condizioni di difficolt\u00e0 sociale.<\/p>\n\n\n\n<p>Questa economia \u00e8 basata sugli squilibri al suo interno, non dobbiamo mai dimenticare che per esempio, per poter continuare ad acquistare le nostre magliette a 5\u20ac, ci deve essere in qualche parte del mondo qualcuno che produrr\u00e0 queste magliette per pochi centesimi.<\/p>\n\n\n\n<p>&nbsp;Una economia insomma che necessita dello sfruttamento del lavoro che pu\u00f2 avvenire in qualsiasi parte del mondo (globalizzazione), possibilmente nelle nazioni pi\u00f9 povere, quelle in cui le condizioni di sicurezza non esistono e possono essere tagliati tutti i costi dovuti alle pi\u00f9 elementari misure di sicurezza e di tutela della salute e di rispetto della condizione umana.<\/p>\n\n\n\n<p>\u00c8 una realt\u00e0 che non tocca solo gli adulti o gli anziani, ma anche molti giovani. \u00c8 una societ\u00e0 che dice a un giovane che deve inventarsi qualcosa da fare perch\u00e9 lavoro non ne esiste. Dire che se lo deve inventare da solo, implicitamente significa dire che il mondo va avanti anche senza il suo aiuto, il suo contributo, che lui \u00e8 un escluso, In tanti Paesi, anche europei, la percentuale della disoccupazione giovanile sfiora il 40-50%, cosa significa che met\u00e0 dei giovani di un Paese \u00e8 inutile ai fini della sua economia? Vuol dire annichilire e annullare un\u2019intera generazione.<\/p>\n\n\n\n<p>Questo succede quando al centro di un sistema politico ed economico si pone il dio denaro e non la persona umana, \u00e8 la \u201ccultura del benessere\u201d, che troppo spesso ci porta a pensare a noi stessi, ci rende insensibili al grido degli altri, \u00abci anestetizza e perdiamo la calma se il mercato offre qualcosa che non abbiamo ancora comprato, mentre tutte queste vite stroncate per mancanza di possibilit\u00e0 ci sembrano un mero spettacolo che non ci turba in alcun modo\u00bb&nbsp;(Papa Francesco Evangelii Gaudium 54).<\/p>\n\n\n\n<p>Sul piano dell\u2019economia di impresa, studiosi come Smith, Ferguson, Say, Marx e Weber hanno riflettuto sul modo in cui il mercato capitalistico poteva ridurre gli effetti perversi e distorcenti dell\u2019economia manifatturiera, causa di un numero sempre maggiore di indigenti. Nella fine dell\u2019ottocento, all\u2019inizio del novecento, grazie ai loro studi, magnati americani come Rockfeller, Carnegie e Ford, cercarono di rendere compatibile l\u2019obiettivo del profitto con una maggiore responsabilit\u00e0 sociale e ci\u00f2 avveniva prevalentemente attraverso la creazione di fondazioni con scopo filantropico. La filantropia per\u00f2 fa dipendere il soddisfacimento dei bisogni o l\u2019aiuto per le persone svantaggiate dal sentimento di compassione del filantropo ed \u00e8 quindi, non solo non risolutiva, ma legata agli umori e possibilit\u00e0 del filantropo di turno e quindi scarsamente efficace.<\/p>\n\n\n\n<p>Davanti a tutto questo ci si domanda se davvero questa situazione \u00e8 inevitabile oppure si pu\u00f2 immaginare un mondo diverso e pi\u00f9 attento all\u2019ambiente ed agli abitanti e le creature tutte che lo popolano retto da un funzionamento economico pi\u00f9 umano ed umanizzante per l\u2019ambiente.<\/p>\n\n\n\n<p>Non \u00e8 certo una idea originale, l\u2019idea di una economia sociale di mercato ebbe la sua origine nell\u2019ambiente culturale tedesco durante il periodo della Repubblica di Weimar, dopo la Prima guerra mondiale, grazie al contributo di L. von Mises, che nel 1919 pubblic\u00f2 Nation, Staat und Wirtschaft. Il libro non ebbe molta fortuna, ma le idee in esso contenute furono successivamente rielaborate, dopo il fallimento dell\u2019esperimento di Weimar e l\u2019ascesa al potere del nazionalsocialismo, dalla scuola di Friburgo (ordoliberalismo). La sua idea basilare \u00e8 che il libero mercato sia \u201cnon naturale\u201d e come tale debba essere definito da una cornice istituzionale. Negli anni della ricostruzione in Germania, ha costituito il nucleo teorico della economia sociale di mercato (soziale Marktwirtschaft) che ispir\u00f2 le politiche del ministro dell\u2019Economia L. Erhard e del suo collaboratore A. M\u00fcller Armack per porre le basi del cosiddetto \u201cmiracolo economico tedesco\u201d.<\/p>\n\n\n\n<p>Dal secondo dopoguerra, l\u2019idea dell\u2019economia sociale di mercato si \u00e8 spesso intrecciata con la dottrina sociale cristiana (dottrina sociale della Chiesa), sino a evidenziare come tema centrale, in epoca contemporanea, il concetto di sussidiariet\u00e0 (Principio di sussidiariet\u00e0), inserito nel 2001 a livello costituzionale come principio regolatore dell\u2019intervento statale tedesco.<\/p>\n\n\n\n<p>Da sottolineare che l\u2019economia sociale di mercato \u00e8 il sistema economico dell\u2019UE previsto dal Trattato di Lisbona.<\/p>\n\n\n\n<p>Per economia sociale si intendono le attivit\u00e0 economiche che rispettano i seguenti principi:<\/p>\n\n\n\n<ul class=\"wp-block-list\">\n<li>Un obiettivo di servizio alla comunit\u00e0 o ai membri, piuttosto che la ricerca del profitto. L\u2019obiettivo di un\u2019impresa dell\u2019economia sociale non \u00e8 massimizzare i profitti ma creare posti di lavoro, provvedere alla formazione di persone poco qualificate, proteggere la natura, fornire servizi a livello locale, ecc.<\/li>\n\n\n\n<li>Autonomia gestionale. Le imprese dell\u2019economia sociale non sono gestite da un azionista privato n\u00e9 dallo Stato.<\/li>\n\n\n\n<li>Gestione democratica e partecipativa. Il processo di controllo dell\u2019azienda \u00e8 democratico \/ ogni lavoratore partecipa alle decisioni.<\/li>\n\n\n\n<li>Le persone e il lavoro hanno la priorit\u00e0 sul capitale. La distribuzione degli utili \u00e8 prevalentemente destinata all\u2019oggetto sociale della societ\u00e0.<\/li>\n<\/ul>\n\n\n\n<p>L\u2019impresa sociale, quindi, \u00e8 un ente privato che esercita in via stabile e principale un\u2019attivit\u00e0 di impresa di interesse generale, senza scopo di lucro e per finalit\u00e0 civiche, solidaristiche e di utilit\u00e0 sociale, adottando modalit\u00e0 di gestione responsabili e trasparenti e favorendo il pi\u00f9 ampio coinvolgimento dei lavoratori, degli utenti e degli altri stakeholders.\u2028<\/p>\n\n\n\n<p>Un esempio in tal senso ci arriva dalle imprese che fanno parte del progetto di \u201cEconomia di comunione\u201d, fondate da Chiara Lubich nel 1991, che non si limitano a destinare parte dei loro utili per aiutare chi \u00e8 nel bisogno ma instaurano all\u2019interno dell\u2019azienda \u00abrapporti leali e rispettosi, animati da sincero spirito di servizio e di collaborazione, nei confronti dei dipendenti, dei clienti, fornitori, pubblica amministrazione e anche verso i concorrenti oppure nel promuovere la collaborazione con le altre realt\u00e0 aziendali e sociali presenti nel territorio.<\/p>\n\n\n\n<p>\u00c8 necessario insomma occuparsi della povert\u00e0, della disoccupazione, dello sfruttamento sui luoghi di lavoro, del ruolo delle donne nelle attivit\u00e0 lavorative, del coinvolgimento dei giovani, dell\u2019equilibrio tra Nord e Sud del mondo, del consumismo, della valorizzazione dei talenti e di molto altro ancora.<\/p>\n\n\n\n<p>Non basta insomma una economia circolare, neanche una economia sociale, nemmeno una sostenibile e civile. L\u2019economia per essere realmente sociale ed adatta a questo triste momento di allontanamento dell\u2019uomo dal suo mondo, deve poter includere un riavvicinamento dell\u2019uomo a s\u00e9 stesso ed ai suoi simili in termini umani prima ancora che economici.<\/p>\n\n\n\n<p><img loading=\"lazy\" decoding=\"async\" width=\"100\" height=\"100\" class=\"wp-image-8637\" style=\"width: 100px;\" src=\"https:\/\/www.istitutogalanteoliva.it\/magazine\/wp-content\/uploads\/2021\/07\/marco.png\" alt=\"\" srcset=\"https:\/\/www.istitutogalanteoliva.it\/magazine\/wp-content\/uploads\/2021\/07\/marco.png 360w, https:\/\/www.istitutogalanteoliva.it\/magazine\/wp-content\/uploads\/2021\/07\/marco-300x300.png 300w, https:\/\/www.istitutogalanteoliva.it\/magazine\/wp-content\/uploads\/2021\/07\/marco-150x150.png 150w\" sizes=\"auto, (max-width: 100px) 100vw, 100px\" \/><strong><em><a href=\"https:\/\/www.istitutogalanteoliva.it\/magazine\/?s=maltesu\" target=\"_blank\" rel=\"noreferrer noopener\">Marco Maltesu<\/a><\/em><\/strong> <br><strong><sub>Esperto di trasporti, sviluppo sostenibile, ambiente ed energie.<\/sub><\/strong><br><sup><br><\/sup><\/p>\n<div class=\"pdfprnt-buttons pdfprnt-buttons-post pdfprnt-bottom-left\"><a href=\"https:\/\/www.istitutogalanteoliva.it\/magazine\/wp-json\/wp\/v2\/posts\/13235?print=print\" class=\"pdfprnt-button pdfprnt-button-print\" target=\"_blank\"><img decoding=\"async\" src=\"https:\/\/www.istitutogalanteoliva.it\/magazine\/wp-content\/plugins\/pdf-print\/images\/print.png\" alt=\"image_print\" title=\"Stampa contenuto\" \/><span class=\"pdfprnt-button-title pdfprnt-button-print-title\">Download in PDF<\/span><\/a><\/div>","protected":false},"excerpt":{"rendered":"<p>Uno dei temi resi evidenti dalla pandemia che ha attraversato il mondo, ancora prima della forte crisi economica esistente e successivamente della guerra in Ucraina e delle tante guerre attualmente esistenti nella nostra terra, \u00e8 che \u00e8 necessario creare un nuovo tipo di economia capace di ridurre le differenze fra i ricchi ed i poveri nella nostra societ\u00e0<\/p>\n","protected":false},"author":2,"featured_media":13236,"comment_status":"closed","ping_status":"open","sticky":true,"template":"","format":"standard","meta":{"footnotes":""},"categories":[731,304,15],"tags":[359,736],"class_list":["post-13235","post","type-post","status-publish","format-standard","has-post-thumbnail","hentry","category-731","category-economia","category-opinioni","tag-economia","tag-economia-sociale"],"yoast_head":"<!-- This site is optimized with the Yoast SEO plugin v24.2 - https:\/\/yoast.com\/wordpress\/plugins\/seo\/ -->\n<title>L\u2019economia possibile - Polis SA Magazine<\/title>\n<meta name=\"robots\" content=\"index, follow, max-snippet:-1, max-image-preview:large, max-video-preview:-1\" \/>\n<link rel=\"canonical\" href=\"https:\/\/www.istitutogalanteoliva.it\/magazine\/2023\/01\/16\/leconomia-possibile\/\" \/>\n<meta property=\"og:locale\" content=\"it_IT\" \/>\n<meta property=\"og:type\" content=\"article\" \/>\n<meta property=\"og:title\" content=\"L\u2019economia possibile - Polis SA Magazine\" \/>\n<meta property=\"og:description\" content=\"Uno dei temi resi evidenti dalla pandemia che ha attraversato il mondo, ancora prima della forte crisi economica esistente e successivamente della guerra in Ucraina e delle tante guerre attualmente esistenti nella nostra terra, \u00e8 che \u00e8 necessario creare un nuovo tipo di economia capace di ridurre le differenze fra i ricchi ed i poveri nella nostra societ\u00e0\" \/>\n<meta property=\"og:url\" content=\"https:\/\/www.istitutogalanteoliva.it\/magazine\/2023\/01\/16\/leconomia-possibile\/\" \/>\n<meta property=\"og:site_name\" content=\"Polis SA Magazine\" \/>\n<meta property=\"article:publisher\" content=\"https:\/\/www.facebook.com\/PolisSAMagazine\/\" \/>\n<meta property=\"article:published_time\" content=\"2023-01-16T07:00:00+00:00\" \/>\n<meta property=\"article:modified_time\" content=\"2023-01-15T23:39:34+00:00\" \/>\n<meta property=\"og:image\" content=\"https:\/\/www.istitutogalanteoliva.it\/magazine\/wp-content\/uploads\/2023\/01\/economia-sociale-kC6-U32601402471827o1C-656x492@Corriere-Web-Sezioni.jpg\" \/>\n\t<meta property=\"og:image:width\" content=\"700\" \/>\n\t<meta property=\"og:image:height\" content=\"380\" \/>\n\t<meta property=\"og:image:type\" content=\"image\/jpeg\" \/>\n<meta name=\"author\" content=\"Antonello Rivano\" \/>\n<meta name=\"twitter:card\" content=\"summary_large_image\" \/>\n<meta name=\"twitter:creator\" content=\"@MagazinePolis\" \/>\n<meta name=\"twitter:site\" content=\"@MagazinePolis\" \/>\n<meta name=\"twitter:label1\" content=\"Scritto da\" \/>\n\t<meta name=\"twitter:data1\" content=\"Antonello Rivano\" \/>\n\t<meta name=\"twitter:label2\" content=\"Tempo di lettura stimato\" \/>\n\t<meta name=\"twitter:data2\" content=\"6 minuti\" \/>\n<script type=\"application\/ld+json\" class=\"yoast-schema-graph\">{\"@context\":\"https:\/\/schema.org\",\"@graph\":[{\"@type\":\"Article\",\"@id\":\"https:\/\/www.istitutogalanteoliva.it\/magazine\/2023\/01\/16\/leconomia-possibile\/#article\",\"isPartOf\":{\"@id\":\"https:\/\/www.istitutogalanteoliva.it\/magazine\/2023\/01\/16\/leconomia-possibile\/\"},\"author\":{\"name\":\"Antonello Rivano\",\"@id\":\"https:\/\/www.istitutogalanteoliva.it\/magazine\/#\/schema\/person\/d8b8aa79cfe8babc1df9da3212a7c0c4\"},\"headline\":\"L\u2019economia possibile\",\"datePublished\":\"2023-01-16T07:00:00+00:00\",\"dateModified\":\"2023-01-15T23:39:34+00:00\",\"mainEntityOfPage\":{\"@id\":\"https:\/\/www.istitutogalanteoliva.it\/magazine\/2023\/01\/16\/leconomia-possibile\/\"},\"wordCount\":1108,\"publisher\":{\"@id\":\"https:\/\/www.istitutogalanteoliva.it\/magazine\/#organization\"},\"image\":{\"@id\":\"https:\/\/www.istitutogalanteoliva.it\/magazine\/2023\/01\/16\/leconomia-possibile\/#primaryimage\"},\"thumbnailUrl\":\"https:\/\/www.istitutogalanteoliva.it\/magazine\/wp-content\/uploads\/2023\/01\/economia-sociale-kC6-U32601402471827o1C-656x492@Corriere-Web-Sezioni.jpg\",\"keywords\":[\"economia\",\"Economia sociale\"],\"articleSection\":[\"2023\",\"Economia\",\"Opinioni\"],\"inLanguage\":\"it-IT\"},{\"@type\":\"WebPage\",\"@id\":\"https:\/\/www.istitutogalanteoliva.it\/magazine\/2023\/01\/16\/leconomia-possibile\/\",\"url\":\"https:\/\/www.istitutogalanteoliva.it\/magazine\/2023\/01\/16\/leconomia-possibile\/\",\"name\":\"L\u2019economia possibile - Polis SA Magazine\",\"isPartOf\":{\"@id\":\"https:\/\/www.istitutogalanteoliva.it\/magazine\/#website\"},\"primaryImageOfPage\":{\"@id\":\"https:\/\/www.istitutogalanteoliva.it\/magazine\/2023\/01\/16\/leconomia-possibile\/#primaryimage\"},\"image\":{\"@id\":\"https:\/\/www.istitutogalanteoliva.it\/magazine\/2023\/01\/16\/leconomia-possibile\/#primaryimage\"},\"thumbnailUrl\":\"https:\/\/www.istitutogalanteoliva.it\/magazine\/wp-content\/uploads\/2023\/01\/economia-sociale-kC6-U32601402471827o1C-656x492@Corriere-Web-Sezioni.jpg\",\"datePublished\":\"2023-01-16T07:00:00+00:00\",\"dateModified\":\"2023-01-15T23:39:34+00:00\",\"breadcrumb\":{\"@id\":\"https:\/\/www.istitutogalanteoliva.it\/magazine\/2023\/01\/16\/leconomia-possibile\/#breadcrumb\"},\"inLanguage\":\"it-IT\",\"potentialAction\":[{\"@type\":\"ReadAction\",\"target\":[\"https:\/\/www.istitutogalanteoliva.it\/magazine\/2023\/01\/16\/leconomia-possibile\/\"]}]},{\"@type\":\"ImageObject\",\"inLanguage\":\"it-IT\",\"@id\":\"https:\/\/www.istitutogalanteoliva.it\/magazine\/2023\/01\/16\/leconomia-possibile\/#primaryimage\",\"url\":\"https:\/\/www.istitutogalanteoliva.it\/magazine\/wp-content\/uploads\/2023\/01\/economia-sociale-kC6-U32601402471827o1C-656x492@Corriere-Web-Sezioni.jpg\",\"contentUrl\":\"https:\/\/www.istitutogalanteoliva.it\/magazine\/wp-content\/uploads\/2023\/01\/economia-sociale-kC6-U32601402471827o1C-656x492@Corriere-Web-Sezioni.jpg\",\"width\":700,\"height\":380},{\"@type\":\"BreadcrumbList\",\"@id\":\"https:\/\/www.istitutogalanteoliva.it\/magazine\/2023\/01\/16\/leconomia-possibile\/#breadcrumb\",\"itemListElement\":[{\"@type\":\"ListItem\",\"position\":1,\"name\":\"Home\",\"item\":\"https:\/\/www.istitutogalanteoliva.it\/magazine\/\"},{\"@type\":\"ListItem\",\"position\":2,\"name\":\"L\u2019economia possibile\"}]},{\"@type\":\"WebSite\",\"@id\":\"https:\/\/www.istitutogalanteoliva.it\/magazine\/#website\",\"url\":\"https:\/\/www.istitutogalanteoliva.it\/magazine\/\",\"name\":\"POLIS SA MAGAZINE\",\"description\":\"Informazione e approfondimenti\",\"publisher\":{\"@id\":\"https:\/\/www.istitutogalanteoliva.it\/magazine\/#organization\"},\"potentialAction\":[{\"@type\":\"SearchAction\",\"target\":{\"@type\":\"EntryPoint\",\"urlTemplate\":\"https:\/\/www.istitutogalanteoliva.it\/magazine\/?s={search_term_string}\"},\"query-input\":{\"@type\":\"PropertyValueSpecification\",\"valueRequired\":true,\"valueName\":\"search_term_string\"}}],\"inLanguage\":\"it-IT\"},{\"@type\":\"Organization\",\"@id\":\"https:\/\/www.istitutogalanteoliva.it\/magazine\/#organization\",\"name\":\"Polis SA Magazine\",\"url\":\"https:\/\/www.istitutogalanteoliva.it\/magazine\/\",\"logo\":{\"@type\":\"ImageObject\",\"inLanguage\":\"it-IT\",\"@id\":\"https:\/\/www.istitutogalanteoliva.it\/magazine\/#\/schema\/logo\/image\/\",\"url\":\"\",\"contentUrl\":\"\",\"caption\":\"Polis SA Magazine\"},\"image\":{\"@id\":\"https:\/\/www.istitutogalanteoliva.it\/magazine\/#\/schema\/logo\/image\/\"},\"sameAs\":[\"https:\/\/www.facebook.com\/PolisSAMagazine\/\",\"https:\/\/x.com\/MagazinePolis\",\"https:\/\/www.youtube.com\/channel\/UCv0Mr5AHKUmsc0sEEXkJrgw\"]},{\"@type\":\"Person\",\"@id\":\"https:\/\/www.istitutogalanteoliva.it\/magazine\/#\/schema\/person\/d8b8aa79cfe8babc1df9da3212a7c0c4\",\"name\":\"Antonello Rivano\",\"image\":{\"@type\":\"ImageObject\",\"inLanguage\":\"it-IT\",\"@id\":\"https:\/\/www.istitutogalanteoliva.it\/magazine\/#\/schema\/person\/image\/\",\"url\":\"https:\/\/secure.gravatar.com\/avatar\/517a9a6487a7a18ecc4ce6d2e57a8f40?s=96&d=mm&r=g\",\"contentUrl\":\"https:\/\/secure.gravatar.com\/avatar\/517a9a6487a7a18ecc4ce6d2e57a8f40?s=96&d=mm&r=g\",\"caption\":\"Antonello Rivano\"},\"url\":\"https:\/\/www.istitutogalanteoliva.it\/magazine\/author\/antonello\/\"}]}<\/script>\n<!-- \/ Yoast SEO plugin. -->","yoast_head_json":{"title":"L\u2019economia possibile - Polis SA Magazine","robots":{"index":"index","follow":"follow","max-snippet":"max-snippet:-1","max-image-preview":"max-image-preview:large","max-video-preview":"max-video-preview:-1"},"canonical":"https:\/\/www.istitutogalanteoliva.it\/magazine\/2023\/01\/16\/leconomia-possibile\/","og_locale":"it_IT","og_type":"article","og_title":"L\u2019economia possibile - Polis SA Magazine","og_description":"Uno dei temi resi evidenti dalla pandemia che ha attraversato il mondo, ancora prima della forte crisi economica esistente e successivamente della guerra in Ucraina e delle tante guerre attualmente esistenti nella nostra terra, \u00e8 che \u00e8 necessario creare un nuovo tipo di economia capace di ridurre le differenze fra i ricchi ed i poveri nella nostra societ\u00e0","og_url":"https:\/\/www.istitutogalanteoliva.it\/magazine\/2023\/01\/16\/leconomia-possibile\/","og_site_name":"Polis SA Magazine","article_publisher":"https:\/\/www.facebook.com\/PolisSAMagazine\/","article_published_time":"2023-01-16T07:00:00+00:00","article_modified_time":"2023-01-15T23:39:34+00:00","og_image":[{"width":700,"height":380,"url":"https:\/\/www.istitutogalanteoliva.it\/magazine\/wp-content\/uploads\/2023\/01\/economia-sociale-kC6-U32601402471827o1C-656x492@Corriere-Web-Sezioni.jpg","type":"image\/jpeg"}],"author":"Antonello Rivano","twitter_card":"summary_large_image","twitter_creator":"@MagazinePolis","twitter_site":"@MagazinePolis","twitter_misc":{"Scritto da":"Antonello Rivano","Tempo di lettura stimato":"6 minuti"},"schema":{"@context":"https:\/\/schema.org","@graph":[{"@type":"Article","@id":"https:\/\/www.istitutogalanteoliva.it\/magazine\/2023\/01\/16\/leconomia-possibile\/#article","isPartOf":{"@id":"https:\/\/www.istitutogalanteoliva.it\/magazine\/2023\/01\/16\/leconomia-possibile\/"},"author":{"name":"Antonello Rivano","@id":"https:\/\/www.istitutogalanteoliva.it\/magazine\/#\/schema\/person\/d8b8aa79cfe8babc1df9da3212a7c0c4"},"headline":"L\u2019economia possibile","datePublished":"2023-01-16T07:00:00+00:00","dateModified":"2023-01-15T23:39:34+00:00","mainEntityOfPage":{"@id":"https:\/\/www.istitutogalanteoliva.it\/magazine\/2023\/01\/16\/leconomia-possibile\/"},"wordCount":1108,"publisher":{"@id":"https:\/\/www.istitutogalanteoliva.it\/magazine\/#organization"},"image":{"@id":"https:\/\/www.istitutogalanteoliva.it\/magazine\/2023\/01\/16\/leconomia-possibile\/#primaryimage"},"thumbnailUrl":"https:\/\/www.istitutogalanteoliva.it\/magazine\/wp-content\/uploads\/2023\/01\/economia-sociale-kC6-U32601402471827o1C-656x492@Corriere-Web-Sezioni.jpg","keywords":["economia","Economia sociale"],"articleSection":["2023","Economia","Opinioni"],"inLanguage":"it-IT"},{"@type":"WebPage","@id":"https:\/\/www.istitutogalanteoliva.it\/magazine\/2023\/01\/16\/leconomia-possibile\/","url":"https:\/\/www.istitutogalanteoliva.it\/magazine\/2023\/01\/16\/leconomia-possibile\/","name":"L\u2019economia possibile - Polis SA Magazine","isPartOf":{"@id":"https:\/\/www.istitutogalanteoliva.it\/magazine\/#website"},"primaryImageOfPage":{"@id":"https:\/\/www.istitutogalanteoliva.it\/magazine\/2023\/01\/16\/leconomia-possibile\/#primaryimage"},"image":{"@id":"https:\/\/www.istitutogalanteoliva.it\/magazine\/2023\/01\/16\/leconomia-possibile\/#primaryimage"},"thumbnailUrl":"https:\/\/www.istitutogalanteoliva.it\/magazine\/wp-content\/uploads\/2023\/01\/economia-sociale-kC6-U32601402471827o1C-656x492@Corriere-Web-Sezioni.jpg","datePublished":"2023-01-16T07:00:00+00:00","dateModified":"2023-01-15T23:39:34+00:00","breadcrumb":{"@id":"https:\/\/www.istitutogalanteoliva.it\/magazine\/2023\/01\/16\/leconomia-possibile\/#breadcrumb"},"inLanguage":"it-IT","potentialAction":[{"@type":"ReadAction","target":["https:\/\/www.istitutogalanteoliva.it\/magazine\/2023\/01\/16\/leconomia-possibile\/"]}]},{"@type":"ImageObject","inLanguage":"it-IT","@id":"https:\/\/www.istitutogalanteoliva.it\/magazine\/2023\/01\/16\/leconomia-possibile\/#primaryimage","url":"https:\/\/www.istitutogalanteoliva.it\/magazine\/wp-content\/uploads\/2023\/01\/economia-sociale-kC6-U32601402471827o1C-656x492@Corriere-Web-Sezioni.jpg","contentUrl":"https:\/\/www.istitutogalanteoliva.it\/magazine\/wp-content\/uploads\/2023\/01\/economia-sociale-kC6-U32601402471827o1C-656x492@Corriere-Web-Sezioni.jpg","width":700,"height":380},{"@type":"BreadcrumbList","@id":"https:\/\/www.istitutogalanteoliva.it\/magazine\/2023\/01\/16\/leconomia-possibile\/#breadcrumb","itemListElement":[{"@type":"ListItem","position":1,"name":"Home","item":"https:\/\/www.istitutogalanteoliva.it\/magazine\/"},{"@type":"ListItem","position":2,"name":"L\u2019economia possibile"}]},{"@type":"WebSite","@id":"https:\/\/www.istitutogalanteoliva.it\/magazine\/#website","url":"https:\/\/www.istitutogalanteoliva.it\/magazine\/","name":"POLIS SA MAGAZINE","description":"Informazione e approfondimenti","publisher":{"@id":"https:\/\/www.istitutogalanteoliva.it\/magazine\/#organization"},"potentialAction":[{"@type":"SearchAction","target":{"@type":"EntryPoint","urlTemplate":"https:\/\/www.istitutogalanteoliva.it\/magazine\/?s={search_term_string}"},"query-input":{"@type":"PropertyValueSpecification","valueRequired":true,"valueName":"search_term_string"}}],"inLanguage":"it-IT"},{"@type":"Organization","@id":"https:\/\/www.istitutogalanteoliva.it\/magazine\/#organization","name":"Polis SA Magazine","url":"https:\/\/www.istitutogalanteoliva.it\/magazine\/","logo":{"@type":"ImageObject","inLanguage":"it-IT","@id":"https:\/\/www.istitutogalanteoliva.it\/magazine\/#\/schema\/logo\/image\/","url":"","contentUrl":"","caption":"Polis SA Magazine"},"image":{"@id":"https:\/\/www.istitutogalanteoliva.it\/magazine\/#\/schema\/logo\/image\/"},"sameAs":["https:\/\/www.facebook.com\/PolisSAMagazine\/","https:\/\/x.com\/MagazinePolis","https:\/\/www.youtube.com\/channel\/UCv0Mr5AHKUmsc0sEEXkJrgw"]},{"@type":"Person","@id":"https:\/\/www.istitutogalanteoliva.it\/magazine\/#\/schema\/person\/d8b8aa79cfe8babc1df9da3212a7c0c4","name":"Antonello Rivano","image":{"@type":"ImageObject","inLanguage":"it-IT","@id":"https:\/\/www.istitutogalanteoliva.it\/magazine\/#\/schema\/person\/image\/","url":"https:\/\/secure.gravatar.com\/avatar\/517a9a6487a7a18ecc4ce6d2e57a8f40?s=96&d=mm&r=g","contentUrl":"https:\/\/secure.gravatar.com\/avatar\/517a9a6487a7a18ecc4ce6d2e57a8f40?s=96&d=mm&r=g","caption":"Antonello Rivano"},"url":"https:\/\/www.istitutogalanteoliva.it\/magazine\/author\/antonello\/"}]}},"_links":{"self":[{"href":"https:\/\/www.istitutogalanteoliva.it\/magazine\/wp-json\/wp\/v2\/posts\/13235","targetHints":{"allow":["GET"]}}],"collection":[{"href":"https:\/\/www.istitutogalanteoliva.it\/magazine\/wp-json\/wp\/v2\/posts"}],"about":[{"href":"https:\/\/www.istitutogalanteoliva.it\/magazine\/wp-json\/wp\/v2\/types\/post"}],"author":[{"embeddable":true,"href":"https:\/\/www.istitutogalanteoliva.it\/magazine\/wp-json\/wp\/v2\/users\/2"}],"replies":[{"embeddable":true,"href":"https:\/\/www.istitutogalanteoliva.it\/magazine\/wp-json\/wp\/v2\/comments?post=13235"}],"version-history":[{"count":1,"href":"https:\/\/www.istitutogalanteoliva.it\/magazine\/wp-json\/wp\/v2\/posts\/13235\/revisions"}],"predecessor-version":[{"id":13237,"href":"https:\/\/www.istitutogalanteoliva.it\/magazine\/wp-json\/wp\/v2\/posts\/13235\/revisions\/13237"}],"wp:featuredmedia":[{"embeddable":true,"href":"https:\/\/www.istitutogalanteoliva.it\/magazine\/wp-json\/wp\/v2\/media\/13236"}],"wp:attachment":[{"href":"https:\/\/www.istitutogalanteoliva.it\/magazine\/wp-json\/wp\/v2\/media?parent=13235"}],"wp:term":[{"taxonomy":"category","embeddable":true,"href":"https:\/\/www.istitutogalanteoliva.it\/magazine\/wp-json\/wp\/v2\/categories?post=13235"},{"taxonomy":"post_tag","embeddable":true,"href":"https:\/\/www.istitutogalanteoliva.it\/magazine\/wp-json\/wp\/v2\/tags?post=13235"}],"curies":[{"name":"wp","href":"https:\/\/api.w.org\/{rel}","templated":true}]}}