{"id":13303,"date":"2023-02-08T08:00:00","date_gmt":"2023-02-08T07:00:00","guid":{"rendered":"https:\/\/www.istitutogalanteoliva.it\/magazine\/?p=13303"},"modified":"2023-02-08T09:23:09","modified_gmt":"2023-02-08T08:23:09","slug":"progetto-per-la-consapevolezza-iconica-sui-linguaggi-cinematografici-a-san-severino-sa","status":"publish","type":"post","link":"https:\/\/www.istitutogalanteoliva.it\/magazine\/2023\/02\/08\/progetto-per-la-consapevolezza-iconica-sui-linguaggi-cinematografici-a-san-severino-sa\/","title":{"rendered":"Progetto per la consapevolezza \u201ciconica\u201d sui linguaggi cinematografici a San Severino (SA)"},"content":{"rendered":"\n<p><strong>Lo scorso primo febbraio, al Comune di Mercato San Severino, si \u00e8 tenuta una conferenza stampa sul progetto scolastico \u201cCiak\u2026 RiprendiAMO!\u201d [sic!]. Un\u2019iniziativa realizzata nell\u2019ambito del \u201cPiano nazionale cinema e immagini per la scuola\u201d. Il bando, cui ha partecipato il II Circolo Didattico di Mercato San Severino \u2013 diretto dalla professoressa Anna Buonoconto \u2013 prevedeva la concessione di contributi, per attivit\u00e0 inerenti il \u201cLinguaggio cinematografico e audiovisivo, come oggetto e strumento di educazione e formazione\u201d. Proprio tali finanziamenti sono stati erogati dalle istituzioni nazionali e\/o regionali, premiando la fantasia e l\u2019originalit\u00e0 del progetto &#8211; posto in essere dall\u2019intera direzione didattica, comprendente il II Circolo. <\/strong><em>Che include e congloba le realt\u00e0 scolastiche (plessi) delle frazioni S. Angelo (dove sono situati i locali \u201cprincipali\u201d \u2013 la sede amministrativa); S. Vincenzo; Ciorani; Costa; Curteri e Piazza del Galdo \u2013 per la scuola primaria. Riguardo l\u2019ex asilo \u2013 ossia la scuola dell\u2019infanzia \u2013 ci sono altri plessi in pi\u00f9: S. Eustachio e Carifi; manca l\u2019asilo a Piazza del Galdo, per\u00f2.<\/em> Tornando a noi, il bando \u2013 emanato nel 2022 \u2013 prevedeva due \u201cazioni\u201d: la A e la B. La seconda concerneva le scuole dell\u2019infanzia e le primarie. Il budget previsto, in origine, era di 80mila euro \u2013 ha dichiarato la dirigente scolastica Buonoconto, nel corso dell\u2019incontro con la stampa; cui erano presenti parecchi genitori in rappresentanza del II Circolo. Ma la progettualit\u00e0 \u2013 inizialmente \u2013 era composta da ulteriori elementi da sviluppare. <\/p>\n\n\n\n<p><strong>Il tutto doveva essere espletato da settembre 2022 a marzo\/maggio di quest\u2019anno. Poi, lo svolgimento \u00e8 stato prorogato a fine 2023. Per un costo complessivo di 48mila euro \u2013 il 60% di quanto preventivato (cio\u00e8 gli 80mila euro iniziali). Pur se alquanto dimezzato, il budget \u00e8 significativo. Ed \u00e8 motivo di orgoglio, per la Ds Buonoconto e i suoi validi e alacri collaboratori (insegnanti, personale scolastico, Ata eccetera) \u2013 nonch\u00e9 per i tanti e qualificati partner di \u201cCiak\u2026 RiprendiAMO!\u201d, che i contributi hanno interessato solo ottantanove scuole in tutta Italia; soltanto tre in Campania. C\u2019\u00e8 quindi da essere felici; occorre festeggiare.<\/strong> Ma come \u00e8 articolato il progetto stesso? \u00c8 presto detto. <em>In conferenza, dinanzi ai vertici amministrativi del Comune; ai genitori; ai partner; ad altre figure istituzionali, la dirigente si \u00e8 avvalsa di slide e\/o di presentazioni in Power point, allo scopo di illustrare finalit\u00e0; obiettivi; scopi e strutturazioni dell\u2019idea che ha ricevuto il placet dagli organi competenti. Con tali schede esplicative, si \u00e8 discusso degli argomenti del progetto \u2013 mirante ad avvicinare gli scolari al mondo del cinema e dell\u2019animazione per immagini. Verso il cosiddetto \u201csapere iconico\u201d<\/em>. <\/p>\n\n\n\n<figure class=\"wp-block-image size-large is-resized\"><img loading=\"lazy\" decoding=\"async\" src=\"https:\/\/www.istitutogalanteoliva.it\/magazine\/wp-content\/uploads\/2023\/02\/Foto-Ciak-progetto-cinema-San-Severino-Noia-3-1024x634.jpg\" alt=\"\" class=\"wp-image-13308\" width=\"512\" height=\"317\" srcset=\"https:\/\/www.istitutogalanteoliva.it\/magazine\/wp-content\/uploads\/2023\/02\/Foto-Ciak-progetto-cinema-San-Severino-Noia-3-1024x634.jpg 1024w, https:\/\/www.istitutogalanteoliva.it\/magazine\/wp-content\/uploads\/2023\/02\/Foto-Ciak-progetto-cinema-San-Severino-Noia-3-300x186.jpg 300w, https:\/\/www.istitutogalanteoliva.it\/magazine\/wp-content\/uploads\/2023\/02\/Foto-Ciak-progetto-cinema-San-Severino-Noia-3-768x476.jpg 768w, https:\/\/www.istitutogalanteoliva.it\/magazine\/wp-content\/uploads\/2023\/02\/Foto-Ciak-progetto-cinema-San-Severino-Noia-3-1536x951.jpg 1536w, https:\/\/www.istitutogalanteoliva.it\/magazine\/wp-content\/uploads\/2023\/02\/Foto-Ciak-progetto-cinema-San-Severino-Noia-3.jpg 2048w\" sizes=\"auto, (max-width: 512px) 100vw, 512px\" \/><\/figure>\n\n\n\n<p><strong><em>Erano presenti all\u2019appuntamento: il vicesindaco Enza Cavaliere; l\u2019assessore Assunta Alfano \u2013 con delega alle Politiche Scolastiche; gli esperti e i tutor. Come Michele Stornaiuolo, responsabile del cineteatro comunale (assieme a \u201cTeatro pi\u00f9\u201d, della famiglia partenopea Caccavale \u2013 \u201cinsediatasi\u201d a San Severino nel 2018); come la regista ed attrice Clotilde Grisolia \u2013 referente di numerose attivit\u00e0 sul territorio. Abbinando spettacolo e solidariet\u00e0. Attiva nel sociale, e non solo \u2013 con \u201cCrescere insieme oltre il teatro\u201d. Inoltre, hanno partecipato al convegno i rappresentanti del locale Lions Club \u2013 con il presidente Agostino D\u2019Angelo ed altri.<\/em><\/strong> \u201cQuesto progetto \u2013 ha spiegato la Buonoconto \u2013 ha seguito il bando emanato, in modo da sviluppare alcuni punti \u2013 quali <strong>il combattere l\u2019analfabetismo iconico; il potenziare le competenze, appunto \u201ciconiche\u201d, nei piccoli\u201d. Non solo per godersi un film in compagnia di amici e coetanei, ma per acquisire consapevolezza \u2013 fin da piccoli \u2013 delle immagini che scorrono sul grande schermo. \u00c8 da tener presente che \u201cCiak\u201d interessa solo i bambini delle (ex) elementari, non gli infanti di quello che \u2013 una volta \u2013 veniva definito asilo. Sempre nell\u2019ambito del II Circolo, comunque.<\/strong> La Ds ha esplicato come il progetto sia stato rimodulato. \u201cLa denominazione del progetto \u2013 ha espresso la docente \u2013 \u00e8 stata studiata appositamente per indicare una ripresa, dopo i duri mesi della pandemia\u201d. Varie le modalit\u00e0 per strutturare i format di \u201cCiak\u201d \u2013 sebbene (come asserito sopra) l\u2019idea iniziale abbia subito il \u201ctaglio\u201d dei fondi e risentito di alcune, conseguenziali rimodulazioni. <\/p>\n\n\n\n<figure class=\"wp-block-image size-large is-resized\"><img loading=\"lazy\" decoding=\"async\" src=\"https:\/\/www.istitutogalanteoliva.it\/magazine\/wp-content\/uploads\/2023\/02\/Foto-Ciak-progetto-cinema-San-Severino-Noia-4-1024x576.jpg\" alt=\"\" class=\"wp-image-13305\" width=\"512\" height=\"288\" srcset=\"https:\/\/www.istitutogalanteoliva.it\/magazine\/wp-content\/uploads\/2023\/02\/Foto-Ciak-progetto-cinema-San-Severino-Noia-4-1024x576.jpg 1024w, https:\/\/www.istitutogalanteoliva.it\/magazine\/wp-content\/uploads\/2023\/02\/Foto-Ciak-progetto-cinema-San-Severino-Noia-4-300x169.jpg 300w, https:\/\/www.istitutogalanteoliva.it\/magazine\/wp-content\/uploads\/2023\/02\/Foto-Ciak-progetto-cinema-San-Severino-Noia-4-768x432.jpg 768w, https:\/\/www.istitutogalanteoliva.it\/magazine\/wp-content\/uploads\/2023\/02\/Foto-Ciak-progetto-cinema-San-Severino-Noia-4-1536x864.jpg 1536w, https:\/\/www.istitutogalanteoliva.it\/magazine\/wp-content\/uploads\/2023\/02\/Foto-Ciak-progetto-cinema-San-Severino-Noia-4.jpg 2016w\" sizes=\"auto, (max-width: 512px) 100vw, 512px\" \/><\/figure>\n\n\n\n<p><strong><em>Seguendo le agili immagini e\/o slide, esse hanno fatto emergere quattro \u201cstrutture\u201d o (cos\u00ec sono state chiamate) \u201cedizioni\u201d. In cui sono stati divisi i primi moduli: \u201cEmozioni riflesse\u201d \u2013 edizioni 1 e 2. \u201cStorie vissute\u201d \u2013 edizioni 1-2-3-4. Questo format \u00e8 stato previsto in collaborazione con \u201cSchool movie\u201d, obiettivo finale sar\u00e0 la realizzazione \u2013 da parte degli studenti \u2013 di un cortometraggio. Il corto \u2013 si pensa \u2013 sar\u00e0 chiamato \u201cDesideri\u201d o \u201cDesiderio\u201d. Altri moduli sono: \u201cAlfabeti iconici\u201d \u2013 edizioni 1 e 2; \u201cStoria infinita\u201d, edizione 1. Vi sar\u00e0, inoltre, un format sulla guerra e la pandemia \u2013 per restare sull\u2019attualit\u00e0. \u201cLa societ\u00e0 sta cambiando \u2013 ha affermato la Ds \u2013 occorre avvicinare i ragazzini alle tematiche sociali\u201d. Anche per questo, sono previste attivit\u00e0 laboratoriali &#8211; volte all\u2019elaborazione di un corto, da parte degli alunni. Tali laboratori avverranno tra le mura scolastiche dei vari plessi e si alterneranno anche nei locali del teatro comunale.<\/em><\/strong> Da qui, la presenza di Stornaiuolo all\u2019incontro. <em>I plessi interessati sono quelli di S. Angelo; S. Vincenzo; Ciorani e Costa.<\/em> Ed ecco qualche \u201cnumero\u201d \u2013 dei dati concreti \u2013 su come si articoler\u00e0 il tutto: <strong>ben 9 saranno i moduli formativi; 154 i \u201ccorsisti\u201d, cui \u00e8 dedicato tutto; 242 le ore di attivit\u00e0 previste. Nove \u00e8 la cifra degli esperti e dei formatori, cinque i tutor. A ci\u00f2 vanno \u201caffiancate\u201d ben quattordici \u201cvisioni\u201d, all\u2019interno di un apposito ciclo di cineforum. Al cinema e teatro sanseverinese. Le date saranno \u2013 indicativamente \u2013 le seguenti: proiezioni a febbraio (si comincer\u00e0 a S. Valentino \u2013 marted\u00ec 14 febbraio prossimo); a marzo, ad aprile e a maggio. Sono, queste, occasioni (anche) per vivere momenti di aggregazione al cinema assieme alle famiglie; ai genitori. Al termine di queste peculiari attivit\u00e0, a maggio si vivr\u00e0 il \u201cgran finale\u201d con i prodotti elaborati dai ragazzini. I lavori, per\u00f2, saranno dapprima mandati \u201cal vaglio\u201d del Ministero della Cultura (Mic) e \u2013 dopo \u2013 valutati. Per febbraio, uno degli eventi principali \u2013 per pubblicizzare la serie di iniziative \u2013 \u00e8 stato proprio la conferenza stampa di presentazione. A marzo, invece, si terranno seminari \u201ccon l\u2019attore\u201d \u2013 ad hoc. Ma \u201cCiak\u2026 RiprendiAMO!\u201d oltrepasser\u00e0 la conclusione delle attivit\u00e0 scolastiche: a luglio prossimo, il progetto vedr\u00e0 la partecipazione degli elaborati creati dai piccoli a \u201cSchool movie \u2013 Cined\u00f9\u201d, importante rassegna e vetrina sul corretto utilizzo dei mezzi audiovisivi; in quel di Paestum (Salerno).<\/strong><\/p>\n\n\n\n<p> <\/p>\n\n\n\n<figure class=\"wp-block-image size-large is-resized\"><img loading=\"lazy\" decoding=\"async\" src=\"https:\/\/www.istitutogalanteoliva.it\/magazine\/wp-content\/uploads\/2023\/02\/Foto-Ciak-progetto-cinema-San-Severino-Noia-5-1024x964.jpg\" alt=\"\" class=\"wp-image-13307\" width=\"512\" height=\"482\" srcset=\"https:\/\/www.istitutogalanteoliva.it\/magazine\/wp-content\/uploads\/2023\/02\/Foto-Ciak-progetto-cinema-San-Severino-Noia-5-1024x964.jpg 1024w, https:\/\/www.istitutogalanteoliva.it\/magazine\/wp-content\/uploads\/2023\/02\/Foto-Ciak-progetto-cinema-San-Severino-Noia-5-300x282.jpg 300w, https:\/\/www.istitutogalanteoliva.it\/magazine\/wp-content\/uploads\/2023\/02\/Foto-Ciak-progetto-cinema-San-Severino-Noia-5-768x723.jpg 768w, https:\/\/www.istitutogalanteoliva.it\/magazine\/wp-content\/uploads\/2023\/02\/Foto-Ciak-progetto-cinema-San-Severino-Noia-5.jpg 1039w\" sizes=\"auto, (max-width: 512px) 100vw, 512px\" \/><\/figure>\n\n\n\n<p>In seguito all\u2019intervento della dirigente, hanno espresso le proprie opinioni i \u201ctestimonial\u201d Stornaiuolo; Grisolia; Agostino D\u2019Angelo. Sono intervenuti pure alcuni genitori: un padre molto giovane, entusiasta di questo momento cos\u00ec partecipativo \u2013 che render\u00e0 i bambini spettatori e \u201cconsumatori\u201d consapevoli, verso le immagini che i media \u201ciconici\u201d propongono o propinano ai pi\u00f9 giovani. Nelle parole del patron Stornaiuolo: <em>\u201cI bambini devono recarsi al cinema per emozionarsi; non \u00e8 lo stesso guardare le serie tv a casa e andare al cinema. Al cinema ci si confronta e, magari, si da\u2019 l\u2019appuntamento a una ragazza\u201d. \u201cSono molto onorata \u2013 ha detto, poi, la Grisolia \u2013 di aver avuto la responsabilit\u00e0 di tale progetto\u201d. Ricordiamo che l\u2019attrice e regista \u2013 di origini calabresi \u2013 promuove varie progettualit\u00e0, sia di lettura che \u2013 propriamente \u2013 di educazione al cinema. \u201cCe la mettiamo tutta \u2013 ha asserito \u2013 affinch\u00e9 il bimbo divenga un adulto consapevole \u2013 per ci\u00f2 che afferisce al linguaggio cinematografico\u201d.<\/em> Il referente Lions D\u2019Angelo ha auspicato che \u201cpresto i bambini possano coltivare la passione per il grande schermo\u201d, mentre \u201cla generazione adulta la sta perdendo\u201d. Soddisfazione \u00e8 stata espressa da Enza Cavaliere e da Assunta Alfano: <strong>\u201cL\u2019amministrazione di San Severino \u2013 chiosano \u2013 vuol essere parte attiva in ci\u00f2 che si svolge nelle scuole del territorio\u201d. Questo il messaggio da veicolare, queste le intenzioni da parte di palazzo di Citt\u00e0. Importante \u2013 dunque \u2013 l\u2019interazione tra istituti educativi e vertici politici locali o nazionali.<\/strong> L\u2019happening si \u00e8 concluso con una bella foto ricordo, scattata ai rappresentanti del progetto e agli spettatori accorsi nell\u2019aula consiliare dedicata al maestro e poeta sanseverinese Carmine Manzi. Tra gli astanti, ecco la docente e cronista Teresita Possidente.<\/p>\n\n\n\n<p class=\"has-text-align-left\"><br><br><img loading=\"lazy\" decoding=\"async\" width=\"100\" height=\"100\" class=\"wp-image-6058\" style=\"width: 100px;\" src=\"https:\/\/www.istitutogalanteoliva.it\/magazine\/wp-content\/uploads\/2021\/03\/Anna-Maria1.jpg\" alt=\"\" srcset=\"https:\/\/www.istitutogalanteoliva.it\/magazine\/wp-content\/uploads\/2021\/03\/Anna-Maria1.jpg 674w, https:\/\/www.istitutogalanteoliva.it\/magazine\/wp-content\/uploads\/2021\/03\/Anna-Maria1-300x300.jpg 300w, https:\/\/www.istitutogalanteoliva.it\/magazine\/wp-content\/uploads\/2021\/03\/Anna-Maria1-150x150.jpg 150w\" sizes=\"auto, (max-width: 100px) 100vw, 100px\" \/>  <em><span class=\"has-inline-color has-vivid-cyan-blue-color\"><strong><a href=\"https:\/\/www.istitutogalanteoliva.it\/magazine\/?s=Anna+Maria+Noia+\" target=\"_blank\" rel=\"noreferrer noopener\">Anna Maria Noia <\/a><\/strong><\/span><\/em><\/p>\n<div class=\"pdfprnt-buttons pdfprnt-buttons-post pdfprnt-bottom-left\"><a href=\"https:\/\/www.istitutogalanteoliva.it\/magazine\/wp-json\/wp\/v2\/posts\/13303?print=print\" class=\"pdfprnt-button pdfprnt-button-print\" target=\"_blank\"><img decoding=\"async\" src=\"https:\/\/www.istitutogalanteoliva.it\/magazine\/wp-content\/plugins\/pdf-print\/images\/print.png\" alt=\"image_print\" title=\"Stampa contenuto\" \/><span class=\"pdfprnt-button-title pdfprnt-button-print-title\">Download in PDF<\/span><\/a><\/div>","protected":false},"excerpt":{"rendered":"<p>Coinvolti gli scolari delle primarie del secondo circolo<\/p>\n","protected":false},"author":2,"featured_media":13309,"comment_status":"closed","ping_status":"open","sticky":true,"template":"","format":"standard","meta":{"footnotes":""},"categories":[731,308,51],"tags":[177],"class_list":["post-13303","post","type-post","status-publish","format-standard","has-post-thumbnail","hentry","category-731","category-cinema","category-scuola","tag-san-severino"],"yoast_head":"<!-- This site is optimized with the Yoast SEO plugin v24.2 - https:\/\/yoast.com\/wordpress\/plugins\/seo\/ -->\n<title>Progetto per la consapevolezza \u201ciconica\u201d sui linguaggi cinematografici a San Severino (SA) - Polis SA Magazine<\/title>\n<meta name=\"robots\" content=\"index, follow, max-snippet:-1, max-image-preview:large, max-video-preview:-1\" \/>\n<link rel=\"canonical\" href=\"https:\/\/www.istitutogalanteoliva.it\/magazine\/2023\/02\/08\/progetto-per-la-consapevolezza-iconica-sui-linguaggi-cinematografici-a-san-severino-sa\/\" \/>\n<meta property=\"og:locale\" content=\"it_IT\" \/>\n<meta property=\"og:type\" content=\"article\" \/>\n<meta property=\"og:title\" content=\"Progetto per la consapevolezza \u201ciconica\u201d sui linguaggi cinematografici a San Severino (SA) - Polis SA Magazine\" \/>\n<meta property=\"og:description\" content=\"Coinvolti gli scolari delle primarie del secondo circolo\" \/>\n<meta property=\"og:url\" content=\"https:\/\/www.istitutogalanteoliva.it\/magazine\/2023\/02\/08\/progetto-per-la-consapevolezza-iconica-sui-linguaggi-cinematografici-a-san-severino-sa\/\" \/>\n<meta property=\"og:site_name\" content=\"Polis SA Magazine\" \/>\n<meta property=\"article:publisher\" content=\"https:\/\/www.facebook.com\/PolisSAMagazine\/\" \/>\n<meta property=\"article:published_time\" content=\"2023-02-08T07:00:00+00:00\" \/>\n<meta property=\"article:modified_time\" content=\"2023-02-08T08:23:09+00:00\" \/>\n<meta property=\"og:image\" content=\"https:\/\/www.istitutogalanteoliva.it\/magazine\/wp-content\/uploads\/2023\/02\/Foto-Ciak-progetto-cinema-San-Severino-Noia-1-1.jpg\" \/>\n\t<meta property=\"og:image:width\" content=\"700\" \/>\n\t<meta property=\"og:image:height\" content=\"380\" \/>\n\t<meta property=\"og:image:type\" content=\"image\/jpeg\" \/>\n<meta name=\"author\" content=\"Antonello Rivano\" \/>\n<meta name=\"twitter:card\" content=\"summary_large_image\" \/>\n<meta name=\"twitter:creator\" content=\"@MagazinePolis\" \/>\n<meta name=\"twitter:site\" content=\"@MagazinePolis\" \/>\n<meta name=\"twitter:label1\" content=\"Scritto da\" \/>\n\t<meta name=\"twitter:data1\" content=\"Antonello Rivano\" \/>\n\t<meta name=\"twitter:label2\" content=\"Tempo di lettura stimato\" \/>\n\t<meta name=\"twitter:data2\" content=\"8 minuti\" \/>\n<script type=\"application\/ld+json\" class=\"yoast-schema-graph\">{\"@context\":\"https:\/\/schema.org\",\"@graph\":[{\"@type\":\"Article\",\"@id\":\"https:\/\/www.istitutogalanteoliva.it\/magazine\/2023\/02\/08\/progetto-per-la-consapevolezza-iconica-sui-linguaggi-cinematografici-a-san-severino-sa\/#article\",\"isPartOf\":{\"@id\":\"https:\/\/www.istitutogalanteoliva.it\/magazine\/2023\/02\/08\/progetto-per-la-consapevolezza-iconica-sui-linguaggi-cinematografici-a-san-severino-sa\/\"},\"author\":{\"name\":\"Antonello Rivano\",\"@id\":\"https:\/\/www.istitutogalanteoliva.it\/magazine\/#\/schema\/person\/d8b8aa79cfe8babc1df9da3212a7c0c4\"},\"headline\":\"Progetto per la consapevolezza \u201ciconica\u201d sui linguaggi cinematografici a San Severino (SA)\",\"datePublished\":\"2023-02-08T07:00:00+00:00\",\"dateModified\":\"2023-02-08T08:23:09+00:00\",\"mainEntityOfPage\":{\"@id\":\"https:\/\/www.istitutogalanteoliva.it\/magazine\/2023\/02\/08\/progetto-per-la-consapevolezza-iconica-sui-linguaggi-cinematografici-a-san-severino-sa\/\"},\"wordCount\":1304,\"publisher\":{\"@id\":\"https:\/\/www.istitutogalanteoliva.it\/magazine\/#organization\"},\"image\":{\"@id\":\"https:\/\/www.istitutogalanteoliva.it\/magazine\/2023\/02\/08\/progetto-per-la-consapevolezza-iconica-sui-linguaggi-cinematografici-a-san-severino-sa\/#primaryimage\"},\"thumbnailUrl\":\"https:\/\/www.istitutogalanteoliva.it\/magazine\/wp-content\/uploads\/2023\/02\/Foto-Ciak-progetto-cinema-San-Severino-Noia-1-1.jpg\",\"keywords\":[\"San Severino\"],\"articleSection\":[\"2023\",\"Cinema\",\"Scuola\"],\"inLanguage\":\"it-IT\"},{\"@type\":\"WebPage\",\"@id\":\"https:\/\/www.istitutogalanteoliva.it\/magazine\/2023\/02\/08\/progetto-per-la-consapevolezza-iconica-sui-linguaggi-cinematografici-a-san-severino-sa\/\",\"url\":\"https:\/\/www.istitutogalanteoliva.it\/magazine\/2023\/02\/08\/progetto-per-la-consapevolezza-iconica-sui-linguaggi-cinematografici-a-san-severino-sa\/\",\"name\":\"Progetto per la consapevolezza \u201ciconica\u201d sui linguaggi cinematografici a San Severino (SA) - Polis SA Magazine\",\"isPartOf\":{\"@id\":\"https:\/\/www.istitutogalanteoliva.it\/magazine\/#website\"},\"primaryImageOfPage\":{\"@id\":\"https:\/\/www.istitutogalanteoliva.it\/magazine\/2023\/02\/08\/progetto-per-la-consapevolezza-iconica-sui-linguaggi-cinematografici-a-san-severino-sa\/#primaryimage\"},\"image\":{\"@id\":\"https:\/\/www.istitutogalanteoliva.it\/magazine\/2023\/02\/08\/progetto-per-la-consapevolezza-iconica-sui-linguaggi-cinematografici-a-san-severino-sa\/#primaryimage\"},\"thumbnailUrl\":\"https:\/\/www.istitutogalanteoliva.it\/magazine\/wp-content\/uploads\/2023\/02\/Foto-Ciak-progetto-cinema-San-Severino-Noia-1-1.jpg\",\"datePublished\":\"2023-02-08T07:00:00+00:00\",\"dateModified\":\"2023-02-08T08:23:09+00:00\",\"breadcrumb\":{\"@id\":\"https:\/\/www.istitutogalanteoliva.it\/magazine\/2023\/02\/08\/progetto-per-la-consapevolezza-iconica-sui-linguaggi-cinematografici-a-san-severino-sa\/#breadcrumb\"},\"inLanguage\":\"it-IT\",\"potentialAction\":[{\"@type\":\"ReadAction\",\"target\":[\"https:\/\/www.istitutogalanteoliva.it\/magazine\/2023\/02\/08\/progetto-per-la-consapevolezza-iconica-sui-linguaggi-cinematografici-a-san-severino-sa\/\"]}]},{\"@type\":\"ImageObject\",\"inLanguage\":\"it-IT\",\"@id\":\"https:\/\/www.istitutogalanteoliva.it\/magazine\/2023\/02\/08\/progetto-per-la-consapevolezza-iconica-sui-linguaggi-cinematografici-a-san-severino-sa\/#primaryimage\",\"url\":\"https:\/\/www.istitutogalanteoliva.it\/magazine\/wp-content\/uploads\/2023\/02\/Foto-Ciak-progetto-cinema-San-Severino-Noia-1-1.jpg\",\"contentUrl\":\"https:\/\/www.istitutogalanteoliva.it\/magazine\/wp-content\/uploads\/2023\/02\/Foto-Ciak-progetto-cinema-San-Severino-Noia-1-1.jpg\",\"width\":700,\"height\":380},{\"@type\":\"BreadcrumbList\",\"@id\":\"https:\/\/www.istitutogalanteoliva.it\/magazine\/2023\/02\/08\/progetto-per-la-consapevolezza-iconica-sui-linguaggi-cinematografici-a-san-severino-sa\/#breadcrumb\",\"itemListElement\":[{\"@type\":\"ListItem\",\"position\":1,\"name\":\"Home\",\"item\":\"https:\/\/www.istitutogalanteoliva.it\/magazine\/\"},{\"@type\":\"ListItem\",\"position\":2,\"name\":\"Progetto per la consapevolezza \u201ciconica\u201d sui linguaggi cinematografici a San Severino (SA)\"}]},{\"@type\":\"WebSite\",\"@id\":\"https:\/\/www.istitutogalanteoliva.it\/magazine\/#website\",\"url\":\"https:\/\/www.istitutogalanteoliva.it\/magazine\/\",\"name\":\"POLIS SA MAGAZINE\",\"description\":\"Informazione e approfondimenti\",\"publisher\":{\"@id\":\"https:\/\/www.istitutogalanteoliva.it\/magazine\/#organization\"},\"potentialAction\":[{\"@type\":\"SearchAction\",\"target\":{\"@type\":\"EntryPoint\",\"urlTemplate\":\"https:\/\/www.istitutogalanteoliva.it\/magazine\/?s={search_term_string}\"},\"query-input\":{\"@type\":\"PropertyValueSpecification\",\"valueRequired\":true,\"valueName\":\"search_term_string\"}}],\"inLanguage\":\"it-IT\"},{\"@type\":\"Organization\",\"@id\":\"https:\/\/www.istitutogalanteoliva.it\/magazine\/#organization\",\"name\":\"Polis SA Magazine\",\"url\":\"https:\/\/www.istitutogalanteoliva.it\/magazine\/\",\"logo\":{\"@type\":\"ImageObject\",\"inLanguage\":\"it-IT\",\"@id\":\"https:\/\/www.istitutogalanteoliva.it\/magazine\/#\/schema\/logo\/image\/\",\"url\":\"\",\"contentUrl\":\"\",\"caption\":\"Polis SA Magazine\"},\"image\":{\"@id\":\"https:\/\/www.istitutogalanteoliva.it\/magazine\/#\/schema\/logo\/image\/\"},\"sameAs\":[\"https:\/\/www.facebook.com\/PolisSAMagazine\/\",\"https:\/\/x.com\/MagazinePolis\",\"https:\/\/www.youtube.com\/channel\/UCv0Mr5AHKUmsc0sEEXkJrgw\"]},{\"@type\":\"Person\",\"@id\":\"https:\/\/www.istitutogalanteoliva.it\/magazine\/#\/schema\/person\/d8b8aa79cfe8babc1df9da3212a7c0c4\",\"name\":\"Antonello Rivano\",\"image\":{\"@type\":\"ImageObject\",\"inLanguage\":\"it-IT\",\"@id\":\"https:\/\/www.istitutogalanteoliva.it\/magazine\/#\/schema\/person\/image\/\",\"url\":\"https:\/\/secure.gravatar.com\/avatar\/517a9a6487a7a18ecc4ce6d2e57a8f40?s=96&d=mm&r=g\",\"contentUrl\":\"https:\/\/secure.gravatar.com\/avatar\/517a9a6487a7a18ecc4ce6d2e57a8f40?s=96&d=mm&r=g\",\"caption\":\"Antonello Rivano\"},\"url\":\"https:\/\/www.istitutogalanteoliva.it\/magazine\/author\/antonello\/\"}]}<\/script>\n<!-- \/ Yoast SEO plugin. -->","yoast_head_json":{"title":"Progetto per la consapevolezza \u201ciconica\u201d sui linguaggi cinematografici a San Severino (SA) - Polis SA Magazine","robots":{"index":"index","follow":"follow","max-snippet":"max-snippet:-1","max-image-preview":"max-image-preview:large","max-video-preview":"max-video-preview:-1"},"canonical":"https:\/\/www.istitutogalanteoliva.it\/magazine\/2023\/02\/08\/progetto-per-la-consapevolezza-iconica-sui-linguaggi-cinematografici-a-san-severino-sa\/","og_locale":"it_IT","og_type":"article","og_title":"Progetto per la consapevolezza \u201ciconica\u201d sui linguaggi cinematografici a San Severino (SA) - Polis SA Magazine","og_description":"Coinvolti gli scolari delle primarie del secondo circolo","og_url":"https:\/\/www.istitutogalanteoliva.it\/magazine\/2023\/02\/08\/progetto-per-la-consapevolezza-iconica-sui-linguaggi-cinematografici-a-san-severino-sa\/","og_site_name":"Polis SA Magazine","article_publisher":"https:\/\/www.facebook.com\/PolisSAMagazine\/","article_published_time":"2023-02-08T07:00:00+00:00","article_modified_time":"2023-02-08T08:23:09+00:00","og_image":[{"width":700,"height":380,"url":"https:\/\/www.istitutogalanteoliva.it\/magazine\/wp-content\/uploads\/2023\/02\/Foto-Ciak-progetto-cinema-San-Severino-Noia-1-1.jpg","type":"image\/jpeg"}],"author":"Antonello Rivano","twitter_card":"summary_large_image","twitter_creator":"@MagazinePolis","twitter_site":"@MagazinePolis","twitter_misc":{"Scritto da":"Antonello Rivano","Tempo di lettura stimato":"8 minuti"},"schema":{"@context":"https:\/\/schema.org","@graph":[{"@type":"Article","@id":"https:\/\/www.istitutogalanteoliva.it\/magazine\/2023\/02\/08\/progetto-per-la-consapevolezza-iconica-sui-linguaggi-cinematografici-a-san-severino-sa\/#article","isPartOf":{"@id":"https:\/\/www.istitutogalanteoliva.it\/magazine\/2023\/02\/08\/progetto-per-la-consapevolezza-iconica-sui-linguaggi-cinematografici-a-san-severino-sa\/"},"author":{"name":"Antonello Rivano","@id":"https:\/\/www.istitutogalanteoliva.it\/magazine\/#\/schema\/person\/d8b8aa79cfe8babc1df9da3212a7c0c4"},"headline":"Progetto per la consapevolezza \u201ciconica\u201d sui linguaggi cinematografici a San Severino (SA)","datePublished":"2023-02-08T07:00:00+00:00","dateModified":"2023-02-08T08:23:09+00:00","mainEntityOfPage":{"@id":"https:\/\/www.istitutogalanteoliva.it\/magazine\/2023\/02\/08\/progetto-per-la-consapevolezza-iconica-sui-linguaggi-cinematografici-a-san-severino-sa\/"},"wordCount":1304,"publisher":{"@id":"https:\/\/www.istitutogalanteoliva.it\/magazine\/#organization"},"image":{"@id":"https:\/\/www.istitutogalanteoliva.it\/magazine\/2023\/02\/08\/progetto-per-la-consapevolezza-iconica-sui-linguaggi-cinematografici-a-san-severino-sa\/#primaryimage"},"thumbnailUrl":"https:\/\/www.istitutogalanteoliva.it\/magazine\/wp-content\/uploads\/2023\/02\/Foto-Ciak-progetto-cinema-San-Severino-Noia-1-1.jpg","keywords":["San Severino"],"articleSection":["2023","Cinema","Scuola"],"inLanguage":"it-IT"},{"@type":"WebPage","@id":"https:\/\/www.istitutogalanteoliva.it\/magazine\/2023\/02\/08\/progetto-per-la-consapevolezza-iconica-sui-linguaggi-cinematografici-a-san-severino-sa\/","url":"https:\/\/www.istitutogalanteoliva.it\/magazine\/2023\/02\/08\/progetto-per-la-consapevolezza-iconica-sui-linguaggi-cinematografici-a-san-severino-sa\/","name":"Progetto per la consapevolezza \u201ciconica\u201d sui linguaggi cinematografici a San Severino (SA) - Polis SA Magazine","isPartOf":{"@id":"https:\/\/www.istitutogalanteoliva.it\/magazine\/#website"},"primaryImageOfPage":{"@id":"https:\/\/www.istitutogalanteoliva.it\/magazine\/2023\/02\/08\/progetto-per-la-consapevolezza-iconica-sui-linguaggi-cinematografici-a-san-severino-sa\/#primaryimage"},"image":{"@id":"https:\/\/www.istitutogalanteoliva.it\/magazine\/2023\/02\/08\/progetto-per-la-consapevolezza-iconica-sui-linguaggi-cinematografici-a-san-severino-sa\/#primaryimage"},"thumbnailUrl":"https:\/\/www.istitutogalanteoliva.it\/magazine\/wp-content\/uploads\/2023\/02\/Foto-Ciak-progetto-cinema-San-Severino-Noia-1-1.jpg","datePublished":"2023-02-08T07:00:00+00:00","dateModified":"2023-02-08T08:23:09+00:00","breadcrumb":{"@id":"https:\/\/www.istitutogalanteoliva.it\/magazine\/2023\/02\/08\/progetto-per-la-consapevolezza-iconica-sui-linguaggi-cinematografici-a-san-severino-sa\/#breadcrumb"},"inLanguage":"it-IT","potentialAction":[{"@type":"ReadAction","target":["https:\/\/www.istitutogalanteoliva.it\/magazine\/2023\/02\/08\/progetto-per-la-consapevolezza-iconica-sui-linguaggi-cinematografici-a-san-severino-sa\/"]}]},{"@type":"ImageObject","inLanguage":"it-IT","@id":"https:\/\/www.istitutogalanteoliva.it\/magazine\/2023\/02\/08\/progetto-per-la-consapevolezza-iconica-sui-linguaggi-cinematografici-a-san-severino-sa\/#primaryimage","url":"https:\/\/www.istitutogalanteoliva.it\/magazine\/wp-content\/uploads\/2023\/02\/Foto-Ciak-progetto-cinema-San-Severino-Noia-1-1.jpg","contentUrl":"https:\/\/www.istitutogalanteoliva.it\/magazine\/wp-content\/uploads\/2023\/02\/Foto-Ciak-progetto-cinema-San-Severino-Noia-1-1.jpg","width":700,"height":380},{"@type":"BreadcrumbList","@id":"https:\/\/www.istitutogalanteoliva.it\/magazine\/2023\/02\/08\/progetto-per-la-consapevolezza-iconica-sui-linguaggi-cinematografici-a-san-severino-sa\/#breadcrumb","itemListElement":[{"@type":"ListItem","position":1,"name":"Home","item":"https:\/\/www.istitutogalanteoliva.it\/magazine\/"},{"@type":"ListItem","position":2,"name":"Progetto per la consapevolezza \u201ciconica\u201d sui linguaggi cinematografici a San Severino (SA)"}]},{"@type":"WebSite","@id":"https:\/\/www.istitutogalanteoliva.it\/magazine\/#website","url":"https:\/\/www.istitutogalanteoliva.it\/magazine\/","name":"POLIS SA MAGAZINE","description":"Informazione e approfondimenti","publisher":{"@id":"https:\/\/www.istitutogalanteoliva.it\/magazine\/#organization"},"potentialAction":[{"@type":"SearchAction","target":{"@type":"EntryPoint","urlTemplate":"https:\/\/www.istitutogalanteoliva.it\/magazine\/?s={search_term_string}"},"query-input":{"@type":"PropertyValueSpecification","valueRequired":true,"valueName":"search_term_string"}}],"inLanguage":"it-IT"},{"@type":"Organization","@id":"https:\/\/www.istitutogalanteoliva.it\/magazine\/#organization","name":"Polis SA Magazine","url":"https:\/\/www.istitutogalanteoliva.it\/magazine\/","logo":{"@type":"ImageObject","inLanguage":"it-IT","@id":"https:\/\/www.istitutogalanteoliva.it\/magazine\/#\/schema\/logo\/image\/","url":"","contentUrl":"","caption":"Polis SA Magazine"},"image":{"@id":"https:\/\/www.istitutogalanteoliva.it\/magazine\/#\/schema\/logo\/image\/"},"sameAs":["https:\/\/www.facebook.com\/PolisSAMagazine\/","https:\/\/x.com\/MagazinePolis","https:\/\/www.youtube.com\/channel\/UCv0Mr5AHKUmsc0sEEXkJrgw"]},{"@type":"Person","@id":"https:\/\/www.istitutogalanteoliva.it\/magazine\/#\/schema\/person\/d8b8aa79cfe8babc1df9da3212a7c0c4","name":"Antonello Rivano","image":{"@type":"ImageObject","inLanguage":"it-IT","@id":"https:\/\/www.istitutogalanteoliva.it\/magazine\/#\/schema\/person\/image\/","url":"https:\/\/secure.gravatar.com\/avatar\/517a9a6487a7a18ecc4ce6d2e57a8f40?s=96&d=mm&r=g","contentUrl":"https:\/\/secure.gravatar.com\/avatar\/517a9a6487a7a18ecc4ce6d2e57a8f40?s=96&d=mm&r=g","caption":"Antonello Rivano"},"url":"https:\/\/www.istitutogalanteoliva.it\/magazine\/author\/antonello\/"}]}},"_links":{"self":[{"href":"https:\/\/www.istitutogalanteoliva.it\/magazine\/wp-json\/wp\/v2\/posts\/13303","targetHints":{"allow":["GET"]}}],"collection":[{"href":"https:\/\/www.istitutogalanteoliva.it\/magazine\/wp-json\/wp\/v2\/posts"}],"about":[{"href":"https:\/\/www.istitutogalanteoliva.it\/magazine\/wp-json\/wp\/v2\/types\/post"}],"author":[{"embeddable":true,"href":"https:\/\/www.istitutogalanteoliva.it\/magazine\/wp-json\/wp\/v2\/users\/2"}],"replies":[{"embeddable":true,"href":"https:\/\/www.istitutogalanteoliva.it\/magazine\/wp-json\/wp\/v2\/comments?post=13303"}],"version-history":[{"count":1,"href":"https:\/\/www.istitutogalanteoliva.it\/magazine\/wp-json\/wp\/v2\/posts\/13303\/revisions"}],"predecessor-version":[{"id":13310,"href":"https:\/\/www.istitutogalanteoliva.it\/magazine\/wp-json\/wp\/v2\/posts\/13303\/revisions\/13310"}],"wp:featuredmedia":[{"embeddable":true,"href":"https:\/\/www.istitutogalanteoliva.it\/magazine\/wp-json\/wp\/v2\/media\/13309"}],"wp:attachment":[{"href":"https:\/\/www.istitutogalanteoliva.it\/magazine\/wp-json\/wp\/v2\/media?parent=13303"}],"wp:term":[{"taxonomy":"category","embeddable":true,"href":"https:\/\/www.istitutogalanteoliva.it\/magazine\/wp-json\/wp\/v2\/categories?post=13303"},{"taxonomy":"post_tag","embeddable":true,"href":"https:\/\/www.istitutogalanteoliva.it\/magazine\/wp-json\/wp\/v2\/tags?post=13303"}],"curies":[{"name":"wp","href":"https:\/\/api.w.org\/{rel}","templated":true}]}}