{"id":13324,"date":"2023-02-10T08:00:00","date_gmt":"2023-02-10T07:00:00","guid":{"rendered":"https:\/\/www.istitutogalanteoliva.it\/magazine\/?p=13324"},"modified":"2023-02-10T11:35:14","modified_gmt":"2023-02-10T10:35:14","slug":"andrea-manzi-presidente-di-ultimi","status":"publish","type":"post","link":"https:\/\/www.istitutogalanteoliva.it\/magazine\/2023\/02\/10\/andrea-manzi-presidente-di-ultimi\/","title":{"rendered":"Andrea Manzi presidente di &#8220;Ultimi&#8221;"},"content":{"rendered":"\n<p> L\u2019elezione \u00e8 avvenuta con l\u2019unanimit\u00e0 dei soci presenti, che hanno provveduto a rinnovare anche il Consiglio direttivo. \u00c8 stato inoltre costituito il Comitato dei garanti dell\u2019Associazione, di cui fa parte anche Giovanni Romano, gi\u00e0 assessore all\u2019ambiente della Regione Campania.<\/p>\n\n\n\n<p>Si chiude una \u00a0la lunga fase costituente dell\u2019Associazione che, dal 26 luglio 2022, ha ottenuto l\u2019iscrizione al RUNTS (Registro Unico Nazionale del Terzo Settore) che si \u00a0appresta a rilanciare le proprie attivit\u00e0 su scala nazionale avendo la Campania come osservatorio privilegiato, potenziando le iniziative gi\u00e0 svolte in tutto il Paese per la denuncia delle illegalit\u00e0 e il sostegno delle fasce sociali bisognose, meno protette e pi\u00f9 esposte all\u2019invasivit\u00e0 delle cosche criminali.<\/p>\n\n\n\n<figure class=\"wp-block-image size-full\"><img loading=\"lazy\" decoding=\"async\" width=\"660\" height=\"368\" src=\"https:\/\/www.istitutogalanteoliva.it\/magazine\/wp-content\/uploads\/2023\/02\/don-aniello-manganiello-33388.660x368.jpg\" alt=\"\" class=\"wp-image-13325\" srcset=\"https:\/\/www.istitutogalanteoliva.it\/magazine\/wp-content\/uploads\/2023\/02\/don-aniello-manganiello-33388.660x368.jpg 660w, https:\/\/www.istitutogalanteoliva.it\/magazine\/wp-content\/uploads\/2023\/02\/don-aniello-manganiello-33388.660x368-300x167.jpg 300w\" sizes=\"auto, (max-width: 660px) 100vw, 660px\" \/><figcaption class=\"wp-element-caption\"><strong><em><sup>don Aniello Manganiello<\/sup><\/em><\/strong><\/figcaption><\/figure>\n\n\n\n<p>L\u2019Associazione \u201cUltimi\u201d ha concentrato, nel corso degli anni, le attenzioni del mondo imprenditoriale, istituzionale, politico e culturale, attraverso eventi che hanno rilanciato interventi e azioni di personalit\u00e0 come Tano Grasso, Franco Roberti, Magdi Allam, Antonio Marfella, Catello Maresca, protagonisti di incontri nei territori maggiormente compromessi dalla camorra come Casapesenna e San Cipriano di Aversa, dove la villa sequestrata dell\u2019ex boss casalese Antonio Iovine \u00e8 stata scelta come sede privilegiata, per il suo alto valore simbolico. Sono stati valorizzati gli sforzi di personaggi illustri e cittadini comuni distintisi nell\u2019ambito della legalit\u00e0, attraverso premi e focus che hanno alimentato il dibattito in zone di frontiera. Su tutto, poi, emerge la partecipazione al Premio Borsellino, di cui don Aniello Manganiello \u00e8 stato nominato Garante nazionale: nel 2018 il Premio \u00e8 stato assegnato ad Andrea Manzi quale co-autore, con Don Manganiello, del libro \u201cGes\u00f9 \u00e8 pi\u00f9 forte della camorra\u201d (Rizzoli), dal cui racconto \u201cUltimi\u201d \u00e8 germinata come costola operativa. Il testo teatrale che ne \u00e8 stato tratto, dopo il debutto di tre anni fa al Teatro Pasolini di Salerno, con la regia di Pasquale De Cristofaro, riprender\u00e0 a girare come messaggio di legalit\u00e0, in chiave performativa, soprattutto nelle scuole italiane. Nel libro e nella rappresentazione scenica, compaiono alcune radicali \u201cconversioni\u201d di giovani camorristi, recuperati da Don Manganiello alla vita sociale e di comunit\u00e0, prova che non esistono gli irrecuperabili: \u00abMi sono sempre domandato \u2013 spiega il fondatore di \u201cUltimi\u201d \u2013 come mai questi camorristi, pur vedendo amici ammazzati con ferocia e pur convivendo con la morte sin da piccoli, non smettano di vivere nell\u2019illegalit\u00e0. Me lo sono chiesto, benedicendo quelle salme, e la mia risposta \u00e8 che nessuno aveva mai aiutato quei ragazzi, perch\u00e9 la loro esistenza era considerata senza alcun valore\u00bb.<\/p>\n\n\n\n<p>\u201cUltimi\u201d sta gi\u00e0 lavorando al prossimo Convegno nazionale, che si svolger\u00e0 in primavera a Scampia, dove Don Aniello opera quotidianamente a contatto con i giovani a rischio emarginazione, grazie alle attivit\u00e0 della Scuola Calcio che \u201cUltimi\u201d supporta economicamente, in virt\u00f9 di una convenzione stipulata con l\u2019Oratorio Don Guanella. Il tema del Convegno riguarder\u00e0 i problemi dell\u2019ambiente, con un particolare focus sulla questione degli interramenti illegali di rifiuti tossici, una tragedia consumata, nel silenzio delle istituzioni, sulla pelle degli abitanti delle zone interessate, inspiegabilmente ignorata anche dal dibattito delle ultime elezioni politiche nazionali. \u00abNon ci riferiamo al cambiamento climatico o alla transizione energetica del PNRR \u2013 spiegano Andrea Manzi e don Aniello Manganiello \u2013 bens\u00ec ai fondi previsti per le sinora mancate bonifiche delle aree degradate della Campania, nonch\u00e9 di tutte le altre zone d\u2019Italia interessate dal problema dei roghi tossici e degli sversamenti illegali perpetrati negli anni e, purtroppo, ancora in corso, come documenteremo dettagliatamente\u00bb.<\/p>\n\n\n\n<p>Gli eletti nel nuovo Consiglio direttivo:<\/p>\n\n\n\n<p>Andrea Manzi, Filomeno Caruso, Gennaro Granato, Aniello Manganiello, Menita Manzi, Maria Nunziata, Giuseppe Napolitano, Antonio Parrilli, Silvia Siniscalchi<\/p>\n\n\n\n<p>Gli eletti nel Comitato di garanzia:<\/p>\n\n\n\n<p>Antonella Bitetti, Giovanni Romano, Enrico Siniscalchi, Clorinda Sonderegger, Michele Spampanato<\/p>\n\n\n\n<p>Don Aniello Manganiello: dai primi anni Novanta al settembre 2010 \u00e8 stato il parroco di Santa Maria della Provvidenza, a Scampia, dove recentemente \u00e8 tornato per continuare la sua missione tra gli emarginati. Il suo trasferimento suscit\u00f2 le proteste della gente ed ebbe una grande eco sui media non soltanto italiani.<\/p>\n\n\n\n<p>Andrea Manzi: giornalista e scrittore, tra i soci fondatori di \u201cUltimi\u201d, \u00e8 stato redattore capo de \u201cIl Mattino\u201d, ha fondato e diretto, per il Gruppo l\u2019Espresso, il quotidiano \u201cLa Citt\u00e0\u201d ed \u00e8 stato vice direttore del \u201cRoma\u201d. Autore di saggi e di libri di poesia, ha insegnato Giornalismo nelle Universit\u00e0 e scrive da anni per il teatro.<\/p>\n\n\n\n<p>(Foto Andrea Manzi: fonte. Salernonotizie<br>Foto Don Aniello Manganiello. Fonte Basilicata 24<\/p>\n\n\n\n<p><img loading=\"lazy\" decoding=\"async\" width=\"100\" height=\"100\" class=\"wp-image-8696\" style=\"width: 100px;\" src=\"https:\/\/www.istitutogalanteoliva.it\/magazine\/wp-content\/uploads\/2021\/07\/Stefano-.jpg\" alt=\"\" srcset=\"https:\/\/www.istitutogalanteoliva.it\/magazine\/wp-content\/uploads\/2021\/07\/Stefano-.jpg 1624w, https:\/\/www.istitutogalanteoliva.it\/magazine\/wp-content\/uploads\/2021\/07\/Stefano--300x300.jpg 300w, https:\/\/www.istitutogalanteoliva.it\/magazine\/wp-content\/uploads\/2021\/07\/Stefano--1024x1024.jpg 1024w, https:\/\/www.istitutogalanteoliva.it\/magazine\/wp-content\/uploads\/2021\/07\/Stefano--150x150.jpg 150w, https:\/\/www.istitutogalanteoliva.it\/magazine\/wp-content\/uploads\/2021\/07\/Stefano--768x768.jpg 768w, https:\/\/www.istitutogalanteoliva.it\/magazine\/wp-content\/uploads\/2021\/07\/Stefano--1536x1536.jpg 1536w\" sizes=\"auto, (max-width: 100px) 100vw, 100px\" \/><strong><em><a href=\"https:\/\/www.istitutogalanteoliva.it\/magazine\/?s=Stefano+Pignataro\" target=\"_blank\" rel=\"noreferrer noopener\">Stefano Pignataro<\/a><\/em><\/strong><br><strong><em><sup>Vicecoordinatore Nazionale di redazione\/Coordinatore Sud Italia e Sicilia<\/sup><\/em><\/strong><br><\/p>\n<div class=\"pdfprnt-buttons pdfprnt-buttons-post pdfprnt-bottom-left\"><a href=\"https:\/\/www.istitutogalanteoliva.it\/magazine\/wp-json\/wp\/v2\/posts\/13324?print=print\" class=\"pdfprnt-button pdfprnt-button-print\" target=\"_blank\"><img decoding=\"async\" src=\"https:\/\/www.istitutogalanteoliva.it\/magazine\/wp-content\/plugins\/pdf-print\/images\/print.png\" alt=\"image_print\" title=\"Stampa contenuto\" \/><span class=\"pdfprnt-button-title pdfprnt-button-print-title\">Download in PDF<\/span><\/a><\/div>","protected":false},"excerpt":{"rendered":"<p>Il giornalista Andrea Manzi \u00e8 stato eletto presidente di \u201cUltimi. Associazione di legalit\u00e0 ODV\u201d, fondata nel 2011 dal prete anti-camorra don Aniello Manganiello della Comunit\u00e0 guanelliana di Miano-Scampia.<\/p>\n","protected":false},"author":2,"featured_media":13326,"comment_status":"closed","ping_status":"open","sticky":true,"template":"","format":"standard","meta":{"footnotes":""},"categories":[731,21,22],"tags":[753,755,754],"class_list":["post-13324","post","type-post","status-publish","format-standard","has-post-thumbnail","hentry","category-731","category-personaggi","category-societa","tag-andrea-manzi","tag-don-aniello-manganiello","tag-ultimi-associazione-di-legalita-odv"],"yoast_head":"<!-- This site is optimized with the Yoast SEO plugin v24.2 - https:\/\/yoast.com\/wordpress\/plugins\/seo\/ -->\n<title>Andrea Manzi presidente di &quot;Ultimi&quot; - Polis SA Magazine<\/title>\n<meta name=\"robots\" content=\"index, follow, max-snippet:-1, max-image-preview:large, max-video-preview:-1\" \/>\n<link rel=\"canonical\" href=\"https:\/\/www.istitutogalanteoliva.it\/magazine\/2023\/02\/10\/andrea-manzi-presidente-di-ultimi\/\" \/>\n<meta property=\"og:locale\" content=\"it_IT\" \/>\n<meta property=\"og:type\" content=\"article\" \/>\n<meta property=\"og:title\" content=\"Andrea Manzi presidente di &quot;Ultimi&quot; - Polis SA Magazine\" \/>\n<meta property=\"og:description\" content=\"Il giornalista Andrea Manzi \u00e8 stato eletto presidente di \u201cUltimi. Associazione di legalit\u00e0 ODV\u201d, fondata nel 2011 dal prete anti-camorra don Aniello Manganiello della Comunit\u00e0 guanelliana di Miano-Scampia.\" \/>\n<meta property=\"og:url\" content=\"https:\/\/www.istitutogalanteoliva.it\/magazine\/2023\/02\/10\/andrea-manzi-presidente-di-ultimi\/\" \/>\n<meta property=\"og:site_name\" content=\"Polis SA Magazine\" \/>\n<meta property=\"article:publisher\" content=\"https:\/\/www.facebook.com\/PolisSAMagazine\/\" \/>\n<meta property=\"article:published_time\" content=\"2023-02-10T07:00:00+00:00\" \/>\n<meta property=\"article:modified_time\" content=\"2023-02-10T10:35:14+00:00\" \/>\n<meta property=\"og:image\" content=\"https:\/\/www.istitutogalanteoliva.it\/magazine\/wp-content\/uploads\/2023\/02\/Immagine-2023-02-09-184526.jpg\" \/>\n\t<meta property=\"og:image:width\" content=\"700\" \/>\n\t<meta property=\"og:image:height\" content=\"380\" \/>\n\t<meta property=\"og:image:type\" content=\"image\/jpeg\" \/>\n<meta name=\"author\" content=\"Antonello Rivano\" \/>\n<meta name=\"twitter:card\" content=\"summary_large_image\" \/>\n<meta name=\"twitter:creator\" content=\"@MagazinePolis\" \/>\n<meta name=\"twitter:site\" content=\"@MagazinePolis\" \/>\n<meta name=\"twitter:label1\" content=\"Scritto da\" \/>\n\t<meta name=\"twitter:data1\" content=\"Antonello Rivano\" \/>\n<script type=\"application\/ld+json\" class=\"yoast-schema-graph\">{\"@context\":\"https:\/\/schema.org\",\"@graph\":[{\"@type\":\"Article\",\"@id\":\"https:\/\/www.istitutogalanteoliva.it\/magazine\/2023\/02\/10\/andrea-manzi-presidente-di-ultimi\/#article\",\"isPartOf\":{\"@id\":\"https:\/\/www.istitutogalanteoliva.it\/magazine\/2023\/02\/10\/andrea-manzi-presidente-di-ultimi\/\"},\"author\":{\"name\":\"Antonello Rivano\",\"@id\":\"https:\/\/www.istitutogalanteoliva.it\/magazine\/#\/schema\/person\/d8b8aa79cfe8babc1df9da3212a7c0c4\"},\"headline\":\"Andrea Manzi presidente di &#8220;Ultimi&#8221;\",\"datePublished\":\"2023-02-10T07:00:00+00:00\",\"dateModified\":\"2023-02-10T10:35:14+00:00\",\"mainEntityOfPage\":{\"@id\":\"https:\/\/www.istitutogalanteoliva.it\/magazine\/2023\/02\/10\/andrea-manzi-presidente-di-ultimi\/\"},\"wordCount\":713,\"publisher\":{\"@id\":\"https:\/\/www.istitutogalanteoliva.it\/magazine\/#organization\"},\"image\":{\"@id\":\"https:\/\/www.istitutogalanteoliva.it\/magazine\/2023\/02\/10\/andrea-manzi-presidente-di-ultimi\/#primaryimage\"},\"thumbnailUrl\":\"https:\/\/www.istitutogalanteoliva.it\/magazine\/wp-content\/uploads\/2023\/02\/Immagine-2023-02-09-184526.jpg\",\"keywords\":[\"Andrea Manzi\",\"don Aniello Manganiello\",\"Ultimi. Associazione di legalit\u00e0 ODV\"],\"articleSection\":[\"2023\",\"Personaggi\",\"Societ\u00e0\"],\"inLanguage\":\"it-IT\"},{\"@type\":\"WebPage\",\"@id\":\"https:\/\/www.istitutogalanteoliva.it\/magazine\/2023\/02\/10\/andrea-manzi-presidente-di-ultimi\/\",\"url\":\"https:\/\/www.istitutogalanteoliva.it\/magazine\/2023\/02\/10\/andrea-manzi-presidente-di-ultimi\/\",\"name\":\"Andrea Manzi presidente di \\\"Ultimi\\\" - Polis SA Magazine\",\"isPartOf\":{\"@id\":\"https:\/\/www.istitutogalanteoliva.it\/magazine\/#website\"},\"primaryImageOfPage\":{\"@id\":\"https:\/\/www.istitutogalanteoliva.it\/magazine\/2023\/02\/10\/andrea-manzi-presidente-di-ultimi\/#primaryimage\"},\"image\":{\"@id\":\"https:\/\/www.istitutogalanteoliva.it\/magazine\/2023\/02\/10\/andrea-manzi-presidente-di-ultimi\/#primaryimage\"},\"thumbnailUrl\":\"https:\/\/www.istitutogalanteoliva.it\/magazine\/wp-content\/uploads\/2023\/02\/Immagine-2023-02-09-184526.jpg\",\"datePublished\":\"2023-02-10T07:00:00+00:00\",\"dateModified\":\"2023-02-10T10:35:14+00:00\",\"breadcrumb\":{\"@id\":\"https:\/\/www.istitutogalanteoliva.it\/magazine\/2023\/02\/10\/andrea-manzi-presidente-di-ultimi\/#breadcrumb\"},\"inLanguage\":\"it-IT\",\"potentialAction\":[{\"@type\":\"ReadAction\",\"target\":[\"https:\/\/www.istitutogalanteoliva.it\/magazine\/2023\/02\/10\/andrea-manzi-presidente-di-ultimi\/\"]}]},{\"@type\":\"ImageObject\",\"inLanguage\":\"it-IT\",\"@id\":\"https:\/\/www.istitutogalanteoliva.it\/magazine\/2023\/02\/10\/andrea-manzi-presidente-di-ultimi\/#primaryimage\",\"url\":\"https:\/\/www.istitutogalanteoliva.it\/magazine\/wp-content\/uploads\/2023\/02\/Immagine-2023-02-09-184526.jpg\",\"contentUrl\":\"https:\/\/www.istitutogalanteoliva.it\/magazine\/wp-content\/uploads\/2023\/02\/Immagine-2023-02-09-184526.jpg\",\"width\":700,\"height\":380},{\"@type\":\"BreadcrumbList\",\"@id\":\"https:\/\/www.istitutogalanteoliva.it\/magazine\/2023\/02\/10\/andrea-manzi-presidente-di-ultimi\/#breadcrumb\",\"itemListElement\":[{\"@type\":\"ListItem\",\"position\":1,\"name\":\"Home\",\"item\":\"https:\/\/www.istitutogalanteoliva.it\/magazine\/\"},{\"@type\":\"ListItem\",\"position\":2,\"name\":\"Andrea Manzi presidente di &#8220;Ultimi&#8221;\"}]},{\"@type\":\"WebSite\",\"@id\":\"https:\/\/www.istitutogalanteoliva.it\/magazine\/#website\",\"url\":\"https:\/\/www.istitutogalanteoliva.it\/magazine\/\",\"name\":\"POLIS SA MAGAZINE\",\"description\":\"Informazione e approfondimenti\",\"publisher\":{\"@id\":\"https:\/\/www.istitutogalanteoliva.it\/magazine\/#organization\"},\"potentialAction\":[{\"@type\":\"SearchAction\",\"target\":{\"@type\":\"EntryPoint\",\"urlTemplate\":\"https:\/\/www.istitutogalanteoliva.it\/magazine\/?s={search_term_string}\"},\"query-input\":{\"@type\":\"PropertyValueSpecification\",\"valueRequired\":true,\"valueName\":\"search_term_string\"}}],\"inLanguage\":\"it-IT\"},{\"@type\":\"Organization\",\"@id\":\"https:\/\/www.istitutogalanteoliva.it\/magazine\/#organization\",\"name\":\"Polis SA Magazine\",\"url\":\"https:\/\/www.istitutogalanteoliva.it\/magazine\/\",\"logo\":{\"@type\":\"ImageObject\",\"inLanguage\":\"it-IT\",\"@id\":\"https:\/\/www.istitutogalanteoliva.it\/magazine\/#\/schema\/logo\/image\/\",\"url\":\"\",\"contentUrl\":\"\",\"caption\":\"Polis SA Magazine\"},\"image\":{\"@id\":\"https:\/\/www.istitutogalanteoliva.it\/magazine\/#\/schema\/logo\/image\/\"},\"sameAs\":[\"https:\/\/www.facebook.com\/PolisSAMagazine\/\",\"https:\/\/x.com\/MagazinePolis\",\"https:\/\/www.youtube.com\/channel\/UCv0Mr5AHKUmsc0sEEXkJrgw\"]},{\"@type\":\"Person\",\"@id\":\"https:\/\/www.istitutogalanteoliva.it\/magazine\/#\/schema\/person\/d8b8aa79cfe8babc1df9da3212a7c0c4\",\"name\":\"Antonello Rivano\",\"image\":{\"@type\":\"ImageObject\",\"inLanguage\":\"it-IT\",\"@id\":\"https:\/\/www.istitutogalanteoliva.it\/magazine\/#\/schema\/person\/image\/\",\"url\":\"https:\/\/secure.gravatar.com\/avatar\/517a9a6487a7a18ecc4ce6d2e57a8f40?s=96&d=mm&r=g\",\"contentUrl\":\"https:\/\/secure.gravatar.com\/avatar\/517a9a6487a7a18ecc4ce6d2e57a8f40?s=96&d=mm&r=g\",\"caption\":\"Antonello Rivano\"},\"url\":\"https:\/\/www.istitutogalanteoliva.it\/magazine\/author\/antonello\/\"}]}<\/script>\n<!-- \/ Yoast SEO plugin. -->","yoast_head_json":{"title":"Andrea Manzi presidente di \"Ultimi\" - Polis SA Magazine","robots":{"index":"index","follow":"follow","max-snippet":"max-snippet:-1","max-image-preview":"max-image-preview:large","max-video-preview":"max-video-preview:-1"},"canonical":"https:\/\/www.istitutogalanteoliva.it\/magazine\/2023\/02\/10\/andrea-manzi-presidente-di-ultimi\/","og_locale":"it_IT","og_type":"article","og_title":"Andrea Manzi presidente di \"Ultimi\" - Polis SA Magazine","og_description":"Il giornalista Andrea Manzi \u00e8 stato eletto presidente di \u201cUltimi. Associazione di legalit\u00e0 ODV\u201d, fondata nel 2011 dal prete anti-camorra don Aniello Manganiello della Comunit\u00e0 guanelliana di Miano-Scampia.","og_url":"https:\/\/www.istitutogalanteoliva.it\/magazine\/2023\/02\/10\/andrea-manzi-presidente-di-ultimi\/","og_site_name":"Polis SA Magazine","article_publisher":"https:\/\/www.facebook.com\/PolisSAMagazine\/","article_published_time":"2023-02-10T07:00:00+00:00","article_modified_time":"2023-02-10T10:35:14+00:00","og_image":[{"width":700,"height":380,"url":"https:\/\/www.istitutogalanteoliva.it\/magazine\/wp-content\/uploads\/2023\/02\/Immagine-2023-02-09-184526.jpg","type":"image\/jpeg"}],"author":"Antonello Rivano","twitter_card":"summary_large_image","twitter_creator":"@MagazinePolis","twitter_site":"@MagazinePolis","twitter_misc":{"Scritto da":"Antonello Rivano"},"schema":{"@context":"https:\/\/schema.org","@graph":[{"@type":"Article","@id":"https:\/\/www.istitutogalanteoliva.it\/magazine\/2023\/02\/10\/andrea-manzi-presidente-di-ultimi\/#article","isPartOf":{"@id":"https:\/\/www.istitutogalanteoliva.it\/magazine\/2023\/02\/10\/andrea-manzi-presidente-di-ultimi\/"},"author":{"name":"Antonello Rivano","@id":"https:\/\/www.istitutogalanteoliva.it\/magazine\/#\/schema\/person\/d8b8aa79cfe8babc1df9da3212a7c0c4"},"headline":"Andrea Manzi presidente di &#8220;Ultimi&#8221;","datePublished":"2023-02-10T07:00:00+00:00","dateModified":"2023-02-10T10:35:14+00:00","mainEntityOfPage":{"@id":"https:\/\/www.istitutogalanteoliva.it\/magazine\/2023\/02\/10\/andrea-manzi-presidente-di-ultimi\/"},"wordCount":713,"publisher":{"@id":"https:\/\/www.istitutogalanteoliva.it\/magazine\/#organization"},"image":{"@id":"https:\/\/www.istitutogalanteoliva.it\/magazine\/2023\/02\/10\/andrea-manzi-presidente-di-ultimi\/#primaryimage"},"thumbnailUrl":"https:\/\/www.istitutogalanteoliva.it\/magazine\/wp-content\/uploads\/2023\/02\/Immagine-2023-02-09-184526.jpg","keywords":["Andrea Manzi","don Aniello Manganiello","Ultimi. Associazione di legalit\u00e0 ODV"],"articleSection":["2023","Personaggi","Societ\u00e0"],"inLanguage":"it-IT"},{"@type":"WebPage","@id":"https:\/\/www.istitutogalanteoliva.it\/magazine\/2023\/02\/10\/andrea-manzi-presidente-di-ultimi\/","url":"https:\/\/www.istitutogalanteoliva.it\/magazine\/2023\/02\/10\/andrea-manzi-presidente-di-ultimi\/","name":"Andrea Manzi presidente di \"Ultimi\" - Polis SA Magazine","isPartOf":{"@id":"https:\/\/www.istitutogalanteoliva.it\/magazine\/#website"},"primaryImageOfPage":{"@id":"https:\/\/www.istitutogalanteoliva.it\/magazine\/2023\/02\/10\/andrea-manzi-presidente-di-ultimi\/#primaryimage"},"image":{"@id":"https:\/\/www.istitutogalanteoliva.it\/magazine\/2023\/02\/10\/andrea-manzi-presidente-di-ultimi\/#primaryimage"},"thumbnailUrl":"https:\/\/www.istitutogalanteoliva.it\/magazine\/wp-content\/uploads\/2023\/02\/Immagine-2023-02-09-184526.jpg","datePublished":"2023-02-10T07:00:00+00:00","dateModified":"2023-02-10T10:35:14+00:00","breadcrumb":{"@id":"https:\/\/www.istitutogalanteoliva.it\/magazine\/2023\/02\/10\/andrea-manzi-presidente-di-ultimi\/#breadcrumb"},"inLanguage":"it-IT","potentialAction":[{"@type":"ReadAction","target":["https:\/\/www.istitutogalanteoliva.it\/magazine\/2023\/02\/10\/andrea-manzi-presidente-di-ultimi\/"]}]},{"@type":"ImageObject","inLanguage":"it-IT","@id":"https:\/\/www.istitutogalanteoliva.it\/magazine\/2023\/02\/10\/andrea-manzi-presidente-di-ultimi\/#primaryimage","url":"https:\/\/www.istitutogalanteoliva.it\/magazine\/wp-content\/uploads\/2023\/02\/Immagine-2023-02-09-184526.jpg","contentUrl":"https:\/\/www.istitutogalanteoliva.it\/magazine\/wp-content\/uploads\/2023\/02\/Immagine-2023-02-09-184526.jpg","width":700,"height":380},{"@type":"BreadcrumbList","@id":"https:\/\/www.istitutogalanteoliva.it\/magazine\/2023\/02\/10\/andrea-manzi-presidente-di-ultimi\/#breadcrumb","itemListElement":[{"@type":"ListItem","position":1,"name":"Home","item":"https:\/\/www.istitutogalanteoliva.it\/magazine\/"},{"@type":"ListItem","position":2,"name":"Andrea Manzi presidente di &#8220;Ultimi&#8221;"}]},{"@type":"WebSite","@id":"https:\/\/www.istitutogalanteoliva.it\/magazine\/#website","url":"https:\/\/www.istitutogalanteoliva.it\/magazine\/","name":"POLIS SA MAGAZINE","description":"Informazione e approfondimenti","publisher":{"@id":"https:\/\/www.istitutogalanteoliva.it\/magazine\/#organization"},"potentialAction":[{"@type":"SearchAction","target":{"@type":"EntryPoint","urlTemplate":"https:\/\/www.istitutogalanteoliva.it\/magazine\/?s={search_term_string}"},"query-input":{"@type":"PropertyValueSpecification","valueRequired":true,"valueName":"search_term_string"}}],"inLanguage":"it-IT"},{"@type":"Organization","@id":"https:\/\/www.istitutogalanteoliva.it\/magazine\/#organization","name":"Polis SA Magazine","url":"https:\/\/www.istitutogalanteoliva.it\/magazine\/","logo":{"@type":"ImageObject","inLanguage":"it-IT","@id":"https:\/\/www.istitutogalanteoliva.it\/magazine\/#\/schema\/logo\/image\/","url":"","contentUrl":"","caption":"Polis SA Magazine"},"image":{"@id":"https:\/\/www.istitutogalanteoliva.it\/magazine\/#\/schema\/logo\/image\/"},"sameAs":["https:\/\/www.facebook.com\/PolisSAMagazine\/","https:\/\/x.com\/MagazinePolis","https:\/\/www.youtube.com\/channel\/UCv0Mr5AHKUmsc0sEEXkJrgw"]},{"@type":"Person","@id":"https:\/\/www.istitutogalanteoliva.it\/magazine\/#\/schema\/person\/d8b8aa79cfe8babc1df9da3212a7c0c4","name":"Antonello Rivano","image":{"@type":"ImageObject","inLanguage":"it-IT","@id":"https:\/\/www.istitutogalanteoliva.it\/magazine\/#\/schema\/person\/image\/","url":"https:\/\/secure.gravatar.com\/avatar\/517a9a6487a7a18ecc4ce6d2e57a8f40?s=96&d=mm&r=g","contentUrl":"https:\/\/secure.gravatar.com\/avatar\/517a9a6487a7a18ecc4ce6d2e57a8f40?s=96&d=mm&r=g","caption":"Antonello Rivano"},"url":"https:\/\/www.istitutogalanteoliva.it\/magazine\/author\/antonello\/"}]}},"_links":{"self":[{"href":"https:\/\/www.istitutogalanteoliva.it\/magazine\/wp-json\/wp\/v2\/posts\/13324","targetHints":{"allow":["GET"]}}],"collection":[{"href":"https:\/\/www.istitutogalanteoliva.it\/magazine\/wp-json\/wp\/v2\/posts"}],"about":[{"href":"https:\/\/www.istitutogalanteoliva.it\/magazine\/wp-json\/wp\/v2\/types\/post"}],"author":[{"embeddable":true,"href":"https:\/\/www.istitutogalanteoliva.it\/magazine\/wp-json\/wp\/v2\/users\/2"}],"replies":[{"embeddable":true,"href":"https:\/\/www.istitutogalanteoliva.it\/magazine\/wp-json\/wp\/v2\/comments?post=13324"}],"version-history":[{"count":3,"href":"https:\/\/www.istitutogalanteoliva.it\/magazine\/wp-json\/wp\/v2\/posts\/13324\/revisions"}],"predecessor-version":[{"id":13329,"href":"https:\/\/www.istitutogalanteoliva.it\/magazine\/wp-json\/wp\/v2\/posts\/13324\/revisions\/13329"}],"wp:featuredmedia":[{"embeddable":true,"href":"https:\/\/www.istitutogalanteoliva.it\/magazine\/wp-json\/wp\/v2\/media\/13326"}],"wp:attachment":[{"href":"https:\/\/www.istitutogalanteoliva.it\/magazine\/wp-json\/wp\/v2\/media?parent=13324"}],"wp:term":[{"taxonomy":"category","embeddable":true,"href":"https:\/\/www.istitutogalanteoliva.it\/magazine\/wp-json\/wp\/v2\/categories?post=13324"},{"taxonomy":"post_tag","embeddable":true,"href":"https:\/\/www.istitutogalanteoliva.it\/magazine\/wp-json\/wp\/v2\/tags?post=13324"}],"curies":[{"name":"wp","href":"https:\/\/api.w.org\/{rel}","templated":true}]}}