{"id":13350,"date":"2023-02-21T08:00:00","date_gmt":"2023-02-21T07:00:00","guid":{"rendered":"https:\/\/www.istitutogalanteoliva.it\/magazine\/?p=13350"},"modified":"2023-02-20T18:48:42","modified_gmt":"2023-02-20T17:48:42","slug":"isernia-torna-sul-palcoscenico-del-cast-il-tavolo-verde","status":"publish","type":"post","link":"https:\/\/www.istitutogalanteoliva.it\/magazine\/2023\/02\/21\/isernia-torna-sul-palcoscenico-del-cast-il-tavolo-verde\/","title":{"rendered":"Isernia. Torna sul palcoscenico del Cast \u201cIl tavolo verde\u201d"},"content":{"rendered":"\n<h4 class=\"wp-block-heading\"> Presso il teatro \u201cIl Proscenio\u201d, gli attori della compagnia hanno messo in scena le vicissitudini di una famiglia alle prese con incomprensioni e rivelazioni. La rappresentazione sar\u00e0 replicata il 2 aprile a Roma<\/h4>\n\n\n\n<p><strong><em>&nbsp;Di Silvia De Cristofaro<\/em><\/strong><\/p>\n\n\n\n<p>Un tavolo rettangolare, limitato da quattro sponde, coperto da un panno verde su cui bilie d\u2019avorio, contrassegnante da un solo solitario numeretto, corrono, s\u2019incontrano, si scontrano ad ogni colpo di stecca. Ed hanno una storia a s\u00e9, senza memoria, come fossero ignare del gioco stesso e del finale della partita. Ma sono condizionate l\u2019un l\u2019altra: ognuna di essa, inevitabilmente, \u00e8 il risultato del movimento dell\u2019altra. Cos\u00ec come nella vita dove ciascuna esistenza dipende da un\u2019altra. Nella pi\u00e8ce teatrale de \u201cIl tavolo verde\u201d, atto unico e testo edito da Ensemble Edizioni, nato dall\u2019inventiva dell\u2019attore ed autore teatrale Salvatore Mincione Guarino, i destini dei personaggi s\u2019incrociano, ognuno s\u2019interroga sulla propria esistenza che dipende da un\u2019altra esistenza alle merc\u00e9 di un gioco strategico che diventa circolo vizioso. In un dialogo a pi\u00f9 voci, i sei protagonisti che si alternano sul palcoscenico presentano il conto di una vita per lo pi\u00f9 incentrata sull\u2019insoddisfazione: a partire da un anziano professore, fragile, incompreso, frustrato, in conflitto con i propri figli, in lotta con s\u00e9 stesso. <\/p>\n\n\n\n<figure class=\"wp-block-image size-large is-resized\"><img loading=\"lazy\" decoding=\"async\" src=\"https:\/\/www.istitutogalanteoliva.it\/magazine\/wp-content\/uploads\/2023\/02\/Immagine-WhatsApp-2023-02-19-ore-10.29.40-768x1024.jpg\" alt=\"\" class=\"wp-image-13357\" width=\"307\" height=\"410\" srcset=\"https:\/\/www.istitutogalanteoliva.it\/magazine\/wp-content\/uploads\/2023\/02\/Immagine-WhatsApp-2023-02-19-ore-10.29.40-768x1024.jpg 768w, https:\/\/www.istitutogalanteoliva.it\/magazine\/wp-content\/uploads\/2023\/02\/Immagine-WhatsApp-2023-02-19-ore-10.29.40-225x300.jpg 225w, https:\/\/www.istitutogalanteoliva.it\/magazine\/wp-content\/uploads\/2023\/02\/Immagine-WhatsApp-2023-02-19-ore-10.29.40-1152x1536.jpg 1152w, https:\/\/www.istitutogalanteoliva.it\/magazine\/wp-content\/uploads\/2023\/02\/Immagine-WhatsApp-2023-02-19-ore-10.29.40-1024x1365.jpg 1024w, https:\/\/www.istitutogalanteoliva.it\/magazine\/wp-content\/uploads\/2023\/02\/Immagine-WhatsApp-2023-02-19-ore-10.29.40.jpg 1488w\" sizes=\"auto, (max-width: 307px) 100vw, 307px\" \/><\/figure>\n\n\n\n<p>Ciascuno dei personaggi sembra essere in attesa di un\u2019opportunit\u00e0, di una giocata migliore ed intanto si confronta con l\u2019esperienza di un altro. La vicenda che verr\u00e0 rappresentata questo pomeriggio ad Isernia, con inizio alle 18, presso il teatro \u201cIl Proscenio\u201d, in corso Risorgimento, narra quindi le vicissitudini di una famiglia italiana media nell\u2019interpretazione dello stesso Salvatore Mincione Guarino che ne cura la regia, Asia Franceschelli, Alessia Giallorenzo, Jacopo Zullo, Vittoria Izzi e Giovanni Gazzani e ci riporta, alle ambientazioni ed alle atmosfere del teatro di Eduardo de Filippo. Il meccanismo del gioco del biliardo influisce su programmi e pianificazioni di ciascuno dei protagonisti che assistono al disordine causato da un tiro che far\u00e0 combaciare, anche solamente per un istante, i loro pensieri che si manifesteranno attraverso dialoghi vivaci e realistici fondendo termini dialettali con l\u2019italiano locale. Una divertente ironia contro la solitudine della non comunicazione muover\u00e0 i passi dei personaggi verso un finale \u201ca sorpresa\u201d. E nel cammino, nel continuo sfiorarsi come bilie in un biliardo, i personaggi si confrontano desiderando nascostamente di migliorare s\u00e9 stessi. Alla continua ricerca di una strategia che rassereni le loro vite, del tutto consapevoli che una mossa sbagliata pu\u00f2 portare a sconvolgimenti inaspettati. La scelta dell\u2019autore Mincione Guarino, che nella sua carriera annovera collaborazioni teatrali con Mario Scarpetta, Carlo Croccolo, Tato Russo e Leopoldo Mastelloni, sul tavolo verde ci riporta dunque all\u2019immagine stessa che si ha della vita umana sempre legata a coincidenze, ad imprevisti, a cambiamenti di rotta anche quando si tenta di pianificare azioni e decisioni. La metafora sulle traiettorie delle bilie e sull\u2019impatto tra esse che genera effetti ci fa senz\u2019altro riflettere sulle nostre situazioni. Come in qualsiasi gioco, basato sulle nostre abilit\u00e0, partecipare \u00e8 fondamentale. Ma vincere \u00e8 il finale migliore.<\/p>\n\n\n\n<p><img loading=\"lazy\" decoding=\"async\" width=\"100\" height=\"100\" class=\"wp-image-6462\" style=\"width: 100px;\" src=\"https:\/\/www.istitutogalanteoliva.it\/magazine\/wp-content\/uploads\/2021\/03\/Silvia-1.jpg\" alt=\"\" srcset=\"https:\/\/www.istitutogalanteoliva.it\/magazine\/wp-content\/uploads\/2021\/03\/Silvia-1.jpg 480w, https:\/\/www.istitutogalanteoliva.it\/magazine\/wp-content\/uploads\/2021\/03\/Silvia-1-300x300.jpg 300w, https:\/\/www.istitutogalanteoliva.it\/magazine\/wp-content\/uploads\/2021\/03\/Silvia-1-150x150.jpg 150w\" sizes=\"auto, (max-width: 100px) 100vw, 100px\" \/><em><strong><a href=\"https:\/\/www.istitutogalanteoliva.it\/magazine\/?s=silvia+de+cristofaro\" target=\"_blank\" rel=\"noreferrer noopener\">Silvia De Cristofaro<\/a><\/strong><\/em><br><strong><em><sup>Vicecoordinatore Nazionale di redazione\/Coordinatrice Centro Italia<\/sup><\/em><\/strong><br><\/p>\n\n\n\n<p><\/p>\n\n\n\n<p><\/p>\n<div class=\"pdfprnt-buttons pdfprnt-buttons-post pdfprnt-bottom-left\"><a href=\"https:\/\/www.istitutogalanteoliva.it\/magazine\/wp-json\/wp\/v2\/posts\/13350?print=print\" class=\"pdfprnt-button pdfprnt-button-print\" target=\"_blank\"><img decoding=\"async\" src=\"https:\/\/www.istitutogalanteoliva.it\/magazine\/wp-content\/plugins\/pdf-print\/images\/print.png\" alt=\"image_print\" title=\"Stampa contenuto\" \/><span class=\"pdfprnt-button-title pdfprnt-button-print-title\">Download in PDF<\/span><\/a><\/div>","protected":false},"excerpt":{"rendered":"<p>Sar\u00e0 replicata il 2 aprile a Roma la carambola della vita che il regista Salvatore Mincione Guarino ripropone in scena assieme agli attori del centro di sperimentazione teatrale isernino&#8230;<\/p>\n","protected":false},"author":2,"featured_media":13352,"comment_status":"closed","ping_status":"open","sticky":true,"template":"","format":"standard","meta":{"footnotes":""},"categories":[731,7],"tags":[767,765,280,766,95,768],"class_list":["post-13350","post","type-post","status-publish","format-standard","has-post-thumbnail","hentry","category-731","category-arte_e_spettacolo","tag-centro-di-sperimentazione-teatrale-isernino","tag-il-tavolo-verde","tag-isernia","tag-salvatore-mincione-guarino","tag-teatro","tag-teatro-il-proscenio"],"yoast_head":"<!-- This site is optimized with the Yoast SEO plugin v24.2 - https:\/\/yoast.com\/wordpress\/plugins\/seo\/ -->\n<title>Isernia. Torna sul palcoscenico del Cast \u201cIl tavolo verde\u201d - Polis SA Magazine<\/title>\n<meta name=\"robots\" content=\"index, follow, max-snippet:-1, max-image-preview:large, max-video-preview:-1\" \/>\n<link rel=\"canonical\" href=\"https:\/\/www.istitutogalanteoliva.it\/magazine\/2023\/02\/21\/isernia-torna-sul-palcoscenico-del-cast-il-tavolo-verde\/\" \/>\n<meta property=\"og:locale\" content=\"it_IT\" \/>\n<meta property=\"og:type\" content=\"article\" \/>\n<meta property=\"og:title\" content=\"Isernia. Torna sul palcoscenico del Cast \u201cIl tavolo verde\u201d - Polis SA Magazine\" \/>\n<meta property=\"og:description\" content=\"Sar\u00e0 replicata il 2 aprile a Roma la carambola della vita che il regista Salvatore Mincione Guarino ripropone in scena assieme agli attori del centro di sperimentazione teatrale isernino...\" \/>\n<meta property=\"og:url\" content=\"https:\/\/www.istitutogalanteoliva.it\/magazine\/2023\/02\/21\/isernia-torna-sul-palcoscenico-del-cast-il-tavolo-verde\/\" \/>\n<meta property=\"og:site_name\" content=\"Polis SA Magazine\" \/>\n<meta property=\"article:publisher\" content=\"https:\/\/www.facebook.com\/PolisSAMagazine\/\" \/>\n<meta property=\"article:published_time\" content=\"2023-02-21T07:00:00+00:00\" \/>\n<meta property=\"article:modified_time\" content=\"2023-02-20T17:48:42+00:00\" \/>\n<meta property=\"og:image\" content=\"https:\/\/www.istitutogalanteoliva.it\/magazine\/wp-content\/uploads\/2023\/02\/il-tavolo-verde.jpg\" \/>\n\t<meta property=\"og:image:width\" content=\"700\" \/>\n\t<meta property=\"og:image:height\" content=\"380\" \/>\n\t<meta property=\"og:image:type\" content=\"image\/jpeg\" \/>\n<meta name=\"author\" content=\"Antonello Rivano\" \/>\n<meta name=\"twitter:card\" content=\"summary_large_image\" \/>\n<meta name=\"twitter:creator\" content=\"@MagazinePolis\" \/>\n<meta name=\"twitter:site\" content=\"@MagazinePolis\" \/>\n<meta name=\"twitter:label1\" content=\"Scritto da\" \/>\n\t<meta name=\"twitter:data1\" content=\"Antonello Rivano\" \/>\n\t<meta name=\"twitter:label2\" content=\"Tempo di lettura stimato\" \/>\n\t<meta name=\"twitter:data2\" content=\"3 minuti\" \/>\n<script type=\"application\/ld+json\" class=\"yoast-schema-graph\">{\"@context\":\"https:\/\/schema.org\",\"@graph\":[{\"@type\":\"Article\",\"@id\":\"https:\/\/www.istitutogalanteoliva.it\/magazine\/2023\/02\/21\/isernia-torna-sul-palcoscenico-del-cast-il-tavolo-verde\/#article\",\"isPartOf\":{\"@id\":\"https:\/\/www.istitutogalanteoliva.it\/magazine\/2023\/02\/21\/isernia-torna-sul-palcoscenico-del-cast-il-tavolo-verde\/\"},\"author\":{\"name\":\"Antonello Rivano\",\"@id\":\"https:\/\/www.istitutogalanteoliva.it\/magazine\/#\/schema\/person\/d8b8aa79cfe8babc1df9da3212a7c0c4\"},\"headline\":\"Isernia. Torna sul palcoscenico del Cast \u201cIl tavolo verde\u201d\",\"datePublished\":\"2023-02-21T07:00:00+00:00\",\"dateModified\":\"2023-02-20T17:48:42+00:00\",\"mainEntityOfPage\":{\"@id\":\"https:\/\/www.istitutogalanteoliva.it\/magazine\/2023\/02\/21\/isernia-torna-sul-palcoscenico-del-cast-il-tavolo-verde\/\"},\"wordCount\":523,\"publisher\":{\"@id\":\"https:\/\/www.istitutogalanteoliva.it\/magazine\/#organization\"},\"image\":{\"@id\":\"https:\/\/www.istitutogalanteoliva.it\/magazine\/2023\/02\/21\/isernia-torna-sul-palcoscenico-del-cast-il-tavolo-verde\/#primaryimage\"},\"thumbnailUrl\":\"https:\/\/www.istitutogalanteoliva.it\/magazine\/wp-content\/uploads\/2023\/02\/il-tavolo-verde.jpg\",\"keywords\":[\"centro di sperimentazione teatrale isernino\",\"Il tavolo verde\",\"isernia\",\"Salvatore Mincione Guarino\",\"teatro\",\"teatro \u201cIl Proscenio\u201d\"],\"articleSection\":[\"2023\",\"Arte e Spettacolo\"],\"inLanguage\":\"it-IT\"},{\"@type\":\"WebPage\",\"@id\":\"https:\/\/www.istitutogalanteoliva.it\/magazine\/2023\/02\/21\/isernia-torna-sul-palcoscenico-del-cast-il-tavolo-verde\/\",\"url\":\"https:\/\/www.istitutogalanteoliva.it\/magazine\/2023\/02\/21\/isernia-torna-sul-palcoscenico-del-cast-il-tavolo-verde\/\",\"name\":\"Isernia. Torna sul palcoscenico del Cast \u201cIl tavolo verde\u201d - Polis SA Magazine\",\"isPartOf\":{\"@id\":\"https:\/\/www.istitutogalanteoliva.it\/magazine\/#website\"},\"primaryImageOfPage\":{\"@id\":\"https:\/\/www.istitutogalanteoliva.it\/magazine\/2023\/02\/21\/isernia-torna-sul-palcoscenico-del-cast-il-tavolo-verde\/#primaryimage\"},\"image\":{\"@id\":\"https:\/\/www.istitutogalanteoliva.it\/magazine\/2023\/02\/21\/isernia-torna-sul-palcoscenico-del-cast-il-tavolo-verde\/#primaryimage\"},\"thumbnailUrl\":\"https:\/\/www.istitutogalanteoliva.it\/magazine\/wp-content\/uploads\/2023\/02\/il-tavolo-verde.jpg\",\"datePublished\":\"2023-02-21T07:00:00+00:00\",\"dateModified\":\"2023-02-20T17:48:42+00:00\",\"breadcrumb\":{\"@id\":\"https:\/\/www.istitutogalanteoliva.it\/magazine\/2023\/02\/21\/isernia-torna-sul-palcoscenico-del-cast-il-tavolo-verde\/#breadcrumb\"},\"inLanguage\":\"it-IT\",\"potentialAction\":[{\"@type\":\"ReadAction\",\"target\":[\"https:\/\/www.istitutogalanteoliva.it\/magazine\/2023\/02\/21\/isernia-torna-sul-palcoscenico-del-cast-il-tavolo-verde\/\"]}]},{\"@type\":\"ImageObject\",\"inLanguage\":\"it-IT\",\"@id\":\"https:\/\/www.istitutogalanteoliva.it\/magazine\/2023\/02\/21\/isernia-torna-sul-palcoscenico-del-cast-il-tavolo-verde\/#primaryimage\",\"url\":\"https:\/\/www.istitutogalanteoliva.it\/magazine\/wp-content\/uploads\/2023\/02\/il-tavolo-verde.jpg\",\"contentUrl\":\"https:\/\/www.istitutogalanteoliva.it\/magazine\/wp-content\/uploads\/2023\/02\/il-tavolo-verde.jpg\",\"width\":700,\"height\":380,\"caption\":\"il tavolo verde\"},{\"@type\":\"BreadcrumbList\",\"@id\":\"https:\/\/www.istitutogalanteoliva.it\/magazine\/2023\/02\/21\/isernia-torna-sul-palcoscenico-del-cast-il-tavolo-verde\/#breadcrumb\",\"itemListElement\":[{\"@type\":\"ListItem\",\"position\":1,\"name\":\"Home\",\"item\":\"https:\/\/www.istitutogalanteoliva.it\/magazine\/\"},{\"@type\":\"ListItem\",\"position\":2,\"name\":\"Isernia. Torna sul palcoscenico del Cast \u201cIl tavolo verde\u201d\"}]},{\"@type\":\"WebSite\",\"@id\":\"https:\/\/www.istitutogalanteoliva.it\/magazine\/#website\",\"url\":\"https:\/\/www.istitutogalanteoliva.it\/magazine\/\",\"name\":\"POLIS SA MAGAZINE\",\"description\":\"Informazione e approfondimenti\",\"publisher\":{\"@id\":\"https:\/\/www.istitutogalanteoliva.it\/magazine\/#organization\"},\"potentialAction\":[{\"@type\":\"SearchAction\",\"target\":{\"@type\":\"EntryPoint\",\"urlTemplate\":\"https:\/\/www.istitutogalanteoliva.it\/magazine\/?s={search_term_string}\"},\"query-input\":{\"@type\":\"PropertyValueSpecification\",\"valueRequired\":true,\"valueName\":\"search_term_string\"}}],\"inLanguage\":\"it-IT\"},{\"@type\":\"Organization\",\"@id\":\"https:\/\/www.istitutogalanteoliva.it\/magazine\/#organization\",\"name\":\"Polis SA Magazine\",\"url\":\"https:\/\/www.istitutogalanteoliva.it\/magazine\/\",\"logo\":{\"@type\":\"ImageObject\",\"inLanguage\":\"it-IT\",\"@id\":\"https:\/\/www.istitutogalanteoliva.it\/magazine\/#\/schema\/logo\/image\/\",\"url\":\"\",\"contentUrl\":\"\",\"caption\":\"Polis SA Magazine\"},\"image\":{\"@id\":\"https:\/\/www.istitutogalanteoliva.it\/magazine\/#\/schema\/logo\/image\/\"},\"sameAs\":[\"https:\/\/www.facebook.com\/PolisSAMagazine\/\",\"https:\/\/x.com\/MagazinePolis\",\"https:\/\/www.youtube.com\/channel\/UCv0Mr5AHKUmsc0sEEXkJrgw\"]},{\"@type\":\"Person\",\"@id\":\"https:\/\/www.istitutogalanteoliva.it\/magazine\/#\/schema\/person\/d8b8aa79cfe8babc1df9da3212a7c0c4\",\"name\":\"Antonello Rivano\",\"image\":{\"@type\":\"ImageObject\",\"inLanguage\":\"it-IT\",\"@id\":\"https:\/\/www.istitutogalanteoliva.it\/magazine\/#\/schema\/person\/image\/\",\"url\":\"https:\/\/secure.gravatar.com\/avatar\/517a9a6487a7a18ecc4ce6d2e57a8f40?s=96&d=mm&r=g\",\"contentUrl\":\"https:\/\/secure.gravatar.com\/avatar\/517a9a6487a7a18ecc4ce6d2e57a8f40?s=96&d=mm&r=g\",\"caption\":\"Antonello Rivano\"},\"url\":\"https:\/\/www.istitutogalanteoliva.it\/magazine\/author\/antonello\/\"}]}<\/script>\n<!-- \/ Yoast SEO plugin. -->","yoast_head_json":{"title":"Isernia. Torna sul palcoscenico del Cast \u201cIl tavolo verde\u201d - Polis SA Magazine","robots":{"index":"index","follow":"follow","max-snippet":"max-snippet:-1","max-image-preview":"max-image-preview:large","max-video-preview":"max-video-preview:-1"},"canonical":"https:\/\/www.istitutogalanteoliva.it\/magazine\/2023\/02\/21\/isernia-torna-sul-palcoscenico-del-cast-il-tavolo-verde\/","og_locale":"it_IT","og_type":"article","og_title":"Isernia. Torna sul palcoscenico del Cast \u201cIl tavolo verde\u201d - Polis SA Magazine","og_description":"Sar\u00e0 replicata il 2 aprile a Roma la carambola della vita che il regista Salvatore Mincione Guarino ripropone in scena assieme agli attori del centro di sperimentazione teatrale isernino...","og_url":"https:\/\/www.istitutogalanteoliva.it\/magazine\/2023\/02\/21\/isernia-torna-sul-palcoscenico-del-cast-il-tavolo-verde\/","og_site_name":"Polis SA Magazine","article_publisher":"https:\/\/www.facebook.com\/PolisSAMagazine\/","article_published_time":"2023-02-21T07:00:00+00:00","article_modified_time":"2023-02-20T17:48:42+00:00","og_image":[{"width":700,"height":380,"url":"https:\/\/www.istitutogalanteoliva.it\/magazine\/wp-content\/uploads\/2023\/02\/il-tavolo-verde.jpg","type":"image\/jpeg"}],"author":"Antonello Rivano","twitter_card":"summary_large_image","twitter_creator":"@MagazinePolis","twitter_site":"@MagazinePolis","twitter_misc":{"Scritto da":"Antonello Rivano","Tempo di lettura stimato":"3 minuti"},"schema":{"@context":"https:\/\/schema.org","@graph":[{"@type":"Article","@id":"https:\/\/www.istitutogalanteoliva.it\/magazine\/2023\/02\/21\/isernia-torna-sul-palcoscenico-del-cast-il-tavolo-verde\/#article","isPartOf":{"@id":"https:\/\/www.istitutogalanteoliva.it\/magazine\/2023\/02\/21\/isernia-torna-sul-palcoscenico-del-cast-il-tavolo-verde\/"},"author":{"name":"Antonello Rivano","@id":"https:\/\/www.istitutogalanteoliva.it\/magazine\/#\/schema\/person\/d8b8aa79cfe8babc1df9da3212a7c0c4"},"headline":"Isernia. Torna sul palcoscenico del Cast \u201cIl tavolo verde\u201d","datePublished":"2023-02-21T07:00:00+00:00","dateModified":"2023-02-20T17:48:42+00:00","mainEntityOfPage":{"@id":"https:\/\/www.istitutogalanteoliva.it\/magazine\/2023\/02\/21\/isernia-torna-sul-palcoscenico-del-cast-il-tavolo-verde\/"},"wordCount":523,"publisher":{"@id":"https:\/\/www.istitutogalanteoliva.it\/magazine\/#organization"},"image":{"@id":"https:\/\/www.istitutogalanteoliva.it\/magazine\/2023\/02\/21\/isernia-torna-sul-palcoscenico-del-cast-il-tavolo-verde\/#primaryimage"},"thumbnailUrl":"https:\/\/www.istitutogalanteoliva.it\/magazine\/wp-content\/uploads\/2023\/02\/il-tavolo-verde.jpg","keywords":["centro di sperimentazione teatrale isernino","Il tavolo verde","isernia","Salvatore Mincione Guarino","teatro","teatro \u201cIl Proscenio\u201d"],"articleSection":["2023","Arte e Spettacolo"],"inLanguage":"it-IT"},{"@type":"WebPage","@id":"https:\/\/www.istitutogalanteoliva.it\/magazine\/2023\/02\/21\/isernia-torna-sul-palcoscenico-del-cast-il-tavolo-verde\/","url":"https:\/\/www.istitutogalanteoliva.it\/magazine\/2023\/02\/21\/isernia-torna-sul-palcoscenico-del-cast-il-tavolo-verde\/","name":"Isernia. Torna sul palcoscenico del Cast \u201cIl tavolo verde\u201d - Polis SA Magazine","isPartOf":{"@id":"https:\/\/www.istitutogalanteoliva.it\/magazine\/#website"},"primaryImageOfPage":{"@id":"https:\/\/www.istitutogalanteoliva.it\/magazine\/2023\/02\/21\/isernia-torna-sul-palcoscenico-del-cast-il-tavolo-verde\/#primaryimage"},"image":{"@id":"https:\/\/www.istitutogalanteoliva.it\/magazine\/2023\/02\/21\/isernia-torna-sul-palcoscenico-del-cast-il-tavolo-verde\/#primaryimage"},"thumbnailUrl":"https:\/\/www.istitutogalanteoliva.it\/magazine\/wp-content\/uploads\/2023\/02\/il-tavolo-verde.jpg","datePublished":"2023-02-21T07:00:00+00:00","dateModified":"2023-02-20T17:48:42+00:00","breadcrumb":{"@id":"https:\/\/www.istitutogalanteoliva.it\/magazine\/2023\/02\/21\/isernia-torna-sul-palcoscenico-del-cast-il-tavolo-verde\/#breadcrumb"},"inLanguage":"it-IT","potentialAction":[{"@type":"ReadAction","target":["https:\/\/www.istitutogalanteoliva.it\/magazine\/2023\/02\/21\/isernia-torna-sul-palcoscenico-del-cast-il-tavolo-verde\/"]}]},{"@type":"ImageObject","inLanguage":"it-IT","@id":"https:\/\/www.istitutogalanteoliva.it\/magazine\/2023\/02\/21\/isernia-torna-sul-palcoscenico-del-cast-il-tavolo-verde\/#primaryimage","url":"https:\/\/www.istitutogalanteoliva.it\/magazine\/wp-content\/uploads\/2023\/02\/il-tavolo-verde.jpg","contentUrl":"https:\/\/www.istitutogalanteoliva.it\/magazine\/wp-content\/uploads\/2023\/02\/il-tavolo-verde.jpg","width":700,"height":380,"caption":"il tavolo verde"},{"@type":"BreadcrumbList","@id":"https:\/\/www.istitutogalanteoliva.it\/magazine\/2023\/02\/21\/isernia-torna-sul-palcoscenico-del-cast-il-tavolo-verde\/#breadcrumb","itemListElement":[{"@type":"ListItem","position":1,"name":"Home","item":"https:\/\/www.istitutogalanteoliva.it\/magazine\/"},{"@type":"ListItem","position":2,"name":"Isernia. Torna sul palcoscenico del Cast \u201cIl tavolo verde\u201d"}]},{"@type":"WebSite","@id":"https:\/\/www.istitutogalanteoliva.it\/magazine\/#website","url":"https:\/\/www.istitutogalanteoliva.it\/magazine\/","name":"POLIS SA MAGAZINE","description":"Informazione e approfondimenti","publisher":{"@id":"https:\/\/www.istitutogalanteoliva.it\/magazine\/#organization"},"potentialAction":[{"@type":"SearchAction","target":{"@type":"EntryPoint","urlTemplate":"https:\/\/www.istitutogalanteoliva.it\/magazine\/?s={search_term_string}"},"query-input":{"@type":"PropertyValueSpecification","valueRequired":true,"valueName":"search_term_string"}}],"inLanguage":"it-IT"},{"@type":"Organization","@id":"https:\/\/www.istitutogalanteoliva.it\/magazine\/#organization","name":"Polis SA Magazine","url":"https:\/\/www.istitutogalanteoliva.it\/magazine\/","logo":{"@type":"ImageObject","inLanguage":"it-IT","@id":"https:\/\/www.istitutogalanteoliva.it\/magazine\/#\/schema\/logo\/image\/","url":"","contentUrl":"","caption":"Polis SA Magazine"},"image":{"@id":"https:\/\/www.istitutogalanteoliva.it\/magazine\/#\/schema\/logo\/image\/"},"sameAs":["https:\/\/www.facebook.com\/PolisSAMagazine\/","https:\/\/x.com\/MagazinePolis","https:\/\/www.youtube.com\/channel\/UCv0Mr5AHKUmsc0sEEXkJrgw"]},{"@type":"Person","@id":"https:\/\/www.istitutogalanteoliva.it\/magazine\/#\/schema\/person\/d8b8aa79cfe8babc1df9da3212a7c0c4","name":"Antonello Rivano","image":{"@type":"ImageObject","inLanguage":"it-IT","@id":"https:\/\/www.istitutogalanteoliva.it\/magazine\/#\/schema\/person\/image\/","url":"https:\/\/secure.gravatar.com\/avatar\/517a9a6487a7a18ecc4ce6d2e57a8f40?s=96&d=mm&r=g","contentUrl":"https:\/\/secure.gravatar.com\/avatar\/517a9a6487a7a18ecc4ce6d2e57a8f40?s=96&d=mm&r=g","caption":"Antonello Rivano"},"url":"https:\/\/www.istitutogalanteoliva.it\/magazine\/author\/antonello\/"}]}},"_links":{"self":[{"href":"https:\/\/www.istitutogalanteoliva.it\/magazine\/wp-json\/wp\/v2\/posts\/13350","targetHints":{"allow":["GET"]}}],"collection":[{"href":"https:\/\/www.istitutogalanteoliva.it\/magazine\/wp-json\/wp\/v2\/posts"}],"about":[{"href":"https:\/\/www.istitutogalanteoliva.it\/magazine\/wp-json\/wp\/v2\/types\/post"}],"author":[{"embeddable":true,"href":"https:\/\/www.istitutogalanteoliva.it\/magazine\/wp-json\/wp\/v2\/users\/2"}],"replies":[{"embeddable":true,"href":"https:\/\/www.istitutogalanteoliva.it\/magazine\/wp-json\/wp\/v2\/comments?post=13350"}],"version-history":[{"count":3,"href":"https:\/\/www.istitutogalanteoliva.it\/magazine\/wp-json\/wp\/v2\/posts\/13350\/revisions"}],"predecessor-version":[{"id":13358,"href":"https:\/\/www.istitutogalanteoliva.it\/magazine\/wp-json\/wp\/v2\/posts\/13350\/revisions\/13358"}],"wp:featuredmedia":[{"embeddable":true,"href":"https:\/\/www.istitutogalanteoliva.it\/magazine\/wp-json\/wp\/v2\/media\/13352"}],"wp:attachment":[{"href":"https:\/\/www.istitutogalanteoliva.it\/magazine\/wp-json\/wp\/v2\/media?parent=13350"}],"wp:term":[{"taxonomy":"category","embeddable":true,"href":"https:\/\/www.istitutogalanteoliva.it\/magazine\/wp-json\/wp\/v2\/categories?post=13350"},{"taxonomy":"post_tag","embeddable":true,"href":"https:\/\/www.istitutogalanteoliva.it\/magazine\/wp-json\/wp\/v2\/tags?post=13350"}],"curies":[{"name":"wp","href":"https:\/\/api.w.org\/{rel}","templated":true}]}}